{"id":1061336,"date":"2020-03-19T20:02:32","date_gmt":"2020-03-19T20:02:32","guid":{"rendered":"https:\/\/www.eldigitaldeasturias.com\/noticias\/?p=1061336"},"modified":"2020-03-19T20:02:32","modified_gmt":"2020-03-19T20:02:32","slug":"nuevas-medidas-de-apoyo-economico-para-paliar-la-crisis-del-covid-19","status":"publish","type":"post","link":"https:\/\/www.eldigitaldeasturias.com\/noticias\/nuevas-medidas-de-apoyo-economico-para-paliar-la-crisis-del-covid-19\/","title":{"rendered":"Nuevas medidas de apoyo econ\u00f3mico para paliar la crisis del Covid-19"},"content":{"rendered":"<p><img loading=\"lazy\" decoding=\"async\" class=\"alignleft size-medium wp-image-1060637\" src=\"https:\/\/www.eldigitaldeasturias.com\/noticias\/wp-content\/uploads\/2020\/03\/covid-19-4908692_640-360x240.jpg\" alt=\"\" width=\"360\" height=\"240\" srcset=\"https:\/\/www.eldigitaldeasturias.com\/noticias\/wp-content\/uploads\/2020\/03\/covid-19-4908692_640-360x240.jpg 360w, https:\/\/www.eldigitaldeasturias.com\/noticias\/wp-content\/uploads\/2020\/03\/covid-19-4908692_640-450x300.jpg 450w, https:\/\/www.eldigitaldeasturias.com\/noticias\/wp-content\/uploads\/2020\/03\/covid-19-4908692_640.jpg 640w\" sizes=\"auto, (max-width: 360px) 100vw, 360px\" \/>AGL consultores est\u00e1 recibiendo una gran demanda de consultas jur\u00eddicas a ra\u00edz de las nuevas medidas de apoyo econ\u00f3mico del gobierno para paliar la crisis del Covid-19<\/p>\n<p>Es por ello que AGL consultores,<span style=\"color: #ff6600;\"><strong><a style=\"color: #ff6600;\" href=\"http:\/\/asesoriagarcialopez.es\/\" target=\"_blank\" rel=\"nofollow noopener noreferrer\">http:\/\/asesoriagarcialopez.es<\/a><\/strong><\/span>, recuerda las medidas econ\u00f3micas aprobadas para el \u00e1mbito empresarial por el Consejo de Ministros de ayer y publicadas hoy en el BOE y ofrece su apoyo a empresas y aut\u00f3nomos. Remite, asimismo, a las nuevas medidas econ\u00f3micas del Gobierno:<\/p>\n<p><strong>Ampliaci\u00f3n de los supuestos de fuerza mayor aplicables para ERTEs (Expediente de Regulaci\u00f3n de Empleo), dejar de pagar la Seguridad Social para Pymes que se acojan a ERTEs, flexibilidad al acceso en la prestaci\u00f3n por cese de actividad de los aut\u00f3nomos \u2026<\/strong><\/p>\n<p>Entre las principales medidas econ\u00f3micas aprobadas para el \u00e1mbito empresarial por el Consejo de Ministros de ayer y publicadas hoy en el BOE se encuentran:<\/p>\n<p><strong>EN RELACI\u00d3N A LOS ERTE:<\/strong><\/p>\n<ul>\n<li><strong>Consideraci\u00f3n de ERTEs realizados por fuerza mayor los que tengan su causa directa en la p\u00e9rdida de actividad como consecuencia del coronavirus<\/strong>, incluida la declaraci\u00f3n del estado de alarma, que impliquen suspensi\u00f3n o cancelaci\u00f3n de actividades, cierre temporal de locales de afluencia p\u00fablica, restricciones en el transporte p\u00fablico y en la movilidad de las personas o mercanc\u00edas, falta de suministros que impidan gravemente continuar con el desarrollo de la actividad o por contagio de la enfermedad en la plantilla. Ello supone una agilizaci\u00f3n en la tramitaci\u00f3n de estos expedientes y la posibilidad de hacerlos con efectos retroactivos.<\/li>\n<li><strong>En el resto de casos los ERTES seguir\u00e1n su procedimiento habitual<\/strong>, con una probable demora en los plazos de ejecuci\u00f3n dada la situaci\u00f3n actual.<\/li>\n<li><strong>Exoneraci\u00f3n de la cotizaci\u00f3n empresarial a la Seguridad Social para empresas que se acojan a ERTEs,<\/strong>\u00a0<strong>siempre que se comprometan a mantener el empleo.<\/strong>\u00a0<strong>En el caso de empresas de m\u00e1s de 50 trabajadores, esa aportaci\u00f3n estar\u00e1 bonificada en un 75%<\/strong><\/li>\n<li><strong>Dicha exoneraci\u00f3n no ser\u00e1 aplicable para la persona trabajadora, que seguir\u00e1 cotizando a la Seguridad Social.<\/strong><\/li>\n<li><strong>Todos los trabajadores acogidos a ERTEs tendr\u00e1 derecho a prestaci\u00f3n por desempleo aunque no tengan el per\u00edodo m\u00ednimo cotizado de un a\u00f1o en r\u00e9gimen general.<\/strong><\/li>\n<li><strong>No se considerar\u00e1 consumido el per\u00edodo que dure la percepci\u00f3n de esta prestaci\u00f3n<\/strong>\u00a0(contador a cero y por tanto no resta posible paro futuro).<\/li>\n<\/ul>\n<p><strong>EN RELACI\u00d3N A LOS AUT\u00d3NOMOS<\/strong><\/p>\n<ul>\n<li><strong>Posibilidad de acogerse al cobro de una prestaci\u00f3n extraordinaria por cese de actividad para los aut\u00f3nomos en el caso de tratarse de actividades cuyos locales fueron obligados al cierre (restaurantes, comercio menor, etc.) y para aquellas actividades cuya facturaci\u00f3n se reduzca al menos un 75% respecto al semestre anterior.<\/strong><\/li>\n<\/ul>\n<p>La prestaci\u00f3n extraordinaria por cese de actividad tendr\u00e1 una duraci\u00f3n de un mes, ampli\u00e1ndose, en su caso, hasta el \u00faltimo d\u00eda del mes en el que finalice el estado de alarma, en el supuesto de que este se prorrogue y tenga una duraci\u00f3n superior al mes<strong>. Para tener derecho a la prestaci\u00f3n ser\u00e1 necesario estar al corriente de la Seguridad Social.<\/strong><\/p>\n<p>Debe tenerse en cuenta que no se ha previsto por el momento la exoneraci\u00f3n del pago de cuotas de aut\u00f3nomos; tampoco queda clara la situaci\u00f3n de aut\u00f3nomos societarios que hayan cesado la actividad por tratarse de locales obligados al cierre o por ser sociedades con una disminuci\u00f3n de facturaci\u00f3n superior al 75%.<\/p>\n<p>Estas situaciones deber\u00e1n irse clarificando en los pr\u00f3ximos d\u00edas<\/p>\n<p>Entre otras medidas est\u00e1n el Impulso del teletrabajo, para permitir adaptar o reducir la jornada laboral para el cuidado de personas a su cargo.<\/p>\n<ul>\n<li>Moratoria en el pago de las cuotas hipotecarias para los m\u00e1s vulnerables<\/li>\n<\/ul>\n<p><strong>AGL consultores<\/strong>\u00a0ofrece su apoyo a empresas y aut\u00f3nomos v\u00eda mail dado el gran n\u00famero de consultas que est\u00e1n recibiendo en estos \u00faltimos d\u00edas<\/p>\n<p>&nbsp;<\/p>\n","protected":false},"excerpt":{"rendered":"<p>AGL consultores est\u00e1 recibiendo una gran demanda de consultas jur\u00eddicas a ra\u00edz de las nuevas medidas de apoyo econ\u00f3mico del gobierno para paliar la crisis del Covid-19 Es por ello que AGL consultores,http:\/\/asesoriagarcialopez.es, recuerda las medidas econ\u00f3micas aprobadas para el \u00e1mbito empresarial por el Consejo de Ministros de ayer y publicadas hoy en el BOE [&hellip;]<\/p>\n","protected":false},"author":1,"featured_media":1060637,"comment_status":"closed","ping_status":"closed","sticky":false,"template":"","format":"standard","meta":{"footnotes":""},"categories":[219],"tags":[],"class_list":["post-1061336","post","type-post","status-publish","format-standard","has-post-thumbnail","hentry","category-negocios-y-empresas"],"aioseo_notices":[],"aioseo_head":"\n\t\t<!-- All in One SEO Pro 4.9.6.2 - aioseo.com -->\n\t<meta name=\"description\" content=\"AGL consultores est\u00e1 recibiendo una gran demanda de consultas jur\u00eddicas a ra\u00edz de las nuevas medidas de apoyo econ\u00f3mico del gobierno para paliar la crisis del Covid-19 Es por ello que AGL consultores,http:\/\/asesoriagarcialopez.es, recuerda las medidas econ\u00f3micas aprobadas para el \u00e1mbito empresarial por el Consejo de Ministros de ayer y publicadas hoy en el BOE\" \/>\n\t<meta name=\"robots\" content=\"max-image-preview:large\" \/>\n\t<meta name=\"author\" content=\"El Digital de Asturias\"\/>\n\t<meta name=\"google-site-verification\" content=\"UA-38556648-1\" \/>\n\t<meta name=\"msvalidate.01\" content=\"7dfe9f3f1b24437ab69f4f2559babe99\" \/>\n\t<meta name=\"keywords\" content=\"negocios y empresas\" \/>\n\t<link rel=\"canonical\" href=\"https:\/\/www.eldigitaldeasturias.com\/noticias\/nuevas-medidas-de-apoyo-economico-para-paliar-la-crisis-del-covid-19\/\" \/>\n\t<meta name=\"generator\" content=\"All in One SEO Pro (AIOSEO) 4.9.6.2\" \/>\n\t\t<meta property=\"og:locale\" content=\"es_ES\" \/>\n\t\t<meta property=\"og:site_name\" content=\"El Digital de Asturias\" \/>\n\t\t<meta property=\"og:type\" content=\"article\" \/>\n\t\t<meta property=\"og:title\" content=\"Nuevas medidas de apoyo econ\u00f3mico para paliar la crisis del Covid-19 - El Digital de Asturias\" \/>\n\t\t<meta property=\"og:description\" content=\"AGL consultores est\u00e1 recibiendo una gran demanda de consultas jur\u00eddicas a ra\u00edz de las nuevas medidas de apoyo econ\u00f3mico del gobierno para paliar la crisis del Covid-19 Es por ello que AGL consultores,http:\/\/asesoriagarcialopez.es, recuerda las medidas econ\u00f3micas aprobadas para el \u00e1mbito empresarial por el Consejo de Ministros de ayer y publicadas hoy en el BOE\" \/>\n\t\t<meta property=\"og:url\" content=\"https:\/\/www.eldigitaldeasturias.com\/noticias\/nuevas-medidas-de-apoyo-economico-para-paliar-la-crisis-del-covid-19\/\" \/>\n\t\t<meta property=\"og:image\" content=\"https:\/\/www.eldigitaldeasturias.com\/noticias\/wp-content\/uploads\/2020\/03\/covid-19-4908692_640.jpg\" \/>\n\t\t<meta property=\"og:image:secure_url\" content=\"https:\/\/www.eldigitaldeasturias.com\/noticias\/wp-content\/uploads\/2020\/03\/covid-19-4908692_640.jpg\" \/>\n\t\t<meta property=\"og:image:width\" content=\"640\" \/>\n\t\t<meta property=\"og:image:height\" content=\"427\" \/>\n\t\t<meta property=\"article:tag\" content=\"negocios y empresas\" \/>\n\t\t<meta property=\"article:published_time\" content=\"2020-03-19T20:02:32+00:00\" \/>\n\t\t<meta property=\"article:modified_time\" content=\"2020-03-19T20:02:32+00:00\" \/>\n\t\t<meta property=\"article:publisher\" content=\"https:\/\/facebook.com\/eldigitaldeasturias\" \/>\n\t\t<meta name=\"twitter:card\" content=\"summary_large_image\" \/>\n\t\t<meta name=\"twitter:title\" content=\"Nuevas medidas de apoyo econ\u00f3mico para paliar la crisis del Covid-19 - El Digital de Asturias\" \/>\n\t\t<meta name=\"twitter:description\" content=\"AGL consultores est\u00e1 recibiendo una gran demanda de consultas jur\u00eddicas a ra\u00edz de las nuevas medidas de apoyo econ\u00f3mico del gobierno para paliar la crisis del Covid-19 Es por ello que AGL consultores,http:\/\/asesoriagarcialopez.es, recuerda las medidas econ\u00f3micas aprobadas para el \u00e1mbito empresarial por el Consejo de Ministros de ayer y publicadas hoy en el BOE\" \/>\n\t\t<meta name=\"twitter:image\" content=\"https:\/\/www.eldigitaldeasturias.com\/noticias\/wp-content\/uploads\/2020\/03\/covid-19-4908692_640.jpg\" \/>\n\t\t<meta name=\"twitter:label1\" content=\"Escrito por\" \/>\n\t\t<meta name=\"twitter:data1\" content=\"El Digital de Asturias\" \/>\n\t\t<meta name=\"twitter:label2\" content=\"Tiempo de lectura estimado\" \/>\n\t\t<meta name=\"twitter:data2\" content=\"3 minutos\" \/>\n\t\t<script type=\"application\/ld+json\" class=\"aioseo-schema\">\n\t\t\t{\"@context\":\"https:\\\/\\\/schema.org\",\"@graph\":[{\"@type\":\"BlogPosting\",\"@id\":\"https:\\\/\\\/www.eldigitaldeasturias.com\\\/noticias\\\/nuevas-medidas-de-apoyo-economico-para-paliar-la-crisis-del-covid-19\\\/#blogposting\",\"name\":\"Nuevas medidas de apoyo econ\\u00f3mico para paliar la crisis del Covid-19 - El Digital de Asturias\",\"headline\":\"Nuevas medidas de apoyo econ\\u00f3mico para paliar la crisis del Covid-19\",\"author\":{\"@id\":\"https:\\\/\\\/www.eldigitaldeasturias.com\\\/noticias\\\/author\\\/admin\\\/#author\"},\"publisher\":{\"@id\":\"https:\\\/\\\/www.eldigitaldeasturias.com\\\/noticias\\\/#organization\"},\"image\":{\"@type\":\"ImageObject\",\"url\":\"https:\\\/\\\/www.eldigitaldeasturias.com\\\/noticias\\\/wp-content\\\/uploads\\\/2020\\\/03\\\/covid-19-4908692_640.jpg\",\"width\":640,\"height\":427},\"datePublished\":\"2020-03-19T20:02:32+01:00\",\"dateModified\":\"2020-03-19T20:02:32+01:00\",\"inLanguage\":\"es-ES\",\"mainEntityOfPage\":{\"@id\":\"https:\\\/\\\/www.eldigitaldeasturias.com\\\/noticias\\\/nuevas-medidas-de-apoyo-economico-para-paliar-la-crisis-del-covid-19\\\/#webpage\"},\"isPartOf\":{\"@id\":\"https:\\\/\\\/www.eldigitaldeasturias.com\\\/noticias\\\/nuevas-medidas-de-apoyo-economico-para-paliar-la-crisis-del-covid-19\\\/#webpage\"},\"articleSection\":\"Negocios y Empresas\"},{\"@type\":\"BreadcrumbList\",\"@id\":\"https:\\\/\\\/www.eldigitaldeasturias.com\\\/noticias\\\/nuevas-medidas-de-apoyo-economico-para-paliar-la-crisis-del-covid-19\\\/#breadcrumblist\",\"itemListElement\":[{\"@type\":\"ListItem\",\"@id\":\"https:\\\/\\\/www.eldigitaldeasturias.com\\\/noticias#listItem\",\"position\":1,\"name\":\"Home\",\"item\":\"https:\\\/\\\/www.eldigitaldeasturias.com\\\/noticias\",\"nextItem\":{\"@type\":\"ListItem\",\"@id\":\"https:\\\/\\\/www.eldigitaldeasturias.com\\\/noticias\\\/category\\\/negocios-y-empresas\\\/#listItem\",\"name\":\"Negocios y Empresas\"}},{\"@type\":\"ListItem\",\"@id\":\"https:\\\/\\\/www.eldigitaldeasturias.com\\\/noticias\\\/category\\\/negocios-y-empresas\\\/#listItem\",\"position\":2,\"name\":\"Negocios y Empresas\",\"item\":\"https:\\\/\\\/www.eldigitaldeasturias.com\\\/noticias\\\/category\\\/negocios-y-empresas\\\/\",\"nextItem\":{\"@type\":\"ListItem\",\"@id\":\"https:\\\/\\\/www.eldigitaldeasturias.com\\\/noticias\\\/nuevas-medidas-de-apoyo-economico-para-paliar-la-crisis-del-covid-19\\\/#listItem\",\"name\":\"Nuevas medidas de apoyo econ\\u00f3mico para paliar la crisis del Covid-19\"},\"previousItem\":{\"@type\":\"ListItem\",\"@id\":\"https:\\\/\\\/www.eldigitaldeasturias.com\\\/noticias#listItem\",\"name\":\"Home\"}},{\"@type\":\"ListItem\",\"@id\":\"https:\\\/\\\/www.eldigitaldeasturias.com\\\/noticias\\\/nuevas-medidas-de-apoyo-economico-para-paliar-la-crisis-del-covid-19\\\/#listItem\",\"position\":3,\"name\":\"Nuevas medidas de apoyo econ\\u00f3mico para paliar la crisis del Covid-19\",\"previousItem\":{\"@type\":\"ListItem\",\"@id\":\"https:\\\/\\\/www.eldigitaldeasturias.com\\\/noticias\\\/category\\\/negocios-y-empresas\\\/#listItem\",\"name\":\"Negocios y Empresas\"}}]},{\"@type\":\"Organization\",\"@id\":\"https:\\\/\\\/www.eldigitaldeasturias.com\\\/noticias\\\/#organization\",\"name\":\"El Digital de Asturias\",\"description\":\"Hemeroteca\",\"url\":\"https:\\\/\\\/www.eldigitaldeasturias.com\\\/noticias\\\/\",\"email\":\"info@eldigitaldeasturias.com\",\"telephone\":\"+34652131393\",\"logo\":{\"@type\":\"ImageObject\",\"url\":\"https:\\\/\\\/www.eldigitaldeasturias.com\\\/noticias\\\/wp-content\\\/uploads\\\/2020\\\/12\\\/EDA.jpg\",\"@id\":\"https:\\\/\\\/www.eldigitaldeasturias.com\\\/noticias\\\/nuevas-medidas-de-apoyo-economico-para-paliar-la-crisis-del-covid-19\\\/#organizationLogo\",\"width\":649,\"height\":297},\"image\":{\"@id\":\"https:\\\/\\\/www.eldigitaldeasturias.com\\\/noticias\\\/nuevas-medidas-de-apoyo-economico-para-paliar-la-crisis-del-covid-19\\\/#organizationLogo\"},\"sameAs\":[\"https:\\\/\\\/facebook.com\\\/eldigitaldeasturias\",\"https:\\\/\\\/www.youtube.com\\\/channel\\\/UCZP-2wLEB9Rv6erhFmqVnvg\"],\"address\":{\"@id\":\"https:\\\/\\\/www.eldigitaldeasturias.com\\\/noticias\\\/#postaladdress\",\"@type\":\"PostalAddress\",\"streetAddress\":\"san antonio 4,\",\"postalCode\":\"33430\",\"addressLocality\":\"Cand\\u00e1s\",\"addressRegion\":\"Asturias\",\"addressCountry\":\"ES\"}},{\"@type\":\"Person\",\"@id\":\"https:\\\/\\\/www.eldigitaldeasturias.com\\\/noticias\\\/author\\\/admin\\\/#author\",\"url\":\"https:\\\/\\\/www.eldigitaldeasturias.com\\\/noticias\\\/author\\\/admin\\\/\",\"name\":\"El Digital de Asturias\",\"image\":{\"@type\":\"ImageObject\",\"@id\":\"https:\\\/\\\/www.eldigitaldeasturias.com\\\/noticias\\\/nuevas-medidas-de-apoyo-economico-para-paliar-la-crisis-del-covid-19\\\/#authorImage\",\"url\":\"https:\\\/\\\/www.eldigitaldeasturias.com\\\/noticias\\\/wp-content\\\/litespeed\\\/avatar\\\/18677e78aa0546b92d9dbf31ec7d7668.jpg?ver=1777290358\",\"width\":96,\"height\":96,\"caption\":\"El Digital de Asturias\"}},{\"@type\":\"WebPage\",\"@id\":\"https:\\\/\\\/www.eldigitaldeasturias.com\\\/noticias\\\/nuevas-medidas-de-apoyo-economico-para-paliar-la-crisis-del-covid-19\\\/#webpage\",\"url\":\"https:\\\/\\\/www.eldigitaldeasturias.com\\\/noticias\\\/nuevas-medidas-de-apoyo-economico-para-paliar-la-crisis-del-covid-19\\\/\",\"name\":\"Nuevas medidas de apoyo econ\\u00f3mico para paliar la crisis del Covid-19 - El Digital de Asturias\",\"description\":\"AGL consultores est\\u00e1 recibiendo una gran demanda de consultas jur\\u00eddicas a ra\\u00edz de las nuevas medidas de apoyo econ\\u00f3mico del gobierno para paliar la crisis del Covid-19 Es por ello que AGL consultores,http:\\\/\\\/asesoriagarcialopez.es, recuerda las medidas econ\\u00f3micas aprobadas para el \\u00e1mbito empresarial por el Consejo de Ministros de ayer y publicadas hoy en el BOE\",\"inLanguage\":\"es-ES\",\"isPartOf\":{\"@id\":\"https:\\\/\\\/www.eldigitaldeasturias.com\\\/noticias\\\/#website\"},\"breadcrumb\":{\"@id\":\"https:\\\/\\\/www.eldigitaldeasturias.com\\\/noticias\\\/nuevas-medidas-de-apoyo-economico-para-paliar-la-crisis-del-covid-19\\\/#breadcrumblist\"},\"author\":{\"@id\":\"https:\\\/\\\/www.eldigitaldeasturias.com\\\/noticias\\\/author\\\/admin\\\/#author\"},\"creator\":{\"@id\":\"https:\\\/\\\/www.eldigitaldeasturias.com\\\/noticias\\\/author\\\/admin\\\/#author\"},\"image\":{\"@type\":\"ImageObject\",\"url\":\"https:\\\/\\\/www.eldigitaldeasturias.com\\\/noticias\\\/wp-content\\\/uploads\\\/2020\\\/03\\\/covid-19-4908692_640.jpg\",\"@id\":\"https:\\\/\\\/www.eldigitaldeasturias.com\\\/noticias\\\/nuevas-medidas-de-apoyo-economico-para-paliar-la-crisis-del-covid-19\\\/#mainImage\",\"width\":640,\"height\":427},\"primaryImageOfPage\":{\"@id\":\"https:\\\/\\\/www.eldigitaldeasturias.com\\\/noticias\\\/nuevas-medidas-de-apoyo-economico-para-paliar-la-crisis-del-covid-19\\\/#mainImage\"},\"datePublished\":\"2020-03-19T20:02:32+01:00\",\"dateModified\":\"2020-03-19T20:02:32+01:00\"},{\"@type\":\"WebSite\",\"@id\":\"https:\\\/\\\/www.eldigitaldeasturias.com\\\/noticias\\\/#website\",\"url\":\"https:\\\/\\\/www.eldigitaldeasturias.com\\\/noticias\\\/\",\"name\":\"El Digital de Asturias - Diario de actualidad y noticias\",\"alternateName\":\"El Digital de Asturias - Diario de actualidad y noticias\",\"description\":\"Hemeroteca\",\"inLanguage\":\"es-ES\",\"publisher\":{\"@id\":\"https:\\\/\\\/www.eldigitaldeasturias.com\\\/noticias\\\/#organization\"}}]}\n\t\t<\/script>\n\t\t<!-- All in One SEO Pro -->\r\n\t\t<title>Nuevas medidas de apoyo econ\u00f3mico para paliar la crisis del Covid-19 - El Digital de Asturias<\/title>\n\n","aioseo_head_json":{"title":"Nuevas medidas de apoyo econ\u00f3mico para paliar la crisis del Covid-19 - El Digital de Asturias","description":"AGL consultores est\u00e1 recibiendo una gran demanda de consultas jur\u00eddicas a ra\u00edz de las nuevas medidas de apoyo econ\u00f3mico del gobierno para paliar la crisis del Covid-19 Es por ello que AGL consultores,http:\/\/asesoriagarcialopez.es, recuerda las medidas econ\u00f3micas aprobadas para el \u00e1mbito empresarial por el Consejo de Ministros de ayer y publicadas hoy en el BOE","canonical_url":"https:\/\/www.eldigitaldeasturias.com\/noticias\/nuevas-medidas-de-apoyo-economico-para-paliar-la-crisis-del-covid-19\/","robots":"max-image-preview:large","keywords":"negocios y empresas","webmasterTools":{"google-site-verification":"UA-38556648-1","msvalidate.01":"7dfe9f3f1b24437ab69f4f2559babe99","miscellaneous":""},"schema":{"@context":"https:\/\/schema.org","@graph":[{"@type":"BlogPosting","@id":"https:\/\/www.eldigitaldeasturias.com\/noticias\/nuevas-medidas-de-apoyo-economico-para-paliar-la-crisis-del-covid-19\/#blogposting","name":"Nuevas medidas de apoyo econ\u00f3mico para paliar la crisis del Covid-19 - El Digital de Asturias","headline":"Nuevas medidas de apoyo econ\u00f3mico para paliar la crisis del Covid-19","author":{"@id":"https:\/\/www.eldigitaldeasturias.com\/noticias\/author\/admin\/#author"},"publisher":{"@id":"https:\/\/www.eldigitaldeasturias.com\/noticias\/#organization"},"image":{"@type":"ImageObject","url":"https:\/\/www.eldigitaldeasturias.com\/noticias\/wp-content\/uploads\/2020\/03\/covid-19-4908692_640.jpg","width":640,"height":427},"datePublished":"2020-03-19T20:02:32+01:00","dateModified":"2020-03-19T20:02:32+01:00","inLanguage":"es-ES","mainEntityOfPage":{"@id":"https:\/\/www.eldigitaldeasturias.com\/noticias\/nuevas-medidas-de-apoyo-economico-para-paliar-la-crisis-del-covid-19\/#webpage"},"isPartOf":{"@id":"https:\/\/www.eldigitaldeasturias.com\/noticias\/nuevas-medidas-de-apoyo-economico-para-paliar-la-crisis-del-covid-19\/#webpage"},"articleSection":"Negocios y Empresas"},{"@type":"BreadcrumbList","@id":"https:\/\/www.eldigitaldeasturias.com\/noticias\/nuevas-medidas-de-apoyo-economico-para-paliar-la-crisis-del-covid-19\/#breadcrumblist","itemListElement":[{"@type":"ListItem","@id":"https:\/\/www.eldigitaldeasturias.com\/noticias#listItem","position":1,"name":"Home","item":"https:\/\/www.eldigitaldeasturias.com\/noticias","nextItem":{"@type":"ListItem","@id":"https:\/\/www.eldigitaldeasturias.com\/noticias\/category\/negocios-y-empresas\/#listItem","name":"Negocios y Empresas"}},{"@type":"ListItem","@id":"https:\/\/www.eldigitaldeasturias.com\/noticias\/category\/negocios-y-empresas\/#listItem","position":2,"name":"Negocios y Empresas","item":"https:\/\/www.eldigitaldeasturias.com\/noticias\/category\/negocios-y-empresas\/","nextItem":{"@type":"ListItem","@id":"https:\/\/www.eldigitaldeasturias.com\/noticias\/nuevas-medidas-de-apoyo-economico-para-paliar-la-crisis-del-covid-19\/#listItem","name":"Nuevas medidas de apoyo econ\u00f3mico para paliar la crisis del Covid-19"},"previousItem":{"@type":"ListItem","@id":"https:\/\/www.eldigitaldeasturias.com\/noticias#listItem","name":"Home"}},{"@type":"ListItem","@id":"https:\/\/www.eldigitaldeasturias.com\/noticias\/nuevas-medidas-de-apoyo-economico-para-paliar-la-crisis-del-covid-19\/#listItem","position":3,"name":"Nuevas medidas de apoyo econ\u00f3mico para paliar la crisis del Covid-19","previousItem":{"@type":"ListItem","@id":"https:\/\/www.eldigitaldeasturias.com\/noticias\/category\/negocios-y-empresas\/#listItem","name":"Negocios y Empresas"}}]},{"@type":"Organization","@id":"https:\/\/www.eldigitaldeasturias.com\/noticias\/#organization","name":"El Digital de Asturias","description":"Hemeroteca","url":"https:\/\/www.eldigitaldeasturias.com\/noticias\/","email":"info@eldigitaldeasturias.com","telephone":"+34652131393","logo":{"@type":"ImageObject","url":"https:\/\/www.eldigitaldeasturias.com\/noticias\/wp-content\/uploads\/2020\/12\/EDA.jpg","@id":"https:\/\/www.eldigitaldeasturias.com\/noticias\/nuevas-medidas-de-apoyo-economico-para-paliar-la-crisis-del-covid-19\/#organizationLogo","width":649,"height":297},"image":{"@id":"https:\/\/www.eldigitaldeasturias.com\/noticias\/nuevas-medidas-de-apoyo-economico-para-paliar-la-crisis-del-covid-19\/#organizationLogo"},"sameAs":["https:\/\/facebook.com\/eldigitaldeasturias","https:\/\/www.youtube.com\/channel\/UCZP-2wLEB9Rv6erhFmqVnvg"],"address":{"@id":"https:\/\/www.eldigitaldeasturias.com\/noticias\/#postaladdress","@type":"PostalAddress","streetAddress":"san antonio 4,","postalCode":"33430","addressLocality":"Cand\u00e1s","addressRegion":"Asturias","addressCountry":"ES"}},{"@type":"Person","@id":"https:\/\/www.eldigitaldeasturias.com\/noticias\/author\/admin\/#author","url":"https:\/\/www.eldigitaldeasturias.com\/noticias\/author\/admin\/","name":"El Digital de Asturias","image":{"@type":"ImageObject","@id":"https:\/\/www.eldigitaldeasturias.com\/noticias\/nuevas-medidas-de-apoyo-economico-para-paliar-la-crisis-del-covid-19\/#authorImage","url":"https:\/\/www.eldigitaldeasturias.com\/noticias\/wp-content\/litespeed\/avatar\/18677e78aa0546b92d9dbf31ec7d7668.jpg?ver=1777290358","width":96,"height":96,"caption":"El Digital de Asturias"}},{"@type":"WebPage","@id":"https:\/\/www.eldigitaldeasturias.com\/noticias\/nuevas-medidas-de-apoyo-economico-para-paliar-la-crisis-del-covid-19\/#webpage","url":"https:\/\/www.eldigitaldeasturias.com\/noticias\/nuevas-medidas-de-apoyo-economico-para-paliar-la-crisis-del-covid-19\/","name":"Nuevas medidas de apoyo econ\u00f3mico para paliar la crisis del Covid-19 - El Digital de Asturias","description":"AGL consultores est\u00e1 recibiendo una gran demanda de consultas jur\u00eddicas a ra\u00edz de las nuevas medidas de apoyo econ\u00f3mico del gobierno para paliar la crisis del Covid-19 Es por ello que AGL consultores,http:\/\/asesoriagarcialopez.es, recuerda las medidas econ\u00f3micas aprobadas para el \u00e1mbito empresarial por el Consejo de Ministros de ayer y publicadas hoy en el BOE","inLanguage":"es-ES","isPartOf":{"@id":"https:\/\/www.eldigitaldeasturias.com\/noticias\/#website"},"breadcrumb":{"@id":"https:\/\/www.eldigitaldeasturias.com\/noticias\/nuevas-medidas-de-apoyo-economico-para-paliar-la-crisis-del-covid-19\/#breadcrumblist"},"author":{"@id":"https:\/\/www.eldigitaldeasturias.com\/noticias\/author\/admin\/#author"},"creator":{"@id":"https:\/\/www.eldigitaldeasturias.com\/noticias\/author\/admin\/#author"},"image":{"@type":"ImageObject","url":"https:\/\/www.eldigitaldeasturias.com\/noticias\/wp-content\/uploads\/2020\/03\/covid-19-4908692_640.jpg","@id":"https:\/\/www.eldigitaldeasturias.com\/noticias\/nuevas-medidas-de-apoyo-economico-para-paliar-la-crisis-del-covid-19\/#mainImage","width":640,"height":427},"primaryImageOfPage":{"@id":"https:\/\/www.eldigitaldeasturias.com\/noticias\/nuevas-medidas-de-apoyo-economico-para-paliar-la-crisis-del-covid-19\/#mainImage"},"datePublished":"2020-03-19T20:02:32+01:00","dateModified":"2020-03-19T20:02:32+01:00"},{"@type":"WebSite","@id":"https:\/\/www.eldigitaldeasturias.com\/noticias\/#website","url":"https:\/\/www.eldigitaldeasturias.com\/noticias\/","name":"El Digital de Asturias - Diario de actualidad y noticias","alternateName":"El Digital de Asturias - Diario de actualidad y noticias","description":"Hemeroteca","inLanguage":"es-ES","publisher":{"@id":"https:\/\/www.eldigitaldeasturias.com\/noticias\/#organization"}}]},"og:locale":"es_ES","og:site_name":"El Digital de Asturias","og:type":"article","og:title":"Nuevas medidas de apoyo econ\u00f3mico para paliar la crisis del Covid-19 - El Digital de Asturias","og:description":"AGL consultores est\u00e1 recibiendo una gran demanda de consultas jur\u00eddicas a ra\u00edz de las nuevas medidas de apoyo econ\u00f3mico del gobierno para paliar la crisis del Covid-19 Es por ello que AGL consultores,http:\/\/asesoriagarcialopez.es, recuerda las medidas econ\u00f3micas aprobadas para el \u00e1mbito empresarial por el Consejo de Ministros de ayer y publicadas hoy en el BOE","og:url":"https:\/\/www.eldigitaldeasturias.com\/noticias\/nuevas-medidas-de-apoyo-economico-para-paliar-la-crisis-del-covid-19\/","og:image":"https:\/\/www.eldigitaldeasturias.com\/noticias\/wp-content\/uploads\/2020\/03\/covid-19-4908692_640.jpg","og:image:secure_url":"https:\/\/www.eldigitaldeasturias.com\/noticias\/wp-content\/uploads\/2020\/03\/covid-19-4908692_640.jpg","og:image:width":640,"og:image:height":427,"article:tag":["negocios y empresas"],"article:published_time":"2020-03-19T20:02:32+00:00","article:modified_time":"2020-03-19T20:02:32+00:00","article:publisher":"https:\/\/facebook.com\/eldigitaldeasturias","twitter:card":"summary_large_image","twitter:title":"Nuevas medidas de apoyo econ\u00f3mico para paliar la crisis del Covid-19 - El Digital de Asturias","twitter:description":"AGL consultores est\u00e1 recibiendo una gran demanda de consultas jur\u00eddicas a ra\u00edz de las nuevas medidas de apoyo econ\u00f3mico del gobierno para paliar la crisis del Covid-19 Es por ello que AGL consultores,http:\/\/asesoriagarcialopez.es, recuerda las medidas econ\u00f3micas aprobadas para el \u00e1mbito empresarial por el Consejo de Ministros de ayer y publicadas hoy en el BOE","twitter:image":"https:\/\/www.eldigitaldeasturias.com\/noticias\/wp-content\/uploads\/2020\/03\/covid-19-4908692_640.jpg","twitter:label1":"Escrito por","twitter:data1":"El Digital de Asturias","twitter:label2":"Tiempo de lectura estimado","twitter:data2":"3 minutos"},"aioseo_meta_data":{"post_id":"1061336","title":null,"description":null,"keywords":null,"keyphrases":null,"primary_term":null,"canonical_url":null,"og_title":null,"og_description":null,"og_object_type":"default","og_image_type":"default","og_image_url":null,"og_image_width":null,"og_image_height":null,"og_image_custom_url":null,"og_image_custom_fields":null,"og_video":null,"og_custom_url":null,"og_article_section":null,"og_article_tags":null,"twitter_use_og":false,"twitter_card":"default","twitter_image_type":"default","twitter_image_url":null,"twitter_image_custom_url":null,"twitter_image_custom_fields":null,"twitter_title":null,"twitter_description":null,"schema":{"blockGraphs":[],"customGraphs":[],"default":{"data":{"Article":[],"Course":[],"Dataset":[],"FAQPage":[],"Movie":[],"Person":[],"Product":[],"ProductReview":[],"Car":[],"Recipe":[],"Service":[],"SoftwareApplication":[],"WebPage":[]},"graphName":"","isEnabled":true},"graphs":[],"defaultGraph":"","defaultPostTypeGraph":""},"schema_type":null,"schema_type_options":null,"pillar_content":false,"robots_default":true,"robots_noindex":false,"robots_noarchive":false,"robots_nosnippet":false,"robots_nofollow":false,"robots_noimageindex":false,"robots_noodp":false,"robots_notranslate":false,"robots_max_snippet":null,"robots_max_videopreview":null,"robots_max_imagepreview":"large","priority":null,"frequency":null,"local_seo":null,"seo_analyzer_scan_date":"2025-10-31 15:13:05","breadcrumb_settings":null,"limit_modified_date":false,"open_ai":null,"ai":null,"created":"2020-12-21 10:53:32","updated":"2025-10-31 15:13:05"},"aioseo_breadcrumb":"<div class=\"aioseo-breadcrumbs\"><span class=\"aioseo-breadcrumb\">\n\t<a href=\"https:\/\/www.eldigitaldeasturias.com\/noticias\" title=\"Home\">Home<\/a>\n<\/span><span class=\"aioseo-breadcrumb-separator\">\u2013<\/span><span class=\"aioseo-breadcrumb\">\n\t<a href=\"https:\/\/www.eldigitaldeasturias.com\/noticias\/category\/negocios-y-empresas\/\" title=\"Negocios y Empresas\">Negocios y Empresas<\/a>\n<\/span><span class=\"aioseo-breadcrumb-separator\">\u2013<\/span><span class=\"aioseo-breadcrumb\">\n\t<a href=\"https:\/\/www.eldigitaldeasturias.com\/noticias\/nuevas-medidas-de-apoyo-economico-para-paliar-la-crisis-del-covid-19\/\" title=\"Nuevas medidas de apoyo econ\u00f3mico para paliar la crisis del Covid-19\">Nuevas medidas de apoyo econ\u00f3mico para paliar la crisis del Covid-19<\/a>\n<\/span><\/div>","aioseo_breadcrumb_json":[{"label":"Home","link":"https:\/\/www.eldigitaldeasturias.com\/noticias"},{"label":"Negocios y Empresas","link":"https:\/\/www.eldigitaldeasturias.com\/noticias\/category\/negocios-y-empresas\/"},{"label":"Nuevas medidas de apoyo econ\u00f3mico para paliar la crisis del Covid-19","link":"https:\/\/www.eldigitaldeasturias.com\/noticias\/nuevas-medidas-de-apoyo-economico-para-paliar-la-crisis-del-covid-19\/"}],"_links":{"self":[{"href":"https:\/\/www.eldigitaldeasturias.com\/noticias\/wp-json\/wp\/v2\/posts\/1061336","targetHints":{"allow":["GET"]}}],"collection":[{"href":"https:\/\/www.eldigitaldeasturias.com\/noticias\/wp-json\/wp\/v2\/posts"}],"about":[{"href":"https:\/\/www.eldigitaldeasturias.com\/noticias\/wp-json\/wp\/v2\/types\/post"}],"author":[{"embeddable":true,"href":"https:\/\/www.eldigitaldeasturias.com\/noticias\/wp-json\/wp\/v2\/users\/1"}],"replies":[{"embeddable":true,"href":"https:\/\/www.eldigitaldeasturias.com\/noticias\/wp-json\/wp\/v2\/comments?post=1061336"}],"version-history":[{"count":0,"href":"https:\/\/www.eldigitaldeasturias.com\/noticias\/wp-json\/wp\/v2\/posts\/1061336\/revisions"}],"wp:featuredmedia":[{"embeddable":true,"href":"https:\/\/www.eldigitaldeasturias.com\/noticias\/wp-json\/wp\/v2\/media\/1060637"}],"wp:attachment":[{"href":"https:\/\/www.eldigitaldeasturias.com\/noticias\/wp-json\/wp\/v2\/media?parent=1061336"}],"wp:term":[{"taxonomy":"category","embeddable":true,"href":"https:\/\/www.eldigitaldeasturias.com\/noticias\/wp-json\/wp\/v2\/categories?post=1061336"},{"taxonomy":"post_tag","embeddable":true,"href":"https:\/\/www.eldigitaldeasturias.com\/noticias\/wp-json\/wp\/v2\/tags?post=1061336"}],"curies":[{"name":"wp","href":"https:\/\/api.w.org\/{rel}","templated":true}]}}