{"id":1061327,"date":"2020-03-19T19:48:38","date_gmt":"2020-03-19T19:48:38","guid":{"rendered":"https:\/\/www.eldigitaldeasturias.com\/noticias\/?p=1061327"},"modified":"2020-03-19T19:48:38","modified_gmt":"2020-03-19T19:48:38","slug":"factorenergia-lanza-la-tarifa-quedateencasa","status":"publish","type":"post","link":"https:\/\/www.eldigitaldeasturias.com\/noticias\/factorenergia-lanza-la-tarifa-quedateencasa\/","title":{"rendered":"Factorenergia lanza la tarifa #Qu\u00e9dateEnCasa"},"content":{"rendered":"<p><img loading=\"lazy\" decoding=\"async\" class=\"alignleft size-medium wp-image-780683\" src=\"https:\/\/www.eldigitaldeasturias.com\/noticias\/wp-content\/uploads\/2015\/04\/euros1-360x198.jpg\" alt=\"\" width=\"360\" height=\"198\" srcset=\"https:\/\/www.eldigitaldeasturias.com\/noticias\/wp-content\/uploads\/2015\/04\/euros1-360x198.jpg 360w, https:\/\/www.eldigitaldeasturias.com\/noticias\/wp-content\/uploads\/2015\/04\/euros1-480x264.jpg 480w, https:\/\/www.eldigitaldeasturias.com\/noticias\/wp-content\/uploads\/2015\/04\/euros1-20x11.jpg 20w, https:\/\/www.eldigitaldeasturias.com\/noticias\/wp-content\/uploads\/2015\/04\/euros1.jpg 655w\" sizes=\"auto, (max-width: 360px) 100vw, 360px\" \/>Factorenergia ha desarrollado una tarifa para facilitar el ahorro de las familias en estos momentos de crisis sanitaria en que el consumo energ\u00e9tico dom\u00e9stico experimenta un fuerte incremento como consecuencia del confinamiento en los hogares, esta tarifa \u00ab#Qu\u00e9dateEnCasa\u00bb, consiste en un descuento especial del 25% para los consumos efectuados por las familias durante el per\u00edodo de confinamiento oficial, transcurrido \u00e9ste, el descuento pasar\u00e1 a ser del 12,5% habitual<\/p>\n<p>Para poderse beneficiar de este importante ahorro en la factura de la luz, las personas interesadas en contratar la tarifa\u00a0<strong>\u201c#Qu\u00e9dateEnCasa\u201d<\/strong><strong>,\u00a0<\/strong>lo podr\u00e1n hacer\u00a0<strong>exclusivamente<\/strong>\u00a0<strong>por<\/strong>\u00a0<strong>internet<\/strong>, de una forma f\u00e1cil y \u00e1gil, en la web de la compa\u00f1\u00eda\u00a0<span style=\"color: #ff6600;\"><a style=\"color: #ff6600;\" href=\"http:\/\/www.factorenergia.com\/\" target=\"_blank\" rel=\"nofollow noopener noreferrer\"><strong>www.factorenergia.com<\/strong><\/a><\/span>\u00a0o bien\u00a0<strong>por tel\u00e9fono<\/strong>\u00a0en el n\u00famero\u00a0<strong>900 850 000<\/strong>.<\/p>\n<p>En momentos de crisis e incertidumbre es cuando las personas, las familias y las empresas deben dar lo mejor de s\u00ed mismas para estar a la altura de las circunstancias y responder as\u00ed a las demandas y retos que la sociedad plantea. En este sentido, Factorenergia desea aportar su grano de arena para mitigar el impacto en el gasto de las familias en estos momentos de dificultades ofreciendo este importante descuento mientras la situaci\u00f3n de crisis sanitaria y el confinamiento contin\u00fae. Una vez que el gobierno del estado de por terminada esta medida excepcional de confinamiento en los hogares, el descuento especial dejar\u00e1 de aplicarse retorn\u00e1ndose al descuento del 12,5% habitual.<\/p>\n<p>Quieren aprovechar para insistir en la necesidad de dar cumplimiento a las medidas de excepci\u00f3n adoptadas por las autoridades y animar a las personas a no desplazarse, excepto por razones justificadas, y a utilizar los distintos canales a distancia para trabajar y relacionarse.<\/p>\n<p>En palabras del CEO y fundador de Factorenergia, Emilio Rousaud: \u201cEstamos en una situaci\u00f3n excepcional en que las familias deben permanecer en su domicilio, ello conlleva un fuerte aumento del consumo energ\u00e9tico y nuestra idea con esta tarifa es mitigar el impacto de esta situaci\u00f3n excepcional en la econom\u00eda familiar\u201d.<\/p>\n<p>Son tiempos dif\u00edciles para todos, pero juntos se saldr\u00e1 adelante y seguro que se sacar\u00e1n importantes ense\u00f1anzas para afrontar futuras adversidades que pudieran surgir. El equipo de Factorenergia lo conforman profesionales excelentes, y con una gran vocaci\u00f3n de servicio.<\/p>\n<p>Factorenergia est\u00e1 adoptando todas las medidas posibles para mitigar los efectos del COVID-19 mediante la protecci\u00f3n de la salud de sus clientes, empleados y proveedores.<\/p>\n<p><strong>Sobre Factorenergia<\/strong><\/p>\n<p>Factorenergia es una comercializadora de energ\u00eda integral que suministra electricidad y gas natural tanto a empresas como a familias, con atractivos precios y con un servicio al cliente cercano, eficaz y transparente. La compa\u00f1\u00eda, fundada en 1999 por Emili Rousaud Par\u00e9s, es la primera comercializadora de energ\u00eda independiente nacida en el mercado liberalizado en Espa\u00f1a.<\/p>\n<p>La compa\u00f1\u00eda, que proporciona actualmente electricidad y gas natural a m\u00e1s de 70.000 empresas y miles de hogares en todo el territorio nacional, es desde sus inicios, una gran impulsora de pol\u00edticas de ahorro, de eficiencia energ\u00e9tica y de lucha contra el cambio clim\u00e1tico. En este sentido, representa a m\u00e1s de 3.000 productores de energ\u00edas renovables, comercializa energ\u00eda renovable certificada por la CNMC y trabaja activamente para impulsar la movilidad sostenible y el autoconsumo el\u00e9ctrico.<\/p>\n<p>&nbsp;<\/p>\n","protected":false},"excerpt":{"rendered":"<p>Factorenergia ha desarrollado una tarifa para facilitar el ahorro de las familias en estos momentos de crisis sanitaria en que el consumo energ\u00e9tico dom\u00e9stico experimenta un fuerte incremento como consecuencia del confinamiento en los hogares, esta tarifa \u00ab#Qu\u00e9dateEnCasa\u00bb, consiste en un descuento especial del 25% para los consumos efectuados por las familias durante el per\u00edodo [&hellip;]<\/p>\n","protected":false},"author":1,"featured_media":780683,"comment_status":"closed","ping_status":"closed","sticky":false,"template":"","format":"standard","meta":{"footnotes":""},"categories":[219],"tags":[],"class_list":["post-1061327","post","type-post","status-publish","format-standard","has-post-thumbnail","hentry","category-negocios-y-empresas"],"aioseo_notices":[],"aioseo_head":"\n\t\t<!-- All in One SEO Pro 4.9.6.2 - aioseo.com -->\n\t<meta name=\"description\" content=\"Factorenergia ha desarrollado una tarifa para facilitar el ahorro de las familias en estos momentos de crisis sanitaria en que el consumo energ\u00e9tico dom\u00e9stico experimenta un fuerte incremento como consecuencia del confinamiento en los hogares, esta tarifa &quot;#Qu\u00e9dateEnCasa&quot;, consiste en un descuento especial del 25% para los consumos efectuados por las familias durante el per\u00edodo\" \/>\n\t<meta name=\"robots\" content=\"max-image-preview:large\" \/>\n\t<meta name=\"author\" content=\"El Digital de Asturias\"\/>\n\t<meta name=\"google-site-verification\" content=\"UA-38556648-1\" \/>\n\t<meta name=\"msvalidate.01\" content=\"7dfe9f3f1b24437ab69f4f2559babe99\" \/>\n\t<meta name=\"keywords\" content=\"negocios y empresas\" \/>\n\t<link rel=\"canonical\" href=\"https:\/\/www.eldigitaldeasturias.com\/noticias\/factorenergia-lanza-la-tarifa-quedateencasa\/\" \/>\n\t<meta name=\"generator\" content=\"All in One SEO Pro (AIOSEO) 4.9.6.2\" \/>\n\t\t<meta property=\"og:locale\" content=\"es_ES\" \/>\n\t\t<meta property=\"og:site_name\" content=\"El Digital de Asturias\" \/>\n\t\t<meta property=\"og:type\" content=\"article\" \/>\n\t\t<meta property=\"og:title\" content=\"Factorenergia lanza la tarifa #Qu\u00e9dateEnCasa - El Digital de Asturias\" \/>\n\t\t<meta property=\"og:description\" content=\"Factorenergia ha desarrollado una tarifa para facilitar el ahorro de las familias en estos momentos de crisis sanitaria en que el consumo energ\u00e9tico dom\u00e9stico experimenta un fuerte incremento como consecuencia del confinamiento en los hogares, esta tarifa &quot;#Qu\u00e9dateEnCasa&quot;, consiste en un descuento especial del 25% para los consumos efectuados por las familias durante el per\u00edodo\" \/>\n\t\t<meta property=\"og:url\" content=\"https:\/\/www.eldigitaldeasturias.com\/noticias\/factorenergia-lanza-la-tarifa-quedateencasa\/\" \/>\n\t\t<meta property=\"og:image\" content=\"https:\/\/www.eldigitaldeasturias.com\/noticias\/wp-content\/uploads\/2015\/04\/euros1.jpg\" \/>\n\t\t<meta property=\"og:image:secure_url\" content=\"https:\/\/www.eldigitaldeasturias.com\/noticias\/wp-content\/uploads\/2015\/04\/euros1.jpg\" \/>\n\t\t<meta property=\"og:image:width\" content=\"655\" \/>\n\t\t<meta property=\"og:image:height\" content=\"360\" \/>\n\t\t<meta property=\"article:tag\" content=\"negocios y empresas\" \/>\n\t\t<meta property=\"article:published_time\" content=\"2020-03-19T19:48:38+00:00\" \/>\n\t\t<meta property=\"article:modified_time\" content=\"2020-03-19T19:48:38+00:00\" \/>\n\t\t<meta property=\"article:publisher\" content=\"https:\/\/facebook.com\/eldigitaldeasturias\" \/>\n\t\t<meta name=\"twitter:card\" content=\"summary_large_image\" \/>\n\t\t<meta name=\"twitter:title\" content=\"Factorenergia lanza la tarifa #Qu\u00e9dateEnCasa - El Digital de Asturias\" \/>\n\t\t<meta name=\"twitter:description\" content=\"Factorenergia ha desarrollado una tarifa para facilitar el ahorro de las familias en estos momentos de crisis sanitaria en que el consumo energ\u00e9tico dom\u00e9stico experimenta un fuerte incremento como consecuencia del confinamiento en los hogares, esta tarifa &quot;#Qu\u00e9dateEnCasa&quot;, consiste en un descuento especial del 25% para los consumos efectuados por las familias durante el per\u00edodo\" \/>\n\t\t<meta name=\"twitter:image\" content=\"https:\/\/www.eldigitaldeasturias.com\/noticias\/wp-content\/uploads\/2015\/04\/euros1.jpg\" \/>\n\t\t<meta name=\"twitter:label1\" content=\"Escrito por\" \/>\n\t\t<meta name=\"twitter:data1\" content=\"El Digital de Asturias\" \/>\n\t\t<meta name=\"twitter:label2\" content=\"Tiempo de lectura estimado\" \/>\n\t\t<meta name=\"twitter:data2\" content=\"3 minutos\" \/>\n\t\t<script type=\"application\/ld+json\" class=\"aioseo-schema\">\n\t\t\t{\"@context\":\"https:\\\/\\\/schema.org\",\"@graph\":[{\"@type\":\"BlogPosting\",\"@id\":\"https:\\\/\\\/www.eldigitaldeasturias.com\\\/noticias\\\/factorenergia-lanza-la-tarifa-quedateencasa\\\/#blogposting\",\"name\":\"Factorenergia lanza la tarifa #Qu\\u00e9dateEnCasa - El Digital de Asturias\",\"headline\":\"Factorenergia lanza la tarifa #Qu\\u00e9dateEnCasa\",\"author\":{\"@id\":\"https:\\\/\\\/www.eldigitaldeasturias.com\\\/noticias\\\/author\\\/admin\\\/#author\"},\"publisher\":{\"@id\":\"https:\\\/\\\/www.eldigitaldeasturias.com\\\/noticias\\\/#organization\"},\"image\":{\"@type\":\"ImageObject\",\"url\":\"https:\\\/\\\/www.eldigitaldeasturias.com\\\/noticias\\\/wp-content\\\/uploads\\\/2015\\\/04\\\/euros1.jpg\",\"width\":655,\"height\":360,\"caption\":\"euros\"},\"datePublished\":\"2020-03-19T19:48:38+01:00\",\"dateModified\":\"2020-03-19T19:48:38+01:00\",\"inLanguage\":\"es-ES\",\"mainEntityOfPage\":{\"@id\":\"https:\\\/\\\/www.eldigitaldeasturias.com\\\/noticias\\\/factorenergia-lanza-la-tarifa-quedateencasa\\\/#webpage\"},\"isPartOf\":{\"@id\":\"https:\\\/\\\/www.eldigitaldeasturias.com\\\/noticias\\\/factorenergia-lanza-la-tarifa-quedateencasa\\\/#webpage\"},\"articleSection\":\"Negocios y Empresas\"},{\"@type\":\"BreadcrumbList\",\"@id\":\"https:\\\/\\\/www.eldigitaldeasturias.com\\\/noticias\\\/factorenergia-lanza-la-tarifa-quedateencasa\\\/#breadcrumblist\",\"itemListElement\":[{\"@type\":\"ListItem\",\"@id\":\"https:\\\/\\\/www.eldigitaldeasturias.com\\\/noticias#listItem\",\"position\":1,\"name\":\"Home\",\"item\":\"https:\\\/\\\/www.eldigitaldeasturias.com\\\/noticias\",\"nextItem\":{\"@type\":\"ListItem\",\"@id\":\"https:\\\/\\\/www.eldigitaldeasturias.com\\\/noticias\\\/category\\\/negocios-y-empresas\\\/#listItem\",\"name\":\"Negocios y Empresas\"}},{\"@type\":\"ListItem\",\"@id\":\"https:\\\/\\\/www.eldigitaldeasturias.com\\\/noticias\\\/category\\\/negocios-y-empresas\\\/#listItem\",\"position\":2,\"name\":\"Negocios y Empresas\",\"item\":\"https:\\\/\\\/www.eldigitaldeasturias.com\\\/noticias\\\/category\\\/negocios-y-empresas\\\/\",\"nextItem\":{\"@type\":\"ListItem\",\"@id\":\"https:\\\/\\\/www.eldigitaldeasturias.com\\\/noticias\\\/factorenergia-lanza-la-tarifa-quedateencasa\\\/#listItem\",\"name\":\"Factorenergia lanza la tarifa #Qu\\u00e9dateEnCasa\"},\"previousItem\":{\"@type\":\"ListItem\",\"@id\":\"https:\\\/\\\/www.eldigitaldeasturias.com\\\/noticias#listItem\",\"name\":\"Home\"}},{\"@type\":\"ListItem\",\"@id\":\"https:\\\/\\\/www.eldigitaldeasturias.com\\\/noticias\\\/factorenergia-lanza-la-tarifa-quedateencasa\\\/#listItem\",\"position\":3,\"name\":\"Factorenergia lanza la tarifa #Qu\\u00e9dateEnCasa\",\"previousItem\":{\"@type\":\"ListItem\",\"@id\":\"https:\\\/\\\/www.eldigitaldeasturias.com\\\/noticias\\\/category\\\/negocios-y-empresas\\\/#listItem\",\"name\":\"Negocios y Empresas\"}}]},{\"@type\":\"Organization\",\"@id\":\"https:\\\/\\\/www.eldigitaldeasturias.com\\\/noticias\\\/#organization\",\"name\":\"El Digital de Asturias\",\"description\":\"Hemeroteca\",\"url\":\"https:\\\/\\\/www.eldigitaldeasturias.com\\\/noticias\\\/\",\"email\":\"info@eldigitaldeasturias.com\",\"telephone\":\"+34652131393\",\"logo\":{\"@type\":\"ImageObject\",\"url\":\"https:\\\/\\\/www.eldigitaldeasturias.com\\\/noticias\\\/wp-content\\\/uploads\\\/2020\\\/12\\\/EDA.jpg\",\"@id\":\"https:\\\/\\\/www.eldigitaldeasturias.com\\\/noticias\\\/factorenergia-lanza-la-tarifa-quedateencasa\\\/#organizationLogo\",\"width\":649,\"height\":297},\"image\":{\"@id\":\"https:\\\/\\\/www.eldigitaldeasturias.com\\\/noticias\\\/factorenergia-lanza-la-tarifa-quedateencasa\\\/#organizationLogo\"},\"sameAs\":[\"https:\\\/\\\/facebook.com\\\/eldigitaldeasturias\",\"https:\\\/\\\/www.youtube.com\\\/channel\\\/UCZP-2wLEB9Rv6erhFmqVnvg\"],\"address\":{\"@id\":\"https:\\\/\\\/www.eldigitaldeasturias.com\\\/noticias\\\/#postaladdress\",\"@type\":\"PostalAddress\",\"streetAddress\":\"san antonio 4,\",\"postalCode\":\"33430\",\"addressLocality\":\"Cand\\u00e1s\",\"addressRegion\":\"Asturias\",\"addressCountry\":\"ES\"}},{\"@type\":\"Person\",\"@id\":\"https:\\\/\\\/www.eldigitaldeasturias.com\\\/noticias\\\/author\\\/admin\\\/#author\",\"url\":\"https:\\\/\\\/www.eldigitaldeasturias.com\\\/noticias\\\/author\\\/admin\\\/\",\"name\":\"El Digital de Asturias\",\"image\":{\"@type\":\"ImageObject\",\"@id\":\"https:\\\/\\\/www.eldigitaldeasturias.com\\\/noticias\\\/factorenergia-lanza-la-tarifa-quedateencasa\\\/#authorImage\",\"url\":\"https:\\\/\\\/www.eldigitaldeasturias.com\\\/noticias\\\/wp-content\\\/litespeed\\\/avatar\\\/18677e78aa0546b92d9dbf31ec7d7668.jpg?ver=1777290358\",\"width\":96,\"height\":96,\"caption\":\"El Digital de Asturias\"}},{\"@type\":\"WebPage\",\"@id\":\"https:\\\/\\\/www.eldigitaldeasturias.com\\\/noticias\\\/factorenergia-lanza-la-tarifa-quedateencasa\\\/#webpage\",\"url\":\"https:\\\/\\\/www.eldigitaldeasturias.com\\\/noticias\\\/factorenergia-lanza-la-tarifa-quedateencasa\\\/\",\"name\":\"Factorenergia lanza la tarifa #Qu\\u00e9dateEnCasa - El Digital de Asturias\",\"description\":\"Factorenergia ha desarrollado una tarifa para facilitar el ahorro de las familias en estos momentos de crisis sanitaria en que el consumo energ\\u00e9tico dom\\u00e9stico experimenta un fuerte incremento como consecuencia del confinamiento en los hogares, esta tarifa \\\"#Qu\\u00e9dateEnCasa\\\", consiste en un descuento especial del 25% para los consumos efectuados por las familias durante el per\\u00edodo\",\"inLanguage\":\"es-ES\",\"isPartOf\":{\"@id\":\"https:\\\/\\\/www.eldigitaldeasturias.com\\\/noticias\\\/#website\"},\"breadcrumb\":{\"@id\":\"https:\\\/\\\/www.eldigitaldeasturias.com\\\/noticias\\\/factorenergia-lanza-la-tarifa-quedateencasa\\\/#breadcrumblist\"},\"author\":{\"@id\":\"https:\\\/\\\/www.eldigitaldeasturias.com\\\/noticias\\\/author\\\/admin\\\/#author\"},\"creator\":{\"@id\":\"https:\\\/\\\/www.eldigitaldeasturias.com\\\/noticias\\\/author\\\/admin\\\/#author\"},\"image\":{\"@type\":\"ImageObject\",\"url\":\"https:\\\/\\\/www.eldigitaldeasturias.com\\\/noticias\\\/wp-content\\\/uploads\\\/2015\\\/04\\\/euros1.jpg\",\"@id\":\"https:\\\/\\\/www.eldigitaldeasturias.com\\\/noticias\\\/factorenergia-lanza-la-tarifa-quedateencasa\\\/#mainImage\",\"width\":655,\"height\":360,\"caption\":\"euros\"},\"primaryImageOfPage\":{\"@id\":\"https:\\\/\\\/www.eldigitaldeasturias.com\\\/noticias\\\/factorenergia-lanza-la-tarifa-quedateencasa\\\/#mainImage\"},\"datePublished\":\"2020-03-19T19:48:38+01:00\",\"dateModified\":\"2020-03-19T19:48:38+01:00\"},{\"@type\":\"WebSite\",\"@id\":\"https:\\\/\\\/www.eldigitaldeasturias.com\\\/noticias\\\/#website\",\"url\":\"https:\\\/\\\/www.eldigitaldeasturias.com\\\/noticias\\\/\",\"name\":\"El Digital de Asturias - Diario de actualidad y noticias\",\"alternateName\":\"El Digital de Asturias - Diario de actualidad y noticias\",\"description\":\"Hemeroteca\",\"inLanguage\":\"es-ES\",\"publisher\":{\"@id\":\"https:\\\/\\\/www.eldigitaldeasturias.com\\\/noticias\\\/#organization\"}}]}\n\t\t<\/script>\n\t\t<!-- All in One SEO Pro -->\r\n\t\t<title>Factorenergia lanza la tarifa #Qu\u00e9dateEnCasa - El Digital de Asturias<\/title>\n\n","aioseo_head_json":{"title":"Factorenergia lanza la tarifa #Qu\u00e9dateEnCasa - El Digital de Asturias","description":"Factorenergia ha desarrollado una tarifa para facilitar el ahorro de las familias en estos momentos de crisis sanitaria en que el consumo energ\u00e9tico dom\u00e9stico experimenta un fuerte incremento como consecuencia del confinamiento en los hogares, esta tarifa \"#Qu\u00e9dateEnCasa\", consiste en un descuento especial del 25% para los consumos efectuados por las familias durante el per\u00edodo","canonical_url":"https:\/\/www.eldigitaldeasturias.com\/noticias\/factorenergia-lanza-la-tarifa-quedateencasa\/","robots":"max-image-preview:large","keywords":"negocios y empresas","webmasterTools":{"google-site-verification":"UA-38556648-1","msvalidate.01":"7dfe9f3f1b24437ab69f4f2559babe99","miscellaneous":""},"schema":{"@context":"https:\/\/schema.org","@graph":[{"@type":"BlogPosting","@id":"https:\/\/www.eldigitaldeasturias.com\/noticias\/factorenergia-lanza-la-tarifa-quedateencasa\/#blogposting","name":"Factorenergia lanza la tarifa #Qu\u00e9dateEnCasa - El Digital de Asturias","headline":"Factorenergia lanza la tarifa #Qu\u00e9dateEnCasa","author":{"@id":"https:\/\/www.eldigitaldeasturias.com\/noticias\/author\/admin\/#author"},"publisher":{"@id":"https:\/\/www.eldigitaldeasturias.com\/noticias\/#organization"},"image":{"@type":"ImageObject","url":"https:\/\/www.eldigitaldeasturias.com\/noticias\/wp-content\/uploads\/2015\/04\/euros1.jpg","width":655,"height":360,"caption":"euros"},"datePublished":"2020-03-19T19:48:38+01:00","dateModified":"2020-03-19T19:48:38+01:00","inLanguage":"es-ES","mainEntityOfPage":{"@id":"https:\/\/www.eldigitaldeasturias.com\/noticias\/factorenergia-lanza-la-tarifa-quedateencasa\/#webpage"},"isPartOf":{"@id":"https:\/\/www.eldigitaldeasturias.com\/noticias\/factorenergia-lanza-la-tarifa-quedateencasa\/#webpage"},"articleSection":"Negocios y Empresas"},{"@type":"BreadcrumbList","@id":"https:\/\/www.eldigitaldeasturias.com\/noticias\/factorenergia-lanza-la-tarifa-quedateencasa\/#breadcrumblist","itemListElement":[{"@type":"ListItem","@id":"https:\/\/www.eldigitaldeasturias.com\/noticias#listItem","position":1,"name":"Home","item":"https:\/\/www.eldigitaldeasturias.com\/noticias","nextItem":{"@type":"ListItem","@id":"https:\/\/www.eldigitaldeasturias.com\/noticias\/category\/negocios-y-empresas\/#listItem","name":"Negocios y Empresas"}},{"@type":"ListItem","@id":"https:\/\/www.eldigitaldeasturias.com\/noticias\/category\/negocios-y-empresas\/#listItem","position":2,"name":"Negocios y Empresas","item":"https:\/\/www.eldigitaldeasturias.com\/noticias\/category\/negocios-y-empresas\/","nextItem":{"@type":"ListItem","@id":"https:\/\/www.eldigitaldeasturias.com\/noticias\/factorenergia-lanza-la-tarifa-quedateencasa\/#listItem","name":"Factorenergia lanza la tarifa #Qu\u00e9dateEnCasa"},"previousItem":{"@type":"ListItem","@id":"https:\/\/www.eldigitaldeasturias.com\/noticias#listItem","name":"Home"}},{"@type":"ListItem","@id":"https:\/\/www.eldigitaldeasturias.com\/noticias\/factorenergia-lanza-la-tarifa-quedateencasa\/#listItem","position":3,"name":"Factorenergia lanza la tarifa #Qu\u00e9dateEnCasa","previousItem":{"@type":"ListItem","@id":"https:\/\/www.eldigitaldeasturias.com\/noticias\/category\/negocios-y-empresas\/#listItem","name":"Negocios y Empresas"}}]},{"@type":"Organization","@id":"https:\/\/www.eldigitaldeasturias.com\/noticias\/#organization","name":"El Digital de Asturias","description":"Hemeroteca","url":"https:\/\/www.eldigitaldeasturias.com\/noticias\/","email":"info@eldigitaldeasturias.com","telephone":"+34652131393","logo":{"@type":"ImageObject","url":"https:\/\/www.eldigitaldeasturias.com\/noticias\/wp-content\/uploads\/2020\/12\/EDA.jpg","@id":"https:\/\/www.eldigitaldeasturias.com\/noticias\/factorenergia-lanza-la-tarifa-quedateencasa\/#organizationLogo","width":649,"height":297},"image":{"@id":"https:\/\/www.eldigitaldeasturias.com\/noticias\/factorenergia-lanza-la-tarifa-quedateencasa\/#organizationLogo"},"sameAs":["https:\/\/facebook.com\/eldigitaldeasturias","https:\/\/www.youtube.com\/channel\/UCZP-2wLEB9Rv6erhFmqVnvg"],"address":{"@id":"https:\/\/www.eldigitaldeasturias.com\/noticias\/#postaladdress","@type":"PostalAddress","streetAddress":"san antonio 4,","postalCode":"33430","addressLocality":"Cand\u00e1s","addressRegion":"Asturias","addressCountry":"ES"}},{"@type":"Person","@id":"https:\/\/www.eldigitaldeasturias.com\/noticias\/author\/admin\/#author","url":"https:\/\/www.eldigitaldeasturias.com\/noticias\/author\/admin\/","name":"El Digital de Asturias","image":{"@type":"ImageObject","@id":"https:\/\/www.eldigitaldeasturias.com\/noticias\/factorenergia-lanza-la-tarifa-quedateencasa\/#authorImage","url":"https:\/\/www.eldigitaldeasturias.com\/noticias\/wp-content\/litespeed\/avatar\/18677e78aa0546b92d9dbf31ec7d7668.jpg?ver=1777290358","width":96,"height":96,"caption":"El Digital de Asturias"}},{"@type":"WebPage","@id":"https:\/\/www.eldigitaldeasturias.com\/noticias\/factorenergia-lanza-la-tarifa-quedateencasa\/#webpage","url":"https:\/\/www.eldigitaldeasturias.com\/noticias\/factorenergia-lanza-la-tarifa-quedateencasa\/","name":"Factorenergia lanza la tarifa #Qu\u00e9dateEnCasa - El Digital de Asturias","description":"Factorenergia ha desarrollado una tarifa para facilitar el ahorro de las familias en estos momentos de crisis sanitaria en que el consumo energ\u00e9tico dom\u00e9stico experimenta un fuerte incremento como consecuencia del confinamiento en los hogares, esta tarifa \"#Qu\u00e9dateEnCasa\", consiste en un descuento especial del 25% para los consumos efectuados por las familias durante el per\u00edodo","inLanguage":"es-ES","isPartOf":{"@id":"https:\/\/www.eldigitaldeasturias.com\/noticias\/#website"},"breadcrumb":{"@id":"https:\/\/www.eldigitaldeasturias.com\/noticias\/factorenergia-lanza-la-tarifa-quedateencasa\/#breadcrumblist"},"author":{"@id":"https:\/\/www.eldigitaldeasturias.com\/noticias\/author\/admin\/#author"},"creator":{"@id":"https:\/\/www.eldigitaldeasturias.com\/noticias\/author\/admin\/#author"},"image":{"@type":"ImageObject","url":"https:\/\/www.eldigitaldeasturias.com\/noticias\/wp-content\/uploads\/2015\/04\/euros1.jpg","@id":"https:\/\/www.eldigitaldeasturias.com\/noticias\/factorenergia-lanza-la-tarifa-quedateencasa\/#mainImage","width":655,"height":360,"caption":"euros"},"primaryImageOfPage":{"@id":"https:\/\/www.eldigitaldeasturias.com\/noticias\/factorenergia-lanza-la-tarifa-quedateencasa\/#mainImage"},"datePublished":"2020-03-19T19:48:38+01:00","dateModified":"2020-03-19T19:48:38+01:00"},{"@type":"WebSite","@id":"https:\/\/www.eldigitaldeasturias.com\/noticias\/#website","url":"https:\/\/www.eldigitaldeasturias.com\/noticias\/","name":"El Digital de Asturias - Diario de actualidad y noticias","alternateName":"El Digital de Asturias - Diario de actualidad y noticias","description":"Hemeroteca","inLanguage":"es-ES","publisher":{"@id":"https:\/\/www.eldigitaldeasturias.com\/noticias\/#organization"}}]},"og:locale":"es_ES","og:site_name":"El Digital de Asturias","og:type":"article","og:title":"Factorenergia lanza la tarifa #Qu\u00e9dateEnCasa - El Digital de Asturias","og:description":"Factorenergia ha desarrollado una tarifa para facilitar el ahorro de las familias en estos momentos de crisis sanitaria en que el consumo energ\u00e9tico dom\u00e9stico experimenta un fuerte incremento como consecuencia del confinamiento en los hogares, esta tarifa &quot;#Qu\u00e9dateEnCasa&quot;, consiste en un descuento especial del 25% para los consumos efectuados por las familias durante el per\u00edodo","og:url":"https:\/\/www.eldigitaldeasturias.com\/noticias\/factorenergia-lanza-la-tarifa-quedateencasa\/","og:image":"https:\/\/www.eldigitaldeasturias.com\/noticias\/wp-content\/uploads\/2015\/04\/euros1.jpg","og:image:secure_url":"https:\/\/www.eldigitaldeasturias.com\/noticias\/wp-content\/uploads\/2015\/04\/euros1.jpg","og:image:width":655,"og:image:height":360,"article:tag":["negocios y empresas"],"article:published_time":"2020-03-19T19:48:38+00:00","article:modified_time":"2020-03-19T19:48:38+00:00","article:publisher":"https:\/\/facebook.com\/eldigitaldeasturias","twitter:card":"summary_large_image","twitter:title":"Factorenergia lanza la tarifa #Qu\u00e9dateEnCasa - El Digital de Asturias","twitter:description":"Factorenergia ha desarrollado una tarifa para facilitar el ahorro de las familias en estos momentos de crisis sanitaria en que el consumo energ\u00e9tico dom\u00e9stico experimenta un fuerte incremento como consecuencia del confinamiento en los hogares, esta tarifa &quot;#Qu\u00e9dateEnCasa&quot;, consiste en un descuento especial del 25% para los consumos efectuados por las familias durante el per\u00edodo","twitter:image":"https:\/\/www.eldigitaldeasturias.com\/noticias\/wp-content\/uploads\/2015\/04\/euros1.jpg","twitter:label1":"Escrito por","twitter:data1":"El Digital de Asturias","twitter:label2":"Tiempo de lectura estimado","twitter:data2":"3 minutos"},"aioseo_meta_data":{"post_id":"1061327","title":null,"description":null,"keywords":null,"keyphrases":null,"primary_term":null,"canonical_url":null,"og_title":null,"og_description":null,"og_object_type":"default","og_image_type":"default","og_image_url":null,"og_image_width":null,"og_image_height":null,"og_image_custom_url":null,"og_image_custom_fields":null,"og_video":null,"og_custom_url":null,"og_article_section":null,"og_article_tags":null,"twitter_use_og":false,"twitter_card":"default","twitter_image_type":"default","twitter_image_url":null,"twitter_image_custom_url":null,"twitter_image_custom_fields":null,"twitter_title":null,"twitter_description":null,"schema":{"blockGraphs":[],"customGraphs":[],"default":{"data":{"Article":[],"Course":[],"Dataset":[],"FAQPage":[],"Movie":[],"Person":[],"Product":[],"ProductReview":[],"Car":[],"Recipe":[],"Service":[],"SoftwareApplication":[],"WebPage":[]},"graphName":"","isEnabled":true},"graphs":[],"defaultGraph":"","defaultPostTypeGraph":""},"schema_type":null,"schema_type_options":null,"pillar_content":false,"robots_default":true,"robots_noindex":false,"robots_noarchive":false,"robots_nosnippet":false,"robots_nofollow":false,"robots_noimageindex":false,"robots_noodp":false,"robots_notranslate":false,"robots_max_snippet":null,"robots_max_videopreview":null,"robots_max_imagepreview":"large","priority":null,"frequency":null,"local_seo":null,"seo_analyzer_scan_date":"2025-10-31 15:11:03","breadcrumb_settings":null,"limit_modified_date":false,"open_ai":null,"ai":null,"created":"2020-12-21 10:53:32","updated":"2025-10-31 15:11:03"},"aioseo_breadcrumb":"<div class=\"aioseo-breadcrumbs\"><span class=\"aioseo-breadcrumb\">\n\t<a href=\"https:\/\/www.eldigitaldeasturias.com\/noticias\" title=\"Home\">Home<\/a>\n<\/span><span class=\"aioseo-breadcrumb-separator\">\u2013<\/span><span class=\"aioseo-breadcrumb\">\n\t<a href=\"https:\/\/www.eldigitaldeasturias.com\/noticias\/category\/negocios-y-empresas\/\" title=\"Negocios y Empresas\">Negocios y Empresas<\/a>\n<\/span><span class=\"aioseo-breadcrumb-separator\">\u2013<\/span><span class=\"aioseo-breadcrumb\">\n\t<a href=\"https:\/\/www.eldigitaldeasturias.com\/noticias\/factorenergia-lanza-la-tarifa-quedateencasa\/\" title=\"Factorenergia lanza la tarifa #Qu\u00e9dateEnCasa\">Factorenergia lanza la tarifa #Qu\u00e9dateEnCasa<\/a>\n<\/span><\/div>","aioseo_breadcrumb_json":[{"label":"Home","link":"https:\/\/www.eldigitaldeasturias.com\/noticias"},{"label":"Negocios y Empresas","link":"https:\/\/www.eldigitaldeasturias.com\/noticias\/category\/negocios-y-empresas\/"},{"label":"Factorenergia lanza la tarifa #Qu\u00e9dateEnCasa","link":"https:\/\/www.eldigitaldeasturias.com\/noticias\/factorenergia-lanza-la-tarifa-quedateencasa\/"}],"_links":{"self":[{"href":"https:\/\/www.eldigitaldeasturias.com\/noticias\/wp-json\/wp\/v2\/posts\/1061327","targetHints":{"allow":["GET"]}}],"collection":[{"href":"https:\/\/www.eldigitaldeasturias.com\/noticias\/wp-json\/wp\/v2\/posts"}],"about":[{"href":"https:\/\/www.eldigitaldeasturias.com\/noticias\/wp-json\/wp\/v2\/types\/post"}],"author":[{"embeddable":true,"href":"https:\/\/www.eldigitaldeasturias.com\/noticias\/wp-json\/wp\/v2\/users\/1"}],"replies":[{"embeddable":true,"href":"https:\/\/www.eldigitaldeasturias.com\/noticias\/wp-json\/wp\/v2\/comments?post=1061327"}],"version-history":[{"count":0,"href":"https:\/\/www.eldigitaldeasturias.com\/noticias\/wp-json\/wp\/v2\/posts\/1061327\/revisions"}],"wp:featuredmedia":[{"embeddable":true,"href":"https:\/\/www.eldigitaldeasturias.com\/noticias\/wp-json\/wp\/v2\/media\/780683"}],"wp:attachment":[{"href":"https:\/\/www.eldigitaldeasturias.com\/noticias\/wp-json\/wp\/v2\/media?parent=1061327"}],"wp:term":[{"taxonomy":"category","embeddable":true,"href":"https:\/\/www.eldigitaldeasturias.com\/noticias\/wp-json\/wp\/v2\/categories?post=1061327"},{"taxonomy":"post_tag","embeddable":true,"href":"https:\/\/www.eldigitaldeasturias.com\/noticias\/wp-json\/wp\/v2\/tags?post=1061327"}],"curies":[{"name":"wp","href":"https:\/\/api.w.org\/{rel}","templated":true}]}}