{"id":1061279,"date":"2020-03-19T13:10:33","date_gmt":"2020-03-19T13:10:33","guid":{"rendered":"https:\/\/www.eldigitaldeasturias.com\/noticias\/?p=1061279"},"modified":"2020-03-19T13:10:33","modified_gmt":"2020-03-19T13:10:33","slug":"covid-19-garantizar-la-cadena-de-abastecimiento-alimentaria","status":"publish","type":"post","link":"https:\/\/www.eldigitaldeasturias.com\/noticias\/covid-19-garantizar-la-cadena-de-abastecimiento-alimentaria\/","title":{"rendered":"Covid-19: Garantizar la cadena de abastecimiento alimentaria"},"content":{"rendered":"<p><img loading=\"lazy\" decoding=\"async\" class=\"alignleft size-medium wp-image-1039575\" src=\"https:\/\/www.eldigitaldeasturias.com\/noticias\/wp-content\/uploads\/2019\/09\/fishing-nets-2329659_960_720-360x238.jpg\" alt=\"\" width=\"360\" height=\"238\" srcset=\"https:\/\/www.eldigitaldeasturias.com\/noticias\/wp-content\/uploads\/2019\/09\/fishing-nets-2329659_960_720-360x238.jpg 360w, https:\/\/www.eldigitaldeasturias.com\/noticias\/wp-content\/uploads\/2019\/09\/fishing-nets-2329659_960_720-768x508.jpg 768w, https:\/\/www.eldigitaldeasturias.com\/noticias\/wp-content\/uploads\/2019\/09\/fishing-nets-2329659_960_720-650x430.jpg 650w, https:\/\/www.eldigitaldeasturias.com\/noticias\/wp-content\/uploads\/2019\/09\/fishing-nets-2329659_960_720.jpg 960w\" sizes=\"auto, (max-width: 360px) 100vw, 360px\" \/>En una nota informativa,<strong> el ministerio recuerda su importancia para garantizar la cadena de abastecimiento alimentaria<\/strong> y solventa las principales dudas suscitadas a ra\u00edz de la declaraci\u00f3n del Estado de alarma este pasado s\u00e1bado.<\/p>\n<p>El Ministerio de Agricultura, Pesca y Alimentaci\u00f3n, en aras de solventar las principales dudas suscitadas a ra\u00edz de la declaraci\u00f3n del estado de alarma en Espa\u00f1a, publica la siguiente nota informativa:<\/p>\n<p>El Real Decreto 463\/2020, por el que se declara el estado de alarma para la gesti\u00f3n de la situaci\u00f3n ocasionada por el COVID-19, as\u00ed como su modificaci\u00f3n publicada hoy, establecen que las autoridades competentes delegadas adoptar\u00e1n las medidas necesarias para garantizar el abastecimiento alimentario.<\/p>\n<p>La producci\u00f3n agr\u00edcola, ganadera y acu\u00edcola, as\u00ed como la actividad pesquera, la transformaci\u00f3n de productos agrarios y pesqueros, los centros o cl\u00ednicas veterinarias, el transporte y la distribuci\u00f3n de alimentos, as\u00ed como su comercializaci\u00f3n a trav\u00e9s de la venta minorista al consumidor, forman la cadena de abastecimiento alimentario cuya actividad debe garantizarse en la situaci\u00f3n de estado de alarma. Esto implica que debe mantenerse no solo la actividad de las empresas agroalimentarias en su conjunto, incluidas las explotaciones agr\u00edcolas, ganaderas, acu\u00edcolas y la actividad pesquera, sino tambi\u00e9n la de las empresas que, a su vez, les suministran los insumos necesarios para su funcionamiento.<\/p>\n<p>En el caso de agricultores, ganaderos, acuicultores y pescadores deben poder seguir realizando las labores necesarias para garantizar el mantenimiento de actividad.<\/p>\n<p>En todo caso, para prevenir y contener la expansi\u00f3n del virus, las labores cuya realizaci\u00f3n no sea imprescindible llevar a cabo durante la duraci\u00f3n del per\u00edodo del estado de alarma, deben limitarse o suspenderse, como por ejemplo, labores accesorias de mantenimiento.<\/p>\n<p>Durante estos d\u00edas, se han recibido numerosas dudas o peticiones de aclaraci\u00f3n en relaci\u00f3n con la aplicaci\u00f3n del estado de alarma en el sector agrario y pesquero, las cuales se pueden agrupar en los siguientes apartados.<\/p>\n<p><strong>1. Apertura del comercio detallista de venta de insumos para la agricultura, la ganader\u00eda y la pesca<\/strong><\/p>\n<p>La actividad agr\u00edcola, ganadera, acu\u00edcola o pesquera precisa del empleo de insumos para su correcto desempe\u00f1o, como son la utilizaci\u00f3n de fertilizantes, productos fitosanitarios, semillas y plantones, productos veterinarios, piensos, sal, hielo, pertrechos, etc\u00e9tera. Para ello, la actividad del comercio detallista que suministra este tipo de insumos tiene continuidad, ya que son actividades imprescindibles para asegurar la producci\u00f3n primaria y, con ello, el suministro alimentario a la ciudadan\u00eda. En ocasiones, este comercio detallista lo prestan las propias cooperativas agrarias, cofrad\u00edas de pescadores, lonjas o puertos que deber\u00e1 poder seguir prestando este servicio. Tambi\u00e9n en ocasiones, estos productos se venden en establecimientos que comercializan otro tipo de productos. En este caso, la actividad se limitar\u00e1 a la necesaria para la venta de insumos a los agricultores, ganaderos, acuicultores y pescadores.<\/p>\n<p><strong>2. Suspensi\u00f3n de plazos en los procedimientos administrativos vinculados a la Pol\u00edtica Agraria Com\u00fan (PAC) y al sector pesquero<\/strong><\/p>\n<p>Con car\u00e1cter general, la entrada en vigor del Real Decreto 463\/2020, supone la interrupci\u00f3n de todos los plazos para la tramitaci\u00f3n de procedimientos administrativos vinculados a la Pol\u00edtica Agraria Com\u00fan (PAC) y al sector pesquero.<\/p>\n<p>En este contexto, el incumplimiento de plazos por causas no imputables a los interesados, podr\u00e1 ser considerado como causa de fuerza mayor.<\/p>\n<p>Procedimientos vinculados a la Pol\u00edtica Agraria Com\u00fan (PAC)<\/p>\n<p>En lo que se refiere a las ayudas directas que reciben agricultores y ganaderos, cuyo plazo de solicitud comprende desde el 1 de febrero hasta el 30 de abril, el Ministerio de Agricultura, Pesca y Alimentaci\u00f3n valora la decisi\u00f3n de la Comisi\u00f3n Europea de prorrogar el plazo de solicitud hasta el 15 de junio. La Comisi\u00f3n ha confirmado a Espa\u00f1a que en breve se iniciar\u00e1 la tramitaci\u00f3n de un Reglamento de Ejecuci\u00f3n para llevar a cabo esta extensi\u00f3n. En todo caso, en colaboraci\u00f3n con las comunidades aut\u00f3nomas, se facilitar\u00e1 la presentaci\u00f3n telem\u00e1tica de las solicitudes de ayuda para que puedan seguir registr\u00e1ndose, mientras dure el estado de alarma, el m\u00e1ximo n\u00famero de solicitudes a trav\u00e9s de medios telem\u00e1ticos.<\/p>\n<p>Para el conjunto de reg\u00edmenes de ayuda y procedimientos administrativos vinculados a la aplicaci\u00f3n de la PAC en Espa\u00f1a, se proceder\u00e1 a su revisi\u00f3n para facilitar el cumplimiento de los compromisos de todos los beneficiarios que se vean afectados por la aplicaci\u00f3n del estado de alarma, al tener este estado excepcional la consideraci\u00f3n de causa de fuerza mayor y solicitar\u00e1 a la Comisi\u00f3n Europea los cambios normativos de urgencia que sean necesarios.<\/p>\n<h3><strong>Plazos relativos a expedientes sancionadores en el \u00e1mbito del sector pesquero<\/strong><\/h3>\n<p>En el caso de infracciones respecto de las cuales no se haya iniciado expediente, quedan suspendidos los plazos de prescripci\u00f3n de las infracciones, si bien se pueden adoptar medidas provisionales.<\/p>\n<p>En el caso de expedientes iniciados, se suspende la tramitaci\u00f3n de los mismos, as\u00ed como los plazos de caducidad y para la realizaci\u00f3n de cualquier tipo de tr\u00e1mite, salvo en lo relativo a aquellas medidas de ordenaci\u00f3n e instrucci\u00f3n estrictamente necesarias que se puedan adoptar a efectos de evitar perjuicios graves en los derechos e intereses de los interesados, siempre con la conformidad de los mismos.<\/p>\n<p><strong>3. Reglas para buques pesqueros, en coordinaci\u00f3n con el Instituto Social de la Marina (ISM). Recomendaciones operativas.<\/strong><\/p>\n<p>Los barcos son una parte cr\u00edtica de la cadena de suministro de alimentos, por lo que se debe garantizar su funcionamiento y operatividad. Las personas que forman parte de la tripulaci\u00f3n deben respetar y aplicar estas recomendaciones en todos sus puntos. La responsabilidad personal y social de todas las personas de la tripulaci\u00f3n es fundamental para minimizar riesgos y evitar el contagio.<\/p>\n<p>Si nadie de la tripulaci\u00f3n est\u00e1 afectado por la enfermedad, el barco es un espacio que ofrece aislamiento con terceras personas y debe mantenerse as\u00ed el m\u00e1ximo tiempo posible alargando las mareas todo el tiempo que se pueda, siempre que la seguridad en el mar lo permita, evitando entrar en puerto hasta que no se disponga de las capturas suficientes para un grado de ocupaci\u00f3n de las bodegas significativo o la calidad de las capturas pueda verse afectada. Las medidas de autoprotecci\u00f3n deber\u00e1n ser determinadas en cada caso por el patr\u00f3n del barco en funci\u00f3n de las circunstancias pudiendo adoptar, incluso si fuera necesario, del desembarco de la tripulaci\u00f3n entre mareas para evitar su contagio.<\/p>\n<h3>Flota de Altura y Gran Altura<\/h3>\n<p>Si no hay capturas suficientes, como se ha se\u00f1alado en el punto anterior, se recomienda no regresar a puerto y permanecer en la mar hasta completar el cupo se\u00f1alado.<\/p>\n<p>Flota que opera en aguas de caladero nacional<\/p>\n<p>Su propia actividad determina que su operativa implica mareas con entrada en puerto todos los d\u00edas. A este tipo de flota se recomienda que sus tripulantes extremen las medidas de higiene y sigan las recomendaciones que en el futuro vaya determinando el Ministerio de Sanidad.<\/p>\n<p>Se divulgar\u00e1n normas espec\u00edficas en relaci\u00f3n con el control de acceso y previo al embarque, la organizaci\u00f3n y limpieza del buque y la forma de actuar en caso de sospecha o confirmaci\u00f3n de positivo por coronavirus.<\/p>\n<p>&nbsp;<\/p>\n","protected":false},"excerpt":{"rendered":"<p>En una nota informativa, el ministerio recuerda su importancia para garantizar la cadena de abastecimiento alimentaria y solventa las principales dudas suscitadas a ra\u00edz de la declaraci\u00f3n del Estado de alarma este pasado s\u00e1bado. El Ministerio de Agricultura, Pesca y Alimentaci\u00f3n, en aras de solventar las principales dudas suscitadas a ra\u00edz de la declaraci\u00f3n del [&hellip;]<\/p>\n","protected":false},"author":1,"featured_media":1039575,"comment_status":"closed","ping_status":"closed","sticky":false,"template":"","format":"standard","meta":{"footnotes":""},"categories":[187],"tags":[],"class_list":["post-1061279","post","type-post","status-publish","format-standard","has-post-thumbnail","hentry","category-economia"],"aioseo_notices":[],"aioseo_head":"\n\t\t<!-- All in One SEO Pro 4.9.6.2 - aioseo.com -->\n\t<meta name=\"description\" content=\"En una nota informativa, el ministerio recuerda su importancia para garantizar la cadena de abastecimiento alimentaria y solventa las principales dudas suscitadas a ra\u00edz de la declaraci\u00f3n del Estado de alarma este pasado s\u00e1bado. El Ministerio de Agricultura, Pesca y Alimentaci\u00f3n, en aras de solventar las principales dudas suscitadas a ra\u00edz de la declaraci\u00f3n del\" \/>\n\t<meta name=\"robots\" content=\"max-image-preview:large\" \/>\n\t<meta name=\"author\" content=\"El Digital de Asturias\"\/>\n\t<meta name=\"google-site-verification\" content=\"UA-38556648-1\" \/>\n\t<meta name=\"msvalidate.01\" content=\"7dfe9f3f1b24437ab69f4f2559babe99\" \/>\n\t<meta name=\"keywords\" content=\"econom\u00eda\" \/>\n\t<link rel=\"canonical\" href=\"https:\/\/www.eldigitaldeasturias.com\/noticias\/covid-19-garantizar-la-cadena-de-abastecimiento-alimentaria\/\" \/>\n\t<meta name=\"generator\" content=\"All in One SEO Pro (AIOSEO) 4.9.6.2\" \/>\n\t\t<meta property=\"og:locale\" content=\"es_ES\" \/>\n\t\t<meta property=\"og:site_name\" content=\"El Digital de Asturias\" \/>\n\t\t<meta property=\"og:type\" content=\"article\" \/>\n\t\t<meta property=\"og:title\" content=\"Covid-19: Garantizar la cadena de abastecimiento alimentaria - El Digital de Asturias\" \/>\n\t\t<meta property=\"og:description\" content=\"En una nota informativa, el ministerio recuerda su importancia para garantizar la cadena de abastecimiento alimentaria y solventa las principales dudas suscitadas a ra\u00edz de la declaraci\u00f3n del Estado de alarma este pasado s\u00e1bado. El Ministerio de Agricultura, Pesca y Alimentaci\u00f3n, en aras de solventar las principales dudas suscitadas a ra\u00edz de la declaraci\u00f3n del\" \/>\n\t\t<meta property=\"og:url\" content=\"https:\/\/www.eldigitaldeasturias.com\/noticias\/covid-19-garantizar-la-cadena-de-abastecimiento-alimentaria\/\" \/>\n\t\t<meta property=\"og:image\" content=\"https:\/\/www.eldigitaldeasturias.com\/noticias\/wp-content\/uploads\/2019\/09\/fishing-nets-2329659_960_720.jpg\" \/>\n\t\t<meta property=\"og:image:secure_url\" content=\"https:\/\/www.eldigitaldeasturias.com\/noticias\/wp-content\/uploads\/2019\/09\/fishing-nets-2329659_960_720.jpg\" \/>\n\t\t<meta property=\"og:image:width\" content=\"960\" \/>\n\t\t<meta property=\"og:image:height\" content=\"635\" \/>\n\t\t<meta property=\"article:tag\" content=\"econom\u00eda\" \/>\n\t\t<meta property=\"article:published_time\" content=\"2020-03-19T13:10:33+00:00\" \/>\n\t\t<meta property=\"article:modified_time\" content=\"2020-03-19T13:10:33+00:00\" \/>\n\t\t<meta property=\"article:publisher\" content=\"https:\/\/facebook.com\/eldigitaldeasturias\" \/>\n\t\t<meta name=\"twitter:card\" content=\"summary_large_image\" \/>\n\t\t<meta name=\"twitter:title\" content=\"Covid-19: Garantizar la cadena de abastecimiento alimentaria - El Digital de Asturias\" \/>\n\t\t<meta name=\"twitter:description\" content=\"En una nota informativa, el ministerio recuerda su importancia para garantizar la cadena de abastecimiento alimentaria y solventa las principales dudas suscitadas a ra\u00edz de la declaraci\u00f3n del Estado de alarma este pasado s\u00e1bado. El Ministerio de Agricultura, Pesca y Alimentaci\u00f3n, en aras de solventar las principales dudas suscitadas a ra\u00edz de la declaraci\u00f3n del\" \/>\n\t\t<meta name=\"twitter:image\" content=\"https:\/\/www.eldigitaldeasturias.com\/noticias\/wp-content\/uploads\/2019\/09\/fishing-nets-2329659_960_720.jpg\" \/>\n\t\t<meta name=\"twitter:label1\" content=\"Escrito por\" \/>\n\t\t<meta name=\"twitter:data1\" content=\"El Digital de Asturias\" \/>\n\t\t<meta name=\"twitter:label2\" content=\"Tiempo de lectura estimado\" \/>\n\t\t<meta name=\"twitter:data2\" content=\"6 minutos\" \/>\n\t\t<script type=\"application\/ld+json\" class=\"aioseo-schema\">\n\t\t\t{\"@context\":\"https:\\\/\\\/schema.org\",\"@graph\":[{\"@type\":\"BlogPosting\",\"@id\":\"https:\\\/\\\/www.eldigitaldeasturias.com\\\/noticias\\\/covid-19-garantizar-la-cadena-de-abastecimiento-alimentaria\\\/#blogposting\",\"name\":\"Covid-19: Garantizar la cadena de abastecimiento alimentaria - El Digital de Asturias\",\"headline\":\"Covid-19: Garantizar la cadena de abastecimiento alimentaria\",\"author\":{\"@id\":\"https:\\\/\\\/www.eldigitaldeasturias.com\\\/noticias\\\/author\\\/admin\\\/#author\"},\"publisher\":{\"@id\":\"https:\\\/\\\/www.eldigitaldeasturias.com\\\/noticias\\\/#organization\"},\"image\":{\"@type\":\"ImageObject\",\"url\":\"https:\\\/\\\/www.eldigitaldeasturias.com\\\/noticias\\\/wp-content\\\/uploads\\\/2019\\\/09\\\/fishing-nets-2329659_960_720.jpg\",\"width\":960,\"height\":635},\"datePublished\":\"2020-03-19T13:10:33+01:00\",\"dateModified\":\"2020-03-19T13:10:33+01:00\",\"inLanguage\":\"es-ES\",\"mainEntityOfPage\":{\"@id\":\"https:\\\/\\\/www.eldigitaldeasturias.com\\\/noticias\\\/covid-19-garantizar-la-cadena-de-abastecimiento-alimentaria\\\/#webpage\"},\"isPartOf\":{\"@id\":\"https:\\\/\\\/www.eldigitaldeasturias.com\\\/noticias\\\/covid-19-garantizar-la-cadena-de-abastecimiento-alimentaria\\\/#webpage\"},\"articleSection\":\"Econom\\u00eda\"},{\"@type\":\"BreadcrumbList\",\"@id\":\"https:\\\/\\\/www.eldigitaldeasturias.com\\\/noticias\\\/covid-19-garantizar-la-cadena-de-abastecimiento-alimentaria\\\/#breadcrumblist\",\"itemListElement\":[{\"@type\":\"ListItem\",\"@id\":\"https:\\\/\\\/www.eldigitaldeasturias.com\\\/noticias#listItem\",\"position\":1,\"name\":\"Home\",\"item\":\"https:\\\/\\\/www.eldigitaldeasturias.com\\\/noticias\",\"nextItem\":{\"@type\":\"ListItem\",\"@id\":\"https:\\\/\\\/www.eldigitaldeasturias.com\\\/noticias\\\/category\\\/economia\\\/#listItem\",\"name\":\"Econom\\u00eda\"}},{\"@type\":\"ListItem\",\"@id\":\"https:\\\/\\\/www.eldigitaldeasturias.com\\\/noticias\\\/category\\\/economia\\\/#listItem\",\"position\":2,\"name\":\"Econom\\u00eda\",\"item\":\"https:\\\/\\\/www.eldigitaldeasturias.com\\\/noticias\\\/category\\\/economia\\\/\",\"nextItem\":{\"@type\":\"ListItem\",\"@id\":\"https:\\\/\\\/www.eldigitaldeasturias.com\\\/noticias\\\/covid-19-garantizar-la-cadena-de-abastecimiento-alimentaria\\\/#listItem\",\"name\":\"Covid-19: Garantizar la cadena de abastecimiento alimentaria\"},\"previousItem\":{\"@type\":\"ListItem\",\"@id\":\"https:\\\/\\\/www.eldigitaldeasturias.com\\\/noticias#listItem\",\"name\":\"Home\"}},{\"@type\":\"ListItem\",\"@id\":\"https:\\\/\\\/www.eldigitaldeasturias.com\\\/noticias\\\/covid-19-garantizar-la-cadena-de-abastecimiento-alimentaria\\\/#listItem\",\"position\":3,\"name\":\"Covid-19: Garantizar la cadena de abastecimiento alimentaria\",\"previousItem\":{\"@type\":\"ListItem\",\"@id\":\"https:\\\/\\\/www.eldigitaldeasturias.com\\\/noticias\\\/category\\\/economia\\\/#listItem\",\"name\":\"Econom\\u00eda\"}}]},{\"@type\":\"Organization\",\"@id\":\"https:\\\/\\\/www.eldigitaldeasturias.com\\\/noticias\\\/#organization\",\"name\":\"El Digital de Asturias\",\"description\":\"Hemeroteca\",\"url\":\"https:\\\/\\\/www.eldigitaldeasturias.com\\\/noticias\\\/\",\"email\":\"info@eldigitaldeasturias.com\",\"telephone\":\"+34652131393\",\"logo\":{\"@type\":\"ImageObject\",\"url\":\"https:\\\/\\\/www.eldigitaldeasturias.com\\\/noticias\\\/wp-content\\\/uploads\\\/2020\\\/12\\\/EDA.jpg\",\"@id\":\"https:\\\/\\\/www.eldigitaldeasturias.com\\\/noticias\\\/covid-19-garantizar-la-cadena-de-abastecimiento-alimentaria\\\/#organizationLogo\",\"width\":649,\"height\":297},\"image\":{\"@id\":\"https:\\\/\\\/www.eldigitaldeasturias.com\\\/noticias\\\/covid-19-garantizar-la-cadena-de-abastecimiento-alimentaria\\\/#organizationLogo\"},\"sameAs\":[\"https:\\\/\\\/facebook.com\\\/eldigitaldeasturias\",\"https:\\\/\\\/www.youtube.com\\\/channel\\\/UCZP-2wLEB9Rv6erhFmqVnvg\"],\"address\":{\"@id\":\"https:\\\/\\\/www.eldigitaldeasturias.com\\\/noticias\\\/#postaladdress\",\"@type\":\"PostalAddress\",\"streetAddress\":\"san antonio 4,\",\"postalCode\":\"33430\",\"addressLocality\":\"Cand\\u00e1s\",\"addressRegion\":\"Asturias\",\"addressCountry\":\"ES\"}},{\"@type\":\"Person\",\"@id\":\"https:\\\/\\\/www.eldigitaldeasturias.com\\\/noticias\\\/author\\\/admin\\\/#author\",\"url\":\"https:\\\/\\\/www.eldigitaldeasturias.com\\\/noticias\\\/author\\\/admin\\\/\",\"name\":\"El Digital de Asturias\",\"image\":{\"@type\":\"ImageObject\",\"@id\":\"https:\\\/\\\/www.eldigitaldeasturias.com\\\/noticias\\\/covid-19-garantizar-la-cadena-de-abastecimiento-alimentaria\\\/#authorImage\",\"url\":\"https:\\\/\\\/www.eldigitaldeasturias.com\\\/noticias\\\/wp-content\\\/litespeed\\\/avatar\\\/18677e78aa0546b92d9dbf31ec7d7668.jpg?ver=1777290358\",\"width\":96,\"height\":96,\"caption\":\"El Digital de Asturias\"}},{\"@type\":\"WebPage\",\"@id\":\"https:\\\/\\\/www.eldigitaldeasturias.com\\\/noticias\\\/covid-19-garantizar-la-cadena-de-abastecimiento-alimentaria\\\/#webpage\",\"url\":\"https:\\\/\\\/www.eldigitaldeasturias.com\\\/noticias\\\/covid-19-garantizar-la-cadena-de-abastecimiento-alimentaria\\\/\",\"name\":\"Covid-19: Garantizar la cadena de abastecimiento alimentaria - El Digital de Asturias\",\"description\":\"En una nota informativa, el ministerio recuerda su importancia para garantizar la cadena de abastecimiento alimentaria y solventa las principales dudas suscitadas a ra\\u00edz de la declaraci\\u00f3n del Estado de alarma este pasado s\\u00e1bado. El Ministerio de Agricultura, Pesca y Alimentaci\\u00f3n, en aras de solventar las principales dudas suscitadas a ra\\u00edz de la declaraci\\u00f3n del\",\"inLanguage\":\"es-ES\",\"isPartOf\":{\"@id\":\"https:\\\/\\\/www.eldigitaldeasturias.com\\\/noticias\\\/#website\"},\"breadcrumb\":{\"@id\":\"https:\\\/\\\/www.eldigitaldeasturias.com\\\/noticias\\\/covid-19-garantizar-la-cadena-de-abastecimiento-alimentaria\\\/#breadcrumblist\"},\"author\":{\"@id\":\"https:\\\/\\\/www.eldigitaldeasturias.com\\\/noticias\\\/author\\\/admin\\\/#author\"},\"creator\":{\"@id\":\"https:\\\/\\\/www.eldigitaldeasturias.com\\\/noticias\\\/author\\\/admin\\\/#author\"},\"image\":{\"@type\":\"ImageObject\",\"url\":\"https:\\\/\\\/www.eldigitaldeasturias.com\\\/noticias\\\/wp-content\\\/uploads\\\/2019\\\/09\\\/fishing-nets-2329659_960_720.jpg\",\"@id\":\"https:\\\/\\\/www.eldigitaldeasturias.com\\\/noticias\\\/covid-19-garantizar-la-cadena-de-abastecimiento-alimentaria\\\/#mainImage\",\"width\":960,\"height\":635},\"primaryImageOfPage\":{\"@id\":\"https:\\\/\\\/www.eldigitaldeasturias.com\\\/noticias\\\/covid-19-garantizar-la-cadena-de-abastecimiento-alimentaria\\\/#mainImage\"},\"datePublished\":\"2020-03-19T13:10:33+01:00\",\"dateModified\":\"2020-03-19T13:10:33+01:00\"},{\"@type\":\"WebSite\",\"@id\":\"https:\\\/\\\/www.eldigitaldeasturias.com\\\/noticias\\\/#website\",\"url\":\"https:\\\/\\\/www.eldigitaldeasturias.com\\\/noticias\\\/\",\"name\":\"El Digital de Asturias - Diario de actualidad y noticias\",\"alternateName\":\"El Digital de Asturias - Diario de actualidad y noticias\",\"description\":\"Hemeroteca\",\"inLanguage\":\"es-ES\",\"publisher\":{\"@id\":\"https:\\\/\\\/www.eldigitaldeasturias.com\\\/noticias\\\/#organization\"}}]}\n\t\t<\/script>\n\t\t<!-- All in One SEO Pro -->\r\n\t\t<title>Covid-19: Garantizar la cadena de abastecimiento alimentaria - El Digital de Asturias<\/title>\n\n","aioseo_head_json":{"title":"Covid-19: Garantizar la cadena de abastecimiento alimentaria - El Digital de Asturias","description":"En una nota informativa, el ministerio recuerda su importancia para garantizar la cadena de abastecimiento alimentaria y solventa las principales dudas suscitadas a ra\u00edz de la declaraci\u00f3n del Estado de alarma este pasado s\u00e1bado. El Ministerio de Agricultura, Pesca y Alimentaci\u00f3n, en aras de solventar las principales dudas suscitadas a ra\u00edz de la declaraci\u00f3n del","canonical_url":"https:\/\/www.eldigitaldeasturias.com\/noticias\/covid-19-garantizar-la-cadena-de-abastecimiento-alimentaria\/","robots":"max-image-preview:large","keywords":"econom\u00eda","webmasterTools":{"google-site-verification":"UA-38556648-1","msvalidate.01":"7dfe9f3f1b24437ab69f4f2559babe99","miscellaneous":""},"schema":{"@context":"https:\/\/schema.org","@graph":[{"@type":"BlogPosting","@id":"https:\/\/www.eldigitaldeasturias.com\/noticias\/covid-19-garantizar-la-cadena-de-abastecimiento-alimentaria\/#blogposting","name":"Covid-19: Garantizar la cadena de abastecimiento alimentaria - El Digital de Asturias","headline":"Covid-19: Garantizar la cadena de abastecimiento alimentaria","author":{"@id":"https:\/\/www.eldigitaldeasturias.com\/noticias\/author\/admin\/#author"},"publisher":{"@id":"https:\/\/www.eldigitaldeasturias.com\/noticias\/#organization"},"image":{"@type":"ImageObject","url":"https:\/\/www.eldigitaldeasturias.com\/noticias\/wp-content\/uploads\/2019\/09\/fishing-nets-2329659_960_720.jpg","width":960,"height":635},"datePublished":"2020-03-19T13:10:33+01:00","dateModified":"2020-03-19T13:10:33+01:00","inLanguage":"es-ES","mainEntityOfPage":{"@id":"https:\/\/www.eldigitaldeasturias.com\/noticias\/covid-19-garantizar-la-cadena-de-abastecimiento-alimentaria\/#webpage"},"isPartOf":{"@id":"https:\/\/www.eldigitaldeasturias.com\/noticias\/covid-19-garantizar-la-cadena-de-abastecimiento-alimentaria\/#webpage"},"articleSection":"Econom\u00eda"},{"@type":"BreadcrumbList","@id":"https:\/\/www.eldigitaldeasturias.com\/noticias\/covid-19-garantizar-la-cadena-de-abastecimiento-alimentaria\/#breadcrumblist","itemListElement":[{"@type":"ListItem","@id":"https:\/\/www.eldigitaldeasturias.com\/noticias#listItem","position":1,"name":"Home","item":"https:\/\/www.eldigitaldeasturias.com\/noticias","nextItem":{"@type":"ListItem","@id":"https:\/\/www.eldigitaldeasturias.com\/noticias\/category\/economia\/#listItem","name":"Econom\u00eda"}},{"@type":"ListItem","@id":"https:\/\/www.eldigitaldeasturias.com\/noticias\/category\/economia\/#listItem","position":2,"name":"Econom\u00eda","item":"https:\/\/www.eldigitaldeasturias.com\/noticias\/category\/economia\/","nextItem":{"@type":"ListItem","@id":"https:\/\/www.eldigitaldeasturias.com\/noticias\/covid-19-garantizar-la-cadena-de-abastecimiento-alimentaria\/#listItem","name":"Covid-19: Garantizar la cadena de abastecimiento alimentaria"},"previousItem":{"@type":"ListItem","@id":"https:\/\/www.eldigitaldeasturias.com\/noticias#listItem","name":"Home"}},{"@type":"ListItem","@id":"https:\/\/www.eldigitaldeasturias.com\/noticias\/covid-19-garantizar-la-cadena-de-abastecimiento-alimentaria\/#listItem","position":3,"name":"Covid-19: Garantizar la cadena de abastecimiento alimentaria","previousItem":{"@type":"ListItem","@id":"https:\/\/www.eldigitaldeasturias.com\/noticias\/category\/economia\/#listItem","name":"Econom\u00eda"}}]},{"@type":"Organization","@id":"https:\/\/www.eldigitaldeasturias.com\/noticias\/#organization","name":"El Digital de Asturias","description":"Hemeroteca","url":"https:\/\/www.eldigitaldeasturias.com\/noticias\/","email":"info@eldigitaldeasturias.com","telephone":"+34652131393","logo":{"@type":"ImageObject","url":"https:\/\/www.eldigitaldeasturias.com\/noticias\/wp-content\/uploads\/2020\/12\/EDA.jpg","@id":"https:\/\/www.eldigitaldeasturias.com\/noticias\/covid-19-garantizar-la-cadena-de-abastecimiento-alimentaria\/#organizationLogo","width":649,"height":297},"image":{"@id":"https:\/\/www.eldigitaldeasturias.com\/noticias\/covid-19-garantizar-la-cadena-de-abastecimiento-alimentaria\/#organizationLogo"},"sameAs":["https:\/\/facebook.com\/eldigitaldeasturias","https:\/\/www.youtube.com\/channel\/UCZP-2wLEB9Rv6erhFmqVnvg"],"address":{"@id":"https:\/\/www.eldigitaldeasturias.com\/noticias\/#postaladdress","@type":"PostalAddress","streetAddress":"san antonio 4,","postalCode":"33430","addressLocality":"Cand\u00e1s","addressRegion":"Asturias","addressCountry":"ES"}},{"@type":"Person","@id":"https:\/\/www.eldigitaldeasturias.com\/noticias\/author\/admin\/#author","url":"https:\/\/www.eldigitaldeasturias.com\/noticias\/author\/admin\/","name":"El Digital de Asturias","image":{"@type":"ImageObject","@id":"https:\/\/www.eldigitaldeasturias.com\/noticias\/covid-19-garantizar-la-cadena-de-abastecimiento-alimentaria\/#authorImage","url":"https:\/\/www.eldigitaldeasturias.com\/noticias\/wp-content\/litespeed\/avatar\/18677e78aa0546b92d9dbf31ec7d7668.jpg?ver=1777290358","width":96,"height":96,"caption":"El Digital de Asturias"}},{"@type":"WebPage","@id":"https:\/\/www.eldigitaldeasturias.com\/noticias\/covid-19-garantizar-la-cadena-de-abastecimiento-alimentaria\/#webpage","url":"https:\/\/www.eldigitaldeasturias.com\/noticias\/covid-19-garantizar-la-cadena-de-abastecimiento-alimentaria\/","name":"Covid-19: Garantizar la cadena de abastecimiento alimentaria - El Digital de Asturias","description":"En una nota informativa, el ministerio recuerda su importancia para garantizar la cadena de abastecimiento alimentaria y solventa las principales dudas suscitadas a ra\u00edz de la declaraci\u00f3n del Estado de alarma este pasado s\u00e1bado. El Ministerio de Agricultura, Pesca y Alimentaci\u00f3n, en aras de solventar las principales dudas suscitadas a ra\u00edz de la declaraci\u00f3n del","inLanguage":"es-ES","isPartOf":{"@id":"https:\/\/www.eldigitaldeasturias.com\/noticias\/#website"},"breadcrumb":{"@id":"https:\/\/www.eldigitaldeasturias.com\/noticias\/covid-19-garantizar-la-cadena-de-abastecimiento-alimentaria\/#breadcrumblist"},"author":{"@id":"https:\/\/www.eldigitaldeasturias.com\/noticias\/author\/admin\/#author"},"creator":{"@id":"https:\/\/www.eldigitaldeasturias.com\/noticias\/author\/admin\/#author"},"image":{"@type":"ImageObject","url":"https:\/\/www.eldigitaldeasturias.com\/noticias\/wp-content\/uploads\/2019\/09\/fishing-nets-2329659_960_720.jpg","@id":"https:\/\/www.eldigitaldeasturias.com\/noticias\/covid-19-garantizar-la-cadena-de-abastecimiento-alimentaria\/#mainImage","width":960,"height":635},"primaryImageOfPage":{"@id":"https:\/\/www.eldigitaldeasturias.com\/noticias\/covid-19-garantizar-la-cadena-de-abastecimiento-alimentaria\/#mainImage"},"datePublished":"2020-03-19T13:10:33+01:00","dateModified":"2020-03-19T13:10:33+01:00"},{"@type":"WebSite","@id":"https:\/\/www.eldigitaldeasturias.com\/noticias\/#website","url":"https:\/\/www.eldigitaldeasturias.com\/noticias\/","name":"El Digital de Asturias - Diario de actualidad y noticias","alternateName":"El Digital de Asturias - Diario de actualidad y noticias","description":"Hemeroteca","inLanguage":"es-ES","publisher":{"@id":"https:\/\/www.eldigitaldeasturias.com\/noticias\/#organization"}}]},"og:locale":"es_ES","og:site_name":"El Digital de Asturias","og:type":"article","og:title":"Covid-19: Garantizar la cadena de abastecimiento alimentaria - El Digital de Asturias","og:description":"En una nota informativa, el ministerio recuerda su importancia para garantizar la cadena de abastecimiento alimentaria y solventa las principales dudas suscitadas a ra\u00edz de la declaraci\u00f3n del Estado de alarma este pasado s\u00e1bado. El Ministerio de Agricultura, Pesca y Alimentaci\u00f3n, en aras de solventar las principales dudas suscitadas a ra\u00edz de la declaraci\u00f3n del","og:url":"https:\/\/www.eldigitaldeasturias.com\/noticias\/covid-19-garantizar-la-cadena-de-abastecimiento-alimentaria\/","og:image":"https:\/\/www.eldigitaldeasturias.com\/noticias\/wp-content\/uploads\/2019\/09\/fishing-nets-2329659_960_720.jpg","og:image:secure_url":"https:\/\/www.eldigitaldeasturias.com\/noticias\/wp-content\/uploads\/2019\/09\/fishing-nets-2329659_960_720.jpg","og:image:width":960,"og:image:height":635,"article:tag":["econom\u00eda"],"article:published_time":"2020-03-19T13:10:33+00:00","article:modified_time":"2020-03-19T13:10:33+00:00","article:publisher":"https:\/\/facebook.com\/eldigitaldeasturias","twitter:card":"summary_large_image","twitter:title":"Covid-19: Garantizar la cadena de abastecimiento alimentaria - El Digital de Asturias","twitter:description":"En una nota informativa, el ministerio recuerda su importancia para garantizar la cadena de abastecimiento alimentaria y solventa las principales dudas suscitadas a ra\u00edz de la declaraci\u00f3n del Estado de alarma este pasado s\u00e1bado. El Ministerio de Agricultura, Pesca y Alimentaci\u00f3n, en aras de solventar las principales dudas suscitadas a ra\u00edz de la declaraci\u00f3n del","twitter:image":"https:\/\/www.eldigitaldeasturias.com\/noticias\/wp-content\/uploads\/2019\/09\/fishing-nets-2329659_960_720.jpg","twitter:label1":"Escrito por","twitter:data1":"El Digital de Asturias","twitter:label2":"Tiempo de lectura estimado","twitter:data2":"6 minutos"},"aioseo_meta_data":{"post_id":"1061279","title":null,"description":null,"keywords":null,"keyphrases":null,"primary_term":null,"canonical_url":null,"og_title":null,"og_description":null,"og_object_type":"default","og_image_type":"default","og_image_url":null,"og_image_width":null,"og_image_height":null,"og_image_custom_url":null,"og_image_custom_fields":null,"og_video":null,"og_custom_url":null,"og_article_section":null,"og_article_tags":null,"twitter_use_og":false,"twitter_card":"default","twitter_image_type":"default","twitter_image_url":null,"twitter_image_custom_url":null,"twitter_image_custom_fields":null,"twitter_title":null,"twitter_description":null,"schema":{"blockGraphs":[],"customGraphs":[],"default":{"data":{"Article":[],"Course":[],"Dataset":[],"FAQPage":[],"Movie":[],"Person":[],"Product":[],"ProductReview":[],"Car":[],"Recipe":[],"Service":[],"SoftwareApplication":[],"WebPage":[]},"graphName":"","isEnabled":true},"graphs":[],"defaultGraph":"","defaultPostTypeGraph":""},"schema_type":null,"schema_type_options":null,"pillar_content":false,"robots_default":true,"robots_noindex":false,"robots_noarchive":false,"robots_nosnippet":false,"robots_nofollow":false,"robots_noimageindex":false,"robots_noodp":false,"robots_notranslate":false,"robots_max_snippet":null,"robots_max_videopreview":null,"robots_max_imagepreview":"large","priority":null,"frequency":null,"local_seo":null,"seo_analyzer_scan_date":"2025-10-31 15:01:19","breadcrumb_settings":null,"limit_modified_date":false,"open_ai":null,"ai":null,"created":"2020-12-21 10:53:32","updated":"2025-10-31 15:01:19"},"aioseo_breadcrumb":"<div class=\"aioseo-breadcrumbs\"><span class=\"aioseo-breadcrumb\">\n\t<a href=\"https:\/\/www.eldigitaldeasturias.com\/noticias\" title=\"Home\">Home<\/a>\n<\/span><span class=\"aioseo-breadcrumb-separator\">\u2013<\/span><span class=\"aioseo-breadcrumb\">\n\t<a href=\"https:\/\/www.eldigitaldeasturias.com\/noticias\/category\/economia\/\" title=\"Econom\u00eda\">Econom\u00eda<\/a>\n<\/span><span class=\"aioseo-breadcrumb-separator\">\u2013<\/span><span class=\"aioseo-breadcrumb\">\n\t<a href=\"https:\/\/www.eldigitaldeasturias.com\/noticias\/covid-19-garantizar-la-cadena-de-abastecimiento-alimentaria\/\" title=\"Covid-19: Garantizar la cadena de abastecimiento alimentaria\">Covid-19: Garantizar la cadena de abastecimiento alimentaria<\/a>\n<\/span><\/div>","aioseo_breadcrumb_json":[{"label":"Home","link":"https:\/\/www.eldigitaldeasturias.com\/noticias"},{"label":"Econom\u00eda","link":"https:\/\/www.eldigitaldeasturias.com\/noticias\/category\/economia\/"},{"label":"Covid-19: Garantizar la cadena de abastecimiento alimentaria","link":"https:\/\/www.eldigitaldeasturias.com\/noticias\/covid-19-garantizar-la-cadena-de-abastecimiento-alimentaria\/"}],"_links":{"self":[{"href":"https:\/\/www.eldigitaldeasturias.com\/noticias\/wp-json\/wp\/v2\/posts\/1061279","targetHints":{"allow":["GET"]}}],"collection":[{"href":"https:\/\/www.eldigitaldeasturias.com\/noticias\/wp-json\/wp\/v2\/posts"}],"about":[{"href":"https:\/\/www.eldigitaldeasturias.com\/noticias\/wp-json\/wp\/v2\/types\/post"}],"author":[{"embeddable":true,"href":"https:\/\/www.eldigitaldeasturias.com\/noticias\/wp-json\/wp\/v2\/users\/1"}],"replies":[{"embeddable":true,"href":"https:\/\/www.eldigitaldeasturias.com\/noticias\/wp-json\/wp\/v2\/comments?post=1061279"}],"version-history":[{"count":0,"href":"https:\/\/www.eldigitaldeasturias.com\/noticias\/wp-json\/wp\/v2\/posts\/1061279\/revisions"}],"wp:featuredmedia":[{"embeddable":true,"href":"https:\/\/www.eldigitaldeasturias.com\/noticias\/wp-json\/wp\/v2\/media\/1039575"}],"wp:attachment":[{"href":"https:\/\/www.eldigitaldeasturias.com\/noticias\/wp-json\/wp\/v2\/media?parent=1061279"}],"wp:term":[{"taxonomy":"category","embeddable":true,"href":"https:\/\/www.eldigitaldeasturias.com\/noticias\/wp-json\/wp\/v2\/categories?post=1061279"},{"taxonomy":"post_tag","embeddable":true,"href":"https:\/\/www.eldigitaldeasturias.com\/noticias\/wp-json\/wp\/v2\/tags?post=1061279"}],"curies":[{"name":"wp","href":"https:\/\/api.w.org\/{rel}","templated":true}]}}