{"id":1061253,"date":"2020-03-19T01:32:12","date_gmt":"2020-03-19T01:32:12","guid":{"rendered":"https:\/\/www.eldigitaldeasturias.com\/noticias\/?p=1061253"},"modified":"2020-03-19T01:32:59","modified_gmt":"2020-03-19T01:32:59","slug":"covid-19-asturias-pide-la-movilizacion-de-la-ciencia-e-innovacion","status":"publish","type":"post","link":"https:\/\/www.eldigitaldeasturias.com\/noticias\/covid-19-asturias-pide-la-movilizacion-de-la-ciencia-e-innovacion\/","title":{"rendered":"Covid-19: Asturias pide la movilizaci\u00f3n de la ciencia e innovaci\u00f3n"},"content":{"rendered":"<p><img loading=\"lazy\" decoding=\"async\" class=\"alignleft size-medium wp-image-1061254\" src=\"https:\/\/www.eldigitaldeasturias.com\/noticias\/wp-content\/uploads\/2020\/03\/ciencia-Asturias-360x314.jpg\" alt=\"\" width=\"360\" height=\"314\" srcset=\"https:\/\/www.eldigitaldeasturias.com\/noticias\/wp-content\/uploads\/2020\/03\/ciencia-Asturias-360x314.jpg 360w, https:\/\/www.eldigitaldeasturias.com\/noticias\/wp-content\/uploads\/2020\/03\/ciencia-Asturias-550x480.jpg 550w, https:\/\/www.eldigitaldeasturias.com\/noticias\/wp-content\/uploads\/2020\/03\/ciencia-Asturias-344x300.jpg 344w, https:\/\/www.eldigitaldeasturias.com\/noticias\/wp-content\/uploads\/2020\/03\/ciencia-Asturias-768x670.jpg 768w, https:\/\/www.eldigitaldeasturias.com\/noticias\/wp-content\/uploads\/2020\/03\/ciencia-Asturias.jpg 817w\" sizes=\"auto, (max-width: 360px) 100vw, 360px\" \/>El <strong>Gobierno de Asturias<\/strong> hace un llamamiento al personal cient\u00edfico asturiano y a las empresas innovadoras de la comunidad con el fin de que concurran a las convocatorias nacionales que saldr\u00e1n estos d\u00edas para desarrollar proyectos contra el nuevo coronavirus. La Consejer\u00eda de Ciencia, Innovaci\u00f3n y Universidad habilitar\u00e1 en breve un correo electr\u00f3nico espec\u00edfico para recabar las iniciativas p\u00fablicas y privadas que puedan desarrollar prototipos o est\u00e9n pr\u00f3ximas al mercado para ser transferidas al \u00e1mbito sanitario.<\/p>\n<p>El consejero Borja S\u00e1nchez, ha planteado esta petici\u00f3n tras mantener una reuni\u00f3n por videoconferencia con el ministro de Ciencia e Innovaci\u00f3n, Pedro Duque, y representantes del resto de comunidades de cara a coordinar las actuaciones del ecosistema cient\u00edfico e innovador para hacer frente al COVID-19.<\/p>\n<h3><strong>Las medidas se articular\u00e1n en los siguientes \u00e1mbitos:<\/strong><\/h3>\n<p><strong>Investigaci\u00f3n<\/strong>. El Gobierno central destinar\u00e1 cuatro millones de euros al Instituto de Salud Carlos III y al Centro Superior de Investigaciones Cient\u00edficas (CSIC) para desarrollar proyectos que se centren en el virus. La financiaci\u00f3n se distribuir\u00e1 de forma r\u00e1pida para que en las pr\u00f3ximas dos semanas los grupos beneficiarios cuenten ya con fondos. Ser\u00e1 una convocatoria abierta, a la que podr\u00e1n concurrir todos los grupos que cumplan los requisitos, y se valorar\u00e1 que los solicitantes cuenten tambi\u00e9n con colaboraci\u00f3n del sector privado.<\/p>\n<p><strong>Innovaci\u00f3n<\/strong>. El Ministerio de Ciencia e Innovaci\u00f3n, a trav\u00e9s del Centro para el Desarrollo Tecnol\u00f3gico Industrial (CDTI), modificar\u00e1 el fondo de provisiones t\u00e9cnicas del programa Cervera para incluir la financiaci\u00f3n de proyectos de I+D+i empresarial de pymes y empresas de mediana capitalizaci\u00f3n. Se destinar\u00e1n 500 millones de euros a ayudas para garantizar la innovaci\u00f3n empresarial, con iniciativas que incluir\u00e1n la agilizaci\u00f3n de convocatorias y la contrataci\u00f3n de personal de I+D+i.<\/p>\n<p><strong>Coordinaci\u00f3n<\/strong>. El ministerio ha solicitado a las comunidades que identifiquen iniciativas en el \u00e1mbito de la investigaci\u00f3n, ya sea p\u00fablica o privada, que est\u00e9n muy pr\u00f3ximas a ser transferidas al sector sanitario. \u201cEstamos hablando de proyectos de todo tipo, bien sea metodolog\u00edas, o desarrollo de pilotos o productos, desde vacunas, desinfectantes, mascarillas, respiradores\u2026 siempre que est\u00e9n muy pr\u00f3ximos al mercado; es decir, proyectos que puedan explotarse\u201d, ha se\u00f1alado Borja S\u00e1nchez.<\/p>\n<p>Para este \u00faltimo apartado, el departamento de Ciencia del Gobierno de Asturias habilitar\u00e1 un correo electr\u00f3nico espec\u00edfico, que se comunicar\u00e1 en los pr\u00f3ximos d\u00edas, para que investigadores, grupos, institutos, centros, fundaciones, asociaciones o simplemente particulares puedan hacer llegar sus propuestas. La consejer\u00eda se encargar\u00e1 de filtrar proyectos susceptibles de ser elevados al ministerio para que los derive al \u00e1mbito sanitario.<\/p>\n<p>\u201cNuestro objetivo es hacer frente a la pandemia con todos nuestros medios\u201d ha indicado el consejero, que anima a todo el personal investigador y las empresas innovadoras a concurrir a las convocatorias de financiaci\u00f3n nacionales. \u201cPedimos la colaboraci\u00f3n de todos, tanto en el sector p\u00fablico como privado, y que nos hagan llegar lo que se est\u00e1 haciendo ahora en nuestra comunidad y que pueda servir para luchar contra el COVID-19\u201d, ha a\u00f1adido Borja S\u00e1nchez.<\/p>\n","protected":false},"excerpt":{"rendered":"<p>El Gobierno de Asturias hace un llamamiento al personal cient\u00edfico asturiano y a las empresas innovadoras de la comunidad con el fin de que concurran a las convocatorias nacionales que saldr\u00e1n estos d\u00edas para desarrollar proyectos contra el nuevo coronavirus. La Consejer\u00eda de Ciencia, Innovaci\u00f3n y Universidad habilitar\u00e1 en breve un correo electr\u00f3nico espec\u00edfico para [&hellip;]<\/p>\n","protected":false},"author":1,"featured_media":1061254,"comment_status":"closed","ping_status":"closed","sticky":false,"template":"","format":"standard","meta":{"footnotes":""},"categories":[12,141],"tags":[],"class_list":["post-1061253","post","type-post","status-publish","format-standard","has-post-thumbnail","hentry","category-actualidad-asturias","category-destacadas"],"aioseo_notices":[],"aioseo_head":"\n\t\t<!-- All in One SEO Pro 4.9.6.2 - aioseo.com -->\n\t<meta name=\"description\" content=\"El Gobierno de Asturias hace un llamamiento al personal cient\u00edfico asturiano y a las empresas innovadoras de la comunidad con el fin de que concurran a las convocatorias nacionales que saldr\u00e1n estos d\u00edas para desarrollar proyectos contra el nuevo coronavirus. La Consejer\u00eda de Ciencia, Innovaci\u00f3n y Universidad habilitar\u00e1 en breve un correo electr\u00f3nico espec\u00edfico para\" \/>\n\t<meta name=\"robots\" content=\"max-image-preview:large\" \/>\n\t<meta name=\"author\" content=\"El Digital de Asturias\"\/>\n\t<meta name=\"google-site-verification\" content=\"UA-38556648-1\" \/>\n\t<meta name=\"msvalidate.01\" content=\"7dfe9f3f1b24437ab69f4f2559babe99\" \/>\n\t<meta name=\"keywords\" content=\"actualidad asturias,destacadas\" \/>\n\t<link rel=\"canonical\" href=\"https:\/\/www.eldigitaldeasturias.com\/noticias\/covid-19-asturias-pide-la-movilizacion-de-la-ciencia-e-innovacion\/\" \/>\n\t<meta name=\"generator\" content=\"All in One SEO Pro (AIOSEO) 4.9.6.2\" \/>\n\t\t<meta property=\"og:locale\" content=\"es_ES\" \/>\n\t\t<meta property=\"og:site_name\" content=\"El Digital de Asturias\" \/>\n\t\t<meta property=\"og:type\" content=\"article\" \/>\n\t\t<meta property=\"og:title\" content=\"Covid-19: Asturias pide la movilizaci\u00f3n de la ciencia e innovaci\u00f3n - El Digital de Asturias\" \/>\n\t\t<meta property=\"og:description\" content=\"El Gobierno de Asturias hace un llamamiento al personal cient\u00edfico asturiano y a las empresas innovadoras de la comunidad con el fin de que concurran a las convocatorias nacionales que saldr\u00e1n estos d\u00edas para desarrollar proyectos contra el nuevo coronavirus. La Consejer\u00eda de Ciencia, Innovaci\u00f3n y Universidad habilitar\u00e1 en breve un correo electr\u00f3nico espec\u00edfico para\" \/>\n\t\t<meta property=\"og:url\" content=\"https:\/\/www.eldigitaldeasturias.com\/noticias\/covid-19-asturias-pide-la-movilizacion-de-la-ciencia-e-innovacion\/\" \/>\n\t\t<meta property=\"og:image\" content=\"https:\/\/www.eldigitaldeasturias.com\/noticias\/wp-content\/uploads\/2020\/03\/ciencia-Asturias.jpg\" \/>\n\t\t<meta property=\"og:image:secure_url\" content=\"https:\/\/www.eldigitaldeasturias.com\/noticias\/wp-content\/uploads\/2020\/03\/ciencia-Asturias.jpg\" \/>\n\t\t<meta property=\"og:image:width\" content=\"817\" \/>\n\t\t<meta property=\"og:image:height\" content=\"713\" \/>\n\t\t<meta property=\"article:tag\" content=\"actualidad asturias\" \/>\n\t\t<meta property=\"article:tag\" content=\"destacadas\" \/>\n\t\t<meta property=\"article:published_time\" content=\"2020-03-19T01:32:12+00:00\" \/>\n\t\t<meta property=\"article:modified_time\" content=\"2020-03-19T01:32:59+00:00\" \/>\n\t\t<meta property=\"article:publisher\" content=\"https:\/\/facebook.com\/eldigitaldeasturias\" \/>\n\t\t<meta name=\"twitter:card\" content=\"summary_large_image\" \/>\n\t\t<meta name=\"twitter:title\" content=\"Covid-19: Asturias pide la movilizaci\u00f3n de la ciencia e innovaci\u00f3n - El Digital de Asturias\" \/>\n\t\t<meta name=\"twitter:description\" content=\"El Gobierno de Asturias hace un llamamiento al personal cient\u00edfico asturiano y a las empresas innovadoras de la comunidad con el fin de que concurran a las convocatorias nacionales que saldr\u00e1n estos d\u00edas para desarrollar proyectos contra el nuevo coronavirus. La Consejer\u00eda de Ciencia, Innovaci\u00f3n y Universidad habilitar\u00e1 en breve un correo electr\u00f3nico espec\u00edfico para\" \/>\n\t\t<meta name=\"twitter:image\" content=\"https:\/\/www.eldigitaldeasturias.com\/noticias\/wp-content\/uploads\/2020\/03\/ciencia-Asturias.jpg\" \/>\n\t\t<meta name=\"twitter:label1\" content=\"Escrito por\" \/>\n\t\t<meta name=\"twitter:data1\" content=\"El Digital de Asturias\" \/>\n\t\t<meta name=\"twitter:label2\" content=\"Tiempo de lectura estimado\" \/>\n\t\t<meta name=\"twitter:data2\" content=\"3 minutos\" \/>\n\t\t<script type=\"application\/ld+json\" class=\"aioseo-schema\">\n\t\t\t{\"@context\":\"https:\\\/\\\/schema.org\",\"@graph\":[{\"@type\":\"BlogPosting\",\"@id\":\"https:\\\/\\\/www.eldigitaldeasturias.com\\\/noticias\\\/covid-19-asturias-pide-la-movilizacion-de-la-ciencia-e-innovacion\\\/#blogposting\",\"name\":\"Covid-19: Asturias pide la movilizaci\\u00f3n de la ciencia e innovaci\\u00f3n - El Digital de Asturias\",\"headline\":\"Covid-19: Asturias pide la movilizaci\\u00f3n de la ciencia e innovaci\\u00f3n\",\"author\":{\"@id\":\"https:\\\/\\\/www.eldigitaldeasturias.com\\\/noticias\\\/author\\\/admin\\\/#author\"},\"publisher\":{\"@id\":\"https:\\\/\\\/www.eldigitaldeasturias.com\\\/noticias\\\/#organization\"},\"image\":{\"@type\":\"ImageObject\",\"url\":\"https:\\\/\\\/www.eldigitaldeasturias.com\\\/noticias\\\/wp-content\\\/uploads\\\/2020\\\/03\\\/ciencia-Asturias.jpg\",\"width\":817,\"height\":713},\"datePublished\":\"2020-03-19T01:32:12+01:00\",\"dateModified\":\"2020-03-19T01:32:59+01:00\",\"inLanguage\":\"es-ES\",\"mainEntityOfPage\":{\"@id\":\"https:\\\/\\\/www.eldigitaldeasturias.com\\\/noticias\\\/covid-19-asturias-pide-la-movilizacion-de-la-ciencia-e-innovacion\\\/#webpage\"},\"isPartOf\":{\"@id\":\"https:\\\/\\\/www.eldigitaldeasturias.com\\\/noticias\\\/covid-19-asturias-pide-la-movilizacion-de-la-ciencia-e-innovacion\\\/#webpage\"},\"articleSection\":\"Actualidad Asturias, Destacadas\"},{\"@type\":\"BreadcrumbList\",\"@id\":\"https:\\\/\\\/www.eldigitaldeasturias.com\\\/noticias\\\/covid-19-asturias-pide-la-movilizacion-de-la-ciencia-e-innovacion\\\/#breadcrumblist\",\"itemListElement\":[{\"@type\":\"ListItem\",\"@id\":\"https:\\\/\\\/www.eldigitaldeasturias.com\\\/noticias#listItem\",\"position\":1,\"name\":\"Home\",\"item\":\"https:\\\/\\\/www.eldigitaldeasturias.com\\\/noticias\",\"nextItem\":{\"@type\":\"ListItem\",\"@id\":\"https:\\\/\\\/www.eldigitaldeasturias.com\\\/noticias\\\/category\\\/actualidad-asturias\\\/#listItem\",\"name\":\"Actualidad Asturias\"}},{\"@type\":\"ListItem\",\"@id\":\"https:\\\/\\\/www.eldigitaldeasturias.com\\\/noticias\\\/category\\\/actualidad-asturias\\\/#listItem\",\"position\":2,\"name\":\"Actualidad Asturias\",\"item\":\"https:\\\/\\\/www.eldigitaldeasturias.com\\\/noticias\\\/category\\\/actualidad-asturias\\\/\",\"nextItem\":{\"@type\":\"ListItem\",\"@id\":\"https:\\\/\\\/www.eldigitaldeasturias.com\\\/noticias\\\/covid-19-asturias-pide-la-movilizacion-de-la-ciencia-e-innovacion\\\/#listItem\",\"name\":\"Covid-19: Asturias pide la movilizaci\\u00f3n de la ciencia e innovaci\\u00f3n\"},\"previousItem\":{\"@type\":\"ListItem\",\"@id\":\"https:\\\/\\\/www.eldigitaldeasturias.com\\\/noticias#listItem\",\"name\":\"Home\"}},{\"@type\":\"ListItem\",\"@id\":\"https:\\\/\\\/www.eldigitaldeasturias.com\\\/noticias\\\/covid-19-asturias-pide-la-movilizacion-de-la-ciencia-e-innovacion\\\/#listItem\",\"position\":3,\"name\":\"Covid-19: Asturias pide la movilizaci\\u00f3n de la ciencia e innovaci\\u00f3n\",\"previousItem\":{\"@type\":\"ListItem\",\"@id\":\"https:\\\/\\\/www.eldigitaldeasturias.com\\\/noticias\\\/category\\\/actualidad-asturias\\\/#listItem\",\"name\":\"Actualidad Asturias\"}}]},{\"@type\":\"Organization\",\"@id\":\"https:\\\/\\\/www.eldigitaldeasturias.com\\\/noticias\\\/#organization\",\"name\":\"El Digital de Asturias\",\"description\":\"Hemeroteca\",\"url\":\"https:\\\/\\\/www.eldigitaldeasturias.com\\\/noticias\\\/\",\"email\":\"info@eldigitaldeasturias.com\",\"telephone\":\"+34652131393\",\"logo\":{\"@type\":\"ImageObject\",\"url\":\"https:\\\/\\\/www.eldigitaldeasturias.com\\\/noticias\\\/wp-content\\\/uploads\\\/2020\\\/12\\\/EDA.jpg\",\"@id\":\"https:\\\/\\\/www.eldigitaldeasturias.com\\\/noticias\\\/covid-19-asturias-pide-la-movilizacion-de-la-ciencia-e-innovacion\\\/#organizationLogo\",\"width\":649,\"height\":297},\"image\":{\"@id\":\"https:\\\/\\\/www.eldigitaldeasturias.com\\\/noticias\\\/covid-19-asturias-pide-la-movilizacion-de-la-ciencia-e-innovacion\\\/#organizationLogo\"},\"sameAs\":[\"https:\\\/\\\/facebook.com\\\/eldigitaldeasturias\",\"https:\\\/\\\/www.youtube.com\\\/channel\\\/UCZP-2wLEB9Rv6erhFmqVnvg\"],\"address\":{\"@id\":\"https:\\\/\\\/www.eldigitaldeasturias.com\\\/noticias\\\/#postaladdress\",\"@type\":\"PostalAddress\",\"streetAddress\":\"san antonio 4,\",\"postalCode\":\"33430\",\"addressLocality\":\"Cand\\u00e1s\",\"addressRegion\":\"Asturias\",\"addressCountry\":\"ES\"}},{\"@type\":\"Person\",\"@id\":\"https:\\\/\\\/www.eldigitaldeasturias.com\\\/noticias\\\/author\\\/admin\\\/#author\",\"url\":\"https:\\\/\\\/www.eldigitaldeasturias.com\\\/noticias\\\/author\\\/admin\\\/\",\"name\":\"El Digital de Asturias\",\"image\":{\"@type\":\"ImageObject\",\"@id\":\"https:\\\/\\\/www.eldigitaldeasturias.com\\\/noticias\\\/covid-19-asturias-pide-la-movilizacion-de-la-ciencia-e-innovacion\\\/#authorImage\",\"url\":\"https:\\\/\\\/www.eldigitaldeasturias.com\\\/noticias\\\/wp-content\\\/litespeed\\\/avatar\\\/18677e78aa0546b92d9dbf31ec7d7668.jpg?ver=1777290358\",\"width\":96,\"height\":96,\"caption\":\"El Digital de Asturias\"}},{\"@type\":\"WebPage\",\"@id\":\"https:\\\/\\\/www.eldigitaldeasturias.com\\\/noticias\\\/covid-19-asturias-pide-la-movilizacion-de-la-ciencia-e-innovacion\\\/#webpage\",\"url\":\"https:\\\/\\\/www.eldigitaldeasturias.com\\\/noticias\\\/covid-19-asturias-pide-la-movilizacion-de-la-ciencia-e-innovacion\\\/\",\"name\":\"Covid-19: Asturias pide la movilizaci\\u00f3n de la ciencia e innovaci\\u00f3n - El Digital de Asturias\",\"description\":\"El Gobierno de Asturias hace un llamamiento al personal cient\\u00edfico asturiano y a las empresas innovadoras de la comunidad con el fin de que concurran a las convocatorias nacionales que saldr\\u00e1n estos d\\u00edas para desarrollar proyectos contra el nuevo coronavirus. La Consejer\\u00eda de Ciencia, Innovaci\\u00f3n y Universidad habilitar\\u00e1 en breve un correo electr\\u00f3nico espec\\u00edfico para\",\"inLanguage\":\"es-ES\",\"isPartOf\":{\"@id\":\"https:\\\/\\\/www.eldigitaldeasturias.com\\\/noticias\\\/#website\"},\"breadcrumb\":{\"@id\":\"https:\\\/\\\/www.eldigitaldeasturias.com\\\/noticias\\\/covid-19-asturias-pide-la-movilizacion-de-la-ciencia-e-innovacion\\\/#breadcrumblist\"},\"author\":{\"@id\":\"https:\\\/\\\/www.eldigitaldeasturias.com\\\/noticias\\\/author\\\/admin\\\/#author\"},\"creator\":{\"@id\":\"https:\\\/\\\/www.eldigitaldeasturias.com\\\/noticias\\\/author\\\/admin\\\/#author\"},\"image\":{\"@type\":\"ImageObject\",\"url\":\"https:\\\/\\\/www.eldigitaldeasturias.com\\\/noticias\\\/wp-content\\\/uploads\\\/2020\\\/03\\\/ciencia-Asturias.jpg\",\"@id\":\"https:\\\/\\\/www.eldigitaldeasturias.com\\\/noticias\\\/covid-19-asturias-pide-la-movilizacion-de-la-ciencia-e-innovacion\\\/#mainImage\",\"width\":817,\"height\":713},\"primaryImageOfPage\":{\"@id\":\"https:\\\/\\\/www.eldigitaldeasturias.com\\\/noticias\\\/covid-19-asturias-pide-la-movilizacion-de-la-ciencia-e-innovacion\\\/#mainImage\"},\"datePublished\":\"2020-03-19T01:32:12+01:00\",\"dateModified\":\"2020-03-19T01:32:59+01:00\"},{\"@type\":\"WebSite\",\"@id\":\"https:\\\/\\\/www.eldigitaldeasturias.com\\\/noticias\\\/#website\",\"url\":\"https:\\\/\\\/www.eldigitaldeasturias.com\\\/noticias\\\/\",\"name\":\"El Digital de Asturias - Diario de actualidad y noticias\",\"alternateName\":\"El Digital de Asturias - Diario de actualidad y noticias\",\"description\":\"Hemeroteca\",\"inLanguage\":\"es-ES\",\"publisher\":{\"@id\":\"https:\\\/\\\/www.eldigitaldeasturias.com\\\/noticias\\\/#organization\"}}]}\n\t\t<\/script>\n\t\t<!-- All in One SEO Pro -->\r\n\t\t<title>Covid-19: Asturias pide la movilizaci\u00f3n de la ciencia e innovaci\u00f3n - El Digital de Asturias<\/title>\n\n","aioseo_head_json":{"title":"Covid-19: Asturias pide la movilizaci\u00f3n de la ciencia e innovaci\u00f3n - El Digital de Asturias","description":"El Gobierno de Asturias hace un llamamiento al personal cient\u00edfico asturiano y a las empresas innovadoras de la comunidad con el fin de que concurran a las convocatorias nacionales que saldr\u00e1n estos d\u00edas para desarrollar proyectos contra el nuevo coronavirus. La Consejer\u00eda de Ciencia, Innovaci\u00f3n y Universidad habilitar\u00e1 en breve un correo electr\u00f3nico espec\u00edfico para","canonical_url":"https:\/\/www.eldigitaldeasturias.com\/noticias\/covid-19-asturias-pide-la-movilizacion-de-la-ciencia-e-innovacion\/","robots":"max-image-preview:large","keywords":"actualidad asturias,destacadas","webmasterTools":{"google-site-verification":"UA-38556648-1","msvalidate.01":"7dfe9f3f1b24437ab69f4f2559babe99","miscellaneous":""},"schema":{"@context":"https:\/\/schema.org","@graph":[{"@type":"BlogPosting","@id":"https:\/\/www.eldigitaldeasturias.com\/noticias\/covid-19-asturias-pide-la-movilizacion-de-la-ciencia-e-innovacion\/#blogposting","name":"Covid-19: Asturias pide la movilizaci\u00f3n de la ciencia e innovaci\u00f3n - El Digital de Asturias","headline":"Covid-19: Asturias pide la movilizaci\u00f3n de la ciencia e innovaci\u00f3n","author":{"@id":"https:\/\/www.eldigitaldeasturias.com\/noticias\/author\/admin\/#author"},"publisher":{"@id":"https:\/\/www.eldigitaldeasturias.com\/noticias\/#organization"},"image":{"@type":"ImageObject","url":"https:\/\/www.eldigitaldeasturias.com\/noticias\/wp-content\/uploads\/2020\/03\/ciencia-Asturias.jpg","width":817,"height":713},"datePublished":"2020-03-19T01:32:12+01:00","dateModified":"2020-03-19T01:32:59+01:00","inLanguage":"es-ES","mainEntityOfPage":{"@id":"https:\/\/www.eldigitaldeasturias.com\/noticias\/covid-19-asturias-pide-la-movilizacion-de-la-ciencia-e-innovacion\/#webpage"},"isPartOf":{"@id":"https:\/\/www.eldigitaldeasturias.com\/noticias\/covid-19-asturias-pide-la-movilizacion-de-la-ciencia-e-innovacion\/#webpage"},"articleSection":"Actualidad Asturias, Destacadas"},{"@type":"BreadcrumbList","@id":"https:\/\/www.eldigitaldeasturias.com\/noticias\/covid-19-asturias-pide-la-movilizacion-de-la-ciencia-e-innovacion\/#breadcrumblist","itemListElement":[{"@type":"ListItem","@id":"https:\/\/www.eldigitaldeasturias.com\/noticias#listItem","position":1,"name":"Home","item":"https:\/\/www.eldigitaldeasturias.com\/noticias","nextItem":{"@type":"ListItem","@id":"https:\/\/www.eldigitaldeasturias.com\/noticias\/category\/actualidad-asturias\/#listItem","name":"Actualidad Asturias"}},{"@type":"ListItem","@id":"https:\/\/www.eldigitaldeasturias.com\/noticias\/category\/actualidad-asturias\/#listItem","position":2,"name":"Actualidad Asturias","item":"https:\/\/www.eldigitaldeasturias.com\/noticias\/category\/actualidad-asturias\/","nextItem":{"@type":"ListItem","@id":"https:\/\/www.eldigitaldeasturias.com\/noticias\/covid-19-asturias-pide-la-movilizacion-de-la-ciencia-e-innovacion\/#listItem","name":"Covid-19: Asturias pide la movilizaci\u00f3n de la ciencia e innovaci\u00f3n"},"previousItem":{"@type":"ListItem","@id":"https:\/\/www.eldigitaldeasturias.com\/noticias#listItem","name":"Home"}},{"@type":"ListItem","@id":"https:\/\/www.eldigitaldeasturias.com\/noticias\/covid-19-asturias-pide-la-movilizacion-de-la-ciencia-e-innovacion\/#listItem","position":3,"name":"Covid-19: Asturias pide la movilizaci\u00f3n de la ciencia e innovaci\u00f3n","previousItem":{"@type":"ListItem","@id":"https:\/\/www.eldigitaldeasturias.com\/noticias\/category\/actualidad-asturias\/#listItem","name":"Actualidad Asturias"}}]},{"@type":"Organization","@id":"https:\/\/www.eldigitaldeasturias.com\/noticias\/#organization","name":"El Digital de Asturias","description":"Hemeroteca","url":"https:\/\/www.eldigitaldeasturias.com\/noticias\/","email":"info@eldigitaldeasturias.com","telephone":"+34652131393","logo":{"@type":"ImageObject","url":"https:\/\/www.eldigitaldeasturias.com\/noticias\/wp-content\/uploads\/2020\/12\/EDA.jpg","@id":"https:\/\/www.eldigitaldeasturias.com\/noticias\/covid-19-asturias-pide-la-movilizacion-de-la-ciencia-e-innovacion\/#organizationLogo","width":649,"height":297},"image":{"@id":"https:\/\/www.eldigitaldeasturias.com\/noticias\/covid-19-asturias-pide-la-movilizacion-de-la-ciencia-e-innovacion\/#organizationLogo"},"sameAs":["https:\/\/facebook.com\/eldigitaldeasturias","https:\/\/www.youtube.com\/channel\/UCZP-2wLEB9Rv6erhFmqVnvg"],"address":{"@id":"https:\/\/www.eldigitaldeasturias.com\/noticias\/#postaladdress","@type":"PostalAddress","streetAddress":"san antonio 4,","postalCode":"33430","addressLocality":"Cand\u00e1s","addressRegion":"Asturias","addressCountry":"ES"}},{"@type":"Person","@id":"https:\/\/www.eldigitaldeasturias.com\/noticias\/author\/admin\/#author","url":"https:\/\/www.eldigitaldeasturias.com\/noticias\/author\/admin\/","name":"El Digital de Asturias","image":{"@type":"ImageObject","@id":"https:\/\/www.eldigitaldeasturias.com\/noticias\/covid-19-asturias-pide-la-movilizacion-de-la-ciencia-e-innovacion\/#authorImage","url":"https:\/\/www.eldigitaldeasturias.com\/noticias\/wp-content\/litespeed\/avatar\/18677e78aa0546b92d9dbf31ec7d7668.jpg?ver=1777290358","width":96,"height":96,"caption":"El Digital de Asturias"}},{"@type":"WebPage","@id":"https:\/\/www.eldigitaldeasturias.com\/noticias\/covid-19-asturias-pide-la-movilizacion-de-la-ciencia-e-innovacion\/#webpage","url":"https:\/\/www.eldigitaldeasturias.com\/noticias\/covid-19-asturias-pide-la-movilizacion-de-la-ciencia-e-innovacion\/","name":"Covid-19: Asturias pide la movilizaci\u00f3n de la ciencia e innovaci\u00f3n - El Digital de Asturias","description":"El Gobierno de Asturias hace un llamamiento al personal cient\u00edfico asturiano y a las empresas innovadoras de la comunidad con el fin de que concurran a las convocatorias nacionales que saldr\u00e1n estos d\u00edas para desarrollar proyectos contra el nuevo coronavirus. La Consejer\u00eda de Ciencia, Innovaci\u00f3n y Universidad habilitar\u00e1 en breve un correo electr\u00f3nico espec\u00edfico para","inLanguage":"es-ES","isPartOf":{"@id":"https:\/\/www.eldigitaldeasturias.com\/noticias\/#website"},"breadcrumb":{"@id":"https:\/\/www.eldigitaldeasturias.com\/noticias\/covid-19-asturias-pide-la-movilizacion-de-la-ciencia-e-innovacion\/#breadcrumblist"},"author":{"@id":"https:\/\/www.eldigitaldeasturias.com\/noticias\/author\/admin\/#author"},"creator":{"@id":"https:\/\/www.eldigitaldeasturias.com\/noticias\/author\/admin\/#author"},"image":{"@type":"ImageObject","url":"https:\/\/www.eldigitaldeasturias.com\/noticias\/wp-content\/uploads\/2020\/03\/ciencia-Asturias.jpg","@id":"https:\/\/www.eldigitaldeasturias.com\/noticias\/covid-19-asturias-pide-la-movilizacion-de-la-ciencia-e-innovacion\/#mainImage","width":817,"height":713},"primaryImageOfPage":{"@id":"https:\/\/www.eldigitaldeasturias.com\/noticias\/covid-19-asturias-pide-la-movilizacion-de-la-ciencia-e-innovacion\/#mainImage"},"datePublished":"2020-03-19T01:32:12+01:00","dateModified":"2020-03-19T01:32:59+01:00"},{"@type":"WebSite","@id":"https:\/\/www.eldigitaldeasturias.com\/noticias\/#website","url":"https:\/\/www.eldigitaldeasturias.com\/noticias\/","name":"El Digital de Asturias - Diario de actualidad y noticias","alternateName":"El Digital de Asturias - Diario de actualidad y noticias","description":"Hemeroteca","inLanguage":"es-ES","publisher":{"@id":"https:\/\/www.eldigitaldeasturias.com\/noticias\/#organization"}}]},"og:locale":"es_ES","og:site_name":"El Digital de Asturias","og:type":"article","og:title":"Covid-19: Asturias pide la movilizaci\u00f3n de la ciencia e innovaci\u00f3n - El Digital de Asturias","og:description":"El Gobierno de Asturias hace un llamamiento al personal cient\u00edfico asturiano y a las empresas innovadoras de la comunidad con el fin de que concurran a las convocatorias nacionales que saldr\u00e1n estos d\u00edas para desarrollar proyectos contra el nuevo coronavirus. La Consejer\u00eda de Ciencia, Innovaci\u00f3n y Universidad habilitar\u00e1 en breve un correo electr\u00f3nico espec\u00edfico para","og:url":"https:\/\/www.eldigitaldeasturias.com\/noticias\/covid-19-asturias-pide-la-movilizacion-de-la-ciencia-e-innovacion\/","og:image":"https:\/\/www.eldigitaldeasturias.com\/noticias\/wp-content\/uploads\/2020\/03\/ciencia-Asturias.jpg","og:image:secure_url":"https:\/\/www.eldigitaldeasturias.com\/noticias\/wp-content\/uploads\/2020\/03\/ciencia-Asturias.jpg","og:image:width":817,"og:image:height":713,"article:tag":["actualidad asturias","destacadas"],"article:published_time":"2020-03-19T01:32:12+00:00","article:modified_time":"2020-03-19T01:32:59+00:00","article:publisher":"https:\/\/facebook.com\/eldigitaldeasturias","twitter:card":"summary_large_image","twitter:title":"Covid-19: Asturias pide la movilizaci\u00f3n de la ciencia e innovaci\u00f3n - El Digital de Asturias","twitter:description":"El Gobierno de Asturias hace un llamamiento al personal cient\u00edfico asturiano y a las empresas innovadoras de la comunidad con el fin de que concurran a las convocatorias nacionales que saldr\u00e1n estos d\u00edas para desarrollar proyectos contra el nuevo coronavirus. La Consejer\u00eda de Ciencia, Innovaci\u00f3n y Universidad habilitar\u00e1 en breve un correo electr\u00f3nico espec\u00edfico para","twitter:image":"https:\/\/www.eldigitaldeasturias.com\/noticias\/wp-content\/uploads\/2020\/03\/ciencia-Asturias.jpg","twitter:label1":"Escrito por","twitter:data1":"El Digital de Asturias","twitter:label2":"Tiempo de lectura estimado","twitter:data2":"3 minutos"},"aioseo_meta_data":{"post_id":"1061253","title":null,"description":null,"keywords":null,"keyphrases":null,"primary_term":null,"canonical_url":null,"og_title":null,"og_description":null,"og_object_type":"default","og_image_type":"default","og_image_url":null,"og_image_width":null,"og_image_height":null,"og_image_custom_url":null,"og_image_custom_fields":null,"og_video":null,"og_custom_url":null,"og_article_section":null,"og_article_tags":null,"twitter_use_og":false,"twitter_card":"default","twitter_image_type":"default","twitter_image_url":null,"twitter_image_custom_url":null,"twitter_image_custom_fields":null,"twitter_title":null,"twitter_description":null,"schema":{"blockGraphs":[],"customGraphs":[],"default":{"data":{"Article":[],"Course":[],"Dataset":[],"FAQPage":[],"Movie":[],"Person":[],"Product":[],"ProductReview":[],"Car":[],"Recipe":[],"Service":[],"SoftwareApplication":[],"WebPage":[]},"graphName":"","isEnabled":true},"graphs":[],"defaultGraph":"","defaultPostTypeGraph":""},"schema_type":null,"schema_type_options":null,"pillar_content":false,"robots_default":true,"robots_noindex":false,"robots_noarchive":false,"robots_nosnippet":false,"robots_nofollow":false,"robots_noimageindex":false,"robots_noodp":false,"robots_notranslate":false,"robots_max_snippet":null,"robots_max_videopreview":null,"robots_max_imagepreview":"large","priority":null,"frequency":null,"local_seo":null,"seo_analyzer_scan_date":"2025-10-31 14:57:04","breadcrumb_settings":null,"limit_modified_date":false,"open_ai":null,"ai":null,"created":"2020-12-21 10:53:32","updated":"2025-10-31 14:57:04"},"aioseo_breadcrumb":"<div class=\"aioseo-breadcrumbs\"><span class=\"aioseo-breadcrumb\">\n\t<a href=\"https:\/\/www.eldigitaldeasturias.com\/noticias\" title=\"Home\">Home<\/a>\n<\/span><span class=\"aioseo-breadcrumb-separator\">\u2013<\/span><span class=\"aioseo-breadcrumb\">\n\t<a href=\"https:\/\/www.eldigitaldeasturias.com\/noticias\/category\/actualidad-asturias\/\" title=\"Actualidad Asturias\">Actualidad Asturias<\/a>\n<\/span><span class=\"aioseo-breadcrumb-separator\">\u2013<\/span><span class=\"aioseo-breadcrumb\">\n\t<a href=\"https:\/\/www.eldigitaldeasturias.com\/noticias\/covid-19-asturias-pide-la-movilizacion-de-la-ciencia-e-innovacion\/\" title=\"Covid-19: Asturias pide la movilizaci\u00f3n de la ciencia e innovaci\u00f3n\">Covid-19: Asturias pide la movilizaci\u00f3n de la ciencia e innovaci\u00f3n<\/a>\n<\/span><\/div>","aioseo_breadcrumb_json":[{"label":"Home","link":"https:\/\/www.eldigitaldeasturias.com\/noticias"},{"label":"Actualidad Asturias","link":"https:\/\/www.eldigitaldeasturias.com\/noticias\/category\/actualidad-asturias\/"},{"label":"Covid-19: Asturias pide la movilizaci\u00f3n de la ciencia e innovaci\u00f3n","link":"https:\/\/www.eldigitaldeasturias.com\/noticias\/covid-19-asturias-pide-la-movilizacion-de-la-ciencia-e-innovacion\/"}],"_links":{"self":[{"href":"https:\/\/www.eldigitaldeasturias.com\/noticias\/wp-json\/wp\/v2\/posts\/1061253","targetHints":{"allow":["GET"]}}],"collection":[{"href":"https:\/\/www.eldigitaldeasturias.com\/noticias\/wp-json\/wp\/v2\/posts"}],"about":[{"href":"https:\/\/www.eldigitaldeasturias.com\/noticias\/wp-json\/wp\/v2\/types\/post"}],"author":[{"embeddable":true,"href":"https:\/\/www.eldigitaldeasturias.com\/noticias\/wp-json\/wp\/v2\/users\/1"}],"replies":[{"embeddable":true,"href":"https:\/\/www.eldigitaldeasturias.com\/noticias\/wp-json\/wp\/v2\/comments?post=1061253"}],"version-history":[{"count":0,"href":"https:\/\/www.eldigitaldeasturias.com\/noticias\/wp-json\/wp\/v2\/posts\/1061253\/revisions"}],"wp:featuredmedia":[{"embeddable":true,"href":"https:\/\/www.eldigitaldeasturias.com\/noticias\/wp-json\/wp\/v2\/media\/1061254"}],"wp:attachment":[{"href":"https:\/\/www.eldigitaldeasturias.com\/noticias\/wp-json\/wp\/v2\/media?parent=1061253"}],"wp:term":[{"taxonomy":"category","embeddable":true,"href":"https:\/\/www.eldigitaldeasturias.com\/noticias\/wp-json\/wp\/v2\/categories?post=1061253"},{"taxonomy":"post_tag","embeddable":true,"href":"https:\/\/www.eldigitaldeasturias.com\/noticias\/wp-json\/wp\/v2\/tags?post=1061253"}],"curies":[{"name":"wp","href":"https:\/\/api.w.org\/{rel}","templated":true}]}}