{"id":1061230,"date":"2020-03-19T00:12:08","date_gmt":"2020-03-19T00:12:08","guid":{"rendered":"https:\/\/www.eldigitaldeasturias.com\/noticias\/?p=1061230"},"modified":"2020-03-19T00:12:08","modified_gmt":"2020-03-19T00:12:08","slug":"covid-19-predicen-una-caida-del-pib-aleman-de-hasta-cinco-por-ciento","status":"publish","type":"post","link":"https:\/\/www.eldigitaldeasturias.com\/noticias\/covid-19-predicen-una-caida-del-pib-aleman-de-hasta-cinco-por-ciento\/","title":{"rendered":"Covid-19: Predicen una ca\u00edda del PIB alem\u00e1n de hasta cinco por ciento"},"content":{"rendered":"<p><img loading=\"lazy\" decoding=\"async\" class=\"alignleft size-medium wp-image-1060632\" src=\"https:\/\/www.eldigitaldeasturias.com\/noticias\/wp-content\/uploads\/2020\/03\/connection-4884862_640-360x245.jpg\" alt=\"\" width=\"360\" height=\"245\" srcset=\"https:\/\/www.eldigitaldeasturias.com\/noticias\/wp-content\/uploads\/2020\/03\/connection-4884862_640-360x245.jpg 360w, https:\/\/www.eldigitaldeasturias.com\/noticias\/wp-content\/uploads\/2020\/03\/connection-4884862_640-440x300.jpg 440w, https:\/\/www.eldigitaldeasturias.com\/noticias\/wp-content\/uploads\/2020\/03\/connection-4884862_640.jpg 640w\" sizes=\"auto, (max-width: 360px) 100vw, 360px\" \/>Fr\u00e1ncfort, 18 mar (dpa) &#8211; La econom\u00eda de Alemania se ver\u00e1 seriamente afectada este a\u00f1o como resultado de la crisis del coronavirus, coincidieron hoy expertos.<\/p>\n<p>El Instituto de Econom\u00eda Internacional de Hamburgo (HWWI) espera que el rendimiento econ\u00f3mico disminuya en un 2,5 por ciento. La Asociaci\u00f3n de Bancos Alemanes (BdB) incluso calcula una contracci\u00f3n del cuatro al cinco por ciento para el conjunto del a\u00f1o.<\/p>\n<p>La econom\u00eda alemana se contrajo en 2009 como resultado de la crisis financiera mundial, en ese momento en m\u00e1s del cinco por ciento.<\/p>\n<p>Stefan Schneider, economista jefe del Deutsche Bank, dijo hoy en conferencia telef\u00f3nica que a partir del tercer trimestre la econom\u00eda podr\u00eda recuperarse gradualmente.<\/p>\n<p>\u00abEstas son cifras dram\u00e1ticas, pero ciertamente no es el fin del mundo\u00bb, matiz\u00f3 Schneider y estim\u00f3 que en general la econom\u00eda alemana funciona bastante bien. Para 2021 los economistas predicen un crecimiento del producto interior bruto (PIB) por encima del dos por ciento.<\/p>\n<p>La epidemia del virus es una pesada carga para toda la econom\u00eda mundial. El HWWI explic\u00f3 que en el caso de Alemania, la econom\u00eda se ve afectada tanto a nivel de cadenas de suministro y producci\u00f3n, as\u00ed como de mercados de venta. La entidad advirti\u00f3 que la disminuci\u00f3n de los resultados econ\u00f3micos ir\u00eda acompa\u00f1ada de un aumento del desempleo.<\/p>\n<p>Sin embargo, el pron\u00f3stico est\u00e1 sujeto a reservas: \u00abLos efectos econ\u00f3micos son dif\u00edciles de estimar, aunque solo sea por la imprevisible magnitud de la epidemia\u00bb, afirmaron los investigadores de Hamburgo.<\/p>\n<p>\u00abEl peligro de una recesi\u00f3n m\u00e1s larga y m\u00e1s pronunciada, tanto en t\u00e9rminos de profundidad como de duraci\u00f3n, es alto si la pandemia se extiende\u00bb, alertaron.<\/p>\n<p>En vista de la crisis, la economista alemana Isabel Schnabel, miembro del Comit\u00e9 Ejecutivo del Banco Central Europeo (BCE), pidi\u00f3 una cooperaci\u00f3n m\u00e1s estrecha en Europa.<\/p>\n<p>\u00abLo que se necesita ahora es la solidaridad europea, incluyendo la solidaridad financiera. Esto es en inter\u00e9s de todos los pa\u00edses europeos\u00bb, dijo en una entrevista publicada por el banco. \u00abEstamos experimentando un choque econ\u00f3mico muy severo\u00bb, constat\u00f3 Schnabel.<\/p>\n","protected":false},"excerpt":{"rendered":"<p>Fr\u00e1ncfort, 18 mar (dpa) &#8211; La econom\u00eda de Alemania se ver\u00e1 seriamente afectada este a\u00f1o como resultado de la crisis del coronavirus, coincidieron hoy expertos. El Instituto de Econom\u00eda Internacional de Hamburgo (HWWI) espera que el rendimiento econ\u00f3mico disminuya en un 2,5 por ciento. La Asociaci\u00f3n de Bancos Alemanes (BdB) incluso calcula una contracci\u00f3n del [&hellip;]<\/p>\n","protected":false},"author":1,"featured_media":1060632,"comment_status":"closed","ping_status":"closed","sticky":false,"template":"","format":"standard","meta":{"footnotes":""},"categories":[187],"tags":[],"class_list":["post-1061230","post","type-post","status-publish","format-standard","has-post-thumbnail","hentry","category-economia"],"aioseo_notices":[],"aioseo_head":"\n\t\t<!-- All in One SEO Pro 4.9.6.2 - aioseo.com -->\n\t<meta name=\"description\" content=\"Fr\u00e1ncfort, 18 mar (dpa) - La econom\u00eda de Alemania se ver\u00e1 seriamente afectada este a\u00f1o como resultado de la crisis del coronavirus, coincidieron hoy expertos. El Instituto de Econom\u00eda Internacional de Hamburgo (HWWI) espera que el rendimiento econ\u00f3mico disminuya en un 2,5 por ciento. La Asociaci\u00f3n de Bancos Alemanes (BdB) incluso calcula una contracci\u00f3n del\" \/>\n\t<meta name=\"robots\" content=\"max-image-preview:large\" \/>\n\t<meta name=\"author\" content=\"El Digital de Asturias\"\/>\n\t<meta name=\"google-site-verification\" content=\"UA-38556648-1\" \/>\n\t<meta name=\"msvalidate.01\" content=\"7dfe9f3f1b24437ab69f4f2559babe99\" \/>\n\t<meta name=\"keywords\" content=\"econom\u00eda\" \/>\n\t<link rel=\"canonical\" href=\"https:\/\/www.eldigitaldeasturias.com\/noticias\/covid-19-predicen-una-caida-del-pib-aleman-de-hasta-cinco-por-ciento\/\" \/>\n\t<meta name=\"generator\" content=\"All in One SEO Pro (AIOSEO) 4.9.6.2\" \/>\n\t\t<meta property=\"og:locale\" content=\"es_ES\" \/>\n\t\t<meta property=\"og:site_name\" content=\"El Digital de Asturias\" \/>\n\t\t<meta property=\"og:type\" content=\"article\" \/>\n\t\t<meta property=\"og:title\" content=\"Covid-19: Predicen una ca\u00edda del PIB alem\u00e1n de hasta cinco por ciento - El Digital de Asturias\" \/>\n\t\t<meta property=\"og:description\" content=\"Fr\u00e1ncfort, 18 mar (dpa) - La econom\u00eda de Alemania se ver\u00e1 seriamente afectada este a\u00f1o como resultado de la crisis del coronavirus, coincidieron hoy expertos. El Instituto de Econom\u00eda Internacional de Hamburgo (HWWI) espera que el rendimiento econ\u00f3mico disminuya en un 2,5 por ciento. La Asociaci\u00f3n de Bancos Alemanes (BdB) incluso calcula una contracci\u00f3n del\" \/>\n\t\t<meta property=\"og:url\" content=\"https:\/\/www.eldigitaldeasturias.com\/noticias\/covid-19-predicen-una-caida-del-pib-aleman-de-hasta-cinco-por-ciento\/\" \/>\n\t\t<meta property=\"og:image\" content=\"https:\/\/www.eldigitaldeasturias.com\/noticias\/wp-content\/uploads\/2020\/03\/connection-4884862_640.jpg\" \/>\n\t\t<meta property=\"og:image:secure_url\" content=\"https:\/\/www.eldigitaldeasturias.com\/noticias\/wp-content\/uploads\/2020\/03\/connection-4884862_640.jpg\" \/>\n\t\t<meta property=\"og:image:width\" content=\"640\" \/>\n\t\t<meta property=\"og:image:height\" content=\"436\" \/>\n\t\t<meta property=\"article:tag\" content=\"econom\u00eda\" \/>\n\t\t<meta property=\"article:published_time\" content=\"2020-03-19T00:12:08+00:00\" \/>\n\t\t<meta property=\"article:modified_time\" content=\"2020-03-19T00:12:08+00:00\" \/>\n\t\t<meta property=\"article:publisher\" content=\"https:\/\/facebook.com\/eldigitaldeasturias\" \/>\n\t\t<meta name=\"twitter:card\" content=\"summary_large_image\" \/>\n\t\t<meta name=\"twitter:title\" content=\"Covid-19: Predicen una ca\u00edda del PIB alem\u00e1n de hasta cinco por ciento - El Digital de Asturias\" \/>\n\t\t<meta name=\"twitter:description\" content=\"Fr\u00e1ncfort, 18 mar (dpa) - La econom\u00eda de Alemania se ver\u00e1 seriamente afectada este a\u00f1o como resultado de la crisis del coronavirus, coincidieron hoy expertos. El Instituto de Econom\u00eda Internacional de Hamburgo (HWWI) espera que el rendimiento econ\u00f3mico disminuya en un 2,5 por ciento. La Asociaci\u00f3n de Bancos Alemanes (BdB) incluso calcula una contracci\u00f3n del\" \/>\n\t\t<meta name=\"twitter:image\" content=\"https:\/\/www.eldigitaldeasturias.com\/noticias\/wp-content\/uploads\/2020\/03\/connection-4884862_640.jpg\" \/>\n\t\t<meta name=\"twitter:label1\" content=\"Escrito por\" \/>\n\t\t<meta name=\"twitter:data1\" content=\"El Digital de Asturias\" \/>\n\t\t<meta name=\"twitter:label2\" content=\"Tiempo de lectura estimado\" \/>\n\t\t<meta name=\"twitter:data2\" content=\"2 minutos\" \/>\n\t\t<script type=\"application\/ld+json\" class=\"aioseo-schema\">\n\t\t\t{\"@context\":\"https:\\\/\\\/schema.org\",\"@graph\":[{\"@type\":\"BlogPosting\",\"@id\":\"https:\\\/\\\/www.eldigitaldeasturias.com\\\/noticias\\\/covid-19-predicen-una-caida-del-pib-aleman-de-hasta-cinco-por-ciento\\\/#blogposting\",\"name\":\"Covid-19: Predicen una ca\\u00edda del PIB alem\\u00e1n de hasta cinco por ciento - El Digital de Asturias\",\"headline\":\"Covid-19: Predicen una ca\\u00edda del PIB alem\\u00e1n de hasta cinco por ciento\",\"author\":{\"@id\":\"https:\\\/\\\/www.eldigitaldeasturias.com\\\/noticias\\\/author\\\/admin\\\/#author\"},\"publisher\":{\"@id\":\"https:\\\/\\\/www.eldigitaldeasturias.com\\\/noticias\\\/#organization\"},\"image\":{\"@type\":\"ImageObject\",\"url\":\"https:\\\/\\\/www.eldigitaldeasturias.com\\\/noticias\\\/wp-content\\\/uploads\\\/2020\\\/03\\\/connection-4884862_640.jpg\",\"width\":640,\"height\":436},\"datePublished\":\"2020-03-19T00:12:08+01:00\",\"dateModified\":\"2020-03-19T00:12:08+01:00\",\"inLanguage\":\"es-ES\",\"mainEntityOfPage\":{\"@id\":\"https:\\\/\\\/www.eldigitaldeasturias.com\\\/noticias\\\/covid-19-predicen-una-caida-del-pib-aleman-de-hasta-cinco-por-ciento\\\/#webpage\"},\"isPartOf\":{\"@id\":\"https:\\\/\\\/www.eldigitaldeasturias.com\\\/noticias\\\/covid-19-predicen-una-caida-del-pib-aleman-de-hasta-cinco-por-ciento\\\/#webpage\"},\"articleSection\":\"Econom\\u00eda\"},{\"@type\":\"BreadcrumbList\",\"@id\":\"https:\\\/\\\/www.eldigitaldeasturias.com\\\/noticias\\\/covid-19-predicen-una-caida-del-pib-aleman-de-hasta-cinco-por-ciento\\\/#breadcrumblist\",\"itemListElement\":[{\"@type\":\"ListItem\",\"@id\":\"https:\\\/\\\/www.eldigitaldeasturias.com\\\/noticias#listItem\",\"position\":1,\"name\":\"Home\",\"item\":\"https:\\\/\\\/www.eldigitaldeasturias.com\\\/noticias\",\"nextItem\":{\"@type\":\"ListItem\",\"@id\":\"https:\\\/\\\/www.eldigitaldeasturias.com\\\/noticias\\\/category\\\/economia\\\/#listItem\",\"name\":\"Econom\\u00eda\"}},{\"@type\":\"ListItem\",\"@id\":\"https:\\\/\\\/www.eldigitaldeasturias.com\\\/noticias\\\/category\\\/economia\\\/#listItem\",\"position\":2,\"name\":\"Econom\\u00eda\",\"item\":\"https:\\\/\\\/www.eldigitaldeasturias.com\\\/noticias\\\/category\\\/economia\\\/\",\"nextItem\":{\"@type\":\"ListItem\",\"@id\":\"https:\\\/\\\/www.eldigitaldeasturias.com\\\/noticias\\\/covid-19-predicen-una-caida-del-pib-aleman-de-hasta-cinco-por-ciento\\\/#listItem\",\"name\":\"Covid-19: Predicen una ca\\u00edda del PIB alem\\u00e1n de hasta cinco por ciento\"},\"previousItem\":{\"@type\":\"ListItem\",\"@id\":\"https:\\\/\\\/www.eldigitaldeasturias.com\\\/noticias#listItem\",\"name\":\"Home\"}},{\"@type\":\"ListItem\",\"@id\":\"https:\\\/\\\/www.eldigitaldeasturias.com\\\/noticias\\\/covid-19-predicen-una-caida-del-pib-aleman-de-hasta-cinco-por-ciento\\\/#listItem\",\"position\":3,\"name\":\"Covid-19: Predicen una ca\\u00edda del PIB alem\\u00e1n de hasta cinco por ciento\",\"previousItem\":{\"@type\":\"ListItem\",\"@id\":\"https:\\\/\\\/www.eldigitaldeasturias.com\\\/noticias\\\/category\\\/economia\\\/#listItem\",\"name\":\"Econom\\u00eda\"}}]},{\"@type\":\"Organization\",\"@id\":\"https:\\\/\\\/www.eldigitaldeasturias.com\\\/noticias\\\/#organization\",\"name\":\"El Digital de Asturias\",\"description\":\"Hemeroteca\",\"url\":\"https:\\\/\\\/www.eldigitaldeasturias.com\\\/noticias\\\/\",\"email\":\"info@eldigitaldeasturias.com\",\"telephone\":\"+34652131393\",\"logo\":{\"@type\":\"ImageObject\",\"url\":\"https:\\\/\\\/www.eldigitaldeasturias.com\\\/noticias\\\/wp-content\\\/uploads\\\/2020\\\/12\\\/EDA.jpg\",\"@id\":\"https:\\\/\\\/www.eldigitaldeasturias.com\\\/noticias\\\/covid-19-predicen-una-caida-del-pib-aleman-de-hasta-cinco-por-ciento\\\/#organizationLogo\",\"width\":649,\"height\":297},\"image\":{\"@id\":\"https:\\\/\\\/www.eldigitaldeasturias.com\\\/noticias\\\/covid-19-predicen-una-caida-del-pib-aleman-de-hasta-cinco-por-ciento\\\/#organizationLogo\"},\"sameAs\":[\"https:\\\/\\\/facebook.com\\\/eldigitaldeasturias\",\"https:\\\/\\\/www.youtube.com\\\/channel\\\/UCZP-2wLEB9Rv6erhFmqVnvg\"],\"address\":{\"@id\":\"https:\\\/\\\/www.eldigitaldeasturias.com\\\/noticias\\\/#postaladdress\",\"@type\":\"PostalAddress\",\"streetAddress\":\"san antonio 4,\",\"postalCode\":\"33430\",\"addressLocality\":\"Cand\\u00e1s\",\"addressRegion\":\"Asturias\",\"addressCountry\":\"ES\"}},{\"@type\":\"Person\",\"@id\":\"https:\\\/\\\/www.eldigitaldeasturias.com\\\/noticias\\\/author\\\/admin\\\/#author\",\"url\":\"https:\\\/\\\/www.eldigitaldeasturias.com\\\/noticias\\\/author\\\/admin\\\/\",\"name\":\"El Digital de Asturias\",\"image\":{\"@type\":\"ImageObject\",\"@id\":\"https:\\\/\\\/www.eldigitaldeasturias.com\\\/noticias\\\/covid-19-predicen-una-caida-del-pib-aleman-de-hasta-cinco-por-ciento\\\/#authorImage\",\"url\":\"https:\\\/\\\/www.eldigitaldeasturias.com\\\/noticias\\\/wp-content\\\/litespeed\\\/avatar\\\/18677e78aa0546b92d9dbf31ec7d7668.jpg?ver=1777290358\",\"width\":96,\"height\":96,\"caption\":\"El Digital de Asturias\"}},{\"@type\":\"WebPage\",\"@id\":\"https:\\\/\\\/www.eldigitaldeasturias.com\\\/noticias\\\/covid-19-predicen-una-caida-del-pib-aleman-de-hasta-cinco-por-ciento\\\/#webpage\",\"url\":\"https:\\\/\\\/www.eldigitaldeasturias.com\\\/noticias\\\/covid-19-predicen-una-caida-del-pib-aleman-de-hasta-cinco-por-ciento\\\/\",\"name\":\"Covid-19: Predicen una ca\\u00edda del PIB alem\\u00e1n de hasta cinco por ciento - El Digital de Asturias\",\"description\":\"Fr\\u00e1ncfort, 18 mar (dpa) - La econom\\u00eda de Alemania se ver\\u00e1 seriamente afectada este a\\u00f1o como resultado de la crisis del coronavirus, coincidieron hoy expertos. El Instituto de Econom\\u00eda Internacional de Hamburgo (HWWI) espera que el rendimiento econ\\u00f3mico disminuya en un 2,5 por ciento. La Asociaci\\u00f3n de Bancos Alemanes (BdB) incluso calcula una contracci\\u00f3n del\",\"inLanguage\":\"es-ES\",\"isPartOf\":{\"@id\":\"https:\\\/\\\/www.eldigitaldeasturias.com\\\/noticias\\\/#website\"},\"breadcrumb\":{\"@id\":\"https:\\\/\\\/www.eldigitaldeasturias.com\\\/noticias\\\/covid-19-predicen-una-caida-del-pib-aleman-de-hasta-cinco-por-ciento\\\/#breadcrumblist\"},\"author\":{\"@id\":\"https:\\\/\\\/www.eldigitaldeasturias.com\\\/noticias\\\/author\\\/admin\\\/#author\"},\"creator\":{\"@id\":\"https:\\\/\\\/www.eldigitaldeasturias.com\\\/noticias\\\/author\\\/admin\\\/#author\"},\"image\":{\"@type\":\"ImageObject\",\"url\":\"https:\\\/\\\/www.eldigitaldeasturias.com\\\/noticias\\\/wp-content\\\/uploads\\\/2020\\\/03\\\/connection-4884862_640.jpg\",\"@id\":\"https:\\\/\\\/www.eldigitaldeasturias.com\\\/noticias\\\/covid-19-predicen-una-caida-del-pib-aleman-de-hasta-cinco-por-ciento\\\/#mainImage\",\"width\":640,\"height\":436},\"primaryImageOfPage\":{\"@id\":\"https:\\\/\\\/www.eldigitaldeasturias.com\\\/noticias\\\/covid-19-predicen-una-caida-del-pib-aleman-de-hasta-cinco-por-ciento\\\/#mainImage\"},\"datePublished\":\"2020-03-19T00:12:08+01:00\",\"dateModified\":\"2020-03-19T00:12:08+01:00\"},{\"@type\":\"WebSite\",\"@id\":\"https:\\\/\\\/www.eldigitaldeasturias.com\\\/noticias\\\/#website\",\"url\":\"https:\\\/\\\/www.eldigitaldeasturias.com\\\/noticias\\\/\",\"name\":\"El Digital de Asturias - Diario de actualidad y noticias\",\"alternateName\":\"El Digital de Asturias - Diario de actualidad y noticias\",\"description\":\"Hemeroteca\",\"inLanguage\":\"es-ES\",\"publisher\":{\"@id\":\"https:\\\/\\\/www.eldigitaldeasturias.com\\\/noticias\\\/#organization\"}}]}\n\t\t<\/script>\n\t\t<!-- All in One SEO Pro -->\r\n\t\t<title>Covid-19: Predicen una ca\u00edda del PIB alem\u00e1n de hasta cinco por ciento - El Digital de Asturias<\/title>\n\n","aioseo_head_json":{"title":"Covid-19: Predicen una ca\u00edda del PIB alem\u00e1n de hasta cinco por ciento - El Digital de Asturias","description":"Fr\u00e1ncfort, 18 mar (dpa) - La econom\u00eda de Alemania se ver\u00e1 seriamente afectada este a\u00f1o como resultado de la crisis del coronavirus, coincidieron hoy expertos. El Instituto de Econom\u00eda Internacional de Hamburgo (HWWI) espera que el rendimiento econ\u00f3mico disminuya en un 2,5 por ciento. La Asociaci\u00f3n de Bancos Alemanes (BdB) incluso calcula una contracci\u00f3n del","canonical_url":"https:\/\/www.eldigitaldeasturias.com\/noticias\/covid-19-predicen-una-caida-del-pib-aleman-de-hasta-cinco-por-ciento\/","robots":"max-image-preview:large","keywords":"econom\u00eda","webmasterTools":{"google-site-verification":"UA-38556648-1","msvalidate.01":"7dfe9f3f1b24437ab69f4f2559babe99","miscellaneous":""},"schema":{"@context":"https:\/\/schema.org","@graph":[{"@type":"BlogPosting","@id":"https:\/\/www.eldigitaldeasturias.com\/noticias\/covid-19-predicen-una-caida-del-pib-aleman-de-hasta-cinco-por-ciento\/#blogposting","name":"Covid-19: Predicen una ca\u00edda del PIB alem\u00e1n de hasta cinco por ciento - El Digital de Asturias","headline":"Covid-19: Predicen una ca\u00edda del PIB alem\u00e1n de hasta cinco por ciento","author":{"@id":"https:\/\/www.eldigitaldeasturias.com\/noticias\/author\/admin\/#author"},"publisher":{"@id":"https:\/\/www.eldigitaldeasturias.com\/noticias\/#organization"},"image":{"@type":"ImageObject","url":"https:\/\/www.eldigitaldeasturias.com\/noticias\/wp-content\/uploads\/2020\/03\/connection-4884862_640.jpg","width":640,"height":436},"datePublished":"2020-03-19T00:12:08+01:00","dateModified":"2020-03-19T00:12:08+01:00","inLanguage":"es-ES","mainEntityOfPage":{"@id":"https:\/\/www.eldigitaldeasturias.com\/noticias\/covid-19-predicen-una-caida-del-pib-aleman-de-hasta-cinco-por-ciento\/#webpage"},"isPartOf":{"@id":"https:\/\/www.eldigitaldeasturias.com\/noticias\/covid-19-predicen-una-caida-del-pib-aleman-de-hasta-cinco-por-ciento\/#webpage"},"articleSection":"Econom\u00eda"},{"@type":"BreadcrumbList","@id":"https:\/\/www.eldigitaldeasturias.com\/noticias\/covid-19-predicen-una-caida-del-pib-aleman-de-hasta-cinco-por-ciento\/#breadcrumblist","itemListElement":[{"@type":"ListItem","@id":"https:\/\/www.eldigitaldeasturias.com\/noticias#listItem","position":1,"name":"Home","item":"https:\/\/www.eldigitaldeasturias.com\/noticias","nextItem":{"@type":"ListItem","@id":"https:\/\/www.eldigitaldeasturias.com\/noticias\/category\/economia\/#listItem","name":"Econom\u00eda"}},{"@type":"ListItem","@id":"https:\/\/www.eldigitaldeasturias.com\/noticias\/category\/economia\/#listItem","position":2,"name":"Econom\u00eda","item":"https:\/\/www.eldigitaldeasturias.com\/noticias\/category\/economia\/","nextItem":{"@type":"ListItem","@id":"https:\/\/www.eldigitaldeasturias.com\/noticias\/covid-19-predicen-una-caida-del-pib-aleman-de-hasta-cinco-por-ciento\/#listItem","name":"Covid-19: Predicen una ca\u00edda del PIB alem\u00e1n de hasta cinco por ciento"},"previousItem":{"@type":"ListItem","@id":"https:\/\/www.eldigitaldeasturias.com\/noticias#listItem","name":"Home"}},{"@type":"ListItem","@id":"https:\/\/www.eldigitaldeasturias.com\/noticias\/covid-19-predicen-una-caida-del-pib-aleman-de-hasta-cinco-por-ciento\/#listItem","position":3,"name":"Covid-19: Predicen una ca\u00edda del PIB alem\u00e1n de hasta cinco por ciento","previousItem":{"@type":"ListItem","@id":"https:\/\/www.eldigitaldeasturias.com\/noticias\/category\/economia\/#listItem","name":"Econom\u00eda"}}]},{"@type":"Organization","@id":"https:\/\/www.eldigitaldeasturias.com\/noticias\/#organization","name":"El Digital de Asturias","description":"Hemeroteca","url":"https:\/\/www.eldigitaldeasturias.com\/noticias\/","email":"info@eldigitaldeasturias.com","telephone":"+34652131393","logo":{"@type":"ImageObject","url":"https:\/\/www.eldigitaldeasturias.com\/noticias\/wp-content\/uploads\/2020\/12\/EDA.jpg","@id":"https:\/\/www.eldigitaldeasturias.com\/noticias\/covid-19-predicen-una-caida-del-pib-aleman-de-hasta-cinco-por-ciento\/#organizationLogo","width":649,"height":297},"image":{"@id":"https:\/\/www.eldigitaldeasturias.com\/noticias\/covid-19-predicen-una-caida-del-pib-aleman-de-hasta-cinco-por-ciento\/#organizationLogo"},"sameAs":["https:\/\/facebook.com\/eldigitaldeasturias","https:\/\/www.youtube.com\/channel\/UCZP-2wLEB9Rv6erhFmqVnvg"],"address":{"@id":"https:\/\/www.eldigitaldeasturias.com\/noticias\/#postaladdress","@type":"PostalAddress","streetAddress":"san antonio 4,","postalCode":"33430","addressLocality":"Cand\u00e1s","addressRegion":"Asturias","addressCountry":"ES"}},{"@type":"Person","@id":"https:\/\/www.eldigitaldeasturias.com\/noticias\/author\/admin\/#author","url":"https:\/\/www.eldigitaldeasturias.com\/noticias\/author\/admin\/","name":"El Digital de Asturias","image":{"@type":"ImageObject","@id":"https:\/\/www.eldigitaldeasturias.com\/noticias\/covid-19-predicen-una-caida-del-pib-aleman-de-hasta-cinco-por-ciento\/#authorImage","url":"https:\/\/www.eldigitaldeasturias.com\/noticias\/wp-content\/litespeed\/avatar\/18677e78aa0546b92d9dbf31ec7d7668.jpg?ver=1777290358","width":96,"height":96,"caption":"El Digital de Asturias"}},{"@type":"WebPage","@id":"https:\/\/www.eldigitaldeasturias.com\/noticias\/covid-19-predicen-una-caida-del-pib-aleman-de-hasta-cinco-por-ciento\/#webpage","url":"https:\/\/www.eldigitaldeasturias.com\/noticias\/covid-19-predicen-una-caida-del-pib-aleman-de-hasta-cinco-por-ciento\/","name":"Covid-19: Predicen una ca\u00edda del PIB alem\u00e1n de hasta cinco por ciento - El Digital de Asturias","description":"Fr\u00e1ncfort, 18 mar (dpa) - La econom\u00eda de Alemania se ver\u00e1 seriamente afectada este a\u00f1o como resultado de la crisis del coronavirus, coincidieron hoy expertos. El Instituto de Econom\u00eda Internacional de Hamburgo (HWWI) espera que el rendimiento econ\u00f3mico disminuya en un 2,5 por ciento. La Asociaci\u00f3n de Bancos Alemanes (BdB) incluso calcula una contracci\u00f3n del","inLanguage":"es-ES","isPartOf":{"@id":"https:\/\/www.eldigitaldeasturias.com\/noticias\/#website"},"breadcrumb":{"@id":"https:\/\/www.eldigitaldeasturias.com\/noticias\/covid-19-predicen-una-caida-del-pib-aleman-de-hasta-cinco-por-ciento\/#breadcrumblist"},"author":{"@id":"https:\/\/www.eldigitaldeasturias.com\/noticias\/author\/admin\/#author"},"creator":{"@id":"https:\/\/www.eldigitaldeasturias.com\/noticias\/author\/admin\/#author"},"image":{"@type":"ImageObject","url":"https:\/\/www.eldigitaldeasturias.com\/noticias\/wp-content\/uploads\/2020\/03\/connection-4884862_640.jpg","@id":"https:\/\/www.eldigitaldeasturias.com\/noticias\/covid-19-predicen-una-caida-del-pib-aleman-de-hasta-cinco-por-ciento\/#mainImage","width":640,"height":436},"primaryImageOfPage":{"@id":"https:\/\/www.eldigitaldeasturias.com\/noticias\/covid-19-predicen-una-caida-del-pib-aleman-de-hasta-cinco-por-ciento\/#mainImage"},"datePublished":"2020-03-19T00:12:08+01:00","dateModified":"2020-03-19T00:12:08+01:00"},{"@type":"WebSite","@id":"https:\/\/www.eldigitaldeasturias.com\/noticias\/#website","url":"https:\/\/www.eldigitaldeasturias.com\/noticias\/","name":"El Digital de Asturias - Diario de actualidad y noticias","alternateName":"El Digital de Asturias - Diario de actualidad y noticias","description":"Hemeroteca","inLanguage":"es-ES","publisher":{"@id":"https:\/\/www.eldigitaldeasturias.com\/noticias\/#organization"}}]},"og:locale":"es_ES","og:site_name":"El Digital de Asturias","og:type":"article","og:title":"Covid-19: Predicen una ca\u00edda del PIB alem\u00e1n de hasta cinco por ciento - El Digital de Asturias","og:description":"Fr\u00e1ncfort, 18 mar (dpa) - La econom\u00eda de Alemania se ver\u00e1 seriamente afectada este a\u00f1o como resultado de la crisis del coronavirus, coincidieron hoy expertos. El Instituto de Econom\u00eda Internacional de Hamburgo (HWWI) espera que el rendimiento econ\u00f3mico disminuya en un 2,5 por ciento. La Asociaci\u00f3n de Bancos Alemanes (BdB) incluso calcula una contracci\u00f3n del","og:url":"https:\/\/www.eldigitaldeasturias.com\/noticias\/covid-19-predicen-una-caida-del-pib-aleman-de-hasta-cinco-por-ciento\/","og:image":"https:\/\/www.eldigitaldeasturias.com\/noticias\/wp-content\/uploads\/2020\/03\/connection-4884862_640.jpg","og:image:secure_url":"https:\/\/www.eldigitaldeasturias.com\/noticias\/wp-content\/uploads\/2020\/03\/connection-4884862_640.jpg","og:image:width":640,"og:image:height":436,"article:tag":["econom\u00eda"],"article:published_time":"2020-03-19T00:12:08+00:00","article:modified_time":"2020-03-19T00:12:08+00:00","article:publisher":"https:\/\/facebook.com\/eldigitaldeasturias","twitter:card":"summary_large_image","twitter:title":"Covid-19: Predicen una ca\u00edda del PIB alem\u00e1n de hasta cinco por ciento - El Digital de Asturias","twitter:description":"Fr\u00e1ncfort, 18 mar (dpa) - La econom\u00eda de Alemania se ver\u00e1 seriamente afectada este a\u00f1o como resultado de la crisis del coronavirus, coincidieron hoy expertos. El Instituto de Econom\u00eda Internacional de Hamburgo (HWWI) espera que el rendimiento econ\u00f3mico disminuya en un 2,5 por ciento. La Asociaci\u00f3n de Bancos Alemanes (BdB) incluso calcula una contracci\u00f3n del","twitter:image":"https:\/\/www.eldigitaldeasturias.com\/noticias\/wp-content\/uploads\/2020\/03\/connection-4884862_640.jpg","twitter:label1":"Escrito por","twitter:data1":"El Digital de Asturias","twitter:label2":"Tiempo de lectura estimado","twitter:data2":"2 minutos"},"aioseo_meta_data":{"post_id":"1061230","title":null,"description":null,"keywords":null,"keyphrases":null,"primary_term":null,"canonical_url":null,"og_title":null,"og_description":null,"og_object_type":"default","og_image_type":"default","og_image_url":null,"og_image_width":null,"og_image_height":null,"og_image_custom_url":null,"og_image_custom_fields":null,"og_video":null,"og_custom_url":null,"og_article_section":null,"og_article_tags":null,"twitter_use_og":false,"twitter_card":"default","twitter_image_type":"default","twitter_image_url":null,"twitter_image_custom_url":null,"twitter_image_custom_fields":null,"twitter_title":null,"twitter_description":null,"schema":{"blockGraphs":[],"customGraphs":[],"default":{"data":{"Article":[],"Course":[],"Dataset":[],"FAQPage":[],"Movie":[],"Person":[],"Product":[],"ProductReview":[],"Car":[],"Recipe":[],"Service":[],"SoftwareApplication":[],"WebPage":[]},"graphName":"","isEnabled":true},"graphs":[]},"schema_type":null,"schema_type_options":null,"pillar_content":false,"robots_default":true,"robots_noindex":false,"robots_noarchive":false,"robots_nosnippet":false,"robots_nofollow":false,"robots_noimageindex":false,"robots_noodp":false,"robots_notranslate":false,"robots_max_snippet":null,"robots_max_videopreview":null,"robots_max_imagepreview":"large","priority":null,"frequency":null,"local_seo":null,"seo_analyzer_scan_date":"2025-10-31 14:51:08","breadcrumb_settings":null,"limit_modified_date":false,"open_ai":null,"ai":null,"created":"2020-12-21 10:53:32","updated":"2025-10-31 14:51:08"},"aioseo_breadcrumb":"<div class=\"aioseo-breadcrumbs\"><span class=\"aioseo-breadcrumb\">\n\t<a href=\"https:\/\/www.eldigitaldeasturias.com\/noticias\" title=\"Home\">Home<\/a>\n<\/span><span class=\"aioseo-breadcrumb-separator\">\u2013<\/span><span class=\"aioseo-breadcrumb\">\n\t<a href=\"https:\/\/www.eldigitaldeasturias.com\/noticias\/category\/economia\/\" title=\"Econom\u00eda\">Econom\u00eda<\/a>\n<\/span><span class=\"aioseo-breadcrumb-separator\">\u2013<\/span><span class=\"aioseo-breadcrumb\">\n\t<a href=\"https:\/\/www.eldigitaldeasturias.com\/noticias\/covid-19-predicen-una-caida-del-pib-aleman-de-hasta-cinco-por-ciento\/\" title=\"Covid-19: Predicen una ca\u00edda del PIB alem\u00e1n de hasta cinco por ciento\">Covid-19: Predicen una ca\u00edda del PIB alem\u00e1n de hasta cinco por ciento<\/a>\n<\/span><\/div>","aioseo_breadcrumb_json":[{"label":"Home","link":"https:\/\/www.eldigitaldeasturias.com\/noticias"},{"label":"Econom\u00eda","link":"https:\/\/www.eldigitaldeasturias.com\/noticias\/category\/economia\/"},{"label":"Covid-19: Predicen una ca\u00edda del PIB alem\u00e1n de hasta cinco por ciento","link":"https:\/\/www.eldigitaldeasturias.com\/noticias\/covid-19-predicen-una-caida-del-pib-aleman-de-hasta-cinco-por-ciento\/"}],"_links":{"self":[{"href":"https:\/\/www.eldigitaldeasturias.com\/noticias\/wp-json\/wp\/v2\/posts\/1061230","targetHints":{"allow":["GET"]}}],"collection":[{"href":"https:\/\/www.eldigitaldeasturias.com\/noticias\/wp-json\/wp\/v2\/posts"}],"about":[{"href":"https:\/\/www.eldigitaldeasturias.com\/noticias\/wp-json\/wp\/v2\/types\/post"}],"author":[{"embeddable":true,"href":"https:\/\/www.eldigitaldeasturias.com\/noticias\/wp-json\/wp\/v2\/users\/1"}],"replies":[{"embeddable":true,"href":"https:\/\/www.eldigitaldeasturias.com\/noticias\/wp-json\/wp\/v2\/comments?post=1061230"}],"version-history":[{"count":0,"href":"https:\/\/www.eldigitaldeasturias.com\/noticias\/wp-json\/wp\/v2\/posts\/1061230\/revisions"}],"wp:featuredmedia":[{"embeddable":true,"href":"https:\/\/www.eldigitaldeasturias.com\/noticias\/wp-json\/wp\/v2\/media\/1060632"}],"wp:attachment":[{"href":"https:\/\/www.eldigitaldeasturias.com\/noticias\/wp-json\/wp\/v2\/media?parent=1061230"}],"wp:term":[{"taxonomy":"category","embeddable":true,"href":"https:\/\/www.eldigitaldeasturias.com\/noticias\/wp-json\/wp\/v2\/categories?post=1061230"},{"taxonomy":"post_tag","embeddable":true,"href":"https:\/\/www.eldigitaldeasturias.com\/noticias\/wp-json\/wp\/v2\/tags?post=1061230"}],"curies":[{"name":"wp","href":"https:\/\/api.w.org\/{rel}","templated":true}]}}