{"id":1061226,"date":"2020-03-19T00:03:11","date_gmt":"2020-03-19T00:03:11","guid":{"rendered":"https:\/\/www.eldigitaldeasturias.com\/noticias\/?p=1061226"},"modified":"2020-03-19T00:03:11","modified_gmt":"2020-03-19T00:03:11","slug":"gobierno-aleman-aprueba-presupuesto-de-2021-con-record-de-inversiones","status":"publish","type":"post","link":"https:\/\/www.eldigitaldeasturias.com\/noticias\/gobierno-aleman-aprueba-presupuesto-de-2021-con-record-de-inversiones\/","title":{"rendered":"Gobierno alem\u00e1n aprueba presupuesto de 2021 con r\u00e9cord de inversiones"},"content":{"rendered":"<p><img loading=\"lazy\" decoding=\"async\" class=\"alignleft size-medium wp-image-822740\" src=\"https:\/\/www.eldigitaldeasturias.com\/noticias\/wp-content\/uploads\/2015\/11\/euros-360x241.jpg\" alt=\"\" width=\"360\" height=\"241\" srcset=\"https:\/\/www.eldigitaldeasturias.com\/noticias\/wp-content\/uploads\/2015\/11\/euros-360x241.jpg 360w, https:\/\/www.eldigitaldeasturias.com\/noticias\/wp-content\/uploads\/2015\/11\/euros-696x466.jpg 696w, https:\/\/www.eldigitaldeasturias.com\/noticias\/wp-content\/uploads\/2015\/11\/euros-627x420.jpg 627w, https:\/\/www.eldigitaldeasturias.com\/noticias\/wp-content\/uploads\/2015\/11\/euros-768x515.jpg 768w, https:\/\/www.eldigitaldeasturias.com\/noticias\/wp-content\/uploads\/2015\/11\/euros-650x436.jpg 650w, https:\/\/www.eldigitaldeasturias.com\/noticias\/wp-content\/uploads\/2015\/11\/euros.jpg 800w\" sizes=\"auto, (max-width: 360px) 100vw, 360px\" \/>Berl\u00edn, 18 mar (dpa) &#8211; El Gobierno alem\u00e1n aprob\u00f3 hoy en l\u00edneas generales el presupuesto de 2021 para la mayor econom\u00eda europea que prev\u00e9 un r\u00e9cord de inversiones.<\/p>\n<p>Al mismo tiempo, los ciudadanos se ver\u00e1n aliviados significativamente a trav\u00e9s de la introducci\u00f3n de una jubilaci\u00f3n b\u00e1sica y la reducci\u00f3n del llamado impuesto a la solidaridad destinado a los antiguos territorios de la Alemania comunista.<\/p>\n<p>El borrador presentado por el titular de finanzas, Olaf Scholz, sigue contemplando el equilibrio presupuestario sin incurrir en nuevas deudas.<\/p>\n<p>Sin embargo, los efectos de la crisis del causada por la epidemia de coronavirus no se han tenido en cuenta en los planes. Seg\u00fan explic\u00f3 el ministerio, estos efectos a\u00fan no se pueden cuantificar seriamente.<\/p>\n<p>Muchos economistas esperan que Alemania entre en recesi\u00f3n, lo que probablemente resulte en el colapso de los ingresos fiscales. La cartera de Finanzas aclar\u00f3 que esto ser\u00e1 considerado de forma retrospectiva despu\u00e9s de la pr\u00f3xima estimaci\u00f3n de recaudaci\u00f3n de impuestos que ser\u00e1 dada a conocer en mayo.<\/p>\n<p>\u00abPodemos y haremos todo lo que podamos para guiar a nuestro pa\u00eds en estos tiempos dif\u00edciles\u00bb, prometi\u00f3 Scholz.<\/p>\n<p>Inicialmente, los puntos clave del presupuesto prev\u00e9n un aumento del 2,3 por ciento de los gastos hasta 370.300 millones de euros (406.400 millones de d\u00f3lares).<\/p>\n<p>Est\u00e1 previsto que las inversiones sigan aumentando, especialmente en el sector del transporte y para la expansi\u00f3n de la banda ancha de telecomunicaciones. Tambi\u00e9n se planea m\u00e1s dinero para la protecci\u00f3n del clima, la seguridad interna y la defensa.<\/p>\n","protected":false},"excerpt":{"rendered":"<p>Berl\u00edn, 18 mar (dpa) &#8211; El Gobierno alem\u00e1n aprob\u00f3 hoy en l\u00edneas generales el presupuesto de 2021 para la mayor econom\u00eda europea que prev\u00e9 un r\u00e9cord de inversiones. Al mismo tiempo, los ciudadanos se ver\u00e1n aliviados significativamente a trav\u00e9s de la introducci\u00f3n de una jubilaci\u00f3n b\u00e1sica y la reducci\u00f3n del llamado impuesto a la solidaridad [&hellip;]<\/p>\n","protected":false},"author":1,"featured_media":822740,"comment_status":"closed","ping_status":"closed","sticky":false,"template":"","format":"standard","meta":{"footnotes":""},"categories":[187],"tags":[],"class_list":["post-1061226","post","type-post","status-publish","format-standard","has-post-thumbnail","hentry","category-economia"],"aioseo_notices":[],"aioseo_head":"\n\t\t<!-- All in One SEO Pro 4.9.6.2 - aioseo.com -->\n\t<meta name=\"description\" content=\"Berl\u00edn, 18 mar (dpa) - El Gobierno alem\u00e1n aprob\u00f3 hoy en l\u00edneas generales el presupuesto de 2021 para la mayor econom\u00eda europea que prev\u00e9 un r\u00e9cord de inversiones. Al mismo tiempo, los ciudadanos se ver\u00e1n aliviados significativamente a trav\u00e9s de la introducci\u00f3n de una jubilaci\u00f3n b\u00e1sica y la reducci\u00f3n del llamado impuesto a la solidaridad\" \/>\n\t<meta name=\"robots\" content=\"max-image-preview:large\" \/>\n\t<meta name=\"author\" content=\"El Digital de Asturias\"\/>\n\t<meta name=\"google-site-verification\" content=\"UA-38556648-1\" \/>\n\t<meta name=\"msvalidate.01\" content=\"7dfe9f3f1b24437ab69f4f2559babe99\" \/>\n\t<meta name=\"keywords\" content=\"econom\u00eda\" \/>\n\t<link rel=\"canonical\" href=\"https:\/\/www.eldigitaldeasturias.com\/noticias\/gobierno-aleman-aprueba-presupuesto-de-2021-con-record-de-inversiones\/\" \/>\n\t<meta name=\"generator\" content=\"All in One SEO Pro (AIOSEO) 4.9.6.2\" \/>\n\t\t<meta property=\"og:locale\" content=\"es_ES\" \/>\n\t\t<meta property=\"og:site_name\" content=\"El Digital de Asturias\" \/>\n\t\t<meta property=\"og:type\" content=\"article\" \/>\n\t\t<meta property=\"og:title\" content=\"Gobierno alem\u00e1n aprueba presupuesto de 2021 con r\u00e9cord de inversiones - El Digital de Asturias\" \/>\n\t\t<meta property=\"og:description\" content=\"Berl\u00edn, 18 mar (dpa) - El Gobierno alem\u00e1n aprob\u00f3 hoy en l\u00edneas generales el presupuesto de 2021 para la mayor econom\u00eda europea que prev\u00e9 un r\u00e9cord de inversiones. Al mismo tiempo, los ciudadanos se ver\u00e1n aliviados significativamente a trav\u00e9s de la introducci\u00f3n de una jubilaci\u00f3n b\u00e1sica y la reducci\u00f3n del llamado impuesto a la solidaridad\" \/>\n\t\t<meta property=\"og:url\" content=\"https:\/\/www.eldigitaldeasturias.com\/noticias\/gobierno-aleman-aprueba-presupuesto-de-2021-con-record-de-inversiones\/\" \/>\n\t\t<meta property=\"og:image\" content=\"https:\/\/www.eldigitaldeasturias.com\/noticias\/wp-content\/uploads\/2015\/11\/euros.jpg\" \/>\n\t\t<meta property=\"og:image:secure_url\" content=\"https:\/\/www.eldigitaldeasturias.com\/noticias\/wp-content\/uploads\/2015\/11\/euros.jpg\" \/>\n\t\t<meta property=\"og:image:width\" content=\"800\" \/>\n\t\t<meta property=\"og:image:height\" content=\"536\" \/>\n\t\t<meta property=\"article:tag\" content=\"econom\u00eda\" \/>\n\t\t<meta property=\"article:published_time\" content=\"2020-03-19T00:03:11+00:00\" \/>\n\t\t<meta property=\"article:modified_time\" content=\"2020-03-19T00:03:11+00:00\" \/>\n\t\t<meta property=\"article:publisher\" content=\"https:\/\/facebook.com\/eldigitaldeasturias\" \/>\n\t\t<meta name=\"twitter:card\" content=\"summary_large_image\" \/>\n\t\t<meta name=\"twitter:title\" content=\"Gobierno alem\u00e1n aprueba presupuesto de 2021 con r\u00e9cord de inversiones - El Digital de Asturias\" \/>\n\t\t<meta name=\"twitter:description\" content=\"Berl\u00edn, 18 mar (dpa) - El Gobierno alem\u00e1n aprob\u00f3 hoy en l\u00edneas generales el presupuesto de 2021 para la mayor econom\u00eda europea que prev\u00e9 un r\u00e9cord de inversiones. Al mismo tiempo, los ciudadanos se ver\u00e1n aliviados significativamente a trav\u00e9s de la introducci\u00f3n de una jubilaci\u00f3n b\u00e1sica y la reducci\u00f3n del llamado impuesto a la solidaridad\" \/>\n\t\t<meta name=\"twitter:image\" content=\"https:\/\/www.eldigitaldeasturias.com\/noticias\/wp-content\/uploads\/2015\/11\/euros.jpg\" \/>\n\t\t<meta name=\"twitter:label1\" content=\"Escrito por\" \/>\n\t\t<meta name=\"twitter:data1\" content=\"El Digital de Asturias\" \/>\n\t\t<meta name=\"twitter:label2\" content=\"Tiempo de lectura estimado\" \/>\n\t\t<meta name=\"twitter:data2\" content=\"1 minuto\" \/>\n\t\t<script type=\"application\/ld+json\" class=\"aioseo-schema\">\n\t\t\t{\"@context\":\"https:\\\/\\\/schema.org\",\"@graph\":[{\"@type\":\"BlogPosting\",\"@id\":\"https:\\\/\\\/www.eldigitaldeasturias.com\\\/noticias\\\/gobierno-aleman-aprueba-presupuesto-de-2021-con-record-de-inversiones\\\/#blogposting\",\"name\":\"Gobierno alem\\u00e1n aprueba presupuesto de 2021 con r\\u00e9cord de inversiones - El Digital de Asturias\",\"headline\":\"Gobierno alem\\u00e1n aprueba presupuesto de 2021 con r\\u00e9cord de inversiones\",\"author\":{\"@id\":\"https:\\\/\\\/www.eldigitaldeasturias.com\\\/noticias\\\/author\\\/admin\\\/#author\"},\"publisher\":{\"@id\":\"https:\\\/\\\/www.eldigitaldeasturias.com\\\/noticias\\\/#organization\"},\"image\":{\"@type\":\"ImageObject\",\"url\":\"https:\\\/\\\/www.eldigitaldeasturias.com\\\/noticias\\\/wp-content\\\/uploads\\\/2015\\\/11\\\/euros.jpg\",\"width\":800,\"height\":536,\"caption\":\"euros\"},\"datePublished\":\"2020-03-19T00:03:11+01:00\",\"dateModified\":\"2020-03-19T00:03:11+01:00\",\"inLanguage\":\"es-ES\",\"mainEntityOfPage\":{\"@id\":\"https:\\\/\\\/www.eldigitaldeasturias.com\\\/noticias\\\/gobierno-aleman-aprueba-presupuesto-de-2021-con-record-de-inversiones\\\/#webpage\"},\"isPartOf\":{\"@id\":\"https:\\\/\\\/www.eldigitaldeasturias.com\\\/noticias\\\/gobierno-aleman-aprueba-presupuesto-de-2021-con-record-de-inversiones\\\/#webpage\"},\"articleSection\":\"Econom\\u00eda\"},{\"@type\":\"BreadcrumbList\",\"@id\":\"https:\\\/\\\/www.eldigitaldeasturias.com\\\/noticias\\\/gobierno-aleman-aprueba-presupuesto-de-2021-con-record-de-inversiones\\\/#breadcrumblist\",\"itemListElement\":[{\"@type\":\"ListItem\",\"@id\":\"https:\\\/\\\/www.eldigitaldeasturias.com\\\/noticias#listItem\",\"position\":1,\"name\":\"Home\",\"item\":\"https:\\\/\\\/www.eldigitaldeasturias.com\\\/noticias\",\"nextItem\":{\"@type\":\"ListItem\",\"@id\":\"https:\\\/\\\/www.eldigitaldeasturias.com\\\/noticias\\\/category\\\/economia\\\/#listItem\",\"name\":\"Econom\\u00eda\"}},{\"@type\":\"ListItem\",\"@id\":\"https:\\\/\\\/www.eldigitaldeasturias.com\\\/noticias\\\/category\\\/economia\\\/#listItem\",\"position\":2,\"name\":\"Econom\\u00eda\",\"item\":\"https:\\\/\\\/www.eldigitaldeasturias.com\\\/noticias\\\/category\\\/economia\\\/\",\"nextItem\":{\"@type\":\"ListItem\",\"@id\":\"https:\\\/\\\/www.eldigitaldeasturias.com\\\/noticias\\\/gobierno-aleman-aprueba-presupuesto-de-2021-con-record-de-inversiones\\\/#listItem\",\"name\":\"Gobierno alem\\u00e1n aprueba presupuesto de 2021 con r\\u00e9cord de inversiones\"},\"previousItem\":{\"@type\":\"ListItem\",\"@id\":\"https:\\\/\\\/www.eldigitaldeasturias.com\\\/noticias#listItem\",\"name\":\"Home\"}},{\"@type\":\"ListItem\",\"@id\":\"https:\\\/\\\/www.eldigitaldeasturias.com\\\/noticias\\\/gobierno-aleman-aprueba-presupuesto-de-2021-con-record-de-inversiones\\\/#listItem\",\"position\":3,\"name\":\"Gobierno alem\\u00e1n aprueba presupuesto de 2021 con r\\u00e9cord de inversiones\",\"previousItem\":{\"@type\":\"ListItem\",\"@id\":\"https:\\\/\\\/www.eldigitaldeasturias.com\\\/noticias\\\/category\\\/economia\\\/#listItem\",\"name\":\"Econom\\u00eda\"}}]},{\"@type\":\"Organization\",\"@id\":\"https:\\\/\\\/www.eldigitaldeasturias.com\\\/noticias\\\/#organization\",\"name\":\"El Digital de Asturias\",\"description\":\"Hemeroteca\",\"url\":\"https:\\\/\\\/www.eldigitaldeasturias.com\\\/noticias\\\/\",\"email\":\"info@eldigitaldeasturias.com\",\"telephone\":\"+34652131393\",\"logo\":{\"@type\":\"ImageObject\",\"url\":\"https:\\\/\\\/www.eldigitaldeasturias.com\\\/noticias\\\/wp-content\\\/uploads\\\/2020\\\/12\\\/EDA.jpg\",\"@id\":\"https:\\\/\\\/www.eldigitaldeasturias.com\\\/noticias\\\/gobierno-aleman-aprueba-presupuesto-de-2021-con-record-de-inversiones\\\/#organizationLogo\",\"width\":649,\"height\":297},\"image\":{\"@id\":\"https:\\\/\\\/www.eldigitaldeasturias.com\\\/noticias\\\/gobierno-aleman-aprueba-presupuesto-de-2021-con-record-de-inversiones\\\/#organizationLogo\"},\"sameAs\":[\"https:\\\/\\\/facebook.com\\\/eldigitaldeasturias\",\"https:\\\/\\\/www.youtube.com\\\/channel\\\/UCZP-2wLEB9Rv6erhFmqVnvg\"],\"address\":{\"@id\":\"https:\\\/\\\/www.eldigitaldeasturias.com\\\/noticias\\\/#postaladdress\",\"@type\":\"PostalAddress\",\"streetAddress\":\"san antonio 4,\",\"postalCode\":\"33430\",\"addressLocality\":\"Cand\\u00e1s\",\"addressRegion\":\"Asturias\",\"addressCountry\":\"ES\"}},{\"@type\":\"Person\",\"@id\":\"https:\\\/\\\/www.eldigitaldeasturias.com\\\/noticias\\\/author\\\/admin\\\/#author\",\"url\":\"https:\\\/\\\/www.eldigitaldeasturias.com\\\/noticias\\\/author\\\/admin\\\/\",\"name\":\"El Digital de Asturias\",\"image\":{\"@type\":\"ImageObject\",\"@id\":\"https:\\\/\\\/www.eldigitaldeasturias.com\\\/noticias\\\/gobierno-aleman-aprueba-presupuesto-de-2021-con-record-de-inversiones\\\/#authorImage\",\"url\":\"https:\\\/\\\/www.eldigitaldeasturias.com\\\/noticias\\\/wp-content\\\/litespeed\\\/avatar\\\/18677e78aa0546b92d9dbf31ec7d7668.jpg?ver=1777290358\",\"width\":96,\"height\":96,\"caption\":\"El Digital de Asturias\"}},{\"@type\":\"WebPage\",\"@id\":\"https:\\\/\\\/www.eldigitaldeasturias.com\\\/noticias\\\/gobierno-aleman-aprueba-presupuesto-de-2021-con-record-de-inversiones\\\/#webpage\",\"url\":\"https:\\\/\\\/www.eldigitaldeasturias.com\\\/noticias\\\/gobierno-aleman-aprueba-presupuesto-de-2021-con-record-de-inversiones\\\/\",\"name\":\"Gobierno alem\\u00e1n aprueba presupuesto de 2021 con r\\u00e9cord de inversiones - El Digital de Asturias\",\"description\":\"Berl\\u00edn, 18 mar (dpa) - El Gobierno alem\\u00e1n aprob\\u00f3 hoy en l\\u00edneas generales el presupuesto de 2021 para la mayor econom\\u00eda europea que prev\\u00e9 un r\\u00e9cord de inversiones. Al mismo tiempo, los ciudadanos se ver\\u00e1n aliviados significativamente a trav\\u00e9s de la introducci\\u00f3n de una jubilaci\\u00f3n b\\u00e1sica y la reducci\\u00f3n del llamado impuesto a la solidaridad\",\"inLanguage\":\"es-ES\",\"isPartOf\":{\"@id\":\"https:\\\/\\\/www.eldigitaldeasturias.com\\\/noticias\\\/#website\"},\"breadcrumb\":{\"@id\":\"https:\\\/\\\/www.eldigitaldeasturias.com\\\/noticias\\\/gobierno-aleman-aprueba-presupuesto-de-2021-con-record-de-inversiones\\\/#breadcrumblist\"},\"author\":{\"@id\":\"https:\\\/\\\/www.eldigitaldeasturias.com\\\/noticias\\\/author\\\/admin\\\/#author\"},\"creator\":{\"@id\":\"https:\\\/\\\/www.eldigitaldeasturias.com\\\/noticias\\\/author\\\/admin\\\/#author\"},\"image\":{\"@type\":\"ImageObject\",\"url\":\"https:\\\/\\\/www.eldigitaldeasturias.com\\\/noticias\\\/wp-content\\\/uploads\\\/2015\\\/11\\\/euros.jpg\",\"@id\":\"https:\\\/\\\/www.eldigitaldeasturias.com\\\/noticias\\\/gobierno-aleman-aprueba-presupuesto-de-2021-con-record-de-inversiones\\\/#mainImage\",\"width\":800,\"height\":536,\"caption\":\"euros\"},\"primaryImageOfPage\":{\"@id\":\"https:\\\/\\\/www.eldigitaldeasturias.com\\\/noticias\\\/gobierno-aleman-aprueba-presupuesto-de-2021-con-record-de-inversiones\\\/#mainImage\"},\"datePublished\":\"2020-03-19T00:03:11+01:00\",\"dateModified\":\"2020-03-19T00:03:11+01:00\"},{\"@type\":\"WebSite\",\"@id\":\"https:\\\/\\\/www.eldigitaldeasturias.com\\\/noticias\\\/#website\",\"url\":\"https:\\\/\\\/www.eldigitaldeasturias.com\\\/noticias\\\/\",\"name\":\"El Digital de Asturias - Diario de actualidad y noticias\",\"alternateName\":\"El Digital de Asturias - Diario de actualidad y noticias\",\"description\":\"Hemeroteca\",\"inLanguage\":\"es-ES\",\"publisher\":{\"@id\":\"https:\\\/\\\/www.eldigitaldeasturias.com\\\/noticias\\\/#organization\"}}]}\n\t\t<\/script>\n\t\t<!-- All in One SEO Pro -->\r\n\t\t<title>Gobierno alem\u00e1n aprueba presupuesto de 2021 con r\u00e9cord de inversiones - El Digital de Asturias<\/title>\n\n","aioseo_head_json":{"title":"Gobierno alem\u00e1n aprueba presupuesto de 2021 con r\u00e9cord de inversiones - El Digital de Asturias","description":"Berl\u00edn, 18 mar (dpa) - El Gobierno alem\u00e1n aprob\u00f3 hoy en l\u00edneas generales el presupuesto de 2021 para la mayor econom\u00eda europea que prev\u00e9 un r\u00e9cord de inversiones. Al mismo tiempo, los ciudadanos se ver\u00e1n aliviados significativamente a trav\u00e9s de la introducci\u00f3n de una jubilaci\u00f3n b\u00e1sica y la reducci\u00f3n del llamado impuesto a la solidaridad","canonical_url":"https:\/\/www.eldigitaldeasturias.com\/noticias\/gobierno-aleman-aprueba-presupuesto-de-2021-con-record-de-inversiones\/","robots":"max-image-preview:large","keywords":"econom\u00eda","webmasterTools":{"google-site-verification":"UA-38556648-1","msvalidate.01":"7dfe9f3f1b24437ab69f4f2559babe99","miscellaneous":""},"schema":{"@context":"https:\/\/schema.org","@graph":[{"@type":"BlogPosting","@id":"https:\/\/www.eldigitaldeasturias.com\/noticias\/gobierno-aleman-aprueba-presupuesto-de-2021-con-record-de-inversiones\/#blogposting","name":"Gobierno alem\u00e1n aprueba presupuesto de 2021 con r\u00e9cord de inversiones - El Digital de Asturias","headline":"Gobierno alem\u00e1n aprueba presupuesto de 2021 con r\u00e9cord de inversiones","author":{"@id":"https:\/\/www.eldigitaldeasturias.com\/noticias\/author\/admin\/#author"},"publisher":{"@id":"https:\/\/www.eldigitaldeasturias.com\/noticias\/#organization"},"image":{"@type":"ImageObject","url":"https:\/\/www.eldigitaldeasturias.com\/noticias\/wp-content\/uploads\/2015\/11\/euros.jpg","width":800,"height":536,"caption":"euros"},"datePublished":"2020-03-19T00:03:11+01:00","dateModified":"2020-03-19T00:03:11+01:00","inLanguage":"es-ES","mainEntityOfPage":{"@id":"https:\/\/www.eldigitaldeasturias.com\/noticias\/gobierno-aleman-aprueba-presupuesto-de-2021-con-record-de-inversiones\/#webpage"},"isPartOf":{"@id":"https:\/\/www.eldigitaldeasturias.com\/noticias\/gobierno-aleman-aprueba-presupuesto-de-2021-con-record-de-inversiones\/#webpage"},"articleSection":"Econom\u00eda"},{"@type":"BreadcrumbList","@id":"https:\/\/www.eldigitaldeasturias.com\/noticias\/gobierno-aleman-aprueba-presupuesto-de-2021-con-record-de-inversiones\/#breadcrumblist","itemListElement":[{"@type":"ListItem","@id":"https:\/\/www.eldigitaldeasturias.com\/noticias#listItem","position":1,"name":"Home","item":"https:\/\/www.eldigitaldeasturias.com\/noticias","nextItem":{"@type":"ListItem","@id":"https:\/\/www.eldigitaldeasturias.com\/noticias\/category\/economia\/#listItem","name":"Econom\u00eda"}},{"@type":"ListItem","@id":"https:\/\/www.eldigitaldeasturias.com\/noticias\/category\/economia\/#listItem","position":2,"name":"Econom\u00eda","item":"https:\/\/www.eldigitaldeasturias.com\/noticias\/category\/economia\/","nextItem":{"@type":"ListItem","@id":"https:\/\/www.eldigitaldeasturias.com\/noticias\/gobierno-aleman-aprueba-presupuesto-de-2021-con-record-de-inversiones\/#listItem","name":"Gobierno alem\u00e1n aprueba presupuesto de 2021 con r\u00e9cord de inversiones"},"previousItem":{"@type":"ListItem","@id":"https:\/\/www.eldigitaldeasturias.com\/noticias#listItem","name":"Home"}},{"@type":"ListItem","@id":"https:\/\/www.eldigitaldeasturias.com\/noticias\/gobierno-aleman-aprueba-presupuesto-de-2021-con-record-de-inversiones\/#listItem","position":3,"name":"Gobierno alem\u00e1n aprueba presupuesto de 2021 con r\u00e9cord de inversiones","previousItem":{"@type":"ListItem","@id":"https:\/\/www.eldigitaldeasturias.com\/noticias\/category\/economia\/#listItem","name":"Econom\u00eda"}}]},{"@type":"Organization","@id":"https:\/\/www.eldigitaldeasturias.com\/noticias\/#organization","name":"El Digital de Asturias","description":"Hemeroteca","url":"https:\/\/www.eldigitaldeasturias.com\/noticias\/","email":"info@eldigitaldeasturias.com","telephone":"+34652131393","logo":{"@type":"ImageObject","url":"https:\/\/www.eldigitaldeasturias.com\/noticias\/wp-content\/uploads\/2020\/12\/EDA.jpg","@id":"https:\/\/www.eldigitaldeasturias.com\/noticias\/gobierno-aleman-aprueba-presupuesto-de-2021-con-record-de-inversiones\/#organizationLogo","width":649,"height":297},"image":{"@id":"https:\/\/www.eldigitaldeasturias.com\/noticias\/gobierno-aleman-aprueba-presupuesto-de-2021-con-record-de-inversiones\/#organizationLogo"},"sameAs":["https:\/\/facebook.com\/eldigitaldeasturias","https:\/\/www.youtube.com\/channel\/UCZP-2wLEB9Rv6erhFmqVnvg"],"address":{"@id":"https:\/\/www.eldigitaldeasturias.com\/noticias\/#postaladdress","@type":"PostalAddress","streetAddress":"san antonio 4,","postalCode":"33430","addressLocality":"Cand\u00e1s","addressRegion":"Asturias","addressCountry":"ES"}},{"@type":"Person","@id":"https:\/\/www.eldigitaldeasturias.com\/noticias\/author\/admin\/#author","url":"https:\/\/www.eldigitaldeasturias.com\/noticias\/author\/admin\/","name":"El Digital de Asturias","image":{"@type":"ImageObject","@id":"https:\/\/www.eldigitaldeasturias.com\/noticias\/gobierno-aleman-aprueba-presupuesto-de-2021-con-record-de-inversiones\/#authorImage","url":"https:\/\/www.eldigitaldeasturias.com\/noticias\/wp-content\/litespeed\/avatar\/18677e78aa0546b92d9dbf31ec7d7668.jpg?ver=1777290358","width":96,"height":96,"caption":"El Digital de Asturias"}},{"@type":"WebPage","@id":"https:\/\/www.eldigitaldeasturias.com\/noticias\/gobierno-aleman-aprueba-presupuesto-de-2021-con-record-de-inversiones\/#webpage","url":"https:\/\/www.eldigitaldeasturias.com\/noticias\/gobierno-aleman-aprueba-presupuesto-de-2021-con-record-de-inversiones\/","name":"Gobierno alem\u00e1n aprueba presupuesto de 2021 con r\u00e9cord de inversiones - El Digital de Asturias","description":"Berl\u00edn, 18 mar (dpa) - El Gobierno alem\u00e1n aprob\u00f3 hoy en l\u00edneas generales el presupuesto de 2021 para la mayor econom\u00eda europea que prev\u00e9 un r\u00e9cord de inversiones. Al mismo tiempo, los ciudadanos se ver\u00e1n aliviados significativamente a trav\u00e9s de la introducci\u00f3n de una jubilaci\u00f3n b\u00e1sica y la reducci\u00f3n del llamado impuesto a la solidaridad","inLanguage":"es-ES","isPartOf":{"@id":"https:\/\/www.eldigitaldeasturias.com\/noticias\/#website"},"breadcrumb":{"@id":"https:\/\/www.eldigitaldeasturias.com\/noticias\/gobierno-aleman-aprueba-presupuesto-de-2021-con-record-de-inversiones\/#breadcrumblist"},"author":{"@id":"https:\/\/www.eldigitaldeasturias.com\/noticias\/author\/admin\/#author"},"creator":{"@id":"https:\/\/www.eldigitaldeasturias.com\/noticias\/author\/admin\/#author"},"image":{"@type":"ImageObject","url":"https:\/\/www.eldigitaldeasturias.com\/noticias\/wp-content\/uploads\/2015\/11\/euros.jpg","@id":"https:\/\/www.eldigitaldeasturias.com\/noticias\/gobierno-aleman-aprueba-presupuesto-de-2021-con-record-de-inversiones\/#mainImage","width":800,"height":536,"caption":"euros"},"primaryImageOfPage":{"@id":"https:\/\/www.eldigitaldeasturias.com\/noticias\/gobierno-aleman-aprueba-presupuesto-de-2021-con-record-de-inversiones\/#mainImage"},"datePublished":"2020-03-19T00:03:11+01:00","dateModified":"2020-03-19T00:03:11+01:00"},{"@type":"WebSite","@id":"https:\/\/www.eldigitaldeasturias.com\/noticias\/#website","url":"https:\/\/www.eldigitaldeasturias.com\/noticias\/","name":"El Digital de Asturias - Diario de actualidad y noticias","alternateName":"El Digital de Asturias - Diario de actualidad y noticias","description":"Hemeroteca","inLanguage":"es-ES","publisher":{"@id":"https:\/\/www.eldigitaldeasturias.com\/noticias\/#organization"}}]},"og:locale":"es_ES","og:site_name":"El Digital de Asturias","og:type":"article","og:title":"Gobierno alem\u00e1n aprueba presupuesto de 2021 con r\u00e9cord de inversiones - El Digital de Asturias","og:description":"Berl\u00edn, 18 mar (dpa) - El Gobierno alem\u00e1n aprob\u00f3 hoy en l\u00edneas generales el presupuesto de 2021 para la mayor econom\u00eda europea que prev\u00e9 un r\u00e9cord de inversiones. Al mismo tiempo, los ciudadanos se ver\u00e1n aliviados significativamente a trav\u00e9s de la introducci\u00f3n de una jubilaci\u00f3n b\u00e1sica y la reducci\u00f3n del llamado impuesto a la solidaridad","og:url":"https:\/\/www.eldigitaldeasturias.com\/noticias\/gobierno-aleman-aprueba-presupuesto-de-2021-con-record-de-inversiones\/","og:image":"https:\/\/www.eldigitaldeasturias.com\/noticias\/wp-content\/uploads\/2015\/11\/euros.jpg","og:image:secure_url":"https:\/\/www.eldigitaldeasturias.com\/noticias\/wp-content\/uploads\/2015\/11\/euros.jpg","og:image:width":800,"og:image:height":536,"article:tag":["econom\u00eda"],"article:published_time":"2020-03-19T00:03:11+00:00","article:modified_time":"2020-03-19T00:03:11+00:00","article:publisher":"https:\/\/facebook.com\/eldigitaldeasturias","twitter:card":"summary_large_image","twitter:title":"Gobierno alem\u00e1n aprueba presupuesto de 2021 con r\u00e9cord de inversiones - El Digital de Asturias","twitter:description":"Berl\u00edn, 18 mar (dpa) - El Gobierno alem\u00e1n aprob\u00f3 hoy en l\u00edneas generales el presupuesto de 2021 para la mayor econom\u00eda europea que prev\u00e9 un r\u00e9cord de inversiones. Al mismo tiempo, los ciudadanos se ver\u00e1n aliviados significativamente a trav\u00e9s de la introducci\u00f3n de una jubilaci\u00f3n b\u00e1sica y la reducci\u00f3n del llamado impuesto a la solidaridad","twitter:image":"https:\/\/www.eldigitaldeasturias.com\/noticias\/wp-content\/uploads\/2015\/11\/euros.jpg","twitter:label1":"Escrito por","twitter:data1":"El Digital de Asturias","twitter:label2":"Tiempo de lectura estimado","twitter:data2":"1 minuto"},"aioseo_meta_data":{"post_id":"1061226","title":null,"description":null,"keywords":null,"keyphrases":null,"primary_term":null,"canonical_url":null,"og_title":null,"og_description":null,"og_object_type":"default","og_image_type":"default","og_image_url":null,"og_image_width":null,"og_image_height":null,"og_image_custom_url":null,"og_image_custom_fields":null,"og_video":null,"og_custom_url":null,"og_article_section":null,"og_article_tags":null,"twitter_use_og":false,"twitter_card":"default","twitter_image_type":"default","twitter_image_url":null,"twitter_image_custom_url":null,"twitter_image_custom_fields":null,"twitter_title":null,"twitter_description":null,"schema":{"blockGraphs":[],"customGraphs":[],"default":{"data":{"Article":[],"Course":[],"Dataset":[],"FAQPage":[],"Movie":[],"Person":[],"Product":[],"ProductReview":[],"Car":[],"Recipe":[],"Service":[],"SoftwareApplication":[],"WebPage":[]},"graphName":"","isEnabled":true},"graphs":[],"defaultGraph":"","defaultPostTypeGraph":""},"schema_type":null,"schema_type_options":null,"pillar_content":false,"robots_default":true,"robots_noindex":false,"robots_noarchive":false,"robots_nosnippet":false,"robots_nofollow":false,"robots_noimageindex":false,"robots_noodp":false,"robots_notranslate":false,"robots_max_snippet":null,"robots_max_videopreview":null,"robots_max_imagepreview":"large","priority":null,"frequency":null,"local_seo":null,"seo_analyzer_scan_date":"2025-10-31 14:51:07","breadcrumb_settings":null,"limit_modified_date":false,"open_ai":null,"ai":null,"created":"2020-12-21 10:53:32","updated":"2025-10-31 14:51:07"},"aioseo_breadcrumb":"<div class=\"aioseo-breadcrumbs\"><span class=\"aioseo-breadcrumb\">\n\t<a href=\"https:\/\/www.eldigitaldeasturias.com\/noticias\" title=\"Home\">Home<\/a>\n<\/span><span class=\"aioseo-breadcrumb-separator\">\u2013<\/span><span class=\"aioseo-breadcrumb\">\n\t<a href=\"https:\/\/www.eldigitaldeasturias.com\/noticias\/category\/economia\/\" title=\"Econom\u00eda\">Econom\u00eda<\/a>\n<\/span><span class=\"aioseo-breadcrumb-separator\">\u2013<\/span><span class=\"aioseo-breadcrumb\">\n\t<a href=\"https:\/\/www.eldigitaldeasturias.com\/noticias\/gobierno-aleman-aprueba-presupuesto-de-2021-con-record-de-inversiones\/\" title=\"Gobierno alem\u00e1n aprueba presupuesto de 2021 con r\u00e9cord de inversiones\">Gobierno alem\u00e1n aprueba presupuesto de 2021 con r\u00e9cord de inversiones<\/a>\n<\/span><\/div>","aioseo_breadcrumb_json":[{"label":"Home","link":"https:\/\/www.eldigitaldeasturias.com\/noticias"},{"label":"Econom\u00eda","link":"https:\/\/www.eldigitaldeasturias.com\/noticias\/category\/economia\/"},{"label":"Gobierno alem\u00e1n aprueba presupuesto de 2021 con r\u00e9cord de inversiones","link":"https:\/\/www.eldigitaldeasturias.com\/noticias\/gobierno-aleman-aprueba-presupuesto-de-2021-con-record-de-inversiones\/"}],"_links":{"self":[{"href":"https:\/\/www.eldigitaldeasturias.com\/noticias\/wp-json\/wp\/v2\/posts\/1061226","targetHints":{"allow":["GET"]}}],"collection":[{"href":"https:\/\/www.eldigitaldeasturias.com\/noticias\/wp-json\/wp\/v2\/posts"}],"about":[{"href":"https:\/\/www.eldigitaldeasturias.com\/noticias\/wp-json\/wp\/v2\/types\/post"}],"author":[{"embeddable":true,"href":"https:\/\/www.eldigitaldeasturias.com\/noticias\/wp-json\/wp\/v2\/users\/1"}],"replies":[{"embeddable":true,"href":"https:\/\/www.eldigitaldeasturias.com\/noticias\/wp-json\/wp\/v2\/comments?post=1061226"}],"version-history":[{"count":0,"href":"https:\/\/www.eldigitaldeasturias.com\/noticias\/wp-json\/wp\/v2\/posts\/1061226\/revisions"}],"wp:featuredmedia":[{"embeddable":true,"href":"https:\/\/www.eldigitaldeasturias.com\/noticias\/wp-json\/wp\/v2\/media\/822740"}],"wp:attachment":[{"href":"https:\/\/www.eldigitaldeasturias.com\/noticias\/wp-json\/wp\/v2\/media?parent=1061226"}],"wp:term":[{"taxonomy":"category","embeddable":true,"href":"https:\/\/www.eldigitaldeasturias.com\/noticias\/wp-json\/wp\/v2\/categories?post=1061226"},{"taxonomy":"post_tag","embeddable":true,"href":"https:\/\/www.eldigitaldeasturias.com\/noticias\/wp-json\/wp\/v2\/tags?post=1061226"}],"curies":[{"name":"wp","href":"https:\/\/api.w.org\/{rel}","templated":true}]}}