{"id":1061219,"date":"2020-03-18T23:53:22","date_gmt":"2020-03-18T23:53:22","guid":{"rendered":"https:\/\/www.eldigitaldeasturias.com\/noticias\/?p=1061219"},"modified":"2020-03-18T23:53:22","modified_gmt":"2020-03-18T23:53:22","slug":"bmw-suspende-la-produccion-en-plantas-europeas","status":"publish","type":"post","link":"https:\/\/www.eldigitaldeasturias.com\/noticias\/bmw-suspende-la-produccion-en-plantas-europeas\/","title":{"rendered":"BMW suspende la producci\u00f3n en plantas europeas"},"content":{"rendered":"<figure id=\"attachment_1061220\" aria-describedby=\"caption-attachment-1061220\" style=\"width: 360px\" class=\"wp-caption alignleft\"><img loading=\"lazy\" decoding=\"async\" class=\"size-medium wp-image-1061220\" src=\"https:\/\/www.eldigitaldeasturias.com\/noticias\/wp-content\/uploads\/2020\/03\/BMW-dpa-360x234.jpg\" alt=\"\" width=\"360\" height=\"234\" srcset=\"https:\/\/www.eldigitaldeasturias.com\/noticias\/wp-content\/uploads\/2020\/03\/BMW-dpa-360x234.jpg 360w, https:\/\/www.eldigitaldeasturias.com\/noticias\/wp-content\/uploads\/2020\/03\/BMW-dpa-690x449.jpg 690w, https:\/\/www.eldigitaldeasturias.com\/noticias\/wp-content\/uploads\/2020\/03\/BMW-dpa-461x300.jpg 461w, https:\/\/www.eldigitaldeasturias.com\/noticias\/wp-content\/uploads\/2020\/03\/BMW-dpa-768x500.jpg 768w, https:\/\/www.eldigitaldeasturias.com\/noticias\/wp-content\/uploads\/2020\/03\/BMW-dpa.jpg 999w\" sizes=\"auto, (max-width: 360px) 100vw, 360px\" \/><figcaption id=\"caption-attachment-1061220\" class=\"wp-caption-text\">Foto: Sebastian Willnow\/dpa-Zentralbild\/dpa<\/figcaption><\/figure>\n<p>M\u00fanich, 18 mar (dpa) &#8211; La automotriz alemana BMW anunci\u00f3 hoy que detendr\u00e1 la producci\u00f3n de coches en Europa durante cuatro semanas debido a la propagaci\u00f3n del coronavirus.<\/p>\n<p>\u00abA partir de hoy estamos parando nuestras plantas de autom\u00f3viles en Europa y la planta de Rosslyn en Sud\u00e1frica. La interrupci\u00f3n de la producci\u00f3n est\u00e1 prevista hasta el 19 de abril\u00bb, se\u00f1al\u00f3 Oliver Zipse, presidente de la junta directiva de BMW, en M\u00fanich.<\/p>\n<p>La compa\u00f1\u00eda estim\u00f3 que es probable que la propagaci\u00f3n del coronavirus tenga un impacto significativo en la demanda de autom\u00f3viles en los principales mercados.<\/p>\n<p>\u00abNuestra producci\u00f3n est\u00e1 en l\u00ednea con el crecimiento proyectado de las ventas. Ajustamos nuestro volumen de producci\u00f3n de manera flexible a la demanda\u00bb, indic\u00f3 Zipse.<\/p>\n<p>Las automotrices germanas Volkswagen, Audi y Daimler anunciaron el martes que interrump\u00edan la producci\u00f3n debido a la crisis del coronavirus. Audi y el fabricante de camiones MAN solicitaron asimismo subsidios por jornada laboral reducida.<\/p>\n<p>El presidente del comit\u00e9 de empresa de BMW, Manfred Schoch, subray\u00f3 que la salud de los empleados debe ser protegida y sus puestos de trabajo e ingresos salvaguardados. Acot\u00f3 tambi\u00e9n que un empleado de BMW adherido al convenio colectivo recibir\u00eda en jornada laboral reducida por lo menos el 93 por ciento de su salario neto.<\/p>\n<p>Schoch se mostr\u00f3 optimista de que con trabajo a jornada reducida, horarios y contingente de horas de trabajo flexibles y teletrabajo, BMW guiar\u00eda a su plantilla de forma segura a trav\u00e9s de la crisis del coronavirus.<\/p>\n<p>En el a\u00f1o en curso, BMW espera una nueva ca\u00edda significativa de los beneficios. La automotriz calcula que el margen de beneficio en el sector de autom\u00f3viles caer\u00e1 al dos o cuatro por ciento de las ventas. Los servicios financieros esperan menos contratos nuevos y provisiones por riesgo m\u00e1s altas.<\/p>\n<p>Por todo ello, \u00abse espera que los beneficios antes de impuestos del grupo disminuyan significativamente en comparaci\u00f3n con 2019\u00bb, anunci\u00f3 BMW. Este hab\u00eda ca\u00eddo el a\u00f1o pasado de 9.600 a 7.100 millones de euros (de 10.705 a 7.917 millones de d\u00f3lares).<\/p>\n","protected":false},"excerpt":{"rendered":"<p>M\u00fanich, 18 mar (dpa) &#8211; La automotriz alemana BMW anunci\u00f3 hoy que detendr\u00e1 la producci\u00f3n de coches en Europa durante cuatro semanas debido a la propagaci\u00f3n del coronavirus. \u00abA partir de hoy estamos parando nuestras plantas de autom\u00f3viles en Europa y la planta de Rosslyn en Sud\u00e1frica. La interrupci\u00f3n de la producci\u00f3n est\u00e1 prevista hasta [&hellip;]<\/p>\n","protected":false},"author":1,"featured_media":1061220,"comment_status":"closed","ping_status":"closed","sticky":false,"template":"","format":"standard","meta":{"footnotes":""},"categories":[219],"tags":[],"class_list":["post-1061219","post","type-post","status-publish","format-standard","has-post-thumbnail","hentry","category-negocios-y-empresas"],"aioseo_notices":[],"aioseo_head":"\n\t\t<!-- All in One SEO Pro 4.9.6.2 - aioseo.com -->\n\t<meta name=\"description\" content=\"M\u00fanich, 18 mar (dpa) - La automotriz alemana BMW anunci\u00f3 hoy que detendr\u00e1 la producci\u00f3n de coches en Europa durante cuatro semanas debido a la propagaci\u00f3n del coronavirus. &quot;A partir de hoy estamos parando nuestras plantas de autom\u00f3viles en Europa y la planta de Rosslyn en Sud\u00e1frica. La interrupci\u00f3n de la producci\u00f3n est\u00e1 prevista hasta\" \/>\n\t<meta name=\"robots\" content=\"max-image-preview:large\" \/>\n\t<meta name=\"author\" content=\"El Digital de Asturias\"\/>\n\t<meta name=\"google-site-verification\" content=\"UA-38556648-1\" \/>\n\t<meta name=\"msvalidate.01\" content=\"7dfe9f3f1b24437ab69f4f2559babe99\" \/>\n\t<meta name=\"keywords\" content=\"negocios y empresas\" \/>\n\t<link rel=\"canonical\" href=\"https:\/\/www.eldigitaldeasturias.com\/noticias\/bmw-suspende-la-produccion-en-plantas-europeas\/\" \/>\n\t<meta name=\"generator\" content=\"All in One SEO Pro (AIOSEO) 4.9.6.2\" \/>\n\t\t<meta property=\"og:locale\" content=\"es_ES\" \/>\n\t\t<meta property=\"og:site_name\" content=\"El Digital de Asturias\" \/>\n\t\t<meta property=\"og:type\" content=\"article\" \/>\n\t\t<meta property=\"og:title\" content=\"BMW suspende la producci\u00f3n en plantas europeas - El Digital de Asturias\" \/>\n\t\t<meta property=\"og:description\" content=\"M\u00fanich, 18 mar (dpa) - La automotriz alemana BMW anunci\u00f3 hoy que detendr\u00e1 la producci\u00f3n de coches en Europa durante cuatro semanas debido a la propagaci\u00f3n del coronavirus. &quot;A partir de hoy estamos parando nuestras plantas de autom\u00f3viles en Europa y la planta de Rosslyn en Sud\u00e1frica. La interrupci\u00f3n de la producci\u00f3n est\u00e1 prevista hasta\" \/>\n\t\t<meta property=\"og:url\" content=\"https:\/\/www.eldigitaldeasturias.com\/noticias\/bmw-suspende-la-produccion-en-plantas-europeas\/\" \/>\n\t\t<meta property=\"og:image\" content=\"https:\/\/www.eldigitaldeasturias.com\/noticias\/wp-content\/uploads\/2020\/03\/BMW-dpa.jpg\" \/>\n\t\t<meta property=\"og:image:secure_url\" content=\"https:\/\/www.eldigitaldeasturias.com\/noticias\/wp-content\/uploads\/2020\/03\/BMW-dpa.jpg\" \/>\n\t\t<meta property=\"og:image:width\" content=\"999\" \/>\n\t\t<meta property=\"og:image:height\" content=\"650\" \/>\n\t\t<meta property=\"article:tag\" content=\"negocios y empresas\" \/>\n\t\t<meta property=\"article:published_time\" content=\"2020-03-18T23:53:22+00:00\" \/>\n\t\t<meta property=\"article:modified_time\" content=\"2020-03-18T23:53:22+00:00\" \/>\n\t\t<meta property=\"article:publisher\" content=\"https:\/\/facebook.com\/eldigitaldeasturias\" \/>\n\t\t<meta name=\"twitter:card\" content=\"summary_large_image\" \/>\n\t\t<meta name=\"twitter:title\" content=\"BMW suspende la producci\u00f3n en plantas europeas - El Digital de Asturias\" \/>\n\t\t<meta name=\"twitter:description\" content=\"M\u00fanich, 18 mar (dpa) - La automotriz alemana BMW anunci\u00f3 hoy que detendr\u00e1 la producci\u00f3n de coches en Europa durante cuatro semanas debido a la propagaci\u00f3n del coronavirus. &quot;A partir de hoy estamos parando nuestras plantas de autom\u00f3viles en Europa y la planta de Rosslyn en Sud\u00e1frica. La interrupci\u00f3n de la producci\u00f3n est\u00e1 prevista hasta\" \/>\n\t\t<meta name=\"twitter:image\" content=\"https:\/\/www.eldigitaldeasturias.com\/noticias\/wp-content\/uploads\/2020\/03\/BMW-dpa.jpg\" \/>\n\t\t<meta name=\"twitter:label1\" content=\"Escrito por\" \/>\n\t\t<meta name=\"twitter:data1\" content=\"El Digital de Asturias\" \/>\n\t\t<meta name=\"twitter:label2\" content=\"Tiempo de lectura estimado\" \/>\n\t\t<meta name=\"twitter:data2\" content=\"2 minutos\" \/>\n\t\t<script type=\"application\/ld+json\" class=\"aioseo-schema\">\n\t\t\t{\"@context\":\"https:\\\/\\\/schema.org\",\"@graph\":[{\"@type\":\"BlogPosting\",\"@id\":\"https:\\\/\\\/www.eldigitaldeasturias.com\\\/noticias\\\/bmw-suspende-la-produccion-en-plantas-europeas\\\/#blogposting\",\"name\":\"BMW suspende la producci\\u00f3n en plantas europeas - El Digital de Asturias\",\"headline\":\"BMW suspende la producci\\u00f3n en plantas europeas\",\"author\":{\"@id\":\"https:\\\/\\\/www.eldigitaldeasturias.com\\\/noticias\\\/author\\\/admin\\\/#author\"},\"publisher\":{\"@id\":\"https:\\\/\\\/www.eldigitaldeasturias.com\\\/noticias\\\/#organization\"},\"image\":{\"@type\":\"ImageObject\",\"url\":\"https:\\\/\\\/www.eldigitaldeasturias.com\\\/noticias\\\/wp-content\\\/uploads\\\/2020\\\/03\\\/BMW-dpa.jpg\",\"width\":999,\"height\":650,\"caption\":\"Foto: Sebastian Willnow\\\/dpa-Zentralbild\\\/dpa\"},\"datePublished\":\"2020-03-18T23:53:22+01:00\",\"dateModified\":\"2020-03-18T23:53:22+01:00\",\"inLanguage\":\"es-ES\",\"mainEntityOfPage\":{\"@id\":\"https:\\\/\\\/www.eldigitaldeasturias.com\\\/noticias\\\/bmw-suspende-la-produccion-en-plantas-europeas\\\/#webpage\"},\"isPartOf\":{\"@id\":\"https:\\\/\\\/www.eldigitaldeasturias.com\\\/noticias\\\/bmw-suspende-la-produccion-en-plantas-europeas\\\/#webpage\"},\"articleSection\":\"Negocios y Empresas\"},{\"@type\":\"BreadcrumbList\",\"@id\":\"https:\\\/\\\/www.eldigitaldeasturias.com\\\/noticias\\\/bmw-suspende-la-produccion-en-plantas-europeas\\\/#breadcrumblist\",\"itemListElement\":[{\"@type\":\"ListItem\",\"@id\":\"https:\\\/\\\/www.eldigitaldeasturias.com\\\/noticias#listItem\",\"position\":1,\"name\":\"Home\",\"item\":\"https:\\\/\\\/www.eldigitaldeasturias.com\\\/noticias\",\"nextItem\":{\"@type\":\"ListItem\",\"@id\":\"https:\\\/\\\/www.eldigitaldeasturias.com\\\/noticias\\\/category\\\/negocios-y-empresas\\\/#listItem\",\"name\":\"Negocios y Empresas\"}},{\"@type\":\"ListItem\",\"@id\":\"https:\\\/\\\/www.eldigitaldeasturias.com\\\/noticias\\\/category\\\/negocios-y-empresas\\\/#listItem\",\"position\":2,\"name\":\"Negocios y Empresas\",\"item\":\"https:\\\/\\\/www.eldigitaldeasturias.com\\\/noticias\\\/category\\\/negocios-y-empresas\\\/\",\"nextItem\":{\"@type\":\"ListItem\",\"@id\":\"https:\\\/\\\/www.eldigitaldeasturias.com\\\/noticias\\\/bmw-suspende-la-produccion-en-plantas-europeas\\\/#listItem\",\"name\":\"BMW suspende la producci\\u00f3n en plantas europeas\"},\"previousItem\":{\"@type\":\"ListItem\",\"@id\":\"https:\\\/\\\/www.eldigitaldeasturias.com\\\/noticias#listItem\",\"name\":\"Home\"}},{\"@type\":\"ListItem\",\"@id\":\"https:\\\/\\\/www.eldigitaldeasturias.com\\\/noticias\\\/bmw-suspende-la-produccion-en-plantas-europeas\\\/#listItem\",\"position\":3,\"name\":\"BMW suspende la producci\\u00f3n en plantas europeas\",\"previousItem\":{\"@type\":\"ListItem\",\"@id\":\"https:\\\/\\\/www.eldigitaldeasturias.com\\\/noticias\\\/category\\\/negocios-y-empresas\\\/#listItem\",\"name\":\"Negocios y Empresas\"}}]},{\"@type\":\"Organization\",\"@id\":\"https:\\\/\\\/www.eldigitaldeasturias.com\\\/noticias\\\/#organization\",\"name\":\"El Digital de Asturias\",\"description\":\"Hemeroteca\",\"url\":\"https:\\\/\\\/www.eldigitaldeasturias.com\\\/noticias\\\/\",\"email\":\"info@eldigitaldeasturias.com\",\"telephone\":\"+34652131393\",\"logo\":{\"@type\":\"ImageObject\",\"url\":\"https:\\\/\\\/www.eldigitaldeasturias.com\\\/noticias\\\/wp-content\\\/uploads\\\/2020\\\/12\\\/EDA.jpg\",\"@id\":\"https:\\\/\\\/www.eldigitaldeasturias.com\\\/noticias\\\/bmw-suspende-la-produccion-en-plantas-europeas\\\/#organizationLogo\",\"width\":649,\"height\":297},\"image\":{\"@id\":\"https:\\\/\\\/www.eldigitaldeasturias.com\\\/noticias\\\/bmw-suspende-la-produccion-en-plantas-europeas\\\/#organizationLogo\"},\"sameAs\":[\"https:\\\/\\\/facebook.com\\\/eldigitaldeasturias\",\"https:\\\/\\\/www.youtube.com\\\/channel\\\/UCZP-2wLEB9Rv6erhFmqVnvg\"],\"address\":{\"@id\":\"https:\\\/\\\/www.eldigitaldeasturias.com\\\/noticias\\\/#postaladdress\",\"@type\":\"PostalAddress\",\"streetAddress\":\"san antonio 4,\",\"postalCode\":\"33430\",\"addressLocality\":\"Cand\\u00e1s\",\"addressRegion\":\"Asturias\",\"addressCountry\":\"ES\"}},{\"@type\":\"Person\",\"@id\":\"https:\\\/\\\/www.eldigitaldeasturias.com\\\/noticias\\\/author\\\/admin\\\/#author\",\"url\":\"https:\\\/\\\/www.eldigitaldeasturias.com\\\/noticias\\\/author\\\/admin\\\/\",\"name\":\"El Digital de Asturias\",\"image\":{\"@type\":\"ImageObject\",\"@id\":\"https:\\\/\\\/www.eldigitaldeasturias.com\\\/noticias\\\/bmw-suspende-la-produccion-en-plantas-europeas\\\/#authorImage\",\"url\":\"https:\\\/\\\/www.eldigitaldeasturias.com\\\/noticias\\\/wp-content\\\/litespeed\\\/avatar\\\/18677e78aa0546b92d9dbf31ec7d7668.jpg?ver=1777290358\",\"width\":96,\"height\":96,\"caption\":\"El Digital de Asturias\"}},{\"@type\":\"WebPage\",\"@id\":\"https:\\\/\\\/www.eldigitaldeasturias.com\\\/noticias\\\/bmw-suspende-la-produccion-en-plantas-europeas\\\/#webpage\",\"url\":\"https:\\\/\\\/www.eldigitaldeasturias.com\\\/noticias\\\/bmw-suspende-la-produccion-en-plantas-europeas\\\/\",\"name\":\"BMW suspende la producci\\u00f3n en plantas europeas - El Digital de Asturias\",\"description\":\"M\\u00fanich, 18 mar (dpa) - La automotriz alemana BMW anunci\\u00f3 hoy que detendr\\u00e1 la producci\\u00f3n de coches en Europa durante cuatro semanas debido a la propagaci\\u00f3n del coronavirus. \\\"A partir de hoy estamos parando nuestras plantas de autom\\u00f3viles en Europa y la planta de Rosslyn en Sud\\u00e1frica. La interrupci\\u00f3n de la producci\\u00f3n est\\u00e1 prevista hasta\",\"inLanguage\":\"es-ES\",\"isPartOf\":{\"@id\":\"https:\\\/\\\/www.eldigitaldeasturias.com\\\/noticias\\\/#website\"},\"breadcrumb\":{\"@id\":\"https:\\\/\\\/www.eldigitaldeasturias.com\\\/noticias\\\/bmw-suspende-la-produccion-en-plantas-europeas\\\/#breadcrumblist\"},\"author\":{\"@id\":\"https:\\\/\\\/www.eldigitaldeasturias.com\\\/noticias\\\/author\\\/admin\\\/#author\"},\"creator\":{\"@id\":\"https:\\\/\\\/www.eldigitaldeasturias.com\\\/noticias\\\/author\\\/admin\\\/#author\"},\"image\":{\"@type\":\"ImageObject\",\"url\":\"https:\\\/\\\/www.eldigitaldeasturias.com\\\/noticias\\\/wp-content\\\/uploads\\\/2020\\\/03\\\/BMW-dpa.jpg\",\"@id\":\"https:\\\/\\\/www.eldigitaldeasturias.com\\\/noticias\\\/bmw-suspende-la-produccion-en-plantas-europeas\\\/#mainImage\",\"width\":999,\"height\":650,\"caption\":\"Foto: Sebastian Willnow\\\/dpa-Zentralbild\\\/dpa\"},\"primaryImageOfPage\":{\"@id\":\"https:\\\/\\\/www.eldigitaldeasturias.com\\\/noticias\\\/bmw-suspende-la-produccion-en-plantas-europeas\\\/#mainImage\"},\"datePublished\":\"2020-03-18T23:53:22+01:00\",\"dateModified\":\"2020-03-18T23:53:22+01:00\"},{\"@type\":\"WebSite\",\"@id\":\"https:\\\/\\\/www.eldigitaldeasturias.com\\\/noticias\\\/#website\",\"url\":\"https:\\\/\\\/www.eldigitaldeasturias.com\\\/noticias\\\/\",\"name\":\"El Digital de Asturias - Diario de actualidad y noticias\",\"alternateName\":\"El Digital de Asturias - Diario de actualidad y noticias\",\"description\":\"Hemeroteca\",\"inLanguage\":\"es-ES\",\"publisher\":{\"@id\":\"https:\\\/\\\/www.eldigitaldeasturias.com\\\/noticias\\\/#organization\"}}]}\n\t\t<\/script>\n\t\t<!-- All in One SEO Pro -->\r\n\t\t<title>BMW suspende la producci\u00f3n en plantas europeas - El Digital de Asturias<\/title>\n\n","aioseo_head_json":{"title":"BMW suspende la producci\u00f3n en plantas europeas - El Digital de Asturias","description":"M\u00fanich, 18 mar (dpa) - La automotriz alemana BMW anunci\u00f3 hoy que detendr\u00e1 la producci\u00f3n de coches en Europa durante cuatro semanas debido a la propagaci\u00f3n del coronavirus. \"A partir de hoy estamos parando nuestras plantas de autom\u00f3viles en Europa y la planta de Rosslyn en Sud\u00e1frica. La interrupci\u00f3n de la producci\u00f3n est\u00e1 prevista hasta","canonical_url":"https:\/\/www.eldigitaldeasturias.com\/noticias\/bmw-suspende-la-produccion-en-plantas-europeas\/","robots":"max-image-preview:large","keywords":"negocios y empresas","webmasterTools":{"google-site-verification":"UA-38556648-1","msvalidate.01":"7dfe9f3f1b24437ab69f4f2559babe99","miscellaneous":""},"schema":{"@context":"https:\/\/schema.org","@graph":[{"@type":"BlogPosting","@id":"https:\/\/www.eldigitaldeasturias.com\/noticias\/bmw-suspende-la-produccion-en-plantas-europeas\/#blogposting","name":"BMW suspende la producci\u00f3n en plantas europeas - El Digital de Asturias","headline":"BMW suspende la producci\u00f3n en plantas europeas","author":{"@id":"https:\/\/www.eldigitaldeasturias.com\/noticias\/author\/admin\/#author"},"publisher":{"@id":"https:\/\/www.eldigitaldeasturias.com\/noticias\/#organization"},"image":{"@type":"ImageObject","url":"https:\/\/www.eldigitaldeasturias.com\/noticias\/wp-content\/uploads\/2020\/03\/BMW-dpa.jpg","width":999,"height":650,"caption":"Foto: Sebastian Willnow\/dpa-Zentralbild\/dpa"},"datePublished":"2020-03-18T23:53:22+01:00","dateModified":"2020-03-18T23:53:22+01:00","inLanguage":"es-ES","mainEntityOfPage":{"@id":"https:\/\/www.eldigitaldeasturias.com\/noticias\/bmw-suspende-la-produccion-en-plantas-europeas\/#webpage"},"isPartOf":{"@id":"https:\/\/www.eldigitaldeasturias.com\/noticias\/bmw-suspende-la-produccion-en-plantas-europeas\/#webpage"},"articleSection":"Negocios y Empresas"},{"@type":"BreadcrumbList","@id":"https:\/\/www.eldigitaldeasturias.com\/noticias\/bmw-suspende-la-produccion-en-plantas-europeas\/#breadcrumblist","itemListElement":[{"@type":"ListItem","@id":"https:\/\/www.eldigitaldeasturias.com\/noticias#listItem","position":1,"name":"Home","item":"https:\/\/www.eldigitaldeasturias.com\/noticias","nextItem":{"@type":"ListItem","@id":"https:\/\/www.eldigitaldeasturias.com\/noticias\/category\/negocios-y-empresas\/#listItem","name":"Negocios y Empresas"}},{"@type":"ListItem","@id":"https:\/\/www.eldigitaldeasturias.com\/noticias\/category\/negocios-y-empresas\/#listItem","position":2,"name":"Negocios y Empresas","item":"https:\/\/www.eldigitaldeasturias.com\/noticias\/category\/negocios-y-empresas\/","nextItem":{"@type":"ListItem","@id":"https:\/\/www.eldigitaldeasturias.com\/noticias\/bmw-suspende-la-produccion-en-plantas-europeas\/#listItem","name":"BMW suspende la producci\u00f3n en plantas europeas"},"previousItem":{"@type":"ListItem","@id":"https:\/\/www.eldigitaldeasturias.com\/noticias#listItem","name":"Home"}},{"@type":"ListItem","@id":"https:\/\/www.eldigitaldeasturias.com\/noticias\/bmw-suspende-la-produccion-en-plantas-europeas\/#listItem","position":3,"name":"BMW suspende la producci\u00f3n en plantas europeas","previousItem":{"@type":"ListItem","@id":"https:\/\/www.eldigitaldeasturias.com\/noticias\/category\/negocios-y-empresas\/#listItem","name":"Negocios y Empresas"}}]},{"@type":"Organization","@id":"https:\/\/www.eldigitaldeasturias.com\/noticias\/#organization","name":"El Digital de Asturias","description":"Hemeroteca","url":"https:\/\/www.eldigitaldeasturias.com\/noticias\/","email":"info@eldigitaldeasturias.com","telephone":"+34652131393","logo":{"@type":"ImageObject","url":"https:\/\/www.eldigitaldeasturias.com\/noticias\/wp-content\/uploads\/2020\/12\/EDA.jpg","@id":"https:\/\/www.eldigitaldeasturias.com\/noticias\/bmw-suspende-la-produccion-en-plantas-europeas\/#organizationLogo","width":649,"height":297},"image":{"@id":"https:\/\/www.eldigitaldeasturias.com\/noticias\/bmw-suspende-la-produccion-en-plantas-europeas\/#organizationLogo"},"sameAs":["https:\/\/facebook.com\/eldigitaldeasturias","https:\/\/www.youtube.com\/channel\/UCZP-2wLEB9Rv6erhFmqVnvg"],"address":{"@id":"https:\/\/www.eldigitaldeasturias.com\/noticias\/#postaladdress","@type":"PostalAddress","streetAddress":"san antonio 4,","postalCode":"33430","addressLocality":"Cand\u00e1s","addressRegion":"Asturias","addressCountry":"ES"}},{"@type":"Person","@id":"https:\/\/www.eldigitaldeasturias.com\/noticias\/author\/admin\/#author","url":"https:\/\/www.eldigitaldeasturias.com\/noticias\/author\/admin\/","name":"El Digital de Asturias","image":{"@type":"ImageObject","@id":"https:\/\/www.eldigitaldeasturias.com\/noticias\/bmw-suspende-la-produccion-en-plantas-europeas\/#authorImage","url":"https:\/\/www.eldigitaldeasturias.com\/noticias\/wp-content\/litespeed\/avatar\/18677e78aa0546b92d9dbf31ec7d7668.jpg?ver=1777290358","width":96,"height":96,"caption":"El Digital de Asturias"}},{"@type":"WebPage","@id":"https:\/\/www.eldigitaldeasturias.com\/noticias\/bmw-suspende-la-produccion-en-plantas-europeas\/#webpage","url":"https:\/\/www.eldigitaldeasturias.com\/noticias\/bmw-suspende-la-produccion-en-plantas-europeas\/","name":"BMW suspende la producci\u00f3n en plantas europeas - El Digital de Asturias","description":"M\u00fanich, 18 mar (dpa) - La automotriz alemana BMW anunci\u00f3 hoy que detendr\u00e1 la producci\u00f3n de coches en Europa durante cuatro semanas debido a la propagaci\u00f3n del coronavirus. \"A partir de hoy estamos parando nuestras plantas de autom\u00f3viles en Europa y la planta de Rosslyn en Sud\u00e1frica. La interrupci\u00f3n de la producci\u00f3n est\u00e1 prevista hasta","inLanguage":"es-ES","isPartOf":{"@id":"https:\/\/www.eldigitaldeasturias.com\/noticias\/#website"},"breadcrumb":{"@id":"https:\/\/www.eldigitaldeasturias.com\/noticias\/bmw-suspende-la-produccion-en-plantas-europeas\/#breadcrumblist"},"author":{"@id":"https:\/\/www.eldigitaldeasturias.com\/noticias\/author\/admin\/#author"},"creator":{"@id":"https:\/\/www.eldigitaldeasturias.com\/noticias\/author\/admin\/#author"},"image":{"@type":"ImageObject","url":"https:\/\/www.eldigitaldeasturias.com\/noticias\/wp-content\/uploads\/2020\/03\/BMW-dpa.jpg","@id":"https:\/\/www.eldigitaldeasturias.com\/noticias\/bmw-suspende-la-produccion-en-plantas-europeas\/#mainImage","width":999,"height":650,"caption":"Foto: Sebastian Willnow\/dpa-Zentralbild\/dpa"},"primaryImageOfPage":{"@id":"https:\/\/www.eldigitaldeasturias.com\/noticias\/bmw-suspende-la-produccion-en-plantas-europeas\/#mainImage"},"datePublished":"2020-03-18T23:53:22+01:00","dateModified":"2020-03-18T23:53:22+01:00"},{"@type":"WebSite","@id":"https:\/\/www.eldigitaldeasturias.com\/noticias\/#website","url":"https:\/\/www.eldigitaldeasturias.com\/noticias\/","name":"El Digital de Asturias - Diario de actualidad y noticias","alternateName":"El Digital de Asturias - Diario de actualidad y noticias","description":"Hemeroteca","inLanguage":"es-ES","publisher":{"@id":"https:\/\/www.eldigitaldeasturias.com\/noticias\/#organization"}}]},"og:locale":"es_ES","og:site_name":"El Digital de Asturias","og:type":"article","og:title":"BMW suspende la producci\u00f3n en plantas europeas - El Digital de Asturias","og:description":"M\u00fanich, 18 mar (dpa) - La automotriz alemana BMW anunci\u00f3 hoy que detendr\u00e1 la producci\u00f3n de coches en Europa durante cuatro semanas debido a la propagaci\u00f3n del coronavirus. &quot;A partir de hoy estamos parando nuestras plantas de autom\u00f3viles en Europa y la planta de Rosslyn en Sud\u00e1frica. La interrupci\u00f3n de la producci\u00f3n est\u00e1 prevista hasta","og:url":"https:\/\/www.eldigitaldeasturias.com\/noticias\/bmw-suspende-la-produccion-en-plantas-europeas\/","og:image":"https:\/\/www.eldigitaldeasturias.com\/noticias\/wp-content\/uploads\/2020\/03\/BMW-dpa.jpg","og:image:secure_url":"https:\/\/www.eldigitaldeasturias.com\/noticias\/wp-content\/uploads\/2020\/03\/BMW-dpa.jpg","og:image:width":999,"og:image:height":650,"article:tag":["negocios y empresas"],"article:published_time":"2020-03-18T23:53:22+00:00","article:modified_time":"2020-03-18T23:53:22+00:00","article:publisher":"https:\/\/facebook.com\/eldigitaldeasturias","twitter:card":"summary_large_image","twitter:title":"BMW suspende la producci\u00f3n en plantas europeas - El Digital de Asturias","twitter:description":"M\u00fanich, 18 mar (dpa) - La automotriz alemana BMW anunci\u00f3 hoy que detendr\u00e1 la producci\u00f3n de coches en Europa durante cuatro semanas debido a la propagaci\u00f3n del coronavirus. &quot;A partir de hoy estamos parando nuestras plantas de autom\u00f3viles en Europa y la planta de Rosslyn en Sud\u00e1frica. La interrupci\u00f3n de la producci\u00f3n est\u00e1 prevista hasta","twitter:image":"https:\/\/www.eldigitaldeasturias.com\/noticias\/wp-content\/uploads\/2020\/03\/BMW-dpa.jpg","twitter:label1":"Escrito por","twitter:data1":"El Digital de Asturias","twitter:label2":"Tiempo de lectura estimado","twitter:data2":"2 minutos"},"aioseo_meta_data":{"post_id":"1061219","title":null,"description":null,"keywords":null,"keyphrases":null,"primary_term":null,"canonical_url":null,"og_title":null,"og_description":null,"og_object_type":"default","og_image_type":"default","og_image_url":null,"og_image_width":null,"og_image_height":null,"og_image_custom_url":null,"og_image_custom_fields":null,"og_video":null,"og_custom_url":null,"og_article_section":null,"og_article_tags":null,"twitter_use_og":false,"twitter_card":"default","twitter_image_type":"default","twitter_image_url":null,"twitter_image_custom_url":null,"twitter_image_custom_fields":null,"twitter_title":null,"twitter_description":null,"schema":{"blockGraphs":[],"customGraphs":[],"default":{"data":{"Article":[],"Course":[],"Dataset":[],"FAQPage":[],"Movie":[],"Person":[],"Product":[],"ProductReview":[],"Car":[],"Recipe":[],"Service":[],"SoftwareApplication":[],"WebPage":[]},"graphName":"","isEnabled":true},"graphs":[],"defaultGraph":"","defaultPostTypeGraph":""},"schema_type":null,"schema_type_options":null,"pillar_content":false,"robots_default":true,"robots_noindex":false,"robots_noarchive":false,"robots_nosnippet":false,"robots_nofollow":false,"robots_noimageindex":false,"robots_noodp":false,"robots_notranslate":false,"robots_max_snippet":null,"robots_max_videopreview":null,"robots_max_imagepreview":"large","priority":null,"frequency":null,"local_seo":null,"seo_analyzer_scan_date":"2025-10-31 14:49:07","breadcrumb_settings":null,"limit_modified_date":false,"open_ai":null,"ai":null,"created":"2020-12-21 10:53:39","updated":"2025-10-31 14:49:07"},"aioseo_breadcrumb":"<div class=\"aioseo-breadcrumbs\"><span class=\"aioseo-breadcrumb\">\n\t<a href=\"https:\/\/www.eldigitaldeasturias.com\/noticias\" title=\"Home\">Home<\/a>\n<\/span><span class=\"aioseo-breadcrumb-separator\">\u2013<\/span><span class=\"aioseo-breadcrumb\">\n\t<a href=\"https:\/\/www.eldigitaldeasturias.com\/noticias\/category\/negocios-y-empresas\/\" title=\"Negocios y Empresas\">Negocios y Empresas<\/a>\n<\/span><span class=\"aioseo-breadcrumb-separator\">\u2013<\/span><span class=\"aioseo-breadcrumb\">\n\t<a href=\"https:\/\/www.eldigitaldeasturias.com\/noticias\/bmw-suspende-la-produccion-en-plantas-europeas\/\" title=\"BMW suspende la producci\u00f3n en plantas europeas\">BMW suspende la producci\u00f3n en plantas europeas<\/a>\n<\/span><\/div>","aioseo_breadcrumb_json":[{"label":"Home","link":"https:\/\/www.eldigitaldeasturias.com\/noticias"},{"label":"Negocios y Empresas","link":"https:\/\/www.eldigitaldeasturias.com\/noticias\/category\/negocios-y-empresas\/"},{"label":"BMW suspende la producci\u00f3n en plantas europeas","link":"https:\/\/www.eldigitaldeasturias.com\/noticias\/bmw-suspende-la-produccion-en-plantas-europeas\/"}],"_links":{"self":[{"href":"https:\/\/www.eldigitaldeasturias.com\/noticias\/wp-json\/wp\/v2\/posts\/1061219","targetHints":{"allow":["GET"]}}],"collection":[{"href":"https:\/\/www.eldigitaldeasturias.com\/noticias\/wp-json\/wp\/v2\/posts"}],"about":[{"href":"https:\/\/www.eldigitaldeasturias.com\/noticias\/wp-json\/wp\/v2\/types\/post"}],"author":[{"embeddable":true,"href":"https:\/\/www.eldigitaldeasturias.com\/noticias\/wp-json\/wp\/v2\/users\/1"}],"replies":[{"embeddable":true,"href":"https:\/\/www.eldigitaldeasturias.com\/noticias\/wp-json\/wp\/v2\/comments?post=1061219"}],"version-history":[{"count":0,"href":"https:\/\/www.eldigitaldeasturias.com\/noticias\/wp-json\/wp\/v2\/posts\/1061219\/revisions"}],"wp:featuredmedia":[{"embeddable":true,"href":"https:\/\/www.eldigitaldeasturias.com\/noticias\/wp-json\/wp\/v2\/media\/1061220"}],"wp:attachment":[{"href":"https:\/\/www.eldigitaldeasturias.com\/noticias\/wp-json\/wp\/v2\/media?parent=1061219"}],"wp:term":[{"taxonomy":"category","embeddable":true,"href":"https:\/\/www.eldigitaldeasturias.com\/noticias\/wp-json\/wp\/v2\/categories?post=1061219"},{"taxonomy":"post_tag","embeddable":true,"href":"https:\/\/www.eldigitaldeasturias.com\/noticias\/wp-json\/wp\/v2\/tags?post=1061219"}],"curies":[{"name":"wp","href":"https:\/\/api.w.org\/{rel}","templated":true}]}}