{"id":1061198,"date":"2020-03-18T20:08:44","date_gmt":"2020-03-18T20:08:44","guid":{"rendered":"https:\/\/www.eldigitaldeasturias.com\/noticias\/?p=1061198"},"modified":"2020-03-18T20:08:44","modified_gmt":"2020-03-18T20:08:44","slug":"midland-activa-el-canal-covid19-en-los-canales-espanoles-de-su-aplicacion-cb-talk","status":"publish","type":"post","link":"https:\/\/www.eldigitaldeasturias.com\/noticias\/midland-activa-el-canal-covid19-en-los-canales-espanoles-de-su-aplicacion-cb-talk\/","title":{"rendered":"Midland activa el canal COVID19 en los canales espa\u00f1oles de su aplicaci\u00f3n CB TALK"},"content":{"rendered":"<p><img loading=\"lazy\" decoding=\"async\" class=\"alignleft size-medium wp-image-1061199\" src=\"https:\/\/www.eldigitaldeasturias.com\/noticias\/wp-content\/uploads\/2020\/03\/1584447774_covid19_cb_talk-360x254.jpg\" alt=\"\" width=\"360\" height=\"254\" srcset=\"https:\/\/www.eldigitaldeasturias.com\/noticias\/wp-content\/uploads\/2020\/03\/1584447774_covid19_cb_talk-360x254.jpg 360w, https:\/\/www.eldigitaldeasturias.com\/noticias\/wp-content\/uploads\/2020\/03\/1584447774_covid19_cb_talk-425x300.jpg 425w, https:\/\/www.eldigitaldeasturias.com\/noticias\/wp-content\/uploads\/2020\/03\/1584447774_covid19_cb_talk.jpg 550w\" sizes=\"auto, (max-width: 360px) 100vw, 360px\" \/>Gracias al nuevo canal, activo las\u00a0<strong>24 horas del d\u00eda<\/strong>, los trabajadores que deban salir a la carretera podr\u00e1n compartir experiencias y la informaci\u00f3n necesaria relacionada con el nuevo coronavirus<\/p>\n<p>Midland, con m\u00e1s de 60 a\u00f1os de experiencia en el mundo de la radiocomunicaci\u00f3n, ha habilitado en los canales espa\u00f1oles de la aplicaci\u00f3n CB TALK el\u00a0<strong>nuevo canal COVID19<\/strong>, que permite compartir informaci\u00f3n sobre log\u00edstica, transportes, medidas y restricciones en las carreteras, o simplemente intercambiar puntos de vista sobre todo lo relacionado con el nuevo coronavirus y el Estado de Alarma en Espa\u00f1a.<\/p>\n<p>El gobierno ha pedido a los ciudadanos que se queden en sus casas en la medida de lo posible, pero tambi\u00e9n ha garantizado el abastecimiento de alimentos y productos esenciales en todos los comercios.<\/p>\n<p>Transportistas, repartidores, camioneros, etc, se han convertido en imprescindibles en estos d\u00edas de emergencia. Deben salir a las carreteras para garantizar el abastecimiento a todo el pa\u00eds, con la \u00fanica compa\u00f1\u00eda de las comunicaciones virtuales. Junto con los radioaficionados, ellos son los usuarios de la aplicaci\u00f3n gratuita CB TALK, que imita el funcionamiento de la radio CB tradicional sirvi\u00e9ndose de la red.<\/p>\n<p>Como ya hizo Midland Italia la semana pasada, con gran acogida, Midland Espa\u00f1a est\u00e1 valorando la posibilidad de ofrecer charlas con especialistas en el nuevo canal, que estar\u00e1 operativo las 24 horas todos los d\u00edas de la semana.<\/p>\n<p>Hay que aclarar que COVID19 no es un canal oficial de emergencias m\u00e9dicas, sino una v\u00eda \u00fatil para que los trabajadores en la carretera puedan intercambiar informaci\u00f3n relevante durante este Estado de Alarma.<\/p>\n<p>CB Talk es una aplicaci\u00f3n gratuita disponible para iOS y Android, capaz de simular e integrar la comunicaci\u00f3n de radios CB. Puede descargarse desde los siguientes enlaces:<\/p>\n<p>Tienda Apple:\u00a0<span style=\"color: #ff6600;\"><strong><a style=\"color: #ff6600;\" href=\"https:\/\/bit.ly\/CBTalkIOS\" target=\"_blank\" rel=\"nofollow noopener noreferrer\">bit.ly\/CBTalkIOS<\/a><\/strong><\/span><br \/>\nGoogle Play:\u00a0<span style=\"color: #ff6600;\"><strong><a style=\"color: #ff6600;\" href=\"https:\/\/bit.ly\/CBTalkAndroid\" target=\"_blank\" rel=\"nofollow noopener noreferrer\">bit.ly\/CBTalkAndroid<\/a><\/strong><\/span><\/p>\n<p>&nbsp;<\/p>\n","protected":false},"excerpt":{"rendered":"<p>Gracias al nuevo canal, activo las\u00a024 horas del d\u00eda, los trabajadores que deban salir a la carretera podr\u00e1n compartir experiencias y la informaci\u00f3n necesaria relacionada con el nuevo coronavirus Midland, con m\u00e1s de 60 a\u00f1os de experiencia en el mundo de la radiocomunicaci\u00f3n, ha habilitado en los canales espa\u00f1oles de la aplicaci\u00f3n CB TALK el\u00a0nuevo [&hellip;]<\/p>\n","protected":false},"author":1,"featured_media":1061199,"comment_status":"closed","ping_status":"closed","sticky":false,"template":"","format":"standard","meta":{"footnotes":""},"categories":[219],"tags":[],"class_list":["post-1061198","post","type-post","status-publish","format-standard","has-post-thumbnail","hentry","category-negocios-y-empresas"],"aioseo_notices":[],"aioseo_head":"\n\t\t<!-- All in One SEO Pro 4.9.6.2 - aioseo.com -->\n\t<meta name=\"description\" content=\"Gracias al nuevo canal, activo las 24 horas del d\u00eda, los trabajadores que deban salir a la carretera podr\u00e1n compartir experiencias y la informaci\u00f3n necesaria relacionada con el nuevo coronavirus Midland, con m\u00e1s de 60 a\u00f1os de experiencia en el mundo de la radiocomunicaci\u00f3n, ha habilitado en los canales espa\u00f1oles de la aplicaci\u00f3n CB TALK el nuevo\" \/>\n\t<meta name=\"robots\" content=\"max-image-preview:large\" \/>\n\t<meta name=\"author\" content=\"El Digital de Asturias\"\/>\n\t<meta name=\"google-site-verification\" content=\"UA-38556648-1\" \/>\n\t<meta name=\"msvalidate.01\" content=\"7dfe9f3f1b24437ab69f4f2559babe99\" \/>\n\t<meta name=\"keywords\" content=\"negocios y empresas\" \/>\n\t<link rel=\"canonical\" href=\"https:\/\/www.eldigitaldeasturias.com\/noticias\/midland-activa-el-canal-covid19-en-los-canales-espanoles-de-su-aplicacion-cb-talk\/\" \/>\n\t<meta name=\"generator\" content=\"All in One SEO Pro (AIOSEO) 4.9.6.2\" \/>\n\t\t<meta property=\"og:locale\" content=\"es_ES\" \/>\n\t\t<meta property=\"og:site_name\" content=\"El Digital de Asturias\" \/>\n\t\t<meta property=\"og:type\" content=\"article\" \/>\n\t\t<meta property=\"og:title\" content=\"Midland activa el canal COVID19 en los canales espa\u00f1oles de su aplicaci\u00f3n CB TALK - El Digital de Asturias\" \/>\n\t\t<meta property=\"og:description\" content=\"Gracias al nuevo canal, activo las 24 horas del d\u00eda, los trabajadores que deban salir a la carretera podr\u00e1n compartir experiencias y la informaci\u00f3n necesaria relacionada con el nuevo coronavirus Midland, con m\u00e1s de 60 a\u00f1os de experiencia en el mundo de la radiocomunicaci\u00f3n, ha habilitado en los canales espa\u00f1oles de la aplicaci\u00f3n CB TALK el nuevo\" \/>\n\t\t<meta property=\"og:url\" content=\"https:\/\/www.eldigitaldeasturias.com\/noticias\/midland-activa-el-canal-covid19-en-los-canales-espanoles-de-su-aplicacion-cb-talk\/\" \/>\n\t\t<meta property=\"og:image\" content=\"https:\/\/www.eldigitaldeasturias.com\/noticias\/wp-content\/uploads\/2020\/03\/1584447774_covid19_cb_talk.jpg\" \/>\n\t\t<meta property=\"og:image:secure_url\" content=\"https:\/\/www.eldigitaldeasturias.com\/noticias\/wp-content\/uploads\/2020\/03\/1584447774_covid19_cb_talk.jpg\" \/>\n\t\t<meta property=\"og:image:width\" content=\"550\" \/>\n\t\t<meta property=\"og:image:height\" content=\"388\" \/>\n\t\t<meta property=\"article:tag\" content=\"negocios y empresas\" \/>\n\t\t<meta property=\"article:published_time\" content=\"2020-03-18T20:08:44+00:00\" \/>\n\t\t<meta property=\"article:modified_time\" content=\"2020-03-18T20:08:44+00:00\" \/>\n\t\t<meta property=\"article:publisher\" content=\"https:\/\/facebook.com\/eldigitaldeasturias\" \/>\n\t\t<meta name=\"twitter:card\" content=\"summary_large_image\" \/>\n\t\t<meta name=\"twitter:title\" content=\"Midland activa el canal COVID19 en los canales espa\u00f1oles de su aplicaci\u00f3n CB TALK - El Digital de Asturias\" \/>\n\t\t<meta name=\"twitter:description\" content=\"Gracias al nuevo canal, activo las 24 horas del d\u00eda, los trabajadores que deban salir a la carretera podr\u00e1n compartir experiencias y la informaci\u00f3n necesaria relacionada con el nuevo coronavirus Midland, con m\u00e1s de 60 a\u00f1os de experiencia en el mundo de la radiocomunicaci\u00f3n, ha habilitado en los canales espa\u00f1oles de la aplicaci\u00f3n CB TALK el nuevo\" \/>\n\t\t<meta name=\"twitter:image\" content=\"https:\/\/www.eldigitaldeasturias.com\/noticias\/wp-content\/uploads\/2020\/03\/1584447774_covid19_cb_talk.jpg\" \/>\n\t\t<meta name=\"twitter:label1\" content=\"Escrito por\" \/>\n\t\t<meta name=\"twitter:data1\" content=\"El Digital de Asturias\" \/>\n\t\t<meta name=\"twitter:label2\" content=\"Tiempo de lectura estimado\" \/>\n\t\t<meta name=\"twitter:data2\" content=\"2 minutos\" \/>\n\t\t<script type=\"application\/ld+json\" class=\"aioseo-schema\">\n\t\t\t{\"@context\":\"https:\\\/\\\/schema.org\",\"@graph\":[{\"@type\":\"BlogPosting\",\"@id\":\"https:\\\/\\\/www.eldigitaldeasturias.com\\\/noticias\\\/midland-activa-el-canal-covid19-en-los-canales-espanoles-de-su-aplicacion-cb-talk\\\/#blogposting\",\"name\":\"Midland activa el canal COVID19 en los canales espa\\u00f1oles de su aplicaci\\u00f3n CB TALK - El Digital de Asturias\",\"headline\":\"Midland activa el canal COVID19 en los canales espa\\u00f1oles de su aplicaci\\u00f3n CB TALK\",\"author\":{\"@id\":\"https:\\\/\\\/www.eldigitaldeasturias.com\\\/noticias\\\/author\\\/admin\\\/#author\"},\"publisher\":{\"@id\":\"https:\\\/\\\/www.eldigitaldeasturias.com\\\/noticias\\\/#organization\"},\"image\":{\"@type\":\"ImageObject\",\"url\":\"https:\\\/\\\/www.eldigitaldeasturias.com\\\/noticias\\\/wp-content\\\/uploads\\\/2020\\\/03\\\/1584447774_covid19_cb_talk.jpg\",\"width\":550,\"height\":388},\"datePublished\":\"2020-03-18T20:08:44+01:00\",\"dateModified\":\"2020-03-18T20:08:44+01:00\",\"inLanguage\":\"es-ES\",\"mainEntityOfPage\":{\"@id\":\"https:\\\/\\\/www.eldigitaldeasturias.com\\\/noticias\\\/midland-activa-el-canal-covid19-en-los-canales-espanoles-de-su-aplicacion-cb-talk\\\/#webpage\"},\"isPartOf\":{\"@id\":\"https:\\\/\\\/www.eldigitaldeasturias.com\\\/noticias\\\/midland-activa-el-canal-covid19-en-los-canales-espanoles-de-su-aplicacion-cb-talk\\\/#webpage\"},\"articleSection\":\"Negocios y Empresas\"},{\"@type\":\"BreadcrumbList\",\"@id\":\"https:\\\/\\\/www.eldigitaldeasturias.com\\\/noticias\\\/midland-activa-el-canal-covid19-en-los-canales-espanoles-de-su-aplicacion-cb-talk\\\/#breadcrumblist\",\"itemListElement\":[{\"@type\":\"ListItem\",\"@id\":\"https:\\\/\\\/www.eldigitaldeasturias.com\\\/noticias#listItem\",\"position\":1,\"name\":\"Home\",\"item\":\"https:\\\/\\\/www.eldigitaldeasturias.com\\\/noticias\",\"nextItem\":{\"@type\":\"ListItem\",\"@id\":\"https:\\\/\\\/www.eldigitaldeasturias.com\\\/noticias\\\/category\\\/negocios-y-empresas\\\/#listItem\",\"name\":\"Negocios y Empresas\"}},{\"@type\":\"ListItem\",\"@id\":\"https:\\\/\\\/www.eldigitaldeasturias.com\\\/noticias\\\/category\\\/negocios-y-empresas\\\/#listItem\",\"position\":2,\"name\":\"Negocios y Empresas\",\"item\":\"https:\\\/\\\/www.eldigitaldeasturias.com\\\/noticias\\\/category\\\/negocios-y-empresas\\\/\",\"nextItem\":{\"@type\":\"ListItem\",\"@id\":\"https:\\\/\\\/www.eldigitaldeasturias.com\\\/noticias\\\/midland-activa-el-canal-covid19-en-los-canales-espanoles-de-su-aplicacion-cb-talk\\\/#listItem\",\"name\":\"Midland activa el canal COVID19 en los canales espa\\u00f1oles de su aplicaci\\u00f3n CB TALK\"},\"previousItem\":{\"@type\":\"ListItem\",\"@id\":\"https:\\\/\\\/www.eldigitaldeasturias.com\\\/noticias#listItem\",\"name\":\"Home\"}},{\"@type\":\"ListItem\",\"@id\":\"https:\\\/\\\/www.eldigitaldeasturias.com\\\/noticias\\\/midland-activa-el-canal-covid19-en-los-canales-espanoles-de-su-aplicacion-cb-talk\\\/#listItem\",\"position\":3,\"name\":\"Midland activa el canal COVID19 en los canales espa\\u00f1oles de su aplicaci\\u00f3n CB TALK\",\"previousItem\":{\"@type\":\"ListItem\",\"@id\":\"https:\\\/\\\/www.eldigitaldeasturias.com\\\/noticias\\\/category\\\/negocios-y-empresas\\\/#listItem\",\"name\":\"Negocios y Empresas\"}}]},{\"@type\":\"Organization\",\"@id\":\"https:\\\/\\\/www.eldigitaldeasturias.com\\\/noticias\\\/#organization\",\"name\":\"El Digital de Asturias\",\"description\":\"Hemeroteca\",\"url\":\"https:\\\/\\\/www.eldigitaldeasturias.com\\\/noticias\\\/\",\"email\":\"info@eldigitaldeasturias.com\",\"telephone\":\"+34652131393\",\"logo\":{\"@type\":\"ImageObject\",\"url\":\"https:\\\/\\\/www.eldigitaldeasturias.com\\\/noticias\\\/wp-content\\\/uploads\\\/2020\\\/12\\\/EDA.jpg\",\"@id\":\"https:\\\/\\\/www.eldigitaldeasturias.com\\\/noticias\\\/midland-activa-el-canal-covid19-en-los-canales-espanoles-de-su-aplicacion-cb-talk\\\/#organizationLogo\",\"width\":649,\"height\":297},\"image\":{\"@id\":\"https:\\\/\\\/www.eldigitaldeasturias.com\\\/noticias\\\/midland-activa-el-canal-covid19-en-los-canales-espanoles-de-su-aplicacion-cb-talk\\\/#organizationLogo\"},\"sameAs\":[\"https:\\\/\\\/facebook.com\\\/eldigitaldeasturias\",\"https:\\\/\\\/www.youtube.com\\\/channel\\\/UCZP-2wLEB9Rv6erhFmqVnvg\"],\"address\":{\"@id\":\"https:\\\/\\\/www.eldigitaldeasturias.com\\\/noticias\\\/#postaladdress\",\"@type\":\"PostalAddress\",\"streetAddress\":\"san antonio 4,\",\"postalCode\":\"33430\",\"addressLocality\":\"Cand\\u00e1s\",\"addressRegion\":\"Asturias\",\"addressCountry\":\"ES\"}},{\"@type\":\"Person\",\"@id\":\"https:\\\/\\\/www.eldigitaldeasturias.com\\\/noticias\\\/author\\\/admin\\\/#author\",\"url\":\"https:\\\/\\\/www.eldigitaldeasturias.com\\\/noticias\\\/author\\\/admin\\\/\",\"name\":\"El Digital de Asturias\",\"image\":{\"@type\":\"ImageObject\",\"@id\":\"https:\\\/\\\/www.eldigitaldeasturias.com\\\/noticias\\\/midland-activa-el-canal-covid19-en-los-canales-espanoles-de-su-aplicacion-cb-talk\\\/#authorImage\",\"url\":\"https:\\\/\\\/www.eldigitaldeasturias.com\\\/noticias\\\/wp-content\\\/litespeed\\\/avatar\\\/18677e78aa0546b92d9dbf31ec7d7668.jpg?ver=1777290358\",\"width\":96,\"height\":96,\"caption\":\"El Digital de Asturias\"}},{\"@type\":\"WebPage\",\"@id\":\"https:\\\/\\\/www.eldigitaldeasturias.com\\\/noticias\\\/midland-activa-el-canal-covid19-en-los-canales-espanoles-de-su-aplicacion-cb-talk\\\/#webpage\",\"url\":\"https:\\\/\\\/www.eldigitaldeasturias.com\\\/noticias\\\/midland-activa-el-canal-covid19-en-los-canales-espanoles-de-su-aplicacion-cb-talk\\\/\",\"name\":\"Midland activa el canal COVID19 en los canales espa\\u00f1oles de su aplicaci\\u00f3n CB TALK - El Digital de Asturias\",\"description\":\"Gracias al nuevo canal, activo las 24 horas del d\\u00eda, los trabajadores que deban salir a la carretera podr\\u00e1n compartir experiencias y la informaci\\u00f3n necesaria relacionada con el nuevo coronavirus Midland, con m\\u00e1s de 60 a\\u00f1os de experiencia en el mundo de la radiocomunicaci\\u00f3n, ha habilitado en los canales espa\\u00f1oles de la aplicaci\\u00f3n CB TALK el nuevo\",\"inLanguage\":\"es-ES\",\"isPartOf\":{\"@id\":\"https:\\\/\\\/www.eldigitaldeasturias.com\\\/noticias\\\/#website\"},\"breadcrumb\":{\"@id\":\"https:\\\/\\\/www.eldigitaldeasturias.com\\\/noticias\\\/midland-activa-el-canal-covid19-en-los-canales-espanoles-de-su-aplicacion-cb-talk\\\/#breadcrumblist\"},\"author\":{\"@id\":\"https:\\\/\\\/www.eldigitaldeasturias.com\\\/noticias\\\/author\\\/admin\\\/#author\"},\"creator\":{\"@id\":\"https:\\\/\\\/www.eldigitaldeasturias.com\\\/noticias\\\/author\\\/admin\\\/#author\"},\"image\":{\"@type\":\"ImageObject\",\"url\":\"https:\\\/\\\/www.eldigitaldeasturias.com\\\/noticias\\\/wp-content\\\/uploads\\\/2020\\\/03\\\/1584447774_covid19_cb_talk.jpg\",\"@id\":\"https:\\\/\\\/www.eldigitaldeasturias.com\\\/noticias\\\/midland-activa-el-canal-covid19-en-los-canales-espanoles-de-su-aplicacion-cb-talk\\\/#mainImage\",\"width\":550,\"height\":388},\"primaryImageOfPage\":{\"@id\":\"https:\\\/\\\/www.eldigitaldeasturias.com\\\/noticias\\\/midland-activa-el-canal-covid19-en-los-canales-espanoles-de-su-aplicacion-cb-talk\\\/#mainImage\"},\"datePublished\":\"2020-03-18T20:08:44+01:00\",\"dateModified\":\"2020-03-18T20:08:44+01:00\"},{\"@type\":\"WebSite\",\"@id\":\"https:\\\/\\\/www.eldigitaldeasturias.com\\\/noticias\\\/#website\",\"url\":\"https:\\\/\\\/www.eldigitaldeasturias.com\\\/noticias\\\/\",\"name\":\"El Digital de Asturias - Diario de actualidad y noticias\",\"alternateName\":\"El Digital de Asturias - Diario de actualidad y noticias\",\"description\":\"Hemeroteca\",\"inLanguage\":\"es-ES\",\"publisher\":{\"@id\":\"https:\\\/\\\/www.eldigitaldeasturias.com\\\/noticias\\\/#organization\"}}]}\n\t\t<\/script>\n\t\t<!-- All in One SEO Pro -->\r\n\t\t<title>Midland activa el canal COVID19 en los canales espa\u00f1oles de su aplicaci\u00f3n CB TALK - El Digital de Asturias<\/title>\n\n","aioseo_head_json":{"title":"Midland activa el canal COVID19 en los canales espa\u00f1oles de su aplicaci\u00f3n CB TALK - El Digital de Asturias","description":"Gracias al nuevo canal, activo las 24 horas del d\u00eda, los trabajadores que deban salir a la carretera podr\u00e1n compartir experiencias y la informaci\u00f3n necesaria relacionada con el nuevo coronavirus Midland, con m\u00e1s de 60 a\u00f1os de experiencia en el mundo de la radiocomunicaci\u00f3n, ha habilitado en los canales espa\u00f1oles de la aplicaci\u00f3n CB TALK el nuevo","canonical_url":"https:\/\/www.eldigitaldeasturias.com\/noticias\/midland-activa-el-canal-covid19-en-los-canales-espanoles-de-su-aplicacion-cb-talk\/","robots":"max-image-preview:large","keywords":"negocios y empresas","webmasterTools":{"google-site-verification":"UA-38556648-1","msvalidate.01":"7dfe9f3f1b24437ab69f4f2559babe99","miscellaneous":""},"schema":{"@context":"https:\/\/schema.org","@graph":[{"@type":"BlogPosting","@id":"https:\/\/www.eldigitaldeasturias.com\/noticias\/midland-activa-el-canal-covid19-en-los-canales-espanoles-de-su-aplicacion-cb-talk\/#blogposting","name":"Midland activa el canal COVID19 en los canales espa\u00f1oles de su aplicaci\u00f3n CB TALK - El Digital de Asturias","headline":"Midland activa el canal COVID19 en los canales espa\u00f1oles de su aplicaci\u00f3n CB TALK","author":{"@id":"https:\/\/www.eldigitaldeasturias.com\/noticias\/author\/admin\/#author"},"publisher":{"@id":"https:\/\/www.eldigitaldeasturias.com\/noticias\/#organization"},"image":{"@type":"ImageObject","url":"https:\/\/www.eldigitaldeasturias.com\/noticias\/wp-content\/uploads\/2020\/03\/1584447774_covid19_cb_talk.jpg","width":550,"height":388},"datePublished":"2020-03-18T20:08:44+01:00","dateModified":"2020-03-18T20:08:44+01:00","inLanguage":"es-ES","mainEntityOfPage":{"@id":"https:\/\/www.eldigitaldeasturias.com\/noticias\/midland-activa-el-canal-covid19-en-los-canales-espanoles-de-su-aplicacion-cb-talk\/#webpage"},"isPartOf":{"@id":"https:\/\/www.eldigitaldeasturias.com\/noticias\/midland-activa-el-canal-covid19-en-los-canales-espanoles-de-su-aplicacion-cb-talk\/#webpage"},"articleSection":"Negocios y Empresas"},{"@type":"BreadcrumbList","@id":"https:\/\/www.eldigitaldeasturias.com\/noticias\/midland-activa-el-canal-covid19-en-los-canales-espanoles-de-su-aplicacion-cb-talk\/#breadcrumblist","itemListElement":[{"@type":"ListItem","@id":"https:\/\/www.eldigitaldeasturias.com\/noticias#listItem","position":1,"name":"Home","item":"https:\/\/www.eldigitaldeasturias.com\/noticias","nextItem":{"@type":"ListItem","@id":"https:\/\/www.eldigitaldeasturias.com\/noticias\/category\/negocios-y-empresas\/#listItem","name":"Negocios y Empresas"}},{"@type":"ListItem","@id":"https:\/\/www.eldigitaldeasturias.com\/noticias\/category\/negocios-y-empresas\/#listItem","position":2,"name":"Negocios y Empresas","item":"https:\/\/www.eldigitaldeasturias.com\/noticias\/category\/negocios-y-empresas\/","nextItem":{"@type":"ListItem","@id":"https:\/\/www.eldigitaldeasturias.com\/noticias\/midland-activa-el-canal-covid19-en-los-canales-espanoles-de-su-aplicacion-cb-talk\/#listItem","name":"Midland activa el canal COVID19 en los canales espa\u00f1oles de su aplicaci\u00f3n CB TALK"},"previousItem":{"@type":"ListItem","@id":"https:\/\/www.eldigitaldeasturias.com\/noticias#listItem","name":"Home"}},{"@type":"ListItem","@id":"https:\/\/www.eldigitaldeasturias.com\/noticias\/midland-activa-el-canal-covid19-en-los-canales-espanoles-de-su-aplicacion-cb-talk\/#listItem","position":3,"name":"Midland activa el canal COVID19 en los canales espa\u00f1oles de su aplicaci\u00f3n CB TALK","previousItem":{"@type":"ListItem","@id":"https:\/\/www.eldigitaldeasturias.com\/noticias\/category\/negocios-y-empresas\/#listItem","name":"Negocios y Empresas"}}]},{"@type":"Organization","@id":"https:\/\/www.eldigitaldeasturias.com\/noticias\/#organization","name":"El Digital de Asturias","description":"Hemeroteca","url":"https:\/\/www.eldigitaldeasturias.com\/noticias\/","email":"info@eldigitaldeasturias.com","telephone":"+34652131393","logo":{"@type":"ImageObject","url":"https:\/\/www.eldigitaldeasturias.com\/noticias\/wp-content\/uploads\/2020\/12\/EDA.jpg","@id":"https:\/\/www.eldigitaldeasturias.com\/noticias\/midland-activa-el-canal-covid19-en-los-canales-espanoles-de-su-aplicacion-cb-talk\/#organizationLogo","width":649,"height":297},"image":{"@id":"https:\/\/www.eldigitaldeasturias.com\/noticias\/midland-activa-el-canal-covid19-en-los-canales-espanoles-de-su-aplicacion-cb-talk\/#organizationLogo"},"sameAs":["https:\/\/facebook.com\/eldigitaldeasturias","https:\/\/www.youtube.com\/channel\/UCZP-2wLEB9Rv6erhFmqVnvg"],"address":{"@id":"https:\/\/www.eldigitaldeasturias.com\/noticias\/#postaladdress","@type":"PostalAddress","streetAddress":"san antonio 4,","postalCode":"33430","addressLocality":"Cand\u00e1s","addressRegion":"Asturias","addressCountry":"ES"}},{"@type":"Person","@id":"https:\/\/www.eldigitaldeasturias.com\/noticias\/author\/admin\/#author","url":"https:\/\/www.eldigitaldeasturias.com\/noticias\/author\/admin\/","name":"El Digital de Asturias","image":{"@type":"ImageObject","@id":"https:\/\/www.eldigitaldeasturias.com\/noticias\/midland-activa-el-canal-covid19-en-los-canales-espanoles-de-su-aplicacion-cb-talk\/#authorImage","url":"https:\/\/www.eldigitaldeasturias.com\/noticias\/wp-content\/litespeed\/avatar\/18677e78aa0546b92d9dbf31ec7d7668.jpg?ver=1777290358","width":96,"height":96,"caption":"El Digital de Asturias"}},{"@type":"WebPage","@id":"https:\/\/www.eldigitaldeasturias.com\/noticias\/midland-activa-el-canal-covid19-en-los-canales-espanoles-de-su-aplicacion-cb-talk\/#webpage","url":"https:\/\/www.eldigitaldeasturias.com\/noticias\/midland-activa-el-canal-covid19-en-los-canales-espanoles-de-su-aplicacion-cb-talk\/","name":"Midland activa el canal COVID19 en los canales espa\u00f1oles de su aplicaci\u00f3n CB TALK - El Digital de Asturias","description":"Gracias al nuevo canal, activo las 24 horas del d\u00eda, los trabajadores que deban salir a la carretera podr\u00e1n compartir experiencias y la informaci\u00f3n necesaria relacionada con el nuevo coronavirus Midland, con m\u00e1s de 60 a\u00f1os de experiencia en el mundo de la radiocomunicaci\u00f3n, ha habilitado en los canales espa\u00f1oles de la aplicaci\u00f3n CB TALK el nuevo","inLanguage":"es-ES","isPartOf":{"@id":"https:\/\/www.eldigitaldeasturias.com\/noticias\/#website"},"breadcrumb":{"@id":"https:\/\/www.eldigitaldeasturias.com\/noticias\/midland-activa-el-canal-covid19-en-los-canales-espanoles-de-su-aplicacion-cb-talk\/#breadcrumblist"},"author":{"@id":"https:\/\/www.eldigitaldeasturias.com\/noticias\/author\/admin\/#author"},"creator":{"@id":"https:\/\/www.eldigitaldeasturias.com\/noticias\/author\/admin\/#author"},"image":{"@type":"ImageObject","url":"https:\/\/www.eldigitaldeasturias.com\/noticias\/wp-content\/uploads\/2020\/03\/1584447774_covid19_cb_talk.jpg","@id":"https:\/\/www.eldigitaldeasturias.com\/noticias\/midland-activa-el-canal-covid19-en-los-canales-espanoles-de-su-aplicacion-cb-talk\/#mainImage","width":550,"height":388},"primaryImageOfPage":{"@id":"https:\/\/www.eldigitaldeasturias.com\/noticias\/midland-activa-el-canal-covid19-en-los-canales-espanoles-de-su-aplicacion-cb-talk\/#mainImage"},"datePublished":"2020-03-18T20:08:44+01:00","dateModified":"2020-03-18T20:08:44+01:00"},{"@type":"WebSite","@id":"https:\/\/www.eldigitaldeasturias.com\/noticias\/#website","url":"https:\/\/www.eldigitaldeasturias.com\/noticias\/","name":"El Digital de Asturias - Diario de actualidad y noticias","alternateName":"El Digital de Asturias - Diario de actualidad y noticias","description":"Hemeroteca","inLanguage":"es-ES","publisher":{"@id":"https:\/\/www.eldigitaldeasturias.com\/noticias\/#organization"}}]},"og:locale":"es_ES","og:site_name":"El Digital de Asturias","og:type":"article","og:title":"Midland activa el canal COVID19 en los canales espa\u00f1oles de su aplicaci\u00f3n CB TALK - El Digital de Asturias","og:description":"Gracias al nuevo canal, activo las 24 horas del d\u00eda, los trabajadores que deban salir a la carretera podr\u00e1n compartir experiencias y la informaci\u00f3n necesaria relacionada con el nuevo coronavirus Midland, con m\u00e1s de 60 a\u00f1os de experiencia en el mundo de la radiocomunicaci\u00f3n, ha habilitado en los canales espa\u00f1oles de la aplicaci\u00f3n CB TALK el nuevo","og:url":"https:\/\/www.eldigitaldeasturias.com\/noticias\/midland-activa-el-canal-covid19-en-los-canales-espanoles-de-su-aplicacion-cb-talk\/","og:image":"https:\/\/www.eldigitaldeasturias.com\/noticias\/wp-content\/uploads\/2020\/03\/1584447774_covid19_cb_talk.jpg","og:image:secure_url":"https:\/\/www.eldigitaldeasturias.com\/noticias\/wp-content\/uploads\/2020\/03\/1584447774_covid19_cb_talk.jpg","og:image:width":550,"og:image:height":388,"article:tag":["negocios y empresas"],"article:published_time":"2020-03-18T20:08:44+00:00","article:modified_time":"2020-03-18T20:08:44+00:00","article:publisher":"https:\/\/facebook.com\/eldigitaldeasturias","twitter:card":"summary_large_image","twitter:title":"Midland activa el canal COVID19 en los canales espa\u00f1oles de su aplicaci\u00f3n CB TALK - El Digital de Asturias","twitter:description":"Gracias al nuevo canal, activo las 24 horas del d\u00eda, los trabajadores que deban salir a la carretera podr\u00e1n compartir experiencias y la informaci\u00f3n necesaria relacionada con el nuevo coronavirus Midland, con m\u00e1s de 60 a\u00f1os de experiencia en el mundo de la radiocomunicaci\u00f3n, ha habilitado en los canales espa\u00f1oles de la aplicaci\u00f3n CB TALK el nuevo","twitter:image":"https:\/\/www.eldigitaldeasturias.com\/noticias\/wp-content\/uploads\/2020\/03\/1584447774_covid19_cb_talk.jpg","twitter:label1":"Escrito por","twitter:data1":"El Digital de Asturias","twitter:label2":"Tiempo de lectura estimado","twitter:data2":"2 minutos"},"aioseo_meta_data":{"post_id":"1061198","title":null,"description":null,"keywords":null,"keyphrases":null,"primary_term":null,"canonical_url":null,"og_title":null,"og_description":null,"og_object_type":"default","og_image_type":"default","og_image_url":null,"og_image_width":null,"og_image_height":null,"og_image_custom_url":null,"og_image_custom_fields":null,"og_video":null,"og_custom_url":null,"og_article_section":null,"og_article_tags":null,"twitter_use_og":false,"twitter_card":"default","twitter_image_type":"default","twitter_image_url":null,"twitter_image_custom_url":null,"twitter_image_custom_fields":null,"twitter_title":null,"twitter_description":null,"schema":{"blockGraphs":[],"customGraphs":[],"default":{"data":{"Article":[],"Course":[],"Dataset":[],"FAQPage":[],"Movie":[],"Person":[],"Product":[],"ProductReview":[],"Car":[],"Recipe":[],"Service":[],"SoftwareApplication":[],"WebPage":[]},"graphName":"","isEnabled":true},"graphs":[],"defaultGraph":"","defaultPostTypeGraph":""},"schema_type":null,"schema_type_options":null,"pillar_content":false,"robots_default":true,"robots_noindex":false,"robots_noarchive":false,"robots_nosnippet":false,"robots_nofollow":false,"robots_noimageindex":false,"robots_noodp":false,"robots_notranslate":false,"robots_max_snippet":null,"robots_max_videopreview":null,"robots_max_imagepreview":"large","priority":null,"frequency":null,"local_seo":null,"seo_analyzer_scan_date":"2025-10-31 14:45:09","breadcrumb_settings":null,"limit_modified_date":false,"open_ai":null,"ai":null,"created":"2020-12-21 10:53:39","updated":"2025-10-31 14:45:09"},"aioseo_breadcrumb":"<div class=\"aioseo-breadcrumbs\"><span class=\"aioseo-breadcrumb\">\n\t<a href=\"https:\/\/www.eldigitaldeasturias.com\/noticias\" title=\"Home\">Home<\/a>\n<\/span><span class=\"aioseo-breadcrumb-separator\">\u2013<\/span><span class=\"aioseo-breadcrumb\">\n\t<a href=\"https:\/\/www.eldigitaldeasturias.com\/noticias\/category\/negocios-y-empresas\/\" title=\"Negocios y Empresas\">Negocios y Empresas<\/a>\n<\/span><span class=\"aioseo-breadcrumb-separator\">\u2013<\/span><span class=\"aioseo-breadcrumb\">\n\t<a href=\"https:\/\/www.eldigitaldeasturias.com\/noticias\/midland-activa-el-canal-covid19-en-los-canales-espanoles-de-su-aplicacion-cb-talk\/\" title=\"Midland activa el canal COVID19 en los canales espa\u00f1oles de su aplicaci\u00f3n CB TALK\">Midland activa el canal COVID19 en los canales espa\u00f1oles de su aplicaci\u00f3n CB TALK<\/a>\n<\/span><\/div>","aioseo_breadcrumb_json":[{"label":"Home","link":"https:\/\/www.eldigitaldeasturias.com\/noticias"},{"label":"Negocios y Empresas","link":"https:\/\/www.eldigitaldeasturias.com\/noticias\/category\/negocios-y-empresas\/"},{"label":"Midland activa el canal COVID19 en los canales espa\u00f1oles de su aplicaci\u00f3n CB TALK","link":"https:\/\/www.eldigitaldeasturias.com\/noticias\/midland-activa-el-canal-covid19-en-los-canales-espanoles-de-su-aplicacion-cb-talk\/"}],"_links":{"self":[{"href":"https:\/\/www.eldigitaldeasturias.com\/noticias\/wp-json\/wp\/v2\/posts\/1061198","targetHints":{"allow":["GET"]}}],"collection":[{"href":"https:\/\/www.eldigitaldeasturias.com\/noticias\/wp-json\/wp\/v2\/posts"}],"about":[{"href":"https:\/\/www.eldigitaldeasturias.com\/noticias\/wp-json\/wp\/v2\/types\/post"}],"author":[{"embeddable":true,"href":"https:\/\/www.eldigitaldeasturias.com\/noticias\/wp-json\/wp\/v2\/users\/1"}],"replies":[{"embeddable":true,"href":"https:\/\/www.eldigitaldeasturias.com\/noticias\/wp-json\/wp\/v2\/comments?post=1061198"}],"version-history":[{"count":0,"href":"https:\/\/www.eldigitaldeasturias.com\/noticias\/wp-json\/wp\/v2\/posts\/1061198\/revisions"}],"wp:featuredmedia":[{"embeddable":true,"href":"https:\/\/www.eldigitaldeasturias.com\/noticias\/wp-json\/wp\/v2\/media\/1061199"}],"wp:attachment":[{"href":"https:\/\/www.eldigitaldeasturias.com\/noticias\/wp-json\/wp\/v2\/media?parent=1061198"}],"wp:term":[{"taxonomy":"category","embeddable":true,"href":"https:\/\/www.eldigitaldeasturias.com\/noticias\/wp-json\/wp\/v2\/categories?post=1061198"},{"taxonomy":"post_tag","embeddable":true,"href":"https:\/\/www.eldigitaldeasturias.com\/noticias\/wp-json\/wp\/v2\/tags?post=1061198"}],"curies":[{"name":"wp","href":"https:\/\/api.w.org\/{rel}","templated":true}]}}