{"id":1061174,"date":"2020-03-18T19:42:32","date_gmt":"2020-03-18T19:42:32","guid":{"rendered":"https:\/\/www.eldigitaldeasturias.com\/noticias\/?p=1061174"},"modified":"2020-03-18T19:42:32","modified_gmt":"2020-03-18T19:42:32","slug":"gesab-pone-a-disposicion-de-las-instituciones-del-estado-un-centro-de-control-contra-el-covid-19","status":"publish","type":"post","link":"https:\/\/www.eldigitaldeasturias.com\/noticias\/gesab-pone-a-disposicion-de-las-instituciones-del-estado-un-centro-de-control-contra-el-covid-19\/","title":{"rendered":"GESAB pone a disposici\u00f3n de las Instituciones del Estado un centro de control contra el COVID-19"},"content":{"rendered":"<p><img loading=\"lazy\" decoding=\"async\" class=\"alignleft size-medium wp-image-1061175\" src=\"https:\/\/www.eldigitaldeasturias.com\/noticias\/wp-content\/uploads\/2020\/03\/1584544249_centro_contol_gesab-360x203.jpg\" alt=\"\" width=\"360\" height=\"203\" srcset=\"https:\/\/www.eldigitaldeasturias.com\/noticias\/wp-content\/uploads\/2020\/03\/1584544249_centro_contol_gesab-360x203.jpg 360w, https:\/\/www.eldigitaldeasturias.com\/noticias\/wp-content\/uploads\/2020\/03\/1584544249_centro_contol_gesab-690x388.jpg 690w, https:\/\/www.eldigitaldeasturias.com\/noticias\/wp-content\/uploads\/2020\/03\/1584544249_centro_contol_gesab-480x270.jpg 480w, https:\/\/www.eldigitaldeasturias.com\/noticias\/wp-content\/uploads\/2020\/03\/1584544249_centro_contol_gesab-768x432.jpg 768w, https:\/\/www.eldigitaldeasturias.com\/noticias\/wp-content\/uploads\/2020\/03\/1584544249_centro_contol_gesab.jpg 1280w, https:\/\/www.eldigitaldeasturias.com\/noticias\/wp-content\/uploads\/2020\/03\/1584544249_centro_contol_gesab-1024x576.jpg 1024w\" sizes=\"auto, (max-width: 360px) 100vw, 360px\" \/>La declaraci\u00f3n del estado de alarma por parte del gobierno para hacer frente al coronavirus COVID-19 ha derivado en una situaci\u00f3n extraordinaria en Espa\u00f1a y el resto del mundo. La lucha contra la pandemia se realiza desde todos los estamentos, ya sean p\u00fablicos, privados o individuales. La situaci\u00f3n sanitaria supone un desaf\u00edo global lleno de incertidumbres donde se debe dar lo mejor de todos para superarlo cuanto antes.<\/p>\n<p>Es en situaciones como la actual, donde la sociedad se enfrenta a una crisis sin precedentes, cuando se demuestra de forma expl\u00edcita los valores y responsabilidad social. Es por ello que, ahora m\u00e1s que nunca, empresas como\u00a0<strong><a href=\"https:\/\/gesab.com\/\" target=\"_blank\" rel=\"nofollow noopener noreferrer\"><span style=\"color: #ff6600;\">GESAB<\/span><\/a><\/strong>\u00a0demuestran estar a la altura de las expectativas de sus empleados, clientes, proveedores y el conjunto de la sociedad para ayudar con la m\u00e1xima responsabilidad en la gesti\u00f3n de esta situaci\u00f3n excepcional.<\/p>\n<p>GESAB es l\u00edder en ofrecer soluciones integrales para centros de control con los m\u00e1s altos est\u00e1ndares en ergonom\u00eda y funcionalidad, creando espacios de trabajo 24\/7 donde la tecnolog\u00eda se pone al servicio de las personas. Su experiencia en este tipo de entornos cr\u00edticos le ha llevado a realizar proyectos en todo el mundo, tanto para empresas privadas como para administraciones p\u00fablicas de toda \u00edndole.<\/p>\n<p>Su conocimiento le ha llevado a dise\u00f1ar unas innovadoras instalaciones en Madrid que cuentan con una completa sala de control operativa con mobiliario t\u00e9cnico, sillas ergon\u00f3micas 24\/7, sistemas de visualizaci\u00f3n individuales por operador y un gran videowall central, sala de crisis, salas de reuniones y zona de oficinas.<\/p>\n<p>Ante la situaci\u00f3n generada actualmente, GESAB ha puesto a disposici\u00f3n de las administraciones p\u00fablicas su centro de control y todo su equipo de expertos. En palabras de su Director General y fundador de la empresa, Pere Sabat\u00e9, \u201cnuestro prop\u00f3sito es ofrecer un espacio totalmente operativo que ayude a combatir esta pandemia. Desde GESAB haremos todo lo que haga falta para ayudar a nuestra sociedad a superar esta crisis lo antes posible, trabajando unidos y poniendo a disposici\u00f3n de quien lo solicite todos nuestros recursos. Estamos en disposici\u00f3n de ofrecer nuestro centro de control en cualquier momento\u201d.<\/p>\n<p>Por otra parte, GESAB tambi\u00e9n ceder\u00e1 todo su stock de tecnolog\u00eda\u00a0<span style=\"color: #ff6600;\"><strong><a style=\"color: #ff6600;\" href=\"https:\/\/gesab.com\/kvm-deskwall\/\" target=\"_blank\" rel=\"nofollow noopener noreferrer\">DeskWall<\/a><\/strong><\/span>, un sistema de KVM din\u00e1mico que permite a un operador visualizar y gestionar una gran cantidad de informaci\u00f3n con un \u00fanico teclado y rat\u00f3n, lo que les otorga gran rapidez y fiabilidad en la toma de decisiones.<\/p>\n<p>GESAB se suma, de esta manera, a ese esp\u00edritu de la sociedad que en los momentos m\u00e1s dif\u00edciles sabe sacar lo mejor de s\u00ed mismos. Porque solo una sociedad unida lograr\u00e1 vencer al virus.<\/p>\n<p>&nbsp;<\/p>\n","protected":false},"excerpt":{"rendered":"<p>La declaraci\u00f3n del estado de alarma por parte del gobierno para hacer frente al coronavirus COVID-19 ha derivado en una situaci\u00f3n extraordinaria en Espa\u00f1a y el resto del mundo. La lucha contra la pandemia se realiza desde todos los estamentos, ya sean p\u00fablicos, privados o individuales. La situaci\u00f3n sanitaria supone un desaf\u00edo global lleno de [&hellip;]<\/p>\n","protected":false},"author":1,"featured_media":1061175,"comment_status":"closed","ping_status":"closed","sticky":false,"template":"","format":"standard","meta":{"footnotes":""},"categories":[219],"tags":[],"class_list":["post-1061174","post","type-post","status-publish","format-standard","has-post-thumbnail","hentry","category-negocios-y-empresas"],"aioseo_notices":[],"aioseo_head":"\n\t\t<!-- All in One SEO Pro 4.9.6.2 - aioseo.com -->\n\t<meta name=\"description\" content=\"La declaraci\u00f3n del estado de alarma por parte del gobierno para hacer frente al coronavirus COVID-19 ha derivado en una situaci\u00f3n extraordinaria en Espa\u00f1a y el resto del mundo. La lucha contra la pandemia se realiza desde todos los estamentos, ya sean p\u00fablicos, privados o individuales. La situaci\u00f3n sanitaria supone un desaf\u00edo global lleno de\" \/>\n\t<meta name=\"robots\" content=\"max-image-preview:large\" \/>\n\t<meta name=\"author\" content=\"El Digital de Asturias\"\/>\n\t<meta name=\"google-site-verification\" content=\"UA-38556648-1\" \/>\n\t<meta name=\"msvalidate.01\" content=\"7dfe9f3f1b24437ab69f4f2559babe99\" \/>\n\t<meta name=\"keywords\" content=\"negocios y empresas\" \/>\n\t<link rel=\"canonical\" href=\"https:\/\/www.eldigitaldeasturias.com\/noticias\/gesab-pone-a-disposicion-de-las-instituciones-del-estado-un-centro-de-control-contra-el-covid-19\/\" \/>\n\t<meta name=\"generator\" content=\"All in One SEO Pro (AIOSEO) 4.9.6.2\" \/>\n\t\t<meta property=\"og:locale\" content=\"es_ES\" \/>\n\t\t<meta property=\"og:site_name\" content=\"El Digital de Asturias\" \/>\n\t\t<meta property=\"og:type\" content=\"article\" \/>\n\t\t<meta property=\"og:title\" content=\"GESAB pone a disposici\u00f3n de las Instituciones del Estado un centro de control contra el COVID-19 - El Digital de Asturias\" \/>\n\t\t<meta property=\"og:description\" content=\"La declaraci\u00f3n del estado de alarma por parte del gobierno para hacer frente al coronavirus COVID-19 ha derivado en una situaci\u00f3n extraordinaria en Espa\u00f1a y el resto del mundo. La lucha contra la pandemia se realiza desde todos los estamentos, ya sean p\u00fablicos, privados o individuales. La situaci\u00f3n sanitaria supone un desaf\u00edo global lleno de\" \/>\n\t\t<meta property=\"og:url\" content=\"https:\/\/www.eldigitaldeasturias.com\/noticias\/gesab-pone-a-disposicion-de-las-instituciones-del-estado-un-centro-de-control-contra-el-covid-19\/\" \/>\n\t\t<meta property=\"og:image\" content=\"https:\/\/www.eldigitaldeasturias.com\/noticias\/wp-content\/uploads\/2020\/03\/1584544249_centro_contol_gesab.jpg\" \/>\n\t\t<meta property=\"og:image:secure_url\" content=\"https:\/\/www.eldigitaldeasturias.com\/noticias\/wp-content\/uploads\/2020\/03\/1584544249_centro_contol_gesab.jpg\" \/>\n\t\t<meta property=\"og:image:width\" content=\"1280\" \/>\n\t\t<meta property=\"og:image:height\" content=\"720\" \/>\n\t\t<meta property=\"article:tag\" content=\"negocios y empresas\" \/>\n\t\t<meta property=\"article:published_time\" content=\"2020-03-18T19:42:32+00:00\" \/>\n\t\t<meta property=\"article:modified_time\" content=\"2020-03-18T19:42:32+00:00\" \/>\n\t\t<meta property=\"article:publisher\" content=\"https:\/\/facebook.com\/eldigitaldeasturias\" \/>\n\t\t<meta name=\"twitter:card\" content=\"summary_large_image\" \/>\n\t\t<meta name=\"twitter:title\" content=\"GESAB pone a disposici\u00f3n de las Instituciones del Estado un centro de control contra el COVID-19 - El Digital de Asturias\" \/>\n\t\t<meta name=\"twitter:description\" content=\"La declaraci\u00f3n del estado de alarma por parte del gobierno para hacer frente al coronavirus COVID-19 ha derivado en una situaci\u00f3n extraordinaria en Espa\u00f1a y el resto del mundo. La lucha contra la pandemia se realiza desde todos los estamentos, ya sean p\u00fablicos, privados o individuales. La situaci\u00f3n sanitaria supone un desaf\u00edo global lleno de\" \/>\n\t\t<meta name=\"twitter:image\" content=\"https:\/\/www.eldigitaldeasturias.com\/noticias\/wp-content\/uploads\/2020\/03\/1584544249_centro_contol_gesab.jpg\" \/>\n\t\t<meta name=\"twitter:label1\" content=\"Escrito por\" \/>\n\t\t<meta name=\"twitter:data1\" content=\"El Digital de Asturias\" \/>\n\t\t<meta name=\"twitter:label2\" content=\"Tiempo de lectura estimado\" \/>\n\t\t<meta name=\"twitter:data2\" content=\"2 minutos\" \/>\n\t\t<script type=\"application\/ld+json\" class=\"aioseo-schema\">\n\t\t\t{\"@context\":\"https:\\\/\\\/schema.org\",\"@graph\":[{\"@type\":\"BlogPosting\",\"@id\":\"https:\\\/\\\/www.eldigitaldeasturias.com\\\/noticias\\\/gesab-pone-a-disposicion-de-las-instituciones-del-estado-un-centro-de-control-contra-el-covid-19\\\/#blogposting\",\"name\":\"GESAB pone a disposici\\u00f3n de las Instituciones del Estado un centro de control contra el COVID-19 - El Digital de Asturias\",\"headline\":\"GESAB pone a disposici\\u00f3n de las Instituciones del Estado un centro de control contra el COVID-19\",\"author\":{\"@id\":\"https:\\\/\\\/www.eldigitaldeasturias.com\\\/noticias\\\/author\\\/admin\\\/#author\"},\"publisher\":{\"@id\":\"https:\\\/\\\/www.eldigitaldeasturias.com\\\/noticias\\\/#organization\"},\"image\":{\"@type\":\"ImageObject\",\"url\":\"https:\\\/\\\/www.eldigitaldeasturias.com\\\/noticias\\\/wp-content\\\/uploads\\\/2020\\\/03\\\/1584544249_centro_contol_gesab.jpg\",\"width\":1280,\"height\":720},\"datePublished\":\"2020-03-18T19:42:32+01:00\",\"dateModified\":\"2020-03-18T19:42:32+01:00\",\"inLanguage\":\"es-ES\",\"mainEntityOfPage\":{\"@id\":\"https:\\\/\\\/www.eldigitaldeasturias.com\\\/noticias\\\/gesab-pone-a-disposicion-de-las-instituciones-del-estado-un-centro-de-control-contra-el-covid-19\\\/#webpage\"},\"isPartOf\":{\"@id\":\"https:\\\/\\\/www.eldigitaldeasturias.com\\\/noticias\\\/gesab-pone-a-disposicion-de-las-instituciones-del-estado-un-centro-de-control-contra-el-covid-19\\\/#webpage\"},\"articleSection\":\"Negocios y Empresas\"},{\"@type\":\"BreadcrumbList\",\"@id\":\"https:\\\/\\\/www.eldigitaldeasturias.com\\\/noticias\\\/gesab-pone-a-disposicion-de-las-instituciones-del-estado-un-centro-de-control-contra-el-covid-19\\\/#breadcrumblist\",\"itemListElement\":[{\"@type\":\"ListItem\",\"@id\":\"https:\\\/\\\/www.eldigitaldeasturias.com\\\/noticias#listItem\",\"position\":1,\"name\":\"Home\",\"item\":\"https:\\\/\\\/www.eldigitaldeasturias.com\\\/noticias\",\"nextItem\":{\"@type\":\"ListItem\",\"@id\":\"https:\\\/\\\/www.eldigitaldeasturias.com\\\/noticias\\\/category\\\/negocios-y-empresas\\\/#listItem\",\"name\":\"Negocios y Empresas\"}},{\"@type\":\"ListItem\",\"@id\":\"https:\\\/\\\/www.eldigitaldeasturias.com\\\/noticias\\\/category\\\/negocios-y-empresas\\\/#listItem\",\"position\":2,\"name\":\"Negocios y Empresas\",\"item\":\"https:\\\/\\\/www.eldigitaldeasturias.com\\\/noticias\\\/category\\\/negocios-y-empresas\\\/\",\"nextItem\":{\"@type\":\"ListItem\",\"@id\":\"https:\\\/\\\/www.eldigitaldeasturias.com\\\/noticias\\\/gesab-pone-a-disposicion-de-las-instituciones-del-estado-un-centro-de-control-contra-el-covid-19\\\/#listItem\",\"name\":\"GESAB pone a disposici\\u00f3n de las Instituciones del Estado un centro de control contra el COVID-19\"},\"previousItem\":{\"@type\":\"ListItem\",\"@id\":\"https:\\\/\\\/www.eldigitaldeasturias.com\\\/noticias#listItem\",\"name\":\"Home\"}},{\"@type\":\"ListItem\",\"@id\":\"https:\\\/\\\/www.eldigitaldeasturias.com\\\/noticias\\\/gesab-pone-a-disposicion-de-las-instituciones-del-estado-un-centro-de-control-contra-el-covid-19\\\/#listItem\",\"position\":3,\"name\":\"GESAB pone a disposici\\u00f3n de las Instituciones del Estado un centro de control contra el COVID-19\",\"previousItem\":{\"@type\":\"ListItem\",\"@id\":\"https:\\\/\\\/www.eldigitaldeasturias.com\\\/noticias\\\/category\\\/negocios-y-empresas\\\/#listItem\",\"name\":\"Negocios y Empresas\"}}]},{\"@type\":\"Organization\",\"@id\":\"https:\\\/\\\/www.eldigitaldeasturias.com\\\/noticias\\\/#organization\",\"name\":\"El Digital de Asturias\",\"description\":\"Hemeroteca\",\"url\":\"https:\\\/\\\/www.eldigitaldeasturias.com\\\/noticias\\\/\",\"email\":\"info@eldigitaldeasturias.com\",\"telephone\":\"+34652131393\",\"logo\":{\"@type\":\"ImageObject\",\"url\":\"https:\\\/\\\/www.eldigitaldeasturias.com\\\/noticias\\\/wp-content\\\/uploads\\\/2020\\\/12\\\/EDA.jpg\",\"@id\":\"https:\\\/\\\/www.eldigitaldeasturias.com\\\/noticias\\\/gesab-pone-a-disposicion-de-las-instituciones-del-estado-un-centro-de-control-contra-el-covid-19\\\/#organizationLogo\",\"width\":649,\"height\":297},\"image\":{\"@id\":\"https:\\\/\\\/www.eldigitaldeasturias.com\\\/noticias\\\/gesab-pone-a-disposicion-de-las-instituciones-del-estado-un-centro-de-control-contra-el-covid-19\\\/#organizationLogo\"},\"sameAs\":[\"https:\\\/\\\/facebook.com\\\/eldigitaldeasturias\",\"https:\\\/\\\/www.youtube.com\\\/channel\\\/UCZP-2wLEB9Rv6erhFmqVnvg\"],\"address\":{\"@id\":\"https:\\\/\\\/www.eldigitaldeasturias.com\\\/noticias\\\/#postaladdress\",\"@type\":\"PostalAddress\",\"streetAddress\":\"san antonio 4,\",\"postalCode\":\"33430\",\"addressLocality\":\"Cand\\u00e1s\",\"addressRegion\":\"Asturias\",\"addressCountry\":\"ES\"}},{\"@type\":\"Person\",\"@id\":\"https:\\\/\\\/www.eldigitaldeasturias.com\\\/noticias\\\/author\\\/admin\\\/#author\",\"url\":\"https:\\\/\\\/www.eldigitaldeasturias.com\\\/noticias\\\/author\\\/admin\\\/\",\"name\":\"El Digital de Asturias\",\"image\":{\"@type\":\"ImageObject\",\"@id\":\"https:\\\/\\\/www.eldigitaldeasturias.com\\\/noticias\\\/gesab-pone-a-disposicion-de-las-instituciones-del-estado-un-centro-de-control-contra-el-covid-19\\\/#authorImage\",\"url\":\"https:\\\/\\\/www.eldigitaldeasturias.com\\\/noticias\\\/wp-content\\\/litespeed\\\/avatar\\\/18677e78aa0546b92d9dbf31ec7d7668.jpg?ver=1777290358\",\"width\":96,\"height\":96,\"caption\":\"El Digital de Asturias\"}},{\"@type\":\"WebPage\",\"@id\":\"https:\\\/\\\/www.eldigitaldeasturias.com\\\/noticias\\\/gesab-pone-a-disposicion-de-las-instituciones-del-estado-un-centro-de-control-contra-el-covid-19\\\/#webpage\",\"url\":\"https:\\\/\\\/www.eldigitaldeasturias.com\\\/noticias\\\/gesab-pone-a-disposicion-de-las-instituciones-del-estado-un-centro-de-control-contra-el-covid-19\\\/\",\"name\":\"GESAB pone a disposici\\u00f3n de las Instituciones del Estado un centro de control contra el COVID-19 - El Digital de Asturias\",\"description\":\"La declaraci\\u00f3n del estado de alarma por parte del gobierno para hacer frente al coronavirus COVID-19 ha derivado en una situaci\\u00f3n extraordinaria en Espa\\u00f1a y el resto del mundo. La lucha contra la pandemia se realiza desde todos los estamentos, ya sean p\\u00fablicos, privados o individuales. La situaci\\u00f3n sanitaria supone un desaf\\u00edo global lleno de\",\"inLanguage\":\"es-ES\",\"isPartOf\":{\"@id\":\"https:\\\/\\\/www.eldigitaldeasturias.com\\\/noticias\\\/#website\"},\"breadcrumb\":{\"@id\":\"https:\\\/\\\/www.eldigitaldeasturias.com\\\/noticias\\\/gesab-pone-a-disposicion-de-las-instituciones-del-estado-un-centro-de-control-contra-el-covid-19\\\/#breadcrumblist\"},\"author\":{\"@id\":\"https:\\\/\\\/www.eldigitaldeasturias.com\\\/noticias\\\/author\\\/admin\\\/#author\"},\"creator\":{\"@id\":\"https:\\\/\\\/www.eldigitaldeasturias.com\\\/noticias\\\/author\\\/admin\\\/#author\"},\"image\":{\"@type\":\"ImageObject\",\"url\":\"https:\\\/\\\/www.eldigitaldeasturias.com\\\/noticias\\\/wp-content\\\/uploads\\\/2020\\\/03\\\/1584544249_centro_contol_gesab.jpg\",\"@id\":\"https:\\\/\\\/www.eldigitaldeasturias.com\\\/noticias\\\/gesab-pone-a-disposicion-de-las-instituciones-del-estado-un-centro-de-control-contra-el-covid-19\\\/#mainImage\",\"width\":1280,\"height\":720},\"primaryImageOfPage\":{\"@id\":\"https:\\\/\\\/www.eldigitaldeasturias.com\\\/noticias\\\/gesab-pone-a-disposicion-de-las-instituciones-del-estado-un-centro-de-control-contra-el-covid-19\\\/#mainImage\"},\"datePublished\":\"2020-03-18T19:42:32+01:00\",\"dateModified\":\"2020-03-18T19:42:32+01:00\"},{\"@type\":\"WebSite\",\"@id\":\"https:\\\/\\\/www.eldigitaldeasturias.com\\\/noticias\\\/#website\",\"url\":\"https:\\\/\\\/www.eldigitaldeasturias.com\\\/noticias\\\/\",\"name\":\"El Digital de Asturias - Diario de actualidad y noticias\",\"alternateName\":\"El Digital de Asturias - Diario de actualidad y noticias\",\"description\":\"Hemeroteca\",\"inLanguage\":\"es-ES\",\"publisher\":{\"@id\":\"https:\\\/\\\/www.eldigitaldeasturias.com\\\/noticias\\\/#organization\"}}]}\n\t\t<\/script>\n\t\t<!-- All in One SEO Pro -->\r\n\t\t<title>GESAB pone a disposici\u00f3n de las Instituciones del Estado un centro de control contra el COVID-19 - El Digital de Asturias<\/title>\n\n","aioseo_head_json":{"title":"GESAB pone a disposici\u00f3n de las Instituciones del Estado un centro de control contra el COVID-19 - El Digital de Asturias","description":"La declaraci\u00f3n del estado de alarma por parte del gobierno para hacer frente al coronavirus COVID-19 ha derivado en una situaci\u00f3n extraordinaria en Espa\u00f1a y el resto del mundo. La lucha contra la pandemia se realiza desde todos los estamentos, ya sean p\u00fablicos, privados o individuales. La situaci\u00f3n sanitaria supone un desaf\u00edo global lleno de","canonical_url":"https:\/\/www.eldigitaldeasturias.com\/noticias\/gesab-pone-a-disposicion-de-las-instituciones-del-estado-un-centro-de-control-contra-el-covid-19\/","robots":"max-image-preview:large","keywords":"negocios y empresas","webmasterTools":{"google-site-verification":"UA-38556648-1","msvalidate.01":"7dfe9f3f1b24437ab69f4f2559babe99","miscellaneous":""},"schema":{"@context":"https:\/\/schema.org","@graph":[{"@type":"BlogPosting","@id":"https:\/\/www.eldigitaldeasturias.com\/noticias\/gesab-pone-a-disposicion-de-las-instituciones-del-estado-un-centro-de-control-contra-el-covid-19\/#blogposting","name":"GESAB pone a disposici\u00f3n de las Instituciones del Estado un centro de control contra el COVID-19 - El Digital de Asturias","headline":"GESAB pone a disposici\u00f3n de las Instituciones del Estado un centro de control contra el COVID-19","author":{"@id":"https:\/\/www.eldigitaldeasturias.com\/noticias\/author\/admin\/#author"},"publisher":{"@id":"https:\/\/www.eldigitaldeasturias.com\/noticias\/#organization"},"image":{"@type":"ImageObject","url":"https:\/\/www.eldigitaldeasturias.com\/noticias\/wp-content\/uploads\/2020\/03\/1584544249_centro_contol_gesab.jpg","width":1280,"height":720},"datePublished":"2020-03-18T19:42:32+01:00","dateModified":"2020-03-18T19:42:32+01:00","inLanguage":"es-ES","mainEntityOfPage":{"@id":"https:\/\/www.eldigitaldeasturias.com\/noticias\/gesab-pone-a-disposicion-de-las-instituciones-del-estado-un-centro-de-control-contra-el-covid-19\/#webpage"},"isPartOf":{"@id":"https:\/\/www.eldigitaldeasturias.com\/noticias\/gesab-pone-a-disposicion-de-las-instituciones-del-estado-un-centro-de-control-contra-el-covid-19\/#webpage"},"articleSection":"Negocios y Empresas"},{"@type":"BreadcrumbList","@id":"https:\/\/www.eldigitaldeasturias.com\/noticias\/gesab-pone-a-disposicion-de-las-instituciones-del-estado-un-centro-de-control-contra-el-covid-19\/#breadcrumblist","itemListElement":[{"@type":"ListItem","@id":"https:\/\/www.eldigitaldeasturias.com\/noticias#listItem","position":1,"name":"Home","item":"https:\/\/www.eldigitaldeasturias.com\/noticias","nextItem":{"@type":"ListItem","@id":"https:\/\/www.eldigitaldeasturias.com\/noticias\/category\/negocios-y-empresas\/#listItem","name":"Negocios y Empresas"}},{"@type":"ListItem","@id":"https:\/\/www.eldigitaldeasturias.com\/noticias\/category\/negocios-y-empresas\/#listItem","position":2,"name":"Negocios y Empresas","item":"https:\/\/www.eldigitaldeasturias.com\/noticias\/category\/negocios-y-empresas\/","nextItem":{"@type":"ListItem","@id":"https:\/\/www.eldigitaldeasturias.com\/noticias\/gesab-pone-a-disposicion-de-las-instituciones-del-estado-un-centro-de-control-contra-el-covid-19\/#listItem","name":"GESAB pone a disposici\u00f3n de las Instituciones del Estado un centro de control contra el COVID-19"},"previousItem":{"@type":"ListItem","@id":"https:\/\/www.eldigitaldeasturias.com\/noticias#listItem","name":"Home"}},{"@type":"ListItem","@id":"https:\/\/www.eldigitaldeasturias.com\/noticias\/gesab-pone-a-disposicion-de-las-instituciones-del-estado-un-centro-de-control-contra-el-covid-19\/#listItem","position":3,"name":"GESAB pone a disposici\u00f3n de las Instituciones del Estado un centro de control contra el COVID-19","previousItem":{"@type":"ListItem","@id":"https:\/\/www.eldigitaldeasturias.com\/noticias\/category\/negocios-y-empresas\/#listItem","name":"Negocios y Empresas"}}]},{"@type":"Organization","@id":"https:\/\/www.eldigitaldeasturias.com\/noticias\/#organization","name":"El Digital de Asturias","description":"Hemeroteca","url":"https:\/\/www.eldigitaldeasturias.com\/noticias\/","email":"info@eldigitaldeasturias.com","telephone":"+34652131393","logo":{"@type":"ImageObject","url":"https:\/\/www.eldigitaldeasturias.com\/noticias\/wp-content\/uploads\/2020\/12\/EDA.jpg","@id":"https:\/\/www.eldigitaldeasturias.com\/noticias\/gesab-pone-a-disposicion-de-las-instituciones-del-estado-un-centro-de-control-contra-el-covid-19\/#organizationLogo","width":649,"height":297},"image":{"@id":"https:\/\/www.eldigitaldeasturias.com\/noticias\/gesab-pone-a-disposicion-de-las-instituciones-del-estado-un-centro-de-control-contra-el-covid-19\/#organizationLogo"},"sameAs":["https:\/\/facebook.com\/eldigitaldeasturias","https:\/\/www.youtube.com\/channel\/UCZP-2wLEB9Rv6erhFmqVnvg"],"address":{"@id":"https:\/\/www.eldigitaldeasturias.com\/noticias\/#postaladdress","@type":"PostalAddress","streetAddress":"san antonio 4,","postalCode":"33430","addressLocality":"Cand\u00e1s","addressRegion":"Asturias","addressCountry":"ES"}},{"@type":"Person","@id":"https:\/\/www.eldigitaldeasturias.com\/noticias\/author\/admin\/#author","url":"https:\/\/www.eldigitaldeasturias.com\/noticias\/author\/admin\/","name":"El Digital de Asturias","image":{"@type":"ImageObject","@id":"https:\/\/www.eldigitaldeasturias.com\/noticias\/gesab-pone-a-disposicion-de-las-instituciones-del-estado-un-centro-de-control-contra-el-covid-19\/#authorImage","url":"https:\/\/www.eldigitaldeasturias.com\/noticias\/wp-content\/litespeed\/avatar\/18677e78aa0546b92d9dbf31ec7d7668.jpg?ver=1777290358","width":96,"height":96,"caption":"El Digital de Asturias"}},{"@type":"WebPage","@id":"https:\/\/www.eldigitaldeasturias.com\/noticias\/gesab-pone-a-disposicion-de-las-instituciones-del-estado-un-centro-de-control-contra-el-covid-19\/#webpage","url":"https:\/\/www.eldigitaldeasturias.com\/noticias\/gesab-pone-a-disposicion-de-las-instituciones-del-estado-un-centro-de-control-contra-el-covid-19\/","name":"GESAB pone a disposici\u00f3n de las Instituciones del Estado un centro de control contra el COVID-19 - El Digital de Asturias","description":"La declaraci\u00f3n del estado de alarma por parte del gobierno para hacer frente al coronavirus COVID-19 ha derivado en una situaci\u00f3n extraordinaria en Espa\u00f1a y el resto del mundo. La lucha contra la pandemia se realiza desde todos los estamentos, ya sean p\u00fablicos, privados o individuales. La situaci\u00f3n sanitaria supone un desaf\u00edo global lleno de","inLanguage":"es-ES","isPartOf":{"@id":"https:\/\/www.eldigitaldeasturias.com\/noticias\/#website"},"breadcrumb":{"@id":"https:\/\/www.eldigitaldeasturias.com\/noticias\/gesab-pone-a-disposicion-de-las-instituciones-del-estado-un-centro-de-control-contra-el-covid-19\/#breadcrumblist"},"author":{"@id":"https:\/\/www.eldigitaldeasturias.com\/noticias\/author\/admin\/#author"},"creator":{"@id":"https:\/\/www.eldigitaldeasturias.com\/noticias\/author\/admin\/#author"},"image":{"@type":"ImageObject","url":"https:\/\/www.eldigitaldeasturias.com\/noticias\/wp-content\/uploads\/2020\/03\/1584544249_centro_contol_gesab.jpg","@id":"https:\/\/www.eldigitaldeasturias.com\/noticias\/gesab-pone-a-disposicion-de-las-instituciones-del-estado-un-centro-de-control-contra-el-covid-19\/#mainImage","width":1280,"height":720},"primaryImageOfPage":{"@id":"https:\/\/www.eldigitaldeasturias.com\/noticias\/gesab-pone-a-disposicion-de-las-instituciones-del-estado-un-centro-de-control-contra-el-covid-19\/#mainImage"},"datePublished":"2020-03-18T19:42:32+01:00","dateModified":"2020-03-18T19:42:32+01:00"},{"@type":"WebSite","@id":"https:\/\/www.eldigitaldeasturias.com\/noticias\/#website","url":"https:\/\/www.eldigitaldeasturias.com\/noticias\/","name":"El Digital de Asturias - Diario de actualidad y noticias","alternateName":"El Digital de Asturias - Diario de actualidad y noticias","description":"Hemeroteca","inLanguage":"es-ES","publisher":{"@id":"https:\/\/www.eldigitaldeasturias.com\/noticias\/#organization"}}]},"og:locale":"es_ES","og:site_name":"El Digital de Asturias","og:type":"article","og:title":"GESAB pone a disposici\u00f3n de las Instituciones del Estado un centro de control contra el COVID-19 - El Digital de Asturias","og:description":"La declaraci\u00f3n del estado de alarma por parte del gobierno para hacer frente al coronavirus COVID-19 ha derivado en una situaci\u00f3n extraordinaria en Espa\u00f1a y el resto del mundo. La lucha contra la pandemia se realiza desde todos los estamentos, ya sean p\u00fablicos, privados o individuales. La situaci\u00f3n sanitaria supone un desaf\u00edo global lleno de","og:url":"https:\/\/www.eldigitaldeasturias.com\/noticias\/gesab-pone-a-disposicion-de-las-instituciones-del-estado-un-centro-de-control-contra-el-covid-19\/","og:image":"https:\/\/www.eldigitaldeasturias.com\/noticias\/wp-content\/uploads\/2020\/03\/1584544249_centro_contol_gesab.jpg","og:image:secure_url":"https:\/\/www.eldigitaldeasturias.com\/noticias\/wp-content\/uploads\/2020\/03\/1584544249_centro_contol_gesab.jpg","og:image:width":1280,"og:image:height":720,"article:tag":["negocios y empresas"],"article:published_time":"2020-03-18T19:42:32+00:00","article:modified_time":"2020-03-18T19:42:32+00:00","article:publisher":"https:\/\/facebook.com\/eldigitaldeasturias","twitter:card":"summary_large_image","twitter:title":"GESAB pone a disposici\u00f3n de las Instituciones del Estado un centro de control contra el COVID-19 - El Digital de Asturias","twitter:description":"La declaraci\u00f3n del estado de alarma por parte del gobierno para hacer frente al coronavirus COVID-19 ha derivado en una situaci\u00f3n extraordinaria en Espa\u00f1a y el resto del mundo. La lucha contra la pandemia se realiza desde todos los estamentos, ya sean p\u00fablicos, privados o individuales. La situaci\u00f3n sanitaria supone un desaf\u00edo global lleno de","twitter:image":"https:\/\/www.eldigitaldeasturias.com\/noticias\/wp-content\/uploads\/2020\/03\/1584544249_centro_contol_gesab.jpg","twitter:label1":"Escrito por","twitter:data1":"El Digital de Asturias","twitter:label2":"Tiempo de lectura estimado","twitter:data2":"2 minutos"},"aioseo_meta_data":{"post_id":"1061174","title":null,"description":null,"keywords":null,"keyphrases":null,"primary_term":null,"canonical_url":null,"og_title":null,"og_description":null,"og_object_type":"default","og_image_type":"default","og_image_url":null,"og_image_width":null,"og_image_height":null,"og_image_custom_url":null,"og_image_custom_fields":null,"og_video":null,"og_custom_url":null,"og_article_section":null,"og_article_tags":null,"twitter_use_og":false,"twitter_card":"default","twitter_image_type":"default","twitter_image_url":null,"twitter_image_custom_url":null,"twitter_image_custom_fields":null,"twitter_title":null,"twitter_description":null,"schema":{"blockGraphs":[],"customGraphs":[],"default":{"data":{"Article":[],"Course":[],"Dataset":[],"FAQPage":[],"Movie":[],"Person":[],"Product":[],"ProductReview":[],"Car":[],"Recipe":[],"Service":[],"SoftwareApplication":[],"WebPage":[]},"graphName":"","isEnabled":true},"graphs":[],"defaultGraph":"","defaultPostTypeGraph":""},"schema_type":null,"schema_type_options":null,"pillar_content":false,"robots_default":true,"robots_noindex":false,"robots_noarchive":false,"robots_nosnippet":false,"robots_nofollow":false,"robots_noimageindex":false,"robots_noodp":false,"robots_notranslate":false,"robots_max_snippet":null,"robots_max_videopreview":null,"robots_max_imagepreview":"large","priority":null,"frequency":null,"local_seo":null,"seo_analyzer_scan_date":"2025-10-31 14:41:22","breadcrumb_settings":null,"limit_modified_date":false,"open_ai":null,"ai":null,"created":"2020-12-21 10:53:39","updated":"2025-10-31 14:41:22"},"aioseo_breadcrumb":"<div class=\"aioseo-breadcrumbs\"><span class=\"aioseo-breadcrumb\">\n\t<a href=\"https:\/\/www.eldigitaldeasturias.com\/noticias\" title=\"Home\">Home<\/a>\n<\/span><span class=\"aioseo-breadcrumb-separator\">\u2013<\/span><span class=\"aioseo-breadcrumb\">\n\t<a href=\"https:\/\/www.eldigitaldeasturias.com\/noticias\/category\/negocios-y-empresas\/\" title=\"Negocios y Empresas\">Negocios y Empresas<\/a>\n<\/span><span class=\"aioseo-breadcrumb-separator\">\u2013<\/span><span class=\"aioseo-breadcrumb\">\n\t<a href=\"https:\/\/www.eldigitaldeasturias.com\/noticias\/gesab-pone-a-disposicion-de-las-instituciones-del-estado-un-centro-de-control-contra-el-covid-19\/\" title=\"GESAB pone a disposici\u00f3n de las Instituciones del Estado un centro de control contra el COVID-19\">GESAB pone a disposici\u00f3n de las Instituciones del Estado un centro de control contra el COVID-19<\/a>\n<\/span><\/div>","aioseo_breadcrumb_json":[{"label":"Home","link":"https:\/\/www.eldigitaldeasturias.com\/noticias"},{"label":"Negocios y Empresas","link":"https:\/\/www.eldigitaldeasturias.com\/noticias\/category\/negocios-y-empresas\/"},{"label":"GESAB pone a disposici\u00f3n de las Instituciones del Estado un centro de control contra el COVID-19","link":"https:\/\/www.eldigitaldeasturias.com\/noticias\/gesab-pone-a-disposicion-de-las-instituciones-del-estado-un-centro-de-control-contra-el-covid-19\/"}],"_links":{"self":[{"href":"https:\/\/www.eldigitaldeasturias.com\/noticias\/wp-json\/wp\/v2\/posts\/1061174","targetHints":{"allow":["GET"]}}],"collection":[{"href":"https:\/\/www.eldigitaldeasturias.com\/noticias\/wp-json\/wp\/v2\/posts"}],"about":[{"href":"https:\/\/www.eldigitaldeasturias.com\/noticias\/wp-json\/wp\/v2\/types\/post"}],"author":[{"embeddable":true,"href":"https:\/\/www.eldigitaldeasturias.com\/noticias\/wp-json\/wp\/v2\/users\/1"}],"replies":[{"embeddable":true,"href":"https:\/\/www.eldigitaldeasturias.com\/noticias\/wp-json\/wp\/v2\/comments?post=1061174"}],"version-history":[{"count":0,"href":"https:\/\/www.eldigitaldeasturias.com\/noticias\/wp-json\/wp\/v2\/posts\/1061174\/revisions"}],"wp:featuredmedia":[{"embeddable":true,"href":"https:\/\/www.eldigitaldeasturias.com\/noticias\/wp-json\/wp\/v2\/media\/1061175"}],"wp:attachment":[{"href":"https:\/\/www.eldigitaldeasturias.com\/noticias\/wp-json\/wp\/v2\/media?parent=1061174"}],"wp:term":[{"taxonomy":"category","embeddable":true,"href":"https:\/\/www.eldigitaldeasturias.com\/noticias\/wp-json\/wp\/v2\/categories?post=1061174"},{"taxonomy":"post_tag","embeddable":true,"href":"https:\/\/www.eldigitaldeasturias.com\/noticias\/wp-json\/wp\/v2\/tags?post=1061174"}],"curies":[{"name":"wp","href":"https:\/\/api.w.org\/{rel}","templated":true}]}}