{"id":1061107,"date":"2020-03-18T01:59:43","date_gmt":"2020-03-18T01:59:43","guid":{"rendered":"https:\/\/www.eldigitaldeasturias.com\/noticias\/?p=1061107"},"modified":"2020-03-18T01:59:43","modified_gmt":"2020-03-18T01:59:43","slug":"daimler-detiene-gran-parte-de-su-produccion-por-coronavirus","status":"publish","type":"post","link":"https:\/\/www.eldigitaldeasturias.com\/noticias\/daimler-detiene-gran-parte-de-su-produccion-por-coronavirus\/","title":{"rendered":"Daimler detiene gran parte de su producci\u00f3n por coronavirus"},"content":{"rendered":"<figure id=\"attachment_1061108\" aria-describedby=\"caption-attachment-1061108\" style=\"width: 360px\" class=\"wp-caption alignleft\"><img loading=\"lazy\" decoding=\"async\" class=\"size-medium wp-image-1061108\" src=\"https:\/\/www.eldigitaldeasturias.com\/noticias\/wp-content\/uploads\/2020\/03\/Mercedes-Benz-dpa-360x217.jpg\" alt=\"\" width=\"360\" height=\"217\" srcset=\"https:\/\/www.eldigitaldeasturias.com\/noticias\/wp-content\/uploads\/2020\/03\/Mercedes-Benz-dpa-360x217.jpg 360w, https:\/\/www.eldigitaldeasturias.com\/noticias\/wp-content\/uploads\/2020\/03\/Mercedes-Benz-dpa-690x416.jpg 690w, https:\/\/www.eldigitaldeasturias.com\/noticias\/wp-content\/uploads\/2020\/03\/Mercedes-Benz-dpa-480x289.jpg 480w, https:\/\/www.eldigitaldeasturias.com\/noticias\/wp-content\/uploads\/2020\/03\/Mercedes-Benz-dpa-768x462.jpg 768w, https:\/\/www.eldigitaldeasturias.com\/noticias\/wp-content\/uploads\/2020\/03\/Mercedes-Benz-dpa-1024x617.jpg 1024w, https:\/\/www.eldigitaldeasturias.com\/noticias\/wp-content\/uploads\/2020\/03\/Mercedes-Benz-dpa.jpg 1096w\" sizes=\"auto, (max-width: 360px) 100vw, 360px\" \/><figcaption id=\"caption-attachment-1061108\" class=\"wp-caption-text\">Foto: Carmen Jaspersen\/dpa<\/figcaption><\/figure>\n<p>Stuttgart (Alemania), 17 mar (dpa) &#8211; El fabricante alem\u00e1n de autom\u00f3viles Daimler anunci\u00f3 hoy que detendr\u00e1 la mayor parte de su producci\u00f3n en Europa a partir de esta semana debido a la propagaci\u00f3n del coronavirus.<\/p>\n<p>Se suspender\u00e1 la \u00abmayor\u00eda de su producci\u00f3n en Europa, as\u00ed como el trabajo en departamentos administrativos seleccionados\u00bb, por un per\u00edodo inicial de dos semanas, seg\u00fan un comunicado de la compa\u00f1\u00eda. Se ver\u00e1n afectadas las plantas de autom\u00f3viles, furgonetas y veh\u00edculos comerciales de Daimler.<\/p>\n<p>\u00abLa extensi\u00f3n de esta medida depender\u00e1 del desarrollo futuro de la situaci\u00f3n\u00bb, indic\u00f3 la compa\u00f1\u00eda.<\/p>\n<p>\u00abCon estos cierres, Daimler contribuye a la protecci\u00f3n de su plantilla, a interrumpir las cadenas de infecci\u00f3n y a contener la propagaci\u00f3n de la pandemia\u00bb, a\u00f1adi\u00f3 la empresa. \u00abAl mismo tiempo, esto ayudar\u00e1 a la empresa a prepararse para un per\u00edodo de demanda temporalmente menor y a proteger su solidez financiera\u00bb.<\/p>\n","protected":false},"excerpt":{"rendered":"<p>Stuttgart (Alemania), 17 mar (dpa) &#8211; El fabricante alem\u00e1n de autom\u00f3viles Daimler anunci\u00f3 hoy que detendr\u00e1 la mayor parte de su producci\u00f3n en Europa a partir de esta semana debido a la propagaci\u00f3n del coronavirus. Se suspender\u00e1 la \u00abmayor\u00eda de su producci\u00f3n en Europa, as\u00ed como el trabajo en departamentos administrativos seleccionados\u00bb, por un per\u00edodo [&hellip;]<\/p>\n","protected":false},"author":1,"featured_media":1061108,"comment_status":"closed","ping_status":"closed","sticky":false,"template":"","format":"standard","meta":{"footnotes":""},"categories":[219],"tags":[],"class_list":["post-1061107","post","type-post","status-publish","format-standard","has-post-thumbnail","hentry","category-negocios-y-empresas"],"aioseo_notices":[],"aioseo_head":"\n\t\t<!-- All in One SEO Pro 4.9.6.2 - aioseo.com -->\n\t<meta name=\"description\" content=\"Stuttgart (Alemania), 17 mar (dpa) - El fabricante alem\u00e1n de autom\u00f3viles Daimler anunci\u00f3 hoy que detendr\u00e1 la mayor parte de su producci\u00f3n en Europa a partir de esta semana debido a la propagaci\u00f3n del coronavirus. Se suspender\u00e1 la &quot;mayor\u00eda de su producci\u00f3n en Europa, as\u00ed como el trabajo en departamentos administrativos seleccionados&quot;, por un per\u00edodo\" \/>\n\t<meta name=\"robots\" content=\"max-image-preview:large\" \/>\n\t<meta name=\"author\" content=\"El Digital de Asturias\"\/>\n\t<meta name=\"google-site-verification\" content=\"UA-38556648-1\" \/>\n\t<meta name=\"msvalidate.01\" content=\"7dfe9f3f1b24437ab69f4f2559babe99\" \/>\n\t<meta name=\"keywords\" content=\"negocios y empresas\" \/>\n\t<link rel=\"canonical\" href=\"https:\/\/www.eldigitaldeasturias.com\/noticias\/daimler-detiene-gran-parte-de-su-produccion-por-coronavirus\/\" \/>\n\t<meta name=\"generator\" content=\"All in One SEO Pro (AIOSEO) 4.9.6.2\" \/>\n\t\t<meta property=\"og:locale\" content=\"es_ES\" \/>\n\t\t<meta property=\"og:site_name\" content=\"El Digital de Asturias\" \/>\n\t\t<meta property=\"og:type\" content=\"article\" \/>\n\t\t<meta property=\"og:title\" content=\"Daimler detiene gran parte de su producci\u00f3n por coronavirus - El Digital de Asturias\" \/>\n\t\t<meta property=\"og:description\" content=\"Stuttgart (Alemania), 17 mar (dpa) - El fabricante alem\u00e1n de autom\u00f3viles Daimler anunci\u00f3 hoy que detendr\u00e1 la mayor parte de su producci\u00f3n en Europa a partir de esta semana debido a la propagaci\u00f3n del coronavirus. Se suspender\u00e1 la &quot;mayor\u00eda de su producci\u00f3n en Europa, as\u00ed como el trabajo en departamentos administrativos seleccionados&quot;, por un per\u00edodo\" \/>\n\t\t<meta property=\"og:url\" content=\"https:\/\/www.eldigitaldeasturias.com\/noticias\/daimler-detiene-gran-parte-de-su-produccion-por-coronavirus\/\" \/>\n\t\t<meta property=\"og:image\" content=\"https:\/\/www.eldigitaldeasturias.com\/noticias\/wp-content\/uploads\/2020\/03\/Mercedes-Benz-dpa.jpg\" \/>\n\t\t<meta property=\"og:image:secure_url\" content=\"https:\/\/www.eldigitaldeasturias.com\/noticias\/wp-content\/uploads\/2020\/03\/Mercedes-Benz-dpa.jpg\" \/>\n\t\t<meta property=\"og:image:width\" content=\"1096\" \/>\n\t\t<meta property=\"og:image:height\" content=\"660\" \/>\n\t\t<meta property=\"article:tag\" content=\"negocios y empresas\" \/>\n\t\t<meta property=\"article:published_time\" content=\"2020-03-18T01:59:43+00:00\" \/>\n\t\t<meta property=\"article:modified_time\" content=\"2020-03-18T01:59:43+00:00\" \/>\n\t\t<meta property=\"article:publisher\" content=\"https:\/\/facebook.com\/eldigitaldeasturias\" \/>\n\t\t<meta name=\"twitter:card\" content=\"summary_large_image\" \/>\n\t\t<meta name=\"twitter:title\" content=\"Daimler detiene gran parte de su producci\u00f3n por coronavirus - El Digital de Asturias\" \/>\n\t\t<meta name=\"twitter:description\" content=\"Stuttgart (Alemania), 17 mar (dpa) - El fabricante alem\u00e1n de autom\u00f3viles Daimler anunci\u00f3 hoy que detendr\u00e1 la mayor parte de su producci\u00f3n en Europa a partir de esta semana debido a la propagaci\u00f3n del coronavirus. Se suspender\u00e1 la &quot;mayor\u00eda de su producci\u00f3n en Europa, as\u00ed como el trabajo en departamentos administrativos seleccionados&quot;, por un per\u00edodo\" \/>\n\t\t<meta name=\"twitter:image\" content=\"https:\/\/www.eldigitaldeasturias.com\/noticias\/wp-content\/uploads\/2020\/03\/Mercedes-Benz-dpa.jpg\" \/>\n\t\t<meta name=\"twitter:label1\" content=\"Escrito por\" \/>\n\t\t<meta name=\"twitter:data1\" content=\"El Digital de Asturias\" \/>\n\t\t<meta name=\"twitter:label2\" content=\"Tiempo de lectura estimado\" \/>\n\t\t<meta name=\"twitter:data2\" content=\"1 minuto\" \/>\n\t\t<script type=\"application\/ld+json\" class=\"aioseo-schema\">\n\t\t\t{\"@context\":\"https:\\\/\\\/schema.org\",\"@graph\":[{\"@type\":\"BlogPosting\",\"@id\":\"https:\\\/\\\/www.eldigitaldeasturias.com\\\/noticias\\\/daimler-detiene-gran-parte-de-su-produccion-por-coronavirus\\\/#blogposting\",\"name\":\"Daimler detiene gran parte de su producci\\u00f3n por coronavirus - El Digital de Asturias\",\"headline\":\"Daimler detiene gran parte de su producci\\u00f3n por coronavirus\",\"author\":{\"@id\":\"https:\\\/\\\/www.eldigitaldeasturias.com\\\/noticias\\\/author\\\/admin\\\/#author\"},\"publisher\":{\"@id\":\"https:\\\/\\\/www.eldigitaldeasturias.com\\\/noticias\\\/#organization\"},\"image\":{\"@type\":\"ImageObject\",\"url\":\"https:\\\/\\\/www.eldigitaldeasturias.com\\\/noticias\\\/wp-content\\\/uploads\\\/2020\\\/03\\\/Mercedes-Benz-dpa.jpg\",\"width\":1096,\"height\":660,\"caption\":\"Foto: Carmen Jaspersen\\\/dpa\"},\"datePublished\":\"2020-03-18T01:59:43+01:00\",\"dateModified\":\"2020-03-18T01:59:43+01:00\",\"inLanguage\":\"es-ES\",\"mainEntityOfPage\":{\"@id\":\"https:\\\/\\\/www.eldigitaldeasturias.com\\\/noticias\\\/daimler-detiene-gran-parte-de-su-produccion-por-coronavirus\\\/#webpage\"},\"isPartOf\":{\"@id\":\"https:\\\/\\\/www.eldigitaldeasturias.com\\\/noticias\\\/daimler-detiene-gran-parte-de-su-produccion-por-coronavirus\\\/#webpage\"},\"articleSection\":\"Negocios y Empresas\"},{\"@type\":\"BreadcrumbList\",\"@id\":\"https:\\\/\\\/www.eldigitaldeasturias.com\\\/noticias\\\/daimler-detiene-gran-parte-de-su-produccion-por-coronavirus\\\/#breadcrumblist\",\"itemListElement\":[{\"@type\":\"ListItem\",\"@id\":\"https:\\\/\\\/www.eldigitaldeasturias.com\\\/noticias#listItem\",\"position\":1,\"name\":\"Home\",\"item\":\"https:\\\/\\\/www.eldigitaldeasturias.com\\\/noticias\",\"nextItem\":{\"@type\":\"ListItem\",\"@id\":\"https:\\\/\\\/www.eldigitaldeasturias.com\\\/noticias\\\/category\\\/negocios-y-empresas\\\/#listItem\",\"name\":\"Negocios y Empresas\"}},{\"@type\":\"ListItem\",\"@id\":\"https:\\\/\\\/www.eldigitaldeasturias.com\\\/noticias\\\/category\\\/negocios-y-empresas\\\/#listItem\",\"position\":2,\"name\":\"Negocios y Empresas\",\"item\":\"https:\\\/\\\/www.eldigitaldeasturias.com\\\/noticias\\\/category\\\/negocios-y-empresas\\\/\",\"nextItem\":{\"@type\":\"ListItem\",\"@id\":\"https:\\\/\\\/www.eldigitaldeasturias.com\\\/noticias\\\/daimler-detiene-gran-parte-de-su-produccion-por-coronavirus\\\/#listItem\",\"name\":\"Daimler detiene gran parte de su producci\\u00f3n por coronavirus\"},\"previousItem\":{\"@type\":\"ListItem\",\"@id\":\"https:\\\/\\\/www.eldigitaldeasturias.com\\\/noticias#listItem\",\"name\":\"Home\"}},{\"@type\":\"ListItem\",\"@id\":\"https:\\\/\\\/www.eldigitaldeasturias.com\\\/noticias\\\/daimler-detiene-gran-parte-de-su-produccion-por-coronavirus\\\/#listItem\",\"position\":3,\"name\":\"Daimler detiene gran parte de su producci\\u00f3n por coronavirus\",\"previousItem\":{\"@type\":\"ListItem\",\"@id\":\"https:\\\/\\\/www.eldigitaldeasturias.com\\\/noticias\\\/category\\\/negocios-y-empresas\\\/#listItem\",\"name\":\"Negocios y Empresas\"}}]},{\"@type\":\"Organization\",\"@id\":\"https:\\\/\\\/www.eldigitaldeasturias.com\\\/noticias\\\/#organization\",\"name\":\"El Digital de Asturias\",\"description\":\"Hemeroteca\",\"url\":\"https:\\\/\\\/www.eldigitaldeasturias.com\\\/noticias\\\/\",\"email\":\"info@eldigitaldeasturias.com\",\"telephone\":\"+34652131393\",\"logo\":{\"@type\":\"ImageObject\",\"url\":\"https:\\\/\\\/www.eldigitaldeasturias.com\\\/noticias\\\/wp-content\\\/uploads\\\/2020\\\/12\\\/EDA.jpg\",\"@id\":\"https:\\\/\\\/www.eldigitaldeasturias.com\\\/noticias\\\/daimler-detiene-gran-parte-de-su-produccion-por-coronavirus\\\/#organizationLogo\",\"width\":649,\"height\":297},\"image\":{\"@id\":\"https:\\\/\\\/www.eldigitaldeasturias.com\\\/noticias\\\/daimler-detiene-gran-parte-de-su-produccion-por-coronavirus\\\/#organizationLogo\"},\"sameAs\":[\"https:\\\/\\\/facebook.com\\\/eldigitaldeasturias\",\"https:\\\/\\\/www.youtube.com\\\/channel\\\/UCZP-2wLEB9Rv6erhFmqVnvg\"],\"address\":{\"@id\":\"https:\\\/\\\/www.eldigitaldeasturias.com\\\/noticias\\\/#postaladdress\",\"@type\":\"PostalAddress\",\"streetAddress\":\"san antonio 4,\",\"postalCode\":\"33430\",\"addressLocality\":\"Cand\\u00e1s\",\"addressRegion\":\"Asturias\",\"addressCountry\":\"ES\"}},{\"@type\":\"Person\",\"@id\":\"https:\\\/\\\/www.eldigitaldeasturias.com\\\/noticias\\\/author\\\/admin\\\/#author\",\"url\":\"https:\\\/\\\/www.eldigitaldeasturias.com\\\/noticias\\\/author\\\/admin\\\/\",\"name\":\"El Digital de Asturias\",\"image\":{\"@type\":\"ImageObject\",\"@id\":\"https:\\\/\\\/www.eldigitaldeasturias.com\\\/noticias\\\/daimler-detiene-gran-parte-de-su-produccion-por-coronavirus\\\/#authorImage\",\"url\":\"https:\\\/\\\/www.eldigitaldeasturias.com\\\/noticias\\\/wp-content\\\/litespeed\\\/avatar\\\/18677e78aa0546b92d9dbf31ec7d7668.jpg?ver=1777290358\",\"width\":96,\"height\":96,\"caption\":\"El Digital de Asturias\"}},{\"@type\":\"WebPage\",\"@id\":\"https:\\\/\\\/www.eldigitaldeasturias.com\\\/noticias\\\/daimler-detiene-gran-parte-de-su-produccion-por-coronavirus\\\/#webpage\",\"url\":\"https:\\\/\\\/www.eldigitaldeasturias.com\\\/noticias\\\/daimler-detiene-gran-parte-de-su-produccion-por-coronavirus\\\/\",\"name\":\"Daimler detiene gran parte de su producci\\u00f3n por coronavirus - El Digital de Asturias\",\"description\":\"Stuttgart (Alemania), 17 mar (dpa) - El fabricante alem\\u00e1n de autom\\u00f3viles Daimler anunci\\u00f3 hoy que detendr\\u00e1 la mayor parte de su producci\\u00f3n en Europa a partir de esta semana debido a la propagaci\\u00f3n del coronavirus. Se suspender\\u00e1 la \\\"mayor\\u00eda de su producci\\u00f3n en Europa, as\\u00ed como el trabajo en departamentos administrativos seleccionados\\\", por un per\\u00edodo\",\"inLanguage\":\"es-ES\",\"isPartOf\":{\"@id\":\"https:\\\/\\\/www.eldigitaldeasturias.com\\\/noticias\\\/#website\"},\"breadcrumb\":{\"@id\":\"https:\\\/\\\/www.eldigitaldeasturias.com\\\/noticias\\\/daimler-detiene-gran-parte-de-su-produccion-por-coronavirus\\\/#breadcrumblist\"},\"author\":{\"@id\":\"https:\\\/\\\/www.eldigitaldeasturias.com\\\/noticias\\\/author\\\/admin\\\/#author\"},\"creator\":{\"@id\":\"https:\\\/\\\/www.eldigitaldeasturias.com\\\/noticias\\\/author\\\/admin\\\/#author\"},\"image\":{\"@type\":\"ImageObject\",\"url\":\"https:\\\/\\\/www.eldigitaldeasturias.com\\\/noticias\\\/wp-content\\\/uploads\\\/2020\\\/03\\\/Mercedes-Benz-dpa.jpg\",\"@id\":\"https:\\\/\\\/www.eldigitaldeasturias.com\\\/noticias\\\/daimler-detiene-gran-parte-de-su-produccion-por-coronavirus\\\/#mainImage\",\"width\":1096,\"height\":660,\"caption\":\"Foto: Carmen Jaspersen\\\/dpa\"},\"primaryImageOfPage\":{\"@id\":\"https:\\\/\\\/www.eldigitaldeasturias.com\\\/noticias\\\/daimler-detiene-gran-parte-de-su-produccion-por-coronavirus\\\/#mainImage\"},\"datePublished\":\"2020-03-18T01:59:43+01:00\",\"dateModified\":\"2020-03-18T01:59:43+01:00\"},{\"@type\":\"WebSite\",\"@id\":\"https:\\\/\\\/www.eldigitaldeasturias.com\\\/noticias\\\/#website\",\"url\":\"https:\\\/\\\/www.eldigitaldeasturias.com\\\/noticias\\\/\",\"name\":\"El Digital de Asturias - Diario de actualidad y noticias\",\"alternateName\":\"El Digital de Asturias - Diario de actualidad y noticias\",\"description\":\"Hemeroteca\",\"inLanguage\":\"es-ES\",\"publisher\":{\"@id\":\"https:\\\/\\\/www.eldigitaldeasturias.com\\\/noticias\\\/#organization\"}}]}\n\t\t<\/script>\n\t\t<!-- All in One SEO Pro -->\r\n\t\t<title>Daimler detiene gran parte de su producci\u00f3n por coronavirus - El Digital de Asturias<\/title>\n\n","aioseo_head_json":{"title":"Daimler detiene gran parte de su producci\u00f3n por coronavirus - El Digital de Asturias","description":"Stuttgart (Alemania), 17 mar (dpa) - El fabricante alem\u00e1n de autom\u00f3viles Daimler anunci\u00f3 hoy que detendr\u00e1 la mayor parte de su producci\u00f3n en Europa a partir de esta semana debido a la propagaci\u00f3n del coronavirus. Se suspender\u00e1 la \"mayor\u00eda de su producci\u00f3n en Europa, as\u00ed como el trabajo en departamentos administrativos seleccionados\", por un per\u00edodo","canonical_url":"https:\/\/www.eldigitaldeasturias.com\/noticias\/daimler-detiene-gran-parte-de-su-produccion-por-coronavirus\/","robots":"max-image-preview:large","keywords":"negocios y empresas","webmasterTools":{"google-site-verification":"UA-38556648-1","msvalidate.01":"7dfe9f3f1b24437ab69f4f2559babe99","miscellaneous":""},"schema":{"@context":"https:\/\/schema.org","@graph":[{"@type":"BlogPosting","@id":"https:\/\/www.eldigitaldeasturias.com\/noticias\/daimler-detiene-gran-parte-de-su-produccion-por-coronavirus\/#blogposting","name":"Daimler detiene gran parte de su producci\u00f3n por coronavirus - El Digital de Asturias","headline":"Daimler detiene gran parte de su producci\u00f3n por coronavirus","author":{"@id":"https:\/\/www.eldigitaldeasturias.com\/noticias\/author\/admin\/#author"},"publisher":{"@id":"https:\/\/www.eldigitaldeasturias.com\/noticias\/#organization"},"image":{"@type":"ImageObject","url":"https:\/\/www.eldigitaldeasturias.com\/noticias\/wp-content\/uploads\/2020\/03\/Mercedes-Benz-dpa.jpg","width":1096,"height":660,"caption":"Foto: Carmen Jaspersen\/dpa"},"datePublished":"2020-03-18T01:59:43+01:00","dateModified":"2020-03-18T01:59:43+01:00","inLanguage":"es-ES","mainEntityOfPage":{"@id":"https:\/\/www.eldigitaldeasturias.com\/noticias\/daimler-detiene-gran-parte-de-su-produccion-por-coronavirus\/#webpage"},"isPartOf":{"@id":"https:\/\/www.eldigitaldeasturias.com\/noticias\/daimler-detiene-gran-parte-de-su-produccion-por-coronavirus\/#webpage"},"articleSection":"Negocios y Empresas"},{"@type":"BreadcrumbList","@id":"https:\/\/www.eldigitaldeasturias.com\/noticias\/daimler-detiene-gran-parte-de-su-produccion-por-coronavirus\/#breadcrumblist","itemListElement":[{"@type":"ListItem","@id":"https:\/\/www.eldigitaldeasturias.com\/noticias#listItem","position":1,"name":"Home","item":"https:\/\/www.eldigitaldeasturias.com\/noticias","nextItem":{"@type":"ListItem","@id":"https:\/\/www.eldigitaldeasturias.com\/noticias\/category\/negocios-y-empresas\/#listItem","name":"Negocios y Empresas"}},{"@type":"ListItem","@id":"https:\/\/www.eldigitaldeasturias.com\/noticias\/category\/negocios-y-empresas\/#listItem","position":2,"name":"Negocios y Empresas","item":"https:\/\/www.eldigitaldeasturias.com\/noticias\/category\/negocios-y-empresas\/","nextItem":{"@type":"ListItem","@id":"https:\/\/www.eldigitaldeasturias.com\/noticias\/daimler-detiene-gran-parte-de-su-produccion-por-coronavirus\/#listItem","name":"Daimler detiene gran parte de su producci\u00f3n por coronavirus"},"previousItem":{"@type":"ListItem","@id":"https:\/\/www.eldigitaldeasturias.com\/noticias#listItem","name":"Home"}},{"@type":"ListItem","@id":"https:\/\/www.eldigitaldeasturias.com\/noticias\/daimler-detiene-gran-parte-de-su-produccion-por-coronavirus\/#listItem","position":3,"name":"Daimler detiene gran parte de su producci\u00f3n por coronavirus","previousItem":{"@type":"ListItem","@id":"https:\/\/www.eldigitaldeasturias.com\/noticias\/category\/negocios-y-empresas\/#listItem","name":"Negocios y Empresas"}}]},{"@type":"Organization","@id":"https:\/\/www.eldigitaldeasturias.com\/noticias\/#organization","name":"El Digital de Asturias","description":"Hemeroteca","url":"https:\/\/www.eldigitaldeasturias.com\/noticias\/","email":"info@eldigitaldeasturias.com","telephone":"+34652131393","logo":{"@type":"ImageObject","url":"https:\/\/www.eldigitaldeasturias.com\/noticias\/wp-content\/uploads\/2020\/12\/EDA.jpg","@id":"https:\/\/www.eldigitaldeasturias.com\/noticias\/daimler-detiene-gran-parte-de-su-produccion-por-coronavirus\/#organizationLogo","width":649,"height":297},"image":{"@id":"https:\/\/www.eldigitaldeasturias.com\/noticias\/daimler-detiene-gran-parte-de-su-produccion-por-coronavirus\/#organizationLogo"},"sameAs":["https:\/\/facebook.com\/eldigitaldeasturias","https:\/\/www.youtube.com\/channel\/UCZP-2wLEB9Rv6erhFmqVnvg"],"address":{"@id":"https:\/\/www.eldigitaldeasturias.com\/noticias\/#postaladdress","@type":"PostalAddress","streetAddress":"san antonio 4,","postalCode":"33430","addressLocality":"Cand\u00e1s","addressRegion":"Asturias","addressCountry":"ES"}},{"@type":"Person","@id":"https:\/\/www.eldigitaldeasturias.com\/noticias\/author\/admin\/#author","url":"https:\/\/www.eldigitaldeasturias.com\/noticias\/author\/admin\/","name":"El Digital de Asturias","image":{"@type":"ImageObject","@id":"https:\/\/www.eldigitaldeasturias.com\/noticias\/daimler-detiene-gran-parte-de-su-produccion-por-coronavirus\/#authorImage","url":"https:\/\/www.eldigitaldeasturias.com\/noticias\/wp-content\/litespeed\/avatar\/18677e78aa0546b92d9dbf31ec7d7668.jpg?ver=1777290358","width":96,"height":96,"caption":"El Digital de Asturias"}},{"@type":"WebPage","@id":"https:\/\/www.eldigitaldeasturias.com\/noticias\/daimler-detiene-gran-parte-de-su-produccion-por-coronavirus\/#webpage","url":"https:\/\/www.eldigitaldeasturias.com\/noticias\/daimler-detiene-gran-parte-de-su-produccion-por-coronavirus\/","name":"Daimler detiene gran parte de su producci\u00f3n por coronavirus - El Digital de Asturias","description":"Stuttgart (Alemania), 17 mar (dpa) - El fabricante alem\u00e1n de autom\u00f3viles Daimler anunci\u00f3 hoy que detendr\u00e1 la mayor parte de su producci\u00f3n en Europa a partir de esta semana debido a la propagaci\u00f3n del coronavirus. Se suspender\u00e1 la \"mayor\u00eda de su producci\u00f3n en Europa, as\u00ed como el trabajo en departamentos administrativos seleccionados\", por un per\u00edodo","inLanguage":"es-ES","isPartOf":{"@id":"https:\/\/www.eldigitaldeasturias.com\/noticias\/#website"},"breadcrumb":{"@id":"https:\/\/www.eldigitaldeasturias.com\/noticias\/daimler-detiene-gran-parte-de-su-produccion-por-coronavirus\/#breadcrumblist"},"author":{"@id":"https:\/\/www.eldigitaldeasturias.com\/noticias\/author\/admin\/#author"},"creator":{"@id":"https:\/\/www.eldigitaldeasturias.com\/noticias\/author\/admin\/#author"},"image":{"@type":"ImageObject","url":"https:\/\/www.eldigitaldeasturias.com\/noticias\/wp-content\/uploads\/2020\/03\/Mercedes-Benz-dpa.jpg","@id":"https:\/\/www.eldigitaldeasturias.com\/noticias\/daimler-detiene-gran-parte-de-su-produccion-por-coronavirus\/#mainImage","width":1096,"height":660,"caption":"Foto: Carmen Jaspersen\/dpa"},"primaryImageOfPage":{"@id":"https:\/\/www.eldigitaldeasturias.com\/noticias\/daimler-detiene-gran-parte-de-su-produccion-por-coronavirus\/#mainImage"},"datePublished":"2020-03-18T01:59:43+01:00","dateModified":"2020-03-18T01:59:43+01:00"},{"@type":"WebSite","@id":"https:\/\/www.eldigitaldeasturias.com\/noticias\/#website","url":"https:\/\/www.eldigitaldeasturias.com\/noticias\/","name":"El Digital de Asturias - Diario de actualidad y noticias","alternateName":"El Digital de Asturias - Diario de actualidad y noticias","description":"Hemeroteca","inLanguage":"es-ES","publisher":{"@id":"https:\/\/www.eldigitaldeasturias.com\/noticias\/#organization"}}]},"og:locale":"es_ES","og:site_name":"El Digital de Asturias","og:type":"article","og:title":"Daimler detiene gran parte de su producci\u00f3n por coronavirus - El Digital de Asturias","og:description":"Stuttgart (Alemania), 17 mar (dpa) - El fabricante alem\u00e1n de autom\u00f3viles Daimler anunci\u00f3 hoy que detendr\u00e1 la mayor parte de su producci\u00f3n en Europa a partir de esta semana debido a la propagaci\u00f3n del coronavirus. Se suspender\u00e1 la &quot;mayor\u00eda de su producci\u00f3n en Europa, as\u00ed como el trabajo en departamentos administrativos seleccionados&quot;, por un per\u00edodo","og:url":"https:\/\/www.eldigitaldeasturias.com\/noticias\/daimler-detiene-gran-parte-de-su-produccion-por-coronavirus\/","og:image":"https:\/\/www.eldigitaldeasturias.com\/noticias\/wp-content\/uploads\/2020\/03\/Mercedes-Benz-dpa.jpg","og:image:secure_url":"https:\/\/www.eldigitaldeasturias.com\/noticias\/wp-content\/uploads\/2020\/03\/Mercedes-Benz-dpa.jpg","og:image:width":1096,"og:image:height":660,"article:tag":["negocios y empresas"],"article:published_time":"2020-03-18T01:59:43+00:00","article:modified_time":"2020-03-18T01:59:43+00:00","article:publisher":"https:\/\/facebook.com\/eldigitaldeasturias","twitter:card":"summary_large_image","twitter:title":"Daimler detiene gran parte de su producci\u00f3n por coronavirus - El Digital de Asturias","twitter:description":"Stuttgart (Alemania), 17 mar (dpa) - El fabricante alem\u00e1n de autom\u00f3viles Daimler anunci\u00f3 hoy que detendr\u00e1 la mayor parte de su producci\u00f3n en Europa a partir de esta semana debido a la propagaci\u00f3n del coronavirus. Se suspender\u00e1 la &quot;mayor\u00eda de su producci\u00f3n en Europa, as\u00ed como el trabajo en departamentos administrativos seleccionados&quot;, por un per\u00edodo","twitter:image":"https:\/\/www.eldigitaldeasturias.com\/noticias\/wp-content\/uploads\/2020\/03\/Mercedes-Benz-dpa.jpg","twitter:label1":"Escrito por","twitter:data1":"El Digital de Asturias","twitter:label2":"Tiempo de lectura estimado","twitter:data2":"1 minuto"},"aioseo_meta_data":{"post_id":"1061107","title":null,"description":null,"keywords":null,"keyphrases":null,"primary_term":null,"canonical_url":null,"og_title":null,"og_description":null,"og_object_type":"default","og_image_type":"default","og_image_url":null,"og_image_width":null,"og_image_height":null,"og_image_custom_url":null,"og_image_custom_fields":null,"og_video":null,"og_custom_url":null,"og_article_section":null,"og_article_tags":null,"twitter_use_og":false,"twitter_card":"default","twitter_image_type":"default","twitter_image_url":null,"twitter_image_custom_url":null,"twitter_image_custom_fields":null,"twitter_title":null,"twitter_description":null,"schema":{"blockGraphs":[],"customGraphs":[],"default":{"data":{"Article":[],"Course":[],"Dataset":[],"FAQPage":[],"Movie":[],"Person":[],"Product":[],"ProductReview":[],"Car":[],"Recipe":[],"Service":[],"SoftwareApplication":[],"WebPage":[]},"graphName":"","isEnabled":true},"graphs":[],"defaultGraph":"","defaultPostTypeGraph":""},"schema_type":null,"schema_type_options":null,"pillar_content":false,"robots_default":true,"robots_noindex":false,"robots_noarchive":false,"robots_nosnippet":false,"robots_nofollow":false,"robots_noimageindex":false,"robots_noodp":false,"robots_notranslate":false,"robots_max_snippet":null,"robots_max_videopreview":null,"robots_max_imagepreview":"large","priority":null,"frequency":null,"local_seo":null,"seo_analyzer_scan_date":"2025-10-31 14:25:05","breadcrumb_settings":null,"limit_modified_date":false,"open_ai":null,"ai":null,"created":"2020-12-21 10:53:39","updated":"2025-10-31 14:25:05"},"aioseo_breadcrumb":"<div class=\"aioseo-breadcrumbs\"><span class=\"aioseo-breadcrumb\">\n\t<a href=\"https:\/\/www.eldigitaldeasturias.com\/noticias\" title=\"Home\">Home<\/a>\n<\/span><span class=\"aioseo-breadcrumb-separator\">\u2013<\/span><span class=\"aioseo-breadcrumb\">\n\t<a href=\"https:\/\/www.eldigitaldeasturias.com\/noticias\/category\/negocios-y-empresas\/\" title=\"Negocios y Empresas\">Negocios y Empresas<\/a>\n<\/span><span class=\"aioseo-breadcrumb-separator\">\u2013<\/span><span class=\"aioseo-breadcrumb\">\n\t<a href=\"https:\/\/www.eldigitaldeasturias.com\/noticias\/daimler-detiene-gran-parte-de-su-produccion-por-coronavirus\/\" title=\"Daimler detiene gran parte de su producci\u00f3n por coronavirus\">Daimler detiene gran parte de su producci\u00f3n por coronavirus<\/a>\n<\/span><\/div>","aioseo_breadcrumb_json":[{"label":"Home","link":"https:\/\/www.eldigitaldeasturias.com\/noticias"},{"label":"Negocios y Empresas","link":"https:\/\/www.eldigitaldeasturias.com\/noticias\/category\/negocios-y-empresas\/"},{"label":"Daimler detiene gran parte de su producci\u00f3n por coronavirus","link":"https:\/\/www.eldigitaldeasturias.com\/noticias\/daimler-detiene-gran-parte-de-su-produccion-por-coronavirus\/"}],"_links":{"self":[{"href":"https:\/\/www.eldigitaldeasturias.com\/noticias\/wp-json\/wp\/v2\/posts\/1061107","targetHints":{"allow":["GET"]}}],"collection":[{"href":"https:\/\/www.eldigitaldeasturias.com\/noticias\/wp-json\/wp\/v2\/posts"}],"about":[{"href":"https:\/\/www.eldigitaldeasturias.com\/noticias\/wp-json\/wp\/v2\/types\/post"}],"author":[{"embeddable":true,"href":"https:\/\/www.eldigitaldeasturias.com\/noticias\/wp-json\/wp\/v2\/users\/1"}],"replies":[{"embeddable":true,"href":"https:\/\/www.eldigitaldeasturias.com\/noticias\/wp-json\/wp\/v2\/comments?post=1061107"}],"version-history":[{"count":0,"href":"https:\/\/www.eldigitaldeasturias.com\/noticias\/wp-json\/wp\/v2\/posts\/1061107\/revisions"}],"wp:featuredmedia":[{"embeddable":true,"href":"https:\/\/www.eldigitaldeasturias.com\/noticias\/wp-json\/wp\/v2\/media\/1061108"}],"wp:attachment":[{"href":"https:\/\/www.eldigitaldeasturias.com\/noticias\/wp-json\/wp\/v2\/media?parent=1061107"}],"wp:term":[{"taxonomy":"category","embeddable":true,"href":"https:\/\/www.eldigitaldeasturias.com\/noticias\/wp-json\/wp\/v2\/categories?post=1061107"},{"taxonomy":"post_tag","embeddable":true,"href":"https:\/\/www.eldigitaldeasturias.com\/noticias\/wp-json\/wp\/v2\/tags?post=1061107"}],"curies":[{"name":"wp","href":"https:\/\/api.w.org\/{rel}","templated":true}]}}