{"id":1061105,"date":"2020-03-18T01:57:15","date_gmt":"2020-03-18T01:57:15","guid":{"rendered":"https:\/\/www.eldigitaldeasturias.com\/noticias\/?p=1061105"},"modified":"2020-03-18T01:57:15","modified_gmt":"2020-03-18T01:57:15","slug":"audi-cierra-sus-plantas-en-alemania-y-otros-paises-por-coronavirus","status":"publish","type":"post","link":"https:\/\/www.eldigitaldeasturias.com\/noticias\/audi-cierra-sus-plantas-en-alemania-y-otros-paises-por-coronavirus\/","title":{"rendered":"Audi cierra sus plantas en Alemania y otros pa\u00edses por coronavirus"},"content":{"rendered":"<p><img loading=\"lazy\" decoding=\"async\" class=\"alignleft size-medium wp-image-1008086\" src=\"https:\/\/www.eldigitaldeasturias.com\/noticias\/wp-content\/uploads\/2018\/11\/traffic-332857_960_720-360x240.jpg\" alt=\"\" width=\"360\" height=\"240\" srcset=\"https:\/\/www.eldigitaldeasturias.com\/noticias\/wp-content\/uploads\/2018\/11\/traffic-332857_960_720-360x240.jpg 360w, https:\/\/www.eldigitaldeasturias.com\/noticias\/wp-content\/uploads\/2018\/11\/traffic-332857_960_720-768x512.jpg 768w, https:\/\/www.eldigitaldeasturias.com\/noticias\/wp-content\/uploads\/2018\/11\/traffic-332857_960_720-650x433.jpg 650w, https:\/\/www.eldigitaldeasturias.com\/noticias\/wp-content\/uploads\/2018\/11\/traffic-332857_960_720.jpg 960w\" sizes=\"auto, (max-width: 360px) 100vw, 360px\" \/>Ingolstadt\/Neckarsulm (Alemania), 17 mar (dpa) \u2013 El fabricante alem\u00e1n Audi, perteneciente al grupo de la automotriz germana Volkswagen, cerrar\u00e1 gradualmente hasta finales de esta semana sus plantas en las ciudades alemanas Ingolstadt y Neckarsulm, as\u00ed como en B\u00e9lgica, M\u00e9xico y Hungr\u00eda, seg\u00fan anunci\u00f3 hoy el fabricante.<\/p>\n<p>Seg\u00fan el anuncio, \u00abhabr\u00e1 interrupciones de la producci\u00f3n en la mayor\u00eda de las plantas del Grupo Volkswagen\u00bb, en vista del marcado deterioro de las ventas y la emergente incertidumbre del suministro de piezas.<\/p>\n<p>\u201cLa situaci\u00f3n actual nos obliga a tomar las medidas anunciadas y seguir\u00e1 exigiendo muchas flexibilidad y solidaridad por nuestra parte\u201d, dijo Peter K\u00f6ssler, miembro del consejo de producci\u00f3n y log\u00edstica.<\/p>\n<p>K\u00f6ssler inform\u00f3 que la producci\u00f3n en las plantas anunciadas cesar\u00e1 a partir del pr\u00f3ximo lunes a causa de la propagaci\u00f3n del coronavirus por Europa y otras partes del mundo. Esta medida fue acordada entre el comit\u00e9 de empresa y el Grupo Volkswagen.<\/p>\n<p>Alrededor de 60.000 personas trabajan en las f\u00e1bricas alemanas de Audi.<\/p>\n","protected":false},"excerpt":{"rendered":"<p>Ingolstadt\/Neckarsulm (Alemania), 17 mar (dpa) \u2013 El fabricante alem\u00e1n Audi, perteneciente al grupo de la automotriz germana Volkswagen, cerrar\u00e1 gradualmente hasta finales de esta semana sus plantas en las ciudades alemanas Ingolstadt y Neckarsulm, as\u00ed como en B\u00e9lgica, M\u00e9xico y Hungr\u00eda, seg\u00fan anunci\u00f3 hoy el fabricante. Seg\u00fan el anuncio, \u00abhabr\u00e1 interrupciones de la producci\u00f3n en [&hellip;]<\/p>\n","protected":false},"author":1,"featured_media":1008086,"comment_status":"closed","ping_status":"closed","sticky":false,"template":"","format":"standard","meta":{"footnotes":""},"categories":[219],"tags":[],"class_list":["post-1061105","post","type-post","status-publish","format-standard","has-post-thumbnail","hentry","category-negocios-y-empresas"],"aioseo_notices":[],"aioseo_head":"\n\t\t<!-- All in One SEO Pro 4.9.6.2 - aioseo.com -->\n\t<meta name=\"description\" content=\"Ingolstadt\/Neckarsulm (Alemania), 17 mar (dpa) \u2013 El fabricante alem\u00e1n Audi, perteneciente al grupo de la automotriz germana Volkswagen, cerrar\u00e1 gradualmente hasta finales de esta semana sus plantas en las ciudades alemanas Ingolstadt y Neckarsulm, as\u00ed como en B\u00e9lgica, M\u00e9xico y Hungr\u00eda, seg\u00fan anunci\u00f3 hoy el fabricante. Seg\u00fan el anuncio, &quot;habr\u00e1 interrupciones de la producci\u00f3n en\" \/>\n\t<meta name=\"robots\" content=\"max-image-preview:large\" \/>\n\t<meta name=\"author\" content=\"El Digital de Asturias\"\/>\n\t<meta name=\"google-site-verification\" content=\"UA-38556648-1\" \/>\n\t<meta name=\"msvalidate.01\" content=\"7dfe9f3f1b24437ab69f4f2559babe99\" \/>\n\t<meta name=\"keywords\" content=\"negocios y empresas\" \/>\n\t<link rel=\"canonical\" href=\"https:\/\/www.eldigitaldeasturias.com\/noticias\/audi-cierra-sus-plantas-en-alemania-y-otros-paises-por-coronavirus\/\" \/>\n\t<meta name=\"generator\" content=\"All in One SEO Pro (AIOSEO) 4.9.6.2\" \/>\n\t\t<meta property=\"og:locale\" content=\"es_ES\" \/>\n\t\t<meta property=\"og:site_name\" content=\"El Digital de Asturias\" \/>\n\t\t<meta property=\"og:type\" content=\"article\" \/>\n\t\t<meta property=\"og:title\" content=\"Audi cierra sus plantas en Alemania y otros pa\u00edses por coronavirus - El Digital de Asturias\" \/>\n\t\t<meta property=\"og:description\" content=\"Ingolstadt\/Neckarsulm (Alemania), 17 mar (dpa) \u2013 El fabricante alem\u00e1n Audi, perteneciente al grupo de la automotriz germana Volkswagen, cerrar\u00e1 gradualmente hasta finales de esta semana sus plantas en las ciudades alemanas Ingolstadt y Neckarsulm, as\u00ed como en B\u00e9lgica, M\u00e9xico y Hungr\u00eda, seg\u00fan anunci\u00f3 hoy el fabricante. Seg\u00fan el anuncio, &quot;habr\u00e1 interrupciones de la producci\u00f3n en\" \/>\n\t\t<meta property=\"og:url\" content=\"https:\/\/www.eldigitaldeasturias.com\/noticias\/audi-cierra-sus-plantas-en-alemania-y-otros-paises-por-coronavirus\/\" \/>\n\t\t<meta property=\"og:image\" content=\"https:\/\/www.eldigitaldeasturias.com\/noticias\/wp-content\/uploads\/2018\/11\/traffic-332857_960_720.jpg\" \/>\n\t\t<meta property=\"og:image:secure_url\" content=\"https:\/\/www.eldigitaldeasturias.com\/noticias\/wp-content\/uploads\/2018\/11\/traffic-332857_960_720.jpg\" \/>\n\t\t<meta property=\"og:image:width\" content=\"960\" \/>\n\t\t<meta property=\"og:image:height\" content=\"640\" \/>\n\t\t<meta property=\"article:tag\" content=\"negocios y empresas\" \/>\n\t\t<meta property=\"article:published_time\" content=\"2020-03-18T01:57:15+00:00\" \/>\n\t\t<meta property=\"article:modified_time\" content=\"2020-03-18T01:57:15+00:00\" \/>\n\t\t<meta property=\"article:publisher\" content=\"https:\/\/facebook.com\/eldigitaldeasturias\" \/>\n\t\t<meta name=\"twitter:card\" content=\"summary_large_image\" \/>\n\t\t<meta name=\"twitter:title\" content=\"Audi cierra sus plantas en Alemania y otros pa\u00edses por coronavirus - El Digital de Asturias\" \/>\n\t\t<meta name=\"twitter:description\" content=\"Ingolstadt\/Neckarsulm (Alemania), 17 mar (dpa) \u2013 El fabricante alem\u00e1n Audi, perteneciente al grupo de la automotriz germana Volkswagen, cerrar\u00e1 gradualmente hasta finales de esta semana sus plantas en las ciudades alemanas Ingolstadt y Neckarsulm, as\u00ed como en B\u00e9lgica, M\u00e9xico y Hungr\u00eda, seg\u00fan anunci\u00f3 hoy el fabricante. Seg\u00fan el anuncio, &quot;habr\u00e1 interrupciones de la producci\u00f3n en\" \/>\n\t\t<meta name=\"twitter:image\" content=\"https:\/\/www.eldigitaldeasturias.com\/noticias\/wp-content\/uploads\/2018\/11\/traffic-332857_960_720.jpg\" \/>\n\t\t<meta name=\"twitter:label1\" content=\"Escrito por\" \/>\n\t\t<meta name=\"twitter:data1\" content=\"El Digital de Asturias\" \/>\n\t\t<meta name=\"twitter:label2\" content=\"Tiempo de lectura estimado\" \/>\n\t\t<meta name=\"twitter:data2\" content=\"1 minuto\" \/>\n\t\t<script type=\"application\/ld+json\" class=\"aioseo-schema\">\n\t\t\t{\"@context\":\"https:\\\/\\\/schema.org\",\"@graph\":[{\"@type\":\"BlogPosting\",\"@id\":\"https:\\\/\\\/www.eldigitaldeasturias.com\\\/noticias\\\/audi-cierra-sus-plantas-en-alemania-y-otros-paises-por-coronavirus\\\/#blogposting\",\"name\":\"Audi cierra sus plantas en Alemania y otros pa\\u00edses por coronavirus - El Digital de Asturias\",\"headline\":\"Audi cierra sus plantas en Alemania y otros pa\\u00edses por coronavirus\",\"author\":{\"@id\":\"https:\\\/\\\/www.eldigitaldeasturias.com\\\/noticias\\\/author\\\/admin\\\/#author\"},\"publisher\":{\"@id\":\"https:\\\/\\\/www.eldigitaldeasturias.com\\\/noticias\\\/#organization\"},\"image\":{\"@type\":\"ImageObject\",\"url\":\"https:\\\/\\\/www.eldigitaldeasturias.com\\\/noticias\\\/wp-content\\\/uploads\\\/2018\\\/11\\\/traffic-332857_960_720.jpg\",\"width\":960,\"height\":640,\"caption\":\"traffic\"},\"datePublished\":\"2020-03-18T01:57:15+01:00\",\"dateModified\":\"2020-03-18T01:57:15+01:00\",\"inLanguage\":\"es-ES\",\"mainEntityOfPage\":{\"@id\":\"https:\\\/\\\/www.eldigitaldeasturias.com\\\/noticias\\\/audi-cierra-sus-plantas-en-alemania-y-otros-paises-por-coronavirus\\\/#webpage\"},\"isPartOf\":{\"@id\":\"https:\\\/\\\/www.eldigitaldeasturias.com\\\/noticias\\\/audi-cierra-sus-plantas-en-alemania-y-otros-paises-por-coronavirus\\\/#webpage\"},\"articleSection\":\"Negocios y Empresas\"},{\"@type\":\"BreadcrumbList\",\"@id\":\"https:\\\/\\\/www.eldigitaldeasturias.com\\\/noticias\\\/audi-cierra-sus-plantas-en-alemania-y-otros-paises-por-coronavirus\\\/#breadcrumblist\",\"itemListElement\":[{\"@type\":\"ListItem\",\"@id\":\"https:\\\/\\\/www.eldigitaldeasturias.com\\\/noticias#listItem\",\"position\":1,\"name\":\"Home\",\"item\":\"https:\\\/\\\/www.eldigitaldeasturias.com\\\/noticias\",\"nextItem\":{\"@type\":\"ListItem\",\"@id\":\"https:\\\/\\\/www.eldigitaldeasturias.com\\\/noticias\\\/category\\\/negocios-y-empresas\\\/#listItem\",\"name\":\"Negocios y Empresas\"}},{\"@type\":\"ListItem\",\"@id\":\"https:\\\/\\\/www.eldigitaldeasturias.com\\\/noticias\\\/category\\\/negocios-y-empresas\\\/#listItem\",\"position\":2,\"name\":\"Negocios y Empresas\",\"item\":\"https:\\\/\\\/www.eldigitaldeasturias.com\\\/noticias\\\/category\\\/negocios-y-empresas\\\/\",\"nextItem\":{\"@type\":\"ListItem\",\"@id\":\"https:\\\/\\\/www.eldigitaldeasturias.com\\\/noticias\\\/audi-cierra-sus-plantas-en-alemania-y-otros-paises-por-coronavirus\\\/#listItem\",\"name\":\"Audi cierra sus plantas en Alemania y otros pa\\u00edses por coronavirus\"},\"previousItem\":{\"@type\":\"ListItem\",\"@id\":\"https:\\\/\\\/www.eldigitaldeasturias.com\\\/noticias#listItem\",\"name\":\"Home\"}},{\"@type\":\"ListItem\",\"@id\":\"https:\\\/\\\/www.eldigitaldeasturias.com\\\/noticias\\\/audi-cierra-sus-plantas-en-alemania-y-otros-paises-por-coronavirus\\\/#listItem\",\"position\":3,\"name\":\"Audi cierra sus plantas en Alemania y otros pa\\u00edses por coronavirus\",\"previousItem\":{\"@type\":\"ListItem\",\"@id\":\"https:\\\/\\\/www.eldigitaldeasturias.com\\\/noticias\\\/category\\\/negocios-y-empresas\\\/#listItem\",\"name\":\"Negocios y Empresas\"}}]},{\"@type\":\"Organization\",\"@id\":\"https:\\\/\\\/www.eldigitaldeasturias.com\\\/noticias\\\/#organization\",\"name\":\"El Digital de Asturias\",\"description\":\"Hemeroteca\",\"url\":\"https:\\\/\\\/www.eldigitaldeasturias.com\\\/noticias\\\/\",\"email\":\"info@eldigitaldeasturias.com\",\"telephone\":\"+34652131393\",\"logo\":{\"@type\":\"ImageObject\",\"url\":\"https:\\\/\\\/www.eldigitaldeasturias.com\\\/noticias\\\/wp-content\\\/uploads\\\/2020\\\/12\\\/EDA.jpg\",\"@id\":\"https:\\\/\\\/www.eldigitaldeasturias.com\\\/noticias\\\/audi-cierra-sus-plantas-en-alemania-y-otros-paises-por-coronavirus\\\/#organizationLogo\",\"width\":649,\"height\":297},\"image\":{\"@id\":\"https:\\\/\\\/www.eldigitaldeasturias.com\\\/noticias\\\/audi-cierra-sus-plantas-en-alemania-y-otros-paises-por-coronavirus\\\/#organizationLogo\"},\"sameAs\":[\"https:\\\/\\\/facebook.com\\\/eldigitaldeasturias\",\"https:\\\/\\\/www.youtube.com\\\/channel\\\/UCZP-2wLEB9Rv6erhFmqVnvg\"],\"address\":{\"@id\":\"https:\\\/\\\/www.eldigitaldeasturias.com\\\/noticias\\\/#postaladdress\",\"@type\":\"PostalAddress\",\"streetAddress\":\"san antonio 4,\",\"postalCode\":\"33430\",\"addressLocality\":\"Cand\\u00e1s\",\"addressRegion\":\"Asturias\",\"addressCountry\":\"ES\"}},{\"@type\":\"Person\",\"@id\":\"https:\\\/\\\/www.eldigitaldeasturias.com\\\/noticias\\\/author\\\/admin\\\/#author\",\"url\":\"https:\\\/\\\/www.eldigitaldeasturias.com\\\/noticias\\\/author\\\/admin\\\/\",\"name\":\"El Digital de Asturias\",\"image\":{\"@type\":\"ImageObject\",\"@id\":\"https:\\\/\\\/www.eldigitaldeasturias.com\\\/noticias\\\/audi-cierra-sus-plantas-en-alemania-y-otros-paises-por-coronavirus\\\/#authorImage\",\"url\":\"https:\\\/\\\/www.eldigitaldeasturias.com\\\/noticias\\\/wp-content\\\/litespeed\\\/avatar\\\/18677e78aa0546b92d9dbf31ec7d7668.jpg?ver=1777290358\",\"width\":96,\"height\":96,\"caption\":\"El Digital de Asturias\"}},{\"@type\":\"WebPage\",\"@id\":\"https:\\\/\\\/www.eldigitaldeasturias.com\\\/noticias\\\/audi-cierra-sus-plantas-en-alemania-y-otros-paises-por-coronavirus\\\/#webpage\",\"url\":\"https:\\\/\\\/www.eldigitaldeasturias.com\\\/noticias\\\/audi-cierra-sus-plantas-en-alemania-y-otros-paises-por-coronavirus\\\/\",\"name\":\"Audi cierra sus plantas en Alemania y otros pa\\u00edses por coronavirus - El Digital de Asturias\",\"description\":\"Ingolstadt\\\/Neckarsulm (Alemania), 17 mar (dpa) \\u2013 El fabricante alem\\u00e1n Audi, perteneciente al grupo de la automotriz germana Volkswagen, cerrar\\u00e1 gradualmente hasta finales de esta semana sus plantas en las ciudades alemanas Ingolstadt y Neckarsulm, as\\u00ed como en B\\u00e9lgica, M\\u00e9xico y Hungr\\u00eda, seg\\u00fan anunci\\u00f3 hoy el fabricante. Seg\\u00fan el anuncio, \\\"habr\\u00e1 interrupciones de la producci\\u00f3n en\",\"inLanguage\":\"es-ES\",\"isPartOf\":{\"@id\":\"https:\\\/\\\/www.eldigitaldeasturias.com\\\/noticias\\\/#website\"},\"breadcrumb\":{\"@id\":\"https:\\\/\\\/www.eldigitaldeasturias.com\\\/noticias\\\/audi-cierra-sus-plantas-en-alemania-y-otros-paises-por-coronavirus\\\/#breadcrumblist\"},\"author\":{\"@id\":\"https:\\\/\\\/www.eldigitaldeasturias.com\\\/noticias\\\/author\\\/admin\\\/#author\"},\"creator\":{\"@id\":\"https:\\\/\\\/www.eldigitaldeasturias.com\\\/noticias\\\/author\\\/admin\\\/#author\"},\"image\":{\"@type\":\"ImageObject\",\"url\":\"https:\\\/\\\/www.eldigitaldeasturias.com\\\/noticias\\\/wp-content\\\/uploads\\\/2018\\\/11\\\/traffic-332857_960_720.jpg\",\"@id\":\"https:\\\/\\\/www.eldigitaldeasturias.com\\\/noticias\\\/audi-cierra-sus-plantas-en-alemania-y-otros-paises-por-coronavirus\\\/#mainImage\",\"width\":960,\"height\":640,\"caption\":\"traffic\"},\"primaryImageOfPage\":{\"@id\":\"https:\\\/\\\/www.eldigitaldeasturias.com\\\/noticias\\\/audi-cierra-sus-plantas-en-alemania-y-otros-paises-por-coronavirus\\\/#mainImage\"},\"datePublished\":\"2020-03-18T01:57:15+01:00\",\"dateModified\":\"2020-03-18T01:57:15+01:00\"},{\"@type\":\"WebSite\",\"@id\":\"https:\\\/\\\/www.eldigitaldeasturias.com\\\/noticias\\\/#website\",\"url\":\"https:\\\/\\\/www.eldigitaldeasturias.com\\\/noticias\\\/\",\"name\":\"El Digital de Asturias - Diario de actualidad y noticias\",\"alternateName\":\"El Digital de Asturias - Diario de actualidad y noticias\",\"description\":\"Hemeroteca\",\"inLanguage\":\"es-ES\",\"publisher\":{\"@id\":\"https:\\\/\\\/www.eldigitaldeasturias.com\\\/noticias\\\/#organization\"}}]}\n\t\t<\/script>\n\t\t<!-- All in One SEO Pro -->\r\n\t\t<title>Audi cierra sus plantas en Alemania y otros pa\u00edses por coronavirus - El Digital de Asturias<\/title>\n\n","aioseo_head_json":{"title":"Audi cierra sus plantas en Alemania y otros pa\u00edses por coronavirus - El Digital de Asturias","description":"Ingolstadt\/Neckarsulm (Alemania), 17 mar (dpa) \u2013 El fabricante alem\u00e1n Audi, perteneciente al grupo de la automotriz germana Volkswagen, cerrar\u00e1 gradualmente hasta finales de esta semana sus plantas en las ciudades alemanas Ingolstadt y Neckarsulm, as\u00ed como en B\u00e9lgica, M\u00e9xico y Hungr\u00eda, seg\u00fan anunci\u00f3 hoy el fabricante. Seg\u00fan el anuncio, \"habr\u00e1 interrupciones de la producci\u00f3n en","canonical_url":"https:\/\/www.eldigitaldeasturias.com\/noticias\/audi-cierra-sus-plantas-en-alemania-y-otros-paises-por-coronavirus\/","robots":"max-image-preview:large","keywords":"negocios y empresas","webmasterTools":{"google-site-verification":"UA-38556648-1","msvalidate.01":"7dfe9f3f1b24437ab69f4f2559babe99","miscellaneous":""},"schema":{"@context":"https:\/\/schema.org","@graph":[{"@type":"BlogPosting","@id":"https:\/\/www.eldigitaldeasturias.com\/noticias\/audi-cierra-sus-plantas-en-alemania-y-otros-paises-por-coronavirus\/#blogposting","name":"Audi cierra sus plantas en Alemania y otros pa\u00edses por coronavirus - El Digital de Asturias","headline":"Audi cierra sus plantas en Alemania y otros pa\u00edses por coronavirus","author":{"@id":"https:\/\/www.eldigitaldeasturias.com\/noticias\/author\/admin\/#author"},"publisher":{"@id":"https:\/\/www.eldigitaldeasturias.com\/noticias\/#organization"},"image":{"@type":"ImageObject","url":"https:\/\/www.eldigitaldeasturias.com\/noticias\/wp-content\/uploads\/2018\/11\/traffic-332857_960_720.jpg","width":960,"height":640,"caption":"traffic"},"datePublished":"2020-03-18T01:57:15+01:00","dateModified":"2020-03-18T01:57:15+01:00","inLanguage":"es-ES","mainEntityOfPage":{"@id":"https:\/\/www.eldigitaldeasturias.com\/noticias\/audi-cierra-sus-plantas-en-alemania-y-otros-paises-por-coronavirus\/#webpage"},"isPartOf":{"@id":"https:\/\/www.eldigitaldeasturias.com\/noticias\/audi-cierra-sus-plantas-en-alemania-y-otros-paises-por-coronavirus\/#webpage"},"articleSection":"Negocios y Empresas"},{"@type":"BreadcrumbList","@id":"https:\/\/www.eldigitaldeasturias.com\/noticias\/audi-cierra-sus-plantas-en-alemania-y-otros-paises-por-coronavirus\/#breadcrumblist","itemListElement":[{"@type":"ListItem","@id":"https:\/\/www.eldigitaldeasturias.com\/noticias#listItem","position":1,"name":"Home","item":"https:\/\/www.eldigitaldeasturias.com\/noticias","nextItem":{"@type":"ListItem","@id":"https:\/\/www.eldigitaldeasturias.com\/noticias\/category\/negocios-y-empresas\/#listItem","name":"Negocios y Empresas"}},{"@type":"ListItem","@id":"https:\/\/www.eldigitaldeasturias.com\/noticias\/category\/negocios-y-empresas\/#listItem","position":2,"name":"Negocios y Empresas","item":"https:\/\/www.eldigitaldeasturias.com\/noticias\/category\/negocios-y-empresas\/","nextItem":{"@type":"ListItem","@id":"https:\/\/www.eldigitaldeasturias.com\/noticias\/audi-cierra-sus-plantas-en-alemania-y-otros-paises-por-coronavirus\/#listItem","name":"Audi cierra sus plantas en Alemania y otros pa\u00edses por coronavirus"},"previousItem":{"@type":"ListItem","@id":"https:\/\/www.eldigitaldeasturias.com\/noticias#listItem","name":"Home"}},{"@type":"ListItem","@id":"https:\/\/www.eldigitaldeasturias.com\/noticias\/audi-cierra-sus-plantas-en-alemania-y-otros-paises-por-coronavirus\/#listItem","position":3,"name":"Audi cierra sus plantas en Alemania y otros pa\u00edses por coronavirus","previousItem":{"@type":"ListItem","@id":"https:\/\/www.eldigitaldeasturias.com\/noticias\/category\/negocios-y-empresas\/#listItem","name":"Negocios y Empresas"}}]},{"@type":"Organization","@id":"https:\/\/www.eldigitaldeasturias.com\/noticias\/#organization","name":"El Digital de Asturias","description":"Hemeroteca","url":"https:\/\/www.eldigitaldeasturias.com\/noticias\/","email":"info@eldigitaldeasturias.com","telephone":"+34652131393","logo":{"@type":"ImageObject","url":"https:\/\/www.eldigitaldeasturias.com\/noticias\/wp-content\/uploads\/2020\/12\/EDA.jpg","@id":"https:\/\/www.eldigitaldeasturias.com\/noticias\/audi-cierra-sus-plantas-en-alemania-y-otros-paises-por-coronavirus\/#organizationLogo","width":649,"height":297},"image":{"@id":"https:\/\/www.eldigitaldeasturias.com\/noticias\/audi-cierra-sus-plantas-en-alemania-y-otros-paises-por-coronavirus\/#organizationLogo"},"sameAs":["https:\/\/facebook.com\/eldigitaldeasturias","https:\/\/www.youtube.com\/channel\/UCZP-2wLEB9Rv6erhFmqVnvg"],"address":{"@id":"https:\/\/www.eldigitaldeasturias.com\/noticias\/#postaladdress","@type":"PostalAddress","streetAddress":"san antonio 4,","postalCode":"33430","addressLocality":"Cand\u00e1s","addressRegion":"Asturias","addressCountry":"ES"}},{"@type":"Person","@id":"https:\/\/www.eldigitaldeasturias.com\/noticias\/author\/admin\/#author","url":"https:\/\/www.eldigitaldeasturias.com\/noticias\/author\/admin\/","name":"El Digital de Asturias","image":{"@type":"ImageObject","@id":"https:\/\/www.eldigitaldeasturias.com\/noticias\/audi-cierra-sus-plantas-en-alemania-y-otros-paises-por-coronavirus\/#authorImage","url":"https:\/\/www.eldigitaldeasturias.com\/noticias\/wp-content\/litespeed\/avatar\/18677e78aa0546b92d9dbf31ec7d7668.jpg?ver=1777290358","width":96,"height":96,"caption":"El Digital de Asturias"}},{"@type":"WebPage","@id":"https:\/\/www.eldigitaldeasturias.com\/noticias\/audi-cierra-sus-plantas-en-alemania-y-otros-paises-por-coronavirus\/#webpage","url":"https:\/\/www.eldigitaldeasturias.com\/noticias\/audi-cierra-sus-plantas-en-alemania-y-otros-paises-por-coronavirus\/","name":"Audi cierra sus plantas en Alemania y otros pa\u00edses por coronavirus - El Digital de Asturias","description":"Ingolstadt\/Neckarsulm (Alemania), 17 mar (dpa) \u2013 El fabricante alem\u00e1n Audi, perteneciente al grupo de la automotriz germana Volkswagen, cerrar\u00e1 gradualmente hasta finales de esta semana sus plantas en las ciudades alemanas Ingolstadt y Neckarsulm, as\u00ed como en B\u00e9lgica, M\u00e9xico y Hungr\u00eda, seg\u00fan anunci\u00f3 hoy el fabricante. Seg\u00fan el anuncio, \"habr\u00e1 interrupciones de la producci\u00f3n en","inLanguage":"es-ES","isPartOf":{"@id":"https:\/\/www.eldigitaldeasturias.com\/noticias\/#website"},"breadcrumb":{"@id":"https:\/\/www.eldigitaldeasturias.com\/noticias\/audi-cierra-sus-plantas-en-alemania-y-otros-paises-por-coronavirus\/#breadcrumblist"},"author":{"@id":"https:\/\/www.eldigitaldeasturias.com\/noticias\/author\/admin\/#author"},"creator":{"@id":"https:\/\/www.eldigitaldeasturias.com\/noticias\/author\/admin\/#author"},"image":{"@type":"ImageObject","url":"https:\/\/www.eldigitaldeasturias.com\/noticias\/wp-content\/uploads\/2018\/11\/traffic-332857_960_720.jpg","@id":"https:\/\/www.eldigitaldeasturias.com\/noticias\/audi-cierra-sus-plantas-en-alemania-y-otros-paises-por-coronavirus\/#mainImage","width":960,"height":640,"caption":"traffic"},"primaryImageOfPage":{"@id":"https:\/\/www.eldigitaldeasturias.com\/noticias\/audi-cierra-sus-plantas-en-alemania-y-otros-paises-por-coronavirus\/#mainImage"},"datePublished":"2020-03-18T01:57:15+01:00","dateModified":"2020-03-18T01:57:15+01:00"},{"@type":"WebSite","@id":"https:\/\/www.eldigitaldeasturias.com\/noticias\/#website","url":"https:\/\/www.eldigitaldeasturias.com\/noticias\/","name":"El Digital de Asturias - Diario de actualidad y noticias","alternateName":"El Digital de Asturias - Diario de actualidad y noticias","description":"Hemeroteca","inLanguage":"es-ES","publisher":{"@id":"https:\/\/www.eldigitaldeasturias.com\/noticias\/#organization"}}]},"og:locale":"es_ES","og:site_name":"El Digital de Asturias","og:type":"article","og:title":"Audi cierra sus plantas en Alemania y otros pa\u00edses por coronavirus - El Digital de Asturias","og:description":"Ingolstadt\/Neckarsulm (Alemania), 17 mar (dpa) \u2013 El fabricante alem\u00e1n Audi, perteneciente al grupo de la automotriz germana Volkswagen, cerrar\u00e1 gradualmente hasta finales de esta semana sus plantas en las ciudades alemanas Ingolstadt y Neckarsulm, as\u00ed como en B\u00e9lgica, M\u00e9xico y Hungr\u00eda, seg\u00fan anunci\u00f3 hoy el fabricante. Seg\u00fan el anuncio, &quot;habr\u00e1 interrupciones de la producci\u00f3n en","og:url":"https:\/\/www.eldigitaldeasturias.com\/noticias\/audi-cierra-sus-plantas-en-alemania-y-otros-paises-por-coronavirus\/","og:image":"https:\/\/www.eldigitaldeasturias.com\/noticias\/wp-content\/uploads\/2018\/11\/traffic-332857_960_720.jpg","og:image:secure_url":"https:\/\/www.eldigitaldeasturias.com\/noticias\/wp-content\/uploads\/2018\/11\/traffic-332857_960_720.jpg","og:image:width":960,"og:image:height":640,"article:tag":["negocios y empresas"],"article:published_time":"2020-03-18T01:57:15+00:00","article:modified_time":"2020-03-18T01:57:15+00:00","article:publisher":"https:\/\/facebook.com\/eldigitaldeasturias","twitter:card":"summary_large_image","twitter:title":"Audi cierra sus plantas en Alemania y otros pa\u00edses por coronavirus - El Digital de Asturias","twitter:description":"Ingolstadt\/Neckarsulm (Alemania), 17 mar (dpa) \u2013 El fabricante alem\u00e1n Audi, perteneciente al grupo de la automotriz germana Volkswagen, cerrar\u00e1 gradualmente hasta finales de esta semana sus plantas en las ciudades alemanas Ingolstadt y Neckarsulm, as\u00ed como en B\u00e9lgica, M\u00e9xico y Hungr\u00eda, seg\u00fan anunci\u00f3 hoy el fabricante. Seg\u00fan el anuncio, &quot;habr\u00e1 interrupciones de la producci\u00f3n en","twitter:image":"https:\/\/www.eldigitaldeasturias.com\/noticias\/wp-content\/uploads\/2018\/11\/traffic-332857_960_720.jpg","twitter:label1":"Escrito por","twitter:data1":"El Digital de Asturias","twitter:label2":"Tiempo de lectura estimado","twitter:data2":"1 minuto"},"aioseo_meta_data":{"post_id":"1061105","title":null,"description":null,"keywords":null,"keyphrases":null,"primary_term":null,"canonical_url":null,"og_title":null,"og_description":null,"og_object_type":"default","og_image_type":"default","og_image_url":null,"og_image_width":null,"og_image_height":null,"og_image_custom_url":null,"og_image_custom_fields":null,"og_video":null,"og_custom_url":null,"og_article_section":null,"og_article_tags":null,"twitter_use_og":false,"twitter_card":"default","twitter_image_type":"default","twitter_image_url":null,"twitter_image_custom_url":null,"twitter_image_custom_fields":null,"twitter_title":null,"twitter_description":null,"schema":{"blockGraphs":[],"customGraphs":[],"default":{"data":{"Article":[],"Course":[],"Dataset":[],"FAQPage":[],"Movie":[],"Person":[],"Product":[],"ProductReview":[],"Car":[],"Recipe":[],"Service":[],"SoftwareApplication":[],"WebPage":[]},"graphName":"","isEnabled":true},"graphs":[],"defaultGraph":"","defaultPostTypeGraph":""},"schema_type":null,"schema_type_options":null,"pillar_content":false,"robots_default":true,"robots_noindex":false,"robots_noarchive":false,"robots_nosnippet":false,"robots_nofollow":false,"robots_noimageindex":false,"robots_noodp":false,"robots_notranslate":false,"robots_max_snippet":null,"robots_max_videopreview":null,"robots_max_imagepreview":"large","priority":null,"frequency":null,"local_seo":null,"seo_analyzer_scan_date":"2025-10-31 14:25:05","breadcrumb_settings":null,"limit_modified_date":false,"open_ai":null,"ai":null,"created":"2020-12-21 10:53:39","updated":"2025-10-31 14:25:05"},"aioseo_breadcrumb":"<div class=\"aioseo-breadcrumbs\"><span class=\"aioseo-breadcrumb\">\n\t<a href=\"https:\/\/www.eldigitaldeasturias.com\/noticias\" title=\"Home\">Home<\/a>\n<\/span><span class=\"aioseo-breadcrumb-separator\">\u2013<\/span><span class=\"aioseo-breadcrumb\">\n\t<a href=\"https:\/\/www.eldigitaldeasturias.com\/noticias\/category\/negocios-y-empresas\/\" title=\"Negocios y Empresas\">Negocios y Empresas<\/a>\n<\/span><span class=\"aioseo-breadcrumb-separator\">\u2013<\/span><span class=\"aioseo-breadcrumb\">\n\t<a href=\"https:\/\/www.eldigitaldeasturias.com\/noticias\/audi-cierra-sus-plantas-en-alemania-y-otros-paises-por-coronavirus\/\" title=\"Audi cierra sus plantas en Alemania y otros pa\u00edses por coronavirus\">Audi cierra sus plantas en Alemania y otros pa\u00edses por coronavirus<\/a>\n<\/span><\/div>","aioseo_breadcrumb_json":[{"label":"Home","link":"https:\/\/www.eldigitaldeasturias.com\/noticias"},{"label":"Negocios y Empresas","link":"https:\/\/www.eldigitaldeasturias.com\/noticias\/category\/negocios-y-empresas\/"},{"label":"Audi cierra sus plantas en Alemania y otros pa\u00edses por coronavirus","link":"https:\/\/www.eldigitaldeasturias.com\/noticias\/audi-cierra-sus-plantas-en-alemania-y-otros-paises-por-coronavirus\/"}],"_links":{"self":[{"href":"https:\/\/www.eldigitaldeasturias.com\/noticias\/wp-json\/wp\/v2\/posts\/1061105","targetHints":{"allow":["GET"]}}],"collection":[{"href":"https:\/\/www.eldigitaldeasturias.com\/noticias\/wp-json\/wp\/v2\/posts"}],"about":[{"href":"https:\/\/www.eldigitaldeasturias.com\/noticias\/wp-json\/wp\/v2\/types\/post"}],"author":[{"embeddable":true,"href":"https:\/\/www.eldigitaldeasturias.com\/noticias\/wp-json\/wp\/v2\/users\/1"}],"replies":[{"embeddable":true,"href":"https:\/\/www.eldigitaldeasturias.com\/noticias\/wp-json\/wp\/v2\/comments?post=1061105"}],"version-history":[{"count":0,"href":"https:\/\/www.eldigitaldeasturias.com\/noticias\/wp-json\/wp\/v2\/posts\/1061105\/revisions"}],"wp:featuredmedia":[{"embeddable":true,"href":"https:\/\/www.eldigitaldeasturias.com\/noticias\/wp-json\/wp\/v2\/media\/1008086"}],"wp:attachment":[{"href":"https:\/\/www.eldigitaldeasturias.com\/noticias\/wp-json\/wp\/v2\/media?parent=1061105"}],"wp:term":[{"taxonomy":"category","embeddable":true,"href":"https:\/\/www.eldigitaldeasturias.com\/noticias\/wp-json\/wp\/v2\/categories?post=1061105"},{"taxonomy":"post_tag","embeddable":true,"href":"https:\/\/www.eldigitaldeasturias.com\/noticias\/wp-json\/wp\/v2\/tags?post=1061105"}],"curies":[{"name":"wp","href":"https:\/\/api.w.org\/{rel}","templated":true}]}}