{"id":1061103,"date":"2020-03-18T01:55:39","date_gmt":"2020-03-18T01:55:39","guid":{"rendered":"https:\/\/www.eldigitaldeasturias.com\/noticias\/?p=1061103"},"modified":"2020-03-18T01:55:39","modified_gmt":"2020-03-18T01:55:39","slug":"clima-de-inversion-cae-de-manera-historica-en-alemania","status":"publish","type":"post","link":"https:\/\/www.eldigitaldeasturias.com\/noticias\/clima-de-inversion-cae-de-manera-historica-en-alemania\/","title":{"rendered":"Clima de inversi\u00f3n cae de manera hist\u00f3rica en Alemania"},"content":{"rendered":"<p><img loading=\"lazy\" decoding=\"async\" class=\"alignleft size-medium wp-image-822740\" src=\"https:\/\/www.eldigitaldeasturias.com\/noticias\/wp-content\/uploads\/2015\/11\/euros-360x241.jpg\" alt=\"\" width=\"360\" height=\"241\" srcset=\"https:\/\/www.eldigitaldeasturias.com\/noticias\/wp-content\/uploads\/2015\/11\/euros-360x241.jpg 360w, https:\/\/www.eldigitaldeasturias.com\/noticias\/wp-content\/uploads\/2015\/11\/euros-696x466.jpg 696w, https:\/\/www.eldigitaldeasturias.com\/noticias\/wp-content\/uploads\/2015\/11\/euros-627x420.jpg 627w, https:\/\/www.eldigitaldeasturias.com\/noticias\/wp-content\/uploads\/2015\/11\/euros-768x515.jpg 768w, https:\/\/www.eldigitaldeasturias.com\/noticias\/wp-content\/uploads\/2015\/11\/euros-650x436.jpg 650w, https:\/\/www.eldigitaldeasturias.com\/noticias\/wp-content\/uploads\/2015\/11\/euros.jpg 800w\" sizes=\"auto, (max-width: 360px) 100vw, 360px\" \/>Mannheim (Alemania), 17 mar (dpa) &#8211; El clima de inversi\u00f3n en Alemania registr\u00f3 la mayor ca\u00edda hist\u00f3rica conocida hasta la fecha al pasar del 58,2 por ciento al -49,5 por ciento, inform\u00f3 hoy el Centro de Investigaci\u00f3n Econ\u00f3mica Europea (ZEW).<\/p>\n<p>Seg\u00fan se\u00f1al\u00f3 el ZEW, es el nivel m\u00e1s bajo desde diciembre de 2011 y supone la ca\u00edda m\u00e1s brusca desde que la encuesta comenz\u00f3 a realizarse en 1991. Los economistas esperaban que el indicador cayera a menos 30 puntos en promedio.<\/p>\n<p>Adem\u00e1s de las expectativas econ\u00f3micas, la evaluaci\u00f3n de la situaci\u00f3n actual tambi\u00e9n sufri\u00f3 m\u00e1s de lo previsto.<\/p>\n<p>\u00abSe esperaba un descenso extremadamente fuerte del indicador ZEW de las expectativas de los expertos en finanzas sobre la coyuntura econ\u00f3mica. Para la econom\u00eda, las se\u00f1ales de alarma est\u00e1n al rojo\u00bb, coment\u00f3 el presidente del centro, Achim Wambach.<\/p>\n<p>Wambach indic\u00f3 que los expertos en mercados financieros prev\u00e9n actualmente una disminuci\u00f3n del producto interno bruto (PIB) real en el primer trimestre y consideran muy probable que se produzca tambi\u00e9n una disminuci\u00f3n en el segundo trimestre.<\/p>\n<p>A\u00f1adi\u00f3 que para el a\u00f1o 2020 en su conjunto, la mayor\u00eda de los expertos espera actualmente una disminuci\u00f3n del crecimiento del PIB real de alrededor de un punto porcentual debido a la pandemia del coronavirus.<\/p>\n<p>Esto significar\u00eda que la econom\u00eda alemana, acostumbrada al \u00e9xito durante muchos a\u00f1os, se dirige hacia su primera recesi\u00f3n desde 2009. En aquel momento, todas las principales econom\u00edas sufrieron un colapso masivo como resultado de la crisis financiera mundial.<\/p>\n","protected":false},"excerpt":{"rendered":"<p>Mannheim (Alemania), 17 mar (dpa) &#8211; El clima de inversi\u00f3n en Alemania registr\u00f3 la mayor ca\u00edda hist\u00f3rica conocida hasta la fecha al pasar del 58,2 por ciento al -49,5 por ciento, inform\u00f3 hoy el Centro de Investigaci\u00f3n Econ\u00f3mica Europea (ZEW). Seg\u00fan se\u00f1al\u00f3 el ZEW, es el nivel m\u00e1s bajo desde diciembre de 2011 y supone [&hellip;]<\/p>\n","protected":false},"author":1,"featured_media":822740,"comment_status":"closed","ping_status":"closed","sticky":false,"template":"","format":"standard","meta":{"footnotes":""},"categories":[187],"tags":[],"class_list":["post-1061103","post","type-post","status-publish","format-standard","has-post-thumbnail","hentry","category-economia"],"aioseo_notices":[],"aioseo_head":"\n\t\t<!-- All in One SEO Pro 4.9.6.2 - aioseo.com -->\n\t<meta name=\"description\" content=\"Mannheim (Alemania), 17 mar (dpa) - El clima de inversi\u00f3n en Alemania registr\u00f3 la mayor ca\u00edda hist\u00f3rica conocida hasta la fecha al pasar del 58,2 por ciento al -49,5 por ciento, inform\u00f3 hoy el Centro de Investigaci\u00f3n Econ\u00f3mica Europea (ZEW). Seg\u00fan se\u00f1al\u00f3 el ZEW, es el nivel m\u00e1s bajo desde diciembre de 2011 y supone\" \/>\n\t<meta name=\"robots\" content=\"max-image-preview:large\" \/>\n\t<meta name=\"author\" content=\"El Digital de Asturias\"\/>\n\t<meta name=\"google-site-verification\" content=\"UA-38556648-1\" \/>\n\t<meta name=\"msvalidate.01\" content=\"7dfe9f3f1b24437ab69f4f2559babe99\" \/>\n\t<meta name=\"keywords\" content=\"econom\u00eda\" \/>\n\t<link rel=\"canonical\" href=\"https:\/\/www.eldigitaldeasturias.com\/noticias\/clima-de-inversion-cae-de-manera-historica-en-alemania\/\" \/>\n\t<meta name=\"generator\" content=\"All in One SEO Pro (AIOSEO) 4.9.6.2\" \/>\n\t\t<meta property=\"og:locale\" content=\"es_ES\" \/>\n\t\t<meta property=\"og:site_name\" content=\"El Digital de Asturias\" \/>\n\t\t<meta property=\"og:type\" content=\"article\" \/>\n\t\t<meta property=\"og:title\" content=\"Clima de inversi\u00f3n cae de manera hist\u00f3rica en Alemania - El Digital de Asturias\" \/>\n\t\t<meta property=\"og:description\" content=\"Mannheim (Alemania), 17 mar (dpa) - El clima de inversi\u00f3n en Alemania registr\u00f3 la mayor ca\u00edda hist\u00f3rica conocida hasta la fecha al pasar del 58,2 por ciento al -49,5 por ciento, inform\u00f3 hoy el Centro de Investigaci\u00f3n Econ\u00f3mica Europea (ZEW). Seg\u00fan se\u00f1al\u00f3 el ZEW, es el nivel m\u00e1s bajo desde diciembre de 2011 y supone\" \/>\n\t\t<meta property=\"og:url\" content=\"https:\/\/www.eldigitaldeasturias.com\/noticias\/clima-de-inversion-cae-de-manera-historica-en-alemania\/\" \/>\n\t\t<meta property=\"og:image\" content=\"https:\/\/www.eldigitaldeasturias.com\/noticias\/wp-content\/uploads\/2015\/11\/euros.jpg\" \/>\n\t\t<meta property=\"og:image:secure_url\" content=\"https:\/\/www.eldigitaldeasturias.com\/noticias\/wp-content\/uploads\/2015\/11\/euros.jpg\" \/>\n\t\t<meta property=\"og:image:width\" content=\"800\" \/>\n\t\t<meta property=\"og:image:height\" content=\"536\" \/>\n\t\t<meta property=\"article:tag\" content=\"econom\u00eda\" \/>\n\t\t<meta property=\"article:published_time\" content=\"2020-03-18T01:55:39+00:00\" \/>\n\t\t<meta property=\"article:modified_time\" content=\"2020-03-18T01:55:39+00:00\" \/>\n\t\t<meta property=\"article:publisher\" content=\"https:\/\/facebook.com\/eldigitaldeasturias\" \/>\n\t\t<meta name=\"twitter:card\" content=\"summary_large_image\" \/>\n\t\t<meta name=\"twitter:title\" content=\"Clima de inversi\u00f3n cae de manera hist\u00f3rica en Alemania - El Digital de Asturias\" \/>\n\t\t<meta name=\"twitter:description\" content=\"Mannheim (Alemania), 17 mar (dpa) - El clima de inversi\u00f3n en Alemania registr\u00f3 la mayor ca\u00edda hist\u00f3rica conocida hasta la fecha al pasar del 58,2 por ciento al -49,5 por ciento, inform\u00f3 hoy el Centro de Investigaci\u00f3n Econ\u00f3mica Europea (ZEW). Seg\u00fan se\u00f1al\u00f3 el ZEW, es el nivel m\u00e1s bajo desde diciembre de 2011 y supone\" \/>\n\t\t<meta name=\"twitter:image\" content=\"https:\/\/www.eldigitaldeasturias.com\/noticias\/wp-content\/uploads\/2015\/11\/euros.jpg\" \/>\n\t\t<meta name=\"twitter:label1\" content=\"Escrito por\" \/>\n\t\t<meta name=\"twitter:data1\" content=\"El Digital de Asturias\" \/>\n\t\t<meta name=\"twitter:label2\" content=\"Tiempo de lectura estimado\" \/>\n\t\t<meta name=\"twitter:data2\" content=\"1 minuto\" \/>\n\t\t<script type=\"application\/ld+json\" class=\"aioseo-schema\">\n\t\t\t{\"@context\":\"https:\\\/\\\/schema.org\",\"@graph\":[{\"@type\":\"BlogPosting\",\"@id\":\"https:\\\/\\\/www.eldigitaldeasturias.com\\\/noticias\\\/clima-de-inversion-cae-de-manera-historica-en-alemania\\\/#blogposting\",\"name\":\"Clima de inversi\\u00f3n cae de manera hist\\u00f3rica en Alemania - El Digital de Asturias\",\"headline\":\"Clima de inversi\\u00f3n cae de manera hist\\u00f3rica en Alemania\",\"author\":{\"@id\":\"https:\\\/\\\/www.eldigitaldeasturias.com\\\/noticias\\\/author\\\/admin\\\/#author\"},\"publisher\":{\"@id\":\"https:\\\/\\\/www.eldigitaldeasturias.com\\\/noticias\\\/#organization\"},\"image\":{\"@type\":\"ImageObject\",\"url\":\"https:\\\/\\\/www.eldigitaldeasturias.com\\\/noticias\\\/wp-content\\\/uploads\\\/2015\\\/11\\\/euros.jpg\",\"width\":800,\"height\":536,\"caption\":\"euros\"},\"datePublished\":\"2020-03-18T01:55:39+01:00\",\"dateModified\":\"2020-03-18T01:55:39+01:00\",\"inLanguage\":\"es-ES\",\"mainEntityOfPage\":{\"@id\":\"https:\\\/\\\/www.eldigitaldeasturias.com\\\/noticias\\\/clima-de-inversion-cae-de-manera-historica-en-alemania\\\/#webpage\"},\"isPartOf\":{\"@id\":\"https:\\\/\\\/www.eldigitaldeasturias.com\\\/noticias\\\/clima-de-inversion-cae-de-manera-historica-en-alemania\\\/#webpage\"},\"articleSection\":\"Econom\\u00eda\"},{\"@type\":\"BreadcrumbList\",\"@id\":\"https:\\\/\\\/www.eldigitaldeasturias.com\\\/noticias\\\/clima-de-inversion-cae-de-manera-historica-en-alemania\\\/#breadcrumblist\",\"itemListElement\":[{\"@type\":\"ListItem\",\"@id\":\"https:\\\/\\\/www.eldigitaldeasturias.com\\\/noticias#listItem\",\"position\":1,\"name\":\"Home\",\"item\":\"https:\\\/\\\/www.eldigitaldeasturias.com\\\/noticias\",\"nextItem\":{\"@type\":\"ListItem\",\"@id\":\"https:\\\/\\\/www.eldigitaldeasturias.com\\\/noticias\\\/category\\\/economia\\\/#listItem\",\"name\":\"Econom\\u00eda\"}},{\"@type\":\"ListItem\",\"@id\":\"https:\\\/\\\/www.eldigitaldeasturias.com\\\/noticias\\\/category\\\/economia\\\/#listItem\",\"position\":2,\"name\":\"Econom\\u00eda\",\"item\":\"https:\\\/\\\/www.eldigitaldeasturias.com\\\/noticias\\\/category\\\/economia\\\/\",\"nextItem\":{\"@type\":\"ListItem\",\"@id\":\"https:\\\/\\\/www.eldigitaldeasturias.com\\\/noticias\\\/clima-de-inversion-cae-de-manera-historica-en-alemania\\\/#listItem\",\"name\":\"Clima de inversi\\u00f3n cae de manera hist\\u00f3rica en Alemania\"},\"previousItem\":{\"@type\":\"ListItem\",\"@id\":\"https:\\\/\\\/www.eldigitaldeasturias.com\\\/noticias#listItem\",\"name\":\"Home\"}},{\"@type\":\"ListItem\",\"@id\":\"https:\\\/\\\/www.eldigitaldeasturias.com\\\/noticias\\\/clima-de-inversion-cae-de-manera-historica-en-alemania\\\/#listItem\",\"position\":3,\"name\":\"Clima de inversi\\u00f3n cae de manera hist\\u00f3rica en Alemania\",\"previousItem\":{\"@type\":\"ListItem\",\"@id\":\"https:\\\/\\\/www.eldigitaldeasturias.com\\\/noticias\\\/category\\\/economia\\\/#listItem\",\"name\":\"Econom\\u00eda\"}}]},{\"@type\":\"Organization\",\"@id\":\"https:\\\/\\\/www.eldigitaldeasturias.com\\\/noticias\\\/#organization\",\"name\":\"El Digital de Asturias\",\"description\":\"Hemeroteca\",\"url\":\"https:\\\/\\\/www.eldigitaldeasturias.com\\\/noticias\\\/\",\"email\":\"info@eldigitaldeasturias.com\",\"telephone\":\"+34652131393\",\"logo\":{\"@type\":\"ImageObject\",\"url\":\"https:\\\/\\\/www.eldigitaldeasturias.com\\\/noticias\\\/wp-content\\\/uploads\\\/2020\\\/12\\\/EDA.jpg\",\"@id\":\"https:\\\/\\\/www.eldigitaldeasturias.com\\\/noticias\\\/clima-de-inversion-cae-de-manera-historica-en-alemania\\\/#organizationLogo\",\"width\":649,\"height\":297},\"image\":{\"@id\":\"https:\\\/\\\/www.eldigitaldeasturias.com\\\/noticias\\\/clima-de-inversion-cae-de-manera-historica-en-alemania\\\/#organizationLogo\"},\"sameAs\":[\"https:\\\/\\\/facebook.com\\\/eldigitaldeasturias\",\"https:\\\/\\\/www.youtube.com\\\/channel\\\/UCZP-2wLEB9Rv6erhFmqVnvg\"],\"address\":{\"@id\":\"https:\\\/\\\/www.eldigitaldeasturias.com\\\/noticias\\\/#postaladdress\",\"@type\":\"PostalAddress\",\"streetAddress\":\"san antonio 4,\",\"postalCode\":\"33430\",\"addressLocality\":\"Cand\\u00e1s\",\"addressRegion\":\"Asturias\",\"addressCountry\":\"ES\"}},{\"@type\":\"Person\",\"@id\":\"https:\\\/\\\/www.eldigitaldeasturias.com\\\/noticias\\\/author\\\/admin\\\/#author\",\"url\":\"https:\\\/\\\/www.eldigitaldeasturias.com\\\/noticias\\\/author\\\/admin\\\/\",\"name\":\"El Digital de Asturias\",\"image\":{\"@type\":\"ImageObject\",\"@id\":\"https:\\\/\\\/www.eldigitaldeasturias.com\\\/noticias\\\/clima-de-inversion-cae-de-manera-historica-en-alemania\\\/#authorImage\",\"url\":\"https:\\\/\\\/www.eldigitaldeasturias.com\\\/noticias\\\/wp-content\\\/litespeed\\\/avatar\\\/18677e78aa0546b92d9dbf31ec7d7668.jpg?ver=1777290358\",\"width\":96,\"height\":96,\"caption\":\"El Digital de Asturias\"}},{\"@type\":\"WebPage\",\"@id\":\"https:\\\/\\\/www.eldigitaldeasturias.com\\\/noticias\\\/clima-de-inversion-cae-de-manera-historica-en-alemania\\\/#webpage\",\"url\":\"https:\\\/\\\/www.eldigitaldeasturias.com\\\/noticias\\\/clima-de-inversion-cae-de-manera-historica-en-alemania\\\/\",\"name\":\"Clima de inversi\\u00f3n cae de manera hist\\u00f3rica en Alemania - El Digital de Asturias\",\"description\":\"Mannheim (Alemania), 17 mar (dpa) - El clima de inversi\\u00f3n en Alemania registr\\u00f3 la mayor ca\\u00edda hist\\u00f3rica conocida hasta la fecha al pasar del 58,2 por ciento al -49,5 por ciento, inform\\u00f3 hoy el Centro de Investigaci\\u00f3n Econ\\u00f3mica Europea (ZEW). Seg\\u00fan se\\u00f1al\\u00f3 el ZEW, es el nivel m\\u00e1s bajo desde diciembre de 2011 y supone\",\"inLanguage\":\"es-ES\",\"isPartOf\":{\"@id\":\"https:\\\/\\\/www.eldigitaldeasturias.com\\\/noticias\\\/#website\"},\"breadcrumb\":{\"@id\":\"https:\\\/\\\/www.eldigitaldeasturias.com\\\/noticias\\\/clima-de-inversion-cae-de-manera-historica-en-alemania\\\/#breadcrumblist\"},\"author\":{\"@id\":\"https:\\\/\\\/www.eldigitaldeasturias.com\\\/noticias\\\/author\\\/admin\\\/#author\"},\"creator\":{\"@id\":\"https:\\\/\\\/www.eldigitaldeasturias.com\\\/noticias\\\/author\\\/admin\\\/#author\"},\"image\":{\"@type\":\"ImageObject\",\"url\":\"https:\\\/\\\/www.eldigitaldeasturias.com\\\/noticias\\\/wp-content\\\/uploads\\\/2015\\\/11\\\/euros.jpg\",\"@id\":\"https:\\\/\\\/www.eldigitaldeasturias.com\\\/noticias\\\/clima-de-inversion-cae-de-manera-historica-en-alemania\\\/#mainImage\",\"width\":800,\"height\":536,\"caption\":\"euros\"},\"primaryImageOfPage\":{\"@id\":\"https:\\\/\\\/www.eldigitaldeasturias.com\\\/noticias\\\/clima-de-inversion-cae-de-manera-historica-en-alemania\\\/#mainImage\"},\"datePublished\":\"2020-03-18T01:55:39+01:00\",\"dateModified\":\"2020-03-18T01:55:39+01:00\"},{\"@type\":\"WebSite\",\"@id\":\"https:\\\/\\\/www.eldigitaldeasturias.com\\\/noticias\\\/#website\",\"url\":\"https:\\\/\\\/www.eldigitaldeasturias.com\\\/noticias\\\/\",\"name\":\"El Digital de Asturias - Diario de actualidad y noticias\",\"alternateName\":\"El Digital de Asturias - Diario de actualidad y noticias\",\"description\":\"Hemeroteca\",\"inLanguage\":\"es-ES\",\"publisher\":{\"@id\":\"https:\\\/\\\/www.eldigitaldeasturias.com\\\/noticias\\\/#organization\"}}]}\n\t\t<\/script>\n\t\t<!-- All in One SEO Pro -->\r\n\t\t<title>Clima de inversi\u00f3n cae de manera hist\u00f3rica en Alemania - El Digital de Asturias<\/title>\n\n","aioseo_head_json":{"title":"Clima de inversi\u00f3n cae de manera hist\u00f3rica en Alemania - El Digital de Asturias","description":"Mannheim (Alemania), 17 mar (dpa) - El clima de inversi\u00f3n en Alemania registr\u00f3 la mayor ca\u00edda hist\u00f3rica conocida hasta la fecha al pasar del 58,2 por ciento al -49,5 por ciento, inform\u00f3 hoy el Centro de Investigaci\u00f3n Econ\u00f3mica Europea (ZEW). Seg\u00fan se\u00f1al\u00f3 el ZEW, es el nivel m\u00e1s bajo desde diciembre de 2011 y supone","canonical_url":"https:\/\/www.eldigitaldeasturias.com\/noticias\/clima-de-inversion-cae-de-manera-historica-en-alemania\/","robots":"max-image-preview:large","keywords":"econom\u00eda","webmasterTools":{"google-site-verification":"UA-38556648-1","msvalidate.01":"7dfe9f3f1b24437ab69f4f2559babe99","miscellaneous":""},"schema":{"@context":"https:\/\/schema.org","@graph":[{"@type":"BlogPosting","@id":"https:\/\/www.eldigitaldeasturias.com\/noticias\/clima-de-inversion-cae-de-manera-historica-en-alemania\/#blogposting","name":"Clima de inversi\u00f3n cae de manera hist\u00f3rica en Alemania - El Digital de Asturias","headline":"Clima de inversi\u00f3n cae de manera hist\u00f3rica en Alemania","author":{"@id":"https:\/\/www.eldigitaldeasturias.com\/noticias\/author\/admin\/#author"},"publisher":{"@id":"https:\/\/www.eldigitaldeasturias.com\/noticias\/#organization"},"image":{"@type":"ImageObject","url":"https:\/\/www.eldigitaldeasturias.com\/noticias\/wp-content\/uploads\/2015\/11\/euros.jpg","width":800,"height":536,"caption":"euros"},"datePublished":"2020-03-18T01:55:39+01:00","dateModified":"2020-03-18T01:55:39+01:00","inLanguage":"es-ES","mainEntityOfPage":{"@id":"https:\/\/www.eldigitaldeasturias.com\/noticias\/clima-de-inversion-cae-de-manera-historica-en-alemania\/#webpage"},"isPartOf":{"@id":"https:\/\/www.eldigitaldeasturias.com\/noticias\/clima-de-inversion-cae-de-manera-historica-en-alemania\/#webpage"},"articleSection":"Econom\u00eda"},{"@type":"BreadcrumbList","@id":"https:\/\/www.eldigitaldeasturias.com\/noticias\/clima-de-inversion-cae-de-manera-historica-en-alemania\/#breadcrumblist","itemListElement":[{"@type":"ListItem","@id":"https:\/\/www.eldigitaldeasturias.com\/noticias#listItem","position":1,"name":"Home","item":"https:\/\/www.eldigitaldeasturias.com\/noticias","nextItem":{"@type":"ListItem","@id":"https:\/\/www.eldigitaldeasturias.com\/noticias\/category\/economia\/#listItem","name":"Econom\u00eda"}},{"@type":"ListItem","@id":"https:\/\/www.eldigitaldeasturias.com\/noticias\/category\/economia\/#listItem","position":2,"name":"Econom\u00eda","item":"https:\/\/www.eldigitaldeasturias.com\/noticias\/category\/economia\/","nextItem":{"@type":"ListItem","@id":"https:\/\/www.eldigitaldeasturias.com\/noticias\/clima-de-inversion-cae-de-manera-historica-en-alemania\/#listItem","name":"Clima de inversi\u00f3n cae de manera hist\u00f3rica en Alemania"},"previousItem":{"@type":"ListItem","@id":"https:\/\/www.eldigitaldeasturias.com\/noticias#listItem","name":"Home"}},{"@type":"ListItem","@id":"https:\/\/www.eldigitaldeasturias.com\/noticias\/clima-de-inversion-cae-de-manera-historica-en-alemania\/#listItem","position":3,"name":"Clima de inversi\u00f3n cae de manera hist\u00f3rica en Alemania","previousItem":{"@type":"ListItem","@id":"https:\/\/www.eldigitaldeasturias.com\/noticias\/category\/economia\/#listItem","name":"Econom\u00eda"}}]},{"@type":"Organization","@id":"https:\/\/www.eldigitaldeasturias.com\/noticias\/#organization","name":"El Digital de Asturias","description":"Hemeroteca","url":"https:\/\/www.eldigitaldeasturias.com\/noticias\/","email":"info@eldigitaldeasturias.com","telephone":"+34652131393","logo":{"@type":"ImageObject","url":"https:\/\/www.eldigitaldeasturias.com\/noticias\/wp-content\/uploads\/2020\/12\/EDA.jpg","@id":"https:\/\/www.eldigitaldeasturias.com\/noticias\/clima-de-inversion-cae-de-manera-historica-en-alemania\/#organizationLogo","width":649,"height":297},"image":{"@id":"https:\/\/www.eldigitaldeasturias.com\/noticias\/clima-de-inversion-cae-de-manera-historica-en-alemania\/#organizationLogo"},"sameAs":["https:\/\/facebook.com\/eldigitaldeasturias","https:\/\/www.youtube.com\/channel\/UCZP-2wLEB9Rv6erhFmqVnvg"],"address":{"@id":"https:\/\/www.eldigitaldeasturias.com\/noticias\/#postaladdress","@type":"PostalAddress","streetAddress":"san antonio 4,","postalCode":"33430","addressLocality":"Cand\u00e1s","addressRegion":"Asturias","addressCountry":"ES"}},{"@type":"Person","@id":"https:\/\/www.eldigitaldeasturias.com\/noticias\/author\/admin\/#author","url":"https:\/\/www.eldigitaldeasturias.com\/noticias\/author\/admin\/","name":"El Digital de Asturias","image":{"@type":"ImageObject","@id":"https:\/\/www.eldigitaldeasturias.com\/noticias\/clima-de-inversion-cae-de-manera-historica-en-alemania\/#authorImage","url":"https:\/\/www.eldigitaldeasturias.com\/noticias\/wp-content\/litespeed\/avatar\/18677e78aa0546b92d9dbf31ec7d7668.jpg?ver=1777290358","width":96,"height":96,"caption":"El Digital de Asturias"}},{"@type":"WebPage","@id":"https:\/\/www.eldigitaldeasturias.com\/noticias\/clima-de-inversion-cae-de-manera-historica-en-alemania\/#webpage","url":"https:\/\/www.eldigitaldeasturias.com\/noticias\/clima-de-inversion-cae-de-manera-historica-en-alemania\/","name":"Clima de inversi\u00f3n cae de manera hist\u00f3rica en Alemania - El Digital de Asturias","description":"Mannheim (Alemania), 17 mar (dpa) - El clima de inversi\u00f3n en Alemania registr\u00f3 la mayor ca\u00edda hist\u00f3rica conocida hasta la fecha al pasar del 58,2 por ciento al -49,5 por ciento, inform\u00f3 hoy el Centro de Investigaci\u00f3n Econ\u00f3mica Europea (ZEW). Seg\u00fan se\u00f1al\u00f3 el ZEW, es el nivel m\u00e1s bajo desde diciembre de 2011 y supone","inLanguage":"es-ES","isPartOf":{"@id":"https:\/\/www.eldigitaldeasturias.com\/noticias\/#website"},"breadcrumb":{"@id":"https:\/\/www.eldigitaldeasturias.com\/noticias\/clima-de-inversion-cae-de-manera-historica-en-alemania\/#breadcrumblist"},"author":{"@id":"https:\/\/www.eldigitaldeasturias.com\/noticias\/author\/admin\/#author"},"creator":{"@id":"https:\/\/www.eldigitaldeasturias.com\/noticias\/author\/admin\/#author"},"image":{"@type":"ImageObject","url":"https:\/\/www.eldigitaldeasturias.com\/noticias\/wp-content\/uploads\/2015\/11\/euros.jpg","@id":"https:\/\/www.eldigitaldeasturias.com\/noticias\/clima-de-inversion-cae-de-manera-historica-en-alemania\/#mainImage","width":800,"height":536,"caption":"euros"},"primaryImageOfPage":{"@id":"https:\/\/www.eldigitaldeasturias.com\/noticias\/clima-de-inversion-cae-de-manera-historica-en-alemania\/#mainImage"},"datePublished":"2020-03-18T01:55:39+01:00","dateModified":"2020-03-18T01:55:39+01:00"},{"@type":"WebSite","@id":"https:\/\/www.eldigitaldeasturias.com\/noticias\/#website","url":"https:\/\/www.eldigitaldeasturias.com\/noticias\/","name":"El Digital de Asturias - Diario de actualidad y noticias","alternateName":"El Digital de Asturias - Diario de actualidad y noticias","description":"Hemeroteca","inLanguage":"es-ES","publisher":{"@id":"https:\/\/www.eldigitaldeasturias.com\/noticias\/#organization"}}]},"og:locale":"es_ES","og:site_name":"El Digital de Asturias","og:type":"article","og:title":"Clima de inversi\u00f3n cae de manera hist\u00f3rica en Alemania - El Digital de Asturias","og:description":"Mannheim (Alemania), 17 mar (dpa) - El clima de inversi\u00f3n en Alemania registr\u00f3 la mayor ca\u00edda hist\u00f3rica conocida hasta la fecha al pasar del 58,2 por ciento al -49,5 por ciento, inform\u00f3 hoy el Centro de Investigaci\u00f3n Econ\u00f3mica Europea (ZEW). Seg\u00fan se\u00f1al\u00f3 el ZEW, es el nivel m\u00e1s bajo desde diciembre de 2011 y supone","og:url":"https:\/\/www.eldigitaldeasturias.com\/noticias\/clima-de-inversion-cae-de-manera-historica-en-alemania\/","og:image":"https:\/\/www.eldigitaldeasturias.com\/noticias\/wp-content\/uploads\/2015\/11\/euros.jpg","og:image:secure_url":"https:\/\/www.eldigitaldeasturias.com\/noticias\/wp-content\/uploads\/2015\/11\/euros.jpg","og:image:width":800,"og:image:height":536,"article:tag":["econom\u00eda"],"article:published_time":"2020-03-18T01:55:39+00:00","article:modified_time":"2020-03-18T01:55:39+00:00","article:publisher":"https:\/\/facebook.com\/eldigitaldeasturias","twitter:card":"summary_large_image","twitter:title":"Clima de inversi\u00f3n cae de manera hist\u00f3rica en Alemania - El Digital de Asturias","twitter:description":"Mannheim (Alemania), 17 mar (dpa) - El clima de inversi\u00f3n en Alemania registr\u00f3 la mayor ca\u00edda hist\u00f3rica conocida hasta la fecha al pasar del 58,2 por ciento al -49,5 por ciento, inform\u00f3 hoy el Centro de Investigaci\u00f3n Econ\u00f3mica Europea (ZEW). Seg\u00fan se\u00f1al\u00f3 el ZEW, es el nivel m\u00e1s bajo desde diciembre de 2011 y supone","twitter:image":"https:\/\/www.eldigitaldeasturias.com\/noticias\/wp-content\/uploads\/2015\/11\/euros.jpg","twitter:label1":"Escrito por","twitter:data1":"El Digital de Asturias","twitter:label2":"Tiempo de lectura estimado","twitter:data2":"1 minuto"},"aioseo_meta_data":{"post_id":"1061103","title":null,"description":null,"keywords":null,"keyphrases":null,"primary_term":null,"canonical_url":null,"og_title":null,"og_description":null,"og_object_type":"default","og_image_type":"default","og_image_url":null,"og_image_width":null,"og_image_height":null,"og_image_custom_url":null,"og_image_custom_fields":null,"og_video":null,"og_custom_url":null,"og_article_section":null,"og_article_tags":null,"twitter_use_og":false,"twitter_card":"default","twitter_image_type":"default","twitter_image_url":null,"twitter_image_custom_url":null,"twitter_image_custom_fields":null,"twitter_title":null,"twitter_description":null,"schema":{"blockGraphs":[],"customGraphs":[],"default":{"data":{"Article":[],"Course":[],"Dataset":[],"FAQPage":[],"Movie":[],"Person":[],"Product":[],"ProductReview":[],"Car":[],"Recipe":[],"Service":[],"SoftwareApplication":[],"WebPage":[]},"graphName":"","isEnabled":true},"graphs":[],"defaultGraph":"","defaultPostTypeGraph":""},"schema_type":null,"schema_type_options":null,"pillar_content":false,"robots_default":true,"robots_noindex":false,"robots_noarchive":false,"robots_nosnippet":false,"robots_nofollow":false,"robots_noimageindex":false,"robots_noodp":false,"robots_notranslate":false,"robots_max_snippet":null,"robots_max_videopreview":null,"robots_max_imagepreview":"large","priority":null,"frequency":null,"local_seo":null,"seo_analyzer_scan_date":"2025-10-31 14:22:08","breadcrumb_settings":null,"limit_modified_date":false,"open_ai":null,"ai":null,"created":"2020-12-21 10:53:39","updated":"2025-10-31 14:22:08"},"aioseo_breadcrumb":"<div class=\"aioseo-breadcrumbs\"><span class=\"aioseo-breadcrumb\">\n\t<a href=\"https:\/\/www.eldigitaldeasturias.com\/noticias\" title=\"Home\">Home<\/a>\n<\/span><span class=\"aioseo-breadcrumb-separator\">\u2013<\/span><span class=\"aioseo-breadcrumb\">\n\t<a href=\"https:\/\/www.eldigitaldeasturias.com\/noticias\/category\/economia\/\" title=\"Econom\u00eda\">Econom\u00eda<\/a>\n<\/span><span class=\"aioseo-breadcrumb-separator\">\u2013<\/span><span class=\"aioseo-breadcrumb\">\n\t<a href=\"https:\/\/www.eldigitaldeasturias.com\/noticias\/clima-de-inversion-cae-de-manera-historica-en-alemania\/\" title=\"Clima de inversi\u00f3n cae de manera hist\u00f3rica en Alemania\">Clima de inversi\u00f3n cae de manera hist\u00f3rica en Alemania<\/a>\n<\/span><\/div>","aioseo_breadcrumb_json":[{"label":"Home","link":"https:\/\/www.eldigitaldeasturias.com\/noticias"},{"label":"Econom\u00eda","link":"https:\/\/www.eldigitaldeasturias.com\/noticias\/category\/economia\/"},{"label":"Clima de inversi\u00f3n cae de manera hist\u00f3rica en Alemania","link":"https:\/\/www.eldigitaldeasturias.com\/noticias\/clima-de-inversion-cae-de-manera-historica-en-alemania\/"}],"_links":{"self":[{"href":"https:\/\/www.eldigitaldeasturias.com\/noticias\/wp-json\/wp\/v2\/posts\/1061103","targetHints":{"allow":["GET"]}}],"collection":[{"href":"https:\/\/www.eldigitaldeasturias.com\/noticias\/wp-json\/wp\/v2\/posts"}],"about":[{"href":"https:\/\/www.eldigitaldeasturias.com\/noticias\/wp-json\/wp\/v2\/types\/post"}],"author":[{"embeddable":true,"href":"https:\/\/www.eldigitaldeasturias.com\/noticias\/wp-json\/wp\/v2\/users\/1"}],"replies":[{"embeddable":true,"href":"https:\/\/www.eldigitaldeasturias.com\/noticias\/wp-json\/wp\/v2\/comments?post=1061103"}],"version-history":[{"count":0,"href":"https:\/\/www.eldigitaldeasturias.com\/noticias\/wp-json\/wp\/v2\/posts\/1061103\/revisions"}],"wp:featuredmedia":[{"embeddable":true,"href":"https:\/\/www.eldigitaldeasturias.com\/noticias\/wp-json\/wp\/v2\/media\/822740"}],"wp:attachment":[{"href":"https:\/\/www.eldigitaldeasturias.com\/noticias\/wp-json\/wp\/v2\/media?parent=1061103"}],"wp:term":[{"taxonomy":"category","embeddable":true,"href":"https:\/\/www.eldigitaldeasturias.com\/noticias\/wp-json\/wp\/v2\/categories?post=1061103"},{"taxonomy":"post_tag","embeddable":true,"href":"https:\/\/www.eldigitaldeasturias.com\/noticias\/wp-json\/wp\/v2\/tags?post=1061103"}],"curies":[{"name":"wp","href":"https:\/\/api.w.org\/{rel}","templated":true}]}}