{"id":1061091,"date":"2020-03-18T01:23:30","date_gmt":"2020-03-18T01:23:30","guid":{"rendered":"https:\/\/www.eldigitaldeasturias.com\/noticias\/?p=1061091"},"modified":"2020-03-18T01:23:30","modified_gmt":"2020-03-18T01:23:30","slug":"7-de-cada-10-empresas-tic-preveian-crear-empleo-en-primavera-antes-del-covid-19","status":"publish","type":"post","link":"https:\/\/www.eldigitaldeasturias.com\/noticias\/7-de-cada-10-empresas-tic-preveian-crear-empleo-en-primavera-antes-del-covid-19\/","title":{"rendered":"7 de cada 10 empresas TIC preve\u00edan crear empleo en primavera antes del COVID-19"},"content":{"rendered":"<p>El pasado mes de febrero, cuando la crisis por el coronavirus a\u00fan no hab\u00eda impactado de lleno en Espa\u00f1a,<strong>\u00a07 de cada 10 empresas del sector de los servicios digitales y las TIC preve\u00edan crear empleo durante los siguientes tres meses.<\/strong><\/p>\n<p><img loading=\"lazy\" decoding=\"async\" class=\"aligncenter wp-image-1061092\" src=\"https:\/\/www.eldigitaldeasturias.com\/noticias\/wp-content\/uploads\/2020\/03\/1584440308_TIC_Monitor_VASS_marzo_2020_page_0001-360x255.jpg\" alt=\"\" width=\"670\" height=\"474\" srcset=\"https:\/\/www.eldigitaldeasturias.com\/noticias\/wp-content\/uploads\/2020\/03\/1584440308_TIC_Monitor_VASS_marzo_2020_page_0001-360x255.jpg 360w, https:\/\/www.eldigitaldeasturias.com\/noticias\/wp-content\/uploads\/2020\/03\/1584440308_TIC_Monitor_VASS_marzo_2020_page_0001-679x480.jpg 679w, https:\/\/www.eldigitaldeasturias.com\/noticias\/wp-content\/uploads\/2020\/03\/1584440308_TIC_Monitor_VASS_marzo_2020_page_0001-424x300.jpg 424w, https:\/\/www.eldigitaldeasturias.com\/noticias\/wp-content\/uploads\/2020\/03\/1584440308_TIC_Monitor_VASS_marzo_2020_page_0001-768x543.jpg 768w, https:\/\/www.eldigitaldeasturias.com\/noticias\/wp-content\/uploads\/2020\/03\/1584440308_TIC_Monitor_VASS_marzo_2020_page_0001-1536x1086.jpg 1536w, https:\/\/www.eldigitaldeasturias.com\/noticias\/wp-content\/uploads\/2020\/03\/1584440308_TIC_Monitor_VASS_marzo_2020_page_0001-1024x724.jpg 1024w, https:\/\/www.eldigitaldeasturias.com\/noticias\/wp-content\/uploads\/2020\/03\/1584440308_TIC_Monitor_VASS_marzo_2020_page_0001.jpg 1755w\" sizes=\"auto, (max-width: 670px) 100vw, 670px\" \/><\/p>\n<p>As\u00ed lo refleja la \u00faltima entrega del bar\u00f3metro\u00a0<strong>TIC Monitor<\/strong>\u00a0elaborado cada mes por la empresa l\u00edder en soluciones digitales\u00a0<span style=\"color: #ff6600;\"><a style=\"color: #ff6600;\" href=\"https:\/\/www.vass.es\/vass-research\/\" target=\"_blank\" rel=\"nofollow noopener noreferrer\"><strong>VASS<\/strong><\/a><\/span>\u00a0y el Centro de Predicci\u00f3n Econ\u00f3mica\u00a0<span style=\"color: #ff6600;\"><a style=\"color: #ff6600;\" href=\"https:\/\/www.ceprede.es\/index.asp\" target=\"_blank\" rel=\"nofollow noopener noreferrer\"><strong>CEPREDE<\/strong><\/a><\/span><strong>.\u00a0<\/strong>Seg\u00fan este informe,\u00a0<strong>el 70,45% de las empresas del sector pensaba que las expectativas de empleo eran buenas<\/strong>\u00a0frente al 29,55% que percib\u00eda un empeoramiento, lo cual, en una escala de +\/-100, hace un promedio neto positivo del 40,9%,\u00a0<strong>un 20% mejor que\u00a0<\/strong><span style=\"color: #ff6600;\"><a style=\"color: #ff6600;\" href=\"https:\/\/www.vass.es\/noticia\/desciende-de-8-a-6-de-cada-10-el-numero-de-empresarios-que-preve-aumentar-su-facturacion-a-corto-plazo\/\" target=\"_blank\" rel=\"nofollow noopener noreferrer\"><strong>el mes anterior<\/strong><\/a><\/span>\u00a0en el pa\u00eds y tambi\u00e9n por encima del promedio sectorial en la UE 27, que, tras la salida del Reino Unido, queda en los +32,7 puntos.<\/p>\n<p>Acorde con estas cifras, y sondeados tambi\u00e9n los empresarios por sus previsiones de facturaci\u00f3n de cara a la primavera,\u00a0<strong>un 73,45% de ellos manten\u00eda su optimismo en t\u00e9rminos de crecimiento de actividad para el siguiente trimestre<\/strong>, lo que equivaldr\u00eda a un promedio neto, frente al 26,55% que preve\u00eda un empeoramiento, de +46,9 puntos en una escala de +\/-100. En comparaci\u00f3n con el promedio comunitario, Espa\u00f1a estar\u00eda un 53% por encima, lo que, para\u00a0<strong>Antonio Rueda<\/strong>,\u00a0<strong>director de VASS Research y<\/strong>\u00a0<strong>responsable de TIC Monitor,\u00a0<\/strong>significa que el sector de los servicios digitales es \u00abuno de los m\u00e1s din\u00e1micos y estrat\u00e9gicos de la moderna econom\u00eda espa\u00f1ola\u00bb.<\/p>\n<p>\u00abTan robustos cimientos alimentan unas expectativas que remontan de una manera muy notable respecto al mes anterior y, aunque no se recoge aqu\u00ed a\u00fan el efecto del coronavirus, s\u00ed que es palpable que, al menos, las empresas TIC se han mantenido inmunes al efecto del Brexit\u00bb, a\u00f1ade el tambi\u00e9n profesor del Departamento de Estructura Econ\u00f3mica y Econom\u00eda del Desarrollo de la UAM.<\/p>\n<p><strong>2019, un a\u00f1o de consolidaci\u00f3n<\/strong><\/p>\n<p>TIC Monitor de marzo tambi\u00e9n brinda datos concluyentes acerca del cierre del ejercicio de 2019. En t\u00e9rminos de facturaci\u00f3n, este bar\u00f3metro revela que el <strong>crecimiento interanual fue del +4,3%\u00a0<\/strong>(dic-19 \/ dic-18), repuntando fuertemente sobre el dato del mes anterior (+0,4%) y dejando el promedio anual en un meritorio +4,6%. Adem\u00e1s, descontando el efecto de los precios, el crecimiento de actividad en t\u00e9rminos reales (volumen) alcanz\u00f3 en 2019 un +3,2%, muy por encima del promedio nacional (2%).<\/p>\n<p>El balance de\u00a0<strong>la contrataci\u00f3n laboral durante todo 2019 tambi\u00e9n ha sido positivo<\/strong>, ya que, aunque rompe la larga serie de meses con incrementos superiores al +4,5%, culmina con un crecimiento interanual del +4,3% (dic-19 \/ dic-18).<\/p>\n<p>\u00abMantener esta din\u00e1mica cuando la facturaci\u00f3n por empleado ha ca\u00eddo en promedio un 0,3% en los \u00faltimos 12 meses, marca la apuesta por un escenario que sigue teniendo en la transformaci\u00f3n digital a uno de sus vectores de desarrollo m\u00e1s estrat\u00e9gicos\u00bb, concluye Antonio Rueda.<\/p>\n<p>&nbsp;<\/p>\n","protected":false},"excerpt":{"rendered":"<p>El pasado mes de febrero, cuando la crisis por el coronavirus a\u00fan no hab\u00eda impactado de lleno en Espa\u00f1a,\u00a07 de cada 10 empresas del sector de los servicios digitales y las TIC preve\u00edan crear empleo durante los siguientes tres meses. As\u00ed lo refleja la \u00faltima entrega del bar\u00f3metro\u00a0TIC Monitor\u00a0elaborado cada mes por la empresa l\u00edder [&hellip;]<\/p>\n","protected":false},"author":1,"featured_media":1061092,"comment_status":"closed","ping_status":"closed","sticky":false,"template":"","format":"standard","meta":{"footnotes":""},"categories":[219],"tags":[],"class_list":["post-1061091","post","type-post","status-publish","format-standard","has-post-thumbnail","hentry","category-negocios-y-empresas"],"aioseo_notices":[],"aioseo_head":"\n\t\t<!-- All in One SEO Pro 4.9.6.2 - aioseo.com -->\n\t<meta name=\"description\" content=\"El pasado mes de febrero, cuando la crisis por el coronavirus a\u00fan no hab\u00eda impactado de lleno en Espa\u00f1a, 7 de cada 10 empresas del sector de los servicios digitales y las TIC preve\u00edan crear empleo durante los siguientes tres meses. As\u00ed lo refleja la \u00faltima entrega del bar\u00f3metro TIC Monitor elaborado cada mes por la empresa l\u00edder\" \/>\n\t<meta name=\"robots\" content=\"max-image-preview:large\" \/>\n\t<meta name=\"author\" content=\"El Digital de Asturias\"\/>\n\t<meta name=\"google-site-verification\" content=\"UA-38556648-1\" \/>\n\t<meta name=\"msvalidate.01\" content=\"7dfe9f3f1b24437ab69f4f2559babe99\" \/>\n\t<meta name=\"keywords\" content=\"negocios y empresas\" \/>\n\t<link rel=\"canonical\" href=\"https:\/\/www.eldigitaldeasturias.com\/noticias\/7-de-cada-10-empresas-tic-preveian-crear-empleo-en-primavera-antes-del-covid-19\/\" \/>\n\t<meta name=\"generator\" content=\"All in One SEO Pro (AIOSEO) 4.9.6.2\" \/>\n\t\t<meta property=\"og:locale\" content=\"es_ES\" \/>\n\t\t<meta property=\"og:site_name\" content=\"El Digital de Asturias\" \/>\n\t\t<meta property=\"og:type\" content=\"article\" \/>\n\t\t<meta property=\"og:title\" content=\"7 de cada 10 empresas TIC preve\u00edan crear empleo en primavera antes del COVID-19 - El Digital de Asturias\" \/>\n\t\t<meta property=\"og:description\" content=\"El pasado mes de febrero, cuando la crisis por el coronavirus a\u00fan no hab\u00eda impactado de lleno en Espa\u00f1a, 7 de cada 10 empresas del sector de los servicios digitales y las TIC preve\u00edan crear empleo durante los siguientes tres meses. As\u00ed lo refleja la \u00faltima entrega del bar\u00f3metro TIC Monitor elaborado cada mes por la empresa l\u00edder\" \/>\n\t\t<meta property=\"og:url\" content=\"https:\/\/www.eldigitaldeasturias.com\/noticias\/7-de-cada-10-empresas-tic-preveian-crear-empleo-en-primavera-antes-del-covid-19\/\" \/>\n\t\t<meta property=\"og:image\" content=\"https:\/\/www.eldigitaldeasturias.com\/noticias\/wp-content\/uploads\/2020\/03\/1584440308_TIC_Monitor_VASS_marzo_2020_page_0001.jpg\" \/>\n\t\t<meta property=\"og:image:secure_url\" content=\"https:\/\/www.eldigitaldeasturias.com\/noticias\/wp-content\/uploads\/2020\/03\/1584440308_TIC_Monitor_VASS_marzo_2020_page_0001.jpg\" \/>\n\t\t<meta property=\"og:image:width\" content=\"1755\" \/>\n\t\t<meta property=\"og:image:height\" content=\"1241\" \/>\n\t\t<meta property=\"article:tag\" content=\"negocios y empresas\" \/>\n\t\t<meta property=\"article:published_time\" content=\"2020-03-18T01:23:30+00:00\" \/>\n\t\t<meta property=\"article:modified_time\" content=\"2020-03-18T01:23:30+00:00\" \/>\n\t\t<meta property=\"article:publisher\" content=\"https:\/\/facebook.com\/eldigitaldeasturias\" \/>\n\t\t<meta name=\"twitter:card\" content=\"summary_large_image\" \/>\n\t\t<meta name=\"twitter:title\" content=\"7 de cada 10 empresas TIC preve\u00edan crear empleo en primavera antes del COVID-19 - El Digital de Asturias\" \/>\n\t\t<meta name=\"twitter:description\" content=\"El pasado mes de febrero, cuando la crisis por el coronavirus a\u00fan no hab\u00eda impactado de lleno en Espa\u00f1a, 7 de cada 10 empresas del sector de los servicios digitales y las TIC preve\u00edan crear empleo durante los siguientes tres meses. As\u00ed lo refleja la \u00faltima entrega del bar\u00f3metro TIC Monitor elaborado cada mes por la empresa l\u00edder\" \/>\n\t\t<meta name=\"twitter:image\" content=\"https:\/\/www.eldigitaldeasturias.com\/noticias\/wp-content\/uploads\/2020\/03\/1584440308_TIC_Monitor_VASS_marzo_2020_page_0001.jpg\" \/>\n\t\t<meta name=\"twitter:label1\" content=\"Escrito por\" \/>\n\t\t<meta name=\"twitter:data1\" content=\"El Digital de Asturias\" \/>\n\t\t<meta name=\"twitter:label2\" content=\"Tiempo de lectura estimado\" \/>\n\t\t<meta name=\"twitter:data2\" content=\"2 minutos\" \/>\n\t\t<script type=\"application\/ld+json\" class=\"aioseo-schema\">\n\t\t\t{\"@context\":\"https:\\\/\\\/schema.org\",\"@graph\":[{\"@type\":\"BlogPosting\",\"@id\":\"https:\\\/\\\/www.eldigitaldeasturias.com\\\/noticias\\\/7-de-cada-10-empresas-tic-preveian-crear-empleo-en-primavera-antes-del-covid-19\\\/#blogposting\",\"name\":\"7 de cada 10 empresas TIC preve\\u00edan crear empleo en primavera antes del COVID-19 - El Digital de Asturias\",\"headline\":\"7 de cada 10 empresas TIC preve\\u00edan crear empleo en primavera antes del COVID-19\",\"author\":{\"@id\":\"https:\\\/\\\/www.eldigitaldeasturias.com\\\/noticias\\\/author\\\/admin\\\/#author\"},\"publisher\":{\"@id\":\"https:\\\/\\\/www.eldigitaldeasturias.com\\\/noticias\\\/#organization\"},\"image\":{\"@type\":\"ImageObject\",\"url\":\"https:\\\/\\\/www.eldigitaldeasturias.com\\\/noticias\\\/wp-content\\\/uploads\\\/2020\\\/03\\\/1584440308_TIC_Monitor_VASS_marzo_2020_page_0001.jpg\",\"width\":1755,\"height\":1241},\"datePublished\":\"2020-03-18T01:23:30+01:00\",\"dateModified\":\"2020-03-18T01:23:30+01:00\",\"inLanguage\":\"es-ES\",\"mainEntityOfPage\":{\"@id\":\"https:\\\/\\\/www.eldigitaldeasturias.com\\\/noticias\\\/7-de-cada-10-empresas-tic-preveian-crear-empleo-en-primavera-antes-del-covid-19\\\/#webpage\"},\"isPartOf\":{\"@id\":\"https:\\\/\\\/www.eldigitaldeasturias.com\\\/noticias\\\/7-de-cada-10-empresas-tic-preveian-crear-empleo-en-primavera-antes-del-covid-19\\\/#webpage\"},\"articleSection\":\"Negocios y Empresas\"},{\"@type\":\"BreadcrumbList\",\"@id\":\"https:\\\/\\\/www.eldigitaldeasturias.com\\\/noticias\\\/7-de-cada-10-empresas-tic-preveian-crear-empleo-en-primavera-antes-del-covid-19\\\/#breadcrumblist\",\"itemListElement\":[{\"@type\":\"ListItem\",\"@id\":\"https:\\\/\\\/www.eldigitaldeasturias.com\\\/noticias#listItem\",\"position\":1,\"name\":\"Home\",\"item\":\"https:\\\/\\\/www.eldigitaldeasturias.com\\\/noticias\",\"nextItem\":{\"@type\":\"ListItem\",\"@id\":\"https:\\\/\\\/www.eldigitaldeasturias.com\\\/noticias\\\/category\\\/negocios-y-empresas\\\/#listItem\",\"name\":\"Negocios y Empresas\"}},{\"@type\":\"ListItem\",\"@id\":\"https:\\\/\\\/www.eldigitaldeasturias.com\\\/noticias\\\/category\\\/negocios-y-empresas\\\/#listItem\",\"position\":2,\"name\":\"Negocios y Empresas\",\"item\":\"https:\\\/\\\/www.eldigitaldeasturias.com\\\/noticias\\\/category\\\/negocios-y-empresas\\\/\",\"nextItem\":{\"@type\":\"ListItem\",\"@id\":\"https:\\\/\\\/www.eldigitaldeasturias.com\\\/noticias\\\/7-de-cada-10-empresas-tic-preveian-crear-empleo-en-primavera-antes-del-covid-19\\\/#listItem\",\"name\":\"7 de cada 10 empresas TIC preve\\u00edan crear empleo en primavera antes del COVID-19\"},\"previousItem\":{\"@type\":\"ListItem\",\"@id\":\"https:\\\/\\\/www.eldigitaldeasturias.com\\\/noticias#listItem\",\"name\":\"Home\"}},{\"@type\":\"ListItem\",\"@id\":\"https:\\\/\\\/www.eldigitaldeasturias.com\\\/noticias\\\/7-de-cada-10-empresas-tic-preveian-crear-empleo-en-primavera-antes-del-covid-19\\\/#listItem\",\"position\":3,\"name\":\"7 de cada 10 empresas TIC preve\\u00edan crear empleo en primavera antes del COVID-19\",\"previousItem\":{\"@type\":\"ListItem\",\"@id\":\"https:\\\/\\\/www.eldigitaldeasturias.com\\\/noticias\\\/category\\\/negocios-y-empresas\\\/#listItem\",\"name\":\"Negocios y Empresas\"}}]},{\"@type\":\"Organization\",\"@id\":\"https:\\\/\\\/www.eldigitaldeasturias.com\\\/noticias\\\/#organization\",\"name\":\"El Digital de Asturias\",\"description\":\"Hemeroteca\",\"url\":\"https:\\\/\\\/www.eldigitaldeasturias.com\\\/noticias\\\/\",\"email\":\"info@eldigitaldeasturias.com\",\"telephone\":\"+34652131393\",\"logo\":{\"@type\":\"ImageObject\",\"url\":\"https:\\\/\\\/www.eldigitaldeasturias.com\\\/noticias\\\/wp-content\\\/uploads\\\/2020\\\/12\\\/EDA.jpg\",\"@id\":\"https:\\\/\\\/www.eldigitaldeasturias.com\\\/noticias\\\/7-de-cada-10-empresas-tic-preveian-crear-empleo-en-primavera-antes-del-covid-19\\\/#organizationLogo\",\"width\":649,\"height\":297},\"image\":{\"@id\":\"https:\\\/\\\/www.eldigitaldeasturias.com\\\/noticias\\\/7-de-cada-10-empresas-tic-preveian-crear-empleo-en-primavera-antes-del-covid-19\\\/#organizationLogo\"},\"sameAs\":[\"https:\\\/\\\/facebook.com\\\/eldigitaldeasturias\",\"https:\\\/\\\/www.youtube.com\\\/channel\\\/UCZP-2wLEB9Rv6erhFmqVnvg\"],\"address\":{\"@id\":\"https:\\\/\\\/www.eldigitaldeasturias.com\\\/noticias\\\/#postaladdress\",\"@type\":\"PostalAddress\",\"streetAddress\":\"san antonio 4,\",\"postalCode\":\"33430\",\"addressLocality\":\"Cand\\u00e1s\",\"addressRegion\":\"Asturias\",\"addressCountry\":\"ES\"}},{\"@type\":\"Person\",\"@id\":\"https:\\\/\\\/www.eldigitaldeasturias.com\\\/noticias\\\/author\\\/admin\\\/#author\",\"url\":\"https:\\\/\\\/www.eldigitaldeasturias.com\\\/noticias\\\/author\\\/admin\\\/\",\"name\":\"El Digital de Asturias\",\"image\":{\"@type\":\"ImageObject\",\"@id\":\"https:\\\/\\\/www.eldigitaldeasturias.com\\\/noticias\\\/7-de-cada-10-empresas-tic-preveian-crear-empleo-en-primavera-antes-del-covid-19\\\/#authorImage\",\"url\":\"https:\\\/\\\/www.eldigitaldeasturias.com\\\/noticias\\\/wp-content\\\/litespeed\\\/avatar\\\/18677e78aa0546b92d9dbf31ec7d7668.jpg?ver=1777290358\",\"width\":96,\"height\":96,\"caption\":\"El Digital de Asturias\"}},{\"@type\":\"WebPage\",\"@id\":\"https:\\\/\\\/www.eldigitaldeasturias.com\\\/noticias\\\/7-de-cada-10-empresas-tic-preveian-crear-empleo-en-primavera-antes-del-covid-19\\\/#webpage\",\"url\":\"https:\\\/\\\/www.eldigitaldeasturias.com\\\/noticias\\\/7-de-cada-10-empresas-tic-preveian-crear-empleo-en-primavera-antes-del-covid-19\\\/\",\"name\":\"7 de cada 10 empresas TIC preve\\u00edan crear empleo en primavera antes del COVID-19 - El Digital de Asturias\",\"description\":\"El pasado mes de febrero, cuando la crisis por el coronavirus a\\u00fan no hab\\u00eda impactado de lleno en Espa\\u00f1a, 7 de cada 10 empresas del sector de los servicios digitales y las TIC preve\\u00edan crear empleo durante los siguientes tres meses. As\\u00ed lo refleja la \\u00faltima entrega del bar\\u00f3metro TIC Monitor elaborado cada mes por la empresa l\\u00edder\",\"inLanguage\":\"es-ES\",\"isPartOf\":{\"@id\":\"https:\\\/\\\/www.eldigitaldeasturias.com\\\/noticias\\\/#website\"},\"breadcrumb\":{\"@id\":\"https:\\\/\\\/www.eldigitaldeasturias.com\\\/noticias\\\/7-de-cada-10-empresas-tic-preveian-crear-empleo-en-primavera-antes-del-covid-19\\\/#breadcrumblist\"},\"author\":{\"@id\":\"https:\\\/\\\/www.eldigitaldeasturias.com\\\/noticias\\\/author\\\/admin\\\/#author\"},\"creator\":{\"@id\":\"https:\\\/\\\/www.eldigitaldeasturias.com\\\/noticias\\\/author\\\/admin\\\/#author\"},\"image\":{\"@type\":\"ImageObject\",\"url\":\"https:\\\/\\\/www.eldigitaldeasturias.com\\\/noticias\\\/wp-content\\\/uploads\\\/2020\\\/03\\\/1584440308_TIC_Monitor_VASS_marzo_2020_page_0001.jpg\",\"@id\":\"https:\\\/\\\/www.eldigitaldeasturias.com\\\/noticias\\\/7-de-cada-10-empresas-tic-preveian-crear-empleo-en-primavera-antes-del-covid-19\\\/#mainImage\",\"width\":1755,\"height\":1241},\"primaryImageOfPage\":{\"@id\":\"https:\\\/\\\/www.eldigitaldeasturias.com\\\/noticias\\\/7-de-cada-10-empresas-tic-preveian-crear-empleo-en-primavera-antes-del-covid-19\\\/#mainImage\"},\"datePublished\":\"2020-03-18T01:23:30+01:00\",\"dateModified\":\"2020-03-18T01:23:30+01:00\"},{\"@type\":\"WebSite\",\"@id\":\"https:\\\/\\\/www.eldigitaldeasturias.com\\\/noticias\\\/#website\",\"url\":\"https:\\\/\\\/www.eldigitaldeasturias.com\\\/noticias\\\/\",\"name\":\"El Digital de Asturias - Diario de actualidad y noticias\",\"alternateName\":\"El Digital de Asturias - Diario de actualidad y noticias\",\"description\":\"Hemeroteca\",\"inLanguage\":\"es-ES\",\"publisher\":{\"@id\":\"https:\\\/\\\/www.eldigitaldeasturias.com\\\/noticias\\\/#organization\"}}]}\n\t\t<\/script>\n\t\t<!-- All in One SEO Pro -->\r\n\t\t<title>7 de cada 10 empresas TIC preve\u00edan crear empleo en primavera antes del COVID-19 - El Digital de Asturias<\/title>\n\n","aioseo_head_json":{"title":"7 de cada 10 empresas TIC preve\u00edan crear empleo en primavera antes del COVID-19 - El Digital de Asturias","description":"El pasado mes de febrero, cuando la crisis por el coronavirus a\u00fan no hab\u00eda impactado de lleno en Espa\u00f1a, 7 de cada 10 empresas del sector de los servicios digitales y las TIC preve\u00edan crear empleo durante los siguientes tres meses. As\u00ed lo refleja la \u00faltima entrega del bar\u00f3metro TIC Monitor elaborado cada mes por la empresa l\u00edder","canonical_url":"https:\/\/www.eldigitaldeasturias.com\/noticias\/7-de-cada-10-empresas-tic-preveian-crear-empleo-en-primavera-antes-del-covid-19\/","robots":"max-image-preview:large","keywords":"negocios y empresas","webmasterTools":{"google-site-verification":"UA-38556648-1","msvalidate.01":"7dfe9f3f1b24437ab69f4f2559babe99","miscellaneous":""},"schema":{"@context":"https:\/\/schema.org","@graph":[{"@type":"BlogPosting","@id":"https:\/\/www.eldigitaldeasturias.com\/noticias\/7-de-cada-10-empresas-tic-preveian-crear-empleo-en-primavera-antes-del-covid-19\/#blogposting","name":"7 de cada 10 empresas TIC preve\u00edan crear empleo en primavera antes del COVID-19 - El Digital de Asturias","headline":"7 de cada 10 empresas TIC preve\u00edan crear empleo en primavera antes del COVID-19","author":{"@id":"https:\/\/www.eldigitaldeasturias.com\/noticias\/author\/admin\/#author"},"publisher":{"@id":"https:\/\/www.eldigitaldeasturias.com\/noticias\/#organization"},"image":{"@type":"ImageObject","url":"https:\/\/www.eldigitaldeasturias.com\/noticias\/wp-content\/uploads\/2020\/03\/1584440308_TIC_Monitor_VASS_marzo_2020_page_0001.jpg","width":1755,"height":1241},"datePublished":"2020-03-18T01:23:30+01:00","dateModified":"2020-03-18T01:23:30+01:00","inLanguage":"es-ES","mainEntityOfPage":{"@id":"https:\/\/www.eldigitaldeasturias.com\/noticias\/7-de-cada-10-empresas-tic-preveian-crear-empleo-en-primavera-antes-del-covid-19\/#webpage"},"isPartOf":{"@id":"https:\/\/www.eldigitaldeasturias.com\/noticias\/7-de-cada-10-empresas-tic-preveian-crear-empleo-en-primavera-antes-del-covid-19\/#webpage"},"articleSection":"Negocios y Empresas"},{"@type":"BreadcrumbList","@id":"https:\/\/www.eldigitaldeasturias.com\/noticias\/7-de-cada-10-empresas-tic-preveian-crear-empleo-en-primavera-antes-del-covid-19\/#breadcrumblist","itemListElement":[{"@type":"ListItem","@id":"https:\/\/www.eldigitaldeasturias.com\/noticias#listItem","position":1,"name":"Home","item":"https:\/\/www.eldigitaldeasturias.com\/noticias","nextItem":{"@type":"ListItem","@id":"https:\/\/www.eldigitaldeasturias.com\/noticias\/category\/negocios-y-empresas\/#listItem","name":"Negocios y Empresas"}},{"@type":"ListItem","@id":"https:\/\/www.eldigitaldeasturias.com\/noticias\/category\/negocios-y-empresas\/#listItem","position":2,"name":"Negocios y Empresas","item":"https:\/\/www.eldigitaldeasturias.com\/noticias\/category\/negocios-y-empresas\/","nextItem":{"@type":"ListItem","@id":"https:\/\/www.eldigitaldeasturias.com\/noticias\/7-de-cada-10-empresas-tic-preveian-crear-empleo-en-primavera-antes-del-covid-19\/#listItem","name":"7 de cada 10 empresas TIC preve\u00edan crear empleo en primavera antes del COVID-19"},"previousItem":{"@type":"ListItem","@id":"https:\/\/www.eldigitaldeasturias.com\/noticias#listItem","name":"Home"}},{"@type":"ListItem","@id":"https:\/\/www.eldigitaldeasturias.com\/noticias\/7-de-cada-10-empresas-tic-preveian-crear-empleo-en-primavera-antes-del-covid-19\/#listItem","position":3,"name":"7 de cada 10 empresas TIC preve\u00edan crear empleo en primavera antes del COVID-19","previousItem":{"@type":"ListItem","@id":"https:\/\/www.eldigitaldeasturias.com\/noticias\/category\/negocios-y-empresas\/#listItem","name":"Negocios y Empresas"}}]},{"@type":"Organization","@id":"https:\/\/www.eldigitaldeasturias.com\/noticias\/#organization","name":"El Digital de Asturias","description":"Hemeroteca","url":"https:\/\/www.eldigitaldeasturias.com\/noticias\/","email":"info@eldigitaldeasturias.com","telephone":"+34652131393","logo":{"@type":"ImageObject","url":"https:\/\/www.eldigitaldeasturias.com\/noticias\/wp-content\/uploads\/2020\/12\/EDA.jpg","@id":"https:\/\/www.eldigitaldeasturias.com\/noticias\/7-de-cada-10-empresas-tic-preveian-crear-empleo-en-primavera-antes-del-covid-19\/#organizationLogo","width":649,"height":297},"image":{"@id":"https:\/\/www.eldigitaldeasturias.com\/noticias\/7-de-cada-10-empresas-tic-preveian-crear-empleo-en-primavera-antes-del-covid-19\/#organizationLogo"},"sameAs":["https:\/\/facebook.com\/eldigitaldeasturias","https:\/\/www.youtube.com\/channel\/UCZP-2wLEB9Rv6erhFmqVnvg"],"address":{"@id":"https:\/\/www.eldigitaldeasturias.com\/noticias\/#postaladdress","@type":"PostalAddress","streetAddress":"san antonio 4,","postalCode":"33430","addressLocality":"Cand\u00e1s","addressRegion":"Asturias","addressCountry":"ES"}},{"@type":"Person","@id":"https:\/\/www.eldigitaldeasturias.com\/noticias\/author\/admin\/#author","url":"https:\/\/www.eldigitaldeasturias.com\/noticias\/author\/admin\/","name":"El Digital de Asturias","image":{"@type":"ImageObject","@id":"https:\/\/www.eldigitaldeasturias.com\/noticias\/7-de-cada-10-empresas-tic-preveian-crear-empleo-en-primavera-antes-del-covid-19\/#authorImage","url":"https:\/\/www.eldigitaldeasturias.com\/noticias\/wp-content\/litespeed\/avatar\/18677e78aa0546b92d9dbf31ec7d7668.jpg?ver=1777290358","width":96,"height":96,"caption":"El Digital de Asturias"}},{"@type":"WebPage","@id":"https:\/\/www.eldigitaldeasturias.com\/noticias\/7-de-cada-10-empresas-tic-preveian-crear-empleo-en-primavera-antes-del-covid-19\/#webpage","url":"https:\/\/www.eldigitaldeasturias.com\/noticias\/7-de-cada-10-empresas-tic-preveian-crear-empleo-en-primavera-antes-del-covid-19\/","name":"7 de cada 10 empresas TIC preve\u00edan crear empleo en primavera antes del COVID-19 - El Digital de Asturias","description":"El pasado mes de febrero, cuando la crisis por el coronavirus a\u00fan no hab\u00eda impactado de lleno en Espa\u00f1a, 7 de cada 10 empresas del sector de los servicios digitales y las TIC preve\u00edan crear empleo durante los siguientes tres meses. As\u00ed lo refleja la \u00faltima entrega del bar\u00f3metro TIC Monitor elaborado cada mes por la empresa l\u00edder","inLanguage":"es-ES","isPartOf":{"@id":"https:\/\/www.eldigitaldeasturias.com\/noticias\/#website"},"breadcrumb":{"@id":"https:\/\/www.eldigitaldeasturias.com\/noticias\/7-de-cada-10-empresas-tic-preveian-crear-empleo-en-primavera-antes-del-covid-19\/#breadcrumblist"},"author":{"@id":"https:\/\/www.eldigitaldeasturias.com\/noticias\/author\/admin\/#author"},"creator":{"@id":"https:\/\/www.eldigitaldeasturias.com\/noticias\/author\/admin\/#author"},"image":{"@type":"ImageObject","url":"https:\/\/www.eldigitaldeasturias.com\/noticias\/wp-content\/uploads\/2020\/03\/1584440308_TIC_Monitor_VASS_marzo_2020_page_0001.jpg","@id":"https:\/\/www.eldigitaldeasturias.com\/noticias\/7-de-cada-10-empresas-tic-preveian-crear-empleo-en-primavera-antes-del-covid-19\/#mainImage","width":1755,"height":1241},"primaryImageOfPage":{"@id":"https:\/\/www.eldigitaldeasturias.com\/noticias\/7-de-cada-10-empresas-tic-preveian-crear-empleo-en-primavera-antes-del-covid-19\/#mainImage"},"datePublished":"2020-03-18T01:23:30+01:00","dateModified":"2020-03-18T01:23:30+01:00"},{"@type":"WebSite","@id":"https:\/\/www.eldigitaldeasturias.com\/noticias\/#website","url":"https:\/\/www.eldigitaldeasturias.com\/noticias\/","name":"El Digital de Asturias - Diario de actualidad y noticias","alternateName":"El Digital de Asturias - Diario de actualidad y noticias","description":"Hemeroteca","inLanguage":"es-ES","publisher":{"@id":"https:\/\/www.eldigitaldeasturias.com\/noticias\/#organization"}}]},"og:locale":"es_ES","og:site_name":"El Digital de Asturias","og:type":"article","og:title":"7 de cada 10 empresas TIC preve\u00edan crear empleo en primavera antes del COVID-19 - El Digital de Asturias","og:description":"El pasado mes de febrero, cuando la crisis por el coronavirus a\u00fan no hab\u00eda impactado de lleno en Espa\u00f1a, 7 de cada 10 empresas del sector de los servicios digitales y las TIC preve\u00edan crear empleo durante los siguientes tres meses. As\u00ed lo refleja la \u00faltima entrega del bar\u00f3metro TIC Monitor elaborado cada mes por la empresa l\u00edder","og:url":"https:\/\/www.eldigitaldeasturias.com\/noticias\/7-de-cada-10-empresas-tic-preveian-crear-empleo-en-primavera-antes-del-covid-19\/","og:image":"https:\/\/www.eldigitaldeasturias.com\/noticias\/wp-content\/uploads\/2020\/03\/1584440308_TIC_Monitor_VASS_marzo_2020_page_0001.jpg","og:image:secure_url":"https:\/\/www.eldigitaldeasturias.com\/noticias\/wp-content\/uploads\/2020\/03\/1584440308_TIC_Monitor_VASS_marzo_2020_page_0001.jpg","og:image:width":1755,"og:image:height":1241,"article:tag":["negocios y empresas"],"article:published_time":"2020-03-18T01:23:30+00:00","article:modified_time":"2020-03-18T01:23:30+00:00","article:publisher":"https:\/\/facebook.com\/eldigitaldeasturias","twitter:card":"summary_large_image","twitter:title":"7 de cada 10 empresas TIC preve\u00edan crear empleo en primavera antes del COVID-19 - El Digital de Asturias","twitter:description":"El pasado mes de febrero, cuando la crisis por el coronavirus a\u00fan no hab\u00eda impactado de lleno en Espa\u00f1a, 7 de cada 10 empresas del sector de los servicios digitales y las TIC preve\u00edan crear empleo durante los siguientes tres meses. As\u00ed lo refleja la \u00faltima entrega del bar\u00f3metro TIC Monitor elaborado cada mes por la empresa l\u00edder","twitter:image":"https:\/\/www.eldigitaldeasturias.com\/noticias\/wp-content\/uploads\/2020\/03\/1584440308_TIC_Monitor_VASS_marzo_2020_page_0001.jpg","twitter:label1":"Escrito por","twitter:data1":"El Digital de Asturias","twitter:label2":"Tiempo de lectura estimado","twitter:data2":"2 minutos"},"aioseo_meta_data":{"post_id":"1061091","title":null,"description":null,"keywords":null,"keyphrases":null,"primary_term":null,"canonical_url":null,"og_title":null,"og_description":null,"og_object_type":"default","og_image_type":"default","og_image_url":null,"og_image_width":null,"og_image_height":null,"og_image_custom_url":null,"og_image_custom_fields":null,"og_video":null,"og_custom_url":null,"og_article_section":null,"og_article_tags":null,"twitter_use_og":false,"twitter_card":"default","twitter_image_type":"default","twitter_image_url":null,"twitter_image_custom_url":null,"twitter_image_custom_fields":null,"twitter_title":null,"twitter_description":null,"schema":{"blockGraphs":[],"customGraphs":[],"default":{"data":{"Article":[],"Course":[],"Dataset":[],"FAQPage":[],"Movie":[],"Person":[],"Product":[],"ProductReview":[],"Car":[],"Recipe":[],"Service":[],"SoftwareApplication":[],"WebPage":[]},"graphName":"","isEnabled":true},"graphs":[],"defaultGraph":"","defaultPostTypeGraph":""},"schema_type":null,"schema_type_options":null,"pillar_content":false,"robots_default":true,"robots_noindex":false,"robots_noarchive":false,"robots_nosnippet":false,"robots_nofollow":false,"robots_noimageindex":false,"robots_noodp":false,"robots_notranslate":false,"robots_max_snippet":null,"robots_max_videopreview":null,"robots_max_imagepreview":"large","priority":null,"frequency":null,"local_seo":null,"seo_analyzer_scan_date":"2025-10-31 14:20:14","breadcrumb_settings":null,"limit_modified_date":false,"open_ai":null,"ai":null,"created":"2020-12-21 10:53:39","updated":"2025-10-31 14:20:14"},"aioseo_breadcrumb":"<div class=\"aioseo-breadcrumbs\"><span class=\"aioseo-breadcrumb\">\n\t<a href=\"https:\/\/www.eldigitaldeasturias.com\/noticias\" title=\"Home\">Home<\/a>\n<\/span><span class=\"aioseo-breadcrumb-separator\">\u2013<\/span><span class=\"aioseo-breadcrumb\">\n\t<a href=\"https:\/\/www.eldigitaldeasturias.com\/noticias\/category\/negocios-y-empresas\/\" title=\"Negocios y Empresas\">Negocios y Empresas<\/a>\n<\/span><span class=\"aioseo-breadcrumb-separator\">\u2013<\/span><span class=\"aioseo-breadcrumb\">\n\t<a href=\"https:\/\/www.eldigitaldeasturias.com\/noticias\/7-de-cada-10-empresas-tic-preveian-crear-empleo-en-primavera-antes-del-covid-19\/\" title=\"7 de cada 10 empresas TIC preve\u00edan crear empleo en primavera antes del COVID-19\">7 de cada 10 empresas TIC preve\u00edan crear empleo en primavera antes del COVID-19<\/a>\n<\/span><\/div>","aioseo_breadcrumb_json":[{"label":"Home","link":"https:\/\/www.eldigitaldeasturias.com\/noticias"},{"label":"Negocios y Empresas","link":"https:\/\/www.eldigitaldeasturias.com\/noticias\/category\/negocios-y-empresas\/"},{"label":"7 de cada 10 empresas TIC preve\u00edan crear empleo en primavera antes del COVID-19","link":"https:\/\/www.eldigitaldeasturias.com\/noticias\/7-de-cada-10-empresas-tic-preveian-crear-empleo-en-primavera-antes-del-covid-19\/"}],"_links":{"self":[{"href":"https:\/\/www.eldigitaldeasturias.com\/noticias\/wp-json\/wp\/v2\/posts\/1061091","targetHints":{"allow":["GET"]}}],"collection":[{"href":"https:\/\/www.eldigitaldeasturias.com\/noticias\/wp-json\/wp\/v2\/posts"}],"about":[{"href":"https:\/\/www.eldigitaldeasturias.com\/noticias\/wp-json\/wp\/v2\/types\/post"}],"author":[{"embeddable":true,"href":"https:\/\/www.eldigitaldeasturias.com\/noticias\/wp-json\/wp\/v2\/users\/1"}],"replies":[{"embeddable":true,"href":"https:\/\/www.eldigitaldeasturias.com\/noticias\/wp-json\/wp\/v2\/comments?post=1061091"}],"version-history":[{"count":0,"href":"https:\/\/www.eldigitaldeasturias.com\/noticias\/wp-json\/wp\/v2\/posts\/1061091\/revisions"}],"wp:featuredmedia":[{"embeddable":true,"href":"https:\/\/www.eldigitaldeasturias.com\/noticias\/wp-json\/wp\/v2\/media\/1061092"}],"wp:attachment":[{"href":"https:\/\/www.eldigitaldeasturias.com\/noticias\/wp-json\/wp\/v2\/media?parent=1061091"}],"wp:term":[{"taxonomy":"category","embeddable":true,"href":"https:\/\/www.eldigitaldeasturias.com\/noticias\/wp-json\/wp\/v2\/categories?post=1061091"},{"taxonomy":"post_tag","embeddable":true,"href":"https:\/\/www.eldigitaldeasturias.com\/noticias\/wp-json\/wp\/v2\/tags?post=1061091"}],"curies":[{"name":"wp","href":"https:\/\/api.w.org\/{rel}","templated":true}]}}