{"id":1061086,"date":"2020-03-17T21:03:32","date_gmt":"2020-03-17T21:03:32","guid":{"rendered":"https:\/\/www.eldigitaldeasturias.com\/noticias\/?p=1061086"},"modified":"2020-03-17T21:03:32","modified_gmt":"2020-03-17T21:03:32","slug":"legalitas-registra-un-aumento-del-53-de-consultas-sobre-temas-relacionados-con-derechos-del-trabajador","status":"publish","type":"post","link":"https:\/\/www.eldigitaldeasturias.com\/noticias\/legalitas-registra-un-aumento-del-53-de-consultas-sobre-temas-relacionados-con-derechos-del-trabajador\/","title":{"rendered":"Leg\u00e1litas registra un aumento del 53% de consultas sobre temas relacionados con derechos del trabajador"},"content":{"rendered":"<p><img loading=\"lazy\" decoding=\"async\" class=\"alignleft size-medium wp-image-969030\" src=\"https:\/\/www.eldigitaldeasturias.com\/noticias\/wp-content\/uploads\/2018\/02\/macbook-577758_1280-1-360x239.jpg\" alt=\"\" width=\"360\" height=\"239\" srcset=\"https:\/\/www.eldigitaldeasturias.com\/noticias\/wp-content\/uploads\/2018\/02\/macbook-577758_1280-1-360x239.jpg 360w, https:\/\/www.eldigitaldeasturias.com\/noticias\/wp-content\/uploads\/2018\/02\/macbook-577758_1280-1-768x510.jpg 768w, https:\/\/www.eldigitaldeasturias.com\/noticias\/wp-content\/uploads\/2018\/02\/macbook-577758_1280-1-650x432.jpg 650w, https:\/\/www.eldigitaldeasturias.com\/noticias\/wp-content\/uploads\/2018\/02\/macbook-577758_1280-1.jpg 1280w\" sizes=\"auto, (max-width: 360px) 100vw, 360px\" \/>Las consultas en materia laboral se han incrementado notablemente en los \u00faltimos quince d\u00edas, debido a la incertidumbre que los trabajadores est\u00e1n exponiendo a los abogados de Leg\u00e1litas, principalmente por el miedo a ser despedidos por los cierres temporales de negocios, dudas sobre las condiciones laborales en las que tienen que teletrabajar, las posibilidades de conciliar el trabajo y el cuidado de sus hijos, el temor a ser incluidos en un ERTE o qu\u00e9 hacer frente a las situaciones de crisis que se dan en sus organizaciones, entre otras muchas dudas legales que est\u00e1 provocando esta pandemia.<\/p>\n<p>De todas las consultas recibidas en los \u00faltimos quince d\u00edas\u00a0<strong>en materia Laboral<\/strong>,\u00a0<strong>el 24%, una de cada cuatro, est\u00e1 relacionada con los derechos del trabajador\u00a0<\/strong>motivados, sin duda, por la incertidumbre laboral que se vive en estos d\u00edas.<\/p>\n<p>A lo largo de la pasada semana, en la que ya se hab\u00eda suspendido la actividad educativa en los colegios, las consultas formuladas a los abogados en materia laboral, referidas a los derechos de los trabajadores,\u00a0<strong>se dispararon hasta un 42,52% m\u00e1s<\/strong>\u00a0que en la semana anterior, llegando hasta el\u00a0<strong>53,72%, si comparamos las consultas recibidas esta semana y las de hace quince d\u00edas<\/strong>\u00a0cuando todav\u00eda no se hab\u00eda decretado ning\u00fan tipo de medidas excepcionales.<\/p>\n<p>Estamos ante una situaci\u00f3n extraordinaria a la que los abogados de Leg\u00e1litas han debido dar respuesta. Gracias al modelo operativo de la compa\u00f1\u00eda, basado en tecnolog\u00eda on-line que permite el asesoramiento jur\u00eddico a distancia, los abogados han pasado pr\u00e1cticamente en su totalidad al formato de teletrabajo con el objetivo inicial de facilitar la conciliaci\u00f3n laboral y personal, y posteriormente siguiendo las recomendaciones que las autoridades sanitarias establecieron en esta materia. A pesar del aumento de volumen de consultas, el servicio se est\u00e1 prestando como hasta ahora sin registrar ning\u00fan tipo de incidencia.<\/p>\n<p>Entre las\u00a0<strong>principales dudas legales<\/strong>\u00a0que se generan habitualmente en materia laboral, destacan siempre las que representan una fuente de conflicto entre trabajador y empresario: vacaciones, permisos, excedencias, paternidad y maternidad, lactancia, concreci\u00f3n horaria, permisos por matrimonio, hospitalizaci\u00f3n de familiares, fallecimiento de allegados o conciliaci\u00f3n laboral entre otras; consultas que se ampl\u00edan con las relacionadas con el empresario, sobre qu\u00e9 sanciones puede imponer, la diferente graduaci\u00f3n o, en qu\u00e9 casos, puedan acabar en despido.<\/p>\n<p>&nbsp;<\/p>\n","protected":false},"excerpt":{"rendered":"<p>Las consultas en materia laboral se han incrementado notablemente en los \u00faltimos quince d\u00edas, debido a la incertidumbre que los trabajadores est\u00e1n exponiendo a los abogados de Leg\u00e1litas, principalmente por el miedo a ser despedidos por los cierres temporales de negocios, dudas sobre las condiciones laborales en las que tienen que teletrabajar, las posibilidades de [&hellip;]<\/p>\n","protected":false},"author":1,"featured_media":968232,"comment_status":"closed","ping_status":"closed","sticky":false,"template":"","format":"standard","meta":{"footnotes":""},"categories":[219],"tags":[],"class_list":["post-1061086","post","type-post","status-publish","format-standard","has-post-thumbnail","hentry","category-negocios-y-empresas"],"aioseo_notices":[],"aioseo_head":"\n\t\t<!-- All in One SEO Pro 4.9.6.2 - aioseo.com -->\n\t<meta name=\"description\" content=\"Las consultas en materia laboral se han incrementado notablemente en los \u00faltimos quince d\u00edas, debido a la incertidumbre que los trabajadores est\u00e1n exponiendo a los abogados de Leg\u00e1litas, principalmente por el miedo a ser despedidos por los cierres temporales de negocios, dudas sobre las condiciones laborales en las que tienen que teletrabajar, las posibilidades de\" \/>\n\t<meta name=\"robots\" content=\"max-image-preview:large\" \/>\n\t<meta name=\"author\" content=\"El Digital de Asturias\"\/>\n\t<meta name=\"google-site-verification\" content=\"UA-38556648-1\" \/>\n\t<meta name=\"msvalidate.01\" content=\"7dfe9f3f1b24437ab69f4f2559babe99\" \/>\n\t<meta name=\"keywords\" content=\"negocios y empresas\" \/>\n\t<link rel=\"canonical\" href=\"https:\/\/www.eldigitaldeasturias.com\/noticias\/legalitas-registra-un-aumento-del-53-de-consultas-sobre-temas-relacionados-con-derechos-del-trabajador\/\" \/>\n\t<meta name=\"generator\" content=\"All in One SEO Pro (AIOSEO) 4.9.6.2\" \/>\n\t\t<meta property=\"og:locale\" content=\"es_ES\" \/>\n\t\t<meta property=\"og:site_name\" content=\"El Digital de Asturias\" \/>\n\t\t<meta property=\"og:type\" content=\"article\" \/>\n\t\t<meta property=\"og:title\" content=\"Leg\u00e1litas registra un aumento del 53% de consultas sobre temas relacionados con derechos del trabajador - El Digital de Asturias\" \/>\n\t\t<meta property=\"og:description\" content=\"Las consultas en materia laboral se han incrementado notablemente en los \u00faltimos quince d\u00edas, debido a la incertidumbre que los trabajadores est\u00e1n exponiendo a los abogados de Leg\u00e1litas, principalmente por el miedo a ser despedidos por los cierres temporales de negocios, dudas sobre las condiciones laborales en las que tienen que teletrabajar, las posibilidades de\" \/>\n\t\t<meta property=\"og:url\" content=\"https:\/\/www.eldigitaldeasturias.com\/noticias\/legalitas-registra-un-aumento-del-53-de-consultas-sobre-temas-relacionados-con-derechos-del-trabajador\/\" \/>\n\t\t<meta property=\"og:image\" content=\"https:\/\/www.eldigitaldeasturias.com\/noticias\/wp-content\/uploads\/2018\/02\/macbook-577758_1280.jpg\" \/>\n\t\t<meta property=\"og:image:secure_url\" content=\"https:\/\/www.eldigitaldeasturias.com\/noticias\/wp-content\/uploads\/2018\/02\/macbook-577758_1280.jpg\" \/>\n\t\t<meta property=\"og:image:width\" content=\"1280\" \/>\n\t\t<meta property=\"og:image:height\" content=\"850\" \/>\n\t\t<meta property=\"article:tag\" content=\"negocios y empresas\" \/>\n\t\t<meta property=\"article:published_time\" content=\"2020-03-17T21:03:32+00:00\" \/>\n\t\t<meta property=\"article:modified_time\" content=\"2020-03-17T21:03:32+00:00\" \/>\n\t\t<meta property=\"article:publisher\" content=\"https:\/\/facebook.com\/eldigitaldeasturias\" \/>\n\t\t<meta name=\"twitter:card\" content=\"summary_large_image\" \/>\n\t\t<meta name=\"twitter:title\" content=\"Leg\u00e1litas registra un aumento del 53% de consultas sobre temas relacionados con derechos del trabajador - El Digital de Asturias\" \/>\n\t\t<meta name=\"twitter:description\" content=\"Las consultas en materia laboral se han incrementado notablemente en los \u00faltimos quince d\u00edas, debido a la incertidumbre que los trabajadores est\u00e1n exponiendo a los abogados de Leg\u00e1litas, principalmente por el miedo a ser despedidos por los cierres temporales de negocios, dudas sobre las condiciones laborales en las que tienen que teletrabajar, las posibilidades de\" \/>\n\t\t<meta name=\"twitter:image\" content=\"https:\/\/www.eldigitaldeasturias.com\/noticias\/wp-content\/uploads\/2018\/02\/macbook-577758_1280.jpg\" \/>\n\t\t<meta name=\"twitter:label1\" content=\"Escrito por\" \/>\n\t\t<meta name=\"twitter:data1\" content=\"El Digital de Asturias\" \/>\n\t\t<meta name=\"twitter:label2\" content=\"Tiempo de lectura estimado\" \/>\n\t\t<meta name=\"twitter:data2\" content=\"2 minutos\" \/>\n\t\t<script type=\"application\/ld+json\" class=\"aioseo-schema\">\n\t\t\t{\"@context\":\"https:\\\/\\\/schema.org\",\"@graph\":[{\"@type\":\"BlogPosting\",\"@id\":\"https:\\\/\\\/www.eldigitaldeasturias.com\\\/noticias\\\/legalitas-registra-un-aumento-del-53-de-consultas-sobre-temas-relacionados-con-derechos-del-trabajador\\\/#blogposting\",\"name\":\"Leg\\u00e1litas registra un aumento del 53% de consultas sobre temas relacionados con derechos del trabajador - El Digital de Asturias\",\"headline\":\"Leg\\u00e1litas registra un aumento del 53% de consultas sobre temas relacionados con derechos del trabajador\",\"author\":{\"@id\":\"https:\\\/\\\/www.eldigitaldeasturias.com\\\/noticias\\\/author\\\/admin\\\/#author\"},\"publisher\":{\"@id\":\"https:\\\/\\\/www.eldigitaldeasturias.com\\\/noticias\\\/#organization\"},\"image\":{\"@type\":\"ImageObject\",\"url\":\"https:\\\/\\\/www.eldigitaldeasturias.com\\\/noticias\\\/wp-content\\\/uploads\\\/2018\\\/02\\\/macbook-577758_1280.jpg\",\"width\":1280,\"height\":850},\"datePublished\":\"2020-03-17T21:03:32+01:00\",\"dateModified\":\"2020-03-17T21:03:32+01:00\",\"inLanguage\":\"es-ES\",\"mainEntityOfPage\":{\"@id\":\"https:\\\/\\\/www.eldigitaldeasturias.com\\\/noticias\\\/legalitas-registra-un-aumento-del-53-de-consultas-sobre-temas-relacionados-con-derechos-del-trabajador\\\/#webpage\"},\"isPartOf\":{\"@id\":\"https:\\\/\\\/www.eldigitaldeasturias.com\\\/noticias\\\/legalitas-registra-un-aumento-del-53-de-consultas-sobre-temas-relacionados-con-derechos-del-trabajador\\\/#webpage\"},\"articleSection\":\"Negocios y Empresas\"},{\"@type\":\"BreadcrumbList\",\"@id\":\"https:\\\/\\\/www.eldigitaldeasturias.com\\\/noticias\\\/legalitas-registra-un-aumento-del-53-de-consultas-sobre-temas-relacionados-con-derechos-del-trabajador\\\/#breadcrumblist\",\"itemListElement\":[{\"@type\":\"ListItem\",\"@id\":\"https:\\\/\\\/www.eldigitaldeasturias.com\\\/noticias#listItem\",\"position\":1,\"name\":\"Home\",\"item\":\"https:\\\/\\\/www.eldigitaldeasturias.com\\\/noticias\",\"nextItem\":{\"@type\":\"ListItem\",\"@id\":\"https:\\\/\\\/www.eldigitaldeasturias.com\\\/noticias\\\/category\\\/negocios-y-empresas\\\/#listItem\",\"name\":\"Negocios y Empresas\"}},{\"@type\":\"ListItem\",\"@id\":\"https:\\\/\\\/www.eldigitaldeasturias.com\\\/noticias\\\/category\\\/negocios-y-empresas\\\/#listItem\",\"position\":2,\"name\":\"Negocios y Empresas\",\"item\":\"https:\\\/\\\/www.eldigitaldeasturias.com\\\/noticias\\\/category\\\/negocios-y-empresas\\\/\",\"nextItem\":{\"@type\":\"ListItem\",\"@id\":\"https:\\\/\\\/www.eldigitaldeasturias.com\\\/noticias\\\/legalitas-registra-un-aumento-del-53-de-consultas-sobre-temas-relacionados-con-derechos-del-trabajador\\\/#listItem\",\"name\":\"Leg\\u00e1litas registra un aumento del 53% de consultas sobre temas relacionados con derechos del trabajador\"},\"previousItem\":{\"@type\":\"ListItem\",\"@id\":\"https:\\\/\\\/www.eldigitaldeasturias.com\\\/noticias#listItem\",\"name\":\"Home\"}},{\"@type\":\"ListItem\",\"@id\":\"https:\\\/\\\/www.eldigitaldeasturias.com\\\/noticias\\\/legalitas-registra-un-aumento-del-53-de-consultas-sobre-temas-relacionados-con-derechos-del-trabajador\\\/#listItem\",\"position\":3,\"name\":\"Leg\\u00e1litas registra un aumento del 53% de consultas sobre temas relacionados con derechos del trabajador\",\"previousItem\":{\"@type\":\"ListItem\",\"@id\":\"https:\\\/\\\/www.eldigitaldeasturias.com\\\/noticias\\\/category\\\/negocios-y-empresas\\\/#listItem\",\"name\":\"Negocios y Empresas\"}}]},{\"@type\":\"Organization\",\"@id\":\"https:\\\/\\\/www.eldigitaldeasturias.com\\\/noticias\\\/#organization\",\"name\":\"El Digital de Asturias\",\"description\":\"Hemeroteca\",\"url\":\"https:\\\/\\\/www.eldigitaldeasturias.com\\\/noticias\\\/\",\"email\":\"info@eldigitaldeasturias.com\",\"telephone\":\"+34652131393\",\"logo\":{\"@type\":\"ImageObject\",\"url\":\"https:\\\/\\\/www.eldigitaldeasturias.com\\\/noticias\\\/wp-content\\\/uploads\\\/2020\\\/12\\\/EDA.jpg\",\"@id\":\"https:\\\/\\\/www.eldigitaldeasturias.com\\\/noticias\\\/legalitas-registra-un-aumento-del-53-de-consultas-sobre-temas-relacionados-con-derechos-del-trabajador\\\/#organizationLogo\",\"width\":649,\"height\":297},\"image\":{\"@id\":\"https:\\\/\\\/www.eldigitaldeasturias.com\\\/noticias\\\/legalitas-registra-un-aumento-del-53-de-consultas-sobre-temas-relacionados-con-derechos-del-trabajador\\\/#organizationLogo\"},\"sameAs\":[\"https:\\\/\\\/facebook.com\\\/eldigitaldeasturias\",\"https:\\\/\\\/www.youtube.com\\\/channel\\\/UCZP-2wLEB9Rv6erhFmqVnvg\"],\"address\":{\"@id\":\"https:\\\/\\\/www.eldigitaldeasturias.com\\\/noticias\\\/#postaladdress\",\"@type\":\"PostalAddress\",\"streetAddress\":\"san antonio 4,\",\"postalCode\":\"33430\",\"addressLocality\":\"Cand\\u00e1s\",\"addressRegion\":\"Asturias\",\"addressCountry\":\"ES\"}},{\"@type\":\"Person\",\"@id\":\"https:\\\/\\\/www.eldigitaldeasturias.com\\\/noticias\\\/author\\\/admin\\\/#author\",\"url\":\"https:\\\/\\\/www.eldigitaldeasturias.com\\\/noticias\\\/author\\\/admin\\\/\",\"name\":\"El Digital de Asturias\",\"image\":{\"@type\":\"ImageObject\",\"@id\":\"https:\\\/\\\/www.eldigitaldeasturias.com\\\/noticias\\\/legalitas-registra-un-aumento-del-53-de-consultas-sobre-temas-relacionados-con-derechos-del-trabajador\\\/#authorImage\",\"url\":\"https:\\\/\\\/www.eldigitaldeasturias.com\\\/noticias\\\/wp-content\\\/litespeed\\\/avatar\\\/18677e78aa0546b92d9dbf31ec7d7668.jpg?ver=1777290358\",\"width\":96,\"height\":96,\"caption\":\"El Digital de Asturias\"}},{\"@type\":\"WebPage\",\"@id\":\"https:\\\/\\\/www.eldigitaldeasturias.com\\\/noticias\\\/legalitas-registra-un-aumento-del-53-de-consultas-sobre-temas-relacionados-con-derechos-del-trabajador\\\/#webpage\",\"url\":\"https:\\\/\\\/www.eldigitaldeasturias.com\\\/noticias\\\/legalitas-registra-un-aumento-del-53-de-consultas-sobre-temas-relacionados-con-derechos-del-trabajador\\\/\",\"name\":\"Leg\\u00e1litas registra un aumento del 53% de consultas sobre temas relacionados con derechos del trabajador - El Digital de Asturias\",\"description\":\"Las consultas en materia laboral se han incrementado notablemente en los \\u00faltimos quince d\\u00edas, debido a la incertidumbre que los trabajadores est\\u00e1n exponiendo a los abogados de Leg\\u00e1litas, principalmente por el miedo a ser despedidos por los cierres temporales de negocios, dudas sobre las condiciones laborales en las que tienen que teletrabajar, las posibilidades de\",\"inLanguage\":\"es-ES\",\"isPartOf\":{\"@id\":\"https:\\\/\\\/www.eldigitaldeasturias.com\\\/noticias\\\/#website\"},\"breadcrumb\":{\"@id\":\"https:\\\/\\\/www.eldigitaldeasturias.com\\\/noticias\\\/legalitas-registra-un-aumento-del-53-de-consultas-sobre-temas-relacionados-con-derechos-del-trabajador\\\/#breadcrumblist\"},\"author\":{\"@id\":\"https:\\\/\\\/www.eldigitaldeasturias.com\\\/noticias\\\/author\\\/admin\\\/#author\"},\"creator\":{\"@id\":\"https:\\\/\\\/www.eldigitaldeasturias.com\\\/noticias\\\/author\\\/admin\\\/#author\"},\"image\":{\"@type\":\"ImageObject\",\"url\":\"https:\\\/\\\/www.eldigitaldeasturias.com\\\/noticias\\\/wp-content\\\/uploads\\\/2018\\\/02\\\/macbook-577758_1280.jpg\",\"@id\":\"https:\\\/\\\/www.eldigitaldeasturias.com\\\/noticias\\\/legalitas-registra-un-aumento-del-53-de-consultas-sobre-temas-relacionados-con-derechos-del-trabajador\\\/#mainImage\",\"width\":1280,\"height\":850},\"primaryImageOfPage\":{\"@id\":\"https:\\\/\\\/www.eldigitaldeasturias.com\\\/noticias\\\/legalitas-registra-un-aumento-del-53-de-consultas-sobre-temas-relacionados-con-derechos-del-trabajador\\\/#mainImage\"},\"datePublished\":\"2020-03-17T21:03:32+01:00\",\"dateModified\":\"2020-03-17T21:03:32+01:00\"},{\"@type\":\"WebSite\",\"@id\":\"https:\\\/\\\/www.eldigitaldeasturias.com\\\/noticias\\\/#website\",\"url\":\"https:\\\/\\\/www.eldigitaldeasturias.com\\\/noticias\\\/\",\"name\":\"El Digital de Asturias - Diario de actualidad y noticias\",\"alternateName\":\"El Digital de Asturias - Diario de actualidad y noticias\",\"description\":\"Hemeroteca\",\"inLanguage\":\"es-ES\",\"publisher\":{\"@id\":\"https:\\\/\\\/www.eldigitaldeasturias.com\\\/noticias\\\/#organization\"}}]}\n\t\t<\/script>\n\t\t<!-- All in One SEO Pro -->\r\n\t\t<title>Leg\u00e1litas registra un aumento del 53% de consultas sobre temas relacionados con derechos del trabajador - El Digital de Asturias<\/title>\n\n","aioseo_head_json":{"title":"Leg\u00e1litas registra un aumento del 53% de consultas sobre temas relacionados con derechos del trabajador - El Digital de Asturias","description":"Las consultas en materia laboral se han incrementado notablemente en los \u00faltimos quince d\u00edas, debido a la incertidumbre que los trabajadores est\u00e1n exponiendo a los abogados de Leg\u00e1litas, principalmente por el miedo a ser despedidos por los cierres temporales de negocios, dudas sobre las condiciones laborales en las que tienen que teletrabajar, las posibilidades de","canonical_url":"https:\/\/www.eldigitaldeasturias.com\/noticias\/legalitas-registra-un-aumento-del-53-de-consultas-sobre-temas-relacionados-con-derechos-del-trabajador\/","robots":"max-image-preview:large","keywords":"negocios y empresas","webmasterTools":{"google-site-verification":"UA-38556648-1","msvalidate.01":"7dfe9f3f1b24437ab69f4f2559babe99","miscellaneous":""},"schema":{"@context":"https:\/\/schema.org","@graph":[{"@type":"BlogPosting","@id":"https:\/\/www.eldigitaldeasturias.com\/noticias\/legalitas-registra-un-aumento-del-53-de-consultas-sobre-temas-relacionados-con-derechos-del-trabajador\/#blogposting","name":"Leg\u00e1litas registra un aumento del 53% de consultas sobre temas relacionados con derechos del trabajador - El Digital de Asturias","headline":"Leg\u00e1litas registra un aumento del 53% de consultas sobre temas relacionados con derechos del trabajador","author":{"@id":"https:\/\/www.eldigitaldeasturias.com\/noticias\/author\/admin\/#author"},"publisher":{"@id":"https:\/\/www.eldigitaldeasturias.com\/noticias\/#organization"},"image":{"@type":"ImageObject","url":"https:\/\/www.eldigitaldeasturias.com\/noticias\/wp-content\/uploads\/2018\/02\/macbook-577758_1280.jpg","width":1280,"height":850},"datePublished":"2020-03-17T21:03:32+01:00","dateModified":"2020-03-17T21:03:32+01:00","inLanguage":"es-ES","mainEntityOfPage":{"@id":"https:\/\/www.eldigitaldeasturias.com\/noticias\/legalitas-registra-un-aumento-del-53-de-consultas-sobre-temas-relacionados-con-derechos-del-trabajador\/#webpage"},"isPartOf":{"@id":"https:\/\/www.eldigitaldeasturias.com\/noticias\/legalitas-registra-un-aumento-del-53-de-consultas-sobre-temas-relacionados-con-derechos-del-trabajador\/#webpage"},"articleSection":"Negocios y Empresas"},{"@type":"BreadcrumbList","@id":"https:\/\/www.eldigitaldeasturias.com\/noticias\/legalitas-registra-un-aumento-del-53-de-consultas-sobre-temas-relacionados-con-derechos-del-trabajador\/#breadcrumblist","itemListElement":[{"@type":"ListItem","@id":"https:\/\/www.eldigitaldeasturias.com\/noticias#listItem","position":1,"name":"Home","item":"https:\/\/www.eldigitaldeasturias.com\/noticias","nextItem":{"@type":"ListItem","@id":"https:\/\/www.eldigitaldeasturias.com\/noticias\/category\/negocios-y-empresas\/#listItem","name":"Negocios y Empresas"}},{"@type":"ListItem","@id":"https:\/\/www.eldigitaldeasturias.com\/noticias\/category\/negocios-y-empresas\/#listItem","position":2,"name":"Negocios y Empresas","item":"https:\/\/www.eldigitaldeasturias.com\/noticias\/category\/negocios-y-empresas\/","nextItem":{"@type":"ListItem","@id":"https:\/\/www.eldigitaldeasturias.com\/noticias\/legalitas-registra-un-aumento-del-53-de-consultas-sobre-temas-relacionados-con-derechos-del-trabajador\/#listItem","name":"Leg\u00e1litas registra un aumento del 53% de consultas sobre temas relacionados con derechos del trabajador"},"previousItem":{"@type":"ListItem","@id":"https:\/\/www.eldigitaldeasturias.com\/noticias#listItem","name":"Home"}},{"@type":"ListItem","@id":"https:\/\/www.eldigitaldeasturias.com\/noticias\/legalitas-registra-un-aumento-del-53-de-consultas-sobre-temas-relacionados-con-derechos-del-trabajador\/#listItem","position":3,"name":"Leg\u00e1litas registra un aumento del 53% de consultas sobre temas relacionados con derechos del trabajador","previousItem":{"@type":"ListItem","@id":"https:\/\/www.eldigitaldeasturias.com\/noticias\/category\/negocios-y-empresas\/#listItem","name":"Negocios y Empresas"}}]},{"@type":"Organization","@id":"https:\/\/www.eldigitaldeasturias.com\/noticias\/#organization","name":"El Digital de Asturias","description":"Hemeroteca","url":"https:\/\/www.eldigitaldeasturias.com\/noticias\/","email":"info@eldigitaldeasturias.com","telephone":"+34652131393","logo":{"@type":"ImageObject","url":"https:\/\/www.eldigitaldeasturias.com\/noticias\/wp-content\/uploads\/2020\/12\/EDA.jpg","@id":"https:\/\/www.eldigitaldeasturias.com\/noticias\/legalitas-registra-un-aumento-del-53-de-consultas-sobre-temas-relacionados-con-derechos-del-trabajador\/#organizationLogo","width":649,"height":297},"image":{"@id":"https:\/\/www.eldigitaldeasturias.com\/noticias\/legalitas-registra-un-aumento-del-53-de-consultas-sobre-temas-relacionados-con-derechos-del-trabajador\/#organizationLogo"},"sameAs":["https:\/\/facebook.com\/eldigitaldeasturias","https:\/\/www.youtube.com\/channel\/UCZP-2wLEB9Rv6erhFmqVnvg"],"address":{"@id":"https:\/\/www.eldigitaldeasturias.com\/noticias\/#postaladdress","@type":"PostalAddress","streetAddress":"san antonio 4,","postalCode":"33430","addressLocality":"Cand\u00e1s","addressRegion":"Asturias","addressCountry":"ES"}},{"@type":"Person","@id":"https:\/\/www.eldigitaldeasturias.com\/noticias\/author\/admin\/#author","url":"https:\/\/www.eldigitaldeasturias.com\/noticias\/author\/admin\/","name":"El Digital de Asturias","image":{"@type":"ImageObject","@id":"https:\/\/www.eldigitaldeasturias.com\/noticias\/legalitas-registra-un-aumento-del-53-de-consultas-sobre-temas-relacionados-con-derechos-del-trabajador\/#authorImage","url":"https:\/\/www.eldigitaldeasturias.com\/noticias\/wp-content\/litespeed\/avatar\/18677e78aa0546b92d9dbf31ec7d7668.jpg?ver=1777290358","width":96,"height":96,"caption":"El Digital de Asturias"}},{"@type":"WebPage","@id":"https:\/\/www.eldigitaldeasturias.com\/noticias\/legalitas-registra-un-aumento-del-53-de-consultas-sobre-temas-relacionados-con-derechos-del-trabajador\/#webpage","url":"https:\/\/www.eldigitaldeasturias.com\/noticias\/legalitas-registra-un-aumento-del-53-de-consultas-sobre-temas-relacionados-con-derechos-del-trabajador\/","name":"Leg\u00e1litas registra un aumento del 53% de consultas sobre temas relacionados con derechos del trabajador - El Digital de Asturias","description":"Las consultas en materia laboral se han incrementado notablemente en los \u00faltimos quince d\u00edas, debido a la incertidumbre que los trabajadores est\u00e1n exponiendo a los abogados de Leg\u00e1litas, principalmente por el miedo a ser despedidos por los cierres temporales de negocios, dudas sobre las condiciones laborales en las que tienen que teletrabajar, las posibilidades de","inLanguage":"es-ES","isPartOf":{"@id":"https:\/\/www.eldigitaldeasturias.com\/noticias\/#website"},"breadcrumb":{"@id":"https:\/\/www.eldigitaldeasturias.com\/noticias\/legalitas-registra-un-aumento-del-53-de-consultas-sobre-temas-relacionados-con-derechos-del-trabajador\/#breadcrumblist"},"author":{"@id":"https:\/\/www.eldigitaldeasturias.com\/noticias\/author\/admin\/#author"},"creator":{"@id":"https:\/\/www.eldigitaldeasturias.com\/noticias\/author\/admin\/#author"},"image":{"@type":"ImageObject","url":"https:\/\/www.eldigitaldeasturias.com\/noticias\/wp-content\/uploads\/2018\/02\/macbook-577758_1280.jpg","@id":"https:\/\/www.eldigitaldeasturias.com\/noticias\/legalitas-registra-un-aumento-del-53-de-consultas-sobre-temas-relacionados-con-derechos-del-trabajador\/#mainImage","width":1280,"height":850},"primaryImageOfPage":{"@id":"https:\/\/www.eldigitaldeasturias.com\/noticias\/legalitas-registra-un-aumento-del-53-de-consultas-sobre-temas-relacionados-con-derechos-del-trabajador\/#mainImage"},"datePublished":"2020-03-17T21:03:32+01:00","dateModified":"2020-03-17T21:03:32+01:00"},{"@type":"WebSite","@id":"https:\/\/www.eldigitaldeasturias.com\/noticias\/#website","url":"https:\/\/www.eldigitaldeasturias.com\/noticias\/","name":"El Digital de Asturias - Diario de actualidad y noticias","alternateName":"El Digital de Asturias - Diario de actualidad y noticias","description":"Hemeroteca","inLanguage":"es-ES","publisher":{"@id":"https:\/\/www.eldigitaldeasturias.com\/noticias\/#organization"}}]},"og:locale":"es_ES","og:site_name":"El Digital de Asturias","og:type":"article","og:title":"Leg\u00e1litas registra un aumento del 53% de consultas sobre temas relacionados con derechos del trabajador - El Digital de Asturias","og:description":"Las consultas en materia laboral se han incrementado notablemente en los \u00faltimos quince d\u00edas, debido a la incertidumbre que los trabajadores est\u00e1n exponiendo a los abogados de Leg\u00e1litas, principalmente por el miedo a ser despedidos por los cierres temporales de negocios, dudas sobre las condiciones laborales en las que tienen que teletrabajar, las posibilidades de","og:url":"https:\/\/www.eldigitaldeasturias.com\/noticias\/legalitas-registra-un-aumento-del-53-de-consultas-sobre-temas-relacionados-con-derechos-del-trabajador\/","og:image":"https:\/\/www.eldigitaldeasturias.com\/noticias\/wp-content\/uploads\/2018\/02\/macbook-577758_1280.jpg","og:image:secure_url":"https:\/\/www.eldigitaldeasturias.com\/noticias\/wp-content\/uploads\/2018\/02\/macbook-577758_1280.jpg","og:image:width":1280,"og:image:height":850,"article:tag":["negocios y empresas"],"article:published_time":"2020-03-17T21:03:32+00:00","article:modified_time":"2020-03-17T21:03:32+00:00","article:publisher":"https:\/\/facebook.com\/eldigitaldeasturias","twitter:card":"summary_large_image","twitter:title":"Leg\u00e1litas registra un aumento del 53% de consultas sobre temas relacionados con derechos del trabajador - El Digital de Asturias","twitter:description":"Las consultas en materia laboral se han incrementado notablemente en los \u00faltimos quince d\u00edas, debido a la incertidumbre que los trabajadores est\u00e1n exponiendo a los abogados de Leg\u00e1litas, principalmente por el miedo a ser despedidos por los cierres temporales de negocios, dudas sobre las condiciones laborales en las que tienen que teletrabajar, las posibilidades de","twitter:image":"https:\/\/www.eldigitaldeasturias.com\/noticias\/wp-content\/uploads\/2018\/02\/macbook-577758_1280.jpg","twitter:label1":"Escrito por","twitter:data1":"El Digital de Asturias","twitter:label2":"Tiempo de lectura estimado","twitter:data2":"2 minutos"},"aioseo_meta_data":{"post_id":"1061086","title":null,"description":null,"keywords":null,"keyphrases":null,"primary_term":null,"canonical_url":null,"og_title":null,"og_description":null,"og_object_type":"default","og_image_type":"default","og_image_url":null,"og_image_width":null,"og_image_height":null,"og_image_custom_url":null,"og_image_custom_fields":null,"og_video":null,"og_custom_url":null,"og_article_section":null,"og_article_tags":null,"twitter_use_og":false,"twitter_card":"default","twitter_image_type":"default","twitter_image_url":null,"twitter_image_custom_url":null,"twitter_image_custom_fields":null,"twitter_title":null,"twitter_description":null,"schema":{"blockGraphs":[],"customGraphs":[],"default":{"data":{"Article":[],"Course":[],"Dataset":[],"FAQPage":[],"Movie":[],"Person":[],"Product":[],"ProductReview":[],"Car":[],"Recipe":[],"Service":[],"SoftwareApplication":[],"WebPage":[]},"graphName":"","isEnabled":true},"graphs":[],"defaultGraph":"","defaultPostTypeGraph":""},"schema_type":null,"schema_type_options":null,"pillar_content":false,"robots_default":true,"robots_noindex":false,"robots_noarchive":false,"robots_nosnippet":false,"robots_nofollow":false,"robots_noimageindex":false,"robots_noodp":false,"robots_notranslate":false,"robots_max_snippet":null,"robots_max_videopreview":null,"robots_max_imagepreview":"large","priority":null,"frequency":null,"local_seo":null,"seo_analyzer_scan_date":"2025-10-31 14:20:13","breadcrumb_settings":null,"limit_modified_date":false,"open_ai":null,"ai":null,"created":"2020-12-21 10:53:39","updated":"2025-10-31 14:20:13"},"aioseo_breadcrumb":"<div class=\"aioseo-breadcrumbs\"><span class=\"aioseo-breadcrumb\">\n\t<a href=\"https:\/\/www.eldigitaldeasturias.com\/noticias\" title=\"Home\">Home<\/a>\n<\/span><span class=\"aioseo-breadcrumb-separator\">\u2013<\/span><span class=\"aioseo-breadcrumb\">\n\t<a href=\"https:\/\/www.eldigitaldeasturias.com\/noticias\/category\/negocios-y-empresas\/\" title=\"Negocios y Empresas\">Negocios y Empresas<\/a>\n<\/span><span class=\"aioseo-breadcrumb-separator\">\u2013<\/span><span class=\"aioseo-breadcrumb\">\n\t<a href=\"https:\/\/www.eldigitaldeasturias.com\/noticias\/legalitas-registra-un-aumento-del-53-de-consultas-sobre-temas-relacionados-con-derechos-del-trabajador\/\" title=\"Leg\u00e1litas registra un aumento del 53% de consultas sobre temas relacionados con derechos del trabajador\">Leg\u00e1litas registra un aumento del 53% de consultas sobre temas relacionados con derechos del trabajador<\/a>\n<\/span><\/div>","aioseo_breadcrumb_json":[{"label":"Home","link":"https:\/\/www.eldigitaldeasturias.com\/noticias"},{"label":"Negocios y Empresas","link":"https:\/\/www.eldigitaldeasturias.com\/noticias\/category\/negocios-y-empresas\/"},{"label":"Leg\u00e1litas registra un aumento del 53% de consultas sobre temas relacionados con derechos del trabajador","link":"https:\/\/www.eldigitaldeasturias.com\/noticias\/legalitas-registra-un-aumento-del-53-de-consultas-sobre-temas-relacionados-con-derechos-del-trabajador\/"}],"_links":{"self":[{"href":"https:\/\/www.eldigitaldeasturias.com\/noticias\/wp-json\/wp\/v2\/posts\/1061086","targetHints":{"allow":["GET"]}}],"collection":[{"href":"https:\/\/www.eldigitaldeasturias.com\/noticias\/wp-json\/wp\/v2\/posts"}],"about":[{"href":"https:\/\/www.eldigitaldeasturias.com\/noticias\/wp-json\/wp\/v2\/types\/post"}],"author":[{"embeddable":true,"href":"https:\/\/www.eldigitaldeasturias.com\/noticias\/wp-json\/wp\/v2\/users\/1"}],"replies":[{"embeddable":true,"href":"https:\/\/www.eldigitaldeasturias.com\/noticias\/wp-json\/wp\/v2\/comments?post=1061086"}],"version-history":[{"count":0,"href":"https:\/\/www.eldigitaldeasturias.com\/noticias\/wp-json\/wp\/v2\/posts\/1061086\/revisions"}],"wp:featuredmedia":[{"embeddable":true,"href":"https:\/\/www.eldigitaldeasturias.com\/noticias\/wp-json\/wp\/v2\/media\/968232"}],"wp:attachment":[{"href":"https:\/\/www.eldigitaldeasturias.com\/noticias\/wp-json\/wp\/v2\/media?parent=1061086"}],"wp:term":[{"taxonomy":"category","embeddable":true,"href":"https:\/\/www.eldigitaldeasturias.com\/noticias\/wp-json\/wp\/v2\/categories?post=1061086"},{"taxonomy":"post_tag","embeddable":true,"href":"https:\/\/www.eldigitaldeasturias.com\/noticias\/wp-json\/wp\/v2\/tags?post=1061086"}],"curies":[{"name":"wp","href":"https:\/\/api.w.org\/{rel}","templated":true}]}}