{"id":1060643,"date":"2020-03-13T16:57:28","date_gmt":"2020-03-13T16:57:28","guid":{"rendered":"https:\/\/www.eldigitaldeasturias.com\/noticias\/?p=1060643"},"modified":"2020-03-13T16:57:28","modified_gmt":"2020-03-13T16:57:28","slug":"el-estado-de-los-enclaves-turisticos-australianos-tras-el-fuego","status":"publish","type":"post","link":"https:\/\/www.eldigitaldeasturias.com\/noticias\/el-estado-de-los-enclaves-turisticos-australianos-tras-el-fuego\/","title":{"rendered":"El estado de los enclaves tur\u00edsticos australianos tras el fuego"},"content":{"rendered":"<p>(dpa) &#8211; Las im\u00e1genes en televisi\u00f3n tienen un gran poder, y las que dieron recientemente la vuelta al mundo mostrando los incendios de Australia fueron impactantes: fuegos masivos, columnas kilom\u00e9tricas de humo y canguros calcinados.<\/p>\n<figure id=\"attachment_1060644\" aria-describedby=\"caption-attachment-1060644\" style=\"width: 670px\" class=\"wp-caption aligncenter\"><img loading=\"lazy\" decoding=\"async\" class=\"wp-image-1060644\" src=\"https:\/\/www.eldigitaldeasturias.com\/noticias\/wp-content\/uploads\/2020\/03\/Australia-dpa-360x238.jpg\" alt=\"\" width=\"670\" height=\"442\" srcset=\"https:\/\/www.eldigitaldeasturias.com\/noticias\/wp-content\/uploads\/2020\/03\/Australia-dpa-360x238.jpg 360w, https:\/\/www.eldigitaldeasturias.com\/noticias\/wp-content\/uploads\/2020\/03\/Australia-dpa-690x455.jpg 690w, https:\/\/www.eldigitaldeasturias.com\/noticias\/wp-content\/uploads\/2020\/03\/Australia-dpa-455x300.jpg 455w, https:\/\/www.eldigitaldeasturias.com\/noticias\/wp-content\/uploads\/2020\/03\/Australia-dpa-768x507.jpg 768w, https:\/\/www.eldigitaldeasturias.com\/noticias\/wp-content\/uploads\/2020\/03\/Australia-dpa.jpg 1008w\" sizes=\"auto, (max-width: 670px) 100vw, 670px\" \/><figcaption id=\"caption-attachment-1060644\" class=\"wp-caption-text\">Las Monta\u00f1as Azules fueron una de las regiones de Australia afectada por los incendios. Foto: Tourism Australia\/dpa-tmn<\/figcaption><\/figure>\n<p>Se pod\u00eda tener la err\u00f3nea impresi\u00f3n de que el continente al completo ardi\u00f3 en llamas. Lo que s\u00ed es cierto es que los fuegos previsiblemente golpear\u00e1n duramente al sector tur\u00edstico australiano. Aquellos que pensaban visitar el pa\u00eds en los pr\u00f3ximos meses podr\u00edan dudar ahora: \u00bfQu\u00e9 da\u00f1o causaron los incendios? \u00bfQuedaron destruidas las atracciones tur\u00edsticas? \u00bfDeber\u00eda cambiar mis planes?<\/p>\n<h3>La mayor parte de Australia, a salvo<\/h3>\n<p>Gran parte de Australia se ha salvado, seg\u00fan la organizaci\u00f3n Tourism Australia, que afirma que la mayor\u00eda de las regiones tur\u00edsticas pueden ser visitadas con normalidad. La p\u00e1gina oficial de turismo muestra un mapa digital con las zonas afectadas con informaci\u00f3n actualizada sobre la situaci\u00f3n.<\/p>\n<h3><strong>Isla Canguro, muy afectada<\/strong><\/h3>\n<p>Uno de los lugares m\u00e1s visitados, la Isla Canguro, ubicada frente a la costa sur australiana es considerada de forma oficial \u00abparcialmente afectada\u00bb. Extra oficialmente: la isla fue devastada por los incendios. Los expertos declararon que casi la mitad de los 50.000 koalas que albergaba podr\u00edan haber perecido. Tourism Australia se\u00f1ala, sin embargo, que el 75 por ciento de la isla no se vio afectada por el fuego. Est\u00e1 permitida la visita de turistas.<\/p>\n<p>Otras zonas en las que los viajeros se enfrentan a restricciones son las Monta\u00f1as Azules al oeste de S\u00eddney, el distrito federal Capital Australiana (Capital Country), las Monta\u00f1as Nevadas y partes de la costa sur, incluido el Valle de los Canguros. Seg\u00fan Tourism Australia, actualmente es imposible decir hasta cu\u00e1ndo estar\u00e1n afectadas.<\/p>\n<p>Dichas \u00e1reas no est\u00e1n totalmente cerradas al p\u00fablico. En las Monta\u00f1as Azules, por ejemplo, la atracci\u00f3n tur\u00edstica Scenic World -funicular incluido- est\u00e1 operativa.<\/p>\n<h3><strong>Lugares de inter\u00e9s intactos<\/strong><\/h3>\n<p>Los siguientes lugares, que son los de mayor inter\u00e9s para muchos turistas, no est\u00e1n en absoluto afectados: Queensland con sus espectaculares playas y la Gran Barrera de Coral, amplias zonas del interior, la isla de Tasmania, la Gran Carretera Oce\u00e1nica al oeste de Melbourne, as\u00ed como la parte occidental del pa\u00eds con Perth, Margaret River y la Costa de Coral. Seg\u00fan Tourism Australia, las ciudades de S\u00eddney y Melbourne tampoco est\u00e1n afectadas.<\/p>\n<p>Por Philipp Laage (dpa)<\/p>\n<p>&nbsp;<\/p>\n","protected":false},"excerpt":{"rendered":"<p>(dpa) &#8211; Las im\u00e1genes en televisi\u00f3n tienen un gran poder, y las que dieron recientemente la vuelta al mundo mostrando los incendios de Australia fueron impactantes: fuegos masivos, columnas kilom\u00e9tricas de humo y canguros calcinados. Se pod\u00eda tener la err\u00f3nea impresi\u00f3n de que el continente al completo ardi\u00f3 en llamas. Lo que s\u00ed es cierto [&hellip;]<\/p>\n","protected":false},"author":1,"featured_media":1060644,"comment_status":"closed","ping_status":"closed","sticky":false,"template":"","format":"standard","meta":{"footnotes":""},"categories":[148],"tags":[],"class_list":["post-1060643","post","type-post","status-publish","format-standard","has-post-thumbnail","hentry","category-turismo"],"aioseo_notices":[],"aioseo_head":"\n\t\t<!-- All in One SEO Pro 4.9.6.2 - aioseo.com -->\n\t<meta name=\"description\" content=\"(dpa) - Las im\u00e1genes en televisi\u00f3n tienen un gran poder, y las que dieron recientemente la vuelta al mundo mostrando los incendios de Australia fueron impactantes: fuegos masivos, columnas kilom\u00e9tricas de humo y canguros calcinados. Se pod\u00eda tener la err\u00f3nea impresi\u00f3n de que el continente al completo ardi\u00f3 en llamas. Lo que s\u00ed es cierto\" \/>\n\t<meta name=\"robots\" content=\"max-image-preview:large\" \/>\n\t<meta name=\"author\" content=\"El Digital de Asturias\"\/>\n\t<meta name=\"google-site-verification\" content=\"UA-38556648-1\" \/>\n\t<meta name=\"msvalidate.01\" content=\"7dfe9f3f1b24437ab69f4f2559babe99\" \/>\n\t<meta name=\"keywords\" content=\"turismo\" \/>\n\t<link rel=\"canonical\" href=\"https:\/\/www.eldigitaldeasturias.com\/noticias\/el-estado-de-los-enclaves-turisticos-australianos-tras-el-fuego\/\" \/>\n\t<meta name=\"generator\" content=\"All in One SEO Pro (AIOSEO) 4.9.6.2\" \/>\n\t\t<meta property=\"og:locale\" content=\"es_ES\" \/>\n\t\t<meta property=\"og:site_name\" content=\"El Digital de Asturias\" \/>\n\t\t<meta property=\"og:type\" content=\"article\" \/>\n\t\t<meta property=\"og:title\" content=\"El estado de los enclaves tur\u00edsticos australianos tras el fuego - El Digital de Asturias\" \/>\n\t\t<meta property=\"og:description\" content=\"(dpa) - Las im\u00e1genes en televisi\u00f3n tienen un gran poder, y las que dieron recientemente la vuelta al mundo mostrando los incendios de Australia fueron impactantes: fuegos masivos, columnas kilom\u00e9tricas de humo y canguros calcinados. Se pod\u00eda tener la err\u00f3nea impresi\u00f3n de que el continente al completo ardi\u00f3 en llamas. Lo que s\u00ed es cierto\" \/>\n\t\t<meta property=\"og:url\" content=\"https:\/\/www.eldigitaldeasturias.com\/noticias\/el-estado-de-los-enclaves-turisticos-australianos-tras-el-fuego\/\" \/>\n\t\t<meta property=\"og:image\" content=\"https:\/\/www.eldigitaldeasturias.com\/noticias\/wp-content\/uploads\/2020\/03\/Australia-dpa.jpg\" \/>\n\t\t<meta property=\"og:image:secure_url\" content=\"https:\/\/www.eldigitaldeasturias.com\/noticias\/wp-content\/uploads\/2020\/03\/Australia-dpa.jpg\" \/>\n\t\t<meta property=\"og:image:width\" content=\"1008\" \/>\n\t\t<meta property=\"og:image:height\" content=\"665\" \/>\n\t\t<meta property=\"article:tag\" content=\"turismo\" \/>\n\t\t<meta property=\"article:published_time\" content=\"2020-03-13T16:57:28+00:00\" \/>\n\t\t<meta property=\"article:modified_time\" content=\"2020-03-13T16:57:28+00:00\" \/>\n\t\t<meta property=\"article:publisher\" content=\"https:\/\/facebook.com\/eldigitaldeasturias\" \/>\n\t\t<meta name=\"twitter:card\" content=\"summary_large_image\" \/>\n\t\t<meta name=\"twitter:title\" content=\"El estado de los enclaves tur\u00edsticos australianos tras el fuego - El Digital de Asturias\" \/>\n\t\t<meta name=\"twitter:description\" content=\"(dpa) - Las im\u00e1genes en televisi\u00f3n tienen un gran poder, y las que dieron recientemente la vuelta al mundo mostrando los incendios de Australia fueron impactantes: fuegos masivos, columnas kilom\u00e9tricas de humo y canguros calcinados. Se pod\u00eda tener la err\u00f3nea impresi\u00f3n de que el continente al completo ardi\u00f3 en llamas. Lo que s\u00ed es cierto\" \/>\n\t\t<meta name=\"twitter:image\" content=\"https:\/\/www.eldigitaldeasturias.com\/noticias\/wp-content\/uploads\/2020\/03\/Australia-dpa.jpg\" \/>\n\t\t<meta name=\"twitter:label1\" content=\"Escrito por\" \/>\n\t\t<meta name=\"twitter:data1\" content=\"El Digital de Asturias\" \/>\n\t\t<meta name=\"twitter:label2\" content=\"Tiempo de lectura estimado\" \/>\n\t\t<meta name=\"twitter:data2\" content=\"2 minutos\" \/>\n\t\t<script type=\"application\/ld+json\" class=\"aioseo-schema\">\n\t\t\t{\"@context\":\"https:\\\/\\\/schema.org\",\"@graph\":[{\"@type\":\"BlogPosting\",\"@id\":\"https:\\\/\\\/www.eldigitaldeasturias.com\\\/noticias\\\/el-estado-de-los-enclaves-turisticos-australianos-tras-el-fuego\\\/#blogposting\",\"name\":\"El estado de los enclaves tur\\u00edsticos australianos tras el fuego - El Digital de Asturias\",\"headline\":\"El estado de los enclaves tur\\u00edsticos australianos tras el fuego\",\"author\":{\"@id\":\"https:\\\/\\\/www.eldigitaldeasturias.com\\\/noticias\\\/author\\\/admin\\\/#author\"},\"publisher\":{\"@id\":\"https:\\\/\\\/www.eldigitaldeasturias.com\\\/noticias\\\/#organization\"},\"image\":{\"@type\":\"ImageObject\",\"url\":\"https:\\\/\\\/www.eldigitaldeasturias.com\\\/noticias\\\/wp-content\\\/uploads\\\/2020\\\/03\\\/Australia-dpa.jpg\",\"width\":1008,\"height\":665,\"caption\":\"Las Monta\\u00f1as Azules fueron una de las regiones de Australia afectada por los incendios. Foto: Tourism Australia\\\/dpa-tmn\"},\"datePublished\":\"2020-03-13T16:57:28+01:00\",\"dateModified\":\"2020-03-13T16:57:28+01:00\",\"inLanguage\":\"es-ES\",\"mainEntityOfPage\":{\"@id\":\"https:\\\/\\\/www.eldigitaldeasturias.com\\\/noticias\\\/el-estado-de-los-enclaves-turisticos-australianos-tras-el-fuego\\\/#webpage\"},\"isPartOf\":{\"@id\":\"https:\\\/\\\/www.eldigitaldeasturias.com\\\/noticias\\\/el-estado-de-los-enclaves-turisticos-australianos-tras-el-fuego\\\/#webpage\"},\"articleSection\":\"Turismo\"},{\"@type\":\"BreadcrumbList\",\"@id\":\"https:\\\/\\\/www.eldigitaldeasturias.com\\\/noticias\\\/el-estado-de-los-enclaves-turisticos-australianos-tras-el-fuego\\\/#breadcrumblist\",\"itemListElement\":[{\"@type\":\"ListItem\",\"@id\":\"https:\\\/\\\/www.eldigitaldeasturias.com\\\/noticias#listItem\",\"position\":1,\"name\":\"Home\",\"item\":\"https:\\\/\\\/www.eldigitaldeasturias.com\\\/noticias\",\"nextItem\":{\"@type\":\"ListItem\",\"@id\":\"https:\\\/\\\/www.eldigitaldeasturias.com\\\/noticias\\\/category\\\/turismo\\\/#listItem\",\"name\":\"Turismo\"}},{\"@type\":\"ListItem\",\"@id\":\"https:\\\/\\\/www.eldigitaldeasturias.com\\\/noticias\\\/category\\\/turismo\\\/#listItem\",\"position\":2,\"name\":\"Turismo\",\"item\":\"https:\\\/\\\/www.eldigitaldeasturias.com\\\/noticias\\\/category\\\/turismo\\\/\",\"nextItem\":{\"@type\":\"ListItem\",\"@id\":\"https:\\\/\\\/www.eldigitaldeasturias.com\\\/noticias\\\/el-estado-de-los-enclaves-turisticos-australianos-tras-el-fuego\\\/#listItem\",\"name\":\"El estado de los enclaves tur\\u00edsticos australianos tras el fuego\"},\"previousItem\":{\"@type\":\"ListItem\",\"@id\":\"https:\\\/\\\/www.eldigitaldeasturias.com\\\/noticias#listItem\",\"name\":\"Home\"}},{\"@type\":\"ListItem\",\"@id\":\"https:\\\/\\\/www.eldigitaldeasturias.com\\\/noticias\\\/el-estado-de-los-enclaves-turisticos-australianos-tras-el-fuego\\\/#listItem\",\"position\":3,\"name\":\"El estado de los enclaves tur\\u00edsticos australianos tras el fuego\",\"previousItem\":{\"@type\":\"ListItem\",\"@id\":\"https:\\\/\\\/www.eldigitaldeasturias.com\\\/noticias\\\/category\\\/turismo\\\/#listItem\",\"name\":\"Turismo\"}}]},{\"@type\":\"Organization\",\"@id\":\"https:\\\/\\\/www.eldigitaldeasturias.com\\\/noticias\\\/#organization\",\"name\":\"El Digital de Asturias\",\"description\":\"Hemeroteca\",\"url\":\"https:\\\/\\\/www.eldigitaldeasturias.com\\\/noticias\\\/\",\"email\":\"info@eldigitaldeasturias.com\",\"telephone\":\"+34652131393\",\"logo\":{\"@type\":\"ImageObject\",\"url\":\"https:\\\/\\\/www.eldigitaldeasturias.com\\\/noticias\\\/wp-content\\\/uploads\\\/2020\\\/12\\\/EDA.jpg\",\"@id\":\"https:\\\/\\\/www.eldigitaldeasturias.com\\\/noticias\\\/el-estado-de-los-enclaves-turisticos-australianos-tras-el-fuego\\\/#organizationLogo\",\"width\":649,\"height\":297},\"image\":{\"@id\":\"https:\\\/\\\/www.eldigitaldeasturias.com\\\/noticias\\\/el-estado-de-los-enclaves-turisticos-australianos-tras-el-fuego\\\/#organizationLogo\"},\"sameAs\":[\"https:\\\/\\\/facebook.com\\\/eldigitaldeasturias\",\"https:\\\/\\\/www.youtube.com\\\/channel\\\/UCZP-2wLEB9Rv6erhFmqVnvg\"],\"address\":{\"@id\":\"https:\\\/\\\/www.eldigitaldeasturias.com\\\/noticias\\\/#postaladdress\",\"@type\":\"PostalAddress\",\"streetAddress\":\"san antonio 4,\",\"postalCode\":\"33430\",\"addressLocality\":\"Cand\\u00e1s\",\"addressRegion\":\"Asturias\",\"addressCountry\":\"ES\"}},{\"@type\":\"Person\",\"@id\":\"https:\\\/\\\/www.eldigitaldeasturias.com\\\/noticias\\\/author\\\/admin\\\/#author\",\"url\":\"https:\\\/\\\/www.eldigitaldeasturias.com\\\/noticias\\\/author\\\/admin\\\/\",\"name\":\"El Digital de Asturias\",\"image\":{\"@type\":\"ImageObject\",\"@id\":\"https:\\\/\\\/www.eldigitaldeasturias.com\\\/noticias\\\/el-estado-de-los-enclaves-turisticos-australianos-tras-el-fuego\\\/#authorImage\",\"url\":\"https:\\\/\\\/www.eldigitaldeasturias.com\\\/noticias\\\/wp-content\\\/litespeed\\\/avatar\\\/18677e78aa0546b92d9dbf31ec7d7668.jpg?ver=1776685526\",\"width\":96,\"height\":96,\"caption\":\"El Digital de Asturias\"}},{\"@type\":\"WebPage\",\"@id\":\"https:\\\/\\\/www.eldigitaldeasturias.com\\\/noticias\\\/el-estado-de-los-enclaves-turisticos-australianos-tras-el-fuego\\\/#webpage\",\"url\":\"https:\\\/\\\/www.eldigitaldeasturias.com\\\/noticias\\\/el-estado-de-los-enclaves-turisticos-australianos-tras-el-fuego\\\/\",\"name\":\"El estado de los enclaves tur\\u00edsticos australianos tras el fuego - El Digital de Asturias\",\"description\":\"(dpa) - Las im\\u00e1genes en televisi\\u00f3n tienen un gran poder, y las que dieron recientemente la vuelta al mundo mostrando los incendios de Australia fueron impactantes: fuegos masivos, columnas kilom\\u00e9tricas de humo y canguros calcinados. Se pod\\u00eda tener la err\\u00f3nea impresi\\u00f3n de que el continente al completo ardi\\u00f3 en llamas. Lo que s\\u00ed es cierto\",\"inLanguage\":\"es-ES\",\"isPartOf\":{\"@id\":\"https:\\\/\\\/www.eldigitaldeasturias.com\\\/noticias\\\/#website\"},\"breadcrumb\":{\"@id\":\"https:\\\/\\\/www.eldigitaldeasturias.com\\\/noticias\\\/el-estado-de-los-enclaves-turisticos-australianos-tras-el-fuego\\\/#breadcrumblist\"},\"author\":{\"@id\":\"https:\\\/\\\/www.eldigitaldeasturias.com\\\/noticias\\\/author\\\/admin\\\/#author\"},\"creator\":{\"@id\":\"https:\\\/\\\/www.eldigitaldeasturias.com\\\/noticias\\\/author\\\/admin\\\/#author\"},\"image\":{\"@type\":\"ImageObject\",\"url\":\"https:\\\/\\\/www.eldigitaldeasturias.com\\\/noticias\\\/wp-content\\\/uploads\\\/2020\\\/03\\\/Australia-dpa.jpg\",\"@id\":\"https:\\\/\\\/www.eldigitaldeasturias.com\\\/noticias\\\/el-estado-de-los-enclaves-turisticos-australianos-tras-el-fuego\\\/#mainImage\",\"width\":1008,\"height\":665,\"caption\":\"Las Monta\\u00f1as Azules fueron una de las regiones de Australia afectada por los incendios. Foto: Tourism Australia\\\/dpa-tmn\"},\"primaryImageOfPage\":{\"@id\":\"https:\\\/\\\/www.eldigitaldeasturias.com\\\/noticias\\\/el-estado-de-los-enclaves-turisticos-australianos-tras-el-fuego\\\/#mainImage\"},\"datePublished\":\"2020-03-13T16:57:28+01:00\",\"dateModified\":\"2020-03-13T16:57:28+01:00\"},{\"@type\":\"WebSite\",\"@id\":\"https:\\\/\\\/www.eldigitaldeasturias.com\\\/noticias\\\/#website\",\"url\":\"https:\\\/\\\/www.eldigitaldeasturias.com\\\/noticias\\\/\",\"name\":\"El Digital de Asturias - Diario de actualidad y noticias\",\"alternateName\":\"El Digital de Asturias - Diario de actualidad y noticias\",\"description\":\"Hemeroteca\",\"inLanguage\":\"es-ES\",\"publisher\":{\"@id\":\"https:\\\/\\\/www.eldigitaldeasturias.com\\\/noticias\\\/#organization\"}}]}\n\t\t<\/script>\n\t\t<!-- All in One SEO Pro -->\r\n\t\t<title>El estado de los enclaves tur\u00edsticos australianos tras el fuego - El Digital de Asturias<\/title>\n\n","aioseo_head_json":{"title":"El estado de los enclaves tur\u00edsticos australianos tras el fuego - El Digital de Asturias","description":"(dpa) - Las im\u00e1genes en televisi\u00f3n tienen un gran poder, y las que dieron recientemente la vuelta al mundo mostrando los incendios de Australia fueron impactantes: fuegos masivos, columnas kilom\u00e9tricas de humo y canguros calcinados. Se pod\u00eda tener la err\u00f3nea impresi\u00f3n de que el continente al completo ardi\u00f3 en llamas. Lo que s\u00ed es cierto","canonical_url":"https:\/\/www.eldigitaldeasturias.com\/noticias\/el-estado-de-los-enclaves-turisticos-australianos-tras-el-fuego\/","robots":"max-image-preview:large","keywords":"turismo","webmasterTools":{"google-site-verification":"UA-38556648-1","msvalidate.01":"7dfe9f3f1b24437ab69f4f2559babe99","miscellaneous":""},"schema":{"@context":"https:\/\/schema.org","@graph":[{"@type":"BlogPosting","@id":"https:\/\/www.eldigitaldeasturias.com\/noticias\/el-estado-de-los-enclaves-turisticos-australianos-tras-el-fuego\/#blogposting","name":"El estado de los enclaves tur\u00edsticos australianos tras el fuego - El Digital de Asturias","headline":"El estado de los enclaves tur\u00edsticos australianos tras el fuego","author":{"@id":"https:\/\/www.eldigitaldeasturias.com\/noticias\/author\/admin\/#author"},"publisher":{"@id":"https:\/\/www.eldigitaldeasturias.com\/noticias\/#organization"},"image":{"@type":"ImageObject","url":"https:\/\/www.eldigitaldeasturias.com\/noticias\/wp-content\/uploads\/2020\/03\/Australia-dpa.jpg","width":1008,"height":665,"caption":"Las Monta\u00f1as Azules fueron una de las regiones de Australia afectada por los incendios. Foto: Tourism Australia\/dpa-tmn"},"datePublished":"2020-03-13T16:57:28+01:00","dateModified":"2020-03-13T16:57:28+01:00","inLanguage":"es-ES","mainEntityOfPage":{"@id":"https:\/\/www.eldigitaldeasturias.com\/noticias\/el-estado-de-los-enclaves-turisticos-australianos-tras-el-fuego\/#webpage"},"isPartOf":{"@id":"https:\/\/www.eldigitaldeasturias.com\/noticias\/el-estado-de-los-enclaves-turisticos-australianos-tras-el-fuego\/#webpage"},"articleSection":"Turismo"},{"@type":"BreadcrumbList","@id":"https:\/\/www.eldigitaldeasturias.com\/noticias\/el-estado-de-los-enclaves-turisticos-australianos-tras-el-fuego\/#breadcrumblist","itemListElement":[{"@type":"ListItem","@id":"https:\/\/www.eldigitaldeasturias.com\/noticias#listItem","position":1,"name":"Home","item":"https:\/\/www.eldigitaldeasturias.com\/noticias","nextItem":{"@type":"ListItem","@id":"https:\/\/www.eldigitaldeasturias.com\/noticias\/category\/turismo\/#listItem","name":"Turismo"}},{"@type":"ListItem","@id":"https:\/\/www.eldigitaldeasturias.com\/noticias\/category\/turismo\/#listItem","position":2,"name":"Turismo","item":"https:\/\/www.eldigitaldeasturias.com\/noticias\/category\/turismo\/","nextItem":{"@type":"ListItem","@id":"https:\/\/www.eldigitaldeasturias.com\/noticias\/el-estado-de-los-enclaves-turisticos-australianos-tras-el-fuego\/#listItem","name":"El estado de los enclaves tur\u00edsticos australianos tras el fuego"},"previousItem":{"@type":"ListItem","@id":"https:\/\/www.eldigitaldeasturias.com\/noticias#listItem","name":"Home"}},{"@type":"ListItem","@id":"https:\/\/www.eldigitaldeasturias.com\/noticias\/el-estado-de-los-enclaves-turisticos-australianos-tras-el-fuego\/#listItem","position":3,"name":"El estado de los enclaves tur\u00edsticos australianos tras el fuego","previousItem":{"@type":"ListItem","@id":"https:\/\/www.eldigitaldeasturias.com\/noticias\/category\/turismo\/#listItem","name":"Turismo"}}]},{"@type":"Organization","@id":"https:\/\/www.eldigitaldeasturias.com\/noticias\/#organization","name":"El Digital de Asturias","description":"Hemeroteca","url":"https:\/\/www.eldigitaldeasturias.com\/noticias\/","email":"info@eldigitaldeasturias.com","telephone":"+34652131393","logo":{"@type":"ImageObject","url":"https:\/\/www.eldigitaldeasturias.com\/noticias\/wp-content\/uploads\/2020\/12\/EDA.jpg","@id":"https:\/\/www.eldigitaldeasturias.com\/noticias\/el-estado-de-los-enclaves-turisticos-australianos-tras-el-fuego\/#organizationLogo","width":649,"height":297},"image":{"@id":"https:\/\/www.eldigitaldeasturias.com\/noticias\/el-estado-de-los-enclaves-turisticos-australianos-tras-el-fuego\/#organizationLogo"},"sameAs":["https:\/\/facebook.com\/eldigitaldeasturias","https:\/\/www.youtube.com\/channel\/UCZP-2wLEB9Rv6erhFmqVnvg"],"address":{"@id":"https:\/\/www.eldigitaldeasturias.com\/noticias\/#postaladdress","@type":"PostalAddress","streetAddress":"san antonio 4,","postalCode":"33430","addressLocality":"Cand\u00e1s","addressRegion":"Asturias","addressCountry":"ES"}},{"@type":"Person","@id":"https:\/\/www.eldigitaldeasturias.com\/noticias\/author\/admin\/#author","url":"https:\/\/www.eldigitaldeasturias.com\/noticias\/author\/admin\/","name":"El Digital de Asturias","image":{"@type":"ImageObject","@id":"https:\/\/www.eldigitaldeasturias.com\/noticias\/el-estado-de-los-enclaves-turisticos-australianos-tras-el-fuego\/#authorImage","url":"https:\/\/www.eldigitaldeasturias.com\/noticias\/wp-content\/litespeed\/avatar\/18677e78aa0546b92d9dbf31ec7d7668.jpg?ver=1776685526","width":96,"height":96,"caption":"El Digital de Asturias"}},{"@type":"WebPage","@id":"https:\/\/www.eldigitaldeasturias.com\/noticias\/el-estado-de-los-enclaves-turisticos-australianos-tras-el-fuego\/#webpage","url":"https:\/\/www.eldigitaldeasturias.com\/noticias\/el-estado-de-los-enclaves-turisticos-australianos-tras-el-fuego\/","name":"El estado de los enclaves tur\u00edsticos australianos tras el fuego - El Digital de Asturias","description":"(dpa) - Las im\u00e1genes en televisi\u00f3n tienen un gran poder, y las que dieron recientemente la vuelta al mundo mostrando los incendios de Australia fueron impactantes: fuegos masivos, columnas kilom\u00e9tricas de humo y canguros calcinados. Se pod\u00eda tener la err\u00f3nea impresi\u00f3n de que el continente al completo ardi\u00f3 en llamas. Lo que s\u00ed es cierto","inLanguage":"es-ES","isPartOf":{"@id":"https:\/\/www.eldigitaldeasturias.com\/noticias\/#website"},"breadcrumb":{"@id":"https:\/\/www.eldigitaldeasturias.com\/noticias\/el-estado-de-los-enclaves-turisticos-australianos-tras-el-fuego\/#breadcrumblist"},"author":{"@id":"https:\/\/www.eldigitaldeasturias.com\/noticias\/author\/admin\/#author"},"creator":{"@id":"https:\/\/www.eldigitaldeasturias.com\/noticias\/author\/admin\/#author"},"image":{"@type":"ImageObject","url":"https:\/\/www.eldigitaldeasturias.com\/noticias\/wp-content\/uploads\/2020\/03\/Australia-dpa.jpg","@id":"https:\/\/www.eldigitaldeasturias.com\/noticias\/el-estado-de-los-enclaves-turisticos-australianos-tras-el-fuego\/#mainImage","width":1008,"height":665,"caption":"Las Monta\u00f1as Azules fueron una de las regiones de Australia afectada por los incendios. Foto: Tourism Australia\/dpa-tmn"},"primaryImageOfPage":{"@id":"https:\/\/www.eldigitaldeasturias.com\/noticias\/el-estado-de-los-enclaves-turisticos-australianos-tras-el-fuego\/#mainImage"},"datePublished":"2020-03-13T16:57:28+01:00","dateModified":"2020-03-13T16:57:28+01:00"},{"@type":"WebSite","@id":"https:\/\/www.eldigitaldeasturias.com\/noticias\/#website","url":"https:\/\/www.eldigitaldeasturias.com\/noticias\/","name":"El Digital de Asturias - Diario de actualidad y noticias","alternateName":"El Digital de Asturias - Diario de actualidad y noticias","description":"Hemeroteca","inLanguage":"es-ES","publisher":{"@id":"https:\/\/www.eldigitaldeasturias.com\/noticias\/#organization"}}]},"og:locale":"es_ES","og:site_name":"El Digital de Asturias","og:type":"article","og:title":"El estado de los enclaves tur\u00edsticos australianos tras el fuego - El Digital de Asturias","og:description":"(dpa) - Las im\u00e1genes en televisi\u00f3n tienen un gran poder, y las que dieron recientemente la vuelta al mundo mostrando los incendios de Australia fueron impactantes: fuegos masivos, columnas kilom\u00e9tricas de humo y canguros calcinados. Se pod\u00eda tener la err\u00f3nea impresi\u00f3n de que el continente al completo ardi\u00f3 en llamas. Lo que s\u00ed es cierto","og:url":"https:\/\/www.eldigitaldeasturias.com\/noticias\/el-estado-de-los-enclaves-turisticos-australianos-tras-el-fuego\/","og:image":"https:\/\/www.eldigitaldeasturias.com\/noticias\/wp-content\/uploads\/2020\/03\/Australia-dpa.jpg","og:image:secure_url":"https:\/\/www.eldigitaldeasturias.com\/noticias\/wp-content\/uploads\/2020\/03\/Australia-dpa.jpg","og:image:width":1008,"og:image:height":665,"article:tag":["turismo"],"article:published_time":"2020-03-13T16:57:28+00:00","article:modified_time":"2020-03-13T16:57:28+00:00","article:publisher":"https:\/\/facebook.com\/eldigitaldeasturias","twitter:card":"summary_large_image","twitter:title":"El estado de los enclaves tur\u00edsticos australianos tras el fuego - El Digital de Asturias","twitter:description":"(dpa) - Las im\u00e1genes en televisi\u00f3n tienen un gran poder, y las que dieron recientemente la vuelta al mundo mostrando los incendios de Australia fueron impactantes: fuegos masivos, columnas kilom\u00e9tricas de humo y canguros calcinados. Se pod\u00eda tener la err\u00f3nea impresi\u00f3n de que el continente al completo ardi\u00f3 en llamas. Lo que s\u00ed es cierto","twitter:image":"https:\/\/www.eldigitaldeasturias.com\/noticias\/wp-content\/uploads\/2020\/03\/Australia-dpa.jpg","twitter:label1":"Escrito por","twitter:data1":"El Digital de Asturias","twitter:label2":"Tiempo de lectura estimado","twitter:data2":"2 minutos"},"aioseo_meta_data":{"post_id":"1060643","title":null,"description":null,"keywords":null,"keyphrases":null,"primary_term":null,"canonical_url":null,"og_title":null,"og_description":null,"og_object_type":"default","og_image_type":"default","og_image_url":null,"og_image_width":null,"og_image_height":null,"og_image_custom_url":null,"og_image_custom_fields":null,"og_video":null,"og_custom_url":null,"og_article_section":null,"og_article_tags":null,"twitter_use_og":false,"twitter_card":"default","twitter_image_type":"default","twitter_image_url":null,"twitter_image_custom_url":null,"twitter_image_custom_fields":null,"twitter_title":null,"twitter_description":null,"schema":{"blockGraphs":[],"customGraphs":[],"default":{"data":{"Article":[],"Course":[],"Dataset":[],"FAQPage":[],"Movie":[],"Person":[],"Product":[],"ProductReview":[],"Car":[],"Recipe":[],"Service":[],"SoftwareApplication":[],"WebPage":[]},"graphName":"","isEnabled":true},"graphs":[],"defaultGraph":"","defaultPostTypeGraph":""},"schema_type":null,"schema_type_options":null,"pillar_content":false,"robots_default":true,"robots_noindex":false,"robots_noarchive":false,"robots_nosnippet":false,"robots_nofollow":false,"robots_noimageindex":false,"robots_noodp":false,"robots_notranslate":false,"robots_max_snippet":null,"robots_max_videopreview":null,"robots_max_imagepreview":"large","priority":null,"frequency":null,"local_seo":null,"seo_analyzer_scan_date":"2025-10-31 12:53:05","breadcrumb_settings":null,"limit_modified_date":false,"open_ai":null,"ai":null,"created":"2020-12-21 10:53:47","updated":"2025-10-31 12:53:05"},"aioseo_breadcrumb":"<div class=\"aioseo-breadcrumbs\"><span class=\"aioseo-breadcrumb\">\n\t<a href=\"https:\/\/www.eldigitaldeasturias.com\/noticias\" title=\"Home\">Home<\/a>\n<\/span><span class=\"aioseo-breadcrumb-separator\">\u2013<\/span><span class=\"aioseo-breadcrumb\">\n\t<a href=\"https:\/\/www.eldigitaldeasturias.com\/noticias\/category\/turismo\/\" title=\"Turismo\">Turismo<\/a>\n<\/span><span class=\"aioseo-breadcrumb-separator\">\u2013<\/span><span class=\"aioseo-breadcrumb\">\n\t<a href=\"https:\/\/www.eldigitaldeasturias.com\/noticias\/el-estado-de-los-enclaves-turisticos-australianos-tras-el-fuego\/\" title=\"El estado de los enclaves tur\u00edsticos australianos tras el fuego\">El estado de los enclaves tur\u00edsticos australianos tras el fuego<\/a>\n<\/span><\/div>","aioseo_breadcrumb_json":[{"label":"Home","link":"https:\/\/www.eldigitaldeasturias.com\/noticias"},{"label":"Turismo","link":"https:\/\/www.eldigitaldeasturias.com\/noticias\/category\/turismo\/"},{"label":"El estado de los enclaves tur\u00edsticos australianos tras el fuego","link":"https:\/\/www.eldigitaldeasturias.com\/noticias\/el-estado-de-los-enclaves-turisticos-australianos-tras-el-fuego\/"}],"_links":{"self":[{"href":"https:\/\/www.eldigitaldeasturias.com\/noticias\/wp-json\/wp\/v2\/posts\/1060643","targetHints":{"allow":["GET"]}}],"collection":[{"href":"https:\/\/www.eldigitaldeasturias.com\/noticias\/wp-json\/wp\/v2\/posts"}],"about":[{"href":"https:\/\/www.eldigitaldeasturias.com\/noticias\/wp-json\/wp\/v2\/types\/post"}],"author":[{"embeddable":true,"href":"https:\/\/www.eldigitaldeasturias.com\/noticias\/wp-json\/wp\/v2\/users\/1"}],"replies":[{"embeddable":true,"href":"https:\/\/www.eldigitaldeasturias.com\/noticias\/wp-json\/wp\/v2\/comments?post=1060643"}],"version-history":[{"count":0,"href":"https:\/\/www.eldigitaldeasturias.com\/noticias\/wp-json\/wp\/v2\/posts\/1060643\/revisions"}],"wp:featuredmedia":[{"embeddable":true,"href":"https:\/\/www.eldigitaldeasturias.com\/noticias\/wp-json\/wp\/v2\/media\/1060644"}],"wp:attachment":[{"href":"https:\/\/www.eldigitaldeasturias.com\/noticias\/wp-json\/wp\/v2\/media?parent=1060643"}],"wp:term":[{"taxonomy":"category","embeddable":true,"href":"https:\/\/www.eldigitaldeasturias.com\/noticias\/wp-json\/wp\/v2\/categories?post=1060643"},{"taxonomy":"post_tag","embeddable":true,"href":"https:\/\/www.eldigitaldeasturias.com\/noticias\/wp-json\/wp\/v2\/tags?post=1060643"}],"curies":[{"name":"wp","href":"https:\/\/api.w.org\/{rel}","templated":true}]}}