{"id":1060609,"date":"2020-03-12T21:03:38","date_gmt":"2020-03-12T21:03:38","guid":{"rendered":"https:\/\/www.eldigitaldeasturias.com\/noticias\/?p=1060609"},"modified":"2020-03-12T21:03:38","modified_gmt":"2020-03-12T21:03:38","slug":"las-medidas-economicas-para-mitigar-el-impacto-del-covid-19","status":"publish","type":"post","link":"https:\/\/www.eldigitaldeasturias.com\/noticias\/las-medidas-economicas-para-mitigar-el-impacto-del-covid-19\/","title":{"rendered":"Las medidas econ\u00f3micas para mitigar el impacto del COVID-19"},"content":{"rendered":"<p><img loading=\"lazy\" decoding=\"async\" class=\"alignleft size-medium wp-image-1060610\" src=\"https:\/\/www.eldigitaldeasturias.com\/noticias\/wp-content\/uploads\/2020\/03\/081118-sede-360x239.jpg\" alt=\"\" width=\"360\" height=\"239\" srcset=\"https:\/\/www.eldigitaldeasturias.com\/noticias\/wp-content\/uploads\/2020\/03\/081118-sede-360x239.jpg 360w, https:\/\/www.eldigitaldeasturias.com\/noticias\/wp-content\/uploads\/2020\/03\/081118-sede-452x300.jpg 452w, https:\/\/www.eldigitaldeasturias.com\/noticias\/wp-content\/uploads\/2020\/03\/081118-sede.jpg 502w\" sizes=\"auto, (max-width: 360px) 100vw, 360px\" \/>El Gobierno ha adoptado un plan de medidas excepcionales en el \u00e1mbito econ\u00f3mico para mitigar el impacto por el COVID-19 que permitir\u00e1 movilizar hasta 18.225 millones de euros durante este a\u00f1o. Estas medidas se unen a las adoptadas en materia sanitaria y de cobertura laboral en el Consejo de Ministros del pasado 10 de marzo.<\/p>\n<p>El plan ha sido acordado a propuesta de la vicepresidenta tercera del Gobierno y ministra de Asuntos Econ\u00f3micos y Transformaci\u00f3n Digital, y de los ministerios de Hacienda, Transportes, Movilidad y Agenda Urbana, Trabajo y Econom\u00eda Social, Industria, Comercio y Turismo, Sanidad y Derechos Sociales y Agenda 2030.<\/p>\n<p>Las medidas est\u00e1n alineadas con las acciones acordadas por los organismos internacionales en los \u00faltimos d\u00edas, en particular la Comisi\u00f3n Europea.<\/p>\n<p>En esta l\u00ednea de colaboraci\u00f3n con dichas instituciones, el Gobierno aborda esta situaci\u00f3n excepcional con un enfoque m\u00faltiple, que incluye el seguimiento de las recomendaciones de las autoridades sanitarias, el desarrollo de indicadores en tiempo real para registrar el posible impacto econ\u00f3mico del COVID-19, la identificaci\u00f3n de los posibles riesgos para empresas o sectores especialmente expuestos y la puesta en marcha de un plan de medidas para mitigar sus impactos y que \u00e9stos sean lo m\u00e1s limitados posibles en cuanto a su duraci\u00f3n y alcance.<\/p>\n<p>Con estos objetivos, el plan adoptado hoy da respuesta a las necesidades de las personas y las empresas derivadas del impacto econ\u00f3mico del COVID-19, as\u00ed como a las generadas por las medidas espec\u00edficas de contenci\u00f3n reforzada adoptadas por las autoridades p\u00fablicas en las \u00faltimas semanas.<\/p>\n<p>La mayor parte de las medidas se articulan mediante un Real Decreto-ley de medidas urgentes para responder al impacto econ\u00f3mico del COVID-19, que recoge de forma espec\u00edfica acciones para reforzar el sector sanitario, proteger el bienestar de las familias y apoyar a las empresas afectadas, en particular del sector tur\u00edstico y las PYMEs.<\/p>\n<h3>Refuerzo del sistema sanitario<\/h3>\n<p>El Gobierno ha tomado distintas medidas para reforzar la capacidad de respuesta del sector sanitario, tanto del Gobierno central como de las Comunidades Aut\u00f3nomas, ante el COVID-19, contener su transmisi\u00f3n y atender a las personas contagiadas.<\/p>\n<p>En primer lugar, se refuerzan en 1.000 millones de euros los recursos del Ministerio de Sanidad a trav\u00e9s del fondo de contingencia para atender los gastos extraordinarios que se generen, de forma que pueda atender de forma adecuada las necesidades sanitarias.<\/p>\n<p>Adem\u00e1s, el Gobierno ha decidido adelantar 2.800 millones de euros de los pagos a cuenta a las Comunidades Aut\u00f3nomas para reforzar su disponibilidad de recursos con los que hacer frente a necesidades inmediatas derivadas de esta situaci\u00f3n en sus sistemas sanitarios.<\/p>\n<p>Adicionalmente, se habilita al Gobierno para regular los precios de algunos productos necesarios para la protecci\u00f3n de la salud y, en caso de situaci\u00f3n excepcional, la Comisi\u00f3n Interministerial de Precios de los Medicamentos podr\u00e1 fijar el importe m\u00e1ximo de venta al p\u00fablico de determinados medicamentos y productos.<\/p>\n<h3>Medidas de apoyo a las familias<\/h3>\n<p>Las medidas de apoyo a las familias aprobadas hoy tienen como objetivo principal facilitar la protecci\u00f3n de los menores en situaci\u00f3n de vulnerabilidad y asegurar el correcto funcionamiento del sistema educativo ante las medidas espec\u00edficas de contenci\u00f3n adoptadas.<\/p>\n<p>El Gobierno dota 25 millones de euros de recursos espec\u00edficos a las Comunidades Aut\u00f3nomas para, mediante becas-comedor, garantizar el derecho b\u00e1sico de alimentaci\u00f3n de ni\u00f1os y ni\u00f1as en situaci\u00f3n de vulnerabilidad afectados por el cierre de centros escolares, de forma que este hecho no tenga consecuencias a\u00f1adidas indeseadas. Esto permite tambi\u00e9n mantener la actividad econ\u00f3mica vinculada a estos servicios de alimentaci\u00f3n.<\/p>\n<p>En el \u00e1mbito de la educaci\u00f3n obligatoria se habilita a las administraciones afectadas por las medidas de contenci\u00f3n reforzadas a modificar el calendario escolar para que puedan ordenar de forma flexible el desarrollo del curso.<\/p>\n<p>Se ha decidido tambi\u00e9n que el personal al servicio de la Administraci\u00f3n P\u00fablica encuadrado en el r\u00e9gimen especial de mutualismo administrativo que se encuentre en situaci\u00f3n de aislamiento preventivo, as\u00ed como quienes se han contagiado del virus, se considerar\u00e1n en Incapacidad Temporal asimilada a la baja laboral por Accidente de Trabajo. Se extiende de esta forma a los empleados p\u00fablicos la medida adoptada el pasado martes para el R\u00e9gimen General de la Seguridad Social.<\/p>\n<h3>Apoyo al sector empresarial<\/h3>\n<p>El tercer grupo de medidas se dirige a apoyar la actividad empresarial y, de forma especial, a los colectivos y sectores m\u00e1s directamente afectados por el COVID-19.<\/p>\n<p>El Gobierno, para evitar posibles tensiones de tesorer\u00eda de aut\u00f3nomos y peque\u00f1as y medianas empresas, flexibiliza los aplazamientos del pago de impuestos durante un periodo de seis meses, previa solicitud, con bonificaci\u00f3n en los tipos de inter\u00e9s. Esto permitir\u00e1 inyectar hasta 14.000 millones de euros de liquidez.<\/p>\n<p>En segundo lugar, se dispone una l\u00ednea de financiaci\u00f3n espec\u00edfica a trav\u00e9s del Instituto de Cr\u00e9dito Oficial por importe de 400 millones de euros para atender las necesidades de liquidez de las empresas y trabajadores aut\u00f3nomos del sector tur\u00edstico, as\u00ed como de las actividades relacionadas que se est\u00e9n viendo afectadas por la actual situaci\u00f3n.<\/p>\n<p>En tercer t\u00e9rmino, se permite que las empresas que han recibido pr\u00e9stamos de la Secretar\u00eda General de Industria y de la Peque\u00f1a y Mediana Empresa puedan aplazar su reembolso.<\/p>\n<p>En cuarto lugar, se ampl\u00edan las bonificaciones a la Seguridad Social para contratos fijos discontinuos que se realicen entre los meses de febrero y junio en los sectores de turismo, comercio y hosteler\u00eda vinculados a la actividad tur\u00edstica.<\/p>\n<p>Finalmente, se ha solicitado a la Comisi\u00f3n Europea que permita al coordinador de slots espa\u00f1ol, AECFA, no aplicar la regla que regula el uso de slots para las pr\u00f3ximas temporadas. Esta exenci\u00f3n permitir\u00eda que las compa\u00f1\u00edas a\u00e9reas no se vean penalizadas en el futuro por haber reducido sus vuelos en las actuales circunstancias.<\/p>\n<h3><strong>Gesti\u00f3n eficiente de las Administraciones P\u00fablicas<\/strong><\/h3>\n<p>Con el fin de que la Administraci\u00f3n General del Estado pueda tomar las medidas oportunas para hacer frente al COVID-19, se agiliza el procedimiento para la contrataci\u00f3n de todo tipo de bienes o servicios que sean necesarios.<\/p>\n<p>Asimismo, se habilita al Ministerio de Hacienda para realizar transferencias entre las distintas secciones presupuestarias con el fin de reforzar la financiaci\u00f3n de la pol\u00edtica sanitaria por parte del Estado.<\/p>\n<p>&nbsp;<\/p>\n","protected":false},"excerpt":{"rendered":"<p>El Gobierno ha adoptado un plan de medidas excepcionales en el \u00e1mbito econ\u00f3mico para mitigar el impacto por el COVID-19 que permitir\u00e1 movilizar hasta 18.225 millones de euros durante este a\u00f1o. Estas medidas se unen a las adoptadas en materia sanitaria y de cobertura laboral en el Consejo de Ministros del pasado 10 de marzo. [&hellip;]<\/p>\n","protected":false},"author":1,"featured_media":1060610,"comment_status":"closed","ping_status":"closed","sticky":false,"template":"","format":"standard","meta":{"footnotes":""},"categories":[187],"tags":[],"class_list":["post-1060609","post","type-post","status-publish","format-standard","has-post-thumbnail","hentry","category-economia"],"aioseo_notices":[],"aioseo_head":"\n\t\t<!-- All in One SEO Pro 4.9.6.2 - aioseo.com -->\n\t<meta name=\"description\" content=\"El Gobierno ha adoptado un plan de medidas excepcionales en el \u00e1mbito econ\u00f3mico para mitigar el impacto por el COVID-19 que permitir\u00e1 movilizar hasta 18.225 millones de euros durante este a\u00f1o. Estas medidas se unen a las adoptadas en materia sanitaria y de cobertura laboral en el Consejo de Ministros del pasado 10 de marzo.\" \/>\n\t<meta name=\"robots\" content=\"max-image-preview:large\" \/>\n\t<meta name=\"author\" content=\"El Digital de Asturias\"\/>\n\t<meta name=\"google-site-verification\" content=\"UA-38556648-1\" \/>\n\t<meta name=\"msvalidate.01\" content=\"7dfe9f3f1b24437ab69f4f2559babe99\" \/>\n\t<meta name=\"keywords\" content=\"econom\u00eda\" \/>\n\t<link rel=\"canonical\" href=\"https:\/\/www.eldigitaldeasturias.com\/noticias\/las-medidas-economicas-para-mitigar-el-impacto-del-covid-19\/\" \/>\n\t<meta name=\"generator\" content=\"All in One SEO Pro (AIOSEO) 4.9.6.2\" \/>\n\t\t<meta property=\"og:locale\" content=\"es_ES\" \/>\n\t\t<meta property=\"og:site_name\" content=\"El Digital de Asturias\" \/>\n\t\t<meta property=\"og:type\" content=\"article\" \/>\n\t\t<meta property=\"og:title\" content=\"Las medidas econ\u00f3micas para mitigar el impacto del COVID-19 - El Digital de Asturias\" \/>\n\t\t<meta property=\"og:description\" content=\"El Gobierno ha adoptado un plan de medidas excepcionales en el \u00e1mbito econ\u00f3mico para mitigar el impacto por el COVID-19 que permitir\u00e1 movilizar hasta 18.225 millones de euros durante este a\u00f1o. Estas medidas se unen a las adoptadas en materia sanitaria y de cobertura laboral en el Consejo de Ministros del pasado 10 de marzo.\" \/>\n\t\t<meta property=\"og:url\" content=\"https:\/\/www.eldigitaldeasturias.com\/noticias\/las-medidas-economicas-para-mitigar-el-impacto-del-covid-19\/\" \/>\n\t\t<meta property=\"og:image\" content=\"https:\/\/www.eldigitaldeasturias.com\/noticias\/wp-content\/uploads\/2020\/03\/081118-sede.jpg\" \/>\n\t\t<meta property=\"og:image:secure_url\" content=\"https:\/\/www.eldigitaldeasturias.com\/noticias\/wp-content\/uploads\/2020\/03\/081118-sede.jpg\" \/>\n\t\t<meta property=\"og:image:width\" content=\"502\" \/>\n\t\t<meta property=\"og:image:height\" content=\"333\" \/>\n\t\t<meta property=\"article:tag\" content=\"econom\u00eda\" \/>\n\t\t<meta property=\"article:published_time\" content=\"2020-03-12T21:03:38+00:00\" \/>\n\t\t<meta property=\"article:modified_time\" content=\"2020-03-12T21:03:38+00:00\" \/>\n\t\t<meta property=\"article:publisher\" content=\"https:\/\/facebook.com\/eldigitaldeasturias\" \/>\n\t\t<meta name=\"twitter:card\" content=\"summary_large_image\" \/>\n\t\t<meta name=\"twitter:title\" content=\"Las medidas econ\u00f3micas para mitigar el impacto del COVID-19 - El Digital de Asturias\" \/>\n\t\t<meta name=\"twitter:description\" content=\"El Gobierno ha adoptado un plan de medidas excepcionales en el \u00e1mbito econ\u00f3mico para mitigar el impacto por el COVID-19 que permitir\u00e1 movilizar hasta 18.225 millones de euros durante este a\u00f1o. Estas medidas se unen a las adoptadas en materia sanitaria y de cobertura laboral en el Consejo de Ministros del pasado 10 de marzo.\" \/>\n\t\t<meta name=\"twitter:image\" content=\"https:\/\/www.eldigitaldeasturias.com\/noticias\/wp-content\/uploads\/2020\/03\/081118-sede.jpg\" \/>\n\t\t<meta name=\"twitter:label1\" content=\"Escrito por\" \/>\n\t\t<meta name=\"twitter:data1\" content=\"El Digital de Asturias\" \/>\n\t\t<meta name=\"twitter:label2\" content=\"Tiempo de lectura estimado\" \/>\n\t\t<meta name=\"twitter:data2\" content=\"6 minutos\" \/>\n\t\t<script type=\"application\/ld+json\" class=\"aioseo-schema\">\n\t\t\t{\"@context\":\"https:\\\/\\\/schema.org\",\"@graph\":[{\"@type\":\"BlogPosting\",\"@id\":\"https:\\\/\\\/www.eldigitaldeasturias.com\\\/noticias\\\/las-medidas-economicas-para-mitigar-el-impacto-del-covid-19\\\/#blogposting\",\"name\":\"Las medidas econ\\u00f3micas para mitigar el impacto del COVID-19 - El Digital de Asturias\",\"headline\":\"Las medidas econ\\u00f3micas para mitigar el impacto del COVID-19\",\"author\":{\"@id\":\"https:\\\/\\\/www.eldigitaldeasturias.com\\\/noticias\\\/author\\\/admin\\\/#author\"},\"publisher\":{\"@id\":\"https:\\\/\\\/www.eldigitaldeasturias.com\\\/noticias\\\/#organization\"},\"image\":{\"@type\":\"ImageObject\",\"url\":\"https:\\\/\\\/www.eldigitaldeasturias.com\\\/noticias\\\/wp-content\\\/uploads\\\/2020\\\/03\\\/081118-sede.jpg\",\"width\":502,\"height\":333},\"datePublished\":\"2020-03-12T21:03:38+01:00\",\"dateModified\":\"2020-03-12T21:03:38+01:00\",\"inLanguage\":\"es-ES\",\"mainEntityOfPage\":{\"@id\":\"https:\\\/\\\/www.eldigitaldeasturias.com\\\/noticias\\\/las-medidas-economicas-para-mitigar-el-impacto-del-covid-19\\\/#webpage\"},\"isPartOf\":{\"@id\":\"https:\\\/\\\/www.eldigitaldeasturias.com\\\/noticias\\\/las-medidas-economicas-para-mitigar-el-impacto-del-covid-19\\\/#webpage\"},\"articleSection\":\"Econom\\u00eda\"},{\"@type\":\"BreadcrumbList\",\"@id\":\"https:\\\/\\\/www.eldigitaldeasturias.com\\\/noticias\\\/las-medidas-economicas-para-mitigar-el-impacto-del-covid-19\\\/#breadcrumblist\",\"itemListElement\":[{\"@type\":\"ListItem\",\"@id\":\"https:\\\/\\\/www.eldigitaldeasturias.com\\\/noticias#listItem\",\"position\":1,\"name\":\"Home\",\"item\":\"https:\\\/\\\/www.eldigitaldeasturias.com\\\/noticias\",\"nextItem\":{\"@type\":\"ListItem\",\"@id\":\"https:\\\/\\\/www.eldigitaldeasturias.com\\\/noticias\\\/category\\\/economia\\\/#listItem\",\"name\":\"Econom\\u00eda\"}},{\"@type\":\"ListItem\",\"@id\":\"https:\\\/\\\/www.eldigitaldeasturias.com\\\/noticias\\\/category\\\/economia\\\/#listItem\",\"position\":2,\"name\":\"Econom\\u00eda\",\"item\":\"https:\\\/\\\/www.eldigitaldeasturias.com\\\/noticias\\\/category\\\/economia\\\/\",\"nextItem\":{\"@type\":\"ListItem\",\"@id\":\"https:\\\/\\\/www.eldigitaldeasturias.com\\\/noticias\\\/las-medidas-economicas-para-mitigar-el-impacto-del-covid-19\\\/#listItem\",\"name\":\"Las medidas econ\\u00f3micas para mitigar el impacto del COVID-19\"},\"previousItem\":{\"@type\":\"ListItem\",\"@id\":\"https:\\\/\\\/www.eldigitaldeasturias.com\\\/noticias#listItem\",\"name\":\"Home\"}},{\"@type\":\"ListItem\",\"@id\":\"https:\\\/\\\/www.eldigitaldeasturias.com\\\/noticias\\\/las-medidas-economicas-para-mitigar-el-impacto-del-covid-19\\\/#listItem\",\"position\":3,\"name\":\"Las medidas econ\\u00f3micas para mitigar el impacto del COVID-19\",\"previousItem\":{\"@type\":\"ListItem\",\"@id\":\"https:\\\/\\\/www.eldigitaldeasturias.com\\\/noticias\\\/category\\\/economia\\\/#listItem\",\"name\":\"Econom\\u00eda\"}}]},{\"@type\":\"Organization\",\"@id\":\"https:\\\/\\\/www.eldigitaldeasturias.com\\\/noticias\\\/#organization\",\"name\":\"El Digital de Asturias\",\"description\":\"Hemeroteca\",\"url\":\"https:\\\/\\\/www.eldigitaldeasturias.com\\\/noticias\\\/\",\"email\":\"info@eldigitaldeasturias.com\",\"telephone\":\"+34652131393\",\"logo\":{\"@type\":\"ImageObject\",\"url\":\"https:\\\/\\\/www.eldigitaldeasturias.com\\\/noticias\\\/wp-content\\\/uploads\\\/2020\\\/12\\\/EDA.jpg\",\"@id\":\"https:\\\/\\\/www.eldigitaldeasturias.com\\\/noticias\\\/las-medidas-economicas-para-mitigar-el-impacto-del-covid-19\\\/#organizationLogo\",\"width\":649,\"height\":297},\"image\":{\"@id\":\"https:\\\/\\\/www.eldigitaldeasturias.com\\\/noticias\\\/las-medidas-economicas-para-mitigar-el-impacto-del-covid-19\\\/#organizationLogo\"},\"sameAs\":[\"https:\\\/\\\/facebook.com\\\/eldigitaldeasturias\",\"https:\\\/\\\/www.youtube.com\\\/channel\\\/UCZP-2wLEB9Rv6erhFmqVnvg\"],\"address\":{\"@id\":\"https:\\\/\\\/www.eldigitaldeasturias.com\\\/noticias\\\/#postaladdress\",\"@type\":\"PostalAddress\",\"streetAddress\":\"san antonio 4,\",\"postalCode\":\"33430\",\"addressLocality\":\"Cand\\u00e1s\",\"addressRegion\":\"Asturias\",\"addressCountry\":\"ES\"}},{\"@type\":\"Person\",\"@id\":\"https:\\\/\\\/www.eldigitaldeasturias.com\\\/noticias\\\/author\\\/admin\\\/#author\",\"url\":\"https:\\\/\\\/www.eldigitaldeasturias.com\\\/noticias\\\/author\\\/admin\\\/\",\"name\":\"El Digital de Asturias\",\"image\":{\"@type\":\"ImageObject\",\"@id\":\"https:\\\/\\\/www.eldigitaldeasturias.com\\\/noticias\\\/las-medidas-economicas-para-mitigar-el-impacto-del-covid-19\\\/#authorImage\",\"url\":\"https:\\\/\\\/www.eldigitaldeasturias.com\\\/noticias\\\/wp-content\\\/litespeed\\\/avatar\\\/18677e78aa0546b92d9dbf31ec7d7668.jpg?ver=1777290358\",\"width\":96,\"height\":96,\"caption\":\"El Digital de Asturias\"}},{\"@type\":\"WebPage\",\"@id\":\"https:\\\/\\\/www.eldigitaldeasturias.com\\\/noticias\\\/las-medidas-economicas-para-mitigar-el-impacto-del-covid-19\\\/#webpage\",\"url\":\"https:\\\/\\\/www.eldigitaldeasturias.com\\\/noticias\\\/las-medidas-economicas-para-mitigar-el-impacto-del-covid-19\\\/\",\"name\":\"Las medidas econ\\u00f3micas para mitigar el impacto del COVID-19 - El Digital de Asturias\",\"description\":\"El Gobierno ha adoptado un plan de medidas excepcionales en el \\u00e1mbito econ\\u00f3mico para mitigar el impacto por el COVID-19 que permitir\\u00e1 movilizar hasta 18.225 millones de euros durante este a\\u00f1o. Estas medidas se unen a las adoptadas en materia sanitaria y de cobertura laboral en el Consejo de Ministros del pasado 10 de marzo.\",\"inLanguage\":\"es-ES\",\"isPartOf\":{\"@id\":\"https:\\\/\\\/www.eldigitaldeasturias.com\\\/noticias\\\/#website\"},\"breadcrumb\":{\"@id\":\"https:\\\/\\\/www.eldigitaldeasturias.com\\\/noticias\\\/las-medidas-economicas-para-mitigar-el-impacto-del-covid-19\\\/#breadcrumblist\"},\"author\":{\"@id\":\"https:\\\/\\\/www.eldigitaldeasturias.com\\\/noticias\\\/author\\\/admin\\\/#author\"},\"creator\":{\"@id\":\"https:\\\/\\\/www.eldigitaldeasturias.com\\\/noticias\\\/author\\\/admin\\\/#author\"},\"image\":{\"@type\":\"ImageObject\",\"url\":\"https:\\\/\\\/www.eldigitaldeasturias.com\\\/noticias\\\/wp-content\\\/uploads\\\/2020\\\/03\\\/081118-sede.jpg\",\"@id\":\"https:\\\/\\\/www.eldigitaldeasturias.com\\\/noticias\\\/las-medidas-economicas-para-mitigar-el-impacto-del-covid-19\\\/#mainImage\",\"width\":502,\"height\":333},\"primaryImageOfPage\":{\"@id\":\"https:\\\/\\\/www.eldigitaldeasturias.com\\\/noticias\\\/las-medidas-economicas-para-mitigar-el-impacto-del-covid-19\\\/#mainImage\"},\"datePublished\":\"2020-03-12T21:03:38+01:00\",\"dateModified\":\"2020-03-12T21:03:38+01:00\"},{\"@type\":\"WebSite\",\"@id\":\"https:\\\/\\\/www.eldigitaldeasturias.com\\\/noticias\\\/#website\",\"url\":\"https:\\\/\\\/www.eldigitaldeasturias.com\\\/noticias\\\/\",\"name\":\"El Digital de Asturias - Diario de actualidad y noticias\",\"alternateName\":\"El Digital de Asturias - Diario de actualidad y noticias\",\"description\":\"Hemeroteca\",\"inLanguage\":\"es-ES\",\"publisher\":{\"@id\":\"https:\\\/\\\/www.eldigitaldeasturias.com\\\/noticias\\\/#organization\"}}]}\n\t\t<\/script>\n\t\t<!-- All in One SEO Pro -->\r\n\t\t<title>Las medidas econ\u00f3micas para mitigar el impacto del COVID-19 - El Digital de Asturias<\/title>\n\n","aioseo_head_json":{"title":"Las medidas econ\u00f3micas para mitigar el impacto del COVID-19 - El Digital de Asturias","description":"El Gobierno ha adoptado un plan de medidas excepcionales en el \u00e1mbito econ\u00f3mico para mitigar el impacto por el COVID-19 que permitir\u00e1 movilizar hasta 18.225 millones de euros durante este a\u00f1o. Estas medidas se unen a las adoptadas en materia sanitaria y de cobertura laboral en el Consejo de Ministros del pasado 10 de marzo.","canonical_url":"https:\/\/www.eldigitaldeasturias.com\/noticias\/las-medidas-economicas-para-mitigar-el-impacto-del-covid-19\/","robots":"max-image-preview:large","keywords":"econom\u00eda","webmasterTools":{"google-site-verification":"UA-38556648-1","msvalidate.01":"7dfe9f3f1b24437ab69f4f2559babe99","miscellaneous":""},"schema":{"@context":"https:\/\/schema.org","@graph":[{"@type":"BlogPosting","@id":"https:\/\/www.eldigitaldeasturias.com\/noticias\/las-medidas-economicas-para-mitigar-el-impacto-del-covid-19\/#blogposting","name":"Las medidas econ\u00f3micas para mitigar el impacto del COVID-19 - El Digital de Asturias","headline":"Las medidas econ\u00f3micas para mitigar el impacto del COVID-19","author":{"@id":"https:\/\/www.eldigitaldeasturias.com\/noticias\/author\/admin\/#author"},"publisher":{"@id":"https:\/\/www.eldigitaldeasturias.com\/noticias\/#organization"},"image":{"@type":"ImageObject","url":"https:\/\/www.eldigitaldeasturias.com\/noticias\/wp-content\/uploads\/2020\/03\/081118-sede.jpg","width":502,"height":333},"datePublished":"2020-03-12T21:03:38+01:00","dateModified":"2020-03-12T21:03:38+01:00","inLanguage":"es-ES","mainEntityOfPage":{"@id":"https:\/\/www.eldigitaldeasturias.com\/noticias\/las-medidas-economicas-para-mitigar-el-impacto-del-covid-19\/#webpage"},"isPartOf":{"@id":"https:\/\/www.eldigitaldeasturias.com\/noticias\/las-medidas-economicas-para-mitigar-el-impacto-del-covid-19\/#webpage"},"articleSection":"Econom\u00eda"},{"@type":"BreadcrumbList","@id":"https:\/\/www.eldigitaldeasturias.com\/noticias\/las-medidas-economicas-para-mitigar-el-impacto-del-covid-19\/#breadcrumblist","itemListElement":[{"@type":"ListItem","@id":"https:\/\/www.eldigitaldeasturias.com\/noticias#listItem","position":1,"name":"Home","item":"https:\/\/www.eldigitaldeasturias.com\/noticias","nextItem":{"@type":"ListItem","@id":"https:\/\/www.eldigitaldeasturias.com\/noticias\/category\/economia\/#listItem","name":"Econom\u00eda"}},{"@type":"ListItem","@id":"https:\/\/www.eldigitaldeasturias.com\/noticias\/category\/economia\/#listItem","position":2,"name":"Econom\u00eda","item":"https:\/\/www.eldigitaldeasturias.com\/noticias\/category\/economia\/","nextItem":{"@type":"ListItem","@id":"https:\/\/www.eldigitaldeasturias.com\/noticias\/las-medidas-economicas-para-mitigar-el-impacto-del-covid-19\/#listItem","name":"Las medidas econ\u00f3micas para mitigar el impacto del COVID-19"},"previousItem":{"@type":"ListItem","@id":"https:\/\/www.eldigitaldeasturias.com\/noticias#listItem","name":"Home"}},{"@type":"ListItem","@id":"https:\/\/www.eldigitaldeasturias.com\/noticias\/las-medidas-economicas-para-mitigar-el-impacto-del-covid-19\/#listItem","position":3,"name":"Las medidas econ\u00f3micas para mitigar el impacto del COVID-19","previousItem":{"@type":"ListItem","@id":"https:\/\/www.eldigitaldeasturias.com\/noticias\/category\/economia\/#listItem","name":"Econom\u00eda"}}]},{"@type":"Organization","@id":"https:\/\/www.eldigitaldeasturias.com\/noticias\/#organization","name":"El Digital de Asturias","description":"Hemeroteca","url":"https:\/\/www.eldigitaldeasturias.com\/noticias\/","email":"info@eldigitaldeasturias.com","telephone":"+34652131393","logo":{"@type":"ImageObject","url":"https:\/\/www.eldigitaldeasturias.com\/noticias\/wp-content\/uploads\/2020\/12\/EDA.jpg","@id":"https:\/\/www.eldigitaldeasturias.com\/noticias\/las-medidas-economicas-para-mitigar-el-impacto-del-covid-19\/#organizationLogo","width":649,"height":297},"image":{"@id":"https:\/\/www.eldigitaldeasturias.com\/noticias\/las-medidas-economicas-para-mitigar-el-impacto-del-covid-19\/#organizationLogo"},"sameAs":["https:\/\/facebook.com\/eldigitaldeasturias","https:\/\/www.youtube.com\/channel\/UCZP-2wLEB9Rv6erhFmqVnvg"],"address":{"@id":"https:\/\/www.eldigitaldeasturias.com\/noticias\/#postaladdress","@type":"PostalAddress","streetAddress":"san antonio 4,","postalCode":"33430","addressLocality":"Cand\u00e1s","addressRegion":"Asturias","addressCountry":"ES"}},{"@type":"Person","@id":"https:\/\/www.eldigitaldeasturias.com\/noticias\/author\/admin\/#author","url":"https:\/\/www.eldigitaldeasturias.com\/noticias\/author\/admin\/","name":"El Digital de Asturias","image":{"@type":"ImageObject","@id":"https:\/\/www.eldigitaldeasturias.com\/noticias\/las-medidas-economicas-para-mitigar-el-impacto-del-covid-19\/#authorImage","url":"https:\/\/www.eldigitaldeasturias.com\/noticias\/wp-content\/litespeed\/avatar\/18677e78aa0546b92d9dbf31ec7d7668.jpg?ver=1777290358","width":96,"height":96,"caption":"El Digital de Asturias"}},{"@type":"WebPage","@id":"https:\/\/www.eldigitaldeasturias.com\/noticias\/las-medidas-economicas-para-mitigar-el-impacto-del-covid-19\/#webpage","url":"https:\/\/www.eldigitaldeasturias.com\/noticias\/las-medidas-economicas-para-mitigar-el-impacto-del-covid-19\/","name":"Las medidas econ\u00f3micas para mitigar el impacto del COVID-19 - El Digital de Asturias","description":"El Gobierno ha adoptado un plan de medidas excepcionales en el \u00e1mbito econ\u00f3mico para mitigar el impacto por el COVID-19 que permitir\u00e1 movilizar hasta 18.225 millones de euros durante este a\u00f1o. Estas medidas se unen a las adoptadas en materia sanitaria y de cobertura laboral en el Consejo de Ministros del pasado 10 de marzo.","inLanguage":"es-ES","isPartOf":{"@id":"https:\/\/www.eldigitaldeasturias.com\/noticias\/#website"},"breadcrumb":{"@id":"https:\/\/www.eldigitaldeasturias.com\/noticias\/las-medidas-economicas-para-mitigar-el-impacto-del-covid-19\/#breadcrumblist"},"author":{"@id":"https:\/\/www.eldigitaldeasturias.com\/noticias\/author\/admin\/#author"},"creator":{"@id":"https:\/\/www.eldigitaldeasturias.com\/noticias\/author\/admin\/#author"},"image":{"@type":"ImageObject","url":"https:\/\/www.eldigitaldeasturias.com\/noticias\/wp-content\/uploads\/2020\/03\/081118-sede.jpg","@id":"https:\/\/www.eldigitaldeasturias.com\/noticias\/las-medidas-economicas-para-mitigar-el-impacto-del-covid-19\/#mainImage","width":502,"height":333},"primaryImageOfPage":{"@id":"https:\/\/www.eldigitaldeasturias.com\/noticias\/las-medidas-economicas-para-mitigar-el-impacto-del-covid-19\/#mainImage"},"datePublished":"2020-03-12T21:03:38+01:00","dateModified":"2020-03-12T21:03:38+01:00"},{"@type":"WebSite","@id":"https:\/\/www.eldigitaldeasturias.com\/noticias\/#website","url":"https:\/\/www.eldigitaldeasturias.com\/noticias\/","name":"El Digital de Asturias - Diario de actualidad y noticias","alternateName":"El Digital de Asturias - Diario de actualidad y noticias","description":"Hemeroteca","inLanguage":"es-ES","publisher":{"@id":"https:\/\/www.eldigitaldeasturias.com\/noticias\/#organization"}}]},"og:locale":"es_ES","og:site_name":"El Digital de Asturias","og:type":"article","og:title":"Las medidas econ\u00f3micas para mitigar el impacto del COVID-19 - El Digital de Asturias","og:description":"El Gobierno ha adoptado un plan de medidas excepcionales en el \u00e1mbito econ\u00f3mico para mitigar el impacto por el COVID-19 que permitir\u00e1 movilizar hasta 18.225 millones de euros durante este a\u00f1o. Estas medidas se unen a las adoptadas en materia sanitaria y de cobertura laboral en el Consejo de Ministros del pasado 10 de marzo.","og:url":"https:\/\/www.eldigitaldeasturias.com\/noticias\/las-medidas-economicas-para-mitigar-el-impacto-del-covid-19\/","og:image":"https:\/\/www.eldigitaldeasturias.com\/noticias\/wp-content\/uploads\/2020\/03\/081118-sede.jpg","og:image:secure_url":"https:\/\/www.eldigitaldeasturias.com\/noticias\/wp-content\/uploads\/2020\/03\/081118-sede.jpg","og:image:width":502,"og:image:height":333,"article:tag":["econom\u00eda"],"article:published_time":"2020-03-12T21:03:38+00:00","article:modified_time":"2020-03-12T21:03:38+00:00","article:publisher":"https:\/\/facebook.com\/eldigitaldeasturias","twitter:card":"summary_large_image","twitter:title":"Las medidas econ\u00f3micas para mitigar el impacto del COVID-19 - El Digital de Asturias","twitter:description":"El Gobierno ha adoptado un plan de medidas excepcionales en el \u00e1mbito econ\u00f3mico para mitigar el impacto por el COVID-19 que permitir\u00e1 movilizar hasta 18.225 millones de euros durante este a\u00f1o. Estas medidas se unen a las adoptadas en materia sanitaria y de cobertura laboral en el Consejo de Ministros del pasado 10 de marzo.","twitter:image":"https:\/\/www.eldigitaldeasturias.com\/noticias\/wp-content\/uploads\/2020\/03\/081118-sede.jpg","twitter:label1":"Escrito por","twitter:data1":"El Digital de Asturias","twitter:label2":"Tiempo de lectura estimado","twitter:data2":"6 minutos"},"aioseo_meta_data":{"post_id":"1060609","title":null,"description":null,"keywords":null,"keyphrases":null,"primary_term":null,"canonical_url":null,"og_title":null,"og_description":null,"og_object_type":"default","og_image_type":"default","og_image_url":null,"og_image_width":null,"og_image_height":null,"og_image_custom_url":null,"og_image_custom_fields":null,"og_video":null,"og_custom_url":null,"og_article_section":null,"og_article_tags":null,"twitter_use_og":false,"twitter_card":"default","twitter_image_type":"default","twitter_image_url":null,"twitter_image_custom_url":null,"twitter_image_custom_fields":null,"twitter_title":null,"twitter_description":null,"schema":{"blockGraphs":[],"customGraphs":[],"default":{"data":{"Article":[],"Course":[],"Dataset":[],"FAQPage":[],"Movie":[],"Person":[],"Product":[],"ProductReview":[],"Car":[],"Recipe":[],"Service":[],"SoftwareApplication":[],"WebPage":[]},"graphName":"","isEnabled":true},"graphs":[],"defaultGraph":"","defaultPostTypeGraph":""},"schema_type":null,"schema_type_options":null,"pillar_content":false,"robots_default":true,"robots_noindex":false,"robots_noarchive":false,"robots_nosnippet":false,"robots_nofollow":false,"robots_noimageindex":false,"robots_noodp":false,"robots_notranslate":false,"robots_max_snippet":null,"robots_max_videopreview":null,"robots_max_imagepreview":"large","priority":null,"frequency":null,"local_seo":null,"seo_analyzer_scan_date":"2025-10-31 12:46:29","breadcrumb_settings":null,"limit_modified_date":false,"open_ai":null,"ai":null,"created":"2020-12-21 10:53:47","updated":"2025-10-31 12:46:29"},"aioseo_breadcrumb":"<div class=\"aioseo-breadcrumbs\"><span class=\"aioseo-breadcrumb\">\n\t<a href=\"https:\/\/www.eldigitaldeasturias.com\/noticias\" title=\"Home\">Home<\/a>\n<\/span><span class=\"aioseo-breadcrumb-separator\">\u2013<\/span><span class=\"aioseo-breadcrumb\">\n\t<a href=\"https:\/\/www.eldigitaldeasturias.com\/noticias\/category\/economia\/\" title=\"Econom\u00eda\">Econom\u00eda<\/a>\n<\/span><span class=\"aioseo-breadcrumb-separator\">\u2013<\/span><span class=\"aioseo-breadcrumb\">\n\t<a href=\"https:\/\/www.eldigitaldeasturias.com\/noticias\/las-medidas-economicas-para-mitigar-el-impacto-del-covid-19\/\" title=\"Las medidas econ\u00f3micas para mitigar el impacto del COVID-19\">Las medidas econ\u00f3micas para mitigar el impacto del COVID-19<\/a>\n<\/span><\/div>","aioseo_breadcrumb_json":[{"label":"Home","link":"https:\/\/www.eldigitaldeasturias.com\/noticias"},{"label":"Econom\u00eda","link":"https:\/\/www.eldigitaldeasturias.com\/noticias\/category\/economia\/"},{"label":"Las medidas econ\u00f3micas para mitigar el impacto del COVID-19","link":"https:\/\/www.eldigitaldeasturias.com\/noticias\/las-medidas-economicas-para-mitigar-el-impacto-del-covid-19\/"}],"_links":{"self":[{"href":"https:\/\/www.eldigitaldeasturias.com\/noticias\/wp-json\/wp\/v2\/posts\/1060609","targetHints":{"allow":["GET"]}}],"collection":[{"href":"https:\/\/www.eldigitaldeasturias.com\/noticias\/wp-json\/wp\/v2\/posts"}],"about":[{"href":"https:\/\/www.eldigitaldeasturias.com\/noticias\/wp-json\/wp\/v2\/types\/post"}],"author":[{"embeddable":true,"href":"https:\/\/www.eldigitaldeasturias.com\/noticias\/wp-json\/wp\/v2\/users\/1"}],"replies":[{"embeddable":true,"href":"https:\/\/www.eldigitaldeasturias.com\/noticias\/wp-json\/wp\/v2\/comments?post=1060609"}],"version-history":[{"count":0,"href":"https:\/\/www.eldigitaldeasturias.com\/noticias\/wp-json\/wp\/v2\/posts\/1060609\/revisions"}],"wp:featuredmedia":[{"embeddable":true,"href":"https:\/\/www.eldigitaldeasturias.com\/noticias\/wp-json\/wp\/v2\/media\/1060610"}],"wp:attachment":[{"href":"https:\/\/www.eldigitaldeasturias.com\/noticias\/wp-json\/wp\/v2\/media?parent=1060609"}],"wp:term":[{"taxonomy":"category","embeddable":true,"href":"https:\/\/www.eldigitaldeasturias.com\/noticias\/wp-json\/wp\/v2\/categories?post=1060609"},{"taxonomy":"post_tag","embeddable":true,"href":"https:\/\/www.eldigitaldeasturias.com\/noticias\/wp-json\/wp\/v2\/tags?post=1060609"}],"curies":[{"name":"wp","href":"https:\/\/api.w.org\/{rel}","templated":true}]}}