{"id":1060595,"date":"2020-03-12T19:50:05","date_gmt":"2020-03-12T19:50:05","guid":{"rendered":"https:\/\/www.eldigitaldeasturias.com\/noticias\/?p=1060595"},"modified":"2020-03-12T19:50:05","modified_gmt":"2020-03-12T19:50:05","slug":"fersay-inaugura-su-segundo-corner-en-un-establecimiento-eleclerc","status":"publish","type":"post","link":"https:\/\/www.eldigitaldeasturias.com\/noticias\/fersay-inaugura-su-segundo-corner-en-un-establecimiento-eleclerc\/","title":{"rendered":"Fersay inaugura su segundo corner en un establecimiento E\u00b4Leclerc"},"content":{"rendered":"<p><img loading=\"lazy\" decoding=\"async\" class=\"alignleft size-medium wp-image-1060596\" src=\"https:\/\/www.eldigitaldeasturias.com\/noticias\/wp-content\/uploads\/2020\/03\/1583926574_VALLA-360x270.jpg\" alt=\"\" width=\"360\" height=\"270\" srcset=\"https:\/\/www.eldigitaldeasturias.com\/noticias\/wp-content\/uploads\/2020\/03\/1583926574_VALLA-360x270.jpg 360w, https:\/\/www.eldigitaldeasturias.com\/noticias\/wp-content\/uploads\/2020\/03\/1583926574_VALLA-640x480.jpg 640w, https:\/\/www.eldigitaldeasturias.com\/noticias\/wp-content\/uploads\/2020\/03\/1583926574_VALLA-400x300.jpg 400w, https:\/\/www.eldigitaldeasturias.com\/noticias\/wp-content\/uploads\/2020\/03\/1583926574_VALLA-768x576.jpg 768w, https:\/\/www.eldigitaldeasturias.com\/noticias\/wp-content\/uploads\/2020\/03\/1583926574_VALLA-1536x1152.jpg 1536w, https:\/\/www.eldigitaldeasturias.com\/noticias\/wp-content\/uploads\/2020\/03\/1583926574_VALLA-1024x768.jpg 1024w, https:\/\/www.eldigitaldeasturias.com\/noticias\/wp-content\/uploads\/2020\/03\/1583926574_VALLA.jpg 1600w\" sizes=\"auto, (max-width: 360px) 100vw, 360px\" \/>Cuatro meses despu\u00e9s de la primera integraci\u00f3n de un corner en la cadena de establecimientos E\u00b4leclerc, Fersay inaugura un segundo punto en el centro Comercial El Deleite de Aranjuez.<\/p>\n<p>El primer centro lleva operativo desde Noviembre de 2019 en la localidad de Pinto y siguiendo sus pasos, este segundo centro madrile\u00f1o, ofrecer\u00e1 a los habitantes de la comarca, la posibilidad de encontrar cualquier repuesto o accesorio que necesite, mientras realiza sus compras diarias.<\/p>\n<p>Para dar a conocer el nuevo servicio, ambas Empresas han instalado una valla publicitaria en dicha localidad que ya est\u00e1 dando sus frutos y derivando a los consumidores al centro.<\/p>\n<p>Estas colaboraciones, muy estrat\u00e9gicas para la marca, sobre todo geogr\u00e1ficamente, son peque\u00f1os pasos que van haciendo que Fersay sea una marca conocida y reconocida en el sector.<\/p>\n<p>Actualmente, la firma tiene previstas varias inauguraciones, algunas de ellas fuera del pa\u00eds.<\/p>\n<p><strong>M\u00e1s informaci\u00f3n sobre Fersay<\/strong><\/p>\n<p>Fersay es una sociedad 100% espa\u00f1ola perteneciente al Grupo Etco, empresa l\u00edder en la exportaci\u00f3n de accesorios y repuestos para electr\u00f3nica y electrodom\u00e9sticos del hogar. Se posiciona como la primera cadena de su sector en el sur de Europa con una facturaci\u00f3n de 11,1M\u20ac en 2019.<\/p>\n<p>Con sede central en Madrid, la compa\u00f1\u00eda cuenta con un almac\u00e9n de m\u00e1s de 11.500 metros cuadrados desde donde distribuye m\u00e1s de 150.000 referencias a nivel internacional.<\/p>\n<p>Parte de su \u00e9xito reside en la capacidad de adaptaci\u00f3n a los cambios ha hecho que la empresa haya evolucionado desde proporcionar un servicio t\u00e9cnico de reparaci\u00f3n, hasta la venta de accesorios y repuestos para electrodom\u00e9sticos del hogar y el PAE, especializ\u00e1ndose tambi\u00e9n en servicios log\u00edsticos para multinacionales, canjes de garant\u00edas y la gesti\u00f3n completa de la red de servicios t\u00e9cnicos.<\/p>\n<p>Otro de los factores que han impulsado el desarrollo de Fersay, ha sido su decisi\u00f3n de llevar a cabo una estrategia de crecimiento basada en el sistema de franquicias, ayudando a muchos emprendedores a convertirse en empresarios, desarrollando la marca por todo el pa\u00eds.<\/p>\n<p>&nbsp;<\/p>\n","protected":false},"excerpt":{"rendered":"<p>Cuatro meses despu\u00e9s de la primera integraci\u00f3n de un corner en la cadena de establecimientos E\u00b4leclerc, Fersay inaugura un segundo punto en el centro Comercial El Deleite de Aranjuez. El primer centro lleva operativo desde Noviembre de 2019 en la localidad de Pinto y siguiendo sus pasos, este segundo centro madrile\u00f1o, ofrecer\u00e1 a los habitantes [&hellip;]<\/p>\n","protected":false},"author":1,"featured_media":1060596,"comment_status":"closed","ping_status":"closed","sticky":false,"template":"","format":"standard","meta":{"footnotes":""},"categories":[219],"tags":[],"class_list":["post-1060595","post","type-post","status-publish","format-standard","has-post-thumbnail","hentry","category-negocios-y-empresas"],"aioseo_notices":[],"aioseo_head":"\n\t\t<!-- All in One SEO Pro 4.9.6.2 - aioseo.com -->\n\t<meta name=\"description\" content=\"Cuatro meses despu\u00e9s de la primera integraci\u00f3n de un corner en la cadena de establecimientos E\u00b4leclerc, Fersay inaugura un segundo punto en el centro Comercial El Deleite de Aranjuez. El primer centro lleva operativo desde Noviembre de 2019 en la localidad de Pinto y siguiendo sus pasos, este segundo centro madrile\u00f1o, ofrecer\u00e1 a los habitantes\" \/>\n\t<meta name=\"robots\" content=\"max-image-preview:large\" \/>\n\t<meta name=\"author\" content=\"El Digital de Asturias\"\/>\n\t<meta name=\"google-site-verification\" content=\"UA-38556648-1\" \/>\n\t<meta name=\"msvalidate.01\" content=\"7dfe9f3f1b24437ab69f4f2559babe99\" \/>\n\t<meta name=\"keywords\" content=\"negocios y empresas\" \/>\n\t<link rel=\"canonical\" href=\"https:\/\/www.eldigitaldeasturias.com\/noticias\/fersay-inaugura-su-segundo-corner-en-un-establecimiento-eleclerc\/\" \/>\n\t<meta name=\"generator\" content=\"All in One SEO Pro (AIOSEO) 4.9.6.2\" \/>\n\t\t<meta property=\"og:locale\" content=\"es_ES\" \/>\n\t\t<meta property=\"og:site_name\" content=\"El Digital de Asturias\" \/>\n\t\t<meta property=\"og:type\" content=\"article\" \/>\n\t\t<meta property=\"og:title\" content=\"Fersay inaugura su segundo corner en un establecimiento E\u00b4Leclerc - El Digital de Asturias\" \/>\n\t\t<meta property=\"og:description\" content=\"Cuatro meses despu\u00e9s de la primera integraci\u00f3n de un corner en la cadena de establecimientos E\u00b4leclerc, Fersay inaugura un segundo punto en el centro Comercial El Deleite de Aranjuez. El primer centro lleva operativo desde Noviembre de 2019 en la localidad de Pinto y siguiendo sus pasos, este segundo centro madrile\u00f1o, ofrecer\u00e1 a los habitantes\" \/>\n\t\t<meta property=\"og:url\" content=\"https:\/\/www.eldigitaldeasturias.com\/noticias\/fersay-inaugura-su-segundo-corner-en-un-establecimiento-eleclerc\/\" \/>\n\t\t<meta property=\"og:image\" content=\"https:\/\/www.eldigitaldeasturias.com\/noticias\/wp-content\/uploads\/2020\/03\/1583926574_VALLA.jpg\" \/>\n\t\t<meta property=\"og:image:secure_url\" content=\"https:\/\/www.eldigitaldeasturias.com\/noticias\/wp-content\/uploads\/2020\/03\/1583926574_VALLA.jpg\" \/>\n\t\t<meta property=\"og:image:width\" content=\"1600\" \/>\n\t\t<meta property=\"og:image:height\" content=\"1200\" \/>\n\t\t<meta property=\"article:tag\" content=\"negocios y empresas\" \/>\n\t\t<meta property=\"article:published_time\" content=\"2020-03-12T19:50:05+00:00\" \/>\n\t\t<meta property=\"article:modified_time\" content=\"2020-03-12T19:50:05+00:00\" \/>\n\t\t<meta property=\"article:publisher\" content=\"https:\/\/facebook.com\/eldigitaldeasturias\" \/>\n\t\t<meta name=\"twitter:card\" content=\"summary_large_image\" \/>\n\t\t<meta name=\"twitter:title\" content=\"Fersay inaugura su segundo corner en un establecimiento E\u00b4Leclerc - El Digital de Asturias\" \/>\n\t\t<meta name=\"twitter:description\" content=\"Cuatro meses despu\u00e9s de la primera integraci\u00f3n de un corner en la cadena de establecimientos E\u00b4leclerc, Fersay inaugura un segundo punto en el centro Comercial El Deleite de Aranjuez. El primer centro lleva operativo desde Noviembre de 2019 en la localidad de Pinto y siguiendo sus pasos, este segundo centro madrile\u00f1o, ofrecer\u00e1 a los habitantes\" \/>\n\t\t<meta name=\"twitter:image\" content=\"https:\/\/www.eldigitaldeasturias.com\/noticias\/wp-content\/uploads\/2020\/03\/1583926574_VALLA.jpg\" \/>\n\t\t<meta name=\"twitter:label1\" content=\"Escrito por\" \/>\n\t\t<meta name=\"twitter:data1\" content=\"El Digital de Asturias\" \/>\n\t\t<meta name=\"twitter:label2\" content=\"Tiempo de lectura estimado\" \/>\n\t\t<meta name=\"twitter:data2\" content=\"2 minutos\" \/>\n\t\t<script type=\"application\/ld+json\" class=\"aioseo-schema\">\n\t\t\t{\"@context\":\"https:\\\/\\\/schema.org\",\"@graph\":[{\"@type\":\"BlogPosting\",\"@id\":\"https:\\\/\\\/www.eldigitaldeasturias.com\\\/noticias\\\/fersay-inaugura-su-segundo-corner-en-un-establecimiento-eleclerc\\\/#blogposting\",\"name\":\"Fersay inaugura su segundo corner en un establecimiento E\\u00b4Leclerc - El Digital de Asturias\",\"headline\":\"Fersay inaugura su segundo corner en un establecimiento E\\u00b4Leclerc\",\"author\":{\"@id\":\"https:\\\/\\\/www.eldigitaldeasturias.com\\\/noticias\\\/author\\\/admin\\\/#author\"},\"publisher\":{\"@id\":\"https:\\\/\\\/www.eldigitaldeasturias.com\\\/noticias\\\/#organization\"},\"image\":{\"@type\":\"ImageObject\",\"url\":\"https:\\\/\\\/www.eldigitaldeasturias.com\\\/noticias\\\/wp-content\\\/uploads\\\/2020\\\/03\\\/1583926574_VALLA.jpg\",\"width\":1600,\"height\":1200},\"datePublished\":\"2020-03-12T19:50:05+01:00\",\"dateModified\":\"2020-03-12T19:50:05+01:00\",\"inLanguage\":\"es-ES\",\"mainEntityOfPage\":{\"@id\":\"https:\\\/\\\/www.eldigitaldeasturias.com\\\/noticias\\\/fersay-inaugura-su-segundo-corner-en-un-establecimiento-eleclerc\\\/#webpage\"},\"isPartOf\":{\"@id\":\"https:\\\/\\\/www.eldigitaldeasturias.com\\\/noticias\\\/fersay-inaugura-su-segundo-corner-en-un-establecimiento-eleclerc\\\/#webpage\"},\"articleSection\":\"Negocios y Empresas\"},{\"@type\":\"BreadcrumbList\",\"@id\":\"https:\\\/\\\/www.eldigitaldeasturias.com\\\/noticias\\\/fersay-inaugura-su-segundo-corner-en-un-establecimiento-eleclerc\\\/#breadcrumblist\",\"itemListElement\":[{\"@type\":\"ListItem\",\"@id\":\"https:\\\/\\\/www.eldigitaldeasturias.com\\\/noticias#listItem\",\"position\":1,\"name\":\"Home\",\"item\":\"https:\\\/\\\/www.eldigitaldeasturias.com\\\/noticias\",\"nextItem\":{\"@type\":\"ListItem\",\"@id\":\"https:\\\/\\\/www.eldigitaldeasturias.com\\\/noticias\\\/category\\\/negocios-y-empresas\\\/#listItem\",\"name\":\"Negocios y Empresas\"}},{\"@type\":\"ListItem\",\"@id\":\"https:\\\/\\\/www.eldigitaldeasturias.com\\\/noticias\\\/category\\\/negocios-y-empresas\\\/#listItem\",\"position\":2,\"name\":\"Negocios y Empresas\",\"item\":\"https:\\\/\\\/www.eldigitaldeasturias.com\\\/noticias\\\/category\\\/negocios-y-empresas\\\/\",\"nextItem\":{\"@type\":\"ListItem\",\"@id\":\"https:\\\/\\\/www.eldigitaldeasturias.com\\\/noticias\\\/fersay-inaugura-su-segundo-corner-en-un-establecimiento-eleclerc\\\/#listItem\",\"name\":\"Fersay inaugura su segundo corner en un establecimiento E\\u00b4Leclerc\"},\"previousItem\":{\"@type\":\"ListItem\",\"@id\":\"https:\\\/\\\/www.eldigitaldeasturias.com\\\/noticias#listItem\",\"name\":\"Home\"}},{\"@type\":\"ListItem\",\"@id\":\"https:\\\/\\\/www.eldigitaldeasturias.com\\\/noticias\\\/fersay-inaugura-su-segundo-corner-en-un-establecimiento-eleclerc\\\/#listItem\",\"position\":3,\"name\":\"Fersay inaugura su segundo corner en un establecimiento E\\u00b4Leclerc\",\"previousItem\":{\"@type\":\"ListItem\",\"@id\":\"https:\\\/\\\/www.eldigitaldeasturias.com\\\/noticias\\\/category\\\/negocios-y-empresas\\\/#listItem\",\"name\":\"Negocios y Empresas\"}}]},{\"@type\":\"Organization\",\"@id\":\"https:\\\/\\\/www.eldigitaldeasturias.com\\\/noticias\\\/#organization\",\"name\":\"El Digital de Asturias\",\"description\":\"Hemeroteca\",\"url\":\"https:\\\/\\\/www.eldigitaldeasturias.com\\\/noticias\\\/\",\"email\":\"info@eldigitaldeasturias.com\",\"telephone\":\"+34652131393\",\"logo\":{\"@type\":\"ImageObject\",\"url\":\"https:\\\/\\\/www.eldigitaldeasturias.com\\\/noticias\\\/wp-content\\\/uploads\\\/2020\\\/12\\\/EDA.jpg\",\"@id\":\"https:\\\/\\\/www.eldigitaldeasturias.com\\\/noticias\\\/fersay-inaugura-su-segundo-corner-en-un-establecimiento-eleclerc\\\/#organizationLogo\",\"width\":649,\"height\":297},\"image\":{\"@id\":\"https:\\\/\\\/www.eldigitaldeasturias.com\\\/noticias\\\/fersay-inaugura-su-segundo-corner-en-un-establecimiento-eleclerc\\\/#organizationLogo\"},\"sameAs\":[\"https:\\\/\\\/facebook.com\\\/eldigitaldeasturias\",\"https:\\\/\\\/www.youtube.com\\\/channel\\\/UCZP-2wLEB9Rv6erhFmqVnvg\"],\"address\":{\"@id\":\"https:\\\/\\\/www.eldigitaldeasturias.com\\\/noticias\\\/#postaladdress\",\"@type\":\"PostalAddress\",\"streetAddress\":\"san antonio 4,\",\"postalCode\":\"33430\",\"addressLocality\":\"Cand\\u00e1s\",\"addressRegion\":\"Asturias\",\"addressCountry\":\"ES\"}},{\"@type\":\"Person\",\"@id\":\"https:\\\/\\\/www.eldigitaldeasturias.com\\\/noticias\\\/author\\\/admin\\\/#author\",\"url\":\"https:\\\/\\\/www.eldigitaldeasturias.com\\\/noticias\\\/author\\\/admin\\\/\",\"name\":\"El Digital de Asturias\",\"image\":{\"@type\":\"ImageObject\",\"@id\":\"https:\\\/\\\/www.eldigitaldeasturias.com\\\/noticias\\\/fersay-inaugura-su-segundo-corner-en-un-establecimiento-eleclerc\\\/#authorImage\",\"url\":\"https:\\\/\\\/www.eldigitaldeasturias.com\\\/noticias\\\/wp-content\\\/litespeed\\\/avatar\\\/18677e78aa0546b92d9dbf31ec7d7668.jpg?ver=1777290358\",\"width\":96,\"height\":96,\"caption\":\"El Digital de Asturias\"}},{\"@type\":\"WebPage\",\"@id\":\"https:\\\/\\\/www.eldigitaldeasturias.com\\\/noticias\\\/fersay-inaugura-su-segundo-corner-en-un-establecimiento-eleclerc\\\/#webpage\",\"url\":\"https:\\\/\\\/www.eldigitaldeasturias.com\\\/noticias\\\/fersay-inaugura-su-segundo-corner-en-un-establecimiento-eleclerc\\\/\",\"name\":\"Fersay inaugura su segundo corner en un establecimiento E\\u00b4Leclerc - El Digital de Asturias\",\"description\":\"Cuatro meses despu\\u00e9s de la primera integraci\\u00f3n de un corner en la cadena de establecimientos E\\u00b4leclerc, Fersay inaugura un segundo punto en el centro Comercial El Deleite de Aranjuez. El primer centro lleva operativo desde Noviembre de 2019 en la localidad de Pinto y siguiendo sus pasos, este segundo centro madrile\\u00f1o, ofrecer\\u00e1 a los habitantes\",\"inLanguage\":\"es-ES\",\"isPartOf\":{\"@id\":\"https:\\\/\\\/www.eldigitaldeasturias.com\\\/noticias\\\/#website\"},\"breadcrumb\":{\"@id\":\"https:\\\/\\\/www.eldigitaldeasturias.com\\\/noticias\\\/fersay-inaugura-su-segundo-corner-en-un-establecimiento-eleclerc\\\/#breadcrumblist\"},\"author\":{\"@id\":\"https:\\\/\\\/www.eldigitaldeasturias.com\\\/noticias\\\/author\\\/admin\\\/#author\"},\"creator\":{\"@id\":\"https:\\\/\\\/www.eldigitaldeasturias.com\\\/noticias\\\/author\\\/admin\\\/#author\"},\"image\":{\"@type\":\"ImageObject\",\"url\":\"https:\\\/\\\/www.eldigitaldeasturias.com\\\/noticias\\\/wp-content\\\/uploads\\\/2020\\\/03\\\/1583926574_VALLA.jpg\",\"@id\":\"https:\\\/\\\/www.eldigitaldeasturias.com\\\/noticias\\\/fersay-inaugura-su-segundo-corner-en-un-establecimiento-eleclerc\\\/#mainImage\",\"width\":1600,\"height\":1200},\"primaryImageOfPage\":{\"@id\":\"https:\\\/\\\/www.eldigitaldeasturias.com\\\/noticias\\\/fersay-inaugura-su-segundo-corner-en-un-establecimiento-eleclerc\\\/#mainImage\"},\"datePublished\":\"2020-03-12T19:50:05+01:00\",\"dateModified\":\"2020-03-12T19:50:05+01:00\"},{\"@type\":\"WebSite\",\"@id\":\"https:\\\/\\\/www.eldigitaldeasturias.com\\\/noticias\\\/#website\",\"url\":\"https:\\\/\\\/www.eldigitaldeasturias.com\\\/noticias\\\/\",\"name\":\"El Digital de Asturias - Diario de actualidad y noticias\",\"alternateName\":\"El Digital de Asturias - Diario de actualidad y noticias\",\"description\":\"Hemeroteca\",\"inLanguage\":\"es-ES\",\"publisher\":{\"@id\":\"https:\\\/\\\/www.eldigitaldeasturias.com\\\/noticias\\\/#organization\"}}]}\n\t\t<\/script>\n\t\t<!-- All in One SEO Pro -->\r\n\t\t<title>Fersay inaugura su segundo corner en un establecimiento E\u00b4Leclerc - El Digital de Asturias<\/title>\n\n","aioseo_head_json":{"title":"Fersay inaugura su segundo corner en un establecimiento E\u00b4Leclerc - El Digital de Asturias","description":"Cuatro meses despu\u00e9s de la primera integraci\u00f3n de un corner en la cadena de establecimientos E\u00b4leclerc, Fersay inaugura un segundo punto en el centro Comercial El Deleite de Aranjuez. El primer centro lleva operativo desde Noviembre de 2019 en la localidad de Pinto y siguiendo sus pasos, este segundo centro madrile\u00f1o, ofrecer\u00e1 a los habitantes","canonical_url":"https:\/\/www.eldigitaldeasturias.com\/noticias\/fersay-inaugura-su-segundo-corner-en-un-establecimiento-eleclerc\/","robots":"max-image-preview:large","keywords":"negocios y empresas","webmasterTools":{"google-site-verification":"UA-38556648-1","msvalidate.01":"7dfe9f3f1b24437ab69f4f2559babe99","miscellaneous":""},"schema":{"@context":"https:\/\/schema.org","@graph":[{"@type":"BlogPosting","@id":"https:\/\/www.eldigitaldeasturias.com\/noticias\/fersay-inaugura-su-segundo-corner-en-un-establecimiento-eleclerc\/#blogposting","name":"Fersay inaugura su segundo corner en un establecimiento E\u00b4Leclerc - El Digital de Asturias","headline":"Fersay inaugura su segundo corner en un establecimiento E\u00b4Leclerc","author":{"@id":"https:\/\/www.eldigitaldeasturias.com\/noticias\/author\/admin\/#author"},"publisher":{"@id":"https:\/\/www.eldigitaldeasturias.com\/noticias\/#organization"},"image":{"@type":"ImageObject","url":"https:\/\/www.eldigitaldeasturias.com\/noticias\/wp-content\/uploads\/2020\/03\/1583926574_VALLA.jpg","width":1600,"height":1200},"datePublished":"2020-03-12T19:50:05+01:00","dateModified":"2020-03-12T19:50:05+01:00","inLanguage":"es-ES","mainEntityOfPage":{"@id":"https:\/\/www.eldigitaldeasturias.com\/noticias\/fersay-inaugura-su-segundo-corner-en-un-establecimiento-eleclerc\/#webpage"},"isPartOf":{"@id":"https:\/\/www.eldigitaldeasturias.com\/noticias\/fersay-inaugura-su-segundo-corner-en-un-establecimiento-eleclerc\/#webpage"},"articleSection":"Negocios y Empresas"},{"@type":"BreadcrumbList","@id":"https:\/\/www.eldigitaldeasturias.com\/noticias\/fersay-inaugura-su-segundo-corner-en-un-establecimiento-eleclerc\/#breadcrumblist","itemListElement":[{"@type":"ListItem","@id":"https:\/\/www.eldigitaldeasturias.com\/noticias#listItem","position":1,"name":"Home","item":"https:\/\/www.eldigitaldeasturias.com\/noticias","nextItem":{"@type":"ListItem","@id":"https:\/\/www.eldigitaldeasturias.com\/noticias\/category\/negocios-y-empresas\/#listItem","name":"Negocios y Empresas"}},{"@type":"ListItem","@id":"https:\/\/www.eldigitaldeasturias.com\/noticias\/category\/negocios-y-empresas\/#listItem","position":2,"name":"Negocios y Empresas","item":"https:\/\/www.eldigitaldeasturias.com\/noticias\/category\/negocios-y-empresas\/","nextItem":{"@type":"ListItem","@id":"https:\/\/www.eldigitaldeasturias.com\/noticias\/fersay-inaugura-su-segundo-corner-en-un-establecimiento-eleclerc\/#listItem","name":"Fersay inaugura su segundo corner en un establecimiento E\u00b4Leclerc"},"previousItem":{"@type":"ListItem","@id":"https:\/\/www.eldigitaldeasturias.com\/noticias#listItem","name":"Home"}},{"@type":"ListItem","@id":"https:\/\/www.eldigitaldeasturias.com\/noticias\/fersay-inaugura-su-segundo-corner-en-un-establecimiento-eleclerc\/#listItem","position":3,"name":"Fersay inaugura su segundo corner en un establecimiento E\u00b4Leclerc","previousItem":{"@type":"ListItem","@id":"https:\/\/www.eldigitaldeasturias.com\/noticias\/category\/negocios-y-empresas\/#listItem","name":"Negocios y Empresas"}}]},{"@type":"Organization","@id":"https:\/\/www.eldigitaldeasturias.com\/noticias\/#organization","name":"El Digital de Asturias","description":"Hemeroteca","url":"https:\/\/www.eldigitaldeasturias.com\/noticias\/","email":"info@eldigitaldeasturias.com","telephone":"+34652131393","logo":{"@type":"ImageObject","url":"https:\/\/www.eldigitaldeasturias.com\/noticias\/wp-content\/uploads\/2020\/12\/EDA.jpg","@id":"https:\/\/www.eldigitaldeasturias.com\/noticias\/fersay-inaugura-su-segundo-corner-en-un-establecimiento-eleclerc\/#organizationLogo","width":649,"height":297},"image":{"@id":"https:\/\/www.eldigitaldeasturias.com\/noticias\/fersay-inaugura-su-segundo-corner-en-un-establecimiento-eleclerc\/#organizationLogo"},"sameAs":["https:\/\/facebook.com\/eldigitaldeasturias","https:\/\/www.youtube.com\/channel\/UCZP-2wLEB9Rv6erhFmqVnvg"],"address":{"@id":"https:\/\/www.eldigitaldeasturias.com\/noticias\/#postaladdress","@type":"PostalAddress","streetAddress":"san antonio 4,","postalCode":"33430","addressLocality":"Cand\u00e1s","addressRegion":"Asturias","addressCountry":"ES"}},{"@type":"Person","@id":"https:\/\/www.eldigitaldeasturias.com\/noticias\/author\/admin\/#author","url":"https:\/\/www.eldigitaldeasturias.com\/noticias\/author\/admin\/","name":"El Digital de Asturias","image":{"@type":"ImageObject","@id":"https:\/\/www.eldigitaldeasturias.com\/noticias\/fersay-inaugura-su-segundo-corner-en-un-establecimiento-eleclerc\/#authorImage","url":"https:\/\/www.eldigitaldeasturias.com\/noticias\/wp-content\/litespeed\/avatar\/18677e78aa0546b92d9dbf31ec7d7668.jpg?ver=1777290358","width":96,"height":96,"caption":"El Digital de Asturias"}},{"@type":"WebPage","@id":"https:\/\/www.eldigitaldeasturias.com\/noticias\/fersay-inaugura-su-segundo-corner-en-un-establecimiento-eleclerc\/#webpage","url":"https:\/\/www.eldigitaldeasturias.com\/noticias\/fersay-inaugura-su-segundo-corner-en-un-establecimiento-eleclerc\/","name":"Fersay inaugura su segundo corner en un establecimiento E\u00b4Leclerc - El Digital de Asturias","description":"Cuatro meses despu\u00e9s de la primera integraci\u00f3n de un corner en la cadena de establecimientos E\u00b4leclerc, Fersay inaugura un segundo punto en el centro Comercial El Deleite de Aranjuez. El primer centro lleva operativo desde Noviembre de 2019 en la localidad de Pinto y siguiendo sus pasos, este segundo centro madrile\u00f1o, ofrecer\u00e1 a los habitantes","inLanguage":"es-ES","isPartOf":{"@id":"https:\/\/www.eldigitaldeasturias.com\/noticias\/#website"},"breadcrumb":{"@id":"https:\/\/www.eldigitaldeasturias.com\/noticias\/fersay-inaugura-su-segundo-corner-en-un-establecimiento-eleclerc\/#breadcrumblist"},"author":{"@id":"https:\/\/www.eldigitaldeasturias.com\/noticias\/author\/admin\/#author"},"creator":{"@id":"https:\/\/www.eldigitaldeasturias.com\/noticias\/author\/admin\/#author"},"image":{"@type":"ImageObject","url":"https:\/\/www.eldigitaldeasturias.com\/noticias\/wp-content\/uploads\/2020\/03\/1583926574_VALLA.jpg","@id":"https:\/\/www.eldigitaldeasturias.com\/noticias\/fersay-inaugura-su-segundo-corner-en-un-establecimiento-eleclerc\/#mainImage","width":1600,"height":1200},"primaryImageOfPage":{"@id":"https:\/\/www.eldigitaldeasturias.com\/noticias\/fersay-inaugura-su-segundo-corner-en-un-establecimiento-eleclerc\/#mainImage"},"datePublished":"2020-03-12T19:50:05+01:00","dateModified":"2020-03-12T19:50:05+01:00"},{"@type":"WebSite","@id":"https:\/\/www.eldigitaldeasturias.com\/noticias\/#website","url":"https:\/\/www.eldigitaldeasturias.com\/noticias\/","name":"El Digital de Asturias - Diario de actualidad y noticias","alternateName":"El Digital de Asturias - Diario de actualidad y noticias","description":"Hemeroteca","inLanguage":"es-ES","publisher":{"@id":"https:\/\/www.eldigitaldeasturias.com\/noticias\/#organization"}}]},"og:locale":"es_ES","og:site_name":"El Digital de Asturias","og:type":"article","og:title":"Fersay inaugura su segundo corner en un establecimiento E\u00b4Leclerc - El Digital de Asturias","og:description":"Cuatro meses despu\u00e9s de la primera integraci\u00f3n de un corner en la cadena de establecimientos E\u00b4leclerc, Fersay inaugura un segundo punto en el centro Comercial El Deleite de Aranjuez. El primer centro lleva operativo desde Noviembre de 2019 en la localidad de Pinto y siguiendo sus pasos, este segundo centro madrile\u00f1o, ofrecer\u00e1 a los habitantes","og:url":"https:\/\/www.eldigitaldeasturias.com\/noticias\/fersay-inaugura-su-segundo-corner-en-un-establecimiento-eleclerc\/","og:image":"https:\/\/www.eldigitaldeasturias.com\/noticias\/wp-content\/uploads\/2020\/03\/1583926574_VALLA.jpg","og:image:secure_url":"https:\/\/www.eldigitaldeasturias.com\/noticias\/wp-content\/uploads\/2020\/03\/1583926574_VALLA.jpg","og:image:width":1600,"og:image:height":1200,"article:tag":["negocios y empresas"],"article:published_time":"2020-03-12T19:50:05+00:00","article:modified_time":"2020-03-12T19:50:05+00:00","article:publisher":"https:\/\/facebook.com\/eldigitaldeasturias","twitter:card":"summary_large_image","twitter:title":"Fersay inaugura su segundo corner en un establecimiento E\u00b4Leclerc - El Digital de Asturias","twitter:description":"Cuatro meses despu\u00e9s de la primera integraci\u00f3n de un corner en la cadena de establecimientos E\u00b4leclerc, Fersay inaugura un segundo punto en el centro Comercial El Deleite de Aranjuez. El primer centro lleva operativo desde Noviembre de 2019 en la localidad de Pinto y siguiendo sus pasos, este segundo centro madrile\u00f1o, ofrecer\u00e1 a los habitantes","twitter:image":"https:\/\/www.eldigitaldeasturias.com\/noticias\/wp-content\/uploads\/2020\/03\/1583926574_VALLA.jpg","twitter:label1":"Escrito por","twitter:data1":"El Digital de Asturias","twitter:label2":"Tiempo de lectura estimado","twitter:data2":"2 minutos"},"aioseo_meta_data":{"post_id":"1060595","title":null,"description":null,"keywords":null,"keyphrases":null,"primary_term":null,"canonical_url":null,"og_title":null,"og_description":null,"og_object_type":"default","og_image_type":"default","og_image_url":null,"og_image_width":null,"og_image_height":null,"og_image_custom_url":null,"og_image_custom_fields":null,"og_video":null,"og_custom_url":null,"og_article_section":null,"og_article_tags":null,"twitter_use_og":false,"twitter_card":"default","twitter_image_type":"default","twitter_image_url":null,"twitter_image_custom_url":null,"twitter_image_custom_fields":null,"twitter_title":null,"twitter_description":null,"schema":{"blockGraphs":[],"customGraphs":[],"default":{"data":{"Article":[],"Course":[],"Dataset":[],"FAQPage":[],"Movie":[],"Person":[],"Product":[],"ProductReview":[],"Car":[],"Recipe":[],"Service":[],"SoftwareApplication":[],"WebPage":[]},"graphName":"","isEnabled":true},"graphs":[],"defaultGraph":"","defaultPostTypeGraph":""},"schema_type":null,"schema_type_options":null,"pillar_content":false,"robots_default":true,"robots_noindex":false,"robots_noarchive":false,"robots_nosnippet":false,"robots_nofollow":false,"robots_noimageindex":false,"robots_noodp":false,"robots_notranslate":false,"robots_max_snippet":null,"robots_max_videopreview":null,"robots_max_imagepreview":"large","priority":null,"frequency":null,"local_seo":null,"seo_analyzer_scan_date":"2025-10-31 12:42:13","breadcrumb_settings":null,"limit_modified_date":false,"open_ai":null,"ai":null,"created":"2020-12-21 10:53:47","updated":"2025-10-31 12:42:13"},"aioseo_breadcrumb":"<div class=\"aioseo-breadcrumbs\"><span class=\"aioseo-breadcrumb\">\n\t<a href=\"https:\/\/www.eldigitaldeasturias.com\/noticias\" title=\"Home\">Home<\/a>\n<\/span><span class=\"aioseo-breadcrumb-separator\">\u2013<\/span><span class=\"aioseo-breadcrumb\">\n\t<a href=\"https:\/\/www.eldigitaldeasturias.com\/noticias\/category\/negocios-y-empresas\/\" title=\"Negocios y Empresas\">Negocios y Empresas<\/a>\n<\/span><span class=\"aioseo-breadcrumb-separator\">\u2013<\/span><span class=\"aioseo-breadcrumb\">\n\t<a href=\"https:\/\/www.eldigitaldeasturias.com\/noticias\/fersay-inaugura-su-segundo-corner-en-un-establecimiento-eleclerc\/\" title=\"Fersay inaugura su segundo corner en un establecimiento E\u00b4Leclerc\">Fersay inaugura su segundo corner en un establecimiento E\u00b4Leclerc<\/a>\n<\/span><\/div>","aioseo_breadcrumb_json":[{"label":"Home","link":"https:\/\/www.eldigitaldeasturias.com\/noticias"},{"label":"Negocios y Empresas","link":"https:\/\/www.eldigitaldeasturias.com\/noticias\/category\/negocios-y-empresas\/"},{"label":"Fersay inaugura su segundo corner en un establecimiento E\u00b4Leclerc","link":"https:\/\/www.eldigitaldeasturias.com\/noticias\/fersay-inaugura-su-segundo-corner-en-un-establecimiento-eleclerc\/"}],"_links":{"self":[{"href":"https:\/\/www.eldigitaldeasturias.com\/noticias\/wp-json\/wp\/v2\/posts\/1060595","targetHints":{"allow":["GET"]}}],"collection":[{"href":"https:\/\/www.eldigitaldeasturias.com\/noticias\/wp-json\/wp\/v2\/posts"}],"about":[{"href":"https:\/\/www.eldigitaldeasturias.com\/noticias\/wp-json\/wp\/v2\/types\/post"}],"author":[{"embeddable":true,"href":"https:\/\/www.eldigitaldeasturias.com\/noticias\/wp-json\/wp\/v2\/users\/1"}],"replies":[{"embeddable":true,"href":"https:\/\/www.eldigitaldeasturias.com\/noticias\/wp-json\/wp\/v2\/comments?post=1060595"}],"version-history":[{"count":0,"href":"https:\/\/www.eldigitaldeasturias.com\/noticias\/wp-json\/wp\/v2\/posts\/1060595\/revisions"}],"wp:featuredmedia":[{"embeddable":true,"href":"https:\/\/www.eldigitaldeasturias.com\/noticias\/wp-json\/wp\/v2\/media\/1060596"}],"wp:attachment":[{"href":"https:\/\/www.eldigitaldeasturias.com\/noticias\/wp-json\/wp\/v2\/media?parent=1060595"}],"wp:term":[{"taxonomy":"category","embeddable":true,"href":"https:\/\/www.eldigitaldeasturias.com\/noticias\/wp-json\/wp\/v2\/categories?post=1060595"},{"taxonomy":"post_tag","embeddable":true,"href":"https:\/\/www.eldigitaldeasturias.com\/noticias\/wp-json\/wp\/v2\/tags?post=1060595"}],"curies":[{"name":"wp","href":"https:\/\/api.w.org\/{rel}","templated":true}]}}