{"id":1060583,"date":"2020-03-12T19:33:51","date_gmt":"2020-03-12T19:33:51","guid":{"rendered":"https:\/\/www.eldigitaldeasturias.com\/noticias\/?p=1060583"},"modified":"2020-03-12T19:33:51","modified_gmt":"2020-03-12T19:33:51","slug":"los-mejores-aliados-para-luchar-contra-la-piel-atopica-segun-mustela","status":"publish","type":"post","link":"https:\/\/www.eldigitaldeasturias.com\/noticias\/los-mejores-aliados-para-luchar-contra-la-piel-atopica-segun-mustela\/","title":{"rendered":"Los mejores aliados para luchar contra la piel at\u00f3pica, seg\u00fan Mustela"},"content":{"rendered":"<p><img loading=\"lazy\" decoding=\"async\" class=\"alignleft size-medium wp-image-1060584\" src=\"https:\/\/www.eldigitaldeasturias.com\/noticias\/wp-content\/uploads\/2020\/03\/1584003622_STELATOPIA_Pijama-292x320.png\" alt=\"\" width=\"292\" height=\"320\" srcset=\"https:\/\/www.eldigitaldeasturias.com\/noticias\/wp-content\/uploads\/2020\/03\/1584003622_STELATOPIA_Pijama-292x320.png 292w, https:\/\/www.eldigitaldeasturias.com\/noticias\/wp-content\/uploads\/2020\/03\/1584003622_STELATOPIA_Pijama-438x480.png 438w, https:\/\/www.eldigitaldeasturias.com\/noticias\/wp-content\/uploads\/2020\/03\/1584003622_STELATOPIA_Pijama-274x300.png 274w, https:\/\/www.eldigitaldeasturias.com\/noticias\/wp-content\/uploads\/2020\/03\/1584003622_STELATOPIA_Pijama.png 508w\" sizes=\"auto, (max-width: 292px) 100vw, 292px\" \/>La dermatitis at\u00f3pica es una patolog\u00eda pedi\u00e1trica que se manifiesta fundamentalmente, entre los 0 y 2 a\u00f1os, en forma de sequedad extrema en la piel<\/p>\n<p>\u00bfPicor? \u00bfEl peque\u00f1o no puede parar de rascarse? \u00bfPresenta brotes y se le descama la piel cada cierto tiempo? Estos s\u00edntomas pueden significar que el beb\u00e9 o ni\u00f1o padezca dermatitis at\u00f3pica. Una patolog\u00eda pedi\u00e1trica mucho m\u00e1s com\u00fan de lo que los pap\u00e1s se piensan y que se manifiesta fundamentalmente, entre los 0 y 2 a\u00f1os, en forma de sequedad extrema en la piel y, como consecuencia, conlleva s\u00edntomas molestos como un fuerte picor, llegando a producir alteraciones en el sue\u00f1o. De hecho, 1 de cada 5 ni\u00f1os se ven afectados por dermatitis at\u00f3pica*.<\/p>\n<p>Es importante cuidarles desde el nacimiento con productos espec\u00edficos para este tipo de piel, y m\u00e1s en el caso de los beb\u00e9s cuyos padres son at\u00f3picos, pues es clave para la prevenci\u00f3n, ya que puede llegar a reducirse hasta un 50% su probabilidad de aparici\u00f3n. Por ello, para calmar la piel y aliviar las molestias del picor,\u00a0<span style=\"color: #ff6600;\"><a style=\"color: #ff6600;\" href=\"https:\/\/www.mustela.es\/\" target=\"_blank\" rel=\"nofollow noopener noreferrer\"><strong>Mustela<\/strong><\/a><\/span><strong>,<\/strong>\u00a0la marca de Laboratorios Expanscience, ofrece la gama Stelatopia\u00ae con 9 productos con eficacia cl\u00ednicamente probada bajo control dermatol\u00f3gico y pedi\u00e1trico para aplicar desde el primer d\u00eda de vida. Estos 9 productos no son otros que:<\/p>\n<p><span style=\"color: #ff6600;\"><a style=\"color: #ff6600;\" href=\"https:\/\/www.mustela.es\/content\/STELATOPIAr-Gel-deBano\" target=\"_blank\" rel=\"nofollow noopener noreferrer\"><strong>STELATOPIA\u00ae Gel de Ba\u00f1o<\/strong><\/a><\/span><\/p>\n<p>Ideal para aplicar tanto en cara, cuerpo y cabello, cuenta con activos naturales relipidizantes como: el <strong>\u00f3leodestilado de girasol<\/strong>, el\u00a0<strong>aceite de aguacate<\/strong>, los\u00a0<strong>tensioactivos\u00a0<\/strong>muy suaves y la\u00a0<strong>glicerina de origen vegetal<\/strong>. Este gel limpia delicadamente, protege la piel del beb\u00e9 y del ni\u00f1o, alivia al instante las sensaciones de irritaci\u00f3n y tiranteces y deja la piel suave, flexible y sedosa.<\/p>\n<p><strong>Aceite de ba\u00f1o y ducha<\/strong><\/p>\n<p>Con un 98% de ingredientes de origen natural, este aceite de ba\u00f1o y ducha relipidizante para la piel, que se puede emplear desde el nacimiento, limpia con suavidad y deja una pel\u00edcula protectora sobre la piel, alivia la sensaci\u00f3n de inconfort, de tirantez y de picor, y protege de los efectos resecantes del agua calc\u00e1rea. Entre su composici\u00f3n destaca el <strong>\u00f3leodestilado de girasol BIO<\/strong>, con propiedades calmantes y aporta los l\u00edpidos indispensables para la construcci\u00f3n de la barrera cut\u00e1nea, adem\u00e1s de contener\u00a0<strong>perseose de aguacate<\/strong>, que protege la barrera cut\u00e1nea, hidrata y preserva la riqueza celular de la piel y\u00a0<strong>glicerina de origen natural<\/strong>\u00a0con propiedades hidratantes.<\/p>\n<p><span style=\"color: #ff6600;\"><a style=\"color: #ff6600;\" href=\"https:\/\/www.mustela.es\/content\/Aceite-de-bano-STELATOPIAr\" target=\"_blank\" rel=\"nofollow noopener noreferrer\"><strong>Aceite de ba\u00f1o STELATOPIA\u00ae<\/strong><\/a><\/span><\/p>\n<p>Para dispersar en el agua del ba\u00f1o, este aceite alivia instant\u00e1neamente las sensaciones de irritaci\u00f3n y tiranteces, limpia delicadamente, deja una pel\u00edcula protectora sobre la piel del beb\u00e9 o del ni\u00f1o y compensa los efectos resecantes del ba\u00f1o (agua calc\u00e1rea). Adem\u00e1s, est\u00e1 compuesto por activos naturales relipidizantes: <strong>\u00f3leodestilado de girasol<\/strong>, con propiedades calmantes que aportan los l\u00edpidos indispensables para la construcci\u00f3n de la barrera cut\u00e1nea; el\u00a0<strong>aceite de aguacate<\/strong>, que ayuda a reforzar y a proteger el film hidrolip\u00eddico para favorecer la restauraci\u00f3n de la barrera cut\u00e1nea agredida a diario; el\u00a0<strong>extracto de camomila<\/strong>, con propiedades calmantes, y los\u00a0<strong>aceites de origen vegetal<\/strong>, ricos en \u00e1cidos grasos esenciales.<\/p>\n<p><span style=\"color: #ff6600;\"><strong><a style=\"color: #ff6600;\" href=\"https:\/\/www.mustela.es\/content\/STELATOPIAr-champu-mousse-piel-atopica\" target=\"_blank\" rel=\"nofollow noopener noreferrer\">STELATOPIA\u00ae champ\u00fa mousse<\/a><\/strong><\/span><\/p>\n<p>Este champ\u00fa en espuma ha sido espec\u00edficamente formulado para el cuero cabelludo de las pieles at\u00f3picas de los m\u00e1s peque\u00f1os. Asimismo, <strong>disminuye<\/strong>\u00a0inmediatamente\u00a0<strong>la sensaci\u00f3n de malestar\u00a0<\/strong>y las\u00a0<strong>rojeces cut\u00e1neas del cuero cabelludo<\/strong>.<\/p>\n<p><span style=\"color: #ff6600;\"><a style=\"color: #ff6600;\" href=\"https:\/\/www.mustela.es\/content\/Stelatopiar-Balsamo-Emoliente\" target=\"_blank\" rel=\"nofollow noopener noreferrer\"><strong>STELATOPIA\u00ae B\u00e1lsamo Emoliente<\/strong><\/a><\/span><\/p>\n<p>Este b\u00e1lsamo emoliente de textura rica y untuosa, que aporta sensaci\u00f3n de suavidad y confort, se extiende y se absorbe f\u00e1cilmente sobre el cuerpo del beb\u00e9. Adem\u00e1s se puede aplicar dos veces al d\u00eda sobre la piel seca de la cara y el cuerpo desde el nacimiento. Compuesto por <strong>\u00f3ledodestilado de girasol<\/strong>,\u00a0<strong>perse\u00f3se de aguacate<\/strong>\u00a0y\u00a0<strong>cera de carnauba<\/strong>, restaura la barrera cut\u00e1nea deficiente de las pieles at\u00f3picas, hidrata, relipidiza y alivia la sensaci\u00f3n de picor, refuerza las defensas naturales y preserva el capital celular de la piel.<\/p>\n<p><span style=\"color: #ff6600;\"><a style=\"color: #ff6600;\" href=\"https:\/\/www.mustela.es\/content\/STELATOPIAr-Crema-emoliente\" target=\"_blank\" rel=\"nofollow noopener noreferrer\"><strong>STELATOPIA\u00ae Crema emoliente<\/strong><\/a><\/span><\/p>\n<p>Con <strong>\u00f3leodestilado de girasol<\/strong>\u00a0y\u00a0<strong>perse\u00f3se de aguacate<\/strong>, esta crema emoliente de textura fluida hidrata, relipidiza y alivia la sensaci\u00f3n de picor, restaura la barrera cut\u00e1nea, refuerza las defensas naturales, preserva el capital celular de la piel y aporta sensaci\u00f3n de suavidad y confort, adem\u00e1s de extenderse y absorberse f\u00e1cilmente.<\/p>\n<p><span style=\"color: #ff6600;\"><a style=\"color: #ff6600;\" href=\"https:\/\/www.mustela.es\/content\/STELATOPIAr-Crema-facial-emoliente\" target=\"_blank\" rel=\"nofollow noopener noreferrer\"><strong>STELATOPIA\u00ae Crema facial emoliente<\/strong><\/a><\/span><\/p>\n<p>Con 97% de ingredientes de origen natural, como el <strong>\u00f3leodestilado de girasol<\/strong>, el\u00a0<strong>perse\u00f3se de aguacate<\/strong>, el\u00a0<strong>extracto de regaliz<\/strong>\u00a0y la\u00a0<strong>manteca de karit\u00e9<\/strong>, esta crema facial, con textura fundente, deja la piel flexible y suave. De f\u00e1cil aplicaci\u00f3n, no deja la piel grasa y disminuye visiblemente la sequedad de la piel de los beb\u00e9s y las rojeces.<\/p>\n<p><span style=\"color: #ff6600;\"><a style=\"color: #ff6600;\" href=\"https:\/\/www.mustela.es\/content\/Toallitas-Limpiadoras-relipidizantes-STELATOPIAr\" target=\"_blank\" rel=\"nofollow noopener noreferrer\"><strong>Toallitas Limpiadoras relipidizantes STELATOPIA\u00ae<\/strong><\/a><\/span><\/p>\n<p>Estas toallitas <strong>eliminan eficazmente las impurezas<\/strong>\u00a0de la piel de la cara, de las manos y del culito del beb\u00e9.\u00a0<strong>Limpian en un solo gesto<\/strong>\u00a0sin frotar y cuenta con<strong>\u00a0fibras m\u00e1s suaves y con un acabado liso que evitan el rozamiento,\u00a0<\/strong>adem\u00e1s son un 47% m\u00e1s gruesas que las de las toallitas cl\u00e1sicas.<\/p>\n<p><a href=\"https:\/\/www.mustela.com\/es\/pijama-calmante-para-piel-atopica\" target=\"_blank\" rel=\"nofollow noopener noreferrer\"><strong><span style=\"color: #ff6600;\">Pijama Mustela<\/span><\/strong><\/a><\/p>\n<p>Confeccionado en tejido 100% de algod\u00f3n, con certificaci\u00f3n Oeko-tex Standar100\u00ae y una tecnolog\u00eda de microencapsulaci\u00f3n de activos 100% de origen natural, es el primer pijama calmante para la piel que alivia el picor, ayuda a reducir el deseo de rascarse por parte del peque\u00f1o e incide tambi\u00e9n en la mejora de su calidad de vida.<\/p>\n<p>*(1) Estudio Perceptor 2009 (2) Perturbaci\u00f3n del sue\u00f1o en ni\u00f1os con dermatitis at\u00f3pica moderada\/grave: Un estudio de casos y controles. Anna B. Fishbein, Kelly Mueller, Lacey Kruse, Peter boor, Stephe Sheldon, Phyllys Zee y Amy S. Paller (3) Picaz\u00f3n nocturna: \u00bfPor qu\u00e9 pica de noche? Acta Derm Venereol 2007; 87:295-298. Tejesh Patel, Yozo Ishiuji y Gil Yosipovitch.<\/p>\n<p>&nbsp;<\/p>\n","protected":false},"excerpt":{"rendered":"<p>La dermatitis at\u00f3pica es una patolog\u00eda pedi\u00e1trica que se manifiesta fundamentalmente, entre los 0 y 2 a\u00f1os, en forma de sequedad extrema en la piel \u00bfPicor? \u00bfEl peque\u00f1o no puede parar de rascarse? \u00bfPresenta brotes y se le descama la piel cada cierto tiempo? Estos s\u00edntomas pueden significar que el beb\u00e9 o ni\u00f1o padezca dermatitis [&hellip;]<\/p>\n","protected":false},"author":1,"featured_media":1060584,"comment_status":"closed","ping_status":"closed","sticky":false,"template":"","format":"standard","meta":{"footnotes":""},"categories":[219],"tags":[],"class_list":["post-1060583","post","type-post","status-publish","format-standard","has-post-thumbnail","hentry","category-negocios-y-empresas"],"aioseo_notices":[],"aioseo_head":"\n\t\t<!-- All in One SEO Pro 4.9.6.2 - aioseo.com -->\n\t<meta name=\"description\" content=\"La dermatitis at\u00f3pica es una patolog\u00eda pedi\u00e1trica que se manifiesta fundamentalmente, entre los 0 y 2 a\u00f1os, en forma de sequedad extrema en la piel \u00bfPicor? \u00bfEl peque\u00f1o no puede parar de rascarse? \u00bfPresenta brotes y se le descama la piel cada cierto tiempo? Estos s\u00edntomas pueden significar que el beb\u00e9 o ni\u00f1o padezca dermatitis\" \/>\n\t<meta name=\"robots\" content=\"max-image-preview:large\" \/>\n\t<meta name=\"author\" content=\"El Digital de Asturias\"\/>\n\t<meta name=\"google-site-verification\" content=\"UA-38556648-1\" \/>\n\t<meta name=\"msvalidate.01\" content=\"7dfe9f3f1b24437ab69f4f2559babe99\" \/>\n\t<meta name=\"keywords\" content=\"negocios y empresas\" \/>\n\t<link rel=\"canonical\" href=\"https:\/\/www.eldigitaldeasturias.com\/noticias\/los-mejores-aliados-para-luchar-contra-la-piel-atopica-segun-mustela\/\" \/>\n\t<meta name=\"generator\" content=\"All in One SEO Pro (AIOSEO) 4.9.6.2\" \/>\n\t\t<meta property=\"og:locale\" content=\"es_ES\" \/>\n\t\t<meta property=\"og:site_name\" content=\"El Digital de Asturias\" \/>\n\t\t<meta property=\"og:type\" content=\"article\" \/>\n\t\t<meta property=\"og:title\" content=\"Los mejores aliados para luchar contra la piel at\u00f3pica, seg\u00fan Mustela - El Digital de Asturias\" \/>\n\t\t<meta property=\"og:description\" content=\"La dermatitis at\u00f3pica es una patolog\u00eda pedi\u00e1trica que se manifiesta fundamentalmente, entre los 0 y 2 a\u00f1os, en forma de sequedad extrema en la piel \u00bfPicor? \u00bfEl peque\u00f1o no puede parar de rascarse? \u00bfPresenta brotes y se le descama la piel cada cierto tiempo? Estos s\u00edntomas pueden significar que el beb\u00e9 o ni\u00f1o padezca dermatitis\" \/>\n\t\t<meta property=\"og:url\" content=\"https:\/\/www.eldigitaldeasturias.com\/noticias\/los-mejores-aliados-para-luchar-contra-la-piel-atopica-segun-mustela\/\" \/>\n\t\t<meta property=\"og:image\" content=\"https:\/\/www.eldigitaldeasturias.com\/noticias\/wp-content\/uploads\/2020\/03\/1584003622_STELATOPIA_Pijama.png\" \/>\n\t\t<meta property=\"og:image:secure_url\" content=\"https:\/\/www.eldigitaldeasturias.com\/noticias\/wp-content\/uploads\/2020\/03\/1584003622_STELATOPIA_Pijama.png\" \/>\n\t\t<meta property=\"og:image:width\" content=\"508\" \/>\n\t\t<meta property=\"og:image:height\" content=\"557\" \/>\n\t\t<meta property=\"article:tag\" content=\"negocios y empresas\" \/>\n\t\t<meta property=\"article:published_time\" content=\"2020-03-12T19:33:51+00:00\" \/>\n\t\t<meta property=\"article:modified_time\" content=\"2020-03-12T19:33:51+00:00\" \/>\n\t\t<meta property=\"article:publisher\" content=\"https:\/\/facebook.com\/eldigitaldeasturias\" \/>\n\t\t<meta name=\"twitter:card\" content=\"summary_large_image\" \/>\n\t\t<meta name=\"twitter:title\" content=\"Los mejores aliados para luchar contra la piel at\u00f3pica, seg\u00fan Mustela - El Digital de Asturias\" \/>\n\t\t<meta name=\"twitter:description\" content=\"La dermatitis at\u00f3pica es una patolog\u00eda pedi\u00e1trica que se manifiesta fundamentalmente, entre los 0 y 2 a\u00f1os, en forma de sequedad extrema en la piel \u00bfPicor? \u00bfEl peque\u00f1o no puede parar de rascarse? \u00bfPresenta brotes y se le descama la piel cada cierto tiempo? Estos s\u00edntomas pueden significar que el beb\u00e9 o ni\u00f1o padezca dermatitis\" \/>\n\t\t<meta name=\"twitter:image\" content=\"https:\/\/www.eldigitaldeasturias.com\/noticias\/wp-content\/uploads\/2020\/03\/1584003622_STELATOPIA_Pijama.png\" \/>\n\t\t<meta name=\"twitter:label1\" content=\"Escrito por\" \/>\n\t\t<meta name=\"twitter:data1\" content=\"El Digital de Asturias\" \/>\n\t\t<meta name=\"twitter:label2\" content=\"Tiempo de lectura estimado\" \/>\n\t\t<meta name=\"twitter:data2\" content=\"5 minutos\" \/>\n\t\t<script type=\"application\/ld+json\" class=\"aioseo-schema\">\n\t\t\t{\"@context\":\"https:\\\/\\\/schema.org\",\"@graph\":[{\"@type\":\"BlogPosting\",\"@id\":\"https:\\\/\\\/www.eldigitaldeasturias.com\\\/noticias\\\/los-mejores-aliados-para-luchar-contra-la-piel-atopica-segun-mustela\\\/#blogposting\",\"name\":\"Los mejores aliados para luchar contra la piel at\\u00f3pica, seg\\u00fan Mustela - El Digital de Asturias\",\"headline\":\"Los mejores aliados para luchar contra la piel at\\u00f3pica, seg\\u00fan Mustela\",\"author\":{\"@id\":\"https:\\\/\\\/www.eldigitaldeasturias.com\\\/noticias\\\/author\\\/admin\\\/#author\"},\"publisher\":{\"@id\":\"https:\\\/\\\/www.eldigitaldeasturias.com\\\/noticias\\\/#organization\"},\"image\":{\"@type\":\"ImageObject\",\"url\":\"https:\\\/\\\/www.eldigitaldeasturias.com\\\/noticias\\\/wp-content\\\/uploads\\\/2020\\\/03\\\/1584003622_STELATOPIA_Pijama.png\",\"width\":508,\"height\":557},\"datePublished\":\"2020-03-12T19:33:51+01:00\",\"dateModified\":\"2020-03-12T19:33:51+01:00\",\"inLanguage\":\"es-ES\",\"mainEntityOfPage\":{\"@id\":\"https:\\\/\\\/www.eldigitaldeasturias.com\\\/noticias\\\/los-mejores-aliados-para-luchar-contra-la-piel-atopica-segun-mustela\\\/#webpage\"},\"isPartOf\":{\"@id\":\"https:\\\/\\\/www.eldigitaldeasturias.com\\\/noticias\\\/los-mejores-aliados-para-luchar-contra-la-piel-atopica-segun-mustela\\\/#webpage\"},\"articleSection\":\"Negocios y Empresas\"},{\"@type\":\"BreadcrumbList\",\"@id\":\"https:\\\/\\\/www.eldigitaldeasturias.com\\\/noticias\\\/los-mejores-aliados-para-luchar-contra-la-piel-atopica-segun-mustela\\\/#breadcrumblist\",\"itemListElement\":[{\"@type\":\"ListItem\",\"@id\":\"https:\\\/\\\/www.eldigitaldeasturias.com\\\/noticias#listItem\",\"position\":1,\"name\":\"Home\",\"item\":\"https:\\\/\\\/www.eldigitaldeasturias.com\\\/noticias\",\"nextItem\":{\"@type\":\"ListItem\",\"@id\":\"https:\\\/\\\/www.eldigitaldeasturias.com\\\/noticias\\\/category\\\/negocios-y-empresas\\\/#listItem\",\"name\":\"Negocios y Empresas\"}},{\"@type\":\"ListItem\",\"@id\":\"https:\\\/\\\/www.eldigitaldeasturias.com\\\/noticias\\\/category\\\/negocios-y-empresas\\\/#listItem\",\"position\":2,\"name\":\"Negocios y Empresas\",\"item\":\"https:\\\/\\\/www.eldigitaldeasturias.com\\\/noticias\\\/category\\\/negocios-y-empresas\\\/\",\"nextItem\":{\"@type\":\"ListItem\",\"@id\":\"https:\\\/\\\/www.eldigitaldeasturias.com\\\/noticias\\\/los-mejores-aliados-para-luchar-contra-la-piel-atopica-segun-mustela\\\/#listItem\",\"name\":\"Los mejores aliados para luchar contra la piel at\\u00f3pica, seg\\u00fan Mustela\"},\"previousItem\":{\"@type\":\"ListItem\",\"@id\":\"https:\\\/\\\/www.eldigitaldeasturias.com\\\/noticias#listItem\",\"name\":\"Home\"}},{\"@type\":\"ListItem\",\"@id\":\"https:\\\/\\\/www.eldigitaldeasturias.com\\\/noticias\\\/los-mejores-aliados-para-luchar-contra-la-piel-atopica-segun-mustela\\\/#listItem\",\"position\":3,\"name\":\"Los mejores aliados para luchar contra la piel at\\u00f3pica, seg\\u00fan Mustela\",\"previousItem\":{\"@type\":\"ListItem\",\"@id\":\"https:\\\/\\\/www.eldigitaldeasturias.com\\\/noticias\\\/category\\\/negocios-y-empresas\\\/#listItem\",\"name\":\"Negocios y Empresas\"}}]},{\"@type\":\"Organization\",\"@id\":\"https:\\\/\\\/www.eldigitaldeasturias.com\\\/noticias\\\/#organization\",\"name\":\"El Digital de Asturias\",\"description\":\"Hemeroteca\",\"url\":\"https:\\\/\\\/www.eldigitaldeasturias.com\\\/noticias\\\/\",\"email\":\"info@eldigitaldeasturias.com\",\"telephone\":\"+34652131393\",\"logo\":{\"@type\":\"ImageObject\",\"url\":\"https:\\\/\\\/www.eldigitaldeasturias.com\\\/noticias\\\/wp-content\\\/uploads\\\/2020\\\/12\\\/EDA.jpg\",\"@id\":\"https:\\\/\\\/www.eldigitaldeasturias.com\\\/noticias\\\/los-mejores-aliados-para-luchar-contra-la-piel-atopica-segun-mustela\\\/#organizationLogo\",\"width\":649,\"height\":297},\"image\":{\"@id\":\"https:\\\/\\\/www.eldigitaldeasturias.com\\\/noticias\\\/los-mejores-aliados-para-luchar-contra-la-piel-atopica-segun-mustela\\\/#organizationLogo\"},\"sameAs\":[\"https:\\\/\\\/facebook.com\\\/eldigitaldeasturias\",\"https:\\\/\\\/www.youtube.com\\\/channel\\\/UCZP-2wLEB9Rv6erhFmqVnvg\"],\"address\":{\"@id\":\"https:\\\/\\\/www.eldigitaldeasturias.com\\\/noticias\\\/#postaladdress\",\"@type\":\"PostalAddress\",\"streetAddress\":\"san antonio 4,\",\"postalCode\":\"33430\",\"addressLocality\":\"Cand\\u00e1s\",\"addressRegion\":\"Asturias\",\"addressCountry\":\"ES\"}},{\"@type\":\"Person\",\"@id\":\"https:\\\/\\\/www.eldigitaldeasturias.com\\\/noticias\\\/author\\\/admin\\\/#author\",\"url\":\"https:\\\/\\\/www.eldigitaldeasturias.com\\\/noticias\\\/author\\\/admin\\\/\",\"name\":\"El Digital de Asturias\",\"image\":{\"@type\":\"ImageObject\",\"@id\":\"https:\\\/\\\/www.eldigitaldeasturias.com\\\/noticias\\\/los-mejores-aliados-para-luchar-contra-la-piel-atopica-segun-mustela\\\/#authorImage\",\"url\":\"https:\\\/\\\/www.eldigitaldeasturias.com\\\/noticias\\\/wp-content\\\/litespeed\\\/avatar\\\/18677e78aa0546b92d9dbf31ec7d7668.jpg?ver=1777290358\",\"width\":96,\"height\":96,\"caption\":\"El Digital de Asturias\"}},{\"@type\":\"WebPage\",\"@id\":\"https:\\\/\\\/www.eldigitaldeasturias.com\\\/noticias\\\/los-mejores-aliados-para-luchar-contra-la-piel-atopica-segun-mustela\\\/#webpage\",\"url\":\"https:\\\/\\\/www.eldigitaldeasturias.com\\\/noticias\\\/los-mejores-aliados-para-luchar-contra-la-piel-atopica-segun-mustela\\\/\",\"name\":\"Los mejores aliados para luchar contra la piel at\\u00f3pica, seg\\u00fan Mustela - El Digital de Asturias\",\"description\":\"La dermatitis at\\u00f3pica es una patolog\\u00eda pedi\\u00e1trica que se manifiesta fundamentalmente, entre los 0 y 2 a\\u00f1os, en forma de sequedad extrema en la piel \\u00bfPicor? \\u00bfEl peque\\u00f1o no puede parar de rascarse? \\u00bfPresenta brotes y se le descama la piel cada cierto tiempo? Estos s\\u00edntomas pueden significar que el beb\\u00e9 o ni\\u00f1o padezca dermatitis\",\"inLanguage\":\"es-ES\",\"isPartOf\":{\"@id\":\"https:\\\/\\\/www.eldigitaldeasturias.com\\\/noticias\\\/#website\"},\"breadcrumb\":{\"@id\":\"https:\\\/\\\/www.eldigitaldeasturias.com\\\/noticias\\\/los-mejores-aliados-para-luchar-contra-la-piel-atopica-segun-mustela\\\/#breadcrumblist\"},\"author\":{\"@id\":\"https:\\\/\\\/www.eldigitaldeasturias.com\\\/noticias\\\/author\\\/admin\\\/#author\"},\"creator\":{\"@id\":\"https:\\\/\\\/www.eldigitaldeasturias.com\\\/noticias\\\/author\\\/admin\\\/#author\"},\"image\":{\"@type\":\"ImageObject\",\"url\":\"https:\\\/\\\/www.eldigitaldeasturias.com\\\/noticias\\\/wp-content\\\/uploads\\\/2020\\\/03\\\/1584003622_STELATOPIA_Pijama.png\",\"@id\":\"https:\\\/\\\/www.eldigitaldeasturias.com\\\/noticias\\\/los-mejores-aliados-para-luchar-contra-la-piel-atopica-segun-mustela\\\/#mainImage\",\"width\":508,\"height\":557},\"primaryImageOfPage\":{\"@id\":\"https:\\\/\\\/www.eldigitaldeasturias.com\\\/noticias\\\/los-mejores-aliados-para-luchar-contra-la-piel-atopica-segun-mustela\\\/#mainImage\"},\"datePublished\":\"2020-03-12T19:33:51+01:00\",\"dateModified\":\"2020-03-12T19:33:51+01:00\"},{\"@type\":\"WebSite\",\"@id\":\"https:\\\/\\\/www.eldigitaldeasturias.com\\\/noticias\\\/#website\",\"url\":\"https:\\\/\\\/www.eldigitaldeasturias.com\\\/noticias\\\/\",\"name\":\"El Digital de Asturias - Diario de actualidad y noticias\",\"alternateName\":\"El Digital de Asturias - Diario de actualidad y noticias\",\"description\":\"Hemeroteca\",\"inLanguage\":\"es-ES\",\"publisher\":{\"@id\":\"https:\\\/\\\/www.eldigitaldeasturias.com\\\/noticias\\\/#organization\"}}]}\n\t\t<\/script>\n\t\t<!-- All in One SEO Pro -->\r\n\t\t<title>Los mejores aliados para luchar contra la piel at\u00f3pica, seg\u00fan Mustela - El Digital de Asturias<\/title>\n\n","aioseo_head_json":{"title":"Los mejores aliados para luchar contra la piel at\u00f3pica, seg\u00fan Mustela - El Digital de Asturias","description":"La dermatitis at\u00f3pica es una patolog\u00eda pedi\u00e1trica que se manifiesta fundamentalmente, entre los 0 y 2 a\u00f1os, en forma de sequedad extrema en la piel \u00bfPicor? \u00bfEl peque\u00f1o no puede parar de rascarse? \u00bfPresenta brotes y se le descama la piel cada cierto tiempo? Estos s\u00edntomas pueden significar que el beb\u00e9 o ni\u00f1o padezca dermatitis","canonical_url":"https:\/\/www.eldigitaldeasturias.com\/noticias\/los-mejores-aliados-para-luchar-contra-la-piel-atopica-segun-mustela\/","robots":"max-image-preview:large","keywords":"negocios y empresas","webmasterTools":{"google-site-verification":"UA-38556648-1","msvalidate.01":"7dfe9f3f1b24437ab69f4f2559babe99","miscellaneous":""},"schema":{"@context":"https:\/\/schema.org","@graph":[{"@type":"BlogPosting","@id":"https:\/\/www.eldigitaldeasturias.com\/noticias\/los-mejores-aliados-para-luchar-contra-la-piel-atopica-segun-mustela\/#blogposting","name":"Los mejores aliados para luchar contra la piel at\u00f3pica, seg\u00fan Mustela - El Digital de Asturias","headline":"Los mejores aliados para luchar contra la piel at\u00f3pica, seg\u00fan Mustela","author":{"@id":"https:\/\/www.eldigitaldeasturias.com\/noticias\/author\/admin\/#author"},"publisher":{"@id":"https:\/\/www.eldigitaldeasturias.com\/noticias\/#organization"},"image":{"@type":"ImageObject","url":"https:\/\/www.eldigitaldeasturias.com\/noticias\/wp-content\/uploads\/2020\/03\/1584003622_STELATOPIA_Pijama.png","width":508,"height":557},"datePublished":"2020-03-12T19:33:51+01:00","dateModified":"2020-03-12T19:33:51+01:00","inLanguage":"es-ES","mainEntityOfPage":{"@id":"https:\/\/www.eldigitaldeasturias.com\/noticias\/los-mejores-aliados-para-luchar-contra-la-piel-atopica-segun-mustela\/#webpage"},"isPartOf":{"@id":"https:\/\/www.eldigitaldeasturias.com\/noticias\/los-mejores-aliados-para-luchar-contra-la-piel-atopica-segun-mustela\/#webpage"},"articleSection":"Negocios y Empresas"},{"@type":"BreadcrumbList","@id":"https:\/\/www.eldigitaldeasturias.com\/noticias\/los-mejores-aliados-para-luchar-contra-la-piel-atopica-segun-mustela\/#breadcrumblist","itemListElement":[{"@type":"ListItem","@id":"https:\/\/www.eldigitaldeasturias.com\/noticias#listItem","position":1,"name":"Home","item":"https:\/\/www.eldigitaldeasturias.com\/noticias","nextItem":{"@type":"ListItem","@id":"https:\/\/www.eldigitaldeasturias.com\/noticias\/category\/negocios-y-empresas\/#listItem","name":"Negocios y Empresas"}},{"@type":"ListItem","@id":"https:\/\/www.eldigitaldeasturias.com\/noticias\/category\/negocios-y-empresas\/#listItem","position":2,"name":"Negocios y Empresas","item":"https:\/\/www.eldigitaldeasturias.com\/noticias\/category\/negocios-y-empresas\/","nextItem":{"@type":"ListItem","@id":"https:\/\/www.eldigitaldeasturias.com\/noticias\/los-mejores-aliados-para-luchar-contra-la-piel-atopica-segun-mustela\/#listItem","name":"Los mejores aliados para luchar contra la piel at\u00f3pica, seg\u00fan Mustela"},"previousItem":{"@type":"ListItem","@id":"https:\/\/www.eldigitaldeasturias.com\/noticias#listItem","name":"Home"}},{"@type":"ListItem","@id":"https:\/\/www.eldigitaldeasturias.com\/noticias\/los-mejores-aliados-para-luchar-contra-la-piel-atopica-segun-mustela\/#listItem","position":3,"name":"Los mejores aliados para luchar contra la piel at\u00f3pica, seg\u00fan Mustela","previousItem":{"@type":"ListItem","@id":"https:\/\/www.eldigitaldeasturias.com\/noticias\/category\/negocios-y-empresas\/#listItem","name":"Negocios y Empresas"}}]},{"@type":"Organization","@id":"https:\/\/www.eldigitaldeasturias.com\/noticias\/#organization","name":"El Digital de Asturias","description":"Hemeroteca","url":"https:\/\/www.eldigitaldeasturias.com\/noticias\/","email":"info@eldigitaldeasturias.com","telephone":"+34652131393","logo":{"@type":"ImageObject","url":"https:\/\/www.eldigitaldeasturias.com\/noticias\/wp-content\/uploads\/2020\/12\/EDA.jpg","@id":"https:\/\/www.eldigitaldeasturias.com\/noticias\/los-mejores-aliados-para-luchar-contra-la-piel-atopica-segun-mustela\/#organizationLogo","width":649,"height":297},"image":{"@id":"https:\/\/www.eldigitaldeasturias.com\/noticias\/los-mejores-aliados-para-luchar-contra-la-piel-atopica-segun-mustela\/#organizationLogo"},"sameAs":["https:\/\/facebook.com\/eldigitaldeasturias","https:\/\/www.youtube.com\/channel\/UCZP-2wLEB9Rv6erhFmqVnvg"],"address":{"@id":"https:\/\/www.eldigitaldeasturias.com\/noticias\/#postaladdress","@type":"PostalAddress","streetAddress":"san antonio 4,","postalCode":"33430","addressLocality":"Cand\u00e1s","addressRegion":"Asturias","addressCountry":"ES"}},{"@type":"Person","@id":"https:\/\/www.eldigitaldeasturias.com\/noticias\/author\/admin\/#author","url":"https:\/\/www.eldigitaldeasturias.com\/noticias\/author\/admin\/","name":"El Digital de Asturias","image":{"@type":"ImageObject","@id":"https:\/\/www.eldigitaldeasturias.com\/noticias\/los-mejores-aliados-para-luchar-contra-la-piel-atopica-segun-mustela\/#authorImage","url":"https:\/\/www.eldigitaldeasturias.com\/noticias\/wp-content\/litespeed\/avatar\/18677e78aa0546b92d9dbf31ec7d7668.jpg?ver=1777290358","width":96,"height":96,"caption":"El Digital de Asturias"}},{"@type":"WebPage","@id":"https:\/\/www.eldigitaldeasturias.com\/noticias\/los-mejores-aliados-para-luchar-contra-la-piel-atopica-segun-mustela\/#webpage","url":"https:\/\/www.eldigitaldeasturias.com\/noticias\/los-mejores-aliados-para-luchar-contra-la-piel-atopica-segun-mustela\/","name":"Los mejores aliados para luchar contra la piel at\u00f3pica, seg\u00fan Mustela - El Digital de Asturias","description":"La dermatitis at\u00f3pica es una patolog\u00eda pedi\u00e1trica que se manifiesta fundamentalmente, entre los 0 y 2 a\u00f1os, en forma de sequedad extrema en la piel \u00bfPicor? \u00bfEl peque\u00f1o no puede parar de rascarse? \u00bfPresenta brotes y se le descama la piel cada cierto tiempo? Estos s\u00edntomas pueden significar que el beb\u00e9 o ni\u00f1o padezca dermatitis","inLanguage":"es-ES","isPartOf":{"@id":"https:\/\/www.eldigitaldeasturias.com\/noticias\/#website"},"breadcrumb":{"@id":"https:\/\/www.eldigitaldeasturias.com\/noticias\/los-mejores-aliados-para-luchar-contra-la-piel-atopica-segun-mustela\/#breadcrumblist"},"author":{"@id":"https:\/\/www.eldigitaldeasturias.com\/noticias\/author\/admin\/#author"},"creator":{"@id":"https:\/\/www.eldigitaldeasturias.com\/noticias\/author\/admin\/#author"},"image":{"@type":"ImageObject","url":"https:\/\/www.eldigitaldeasturias.com\/noticias\/wp-content\/uploads\/2020\/03\/1584003622_STELATOPIA_Pijama.png","@id":"https:\/\/www.eldigitaldeasturias.com\/noticias\/los-mejores-aliados-para-luchar-contra-la-piel-atopica-segun-mustela\/#mainImage","width":508,"height":557},"primaryImageOfPage":{"@id":"https:\/\/www.eldigitaldeasturias.com\/noticias\/los-mejores-aliados-para-luchar-contra-la-piel-atopica-segun-mustela\/#mainImage"},"datePublished":"2020-03-12T19:33:51+01:00","dateModified":"2020-03-12T19:33:51+01:00"},{"@type":"WebSite","@id":"https:\/\/www.eldigitaldeasturias.com\/noticias\/#website","url":"https:\/\/www.eldigitaldeasturias.com\/noticias\/","name":"El Digital de Asturias - Diario de actualidad y noticias","alternateName":"El Digital de Asturias - Diario de actualidad y noticias","description":"Hemeroteca","inLanguage":"es-ES","publisher":{"@id":"https:\/\/www.eldigitaldeasturias.com\/noticias\/#organization"}}]},"og:locale":"es_ES","og:site_name":"El Digital de Asturias","og:type":"article","og:title":"Los mejores aliados para luchar contra la piel at\u00f3pica, seg\u00fan Mustela - El Digital de Asturias","og:description":"La dermatitis at\u00f3pica es una patolog\u00eda pedi\u00e1trica que se manifiesta fundamentalmente, entre los 0 y 2 a\u00f1os, en forma de sequedad extrema en la piel \u00bfPicor? \u00bfEl peque\u00f1o no puede parar de rascarse? \u00bfPresenta brotes y se le descama la piel cada cierto tiempo? Estos s\u00edntomas pueden significar que el beb\u00e9 o ni\u00f1o padezca dermatitis","og:url":"https:\/\/www.eldigitaldeasturias.com\/noticias\/los-mejores-aliados-para-luchar-contra-la-piel-atopica-segun-mustela\/","og:image":"https:\/\/www.eldigitaldeasturias.com\/noticias\/wp-content\/uploads\/2020\/03\/1584003622_STELATOPIA_Pijama.png","og:image:secure_url":"https:\/\/www.eldigitaldeasturias.com\/noticias\/wp-content\/uploads\/2020\/03\/1584003622_STELATOPIA_Pijama.png","og:image:width":508,"og:image:height":557,"article:tag":["negocios y empresas"],"article:published_time":"2020-03-12T19:33:51+00:00","article:modified_time":"2020-03-12T19:33:51+00:00","article:publisher":"https:\/\/facebook.com\/eldigitaldeasturias","twitter:card":"summary_large_image","twitter:title":"Los mejores aliados para luchar contra la piel at\u00f3pica, seg\u00fan Mustela - El Digital de Asturias","twitter:description":"La dermatitis at\u00f3pica es una patolog\u00eda pedi\u00e1trica que se manifiesta fundamentalmente, entre los 0 y 2 a\u00f1os, en forma de sequedad extrema en la piel \u00bfPicor? \u00bfEl peque\u00f1o no puede parar de rascarse? \u00bfPresenta brotes y se le descama la piel cada cierto tiempo? Estos s\u00edntomas pueden significar que el beb\u00e9 o ni\u00f1o padezca dermatitis","twitter:image":"https:\/\/www.eldigitaldeasturias.com\/noticias\/wp-content\/uploads\/2020\/03\/1584003622_STELATOPIA_Pijama.png","twitter:label1":"Escrito por","twitter:data1":"El Digital de Asturias","twitter:label2":"Tiempo de lectura estimado","twitter:data2":"5 minutos"},"aioseo_meta_data":{"post_id":"1060583","title":null,"description":null,"keywords":null,"keyphrases":null,"primary_term":null,"canonical_url":null,"og_title":null,"og_description":null,"og_object_type":"default","og_image_type":"default","og_image_url":null,"og_image_width":null,"og_image_height":null,"og_image_custom_url":null,"og_image_custom_fields":null,"og_video":null,"og_custom_url":null,"og_article_section":null,"og_article_tags":null,"twitter_use_og":false,"twitter_card":"default","twitter_image_type":"default","twitter_image_url":null,"twitter_image_custom_url":null,"twitter_image_custom_fields":null,"twitter_title":null,"twitter_description":null,"schema":{"blockGraphs":[],"customGraphs":[],"default":{"data":{"Article":[],"Course":[],"Dataset":[],"FAQPage":[],"Movie":[],"Person":[],"Product":[],"ProductReview":[],"Car":[],"Recipe":[],"Service":[],"SoftwareApplication":[],"WebPage":[]},"graphName":"","isEnabled":true},"graphs":[],"defaultGraph":"","defaultPostTypeGraph":""},"schema_type":null,"schema_type_options":null,"pillar_content":false,"robots_default":true,"robots_noindex":false,"robots_noarchive":false,"robots_nosnippet":false,"robots_nofollow":false,"robots_noimageindex":false,"robots_noodp":false,"robots_notranslate":false,"robots_max_snippet":null,"robots_max_videopreview":null,"robots_max_imagepreview":"large","priority":null,"frequency":null,"local_seo":null,"seo_analyzer_scan_date":"2025-10-31 12:40:30","breadcrumb_settings":null,"limit_modified_date":false,"open_ai":null,"ai":null,"created":"2020-12-21 10:53:47","updated":"2025-10-31 12:40:30"},"aioseo_breadcrumb":"<div class=\"aioseo-breadcrumbs\"><span class=\"aioseo-breadcrumb\">\n\t<a href=\"https:\/\/www.eldigitaldeasturias.com\/noticias\" title=\"Home\">Home<\/a>\n<\/span><span class=\"aioseo-breadcrumb-separator\">\u2013<\/span><span class=\"aioseo-breadcrumb\">\n\t<a href=\"https:\/\/www.eldigitaldeasturias.com\/noticias\/category\/negocios-y-empresas\/\" title=\"Negocios y Empresas\">Negocios y Empresas<\/a>\n<\/span><span class=\"aioseo-breadcrumb-separator\">\u2013<\/span><span class=\"aioseo-breadcrumb\">\n\t<a href=\"https:\/\/www.eldigitaldeasturias.com\/noticias\/los-mejores-aliados-para-luchar-contra-la-piel-atopica-segun-mustela\/\" title=\"Los mejores aliados para luchar contra la piel at\u00f3pica, seg\u00fan Mustela\">Los mejores aliados para luchar contra la piel at\u00f3pica, seg\u00fan Mustela<\/a>\n<\/span><\/div>","aioseo_breadcrumb_json":[{"label":"Home","link":"https:\/\/www.eldigitaldeasturias.com\/noticias"},{"label":"Negocios y Empresas","link":"https:\/\/www.eldigitaldeasturias.com\/noticias\/category\/negocios-y-empresas\/"},{"label":"Los mejores aliados para luchar contra la piel at\u00f3pica, seg\u00fan Mustela","link":"https:\/\/www.eldigitaldeasturias.com\/noticias\/los-mejores-aliados-para-luchar-contra-la-piel-atopica-segun-mustela\/"}],"_links":{"self":[{"href":"https:\/\/www.eldigitaldeasturias.com\/noticias\/wp-json\/wp\/v2\/posts\/1060583","targetHints":{"allow":["GET"]}}],"collection":[{"href":"https:\/\/www.eldigitaldeasturias.com\/noticias\/wp-json\/wp\/v2\/posts"}],"about":[{"href":"https:\/\/www.eldigitaldeasturias.com\/noticias\/wp-json\/wp\/v2\/types\/post"}],"author":[{"embeddable":true,"href":"https:\/\/www.eldigitaldeasturias.com\/noticias\/wp-json\/wp\/v2\/users\/1"}],"replies":[{"embeddable":true,"href":"https:\/\/www.eldigitaldeasturias.com\/noticias\/wp-json\/wp\/v2\/comments?post=1060583"}],"version-history":[{"count":0,"href":"https:\/\/www.eldigitaldeasturias.com\/noticias\/wp-json\/wp\/v2\/posts\/1060583\/revisions"}],"wp:featuredmedia":[{"embeddable":true,"href":"https:\/\/www.eldigitaldeasturias.com\/noticias\/wp-json\/wp\/v2\/media\/1060584"}],"wp:attachment":[{"href":"https:\/\/www.eldigitaldeasturias.com\/noticias\/wp-json\/wp\/v2\/media?parent=1060583"}],"wp:term":[{"taxonomy":"category","embeddable":true,"href":"https:\/\/www.eldigitaldeasturias.com\/noticias\/wp-json\/wp\/v2\/categories?post=1060583"},{"taxonomy":"post_tag","embeddable":true,"href":"https:\/\/www.eldigitaldeasturias.com\/noticias\/wp-json\/wp\/v2\/tags?post=1060583"}],"curies":[{"name":"wp","href":"https:\/\/api.w.org\/{rel}","templated":true}]}}