{"id":1060571,"date":"2020-03-12T19:18:01","date_gmt":"2020-03-12T19:18:01","guid":{"rendered":"https:\/\/www.eldigitaldeasturias.com\/noticias\/?p=1060571"},"modified":"2020-03-12T19:18:01","modified_gmt":"2020-03-12T19:18:01","slug":"segun-ais-group-la-ia-requiere-la-colaboracion-de-un-experto-humano","status":"publish","type":"post","link":"https:\/\/www.eldigitaldeasturias.com\/noticias\/segun-ais-group-la-ia-requiere-la-colaboracion-de-un-experto-humano\/","title":{"rendered":"Seg\u00fan AIS Group, la IA requiere la colaboraci\u00f3n de un experto \u00abhumano\u00bb"},"content":{"rendered":"<p><img loading=\"lazy\" decoding=\"async\" class=\"alignleft size-medium wp-image-1060572\" src=\"https:\/\/www.eldigitaldeasturias.com\/noticias\/wp-content\/uploads\/2020\/03\/1584014545_Ramon_Trias_AIS_1-360x240.png\" alt=\"\" width=\"360\" height=\"240\" srcset=\"https:\/\/www.eldigitaldeasturias.com\/noticias\/wp-content\/uploads\/2020\/03\/1584014545_Ramon_Trias_AIS_1-360x240.png 360w, https:\/\/www.eldigitaldeasturias.com\/noticias\/wp-content\/uploads\/2020\/03\/1584014545_Ramon_Trias_AIS_1-690x460.png 690w, https:\/\/www.eldigitaldeasturias.com\/noticias\/wp-content\/uploads\/2020\/03\/1584014545_Ramon_Trias_AIS_1-450x300.png 450w, https:\/\/www.eldigitaldeasturias.com\/noticias\/wp-content\/uploads\/2020\/03\/1584014545_Ramon_Trias_AIS_1-768x512.png 768w, https:\/\/www.eldigitaldeasturias.com\/noticias\/wp-content\/uploads\/2020\/03\/1584014545_Ramon_Trias_AIS_1.png 800w\" sizes=\"auto, (max-width: 360px) 100vw, 360px\" \/>Uno de los grandes errores que se est\u00e1n cometiendo en la adopci\u00f3n de sistemas basados en Inteligencia Artificial y Machine Learning es creer que son suficientes por si mismos seg\u00fan Ramon Trias, presidente de AIS Group y pionero de la IA en Espa\u00f1a<\/p>\n<p>Para \u00e9l, la integraci\u00f3n de tecnolog\u00eda y negocio debe realizarse teniendo en cuenta que los managers son el tim\u00f3n y los responsables de incorporar la digitalizaci\u00f3n y las t\u00e9cnicas asociadas al devenir de los negocios. \u201cHay que llegar al punto donde la necesidad lleve al medio, no que sea el medio el que marque, que es el enfoque que estamos viendo en muchas compa\u00f1\u00edas. Para cada reto, para cada problem\u00e1tica, hay que analizar qu\u00e9 t\u00e9cnica es la m\u00e1s adecuada para obtener una respuesta \u00f3ptima\u201d.<\/p>\n<p>Seg\u00fan Trias, se est\u00e1n mitificando las capacidades de la IA, \u201colvidando que estas herramientas no tienen metaconocimiento, o sea, sentido com\u00fan. Son muy buenas a la hora de resolver problemas muy delimitados, pero, hoy, no son capaces de manejar la generalizaci\u00f3n, es decir, no saben aplicar reglas de un entorno a otro\u201d.<\/p>\n<p>El presidente de AIS Group se\u00f1ala que el ser humano puede generalizar e improvisar, \u201cla IA todav\u00eda no\u201d y recuerda que todos los sistemas aprenden de la historia y los hechos imprevistos no tienen cabida. \u201cDe ah\u00ed la importancia de integrarlos con el conocimiento del experto\u201d. Para \u00e9l, corresponde al experto intuir y reflexionar y al machine Learning manejar un n\u00famero alt\u00edsimo de variables y dimensiones. Ambos deben complementarse. De este modo, su ratio de error puede dividirse por 10.<\/p>\n<p><strong>IA y digitalizaci\u00f3n de la econom\u00eda<\/strong><\/p>\n<p>Trias se\u00f1ala que la digitalizaci\u00f3n se inici\u00f3 a finales de los 70 en sectores como la banca y la industria y, en menor medida, el retail. Hoy la digitalizaci\u00f3n, la robotizaci\u00f3n y la automatizaci\u00f3n est\u00e1n muy presentes en ellos, mientras que en otros est\u00e1 empezando. \u201cLa digitalizaci\u00f3n -afirma- ha provocado cambios que est\u00e1n para quedarse, pero no es todav\u00eda una transformaci\u00f3n tan profunda como se pretende\u201d.<\/p>\n<p>El presidente de AIS Group recuerda que ahora se est\u00e1 viviendo un boom de la inteligencia artificial aplicada a los procesos de digitalizaci\u00f3n, pero que tanto la IA como el machine learning y la optimizaci\u00f3n matem\u00e1tica son t\u00e9cnicas relativamente antiguas, que ahora emergen gracias a la mejora y abaratamiento del hardware, que permite que incluso las pymes puedan llevar a cabo procesos y soluciones que antes estaban reservados a centros de investigaci\u00f3n. \u201cAdem\u00e1s indica-, la digitalizaci\u00f3n est\u00e1 produciendo un ajuste de costes al traspasar la actividad de las empresas a los usuarios. Un ejemplo es la banca digital, donde algunas tareas que antes realizaba un empleado, como transferencias, ahora las hacen directamente los usuarios\u201d.<\/p>\n<p>Para Trias, la inteligencia artificial, tomar\u00e1 valor real cuando se integre con el resto de sistemas de informaci\u00f3n de las organizaciones. \u201cHay que saber incorporar tecnolog\u00eda y negocio\u201d, admite. \u201cHay que comprender la aplicabilidad, el beneficio monetario, pero tambi\u00e9n de servicio. Se debe tener una visi\u00f3n muy clara de las posibilidades de cambio que la digitalizaci\u00f3n, la IA, la rob\u00f3tica o el IoT aportan al negocio. Unos lo aplicar\u00e1n para reducir costes, otros para aumentar las ventas, otros para mejorar procesos\u2026 Por ello es importante aprender a gestionar los proyectos que involucran estas tecnolog\u00edas y c\u00f3mo se encajan dentro de las cadenas de valor\u201d.<\/p>\n<p>&nbsp;<\/p>\n<p>&nbsp;<\/p>\n","protected":false},"excerpt":{"rendered":"<p>Uno de los grandes errores que se est\u00e1n cometiendo en la adopci\u00f3n de sistemas basados en Inteligencia Artificial y Machine Learning es creer que son suficientes por si mismos seg\u00fan Ramon Trias, presidente de AIS Group y pionero de la IA en Espa\u00f1a Para \u00e9l, la integraci\u00f3n de tecnolog\u00eda y negocio debe realizarse teniendo en [&hellip;]<\/p>\n","protected":false},"author":1,"featured_media":1060572,"comment_status":"closed","ping_status":"closed","sticky":false,"template":"","format":"standard","meta":{"footnotes":""},"categories":[219],"tags":[],"class_list":["post-1060571","post","type-post","status-publish","format-standard","has-post-thumbnail","hentry","category-negocios-y-empresas"],"aioseo_notices":[],"aioseo_head":"\n\t\t<!-- All in One SEO Pro 4.9.6.2 - aioseo.com -->\n\t<meta name=\"description\" content=\"Uno de los grandes errores que se est\u00e1n cometiendo en la adopci\u00f3n de sistemas basados en Inteligencia Artificial y Machine Learning es creer que son suficientes por si mismos seg\u00fan Ramon Trias, presidente de AIS Group y pionero de la IA en Espa\u00f1a Para \u00e9l, la integraci\u00f3n de tecnolog\u00eda y negocio debe realizarse teniendo en\" \/>\n\t<meta name=\"robots\" content=\"max-image-preview:large\" \/>\n\t<meta name=\"author\" content=\"El Digital de Asturias\"\/>\n\t<meta name=\"google-site-verification\" content=\"UA-38556648-1\" \/>\n\t<meta name=\"msvalidate.01\" content=\"7dfe9f3f1b24437ab69f4f2559babe99\" \/>\n\t<meta name=\"keywords\" content=\"negocios y empresas\" \/>\n\t<link rel=\"canonical\" href=\"https:\/\/www.eldigitaldeasturias.com\/noticias\/segun-ais-group-la-ia-requiere-la-colaboracion-de-un-experto-humano\/\" \/>\n\t<meta name=\"generator\" content=\"All in One SEO Pro (AIOSEO) 4.9.6.2\" \/>\n\t\t<meta property=\"og:locale\" content=\"es_ES\" \/>\n\t\t<meta property=\"og:site_name\" content=\"El Digital de Asturias\" \/>\n\t\t<meta property=\"og:type\" content=\"article\" \/>\n\t\t<meta property=\"og:title\" content=\"Seg\u00fan AIS Group, la IA requiere la colaboraci\u00f3n de un experto \u00abhumano\u00bb - El Digital de Asturias\" \/>\n\t\t<meta property=\"og:description\" content=\"Uno de los grandes errores que se est\u00e1n cometiendo en la adopci\u00f3n de sistemas basados en Inteligencia Artificial y Machine Learning es creer que son suficientes por si mismos seg\u00fan Ramon Trias, presidente de AIS Group y pionero de la IA en Espa\u00f1a Para \u00e9l, la integraci\u00f3n de tecnolog\u00eda y negocio debe realizarse teniendo en\" \/>\n\t\t<meta property=\"og:url\" content=\"https:\/\/www.eldigitaldeasturias.com\/noticias\/segun-ais-group-la-ia-requiere-la-colaboracion-de-un-experto-humano\/\" \/>\n\t\t<meta property=\"og:image\" content=\"https:\/\/www.eldigitaldeasturias.com\/noticias\/wp-content\/uploads\/2020\/03\/1584014545_Ramon_Trias_AIS_1.png\" \/>\n\t\t<meta property=\"og:image:secure_url\" content=\"https:\/\/www.eldigitaldeasturias.com\/noticias\/wp-content\/uploads\/2020\/03\/1584014545_Ramon_Trias_AIS_1.png\" \/>\n\t\t<meta property=\"og:image:width\" content=\"800\" \/>\n\t\t<meta property=\"og:image:height\" content=\"533\" \/>\n\t\t<meta property=\"article:tag\" content=\"negocios y empresas\" \/>\n\t\t<meta property=\"article:published_time\" content=\"2020-03-12T19:18:01+00:00\" \/>\n\t\t<meta property=\"article:modified_time\" content=\"2020-03-12T19:18:01+00:00\" \/>\n\t\t<meta property=\"article:publisher\" content=\"https:\/\/facebook.com\/eldigitaldeasturias\" \/>\n\t\t<meta name=\"twitter:card\" content=\"summary_large_image\" \/>\n\t\t<meta name=\"twitter:title\" content=\"Seg\u00fan AIS Group, la IA requiere la colaboraci\u00f3n de un experto \u00abhumano\u00bb - El Digital de Asturias\" \/>\n\t\t<meta name=\"twitter:description\" content=\"Uno de los grandes errores que se est\u00e1n cometiendo en la adopci\u00f3n de sistemas basados en Inteligencia Artificial y Machine Learning es creer que son suficientes por si mismos seg\u00fan Ramon Trias, presidente de AIS Group y pionero de la IA en Espa\u00f1a Para \u00e9l, la integraci\u00f3n de tecnolog\u00eda y negocio debe realizarse teniendo en\" \/>\n\t\t<meta name=\"twitter:image\" content=\"https:\/\/www.eldigitaldeasturias.com\/noticias\/wp-content\/uploads\/2020\/03\/1584014545_Ramon_Trias_AIS_1.png\" \/>\n\t\t<meta name=\"twitter:label1\" content=\"Escrito por\" \/>\n\t\t<meta name=\"twitter:data1\" content=\"El Digital de Asturias\" \/>\n\t\t<meta name=\"twitter:label2\" content=\"Tiempo de lectura estimado\" \/>\n\t\t<meta name=\"twitter:data2\" content=\"3 minutos\" \/>\n\t\t<script type=\"application\/ld+json\" class=\"aioseo-schema\">\n\t\t\t{\"@context\":\"https:\\\/\\\/schema.org\",\"@graph\":[{\"@type\":\"BlogPosting\",\"@id\":\"https:\\\/\\\/www.eldigitaldeasturias.com\\\/noticias\\\/segun-ais-group-la-ia-requiere-la-colaboracion-de-un-experto-humano\\\/#blogposting\",\"name\":\"Seg\\u00fan AIS Group, la IA requiere la colaboraci\\u00f3n de un experto \\u00abhumano\\u00bb - El Digital de Asturias\",\"headline\":\"Seg\\u00fan AIS Group, la IA requiere la colaboraci\\u00f3n de un experto \\u00abhumano\\u00bb\",\"author\":{\"@id\":\"https:\\\/\\\/www.eldigitaldeasturias.com\\\/noticias\\\/author\\\/admin\\\/#author\"},\"publisher\":{\"@id\":\"https:\\\/\\\/www.eldigitaldeasturias.com\\\/noticias\\\/#organization\"},\"image\":{\"@type\":\"ImageObject\",\"url\":\"https:\\\/\\\/www.eldigitaldeasturias.com\\\/noticias\\\/wp-content\\\/uploads\\\/2020\\\/03\\\/1584014545_Ramon_Trias_AIS_1.png\",\"width\":800,\"height\":533},\"datePublished\":\"2020-03-12T19:18:01+01:00\",\"dateModified\":\"2020-03-12T19:18:01+01:00\",\"inLanguage\":\"es-ES\",\"mainEntityOfPage\":{\"@id\":\"https:\\\/\\\/www.eldigitaldeasturias.com\\\/noticias\\\/segun-ais-group-la-ia-requiere-la-colaboracion-de-un-experto-humano\\\/#webpage\"},\"isPartOf\":{\"@id\":\"https:\\\/\\\/www.eldigitaldeasturias.com\\\/noticias\\\/segun-ais-group-la-ia-requiere-la-colaboracion-de-un-experto-humano\\\/#webpage\"},\"articleSection\":\"Negocios y Empresas\"},{\"@type\":\"BreadcrumbList\",\"@id\":\"https:\\\/\\\/www.eldigitaldeasturias.com\\\/noticias\\\/segun-ais-group-la-ia-requiere-la-colaboracion-de-un-experto-humano\\\/#breadcrumblist\",\"itemListElement\":[{\"@type\":\"ListItem\",\"@id\":\"https:\\\/\\\/www.eldigitaldeasturias.com\\\/noticias#listItem\",\"position\":1,\"name\":\"Home\",\"item\":\"https:\\\/\\\/www.eldigitaldeasturias.com\\\/noticias\",\"nextItem\":{\"@type\":\"ListItem\",\"@id\":\"https:\\\/\\\/www.eldigitaldeasturias.com\\\/noticias\\\/category\\\/negocios-y-empresas\\\/#listItem\",\"name\":\"Negocios y Empresas\"}},{\"@type\":\"ListItem\",\"@id\":\"https:\\\/\\\/www.eldigitaldeasturias.com\\\/noticias\\\/category\\\/negocios-y-empresas\\\/#listItem\",\"position\":2,\"name\":\"Negocios y Empresas\",\"item\":\"https:\\\/\\\/www.eldigitaldeasturias.com\\\/noticias\\\/category\\\/negocios-y-empresas\\\/\",\"nextItem\":{\"@type\":\"ListItem\",\"@id\":\"https:\\\/\\\/www.eldigitaldeasturias.com\\\/noticias\\\/segun-ais-group-la-ia-requiere-la-colaboracion-de-un-experto-humano\\\/#listItem\",\"name\":\"Seg\\u00fan AIS Group, la IA requiere la colaboraci\\u00f3n de un experto \\u00abhumano\\u00bb\"},\"previousItem\":{\"@type\":\"ListItem\",\"@id\":\"https:\\\/\\\/www.eldigitaldeasturias.com\\\/noticias#listItem\",\"name\":\"Home\"}},{\"@type\":\"ListItem\",\"@id\":\"https:\\\/\\\/www.eldigitaldeasturias.com\\\/noticias\\\/segun-ais-group-la-ia-requiere-la-colaboracion-de-un-experto-humano\\\/#listItem\",\"position\":3,\"name\":\"Seg\\u00fan AIS Group, la IA requiere la colaboraci\\u00f3n de un experto \\u00abhumano\\u00bb\",\"previousItem\":{\"@type\":\"ListItem\",\"@id\":\"https:\\\/\\\/www.eldigitaldeasturias.com\\\/noticias\\\/category\\\/negocios-y-empresas\\\/#listItem\",\"name\":\"Negocios y Empresas\"}}]},{\"@type\":\"Organization\",\"@id\":\"https:\\\/\\\/www.eldigitaldeasturias.com\\\/noticias\\\/#organization\",\"name\":\"El Digital de Asturias\",\"description\":\"Hemeroteca\",\"url\":\"https:\\\/\\\/www.eldigitaldeasturias.com\\\/noticias\\\/\",\"email\":\"info@eldigitaldeasturias.com\",\"telephone\":\"+34652131393\",\"logo\":{\"@type\":\"ImageObject\",\"url\":\"https:\\\/\\\/www.eldigitaldeasturias.com\\\/noticias\\\/wp-content\\\/uploads\\\/2020\\\/12\\\/EDA.jpg\",\"@id\":\"https:\\\/\\\/www.eldigitaldeasturias.com\\\/noticias\\\/segun-ais-group-la-ia-requiere-la-colaboracion-de-un-experto-humano\\\/#organizationLogo\",\"width\":649,\"height\":297},\"image\":{\"@id\":\"https:\\\/\\\/www.eldigitaldeasturias.com\\\/noticias\\\/segun-ais-group-la-ia-requiere-la-colaboracion-de-un-experto-humano\\\/#organizationLogo\"},\"sameAs\":[\"https:\\\/\\\/facebook.com\\\/eldigitaldeasturias\",\"https:\\\/\\\/www.youtube.com\\\/channel\\\/UCZP-2wLEB9Rv6erhFmqVnvg\"],\"address\":{\"@id\":\"https:\\\/\\\/www.eldigitaldeasturias.com\\\/noticias\\\/#postaladdress\",\"@type\":\"PostalAddress\",\"streetAddress\":\"san antonio 4,\",\"postalCode\":\"33430\",\"addressLocality\":\"Cand\\u00e1s\",\"addressRegion\":\"Asturias\",\"addressCountry\":\"ES\"}},{\"@type\":\"Person\",\"@id\":\"https:\\\/\\\/www.eldigitaldeasturias.com\\\/noticias\\\/author\\\/admin\\\/#author\",\"url\":\"https:\\\/\\\/www.eldigitaldeasturias.com\\\/noticias\\\/author\\\/admin\\\/\",\"name\":\"El Digital de Asturias\",\"image\":{\"@type\":\"ImageObject\",\"@id\":\"https:\\\/\\\/www.eldigitaldeasturias.com\\\/noticias\\\/segun-ais-group-la-ia-requiere-la-colaboracion-de-un-experto-humano\\\/#authorImage\",\"url\":\"https:\\\/\\\/www.eldigitaldeasturias.com\\\/noticias\\\/wp-content\\\/litespeed\\\/avatar\\\/18677e78aa0546b92d9dbf31ec7d7668.jpg?ver=1777290358\",\"width\":96,\"height\":96,\"caption\":\"El Digital de Asturias\"}},{\"@type\":\"WebPage\",\"@id\":\"https:\\\/\\\/www.eldigitaldeasturias.com\\\/noticias\\\/segun-ais-group-la-ia-requiere-la-colaboracion-de-un-experto-humano\\\/#webpage\",\"url\":\"https:\\\/\\\/www.eldigitaldeasturias.com\\\/noticias\\\/segun-ais-group-la-ia-requiere-la-colaboracion-de-un-experto-humano\\\/\",\"name\":\"Seg\\u00fan AIS Group, la IA requiere la colaboraci\\u00f3n de un experto \\u00abhumano\\u00bb - El Digital de Asturias\",\"description\":\"Uno de los grandes errores que se est\\u00e1n cometiendo en la adopci\\u00f3n de sistemas basados en Inteligencia Artificial y Machine Learning es creer que son suficientes por si mismos seg\\u00fan Ramon Trias, presidente de AIS Group y pionero de la IA en Espa\\u00f1a Para \\u00e9l, la integraci\\u00f3n de tecnolog\\u00eda y negocio debe realizarse teniendo en\",\"inLanguage\":\"es-ES\",\"isPartOf\":{\"@id\":\"https:\\\/\\\/www.eldigitaldeasturias.com\\\/noticias\\\/#website\"},\"breadcrumb\":{\"@id\":\"https:\\\/\\\/www.eldigitaldeasturias.com\\\/noticias\\\/segun-ais-group-la-ia-requiere-la-colaboracion-de-un-experto-humano\\\/#breadcrumblist\"},\"author\":{\"@id\":\"https:\\\/\\\/www.eldigitaldeasturias.com\\\/noticias\\\/author\\\/admin\\\/#author\"},\"creator\":{\"@id\":\"https:\\\/\\\/www.eldigitaldeasturias.com\\\/noticias\\\/author\\\/admin\\\/#author\"},\"image\":{\"@type\":\"ImageObject\",\"url\":\"https:\\\/\\\/www.eldigitaldeasturias.com\\\/noticias\\\/wp-content\\\/uploads\\\/2020\\\/03\\\/1584014545_Ramon_Trias_AIS_1.png\",\"@id\":\"https:\\\/\\\/www.eldigitaldeasturias.com\\\/noticias\\\/segun-ais-group-la-ia-requiere-la-colaboracion-de-un-experto-humano\\\/#mainImage\",\"width\":800,\"height\":533},\"primaryImageOfPage\":{\"@id\":\"https:\\\/\\\/www.eldigitaldeasturias.com\\\/noticias\\\/segun-ais-group-la-ia-requiere-la-colaboracion-de-un-experto-humano\\\/#mainImage\"},\"datePublished\":\"2020-03-12T19:18:01+01:00\",\"dateModified\":\"2020-03-12T19:18:01+01:00\"},{\"@type\":\"WebSite\",\"@id\":\"https:\\\/\\\/www.eldigitaldeasturias.com\\\/noticias\\\/#website\",\"url\":\"https:\\\/\\\/www.eldigitaldeasturias.com\\\/noticias\\\/\",\"name\":\"El Digital de Asturias - Diario de actualidad y noticias\",\"alternateName\":\"El Digital de Asturias - Diario de actualidad y noticias\",\"description\":\"Hemeroteca\",\"inLanguage\":\"es-ES\",\"publisher\":{\"@id\":\"https:\\\/\\\/www.eldigitaldeasturias.com\\\/noticias\\\/#organization\"}}]}\n\t\t<\/script>\n\t\t<!-- All in One SEO Pro -->\r\n\t\t<title>Seg\u00fan AIS Group, la IA requiere la colaboraci\u00f3n de un experto \u00abhumano\u00bb - El Digital de Asturias<\/title>\n\n","aioseo_head_json":{"title":"Seg\u00fan AIS Group, la IA requiere la colaboraci\u00f3n de un experto \u00abhumano\u00bb - El Digital de Asturias","description":"Uno de los grandes errores que se est\u00e1n cometiendo en la adopci\u00f3n de sistemas basados en Inteligencia Artificial y Machine Learning es creer que son suficientes por si mismos seg\u00fan Ramon Trias, presidente de AIS Group y pionero de la IA en Espa\u00f1a Para \u00e9l, la integraci\u00f3n de tecnolog\u00eda y negocio debe realizarse teniendo en","canonical_url":"https:\/\/www.eldigitaldeasturias.com\/noticias\/segun-ais-group-la-ia-requiere-la-colaboracion-de-un-experto-humano\/","robots":"max-image-preview:large","keywords":"negocios y empresas","webmasterTools":{"google-site-verification":"UA-38556648-1","msvalidate.01":"7dfe9f3f1b24437ab69f4f2559babe99","miscellaneous":""},"schema":{"@context":"https:\/\/schema.org","@graph":[{"@type":"BlogPosting","@id":"https:\/\/www.eldigitaldeasturias.com\/noticias\/segun-ais-group-la-ia-requiere-la-colaboracion-de-un-experto-humano\/#blogposting","name":"Seg\u00fan AIS Group, la IA requiere la colaboraci\u00f3n de un experto \u00abhumano\u00bb - El Digital de Asturias","headline":"Seg\u00fan AIS Group, la IA requiere la colaboraci\u00f3n de un experto \u00abhumano\u00bb","author":{"@id":"https:\/\/www.eldigitaldeasturias.com\/noticias\/author\/admin\/#author"},"publisher":{"@id":"https:\/\/www.eldigitaldeasturias.com\/noticias\/#organization"},"image":{"@type":"ImageObject","url":"https:\/\/www.eldigitaldeasturias.com\/noticias\/wp-content\/uploads\/2020\/03\/1584014545_Ramon_Trias_AIS_1.png","width":800,"height":533},"datePublished":"2020-03-12T19:18:01+01:00","dateModified":"2020-03-12T19:18:01+01:00","inLanguage":"es-ES","mainEntityOfPage":{"@id":"https:\/\/www.eldigitaldeasturias.com\/noticias\/segun-ais-group-la-ia-requiere-la-colaboracion-de-un-experto-humano\/#webpage"},"isPartOf":{"@id":"https:\/\/www.eldigitaldeasturias.com\/noticias\/segun-ais-group-la-ia-requiere-la-colaboracion-de-un-experto-humano\/#webpage"},"articleSection":"Negocios y Empresas"},{"@type":"BreadcrumbList","@id":"https:\/\/www.eldigitaldeasturias.com\/noticias\/segun-ais-group-la-ia-requiere-la-colaboracion-de-un-experto-humano\/#breadcrumblist","itemListElement":[{"@type":"ListItem","@id":"https:\/\/www.eldigitaldeasturias.com\/noticias#listItem","position":1,"name":"Home","item":"https:\/\/www.eldigitaldeasturias.com\/noticias","nextItem":{"@type":"ListItem","@id":"https:\/\/www.eldigitaldeasturias.com\/noticias\/category\/negocios-y-empresas\/#listItem","name":"Negocios y Empresas"}},{"@type":"ListItem","@id":"https:\/\/www.eldigitaldeasturias.com\/noticias\/category\/negocios-y-empresas\/#listItem","position":2,"name":"Negocios y Empresas","item":"https:\/\/www.eldigitaldeasturias.com\/noticias\/category\/negocios-y-empresas\/","nextItem":{"@type":"ListItem","@id":"https:\/\/www.eldigitaldeasturias.com\/noticias\/segun-ais-group-la-ia-requiere-la-colaboracion-de-un-experto-humano\/#listItem","name":"Seg\u00fan AIS Group, la IA requiere la colaboraci\u00f3n de un experto \u00abhumano\u00bb"},"previousItem":{"@type":"ListItem","@id":"https:\/\/www.eldigitaldeasturias.com\/noticias#listItem","name":"Home"}},{"@type":"ListItem","@id":"https:\/\/www.eldigitaldeasturias.com\/noticias\/segun-ais-group-la-ia-requiere-la-colaboracion-de-un-experto-humano\/#listItem","position":3,"name":"Seg\u00fan AIS Group, la IA requiere la colaboraci\u00f3n de un experto \u00abhumano\u00bb","previousItem":{"@type":"ListItem","@id":"https:\/\/www.eldigitaldeasturias.com\/noticias\/category\/negocios-y-empresas\/#listItem","name":"Negocios y Empresas"}}]},{"@type":"Organization","@id":"https:\/\/www.eldigitaldeasturias.com\/noticias\/#organization","name":"El Digital de Asturias","description":"Hemeroteca","url":"https:\/\/www.eldigitaldeasturias.com\/noticias\/","email":"info@eldigitaldeasturias.com","telephone":"+34652131393","logo":{"@type":"ImageObject","url":"https:\/\/www.eldigitaldeasturias.com\/noticias\/wp-content\/uploads\/2020\/12\/EDA.jpg","@id":"https:\/\/www.eldigitaldeasturias.com\/noticias\/segun-ais-group-la-ia-requiere-la-colaboracion-de-un-experto-humano\/#organizationLogo","width":649,"height":297},"image":{"@id":"https:\/\/www.eldigitaldeasturias.com\/noticias\/segun-ais-group-la-ia-requiere-la-colaboracion-de-un-experto-humano\/#organizationLogo"},"sameAs":["https:\/\/facebook.com\/eldigitaldeasturias","https:\/\/www.youtube.com\/channel\/UCZP-2wLEB9Rv6erhFmqVnvg"],"address":{"@id":"https:\/\/www.eldigitaldeasturias.com\/noticias\/#postaladdress","@type":"PostalAddress","streetAddress":"san antonio 4,","postalCode":"33430","addressLocality":"Cand\u00e1s","addressRegion":"Asturias","addressCountry":"ES"}},{"@type":"Person","@id":"https:\/\/www.eldigitaldeasturias.com\/noticias\/author\/admin\/#author","url":"https:\/\/www.eldigitaldeasturias.com\/noticias\/author\/admin\/","name":"El Digital de Asturias","image":{"@type":"ImageObject","@id":"https:\/\/www.eldigitaldeasturias.com\/noticias\/segun-ais-group-la-ia-requiere-la-colaboracion-de-un-experto-humano\/#authorImage","url":"https:\/\/www.eldigitaldeasturias.com\/noticias\/wp-content\/litespeed\/avatar\/18677e78aa0546b92d9dbf31ec7d7668.jpg?ver=1777290358","width":96,"height":96,"caption":"El Digital de Asturias"}},{"@type":"WebPage","@id":"https:\/\/www.eldigitaldeasturias.com\/noticias\/segun-ais-group-la-ia-requiere-la-colaboracion-de-un-experto-humano\/#webpage","url":"https:\/\/www.eldigitaldeasturias.com\/noticias\/segun-ais-group-la-ia-requiere-la-colaboracion-de-un-experto-humano\/","name":"Seg\u00fan AIS Group, la IA requiere la colaboraci\u00f3n de un experto \u00abhumano\u00bb - El Digital de Asturias","description":"Uno de los grandes errores que se est\u00e1n cometiendo en la adopci\u00f3n de sistemas basados en Inteligencia Artificial y Machine Learning es creer que son suficientes por si mismos seg\u00fan Ramon Trias, presidente de AIS Group y pionero de la IA en Espa\u00f1a Para \u00e9l, la integraci\u00f3n de tecnolog\u00eda y negocio debe realizarse teniendo en","inLanguage":"es-ES","isPartOf":{"@id":"https:\/\/www.eldigitaldeasturias.com\/noticias\/#website"},"breadcrumb":{"@id":"https:\/\/www.eldigitaldeasturias.com\/noticias\/segun-ais-group-la-ia-requiere-la-colaboracion-de-un-experto-humano\/#breadcrumblist"},"author":{"@id":"https:\/\/www.eldigitaldeasturias.com\/noticias\/author\/admin\/#author"},"creator":{"@id":"https:\/\/www.eldigitaldeasturias.com\/noticias\/author\/admin\/#author"},"image":{"@type":"ImageObject","url":"https:\/\/www.eldigitaldeasturias.com\/noticias\/wp-content\/uploads\/2020\/03\/1584014545_Ramon_Trias_AIS_1.png","@id":"https:\/\/www.eldigitaldeasturias.com\/noticias\/segun-ais-group-la-ia-requiere-la-colaboracion-de-un-experto-humano\/#mainImage","width":800,"height":533},"primaryImageOfPage":{"@id":"https:\/\/www.eldigitaldeasturias.com\/noticias\/segun-ais-group-la-ia-requiere-la-colaboracion-de-un-experto-humano\/#mainImage"},"datePublished":"2020-03-12T19:18:01+01:00","dateModified":"2020-03-12T19:18:01+01:00"},{"@type":"WebSite","@id":"https:\/\/www.eldigitaldeasturias.com\/noticias\/#website","url":"https:\/\/www.eldigitaldeasturias.com\/noticias\/","name":"El Digital de Asturias - Diario de actualidad y noticias","alternateName":"El Digital de Asturias - Diario de actualidad y noticias","description":"Hemeroteca","inLanguage":"es-ES","publisher":{"@id":"https:\/\/www.eldigitaldeasturias.com\/noticias\/#organization"}}]},"og:locale":"es_ES","og:site_name":"El Digital de Asturias","og:type":"article","og:title":"Seg\u00fan AIS Group, la IA requiere la colaboraci\u00f3n de un experto \u00abhumano\u00bb - El Digital de Asturias","og:description":"Uno de los grandes errores que se est\u00e1n cometiendo en la adopci\u00f3n de sistemas basados en Inteligencia Artificial y Machine Learning es creer que son suficientes por si mismos seg\u00fan Ramon Trias, presidente de AIS Group y pionero de la IA en Espa\u00f1a Para \u00e9l, la integraci\u00f3n de tecnolog\u00eda y negocio debe realizarse teniendo en","og:url":"https:\/\/www.eldigitaldeasturias.com\/noticias\/segun-ais-group-la-ia-requiere-la-colaboracion-de-un-experto-humano\/","og:image":"https:\/\/www.eldigitaldeasturias.com\/noticias\/wp-content\/uploads\/2020\/03\/1584014545_Ramon_Trias_AIS_1.png","og:image:secure_url":"https:\/\/www.eldigitaldeasturias.com\/noticias\/wp-content\/uploads\/2020\/03\/1584014545_Ramon_Trias_AIS_1.png","og:image:width":800,"og:image:height":533,"article:tag":["negocios y empresas"],"article:published_time":"2020-03-12T19:18:01+00:00","article:modified_time":"2020-03-12T19:18:01+00:00","article:publisher":"https:\/\/facebook.com\/eldigitaldeasturias","twitter:card":"summary_large_image","twitter:title":"Seg\u00fan AIS Group, la IA requiere la colaboraci\u00f3n de un experto \u00abhumano\u00bb - El Digital de Asturias","twitter:description":"Uno de los grandes errores que se est\u00e1n cometiendo en la adopci\u00f3n de sistemas basados en Inteligencia Artificial y Machine Learning es creer que son suficientes por si mismos seg\u00fan Ramon Trias, presidente de AIS Group y pionero de la IA en Espa\u00f1a Para \u00e9l, la integraci\u00f3n de tecnolog\u00eda y negocio debe realizarse teniendo en","twitter:image":"https:\/\/www.eldigitaldeasturias.com\/noticias\/wp-content\/uploads\/2020\/03\/1584014545_Ramon_Trias_AIS_1.png","twitter:label1":"Escrito por","twitter:data1":"El Digital de Asturias","twitter:label2":"Tiempo de lectura estimado","twitter:data2":"3 minutos"},"aioseo_meta_data":{"post_id":"1060571","title":null,"description":null,"keywords":null,"keyphrases":null,"primary_term":null,"canonical_url":null,"og_title":null,"og_description":null,"og_object_type":"default","og_image_type":"default","og_image_url":null,"og_image_width":null,"og_image_height":null,"og_image_custom_url":null,"og_image_custom_fields":null,"og_video":null,"og_custom_url":null,"og_article_section":null,"og_article_tags":null,"twitter_use_og":false,"twitter_card":"default","twitter_image_type":"default","twitter_image_url":null,"twitter_image_custom_url":null,"twitter_image_custom_fields":null,"twitter_title":null,"twitter_description":null,"schema":{"blockGraphs":[],"customGraphs":[],"default":{"data":{"Article":[],"Course":[],"Dataset":[],"FAQPage":[],"Movie":[],"Person":[],"Product":[],"ProductReview":[],"Car":[],"Recipe":[],"Service":[],"SoftwareApplication":[],"WebPage":[]},"graphName":"","isEnabled":true},"graphs":[],"defaultGraph":"","defaultPostTypeGraph":""},"schema_type":null,"schema_type_options":null,"pillar_content":false,"robots_default":true,"robots_noindex":false,"robots_noarchive":false,"robots_nosnippet":false,"robots_nofollow":false,"robots_noimageindex":false,"robots_noodp":false,"robots_notranslate":false,"robots_max_snippet":null,"robots_max_videopreview":null,"robots_max_imagepreview":"large","priority":null,"frequency":null,"local_seo":null,"seo_analyzer_scan_date":"2025-10-31 12:38:06","breadcrumb_settings":null,"limit_modified_date":false,"open_ai":null,"ai":null,"created":"2020-12-21 10:53:47","updated":"2025-10-31 12:38:06"},"aioseo_breadcrumb":"<div class=\"aioseo-breadcrumbs\"><span class=\"aioseo-breadcrumb\">\n\t<a href=\"https:\/\/www.eldigitaldeasturias.com\/noticias\" title=\"Home\">Home<\/a>\n<\/span><span class=\"aioseo-breadcrumb-separator\">\u2013<\/span><span class=\"aioseo-breadcrumb\">\n\t<a href=\"https:\/\/www.eldigitaldeasturias.com\/noticias\/category\/negocios-y-empresas\/\" title=\"Negocios y Empresas\">Negocios y Empresas<\/a>\n<\/span><span class=\"aioseo-breadcrumb-separator\">\u2013<\/span><span class=\"aioseo-breadcrumb\">\n\t<a href=\"https:\/\/www.eldigitaldeasturias.com\/noticias\/segun-ais-group-la-ia-requiere-la-colaboracion-de-un-experto-humano\/\" title=\"Seg\u00fan AIS Group, la IA requiere la colaboraci\u00f3n de un experto \u00abhumano\u00bb\">Seg\u00fan AIS Group, la IA requiere la colaboraci\u00f3n de un experto \u00abhumano\u00bb<\/a>\n<\/span><\/div>","aioseo_breadcrumb_json":[{"label":"Home","link":"https:\/\/www.eldigitaldeasturias.com\/noticias"},{"label":"Negocios y Empresas","link":"https:\/\/www.eldigitaldeasturias.com\/noticias\/category\/negocios-y-empresas\/"},{"label":"Seg\u00fan AIS Group, la IA requiere la colaboraci\u00f3n de un experto \u00abhumano\u00bb","link":"https:\/\/www.eldigitaldeasturias.com\/noticias\/segun-ais-group-la-ia-requiere-la-colaboracion-de-un-experto-humano\/"}],"_links":{"self":[{"href":"https:\/\/www.eldigitaldeasturias.com\/noticias\/wp-json\/wp\/v2\/posts\/1060571","targetHints":{"allow":["GET"]}}],"collection":[{"href":"https:\/\/www.eldigitaldeasturias.com\/noticias\/wp-json\/wp\/v2\/posts"}],"about":[{"href":"https:\/\/www.eldigitaldeasturias.com\/noticias\/wp-json\/wp\/v2\/types\/post"}],"author":[{"embeddable":true,"href":"https:\/\/www.eldigitaldeasturias.com\/noticias\/wp-json\/wp\/v2\/users\/1"}],"replies":[{"embeddable":true,"href":"https:\/\/www.eldigitaldeasturias.com\/noticias\/wp-json\/wp\/v2\/comments?post=1060571"}],"version-history":[{"count":0,"href":"https:\/\/www.eldigitaldeasturias.com\/noticias\/wp-json\/wp\/v2\/posts\/1060571\/revisions"}],"wp:featuredmedia":[{"embeddable":true,"href":"https:\/\/www.eldigitaldeasturias.com\/noticias\/wp-json\/wp\/v2\/media\/1060572"}],"wp:attachment":[{"href":"https:\/\/www.eldigitaldeasturias.com\/noticias\/wp-json\/wp\/v2\/media?parent=1060571"}],"wp:term":[{"taxonomy":"category","embeddable":true,"href":"https:\/\/www.eldigitaldeasturias.com\/noticias\/wp-json\/wp\/v2\/categories?post=1060571"},{"taxonomy":"post_tag","embeddable":true,"href":"https:\/\/www.eldigitaldeasturias.com\/noticias\/wp-json\/wp\/v2\/tags?post=1060571"}],"curies":[{"name":"wp","href":"https:\/\/api.w.org\/{rel}","templated":true}]}}