{"id":1060515,"date":"2020-03-12T11:37:24","date_gmt":"2020-03-12T11:37:24","guid":{"rendered":"https:\/\/www.eldigitaldeasturias.com\/noticias\/?p=1060515"},"modified":"2020-03-12T11:37:24","modified_gmt":"2020-03-12T11:37:24","slug":"irlanda-del-norte-visita-a-belfast-con-un-ex-terrorista","status":"publish","type":"post","link":"https:\/\/www.eldigitaldeasturias.com\/noticias\/irlanda-del-norte-visita-a-belfast-con-un-ex-terrorista\/","title":{"rendered":"Irlanda del Norte: visita a Belfast con un ex terrorista"},"content":{"rendered":"<figure id=\"attachment_1060516\" aria-describedby=\"caption-attachment-1060516\" style=\"width: 360px\" class=\"wp-caption alignleft\"><img loading=\"lazy\" decoding=\"async\" class=\"size-medium wp-image-1060516\" src=\"https:\/\/www.eldigitaldeasturias.com\/noticias\/wp-content\/uploads\/2020\/03\/Belfast-dpa-360x241.jpg\" alt=\"\" width=\"360\" height=\"241\" srcset=\"https:\/\/www.eldigitaldeasturias.com\/noticias\/wp-content\/uploads\/2020\/03\/Belfast-dpa-360x241.jpg 360w, https:\/\/www.eldigitaldeasturias.com\/noticias\/wp-content\/uploads\/2020\/03\/Belfast-dpa-690x461.jpg 690w, https:\/\/www.eldigitaldeasturias.com\/noticias\/wp-content\/uploads\/2020\/03\/Belfast-dpa-449x300.jpg 449w, https:\/\/www.eldigitaldeasturias.com\/noticias\/wp-content\/uploads\/2020\/03\/Belfast-dpa-768x513.jpg 768w, https:\/\/www.eldigitaldeasturias.com\/noticias\/wp-content\/uploads\/2020\/03\/Belfast-dpa.jpg 1001w\" sizes=\"auto, (max-width: 360px) 100vw, 360px\" \/><figcaption id=\"caption-attachment-1060516\" class=\"wp-caption-text\">Foto: Tourism Ireland\/dpa-tmn<\/figcaption><\/figure>\n<p>(dpa) &#8211; Peadar Whelan fue miembro del IRA (Ej\u00e9rcito Republicano Irland\u00e9s, por sus siglas en ingl\u00e9s). Muchos dir\u00edan que fue un terrorista.<strong> \u00c9l se considera a s\u00ed mismo un \u00abactivista\u00bb<\/strong>. Pas\u00f3 16 a\u00f1os en prisi\u00f3n por intentar asesinar a un polic\u00eda brit\u00e1nico.<strong> \u00abNo me arrepiento de nada\u00bb<\/strong>, dice.<\/p>\n<p>Actualmente Whelan ejerce como gu\u00eda. <strong>Muestra Belfast desde su perspectiva nacionalista<\/strong>. De pie, en el cat\u00f3lico cementerio Milltown, al oeste de la ciudad, hasta donde abarca la vista, todo son cruces celtas y tumbas, unas junto a otras. Los hombres m\u00e1s famosos del IRA est\u00e1n enterrados en este camposanto. Como Bobby Sands, quien muri\u00f3 en la c\u00e1rcel durante una huelga de hambre.<\/p>\n<p>Whelan se dirige con su grupo de turistas a un lugar muy especial: la Nueva Parcela Republicana, un \u00e1rea cercada y un sitio conmemorativo que alberga restos de activistas del IRA.<\/p>\n<p>La tumba de Sands se encuentra all\u00ed. <strong>\u00abTodos murieron en servicio\u00bb<\/strong>, dice a los visitantes que quieren conocer los enclaves de \u00abla resistencia republicana\u00bb. El propio Whelan sobrevivi\u00f3. Todav\u00eda hoy desea que Irlanda del Norte deje de pertenecer a Gran Breta\u00f1a.<\/p>\n<h3><strong>Guerra, religi\u00f3n y pol\u00edtica<\/strong><\/h3>\n<p><strong>Los t\u00e9rminos \u00abcat\u00f3licos\u00bb y \u00abprotestantes\u00bb utilizados para designar a los dos campos rivales de Irlanda del Norte llevan a confusi\u00f3n<\/strong>, ya que sugieren exclusivamente una confrontaci\u00f3n religiosa. Pero se trata en mayor parte de un conflicto pol\u00edtico.<\/p>\n<p>Los \u00abdisturbios\u00bb y \u00abagitaciones\u00bb, eufemismos con los que se hace referencia al conflicto armado que se sald\u00f3 con 3.500 muertos, marcaron a Whelan. Las arrugas surcan su cara. Aparenta mucho m\u00e1s que sus 62 a\u00f1os.<\/p>\n<p><strong>El tour se desv\u00eda a la calle Bombay<\/strong>, habitada \u00edntegramente por cat\u00f3licos. All\u00ed, la parte trasera de las casas situadas en hilera est\u00e1n equipadas con rejas de celos\u00eda como protecci\u00f3n contra los <strong>c\u00f3cteles molotov<\/strong> que podr\u00edan ser lanzados desde el barrio protestante de enfrente. Ambos distritos est\u00e1n protegidos uno del otro por un enorme muro.<\/p>\n<p><strong>Las denominadas \u00abl\u00edneas de la paz\u00bb dividen los barrios de la ciudad como lo hicieron durante el conflicto armado<\/strong>. La longitud de los muros var\u00eda -desde un centenar de metros a cinco kil\u00f3metros- alcanzando alturas de hasta ocho metros.<\/p>\n<p>Algunas de las tapias cuentan con puertas que permiten el paso de un barrio a otro pero que se mantienen cerradas por la noche. <strong>La divisi\u00f3n de uno y otro bando alcanza al m\u00e1s all\u00e1<\/strong>: en el cementerio de la ciudad un muro subterr\u00e1neo separa las tumbas de cat\u00f3licos y protestantes.<\/p>\n<h3><strong>Sin remordimientos<\/strong><\/h3>\n<p>Whelan lleva a los turistas a la tienda de souvenirs de Sinn F\u00e9in, el partido pro-irland\u00e9s que durante el conflicto se erigi\u00f3 como brazo pol\u00edtico del IRA. All\u00ed se pueden comprar p\u00f3sters, insignias o tazas con las caras gravadas de los \u00abh\u00e9roes\u00bb del Ej\u00e9rcito Republicano Irland\u00e9s y del Sinn F\u00e9in como recuerdo.<\/p>\n<p>En voz baja y reverente, <strong>Whelan habla de los camaradas del IRA que murieron mientras manipulaban artefactos explosivos<\/strong>. \u00abAccidentes\u00bb que califica de \u00abtr\u00e1gicos\u00bb. Sin embargo, en caso de que las bombas estallasen donde el IRA pretend\u00eda, cumpliendo sus objetivos, entonces se refiere a la acci\u00f3n como \u00abexitosa\u00bb sin siquiera hacer referencia a las v\u00edctimas.<\/p>\n<p>Por su parte, los <strong>unionistas o lealista<\/strong>s, que defienden la pertenencia de Irlanda del Norte a Gran Breta\u00f1a, tambi\u00e9n ofrecen tours en Belfast con sus propios lugares simb\u00f3licos y su propia interpretaci\u00f3n de los hechos.<\/p>\n<p>Se trata de la misma ciudad pero en este caso el tour muestra los lugares emblem\u00e1ticos para los lealistas. El gu\u00eda: Paul McCann pasea con los turistas por un barrio protestante.<\/p>\n<p>Pasan junto a un mural que reza: <strong>\u00abGente inocente masacrada por el IRA\u00bb<\/strong>. Debajo, sobre una l\u00e1pida negra puede leerse la inscripci\u00f3n: \u00abEn memoria a cinco protestantes inocentes asesinados aqu\u00ed por una banda de asesinos republicanos\u00bb. En lugar de banderas irlandesas, sobre el monumento conmemorativo ondea la insignia brit\u00e1nica.<\/p>\n<p>Cuando McCann camina por Sandy Row, la calle en la que reside desde que naci\u00f3, es constantemente saludado y abrazado. Lo mismo le sucede a Whelan cuando pasea por el barrio republicano en el que se encuentra su casa. Cada comunidad se mantiene muy unida, quiz\u00e1 en gran parte porque todav\u00eda considera que existe un adversario com\u00fan -la otra-.<\/p>\n<p>A d\u00eda de hoy, <strong>Belfast sigue siendo una ciudad altamente politizada. Monumentos, placas y murales est\u00e1n por todas partes<\/strong>. Pero ser\u00eda un error pensar que nada ha cambiado. Las encuestas muestran que s\u00f3lo una peque\u00f1a minor\u00eda de la poblaci\u00f3n de Irlanda del Norte considera ahora la violencia como herramienta leg\u00edtima.<\/p>\n<h3><strong>La Guinness: un lugar com\u00fan<\/strong><\/h3>\n<p>Viernes por la noche en el Hotel Europa. Este establecimiento en el centro de Belfast es apodado extraoficialmente <strong>\u00abel hotel m\u00e1s bombardeado del mundo\u00bb<\/strong> porque fue atacado m\u00e1s de 30 veces por el IRA desde su apertura en 1971 hasta el cese del fuego en 1994.<\/p>\n<p>Este viernes tres hermanos celebran en el bar del hotel el 50 cumplea\u00f1os del m\u00e1s joven. Los acompa\u00f1an dos amigos y un cu\u00f1ado. En el transcurso de la noche entablan conversaci\u00f3n con un hombre de la mesa de al lado. Resulta ser protestante.<\/p>\n<p>En los viejos tiempos, se habr\u00edan referido a \u00e9l como: \u00abuno del otro bando\u00bb, pero ahora ofrecen a Edward -as\u00ed se llama- una Guinness detr\u00e1s de otra. Acaban la velada fotografi\u00e1ndose juntos, despidi\u00e9ndose con abrazos. \u00abB\u00e1sicamente, todos queremos lo mismo\u00bb, dice Edward. \u00abQue nuestros hijos vivan en un mundo mejor\u00bb.<\/p>\n<h3>Informaci\u00f3n pr\u00e1ctica: Belfast<\/h3>\n<p>Para la reserva de visitas guiadas con testigos del conflicto armado hay que reservar con antelaci\u00f3n en Internet. La organizaci\u00f3n \u00abCoiste na n-larchimi\u00bb -Comit\u00e9 de ex prisioneros- www.coiste.ie ofrece tours con antiguos miembros del IRA a trav\u00e9s del oeste cat\u00f3lico de Belfast. Para los tours por el enclave protestante de Sandy Row hay que reservar a trav\u00e9s de: www.historicsandyrow.co.uk<\/p>\n<p><i class=\"lang-es\"><span class=\" readonly\" title=\"\">Por Christoph Driessen (dpa)<\/span><\/i><\/p>\n<p>&nbsp;<\/p>\n","protected":false},"excerpt":{"rendered":"<p>(dpa) &#8211; Peadar Whelan fue miembro del IRA (Ej\u00e9rcito Republicano Irland\u00e9s, por sus siglas en ingl\u00e9s). Muchos dir\u00edan que fue un terrorista. \u00c9l se considera a s\u00ed mismo un \u00abactivista\u00bb. Pas\u00f3 16 a\u00f1os en prisi\u00f3n por intentar asesinar a un polic\u00eda brit\u00e1nico. \u00abNo me arrepiento de nada\u00bb, dice. Actualmente Whelan ejerce como gu\u00eda. Muestra Belfast [&hellip;]<\/p>\n","protected":false},"author":1,"featured_media":1060516,"comment_status":"closed","ping_status":"closed","sticky":false,"template":"","format":"standard","meta":{"footnotes":""},"categories":[148],"tags":[],"class_list":["post-1060515","post","type-post","status-publish","format-standard","has-post-thumbnail","hentry","category-turismo"],"aioseo_notices":[],"aioseo_head":"\n\t\t<!-- All in One SEO Pro 4.9.6.2 - aioseo.com -->\n\t<meta name=\"description\" content=\"(dpa) - Peadar Whelan fue miembro del IRA (Ej\u00e9rcito Republicano Irland\u00e9s, por sus siglas en ingl\u00e9s). Muchos dir\u00edan que fue un terrorista. \u00c9l se considera a s\u00ed mismo un &quot;activista&quot;. Pas\u00f3 16 a\u00f1os en prisi\u00f3n por intentar asesinar a un polic\u00eda brit\u00e1nico. &quot;No me arrepiento de nada&quot;, dice. Actualmente Whelan ejerce como gu\u00eda. Muestra Belfast\" \/>\n\t<meta name=\"robots\" content=\"max-image-preview:large\" \/>\n\t<meta name=\"author\" content=\"El Digital de Asturias\"\/>\n\t<meta name=\"google-site-verification\" content=\"UA-38556648-1\" \/>\n\t<meta name=\"msvalidate.01\" content=\"7dfe9f3f1b24437ab69f4f2559babe99\" \/>\n\t<meta name=\"keywords\" content=\"turismo\" \/>\n\t<link rel=\"canonical\" href=\"https:\/\/www.eldigitaldeasturias.com\/noticias\/irlanda-del-norte-visita-a-belfast-con-un-ex-terrorista\/\" \/>\n\t<meta name=\"generator\" content=\"All in One SEO Pro (AIOSEO) 4.9.6.2\" \/>\n\t\t<meta property=\"og:locale\" content=\"es_ES\" \/>\n\t\t<meta property=\"og:site_name\" content=\"El Digital de Asturias\" \/>\n\t\t<meta property=\"og:type\" content=\"article\" \/>\n\t\t<meta property=\"og:title\" content=\"Irlanda del Norte: visita a Belfast con un ex terrorista - El Digital de Asturias\" \/>\n\t\t<meta property=\"og:description\" content=\"(dpa) - Peadar Whelan fue miembro del IRA (Ej\u00e9rcito Republicano Irland\u00e9s, por sus siglas en ingl\u00e9s). Muchos dir\u00edan que fue un terrorista. \u00c9l se considera a s\u00ed mismo un &quot;activista&quot;. Pas\u00f3 16 a\u00f1os en prisi\u00f3n por intentar asesinar a un polic\u00eda brit\u00e1nico. &quot;No me arrepiento de nada&quot;, dice. Actualmente Whelan ejerce como gu\u00eda. Muestra Belfast\" \/>\n\t\t<meta property=\"og:url\" content=\"https:\/\/www.eldigitaldeasturias.com\/noticias\/irlanda-del-norte-visita-a-belfast-con-un-ex-terrorista\/\" \/>\n\t\t<meta property=\"og:image\" content=\"https:\/\/www.eldigitaldeasturias.com\/noticias\/wp-content\/uploads\/2020\/03\/Belfast-dpa.jpg\" \/>\n\t\t<meta property=\"og:image:secure_url\" content=\"https:\/\/www.eldigitaldeasturias.com\/noticias\/wp-content\/uploads\/2020\/03\/Belfast-dpa.jpg\" \/>\n\t\t<meta property=\"og:image:width\" content=\"1001\" \/>\n\t\t<meta property=\"og:image:height\" content=\"669\" \/>\n\t\t<meta property=\"article:tag\" content=\"turismo\" \/>\n\t\t<meta property=\"article:published_time\" content=\"2020-03-12T11:37:24+00:00\" \/>\n\t\t<meta property=\"article:modified_time\" content=\"2020-03-12T11:37:24+00:00\" \/>\n\t\t<meta property=\"article:publisher\" content=\"https:\/\/facebook.com\/eldigitaldeasturias\" \/>\n\t\t<meta name=\"twitter:card\" content=\"summary_large_image\" \/>\n\t\t<meta name=\"twitter:title\" content=\"Irlanda del Norte: visita a Belfast con un ex terrorista - El Digital de Asturias\" \/>\n\t\t<meta name=\"twitter:description\" content=\"(dpa) - Peadar Whelan fue miembro del IRA (Ej\u00e9rcito Republicano Irland\u00e9s, por sus siglas en ingl\u00e9s). Muchos dir\u00edan que fue un terrorista. \u00c9l se considera a s\u00ed mismo un &quot;activista&quot;. Pas\u00f3 16 a\u00f1os en prisi\u00f3n por intentar asesinar a un polic\u00eda brit\u00e1nico. &quot;No me arrepiento de nada&quot;, dice. Actualmente Whelan ejerce como gu\u00eda. Muestra Belfast\" \/>\n\t\t<meta name=\"twitter:image\" content=\"https:\/\/www.eldigitaldeasturias.com\/noticias\/wp-content\/uploads\/2020\/03\/Belfast-dpa.jpg\" \/>\n\t\t<meta name=\"twitter:label1\" content=\"Escrito por\" \/>\n\t\t<meta name=\"twitter:data1\" content=\"El Digital de Asturias\" \/>\n\t\t<meta name=\"twitter:label2\" content=\"Tiempo de lectura estimado\" \/>\n\t\t<meta name=\"twitter:data2\" content=\"5 minutos\" \/>\n\t\t<script type=\"application\/ld+json\" class=\"aioseo-schema\">\n\t\t\t{\"@context\":\"https:\\\/\\\/schema.org\",\"@graph\":[{\"@type\":\"BlogPosting\",\"@id\":\"https:\\\/\\\/www.eldigitaldeasturias.com\\\/noticias\\\/irlanda-del-norte-visita-a-belfast-con-un-ex-terrorista\\\/#blogposting\",\"name\":\"Irlanda del Norte: visita a Belfast con un ex terrorista - El Digital de Asturias\",\"headline\":\"Irlanda del Norte: visita a Belfast con un ex terrorista\",\"author\":{\"@id\":\"https:\\\/\\\/www.eldigitaldeasturias.com\\\/noticias\\\/author\\\/admin\\\/#author\"},\"publisher\":{\"@id\":\"https:\\\/\\\/www.eldigitaldeasturias.com\\\/noticias\\\/#organization\"},\"image\":{\"@type\":\"ImageObject\",\"url\":\"https:\\\/\\\/www.eldigitaldeasturias.com\\\/noticias\\\/wp-content\\\/uploads\\\/2020\\\/03\\\/Belfast-dpa.jpg\",\"width\":1001,\"height\":669,\"caption\":\"Foto: Tourism Ireland\\\/dpa-tmn\"},\"datePublished\":\"2020-03-12T11:37:24+01:00\",\"dateModified\":\"2020-03-12T11:37:24+01:00\",\"inLanguage\":\"es-ES\",\"mainEntityOfPage\":{\"@id\":\"https:\\\/\\\/www.eldigitaldeasturias.com\\\/noticias\\\/irlanda-del-norte-visita-a-belfast-con-un-ex-terrorista\\\/#webpage\"},\"isPartOf\":{\"@id\":\"https:\\\/\\\/www.eldigitaldeasturias.com\\\/noticias\\\/irlanda-del-norte-visita-a-belfast-con-un-ex-terrorista\\\/#webpage\"},\"articleSection\":\"Turismo\"},{\"@type\":\"BreadcrumbList\",\"@id\":\"https:\\\/\\\/www.eldigitaldeasturias.com\\\/noticias\\\/irlanda-del-norte-visita-a-belfast-con-un-ex-terrorista\\\/#breadcrumblist\",\"itemListElement\":[{\"@type\":\"ListItem\",\"@id\":\"https:\\\/\\\/www.eldigitaldeasturias.com\\\/noticias#listItem\",\"position\":1,\"name\":\"Home\",\"item\":\"https:\\\/\\\/www.eldigitaldeasturias.com\\\/noticias\",\"nextItem\":{\"@type\":\"ListItem\",\"@id\":\"https:\\\/\\\/www.eldigitaldeasturias.com\\\/noticias\\\/category\\\/turismo\\\/#listItem\",\"name\":\"Turismo\"}},{\"@type\":\"ListItem\",\"@id\":\"https:\\\/\\\/www.eldigitaldeasturias.com\\\/noticias\\\/category\\\/turismo\\\/#listItem\",\"position\":2,\"name\":\"Turismo\",\"item\":\"https:\\\/\\\/www.eldigitaldeasturias.com\\\/noticias\\\/category\\\/turismo\\\/\",\"nextItem\":{\"@type\":\"ListItem\",\"@id\":\"https:\\\/\\\/www.eldigitaldeasturias.com\\\/noticias\\\/irlanda-del-norte-visita-a-belfast-con-un-ex-terrorista\\\/#listItem\",\"name\":\"Irlanda del Norte: visita a Belfast con un ex terrorista\"},\"previousItem\":{\"@type\":\"ListItem\",\"@id\":\"https:\\\/\\\/www.eldigitaldeasturias.com\\\/noticias#listItem\",\"name\":\"Home\"}},{\"@type\":\"ListItem\",\"@id\":\"https:\\\/\\\/www.eldigitaldeasturias.com\\\/noticias\\\/irlanda-del-norte-visita-a-belfast-con-un-ex-terrorista\\\/#listItem\",\"position\":3,\"name\":\"Irlanda del Norte: visita a Belfast con un ex terrorista\",\"previousItem\":{\"@type\":\"ListItem\",\"@id\":\"https:\\\/\\\/www.eldigitaldeasturias.com\\\/noticias\\\/category\\\/turismo\\\/#listItem\",\"name\":\"Turismo\"}}]},{\"@type\":\"Organization\",\"@id\":\"https:\\\/\\\/www.eldigitaldeasturias.com\\\/noticias\\\/#organization\",\"name\":\"El Digital de Asturias\",\"description\":\"Hemeroteca\",\"url\":\"https:\\\/\\\/www.eldigitaldeasturias.com\\\/noticias\\\/\",\"email\":\"info@eldigitaldeasturias.com\",\"telephone\":\"+34652131393\",\"logo\":{\"@type\":\"ImageObject\",\"url\":\"https:\\\/\\\/www.eldigitaldeasturias.com\\\/noticias\\\/wp-content\\\/uploads\\\/2020\\\/12\\\/EDA.jpg\",\"@id\":\"https:\\\/\\\/www.eldigitaldeasturias.com\\\/noticias\\\/irlanda-del-norte-visita-a-belfast-con-un-ex-terrorista\\\/#organizationLogo\",\"width\":649,\"height\":297},\"image\":{\"@id\":\"https:\\\/\\\/www.eldigitaldeasturias.com\\\/noticias\\\/irlanda-del-norte-visita-a-belfast-con-un-ex-terrorista\\\/#organizationLogo\"},\"sameAs\":[\"https:\\\/\\\/facebook.com\\\/eldigitaldeasturias\",\"https:\\\/\\\/www.youtube.com\\\/channel\\\/UCZP-2wLEB9Rv6erhFmqVnvg\"],\"address\":{\"@id\":\"https:\\\/\\\/www.eldigitaldeasturias.com\\\/noticias\\\/#postaladdress\",\"@type\":\"PostalAddress\",\"streetAddress\":\"san antonio 4,\",\"postalCode\":\"33430\",\"addressLocality\":\"Cand\\u00e1s\",\"addressRegion\":\"Asturias\",\"addressCountry\":\"ES\"}},{\"@type\":\"Person\",\"@id\":\"https:\\\/\\\/www.eldigitaldeasturias.com\\\/noticias\\\/author\\\/admin\\\/#author\",\"url\":\"https:\\\/\\\/www.eldigitaldeasturias.com\\\/noticias\\\/author\\\/admin\\\/\",\"name\":\"El Digital de Asturias\",\"image\":{\"@type\":\"ImageObject\",\"@id\":\"https:\\\/\\\/www.eldigitaldeasturias.com\\\/noticias\\\/irlanda-del-norte-visita-a-belfast-con-un-ex-terrorista\\\/#authorImage\",\"url\":\"https:\\\/\\\/www.eldigitaldeasturias.com\\\/noticias\\\/wp-content\\\/litespeed\\\/avatar\\\/18677e78aa0546b92d9dbf31ec7d7668.jpg?ver=1777290358\",\"width\":96,\"height\":96,\"caption\":\"El Digital de Asturias\"}},{\"@type\":\"WebPage\",\"@id\":\"https:\\\/\\\/www.eldigitaldeasturias.com\\\/noticias\\\/irlanda-del-norte-visita-a-belfast-con-un-ex-terrorista\\\/#webpage\",\"url\":\"https:\\\/\\\/www.eldigitaldeasturias.com\\\/noticias\\\/irlanda-del-norte-visita-a-belfast-con-un-ex-terrorista\\\/\",\"name\":\"Irlanda del Norte: visita a Belfast con un ex terrorista - El Digital de Asturias\",\"description\":\"(dpa) - Peadar Whelan fue miembro del IRA (Ej\\u00e9rcito Republicano Irland\\u00e9s, por sus siglas en ingl\\u00e9s). Muchos dir\\u00edan que fue un terrorista. \\u00c9l se considera a s\\u00ed mismo un \\\"activista\\\". Pas\\u00f3 16 a\\u00f1os en prisi\\u00f3n por intentar asesinar a un polic\\u00eda brit\\u00e1nico. \\\"No me arrepiento de nada\\\", dice. Actualmente Whelan ejerce como gu\\u00eda. Muestra Belfast\",\"inLanguage\":\"es-ES\",\"isPartOf\":{\"@id\":\"https:\\\/\\\/www.eldigitaldeasturias.com\\\/noticias\\\/#website\"},\"breadcrumb\":{\"@id\":\"https:\\\/\\\/www.eldigitaldeasturias.com\\\/noticias\\\/irlanda-del-norte-visita-a-belfast-con-un-ex-terrorista\\\/#breadcrumblist\"},\"author\":{\"@id\":\"https:\\\/\\\/www.eldigitaldeasturias.com\\\/noticias\\\/author\\\/admin\\\/#author\"},\"creator\":{\"@id\":\"https:\\\/\\\/www.eldigitaldeasturias.com\\\/noticias\\\/author\\\/admin\\\/#author\"},\"image\":{\"@type\":\"ImageObject\",\"url\":\"https:\\\/\\\/www.eldigitaldeasturias.com\\\/noticias\\\/wp-content\\\/uploads\\\/2020\\\/03\\\/Belfast-dpa.jpg\",\"@id\":\"https:\\\/\\\/www.eldigitaldeasturias.com\\\/noticias\\\/irlanda-del-norte-visita-a-belfast-con-un-ex-terrorista\\\/#mainImage\",\"width\":1001,\"height\":669,\"caption\":\"Foto: Tourism Ireland\\\/dpa-tmn\"},\"primaryImageOfPage\":{\"@id\":\"https:\\\/\\\/www.eldigitaldeasturias.com\\\/noticias\\\/irlanda-del-norte-visita-a-belfast-con-un-ex-terrorista\\\/#mainImage\"},\"datePublished\":\"2020-03-12T11:37:24+01:00\",\"dateModified\":\"2020-03-12T11:37:24+01:00\"},{\"@type\":\"WebSite\",\"@id\":\"https:\\\/\\\/www.eldigitaldeasturias.com\\\/noticias\\\/#website\",\"url\":\"https:\\\/\\\/www.eldigitaldeasturias.com\\\/noticias\\\/\",\"name\":\"El Digital de Asturias - Diario de actualidad y noticias\",\"alternateName\":\"El Digital de Asturias - Diario de actualidad y noticias\",\"description\":\"Hemeroteca\",\"inLanguage\":\"es-ES\",\"publisher\":{\"@id\":\"https:\\\/\\\/www.eldigitaldeasturias.com\\\/noticias\\\/#organization\"}}]}\n\t\t<\/script>\n\t\t<!-- All in One SEO Pro -->\r\n\t\t<title>Irlanda del Norte: visita a Belfast con un ex terrorista - El Digital de Asturias<\/title>\n\n","aioseo_head_json":{"title":"Irlanda del Norte: visita a Belfast con un ex terrorista - El Digital de Asturias","description":"(dpa) - Peadar Whelan fue miembro del IRA (Ej\u00e9rcito Republicano Irland\u00e9s, por sus siglas en ingl\u00e9s). Muchos dir\u00edan que fue un terrorista. \u00c9l se considera a s\u00ed mismo un \"activista\". Pas\u00f3 16 a\u00f1os en prisi\u00f3n por intentar asesinar a un polic\u00eda brit\u00e1nico. \"No me arrepiento de nada\", dice. Actualmente Whelan ejerce como gu\u00eda. Muestra Belfast","canonical_url":"https:\/\/www.eldigitaldeasturias.com\/noticias\/irlanda-del-norte-visita-a-belfast-con-un-ex-terrorista\/","robots":"max-image-preview:large","keywords":"turismo","webmasterTools":{"google-site-verification":"UA-38556648-1","msvalidate.01":"7dfe9f3f1b24437ab69f4f2559babe99","miscellaneous":""},"schema":{"@context":"https:\/\/schema.org","@graph":[{"@type":"BlogPosting","@id":"https:\/\/www.eldigitaldeasturias.com\/noticias\/irlanda-del-norte-visita-a-belfast-con-un-ex-terrorista\/#blogposting","name":"Irlanda del Norte: visita a Belfast con un ex terrorista - El Digital de Asturias","headline":"Irlanda del Norte: visita a Belfast con un ex terrorista","author":{"@id":"https:\/\/www.eldigitaldeasturias.com\/noticias\/author\/admin\/#author"},"publisher":{"@id":"https:\/\/www.eldigitaldeasturias.com\/noticias\/#organization"},"image":{"@type":"ImageObject","url":"https:\/\/www.eldigitaldeasturias.com\/noticias\/wp-content\/uploads\/2020\/03\/Belfast-dpa.jpg","width":1001,"height":669,"caption":"Foto: Tourism Ireland\/dpa-tmn"},"datePublished":"2020-03-12T11:37:24+01:00","dateModified":"2020-03-12T11:37:24+01:00","inLanguage":"es-ES","mainEntityOfPage":{"@id":"https:\/\/www.eldigitaldeasturias.com\/noticias\/irlanda-del-norte-visita-a-belfast-con-un-ex-terrorista\/#webpage"},"isPartOf":{"@id":"https:\/\/www.eldigitaldeasturias.com\/noticias\/irlanda-del-norte-visita-a-belfast-con-un-ex-terrorista\/#webpage"},"articleSection":"Turismo"},{"@type":"BreadcrumbList","@id":"https:\/\/www.eldigitaldeasturias.com\/noticias\/irlanda-del-norte-visita-a-belfast-con-un-ex-terrorista\/#breadcrumblist","itemListElement":[{"@type":"ListItem","@id":"https:\/\/www.eldigitaldeasturias.com\/noticias#listItem","position":1,"name":"Home","item":"https:\/\/www.eldigitaldeasturias.com\/noticias","nextItem":{"@type":"ListItem","@id":"https:\/\/www.eldigitaldeasturias.com\/noticias\/category\/turismo\/#listItem","name":"Turismo"}},{"@type":"ListItem","@id":"https:\/\/www.eldigitaldeasturias.com\/noticias\/category\/turismo\/#listItem","position":2,"name":"Turismo","item":"https:\/\/www.eldigitaldeasturias.com\/noticias\/category\/turismo\/","nextItem":{"@type":"ListItem","@id":"https:\/\/www.eldigitaldeasturias.com\/noticias\/irlanda-del-norte-visita-a-belfast-con-un-ex-terrorista\/#listItem","name":"Irlanda del Norte: visita a Belfast con un ex terrorista"},"previousItem":{"@type":"ListItem","@id":"https:\/\/www.eldigitaldeasturias.com\/noticias#listItem","name":"Home"}},{"@type":"ListItem","@id":"https:\/\/www.eldigitaldeasturias.com\/noticias\/irlanda-del-norte-visita-a-belfast-con-un-ex-terrorista\/#listItem","position":3,"name":"Irlanda del Norte: visita a Belfast con un ex terrorista","previousItem":{"@type":"ListItem","@id":"https:\/\/www.eldigitaldeasturias.com\/noticias\/category\/turismo\/#listItem","name":"Turismo"}}]},{"@type":"Organization","@id":"https:\/\/www.eldigitaldeasturias.com\/noticias\/#organization","name":"El Digital de Asturias","description":"Hemeroteca","url":"https:\/\/www.eldigitaldeasturias.com\/noticias\/","email":"info@eldigitaldeasturias.com","telephone":"+34652131393","logo":{"@type":"ImageObject","url":"https:\/\/www.eldigitaldeasturias.com\/noticias\/wp-content\/uploads\/2020\/12\/EDA.jpg","@id":"https:\/\/www.eldigitaldeasturias.com\/noticias\/irlanda-del-norte-visita-a-belfast-con-un-ex-terrorista\/#organizationLogo","width":649,"height":297},"image":{"@id":"https:\/\/www.eldigitaldeasturias.com\/noticias\/irlanda-del-norte-visita-a-belfast-con-un-ex-terrorista\/#organizationLogo"},"sameAs":["https:\/\/facebook.com\/eldigitaldeasturias","https:\/\/www.youtube.com\/channel\/UCZP-2wLEB9Rv6erhFmqVnvg"],"address":{"@id":"https:\/\/www.eldigitaldeasturias.com\/noticias\/#postaladdress","@type":"PostalAddress","streetAddress":"san antonio 4,","postalCode":"33430","addressLocality":"Cand\u00e1s","addressRegion":"Asturias","addressCountry":"ES"}},{"@type":"Person","@id":"https:\/\/www.eldigitaldeasturias.com\/noticias\/author\/admin\/#author","url":"https:\/\/www.eldigitaldeasturias.com\/noticias\/author\/admin\/","name":"El Digital de Asturias","image":{"@type":"ImageObject","@id":"https:\/\/www.eldigitaldeasturias.com\/noticias\/irlanda-del-norte-visita-a-belfast-con-un-ex-terrorista\/#authorImage","url":"https:\/\/www.eldigitaldeasturias.com\/noticias\/wp-content\/litespeed\/avatar\/18677e78aa0546b92d9dbf31ec7d7668.jpg?ver=1777290358","width":96,"height":96,"caption":"El Digital de Asturias"}},{"@type":"WebPage","@id":"https:\/\/www.eldigitaldeasturias.com\/noticias\/irlanda-del-norte-visita-a-belfast-con-un-ex-terrorista\/#webpage","url":"https:\/\/www.eldigitaldeasturias.com\/noticias\/irlanda-del-norte-visita-a-belfast-con-un-ex-terrorista\/","name":"Irlanda del Norte: visita a Belfast con un ex terrorista - El Digital de Asturias","description":"(dpa) - Peadar Whelan fue miembro del IRA (Ej\u00e9rcito Republicano Irland\u00e9s, por sus siglas en ingl\u00e9s). Muchos dir\u00edan que fue un terrorista. \u00c9l se considera a s\u00ed mismo un \"activista\". Pas\u00f3 16 a\u00f1os en prisi\u00f3n por intentar asesinar a un polic\u00eda brit\u00e1nico. \"No me arrepiento de nada\", dice. Actualmente Whelan ejerce como gu\u00eda. Muestra Belfast","inLanguage":"es-ES","isPartOf":{"@id":"https:\/\/www.eldigitaldeasturias.com\/noticias\/#website"},"breadcrumb":{"@id":"https:\/\/www.eldigitaldeasturias.com\/noticias\/irlanda-del-norte-visita-a-belfast-con-un-ex-terrorista\/#breadcrumblist"},"author":{"@id":"https:\/\/www.eldigitaldeasturias.com\/noticias\/author\/admin\/#author"},"creator":{"@id":"https:\/\/www.eldigitaldeasturias.com\/noticias\/author\/admin\/#author"},"image":{"@type":"ImageObject","url":"https:\/\/www.eldigitaldeasturias.com\/noticias\/wp-content\/uploads\/2020\/03\/Belfast-dpa.jpg","@id":"https:\/\/www.eldigitaldeasturias.com\/noticias\/irlanda-del-norte-visita-a-belfast-con-un-ex-terrorista\/#mainImage","width":1001,"height":669,"caption":"Foto: Tourism Ireland\/dpa-tmn"},"primaryImageOfPage":{"@id":"https:\/\/www.eldigitaldeasturias.com\/noticias\/irlanda-del-norte-visita-a-belfast-con-un-ex-terrorista\/#mainImage"},"datePublished":"2020-03-12T11:37:24+01:00","dateModified":"2020-03-12T11:37:24+01:00"},{"@type":"WebSite","@id":"https:\/\/www.eldigitaldeasturias.com\/noticias\/#website","url":"https:\/\/www.eldigitaldeasturias.com\/noticias\/","name":"El Digital de Asturias - Diario de actualidad y noticias","alternateName":"El Digital de Asturias - Diario de actualidad y noticias","description":"Hemeroteca","inLanguage":"es-ES","publisher":{"@id":"https:\/\/www.eldigitaldeasturias.com\/noticias\/#organization"}}]},"og:locale":"es_ES","og:site_name":"El Digital de Asturias","og:type":"article","og:title":"Irlanda del Norte: visita a Belfast con un ex terrorista - El Digital de Asturias","og:description":"(dpa) - Peadar Whelan fue miembro del IRA (Ej\u00e9rcito Republicano Irland\u00e9s, por sus siglas en ingl\u00e9s). Muchos dir\u00edan que fue un terrorista. \u00c9l se considera a s\u00ed mismo un &quot;activista&quot;. Pas\u00f3 16 a\u00f1os en prisi\u00f3n por intentar asesinar a un polic\u00eda brit\u00e1nico. &quot;No me arrepiento de nada&quot;, dice. Actualmente Whelan ejerce como gu\u00eda. Muestra Belfast","og:url":"https:\/\/www.eldigitaldeasturias.com\/noticias\/irlanda-del-norte-visita-a-belfast-con-un-ex-terrorista\/","og:image":"https:\/\/www.eldigitaldeasturias.com\/noticias\/wp-content\/uploads\/2020\/03\/Belfast-dpa.jpg","og:image:secure_url":"https:\/\/www.eldigitaldeasturias.com\/noticias\/wp-content\/uploads\/2020\/03\/Belfast-dpa.jpg","og:image:width":1001,"og:image:height":669,"article:tag":["turismo"],"article:published_time":"2020-03-12T11:37:24+00:00","article:modified_time":"2020-03-12T11:37:24+00:00","article:publisher":"https:\/\/facebook.com\/eldigitaldeasturias","twitter:card":"summary_large_image","twitter:title":"Irlanda del Norte: visita a Belfast con un ex terrorista - El Digital de Asturias","twitter:description":"(dpa) - Peadar Whelan fue miembro del IRA (Ej\u00e9rcito Republicano Irland\u00e9s, por sus siglas en ingl\u00e9s). Muchos dir\u00edan que fue un terrorista. \u00c9l se considera a s\u00ed mismo un &quot;activista&quot;. Pas\u00f3 16 a\u00f1os en prisi\u00f3n por intentar asesinar a un polic\u00eda brit\u00e1nico. &quot;No me arrepiento de nada&quot;, dice. Actualmente Whelan ejerce como gu\u00eda. Muestra Belfast","twitter:image":"https:\/\/www.eldigitaldeasturias.com\/noticias\/wp-content\/uploads\/2020\/03\/Belfast-dpa.jpg","twitter:label1":"Escrito por","twitter:data1":"El Digital de Asturias","twitter:label2":"Tiempo de lectura estimado","twitter:data2":"5 minutos"},"aioseo_meta_data":{"post_id":"1060515","title":null,"description":null,"keywords":null,"keyphrases":null,"primary_term":null,"canonical_url":null,"og_title":null,"og_description":null,"og_object_type":"default","og_image_type":"default","og_image_url":null,"og_image_width":null,"og_image_height":null,"og_image_custom_url":null,"og_image_custom_fields":null,"og_video":null,"og_custom_url":null,"og_article_section":null,"og_article_tags":null,"twitter_use_og":false,"twitter_card":"default","twitter_image_type":"default","twitter_image_url":null,"twitter_image_custom_url":null,"twitter_image_custom_fields":null,"twitter_title":null,"twitter_description":null,"schema":{"blockGraphs":[],"customGraphs":[],"default":{"data":{"Article":[],"Course":[],"Dataset":[],"FAQPage":[],"Movie":[],"Person":[],"Product":[],"ProductReview":[],"Car":[],"Recipe":[],"Service":[],"SoftwareApplication":[],"WebPage":[]},"graphName":"","isEnabled":true},"graphs":[],"defaultGraph":"","defaultPostTypeGraph":""},"schema_type":null,"schema_type_options":null,"pillar_content":false,"robots_default":true,"robots_noindex":false,"robots_noarchive":false,"robots_nosnippet":false,"robots_nofollow":false,"robots_noimageindex":false,"robots_noodp":false,"robots_notranslate":false,"robots_max_snippet":null,"robots_max_videopreview":null,"robots_max_imagepreview":"large","priority":null,"frequency":null,"local_seo":null,"seo_analyzer_scan_date":"2025-10-31 12:26:51","breadcrumb_settings":null,"limit_modified_date":false,"open_ai":null,"ai":null,"created":"2020-12-21 10:54:13","updated":"2025-10-31 12:26:51"},"aioseo_breadcrumb":"<div class=\"aioseo-breadcrumbs\"><span class=\"aioseo-breadcrumb\">\n\t<a href=\"https:\/\/www.eldigitaldeasturias.com\/noticias\" title=\"Home\">Home<\/a>\n<\/span><span class=\"aioseo-breadcrumb-separator\">\u2013<\/span><span class=\"aioseo-breadcrumb\">\n\t<a href=\"https:\/\/www.eldigitaldeasturias.com\/noticias\/category\/turismo\/\" title=\"Turismo\">Turismo<\/a>\n<\/span><span class=\"aioseo-breadcrumb-separator\">\u2013<\/span><span class=\"aioseo-breadcrumb\">\n\t<a href=\"https:\/\/www.eldigitaldeasturias.com\/noticias\/irlanda-del-norte-visita-a-belfast-con-un-ex-terrorista\/\" title=\"Irlanda del Norte: visita a Belfast con un ex terrorista\">Irlanda del Norte: visita a Belfast con un ex terrorista<\/a>\n<\/span><\/div>","aioseo_breadcrumb_json":[{"label":"Home","link":"https:\/\/www.eldigitaldeasturias.com\/noticias"},{"label":"Turismo","link":"https:\/\/www.eldigitaldeasturias.com\/noticias\/category\/turismo\/"},{"label":"Irlanda del Norte: visita a Belfast con un ex terrorista","link":"https:\/\/www.eldigitaldeasturias.com\/noticias\/irlanda-del-norte-visita-a-belfast-con-un-ex-terrorista\/"}],"_links":{"self":[{"href":"https:\/\/www.eldigitaldeasturias.com\/noticias\/wp-json\/wp\/v2\/posts\/1060515","targetHints":{"allow":["GET"]}}],"collection":[{"href":"https:\/\/www.eldigitaldeasturias.com\/noticias\/wp-json\/wp\/v2\/posts"}],"about":[{"href":"https:\/\/www.eldigitaldeasturias.com\/noticias\/wp-json\/wp\/v2\/types\/post"}],"author":[{"embeddable":true,"href":"https:\/\/www.eldigitaldeasturias.com\/noticias\/wp-json\/wp\/v2\/users\/1"}],"replies":[{"embeddable":true,"href":"https:\/\/www.eldigitaldeasturias.com\/noticias\/wp-json\/wp\/v2\/comments?post=1060515"}],"version-history":[{"count":0,"href":"https:\/\/www.eldigitaldeasturias.com\/noticias\/wp-json\/wp\/v2\/posts\/1060515\/revisions"}],"wp:featuredmedia":[{"embeddable":true,"href":"https:\/\/www.eldigitaldeasturias.com\/noticias\/wp-json\/wp\/v2\/media\/1060516"}],"wp:attachment":[{"href":"https:\/\/www.eldigitaldeasturias.com\/noticias\/wp-json\/wp\/v2\/media?parent=1060515"}],"wp:term":[{"taxonomy":"category","embeddable":true,"href":"https:\/\/www.eldigitaldeasturias.com\/noticias\/wp-json\/wp\/v2\/categories?post=1060515"},{"taxonomy":"post_tag","embeddable":true,"href":"https:\/\/www.eldigitaldeasturias.com\/noticias\/wp-json\/wp\/v2\/tags?post=1060515"}],"curies":[{"name":"wp","href":"https:\/\/api.w.org\/{rel}","templated":true}]}}