{"id":1060472,"date":"2020-03-11T20:50:28","date_gmt":"2020-03-11T20:50:28","guid":{"rendered":"https:\/\/www.eldigitaldeasturias.com\/noticias\/?p=1060472"},"modified":"2020-03-11T20:50:28","modified_gmt":"2020-03-11T20:50:28","slug":"proponen-fondos-de-rescate-para-las-empresas-alemanas-por-coronavirus","status":"publish","type":"post","link":"https:\/\/www.eldigitaldeasturias.com\/noticias\/proponen-fondos-de-rescate-para-las-empresas-alemanas-por-coronavirus\/","title":{"rendered":"Proponen fondos de rescate para las empresas alemanas por coronavirus"},"content":{"rendered":"<figure id=\"attachment_1060473\" aria-describedby=\"caption-attachment-1060473\" style=\"width: 360px\" class=\"wp-caption alignleft\"><img loading=\"lazy\" decoding=\"async\" class=\"size-medium wp-image-1060473\" src=\"https:\/\/www.eldigitaldeasturias.com\/noticias\/wp-content\/uploads\/2020\/03\/efectos-coronavirus-empresas-360x201.jpg\" alt=\"\" width=\"360\" height=\"201\" srcset=\"https:\/\/www.eldigitaldeasturias.com\/noticias\/wp-content\/uploads\/2020\/03\/efectos-coronavirus-empresas-360x201.jpg 360w, https:\/\/www.eldigitaldeasturias.com\/noticias\/wp-content\/uploads\/2020\/03\/efectos-coronavirus-empresas-690x385.jpg 690w, https:\/\/www.eldigitaldeasturias.com\/noticias\/wp-content\/uploads\/2020\/03\/efectos-coronavirus-empresas-480x268.jpg 480w, https:\/\/www.eldigitaldeasturias.com\/noticias\/wp-content\/uploads\/2020\/03\/efectos-coronavirus-empresas-768x428.jpg 768w, https:\/\/www.eldigitaldeasturias.com\/noticias\/wp-content\/uploads\/2020\/03\/efectos-coronavirus-empresas-1024x571.jpg 1024w, https:\/\/www.eldigitaldeasturias.com\/noticias\/wp-content\/uploads\/2020\/03\/efectos-coronavirus-empresas.jpg 1134w\" sizes=\"auto, (max-width: 360px) 100vw, 360px\" \/><figcaption id=\"caption-attachment-1060473\" class=\"wp-caption-text\">Foto: Wolfgang Kumm\/dpa<\/figcaption><\/figure>\n<p>Berl\u00edn, 11 mar (dpa) &#8211; Destacados economistas alemanes se pronunciaron hoy a favor de que el Estado invierta en empresas en caso de que se agrave la crisis provocada por la propagaci\u00f3n del coronavirus.<\/p>\n<p>En un documento presentado en Berl\u00edn, los economistas consideran que, si no se logra frenar la propagaci\u00f3n de las \u00abondas expansivas\u00bb econ\u00f3micas (causadas por el coronavirus) que provocar\u00eda insolvencias a gran escala, la \u00faltima opci\u00f3n ser\u00eda que el Estado invirtiera en empresas con capital propio.<\/p>\n<p>Los expertos acotaron que esto ser\u00eda un procedimiento an\u00e1logo al rescate de bancos durante la crisis financiera de 2008-2009.<\/p>\n<p>En el documento participaron economistas como el presidente del instituto de investigaci\u00f3n ec\u00f3nomica Ifo, Clemens Fuest, el renombrado economista y antiguo asesor gubernamental Peter Bofinger y el presidente del Instituto de Econom\u00eda Mundial (IfW) de Kiel, Gabriel Felbermayr.<\/p>\n<p>Los investigadores, que tambi\u00e9n fueron invitados hoy por el ministro alem\u00e1n de Econom\u00eda a participar en consultas al respecto el 24 de marzo, piden asimismo al Gobierno que tome medidas de mayor alcance que las decididas hasta ahora.<\/p>\n<p>El Gobierno germano anunci\u00f3 un programa para facilitar ayudas a las empresas que deban recurrir a trabajo a jornada laboral reducida.<\/p>\n<p>Los expertos estimaron que, de ser necesario, el Gobierno deber\u00eda renunciar al d\u00e9ficit cero en el presupuesto del Estado, es decir, a la pol\u00edtica de no contraer nueva deuda p\u00fablica y destacaron que hay que hacer todo lo posible para evitar problemas de liquidez en las empresas.<\/p>\n<p>La propagaci\u00f3n del coronavirus amenaza con provocar la contracci\u00f3n econ\u00f3mica este a\u00f1o, como ya dejaron claro algunos institutos econ\u00f3micos y asociaciones sectoriales, los que advirtieron que el riesgo de una recesi\u00f3n ha aumentado.<\/p>\n<p>&nbsp;<\/p>\n","protected":false},"excerpt":{"rendered":"<p>Berl\u00edn, 11 mar (dpa) &#8211; Destacados economistas alemanes se pronunciaron hoy a favor de que el Estado invierta en empresas en caso de que se agrave la crisis provocada por la propagaci\u00f3n del coronavirus. En un documento presentado en Berl\u00edn, los economistas consideran que, si no se logra frenar la propagaci\u00f3n de las \u00abondas expansivas\u00bb [&hellip;]<\/p>\n","protected":false},"author":1,"featured_media":1060473,"comment_status":"closed","ping_status":"closed","sticky":false,"template":"","format":"standard","meta":{"footnotes":""},"categories":[219],"tags":[],"class_list":["post-1060472","post","type-post","status-publish","format-standard","has-post-thumbnail","hentry","category-negocios-y-empresas"],"aioseo_notices":[],"aioseo_head":"\n\t\t<!-- All in One SEO Pro 4.9.6.2 - aioseo.com -->\n\t<meta name=\"description\" content=\"Berl\u00edn, 11 mar (dpa) - Destacados economistas alemanes se pronunciaron hoy a favor de que el Estado invierta en empresas en caso de que se agrave la crisis provocada por la propagaci\u00f3n del coronavirus. En un documento presentado en Berl\u00edn, los economistas consideran que, si no se logra frenar la propagaci\u00f3n de las &quot;ondas expansivas&quot;\" \/>\n\t<meta name=\"robots\" content=\"max-image-preview:large\" \/>\n\t<meta name=\"author\" content=\"El Digital de Asturias\"\/>\n\t<meta name=\"google-site-verification\" content=\"UA-38556648-1\" \/>\n\t<meta name=\"msvalidate.01\" content=\"7dfe9f3f1b24437ab69f4f2559babe99\" \/>\n\t<meta name=\"keywords\" content=\"negocios y empresas\" \/>\n\t<link rel=\"canonical\" href=\"https:\/\/www.eldigitaldeasturias.com\/noticias\/proponen-fondos-de-rescate-para-las-empresas-alemanas-por-coronavirus\/\" \/>\n\t<meta name=\"generator\" content=\"All in One SEO Pro (AIOSEO) 4.9.6.2\" \/>\n\t\t<meta property=\"og:locale\" content=\"es_ES\" \/>\n\t\t<meta property=\"og:site_name\" content=\"El Digital de Asturias\" \/>\n\t\t<meta property=\"og:type\" content=\"article\" \/>\n\t\t<meta property=\"og:title\" content=\"Proponen fondos de rescate para las empresas alemanas por coronavirus - El Digital de Asturias\" \/>\n\t\t<meta property=\"og:description\" content=\"Berl\u00edn, 11 mar (dpa) - Destacados economistas alemanes se pronunciaron hoy a favor de que el Estado invierta en empresas en caso de que se agrave la crisis provocada por la propagaci\u00f3n del coronavirus. En un documento presentado en Berl\u00edn, los economistas consideran que, si no se logra frenar la propagaci\u00f3n de las &quot;ondas expansivas&quot;\" \/>\n\t\t<meta property=\"og:url\" content=\"https:\/\/www.eldigitaldeasturias.com\/noticias\/proponen-fondos-de-rescate-para-las-empresas-alemanas-por-coronavirus\/\" \/>\n\t\t<meta property=\"og:image\" content=\"https:\/\/www.eldigitaldeasturias.com\/noticias\/wp-content\/uploads\/2020\/03\/efectos-coronavirus-empresas.jpg\" \/>\n\t\t<meta property=\"og:image:secure_url\" content=\"https:\/\/www.eldigitaldeasturias.com\/noticias\/wp-content\/uploads\/2020\/03\/efectos-coronavirus-empresas.jpg\" \/>\n\t\t<meta property=\"og:image:width\" content=\"1134\" \/>\n\t\t<meta property=\"og:image:height\" content=\"632\" \/>\n\t\t<meta property=\"article:tag\" content=\"negocios y empresas\" \/>\n\t\t<meta property=\"article:published_time\" content=\"2020-03-11T20:50:28+00:00\" \/>\n\t\t<meta property=\"article:modified_time\" content=\"2020-03-11T20:50:28+00:00\" \/>\n\t\t<meta property=\"article:publisher\" content=\"https:\/\/facebook.com\/eldigitaldeasturias\" \/>\n\t\t<meta name=\"twitter:card\" content=\"summary_large_image\" \/>\n\t\t<meta name=\"twitter:title\" content=\"Proponen fondos de rescate para las empresas alemanas por coronavirus - El Digital de Asturias\" \/>\n\t\t<meta name=\"twitter:description\" content=\"Berl\u00edn, 11 mar (dpa) - Destacados economistas alemanes se pronunciaron hoy a favor de que el Estado invierta en empresas en caso de que se agrave la crisis provocada por la propagaci\u00f3n del coronavirus. En un documento presentado en Berl\u00edn, los economistas consideran que, si no se logra frenar la propagaci\u00f3n de las &quot;ondas expansivas&quot;\" \/>\n\t\t<meta name=\"twitter:image\" content=\"https:\/\/www.eldigitaldeasturias.com\/noticias\/wp-content\/uploads\/2020\/03\/efectos-coronavirus-empresas.jpg\" \/>\n\t\t<meta name=\"twitter:label1\" content=\"Escrito por\" \/>\n\t\t<meta name=\"twitter:data1\" content=\"El Digital de Asturias\" \/>\n\t\t<meta name=\"twitter:label2\" content=\"Tiempo de lectura estimado\" \/>\n\t\t<meta name=\"twitter:data2\" content=\"2 minutos\" \/>\n\t\t<script type=\"application\/ld+json\" class=\"aioseo-schema\">\n\t\t\t{\"@context\":\"https:\\\/\\\/schema.org\",\"@graph\":[{\"@type\":\"BlogPosting\",\"@id\":\"https:\\\/\\\/www.eldigitaldeasturias.com\\\/noticias\\\/proponen-fondos-de-rescate-para-las-empresas-alemanas-por-coronavirus\\\/#blogposting\",\"name\":\"Proponen fondos de rescate para las empresas alemanas por coronavirus - El Digital de Asturias\",\"headline\":\"Proponen fondos de rescate para las empresas alemanas por coronavirus\",\"author\":{\"@id\":\"https:\\\/\\\/www.eldigitaldeasturias.com\\\/noticias\\\/author\\\/admin\\\/#author\"},\"publisher\":{\"@id\":\"https:\\\/\\\/www.eldigitaldeasturias.com\\\/noticias\\\/#organization\"},\"image\":{\"@type\":\"ImageObject\",\"url\":\"https:\\\/\\\/www.eldigitaldeasturias.com\\\/noticias\\\/wp-content\\\/uploads\\\/2020\\\/03\\\/efectos-coronavirus-empresas.jpg\",\"width\":1134,\"height\":632,\"caption\":\"Foto: Wolfgang Kumm\\\/dpa\"},\"datePublished\":\"2020-03-11T20:50:28+01:00\",\"dateModified\":\"2020-03-11T20:50:28+01:00\",\"inLanguage\":\"es-ES\",\"mainEntityOfPage\":{\"@id\":\"https:\\\/\\\/www.eldigitaldeasturias.com\\\/noticias\\\/proponen-fondos-de-rescate-para-las-empresas-alemanas-por-coronavirus\\\/#webpage\"},\"isPartOf\":{\"@id\":\"https:\\\/\\\/www.eldigitaldeasturias.com\\\/noticias\\\/proponen-fondos-de-rescate-para-las-empresas-alemanas-por-coronavirus\\\/#webpage\"},\"articleSection\":\"Negocios y Empresas\"},{\"@type\":\"BreadcrumbList\",\"@id\":\"https:\\\/\\\/www.eldigitaldeasturias.com\\\/noticias\\\/proponen-fondos-de-rescate-para-las-empresas-alemanas-por-coronavirus\\\/#breadcrumblist\",\"itemListElement\":[{\"@type\":\"ListItem\",\"@id\":\"https:\\\/\\\/www.eldigitaldeasturias.com\\\/noticias#listItem\",\"position\":1,\"name\":\"Home\",\"item\":\"https:\\\/\\\/www.eldigitaldeasturias.com\\\/noticias\",\"nextItem\":{\"@type\":\"ListItem\",\"@id\":\"https:\\\/\\\/www.eldigitaldeasturias.com\\\/noticias\\\/category\\\/negocios-y-empresas\\\/#listItem\",\"name\":\"Negocios y Empresas\"}},{\"@type\":\"ListItem\",\"@id\":\"https:\\\/\\\/www.eldigitaldeasturias.com\\\/noticias\\\/category\\\/negocios-y-empresas\\\/#listItem\",\"position\":2,\"name\":\"Negocios y Empresas\",\"item\":\"https:\\\/\\\/www.eldigitaldeasturias.com\\\/noticias\\\/category\\\/negocios-y-empresas\\\/\",\"nextItem\":{\"@type\":\"ListItem\",\"@id\":\"https:\\\/\\\/www.eldigitaldeasturias.com\\\/noticias\\\/proponen-fondos-de-rescate-para-las-empresas-alemanas-por-coronavirus\\\/#listItem\",\"name\":\"Proponen fondos de rescate para las empresas alemanas por coronavirus\"},\"previousItem\":{\"@type\":\"ListItem\",\"@id\":\"https:\\\/\\\/www.eldigitaldeasturias.com\\\/noticias#listItem\",\"name\":\"Home\"}},{\"@type\":\"ListItem\",\"@id\":\"https:\\\/\\\/www.eldigitaldeasturias.com\\\/noticias\\\/proponen-fondos-de-rescate-para-las-empresas-alemanas-por-coronavirus\\\/#listItem\",\"position\":3,\"name\":\"Proponen fondos de rescate para las empresas alemanas por coronavirus\",\"previousItem\":{\"@type\":\"ListItem\",\"@id\":\"https:\\\/\\\/www.eldigitaldeasturias.com\\\/noticias\\\/category\\\/negocios-y-empresas\\\/#listItem\",\"name\":\"Negocios y Empresas\"}}]},{\"@type\":\"Organization\",\"@id\":\"https:\\\/\\\/www.eldigitaldeasturias.com\\\/noticias\\\/#organization\",\"name\":\"El Digital de Asturias\",\"description\":\"Hemeroteca\",\"url\":\"https:\\\/\\\/www.eldigitaldeasturias.com\\\/noticias\\\/\",\"email\":\"info@eldigitaldeasturias.com\",\"telephone\":\"+34652131393\",\"logo\":{\"@type\":\"ImageObject\",\"url\":\"https:\\\/\\\/www.eldigitaldeasturias.com\\\/noticias\\\/wp-content\\\/uploads\\\/2020\\\/12\\\/EDA.jpg\",\"@id\":\"https:\\\/\\\/www.eldigitaldeasturias.com\\\/noticias\\\/proponen-fondos-de-rescate-para-las-empresas-alemanas-por-coronavirus\\\/#organizationLogo\",\"width\":649,\"height\":297},\"image\":{\"@id\":\"https:\\\/\\\/www.eldigitaldeasturias.com\\\/noticias\\\/proponen-fondos-de-rescate-para-las-empresas-alemanas-por-coronavirus\\\/#organizationLogo\"},\"sameAs\":[\"https:\\\/\\\/facebook.com\\\/eldigitaldeasturias\",\"https:\\\/\\\/www.youtube.com\\\/channel\\\/UCZP-2wLEB9Rv6erhFmqVnvg\"],\"address\":{\"@id\":\"https:\\\/\\\/www.eldigitaldeasturias.com\\\/noticias\\\/#postaladdress\",\"@type\":\"PostalAddress\",\"streetAddress\":\"san antonio 4,\",\"postalCode\":\"33430\",\"addressLocality\":\"Cand\\u00e1s\",\"addressRegion\":\"Asturias\",\"addressCountry\":\"ES\"}},{\"@type\":\"Person\",\"@id\":\"https:\\\/\\\/www.eldigitaldeasturias.com\\\/noticias\\\/author\\\/admin\\\/#author\",\"url\":\"https:\\\/\\\/www.eldigitaldeasturias.com\\\/noticias\\\/author\\\/admin\\\/\",\"name\":\"El Digital de Asturias\",\"image\":{\"@type\":\"ImageObject\",\"@id\":\"https:\\\/\\\/www.eldigitaldeasturias.com\\\/noticias\\\/proponen-fondos-de-rescate-para-las-empresas-alemanas-por-coronavirus\\\/#authorImage\",\"url\":\"https:\\\/\\\/www.eldigitaldeasturias.com\\\/noticias\\\/wp-content\\\/litespeed\\\/avatar\\\/18677e78aa0546b92d9dbf31ec7d7668.jpg?ver=1777290358\",\"width\":96,\"height\":96,\"caption\":\"El Digital de Asturias\"}},{\"@type\":\"WebPage\",\"@id\":\"https:\\\/\\\/www.eldigitaldeasturias.com\\\/noticias\\\/proponen-fondos-de-rescate-para-las-empresas-alemanas-por-coronavirus\\\/#webpage\",\"url\":\"https:\\\/\\\/www.eldigitaldeasturias.com\\\/noticias\\\/proponen-fondos-de-rescate-para-las-empresas-alemanas-por-coronavirus\\\/\",\"name\":\"Proponen fondos de rescate para las empresas alemanas por coronavirus - El Digital de Asturias\",\"description\":\"Berl\\u00edn, 11 mar (dpa) - Destacados economistas alemanes se pronunciaron hoy a favor de que el Estado invierta en empresas en caso de que se agrave la crisis provocada por la propagaci\\u00f3n del coronavirus. En un documento presentado en Berl\\u00edn, los economistas consideran que, si no se logra frenar la propagaci\\u00f3n de las \\\"ondas expansivas\\\"\",\"inLanguage\":\"es-ES\",\"isPartOf\":{\"@id\":\"https:\\\/\\\/www.eldigitaldeasturias.com\\\/noticias\\\/#website\"},\"breadcrumb\":{\"@id\":\"https:\\\/\\\/www.eldigitaldeasturias.com\\\/noticias\\\/proponen-fondos-de-rescate-para-las-empresas-alemanas-por-coronavirus\\\/#breadcrumblist\"},\"author\":{\"@id\":\"https:\\\/\\\/www.eldigitaldeasturias.com\\\/noticias\\\/author\\\/admin\\\/#author\"},\"creator\":{\"@id\":\"https:\\\/\\\/www.eldigitaldeasturias.com\\\/noticias\\\/author\\\/admin\\\/#author\"},\"image\":{\"@type\":\"ImageObject\",\"url\":\"https:\\\/\\\/www.eldigitaldeasturias.com\\\/noticias\\\/wp-content\\\/uploads\\\/2020\\\/03\\\/efectos-coronavirus-empresas.jpg\",\"@id\":\"https:\\\/\\\/www.eldigitaldeasturias.com\\\/noticias\\\/proponen-fondos-de-rescate-para-las-empresas-alemanas-por-coronavirus\\\/#mainImage\",\"width\":1134,\"height\":632,\"caption\":\"Foto: Wolfgang Kumm\\\/dpa\"},\"primaryImageOfPage\":{\"@id\":\"https:\\\/\\\/www.eldigitaldeasturias.com\\\/noticias\\\/proponen-fondos-de-rescate-para-las-empresas-alemanas-por-coronavirus\\\/#mainImage\"},\"datePublished\":\"2020-03-11T20:50:28+01:00\",\"dateModified\":\"2020-03-11T20:50:28+01:00\"},{\"@type\":\"WebSite\",\"@id\":\"https:\\\/\\\/www.eldigitaldeasturias.com\\\/noticias\\\/#website\",\"url\":\"https:\\\/\\\/www.eldigitaldeasturias.com\\\/noticias\\\/\",\"name\":\"El Digital de Asturias - Diario de actualidad y noticias\",\"alternateName\":\"El Digital de Asturias - Diario de actualidad y noticias\",\"description\":\"Hemeroteca\",\"inLanguage\":\"es-ES\",\"publisher\":{\"@id\":\"https:\\\/\\\/www.eldigitaldeasturias.com\\\/noticias\\\/#organization\"}}]}\n\t\t<\/script>\n\t\t<!-- All in One SEO Pro -->\r\n\t\t<title>Proponen fondos de rescate para las empresas alemanas por coronavirus - El Digital de Asturias<\/title>\n\n","aioseo_head_json":{"title":"Proponen fondos de rescate para las empresas alemanas por coronavirus - El Digital de Asturias","description":"Berl\u00edn, 11 mar (dpa) - Destacados economistas alemanes se pronunciaron hoy a favor de que el Estado invierta en empresas en caso de que se agrave la crisis provocada por la propagaci\u00f3n del coronavirus. En un documento presentado en Berl\u00edn, los economistas consideran que, si no se logra frenar la propagaci\u00f3n de las \"ondas expansivas\"","canonical_url":"https:\/\/www.eldigitaldeasturias.com\/noticias\/proponen-fondos-de-rescate-para-las-empresas-alemanas-por-coronavirus\/","robots":"max-image-preview:large","keywords":"negocios y empresas","webmasterTools":{"google-site-verification":"UA-38556648-1","msvalidate.01":"7dfe9f3f1b24437ab69f4f2559babe99","miscellaneous":""},"schema":{"@context":"https:\/\/schema.org","@graph":[{"@type":"BlogPosting","@id":"https:\/\/www.eldigitaldeasturias.com\/noticias\/proponen-fondos-de-rescate-para-las-empresas-alemanas-por-coronavirus\/#blogposting","name":"Proponen fondos de rescate para las empresas alemanas por coronavirus - El Digital de Asturias","headline":"Proponen fondos de rescate para las empresas alemanas por coronavirus","author":{"@id":"https:\/\/www.eldigitaldeasturias.com\/noticias\/author\/admin\/#author"},"publisher":{"@id":"https:\/\/www.eldigitaldeasturias.com\/noticias\/#organization"},"image":{"@type":"ImageObject","url":"https:\/\/www.eldigitaldeasturias.com\/noticias\/wp-content\/uploads\/2020\/03\/efectos-coronavirus-empresas.jpg","width":1134,"height":632,"caption":"Foto: Wolfgang Kumm\/dpa"},"datePublished":"2020-03-11T20:50:28+01:00","dateModified":"2020-03-11T20:50:28+01:00","inLanguage":"es-ES","mainEntityOfPage":{"@id":"https:\/\/www.eldigitaldeasturias.com\/noticias\/proponen-fondos-de-rescate-para-las-empresas-alemanas-por-coronavirus\/#webpage"},"isPartOf":{"@id":"https:\/\/www.eldigitaldeasturias.com\/noticias\/proponen-fondos-de-rescate-para-las-empresas-alemanas-por-coronavirus\/#webpage"},"articleSection":"Negocios y Empresas"},{"@type":"BreadcrumbList","@id":"https:\/\/www.eldigitaldeasturias.com\/noticias\/proponen-fondos-de-rescate-para-las-empresas-alemanas-por-coronavirus\/#breadcrumblist","itemListElement":[{"@type":"ListItem","@id":"https:\/\/www.eldigitaldeasturias.com\/noticias#listItem","position":1,"name":"Home","item":"https:\/\/www.eldigitaldeasturias.com\/noticias","nextItem":{"@type":"ListItem","@id":"https:\/\/www.eldigitaldeasturias.com\/noticias\/category\/negocios-y-empresas\/#listItem","name":"Negocios y Empresas"}},{"@type":"ListItem","@id":"https:\/\/www.eldigitaldeasturias.com\/noticias\/category\/negocios-y-empresas\/#listItem","position":2,"name":"Negocios y Empresas","item":"https:\/\/www.eldigitaldeasturias.com\/noticias\/category\/negocios-y-empresas\/","nextItem":{"@type":"ListItem","@id":"https:\/\/www.eldigitaldeasturias.com\/noticias\/proponen-fondos-de-rescate-para-las-empresas-alemanas-por-coronavirus\/#listItem","name":"Proponen fondos de rescate para las empresas alemanas por coronavirus"},"previousItem":{"@type":"ListItem","@id":"https:\/\/www.eldigitaldeasturias.com\/noticias#listItem","name":"Home"}},{"@type":"ListItem","@id":"https:\/\/www.eldigitaldeasturias.com\/noticias\/proponen-fondos-de-rescate-para-las-empresas-alemanas-por-coronavirus\/#listItem","position":3,"name":"Proponen fondos de rescate para las empresas alemanas por coronavirus","previousItem":{"@type":"ListItem","@id":"https:\/\/www.eldigitaldeasturias.com\/noticias\/category\/negocios-y-empresas\/#listItem","name":"Negocios y Empresas"}}]},{"@type":"Organization","@id":"https:\/\/www.eldigitaldeasturias.com\/noticias\/#organization","name":"El Digital de Asturias","description":"Hemeroteca","url":"https:\/\/www.eldigitaldeasturias.com\/noticias\/","email":"info@eldigitaldeasturias.com","telephone":"+34652131393","logo":{"@type":"ImageObject","url":"https:\/\/www.eldigitaldeasturias.com\/noticias\/wp-content\/uploads\/2020\/12\/EDA.jpg","@id":"https:\/\/www.eldigitaldeasturias.com\/noticias\/proponen-fondos-de-rescate-para-las-empresas-alemanas-por-coronavirus\/#organizationLogo","width":649,"height":297},"image":{"@id":"https:\/\/www.eldigitaldeasturias.com\/noticias\/proponen-fondos-de-rescate-para-las-empresas-alemanas-por-coronavirus\/#organizationLogo"},"sameAs":["https:\/\/facebook.com\/eldigitaldeasturias","https:\/\/www.youtube.com\/channel\/UCZP-2wLEB9Rv6erhFmqVnvg"],"address":{"@id":"https:\/\/www.eldigitaldeasturias.com\/noticias\/#postaladdress","@type":"PostalAddress","streetAddress":"san antonio 4,","postalCode":"33430","addressLocality":"Cand\u00e1s","addressRegion":"Asturias","addressCountry":"ES"}},{"@type":"Person","@id":"https:\/\/www.eldigitaldeasturias.com\/noticias\/author\/admin\/#author","url":"https:\/\/www.eldigitaldeasturias.com\/noticias\/author\/admin\/","name":"El Digital de Asturias","image":{"@type":"ImageObject","@id":"https:\/\/www.eldigitaldeasturias.com\/noticias\/proponen-fondos-de-rescate-para-las-empresas-alemanas-por-coronavirus\/#authorImage","url":"https:\/\/www.eldigitaldeasturias.com\/noticias\/wp-content\/litespeed\/avatar\/18677e78aa0546b92d9dbf31ec7d7668.jpg?ver=1777290358","width":96,"height":96,"caption":"El Digital de Asturias"}},{"@type":"WebPage","@id":"https:\/\/www.eldigitaldeasturias.com\/noticias\/proponen-fondos-de-rescate-para-las-empresas-alemanas-por-coronavirus\/#webpage","url":"https:\/\/www.eldigitaldeasturias.com\/noticias\/proponen-fondos-de-rescate-para-las-empresas-alemanas-por-coronavirus\/","name":"Proponen fondos de rescate para las empresas alemanas por coronavirus - El Digital de Asturias","description":"Berl\u00edn, 11 mar (dpa) - Destacados economistas alemanes se pronunciaron hoy a favor de que el Estado invierta en empresas en caso de que se agrave la crisis provocada por la propagaci\u00f3n del coronavirus. En un documento presentado en Berl\u00edn, los economistas consideran que, si no se logra frenar la propagaci\u00f3n de las \"ondas expansivas\"","inLanguage":"es-ES","isPartOf":{"@id":"https:\/\/www.eldigitaldeasturias.com\/noticias\/#website"},"breadcrumb":{"@id":"https:\/\/www.eldigitaldeasturias.com\/noticias\/proponen-fondos-de-rescate-para-las-empresas-alemanas-por-coronavirus\/#breadcrumblist"},"author":{"@id":"https:\/\/www.eldigitaldeasturias.com\/noticias\/author\/admin\/#author"},"creator":{"@id":"https:\/\/www.eldigitaldeasturias.com\/noticias\/author\/admin\/#author"},"image":{"@type":"ImageObject","url":"https:\/\/www.eldigitaldeasturias.com\/noticias\/wp-content\/uploads\/2020\/03\/efectos-coronavirus-empresas.jpg","@id":"https:\/\/www.eldigitaldeasturias.com\/noticias\/proponen-fondos-de-rescate-para-las-empresas-alemanas-por-coronavirus\/#mainImage","width":1134,"height":632,"caption":"Foto: Wolfgang Kumm\/dpa"},"primaryImageOfPage":{"@id":"https:\/\/www.eldigitaldeasturias.com\/noticias\/proponen-fondos-de-rescate-para-las-empresas-alemanas-por-coronavirus\/#mainImage"},"datePublished":"2020-03-11T20:50:28+01:00","dateModified":"2020-03-11T20:50:28+01:00"},{"@type":"WebSite","@id":"https:\/\/www.eldigitaldeasturias.com\/noticias\/#website","url":"https:\/\/www.eldigitaldeasturias.com\/noticias\/","name":"El Digital de Asturias - Diario de actualidad y noticias","alternateName":"El Digital de Asturias - Diario de actualidad y noticias","description":"Hemeroteca","inLanguage":"es-ES","publisher":{"@id":"https:\/\/www.eldigitaldeasturias.com\/noticias\/#organization"}}]},"og:locale":"es_ES","og:site_name":"El Digital de Asturias","og:type":"article","og:title":"Proponen fondos de rescate para las empresas alemanas por coronavirus - El Digital de Asturias","og:description":"Berl\u00edn, 11 mar (dpa) - Destacados economistas alemanes se pronunciaron hoy a favor de que el Estado invierta en empresas en caso de que se agrave la crisis provocada por la propagaci\u00f3n del coronavirus. En un documento presentado en Berl\u00edn, los economistas consideran que, si no se logra frenar la propagaci\u00f3n de las &quot;ondas expansivas&quot;","og:url":"https:\/\/www.eldigitaldeasturias.com\/noticias\/proponen-fondos-de-rescate-para-las-empresas-alemanas-por-coronavirus\/","og:image":"https:\/\/www.eldigitaldeasturias.com\/noticias\/wp-content\/uploads\/2020\/03\/efectos-coronavirus-empresas.jpg","og:image:secure_url":"https:\/\/www.eldigitaldeasturias.com\/noticias\/wp-content\/uploads\/2020\/03\/efectos-coronavirus-empresas.jpg","og:image:width":1134,"og:image:height":632,"article:tag":["negocios y empresas"],"article:published_time":"2020-03-11T20:50:28+00:00","article:modified_time":"2020-03-11T20:50:28+00:00","article:publisher":"https:\/\/facebook.com\/eldigitaldeasturias","twitter:card":"summary_large_image","twitter:title":"Proponen fondos de rescate para las empresas alemanas por coronavirus - El Digital de Asturias","twitter:description":"Berl\u00edn, 11 mar (dpa) - Destacados economistas alemanes se pronunciaron hoy a favor de que el Estado invierta en empresas en caso de que se agrave la crisis provocada por la propagaci\u00f3n del coronavirus. En un documento presentado en Berl\u00edn, los economistas consideran que, si no se logra frenar la propagaci\u00f3n de las &quot;ondas expansivas&quot;","twitter:image":"https:\/\/www.eldigitaldeasturias.com\/noticias\/wp-content\/uploads\/2020\/03\/efectos-coronavirus-empresas.jpg","twitter:label1":"Escrito por","twitter:data1":"El Digital de Asturias","twitter:label2":"Tiempo de lectura estimado","twitter:data2":"2 minutos"},"aioseo_meta_data":{"post_id":"1060472","title":null,"description":null,"keywords":null,"keyphrases":null,"primary_term":null,"canonical_url":null,"og_title":null,"og_description":null,"og_object_type":"default","og_image_type":"default","og_image_url":null,"og_image_width":null,"og_image_height":null,"og_image_custom_url":null,"og_image_custom_fields":null,"og_video":null,"og_custom_url":null,"og_article_section":null,"og_article_tags":null,"twitter_use_og":false,"twitter_card":"default","twitter_image_type":"default","twitter_image_url":null,"twitter_image_custom_url":null,"twitter_image_custom_fields":null,"twitter_title":null,"twitter_description":null,"schema":{"blockGraphs":[],"customGraphs":[],"default":{"data":{"Article":[],"Course":[],"Dataset":[],"FAQPage":[],"Movie":[],"Person":[],"Product":[],"ProductReview":[],"Car":[],"Recipe":[],"Service":[],"SoftwareApplication":[],"WebPage":[]},"graphName":"","isEnabled":true},"graphs":[],"defaultGraph":"","defaultPostTypeGraph":""},"schema_type":null,"schema_type_options":null,"pillar_content":false,"robots_default":true,"robots_noindex":false,"robots_noarchive":false,"robots_nosnippet":false,"robots_nofollow":false,"robots_noimageindex":false,"robots_noodp":false,"robots_notranslate":false,"robots_max_snippet":null,"robots_max_videopreview":null,"robots_max_imagepreview":"large","priority":null,"frequency":null,"local_seo":null,"seo_analyzer_scan_date":"2025-10-31 12:18:07","breadcrumb_settings":null,"limit_modified_date":false,"open_ai":null,"ai":null,"created":"2020-12-21 10:54:13","updated":"2025-10-31 12:18:07"},"aioseo_breadcrumb":"<div class=\"aioseo-breadcrumbs\"><span class=\"aioseo-breadcrumb\">\n\t<a href=\"https:\/\/www.eldigitaldeasturias.com\/noticias\" title=\"Home\">Home<\/a>\n<\/span><span class=\"aioseo-breadcrumb-separator\">\u2013<\/span><span class=\"aioseo-breadcrumb\">\n\t<a href=\"https:\/\/www.eldigitaldeasturias.com\/noticias\/category\/negocios-y-empresas\/\" title=\"Negocios y Empresas\">Negocios y Empresas<\/a>\n<\/span><span class=\"aioseo-breadcrumb-separator\">\u2013<\/span><span class=\"aioseo-breadcrumb\">\n\t<a href=\"https:\/\/www.eldigitaldeasturias.com\/noticias\/proponen-fondos-de-rescate-para-las-empresas-alemanas-por-coronavirus\/\" title=\"Proponen fondos de rescate para las empresas alemanas por coronavirus\">Proponen fondos de rescate para las empresas alemanas por coronavirus<\/a>\n<\/span><\/div>","aioseo_breadcrumb_json":[{"label":"Home","link":"https:\/\/www.eldigitaldeasturias.com\/noticias"},{"label":"Negocios y Empresas","link":"https:\/\/www.eldigitaldeasturias.com\/noticias\/category\/negocios-y-empresas\/"},{"label":"Proponen fondos de rescate para las empresas alemanas por coronavirus","link":"https:\/\/www.eldigitaldeasturias.com\/noticias\/proponen-fondos-de-rescate-para-las-empresas-alemanas-por-coronavirus\/"}],"_links":{"self":[{"href":"https:\/\/www.eldigitaldeasturias.com\/noticias\/wp-json\/wp\/v2\/posts\/1060472","targetHints":{"allow":["GET"]}}],"collection":[{"href":"https:\/\/www.eldigitaldeasturias.com\/noticias\/wp-json\/wp\/v2\/posts"}],"about":[{"href":"https:\/\/www.eldigitaldeasturias.com\/noticias\/wp-json\/wp\/v2\/types\/post"}],"author":[{"embeddable":true,"href":"https:\/\/www.eldigitaldeasturias.com\/noticias\/wp-json\/wp\/v2\/users\/1"}],"replies":[{"embeddable":true,"href":"https:\/\/www.eldigitaldeasturias.com\/noticias\/wp-json\/wp\/v2\/comments?post=1060472"}],"version-history":[{"count":0,"href":"https:\/\/www.eldigitaldeasturias.com\/noticias\/wp-json\/wp\/v2\/posts\/1060472\/revisions"}],"wp:featuredmedia":[{"embeddable":true,"href":"https:\/\/www.eldigitaldeasturias.com\/noticias\/wp-json\/wp\/v2\/media\/1060473"}],"wp:attachment":[{"href":"https:\/\/www.eldigitaldeasturias.com\/noticias\/wp-json\/wp\/v2\/media?parent=1060472"}],"wp:term":[{"taxonomy":"category","embeddable":true,"href":"https:\/\/www.eldigitaldeasturias.com\/noticias\/wp-json\/wp\/v2\/categories?post=1060472"},{"taxonomy":"post_tag","embeddable":true,"href":"https:\/\/www.eldigitaldeasturias.com\/noticias\/wp-json\/wp\/v2\/tags?post=1060472"}],"curies":[{"name":"wp","href":"https:\/\/api.w.org\/{rel}","templated":true}]}}