{"id":1060470,"date":"2020-03-11T20:45:41","date_gmt":"2020-03-11T20:45:41","guid":{"rendered":"https:\/\/www.eldigitaldeasturias.com\/noticias\/?p=1060470"},"modified":"2020-03-11T20:45:41","modified_gmt":"2020-03-11T20:45:41","slug":"adidas-registra-un-claro-crecimiento-de-ventas-y-beneficios-en-2019","status":"publish","type":"post","link":"https:\/\/www.eldigitaldeasturias.com\/noticias\/adidas-registra-un-claro-crecimiento-de-ventas-y-beneficios-en-2019\/","title":{"rendered":"Adidas registra un claro crecimiento de ventas y beneficios en 2019"},"content":{"rendered":"<p><img loading=\"lazy\" decoding=\"async\" class=\"alignleft size-medium wp-image-780683\" src=\"https:\/\/www.eldigitaldeasturias.com\/noticias\/wp-content\/uploads\/2015\/04\/euros1-360x198.jpg\" alt=\"\" width=\"360\" height=\"198\" srcset=\"https:\/\/www.eldigitaldeasturias.com\/noticias\/wp-content\/uploads\/2015\/04\/euros1-360x198.jpg 360w, https:\/\/www.eldigitaldeasturias.com\/noticias\/wp-content\/uploads\/2015\/04\/euros1-480x264.jpg 480w, https:\/\/www.eldigitaldeasturias.com\/noticias\/wp-content\/uploads\/2015\/04\/euros1-20x11.jpg 20w, https:\/\/www.eldigitaldeasturias.com\/noticias\/wp-content\/uploads\/2015\/04\/euros1.jpg 655w\" sizes=\"auto, (max-width: 360px) 100vw, 360px\" \/>Herzogenaurach (Alemania), 11 mar (dpa) &#8211; El fabricante alem\u00e1n de art\u00edculos deportivos Adidas, el segundo mayor del mundo, registr\u00f3 el a\u00f1o pasado un fuerte crecimiento en ventas y beneficios el a\u00f1o pasado, revelaron las cifras presentadas hoy por la compa\u00f1\u00eda.<\/p>\n<p>En comparaci\u00f3n con 2018, los ingresos aumentaron un seis por ciento, tras el ajuste de divisas, hasta los 23.640 millones de euros (26.831 millones de d\u00f3lares), mientras que el beneficio de operaciones continuadas, el indicador clave de rendimiento para Adidas, se increment\u00f3 en un 12 por ciento hasta los 1.918 millones de euros.<\/p>\n<p>Para el a\u00f1o en curso, Adidas estima lograr un crecimiento similar, a pesar de los ingresos adicionales que se esperan de los principales eventos deportivos como la Eurocopa y los Juegos Ol\u00edmpicos.<\/p>\n<p>Sin embargo, el presidente ejecutivo de la empresa, Kaspar Rorsted, subray\u00f3 que estos pron\u00f3sticos no tienen en cuenta los posibles efectos negativos de la propagaci\u00f3n del coronavirus, que en la actualidad est\u00e1 afectando particularmente al importante negocio en China.<\/p>\n<p>Rorsted apunt\u00f3 que, seg\u00fan dicho pron\u00f3stico, Adidas planea aumentar sus ventas entre un seis y un ocho por ciento y sus beneficios entre un diez y un 13 por ciento en 2020, lo que supondr\u00eda el sexto aumento de dos d\u00edgitos consecutivos.<\/p>\n<p>El directivo indic\u00f3 asimismo que los efectos del coronavirus todav\u00eda no pueden evaluarse con claridad.<\/p>\n<p>\u00abEn vista de la evoluci\u00f3n actual de la situaci\u00f3n, todav\u00eda no se puede cuantificar de manera fiable el alcance total de las repercusiones financieras en nuestro negocio en 2020\u00bb, se\u00f1al\u00f3 Rorsted.<\/p>\n<p>\u00abDesde el brote del coronavirus se registr\u00f3 un impacto negativo significativo en nuestros negocios en China tras el A\u00f1o Nuevo chino\u00bb, precis\u00f3. La compa\u00f1\u00eda habl\u00f3 en febrero de una ca\u00edda de negocios del 85 por ciento en China.<\/p>\n","protected":false},"excerpt":{"rendered":"<p>Herzogenaurach (Alemania), 11 mar (dpa) &#8211; El fabricante alem\u00e1n de art\u00edculos deportivos Adidas, el segundo mayor del mundo, registr\u00f3 el a\u00f1o pasado un fuerte crecimiento en ventas y beneficios el a\u00f1o pasado, revelaron las cifras presentadas hoy por la compa\u00f1\u00eda. En comparaci\u00f3n con 2018, los ingresos aumentaron un seis por ciento, tras el ajuste de [&hellip;]<\/p>\n","protected":false},"author":1,"featured_media":780683,"comment_status":"closed","ping_status":"closed","sticky":false,"template":"","format":"standard","meta":{"footnotes":""},"categories":[219],"tags":[],"class_list":["post-1060470","post","type-post","status-publish","format-standard","has-post-thumbnail","hentry","category-negocios-y-empresas"],"aioseo_notices":[],"aioseo_head":"\n\t\t<!-- All in One SEO Pro 4.9.6.2 - aioseo.com -->\n\t<meta name=\"description\" content=\"Herzogenaurach (Alemania), 11 mar (dpa) - El fabricante alem\u00e1n de art\u00edculos deportivos Adidas, el segundo mayor del mundo, registr\u00f3 el a\u00f1o pasado un fuerte crecimiento en ventas y beneficios el a\u00f1o pasado, revelaron las cifras presentadas hoy por la compa\u00f1\u00eda. En comparaci\u00f3n con 2018, los ingresos aumentaron un seis por ciento, tras el ajuste de\" \/>\n\t<meta name=\"robots\" content=\"max-image-preview:large\" \/>\n\t<meta name=\"author\" content=\"El Digital de Asturias\"\/>\n\t<meta name=\"google-site-verification\" content=\"UA-38556648-1\" \/>\n\t<meta name=\"msvalidate.01\" content=\"7dfe9f3f1b24437ab69f4f2559babe99\" \/>\n\t<meta name=\"keywords\" content=\"negocios y empresas\" \/>\n\t<link rel=\"canonical\" href=\"https:\/\/www.eldigitaldeasturias.com\/noticias\/adidas-registra-un-claro-crecimiento-de-ventas-y-beneficios-en-2019\/\" \/>\n\t<meta name=\"generator\" content=\"All in One SEO Pro (AIOSEO) 4.9.6.2\" \/>\n\t\t<meta property=\"og:locale\" content=\"es_ES\" \/>\n\t\t<meta property=\"og:site_name\" content=\"El Digital de Asturias\" \/>\n\t\t<meta property=\"og:type\" content=\"article\" \/>\n\t\t<meta property=\"og:title\" content=\"Adidas registra un claro crecimiento de ventas y beneficios en 2019 - El Digital de Asturias\" \/>\n\t\t<meta property=\"og:description\" content=\"Herzogenaurach (Alemania), 11 mar (dpa) - El fabricante alem\u00e1n de art\u00edculos deportivos Adidas, el segundo mayor del mundo, registr\u00f3 el a\u00f1o pasado un fuerte crecimiento en ventas y beneficios el a\u00f1o pasado, revelaron las cifras presentadas hoy por la compa\u00f1\u00eda. En comparaci\u00f3n con 2018, los ingresos aumentaron un seis por ciento, tras el ajuste de\" \/>\n\t\t<meta property=\"og:url\" content=\"https:\/\/www.eldigitaldeasturias.com\/noticias\/adidas-registra-un-claro-crecimiento-de-ventas-y-beneficios-en-2019\/\" \/>\n\t\t<meta property=\"og:image\" content=\"https:\/\/www.eldigitaldeasturias.com\/noticias\/wp-content\/uploads\/2015\/04\/euros1.jpg\" \/>\n\t\t<meta property=\"og:image:secure_url\" content=\"https:\/\/www.eldigitaldeasturias.com\/noticias\/wp-content\/uploads\/2015\/04\/euros1.jpg\" \/>\n\t\t<meta property=\"og:image:width\" content=\"655\" \/>\n\t\t<meta property=\"og:image:height\" content=\"360\" \/>\n\t\t<meta property=\"article:tag\" content=\"negocios y empresas\" \/>\n\t\t<meta property=\"article:published_time\" content=\"2020-03-11T20:45:41+00:00\" \/>\n\t\t<meta property=\"article:modified_time\" content=\"2020-03-11T20:45:41+00:00\" \/>\n\t\t<meta property=\"article:publisher\" content=\"https:\/\/facebook.com\/eldigitaldeasturias\" \/>\n\t\t<meta name=\"twitter:card\" content=\"summary_large_image\" \/>\n\t\t<meta name=\"twitter:title\" content=\"Adidas registra un claro crecimiento de ventas y beneficios en 2019 - El Digital de Asturias\" \/>\n\t\t<meta name=\"twitter:description\" content=\"Herzogenaurach (Alemania), 11 mar (dpa) - El fabricante alem\u00e1n de art\u00edculos deportivos Adidas, el segundo mayor del mundo, registr\u00f3 el a\u00f1o pasado un fuerte crecimiento en ventas y beneficios el a\u00f1o pasado, revelaron las cifras presentadas hoy por la compa\u00f1\u00eda. En comparaci\u00f3n con 2018, los ingresos aumentaron un seis por ciento, tras el ajuste de\" \/>\n\t\t<meta name=\"twitter:image\" content=\"https:\/\/www.eldigitaldeasturias.com\/noticias\/wp-content\/uploads\/2015\/04\/euros1.jpg\" \/>\n\t\t<meta name=\"twitter:label1\" content=\"Escrito por\" \/>\n\t\t<meta name=\"twitter:data1\" content=\"El Digital de Asturias\" \/>\n\t\t<meta name=\"twitter:label2\" content=\"Tiempo de lectura estimado\" \/>\n\t\t<meta name=\"twitter:data2\" content=\"2 minutos\" \/>\n\t\t<script type=\"application\/ld+json\" class=\"aioseo-schema\">\n\t\t\t{\"@context\":\"https:\\\/\\\/schema.org\",\"@graph\":[{\"@type\":\"BlogPosting\",\"@id\":\"https:\\\/\\\/www.eldigitaldeasturias.com\\\/noticias\\\/adidas-registra-un-claro-crecimiento-de-ventas-y-beneficios-en-2019\\\/#blogposting\",\"name\":\"Adidas registra un claro crecimiento de ventas y beneficios en 2019 - El Digital de Asturias\",\"headline\":\"Adidas registra un claro crecimiento de ventas y beneficios en 2019\",\"author\":{\"@id\":\"https:\\\/\\\/www.eldigitaldeasturias.com\\\/noticias\\\/author\\\/admin\\\/#author\"},\"publisher\":{\"@id\":\"https:\\\/\\\/www.eldigitaldeasturias.com\\\/noticias\\\/#organization\"},\"image\":{\"@type\":\"ImageObject\",\"url\":\"https:\\\/\\\/www.eldigitaldeasturias.com\\\/noticias\\\/wp-content\\\/uploads\\\/2015\\\/04\\\/euros1.jpg\",\"width\":655,\"height\":360,\"caption\":\"euros\"},\"datePublished\":\"2020-03-11T20:45:41+01:00\",\"dateModified\":\"2020-03-11T20:45:41+01:00\",\"inLanguage\":\"es-ES\",\"mainEntityOfPage\":{\"@id\":\"https:\\\/\\\/www.eldigitaldeasturias.com\\\/noticias\\\/adidas-registra-un-claro-crecimiento-de-ventas-y-beneficios-en-2019\\\/#webpage\"},\"isPartOf\":{\"@id\":\"https:\\\/\\\/www.eldigitaldeasturias.com\\\/noticias\\\/adidas-registra-un-claro-crecimiento-de-ventas-y-beneficios-en-2019\\\/#webpage\"},\"articleSection\":\"Negocios y Empresas\"},{\"@type\":\"BreadcrumbList\",\"@id\":\"https:\\\/\\\/www.eldigitaldeasturias.com\\\/noticias\\\/adidas-registra-un-claro-crecimiento-de-ventas-y-beneficios-en-2019\\\/#breadcrumblist\",\"itemListElement\":[{\"@type\":\"ListItem\",\"@id\":\"https:\\\/\\\/www.eldigitaldeasturias.com\\\/noticias#listItem\",\"position\":1,\"name\":\"Home\",\"item\":\"https:\\\/\\\/www.eldigitaldeasturias.com\\\/noticias\",\"nextItem\":{\"@type\":\"ListItem\",\"@id\":\"https:\\\/\\\/www.eldigitaldeasturias.com\\\/noticias\\\/category\\\/negocios-y-empresas\\\/#listItem\",\"name\":\"Negocios y Empresas\"}},{\"@type\":\"ListItem\",\"@id\":\"https:\\\/\\\/www.eldigitaldeasturias.com\\\/noticias\\\/category\\\/negocios-y-empresas\\\/#listItem\",\"position\":2,\"name\":\"Negocios y Empresas\",\"item\":\"https:\\\/\\\/www.eldigitaldeasturias.com\\\/noticias\\\/category\\\/negocios-y-empresas\\\/\",\"nextItem\":{\"@type\":\"ListItem\",\"@id\":\"https:\\\/\\\/www.eldigitaldeasturias.com\\\/noticias\\\/adidas-registra-un-claro-crecimiento-de-ventas-y-beneficios-en-2019\\\/#listItem\",\"name\":\"Adidas registra un claro crecimiento de ventas y beneficios en 2019\"},\"previousItem\":{\"@type\":\"ListItem\",\"@id\":\"https:\\\/\\\/www.eldigitaldeasturias.com\\\/noticias#listItem\",\"name\":\"Home\"}},{\"@type\":\"ListItem\",\"@id\":\"https:\\\/\\\/www.eldigitaldeasturias.com\\\/noticias\\\/adidas-registra-un-claro-crecimiento-de-ventas-y-beneficios-en-2019\\\/#listItem\",\"position\":3,\"name\":\"Adidas registra un claro crecimiento de ventas y beneficios en 2019\",\"previousItem\":{\"@type\":\"ListItem\",\"@id\":\"https:\\\/\\\/www.eldigitaldeasturias.com\\\/noticias\\\/category\\\/negocios-y-empresas\\\/#listItem\",\"name\":\"Negocios y Empresas\"}}]},{\"@type\":\"Organization\",\"@id\":\"https:\\\/\\\/www.eldigitaldeasturias.com\\\/noticias\\\/#organization\",\"name\":\"El Digital de Asturias\",\"description\":\"Hemeroteca\",\"url\":\"https:\\\/\\\/www.eldigitaldeasturias.com\\\/noticias\\\/\",\"email\":\"info@eldigitaldeasturias.com\",\"telephone\":\"+34652131393\",\"logo\":{\"@type\":\"ImageObject\",\"url\":\"https:\\\/\\\/www.eldigitaldeasturias.com\\\/noticias\\\/wp-content\\\/uploads\\\/2020\\\/12\\\/EDA.jpg\",\"@id\":\"https:\\\/\\\/www.eldigitaldeasturias.com\\\/noticias\\\/adidas-registra-un-claro-crecimiento-de-ventas-y-beneficios-en-2019\\\/#organizationLogo\",\"width\":649,\"height\":297},\"image\":{\"@id\":\"https:\\\/\\\/www.eldigitaldeasturias.com\\\/noticias\\\/adidas-registra-un-claro-crecimiento-de-ventas-y-beneficios-en-2019\\\/#organizationLogo\"},\"sameAs\":[\"https:\\\/\\\/facebook.com\\\/eldigitaldeasturias\",\"https:\\\/\\\/www.youtube.com\\\/channel\\\/UCZP-2wLEB9Rv6erhFmqVnvg\"],\"address\":{\"@id\":\"https:\\\/\\\/www.eldigitaldeasturias.com\\\/noticias\\\/#postaladdress\",\"@type\":\"PostalAddress\",\"streetAddress\":\"san antonio 4,\",\"postalCode\":\"33430\",\"addressLocality\":\"Cand\\u00e1s\",\"addressRegion\":\"Asturias\",\"addressCountry\":\"ES\"}},{\"@type\":\"Person\",\"@id\":\"https:\\\/\\\/www.eldigitaldeasturias.com\\\/noticias\\\/author\\\/admin\\\/#author\",\"url\":\"https:\\\/\\\/www.eldigitaldeasturias.com\\\/noticias\\\/author\\\/admin\\\/\",\"name\":\"El Digital de Asturias\",\"image\":{\"@type\":\"ImageObject\",\"@id\":\"https:\\\/\\\/www.eldigitaldeasturias.com\\\/noticias\\\/adidas-registra-un-claro-crecimiento-de-ventas-y-beneficios-en-2019\\\/#authorImage\",\"url\":\"https:\\\/\\\/www.eldigitaldeasturias.com\\\/noticias\\\/wp-content\\\/litespeed\\\/avatar\\\/18677e78aa0546b92d9dbf31ec7d7668.jpg?ver=1777290358\",\"width\":96,\"height\":96,\"caption\":\"El Digital de Asturias\"}},{\"@type\":\"WebPage\",\"@id\":\"https:\\\/\\\/www.eldigitaldeasturias.com\\\/noticias\\\/adidas-registra-un-claro-crecimiento-de-ventas-y-beneficios-en-2019\\\/#webpage\",\"url\":\"https:\\\/\\\/www.eldigitaldeasturias.com\\\/noticias\\\/adidas-registra-un-claro-crecimiento-de-ventas-y-beneficios-en-2019\\\/\",\"name\":\"Adidas registra un claro crecimiento de ventas y beneficios en 2019 - El Digital de Asturias\",\"description\":\"Herzogenaurach (Alemania), 11 mar (dpa) - El fabricante alem\\u00e1n de art\\u00edculos deportivos Adidas, el segundo mayor del mundo, registr\\u00f3 el a\\u00f1o pasado un fuerte crecimiento en ventas y beneficios el a\\u00f1o pasado, revelaron las cifras presentadas hoy por la compa\\u00f1\\u00eda. En comparaci\\u00f3n con 2018, los ingresos aumentaron un seis por ciento, tras el ajuste de\",\"inLanguage\":\"es-ES\",\"isPartOf\":{\"@id\":\"https:\\\/\\\/www.eldigitaldeasturias.com\\\/noticias\\\/#website\"},\"breadcrumb\":{\"@id\":\"https:\\\/\\\/www.eldigitaldeasturias.com\\\/noticias\\\/adidas-registra-un-claro-crecimiento-de-ventas-y-beneficios-en-2019\\\/#breadcrumblist\"},\"author\":{\"@id\":\"https:\\\/\\\/www.eldigitaldeasturias.com\\\/noticias\\\/author\\\/admin\\\/#author\"},\"creator\":{\"@id\":\"https:\\\/\\\/www.eldigitaldeasturias.com\\\/noticias\\\/author\\\/admin\\\/#author\"},\"image\":{\"@type\":\"ImageObject\",\"url\":\"https:\\\/\\\/www.eldigitaldeasturias.com\\\/noticias\\\/wp-content\\\/uploads\\\/2015\\\/04\\\/euros1.jpg\",\"@id\":\"https:\\\/\\\/www.eldigitaldeasturias.com\\\/noticias\\\/adidas-registra-un-claro-crecimiento-de-ventas-y-beneficios-en-2019\\\/#mainImage\",\"width\":655,\"height\":360,\"caption\":\"euros\"},\"primaryImageOfPage\":{\"@id\":\"https:\\\/\\\/www.eldigitaldeasturias.com\\\/noticias\\\/adidas-registra-un-claro-crecimiento-de-ventas-y-beneficios-en-2019\\\/#mainImage\"},\"datePublished\":\"2020-03-11T20:45:41+01:00\",\"dateModified\":\"2020-03-11T20:45:41+01:00\"},{\"@type\":\"WebSite\",\"@id\":\"https:\\\/\\\/www.eldigitaldeasturias.com\\\/noticias\\\/#website\",\"url\":\"https:\\\/\\\/www.eldigitaldeasturias.com\\\/noticias\\\/\",\"name\":\"El Digital de Asturias - Diario de actualidad y noticias\",\"alternateName\":\"El Digital de Asturias - Diario de actualidad y noticias\",\"description\":\"Hemeroteca\",\"inLanguage\":\"es-ES\",\"publisher\":{\"@id\":\"https:\\\/\\\/www.eldigitaldeasturias.com\\\/noticias\\\/#organization\"}}]}\n\t\t<\/script>\n\t\t<!-- All in One SEO Pro -->\r\n\t\t<title>Adidas registra un claro crecimiento de ventas y beneficios en 2019 - El Digital de Asturias<\/title>\n\n","aioseo_head_json":{"title":"Adidas registra un claro crecimiento de ventas y beneficios en 2019 - El Digital de Asturias","description":"Herzogenaurach (Alemania), 11 mar (dpa) - El fabricante alem\u00e1n de art\u00edculos deportivos Adidas, el segundo mayor del mundo, registr\u00f3 el a\u00f1o pasado un fuerte crecimiento en ventas y beneficios el a\u00f1o pasado, revelaron las cifras presentadas hoy por la compa\u00f1\u00eda. En comparaci\u00f3n con 2018, los ingresos aumentaron un seis por ciento, tras el ajuste de","canonical_url":"https:\/\/www.eldigitaldeasturias.com\/noticias\/adidas-registra-un-claro-crecimiento-de-ventas-y-beneficios-en-2019\/","robots":"max-image-preview:large","keywords":"negocios y empresas","webmasterTools":{"google-site-verification":"UA-38556648-1","msvalidate.01":"7dfe9f3f1b24437ab69f4f2559babe99","miscellaneous":""},"schema":{"@context":"https:\/\/schema.org","@graph":[{"@type":"BlogPosting","@id":"https:\/\/www.eldigitaldeasturias.com\/noticias\/adidas-registra-un-claro-crecimiento-de-ventas-y-beneficios-en-2019\/#blogposting","name":"Adidas registra un claro crecimiento de ventas y beneficios en 2019 - El Digital de Asturias","headline":"Adidas registra un claro crecimiento de ventas y beneficios en 2019","author":{"@id":"https:\/\/www.eldigitaldeasturias.com\/noticias\/author\/admin\/#author"},"publisher":{"@id":"https:\/\/www.eldigitaldeasturias.com\/noticias\/#organization"},"image":{"@type":"ImageObject","url":"https:\/\/www.eldigitaldeasturias.com\/noticias\/wp-content\/uploads\/2015\/04\/euros1.jpg","width":655,"height":360,"caption":"euros"},"datePublished":"2020-03-11T20:45:41+01:00","dateModified":"2020-03-11T20:45:41+01:00","inLanguage":"es-ES","mainEntityOfPage":{"@id":"https:\/\/www.eldigitaldeasturias.com\/noticias\/adidas-registra-un-claro-crecimiento-de-ventas-y-beneficios-en-2019\/#webpage"},"isPartOf":{"@id":"https:\/\/www.eldigitaldeasturias.com\/noticias\/adidas-registra-un-claro-crecimiento-de-ventas-y-beneficios-en-2019\/#webpage"},"articleSection":"Negocios y Empresas"},{"@type":"BreadcrumbList","@id":"https:\/\/www.eldigitaldeasturias.com\/noticias\/adidas-registra-un-claro-crecimiento-de-ventas-y-beneficios-en-2019\/#breadcrumblist","itemListElement":[{"@type":"ListItem","@id":"https:\/\/www.eldigitaldeasturias.com\/noticias#listItem","position":1,"name":"Home","item":"https:\/\/www.eldigitaldeasturias.com\/noticias","nextItem":{"@type":"ListItem","@id":"https:\/\/www.eldigitaldeasturias.com\/noticias\/category\/negocios-y-empresas\/#listItem","name":"Negocios y Empresas"}},{"@type":"ListItem","@id":"https:\/\/www.eldigitaldeasturias.com\/noticias\/category\/negocios-y-empresas\/#listItem","position":2,"name":"Negocios y Empresas","item":"https:\/\/www.eldigitaldeasturias.com\/noticias\/category\/negocios-y-empresas\/","nextItem":{"@type":"ListItem","@id":"https:\/\/www.eldigitaldeasturias.com\/noticias\/adidas-registra-un-claro-crecimiento-de-ventas-y-beneficios-en-2019\/#listItem","name":"Adidas registra un claro crecimiento de ventas y beneficios en 2019"},"previousItem":{"@type":"ListItem","@id":"https:\/\/www.eldigitaldeasturias.com\/noticias#listItem","name":"Home"}},{"@type":"ListItem","@id":"https:\/\/www.eldigitaldeasturias.com\/noticias\/adidas-registra-un-claro-crecimiento-de-ventas-y-beneficios-en-2019\/#listItem","position":3,"name":"Adidas registra un claro crecimiento de ventas y beneficios en 2019","previousItem":{"@type":"ListItem","@id":"https:\/\/www.eldigitaldeasturias.com\/noticias\/category\/negocios-y-empresas\/#listItem","name":"Negocios y Empresas"}}]},{"@type":"Organization","@id":"https:\/\/www.eldigitaldeasturias.com\/noticias\/#organization","name":"El Digital de Asturias","description":"Hemeroteca","url":"https:\/\/www.eldigitaldeasturias.com\/noticias\/","email":"info@eldigitaldeasturias.com","telephone":"+34652131393","logo":{"@type":"ImageObject","url":"https:\/\/www.eldigitaldeasturias.com\/noticias\/wp-content\/uploads\/2020\/12\/EDA.jpg","@id":"https:\/\/www.eldigitaldeasturias.com\/noticias\/adidas-registra-un-claro-crecimiento-de-ventas-y-beneficios-en-2019\/#organizationLogo","width":649,"height":297},"image":{"@id":"https:\/\/www.eldigitaldeasturias.com\/noticias\/adidas-registra-un-claro-crecimiento-de-ventas-y-beneficios-en-2019\/#organizationLogo"},"sameAs":["https:\/\/facebook.com\/eldigitaldeasturias","https:\/\/www.youtube.com\/channel\/UCZP-2wLEB9Rv6erhFmqVnvg"],"address":{"@id":"https:\/\/www.eldigitaldeasturias.com\/noticias\/#postaladdress","@type":"PostalAddress","streetAddress":"san antonio 4,","postalCode":"33430","addressLocality":"Cand\u00e1s","addressRegion":"Asturias","addressCountry":"ES"}},{"@type":"Person","@id":"https:\/\/www.eldigitaldeasturias.com\/noticias\/author\/admin\/#author","url":"https:\/\/www.eldigitaldeasturias.com\/noticias\/author\/admin\/","name":"El Digital de Asturias","image":{"@type":"ImageObject","@id":"https:\/\/www.eldigitaldeasturias.com\/noticias\/adidas-registra-un-claro-crecimiento-de-ventas-y-beneficios-en-2019\/#authorImage","url":"https:\/\/www.eldigitaldeasturias.com\/noticias\/wp-content\/litespeed\/avatar\/18677e78aa0546b92d9dbf31ec7d7668.jpg?ver=1777290358","width":96,"height":96,"caption":"El Digital de Asturias"}},{"@type":"WebPage","@id":"https:\/\/www.eldigitaldeasturias.com\/noticias\/adidas-registra-un-claro-crecimiento-de-ventas-y-beneficios-en-2019\/#webpage","url":"https:\/\/www.eldigitaldeasturias.com\/noticias\/adidas-registra-un-claro-crecimiento-de-ventas-y-beneficios-en-2019\/","name":"Adidas registra un claro crecimiento de ventas y beneficios en 2019 - El Digital de Asturias","description":"Herzogenaurach (Alemania), 11 mar (dpa) - El fabricante alem\u00e1n de art\u00edculos deportivos Adidas, el segundo mayor del mundo, registr\u00f3 el a\u00f1o pasado un fuerte crecimiento en ventas y beneficios el a\u00f1o pasado, revelaron las cifras presentadas hoy por la compa\u00f1\u00eda. En comparaci\u00f3n con 2018, los ingresos aumentaron un seis por ciento, tras el ajuste de","inLanguage":"es-ES","isPartOf":{"@id":"https:\/\/www.eldigitaldeasturias.com\/noticias\/#website"},"breadcrumb":{"@id":"https:\/\/www.eldigitaldeasturias.com\/noticias\/adidas-registra-un-claro-crecimiento-de-ventas-y-beneficios-en-2019\/#breadcrumblist"},"author":{"@id":"https:\/\/www.eldigitaldeasturias.com\/noticias\/author\/admin\/#author"},"creator":{"@id":"https:\/\/www.eldigitaldeasturias.com\/noticias\/author\/admin\/#author"},"image":{"@type":"ImageObject","url":"https:\/\/www.eldigitaldeasturias.com\/noticias\/wp-content\/uploads\/2015\/04\/euros1.jpg","@id":"https:\/\/www.eldigitaldeasturias.com\/noticias\/adidas-registra-un-claro-crecimiento-de-ventas-y-beneficios-en-2019\/#mainImage","width":655,"height":360,"caption":"euros"},"primaryImageOfPage":{"@id":"https:\/\/www.eldigitaldeasturias.com\/noticias\/adidas-registra-un-claro-crecimiento-de-ventas-y-beneficios-en-2019\/#mainImage"},"datePublished":"2020-03-11T20:45:41+01:00","dateModified":"2020-03-11T20:45:41+01:00"},{"@type":"WebSite","@id":"https:\/\/www.eldigitaldeasturias.com\/noticias\/#website","url":"https:\/\/www.eldigitaldeasturias.com\/noticias\/","name":"El Digital de Asturias - Diario de actualidad y noticias","alternateName":"El Digital de Asturias - Diario de actualidad y noticias","description":"Hemeroteca","inLanguage":"es-ES","publisher":{"@id":"https:\/\/www.eldigitaldeasturias.com\/noticias\/#organization"}}]},"og:locale":"es_ES","og:site_name":"El Digital de Asturias","og:type":"article","og:title":"Adidas registra un claro crecimiento de ventas y beneficios en 2019 - El Digital de Asturias","og:description":"Herzogenaurach (Alemania), 11 mar (dpa) - El fabricante alem\u00e1n de art\u00edculos deportivos Adidas, el segundo mayor del mundo, registr\u00f3 el a\u00f1o pasado un fuerte crecimiento en ventas y beneficios el a\u00f1o pasado, revelaron las cifras presentadas hoy por la compa\u00f1\u00eda. En comparaci\u00f3n con 2018, los ingresos aumentaron un seis por ciento, tras el ajuste de","og:url":"https:\/\/www.eldigitaldeasturias.com\/noticias\/adidas-registra-un-claro-crecimiento-de-ventas-y-beneficios-en-2019\/","og:image":"https:\/\/www.eldigitaldeasturias.com\/noticias\/wp-content\/uploads\/2015\/04\/euros1.jpg","og:image:secure_url":"https:\/\/www.eldigitaldeasturias.com\/noticias\/wp-content\/uploads\/2015\/04\/euros1.jpg","og:image:width":655,"og:image:height":360,"article:tag":["negocios y empresas"],"article:published_time":"2020-03-11T20:45:41+00:00","article:modified_time":"2020-03-11T20:45:41+00:00","article:publisher":"https:\/\/facebook.com\/eldigitaldeasturias","twitter:card":"summary_large_image","twitter:title":"Adidas registra un claro crecimiento de ventas y beneficios en 2019 - El Digital de Asturias","twitter:description":"Herzogenaurach (Alemania), 11 mar (dpa) - El fabricante alem\u00e1n de art\u00edculos deportivos Adidas, el segundo mayor del mundo, registr\u00f3 el a\u00f1o pasado un fuerte crecimiento en ventas y beneficios el a\u00f1o pasado, revelaron las cifras presentadas hoy por la compa\u00f1\u00eda. En comparaci\u00f3n con 2018, los ingresos aumentaron un seis por ciento, tras el ajuste de","twitter:image":"https:\/\/www.eldigitaldeasturias.com\/noticias\/wp-content\/uploads\/2015\/04\/euros1.jpg","twitter:label1":"Escrito por","twitter:data1":"El Digital de Asturias","twitter:label2":"Tiempo de lectura estimado","twitter:data2":"2 minutos"},"aioseo_meta_data":{"post_id":"1060470","title":null,"description":null,"keywords":null,"keyphrases":null,"primary_term":null,"canonical_url":null,"og_title":null,"og_description":null,"og_object_type":"default","og_image_type":"default","og_image_url":null,"og_image_width":null,"og_image_height":null,"og_image_custom_url":null,"og_image_custom_fields":null,"og_video":null,"og_custom_url":null,"og_article_section":null,"og_article_tags":null,"twitter_use_og":false,"twitter_card":"default","twitter_image_type":"default","twitter_image_url":null,"twitter_image_custom_url":null,"twitter_image_custom_fields":null,"twitter_title":null,"twitter_description":null,"schema":{"blockGraphs":[],"customGraphs":[],"default":{"data":{"Article":[],"Course":[],"Dataset":[],"FAQPage":[],"Movie":[],"Person":[],"Product":[],"ProductReview":[],"Car":[],"Recipe":[],"Service":[],"SoftwareApplication":[],"WebPage":[]},"graphName":"","isEnabled":true},"graphs":[],"defaultGraph":"","defaultPostTypeGraph":""},"schema_type":null,"schema_type_options":null,"pillar_content":false,"robots_default":true,"robots_noindex":false,"robots_noarchive":false,"robots_nosnippet":false,"robots_nofollow":false,"robots_noimageindex":false,"robots_noodp":false,"robots_notranslate":false,"robots_max_snippet":null,"robots_max_videopreview":null,"robots_max_imagepreview":"large","priority":null,"frequency":null,"local_seo":null,"seo_analyzer_scan_date":"2025-10-31 12:18:06","breadcrumb_settings":null,"limit_modified_date":false,"open_ai":null,"ai":null,"created":"2020-12-21 10:54:13","updated":"2025-10-31 12:18:06"},"aioseo_breadcrumb":"<div class=\"aioseo-breadcrumbs\"><span class=\"aioseo-breadcrumb\">\n\t<a href=\"https:\/\/www.eldigitaldeasturias.com\/noticias\" title=\"Home\">Home<\/a>\n<\/span><span class=\"aioseo-breadcrumb-separator\">\u2013<\/span><span class=\"aioseo-breadcrumb\">\n\t<a href=\"https:\/\/www.eldigitaldeasturias.com\/noticias\/category\/negocios-y-empresas\/\" title=\"Negocios y Empresas\">Negocios y Empresas<\/a>\n<\/span><span class=\"aioseo-breadcrumb-separator\">\u2013<\/span><span class=\"aioseo-breadcrumb\">\n\t<a href=\"https:\/\/www.eldigitaldeasturias.com\/noticias\/adidas-registra-un-claro-crecimiento-de-ventas-y-beneficios-en-2019\/\" title=\"Adidas registra un claro crecimiento de ventas y beneficios en 2019\">Adidas registra un claro crecimiento de ventas y beneficios en 2019<\/a>\n<\/span><\/div>","aioseo_breadcrumb_json":[{"label":"Home","link":"https:\/\/www.eldigitaldeasturias.com\/noticias"},{"label":"Negocios y Empresas","link":"https:\/\/www.eldigitaldeasturias.com\/noticias\/category\/negocios-y-empresas\/"},{"label":"Adidas registra un claro crecimiento de ventas y beneficios en 2019","link":"https:\/\/www.eldigitaldeasturias.com\/noticias\/adidas-registra-un-claro-crecimiento-de-ventas-y-beneficios-en-2019\/"}],"_links":{"self":[{"href":"https:\/\/www.eldigitaldeasturias.com\/noticias\/wp-json\/wp\/v2\/posts\/1060470","targetHints":{"allow":["GET"]}}],"collection":[{"href":"https:\/\/www.eldigitaldeasturias.com\/noticias\/wp-json\/wp\/v2\/posts"}],"about":[{"href":"https:\/\/www.eldigitaldeasturias.com\/noticias\/wp-json\/wp\/v2\/types\/post"}],"author":[{"embeddable":true,"href":"https:\/\/www.eldigitaldeasturias.com\/noticias\/wp-json\/wp\/v2\/users\/1"}],"replies":[{"embeddable":true,"href":"https:\/\/www.eldigitaldeasturias.com\/noticias\/wp-json\/wp\/v2\/comments?post=1060470"}],"version-history":[{"count":0,"href":"https:\/\/www.eldigitaldeasturias.com\/noticias\/wp-json\/wp\/v2\/posts\/1060470\/revisions"}],"wp:featuredmedia":[{"embeddable":true,"href":"https:\/\/www.eldigitaldeasturias.com\/noticias\/wp-json\/wp\/v2\/media\/780683"}],"wp:attachment":[{"href":"https:\/\/www.eldigitaldeasturias.com\/noticias\/wp-json\/wp\/v2\/media?parent=1060470"}],"wp:term":[{"taxonomy":"category","embeddable":true,"href":"https:\/\/www.eldigitaldeasturias.com\/noticias\/wp-json\/wp\/v2\/categories?post=1060470"},{"taxonomy":"post_tag","embeddable":true,"href":"https:\/\/www.eldigitaldeasturias.com\/noticias\/wp-json\/wp\/v2\/tags?post=1060470"}],"curies":[{"name":"wp","href":"https:\/\/api.w.org\/{rel}","templated":true}]}}