{"id":1060466,"date":"2020-03-11T19:51:06","date_gmt":"2020-03-11T19:51:06","guid":{"rendered":"https:\/\/www.eldigitaldeasturias.com\/noticias\/?p=1060466"},"modified":"2020-03-11T19:51:32","modified_gmt":"2020-03-11T19:51:32","slug":"covid-19-en-asturias-39-casos-confirmados-en-el-principado","status":"publish","type":"post","link":"https:\/\/www.eldigitaldeasturias.com\/noticias\/covid-19-en-asturias-39-casos-confirmados-en-el-principado\/","title":{"rendered":"COVID-19 en Asturias: 39 casos confirmados en el Principado"},"content":{"rendered":"<p><img loading=\"lazy\" decoding=\"async\" class=\"alignleft size-medium wp-image-1060403\" src=\"https:\/\/www.eldigitaldeasturias.com\/noticias\/wp-content\/uploads\/2020\/03\/COVID-19-Asturias-360x250.jpg\" alt=\"\" width=\"360\" height=\"250\" srcset=\"https:\/\/www.eldigitaldeasturias.com\/noticias\/wp-content\/uploads\/2020\/03\/COVID-19-Asturias-360x250.jpg 360w, https:\/\/www.eldigitaldeasturias.com\/noticias\/wp-content\/uploads\/2020\/03\/COVID-19-Asturias-690x480.jpg 690w, https:\/\/www.eldigitaldeasturias.com\/noticias\/wp-content\/uploads\/2020\/03\/COVID-19-Asturias-432x300.jpg 432w, https:\/\/www.eldigitaldeasturias.com\/noticias\/wp-content\/uploads\/2020\/03\/COVID-19-Asturias-768x533.jpg 768w, https:\/\/www.eldigitaldeasturias.com\/noticias\/wp-content\/uploads\/2020\/03\/COVID-19-Asturias-1024x711.jpg 1024w, https:\/\/www.eldigitaldeasturias.com\/noticias\/wp-content\/uploads\/2020\/03\/COVID-19-Asturias.jpg 1088w\" sizes=\"auto, (max-width: 360px) 100vw, 360px\" \/>La Consejer\u00eda de Salud ha decidido suspender esta tarde la actividad docente en el Colegio Inmaculada de Oviedo por un caso positivo de COVID-19 en un alumno de Primaria. El menor presenta s\u00edntomas leves y permanece aislado en su casa con seguimiento telef\u00f3nico.<\/p>\n<p>A partir de ma\u00f1ana no habr\u00e1 clases en este centro, una situaci\u00f3n que se prolongar\u00e1 tambi\u00e9n de manera preventiva durante 14 d\u00edas en los colegios La Inmaculada y San Ignacio, y en el centro educativo de la Fundaci\u00f3n Masaveu, al que est\u00e1n vinculados 24 casos de los 39 que registra el Principado.<\/p>\n<p>Por su parte, el Instituto de Educaci\u00f3n Secundaria Monte Naranco y el Colegio Santo Domingo de Guzm\u00e1n, en Oviedo, as\u00ed como el IES Ram\u00f3n Areces, en Grado, permanecer\u00e1n cerrados inicialmente hasta el lunes 16 de marzo. Las autoridades sanitarias consideran que la situaci\u00f3n de estos tres centros es de bajo riesgo, al haber dado negativo un caso sospechoso. Todas las medidas preventivas est\u00e1n sujetas a cambios en funci\u00f3n de la evoluci\u00f3n de la epidemia.<\/p>\n<p>El alumnado escolarizado en cualquiera de los centros citados que presente fiebre, tos o sensaci\u00f3n de falta de aire deber\u00e1 llamar al tel\u00e9fono 112. En esta llamada precisar\u00e1 d\u00f3nde estudia y posteriormente el 112 realizar\u00e1 una valoraci\u00f3n de acuerdo con el Servicio de Vigilancia Epidemiol\u00f3gica. Esa valoraci\u00f3n no implica necesariamente la realizaci\u00f3n de la prueba.<\/p>\n<p>La consejera de Educaci\u00f3n, Carmen Su\u00e1rez, ha informado hoy a las direcciones de los centros de los criterios aplicados en cada caso, as\u00ed como el porqu\u00e9 de la condici\u00f3n temporal de las medidas.<\/p>\n<p>Su\u00e1rez tambi\u00e9n ha mantenido reuniones informativas con representantes de las asociaciones de padres y madres Ceapa y Miguel Virg\u00f3s, y con responsables de las organizaciones sindicales de los centros p\u00fablicos (representadas en la junta de personal docente), concertados y privados.<\/p>\n<h3>Recomendaciones<\/h3>\n<p>Las autoridades sanitarias recuerdan que las recomendaciones frente al coronavirus contin\u00faan siendo las mismas. Las personas que han viajado a alguna de las zonas consideradas de riesgo (China, Corea del Sur, Jap\u00f3n, Singapur, Ir\u00e1n y las regiones italianas de Lombard\u00eda, Veneto, Emilia-Romagna y Piamonte) y que presenten los s\u00edntomas de tos, fiebre o dificultad respiratoria deben ponerse en contacto con el 112 para obtener informaci\u00f3n sobre las actuaciones que han de realizar.<\/p>\n<p>Tambi\u00e9n se insiste en que la medida m\u00e1s eficaz para prevenir la transmisi\u00f3n de los virus respiratorios, entre ellos el nuevo coronavirus, es el lavado frecuente de las manos con agua y jab\u00f3n. Tambi\u00e9n se aconseja utilizar la flexura del codo o pa\u00f1uelos desechables de un solo uso para toser o estornudar.<\/p>\n<p>La ciudadan\u00eda dispone de informaci\u00f3n sobre el nuevo virus en la p\u00e1gina web astursalud.es y en las redes sociales de las administraciones sanitarias.<\/p>\n<p>&nbsp;<\/p>\n","protected":false},"excerpt":{"rendered":"<p>La Consejer\u00eda de Salud ha decidido suspender esta tarde la actividad docente en el Colegio Inmaculada de Oviedo por un caso positivo de COVID-19 en un alumno de Primaria. El menor presenta s\u00edntomas leves y permanece aislado en su casa con seguimiento telef\u00f3nico. A partir de ma\u00f1ana no habr\u00e1 clases en este centro, una situaci\u00f3n [&hellip;]<\/p>\n","protected":false},"author":1,"featured_media":1060403,"comment_status":"closed","ping_status":"closed","sticky":false,"template":"","format":"standard","meta":{"footnotes":""},"categories":[12,141],"tags":[],"class_list":["post-1060466","post","type-post","status-publish","format-standard","has-post-thumbnail","hentry","category-actualidad-asturias","category-destacadas"],"aioseo_notices":[],"aioseo_head":"\n\t\t<!-- All in One SEO Pro 4.9.6.2 - aioseo.com -->\n\t<meta name=\"description\" content=\"La Consejer\u00eda de Salud ha decidido suspender esta tarde la actividad docente en el Colegio Inmaculada de Oviedo por un caso positivo de COVID-19 en un alumno de Primaria. El menor presenta s\u00edntomas leves y permanece aislado en su casa con seguimiento telef\u00f3nico. A partir de ma\u00f1ana no habr\u00e1 clases en este centro, una situaci\u00f3n\" \/>\n\t<meta name=\"robots\" content=\"max-image-preview:large\" \/>\n\t<meta name=\"author\" content=\"El Digital de Asturias\"\/>\n\t<meta name=\"google-site-verification\" content=\"UA-38556648-1\" \/>\n\t<meta name=\"msvalidate.01\" content=\"7dfe9f3f1b24437ab69f4f2559babe99\" \/>\n\t<meta name=\"keywords\" content=\"actualidad asturias,destacadas\" \/>\n\t<link rel=\"canonical\" href=\"https:\/\/www.eldigitaldeasturias.com\/noticias\/covid-19-en-asturias-39-casos-confirmados-en-el-principado\/\" \/>\n\t<meta name=\"generator\" content=\"All in One SEO Pro (AIOSEO) 4.9.6.2\" \/>\n\t\t<meta property=\"og:locale\" content=\"es_ES\" \/>\n\t\t<meta property=\"og:site_name\" content=\"El Digital de Asturias\" \/>\n\t\t<meta property=\"og:type\" content=\"article\" \/>\n\t\t<meta property=\"og:title\" content=\"COVID-19 en Asturias: 39 casos confirmados en el Principado - El Digital de Asturias\" \/>\n\t\t<meta property=\"og:description\" content=\"La Consejer\u00eda de Salud ha decidido suspender esta tarde la actividad docente en el Colegio Inmaculada de Oviedo por un caso positivo de COVID-19 en un alumno de Primaria. El menor presenta s\u00edntomas leves y permanece aislado en su casa con seguimiento telef\u00f3nico. A partir de ma\u00f1ana no habr\u00e1 clases en este centro, una situaci\u00f3n\" \/>\n\t\t<meta property=\"og:url\" content=\"https:\/\/www.eldigitaldeasturias.com\/noticias\/covid-19-en-asturias-39-casos-confirmados-en-el-principado\/\" \/>\n\t\t<meta property=\"og:image\" content=\"https:\/\/www.eldigitaldeasturias.com\/noticias\/wp-content\/uploads\/2020\/03\/COVID-19-Asturias.jpg\" \/>\n\t\t<meta property=\"og:image:secure_url\" content=\"https:\/\/www.eldigitaldeasturias.com\/noticias\/wp-content\/uploads\/2020\/03\/COVID-19-Asturias.jpg\" \/>\n\t\t<meta property=\"og:image:width\" content=\"1088\" \/>\n\t\t<meta property=\"og:image:height\" content=\"755\" \/>\n\t\t<meta property=\"article:tag\" content=\"actualidad asturias\" \/>\n\t\t<meta property=\"article:tag\" content=\"destacadas\" \/>\n\t\t<meta property=\"article:published_time\" content=\"2020-03-11T19:51:06+00:00\" \/>\n\t\t<meta property=\"article:modified_time\" content=\"2020-03-11T19:51:32+00:00\" \/>\n\t\t<meta property=\"article:publisher\" content=\"https:\/\/facebook.com\/eldigitaldeasturias\" \/>\n\t\t<meta name=\"twitter:card\" content=\"summary_large_image\" \/>\n\t\t<meta name=\"twitter:title\" content=\"COVID-19 en Asturias: 39 casos confirmados en el Principado - El Digital de Asturias\" \/>\n\t\t<meta name=\"twitter:description\" content=\"La Consejer\u00eda de Salud ha decidido suspender esta tarde la actividad docente en el Colegio Inmaculada de Oviedo por un caso positivo de COVID-19 en un alumno de Primaria. El menor presenta s\u00edntomas leves y permanece aislado en su casa con seguimiento telef\u00f3nico. A partir de ma\u00f1ana no habr\u00e1 clases en este centro, una situaci\u00f3n\" \/>\n\t\t<meta name=\"twitter:image\" content=\"https:\/\/www.eldigitaldeasturias.com\/noticias\/wp-content\/uploads\/2020\/03\/COVID-19-Asturias.jpg\" \/>\n\t\t<meta name=\"twitter:label1\" content=\"Escrito por\" \/>\n\t\t<meta name=\"twitter:data1\" content=\"El Digital de Asturias\" \/>\n\t\t<meta name=\"twitter:label2\" content=\"Tiempo de lectura estimado\" \/>\n\t\t<meta name=\"twitter:data2\" content=\"2 minutos\" \/>\n\t\t<script type=\"application\/ld+json\" class=\"aioseo-schema\">\n\t\t\t{\"@context\":\"https:\\\/\\\/schema.org\",\"@graph\":[{\"@type\":\"BlogPosting\",\"@id\":\"https:\\\/\\\/www.eldigitaldeasturias.com\\\/noticias\\\/covid-19-en-asturias-39-casos-confirmados-en-el-principado\\\/#blogposting\",\"name\":\"COVID-19 en Asturias: 39 casos confirmados en el Principado - El Digital de Asturias\",\"headline\":\"COVID-19 en Asturias: 39 casos confirmados en el Principado\",\"author\":{\"@id\":\"https:\\\/\\\/www.eldigitaldeasturias.com\\\/noticias\\\/author\\\/admin\\\/#author\"},\"publisher\":{\"@id\":\"https:\\\/\\\/www.eldigitaldeasturias.com\\\/noticias\\\/#organization\"},\"image\":{\"@type\":\"ImageObject\",\"url\":\"https:\\\/\\\/www.eldigitaldeasturias.com\\\/noticias\\\/wp-content\\\/uploads\\\/2020\\\/03\\\/COVID-19-Asturias.jpg\",\"width\":1088,\"height\":755},\"datePublished\":\"2020-03-11T19:51:06+01:00\",\"dateModified\":\"2020-03-11T19:51:32+01:00\",\"inLanguage\":\"es-ES\",\"mainEntityOfPage\":{\"@id\":\"https:\\\/\\\/www.eldigitaldeasturias.com\\\/noticias\\\/covid-19-en-asturias-39-casos-confirmados-en-el-principado\\\/#webpage\"},\"isPartOf\":{\"@id\":\"https:\\\/\\\/www.eldigitaldeasturias.com\\\/noticias\\\/covid-19-en-asturias-39-casos-confirmados-en-el-principado\\\/#webpage\"},\"articleSection\":\"Actualidad Asturias, Destacadas\"},{\"@type\":\"BreadcrumbList\",\"@id\":\"https:\\\/\\\/www.eldigitaldeasturias.com\\\/noticias\\\/covid-19-en-asturias-39-casos-confirmados-en-el-principado\\\/#breadcrumblist\",\"itemListElement\":[{\"@type\":\"ListItem\",\"@id\":\"https:\\\/\\\/www.eldigitaldeasturias.com\\\/noticias#listItem\",\"position\":1,\"name\":\"Home\",\"item\":\"https:\\\/\\\/www.eldigitaldeasturias.com\\\/noticias\",\"nextItem\":{\"@type\":\"ListItem\",\"@id\":\"https:\\\/\\\/www.eldigitaldeasturias.com\\\/noticias\\\/category\\\/actualidad-asturias\\\/#listItem\",\"name\":\"Actualidad Asturias\"}},{\"@type\":\"ListItem\",\"@id\":\"https:\\\/\\\/www.eldigitaldeasturias.com\\\/noticias\\\/category\\\/actualidad-asturias\\\/#listItem\",\"position\":2,\"name\":\"Actualidad Asturias\",\"item\":\"https:\\\/\\\/www.eldigitaldeasturias.com\\\/noticias\\\/category\\\/actualidad-asturias\\\/\",\"nextItem\":{\"@type\":\"ListItem\",\"@id\":\"https:\\\/\\\/www.eldigitaldeasturias.com\\\/noticias\\\/covid-19-en-asturias-39-casos-confirmados-en-el-principado\\\/#listItem\",\"name\":\"COVID-19 en Asturias: 39 casos confirmados en el Principado\"},\"previousItem\":{\"@type\":\"ListItem\",\"@id\":\"https:\\\/\\\/www.eldigitaldeasturias.com\\\/noticias#listItem\",\"name\":\"Home\"}},{\"@type\":\"ListItem\",\"@id\":\"https:\\\/\\\/www.eldigitaldeasturias.com\\\/noticias\\\/covid-19-en-asturias-39-casos-confirmados-en-el-principado\\\/#listItem\",\"position\":3,\"name\":\"COVID-19 en Asturias: 39 casos confirmados en el Principado\",\"previousItem\":{\"@type\":\"ListItem\",\"@id\":\"https:\\\/\\\/www.eldigitaldeasturias.com\\\/noticias\\\/category\\\/actualidad-asturias\\\/#listItem\",\"name\":\"Actualidad Asturias\"}}]},{\"@type\":\"Organization\",\"@id\":\"https:\\\/\\\/www.eldigitaldeasturias.com\\\/noticias\\\/#organization\",\"name\":\"El Digital de Asturias\",\"description\":\"Hemeroteca\",\"url\":\"https:\\\/\\\/www.eldigitaldeasturias.com\\\/noticias\\\/\",\"email\":\"info@eldigitaldeasturias.com\",\"telephone\":\"+34652131393\",\"logo\":{\"@type\":\"ImageObject\",\"url\":\"https:\\\/\\\/www.eldigitaldeasturias.com\\\/noticias\\\/wp-content\\\/uploads\\\/2020\\\/12\\\/EDA.jpg\",\"@id\":\"https:\\\/\\\/www.eldigitaldeasturias.com\\\/noticias\\\/covid-19-en-asturias-39-casos-confirmados-en-el-principado\\\/#organizationLogo\",\"width\":649,\"height\":297},\"image\":{\"@id\":\"https:\\\/\\\/www.eldigitaldeasturias.com\\\/noticias\\\/covid-19-en-asturias-39-casos-confirmados-en-el-principado\\\/#organizationLogo\"},\"sameAs\":[\"https:\\\/\\\/facebook.com\\\/eldigitaldeasturias\",\"https:\\\/\\\/www.youtube.com\\\/channel\\\/UCZP-2wLEB9Rv6erhFmqVnvg\"],\"address\":{\"@id\":\"https:\\\/\\\/www.eldigitaldeasturias.com\\\/noticias\\\/#postaladdress\",\"@type\":\"PostalAddress\",\"streetAddress\":\"san antonio 4,\",\"postalCode\":\"33430\",\"addressLocality\":\"Cand\\u00e1s\",\"addressRegion\":\"Asturias\",\"addressCountry\":\"ES\"}},{\"@type\":\"Person\",\"@id\":\"https:\\\/\\\/www.eldigitaldeasturias.com\\\/noticias\\\/author\\\/admin\\\/#author\",\"url\":\"https:\\\/\\\/www.eldigitaldeasturias.com\\\/noticias\\\/author\\\/admin\\\/\",\"name\":\"El Digital de Asturias\",\"image\":{\"@type\":\"ImageObject\",\"@id\":\"https:\\\/\\\/www.eldigitaldeasturias.com\\\/noticias\\\/covid-19-en-asturias-39-casos-confirmados-en-el-principado\\\/#authorImage\",\"url\":\"https:\\\/\\\/www.eldigitaldeasturias.com\\\/noticias\\\/wp-content\\\/litespeed\\\/avatar\\\/18677e78aa0546b92d9dbf31ec7d7668.jpg?ver=1777290358\",\"width\":96,\"height\":96,\"caption\":\"El Digital de Asturias\"}},{\"@type\":\"WebPage\",\"@id\":\"https:\\\/\\\/www.eldigitaldeasturias.com\\\/noticias\\\/covid-19-en-asturias-39-casos-confirmados-en-el-principado\\\/#webpage\",\"url\":\"https:\\\/\\\/www.eldigitaldeasturias.com\\\/noticias\\\/covid-19-en-asturias-39-casos-confirmados-en-el-principado\\\/\",\"name\":\"COVID-19 en Asturias: 39 casos confirmados en el Principado - El Digital de Asturias\",\"description\":\"La Consejer\\u00eda de Salud ha decidido suspender esta tarde la actividad docente en el Colegio Inmaculada de Oviedo por un caso positivo de COVID-19 en un alumno de Primaria. El menor presenta s\\u00edntomas leves y permanece aislado en su casa con seguimiento telef\\u00f3nico. A partir de ma\\u00f1ana no habr\\u00e1 clases en este centro, una situaci\\u00f3n\",\"inLanguage\":\"es-ES\",\"isPartOf\":{\"@id\":\"https:\\\/\\\/www.eldigitaldeasturias.com\\\/noticias\\\/#website\"},\"breadcrumb\":{\"@id\":\"https:\\\/\\\/www.eldigitaldeasturias.com\\\/noticias\\\/covid-19-en-asturias-39-casos-confirmados-en-el-principado\\\/#breadcrumblist\"},\"author\":{\"@id\":\"https:\\\/\\\/www.eldigitaldeasturias.com\\\/noticias\\\/author\\\/admin\\\/#author\"},\"creator\":{\"@id\":\"https:\\\/\\\/www.eldigitaldeasturias.com\\\/noticias\\\/author\\\/admin\\\/#author\"},\"image\":{\"@type\":\"ImageObject\",\"url\":\"https:\\\/\\\/www.eldigitaldeasturias.com\\\/noticias\\\/wp-content\\\/uploads\\\/2020\\\/03\\\/COVID-19-Asturias.jpg\",\"@id\":\"https:\\\/\\\/www.eldigitaldeasturias.com\\\/noticias\\\/covid-19-en-asturias-39-casos-confirmados-en-el-principado\\\/#mainImage\",\"width\":1088,\"height\":755},\"primaryImageOfPage\":{\"@id\":\"https:\\\/\\\/www.eldigitaldeasturias.com\\\/noticias\\\/covid-19-en-asturias-39-casos-confirmados-en-el-principado\\\/#mainImage\"},\"datePublished\":\"2020-03-11T19:51:06+01:00\",\"dateModified\":\"2020-03-11T19:51:32+01:00\"},{\"@type\":\"WebSite\",\"@id\":\"https:\\\/\\\/www.eldigitaldeasturias.com\\\/noticias\\\/#website\",\"url\":\"https:\\\/\\\/www.eldigitaldeasturias.com\\\/noticias\\\/\",\"name\":\"El Digital de Asturias - Diario de actualidad y noticias\",\"alternateName\":\"El Digital de Asturias - Diario de actualidad y noticias\",\"description\":\"Hemeroteca\",\"inLanguage\":\"es-ES\",\"publisher\":{\"@id\":\"https:\\\/\\\/www.eldigitaldeasturias.com\\\/noticias\\\/#organization\"}}]}\n\t\t<\/script>\n\t\t<!-- All in One SEO Pro -->\r\n\t\t<title>COVID-19 en Asturias: 39 casos confirmados en el Principado - El Digital de Asturias<\/title>\n\n","aioseo_head_json":{"title":"COVID-19 en Asturias: 39 casos confirmados en el Principado - El Digital de Asturias","description":"La Consejer\u00eda de Salud ha decidido suspender esta tarde la actividad docente en el Colegio Inmaculada de Oviedo por un caso positivo de COVID-19 en un alumno de Primaria. El menor presenta s\u00edntomas leves y permanece aislado en su casa con seguimiento telef\u00f3nico. A partir de ma\u00f1ana no habr\u00e1 clases en este centro, una situaci\u00f3n","canonical_url":"https:\/\/www.eldigitaldeasturias.com\/noticias\/covid-19-en-asturias-39-casos-confirmados-en-el-principado\/","robots":"max-image-preview:large","keywords":"actualidad asturias,destacadas","webmasterTools":{"google-site-verification":"UA-38556648-1","msvalidate.01":"7dfe9f3f1b24437ab69f4f2559babe99","miscellaneous":""},"schema":{"@context":"https:\/\/schema.org","@graph":[{"@type":"BlogPosting","@id":"https:\/\/www.eldigitaldeasturias.com\/noticias\/covid-19-en-asturias-39-casos-confirmados-en-el-principado\/#blogposting","name":"COVID-19 en Asturias: 39 casos confirmados en el Principado - El Digital de Asturias","headline":"COVID-19 en Asturias: 39 casos confirmados en el Principado","author":{"@id":"https:\/\/www.eldigitaldeasturias.com\/noticias\/author\/admin\/#author"},"publisher":{"@id":"https:\/\/www.eldigitaldeasturias.com\/noticias\/#organization"},"image":{"@type":"ImageObject","url":"https:\/\/www.eldigitaldeasturias.com\/noticias\/wp-content\/uploads\/2020\/03\/COVID-19-Asturias.jpg","width":1088,"height":755},"datePublished":"2020-03-11T19:51:06+01:00","dateModified":"2020-03-11T19:51:32+01:00","inLanguage":"es-ES","mainEntityOfPage":{"@id":"https:\/\/www.eldigitaldeasturias.com\/noticias\/covid-19-en-asturias-39-casos-confirmados-en-el-principado\/#webpage"},"isPartOf":{"@id":"https:\/\/www.eldigitaldeasturias.com\/noticias\/covid-19-en-asturias-39-casos-confirmados-en-el-principado\/#webpage"},"articleSection":"Actualidad Asturias, Destacadas"},{"@type":"BreadcrumbList","@id":"https:\/\/www.eldigitaldeasturias.com\/noticias\/covid-19-en-asturias-39-casos-confirmados-en-el-principado\/#breadcrumblist","itemListElement":[{"@type":"ListItem","@id":"https:\/\/www.eldigitaldeasturias.com\/noticias#listItem","position":1,"name":"Home","item":"https:\/\/www.eldigitaldeasturias.com\/noticias","nextItem":{"@type":"ListItem","@id":"https:\/\/www.eldigitaldeasturias.com\/noticias\/category\/actualidad-asturias\/#listItem","name":"Actualidad Asturias"}},{"@type":"ListItem","@id":"https:\/\/www.eldigitaldeasturias.com\/noticias\/category\/actualidad-asturias\/#listItem","position":2,"name":"Actualidad Asturias","item":"https:\/\/www.eldigitaldeasturias.com\/noticias\/category\/actualidad-asturias\/","nextItem":{"@type":"ListItem","@id":"https:\/\/www.eldigitaldeasturias.com\/noticias\/covid-19-en-asturias-39-casos-confirmados-en-el-principado\/#listItem","name":"COVID-19 en Asturias: 39 casos confirmados en el Principado"},"previousItem":{"@type":"ListItem","@id":"https:\/\/www.eldigitaldeasturias.com\/noticias#listItem","name":"Home"}},{"@type":"ListItem","@id":"https:\/\/www.eldigitaldeasturias.com\/noticias\/covid-19-en-asturias-39-casos-confirmados-en-el-principado\/#listItem","position":3,"name":"COVID-19 en Asturias: 39 casos confirmados en el Principado","previousItem":{"@type":"ListItem","@id":"https:\/\/www.eldigitaldeasturias.com\/noticias\/category\/actualidad-asturias\/#listItem","name":"Actualidad Asturias"}}]},{"@type":"Organization","@id":"https:\/\/www.eldigitaldeasturias.com\/noticias\/#organization","name":"El Digital de Asturias","description":"Hemeroteca","url":"https:\/\/www.eldigitaldeasturias.com\/noticias\/","email":"info@eldigitaldeasturias.com","telephone":"+34652131393","logo":{"@type":"ImageObject","url":"https:\/\/www.eldigitaldeasturias.com\/noticias\/wp-content\/uploads\/2020\/12\/EDA.jpg","@id":"https:\/\/www.eldigitaldeasturias.com\/noticias\/covid-19-en-asturias-39-casos-confirmados-en-el-principado\/#organizationLogo","width":649,"height":297},"image":{"@id":"https:\/\/www.eldigitaldeasturias.com\/noticias\/covid-19-en-asturias-39-casos-confirmados-en-el-principado\/#organizationLogo"},"sameAs":["https:\/\/facebook.com\/eldigitaldeasturias","https:\/\/www.youtube.com\/channel\/UCZP-2wLEB9Rv6erhFmqVnvg"],"address":{"@id":"https:\/\/www.eldigitaldeasturias.com\/noticias\/#postaladdress","@type":"PostalAddress","streetAddress":"san antonio 4,","postalCode":"33430","addressLocality":"Cand\u00e1s","addressRegion":"Asturias","addressCountry":"ES"}},{"@type":"Person","@id":"https:\/\/www.eldigitaldeasturias.com\/noticias\/author\/admin\/#author","url":"https:\/\/www.eldigitaldeasturias.com\/noticias\/author\/admin\/","name":"El Digital de Asturias","image":{"@type":"ImageObject","@id":"https:\/\/www.eldigitaldeasturias.com\/noticias\/covid-19-en-asturias-39-casos-confirmados-en-el-principado\/#authorImage","url":"https:\/\/www.eldigitaldeasturias.com\/noticias\/wp-content\/litespeed\/avatar\/18677e78aa0546b92d9dbf31ec7d7668.jpg?ver=1777290358","width":96,"height":96,"caption":"El Digital de Asturias"}},{"@type":"WebPage","@id":"https:\/\/www.eldigitaldeasturias.com\/noticias\/covid-19-en-asturias-39-casos-confirmados-en-el-principado\/#webpage","url":"https:\/\/www.eldigitaldeasturias.com\/noticias\/covid-19-en-asturias-39-casos-confirmados-en-el-principado\/","name":"COVID-19 en Asturias: 39 casos confirmados en el Principado - El Digital de Asturias","description":"La Consejer\u00eda de Salud ha decidido suspender esta tarde la actividad docente en el Colegio Inmaculada de Oviedo por un caso positivo de COVID-19 en un alumno de Primaria. El menor presenta s\u00edntomas leves y permanece aislado en su casa con seguimiento telef\u00f3nico. A partir de ma\u00f1ana no habr\u00e1 clases en este centro, una situaci\u00f3n","inLanguage":"es-ES","isPartOf":{"@id":"https:\/\/www.eldigitaldeasturias.com\/noticias\/#website"},"breadcrumb":{"@id":"https:\/\/www.eldigitaldeasturias.com\/noticias\/covid-19-en-asturias-39-casos-confirmados-en-el-principado\/#breadcrumblist"},"author":{"@id":"https:\/\/www.eldigitaldeasturias.com\/noticias\/author\/admin\/#author"},"creator":{"@id":"https:\/\/www.eldigitaldeasturias.com\/noticias\/author\/admin\/#author"},"image":{"@type":"ImageObject","url":"https:\/\/www.eldigitaldeasturias.com\/noticias\/wp-content\/uploads\/2020\/03\/COVID-19-Asturias.jpg","@id":"https:\/\/www.eldigitaldeasturias.com\/noticias\/covid-19-en-asturias-39-casos-confirmados-en-el-principado\/#mainImage","width":1088,"height":755},"primaryImageOfPage":{"@id":"https:\/\/www.eldigitaldeasturias.com\/noticias\/covid-19-en-asturias-39-casos-confirmados-en-el-principado\/#mainImage"},"datePublished":"2020-03-11T19:51:06+01:00","dateModified":"2020-03-11T19:51:32+01:00"},{"@type":"WebSite","@id":"https:\/\/www.eldigitaldeasturias.com\/noticias\/#website","url":"https:\/\/www.eldigitaldeasturias.com\/noticias\/","name":"El Digital de Asturias - Diario de actualidad y noticias","alternateName":"El Digital de Asturias - Diario de actualidad y noticias","description":"Hemeroteca","inLanguage":"es-ES","publisher":{"@id":"https:\/\/www.eldigitaldeasturias.com\/noticias\/#organization"}}]},"og:locale":"es_ES","og:site_name":"El Digital de Asturias","og:type":"article","og:title":"COVID-19 en Asturias: 39 casos confirmados en el Principado - El Digital de Asturias","og:description":"La Consejer\u00eda de Salud ha decidido suspender esta tarde la actividad docente en el Colegio Inmaculada de Oviedo por un caso positivo de COVID-19 en un alumno de Primaria. El menor presenta s\u00edntomas leves y permanece aislado en su casa con seguimiento telef\u00f3nico. A partir de ma\u00f1ana no habr\u00e1 clases en este centro, una situaci\u00f3n","og:url":"https:\/\/www.eldigitaldeasturias.com\/noticias\/covid-19-en-asturias-39-casos-confirmados-en-el-principado\/","og:image":"https:\/\/www.eldigitaldeasturias.com\/noticias\/wp-content\/uploads\/2020\/03\/COVID-19-Asturias.jpg","og:image:secure_url":"https:\/\/www.eldigitaldeasturias.com\/noticias\/wp-content\/uploads\/2020\/03\/COVID-19-Asturias.jpg","og:image:width":1088,"og:image:height":755,"article:tag":["actualidad asturias","destacadas"],"article:published_time":"2020-03-11T19:51:06+00:00","article:modified_time":"2020-03-11T19:51:32+00:00","article:publisher":"https:\/\/facebook.com\/eldigitaldeasturias","twitter:card":"summary_large_image","twitter:title":"COVID-19 en Asturias: 39 casos confirmados en el Principado - El Digital de Asturias","twitter:description":"La Consejer\u00eda de Salud ha decidido suspender esta tarde la actividad docente en el Colegio Inmaculada de Oviedo por un caso positivo de COVID-19 en un alumno de Primaria. El menor presenta s\u00edntomas leves y permanece aislado en su casa con seguimiento telef\u00f3nico. A partir de ma\u00f1ana no habr\u00e1 clases en este centro, una situaci\u00f3n","twitter:image":"https:\/\/www.eldigitaldeasturias.com\/noticias\/wp-content\/uploads\/2020\/03\/COVID-19-Asturias.jpg","twitter:label1":"Escrito por","twitter:data1":"El Digital de Asturias","twitter:label2":"Tiempo de lectura estimado","twitter:data2":"2 minutos"},"aioseo_meta_data":{"post_id":"1060466","title":null,"description":null,"keywords":null,"keyphrases":null,"primary_term":null,"canonical_url":null,"og_title":null,"og_description":null,"og_object_type":"default","og_image_type":"default","og_image_url":null,"og_image_width":null,"og_image_height":null,"og_image_custom_url":null,"og_image_custom_fields":null,"og_video":null,"og_custom_url":null,"og_article_section":null,"og_article_tags":null,"twitter_use_og":false,"twitter_card":"default","twitter_image_type":"default","twitter_image_url":null,"twitter_image_custom_url":null,"twitter_image_custom_fields":null,"twitter_title":null,"twitter_description":null,"schema":{"blockGraphs":[],"customGraphs":[],"default":{"data":{"Article":[],"Course":[],"Dataset":[],"FAQPage":[],"Movie":[],"Person":[],"Product":[],"ProductReview":[],"Car":[],"Recipe":[],"Service":[],"SoftwareApplication":[],"WebPage":[]},"graphName":"","isEnabled":true},"graphs":[]},"schema_type":null,"schema_type_options":null,"pillar_content":false,"robots_default":true,"robots_noindex":false,"robots_noarchive":false,"robots_nosnippet":false,"robots_nofollow":false,"robots_noimageindex":false,"robots_noodp":false,"robots_notranslate":false,"robots_max_snippet":null,"robots_max_videopreview":null,"robots_max_imagepreview":"large","priority":null,"frequency":null,"local_seo":null,"seo_analyzer_scan_date":"2025-10-31 12:16:06","breadcrumb_settings":null,"limit_modified_date":false,"open_ai":null,"ai":null,"created":"2020-12-21 10:54:14","updated":"2025-10-31 12:16:06"},"aioseo_breadcrumb":"<div class=\"aioseo-breadcrumbs\"><span class=\"aioseo-breadcrumb\">\n\t<a href=\"https:\/\/www.eldigitaldeasturias.com\/noticias\" title=\"Home\">Home<\/a>\n<\/span><span class=\"aioseo-breadcrumb-separator\">\u2013<\/span><span class=\"aioseo-breadcrumb\">\n\t<a href=\"https:\/\/www.eldigitaldeasturias.com\/noticias\/category\/actualidad-asturias\/\" title=\"Actualidad Asturias\">Actualidad Asturias<\/a>\n<\/span><span class=\"aioseo-breadcrumb-separator\">\u2013<\/span><span class=\"aioseo-breadcrumb\">\n\t<a href=\"https:\/\/www.eldigitaldeasturias.com\/noticias\/covid-19-en-asturias-39-casos-confirmados-en-el-principado\/\" title=\"COVID-19 en Asturias: 39 casos confirmados en el Principado\">COVID-19 en Asturias: 39 casos confirmados en el Principado<\/a>\n<\/span><\/div>","aioseo_breadcrumb_json":[{"label":"Home","link":"https:\/\/www.eldigitaldeasturias.com\/noticias"},{"label":"Actualidad Asturias","link":"https:\/\/www.eldigitaldeasturias.com\/noticias\/category\/actualidad-asturias\/"},{"label":"COVID-19 en Asturias: 39 casos confirmados en el Principado","link":"https:\/\/www.eldigitaldeasturias.com\/noticias\/covid-19-en-asturias-39-casos-confirmados-en-el-principado\/"}],"_links":{"self":[{"href":"https:\/\/www.eldigitaldeasturias.com\/noticias\/wp-json\/wp\/v2\/posts\/1060466","targetHints":{"allow":["GET"]}}],"collection":[{"href":"https:\/\/www.eldigitaldeasturias.com\/noticias\/wp-json\/wp\/v2\/posts"}],"about":[{"href":"https:\/\/www.eldigitaldeasturias.com\/noticias\/wp-json\/wp\/v2\/types\/post"}],"author":[{"embeddable":true,"href":"https:\/\/www.eldigitaldeasturias.com\/noticias\/wp-json\/wp\/v2\/users\/1"}],"replies":[{"embeddable":true,"href":"https:\/\/www.eldigitaldeasturias.com\/noticias\/wp-json\/wp\/v2\/comments?post=1060466"}],"version-history":[{"count":0,"href":"https:\/\/www.eldigitaldeasturias.com\/noticias\/wp-json\/wp\/v2\/posts\/1060466\/revisions"}],"wp:featuredmedia":[{"embeddable":true,"href":"https:\/\/www.eldigitaldeasturias.com\/noticias\/wp-json\/wp\/v2\/media\/1060403"}],"wp:attachment":[{"href":"https:\/\/www.eldigitaldeasturias.com\/noticias\/wp-json\/wp\/v2\/media?parent=1060466"}],"wp:term":[{"taxonomy":"category","embeddable":true,"href":"https:\/\/www.eldigitaldeasturias.com\/noticias\/wp-json\/wp\/v2\/categories?post=1060466"},{"taxonomy":"post_tag","embeddable":true,"href":"https:\/\/www.eldigitaldeasturias.com\/noticias\/wp-json\/wp\/v2\/tags?post=1060466"}],"curies":[{"name":"wp","href":"https:\/\/api.w.org\/{rel}","templated":true}]}}