{"id":1060437,"date":"2020-03-11T19:08:04","date_gmt":"2020-03-11T19:08:04","guid":{"rendered":"https:\/\/www.eldigitaldeasturias.com\/noticias\/?p=1060437"},"modified":"2020-03-11T19:08:04","modified_gmt":"2020-03-11T19:08:04","slug":"beaute-mediterranea-factura-65m-de-euros-cuidando-la-piel-de-forma-natural","status":"publish","type":"post","link":"https:\/\/www.eldigitaldeasturias.com\/noticias\/beaute-mediterranea-factura-65m-de-euros-cuidando-la-piel-de-forma-natural\/","title":{"rendered":"Beaut\u00e9 Mediterr\u00e1nea factura 6,5M de euros cuidando la piel de forma natural"},"content":{"rendered":"<p><img loading=\"lazy\" decoding=\"async\" class=\"alignleft size-full wp-image-1060438\" src=\"https:\/\/www.eldigitaldeasturias.com\/noticias\/wp-content\/uploads\/2020\/03\/1583855291_Beaut_Mediterr_nea3.jpg\" alt=\"\" width=\"240\" height=\"320\" srcset=\"https:\/\/www.eldigitaldeasturias.com\/noticias\/wp-content\/uploads\/2020\/03\/1583855291_Beaut_Mediterr_nea3.jpg 240w, https:\/\/www.eldigitaldeasturias.com\/noticias\/wp-content\/uploads\/2020\/03\/1583855291_Beaut_Mediterr_nea3-225x300.jpg 225w\" sizes=\"auto, (max-width: 240px) 100vw, 240px\" \/>Cada vez hay m\u00e1s consumidores de productos de belleza adeptos a los componentes naturales para el cuidado de su piel. La marca Beaut\u00e9 Mediterr\u00e1nea de laboratorios Rofersam y sede en Les Franqueses del Vall\u00e9s (Barcelona), emergi\u00f3 en el mercado con esa filosof\u00eda y el pasado 2019 cerr\u00f3 el a\u00f1o con una facturaci\u00f3n de\u00a0<strong>6,5 millones de euros<\/strong>, un\u00a0<strong>20% superior respecto el a\u00f1o anterior.\u00a0<\/strong>Elabora sus productos con el\u00a0<strong>90% de ingredientes naturales<\/strong>\u00a0siendo as\u00ed altamente respetuoso con el medio ambiente y ofrece soluciones cosmece\u00faticas, es decir, que re\u00fanen funciones cosm\u00e9ticas y farmac\u00e9uticas. La compa\u00f1\u00eda prev\u00e9 seguir con este crecimiento sostenido llegando a\u00a0<strong>incrementar sus ventas en un 35%\u00a0<\/strong>este a\u00f1o.<\/p>\n<p>Beaut\u00e9 Mediterr\u00e1nea desembarc\u00f3 en el sector hace 7 a\u00f1os realizando ventas privadas online. Actualmente se ha hecho un hueco en un mercado altamente competitivo como una marca urbana dirigida a un\u00a0<strong>p\u00fablico milenial y comprometido con la sostenibilidad<\/strong>. Con distribuidores en Corea y Tailandia, Beaut\u00e9 Mediterr\u00e1nea se puede adquirir mediante venta online, en supermercados y en farmacias.<\/p>\n<p>La marca ofrece cosm\u00e9tica de lujo a un precio asequible y ha desarrollado nuevas f\u00f3rmulas para todo tipo de piel con los \u00faltimos ingredientes activos m\u00e1s efectivos. Beaut\u00e9 Mediterr\u00e1nea es marca ecofriendly de productos\u00a0<strong><em>cosmece\u00faticos<\/em><\/strong>\u00a0que re\u00fanen funciones cosm\u00e9ticas y farmac\u00e9uticas otorgando a su gama mayor eficacia. Por un lado, contienen ingredientes biol\u00f3gicamente muy activos que persiguen fines est\u00e9ticos, como los cosm\u00e9ticos habituales, y al mismo tiempo tienen una alta capacidad bioqu\u00edmica sobre la piel como los f\u00e1rmacos.<\/p>\n<p><strong>Dragon\u2019s Blood<\/strong><\/p>\n<p>El pasado 2019 Beaut\u00e9 Mediterr\u00e1nea ya vendi\u00f3 en una cadena de supermercados l\u00edder en Espa\u00f1a m\u00e1s de <strong>un mill\u00f3n de unidades<\/strong>\u00a0de la crema anti-edad Dragon\u2019s Blood, rica en propiedades antioxidantes y degenerantes a tan solo\u00a0<strong>5\u20ac.<\/strong>\u00a0Su principio activo es un ingrediente de origen natural extra\u00eddo de un \u00e1rbol milenario y con \u00e9l, laboratorios Rofersam ha ideado una f\u00f3rmula que da respuesta a las tendencias del mercado y que hace universal el acceso a la cosm\u00e9tica de lujo.<\/p>\n<p><strong>La sostenibilidad, punto fuerte<\/strong><\/p>\n<p>Gracias al departamento de\u00a0<strong>I+D propio<\/strong>\u00a0que tiene el laboratorio, la marca desarrolla y reformula constantemente nuevas f\u00f3rmulas y texturas para sus productos y se compromete fuertemente con el medio ambiente reduciendo los envases y cambiando, por ejemplo, las tapas de pl\u00e1stico por aluminio. Adem\u00e1s, los envases utilizados para los productos de Beaut\u00e9 Mediterr\u00e1nea est\u00e1n hechos con\u00a0<strong>pl\u00e1sticos 100% reciclados<\/strong>\u00a0factor que les hace altamente sostenibles.<\/p>\n<p>Este 2020 Beaut\u00e9 Mediterr\u00e1nea lanzar\u00e1 nuevas l\u00edneas de productos tanto para la piel como para el pelo, entre ellas la\u00a0<strong>l\u00ednea cannabis<\/strong>\u00a0que relaja, hidrata y respeta el equilibrio de la piel. Tambi\u00e9n lanzar\u00e9 serums, cremas, gel de ba\u00f1o y crema corporal para la piel, as\u00ed como tambi\u00e9n champ\u00fa y mascarilla para el cuidado del cabello.<\/p>\n<p><strong>Acerca de\u00a0<\/strong><span style=\"color: #ff6600;\"><a style=\"color: #ff6600;\" href=\"https:\/\/www.beautemediterranea.com\/es\/\" target=\"_blank\" rel=\"nofollow noopener noreferrer\"><strong>Rofersam<\/strong><\/a><\/span><\/p>\n<p>Rofersam S.A. nace en 1979 en Barcelona. Su fundador, El\u00edas S\u00e1nchez Porras, invirti\u00f3 en su vocaci\u00f3n y llev\u00f3 su carrera profesional al sector de la belleza tras una larga trayectoria en la cosm\u00e9tica suiza. En 2018 la firma factur\u00f3 5 millones de euros y hoy cuenta con 21 empleados.<\/p>\n<p>Desde sus inicios, Rofersam S.A. se especializa en la cosm\u00e9tica profesional para ofrecer una respuesta integral desde la formulaci\u00f3n al envasado. Rofersam desarrolla y fabrica productos cosm\u00e9ticos y de perfumer\u00eda con la m\u00e1xima innovaci\u00f3n cosm\u00e9tica y bajo un sello de calidad, eficacia y seguridad. Para Rofersam, firma con el certificado Ecocert, la cosm\u00e9tica es Ciencia, Arte y Belleza.<\/p>\n<p>&nbsp;<\/p>\n","protected":false},"excerpt":{"rendered":"<p>Cada vez hay m\u00e1s consumidores de productos de belleza adeptos a los componentes naturales para el cuidado de su piel. La marca Beaut\u00e9 Mediterr\u00e1nea de laboratorios Rofersam y sede en Les Franqueses del Vall\u00e9s (Barcelona), emergi\u00f3 en el mercado con esa filosof\u00eda y el pasado 2019 cerr\u00f3 el a\u00f1o con una facturaci\u00f3n de\u00a06,5 millones de [&hellip;]<\/p>\n","protected":false},"author":1,"featured_media":1060438,"comment_status":"closed","ping_status":"closed","sticky":false,"template":"","format":"standard","meta":{"footnotes":""},"categories":[219],"tags":[],"class_list":["post-1060437","post","type-post","status-publish","format-standard","has-post-thumbnail","hentry","category-negocios-y-empresas"],"aioseo_notices":[],"aioseo_head":"\n\t\t<!-- All in One SEO Pro 4.9.6.2 - aioseo.com -->\n\t<meta name=\"description\" content=\"Cada vez hay m\u00e1s consumidores de productos de belleza adeptos a los componentes naturales para el cuidado de su piel. La marca Beaut\u00e9 Mediterr\u00e1nea de laboratorios Rofersam y sede en Les Franqueses del Vall\u00e9s (Barcelona), emergi\u00f3 en el mercado con esa filosof\u00eda y el pasado 2019 cerr\u00f3 el a\u00f1o con una facturaci\u00f3n de 6,5 millones de\" \/>\n\t<meta name=\"robots\" content=\"max-image-preview:large\" \/>\n\t<meta name=\"author\" content=\"El Digital de Asturias\"\/>\n\t<meta name=\"google-site-verification\" content=\"UA-38556648-1\" \/>\n\t<meta name=\"msvalidate.01\" content=\"7dfe9f3f1b24437ab69f4f2559babe99\" \/>\n\t<meta name=\"keywords\" content=\"negocios y empresas\" \/>\n\t<link rel=\"canonical\" href=\"https:\/\/www.eldigitaldeasturias.com\/noticias\/beaute-mediterranea-factura-65m-de-euros-cuidando-la-piel-de-forma-natural\/\" \/>\n\t<meta name=\"generator\" content=\"All in One SEO Pro (AIOSEO) 4.9.6.2\" \/>\n\t\t<meta property=\"og:locale\" content=\"es_ES\" \/>\n\t\t<meta property=\"og:site_name\" content=\"El Digital de Asturias\" \/>\n\t\t<meta property=\"og:type\" content=\"article\" \/>\n\t\t<meta property=\"og:title\" content=\"Beaut\u00e9 Mediterr\u00e1nea factura 6,5M de euros cuidando la piel de forma natural - El Digital de Asturias\" \/>\n\t\t<meta property=\"og:description\" content=\"Cada vez hay m\u00e1s consumidores de productos de belleza adeptos a los componentes naturales para el cuidado de su piel. La marca Beaut\u00e9 Mediterr\u00e1nea de laboratorios Rofersam y sede en Les Franqueses del Vall\u00e9s (Barcelona), emergi\u00f3 en el mercado con esa filosof\u00eda y el pasado 2019 cerr\u00f3 el a\u00f1o con una facturaci\u00f3n de 6,5 millones de\" \/>\n\t\t<meta property=\"og:url\" content=\"https:\/\/www.eldigitaldeasturias.com\/noticias\/beaute-mediterranea-factura-65m-de-euros-cuidando-la-piel-de-forma-natural\/\" \/>\n\t\t<meta property=\"og:image\" content=\"https:\/\/www.eldigitaldeasturias.com\/noticias\/wp-content\/uploads\/2020\/03\/1583855291_Beaut_Mediterr_nea3.jpg\" \/>\n\t\t<meta property=\"og:image:secure_url\" content=\"https:\/\/www.eldigitaldeasturias.com\/noticias\/wp-content\/uploads\/2020\/03\/1583855291_Beaut_Mediterr_nea3.jpg\" \/>\n\t\t<meta property=\"og:image:width\" content=\"240\" \/>\n\t\t<meta property=\"og:image:height\" content=\"320\" \/>\n\t\t<meta property=\"article:tag\" content=\"negocios y empresas\" \/>\n\t\t<meta property=\"article:published_time\" content=\"2020-03-11T19:08:04+00:00\" \/>\n\t\t<meta property=\"article:modified_time\" content=\"2020-03-11T19:08:04+00:00\" \/>\n\t\t<meta property=\"article:publisher\" content=\"https:\/\/facebook.com\/eldigitaldeasturias\" \/>\n\t\t<meta name=\"twitter:card\" content=\"summary_large_image\" \/>\n\t\t<meta name=\"twitter:title\" content=\"Beaut\u00e9 Mediterr\u00e1nea factura 6,5M de euros cuidando la piel de forma natural - El Digital de Asturias\" \/>\n\t\t<meta name=\"twitter:description\" content=\"Cada vez hay m\u00e1s consumidores de productos de belleza adeptos a los componentes naturales para el cuidado de su piel. La marca Beaut\u00e9 Mediterr\u00e1nea de laboratorios Rofersam y sede en Les Franqueses del Vall\u00e9s (Barcelona), emergi\u00f3 en el mercado con esa filosof\u00eda y el pasado 2019 cerr\u00f3 el a\u00f1o con una facturaci\u00f3n de 6,5 millones de\" \/>\n\t\t<meta name=\"twitter:image\" content=\"https:\/\/www.eldigitaldeasturias.com\/noticias\/wp-content\/uploads\/2020\/03\/1583855291_Beaut_Mediterr_nea3.jpg\" \/>\n\t\t<meta name=\"twitter:label1\" content=\"Escrito por\" \/>\n\t\t<meta name=\"twitter:data1\" content=\"El Digital de Asturias\" \/>\n\t\t<meta name=\"twitter:label2\" content=\"Tiempo de lectura estimado\" \/>\n\t\t<meta name=\"twitter:data2\" content=\"3 minutos\" \/>\n\t\t<script type=\"application\/ld+json\" class=\"aioseo-schema\">\n\t\t\t{\"@context\":\"https:\\\/\\\/schema.org\",\"@graph\":[{\"@type\":\"BlogPosting\",\"@id\":\"https:\\\/\\\/www.eldigitaldeasturias.com\\\/noticias\\\/beaute-mediterranea-factura-65m-de-euros-cuidando-la-piel-de-forma-natural\\\/#blogposting\",\"name\":\"Beaut\\u00e9 Mediterr\\u00e1nea factura 6,5M de euros cuidando la piel de forma natural - El Digital de Asturias\",\"headline\":\"Beaut\\u00e9 Mediterr\\u00e1nea factura 6,5M de euros cuidando la piel de forma natural\",\"author\":{\"@id\":\"https:\\\/\\\/www.eldigitaldeasturias.com\\\/noticias\\\/author\\\/admin\\\/#author\"},\"publisher\":{\"@id\":\"https:\\\/\\\/www.eldigitaldeasturias.com\\\/noticias\\\/#organization\"},\"image\":{\"@type\":\"ImageObject\",\"url\":\"https:\\\/\\\/www.eldigitaldeasturias.com\\\/noticias\\\/wp-content\\\/uploads\\\/2020\\\/03\\\/1583855291_Beaut_Mediterr_nea3.jpg\",\"width\":240,\"height\":320},\"datePublished\":\"2020-03-11T19:08:04+01:00\",\"dateModified\":\"2020-03-11T19:08:04+01:00\",\"inLanguage\":\"es-ES\",\"mainEntityOfPage\":{\"@id\":\"https:\\\/\\\/www.eldigitaldeasturias.com\\\/noticias\\\/beaute-mediterranea-factura-65m-de-euros-cuidando-la-piel-de-forma-natural\\\/#webpage\"},\"isPartOf\":{\"@id\":\"https:\\\/\\\/www.eldigitaldeasturias.com\\\/noticias\\\/beaute-mediterranea-factura-65m-de-euros-cuidando-la-piel-de-forma-natural\\\/#webpage\"},\"articleSection\":\"Negocios y Empresas\"},{\"@type\":\"BreadcrumbList\",\"@id\":\"https:\\\/\\\/www.eldigitaldeasturias.com\\\/noticias\\\/beaute-mediterranea-factura-65m-de-euros-cuidando-la-piel-de-forma-natural\\\/#breadcrumblist\",\"itemListElement\":[{\"@type\":\"ListItem\",\"@id\":\"https:\\\/\\\/www.eldigitaldeasturias.com\\\/noticias#listItem\",\"position\":1,\"name\":\"Home\",\"item\":\"https:\\\/\\\/www.eldigitaldeasturias.com\\\/noticias\",\"nextItem\":{\"@type\":\"ListItem\",\"@id\":\"https:\\\/\\\/www.eldigitaldeasturias.com\\\/noticias\\\/category\\\/negocios-y-empresas\\\/#listItem\",\"name\":\"Negocios y Empresas\"}},{\"@type\":\"ListItem\",\"@id\":\"https:\\\/\\\/www.eldigitaldeasturias.com\\\/noticias\\\/category\\\/negocios-y-empresas\\\/#listItem\",\"position\":2,\"name\":\"Negocios y Empresas\",\"item\":\"https:\\\/\\\/www.eldigitaldeasturias.com\\\/noticias\\\/category\\\/negocios-y-empresas\\\/\",\"nextItem\":{\"@type\":\"ListItem\",\"@id\":\"https:\\\/\\\/www.eldigitaldeasturias.com\\\/noticias\\\/beaute-mediterranea-factura-65m-de-euros-cuidando-la-piel-de-forma-natural\\\/#listItem\",\"name\":\"Beaut\\u00e9 Mediterr\\u00e1nea factura 6,5M de euros cuidando la piel de forma natural\"},\"previousItem\":{\"@type\":\"ListItem\",\"@id\":\"https:\\\/\\\/www.eldigitaldeasturias.com\\\/noticias#listItem\",\"name\":\"Home\"}},{\"@type\":\"ListItem\",\"@id\":\"https:\\\/\\\/www.eldigitaldeasturias.com\\\/noticias\\\/beaute-mediterranea-factura-65m-de-euros-cuidando-la-piel-de-forma-natural\\\/#listItem\",\"position\":3,\"name\":\"Beaut\\u00e9 Mediterr\\u00e1nea factura 6,5M de euros cuidando la piel de forma natural\",\"previousItem\":{\"@type\":\"ListItem\",\"@id\":\"https:\\\/\\\/www.eldigitaldeasturias.com\\\/noticias\\\/category\\\/negocios-y-empresas\\\/#listItem\",\"name\":\"Negocios y Empresas\"}}]},{\"@type\":\"Organization\",\"@id\":\"https:\\\/\\\/www.eldigitaldeasturias.com\\\/noticias\\\/#organization\",\"name\":\"El Digital de Asturias\",\"description\":\"Hemeroteca\",\"url\":\"https:\\\/\\\/www.eldigitaldeasturias.com\\\/noticias\\\/\",\"email\":\"info@eldigitaldeasturias.com\",\"telephone\":\"+34652131393\",\"logo\":{\"@type\":\"ImageObject\",\"url\":\"https:\\\/\\\/www.eldigitaldeasturias.com\\\/noticias\\\/wp-content\\\/uploads\\\/2020\\\/12\\\/EDA.jpg\",\"@id\":\"https:\\\/\\\/www.eldigitaldeasturias.com\\\/noticias\\\/beaute-mediterranea-factura-65m-de-euros-cuidando-la-piel-de-forma-natural\\\/#organizationLogo\",\"width\":649,\"height\":297},\"image\":{\"@id\":\"https:\\\/\\\/www.eldigitaldeasturias.com\\\/noticias\\\/beaute-mediterranea-factura-65m-de-euros-cuidando-la-piel-de-forma-natural\\\/#organizationLogo\"},\"sameAs\":[\"https:\\\/\\\/facebook.com\\\/eldigitaldeasturias\",\"https:\\\/\\\/www.youtube.com\\\/channel\\\/UCZP-2wLEB9Rv6erhFmqVnvg\"],\"address\":{\"@id\":\"https:\\\/\\\/www.eldigitaldeasturias.com\\\/noticias\\\/#postaladdress\",\"@type\":\"PostalAddress\",\"streetAddress\":\"san antonio 4,\",\"postalCode\":\"33430\",\"addressLocality\":\"Cand\\u00e1s\",\"addressRegion\":\"Asturias\",\"addressCountry\":\"ES\"}},{\"@type\":\"Person\",\"@id\":\"https:\\\/\\\/www.eldigitaldeasturias.com\\\/noticias\\\/author\\\/admin\\\/#author\",\"url\":\"https:\\\/\\\/www.eldigitaldeasturias.com\\\/noticias\\\/author\\\/admin\\\/\",\"name\":\"El Digital de Asturias\",\"image\":{\"@type\":\"ImageObject\",\"@id\":\"https:\\\/\\\/www.eldigitaldeasturias.com\\\/noticias\\\/beaute-mediterranea-factura-65m-de-euros-cuidando-la-piel-de-forma-natural\\\/#authorImage\",\"url\":\"https:\\\/\\\/www.eldigitaldeasturias.com\\\/noticias\\\/wp-content\\\/litespeed\\\/avatar\\\/18677e78aa0546b92d9dbf31ec7d7668.jpg?ver=1777290358\",\"width\":96,\"height\":96,\"caption\":\"El Digital de Asturias\"}},{\"@type\":\"WebPage\",\"@id\":\"https:\\\/\\\/www.eldigitaldeasturias.com\\\/noticias\\\/beaute-mediterranea-factura-65m-de-euros-cuidando-la-piel-de-forma-natural\\\/#webpage\",\"url\":\"https:\\\/\\\/www.eldigitaldeasturias.com\\\/noticias\\\/beaute-mediterranea-factura-65m-de-euros-cuidando-la-piel-de-forma-natural\\\/\",\"name\":\"Beaut\\u00e9 Mediterr\\u00e1nea factura 6,5M de euros cuidando la piel de forma natural - El Digital de Asturias\",\"description\":\"Cada vez hay m\\u00e1s consumidores de productos de belleza adeptos a los componentes naturales para el cuidado de su piel. La marca Beaut\\u00e9 Mediterr\\u00e1nea de laboratorios Rofersam y sede en Les Franqueses del Vall\\u00e9s (Barcelona), emergi\\u00f3 en el mercado con esa filosof\\u00eda y el pasado 2019 cerr\\u00f3 el a\\u00f1o con una facturaci\\u00f3n de 6,5 millones de\",\"inLanguage\":\"es-ES\",\"isPartOf\":{\"@id\":\"https:\\\/\\\/www.eldigitaldeasturias.com\\\/noticias\\\/#website\"},\"breadcrumb\":{\"@id\":\"https:\\\/\\\/www.eldigitaldeasturias.com\\\/noticias\\\/beaute-mediterranea-factura-65m-de-euros-cuidando-la-piel-de-forma-natural\\\/#breadcrumblist\"},\"author\":{\"@id\":\"https:\\\/\\\/www.eldigitaldeasturias.com\\\/noticias\\\/author\\\/admin\\\/#author\"},\"creator\":{\"@id\":\"https:\\\/\\\/www.eldigitaldeasturias.com\\\/noticias\\\/author\\\/admin\\\/#author\"},\"image\":{\"@type\":\"ImageObject\",\"url\":\"https:\\\/\\\/www.eldigitaldeasturias.com\\\/noticias\\\/wp-content\\\/uploads\\\/2020\\\/03\\\/1583855291_Beaut_Mediterr_nea3.jpg\",\"@id\":\"https:\\\/\\\/www.eldigitaldeasturias.com\\\/noticias\\\/beaute-mediterranea-factura-65m-de-euros-cuidando-la-piel-de-forma-natural\\\/#mainImage\",\"width\":240,\"height\":320},\"primaryImageOfPage\":{\"@id\":\"https:\\\/\\\/www.eldigitaldeasturias.com\\\/noticias\\\/beaute-mediterranea-factura-65m-de-euros-cuidando-la-piel-de-forma-natural\\\/#mainImage\"},\"datePublished\":\"2020-03-11T19:08:04+01:00\",\"dateModified\":\"2020-03-11T19:08:04+01:00\"},{\"@type\":\"WebSite\",\"@id\":\"https:\\\/\\\/www.eldigitaldeasturias.com\\\/noticias\\\/#website\",\"url\":\"https:\\\/\\\/www.eldigitaldeasturias.com\\\/noticias\\\/\",\"name\":\"El Digital de Asturias - Diario de actualidad y noticias\",\"alternateName\":\"El Digital de Asturias - Diario de actualidad y noticias\",\"description\":\"Hemeroteca\",\"inLanguage\":\"es-ES\",\"publisher\":{\"@id\":\"https:\\\/\\\/www.eldigitaldeasturias.com\\\/noticias\\\/#organization\"}}]}\n\t\t<\/script>\n\t\t<!-- All in One SEO Pro -->\r\n\t\t<title>Beaut\u00e9 Mediterr\u00e1nea factura 6,5M de euros cuidando la piel de forma natural - El Digital de Asturias<\/title>\n\n","aioseo_head_json":{"title":"Beaut\u00e9 Mediterr\u00e1nea factura 6,5M de euros cuidando la piel de forma natural - El Digital de Asturias","description":"Cada vez hay m\u00e1s consumidores de productos de belleza adeptos a los componentes naturales para el cuidado de su piel. La marca Beaut\u00e9 Mediterr\u00e1nea de laboratorios Rofersam y sede en Les Franqueses del Vall\u00e9s (Barcelona), emergi\u00f3 en el mercado con esa filosof\u00eda y el pasado 2019 cerr\u00f3 el a\u00f1o con una facturaci\u00f3n de 6,5 millones de","canonical_url":"https:\/\/www.eldigitaldeasturias.com\/noticias\/beaute-mediterranea-factura-65m-de-euros-cuidando-la-piel-de-forma-natural\/","robots":"max-image-preview:large","keywords":"negocios y empresas","webmasterTools":{"google-site-verification":"UA-38556648-1","msvalidate.01":"7dfe9f3f1b24437ab69f4f2559babe99","miscellaneous":""},"schema":{"@context":"https:\/\/schema.org","@graph":[{"@type":"BlogPosting","@id":"https:\/\/www.eldigitaldeasturias.com\/noticias\/beaute-mediterranea-factura-65m-de-euros-cuidando-la-piel-de-forma-natural\/#blogposting","name":"Beaut\u00e9 Mediterr\u00e1nea factura 6,5M de euros cuidando la piel de forma natural - El Digital de Asturias","headline":"Beaut\u00e9 Mediterr\u00e1nea factura 6,5M de euros cuidando la piel de forma natural","author":{"@id":"https:\/\/www.eldigitaldeasturias.com\/noticias\/author\/admin\/#author"},"publisher":{"@id":"https:\/\/www.eldigitaldeasturias.com\/noticias\/#organization"},"image":{"@type":"ImageObject","url":"https:\/\/www.eldigitaldeasturias.com\/noticias\/wp-content\/uploads\/2020\/03\/1583855291_Beaut_Mediterr_nea3.jpg","width":240,"height":320},"datePublished":"2020-03-11T19:08:04+01:00","dateModified":"2020-03-11T19:08:04+01:00","inLanguage":"es-ES","mainEntityOfPage":{"@id":"https:\/\/www.eldigitaldeasturias.com\/noticias\/beaute-mediterranea-factura-65m-de-euros-cuidando-la-piel-de-forma-natural\/#webpage"},"isPartOf":{"@id":"https:\/\/www.eldigitaldeasturias.com\/noticias\/beaute-mediterranea-factura-65m-de-euros-cuidando-la-piel-de-forma-natural\/#webpage"},"articleSection":"Negocios y Empresas"},{"@type":"BreadcrumbList","@id":"https:\/\/www.eldigitaldeasturias.com\/noticias\/beaute-mediterranea-factura-65m-de-euros-cuidando-la-piel-de-forma-natural\/#breadcrumblist","itemListElement":[{"@type":"ListItem","@id":"https:\/\/www.eldigitaldeasturias.com\/noticias#listItem","position":1,"name":"Home","item":"https:\/\/www.eldigitaldeasturias.com\/noticias","nextItem":{"@type":"ListItem","@id":"https:\/\/www.eldigitaldeasturias.com\/noticias\/category\/negocios-y-empresas\/#listItem","name":"Negocios y Empresas"}},{"@type":"ListItem","@id":"https:\/\/www.eldigitaldeasturias.com\/noticias\/category\/negocios-y-empresas\/#listItem","position":2,"name":"Negocios y Empresas","item":"https:\/\/www.eldigitaldeasturias.com\/noticias\/category\/negocios-y-empresas\/","nextItem":{"@type":"ListItem","@id":"https:\/\/www.eldigitaldeasturias.com\/noticias\/beaute-mediterranea-factura-65m-de-euros-cuidando-la-piel-de-forma-natural\/#listItem","name":"Beaut\u00e9 Mediterr\u00e1nea factura 6,5M de euros cuidando la piel de forma natural"},"previousItem":{"@type":"ListItem","@id":"https:\/\/www.eldigitaldeasturias.com\/noticias#listItem","name":"Home"}},{"@type":"ListItem","@id":"https:\/\/www.eldigitaldeasturias.com\/noticias\/beaute-mediterranea-factura-65m-de-euros-cuidando-la-piel-de-forma-natural\/#listItem","position":3,"name":"Beaut\u00e9 Mediterr\u00e1nea factura 6,5M de euros cuidando la piel de forma natural","previousItem":{"@type":"ListItem","@id":"https:\/\/www.eldigitaldeasturias.com\/noticias\/category\/negocios-y-empresas\/#listItem","name":"Negocios y Empresas"}}]},{"@type":"Organization","@id":"https:\/\/www.eldigitaldeasturias.com\/noticias\/#organization","name":"El Digital de Asturias","description":"Hemeroteca","url":"https:\/\/www.eldigitaldeasturias.com\/noticias\/","email":"info@eldigitaldeasturias.com","telephone":"+34652131393","logo":{"@type":"ImageObject","url":"https:\/\/www.eldigitaldeasturias.com\/noticias\/wp-content\/uploads\/2020\/12\/EDA.jpg","@id":"https:\/\/www.eldigitaldeasturias.com\/noticias\/beaute-mediterranea-factura-65m-de-euros-cuidando-la-piel-de-forma-natural\/#organizationLogo","width":649,"height":297},"image":{"@id":"https:\/\/www.eldigitaldeasturias.com\/noticias\/beaute-mediterranea-factura-65m-de-euros-cuidando-la-piel-de-forma-natural\/#organizationLogo"},"sameAs":["https:\/\/facebook.com\/eldigitaldeasturias","https:\/\/www.youtube.com\/channel\/UCZP-2wLEB9Rv6erhFmqVnvg"],"address":{"@id":"https:\/\/www.eldigitaldeasturias.com\/noticias\/#postaladdress","@type":"PostalAddress","streetAddress":"san antonio 4,","postalCode":"33430","addressLocality":"Cand\u00e1s","addressRegion":"Asturias","addressCountry":"ES"}},{"@type":"Person","@id":"https:\/\/www.eldigitaldeasturias.com\/noticias\/author\/admin\/#author","url":"https:\/\/www.eldigitaldeasturias.com\/noticias\/author\/admin\/","name":"El Digital de Asturias","image":{"@type":"ImageObject","@id":"https:\/\/www.eldigitaldeasturias.com\/noticias\/beaute-mediterranea-factura-65m-de-euros-cuidando-la-piel-de-forma-natural\/#authorImage","url":"https:\/\/www.eldigitaldeasturias.com\/noticias\/wp-content\/litespeed\/avatar\/18677e78aa0546b92d9dbf31ec7d7668.jpg?ver=1777290358","width":96,"height":96,"caption":"El Digital de Asturias"}},{"@type":"WebPage","@id":"https:\/\/www.eldigitaldeasturias.com\/noticias\/beaute-mediterranea-factura-65m-de-euros-cuidando-la-piel-de-forma-natural\/#webpage","url":"https:\/\/www.eldigitaldeasturias.com\/noticias\/beaute-mediterranea-factura-65m-de-euros-cuidando-la-piel-de-forma-natural\/","name":"Beaut\u00e9 Mediterr\u00e1nea factura 6,5M de euros cuidando la piel de forma natural - El Digital de Asturias","description":"Cada vez hay m\u00e1s consumidores de productos de belleza adeptos a los componentes naturales para el cuidado de su piel. La marca Beaut\u00e9 Mediterr\u00e1nea de laboratorios Rofersam y sede en Les Franqueses del Vall\u00e9s (Barcelona), emergi\u00f3 en el mercado con esa filosof\u00eda y el pasado 2019 cerr\u00f3 el a\u00f1o con una facturaci\u00f3n de 6,5 millones de","inLanguage":"es-ES","isPartOf":{"@id":"https:\/\/www.eldigitaldeasturias.com\/noticias\/#website"},"breadcrumb":{"@id":"https:\/\/www.eldigitaldeasturias.com\/noticias\/beaute-mediterranea-factura-65m-de-euros-cuidando-la-piel-de-forma-natural\/#breadcrumblist"},"author":{"@id":"https:\/\/www.eldigitaldeasturias.com\/noticias\/author\/admin\/#author"},"creator":{"@id":"https:\/\/www.eldigitaldeasturias.com\/noticias\/author\/admin\/#author"},"image":{"@type":"ImageObject","url":"https:\/\/www.eldigitaldeasturias.com\/noticias\/wp-content\/uploads\/2020\/03\/1583855291_Beaut_Mediterr_nea3.jpg","@id":"https:\/\/www.eldigitaldeasturias.com\/noticias\/beaute-mediterranea-factura-65m-de-euros-cuidando-la-piel-de-forma-natural\/#mainImage","width":240,"height":320},"primaryImageOfPage":{"@id":"https:\/\/www.eldigitaldeasturias.com\/noticias\/beaute-mediterranea-factura-65m-de-euros-cuidando-la-piel-de-forma-natural\/#mainImage"},"datePublished":"2020-03-11T19:08:04+01:00","dateModified":"2020-03-11T19:08:04+01:00"},{"@type":"WebSite","@id":"https:\/\/www.eldigitaldeasturias.com\/noticias\/#website","url":"https:\/\/www.eldigitaldeasturias.com\/noticias\/","name":"El Digital de Asturias - Diario de actualidad y noticias","alternateName":"El Digital de Asturias - Diario de actualidad y noticias","description":"Hemeroteca","inLanguage":"es-ES","publisher":{"@id":"https:\/\/www.eldigitaldeasturias.com\/noticias\/#organization"}}]},"og:locale":"es_ES","og:site_name":"El Digital de Asturias","og:type":"article","og:title":"Beaut\u00e9 Mediterr\u00e1nea factura 6,5M de euros cuidando la piel de forma natural - El Digital de Asturias","og:description":"Cada vez hay m\u00e1s consumidores de productos de belleza adeptos a los componentes naturales para el cuidado de su piel. La marca Beaut\u00e9 Mediterr\u00e1nea de laboratorios Rofersam y sede en Les Franqueses del Vall\u00e9s (Barcelona), emergi\u00f3 en el mercado con esa filosof\u00eda y el pasado 2019 cerr\u00f3 el a\u00f1o con una facturaci\u00f3n de 6,5 millones de","og:url":"https:\/\/www.eldigitaldeasturias.com\/noticias\/beaute-mediterranea-factura-65m-de-euros-cuidando-la-piel-de-forma-natural\/","og:image":"https:\/\/www.eldigitaldeasturias.com\/noticias\/wp-content\/uploads\/2020\/03\/1583855291_Beaut_Mediterr_nea3.jpg","og:image:secure_url":"https:\/\/www.eldigitaldeasturias.com\/noticias\/wp-content\/uploads\/2020\/03\/1583855291_Beaut_Mediterr_nea3.jpg","og:image:width":240,"og:image:height":320,"article:tag":["negocios y empresas"],"article:published_time":"2020-03-11T19:08:04+00:00","article:modified_time":"2020-03-11T19:08:04+00:00","article:publisher":"https:\/\/facebook.com\/eldigitaldeasturias","twitter:card":"summary_large_image","twitter:title":"Beaut\u00e9 Mediterr\u00e1nea factura 6,5M de euros cuidando la piel de forma natural - El Digital de Asturias","twitter:description":"Cada vez hay m\u00e1s consumidores de productos de belleza adeptos a los componentes naturales para el cuidado de su piel. La marca Beaut\u00e9 Mediterr\u00e1nea de laboratorios Rofersam y sede en Les Franqueses del Vall\u00e9s (Barcelona), emergi\u00f3 en el mercado con esa filosof\u00eda y el pasado 2019 cerr\u00f3 el a\u00f1o con una facturaci\u00f3n de 6,5 millones de","twitter:image":"https:\/\/www.eldigitaldeasturias.com\/noticias\/wp-content\/uploads\/2020\/03\/1583855291_Beaut_Mediterr_nea3.jpg","twitter:label1":"Escrito por","twitter:data1":"El Digital de Asturias","twitter:label2":"Tiempo de lectura estimado","twitter:data2":"3 minutos"},"aioseo_meta_data":{"post_id":"1060437","title":null,"description":null,"keywords":null,"keyphrases":null,"primary_term":null,"canonical_url":null,"og_title":null,"og_description":null,"og_object_type":"default","og_image_type":"default","og_image_url":null,"og_image_width":null,"og_image_height":null,"og_image_custom_url":null,"og_image_custom_fields":null,"og_video":null,"og_custom_url":null,"og_article_section":null,"og_article_tags":null,"twitter_use_og":false,"twitter_card":"default","twitter_image_type":"default","twitter_image_url":null,"twitter_image_custom_url":null,"twitter_image_custom_fields":null,"twitter_title":null,"twitter_description":null,"schema":{"blockGraphs":[],"customGraphs":[],"default":{"data":{"Article":[],"Course":[],"Dataset":[],"FAQPage":[],"Movie":[],"Person":[],"Product":[],"ProductReview":[],"Car":[],"Recipe":[],"Service":[],"SoftwareApplication":[],"WebPage":[]},"graphName":"","isEnabled":true},"graphs":[],"defaultGraph":"","defaultPostTypeGraph":""},"schema_type":null,"schema_type_options":null,"pillar_content":false,"robots_default":true,"robots_noindex":false,"robots_noarchive":false,"robots_nosnippet":false,"robots_nofollow":false,"robots_noimageindex":false,"robots_noodp":false,"robots_notranslate":false,"robots_max_snippet":null,"robots_max_videopreview":null,"robots_max_imagepreview":"large","priority":null,"frequency":null,"local_seo":null,"seo_analyzer_scan_date":"2025-10-31 12:10:08","breadcrumb_settings":null,"limit_modified_date":false,"open_ai":null,"ai":null,"created":"2020-12-21 10:54:14","updated":"2025-10-31 12:10:08"},"aioseo_breadcrumb":"<div class=\"aioseo-breadcrumbs\"><span class=\"aioseo-breadcrumb\">\n\t<a href=\"https:\/\/www.eldigitaldeasturias.com\/noticias\" title=\"Home\">Home<\/a>\n<\/span><span class=\"aioseo-breadcrumb-separator\">\u2013<\/span><span class=\"aioseo-breadcrumb\">\n\t<a href=\"https:\/\/www.eldigitaldeasturias.com\/noticias\/category\/negocios-y-empresas\/\" title=\"Negocios y Empresas\">Negocios y Empresas<\/a>\n<\/span><span class=\"aioseo-breadcrumb-separator\">\u2013<\/span><span class=\"aioseo-breadcrumb\">\n\t<a href=\"https:\/\/www.eldigitaldeasturias.com\/noticias\/beaute-mediterranea-factura-65m-de-euros-cuidando-la-piel-de-forma-natural\/\" title=\"Beaut\u00e9 Mediterr\u00e1nea factura 6,5M de euros cuidando la piel de forma natural\">Beaut\u00e9 Mediterr\u00e1nea factura 6,5M de euros cuidando la piel de forma natural<\/a>\n<\/span><\/div>","aioseo_breadcrumb_json":[{"label":"Home","link":"https:\/\/www.eldigitaldeasturias.com\/noticias"},{"label":"Negocios y Empresas","link":"https:\/\/www.eldigitaldeasturias.com\/noticias\/category\/negocios-y-empresas\/"},{"label":"Beaut\u00e9 Mediterr\u00e1nea factura 6,5M de euros cuidando la piel de forma natural","link":"https:\/\/www.eldigitaldeasturias.com\/noticias\/beaute-mediterranea-factura-65m-de-euros-cuidando-la-piel-de-forma-natural\/"}],"_links":{"self":[{"href":"https:\/\/www.eldigitaldeasturias.com\/noticias\/wp-json\/wp\/v2\/posts\/1060437","targetHints":{"allow":["GET"]}}],"collection":[{"href":"https:\/\/www.eldigitaldeasturias.com\/noticias\/wp-json\/wp\/v2\/posts"}],"about":[{"href":"https:\/\/www.eldigitaldeasturias.com\/noticias\/wp-json\/wp\/v2\/types\/post"}],"author":[{"embeddable":true,"href":"https:\/\/www.eldigitaldeasturias.com\/noticias\/wp-json\/wp\/v2\/users\/1"}],"replies":[{"embeddable":true,"href":"https:\/\/www.eldigitaldeasturias.com\/noticias\/wp-json\/wp\/v2\/comments?post=1060437"}],"version-history":[{"count":0,"href":"https:\/\/www.eldigitaldeasturias.com\/noticias\/wp-json\/wp\/v2\/posts\/1060437\/revisions"}],"wp:featuredmedia":[{"embeddable":true,"href":"https:\/\/www.eldigitaldeasturias.com\/noticias\/wp-json\/wp\/v2\/media\/1060438"}],"wp:attachment":[{"href":"https:\/\/www.eldigitaldeasturias.com\/noticias\/wp-json\/wp\/v2\/media?parent=1060437"}],"wp:term":[{"taxonomy":"category","embeddable":true,"href":"https:\/\/www.eldigitaldeasturias.com\/noticias\/wp-json\/wp\/v2\/categories?post=1060437"},{"taxonomy":"post_tag","embeddable":true,"href":"https:\/\/www.eldigitaldeasturias.com\/noticias\/wp-json\/wp\/v2\/tags?post=1060437"}],"curies":[{"name":"wp","href":"https:\/\/api.w.org\/{rel}","templated":true}]}}