{"id":1060422,"date":"2020-03-11T16:23:45","date_gmt":"2020-03-11T16:23:45","guid":{"rendered":"https:\/\/www.eldigitaldeasturias.com\/noticias\/?p=1060422"},"modified":"2020-03-11T16:24:04","modified_gmt":"2020-03-11T16:24:04","slug":"covid-19-asturias-suspende-la-actividad-de-los-centros-sociales-durante-14-dias","status":"publish","type":"post","link":"https:\/\/www.eldigitaldeasturias.com\/noticias\/covid-19-asturias-suspende-la-actividad-de-los-centros-sociales-durante-14-dias\/","title":{"rendered":"COVID-19: Asturias suspende la actividad de los centros sociales durante 14 d\u00edas"},"content":{"rendered":"<figure id=\"attachment_1044983\" aria-describedby=\"caption-attachment-1044983\" style=\"width: 360px\" class=\"wp-caption alignleft\"><img loading=\"lazy\" decoding=\"async\" class=\"size-medium wp-image-1044983\" src=\"https:\/\/www.eldigitaldeasturias.com\/noticias\/wp-content\/uploads\/2019\/10\/thumbnail_2019_10_24-rueda-prensa-consejo-gobierno-1-360x232.jpg\" alt=\"\" width=\"360\" height=\"232\" srcset=\"https:\/\/www.eldigitaldeasturias.com\/noticias\/wp-content\/uploads\/2019\/10\/thumbnail_2019_10_24-rueda-prensa-consejo-gobierno-1-360x232.jpg 360w, https:\/\/www.eldigitaldeasturias.com\/noticias\/wp-content\/uploads\/2019\/10\/thumbnail_2019_10_24-rueda-prensa-consejo-gobierno-1-465x300.jpg 465w, https:\/\/www.eldigitaldeasturias.com\/noticias\/wp-content\/uploads\/2019\/10\/thumbnail_2019_10_24-rueda-prensa-consejo-gobierno-1-768x495.jpg 768w, https:\/\/www.eldigitaldeasturias.com\/noticias\/wp-content\/uploads\/2019\/10\/thumbnail_2019_10_24-rueda-prensa-consejo-gobierno-1-690x445.jpg 690w, https:\/\/www.eldigitaldeasturias.com\/noticias\/wp-content\/uploads\/2019\/10\/thumbnail_2019_10_24-rueda-prensa-consejo-gobierno-1-1024x660.jpg 1024w, https:\/\/www.eldigitaldeasturias.com\/noticias\/wp-content\/uploads\/2019\/10\/thumbnail_2019_10_24-rueda-prensa-consejo-gobierno-1.jpg 1280w\" sizes=\"auto, (max-width: 360px) 100vw, 360px\" \/><figcaption id=\"caption-attachment-1044983\" class=\"wp-caption-text\">Foto: Armando \u00c1lvarez<\/figcaption><\/figure>\n<p>El <strong>Gobierno de Asturia<\/strong>s ha impulsado nuevas medidas de control y prevenci\u00f3n del contagio de <strong>COVID-19,<\/strong> entre ellas, la <strong>suspensi\u00f3n de la actividad en todos los centros sociales durante catorce d\u00edas<\/strong>, tanto de los de titularidad auton\u00f3mica como municipal, para proteger a los usuarios. Los trabajadores de estas instalaciones s\u00ed mantendr\u00e1n su actividad laboral.<\/p>\n<p>La Consejer\u00eda de Derechos Sociales y Bienestar, en coordinaci\u00f3n con la Consejer\u00eda de Salud, ha informado a todos los centros del cese de la actividad, que se har\u00e1 efectivo ma\u00f1ana. <strong>\u201cTomamos esta medida teniendo en cuenta la evoluci\u00f3n de la situaci\u00f3n y la vulnerabilidad de las personas que hacen uso de estos centros\u201d<\/strong>, ha explicado la consejera de Derechos Sociales y Bienestar, Melania \u00c1lvarez, que ha a\u00f1adido que esta medida podr\u00eda tener que \u201cajustarse\u201d en funci\u00f3n del impacto de la enfermedad.<\/p>\n<p>Asturias cuenta con 36 centros sociales para personas mayores de titularidad p\u00fablica y del ERA: CS de Vegadeo, CS de Luarca, CS Jard\u00edn de Cantos, CS La Luz, CS Covadonga, CS Pumar\u00edn, CS de Grado, CS de Lugones, CS de Moreda, CS de Pola de Lena, CS de Tur\u00f3n, CS de Cangas del Narcea, CS de Cudillero, CS de Luanco, CS de Nava, CS El Arbeyal, CS El Llano, CS Gij\u00f3n Centro, CS de Cabrales, CS de La Felguera, CS de Sama, CS de Lada, CS de Caborana, CS de Barros, CS de Cia\u00f1o, CS de Pola de Laviana, CS de Mieres, CS de Figueras, CS de Tapia de Casariego, CS de Puerto de Vega, CS de Ribadesella, CS Santa Teresa, CS La Tenderina, CS Valent\u00edn Palacio, CS Clara Ferrer y CS de Ria\u00f1o. A estos hay que sumar los de titularidad municipal.<\/p>\n<p>Medias complementarias<\/p>\n<p>Junto con esta medida, adoptada en cumplimiento de los consejos de la Organizaci\u00f3n Mundial de la Salud y del Ministerio de Sanidad, tambi\u00e9n se aplicar\u00e1n otras recomendaciones en los centros de atenci\u00f3n diurna a personas dependientes o con discapacidad, de apoyo a la integraci\u00f3n y de atenci\u00f3n residencial para personas con discapacidad: colocaci\u00f3n de puntos de higiene estrat\u00e9gicos, extremar la limpieza de espacios y uso de material desechable en el manejo de residuos.<\/p>\n<p>Los trabajadores de estos centros con sintomatolog\u00eda respiratoria deber\u00e1n consultar a los servicios sanitarios de prevenci\u00f3n para realizar una valoraci\u00f3n individualizada sobre la pertinencia de la continuidad de sus actividades laborales. Se recomienda a los usuarios que presenten alguna sintomatolog\u00eda no acudir a estas instalaciones hasta su remisi\u00f3n.<\/p>\n<p>Los residentes con s\u00edntomas deber\u00e1n restringir al m\u00e1ximo el tr\u00e1nsito por las zonas comunes y en el caso de que tengan que recorrerlas, habr\u00e1n de usar una mascarilla quir\u00fargica. De igual modo, se recomienda que todo residente con sintomatolog\u00eda que vaya a ser atendido por un trabajador lleve tambi\u00e9n una mascarilla, as\u00ed como suspender temporalmente todo tipo de actividad programada comunitaria en los centros.<\/p>\n<h3>Evitar contagios<\/h3>\n<p>La consejer\u00eda de Derechos Sociales y Bienestar tambi\u00e9n ha enviado recomendaciones espec\u00edficas de refuerzo de las medidas de higiene a los centros municipales de servicios sociales y al servicio de atenci\u00f3n de ayuda a domicilio. Respecto al equipo de profesionales del programa Rompiendo Distancias, se recomienda suspender el pr\u00e9stamo de libros, la realizaci\u00f3n de talleres que conlleven la concentraci\u00f3n de personas vulnerables y todas las actividades de voluntariado. La atenci\u00f3n en los Centros Rurales de Apoyo Diurno se regir\u00e1 por las recomendaciones para centros sociosanitarios.<\/p>\n<p>&nbsp;<\/p>\n<p>&nbsp;<\/p>\n","protected":false},"excerpt":{"rendered":"<p>El Gobierno de Asturias ha impulsado nuevas medidas de control y prevenci\u00f3n del contagio de COVID-19, entre ellas, la suspensi\u00f3n de la actividad en todos los centros sociales durante catorce d\u00edas, tanto de los de titularidad auton\u00f3mica como municipal, para proteger a los usuarios. Los trabajadores de estas instalaciones s\u00ed mantendr\u00e1n su actividad laboral. La [&hellip;]<\/p>\n","protected":false},"author":1,"featured_media":1044983,"comment_status":"closed","ping_status":"closed","sticky":false,"template":"","format":"standard","meta":{"footnotes":""},"categories":[12,141],"tags":[],"class_list":["post-1060422","post","type-post","status-publish","format-standard","has-post-thumbnail","hentry","category-actualidad-asturias","category-destacadas"],"aioseo_notices":[],"aioseo_head":"\n\t\t<!-- All in One SEO Pro 4.9.6.2 - aioseo.com -->\n\t<meta name=\"description\" content=\"El Gobierno de Asturias ha impulsado nuevas medidas de control y prevenci\u00f3n del contagio de COVID-19, entre ellas, la suspensi\u00f3n de la actividad en todos los centros sociales durante catorce d\u00edas, tanto de los de titularidad auton\u00f3mica como municipal, para proteger a los usuarios. Los trabajadores de estas instalaciones s\u00ed mantendr\u00e1n su actividad laboral. La\" \/>\n\t<meta name=\"robots\" content=\"max-image-preview:large\" \/>\n\t<meta name=\"author\" content=\"El Digital de Asturias\"\/>\n\t<meta name=\"google-site-verification\" content=\"UA-38556648-1\" \/>\n\t<meta name=\"msvalidate.01\" content=\"7dfe9f3f1b24437ab69f4f2559babe99\" \/>\n\t<meta name=\"keywords\" content=\"actualidad asturias,destacadas\" \/>\n\t<link rel=\"canonical\" href=\"https:\/\/www.eldigitaldeasturias.com\/noticias\/covid-19-asturias-suspende-la-actividad-de-los-centros-sociales-durante-14-dias\/\" \/>\n\t<meta name=\"generator\" content=\"All in One SEO Pro (AIOSEO) 4.9.6.2\" \/>\n\t\t<meta property=\"og:locale\" content=\"es_ES\" \/>\n\t\t<meta property=\"og:site_name\" content=\"El Digital de Asturias\" \/>\n\t\t<meta property=\"og:type\" content=\"article\" \/>\n\t\t<meta property=\"og:title\" content=\"COVID-19: Asturias suspende la actividad de los centros sociales durante 14 d\u00edas - El Digital de Asturias\" \/>\n\t\t<meta property=\"og:description\" content=\"El Gobierno de Asturias ha impulsado nuevas medidas de control y prevenci\u00f3n del contagio de COVID-19, entre ellas, la suspensi\u00f3n de la actividad en todos los centros sociales durante catorce d\u00edas, tanto de los de titularidad auton\u00f3mica como municipal, para proteger a los usuarios. Los trabajadores de estas instalaciones s\u00ed mantendr\u00e1n su actividad laboral. La\" \/>\n\t\t<meta property=\"og:url\" content=\"https:\/\/www.eldigitaldeasturias.com\/noticias\/covid-19-asturias-suspende-la-actividad-de-los-centros-sociales-durante-14-dias\/\" \/>\n\t\t<meta property=\"og:image\" content=\"https:\/\/www.eldigitaldeasturias.com\/noticias\/wp-content\/uploads\/2019\/10\/thumbnail_2019_10_24-rueda-prensa-consejo-gobierno-1.jpg\" \/>\n\t\t<meta property=\"og:image:secure_url\" content=\"https:\/\/www.eldigitaldeasturias.com\/noticias\/wp-content\/uploads\/2019\/10\/thumbnail_2019_10_24-rueda-prensa-consejo-gobierno-1.jpg\" \/>\n\t\t<meta property=\"og:image:width\" content=\"1280\" \/>\n\t\t<meta property=\"og:image:height\" content=\"825\" \/>\n\t\t<meta property=\"article:tag\" content=\"actualidad asturias\" \/>\n\t\t<meta property=\"article:tag\" content=\"destacadas\" \/>\n\t\t<meta property=\"article:published_time\" content=\"2020-03-11T16:23:45+00:00\" \/>\n\t\t<meta property=\"article:modified_time\" content=\"2020-03-11T16:24:04+00:00\" \/>\n\t\t<meta property=\"article:publisher\" content=\"https:\/\/facebook.com\/eldigitaldeasturias\" \/>\n\t\t<meta name=\"twitter:card\" content=\"summary_large_image\" \/>\n\t\t<meta name=\"twitter:title\" content=\"COVID-19: Asturias suspende la actividad de los centros sociales durante 14 d\u00edas - El Digital de Asturias\" \/>\n\t\t<meta name=\"twitter:description\" content=\"El Gobierno de Asturias ha impulsado nuevas medidas de control y prevenci\u00f3n del contagio de COVID-19, entre ellas, la suspensi\u00f3n de la actividad en todos los centros sociales durante catorce d\u00edas, tanto de los de titularidad auton\u00f3mica como municipal, para proteger a los usuarios. Los trabajadores de estas instalaciones s\u00ed mantendr\u00e1n su actividad laboral. La\" \/>\n\t\t<meta name=\"twitter:image\" content=\"https:\/\/www.eldigitaldeasturias.com\/noticias\/wp-content\/uploads\/2019\/10\/thumbnail_2019_10_24-rueda-prensa-consejo-gobierno-1.jpg\" \/>\n\t\t<meta name=\"twitter:label1\" content=\"Escrito por\" \/>\n\t\t<meta name=\"twitter:data1\" content=\"El Digital de Asturias\" \/>\n\t\t<meta name=\"twitter:label2\" content=\"Tiempo de lectura estimado\" \/>\n\t\t<meta name=\"twitter:data2\" content=\"3 minutos\" \/>\n\t\t<script type=\"application\/ld+json\" class=\"aioseo-schema\">\n\t\t\t{\"@context\":\"https:\\\/\\\/schema.org\",\"@graph\":[{\"@type\":\"BlogPosting\",\"@id\":\"https:\\\/\\\/www.eldigitaldeasturias.com\\\/noticias\\\/covid-19-asturias-suspende-la-actividad-de-los-centros-sociales-durante-14-dias\\\/#blogposting\",\"name\":\"COVID-19: Asturias suspende la actividad de los centros sociales durante 14 d\\u00edas - El Digital de Asturias\",\"headline\":\"COVID-19: Asturias suspende la actividad de los centros sociales durante 14 d\\u00edas\",\"author\":{\"@id\":\"https:\\\/\\\/www.eldigitaldeasturias.com\\\/noticias\\\/author\\\/admin\\\/#author\"},\"publisher\":{\"@id\":\"https:\\\/\\\/www.eldigitaldeasturias.com\\\/noticias\\\/#organization\"},\"image\":{\"@type\":\"ImageObject\",\"url\":\"https:\\\/\\\/www.eldigitaldeasturias.com\\\/noticias\\\/wp-content\\\/uploads\\\/2019\\\/10\\\/thumbnail_2019_10_24-rueda-prensa-consejo-gobierno-1.jpg\",\"width\":1280,\"height\":825,\"caption\":\"Foto: Armando \\u00c1lvarez\"},\"datePublished\":\"2020-03-11T16:23:45+01:00\",\"dateModified\":\"2020-03-11T16:24:04+01:00\",\"inLanguage\":\"es-ES\",\"mainEntityOfPage\":{\"@id\":\"https:\\\/\\\/www.eldigitaldeasturias.com\\\/noticias\\\/covid-19-asturias-suspende-la-actividad-de-los-centros-sociales-durante-14-dias\\\/#webpage\"},\"isPartOf\":{\"@id\":\"https:\\\/\\\/www.eldigitaldeasturias.com\\\/noticias\\\/covid-19-asturias-suspende-la-actividad-de-los-centros-sociales-durante-14-dias\\\/#webpage\"},\"articleSection\":\"Actualidad Asturias, Destacadas\"},{\"@type\":\"BreadcrumbList\",\"@id\":\"https:\\\/\\\/www.eldigitaldeasturias.com\\\/noticias\\\/covid-19-asturias-suspende-la-actividad-de-los-centros-sociales-durante-14-dias\\\/#breadcrumblist\",\"itemListElement\":[{\"@type\":\"ListItem\",\"@id\":\"https:\\\/\\\/www.eldigitaldeasturias.com\\\/noticias#listItem\",\"position\":1,\"name\":\"Home\",\"item\":\"https:\\\/\\\/www.eldigitaldeasturias.com\\\/noticias\",\"nextItem\":{\"@type\":\"ListItem\",\"@id\":\"https:\\\/\\\/www.eldigitaldeasturias.com\\\/noticias\\\/category\\\/actualidad-asturias\\\/#listItem\",\"name\":\"Actualidad Asturias\"}},{\"@type\":\"ListItem\",\"@id\":\"https:\\\/\\\/www.eldigitaldeasturias.com\\\/noticias\\\/category\\\/actualidad-asturias\\\/#listItem\",\"position\":2,\"name\":\"Actualidad Asturias\",\"item\":\"https:\\\/\\\/www.eldigitaldeasturias.com\\\/noticias\\\/category\\\/actualidad-asturias\\\/\",\"nextItem\":{\"@type\":\"ListItem\",\"@id\":\"https:\\\/\\\/www.eldigitaldeasturias.com\\\/noticias\\\/covid-19-asturias-suspende-la-actividad-de-los-centros-sociales-durante-14-dias\\\/#listItem\",\"name\":\"COVID-19: Asturias suspende la actividad de los centros sociales durante 14 d\\u00edas\"},\"previousItem\":{\"@type\":\"ListItem\",\"@id\":\"https:\\\/\\\/www.eldigitaldeasturias.com\\\/noticias#listItem\",\"name\":\"Home\"}},{\"@type\":\"ListItem\",\"@id\":\"https:\\\/\\\/www.eldigitaldeasturias.com\\\/noticias\\\/covid-19-asturias-suspende-la-actividad-de-los-centros-sociales-durante-14-dias\\\/#listItem\",\"position\":3,\"name\":\"COVID-19: Asturias suspende la actividad de los centros sociales durante 14 d\\u00edas\",\"previousItem\":{\"@type\":\"ListItem\",\"@id\":\"https:\\\/\\\/www.eldigitaldeasturias.com\\\/noticias\\\/category\\\/actualidad-asturias\\\/#listItem\",\"name\":\"Actualidad Asturias\"}}]},{\"@type\":\"Organization\",\"@id\":\"https:\\\/\\\/www.eldigitaldeasturias.com\\\/noticias\\\/#organization\",\"name\":\"El Digital de Asturias\",\"description\":\"Hemeroteca\",\"url\":\"https:\\\/\\\/www.eldigitaldeasturias.com\\\/noticias\\\/\",\"email\":\"info@eldigitaldeasturias.com\",\"telephone\":\"+34652131393\",\"logo\":{\"@type\":\"ImageObject\",\"url\":\"https:\\\/\\\/www.eldigitaldeasturias.com\\\/noticias\\\/wp-content\\\/uploads\\\/2020\\\/12\\\/EDA.jpg\",\"@id\":\"https:\\\/\\\/www.eldigitaldeasturias.com\\\/noticias\\\/covid-19-asturias-suspende-la-actividad-de-los-centros-sociales-durante-14-dias\\\/#organizationLogo\",\"width\":649,\"height\":297},\"image\":{\"@id\":\"https:\\\/\\\/www.eldigitaldeasturias.com\\\/noticias\\\/covid-19-asturias-suspende-la-actividad-de-los-centros-sociales-durante-14-dias\\\/#organizationLogo\"},\"sameAs\":[\"https:\\\/\\\/facebook.com\\\/eldigitaldeasturias\",\"https:\\\/\\\/www.youtube.com\\\/channel\\\/UCZP-2wLEB9Rv6erhFmqVnvg\"],\"address\":{\"@id\":\"https:\\\/\\\/www.eldigitaldeasturias.com\\\/noticias\\\/#postaladdress\",\"@type\":\"PostalAddress\",\"streetAddress\":\"san antonio 4,\",\"postalCode\":\"33430\",\"addressLocality\":\"Cand\\u00e1s\",\"addressRegion\":\"Asturias\",\"addressCountry\":\"ES\"}},{\"@type\":\"Person\",\"@id\":\"https:\\\/\\\/www.eldigitaldeasturias.com\\\/noticias\\\/author\\\/admin\\\/#author\",\"url\":\"https:\\\/\\\/www.eldigitaldeasturias.com\\\/noticias\\\/author\\\/admin\\\/\",\"name\":\"El Digital de Asturias\",\"image\":{\"@type\":\"ImageObject\",\"@id\":\"https:\\\/\\\/www.eldigitaldeasturias.com\\\/noticias\\\/covid-19-asturias-suspende-la-actividad-de-los-centros-sociales-durante-14-dias\\\/#authorImage\",\"url\":\"https:\\\/\\\/www.eldigitaldeasturias.com\\\/noticias\\\/wp-content\\\/litespeed\\\/avatar\\\/18677e78aa0546b92d9dbf31ec7d7668.jpg?ver=1777290358\",\"width\":96,\"height\":96,\"caption\":\"El Digital de Asturias\"}},{\"@type\":\"WebPage\",\"@id\":\"https:\\\/\\\/www.eldigitaldeasturias.com\\\/noticias\\\/covid-19-asturias-suspende-la-actividad-de-los-centros-sociales-durante-14-dias\\\/#webpage\",\"url\":\"https:\\\/\\\/www.eldigitaldeasturias.com\\\/noticias\\\/covid-19-asturias-suspende-la-actividad-de-los-centros-sociales-durante-14-dias\\\/\",\"name\":\"COVID-19: Asturias suspende la actividad de los centros sociales durante 14 d\\u00edas - El Digital de Asturias\",\"description\":\"El Gobierno de Asturias ha impulsado nuevas medidas de control y prevenci\\u00f3n del contagio de COVID-19, entre ellas, la suspensi\\u00f3n de la actividad en todos los centros sociales durante catorce d\\u00edas, tanto de los de titularidad auton\\u00f3mica como municipal, para proteger a los usuarios. Los trabajadores de estas instalaciones s\\u00ed mantendr\\u00e1n su actividad laboral. La\",\"inLanguage\":\"es-ES\",\"isPartOf\":{\"@id\":\"https:\\\/\\\/www.eldigitaldeasturias.com\\\/noticias\\\/#website\"},\"breadcrumb\":{\"@id\":\"https:\\\/\\\/www.eldigitaldeasturias.com\\\/noticias\\\/covid-19-asturias-suspende-la-actividad-de-los-centros-sociales-durante-14-dias\\\/#breadcrumblist\"},\"author\":{\"@id\":\"https:\\\/\\\/www.eldigitaldeasturias.com\\\/noticias\\\/author\\\/admin\\\/#author\"},\"creator\":{\"@id\":\"https:\\\/\\\/www.eldigitaldeasturias.com\\\/noticias\\\/author\\\/admin\\\/#author\"},\"image\":{\"@type\":\"ImageObject\",\"url\":\"https:\\\/\\\/www.eldigitaldeasturias.com\\\/noticias\\\/wp-content\\\/uploads\\\/2019\\\/10\\\/thumbnail_2019_10_24-rueda-prensa-consejo-gobierno-1.jpg\",\"@id\":\"https:\\\/\\\/www.eldigitaldeasturias.com\\\/noticias\\\/covid-19-asturias-suspende-la-actividad-de-los-centros-sociales-durante-14-dias\\\/#mainImage\",\"width\":1280,\"height\":825,\"caption\":\"Foto: Armando \\u00c1lvarez\"},\"primaryImageOfPage\":{\"@id\":\"https:\\\/\\\/www.eldigitaldeasturias.com\\\/noticias\\\/covid-19-asturias-suspende-la-actividad-de-los-centros-sociales-durante-14-dias\\\/#mainImage\"},\"datePublished\":\"2020-03-11T16:23:45+01:00\",\"dateModified\":\"2020-03-11T16:24:04+01:00\"},{\"@type\":\"WebSite\",\"@id\":\"https:\\\/\\\/www.eldigitaldeasturias.com\\\/noticias\\\/#website\",\"url\":\"https:\\\/\\\/www.eldigitaldeasturias.com\\\/noticias\\\/\",\"name\":\"El Digital de Asturias - Diario de actualidad y noticias\",\"alternateName\":\"El Digital de Asturias - Diario de actualidad y noticias\",\"description\":\"Hemeroteca\",\"inLanguage\":\"es-ES\",\"publisher\":{\"@id\":\"https:\\\/\\\/www.eldigitaldeasturias.com\\\/noticias\\\/#organization\"}}]}\n\t\t<\/script>\n\t\t<!-- All in One SEO Pro -->\r\n\t\t<title>COVID-19: Asturias suspende la actividad de los centros sociales durante 14 d\u00edas - El Digital de Asturias<\/title>\n\n","aioseo_head_json":{"title":"COVID-19: Asturias suspende la actividad de los centros sociales durante 14 d\u00edas - El Digital de Asturias","description":"El Gobierno de Asturias ha impulsado nuevas medidas de control y prevenci\u00f3n del contagio de COVID-19, entre ellas, la suspensi\u00f3n de la actividad en todos los centros sociales durante catorce d\u00edas, tanto de los de titularidad auton\u00f3mica como municipal, para proteger a los usuarios. Los trabajadores de estas instalaciones s\u00ed mantendr\u00e1n su actividad laboral. La","canonical_url":"https:\/\/www.eldigitaldeasturias.com\/noticias\/covid-19-asturias-suspende-la-actividad-de-los-centros-sociales-durante-14-dias\/","robots":"max-image-preview:large","keywords":"actualidad asturias,destacadas","webmasterTools":{"google-site-verification":"UA-38556648-1","msvalidate.01":"7dfe9f3f1b24437ab69f4f2559babe99","miscellaneous":""},"schema":{"@context":"https:\/\/schema.org","@graph":[{"@type":"BlogPosting","@id":"https:\/\/www.eldigitaldeasturias.com\/noticias\/covid-19-asturias-suspende-la-actividad-de-los-centros-sociales-durante-14-dias\/#blogposting","name":"COVID-19: Asturias suspende la actividad de los centros sociales durante 14 d\u00edas - El Digital de Asturias","headline":"COVID-19: Asturias suspende la actividad de los centros sociales durante 14 d\u00edas","author":{"@id":"https:\/\/www.eldigitaldeasturias.com\/noticias\/author\/admin\/#author"},"publisher":{"@id":"https:\/\/www.eldigitaldeasturias.com\/noticias\/#organization"},"image":{"@type":"ImageObject","url":"https:\/\/www.eldigitaldeasturias.com\/noticias\/wp-content\/uploads\/2019\/10\/thumbnail_2019_10_24-rueda-prensa-consejo-gobierno-1.jpg","width":1280,"height":825,"caption":"Foto: Armando \u00c1lvarez"},"datePublished":"2020-03-11T16:23:45+01:00","dateModified":"2020-03-11T16:24:04+01:00","inLanguage":"es-ES","mainEntityOfPage":{"@id":"https:\/\/www.eldigitaldeasturias.com\/noticias\/covid-19-asturias-suspende-la-actividad-de-los-centros-sociales-durante-14-dias\/#webpage"},"isPartOf":{"@id":"https:\/\/www.eldigitaldeasturias.com\/noticias\/covid-19-asturias-suspende-la-actividad-de-los-centros-sociales-durante-14-dias\/#webpage"},"articleSection":"Actualidad Asturias, Destacadas"},{"@type":"BreadcrumbList","@id":"https:\/\/www.eldigitaldeasturias.com\/noticias\/covid-19-asturias-suspende-la-actividad-de-los-centros-sociales-durante-14-dias\/#breadcrumblist","itemListElement":[{"@type":"ListItem","@id":"https:\/\/www.eldigitaldeasturias.com\/noticias#listItem","position":1,"name":"Home","item":"https:\/\/www.eldigitaldeasturias.com\/noticias","nextItem":{"@type":"ListItem","@id":"https:\/\/www.eldigitaldeasturias.com\/noticias\/category\/actualidad-asturias\/#listItem","name":"Actualidad Asturias"}},{"@type":"ListItem","@id":"https:\/\/www.eldigitaldeasturias.com\/noticias\/category\/actualidad-asturias\/#listItem","position":2,"name":"Actualidad Asturias","item":"https:\/\/www.eldigitaldeasturias.com\/noticias\/category\/actualidad-asturias\/","nextItem":{"@type":"ListItem","@id":"https:\/\/www.eldigitaldeasturias.com\/noticias\/covid-19-asturias-suspende-la-actividad-de-los-centros-sociales-durante-14-dias\/#listItem","name":"COVID-19: Asturias suspende la actividad de los centros sociales durante 14 d\u00edas"},"previousItem":{"@type":"ListItem","@id":"https:\/\/www.eldigitaldeasturias.com\/noticias#listItem","name":"Home"}},{"@type":"ListItem","@id":"https:\/\/www.eldigitaldeasturias.com\/noticias\/covid-19-asturias-suspende-la-actividad-de-los-centros-sociales-durante-14-dias\/#listItem","position":3,"name":"COVID-19: Asturias suspende la actividad de los centros sociales durante 14 d\u00edas","previousItem":{"@type":"ListItem","@id":"https:\/\/www.eldigitaldeasturias.com\/noticias\/category\/actualidad-asturias\/#listItem","name":"Actualidad Asturias"}}]},{"@type":"Organization","@id":"https:\/\/www.eldigitaldeasturias.com\/noticias\/#organization","name":"El Digital de Asturias","description":"Hemeroteca","url":"https:\/\/www.eldigitaldeasturias.com\/noticias\/","email":"info@eldigitaldeasturias.com","telephone":"+34652131393","logo":{"@type":"ImageObject","url":"https:\/\/www.eldigitaldeasturias.com\/noticias\/wp-content\/uploads\/2020\/12\/EDA.jpg","@id":"https:\/\/www.eldigitaldeasturias.com\/noticias\/covid-19-asturias-suspende-la-actividad-de-los-centros-sociales-durante-14-dias\/#organizationLogo","width":649,"height":297},"image":{"@id":"https:\/\/www.eldigitaldeasturias.com\/noticias\/covid-19-asturias-suspende-la-actividad-de-los-centros-sociales-durante-14-dias\/#organizationLogo"},"sameAs":["https:\/\/facebook.com\/eldigitaldeasturias","https:\/\/www.youtube.com\/channel\/UCZP-2wLEB9Rv6erhFmqVnvg"],"address":{"@id":"https:\/\/www.eldigitaldeasturias.com\/noticias\/#postaladdress","@type":"PostalAddress","streetAddress":"san antonio 4,","postalCode":"33430","addressLocality":"Cand\u00e1s","addressRegion":"Asturias","addressCountry":"ES"}},{"@type":"Person","@id":"https:\/\/www.eldigitaldeasturias.com\/noticias\/author\/admin\/#author","url":"https:\/\/www.eldigitaldeasturias.com\/noticias\/author\/admin\/","name":"El Digital de Asturias","image":{"@type":"ImageObject","@id":"https:\/\/www.eldigitaldeasturias.com\/noticias\/covid-19-asturias-suspende-la-actividad-de-los-centros-sociales-durante-14-dias\/#authorImage","url":"https:\/\/www.eldigitaldeasturias.com\/noticias\/wp-content\/litespeed\/avatar\/18677e78aa0546b92d9dbf31ec7d7668.jpg?ver=1777290358","width":96,"height":96,"caption":"El Digital de Asturias"}},{"@type":"WebPage","@id":"https:\/\/www.eldigitaldeasturias.com\/noticias\/covid-19-asturias-suspende-la-actividad-de-los-centros-sociales-durante-14-dias\/#webpage","url":"https:\/\/www.eldigitaldeasturias.com\/noticias\/covid-19-asturias-suspende-la-actividad-de-los-centros-sociales-durante-14-dias\/","name":"COVID-19: Asturias suspende la actividad de los centros sociales durante 14 d\u00edas - El Digital de Asturias","description":"El Gobierno de Asturias ha impulsado nuevas medidas de control y prevenci\u00f3n del contagio de COVID-19, entre ellas, la suspensi\u00f3n de la actividad en todos los centros sociales durante catorce d\u00edas, tanto de los de titularidad auton\u00f3mica como municipal, para proteger a los usuarios. Los trabajadores de estas instalaciones s\u00ed mantendr\u00e1n su actividad laboral. La","inLanguage":"es-ES","isPartOf":{"@id":"https:\/\/www.eldigitaldeasturias.com\/noticias\/#website"},"breadcrumb":{"@id":"https:\/\/www.eldigitaldeasturias.com\/noticias\/covid-19-asturias-suspende-la-actividad-de-los-centros-sociales-durante-14-dias\/#breadcrumblist"},"author":{"@id":"https:\/\/www.eldigitaldeasturias.com\/noticias\/author\/admin\/#author"},"creator":{"@id":"https:\/\/www.eldigitaldeasturias.com\/noticias\/author\/admin\/#author"},"image":{"@type":"ImageObject","url":"https:\/\/www.eldigitaldeasturias.com\/noticias\/wp-content\/uploads\/2019\/10\/thumbnail_2019_10_24-rueda-prensa-consejo-gobierno-1.jpg","@id":"https:\/\/www.eldigitaldeasturias.com\/noticias\/covid-19-asturias-suspende-la-actividad-de-los-centros-sociales-durante-14-dias\/#mainImage","width":1280,"height":825,"caption":"Foto: Armando \u00c1lvarez"},"primaryImageOfPage":{"@id":"https:\/\/www.eldigitaldeasturias.com\/noticias\/covid-19-asturias-suspende-la-actividad-de-los-centros-sociales-durante-14-dias\/#mainImage"},"datePublished":"2020-03-11T16:23:45+01:00","dateModified":"2020-03-11T16:24:04+01:00"},{"@type":"WebSite","@id":"https:\/\/www.eldigitaldeasturias.com\/noticias\/#website","url":"https:\/\/www.eldigitaldeasturias.com\/noticias\/","name":"El Digital de Asturias - Diario de actualidad y noticias","alternateName":"El Digital de Asturias - Diario de actualidad y noticias","description":"Hemeroteca","inLanguage":"es-ES","publisher":{"@id":"https:\/\/www.eldigitaldeasturias.com\/noticias\/#organization"}}]},"og:locale":"es_ES","og:site_name":"El Digital de Asturias","og:type":"article","og:title":"COVID-19: Asturias suspende la actividad de los centros sociales durante 14 d\u00edas - El Digital de Asturias","og:description":"El Gobierno de Asturias ha impulsado nuevas medidas de control y prevenci\u00f3n del contagio de COVID-19, entre ellas, la suspensi\u00f3n de la actividad en todos los centros sociales durante catorce d\u00edas, tanto de los de titularidad auton\u00f3mica como municipal, para proteger a los usuarios. Los trabajadores de estas instalaciones s\u00ed mantendr\u00e1n su actividad laboral. La","og:url":"https:\/\/www.eldigitaldeasturias.com\/noticias\/covid-19-asturias-suspende-la-actividad-de-los-centros-sociales-durante-14-dias\/","og:image":"https:\/\/www.eldigitaldeasturias.com\/noticias\/wp-content\/uploads\/2019\/10\/thumbnail_2019_10_24-rueda-prensa-consejo-gobierno-1.jpg","og:image:secure_url":"https:\/\/www.eldigitaldeasturias.com\/noticias\/wp-content\/uploads\/2019\/10\/thumbnail_2019_10_24-rueda-prensa-consejo-gobierno-1.jpg","og:image:width":1280,"og:image:height":825,"article:tag":["actualidad asturias","destacadas"],"article:published_time":"2020-03-11T16:23:45+00:00","article:modified_time":"2020-03-11T16:24:04+00:00","article:publisher":"https:\/\/facebook.com\/eldigitaldeasturias","twitter:card":"summary_large_image","twitter:title":"COVID-19: Asturias suspende la actividad de los centros sociales durante 14 d\u00edas - El Digital de Asturias","twitter:description":"El Gobierno de Asturias ha impulsado nuevas medidas de control y prevenci\u00f3n del contagio de COVID-19, entre ellas, la suspensi\u00f3n de la actividad en todos los centros sociales durante catorce d\u00edas, tanto de los de titularidad auton\u00f3mica como municipal, para proteger a los usuarios. Los trabajadores de estas instalaciones s\u00ed mantendr\u00e1n su actividad laboral. La","twitter:image":"https:\/\/www.eldigitaldeasturias.com\/noticias\/wp-content\/uploads\/2019\/10\/thumbnail_2019_10_24-rueda-prensa-consejo-gobierno-1.jpg","twitter:label1":"Escrito por","twitter:data1":"El Digital de Asturias","twitter:label2":"Tiempo de lectura estimado","twitter:data2":"3 minutos"},"aioseo_meta_data":{"post_id":"1060422","title":null,"description":null,"keywords":null,"keyphrases":null,"primary_term":null,"canonical_url":null,"og_title":null,"og_description":null,"og_object_type":"default","og_image_type":"default","og_image_url":null,"og_image_width":null,"og_image_height":null,"og_image_custom_url":null,"og_image_custom_fields":null,"og_video":null,"og_custom_url":null,"og_article_section":null,"og_article_tags":null,"twitter_use_og":false,"twitter_card":"default","twitter_image_type":"default","twitter_image_url":null,"twitter_image_custom_url":null,"twitter_image_custom_fields":null,"twitter_title":null,"twitter_description":null,"schema":{"blockGraphs":[],"customGraphs":[],"default":{"data":{"Article":[],"Course":[],"Dataset":[],"FAQPage":[],"Movie":[],"Person":[],"Product":[],"ProductReview":[],"Car":[],"Recipe":[],"Service":[],"SoftwareApplication":[],"WebPage":[]},"graphName":"","isEnabled":true},"graphs":[],"defaultGraph":"","defaultPostTypeGraph":""},"schema_type":null,"schema_type_options":null,"pillar_content":false,"robots_default":true,"robots_noindex":false,"robots_noarchive":false,"robots_nosnippet":false,"robots_nofollow":false,"robots_noimageindex":false,"robots_noodp":false,"robots_notranslate":false,"robots_max_snippet":null,"robots_max_videopreview":null,"robots_max_imagepreview":"large","priority":null,"frequency":null,"local_seo":null,"seo_analyzer_scan_date":"2025-10-31 12:06:08","breadcrumb_settings":null,"limit_modified_date":false,"open_ai":null,"ai":null,"created":"2020-12-21 10:54:14","updated":"2025-10-31 12:06:08"},"aioseo_breadcrumb":"<div class=\"aioseo-breadcrumbs\"><span class=\"aioseo-breadcrumb\">\n\t<a href=\"https:\/\/www.eldigitaldeasturias.com\/noticias\" title=\"Home\">Home<\/a>\n<\/span><span class=\"aioseo-breadcrumb-separator\">\u2013<\/span><span class=\"aioseo-breadcrumb\">\n\t<a href=\"https:\/\/www.eldigitaldeasturias.com\/noticias\/category\/actualidad-asturias\/\" title=\"Actualidad Asturias\">Actualidad Asturias<\/a>\n<\/span><span class=\"aioseo-breadcrumb-separator\">\u2013<\/span><span class=\"aioseo-breadcrumb\">\n\t<a href=\"https:\/\/www.eldigitaldeasturias.com\/noticias\/covid-19-asturias-suspende-la-actividad-de-los-centros-sociales-durante-14-dias\/\" title=\"COVID-19: Asturias suspende la actividad de los centros sociales durante 14 d\u00edas\">COVID-19: Asturias suspende la actividad de los centros sociales durante 14 d\u00edas<\/a>\n<\/span><\/div>","aioseo_breadcrumb_json":[{"label":"Home","link":"https:\/\/www.eldigitaldeasturias.com\/noticias"},{"label":"Actualidad Asturias","link":"https:\/\/www.eldigitaldeasturias.com\/noticias\/category\/actualidad-asturias\/"},{"label":"COVID-19: Asturias suspende la actividad de los centros sociales durante 14 d\u00edas","link":"https:\/\/www.eldigitaldeasturias.com\/noticias\/covid-19-asturias-suspende-la-actividad-de-los-centros-sociales-durante-14-dias\/"}],"_links":{"self":[{"href":"https:\/\/www.eldigitaldeasturias.com\/noticias\/wp-json\/wp\/v2\/posts\/1060422","targetHints":{"allow":["GET"]}}],"collection":[{"href":"https:\/\/www.eldigitaldeasturias.com\/noticias\/wp-json\/wp\/v2\/posts"}],"about":[{"href":"https:\/\/www.eldigitaldeasturias.com\/noticias\/wp-json\/wp\/v2\/types\/post"}],"author":[{"embeddable":true,"href":"https:\/\/www.eldigitaldeasturias.com\/noticias\/wp-json\/wp\/v2\/users\/1"}],"replies":[{"embeddable":true,"href":"https:\/\/www.eldigitaldeasturias.com\/noticias\/wp-json\/wp\/v2\/comments?post=1060422"}],"version-history":[{"count":0,"href":"https:\/\/www.eldigitaldeasturias.com\/noticias\/wp-json\/wp\/v2\/posts\/1060422\/revisions"}],"wp:featuredmedia":[{"embeddable":true,"href":"https:\/\/www.eldigitaldeasturias.com\/noticias\/wp-json\/wp\/v2\/media\/1044983"}],"wp:attachment":[{"href":"https:\/\/www.eldigitaldeasturias.com\/noticias\/wp-json\/wp\/v2\/media?parent=1060422"}],"wp:term":[{"taxonomy":"category","embeddable":true,"href":"https:\/\/www.eldigitaldeasturias.com\/noticias\/wp-json\/wp\/v2\/categories?post=1060422"},{"taxonomy":"post_tag","embeddable":true,"href":"https:\/\/www.eldigitaldeasturias.com\/noticias\/wp-json\/wp\/v2\/tags?post=1060422"}],"curies":[{"name":"wp","href":"https:\/\/api.w.org\/{rel}","templated":true}]}}