{"id":1060402,"date":"2020-03-10T19:53:00","date_gmt":"2020-03-10T19:53:00","guid":{"rendered":"https:\/\/www.eldigitaldeasturias.com\/noticias\/?p=1060402"},"modified":"2020-03-10T19:53:22","modified_gmt":"2020-03-10T19:53:22","slug":"covid-19-asturias-suspende-las-clases-en-cuatro-centros-educativos","status":"publish","type":"post","link":"https:\/\/www.eldigitaldeasturias.com\/noticias\/covid-19-asturias-suspende-las-clases-en-cuatro-centros-educativos\/","title":{"rendered":"COVID-19: Asturias suspende las clases en cuatro centros educativos"},"content":{"rendered":"<p><img loading=\"lazy\" decoding=\"async\" class=\"alignleft size-medium wp-image-1060403\" src=\"https:\/\/www.eldigitaldeasturias.com\/noticias\/wp-content\/uploads\/2020\/03\/COVID-19-Asturias-360x250.jpg\" alt=\"\" width=\"360\" height=\"250\" srcset=\"https:\/\/www.eldigitaldeasturias.com\/noticias\/wp-content\/uploads\/2020\/03\/COVID-19-Asturias-360x250.jpg 360w, https:\/\/www.eldigitaldeasturias.com\/noticias\/wp-content\/uploads\/2020\/03\/COVID-19-Asturias-690x480.jpg 690w, https:\/\/www.eldigitaldeasturias.com\/noticias\/wp-content\/uploads\/2020\/03\/COVID-19-Asturias-432x300.jpg 432w, https:\/\/www.eldigitaldeasturias.com\/noticias\/wp-content\/uploads\/2020\/03\/COVID-19-Asturias-768x533.jpg 768w, https:\/\/www.eldigitaldeasturias.com\/noticias\/wp-content\/uploads\/2020\/03\/COVID-19-Asturias-1024x711.jpg 1024w, https:\/\/www.eldigitaldeasturias.com\/noticias\/wp-content\/uploads\/2020\/03\/COVID-19-Asturias.jpg 1088w\" sizes=\"auto, (max-width: 360px) 100vw, 360px\" \/>El Gobierno del Principado ha decidido esta tarde <strong>suspender la actividad docente en cuatro centros educativos<\/strong>, ante el incremento de la transmisi\u00f3n del nuevo coronavirus. Esta medida, de car\u00e1cter temporal, se adoptar\u00e1 a partir de ma\u00f1ana y durante 14 d\u00edas revisables, y afecta tambi\u00e9n a las actividades escolares complementarias.<\/p>\n<p>Los centros en los que se interrumpen las clases son los siguientes: Colegio Fundaci\u00f3n Masaveu (Oviedo), Colegio Santo Domingo de Guzm\u00e1n (Oviedo) y los institutos de Educaci\u00f3n Secundaria Monte Naranco (Oviedo) y Ram\u00f3n Areces (Grado).<\/p>\n<p>Adem\u00e1s, en Asturias, al igual que en el resto del territorio nacional los grandes eventos deportivos, profesionales y no profesionales, nacionales o internacionales, se realizar\u00e1n a puerta cerrada, incluidos los partidos de primera y segunda divisi\u00f3n de f\u00fatbol y sus equivalentes de baloncesto, as\u00ed como aquellos que movilicen a un importante n\u00famero de aficionados.<\/p>\n<p>En el \u00e1mbito laboral se recomienda, siempre que sea posible, el teletrabajo, la flexibilidad horaria, la organizaci\u00f3n de turnos escalonados para reducir las concentraciones de trabajadores y las reuniones por videoconferencia, adem\u00e1s de la revisi\u00f3n y actualizaci\u00f3n de los planes de continuidad de la actividad ante emergencias.<\/p>\n<p>Otras de las medidas aconsejadas son las siguientes: fomentar el cuidado domiciliario de mayores, evitar que personas con s\u00edntomas respiratorios leves acudan a centros sanitarios y que aquellas con enfermedades cr\u00f3nicas, pluripatolog\u00edas o importantes factores de riesgo asistan a lugares concurridos. Las autoridades sugieren, adem\u00e1s, que se eviten viajes innecesarios.<\/p>\n<h3>Primera alta hospitalaria por coronavirus<\/h3>\n<p>Por otra parte, el Hospital Universitario Central de Asturias (HUCA) ha dado hoy a mediod\u00eda la primera alta hospitalaria a un afectado por el nuevo coronavirus. El Laboratorio de Virolog\u00eda ha confirmado esta ma\u00f1ana el segundo negativo por COVID-19 del joven de 32 a\u00f1os que fue el segundo caso detectado en la comunidad.<\/p>\n<p>Hasta ahora, permanecen ingresados en el HUCA 9 pacientes, ya que se ha procedido al traslado al Hospital Universitario de Cabue\u00f1es de la mujer de 85 a\u00f1os afectada por una neumon\u00eda y en cuyo caso el Centro Nacional de Microbiolog\u00eda descart\u00f3 el nuevo coronavirus.<\/p>\n<p>La situaci\u00f3n cl\u00ednica de los afectados no ha variado en las \u00faltimas horas: dos permanecen estables dentro de la gravedad ingresados en la UCI y otros siete se mantienen en aislamiento con s\u00edntomas leves, excepto un var\u00f3n de 48 a\u00f1os que ha iniciado una neumon\u00eda. El resto contin\u00faa en aislamiento en sus domicilios, con seguimiento telef\u00f3nico.<\/p>\n<p>El n\u00famero de personas diagnosticadas de COVID-19 en Asturias se sit\u00faa en 25, de las cuales 13 est\u00e1n vinculadas a un centro educativo de Oviedo.<\/p>\n<p>El 112 ha atendido hasta las 15:30 horas un total de 890 llamadas relacionadas con el nuevo coronavirus en el Principado.<\/p>\n<h3>Recomendaciones<\/h3>\n<p>Las autoridades sanitarias recuerdan que las recomendaciones contin\u00faan siendo las mismas. Las personas que han viajado a alguna de las zonas consideradas de riesgo (China, Corea del Sur, Jap\u00f3n, Singapur, Ir\u00e1n y las regiones italianas de Lombard\u00eda, Veneto, Emilia-Romagna y Piamonte) y que presenten los s\u00edntomas de tos, fiebre o dificultad respiratoria deben ponerse en contacto con el 112 para obtener informaci\u00f3n sobre las actuaciones que han de realizar.<\/p>\n<p>Tambi\u00e9n se insiste en que la medida m\u00e1s eficaz para prevenir la transmisi\u00f3n de los virus respiratorios, entre ellos el nuevo coronavirus, es el lavado frecuente de las manos con agua y jab\u00f3n. Tambi\u00e9n se aconseja utilizar la flexura del codo o pa\u00f1uelos desechables de un solo uso para toser o estornudar.<\/p>\n<p>&nbsp;<\/p>\n<p>&nbsp;<\/p>\n","protected":false},"excerpt":{"rendered":"<p>El Gobierno del Principado ha decidido esta tarde suspender la actividad docente en cuatro centros educativos, ante el incremento de la transmisi\u00f3n del nuevo coronavirus. Esta medida, de car\u00e1cter temporal, se adoptar\u00e1 a partir de ma\u00f1ana y durante 14 d\u00edas revisables, y afecta tambi\u00e9n a las actividades escolares complementarias. Los centros en los que se [&hellip;]<\/p>\n","protected":false},"author":1,"featured_media":1060403,"comment_status":"closed","ping_status":"closed","sticky":false,"template":"","format":"standard","meta":{"footnotes":""},"categories":[12,141],"tags":[],"class_list":["post-1060402","post","type-post","status-publish","format-standard","has-post-thumbnail","hentry","category-actualidad-asturias","category-destacadas"],"aioseo_notices":[],"aioseo_head":"\n\t\t<!-- All in One SEO Pro 4.9.6.2 - aioseo.com -->\n\t<meta name=\"description\" content=\"El Gobierno del Principado ha decidido esta tarde suspender la actividad docente en cuatro centros educativos, ante el incremento de la transmisi\u00f3n del nuevo coronavirus. Esta medida, de car\u00e1cter temporal, se adoptar\u00e1 a partir de ma\u00f1ana y durante 14 d\u00edas revisables, y afecta tambi\u00e9n a las actividades escolares complementarias. Los centros en los que se\" \/>\n\t<meta name=\"robots\" content=\"max-image-preview:large\" \/>\n\t<meta name=\"author\" content=\"El Digital de Asturias\"\/>\n\t<meta name=\"google-site-verification\" content=\"UA-38556648-1\" \/>\n\t<meta name=\"msvalidate.01\" content=\"7dfe9f3f1b24437ab69f4f2559babe99\" \/>\n\t<meta name=\"keywords\" content=\"actualidad asturias,destacadas\" \/>\n\t<link rel=\"canonical\" href=\"https:\/\/www.eldigitaldeasturias.com\/noticias\/covid-19-asturias-suspende-las-clases-en-cuatro-centros-educativos\/\" \/>\n\t<meta name=\"generator\" content=\"All in One SEO Pro (AIOSEO) 4.9.6.2\" \/>\n\t\t<meta property=\"og:locale\" content=\"es_ES\" \/>\n\t\t<meta property=\"og:site_name\" content=\"El Digital de Asturias\" \/>\n\t\t<meta property=\"og:type\" content=\"article\" \/>\n\t\t<meta property=\"og:title\" content=\"COVID-19: Asturias suspende las clases en cuatro centros educativos - El Digital de Asturias\" \/>\n\t\t<meta property=\"og:description\" content=\"El Gobierno del Principado ha decidido esta tarde suspender la actividad docente en cuatro centros educativos, ante el incremento de la transmisi\u00f3n del nuevo coronavirus. Esta medida, de car\u00e1cter temporal, se adoptar\u00e1 a partir de ma\u00f1ana y durante 14 d\u00edas revisables, y afecta tambi\u00e9n a las actividades escolares complementarias. Los centros en los que se\" \/>\n\t\t<meta property=\"og:url\" content=\"https:\/\/www.eldigitaldeasturias.com\/noticias\/covid-19-asturias-suspende-las-clases-en-cuatro-centros-educativos\/\" \/>\n\t\t<meta property=\"og:image\" content=\"https:\/\/www.eldigitaldeasturias.com\/noticias\/wp-content\/uploads\/2020\/03\/COVID-19-Asturias.jpg\" \/>\n\t\t<meta property=\"og:image:secure_url\" content=\"https:\/\/www.eldigitaldeasturias.com\/noticias\/wp-content\/uploads\/2020\/03\/COVID-19-Asturias.jpg\" \/>\n\t\t<meta property=\"og:image:width\" content=\"1088\" \/>\n\t\t<meta property=\"og:image:height\" content=\"755\" \/>\n\t\t<meta property=\"article:tag\" content=\"actualidad asturias\" \/>\n\t\t<meta property=\"article:tag\" content=\"destacadas\" \/>\n\t\t<meta property=\"article:published_time\" content=\"2020-03-10T19:53:00+00:00\" \/>\n\t\t<meta property=\"article:modified_time\" content=\"2020-03-10T19:53:22+00:00\" \/>\n\t\t<meta property=\"article:publisher\" content=\"https:\/\/facebook.com\/eldigitaldeasturias\" \/>\n\t\t<meta name=\"twitter:card\" content=\"summary_large_image\" \/>\n\t\t<meta name=\"twitter:title\" content=\"COVID-19: Asturias suspende las clases en cuatro centros educativos - El Digital de Asturias\" \/>\n\t\t<meta name=\"twitter:description\" content=\"El Gobierno del Principado ha decidido esta tarde suspender la actividad docente en cuatro centros educativos, ante el incremento de la transmisi\u00f3n del nuevo coronavirus. Esta medida, de car\u00e1cter temporal, se adoptar\u00e1 a partir de ma\u00f1ana y durante 14 d\u00edas revisables, y afecta tambi\u00e9n a las actividades escolares complementarias. Los centros en los que se\" \/>\n\t\t<meta name=\"twitter:image\" content=\"https:\/\/www.eldigitaldeasturias.com\/noticias\/wp-content\/uploads\/2020\/03\/COVID-19-Asturias.jpg\" \/>\n\t\t<meta name=\"twitter:label1\" content=\"Escrito por\" \/>\n\t\t<meta name=\"twitter:data1\" content=\"El Digital de Asturias\" \/>\n\t\t<meta name=\"twitter:label2\" content=\"Tiempo de lectura estimado\" \/>\n\t\t<meta name=\"twitter:data2\" content=\"3 minutos\" \/>\n\t\t<script type=\"application\/ld+json\" class=\"aioseo-schema\">\n\t\t\t{\"@context\":\"https:\\\/\\\/schema.org\",\"@graph\":[{\"@type\":\"BlogPosting\",\"@id\":\"https:\\\/\\\/www.eldigitaldeasturias.com\\\/noticias\\\/covid-19-asturias-suspende-las-clases-en-cuatro-centros-educativos\\\/#blogposting\",\"name\":\"COVID-19: Asturias suspende las clases en cuatro centros educativos - El Digital de Asturias\",\"headline\":\"COVID-19: Asturias suspende las clases en cuatro centros educativos\",\"author\":{\"@id\":\"https:\\\/\\\/www.eldigitaldeasturias.com\\\/noticias\\\/author\\\/admin\\\/#author\"},\"publisher\":{\"@id\":\"https:\\\/\\\/www.eldigitaldeasturias.com\\\/noticias\\\/#organization\"},\"image\":{\"@type\":\"ImageObject\",\"url\":\"https:\\\/\\\/www.eldigitaldeasturias.com\\\/noticias\\\/wp-content\\\/uploads\\\/2020\\\/03\\\/COVID-19-Asturias.jpg\",\"width\":1088,\"height\":755},\"datePublished\":\"2020-03-10T19:53:00+01:00\",\"dateModified\":\"2020-03-10T19:53:22+01:00\",\"inLanguage\":\"es-ES\",\"mainEntityOfPage\":{\"@id\":\"https:\\\/\\\/www.eldigitaldeasturias.com\\\/noticias\\\/covid-19-asturias-suspende-las-clases-en-cuatro-centros-educativos\\\/#webpage\"},\"isPartOf\":{\"@id\":\"https:\\\/\\\/www.eldigitaldeasturias.com\\\/noticias\\\/covid-19-asturias-suspende-las-clases-en-cuatro-centros-educativos\\\/#webpage\"},\"articleSection\":\"Actualidad Asturias, Destacadas\"},{\"@type\":\"BreadcrumbList\",\"@id\":\"https:\\\/\\\/www.eldigitaldeasturias.com\\\/noticias\\\/covid-19-asturias-suspende-las-clases-en-cuatro-centros-educativos\\\/#breadcrumblist\",\"itemListElement\":[{\"@type\":\"ListItem\",\"@id\":\"https:\\\/\\\/www.eldigitaldeasturias.com\\\/noticias#listItem\",\"position\":1,\"name\":\"Home\",\"item\":\"https:\\\/\\\/www.eldigitaldeasturias.com\\\/noticias\",\"nextItem\":{\"@type\":\"ListItem\",\"@id\":\"https:\\\/\\\/www.eldigitaldeasturias.com\\\/noticias\\\/category\\\/actualidad-asturias\\\/#listItem\",\"name\":\"Actualidad Asturias\"}},{\"@type\":\"ListItem\",\"@id\":\"https:\\\/\\\/www.eldigitaldeasturias.com\\\/noticias\\\/category\\\/actualidad-asturias\\\/#listItem\",\"position\":2,\"name\":\"Actualidad Asturias\",\"item\":\"https:\\\/\\\/www.eldigitaldeasturias.com\\\/noticias\\\/category\\\/actualidad-asturias\\\/\",\"nextItem\":{\"@type\":\"ListItem\",\"@id\":\"https:\\\/\\\/www.eldigitaldeasturias.com\\\/noticias\\\/covid-19-asturias-suspende-las-clases-en-cuatro-centros-educativos\\\/#listItem\",\"name\":\"COVID-19: Asturias suspende las clases en cuatro centros educativos\"},\"previousItem\":{\"@type\":\"ListItem\",\"@id\":\"https:\\\/\\\/www.eldigitaldeasturias.com\\\/noticias#listItem\",\"name\":\"Home\"}},{\"@type\":\"ListItem\",\"@id\":\"https:\\\/\\\/www.eldigitaldeasturias.com\\\/noticias\\\/covid-19-asturias-suspende-las-clases-en-cuatro-centros-educativos\\\/#listItem\",\"position\":3,\"name\":\"COVID-19: Asturias suspende las clases en cuatro centros educativos\",\"previousItem\":{\"@type\":\"ListItem\",\"@id\":\"https:\\\/\\\/www.eldigitaldeasturias.com\\\/noticias\\\/category\\\/actualidad-asturias\\\/#listItem\",\"name\":\"Actualidad Asturias\"}}]},{\"@type\":\"Organization\",\"@id\":\"https:\\\/\\\/www.eldigitaldeasturias.com\\\/noticias\\\/#organization\",\"name\":\"El Digital de Asturias\",\"description\":\"Hemeroteca\",\"url\":\"https:\\\/\\\/www.eldigitaldeasturias.com\\\/noticias\\\/\",\"email\":\"info@eldigitaldeasturias.com\",\"telephone\":\"+34652131393\",\"logo\":{\"@type\":\"ImageObject\",\"url\":\"https:\\\/\\\/www.eldigitaldeasturias.com\\\/noticias\\\/wp-content\\\/uploads\\\/2020\\\/12\\\/EDA.jpg\",\"@id\":\"https:\\\/\\\/www.eldigitaldeasturias.com\\\/noticias\\\/covid-19-asturias-suspende-las-clases-en-cuatro-centros-educativos\\\/#organizationLogo\",\"width\":649,\"height\":297},\"image\":{\"@id\":\"https:\\\/\\\/www.eldigitaldeasturias.com\\\/noticias\\\/covid-19-asturias-suspende-las-clases-en-cuatro-centros-educativos\\\/#organizationLogo\"},\"sameAs\":[\"https:\\\/\\\/facebook.com\\\/eldigitaldeasturias\",\"https:\\\/\\\/www.youtube.com\\\/channel\\\/UCZP-2wLEB9Rv6erhFmqVnvg\"],\"address\":{\"@id\":\"https:\\\/\\\/www.eldigitaldeasturias.com\\\/noticias\\\/#postaladdress\",\"@type\":\"PostalAddress\",\"streetAddress\":\"san antonio 4,\",\"postalCode\":\"33430\",\"addressLocality\":\"Cand\\u00e1s\",\"addressRegion\":\"Asturias\",\"addressCountry\":\"ES\"}},{\"@type\":\"Person\",\"@id\":\"https:\\\/\\\/www.eldigitaldeasturias.com\\\/noticias\\\/author\\\/admin\\\/#author\",\"url\":\"https:\\\/\\\/www.eldigitaldeasturias.com\\\/noticias\\\/author\\\/admin\\\/\",\"name\":\"El Digital de Asturias\",\"image\":{\"@type\":\"ImageObject\",\"@id\":\"https:\\\/\\\/www.eldigitaldeasturias.com\\\/noticias\\\/covid-19-asturias-suspende-las-clases-en-cuatro-centros-educativos\\\/#authorImage\",\"url\":\"https:\\\/\\\/www.eldigitaldeasturias.com\\\/noticias\\\/wp-content\\\/litespeed\\\/avatar\\\/18677e78aa0546b92d9dbf31ec7d7668.jpg?ver=1777290358\",\"width\":96,\"height\":96,\"caption\":\"El Digital de Asturias\"}},{\"@type\":\"WebPage\",\"@id\":\"https:\\\/\\\/www.eldigitaldeasturias.com\\\/noticias\\\/covid-19-asturias-suspende-las-clases-en-cuatro-centros-educativos\\\/#webpage\",\"url\":\"https:\\\/\\\/www.eldigitaldeasturias.com\\\/noticias\\\/covid-19-asturias-suspende-las-clases-en-cuatro-centros-educativos\\\/\",\"name\":\"COVID-19: Asturias suspende las clases en cuatro centros educativos - El Digital de Asturias\",\"description\":\"El Gobierno del Principado ha decidido esta tarde suspender la actividad docente en cuatro centros educativos, ante el incremento de la transmisi\\u00f3n del nuevo coronavirus. Esta medida, de car\\u00e1cter temporal, se adoptar\\u00e1 a partir de ma\\u00f1ana y durante 14 d\\u00edas revisables, y afecta tambi\\u00e9n a las actividades escolares complementarias. Los centros en los que se\",\"inLanguage\":\"es-ES\",\"isPartOf\":{\"@id\":\"https:\\\/\\\/www.eldigitaldeasturias.com\\\/noticias\\\/#website\"},\"breadcrumb\":{\"@id\":\"https:\\\/\\\/www.eldigitaldeasturias.com\\\/noticias\\\/covid-19-asturias-suspende-las-clases-en-cuatro-centros-educativos\\\/#breadcrumblist\"},\"author\":{\"@id\":\"https:\\\/\\\/www.eldigitaldeasturias.com\\\/noticias\\\/author\\\/admin\\\/#author\"},\"creator\":{\"@id\":\"https:\\\/\\\/www.eldigitaldeasturias.com\\\/noticias\\\/author\\\/admin\\\/#author\"},\"image\":{\"@type\":\"ImageObject\",\"url\":\"https:\\\/\\\/www.eldigitaldeasturias.com\\\/noticias\\\/wp-content\\\/uploads\\\/2020\\\/03\\\/COVID-19-Asturias.jpg\",\"@id\":\"https:\\\/\\\/www.eldigitaldeasturias.com\\\/noticias\\\/covid-19-asturias-suspende-las-clases-en-cuatro-centros-educativos\\\/#mainImage\",\"width\":1088,\"height\":755},\"primaryImageOfPage\":{\"@id\":\"https:\\\/\\\/www.eldigitaldeasturias.com\\\/noticias\\\/covid-19-asturias-suspende-las-clases-en-cuatro-centros-educativos\\\/#mainImage\"},\"datePublished\":\"2020-03-10T19:53:00+01:00\",\"dateModified\":\"2020-03-10T19:53:22+01:00\"},{\"@type\":\"WebSite\",\"@id\":\"https:\\\/\\\/www.eldigitaldeasturias.com\\\/noticias\\\/#website\",\"url\":\"https:\\\/\\\/www.eldigitaldeasturias.com\\\/noticias\\\/\",\"name\":\"El Digital de Asturias - Diario de actualidad y noticias\",\"alternateName\":\"El Digital de Asturias - Diario de actualidad y noticias\",\"description\":\"Hemeroteca\",\"inLanguage\":\"es-ES\",\"publisher\":{\"@id\":\"https:\\\/\\\/www.eldigitaldeasturias.com\\\/noticias\\\/#organization\"}}]}\n\t\t<\/script>\n\t\t<!-- All in One SEO Pro -->\r\n\t\t<title>COVID-19: Asturias suspende las clases en cuatro centros educativos - El Digital de Asturias<\/title>\n\n","aioseo_head_json":{"title":"COVID-19: Asturias suspende las clases en cuatro centros educativos - El Digital de Asturias","description":"El Gobierno del Principado ha decidido esta tarde suspender la actividad docente en cuatro centros educativos, ante el incremento de la transmisi\u00f3n del nuevo coronavirus. Esta medida, de car\u00e1cter temporal, se adoptar\u00e1 a partir de ma\u00f1ana y durante 14 d\u00edas revisables, y afecta tambi\u00e9n a las actividades escolares complementarias. Los centros en los que se","canonical_url":"https:\/\/www.eldigitaldeasturias.com\/noticias\/covid-19-asturias-suspende-las-clases-en-cuatro-centros-educativos\/","robots":"max-image-preview:large","keywords":"actualidad asturias,destacadas","webmasterTools":{"google-site-verification":"UA-38556648-1","msvalidate.01":"7dfe9f3f1b24437ab69f4f2559babe99","miscellaneous":""},"schema":{"@context":"https:\/\/schema.org","@graph":[{"@type":"BlogPosting","@id":"https:\/\/www.eldigitaldeasturias.com\/noticias\/covid-19-asturias-suspende-las-clases-en-cuatro-centros-educativos\/#blogposting","name":"COVID-19: Asturias suspende las clases en cuatro centros educativos - El Digital de Asturias","headline":"COVID-19: Asturias suspende las clases en cuatro centros educativos","author":{"@id":"https:\/\/www.eldigitaldeasturias.com\/noticias\/author\/admin\/#author"},"publisher":{"@id":"https:\/\/www.eldigitaldeasturias.com\/noticias\/#organization"},"image":{"@type":"ImageObject","url":"https:\/\/www.eldigitaldeasturias.com\/noticias\/wp-content\/uploads\/2020\/03\/COVID-19-Asturias.jpg","width":1088,"height":755},"datePublished":"2020-03-10T19:53:00+01:00","dateModified":"2020-03-10T19:53:22+01:00","inLanguage":"es-ES","mainEntityOfPage":{"@id":"https:\/\/www.eldigitaldeasturias.com\/noticias\/covid-19-asturias-suspende-las-clases-en-cuatro-centros-educativos\/#webpage"},"isPartOf":{"@id":"https:\/\/www.eldigitaldeasturias.com\/noticias\/covid-19-asturias-suspende-las-clases-en-cuatro-centros-educativos\/#webpage"},"articleSection":"Actualidad Asturias, Destacadas"},{"@type":"BreadcrumbList","@id":"https:\/\/www.eldigitaldeasturias.com\/noticias\/covid-19-asturias-suspende-las-clases-en-cuatro-centros-educativos\/#breadcrumblist","itemListElement":[{"@type":"ListItem","@id":"https:\/\/www.eldigitaldeasturias.com\/noticias#listItem","position":1,"name":"Home","item":"https:\/\/www.eldigitaldeasturias.com\/noticias","nextItem":{"@type":"ListItem","@id":"https:\/\/www.eldigitaldeasturias.com\/noticias\/category\/actualidad-asturias\/#listItem","name":"Actualidad Asturias"}},{"@type":"ListItem","@id":"https:\/\/www.eldigitaldeasturias.com\/noticias\/category\/actualidad-asturias\/#listItem","position":2,"name":"Actualidad Asturias","item":"https:\/\/www.eldigitaldeasturias.com\/noticias\/category\/actualidad-asturias\/","nextItem":{"@type":"ListItem","@id":"https:\/\/www.eldigitaldeasturias.com\/noticias\/covid-19-asturias-suspende-las-clases-en-cuatro-centros-educativos\/#listItem","name":"COVID-19: Asturias suspende las clases en cuatro centros educativos"},"previousItem":{"@type":"ListItem","@id":"https:\/\/www.eldigitaldeasturias.com\/noticias#listItem","name":"Home"}},{"@type":"ListItem","@id":"https:\/\/www.eldigitaldeasturias.com\/noticias\/covid-19-asturias-suspende-las-clases-en-cuatro-centros-educativos\/#listItem","position":3,"name":"COVID-19: Asturias suspende las clases en cuatro centros educativos","previousItem":{"@type":"ListItem","@id":"https:\/\/www.eldigitaldeasturias.com\/noticias\/category\/actualidad-asturias\/#listItem","name":"Actualidad Asturias"}}]},{"@type":"Organization","@id":"https:\/\/www.eldigitaldeasturias.com\/noticias\/#organization","name":"El Digital de Asturias","description":"Hemeroteca","url":"https:\/\/www.eldigitaldeasturias.com\/noticias\/","email":"info@eldigitaldeasturias.com","telephone":"+34652131393","logo":{"@type":"ImageObject","url":"https:\/\/www.eldigitaldeasturias.com\/noticias\/wp-content\/uploads\/2020\/12\/EDA.jpg","@id":"https:\/\/www.eldigitaldeasturias.com\/noticias\/covid-19-asturias-suspende-las-clases-en-cuatro-centros-educativos\/#organizationLogo","width":649,"height":297},"image":{"@id":"https:\/\/www.eldigitaldeasturias.com\/noticias\/covid-19-asturias-suspende-las-clases-en-cuatro-centros-educativos\/#organizationLogo"},"sameAs":["https:\/\/facebook.com\/eldigitaldeasturias","https:\/\/www.youtube.com\/channel\/UCZP-2wLEB9Rv6erhFmqVnvg"],"address":{"@id":"https:\/\/www.eldigitaldeasturias.com\/noticias\/#postaladdress","@type":"PostalAddress","streetAddress":"san antonio 4,","postalCode":"33430","addressLocality":"Cand\u00e1s","addressRegion":"Asturias","addressCountry":"ES"}},{"@type":"Person","@id":"https:\/\/www.eldigitaldeasturias.com\/noticias\/author\/admin\/#author","url":"https:\/\/www.eldigitaldeasturias.com\/noticias\/author\/admin\/","name":"El Digital de Asturias","image":{"@type":"ImageObject","@id":"https:\/\/www.eldigitaldeasturias.com\/noticias\/covid-19-asturias-suspende-las-clases-en-cuatro-centros-educativos\/#authorImage","url":"https:\/\/www.eldigitaldeasturias.com\/noticias\/wp-content\/litespeed\/avatar\/18677e78aa0546b92d9dbf31ec7d7668.jpg?ver=1777290358","width":96,"height":96,"caption":"El Digital de Asturias"}},{"@type":"WebPage","@id":"https:\/\/www.eldigitaldeasturias.com\/noticias\/covid-19-asturias-suspende-las-clases-en-cuatro-centros-educativos\/#webpage","url":"https:\/\/www.eldigitaldeasturias.com\/noticias\/covid-19-asturias-suspende-las-clases-en-cuatro-centros-educativos\/","name":"COVID-19: Asturias suspende las clases en cuatro centros educativos - El Digital de Asturias","description":"El Gobierno del Principado ha decidido esta tarde suspender la actividad docente en cuatro centros educativos, ante el incremento de la transmisi\u00f3n del nuevo coronavirus. Esta medida, de car\u00e1cter temporal, se adoptar\u00e1 a partir de ma\u00f1ana y durante 14 d\u00edas revisables, y afecta tambi\u00e9n a las actividades escolares complementarias. Los centros en los que se","inLanguage":"es-ES","isPartOf":{"@id":"https:\/\/www.eldigitaldeasturias.com\/noticias\/#website"},"breadcrumb":{"@id":"https:\/\/www.eldigitaldeasturias.com\/noticias\/covid-19-asturias-suspende-las-clases-en-cuatro-centros-educativos\/#breadcrumblist"},"author":{"@id":"https:\/\/www.eldigitaldeasturias.com\/noticias\/author\/admin\/#author"},"creator":{"@id":"https:\/\/www.eldigitaldeasturias.com\/noticias\/author\/admin\/#author"},"image":{"@type":"ImageObject","url":"https:\/\/www.eldigitaldeasturias.com\/noticias\/wp-content\/uploads\/2020\/03\/COVID-19-Asturias.jpg","@id":"https:\/\/www.eldigitaldeasturias.com\/noticias\/covid-19-asturias-suspende-las-clases-en-cuatro-centros-educativos\/#mainImage","width":1088,"height":755},"primaryImageOfPage":{"@id":"https:\/\/www.eldigitaldeasturias.com\/noticias\/covid-19-asturias-suspende-las-clases-en-cuatro-centros-educativos\/#mainImage"},"datePublished":"2020-03-10T19:53:00+01:00","dateModified":"2020-03-10T19:53:22+01:00"},{"@type":"WebSite","@id":"https:\/\/www.eldigitaldeasturias.com\/noticias\/#website","url":"https:\/\/www.eldigitaldeasturias.com\/noticias\/","name":"El Digital de Asturias - Diario de actualidad y noticias","alternateName":"El Digital de Asturias - Diario de actualidad y noticias","description":"Hemeroteca","inLanguage":"es-ES","publisher":{"@id":"https:\/\/www.eldigitaldeasturias.com\/noticias\/#organization"}}]},"og:locale":"es_ES","og:site_name":"El Digital de Asturias","og:type":"article","og:title":"COVID-19: Asturias suspende las clases en cuatro centros educativos - El Digital de Asturias","og:description":"El Gobierno del Principado ha decidido esta tarde suspender la actividad docente en cuatro centros educativos, ante el incremento de la transmisi\u00f3n del nuevo coronavirus. Esta medida, de car\u00e1cter temporal, se adoptar\u00e1 a partir de ma\u00f1ana y durante 14 d\u00edas revisables, y afecta tambi\u00e9n a las actividades escolares complementarias. Los centros en los que se","og:url":"https:\/\/www.eldigitaldeasturias.com\/noticias\/covid-19-asturias-suspende-las-clases-en-cuatro-centros-educativos\/","og:image":"https:\/\/www.eldigitaldeasturias.com\/noticias\/wp-content\/uploads\/2020\/03\/COVID-19-Asturias.jpg","og:image:secure_url":"https:\/\/www.eldigitaldeasturias.com\/noticias\/wp-content\/uploads\/2020\/03\/COVID-19-Asturias.jpg","og:image:width":1088,"og:image:height":755,"article:tag":["actualidad asturias","destacadas"],"article:published_time":"2020-03-10T19:53:00+00:00","article:modified_time":"2020-03-10T19:53:22+00:00","article:publisher":"https:\/\/facebook.com\/eldigitaldeasturias","twitter:card":"summary_large_image","twitter:title":"COVID-19: Asturias suspende las clases en cuatro centros educativos - El Digital de Asturias","twitter:description":"El Gobierno del Principado ha decidido esta tarde suspender la actividad docente en cuatro centros educativos, ante el incremento de la transmisi\u00f3n del nuevo coronavirus. Esta medida, de car\u00e1cter temporal, se adoptar\u00e1 a partir de ma\u00f1ana y durante 14 d\u00edas revisables, y afecta tambi\u00e9n a las actividades escolares complementarias. Los centros en los que se","twitter:image":"https:\/\/www.eldigitaldeasturias.com\/noticias\/wp-content\/uploads\/2020\/03\/COVID-19-Asturias.jpg","twitter:label1":"Escrito por","twitter:data1":"El Digital de Asturias","twitter:label2":"Tiempo de lectura estimado","twitter:data2":"3 minutos"},"aioseo_meta_data":{"post_id":"1060402","title":null,"description":null,"keywords":null,"keyphrases":null,"primary_term":null,"canonical_url":null,"og_title":null,"og_description":null,"og_object_type":"default","og_image_type":"default","og_image_url":null,"og_image_width":null,"og_image_height":null,"og_image_custom_url":null,"og_image_custom_fields":null,"og_video":null,"og_custom_url":null,"og_article_section":null,"og_article_tags":null,"twitter_use_og":false,"twitter_card":"default","twitter_image_type":"default","twitter_image_url":null,"twitter_image_custom_url":null,"twitter_image_custom_fields":null,"twitter_title":null,"twitter_description":null,"schema":{"blockGraphs":[],"customGraphs":[],"default":{"data":{"Article":[],"Course":[],"Dataset":[],"FAQPage":[],"Movie":[],"Person":[],"Product":[],"ProductReview":[],"Car":[],"Recipe":[],"Service":[],"SoftwareApplication":[],"WebPage":[]},"graphName":"","isEnabled":true},"graphs":[],"defaultGraph":"","defaultPostTypeGraph":""},"schema_type":null,"schema_type_options":null,"pillar_content":false,"robots_default":true,"robots_noindex":false,"robots_noarchive":false,"robots_nosnippet":false,"robots_nofollow":false,"robots_noimageindex":false,"robots_noodp":false,"robots_notranslate":false,"robots_max_snippet":null,"robots_max_videopreview":null,"robots_max_imagepreview":"large","priority":null,"frequency":null,"local_seo":null,"seo_analyzer_scan_date":"2025-10-31 12:04:09","breadcrumb_settings":null,"limit_modified_date":false,"open_ai":null,"ai":null,"created":"2020-12-21 10:54:14","updated":"2025-10-31 12:04:09"},"aioseo_breadcrumb":"<div class=\"aioseo-breadcrumbs\"><span class=\"aioseo-breadcrumb\">\n\t<a href=\"https:\/\/www.eldigitaldeasturias.com\/noticias\" title=\"Home\">Home<\/a>\n<\/span><span class=\"aioseo-breadcrumb-separator\">\u2013<\/span><span class=\"aioseo-breadcrumb\">\n\t<a href=\"https:\/\/www.eldigitaldeasturias.com\/noticias\/category\/actualidad-asturias\/\" title=\"Actualidad Asturias\">Actualidad Asturias<\/a>\n<\/span><span class=\"aioseo-breadcrumb-separator\">\u2013<\/span><span class=\"aioseo-breadcrumb\">\n\t<a href=\"https:\/\/www.eldigitaldeasturias.com\/noticias\/covid-19-asturias-suspende-las-clases-en-cuatro-centros-educativos\/\" title=\"COVID-19: Asturias suspende las clases en cuatro centros educativos\">COVID-19: Asturias suspende las clases en cuatro centros educativos<\/a>\n<\/span><\/div>","aioseo_breadcrumb_json":[{"label":"Home","link":"https:\/\/www.eldigitaldeasturias.com\/noticias"},{"label":"Actualidad Asturias","link":"https:\/\/www.eldigitaldeasturias.com\/noticias\/category\/actualidad-asturias\/"},{"label":"COVID-19: Asturias suspende las clases en cuatro centros educativos","link":"https:\/\/www.eldigitaldeasturias.com\/noticias\/covid-19-asturias-suspende-las-clases-en-cuatro-centros-educativos\/"}],"_links":{"self":[{"href":"https:\/\/www.eldigitaldeasturias.com\/noticias\/wp-json\/wp\/v2\/posts\/1060402","targetHints":{"allow":["GET"]}}],"collection":[{"href":"https:\/\/www.eldigitaldeasturias.com\/noticias\/wp-json\/wp\/v2\/posts"}],"about":[{"href":"https:\/\/www.eldigitaldeasturias.com\/noticias\/wp-json\/wp\/v2\/types\/post"}],"author":[{"embeddable":true,"href":"https:\/\/www.eldigitaldeasturias.com\/noticias\/wp-json\/wp\/v2\/users\/1"}],"replies":[{"embeddable":true,"href":"https:\/\/www.eldigitaldeasturias.com\/noticias\/wp-json\/wp\/v2\/comments?post=1060402"}],"version-history":[{"count":0,"href":"https:\/\/www.eldigitaldeasturias.com\/noticias\/wp-json\/wp\/v2\/posts\/1060402\/revisions"}],"wp:featuredmedia":[{"embeddable":true,"href":"https:\/\/www.eldigitaldeasturias.com\/noticias\/wp-json\/wp\/v2\/media\/1060403"}],"wp:attachment":[{"href":"https:\/\/www.eldigitaldeasturias.com\/noticias\/wp-json\/wp\/v2\/media?parent=1060402"}],"wp:term":[{"taxonomy":"category","embeddable":true,"href":"https:\/\/www.eldigitaldeasturias.com\/noticias\/wp-json\/wp\/v2\/categories?post=1060402"},{"taxonomy":"post_tag","embeddable":true,"href":"https:\/\/www.eldigitaldeasturias.com\/noticias\/wp-json\/wp\/v2\/tags?post=1060402"}],"curies":[{"name":"wp","href":"https:\/\/api.w.org\/{rel}","templated":true}]}}