{"id":1059934,"date":"2020-03-06T14:01:20","date_gmt":"2020-03-06T14:01:20","guid":{"rendered":"https:\/\/www.eldigitaldeasturias.com\/noticias\/?p=1059934"},"modified":"2020-03-06T14:01:20","modified_gmt":"2020-03-06T14:01:20","slug":"alternativa-verde-por-asturies-equo-ha-elegido-una-nueva-mesa-de-coordinacion","status":"publish","type":"post","link":"https:\/\/www.eldigitaldeasturias.com\/noticias\/alternativa-verde-por-asturies-equo-ha-elegido-una-nueva-mesa-de-coordinacion\/","title":{"rendered":"Alternativa verde por Asturies EQUO ha elegido una nueva mesa de coordinaci\u00f3n"},"content":{"rendered":"<p><img loading=\"lazy\" decoding=\"async\" class=\"alignleft size-full wp-image-1059935\" src=\"https:\/\/www.eldigitaldeasturias.com\/noticias\/wp-content\/uploads\/2020\/03\/203248213766752.jpg\" alt=\"\" width=\"340\" height=\"127\" \/>Tras celebrar una asamblea y las elecciones internas, <strong>Alternativa verde por Asturies EQUO ha elegido una nueva mesa de coordinaci\u00f3n con 8 personas<\/strong>, 4 hombres y 4 mujeres. Se ha producido una importante renovaci\u00f3n de la mesa que estuvo en el per\u00edodo anterior, de la que solo repiten 2 de las 8 personas. Los dos coportavoces del partido hasta ahora, Nacho Gonz\u00e1lez y Olga Alvarez hab\u00edan cumplido ya su l\u00edmite de mandatos. Por su parte Olga Alvarez acaba de ser elegida miembro de la Comisi\u00f3n Ejecutiva Federal de EQUO, el \u00f3rgano de coordinaci\u00f3n del partido para todo el estado.<\/p>\n<p><strong>En la nueva mesa ha sido elegida coportavoz femenina Nuria Saavedra<\/strong>, que ha sido coportavoz de la asamblea de Gij\u00f3n, integrante de la mesa de coordinaci\u00f3n asturiana y responsable de censos en el per\u00edodo 2018 \u2013 2020. Nuria es una activista feminista y LGTBI+, trabajadora social y ejerce como profesora en un instituto de Gij\u00f3n.<\/p>\n<p><strong>David D\u00edaz ha sido elegido nuevo coportavo<\/strong>z. David que ha sido coportavoz de la asamblea de Avil\u00e9s, ya estuvo en la mesa de coordinaci\u00f3n entre los a\u00f1os 2016 y 2018. David es miembro activo de varios colectivos sociales relacionados con la ecolog\u00eda, licenciado en biolog\u00eda y empleado del ayuntamiento de Avil\u00e9s. David tambi\u00e9n fue el candidato elegido en las primarias para las elecciones auton\u00f3micas de 2015.<\/p>\n<p>\u201cEl movimiento verde sigue adelante con su democracia radical y el respeto a la paridad. No abdicamos de nuestros principios. Creemos que la defensa de la equidad se demuestra en c\u00f3mo se organiza el partido, igual que la defensa de la democracia\u201d, ha declarado la nueva coportavoz Nuria Saavedra.<\/p>\n<p>\u201cVamos a trabajar para consolidar nuestro partido y empezar a prepararnos ya para las elecciones de 2023. Queremos que la papeleta de Verdes EQUO est\u00e9 en las mesas electorales de Asturias y queremos llegar con la m\u00e1xima fuerza. Haremos el m\u00e1ximo esfuerzo posible\u201d. Declara David D\u00edaz, nuevo coportavoz de Asturias.<\/p>\n<p>&nbsp;<\/p>\n","protected":false},"excerpt":{"rendered":"<p>Tras celebrar una asamblea y las elecciones internas, Alternativa verde por Asturies EQUO ha elegido una nueva mesa de coordinaci\u00f3n con 8 personas, 4 hombres y 4 mujeres. Se ha producido una importante renovaci\u00f3n de la mesa que estuvo en el per\u00edodo anterior, de la que solo repiten 2 de las 8 personas. Los dos [&hellip;]<\/p>\n","protected":false},"author":1,"featured_media":1059935,"comment_status":"closed","ping_status":"closed","sticky":false,"template":"","format":"standard","meta":{"footnotes":""},"categories":[12],"tags":[],"class_list":["post-1059934","post","type-post","status-publish","format-standard","has-post-thumbnail","hentry","category-actualidad-asturias"],"aioseo_notices":[],"aioseo_head":"\n\t\t<!-- All in One SEO Pro 4.9.6.2 - aioseo.com -->\n\t<meta name=\"description\" content=\"Tras celebrar una asamblea y las elecciones internas, Alternativa verde por Asturies EQUO ha elegido una nueva mesa de coordinaci\u00f3n con 8 personas, 4 hombres y 4 mujeres. Se ha producido una importante renovaci\u00f3n de la mesa que estuvo en el per\u00edodo anterior, de la que solo repiten 2 de las 8 personas. Los dos\" \/>\n\t<meta name=\"robots\" content=\"max-image-preview:large\" \/>\n\t<meta name=\"author\" content=\"El Digital de Asturias\"\/>\n\t<meta name=\"google-site-verification\" content=\"UA-38556648-1\" \/>\n\t<meta name=\"msvalidate.01\" content=\"7dfe9f3f1b24437ab69f4f2559babe99\" \/>\n\t<meta name=\"keywords\" content=\"actualidad asturias\" \/>\n\t<link rel=\"canonical\" href=\"https:\/\/www.eldigitaldeasturias.com\/noticias\/alternativa-verde-por-asturies-equo-ha-elegido-una-nueva-mesa-de-coordinacion\/\" \/>\n\t<meta name=\"generator\" content=\"All in One SEO Pro (AIOSEO) 4.9.6.2\" \/>\n\t\t<meta property=\"og:locale\" content=\"es_ES\" \/>\n\t\t<meta property=\"og:site_name\" content=\"El Digital de Asturias\" \/>\n\t\t<meta property=\"og:type\" content=\"article\" \/>\n\t\t<meta property=\"og:title\" content=\"Alternativa verde por Asturies EQUO ha elegido una nueva mesa de coordinaci\u00f3n - El Digital de Asturias\" \/>\n\t\t<meta property=\"og:description\" content=\"Tras celebrar una asamblea y las elecciones internas, Alternativa verde por Asturies EQUO ha elegido una nueva mesa de coordinaci\u00f3n con 8 personas, 4 hombres y 4 mujeres. Se ha producido una importante renovaci\u00f3n de la mesa que estuvo en el per\u00edodo anterior, de la que solo repiten 2 de las 8 personas. Los dos\" \/>\n\t\t<meta property=\"og:url\" content=\"https:\/\/www.eldigitaldeasturias.com\/noticias\/alternativa-verde-por-asturies-equo-ha-elegido-una-nueva-mesa-de-coordinacion\/\" \/>\n\t\t<meta property=\"og:image\" content=\"https:\/\/www.eldigitaldeasturias.com\/noticias\/wp-content\/uploads\/2020\/03\/203248213766752.jpg\" \/>\n\t\t<meta property=\"og:image:secure_url\" content=\"https:\/\/www.eldigitaldeasturias.com\/noticias\/wp-content\/uploads\/2020\/03\/203248213766752.jpg\" \/>\n\t\t<meta property=\"og:image:width\" content=\"340\" \/>\n\t\t<meta property=\"og:image:height\" content=\"127\" \/>\n\t\t<meta property=\"article:tag\" content=\"actualidad asturias\" \/>\n\t\t<meta property=\"article:published_time\" content=\"2020-03-06T14:01:20+00:00\" \/>\n\t\t<meta property=\"article:modified_time\" content=\"2020-03-06T14:01:20+00:00\" \/>\n\t\t<meta property=\"article:publisher\" content=\"https:\/\/facebook.com\/eldigitaldeasturias\" \/>\n\t\t<meta name=\"twitter:card\" content=\"summary_large_image\" \/>\n\t\t<meta name=\"twitter:title\" content=\"Alternativa verde por Asturies EQUO ha elegido una nueva mesa de coordinaci\u00f3n - El Digital de Asturias\" \/>\n\t\t<meta name=\"twitter:description\" content=\"Tras celebrar una asamblea y las elecciones internas, Alternativa verde por Asturies EQUO ha elegido una nueva mesa de coordinaci\u00f3n con 8 personas, 4 hombres y 4 mujeres. Se ha producido una importante renovaci\u00f3n de la mesa que estuvo en el per\u00edodo anterior, de la que solo repiten 2 de las 8 personas. Los dos\" \/>\n\t\t<meta name=\"twitter:image\" content=\"https:\/\/www.eldigitaldeasturias.com\/noticias\/wp-content\/uploads\/2020\/03\/203248213766752.jpg\" \/>\n\t\t<meta name=\"twitter:label1\" content=\"Escrito por\" \/>\n\t\t<meta name=\"twitter:data1\" content=\"El Digital de Asturias\" \/>\n\t\t<meta name=\"twitter:label2\" content=\"Tiempo de lectura estimado\" \/>\n\t\t<meta name=\"twitter:data2\" content=\"2 minutos\" \/>\n\t\t<script type=\"application\/ld+json\" class=\"aioseo-schema\">\n\t\t\t{\"@context\":\"https:\\\/\\\/schema.org\",\"@graph\":[{\"@type\":\"BlogPosting\",\"@id\":\"https:\\\/\\\/www.eldigitaldeasturias.com\\\/noticias\\\/alternativa-verde-por-asturies-equo-ha-elegido-una-nueva-mesa-de-coordinacion\\\/#blogposting\",\"name\":\"Alternativa verde por Asturies EQUO ha elegido una nueva mesa de coordinaci\\u00f3n - El Digital de Asturias\",\"headline\":\"Alternativa verde por Asturies EQUO ha elegido una nueva mesa de coordinaci\\u00f3n\",\"author\":{\"@id\":\"https:\\\/\\\/www.eldigitaldeasturias.com\\\/noticias\\\/author\\\/admin\\\/#author\"},\"publisher\":{\"@id\":\"https:\\\/\\\/www.eldigitaldeasturias.com\\\/noticias\\\/#organization\"},\"image\":{\"@type\":\"ImageObject\",\"url\":\"https:\\\/\\\/www.eldigitaldeasturias.com\\\/noticias\\\/wp-content\\\/uploads\\\/2020\\\/03\\\/203248213766752.jpg\",\"width\":340,\"height\":127},\"datePublished\":\"2020-03-06T14:01:20+01:00\",\"dateModified\":\"2020-03-06T14:01:20+01:00\",\"inLanguage\":\"es-ES\",\"mainEntityOfPage\":{\"@id\":\"https:\\\/\\\/www.eldigitaldeasturias.com\\\/noticias\\\/alternativa-verde-por-asturies-equo-ha-elegido-una-nueva-mesa-de-coordinacion\\\/#webpage\"},\"isPartOf\":{\"@id\":\"https:\\\/\\\/www.eldigitaldeasturias.com\\\/noticias\\\/alternativa-verde-por-asturies-equo-ha-elegido-una-nueva-mesa-de-coordinacion\\\/#webpage\"},\"articleSection\":\"Actualidad Asturias\"},{\"@type\":\"BreadcrumbList\",\"@id\":\"https:\\\/\\\/www.eldigitaldeasturias.com\\\/noticias\\\/alternativa-verde-por-asturies-equo-ha-elegido-una-nueva-mesa-de-coordinacion\\\/#breadcrumblist\",\"itemListElement\":[{\"@type\":\"ListItem\",\"@id\":\"https:\\\/\\\/www.eldigitaldeasturias.com\\\/noticias#listItem\",\"position\":1,\"name\":\"Home\",\"item\":\"https:\\\/\\\/www.eldigitaldeasturias.com\\\/noticias\",\"nextItem\":{\"@type\":\"ListItem\",\"@id\":\"https:\\\/\\\/www.eldigitaldeasturias.com\\\/noticias\\\/category\\\/actualidad-asturias\\\/#listItem\",\"name\":\"Actualidad Asturias\"}},{\"@type\":\"ListItem\",\"@id\":\"https:\\\/\\\/www.eldigitaldeasturias.com\\\/noticias\\\/category\\\/actualidad-asturias\\\/#listItem\",\"position\":2,\"name\":\"Actualidad Asturias\",\"item\":\"https:\\\/\\\/www.eldigitaldeasturias.com\\\/noticias\\\/category\\\/actualidad-asturias\\\/\",\"nextItem\":{\"@type\":\"ListItem\",\"@id\":\"https:\\\/\\\/www.eldigitaldeasturias.com\\\/noticias\\\/alternativa-verde-por-asturies-equo-ha-elegido-una-nueva-mesa-de-coordinacion\\\/#listItem\",\"name\":\"Alternativa verde por Asturies EQUO ha elegido una nueva mesa de coordinaci\\u00f3n\"},\"previousItem\":{\"@type\":\"ListItem\",\"@id\":\"https:\\\/\\\/www.eldigitaldeasturias.com\\\/noticias#listItem\",\"name\":\"Home\"}},{\"@type\":\"ListItem\",\"@id\":\"https:\\\/\\\/www.eldigitaldeasturias.com\\\/noticias\\\/alternativa-verde-por-asturies-equo-ha-elegido-una-nueva-mesa-de-coordinacion\\\/#listItem\",\"position\":3,\"name\":\"Alternativa verde por Asturies EQUO ha elegido una nueva mesa de coordinaci\\u00f3n\",\"previousItem\":{\"@type\":\"ListItem\",\"@id\":\"https:\\\/\\\/www.eldigitaldeasturias.com\\\/noticias\\\/category\\\/actualidad-asturias\\\/#listItem\",\"name\":\"Actualidad Asturias\"}}]},{\"@type\":\"Organization\",\"@id\":\"https:\\\/\\\/www.eldigitaldeasturias.com\\\/noticias\\\/#organization\",\"name\":\"El Digital de Asturias\",\"description\":\"Hemeroteca\",\"url\":\"https:\\\/\\\/www.eldigitaldeasturias.com\\\/noticias\\\/\",\"email\":\"info@eldigitaldeasturias.com\",\"telephone\":\"+34652131393\",\"logo\":{\"@type\":\"ImageObject\",\"url\":\"https:\\\/\\\/www.eldigitaldeasturias.com\\\/noticias\\\/wp-content\\\/uploads\\\/2020\\\/12\\\/EDA.jpg\",\"@id\":\"https:\\\/\\\/www.eldigitaldeasturias.com\\\/noticias\\\/alternativa-verde-por-asturies-equo-ha-elegido-una-nueva-mesa-de-coordinacion\\\/#organizationLogo\",\"width\":649,\"height\":297},\"image\":{\"@id\":\"https:\\\/\\\/www.eldigitaldeasturias.com\\\/noticias\\\/alternativa-verde-por-asturies-equo-ha-elegido-una-nueva-mesa-de-coordinacion\\\/#organizationLogo\"},\"sameAs\":[\"https:\\\/\\\/facebook.com\\\/eldigitaldeasturias\",\"https:\\\/\\\/www.youtube.com\\\/channel\\\/UCZP-2wLEB9Rv6erhFmqVnvg\"],\"address\":{\"@id\":\"https:\\\/\\\/www.eldigitaldeasturias.com\\\/noticias\\\/#postaladdress\",\"@type\":\"PostalAddress\",\"streetAddress\":\"san antonio 4,\",\"postalCode\":\"33430\",\"addressLocality\":\"Cand\\u00e1s\",\"addressRegion\":\"Asturias\",\"addressCountry\":\"ES\"}},{\"@type\":\"Person\",\"@id\":\"https:\\\/\\\/www.eldigitaldeasturias.com\\\/noticias\\\/author\\\/admin\\\/#author\",\"url\":\"https:\\\/\\\/www.eldigitaldeasturias.com\\\/noticias\\\/author\\\/admin\\\/\",\"name\":\"El Digital de Asturias\",\"image\":{\"@type\":\"ImageObject\",\"@id\":\"https:\\\/\\\/www.eldigitaldeasturias.com\\\/noticias\\\/alternativa-verde-por-asturies-equo-ha-elegido-una-nueva-mesa-de-coordinacion\\\/#authorImage\",\"url\":\"https:\\\/\\\/www.eldigitaldeasturias.com\\\/noticias\\\/wp-content\\\/litespeed\\\/avatar\\\/18677e78aa0546b92d9dbf31ec7d7668.jpg?ver=1777290358\",\"width\":96,\"height\":96,\"caption\":\"El Digital de Asturias\"}},{\"@type\":\"WebPage\",\"@id\":\"https:\\\/\\\/www.eldigitaldeasturias.com\\\/noticias\\\/alternativa-verde-por-asturies-equo-ha-elegido-una-nueva-mesa-de-coordinacion\\\/#webpage\",\"url\":\"https:\\\/\\\/www.eldigitaldeasturias.com\\\/noticias\\\/alternativa-verde-por-asturies-equo-ha-elegido-una-nueva-mesa-de-coordinacion\\\/\",\"name\":\"Alternativa verde por Asturies EQUO ha elegido una nueva mesa de coordinaci\\u00f3n - El Digital de Asturias\",\"description\":\"Tras celebrar una asamblea y las elecciones internas, Alternativa verde por Asturies EQUO ha elegido una nueva mesa de coordinaci\\u00f3n con 8 personas, 4 hombres y 4 mujeres. Se ha producido una importante renovaci\\u00f3n de la mesa que estuvo en el per\\u00edodo anterior, de la que solo repiten 2 de las 8 personas. Los dos\",\"inLanguage\":\"es-ES\",\"isPartOf\":{\"@id\":\"https:\\\/\\\/www.eldigitaldeasturias.com\\\/noticias\\\/#website\"},\"breadcrumb\":{\"@id\":\"https:\\\/\\\/www.eldigitaldeasturias.com\\\/noticias\\\/alternativa-verde-por-asturies-equo-ha-elegido-una-nueva-mesa-de-coordinacion\\\/#breadcrumblist\"},\"author\":{\"@id\":\"https:\\\/\\\/www.eldigitaldeasturias.com\\\/noticias\\\/author\\\/admin\\\/#author\"},\"creator\":{\"@id\":\"https:\\\/\\\/www.eldigitaldeasturias.com\\\/noticias\\\/author\\\/admin\\\/#author\"},\"image\":{\"@type\":\"ImageObject\",\"url\":\"https:\\\/\\\/www.eldigitaldeasturias.com\\\/noticias\\\/wp-content\\\/uploads\\\/2020\\\/03\\\/203248213766752.jpg\",\"@id\":\"https:\\\/\\\/www.eldigitaldeasturias.com\\\/noticias\\\/alternativa-verde-por-asturies-equo-ha-elegido-una-nueva-mesa-de-coordinacion\\\/#mainImage\",\"width\":340,\"height\":127},\"primaryImageOfPage\":{\"@id\":\"https:\\\/\\\/www.eldigitaldeasturias.com\\\/noticias\\\/alternativa-verde-por-asturies-equo-ha-elegido-una-nueva-mesa-de-coordinacion\\\/#mainImage\"},\"datePublished\":\"2020-03-06T14:01:20+01:00\",\"dateModified\":\"2020-03-06T14:01:20+01:00\"},{\"@type\":\"WebSite\",\"@id\":\"https:\\\/\\\/www.eldigitaldeasturias.com\\\/noticias\\\/#website\",\"url\":\"https:\\\/\\\/www.eldigitaldeasturias.com\\\/noticias\\\/\",\"name\":\"El Digital de Asturias - Diario de actualidad y noticias\",\"alternateName\":\"El Digital de Asturias - Diario de actualidad y noticias\",\"description\":\"Hemeroteca\",\"inLanguage\":\"es-ES\",\"publisher\":{\"@id\":\"https:\\\/\\\/www.eldigitaldeasturias.com\\\/noticias\\\/#organization\"}}]}\n\t\t<\/script>\n\t\t<!-- All in One SEO Pro -->\r\n\t\t<title>Alternativa verde por Asturies EQUO ha elegido una nueva mesa de coordinaci\u00f3n - El Digital de Asturias<\/title>\n\n","aioseo_head_json":{"title":"Alternativa verde por Asturies EQUO ha elegido una nueva mesa de coordinaci\u00f3n - El Digital de Asturias","description":"Tras celebrar una asamblea y las elecciones internas, Alternativa verde por Asturies EQUO ha elegido una nueva mesa de coordinaci\u00f3n con 8 personas, 4 hombres y 4 mujeres. Se ha producido una importante renovaci\u00f3n de la mesa que estuvo en el per\u00edodo anterior, de la que solo repiten 2 de las 8 personas. Los dos","canonical_url":"https:\/\/www.eldigitaldeasturias.com\/noticias\/alternativa-verde-por-asturies-equo-ha-elegido-una-nueva-mesa-de-coordinacion\/","robots":"max-image-preview:large","keywords":"actualidad asturias","webmasterTools":{"google-site-verification":"UA-38556648-1","msvalidate.01":"7dfe9f3f1b24437ab69f4f2559babe99","miscellaneous":""},"schema":{"@context":"https:\/\/schema.org","@graph":[{"@type":"BlogPosting","@id":"https:\/\/www.eldigitaldeasturias.com\/noticias\/alternativa-verde-por-asturies-equo-ha-elegido-una-nueva-mesa-de-coordinacion\/#blogposting","name":"Alternativa verde por Asturies EQUO ha elegido una nueva mesa de coordinaci\u00f3n - El Digital de Asturias","headline":"Alternativa verde por Asturies EQUO ha elegido una nueva mesa de coordinaci\u00f3n","author":{"@id":"https:\/\/www.eldigitaldeasturias.com\/noticias\/author\/admin\/#author"},"publisher":{"@id":"https:\/\/www.eldigitaldeasturias.com\/noticias\/#organization"},"image":{"@type":"ImageObject","url":"https:\/\/www.eldigitaldeasturias.com\/noticias\/wp-content\/uploads\/2020\/03\/203248213766752.jpg","width":340,"height":127},"datePublished":"2020-03-06T14:01:20+01:00","dateModified":"2020-03-06T14:01:20+01:00","inLanguage":"es-ES","mainEntityOfPage":{"@id":"https:\/\/www.eldigitaldeasturias.com\/noticias\/alternativa-verde-por-asturies-equo-ha-elegido-una-nueva-mesa-de-coordinacion\/#webpage"},"isPartOf":{"@id":"https:\/\/www.eldigitaldeasturias.com\/noticias\/alternativa-verde-por-asturies-equo-ha-elegido-una-nueva-mesa-de-coordinacion\/#webpage"},"articleSection":"Actualidad Asturias"},{"@type":"BreadcrumbList","@id":"https:\/\/www.eldigitaldeasturias.com\/noticias\/alternativa-verde-por-asturies-equo-ha-elegido-una-nueva-mesa-de-coordinacion\/#breadcrumblist","itemListElement":[{"@type":"ListItem","@id":"https:\/\/www.eldigitaldeasturias.com\/noticias#listItem","position":1,"name":"Home","item":"https:\/\/www.eldigitaldeasturias.com\/noticias","nextItem":{"@type":"ListItem","@id":"https:\/\/www.eldigitaldeasturias.com\/noticias\/category\/actualidad-asturias\/#listItem","name":"Actualidad Asturias"}},{"@type":"ListItem","@id":"https:\/\/www.eldigitaldeasturias.com\/noticias\/category\/actualidad-asturias\/#listItem","position":2,"name":"Actualidad Asturias","item":"https:\/\/www.eldigitaldeasturias.com\/noticias\/category\/actualidad-asturias\/","nextItem":{"@type":"ListItem","@id":"https:\/\/www.eldigitaldeasturias.com\/noticias\/alternativa-verde-por-asturies-equo-ha-elegido-una-nueva-mesa-de-coordinacion\/#listItem","name":"Alternativa verde por Asturies EQUO ha elegido una nueva mesa de coordinaci\u00f3n"},"previousItem":{"@type":"ListItem","@id":"https:\/\/www.eldigitaldeasturias.com\/noticias#listItem","name":"Home"}},{"@type":"ListItem","@id":"https:\/\/www.eldigitaldeasturias.com\/noticias\/alternativa-verde-por-asturies-equo-ha-elegido-una-nueva-mesa-de-coordinacion\/#listItem","position":3,"name":"Alternativa verde por Asturies EQUO ha elegido una nueva mesa de coordinaci\u00f3n","previousItem":{"@type":"ListItem","@id":"https:\/\/www.eldigitaldeasturias.com\/noticias\/category\/actualidad-asturias\/#listItem","name":"Actualidad Asturias"}}]},{"@type":"Organization","@id":"https:\/\/www.eldigitaldeasturias.com\/noticias\/#organization","name":"El Digital de Asturias","description":"Hemeroteca","url":"https:\/\/www.eldigitaldeasturias.com\/noticias\/","email":"info@eldigitaldeasturias.com","telephone":"+34652131393","logo":{"@type":"ImageObject","url":"https:\/\/www.eldigitaldeasturias.com\/noticias\/wp-content\/uploads\/2020\/12\/EDA.jpg","@id":"https:\/\/www.eldigitaldeasturias.com\/noticias\/alternativa-verde-por-asturies-equo-ha-elegido-una-nueva-mesa-de-coordinacion\/#organizationLogo","width":649,"height":297},"image":{"@id":"https:\/\/www.eldigitaldeasturias.com\/noticias\/alternativa-verde-por-asturies-equo-ha-elegido-una-nueva-mesa-de-coordinacion\/#organizationLogo"},"sameAs":["https:\/\/facebook.com\/eldigitaldeasturias","https:\/\/www.youtube.com\/channel\/UCZP-2wLEB9Rv6erhFmqVnvg"],"address":{"@id":"https:\/\/www.eldigitaldeasturias.com\/noticias\/#postaladdress","@type":"PostalAddress","streetAddress":"san antonio 4,","postalCode":"33430","addressLocality":"Cand\u00e1s","addressRegion":"Asturias","addressCountry":"ES"}},{"@type":"Person","@id":"https:\/\/www.eldigitaldeasturias.com\/noticias\/author\/admin\/#author","url":"https:\/\/www.eldigitaldeasturias.com\/noticias\/author\/admin\/","name":"El Digital de Asturias","image":{"@type":"ImageObject","@id":"https:\/\/www.eldigitaldeasturias.com\/noticias\/alternativa-verde-por-asturies-equo-ha-elegido-una-nueva-mesa-de-coordinacion\/#authorImage","url":"https:\/\/www.eldigitaldeasturias.com\/noticias\/wp-content\/litespeed\/avatar\/18677e78aa0546b92d9dbf31ec7d7668.jpg?ver=1777290358","width":96,"height":96,"caption":"El Digital de Asturias"}},{"@type":"WebPage","@id":"https:\/\/www.eldigitaldeasturias.com\/noticias\/alternativa-verde-por-asturies-equo-ha-elegido-una-nueva-mesa-de-coordinacion\/#webpage","url":"https:\/\/www.eldigitaldeasturias.com\/noticias\/alternativa-verde-por-asturies-equo-ha-elegido-una-nueva-mesa-de-coordinacion\/","name":"Alternativa verde por Asturies EQUO ha elegido una nueva mesa de coordinaci\u00f3n - El Digital de Asturias","description":"Tras celebrar una asamblea y las elecciones internas, Alternativa verde por Asturies EQUO ha elegido una nueva mesa de coordinaci\u00f3n con 8 personas, 4 hombres y 4 mujeres. Se ha producido una importante renovaci\u00f3n de la mesa que estuvo en el per\u00edodo anterior, de la que solo repiten 2 de las 8 personas. Los dos","inLanguage":"es-ES","isPartOf":{"@id":"https:\/\/www.eldigitaldeasturias.com\/noticias\/#website"},"breadcrumb":{"@id":"https:\/\/www.eldigitaldeasturias.com\/noticias\/alternativa-verde-por-asturies-equo-ha-elegido-una-nueva-mesa-de-coordinacion\/#breadcrumblist"},"author":{"@id":"https:\/\/www.eldigitaldeasturias.com\/noticias\/author\/admin\/#author"},"creator":{"@id":"https:\/\/www.eldigitaldeasturias.com\/noticias\/author\/admin\/#author"},"image":{"@type":"ImageObject","url":"https:\/\/www.eldigitaldeasturias.com\/noticias\/wp-content\/uploads\/2020\/03\/203248213766752.jpg","@id":"https:\/\/www.eldigitaldeasturias.com\/noticias\/alternativa-verde-por-asturies-equo-ha-elegido-una-nueva-mesa-de-coordinacion\/#mainImage","width":340,"height":127},"primaryImageOfPage":{"@id":"https:\/\/www.eldigitaldeasturias.com\/noticias\/alternativa-verde-por-asturies-equo-ha-elegido-una-nueva-mesa-de-coordinacion\/#mainImage"},"datePublished":"2020-03-06T14:01:20+01:00","dateModified":"2020-03-06T14:01:20+01:00"},{"@type":"WebSite","@id":"https:\/\/www.eldigitaldeasturias.com\/noticias\/#website","url":"https:\/\/www.eldigitaldeasturias.com\/noticias\/","name":"El Digital de Asturias - Diario de actualidad y noticias","alternateName":"El Digital de Asturias - Diario de actualidad y noticias","description":"Hemeroteca","inLanguage":"es-ES","publisher":{"@id":"https:\/\/www.eldigitaldeasturias.com\/noticias\/#organization"}}]},"og:locale":"es_ES","og:site_name":"El Digital de Asturias","og:type":"article","og:title":"Alternativa verde por Asturies EQUO ha elegido una nueva mesa de coordinaci\u00f3n - El Digital de Asturias","og:description":"Tras celebrar una asamblea y las elecciones internas, Alternativa verde por Asturies EQUO ha elegido una nueva mesa de coordinaci\u00f3n con 8 personas, 4 hombres y 4 mujeres. Se ha producido una importante renovaci\u00f3n de la mesa que estuvo en el per\u00edodo anterior, de la que solo repiten 2 de las 8 personas. Los dos","og:url":"https:\/\/www.eldigitaldeasturias.com\/noticias\/alternativa-verde-por-asturies-equo-ha-elegido-una-nueva-mesa-de-coordinacion\/","og:image":"https:\/\/www.eldigitaldeasturias.com\/noticias\/wp-content\/uploads\/2020\/03\/203248213766752.jpg","og:image:secure_url":"https:\/\/www.eldigitaldeasturias.com\/noticias\/wp-content\/uploads\/2020\/03\/203248213766752.jpg","og:image:width":340,"og:image:height":127,"article:tag":["actualidad asturias"],"article:published_time":"2020-03-06T14:01:20+00:00","article:modified_time":"2020-03-06T14:01:20+00:00","article:publisher":"https:\/\/facebook.com\/eldigitaldeasturias","twitter:card":"summary_large_image","twitter:title":"Alternativa verde por Asturies EQUO ha elegido una nueva mesa de coordinaci\u00f3n - El Digital de Asturias","twitter:description":"Tras celebrar una asamblea y las elecciones internas, Alternativa verde por Asturies EQUO ha elegido una nueva mesa de coordinaci\u00f3n con 8 personas, 4 hombres y 4 mujeres. Se ha producido una importante renovaci\u00f3n de la mesa que estuvo en el per\u00edodo anterior, de la que solo repiten 2 de las 8 personas. Los dos","twitter:image":"https:\/\/www.eldigitaldeasturias.com\/noticias\/wp-content\/uploads\/2020\/03\/203248213766752.jpg","twitter:label1":"Escrito por","twitter:data1":"El Digital de Asturias","twitter:label2":"Tiempo de lectura estimado","twitter:data2":"2 minutos"},"aioseo_meta_data":{"post_id":"1059934","title":null,"description":null,"keywords":null,"keyphrases":null,"primary_term":null,"canonical_url":null,"og_title":null,"og_description":null,"og_object_type":"default","og_image_type":"default","og_image_url":null,"og_image_width":null,"og_image_height":null,"og_image_custom_url":null,"og_image_custom_fields":null,"og_video":null,"og_custom_url":null,"og_article_section":null,"og_article_tags":null,"twitter_use_og":false,"twitter_card":"default","twitter_image_type":"default","twitter_image_url":null,"twitter_image_custom_url":null,"twitter_image_custom_fields":null,"twitter_title":null,"twitter_description":null,"schema":{"blockGraphs":[],"customGraphs":[],"default":{"data":{"Article":[],"Course":[],"Dataset":[],"FAQPage":[],"Movie":[],"Person":[],"Product":[],"ProductReview":[],"Car":[],"Recipe":[],"Service":[],"SoftwareApplication":[],"WebPage":[]},"graphName":"","isEnabled":true},"graphs":[],"defaultGraph":"","defaultPostTypeGraph":""},"schema_type":null,"schema_type_options":null,"pillar_content":false,"robots_default":true,"robots_noindex":false,"robots_noarchive":false,"robots_nosnippet":false,"robots_nofollow":false,"robots_noimageindex":false,"robots_noodp":false,"robots_notranslate":false,"robots_max_snippet":null,"robots_max_videopreview":null,"robots_max_imagepreview":"large","priority":null,"frequency":null,"local_seo":null,"seo_analyzer_scan_date":"2025-10-31 10:30:09","breadcrumb_settings":null,"limit_modified_date":false,"open_ai":null,"ai":null,"created":"2020-12-21 10:54:35","updated":"2025-10-31 10:30:09"},"aioseo_breadcrumb":"<div class=\"aioseo-breadcrumbs\"><span class=\"aioseo-breadcrumb\">\n\t<a href=\"https:\/\/www.eldigitaldeasturias.com\/noticias\" title=\"Home\">Home<\/a>\n<\/span><span class=\"aioseo-breadcrumb-separator\">\u2013<\/span><span class=\"aioseo-breadcrumb\">\n\t<a href=\"https:\/\/www.eldigitaldeasturias.com\/noticias\/category\/actualidad-asturias\/\" title=\"Actualidad Asturias\">Actualidad Asturias<\/a>\n<\/span><span class=\"aioseo-breadcrumb-separator\">\u2013<\/span><span class=\"aioseo-breadcrumb\">\n\t<a href=\"https:\/\/www.eldigitaldeasturias.com\/noticias\/alternativa-verde-por-asturies-equo-ha-elegido-una-nueva-mesa-de-coordinacion\/\" title=\"Alternativa verde por Asturies EQUO ha elegido una nueva mesa de coordinaci\u00f3n\">Alternativa verde por Asturies EQUO ha elegido una nueva mesa de coordinaci\u00f3n<\/a>\n<\/span><\/div>","aioseo_breadcrumb_json":[{"label":"Home","link":"https:\/\/www.eldigitaldeasturias.com\/noticias"},{"label":"Actualidad Asturias","link":"https:\/\/www.eldigitaldeasturias.com\/noticias\/category\/actualidad-asturias\/"},{"label":"Alternativa verde por Asturies EQUO ha elegido una nueva mesa de coordinaci\u00f3n","link":"https:\/\/www.eldigitaldeasturias.com\/noticias\/alternativa-verde-por-asturies-equo-ha-elegido-una-nueva-mesa-de-coordinacion\/"}],"_links":{"self":[{"href":"https:\/\/www.eldigitaldeasturias.com\/noticias\/wp-json\/wp\/v2\/posts\/1059934","targetHints":{"allow":["GET"]}}],"collection":[{"href":"https:\/\/www.eldigitaldeasturias.com\/noticias\/wp-json\/wp\/v2\/posts"}],"about":[{"href":"https:\/\/www.eldigitaldeasturias.com\/noticias\/wp-json\/wp\/v2\/types\/post"}],"author":[{"embeddable":true,"href":"https:\/\/www.eldigitaldeasturias.com\/noticias\/wp-json\/wp\/v2\/users\/1"}],"replies":[{"embeddable":true,"href":"https:\/\/www.eldigitaldeasturias.com\/noticias\/wp-json\/wp\/v2\/comments?post=1059934"}],"version-history":[{"count":0,"href":"https:\/\/www.eldigitaldeasturias.com\/noticias\/wp-json\/wp\/v2\/posts\/1059934\/revisions"}],"wp:featuredmedia":[{"embeddable":true,"href":"https:\/\/www.eldigitaldeasturias.com\/noticias\/wp-json\/wp\/v2\/media\/1059935"}],"wp:attachment":[{"href":"https:\/\/www.eldigitaldeasturias.com\/noticias\/wp-json\/wp\/v2\/media?parent=1059934"}],"wp:term":[{"taxonomy":"category","embeddable":true,"href":"https:\/\/www.eldigitaldeasturias.com\/noticias\/wp-json\/wp\/v2\/categories?post=1059934"},{"taxonomy":"post_tag","embeddable":true,"href":"https:\/\/www.eldigitaldeasturias.com\/noticias\/wp-json\/wp\/v2\/tags?post=1059934"}],"curies":[{"name":"wp","href":"https:\/\/api.w.org\/{rel}","templated":true}]}}