{"id":1059902,"date":"2020-03-05T21:56:03","date_gmt":"2020-03-05T21:56:03","guid":{"rendered":"https:\/\/www.eldigitaldeasturias.com\/noticias\/?p=1059902"},"modified":"2020-03-05T21:56:03","modified_gmt":"2020-03-05T21:56:03","slug":"ribera-la-ley-de-clima-debe-ser-ambiciosa-y-ofrecer-respuestas","status":"publish","type":"post","link":"https:\/\/www.eldigitaldeasturias.com\/noticias\/ribera-la-ley-de-clima-debe-ser-ambiciosa-y-ofrecer-respuestas\/","title":{"rendered":"Ribera: \u201cLa Ley de Clima debe ser ambiciosa y ofrecer respuestas\u201d"},"content":{"rendered":"<p><img loading=\"lazy\" decoding=\"async\" class=\"alignleft size-medium wp-image-1059903\" src=\"https:\/\/www.eldigitaldeasturias.com\/noticias\/wp-content\/uploads\/2020\/03\/050320-ribera-360x239.jpeg\" alt=\"\" width=\"360\" height=\"239\" srcset=\"https:\/\/www.eldigitaldeasturias.com\/noticias\/wp-content\/uploads\/2020\/03\/050320-ribera-360x239.jpeg 360w, https:\/\/www.eldigitaldeasturias.com\/noticias\/wp-content\/uploads\/2020\/03\/050320-ribera-452x300.jpeg 452w, https:\/\/www.eldigitaldeasturias.com\/noticias\/wp-content\/uploads\/2020\/03\/050320-ribera.jpeg 512w\" sizes=\"auto, (max-width: 360px) 100vw, 360px\" \/>La vicepresidenta para la Transici\u00f3n Ecol\u00f3gica y el Reto Demogr\u00e1fico, Teresa Ribera, ha valorado hoy el esfuerzo llevado a cabo por la Comisi\u00f3n Europea para presentar en menos de cien d\u00edas su propuesta de Ley de Clima, pero ha considerado que la propuesta es \u00abmuy mejorable, y necesita ampliarse tanto en ambici\u00f3n como en enfoque\u00bb.<\/p>\n<p>En su intervenci\u00f3n en el Consejo de Ministros de Medio Ambiente de la Uni\u00f3n Europea (UE), la vicepresidenta ha indicado que la propuesta de Ley de Clima europea ha dado una \u00abse\u00f1al adecuada\u00bb, tanto a los Estados miembros como al sector privado y los inversores, del firme objetivo de neutralidad clim\u00e1tica a 2050 como gu\u00eda de todas las pol\u00edticas europeas. Si bien, ha abogado por que el objetivo de neutralidad clim\u00e1tica no solo aparezca en la Ley para el conjunto de la UE, sino tambi\u00e9n para cada uno de los Estados miembros.<\/p>\n<p><strong>\u00abLa Ley de Clima debe articular toda la respuesta europea a la emergencia clim\u00e1tica, por tanto debe ir m\u00e1s all\u00e1 tanto en contenido como en ambici\u00f3n\u00bb<\/strong>, ha subrayado Ribera. La vicepresidenta ha explicado que el nuevo reglamento debe establecer un marco institucional para la descarbonizaci\u00f3n con un objetivo claro no solo a 2050 sino tambi\u00e9n a 2030&#8243;. Adem\u00e1s, tiene que mejorar en el establecimiento de se\u00f1ales e incentivos para promover la acci\u00f3n clim\u00e1tica y atraer a los inversores, o en la creaci\u00f3n de mecanismos para transversalizar el objetivo de neutralidad clim\u00e1tica como gu\u00eda de todas las pol\u00edticas.<\/p>\n<p>\u00abEstamos ante una nueva gobernanza europea y tenemos que ser capaces de incluir en esta ley nuevos objetivos, nuevos sectores y actores no estatales, de manera que responda a los retos a los que nos enfrentamos\u00bb, ha a\u00f1adido Ribera. A su juicio, a la propuesta actual le falta \u00abconcreci\u00f3n, especialmente en los objetivos a 2030, y m\u00e1s orientaci\u00f3n de c\u00f3mo van a articular las inversiones, las transformaciones, las medidas industriales, energ\u00e9ticas o sociales que hay que activar ya mismo, en 2020, para conseguir la neutralidad clim\u00e1tica en 2050\u00bb.<\/p>\n<p>En esa l\u00ednea, Espa\u00f1a remiti\u00f3 el pasado martes una carta al vicepresidente ejecutivo de la Comisi\u00f3n, Frans Timmermans, junto con Austria, Dinamarca, Finlandia, Francia, Italia, Letonia, Luxemburgo, Pa\u00edses Bajos, Portugal, Eslovenia y Suecia, pidiendo que la UE presente su evaluaci\u00f3n para alcanzar un objetivo de reducci\u00f3n de emisiones a 2030 m\u00e1s ambicioso en el primer semestre de este a\u00f1o, pasando del 40% actual respecto a 1990 a un 50 o 55% respecto a la misma fecha.<\/p>\n<p>\u00abEsta propuesta de Ley es un punto de partida interesante, nos parece que est\u00e1 bien planteada pero que todav\u00eda puede enriquecerse dado que va a ser la norma marco que oriente el conjunto de las pol\u00edticas europeas dom\u00e9sticas e internacionales en las pr\u00f3ximas d\u00e9cadas\u00bb, ha agregado la vicepresidenta, quien ha animado a los ciudadanos a participar en el proceso de informaci\u00f3n p\u00fablica que se acaba de abrir.<\/p>\n<h3><strong>Fondo de transici\u00f3n justa<\/strong><\/h3>\n<p>Respecto al debate sobre el nuevo Mecanismo de Transici\u00f3n Justa, que incluye un Fondo para ofrecer apoyo a las regiones y a los sectores m\u00e1s afectados por la transici\u00f3n hacia la neutralidad clim\u00e1tica, la vicepresidenta ha afirmado que <strong>\u00abes positivo que la Comisi\u00f3n se tome en serio y haga referencia a aquellos trabajadores, aquellas comarcas, que se ven afectados por la transformaci\u00f3n a trav\u00e9s del Fondo de Transici\u00f3n Justa\u00bb<\/strong>. Un fondo que se completa con otros mecanismos estructurales como son el Fondo Social Europeo, el Fondo para J\u00f3venes y el Empleo, o el Fondo de Cohesi\u00f3n.<\/p>\n<p>Para Espa\u00f1a, el Fondo de Transici\u00f3n Justa \u00aba\u00fan es muy mejorable\u00bb, ya que los indicadores escogidos por la comisi\u00f3n se reduce el peso de las zonas carboneras sobre otras zonas industriales europeas.<\/p>\n<p>Ribera ha pedido en el Consejo de Ministros de la UE que \u00abse exija a los pa\u00edses que se puedan beneficiar de ese fondo un compromiso claro con la descarbonizaci\u00f3n, con objetivos a 2030 y 2050; que en la asignaci\u00f3n de fondos se tome con claridad la referencia de cu\u00e1les son los niveles de desempleo y las transformaciones que se est\u00e1n viviendo en las zonas afectadas por el cierre del carb\u00f3n\u00bb.<\/p>\n<h3>Pacto verde europeo<\/h3>\n<p>Los ministros de Medio Ambiente de la UE han debatido tambi\u00e9n sobre el Pacto Verde Europeo, un documento que debe convertirse en la nueva estrategia de crecimiento para la regi\u00f3n y que sit\u00faa, por primera vez, la agenda ambiental y de clima al m\u00e1s alto nivel.<\/p>\n<p>Adem\u00e1s de un objetivo de reducci\u00f3n de emisiones a medio plazo que sea coherente con la neutralidad clim\u00e1tica en 2050, Ribera ha destacado como \u00e1mbitos de acci\u00f3n prioritarios dentro del Pacto Verde Europeo los sectores industrial y agrario. La vicepresidenta considera que hay que acompa\u00f1ar a estos sectores para que sean capaces de modernizarse, ser m\u00e1s eficientes y adaptarse a los impactos del cambio clim\u00e1tico; alinear la fiscalidad con los objetivos clim\u00e1ticos, gravando las actividades que perjudican al medio ambiente; y frenar la p\u00e9rdida de biodiversidad como gran prioridad\u00bb.<\/p>\n<p>A este respecto, <strong>Espa\u00f1a considera necesaria una estrategia europea en materia de biodiversidad \u00abclaramente ambiciosa\u00bb<\/strong>, con compromisos y objetivos para la conservaci\u00f3n de h\u00e1bitats y especies, pero no solo, tambi\u00e9n es necesario nueva normativa en materia de biodiversidad.<\/p>\n<p>Por otra parte, en la discusi\u00f3n sobre el nuevo Plan de Acci\u00f3n para la Econom\u00eda Circular, tambi\u00e9n incluido en el Pacto Verde Europeo, Espa\u00f1a apuesta por reforzar las actuaciones en sectores clave como el textil, la construcci\u00f3n y demolici\u00f3n, y la automoci\u00f3n; por impulsar el ecodise\u00f1o y por prestar especial atenci\u00f3n al impacto medioambiental de las sustancias qu\u00edmicas.<\/p>\n<h3>Estrategia a largo plazo<\/h3>\n<p>El Consejo de Ministros de la UE ha adoptado tambi\u00e9n la Estrategia de Descarbonizaci\u00f3n a Largo Plazo de la Uni\u00f3n Europea, que debe presentarse al secretariado de la Convenci\u00f3n Marco de Naciones Unidas sobre el Cambio Clim\u00e1tico (CMNUCC) en los primeros meses de este a\u00f1o. La elaboraci\u00f3n de estas estrategias est\u00e1 recogida en el Acuerdo de Par\u00eds, que establece 2020 para su presentaci\u00f3n.<\/p>\n<p>La Estrategia europea debe asegurar la consecuci\u00f3n de la neutralidad clim\u00e1tica en 2050, objetivo aprobado por el Consejo Europeo el pasado 12 de diciembre, convirtiendo a Europa en el primer continente neutro en carbono.<\/p>\n<p>&nbsp;<\/p>\n","protected":false},"excerpt":{"rendered":"<p>La vicepresidenta para la Transici\u00f3n Ecol\u00f3gica y el Reto Demogr\u00e1fico, Teresa Ribera, ha valorado hoy el esfuerzo llevado a cabo por la Comisi\u00f3n Europea para presentar en menos de cien d\u00edas su propuesta de Ley de Clima, pero ha considerado que la propuesta es \u00abmuy mejorable, y necesita ampliarse tanto en ambici\u00f3n como en enfoque\u00bb. [&hellip;]<\/p>\n","protected":false},"author":1,"featured_media":1059903,"comment_status":"closed","ping_status":"closed","sticky":false,"template":"","format":"standard","meta":{"footnotes":""},"categories":[187],"tags":[],"class_list":["post-1059902","post","type-post","status-publish","format-standard","has-post-thumbnail","hentry","category-economia"],"aioseo_notices":[],"aioseo_head":"\n\t\t<!-- All in One SEO Pro 4.9.6.2 - aioseo.com -->\n\t<meta name=\"description\" content=\"La vicepresidenta para la Transici\u00f3n Ecol\u00f3gica y el Reto Demogr\u00e1fico, Teresa Ribera, ha valorado hoy el esfuerzo llevado a cabo por la Comisi\u00f3n Europea para presentar en menos de cien d\u00edas su propuesta de Ley de Clima, pero ha considerado que la propuesta es &quot;muy mejorable, y necesita ampliarse tanto en ambici\u00f3n como en enfoque&quot;.\" \/>\n\t<meta name=\"robots\" content=\"max-image-preview:large\" \/>\n\t<meta name=\"author\" content=\"El Digital de Asturias\"\/>\n\t<meta name=\"google-site-verification\" content=\"UA-38556648-1\" \/>\n\t<meta name=\"msvalidate.01\" content=\"7dfe9f3f1b24437ab69f4f2559babe99\" \/>\n\t<meta name=\"keywords\" content=\"econom\u00eda\" \/>\n\t<link rel=\"canonical\" href=\"https:\/\/www.eldigitaldeasturias.com\/noticias\/ribera-la-ley-de-clima-debe-ser-ambiciosa-y-ofrecer-respuestas\/\" \/>\n\t<meta name=\"generator\" content=\"All in One SEO Pro (AIOSEO) 4.9.6.2\" \/>\n\t\t<meta property=\"og:locale\" content=\"es_ES\" \/>\n\t\t<meta property=\"og:site_name\" content=\"El Digital de Asturias\" \/>\n\t\t<meta property=\"og:type\" content=\"article\" \/>\n\t\t<meta property=\"og:title\" content=\"Ribera: \u201cLa Ley de Clima debe ser ambiciosa y ofrecer respuestas\u201d - El Digital de Asturias\" \/>\n\t\t<meta property=\"og:description\" content=\"La vicepresidenta para la Transici\u00f3n Ecol\u00f3gica y el Reto Demogr\u00e1fico, Teresa Ribera, ha valorado hoy el esfuerzo llevado a cabo por la Comisi\u00f3n Europea para presentar en menos de cien d\u00edas su propuesta de Ley de Clima, pero ha considerado que la propuesta es &quot;muy mejorable, y necesita ampliarse tanto en ambici\u00f3n como en enfoque&quot;.\" \/>\n\t\t<meta property=\"og:url\" content=\"https:\/\/www.eldigitaldeasturias.com\/noticias\/ribera-la-ley-de-clima-debe-ser-ambiciosa-y-ofrecer-respuestas\/\" \/>\n\t\t<meta property=\"og:image\" content=\"https:\/\/www.eldigitaldeasturias.com\/noticias\/wp-content\/uploads\/2020\/03\/050320-ribera.jpeg\" \/>\n\t\t<meta property=\"og:image:secure_url\" content=\"https:\/\/www.eldigitaldeasturias.com\/noticias\/wp-content\/uploads\/2020\/03\/050320-ribera.jpeg\" \/>\n\t\t<meta property=\"og:image:width\" content=\"512\" \/>\n\t\t<meta property=\"og:image:height\" content=\"340\" \/>\n\t\t<meta property=\"article:tag\" content=\"econom\u00eda\" \/>\n\t\t<meta property=\"article:published_time\" content=\"2020-03-05T21:56:03+00:00\" \/>\n\t\t<meta property=\"article:modified_time\" content=\"2020-03-05T21:56:03+00:00\" \/>\n\t\t<meta property=\"article:publisher\" content=\"https:\/\/facebook.com\/eldigitaldeasturias\" \/>\n\t\t<meta name=\"twitter:card\" content=\"summary_large_image\" \/>\n\t\t<meta name=\"twitter:title\" content=\"Ribera: \u201cLa Ley de Clima debe ser ambiciosa y ofrecer respuestas\u201d - El Digital de Asturias\" \/>\n\t\t<meta name=\"twitter:description\" content=\"La vicepresidenta para la Transici\u00f3n Ecol\u00f3gica y el Reto Demogr\u00e1fico, Teresa Ribera, ha valorado hoy el esfuerzo llevado a cabo por la Comisi\u00f3n Europea para presentar en menos de cien d\u00edas su propuesta de Ley de Clima, pero ha considerado que la propuesta es &quot;muy mejorable, y necesita ampliarse tanto en ambici\u00f3n como en enfoque&quot;.\" \/>\n\t\t<meta name=\"twitter:image\" content=\"https:\/\/www.eldigitaldeasturias.com\/noticias\/wp-content\/uploads\/2020\/03\/050320-ribera.jpeg\" \/>\n\t\t<meta name=\"twitter:label1\" content=\"Escrito por\" \/>\n\t\t<meta name=\"twitter:data1\" content=\"El Digital de Asturias\" \/>\n\t\t<meta name=\"twitter:label2\" content=\"Tiempo de lectura estimado\" \/>\n\t\t<meta name=\"twitter:data2\" content=\"6 minutos\" \/>\n\t\t<script type=\"application\/ld+json\" class=\"aioseo-schema\">\n\t\t\t{\"@context\":\"https:\\\/\\\/schema.org\",\"@graph\":[{\"@type\":\"BlogPosting\",\"@id\":\"https:\\\/\\\/www.eldigitaldeasturias.com\\\/noticias\\\/ribera-la-ley-de-clima-debe-ser-ambiciosa-y-ofrecer-respuestas\\\/#blogposting\",\"name\":\"Ribera: \\u201cLa Ley de Clima debe ser ambiciosa y ofrecer respuestas\\u201d - El Digital de Asturias\",\"headline\":\"Ribera: \\u201cLa Ley de Clima debe ser ambiciosa y ofrecer respuestas\\u201d\",\"author\":{\"@id\":\"https:\\\/\\\/www.eldigitaldeasturias.com\\\/noticias\\\/author\\\/admin\\\/#author\"},\"publisher\":{\"@id\":\"https:\\\/\\\/www.eldigitaldeasturias.com\\\/noticias\\\/#organization\"},\"image\":{\"@type\":\"ImageObject\",\"url\":\"https:\\\/\\\/www.eldigitaldeasturias.com\\\/noticias\\\/wp-content\\\/uploads\\\/2020\\\/03\\\/050320-ribera.jpeg\",\"width\":512,\"height\":340},\"datePublished\":\"2020-03-05T21:56:03+01:00\",\"dateModified\":\"2020-03-05T21:56:03+01:00\",\"inLanguage\":\"es-ES\",\"mainEntityOfPage\":{\"@id\":\"https:\\\/\\\/www.eldigitaldeasturias.com\\\/noticias\\\/ribera-la-ley-de-clima-debe-ser-ambiciosa-y-ofrecer-respuestas\\\/#webpage\"},\"isPartOf\":{\"@id\":\"https:\\\/\\\/www.eldigitaldeasturias.com\\\/noticias\\\/ribera-la-ley-de-clima-debe-ser-ambiciosa-y-ofrecer-respuestas\\\/#webpage\"},\"articleSection\":\"Econom\\u00eda\"},{\"@type\":\"BreadcrumbList\",\"@id\":\"https:\\\/\\\/www.eldigitaldeasturias.com\\\/noticias\\\/ribera-la-ley-de-clima-debe-ser-ambiciosa-y-ofrecer-respuestas\\\/#breadcrumblist\",\"itemListElement\":[{\"@type\":\"ListItem\",\"@id\":\"https:\\\/\\\/www.eldigitaldeasturias.com\\\/noticias#listItem\",\"position\":1,\"name\":\"Home\",\"item\":\"https:\\\/\\\/www.eldigitaldeasturias.com\\\/noticias\",\"nextItem\":{\"@type\":\"ListItem\",\"@id\":\"https:\\\/\\\/www.eldigitaldeasturias.com\\\/noticias\\\/category\\\/economia\\\/#listItem\",\"name\":\"Econom\\u00eda\"}},{\"@type\":\"ListItem\",\"@id\":\"https:\\\/\\\/www.eldigitaldeasturias.com\\\/noticias\\\/category\\\/economia\\\/#listItem\",\"position\":2,\"name\":\"Econom\\u00eda\",\"item\":\"https:\\\/\\\/www.eldigitaldeasturias.com\\\/noticias\\\/category\\\/economia\\\/\",\"nextItem\":{\"@type\":\"ListItem\",\"@id\":\"https:\\\/\\\/www.eldigitaldeasturias.com\\\/noticias\\\/ribera-la-ley-de-clima-debe-ser-ambiciosa-y-ofrecer-respuestas\\\/#listItem\",\"name\":\"Ribera: \\u201cLa Ley de Clima debe ser ambiciosa y ofrecer respuestas\\u201d\"},\"previousItem\":{\"@type\":\"ListItem\",\"@id\":\"https:\\\/\\\/www.eldigitaldeasturias.com\\\/noticias#listItem\",\"name\":\"Home\"}},{\"@type\":\"ListItem\",\"@id\":\"https:\\\/\\\/www.eldigitaldeasturias.com\\\/noticias\\\/ribera-la-ley-de-clima-debe-ser-ambiciosa-y-ofrecer-respuestas\\\/#listItem\",\"position\":3,\"name\":\"Ribera: \\u201cLa Ley de Clima debe ser ambiciosa y ofrecer respuestas\\u201d\",\"previousItem\":{\"@type\":\"ListItem\",\"@id\":\"https:\\\/\\\/www.eldigitaldeasturias.com\\\/noticias\\\/category\\\/economia\\\/#listItem\",\"name\":\"Econom\\u00eda\"}}]},{\"@type\":\"Organization\",\"@id\":\"https:\\\/\\\/www.eldigitaldeasturias.com\\\/noticias\\\/#organization\",\"name\":\"El Digital de Asturias\",\"description\":\"Hemeroteca\",\"url\":\"https:\\\/\\\/www.eldigitaldeasturias.com\\\/noticias\\\/\",\"email\":\"info@eldigitaldeasturias.com\",\"telephone\":\"+34652131393\",\"logo\":{\"@type\":\"ImageObject\",\"url\":\"https:\\\/\\\/www.eldigitaldeasturias.com\\\/noticias\\\/wp-content\\\/uploads\\\/2020\\\/12\\\/EDA.jpg\",\"@id\":\"https:\\\/\\\/www.eldigitaldeasturias.com\\\/noticias\\\/ribera-la-ley-de-clima-debe-ser-ambiciosa-y-ofrecer-respuestas\\\/#organizationLogo\",\"width\":649,\"height\":297},\"image\":{\"@id\":\"https:\\\/\\\/www.eldigitaldeasturias.com\\\/noticias\\\/ribera-la-ley-de-clima-debe-ser-ambiciosa-y-ofrecer-respuestas\\\/#organizationLogo\"},\"sameAs\":[\"https:\\\/\\\/facebook.com\\\/eldigitaldeasturias\",\"https:\\\/\\\/www.youtube.com\\\/channel\\\/UCZP-2wLEB9Rv6erhFmqVnvg\"],\"address\":{\"@id\":\"https:\\\/\\\/www.eldigitaldeasturias.com\\\/noticias\\\/#postaladdress\",\"@type\":\"PostalAddress\",\"streetAddress\":\"san antonio 4,\",\"postalCode\":\"33430\",\"addressLocality\":\"Cand\\u00e1s\",\"addressRegion\":\"Asturias\",\"addressCountry\":\"ES\"}},{\"@type\":\"Person\",\"@id\":\"https:\\\/\\\/www.eldigitaldeasturias.com\\\/noticias\\\/author\\\/admin\\\/#author\",\"url\":\"https:\\\/\\\/www.eldigitaldeasturias.com\\\/noticias\\\/author\\\/admin\\\/\",\"name\":\"El Digital de Asturias\",\"image\":{\"@type\":\"ImageObject\",\"@id\":\"https:\\\/\\\/www.eldigitaldeasturias.com\\\/noticias\\\/ribera-la-ley-de-clima-debe-ser-ambiciosa-y-ofrecer-respuestas\\\/#authorImage\",\"url\":\"https:\\\/\\\/www.eldigitaldeasturias.com\\\/noticias\\\/wp-content\\\/litespeed\\\/avatar\\\/18677e78aa0546b92d9dbf31ec7d7668.jpg?ver=1777290358\",\"width\":96,\"height\":96,\"caption\":\"El Digital de Asturias\"}},{\"@type\":\"WebPage\",\"@id\":\"https:\\\/\\\/www.eldigitaldeasturias.com\\\/noticias\\\/ribera-la-ley-de-clima-debe-ser-ambiciosa-y-ofrecer-respuestas\\\/#webpage\",\"url\":\"https:\\\/\\\/www.eldigitaldeasturias.com\\\/noticias\\\/ribera-la-ley-de-clima-debe-ser-ambiciosa-y-ofrecer-respuestas\\\/\",\"name\":\"Ribera: \\u201cLa Ley de Clima debe ser ambiciosa y ofrecer respuestas\\u201d - El Digital de Asturias\",\"description\":\"La vicepresidenta para la Transici\\u00f3n Ecol\\u00f3gica y el Reto Demogr\\u00e1fico, Teresa Ribera, ha valorado hoy el esfuerzo llevado a cabo por la Comisi\\u00f3n Europea para presentar en menos de cien d\\u00edas su propuesta de Ley de Clima, pero ha considerado que la propuesta es \\\"muy mejorable, y necesita ampliarse tanto en ambici\\u00f3n como en enfoque\\\".\",\"inLanguage\":\"es-ES\",\"isPartOf\":{\"@id\":\"https:\\\/\\\/www.eldigitaldeasturias.com\\\/noticias\\\/#website\"},\"breadcrumb\":{\"@id\":\"https:\\\/\\\/www.eldigitaldeasturias.com\\\/noticias\\\/ribera-la-ley-de-clima-debe-ser-ambiciosa-y-ofrecer-respuestas\\\/#breadcrumblist\"},\"author\":{\"@id\":\"https:\\\/\\\/www.eldigitaldeasturias.com\\\/noticias\\\/author\\\/admin\\\/#author\"},\"creator\":{\"@id\":\"https:\\\/\\\/www.eldigitaldeasturias.com\\\/noticias\\\/author\\\/admin\\\/#author\"},\"image\":{\"@type\":\"ImageObject\",\"url\":\"https:\\\/\\\/www.eldigitaldeasturias.com\\\/noticias\\\/wp-content\\\/uploads\\\/2020\\\/03\\\/050320-ribera.jpeg\",\"@id\":\"https:\\\/\\\/www.eldigitaldeasturias.com\\\/noticias\\\/ribera-la-ley-de-clima-debe-ser-ambiciosa-y-ofrecer-respuestas\\\/#mainImage\",\"width\":512,\"height\":340},\"primaryImageOfPage\":{\"@id\":\"https:\\\/\\\/www.eldigitaldeasturias.com\\\/noticias\\\/ribera-la-ley-de-clima-debe-ser-ambiciosa-y-ofrecer-respuestas\\\/#mainImage\"},\"datePublished\":\"2020-03-05T21:56:03+01:00\",\"dateModified\":\"2020-03-05T21:56:03+01:00\"},{\"@type\":\"WebSite\",\"@id\":\"https:\\\/\\\/www.eldigitaldeasturias.com\\\/noticias\\\/#website\",\"url\":\"https:\\\/\\\/www.eldigitaldeasturias.com\\\/noticias\\\/\",\"name\":\"El Digital de Asturias - Diario de actualidad y noticias\",\"alternateName\":\"El Digital de Asturias - Diario de actualidad y noticias\",\"description\":\"Hemeroteca\",\"inLanguage\":\"es-ES\",\"publisher\":{\"@id\":\"https:\\\/\\\/www.eldigitaldeasturias.com\\\/noticias\\\/#organization\"}}]}\n\t\t<\/script>\n\t\t<!-- All in One SEO Pro -->\r\n\t\t<title>Ribera: \u201cLa Ley de Clima debe ser ambiciosa y ofrecer respuestas\u201d - El Digital de Asturias<\/title>\n\n","aioseo_head_json":{"title":"Ribera: \u201cLa Ley de Clima debe ser ambiciosa y ofrecer respuestas\u201d - El Digital de Asturias","description":"La vicepresidenta para la Transici\u00f3n Ecol\u00f3gica y el Reto Demogr\u00e1fico, Teresa Ribera, ha valorado hoy el esfuerzo llevado a cabo por la Comisi\u00f3n Europea para presentar en menos de cien d\u00edas su propuesta de Ley de Clima, pero ha considerado que la propuesta es \"muy mejorable, y necesita ampliarse tanto en ambici\u00f3n como en enfoque\".","canonical_url":"https:\/\/www.eldigitaldeasturias.com\/noticias\/ribera-la-ley-de-clima-debe-ser-ambiciosa-y-ofrecer-respuestas\/","robots":"max-image-preview:large","keywords":"econom\u00eda","webmasterTools":{"google-site-verification":"UA-38556648-1","msvalidate.01":"7dfe9f3f1b24437ab69f4f2559babe99","miscellaneous":""},"schema":{"@context":"https:\/\/schema.org","@graph":[{"@type":"BlogPosting","@id":"https:\/\/www.eldigitaldeasturias.com\/noticias\/ribera-la-ley-de-clima-debe-ser-ambiciosa-y-ofrecer-respuestas\/#blogposting","name":"Ribera: \u201cLa Ley de Clima debe ser ambiciosa y ofrecer respuestas\u201d - El Digital de Asturias","headline":"Ribera: \u201cLa Ley de Clima debe ser ambiciosa y ofrecer respuestas\u201d","author":{"@id":"https:\/\/www.eldigitaldeasturias.com\/noticias\/author\/admin\/#author"},"publisher":{"@id":"https:\/\/www.eldigitaldeasturias.com\/noticias\/#organization"},"image":{"@type":"ImageObject","url":"https:\/\/www.eldigitaldeasturias.com\/noticias\/wp-content\/uploads\/2020\/03\/050320-ribera.jpeg","width":512,"height":340},"datePublished":"2020-03-05T21:56:03+01:00","dateModified":"2020-03-05T21:56:03+01:00","inLanguage":"es-ES","mainEntityOfPage":{"@id":"https:\/\/www.eldigitaldeasturias.com\/noticias\/ribera-la-ley-de-clima-debe-ser-ambiciosa-y-ofrecer-respuestas\/#webpage"},"isPartOf":{"@id":"https:\/\/www.eldigitaldeasturias.com\/noticias\/ribera-la-ley-de-clima-debe-ser-ambiciosa-y-ofrecer-respuestas\/#webpage"},"articleSection":"Econom\u00eda"},{"@type":"BreadcrumbList","@id":"https:\/\/www.eldigitaldeasturias.com\/noticias\/ribera-la-ley-de-clima-debe-ser-ambiciosa-y-ofrecer-respuestas\/#breadcrumblist","itemListElement":[{"@type":"ListItem","@id":"https:\/\/www.eldigitaldeasturias.com\/noticias#listItem","position":1,"name":"Home","item":"https:\/\/www.eldigitaldeasturias.com\/noticias","nextItem":{"@type":"ListItem","@id":"https:\/\/www.eldigitaldeasturias.com\/noticias\/category\/economia\/#listItem","name":"Econom\u00eda"}},{"@type":"ListItem","@id":"https:\/\/www.eldigitaldeasturias.com\/noticias\/category\/economia\/#listItem","position":2,"name":"Econom\u00eda","item":"https:\/\/www.eldigitaldeasturias.com\/noticias\/category\/economia\/","nextItem":{"@type":"ListItem","@id":"https:\/\/www.eldigitaldeasturias.com\/noticias\/ribera-la-ley-de-clima-debe-ser-ambiciosa-y-ofrecer-respuestas\/#listItem","name":"Ribera: \u201cLa Ley de Clima debe ser ambiciosa y ofrecer respuestas\u201d"},"previousItem":{"@type":"ListItem","@id":"https:\/\/www.eldigitaldeasturias.com\/noticias#listItem","name":"Home"}},{"@type":"ListItem","@id":"https:\/\/www.eldigitaldeasturias.com\/noticias\/ribera-la-ley-de-clima-debe-ser-ambiciosa-y-ofrecer-respuestas\/#listItem","position":3,"name":"Ribera: \u201cLa Ley de Clima debe ser ambiciosa y ofrecer respuestas\u201d","previousItem":{"@type":"ListItem","@id":"https:\/\/www.eldigitaldeasturias.com\/noticias\/category\/economia\/#listItem","name":"Econom\u00eda"}}]},{"@type":"Organization","@id":"https:\/\/www.eldigitaldeasturias.com\/noticias\/#organization","name":"El Digital de Asturias","description":"Hemeroteca","url":"https:\/\/www.eldigitaldeasturias.com\/noticias\/","email":"info@eldigitaldeasturias.com","telephone":"+34652131393","logo":{"@type":"ImageObject","url":"https:\/\/www.eldigitaldeasturias.com\/noticias\/wp-content\/uploads\/2020\/12\/EDA.jpg","@id":"https:\/\/www.eldigitaldeasturias.com\/noticias\/ribera-la-ley-de-clima-debe-ser-ambiciosa-y-ofrecer-respuestas\/#organizationLogo","width":649,"height":297},"image":{"@id":"https:\/\/www.eldigitaldeasturias.com\/noticias\/ribera-la-ley-de-clima-debe-ser-ambiciosa-y-ofrecer-respuestas\/#organizationLogo"},"sameAs":["https:\/\/facebook.com\/eldigitaldeasturias","https:\/\/www.youtube.com\/channel\/UCZP-2wLEB9Rv6erhFmqVnvg"],"address":{"@id":"https:\/\/www.eldigitaldeasturias.com\/noticias\/#postaladdress","@type":"PostalAddress","streetAddress":"san antonio 4,","postalCode":"33430","addressLocality":"Cand\u00e1s","addressRegion":"Asturias","addressCountry":"ES"}},{"@type":"Person","@id":"https:\/\/www.eldigitaldeasturias.com\/noticias\/author\/admin\/#author","url":"https:\/\/www.eldigitaldeasturias.com\/noticias\/author\/admin\/","name":"El Digital de Asturias","image":{"@type":"ImageObject","@id":"https:\/\/www.eldigitaldeasturias.com\/noticias\/ribera-la-ley-de-clima-debe-ser-ambiciosa-y-ofrecer-respuestas\/#authorImage","url":"https:\/\/www.eldigitaldeasturias.com\/noticias\/wp-content\/litespeed\/avatar\/18677e78aa0546b92d9dbf31ec7d7668.jpg?ver=1777290358","width":96,"height":96,"caption":"El Digital de Asturias"}},{"@type":"WebPage","@id":"https:\/\/www.eldigitaldeasturias.com\/noticias\/ribera-la-ley-de-clima-debe-ser-ambiciosa-y-ofrecer-respuestas\/#webpage","url":"https:\/\/www.eldigitaldeasturias.com\/noticias\/ribera-la-ley-de-clima-debe-ser-ambiciosa-y-ofrecer-respuestas\/","name":"Ribera: \u201cLa Ley de Clima debe ser ambiciosa y ofrecer respuestas\u201d - El Digital de Asturias","description":"La vicepresidenta para la Transici\u00f3n Ecol\u00f3gica y el Reto Demogr\u00e1fico, Teresa Ribera, ha valorado hoy el esfuerzo llevado a cabo por la Comisi\u00f3n Europea para presentar en menos de cien d\u00edas su propuesta de Ley de Clima, pero ha considerado que la propuesta es \"muy mejorable, y necesita ampliarse tanto en ambici\u00f3n como en enfoque\".","inLanguage":"es-ES","isPartOf":{"@id":"https:\/\/www.eldigitaldeasturias.com\/noticias\/#website"},"breadcrumb":{"@id":"https:\/\/www.eldigitaldeasturias.com\/noticias\/ribera-la-ley-de-clima-debe-ser-ambiciosa-y-ofrecer-respuestas\/#breadcrumblist"},"author":{"@id":"https:\/\/www.eldigitaldeasturias.com\/noticias\/author\/admin\/#author"},"creator":{"@id":"https:\/\/www.eldigitaldeasturias.com\/noticias\/author\/admin\/#author"},"image":{"@type":"ImageObject","url":"https:\/\/www.eldigitaldeasturias.com\/noticias\/wp-content\/uploads\/2020\/03\/050320-ribera.jpeg","@id":"https:\/\/www.eldigitaldeasturias.com\/noticias\/ribera-la-ley-de-clima-debe-ser-ambiciosa-y-ofrecer-respuestas\/#mainImage","width":512,"height":340},"primaryImageOfPage":{"@id":"https:\/\/www.eldigitaldeasturias.com\/noticias\/ribera-la-ley-de-clima-debe-ser-ambiciosa-y-ofrecer-respuestas\/#mainImage"},"datePublished":"2020-03-05T21:56:03+01:00","dateModified":"2020-03-05T21:56:03+01:00"},{"@type":"WebSite","@id":"https:\/\/www.eldigitaldeasturias.com\/noticias\/#website","url":"https:\/\/www.eldigitaldeasturias.com\/noticias\/","name":"El Digital de Asturias - Diario de actualidad y noticias","alternateName":"El Digital de Asturias - Diario de actualidad y noticias","description":"Hemeroteca","inLanguage":"es-ES","publisher":{"@id":"https:\/\/www.eldigitaldeasturias.com\/noticias\/#organization"}}]},"og:locale":"es_ES","og:site_name":"El Digital de Asturias","og:type":"article","og:title":"Ribera: \u201cLa Ley de Clima debe ser ambiciosa y ofrecer respuestas\u201d - El Digital de Asturias","og:description":"La vicepresidenta para la Transici\u00f3n Ecol\u00f3gica y el Reto Demogr\u00e1fico, Teresa Ribera, ha valorado hoy el esfuerzo llevado a cabo por la Comisi\u00f3n Europea para presentar en menos de cien d\u00edas su propuesta de Ley de Clima, pero ha considerado que la propuesta es &quot;muy mejorable, y necesita ampliarse tanto en ambici\u00f3n como en enfoque&quot;.","og:url":"https:\/\/www.eldigitaldeasturias.com\/noticias\/ribera-la-ley-de-clima-debe-ser-ambiciosa-y-ofrecer-respuestas\/","og:image":"https:\/\/www.eldigitaldeasturias.com\/noticias\/wp-content\/uploads\/2020\/03\/050320-ribera.jpeg","og:image:secure_url":"https:\/\/www.eldigitaldeasturias.com\/noticias\/wp-content\/uploads\/2020\/03\/050320-ribera.jpeg","og:image:width":512,"og:image:height":340,"article:tag":["econom\u00eda"],"article:published_time":"2020-03-05T21:56:03+00:00","article:modified_time":"2020-03-05T21:56:03+00:00","article:publisher":"https:\/\/facebook.com\/eldigitaldeasturias","twitter:card":"summary_large_image","twitter:title":"Ribera: \u201cLa Ley de Clima debe ser ambiciosa y ofrecer respuestas\u201d - El Digital de Asturias","twitter:description":"La vicepresidenta para la Transici\u00f3n Ecol\u00f3gica y el Reto Demogr\u00e1fico, Teresa Ribera, ha valorado hoy el esfuerzo llevado a cabo por la Comisi\u00f3n Europea para presentar en menos de cien d\u00edas su propuesta de Ley de Clima, pero ha considerado que la propuesta es &quot;muy mejorable, y necesita ampliarse tanto en ambici\u00f3n como en enfoque&quot;.","twitter:image":"https:\/\/www.eldigitaldeasturias.com\/noticias\/wp-content\/uploads\/2020\/03\/050320-ribera.jpeg","twitter:label1":"Escrito por","twitter:data1":"El Digital de Asturias","twitter:label2":"Tiempo de lectura estimado","twitter:data2":"6 minutos"},"aioseo_meta_data":{"post_id":"1059902","title":null,"description":null,"keywords":null,"keyphrases":null,"primary_term":null,"canonical_url":null,"og_title":null,"og_description":null,"og_object_type":"default","og_image_type":"default","og_image_url":null,"og_image_width":null,"og_image_height":null,"og_image_custom_url":null,"og_image_custom_fields":null,"og_video":null,"og_custom_url":null,"og_article_section":null,"og_article_tags":null,"twitter_use_og":false,"twitter_card":"default","twitter_image_type":"default","twitter_image_url":null,"twitter_image_custom_url":null,"twitter_image_custom_fields":null,"twitter_title":null,"twitter_description":null,"schema":{"blockGraphs":[],"customGraphs":[],"default":{"data":{"Article":[],"Course":[],"Dataset":[],"FAQPage":[],"Movie":[],"Person":[],"Product":[],"ProductReview":[],"Car":[],"Recipe":[],"Service":[],"SoftwareApplication":[],"WebPage":[]},"graphName":"","isEnabled":true},"graphs":[],"defaultGraph":"","defaultPostTypeGraph":""},"schema_type":null,"schema_type_options":null,"pillar_content":false,"robots_default":true,"robots_noindex":false,"robots_noarchive":false,"robots_nosnippet":false,"robots_nofollow":false,"robots_noimageindex":false,"robots_noodp":false,"robots_notranslate":false,"robots_max_snippet":null,"robots_max_videopreview":null,"robots_max_imagepreview":"large","priority":null,"frequency":null,"local_seo":null,"seo_analyzer_scan_date":"2025-10-31 10:23:15","breadcrumb_settings":null,"limit_modified_date":false,"open_ai":null,"ai":null,"created":"2020-12-21 10:54:35","updated":"2025-10-31 10:23:15"},"aioseo_breadcrumb":"<div class=\"aioseo-breadcrumbs\"><span class=\"aioseo-breadcrumb\">\n\t<a href=\"https:\/\/www.eldigitaldeasturias.com\/noticias\" title=\"Home\">Home<\/a>\n<\/span><span class=\"aioseo-breadcrumb-separator\">\u2013<\/span><span class=\"aioseo-breadcrumb\">\n\t<a href=\"https:\/\/www.eldigitaldeasturias.com\/noticias\/category\/economia\/\" title=\"Econom\u00eda\">Econom\u00eda<\/a>\n<\/span><span class=\"aioseo-breadcrumb-separator\">\u2013<\/span><span class=\"aioseo-breadcrumb\">\n\t<a href=\"https:\/\/www.eldigitaldeasturias.com\/noticias\/ribera-la-ley-de-clima-debe-ser-ambiciosa-y-ofrecer-respuestas\/\" title=\"Ribera: \u201cLa Ley de Clima debe ser ambiciosa y ofrecer respuestas\u201d\">Ribera: \u201cLa Ley de Clima debe ser ambiciosa y ofrecer respuestas\u201d<\/a>\n<\/span><\/div>","aioseo_breadcrumb_json":[{"label":"Home","link":"https:\/\/www.eldigitaldeasturias.com\/noticias"},{"label":"Econom\u00eda","link":"https:\/\/www.eldigitaldeasturias.com\/noticias\/category\/economia\/"},{"label":"Ribera: \u201cLa Ley de Clima debe ser ambiciosa y ofrecer respuestas\u201d","link":"https:\/\/www.eldigitaldeasturias.com\/noticias\/ribera-la-ley-de-clima-debe-ser-ambiciosa-y-ofrecer-respuestas\/"}],"_links":{"self":[{"href":"https:\/\/www.eldigitaldeasturias.com\/noticias\/wp-json\/wp\/v2\/posts\/1059902","targetHints":{"allow":["GET"]}}],"collection":[{"href":"https:\/\/www.eldigitaldeasturias.com\/noticias\/wp-json\/wp\/v2\/posts"}],"about":[{"href":"https:\/\/www.eldigitaldeasturias.com\/noticias\/wp-json\/wp\/v2\/types\/post"}],"author":[{"embeddable":true,"href":"https:\/\/www.eldigitaldeasturias.com\/noticias\/wp-json\/wp\/v2\/users\/1"}],"replies":[{"embeddable":true,"href":"https:\/\/www.eldigitaldeasturias.com\/noticias\/wp-json\/wp\/v2\/comments?post=1059902"}],"version-history":[{"count":0,"href":"https:\/\/www.eldigitaldeasturias.com\/noticias\/wp-json\/wp\/v2\/posts\/1059902\/revisions"}],"wp:featuredmedia":[{"embeddable":true,"href":"https:\/\/www.eldigitaldeasturias.com\/noticias\/wp-json\/wp\/v2\/media\/1059903"}],"wp:attachment":[{"href":"https:\/\/www.eldigitaldeasturias.com\/noticias\/wp-json\/wp\/v2\/media?parent=1059902"}],"wp:term":[{"taxonomy":"category","embeddable":true,"href":"https:\/\/www.eldigitaldeasturias.com\/noticias\/wp-json\/wp\/v2\/categories?post=1059902"},{"taxonomy":"post_tag","embeddable":true,"href":"https:\/\/www.eldigitaldeasturias.com\/noticias\/wp-json\/wp\/v2\/tags?post=1059902"}],"curies":[{"name":"wp","href":"https:\/\/api.w.org\/{rel}","templated":true}]}}