{"id":1059721,"date":"2020-03-04T09:08:22","date_gmt":"2020-03-04T09:08:22","guid":{"rendered":"https:\/\/www.eldigitaldeasturias.com\/noticias\/?p=1059721"},"modified":"2020-03-04T09:08:44","modified_gmt":"2020-03-04T09:08:44","slug":"plan-para-el-cambio-climatico-en-asturias","status":"publish","type":"post","link":"https:\/\/www.eldigitaldeasturias.com\/noticias\/plan-para-el-cambio-climatico-en-asturias\/","title":{"rendered":"Plan para el cambio clim\u00e1tico en Asturias"},"content":{"rendered":"<p><img loading=\"lazy\" decoding=\"async\" class=\"alignleft size-medium wp-image-1059722\" src=\"https:\/\/www.eldigitaldeasturias.com\/noticias\/wp-content\/uploads\/2020\/03\/gijon-2867030_640-360x240.jpg\" alt=\"\" width=\"360\" height=\"240\" srcset=\"https:\/\/www.eldigitaldeasturias.com\/noticias\/wp-content\/uploads\/2020\/03\/gijon-2867030_640-360x240.jpg 360w, https:\/\/www.eldigitaldeasturias.com\/noticias\/wp-content\/uploads\/2020\/03\/gijon-2867030_640-451x300.jpg 451w, https:\/\/www.eldigitaldeasturias.com\/noticias\/wp-content\/uploads\/2020\/03\/gijon-2867030_640.jpg 640w\" sizes=\"auto, (max-width: 360px) 100vw, 360px\" \/>El Gobierno de Asturias elaborar\u00e1 un <strong>Plan de Adaptaci\u00f3n al Cambio Clim\u00e1tico<\/strong> con el fin de prevenir y responder ante sus consecuencias en los ecosistemas, los sectores econ\u00f3micos y en la salud y el bienestar de las personas, seg\u00fan ha anunciado el vicepresidente del Gobierno y consejero de Infraestructuras, Medio Ambiente y Cambio Clim\u00e1tico, Juan Cofi\u00f1o, en el pleno de la Junta General del Principado.<\/p>\n<p>Cofi\u00f1o ha se\u00f1alado que son ya numerosas las medidas adoptadas por el Gobierno del Principado para responder ante esta emergencia,<em> \u201cpero tenemos que seguir avanzando en materia de prevenci\u00f3n de los riesgos\u201d<\/em>.<\/p>\n<p>Este nuevo instrumento de planificaci\u00f3n, anunciado como un proyecto de legislatura, integrar\u00e1 actuaciones como la adaptaci\u00f3n al cambio clim\u00e1tico de los terrenos de dominio p\u00fablico mar\u00edtimo-terrestre adscritos al Principado y de las estructuras construidas sobre ellos, que se est\u00e1n realizando a trav\u00e9s de un convenio entre el Ejecutivo y el Instituto de Hidr\u00e1ulica Ambiental de Cantabria.<\/p>\n<p>En el \u00e1mbito agroforestal se promover\u00e1n medidas de concentraci\u00f3n parcelaria y puesta en producci\u00f3n de suelos de vega de r\u00edo por su alto valor en producci\u00f3n, preservaci\u00f3n de la biodiversidad y defensa del terreno frente a inundaciones. Tambi\u00e9n se pondr\u00e1 en marcha un fondo de carbono regional para que las absorciones de los bosques y suelos agrarios puedan ser aprovechadas por las empresas para reducir su huella de carbono. Se incluye la perspectiva de cambio clim\u00e1tico en la Estrategia de prevenci\u00f3n y extinci\u00f3n de incendios forestales.<\/p>\n<p>Por lo que se refiere al agua, el plan de abastecimiento que elabora la consejer\u00eda incorporar\u00e1 la variable clim\u00e1tica para garantizar el suministro del recurso, en l\u00ednea con lo que el Plan Hidrol\u00f3gico Nacional, actualmente en informaci\u00f3n p\u00fablica, ha incluido en el esquema de temas importantes. El riesgo de los efectos de las inundaciones se tendr\u00e1 en cuenta en la planificaci\u00f3n urban\u00edstica, de acuerdo con los Mapas de Peligrosidad y Riesgo de las \u00e1reas con Riesgo Potencial Significativo de Inundaci\u00f3n y otras actuaciones preventivas de limpieza de r\u00edos, en coordinaci\u00f3n con la Confederaci\u00f3n Hidrogr\u00e1fica del Cant\u00e1brico.<\/p>\n<p>Adem\u00e1s, en el marco del Plan de Salud y Medio Ambiente, se abordar\u00e1 un programa integral multisectorial de adaptaci\u00f3n y disminuci\u00f3n de la exposici\u00f3n a los efectos del cambio clim\u00e1tico en Asturias, que incluya planes de contingencia ante eventos extremos y mecanismos de apoyo y prevenci\u00f3n a poblaci\u00f3n vulnerable.<\/p>\n<h3>El desaf\u00edo de la transici\u00f3n energ\u00e9tica<\/h3>\n<p>Por otra parte, <strong>Cofi\u00f1o ha manifestado que la transici\u00f3n hacia una econom\u00eda de bajas emisiones representa \u201cuno de los desaf\u00edos m\u00e1s importantes a los que nos enfrentamos en todos los \u00e1mbitos sociales, medio ambientales y econ\u00f3micos\u201d<\/strong>. Por este motivo, ha subrayado la importancia de tener en cuenta, en materia de adaptaci\u00f3n de los sistemas econ\u00f3micos, las conclusiones que adopte la comisi\u00f3n mixta para evaluar los impactos de la transici\u00f3n energ\u00e9tica.<\/p>\n<p>Cofi\u00f1o ha destacado la necesidad de seguir impulsando actuaciones de I+D+i, tanto para mejorar el conocimiento sobre el impacto de la crisis clim\u00e1tica como para estudiar las mejores opciones de reducci\u00f3n de emisiones de gases efecto invernadero. En este sentido, el consejero ha anunciado que su departamento encargar\u00e1 un nuevo estudio, basado en la informaci\u00f3n cient\u00edfica obtenida estos a\u00f1os, para actualizar sus efectos.<\/p>\n<p>El consejero ha anunciado tambi\u00e9n la intenci\u00f3n del Principado de llevar al Parlamento una <strong>declaraci\u00f3n de emergencia clim\u00e1tica en Asturias<\/strong> para promover la integraci\u00f3n de las actuaciones que se impulsen de forma transversal en todas las pol\u00edticas y planes regionales. Para ello se crear\u00e1, por decreto, una Comisi\u00f3n de Coordinaci\u00f3n de Acci\u00f3n por el Clima, en la que estar\u00e1n representados una gran parte de los departamentos del Gobierno asturiano.<\/p>\n<p>&nbsp;<\/p>\n","protected":false},"excerpt":{"rendered":"<p>El Gobierno de Asturias elaborar\u00e1 un Plan de Adaptaci\u00f3n al Cambio Clim\u00e1tico con el fin de prevenir y responder ante sus consecuencias en los ecosistemas, los sectores econ\u00f3micos y en la salud y el bienestar de las personas, seg\u00fan ha anunciado el vicepresidente del Gobierno y consejero de Infraestructuras, Medio Ambiente y Cambio Clim\u00e1tico, Juan [&hellip;]<\/p>\n","protected":false},"author":1,"featured_media":1059722,"comment_status":"closed","ping_status":"closed","sticky":false,"template":"","format":"standard","meta":{"footnotes":""},"categories":[12,141],"tags":[],"class_list":["post-1059721","post","type-post","status-publish","format-standard","has-post-thumbnail","hentry","category-actualidad-asturias","category-destacadas"],"aioseo_notices":[],"aioseo_head":"\n\t\t<!-- All in One SEO Pro 4.9.6.2 - aioseo.com -->\n\t<meta name=\"description\" content=\"El Gobierno de Asturias elaborar\u00e1 un Plan de Adaptaci\u00f3n al Cambio Clim\u00e1tico con el fin de prevenir y responder ante sus consecuencias en los ecosistemas, los sectores econ\u00f3micos y en la salud y el bienestar de las personas, seg\u00fan ha anunciado el vicepresidente del Gobierno y consejero de Infraestructuras, Medio Ambiente y Cambio Clim\u00e1tico, Juan\" \/>\n\t<meta name=\"robots\" content=\"max-image-preview:large\" \/>\n\t<meta name=\"author\" content=\"El Digital de Asturias\"\/>\n\t<meta name=\"google-site-verification\" content=\"UA-38556648-1\" \/>\n\t<meta name=\"msvalidate.01\" content=\"7dfe9f3f1b24437ab69f4f2559babe99\" \/>\n\t<meta name=\"keywords\" content=\"actualidad asturias,destacadas\" \/>\n\t<link rel=\"canonical\" href=\"https:\/\/www.eldigitaldeasturias.com\/noticias\/plan-para-el-cambio-climatico-en-asturias\/\" \/>\n\t<meta name=\"generator\" content=\"All in One SEO Pro (AIOSEO) 4.9.6.2\" \/>\n\t\t<meta property=\"og:locale\" content=\"es_ES\" \/>\n\t\t<meta property=\"og:site_name\" content=\"El Digital de Asturias\" \/>\n\t\t<meta property=\"og:type\" content=\"article\" \/>\n\t\t<meta property=\"og:title\" content=\"Plan para el cambio clim\u00e1tico en Asturias - El Digital de Asturias\" \/>\n\t\t<meta property=\"og:description\" content=\"El Gobierno de Asturias elaborar\u00e1 un Plan de Adaptaci\u00f3n al Cambio Clim\u00e1tico con el fin de prevenir y responder ante sus consecuencias en los ecosistemas, los sectores econ\u00f3micos y en la salud y el bienestar de las personas, seg\u00fan ha anunciado el vicepresidente del Gobierno y consejero de Infraestructuras, Medio Ambiente y Cambio Clim\u00e1tico, Juan\" \/>\n\t\t<meta property=\"og:url\" content=\"https:\/\/www.eldigitaldeasturias.com\/noticias\/plan-para-el-cambio-climatico-en-asturias\/\" \/>\n\t\t<meta property=\"og:image\" content=\"https:\/\/www.eldigitaldeasturias.com\/noticias\/wp-content\/uploads\/2020\/03\/gijon-2867030_640.jpg\" \/>\n\t\t<meta property=\"og:image:secure_url\" content=\"https:\/\/www.eldigitaldeasturias.com\/noticias\/wp-content\/uploads\/2020\/03\/gijon-2867030_640.jpg\" \/>\n\t\t<meta property=\"og:image:width\" content=\"640\" \/>\n\t\t<meta property=\"og:image:height\" content=\"426\" \/>\n\t\t<meta property=\"article:tag\" content=\"actualidad asturias\" \/>\n\t\t<meta property=\"article:tag\" content=\"destacadas\" \/>\n\t\t<meta property=\"article:published_time\" content=\"2020-03-04T09:08:22+00:00\" \/>\n\t\t<meta property=\"article:modified_time\" content=\"2020-03-04T09:08:44+00:00\" \/>\n\t\t<meta property=\"article:publisher\" content=\"https:\/\/facebook.com\/eldigitaldeasturias\" \/>\n\t\t<meta name=\"twitter:card\" content=\"summary_large_image\" \/>\n\t\t<meta name=\"twitter:title\" content=\"Plan para el cambio clim\u00e1tico en Asturias - El Digital de Asturias\" \/>\n\t\t<meta name=\"twitter:description\" content=\"El Gobierno de Asturias elaborar\u00e1 un Plan de Adaptaci\u00f3n al Cambio Clim\u00e1tico con el fin de prevenir y responder ante sus consecuencias en los ecosistemas, los sectores econ\u00f3micos y en la salud y el bienestar de las personas, seg\u00fan ha anunciado el vicepresidente del Gobierno y consejero de Infraestructuras, Medio Ambiente y Cambio Clim\u00e1tico, Juan\" \/>\n\t\t<meta name=\"twitter:image\" content=\"https:\/\/www.eldigitaldeasturias.com\/noticias\/wp-content\/uploads\/2020\/03\/gijon-2867030_640.jpg\" \/>\n\t\t<meta name=\"twitter:label1\" content=\"Escrito por\" \/>\n\t\t<meta name=\"twitter:data1\" content=\"El Digital de Asturias\" \/>\n\t\t<meta name=\"twitter:label2\" content=\"Tiempo de lectura estimado\" \/>\n\t\t<meta name=\"twitter:data2\" content=\"3 minutos\" \/>\n\t\t<script type=\"application\/ld+json\" class=\"aioseo-schema\">\n\t\t\t{\"@context\":\"https:\\\/\\\/schema.org\",\"@graph\":[{\"@type\":\"BlogPosting\",\"@id\":\"https:\\\/\\\/www.eldigitaldeasturias.com\\\/noticias\\\/plan-para-el-cambio-climatico-en-asturias\\\/#blogposting\",\"name\":\"Plan para el cambio clim\\u00e1tico en Asturias - El Digital de Asturias\",\"headline\":\"Plan para el cambio clim\\u00e1tico en Asturias\",\"author\":{\"@id\":\"https:\\\/\\\/www.eldigitaldeasturias.com\\\/noticias\\\/author\\\/admin\\\/#author\"},\"publisher\":{\"@id\":\"https:\\\/\\\/www.eldigitaldeasturias.com\\\/noticias\\\/#organization\"},\"image\":{\"@type\":\"ImageObject\",\"url\":\"https:\\\/\\\/www.eldigitaldeasturias.com\\\/noticias\\\/wp-content\\\/uploads\\\/2020\\\/03\\\/gijon-2867030_640.jpg\",\"width\":640,\"height\":426},\"datePublished\":\"2020-03-04T09:08:22+01:00\",\"dateModified\":\"2020-03-04T09:08:44+01:00\",\"inLanguage\":\"es-ES\",\"mainEntityOfPage\":{\"@id\":\"https:\\\/\\\/www.eldigitaldeasturias.com\\\/noticias\\\/plan-para-el-cambio-climatico-en-asturias\\\/#webpage\"},\"isPartOf\":{\"@id\":\"https:\\\/\\\/www.eldigitaldeasturias.com\\\/noticias\\\/plan-para-el-cambio-climatico-en-asturias\\\/#webpage\"},\"articleSection\":\"Actualidad Asturias, Destacadas\"},{\"@type\":\"BreadcrumbList\",\"@id\":\"https:\\\/\\\/www.eldigitaldeasturias.com\\\/noticias\\\/plan-para-el-cambio-climatico-en-asturias\\\/#breadcrumblist\",\"itemListElement\":[{\"@type\":\"ListItem\",\"@id\":\"https:\\\/\\\/www.eldigitaldeasturias.com\\\/noticias#listItem\",\"position\":1,\"name\":\"Home\",\"item\":\"https:\\\/\\\/www.eldigitaldeasturias.com\\\/noticias\",\"nextItem\":{\"@type\":\"ListItem\",\"@id\":\"https:\\\/\\\/www.eldigitaldeasturias.com\\\/noticias\\\/category\\\/actualidad-asturias\\\/#listItem\",\"name\":\"Actualidad Asturias\"}},{\"@type\":\"ListItem\",\"@id\":\"https:\\\/\\\/www.eldigitaldeasturias.com\\\/noticias\\\/category\\\/actualidad-asturias\\\/#listItem\",\"position\":2,\"name\":\"Actualidad Asturias\",\"item\":\"https:\\\/\\\/www.eldigitaldeasturias.com\\\/noticias\\\/category\\\/actualidad-asturias\\\/\",\"nextItem\":{\"@type\":\"ListItem\",\"@id\":\"https:\\\/\\\/www.eldigitaldeasturias.com\\\/noticias\\\/plan-para-el-cambio-climatico-en-asturias\\\/#listItem\",\"name\":\"Plan para el cambio clim\\u00e1tico en Asturias\"},\"previousItem\":{\"@type\":\"ListItem\",\"@id\":\"https:\\\/\\\/www.eldigitaldeasturias.com\\\/noticias#listItem\",\"name\":\"Home\"}},{\"@type\":\"ListItem\",\"@id\":\"https:\\\/\\\/www.eldigitaldeasturias.com\\\/noticias\\\/plan-para-el-cambio-climatico-en-asturias\\\/#listItem\",\"position\":3,\"name\":\"Plan para el cambio clim\\u00e1tico en Asturias\",\"previousItem\":{\"@type\":\"ListItem\",\"@id\":\"https:\\\/\\\/www.eldigitaldeasturias.com\\\/noticias\\\/category\\\/actualidad-asturias\\\/#listItem\",\"name\":\"Actualidad Asturias\"}}]},{\"@type\":\"Organization\",\"@id\":\"https:\\\/\\\/www.eldigitaldeasturias.com\\\/noticias\\\/#organization\",\"name\":\"El Digital de Asturias\",\"description\":\"Hemeroteca\",\"url\":\"https:\\\/\\\/www.eldigitaldeasturias.com\\\/noticias\\\/\",\"email\":\"info@eldigitaldeasturias.com\",\"telephone\":\"+34652131393\",\"logo\":{\"@type\":\"ImageObject\",\"url\":\"https:\\\/\\\/www.eldigitaldeasturias.com\\\/noticias\\\/wp-content\\\/uploads\\\/2020\\\/12\\\/EDA.jpg\",\"@id\":\"https:\\\/\\\/www.eldigitaldeasturias.com\\\/noticias\\\/plan-para-el-cambio-climatico-en-asturias\\\/#organizationLogo\",\"width\":649,\"height\":297},\"image\":{\"@id\":\"https:\\\/\\\/www.eldigitaldeasturias.com\\\/noticias\\\/plan-para-el-cambio-climatico-en-asturias\\\/#organizationLogo\"},\"sameAs\":[\"https:\\\/\\\/facebook.com\\\/eldigitaldeasturias\",\"https:\\\/\\\/www.youtube.com\\\/channel\\\/UCZP-2wLEB9Rv6erhFmqVnvg\"],\"address\":{\"@id\":\"https:\\\/\\\/www.eldigitaldeasturias.com\\\/noticias\\\/#postaladdress\",\"@type\":\"PostalAddress\",\"streetAddress\":\"san antonio 4,\",\"postalCode\":\"33430\",\"addressLocality\":\"Cand\\u00e1s\",\"addressRegion\":\"Asturias\",\"addressCountry\":\"ES\"}},{\"@type\":\"Person\",\"@id\":\"https:\\\/\\\/www.eldigitaldeasturias.com\\\/noticias\\\/author\\\/admin\\\/#author\",\"url\":\"https:\\\/\\\/www.eldigitaldeasturias.com\\\/noticias\\\/author\\\/admin\\\/\",\"name\":\"El Digital de Asturias\",\"image\":{\"@type\":\"ImageObject\",\"@id\":\"https:\\\/\\\/www.eldigitaldeasturias.com\\\/noticias\\\/plan-para-el-cambio-climatico-en-asturias\\\/#authorImage\",\"url\":\"https:\\\/\\\/www.eldigitaldeasturias.com\\\/noticias\\\/wp-content\\\/litespeed\\\/avatar\\\/18677e78aa0546b92d9dbf31ec7d7668.jpg?ver=1777290358\",\"width\":96,\"height\":96,\"caption\":\"El Digital de Asturias\"}},{\"@type\":\"WebPage\",\"@id\":\"https:\\\/\\\/www.eldigitaldeasturias.com\\\/noticias\\\/plan-para-el-cambio-climatico-en-asturias\\\/#webpage\",\"url\":\"https:\\\/\\\/www.eldigitaldeasturias.com\\\/noticias\\\/plan-para-el-cambio-climatico-en-asturias\\\/\",\"name\":\"Plan para el cambio clim\\u00e1tico en Asturias - El Digital de Asturias\",\"description\":\"El Gobierno de Asturias elaborar\\u00e1 un Plan de Adaptaci\\u00f3n al Cambio Clim\\u00e1tico con el fin de prevenir y responder ante sus consecuencias en los ecosistemas, los sectores econ\\u00f3micos y en la salud y el bienestar de las personas, seg\\u00fan ha anunciado el vicepresidente del Gobierno y consejero de Infraestructuras, Medio Ambiente y Cambio Clim\\u00e1tico, Juan\",\"inLanguage\":\"es-ES\",\"isPartOf\":{\"@id\":\"https:\\\/\\\/www.eldigitaldeasturias.com\\\/noticias\\\/#website\"},\"breadcrumb\":{\"@id\":\"https:\\\/\\\/www.eldigitaldeasturias.com\\\/noticias\\\/plan-para-el-cambio-climatico-en-asturias\\\/#breadcrumblist\"},\"author\":{\"@id\":\"https:\\\/\\\/www.eldigitaldeasturias.com\\\/noticias\\\/author\\\/admin\\\/#author\"},\"creator\":{\"@id\":\"https:\\\/\\\/www.eldigitaldeasturias.com\\\/noticias\\\/author\\\/admin\\\/#author\"},\"image\":{\"@type\":\"ImageObject\",\"url\":\"https:\\\/\\\/www.eldigitaldeasturias.com\\\/noticias\\\/wp-content\\\/uploads\\\/2020\\\/03\\\/gijon-2867030_640.jpg\",\"@id\":\"https:\\\/\\\/www.eldigitaldeasturias.com\\\/noticias\\\/plan-para-el-cambio-climatico-en-asturias\\\/#mainImage\",\"width\":640,\"height\":426},\"primaryImageOfPage\":{\"@id\":\"https:\\\/\\\/www.eldigitaldeasturias.com\\\/noticias\\\/plan-para-el-cambio-climatico-en-asturias\\\/#mainImage\"},\"datePublished\":\"2020-03-04T09:08:22+01:00\",\"dateModified\":\"2020-03-04T09:08:44+01:00\"},{\"@type\":\"WebSite\",\"@id\":\"https:\\\/\\\/www.eldigitaldeasturias.com\\\/noticias\\\/#website\",\"url\":\"https:\\\/\\\/www.eldigitaldeasturias.com\\\/noticias\\\/\",\"name\":\"El Digital de Asturias - Diario de actualidad y noticias\",\"alternateName\":\"El Digital de Asturias - Diario de actualidad y noticias\",\"description\":\"Hemeroteca\",\"inLanguage\":\"es-ES\",\"publisher\":{\"@id\":\"https:\\\/\\\/www.eldigitaldeasturias.com\\\/noticias\\\/#organization\"}}]}\n\t\t<\/script>\n\t\t<!-- All in One SEO Pro -->\r\n\t\t<title>Plan para el cambio clim\u00e1tico en Asturias - El Digital de Asturias<\/title>\n\n","aioseo_head_json":{"title":"Plan para el cambio clim\u00e1tico en Asturias - El Digital de Asturias","description":"El Gobierno de Asturias elaborar\u00e1 un Plan de Adaptaci\u00f3n al Cambio Clim\u00e1tico con el fin de prevenir y responder ante sus consecuencias en los ecosistemas, los sectores econ\u00f3micos y en la salud y el bienestar de las personas, seg\u00fan ha anunciado el vicepresidente del Gobierno y consejero de Infraestructuras, Medio Ambiente y Cambio Clim\u00e1tico, Juan","canonical_url":"https:\/\/www.eldigitaldeasturias.com\/noticias\/plan-para-el-cambio-climatico-en-asturias\/","robots":"max-image-preview:large","keywords":"actualidad asturias,destacadas","webmasterTools":{"google-site-verification":"UA-38556648-1","msvalidate.01":"7dfe9f3f1b24437ab69f4f2559babe99","miscellaneous":""},"schema":{"@context":"https:\/\/schema.org","@graph":[{"@type":"BlogPosting","@id":"https:\/\/www.eldigitaldeasturias.com\/noticias\/plan-para-el-cambio-climatico-en-asturias\/#blogposting","name":"Plan para el cambio clim\u00e1tico en Asturias - El Digital de Asturias","headline":"Plan para el cambio clim\u00e1tico en Asturias","author":{"@id":"https:\/\/www.eldigitaldeasturias.com\/noticias\/author\/admin\/#author"},"publisher":{"@id":"https:\/\/www.eldigitaldeasturias.com\/noticias\/#organization"},"image":{"@type":"ImageObject","url":"https:\/\/www.eldigitaldeasturias.com\/noticias\/wp-content\/uploads\/2020\/03\/gijon-2867030_640.jpg","width":640,"height":426},"datePublished":"2020-03-04T09:08:22+01:00","dateModified":"2020-03-04T09:08:44+01:00","inLanguage":"es-ES","mainEntityOfPage":{"@id":"https:\/\/www.eldigitaldeasturias.com\/noticias\/plan-para-el-cambio-climatico-en-asturias\/#webpage"},"isPartOf":{"@id":"https:\/\/www.eldigitaldeasturias.com\/noticias\/plan-para-el-cambio-climatico-en-asturias\/#webpage"},"articleSection":"Actualidad Asturias, Destacadas"},{"@type":"BreadcrumbList","@id":"https:\/\/www.eldigitaldeasturias.com\/noticias\/plan-para-el-cambio-climatico-en-asturias\/#breadcrumblist","itemListElement":[{"@type":"ListItem","@id":"https:\/\/www.eldigitaldeasturias.com\/noticias#listItem","position":1,"name":"Home","item":"https:\/\/www.eldigitaldeasturias.com\/noticias","nextItem":{"@type":"ListItem","@id":"https:\/\/www.eldigitaldeasturias.com\/noticias\/category\/actualidad-asturias\/#listItem","name":"Actualidad Asturias"}},{"@type":"ListItem","@id":"https:\/\/www.eldigitaldeasturias.com\/noticias\/category\/actualidad-asturias\/#listItem","position":2,"name":"Actualidad Asturias","item":"https:\/\/www.eldigitaldeasturias.com\/noticias\/category\/actualidad-asturias\/","nextItem":{"@type":"ListItem","@id":"https:\/\/www.eldigitaldeasturias.com\/noticias\/plan-para-el-cambio-climatico-en-asturias\/#listItem","name":"Plan para el cambio clim\u00e1tico en Asturias"},"previousItem":{"@type":"ListItem","@id":"https:\/\/www.eldigitaldeasturias.com\/noticias#listItem","name":"Home"}},{"@type":"ListItem","@id":"https:\/\/www.eldigitaldeasturias.com\/noticias\/plan-para-el-cambio-climatico-en-asturias\/#listItem","position":3,"name":"Plan para el cambio clim\u00e1tico en Asturias","previousItem":{"@type":"ListItem","@id":"https:\/\/www.eldigitaldeasturias.com\/noticias\/category\/actualidad-asturias\/#listItem","name":"Actualidad Asturias"}}]},{"@type":"Organization","@id":"https:\/\/www.eldigitaldeasturias.com\/noticias\/#organization","name":"El Digital de Asturias","description":"Hemeroteca","url":"https:\/\/www.eldigitaldeasturias.com\/noticias\/","email":"info@eldigitaldeasturias.com","telephone":"+34652131393","logo":{"@type":"ImageObject","url":"https:\/\/www.eldigitaldeasturias.com\/noticias\/wp-content\/uploads\/2020\/12\/EDA.jpg","@id":"https:\/\/www.eldigitaldeasturias.com\/noticias\/plan-para-el-cambio-climatico-en-asturias\/#organizationLogo","width":649,"height":297},"image":{"@id":"https:\/\/www.eldigitaldeasturias.com\/noticias\/plan-para-el-cambio-climatico-en-asturias\/#organizationLogo"},"sameAs":["https:\/\/facebook.com\/eldigitaldeasturias","https:\/\/www.youtube.com\/channel\/UCZP-2wLEB9Rv6erhFmqVnvg"],"address":{"@id":"https:\/\/www.eldigitaldeasturias.com\/noticias\/#postaladdress","@type":"PostalAddress","streetAddress":"san antonio 4,","postalCode":"33430","addressLocality":"Cand\u00e1s","addressRegion":"Asturias","addressCountry":"ES"}},{"@type":"Person","@id":"https:\/\/www.eldigitaldeasturias.com\/noticias\/author\/admin\/#author","url":"https:\/\/www.eldigitaldeasturias.com\/noticias\/author\/admin\/","name":"El Digital de Asturias","image":{"@type":"ImageObject","@id":"https:\/\/www.eldigitaldeasturias.com\/noticias\/plan-para-el-cambio-climatico-en-asturias\/#authorImage","url":"https:\/\/www.eldigitaldeasturias.com\/noticias\/wp-content\/litespeed\/avatar\/18677e78aa0546b92d9dbf31ec7d7668.jpg?ver=1777290358","width":96,"height":96,"caption":"El Digital de Asturias"}},{"@type":"WebPage","@id":"https:\/\/www.eldigitaldeasturias.com\/noticias\/plan-para-el-cambio-climatico-en-asturias\/#webpage","url":"https:\/\/www.eldigitaldeasturias.com\/noticias\/plan-para-el-cambio-climatico-en-asturias\/","name":"Plan para el cambio clim\u00e1tico en Asturias - El Digital de Asturias","description":"El Gobierno de Asturias elaborar\u00e1 un Plan de Adaptaci\u00f3n al Cambio Clim\u00e1tico con el fin de prevenir y responder ante sus consecuencias en los ecosistemas, los sectores econ\u00f3micos y en la salud y el bienestar de las personas, seg\u00fan ha anunciado el vicepresidente del Gobierno y consejero de Infraestructuras, Medio Ambiente y Cambio Clim\u00e1tico, Juan","inLanguage":"es-ES","isPartOf":{"@id":"https:\/\/www.eldigitaldeasturias.com\/noticias\/#website"},"breadcrumb":{"@id":"https:\/\/www.eldigitaldeasturias.com\/noticias\/plan-para-el-cambio-climatico-en-asturias\/#breadcrumblist"},"author":{"@id":"https:\/\/www.eldigitaldeasturias.com\/noticias\/author\/admin\/#author"},"creator":{"@id":"https:\/\/www.eldigitaldeasturias.com\/noticias\/author\/admin\/#author"},"image":{"@type":"ImageObject","url":"https:\/\/www.eldigitaldeasturias.com\/noticias\/wp-content\/uploads\/2020\/03\/gijon-2867030_640.jpg","@id":"https:\/\/www.eldigitaldeasturias.com\/noticias\/plan-para-el-cambio-climatico-en-asturias\/#mainImage","width":640,"height":426},"primaryImageOfPage":{"@id":"https:\/\/www.eldigitaldeasturias.com\/noticias\/plan-para-el-cambio-climatico-en-asturias\/#mainImage"},"datePublished":"2020-03-04T09:08:22+01:00","dateModified":"2020-03-04T09:08:44+01:00"},{"@type":"WebSite","@id":"https:\/\/www.eldigitaldeasturias.com\/noticias\/#website","url":"https:\/\/www.eldigitaldeasturias.com\/noticias\/","name":"El Digital de Asturias - Diario de actualidad y noticias","alternateName":"El Digital de Asturias - Diario de actualidad y noticias","description":"Hemeroteca","inLanguage":"es-ES","publisher":{"@id":"https:\/\/www.eldigitaldeasturias.com\/noticias\/#organization"}}]},"og:locale":"es_ES","og:site_name":"El Digital de Asturias","og:type":"article","og:title":"Plan para el cambio clim\u00e1tico en Asturias - El Digital de Asturias","og:description":"El Gobierno de Asturias elaborar\u00e1 un Plan de Adaptaci\u00f3n al Cambio Clim\u00e1tico con el fin de prevenir y responder ante sus consecuencias en los ecosistemas, los sectores econ\u00f3micos y en la salud y el bienestar de las personas, seg\u00fan ha anunciado el vicepresidente del Gobierno y consejero de Infraestructuras, Medio Ambiente y Cambio Clim\u00e1tico, Juan","og:url":"https:\/\/www.eldigitaldeasturias.com\/noticias\/plan-para-el-cambio-climatico-en-asturias\/","og:image":"https:\/\/www.eldigitaldeasturias.com\/noticias\/wp-content\/uploads\/2020\/03\/gijon-2867030_640.jpg","og:image:secure_url":"https:\/\/www.eldigitaldeasturias.com\/noticias\/wp-content\/uploads\/2020\/03\/gijon-2867030_640.jpg","og:image:width":640,"og:image:height":426,"article:tag":["actualidad asturias","destacadas"],"article:published_time":"2020-03-04T09:08:22+00:00","article:modified_time":"2020-03-04T09:08:44+00:00","article:publisher":"https:\/\/facebook.com\/eldigitaldeasturias","twitter:card":"summary_large_image","twitter:title":"Plan para el cambio clim\u00e1tico en Asturias - El Digital de Asturias","twitter:description":"El Gobierno de Asturias elaborar\u00e1 un Plan de Adaptaci\u00f3n al Cambio Clim\u00e1tico con el fin de prevenir y responder ante sus consecuencias en los ecosistemas, los sectores econ\u00f3micos y en la salud y el bienestar de las personas, seg\u00fan ha anunciado el vicepresidente del Gobierno y consejero de Infraestructuras, Medio Ambiente y Cambio Clim\u00e1tico, Juan","twitter:image":"https:\/\/www.eldigitaldeasturias.com\/noticias\/wp-content\/uploads\/2020\/03\/gijon-2867030_640.jpg","twitter:label1":"Escrito por","twitter:data1":"El Digital de Asturias","twitter:label2":"Tiempo de lectura estimado","twitter:data2":"3 minutos"},"aioseo_meta_data":{"post_id":"1059721","title":null,"description":null,"keywords":null,"keyphrases":null,"primary_term":null,"canonical_url":null,"og_title":null,"og_description":null,"og_object_type":"default","og_image_type":"default","og_image_url":null,"og_image_width":null,"og_image_height":null,"og_image_custom_url":null,"og_image_custom_fields":null,"og_video":null,"og_custom_url":null,"og_article_section":null,"og_article_tags":null,"twitter_use_og":false,"twitter_card":"default","twitter_image_type":"default","twitter_image_url":null,"twitter_image_custom_url":null,"twitter_image_custom_fields":null,"twitter_title":null,"twitter_description":null,"schema":{"blockGraphs":[],"customGraphs":[],"default":{"data":{"Article":[],"Course":[],"Dataset":[],"FAQPage":[],"Movie":[],"Person":[],"Product":[],"ProductReview":[],"Car":[],"Recipe":[],"Service":[],"SoftwareApplication":[],"WebPage":[]},"graphName":"","isEnabled":true},"graphs":[],"defaultGraph":"","defaultPostTypeGraph":""},"schema_type":null,"schema_type_options":null,"pillar_content":false,"robots_default":true,"robots_noindex":false,"robots_noarchive":false,"robots_nosnippet":false,"robots_nofollow":false,"robots_noimageindex":false,"robots_noodp":false,"robots_notranslate":false,"robots_max_snippet":null,"robots_max_videopreview":null,"robots_max_imagepreview":"large","priority":null,"frequency":null,"local_seo":null,"seo_analyzer_scan_date":"2025-10-31 09:49:06","breadcrumb_settings":null,"limit_modified_date":false,"open_ai":null,"ai":null,"created":"2020-12-21 10:54:43","updated":"2025-10-31 09:49:06"},"aioseo_breadcrumb":"<div class=\"aioseo-breadcrumbs\"><span class=\"aioseo-breadcrumb\">\n\t<a href=\"https:\/\/www.eldigitaldeasturias.com\/noticias\" title=\"Home\">Home<\/a>\n<\/span><span class=\"aioseo-breadcrumb-separator\">\u2013<\/span><span class=\"aioseo-breadcrumb\">\n\t<a href=\"https:\/\/www.eldigitaldeasturias.com\/noticias\/category\/actualidad-asturias\/\" title=\"Actualidad Asturias\">Actualidad Asturias<\/a>\n<\/span><span class=\"aioseo-breadcrumb-separator\">\u2013<\/span><span class=\"aioseo-breadcrumb\">\n\t<a href=\"https:\/\/www.eldigitaldeasturias.com\/noticias\/plan-para-el-cambio-climatico-en-asturias\/\" title=\"Plan para el cambio clim\u00e1tico en Asturias\">Plan para el cambio clim\u00e1tico en Asturias<\/a>\n<\/span><\/div>","aioseo_breadcrumb_json":[{"label":"Home","link":"https:\/\/www.eldigitaldeasturias.com\/noticias"},{"label":"Actualidad Asturias","link":"https:\/\/www.eldigitaldeasturias.com\/noticias\/category\/actualidad-asturias\/"},{"label":"Plan para el cambio clim\u00e1tico en Asturias","link":"https:\/\/www.eldigitaldeasturias.com\/noticias\/plan-para-el-cambio-climatico-en-asturias\/"}],"_links":{"self":[{"href":"https:\/\/www.eldigitaldeasturias.com\/noticias\/wp-json\/wp\/v2\/posts\/1059721","targetHints":{"allow":["GET"]}}],"collection":[{"href":"https:\/\/www.eldigitaldeasturias.com\/noticias\/wp-json\/wp\/v2\/posts"}],"about":[{"href":"https:\/\/www.eldigitaldeasturias.com\/noticias\/wp-json\/wp\/v2\/types\/post"}],"author":[{"embeddable":true,"href":"https:\/\/www.eldigitaldeasturias.com\/noticias\/wp-json\/wp\/v2\/users\/1"}],"replies":[{"embeddable":true,"href":"https:\/\/www.eldigitaldeasturias.com\/noticias\/wp-json\/wp\/v2\/comments?post=1059721"}],"version-history":[{"count":0,"href":"https:\/\/www.eldigitaldeasturias.com\/noticias\/wp-json\/wp\/v2\/posts\/1059721\/revisions"}],"wp:featuredmedia":[{"embeddable":true,"href":"https:\/\/www.eldigitaldeasturias.com\/noticias\/wp-json\/wp\/v2\/media\/1059722"}],"wp:attachment":[{"href":"https:\/\/www.eldigitaldeasturias.com\/noticias\/wp-json\/wp\/v2\/media?parent=1059721"}],"wp:term":[{"taxonomy":"category","embeddable":true,"href":"https:\/\/www.eldigitaldeasturias.com\/noticias\/wp-json\/wp\/v2\/categories?post=1059721"},{"taxonomy":"post_tag","embeddable":true,"href":"https:\/\/www.eldigitaldeasturias.com\/noticias\/wp-json\/wp\/v2\/tags?post=1059721"}],"curies":[{"name":"wp","href":"https:\/\/api.w.org\/{rel}","templated":true}]}}