{"id":1059641,"date":"2020-03-03T12:08:36","date_gmt":"2020-03-03T12:08:36","guid":{"rendered":"https:\/\/www.eldigitaldeasturias.com\/noticias\/?p=1059641"},"modified":"2020-03-03T12:09:30","modified_gmt":"2020-03-03T12:09:30","slug":"incendio-en-un-colegio-de-aviles","status":"publish","type":"post","link":"https:\/\/www.eldigitaldeasturias.com\/noticias\/incendio-en-un-colegio-de-aviles\/","title":{"rendered":"Incendio en un colegio de Avil\u00e9s"},"content":{"rendered":"<figure id=\"attachment_1059642\" aria-describedby=\"caption-attachment-1059642\" style=\"width: 360px\" class=\"wp-caption alignleft\"><img loading=\"lazy\" decoding=\"async\" class=\"wp-image-1059642 size-medium\" src=\"https:\/\/www.eldigitaldeasturias.com\/noticias\/wp-content\/uploads\/2020\/03\/SEPA-030302001-360x260.jpg\" alt=\"\" width=\"360\" height=\"260\" srcset=\"https:\/\/www.eldigitaldeasturias.com\/noticias\/wp-content\/uploads\/2020\/03\/SEPA-030302001-360x260.jpg 360w, https:\/\/www.eldigitaldeasturias.com\/noticias\/wp-content\/uploads\/2020\/03\/SEPA-030302001-664x480.jpg 664w, https:\/\/www.eldigitaldeasturias.com\/noticias\/wp-content\/uploads\/2020\/03\/SEPA-030302001-415x300.jpg 415w, https:\/\/www.eldigitaldeasturias.com\/noticias\/wp-content\/uploads\/2020\/03\/SEPA-030302001.jpg 742w\" sizes=\"auto, (max-width: 360px) 100vw, 360px\" \/><figcaption id=\"caption-attachment-1059642\" class=\"wp-caption-text\">FOTO CEDIDA POR SEPA<\/figcaption><\/figure>\n<p>Efectivos de Bomberos del Servicio de Emergencias del Principado de Asturias (SEPA), con base en el parque de Avil\u00e9s, junto al Jefe de Zona Centro-Oeste, han extinguido el incendio declarado en un colegio ubicado en la plaza Legazpi, de Avil\u00e9s.<\/p>\n<p><strong>El incendio calcin\u00f3 una estancia que se utilizaba a modo de almac\u00e9n ubicada en la primera planta<\/strong>. El fuego quem\u00f3 casi la totalidad de los enseres. Ninguna persona result\u00f3 afectada. Los bomberos, tras extinguir el fuego, revisaron el resto de las clases para comprobar que no resultaron afectados.<\/p>\n<p>Los alumnos, desde un primer momento, fueron desalojados al patio, seg\u00fan indic\u00f3 la propia directora al llamar al 112.<\/p>\n<p>El Centro de Coordinaci\u00f3n de Emergencias del 112 Asturias recibi\u00f3 el aviso a las 09.22 horas. En la llamada se\u00f1alaban que estaba quemando una estancia que usaban como almac\u00e9n en el colegio. <strong>Los alumnos hab\u00edan sido desalojados al patio<\/strong>.<\/p>\n<p>La Sala 112 del SEPA moviliz\u00f3 una dotaci\u00f3n de Bomberos del SEPA del parque de Avil\u00e9s que se traslad\u00f3 al lugar con una autobomba urbana y una autoescalera. A las 09.37 horas los bomberos dieron por controlado el incendio y a las 10.02 extinguido. La dotaci\u00f3n revis\u00f3 varias estancias que hab\u00eda al lado de la afectada para comprobar que no se registrasen da\u00f1os. Tras ventilar el lugar, con ayuda de un ventilador de presi\u00f3n positiva, y balizar la zona retiraron para regresar a su base.<\/p>\n<p>El incidente se puso en conocimiento de la Polic\u00eda Local y Nacional y del SAMU (Servicio de Atenci\u00f3n M\u00e9dica Urgente).<\/p>\n<p>&nbsp;<\/p>\n<p>&nbsp;<\/p>\n","protected":false},"excerpt":{"rendered":"<p>Efectivos de Bomberos del Servicio de Emergencias del Principado de Asturias (SEPA), con base en el parque de Avil\u00e9s, junto al Jefe de Zona Centro-Oeste, han extinguido el incendio declarado en un colegio ubicado en la plaza Legazpi, de Avil\u00e9s. El incendio calcin\u00f3 una estancia que se utilizaba a modo de almac\u00e9n ubicada en la [&hellip;]<\/p>\n","protected":false},"author":1,"featured_media":1059642,"comment_status":"closed","ping_status":"closed","sticky":false,"template":"","format":"standard","meta":{"footnotes":""},"categories":[141,5],"tags":[],"class_list":["post-1059641","post","type-post","status-publish","format-standard","has-post-thumbnail","hentry","category-destacadas","category-sucesos"],"aioseo_notices":[],"aioseo_head":"\n\t\t<!-- All in One SEO Pro 4.9.6.2 - aioseo.com -->\n\t<meta name=\"description\" content=\"Efectivos de Bomberos del Servicio de Emergencias del Principado de Asturias (SEPA), con base en el parque de Avil\u00e9s, junto al Jefe de Zona Centro-Oeste, han extinguido el incendio declarado en un colegio ubicado en la plaza Legazpi, de Avil\u00e9s. El incendio calcin\u00f3 una estancia que se utilizaba a modo de almac\u00e9n ubicada en la\" \/>\n\t<meta name=\"robots\" content=\"max-image-preview:large\" \/>\n\t<meta name=\"author\" content=\"El Digital de Asturias\"\/>\n\t<meta name=\"google-site-verification\" content=\"UA-38556648-1\" \/>\n\t<meta name=\"msvalidate.01\" content=\"7dfe9f3f1b24437ab69f4f2559babe99\" \/>\n\t<meta name=\"keywords\" content=\"destacadas,sucesos\" \/>\n\t<link rel=\"canonical\" href=\"https:\/\/www.eldigitaldeasturias.com\/noticias\/incendio-en-un-colegio-de-aviles\/\" \/>\n\t<meta name=\"generator\" content=\"All in One SEO Pro (AIOSEO) 4.9.6.2\" \/>\n\t\t<meta property=\"og:locale\" content=\"es_ES\" \/>\n\t\t<meta property=\"og:site_name\" content=\"El Digital de Asturias\" \/>\n\t\t<meta property=\"og:type\" content=\"article\" \/>\n\t\t<meta property=\"og:title\" content=\"Incendio en un colegio de Avil\u00e9s - El Digital de Asturias\" \/>\n\t\t<meta property=\"og:description\" content=\"Efectivos de Bomberos del Servicio de Emergencias del Principado de Asturias (SEPA), con base en el parque de Avil\u00e9s, junto al Jefe de Zona Centro-Oeste, han extinguido el incendio declarado en un colegio ubicado en la plaza Legazpi, de Avil\u00e9s. El incendio calcin\u00f3 una estancia que se utilizaba a modo de almac\u00e9n ubicada en la\" \/>\n\t\t<meta property=\"og:url\" content=\"https:\/\/www.eldigitaldeasturias.com\/noticias\/incendio-en-un-colegio-de-aviles\/\" \/>\n\t\t<meta property=\"og:image\" content=\"https:\/\/www.eldigitaldeasturias.com\/noticias\/wp-content\/uploads\/2020\/03\/SEPA-030302001.jpg\" \/>\n\t\t<meta property=\"og:image:secure_url\" content=\"https:\/\/www.eldigitaldeasturias.com\/noticias\/wp-content\/uploads\/2020\/03\/SEPA-030302001.jpg\" \/>\n\t\t<meta property=\"og:image:width\" content=\"742\" \/>\n\t\t<meta property=\"og:image:height\" content=\"536\" \/>\n\t\t<meta property=\"article:tag\" content=\"destacadas\" \/>\n\t\t<meta property=\"article:tag\" content=\"sucesos\" \/>\n\t\t<meta property=\"article:published_time\" content=\"2020-03-03T12:08:36+00:00\" \/>\n\t\t<meta property=\"article:modified_time\" content=\"2020-03-03T12:09:30+00:00\" \/>\n\t\t<meta property=\"article:publisher\" content=\"https:\/\/facebook.com\/eldigitaldeasturias\" \/>\n\t\t<meta name=\"twitter:card\" content=\"summary_large_image\" \/>\n\t\t<meta name=\"twitter:title\" content=\"Incendio en un colegio de Avil\u00e9s - El Digital de Asturias\" \/>\n\t\t<meta name=\"twitter:description\" content=\"Efectivos de Bomberos del Servicio de Emergencias del Principado de Asturias (SEPA), con base en el parque de Avil\u00e9s, junto al Jefe de Zona Centro-Oeste, han extinguido el incendio declarado en un colegio ubicado en la plaza Legazpi, de Avil\u00e9s. El incendio calcin\u00f3 una estancia que se utilizaba a modo de almac\u00e9n ubicada en la\" \/>\n\t\t<meta name=\"twitter:image\" content=\"https:\/\/www.eldigitaldeasturias.com\/noticias\/wp-content\/uploads\/2020\/03\/SEPA-030302001.jpg\" \/>\n\t\t<meta name=\"twitter:label1\" content=\"Escrito por\" \/>\n\t\t<meta name=\"twitter:data1\" content=\"El Digital de Asturias\" \/>\n\t\t<meta name=\"twitter:label2\" content=\"Tiempo de lectura estimado\" \/>\n\t\t<meta name=\"twitter:data2\" content=\"1 minuto\" \/>\n\t\t<script type=\"application\/ld+json\" class=\"aioseo-schema\">\n\t\t\t{\"@context\":\"https:\\\/\\\/schema.org\",\"@graph\":[{\"@type\":\"BlogPosting\",\"@id\":\"https:\\\/\\\/www.eldigitaldeasturias.com\\\/noticias\\\/incendio-en-un-colegio-de-aviles\\\/#blogposting\",\"name\":\"Incendio en un colegio de Avil\\u00e9s - El Digital de Asturias\",\"headline\":\"Incendio en un colegio de Avil\\u00e9s\",\"author\":{\"@id\":\"https:\\\/\\\/www.eldigitaldeasturias.com\\\/noticias\\\/author\\\/admin\\\/#author\"},\"publisher\":{\"@id\":\"https:\\\/\\\/www.eldigitaldeasturias.com\\\/noticias\\\/#organization\"},\"image\":{\"@type\":\"ImageObject\",\"url\":\"https:\\\/\\\/www.eldigitaldeasturias.com\\\/noticias\\\/wp-content\\\/uploads\\\/2020\\\/03\\\/SEPA-030302001.jpg\",\"width\":742,\"height\":536},\"datePublished\":\"2020-03-03T12:08:36+01:00\",\"dateModified\":\"2020-03-03T12:09:30+01:00\",\"inLanguage\":\"es-ES\",\"mainEntityOfPage\":{\"@id\":\"https:\\\/\\\/www.eldigitaldeasturias.com\\\/noticias\\\/incendio-en-un-colegio-de-aviles\\\/#webpage\"},\"isPartOf\":{\"@id\":\"https:\\\/\\\/www.eldigitaldeasturias.com\\\/noticias\\\/incendio-en-un-colegio-de-aviles\\\/#webpage\"},\"articleSection\":\"Destacadas, Sucesos\"},{\"@type\":\"BreadcrumbList\",\"@id\":\"https:\\\/\\\/www.eldigitaldeasturias.com\\\/noticias\\\/incendio-en-un-colegio-de-aviles\\\/#breadcrumblist\",\"itemListElement\":[{\"@type\":\"ListItem\",\"@id\":\"https:\\\/\\\/www.eldigitaldeasturias.com\\\/noticias#listItem\",\"position\":1,\"name\":\"Home\",\"item\":\"https:\\\/\\\/www.eldigitaldeasturias.com\\\/noticias\",\"nextItem\":{\"@type\":\"ListItem\",\"@id\":\"https:\\\/\\\/www.eldigitaldeasturias.com\\\/noticias\\\/category\\\/sucesos\\\/#listItem\",\"name\":\"Sucesos\"}},{\"@type\":\"ListItem\",\"@id\":\"https:\\\/\\\/www.eldigitaldeasturias.com\\\/noticias\\\/category\\\/sucesos\\\/#listItem\",\"position\":2,\"name\":\"Sucesos\",\"item\":\"https:\\\/\\\/www.eldigitaldeasturias.com\\\/noticias\\\/category\\\/sucesos\\\/\",\"nextItem\":{\"@type\":\"ListItem\",\"@id\":\"https:\\\/\\\/www.eldigitaldeasturias.com\\\/noticias\\\/incendio-en-un-colegio-de-aviles\\\/#listItem\",\"name\":\"Incendio en un colegio de Avil\\u00e9s\"},\"previousItem\":{\"@type\":\"ListItem\",\"@id\":\"https:\\\/\\\/www.eldigitaldeasturias.com\\\/noticias#listItem\",\"name\":\"Home\"}},{\"@type\":\"ListItem\",\"@id\":\"https:\\\/\\\/www.eldigitaldeasturias.com\\\/noticias\\\/incendio-en-un-colegio-de-aviles\\\/#listItem\",\"position\":3,\"name\":\"Incendio en un colegio de Avil\\u00e9s\",\"previousItem\":{\"@type\":\"ListItem\",\"@id\":\"https:\\\/\\\/www.eldigitaldeasturias.com\\\/noticias\\\/category\\\/sucesos\\\/#listItem\",\"name\":\"Sucesos\"}}]},{\"@type\":\"Organization\",\"@id\":\"https:\\\/\\\/www.eldigitaldeasturias.com\\\/noticias\\\/#organization\",\"name\":\"El Digital de Asturias\",\"description\":\"Hemeroteca\",\"url\":\"https:\\\/\\\/www.eldigitaldeasturias.com\\\/noticias\\\/\",\"email\":\"info@eldigitaldeasturias.com\",\"telephone\":\"+34652131393\",\"logo\":{\"@type\":\"ImageObject\",\"url\":\"https:\\\/\\\/www.eldigitaldeasturias.com\\\/noticias\\\/wp-content\\\/uploads\\\/2020\\\/12\\\/EDA.jpg\",\"@id\":\"https:\\\/\\\/www.eldigitaldeasturias.com\\\/noticias\\\/incendio-en-un-colegio-de-aviles\\\/#organizationLogo\",\"width\":649,\"height\":297},\"image\":{\"@id\":\"https:\\\/\\\/www.eldigitaldeasturias.com\\\/noticias\\\/incendio-en-un-colegio-de-aviles\\\/#organizationLogo\"},\"sameAs\":[\"https:\\\/\\\/facebook.com\\\/eldigitaldeasturias\",\"https:\\\/\\\/www.youtube.com\\\/channel\\\/UCZP-2wLEB9Rv6erhFmqVnvg\"],\"address\":{\"@id\":\"https:\\\/\\\/www.eldigitaldeasturias.com\\\/noticias\\\/#postaladdress\",\"@type\":\"PostalAddress\",\"streetAddress\":\"san antonio 4,\",\"postalCode\":\"33430\",\"addressLocality\":\"Cand\\u00e1s\",\"addressRegion\":\"Asturias\",\"addressCountry\":\"ES\"}},{\"@type\":\"Person\",\"@id\":\"https:\\\/\\\/www.eldigitaldeasturias.com\\\/noticias\\\/author\\\/admin\\\/#author\",\"url\":\"https:\\\/\\\/www.eldigitaldeasturias.com\\\/noticias\\\/author\\\/admin\\\/\",\"name\":\"El Digital de Asturias\",\"image\":{\"@type\":\"ImageObject\",\"@id\":\"https:\\\/\\\/www.eldigitaldeasturias.com\\\/noticias\\\/incendio-en-un-colegio-de-aviles\\\/#authorImage\",\"url\":\"https:\\\/\\\/www.eldigitaldeasturias.com\\\/noticias\\\/wp-content\\\/litespeed\\\/avatar\\\/18677e78aa0546b92d9dbf31ec7d7668.jpg?ver=1777290358\",\"width\":96,\"height\":96,\"caption\":\"El Digital de Asturias\"}},{\"@type\":\"WebPage\",\"@id\":\"https:\\\/\\\/www.eldigitaldeasturias.com\\\/noticias\\\/incendio-en-un-colegio-de-aviles\\\/#webpage\",\"url\":\"https:\\\/\\\/www.eldigitaldeasturias.com\\\/noticias\\\/incendio-en-un-colegio-de-aviles\\\/\",\"name\":\"Incendio en un colegio de Avil\\u00e9s - El Digital de Asturias\",\"description\":\"Efectivos de Bomberos del Servicio de Emergencias del Principado de Asturias (SEPA), con base en el parque de Avil\\u00e9s, junto al Jefe de Zona Centro-Oeste, han extinguido el incendio declarado en un colegio ubicado en la plaza Legazpi, de Avil\\u00e9s. El incendio calcin\\u00f3 una estancia que se utilizaba a modo de almac\\u00e9n ubicada en la\",\"inLanguage\":\"es-ES\",\"isPartOf\":{\"@id\":\"https:\\\/\\\/www.eldigitaldeasturias.com\\\/noticias\\\/#website\"},\"breadcrumb\":{\"@id\":\"https:\\\/\\\/www.eldigitaldeasturias.com\\\/noticias\\\/incendio-en-un-colegio-de-aviles\\\/#breadcrumblist\"},\"author\":{\"@id\":\"https:\\\/\\\/www.eldigitaldeasturias.com\\\/noticias\\\/author\\\/admin\\\/#author\"},\"creator\":{\"@id\":\"https:\\\/\\\/www.eldigitaldeasturias.com\\\/noticias\\\/author\\\/admin\\\/#author\"},\"image\":{\"@type\":\"ImageObject\",\"url\":\"https:\\\/\\\/www.eldigitaldeasturias.com\\\/noticias\\\/wp-content\\\/uploads\\\/2020\\\/03\\\/SEPA-030302001.jpg\",\"@id\":\"https:\\\/\\\/www.eldigitaldeasturias.com\\\/noticias\\\/incendio-en-un-colegio-de-aviles\\\/#mainImage\",\"width\":742,\"height\":536},\"primaryImageOfPage\":{\"@id\":\"https:\\\/\\\/www.eldigitaldeasturias.com\\\/noticias\\\/incendio-en-un-colegio-de-aviles\\\/#mainImage\"},\"datePublished\":\"2020-03-03T12:08:36+01:00\",\"dateModified\":\"2020-03-03T12:09:30+01:00\"},{\"@type\":\"WebSite\",\"@id\":\"https:\\\/\\\/www.eldigitaldeasturias.com\\\/noticias\\\/#website\",\"url\":\"https:\\\/\\\/www.eldigitaldeasturias.com\\\/noticias\\\/\",\"name\":\"El Digital de Asturias - Diario de actualidad y noticias\",\"alternateName\":\"El Digital de Asturias - Diario de actualidad y noticias\",\"description\":\"Hemeroteca\",\"inLanguage\":\"es-ES\",\"publisher\":{\"@id\":\"https:\\\/\\\/www.eldigitaldeasturias.com\\\/noticias\\\/#organization\"}}]}\n\t\t<\/script>\n\t\t<!-- All in One SEO Pro -->\r\n\t\t<title>Incendio en un colegio de Avil\u00e9s - El Digital de Asturias<\/title>\n\n","aioseo_head_json":{"title":"Incendio en un colegio de Avil\u00e9s - El Digital de Asturias","description":"Efectivos de Bomberos del Servicio de Emergencias del Principado de Asturias (SEPA), con base en el parque de Avil\u00e9s, junto al Jefe de Zona Centro-Oeste, han extinguido el incendio declarado en un colegio ubicado en la plaza Legazpi, de Avil\u00e9s. El incendio calcin\u00f3 una estancia que se utilizaba a modo de almac\u00e9n ubicada en la","canonical_url":"https:\/\/www.eldigitaldeasturias.com\/noticias\/incendio-en-un-colegio-de-aviles\/","robots":"max-image-preview:large","keywords":"destacadas,sucesos","webmasterTools":{"google-site-verification":"UA-38556648-1","msvalidate.01":"7dfe9f3f1b24437ab69f4f2559babe99","miscellaneous":""},"schema":{"@context":"https:\/\/schema.org","@graph":[{"@type":"BlogPosting","@id":"https:\/\/www.eldigitaldeasturias.com\/noticias\/incendio-en-un-colegio-de-aviles\/#blogposting","name":"Incendio en un colegio de Avil\u00e9s - El Digital de Asturias","headline":"Incendio en un colegio de Avil\u00e9s","author":{"@id":"https:\/\/www.eldigitaldeasturias.com\/noticias\/author\/admin\/#author"},"publisher":{"@id":"https:\/\/www.eldigitaldeasturias.com\/noticias\/#organization"},"image":{"@type":"ImageObject","url":"https:\/\/www.eldigitaldeasturias.com\/noticias\/wp-content\/uploads\/2020\/03\/SEPA-030302001.jpg","width":742,"height":536},"datePublished":"2020-03-03T12:08:36+01:00","dateModified":"2020-03-03T12:09:30+01:00","inLanguage":"es-ES","mainEntityOfPage":{"@id":"https:\/\/www.eldigitaldeasturias.com\/noticias\/incendio-en-un-colegio-de-aviles\/#webpage"},"isPartOf":{"@id":"https:\/\/www.eldigitaldeasturias.com\/noticias\/incendio-en-un-colegio-de-aviles\/#webpage"},"articleSection":"Destacadas, Sucesos"},{"@type":"BreadcrumbList","@id":"https:\/\/www.eldigitaldeasturias.com\/noticias\/incendio-en-un-colegio-de-aviles\/#breadcrumblist","itemListElement":[{"@type":"ListItem","@id":"https:\/\/www.eldigitaldeasturias.com\/noticias#listItem","position":1,"name":"Home","item":"https:\/\/www.eldigitaldeasturias.com\/noticias","nextItem":{"@type":"ListItem","@id":"https:\/\/www.eldigitaldeasturias.com\/noticias\/category\/sucesos\/#listItem","name":"Sucesos"}},{"@type":"ListItem","@id":"https:\/\/www.eldigitaldeasturias.com\/noticias\/category\/sucesos\/#listItem","position":2,"name":"Sucesos","item":"https:\/\/www.eldigitaldeasturias.com\/noticias\/category\/sucesos\/","nextItem":{"@type":"ListItem","@id":"https:\/\/www.eldigitaldeasturias.com\/noticias\/incendio-en-un-colegio-de-aviles\/#listItem","name":"Incendio en un colegio de Avil\u00e9s"},"previousItem":{"@type":"ListItem","@id":"https:\/\/www.eldigitaldeasturias.com\/noticias#listItem","name":"Home"}},{"@type":"ListItem","@id":"https:\/\/www.eldigitaldeasturias.com\/noticias\/incendio-en-un-colegio-de-aviles\/#listItem","position":3,"name":"Incendio en un colegio de Avil\u00e9s","previousItem":{"@type":"ListItem","@id":"https:\/\/www.eldigitaldeasturias.com\/noticias\/category\/sucesos\/#listItem","name":"Sucesos"}}]},{"@type":"Organization","@id":"https:\/\/www.eldigitaldeasturias.com\/noticias\/#organization","name":"El Digital de Asturias","description":"Hemeroteca","url":"https:\/\/www.eldigitaldeasturias.com\/noticias\/","email":"info@eldigitaldeasturias.com","telephone":"+34652131393","logo":{"@type":"ImageObject","url":"https:\/\/www.eldigitaldeasturias.com\/noticias\/wp-content\/uploads\/2020\/12\/EDA.jpg","@id":"https:\/\/www.eldigitaldeasturias.com\/noticias\/incendio-en-un-colegio-de-aviles\/#organizationLogo","width":649,"height":297},"image":{"@id":"https:\/\/www.eldigitaldeasturias.com\/noticias\/incendio-en-un-colegio-de-aviles\/#organizationLogo"},"sameAs":["https:\/\/facebook.com\/eldigitaldeasturias","https:\/\/www.youtube.com\/channel\/UCZP-2wLEB9Rv6erhFmqVnvg"],"address":{"@id":"https:\/\/www.eldigitaldeasturias.com\/noticias\/#postaladdress","@type":"PostalAddress","streetAddress":"san antonio 4,","postalCode":"33430","addressLocality":"Cand\u00e1s","addressRegion":"Asturias","addressCountry":"ES"}},{"@type":"Person","@id":"https:\/\/www.eldigitaldeasturias.com\/noticias\/author\/admin\/#author","url":"https:\/\/www.eldigitaldeasturias.com\/noticias\/author\/admin\/","name":"El Digital de Asturias","image":{"@type":"ImageObject","@id":"https:\/\/www.eldigitaldeasturias.com\/noticias\/incendio-en-un-colegio-de-aviles\/#authorImage","url":"https:\/\/www.eldigitaldeasturias.com\/noticias\/wp-content\/litespeed\/avatar\/18677e78aa0546b92d9dbf31ec7d7668.jpg?ver=1777290358","width":96,"height":96,"caption":"El Digital de Asturias"}},{"@type":"WebPage","@id":"https:\/\/www.eldigitaldeasturias.com\/noticias\/incendio-en-un-colegio-de-aviles\/#webpage","url":"https:\/\/www.eldigitaldeasturias.com\/noticias\/incendio-en-un-colegio-de-aviles\/","name":"Incendio en un colegio de Avil\u00e9s - El Digital de Asturias","description":"Efectivos de Bomberos del Servicio de Emergencias del Principado de Asturias (SEPA), con base en el parque de Avil\u00e9s, junto al Jefe de Zona Centro-Oeste, han extinguido el incendio declarado en un colegio ubicado en la plaza Legazpi, de Avil\u00e9s. El incendio calcin\u00f3 una estancia que se utilizaba a modo de almac\u00e9n ubicada en la","inLanguage":"es-ES","isPartOf":{"@id":"https:\/\/www.eldigitaldeasturias.com\/noticias\/#website"},"breadcrumb":{"@id":"https:\/\/www.eldigitaldeasturias.com\/noticias\/incendio-en-un-colegio-de-aviles\/#breadcrumblist"},"author":{"@id":"https:\/\/www.eldigitaldeasturias.com\/noticias\/author\/admin\/#author"},"creator":{"@id":"https:\/\/www.eldigitaldeasturias.com\/noticias\/author\/admin\/#author"},"image":{"@type":"ImageObject","url":"https:\/\/www.eldigitaldeasturias.com\/noticias\/wp-content\/uploads\/2020\/03\/SEPA-030302001.jpg","@id":"https:\/\/www.eldigitaldeasturias.com\/noticias\/incendio-en-un-colegio-de-aviles\/#mainImage","width":742,"height":536},"primaryImageOfPage":{"@id":"https:\/\/www.eldigitaldeasturias.com\/noticias\/incendio-en-un-colegio-de-aviles\/#mainImage"},"datePublished":"2020-03-03T12:08:36+01:00","dateModified":"2020-03-03T12:09:30+01:00"},{"@type":"WebSite","@id":"https:\/\/www.eldigitaldeasturias.com\/noticias\/#website","url":"https:\/\/www.eldigitaldeasturias.com\/noticias\/","name":"El Digital de Asturias - Diario de actualidad y noticias","alternateName":"El Digital de Asturias - Diario de actualidad y noticias","description":"Hemeroteca","inLanguage":"es-ES","publisher":{"@id":"https:\/\/www.eldigitaldeasturias.com\/noticias\/#organization"}}]},"og:locale":"es_ES","og:site_name":"El Digital de Asturias","og:type":"article","og:title":"Incendio en un colegio de Avil\u00e9s - El Digital de Asturias","og:description":"Efectivos de Bomberos del Servicio de Emergencias del Principado de Asturias (SEPA), con base en el parque de Avil\u00e9s, junto al Jefe de Zona Centro-Oeste, han extinguido el incendio declarado en un colegio ubicado en la plaza Legazpi, de Avil\u00e9s. El incendio calcin\u00f3 una estancia que se utilizaba a modo de almac\u00e9n ubicada en la","og:url":"https:\/\/www.eldigitaldeasturias.com\/noticias\/incendio-en-un-colegio-de-aviles\/","og:image":"https:\/\/www.eldigitaldeasturias.com\/noticias\/wp-content\/uploads\/2020\/03\/SEPA-030302001.jpg","og:image:secure_url":"https:\/\/www.eldigitaldeasturias.com\/noticias\/wp-content\/uploads\/2020\/03\/SEPA-030302001.jpg","og:image:width":742,"og:image:height":536,"article:tag":["destacadas","sucesos"],"article:published_time":"2020-03-03T12:08:36+00:00","article:modified_time":"2020-03-03T12:09:30+00:00","article:publisher":"https:\/\/facebook.com\/eldigitaldeasturias","twitter:card":"summary_large_image","twitter:title":"Incendio en un colegio de Avil\u00e9s - El Digital de Asturias","twitter:description":"Efectivos de Bomberos del Servicio de Emergencias del Principado de Asturias (SEPA), con base en el parque de Avil\u00e9s, junto al Jefe de Zona Centro-Oeste, han extinguido el incendio declarado en un colegio ubicado en la plaza Legazpi, de Avil\u00e9s. El incendio calcin\u00f3 una estancia que se utilizaba a modo de almac\u00e9n ubicada en la","twitter:image":"https:\/\/www.eldigitaldeasturias.com\/noticias\/wp-content\/uploads\/2020\/03\/SEPA-030302001.jpg","twitter:label1":"Escrito por","twitter:data1":"El Digital de Asturias","twitter:label2":"Tiempo de lectura estimado","twitter:data2":"1 minuto"},"aioseo_meta_data":{"post_id":"1059641","title":null,"description":null,"keywords":null,"keyphrases":null,"primary_term":null,"canonical_url":null,"og_title":null,"og_description":null,"og_object_type":"default","og_image_type":"default","og_image_url":null,"og_image_width":null,"og_image_height":null,"og_image_custom_url":null,"og_image_custom_fields":null,"og_video":null,"og_custom_url":null,"og_article_section":null,"og_article_tags":null,"twitter_use_og":false,"twitter_card":"default","twitter_image_type":"default","twitter_image_url":null,"twitter_image_custom_url":null,"twitter_image_custom_fields":null,"twitter_title":null,"twitter_description":null,"schema":{"blockGraphs":[],"customGraphs":[],"default":{"data":{"Article":[],"Course":[],"Dataset":[],"FAQPage":[],"Movie":[],"Person":[],"Product":[],"ProductReview":[],"Car":[],"Recipe":[],"Service":[],"SoftwareApplication":[],"WebPage":[]},"graphName":"","isEnabled":true},"graphs":[],"defaultGraph":"","defaultPostTypeGraph":""},"schema_type":null,"schema_type_options":null,"pillar_content":false,"robots_default":true,"robots_noindex":false,"robots_noarchive":false,"robots_nosnippet":false,"robots_nofollow":false,"robots_noimageindex":false,"robots_noodp":false,"robots_notranslate":false,"robots_max_snippet":null,"robots_max_videopreview":null,"robots_max_imagepreview":"large","priority":null,"frequency":null,"local_seo":null,"seo_analyzer_scan_date":"2025-10-31 09:33:13","breadcrumb_settings":null,"limit_modified_date":false,"open_ai":null,"ai":null,"created":"2020-12-21 10:54:43","updated":"2025-10-31 09:33:13"},"aioseo_breadcrumb":"<div class=\"aioseo-breadcrumbs\"><span class=\"aioseo-breadcrumb\">\n\t<a href=\"https:\/\/www.eldigitaldeasturias.com\/noticias\" title=\"Home\">Home<\/a>\n<\/span><span class=\"aioseo-breadcrumb-separator\">\u2013<\/span><span class=\"aioseo-breadcrumb\">\n\t<a href=\"https:\/\/www.eldigitaldeasturias.com\/noticias\/category\/sucesos\/\" title=\"Sucesos\">Sucesos<\/a>\n<\/span><span class=\"aioseo-breadcrumb-separator\">\u2013<\/span><span class=\"aioseo-breadcrumb\">\n\t<a href=\"https:\/\/www.eldigitaldeasturias.com\/noticias\/incendio-en-un-colegio-de-aviles\/\" title=\"Incendio en un colegio de Avil\u00e9s\">Incendio en un colegio de Avil\u00e9s<\/a>\n<\/span><\/div>","aioseo_breadcrumb_json":[{"label":"Home","link":"https:\/\/www.eldigitaldeasturias.com\/noticias"},{"label":"Sucesos","link":"https:\/\/www.eldigitaldeasturias.com\/noticias\/category\/sucesos\/"},{"label":"Incendio en un colegio de Avil\u00e9s","link":"https:\/\/www.eldigitaldeasturias.com\/noticias\/incendio-en-un-colegio-de-aviles\/"}],"_links":{"self":[{"href":"https:\/\/www.eldigitaldeasturias.com\/noticias\/wp-json\/wp\/v2\/posts\/1059641","targetHints":{"allow":["GET"]}}],"collection":[{"href":"https:\/\/www.eldigitaldeasturias.com\/noticias\/wp-json\/wp\/v2\/posts"}],"about":[{"href":"https:\/\/www.eldigitaldeasturias.com\/noticias\/wp-json\/wp\/v2\/types\/post"}],"author":[{"embeddable":true,"href":"https:\/\/www.eldigitaldeasturias.com\/noticias\/wp-json\/wp\/v2\/users\/1"}],"replies":[{"embeddable":true,"href":"https:\/\/www.eldigitaldeasturias.com\/noticias\/wp-json\/wp\/v2\/comments?post=1059641"}],"version-history":[{"count":0,"href":"https:\/\/www.eldigitaldeasturias.com\/noticias\/wp-json\/wp\/v2\/posts\/1059641\/revisions"}],"wp:featuredmedia":[{"embeddable":true,"href":"https:\/\/www.eldigitaldeasturias.com\/noticias\/wp-json\/wp\/v2\/media\/1059642"}],"wp:attachment":[{"href":"https:\/\/www.eldigitaldeasturias.com\/noticias\/wp-json\/wp\/v2\/media?parent=1059641"}],"wp:term":[{"taxonomy":"category","embeddable":true,"href":"https:\/\/www.eldigitaldeasturias.com\/noticias\/wp-json\/wp\/v2\/categories?post=1059641"},{"taxonomy":"post_tag","embeddable":true,"href":"https:\/\/www.eldigitaldeasturias.com\/noticias\/wp-json\/wp\/v2\/tags?post=1059641"}],"curies":[{"name":"wp","href":"https:\/\/api.w.org\/{rel}","templated":true}]}}