{"id":1059510,"date":"2020-03-01T19:22:03","date_gmt":"2020-03-01T19:22:03","guid":{"rendered":"https:\/\/www.eldigitaldeasturias.com\/noticias\/?p=1059510"},"modified":"2020-03-01T19:22:03","modified_gmt":"2020-03-01T19:22:03","slug":"orellana-se-ha-reunido-con-el-sector-de-la-fruta-dulce","status":"publish","type":"post","link":"https:\/\/www.eldigitaldeasturias.com\/noticias\/orellana-se-ha-reunido-con-el-sector-de-la-fruta-dulce\/","title":{"rendered":"Orellana se ha reunido con el sector de la fruta dulce"},"content":{"rendered":"<p><img loading=\"lazy\" decoding=\"async\" class=\"alignleft size-medium wp-image-1059511\" src=\"https:\/\/www.eldigitaldeasturias.com\/noticias\/wp-content\/uploads\/2020\/03\/280220-frutas_dulce-360x239.jpg\" alt=\"\" width=\"360\" height=\"239\" srcset=\"https:\/\/www.eldigitaldeasturias.com\/noticias\/wp-content\/uploads\/2020\/03\/280220-frutas_dulce-360x239.jpg 360w, https:\/\/www.eldigitaldeasturias.com\/noticias\/wp-content\/uploads\/2020\/03\/280220-frutas_dulce-452x300.jpg 452w, https:\/\/www.eldigitaldeasturias.com\/noticias\/wp-content\/uploads\/2020\/03\/280220-frutas_dulce.jpg 512w\" sizes=\"auto, (max-width: 360px) 100vw, 360px\" \/>La Directora General de Producciones y Mercados Agrarios, <strong>Esperanza Orellana, ha presidido un encuentro con el sector de la fruta dulce<\/strong>, que se enmarca en los compromisos derivados de la Mesa de Di\u00e1logo que reuni\u00f3 al ministro con los representantes sectoriales de las frutas y hortalizas el pasado 13 de febrero.<\/p>\n<p>En la reuni\u00f3n sectorial se ha informado al sector sobre el contenido del Real Decreto- ley 5\/2020, en relaci\u00f3n con la modificaci\u00f3n de la Ley 12\/2013 de la cadena alimentaria. En particular, el sector ha valorado muy positivamente la inclusi\u00f3n de los costes de producci\u00f3n en los contratos suscritos por los agricultores, y ha demandado iniciativas equivalentes para las ventas a otros Estados Miembros.<\/p>\n<h3>Competitividad y plan de medidas<\/h3>\n<p>Por otro lado, se ha presentado al sector el resultado del an\u00e1lisis espec\u00edfico de la competitividad del sector de la fruta dulce que ha realizado el Ministerio a lo largo de los \u00faltimos meses, en el marco de los trabajos de la Planificaci\u00f3n Estrat\u00e9gica de la PAC, que ha permitido identificar las debilidades estructurales sobre las que trabajar, tanto desde el propio sector, como desde las pol\u00edticas agrarias. Un an\u00e1lisis sobre el que los representantes sectoriales han manifestado coincidir en el diagn\u00f3stico hecho por el Ministerio.<\/p>\n<p>Asimismo se ha examinado el avance de los trabajos derivados del Plan de Medidas de la Fruta dulce, aprobado en 2018, que ha incluido la aprobaci\u00f3n de modificaciones legislativas que ampl\u00edan las posibilidades de actuaci\u00f3n de las Organizaciones de productores en materia de arranque de plantaciones, as\u00ed como la posibilidad de mejorar la financiaci\u00f3n comunitaria de los fondos mutuales creados por las Organizaciones de productores.<\/p>\n<p>Asimismo, se ha informado de los trabajos realizados por el Ministerio para poner a disposici\u00f3n del sector informaci\u00f3n suficiente, que permita la adopci\u00f3n de medidas para corregir el desequilibrio entre oferta y demanda. En particular, se ha completado la recopilaci\u00f3n de la informaci\u00f3n declarada por cada agricultor a lo largo de 2019 sobre superficies, variedades de fruta y a\u00f1os de plantaci\u00f3n, lo que ayudar\u00e1 a los agricultores en la toma de decisiones. Esta informaci\u00f3n se har\u00e1 p\u00fablica en las pr\u00f3ximas semanas.<\/p>\n<h3>Vertebraci\u00f3n del sector<\/h3>\n<p>En la reuni\u00f3n se ha incidido tambi\u00e9n en la insuficiente vertebraci\u00f3n del sector, que carece de la figura de la Interprofesional de la que otros sectores disponen. El Ministerio de Agricultura, Pesca y Alimentaci\u00f3n ha hecho un llamamiento a los representantes sectoriales, para que retomen las negociaciones que cristalicen en la constituci\u00f3n de \u00e9sta. Se ha puesto de manifiesto la inestimable labor que, por ejemplo, en materia de promoci\u00f3n del consumo podr\u00eda llevar a cabo una Organizaci\u00f3n Interprofesional de Fruta de Hueso.<\/p>\n<h3>L\u00edneas de trabajo<\/h3>\n<p>Para hacer frente a las necesidades del sector, se han acordado actuaciones concretas y l\u00edneas de trabajo a desarrollar desde este momento.<\/p>\n<p>Por un lado, se trabaja para el conocimiento de los costes y m\u00e1rgenes de producci\u00f3n y el mecanismo de formaci\u00f3n de precios, lo que debe servir para la mejora de las condiciones en la contrataci\u00f3n, de acuerdo a lo dispuesto en el RD-Ley 5\/2020. Tambi\u00e9n se ha trasladado el inter\u00e9s en iniciar los trabajos sobre formaci\u00f3n de precios en el sector de la fruta de hueso, as\u00ed como en actualizar los de fruta de pepita, en el marco de los estudio del Observatorio de la Cadena Alimentaria.<\/p>\n<p>Se ha acordado modificar el Real Decreto de fondos y programas operativos, para aumentar su eficacia en la tarea de reequilibrar oferta y demanda.<\/p>\n<p>En materia de vertebraci\u00f3n sectorial, el Ministerio ha avanzado que a lo largo de este a\u00f1o llevar\u00e1 a cabo una completa evaluaci\u00f3n independiente del funcionamiento de las organizaciones de productores de frutas y hortalizas y sus asociaciones. Tras dicho an\u00e1lisis, se realizar\u00e1n propuestas legislativas para mejorar el funcionamiento de estas figuras y maximizar su potencial.<\/p>\n<p>El valor econ\u00f3mico del sector de la fruta dulce en Espa\u00f1a, en t\u00e9rminos de producci\u00f3n de la rama agraria, asciende a m\u00e1s de 3.000 millones de euros, tras una ca\u00edda del 15% en 2019. Espa\u00f1a es el primer productor y exportador europeo de fruta de hueso, con un valor de las exportaciones de m\u00e1s de 1.000 millones de euros.<\/p>\n<p>A la reuni\u00f3n han asistido representantes de las Organizaciones Profesionales Agrarias, ASAJA, COAG y UPA, y de Cooperativas Agroalimentarias de Espa\u00f1a, as\u00ed como de FEPEX y ANOVE.<\/p>\n<p>&nbsp;<\/p>\n","protected":false},"excerpt":{"rendered":"<p>La Directora General de Producciones y Mercados Agrarios, Esperanza Orellana, ha presidido un encuentro con el sector de la fruta dulce, que se enmarca en los compromisos derivados de la Mesa de Di\u00e1logo que reuni\u00f3 al ministro con los representantes sectoriales de las frutas y hortalizas el pasado 13 de febrero. En la reuni\u00f3n sectorial [&hellip;]<\/p>\n","protected":false},"author":1,"featured_media":1059511,"comment_status":"closed","ping_status":"closed","sticky":false,"template":"","format":"standard","meta":{"footnotes":""},"categories":[187],"tags":[],"class_list":["post-1059510","post","type-post","status-publish","format-standard","has-post-thumbnail","hentry","category-economia"],"aioseo_notices":[],"aioseo_head":"\n\t\t<!-- All in One SEO Pro 4.9.6.2 - aioseo.com -->\n\t<meta name=\"description\" content=\"La Directora General de Producciones y Mercados Agrarios, Esperanza Orellana, ha presidido un encuentro con el sector de la fruta dulce, que se enmarca en los compromisos derivados de la Mesa de Di\u00e1logo que reuni\u00f3 al ministro con los representantes sectoriales de las frutas y hortalizas el pasado 13 de febrero. En la reuni\u00f3n sectorial\" \/>\n\t<meta name=\"robots\" content=\"max-image-preview:large\" \/>\n\t<meta name=\"author\" content=\"El Digital de Asturias\"\/>\n\t<meta name=\"google-site-verification\" content=\"UA-38556648-1\" \/>\n\t<meta name=\"msvalidate.01\" content=\"7dfe9f3f1b24437ab69f4f2559babe99\" \/>\n\t<meta name=\"keywords\" content=\"econom\u00eda\" \/>\n\t<link rel=\"canonical\" href=\"https:\/\/www.eldigitaldeasturias.com\/noticias\/orellana-se-ha-reunido-con-el-sector-de-la-fruta-dulce\/\" \/>\n\t<meta name=\"generator\" content=\"All in One SEO Pro (AIOSEO) 4.9.6.2\" \/>\n\t\t<meta property=\"og:locale\" content=\"es_ES\" \/>\n\t\t<meta property=\"og:site_name\" content=\"El Digital de Asturias\" \/>\n\t\t<meta property=\"og:type\" content=\"article\" \/>\n\t\t<meta property=\"og:title\" content=\"Orellana se ha reunido con el sector de la fruta dulce - El Digital de Asturias\" \/>\n\t\t<meta property=\"og:description\" content=\"La Directora General de Producciones y Mercados Agrarios, Esperanza Orellana, ha presidido un encuentro con el sector de la fruta dulce, que se enmarca en los compromisos derivados de la Mesa de Di\u00e1logo que reuni\u00f3 al ministro con los representantes sectoriales de las frutas y hortalizas el pasado 13 de febrero. En la reuni\u00f3n sectorial\" \/>\n\t\t<meta property=\"og:url\" content=\"https:\/\/www.eldigitaldeasturias.com\/noticias\/orellana-se-ha-reunido-con-el-sector-de-la-fruta-dulce\/\" \/>\n\t\t<meta property=\"og:image\" content=\"https:\/\/www.eldigitaldeasturias.com\/noticias\/wp-content\/uploads\/2020\/03\/280220-frutas_dulce.jpg\" \/>\n\t\t<meta property=\"og:image:secure_url\" content=\"https:\/\/www.eldigitaldeasturias.com\/noticias\/wp-content\/uploads\/2020\/03\/280220-frutas_dulce.jpg\" \/>\n\t\t<meta property=\"og:image:width\" content=\"512\" \/>\n\t\t<meta property=\"og:image:height\" content=\"340\" \/>\n\t\t<meta property=\"article:tag\" content=\"econom\u00eda\" \/>\n\t\t<meta property=\"article:published_time\" content=\"2020-03-01T19:22:03+00:00\" \/>\n\t\t<meta property=\"article:modified_time\" content=\"2020-03-01T19:22:03+00:00\" \/>\n\t\t<meta property=\"article:publisher\" content=\"https:\/\/facebook.com\/eldigitaldeasturias\" \/>\n\t\t<meta name=\"twitter:card\" content=\"summary_large_image\" \/>\n\t\t<meta name=\"twitter:title\" content=\"Orellana se ha reunido con el sector de la fruta dulce - El Digital de Asturias\" \/>\n\t\t<meta name=\"twitter:description\" content=\"La Directora General de Producciones y Mercados Agrarios, Esperanza Orellana, ha presidido un encuentro con el sector de la fruta dulce, que se enmarca en los compromisos derivados de la Mesa de Di\u00e1logo que reuni\u00f3 al ministro con los representantes sectoriales de las frutas y hortalizas el pasado 13 de febrero. En la reuni\u00f3n sectorial\" \/>\n\t\t<meta name=\"twitter:image\" content=\"https:\/\/www.eldigitaldeasturias.com\/noticias\/wp-content\/uploads\/2020\/03\/280220-frutas_dulce.jpg\" \/>\n\t\t<meta name=\"twitter:label1\" content=\"Escrito por\" \/>\n\t\t<meta name=\"twitter:data1\" content=\"El Digital de Asturias\" \/>\n\t\t<meta name=\"twitter:label2\" content=\"Tiempo de lectura estimado\" \/>\n\t\t<meta name=\"twitter:data2\" content=\"4 minutos\" \/>\n\t\t<script type=\"application\/ld+json\" class=\"aioseo-schema\">\n\t\t\t{\"@context\":\"https:\\\/\\\/schema.org\",\"@graph\":[{\"@type\":\"BlogPosting\",\"@id\":\"https:\\\/\\\/www.eldigitaldeasturias.com\\\/noticias\\\/orellana-se-ha-reunido-con-el-sector-de-la-fruta-dulce\\\/#blogposting\",\"name\":\"Orellana se ha reunido con el sector de la fruta dulce - El Digital de Asturias\",\"headline\":\"Orellana se ha reunido con el sector de la fruta dulce\",\"author\":{\"@id\":\"https:\\\/\\\/www.eldigitaldeasturias.com\\\/noticias\\\/author\\\/admin\\\/#author\"},\"publisher\":{\"@id\":\"https:\\\/\\\/www.eldigitaldeasturias.com\\\/noticias\\\/#organization\"},\"image\":{\"@type\":\"ImageObject\",\"url\":\"https:\\\/\\\/www.eldigitaldeasturias.com\\\/noticias\\\/wp-content\\\/uploads\\\/2020\\\/03\\\/280220-frutas_dulce.jpg\",\"width\":512,\"height\":340},\"datePublished\":\"2020-03-01T19:22:03+01:00\",\"dateModified\":\"2020-03-01T19:22:03+01:00\",\"inLanguage\":\"es-ES\",\"mainEntityOfPage\":{\"@id\":\"https:\\\/\\\/www.eldigitaldeasturias.com\\\/noticias\\\/orellana-se-ha-reunido-con-el-sector-de-la-fruta-dulce\\\/#webpage\"},\"isPartOf\":{\"@id\":\"https:\\\/\\\/www.eldigitaldeasturias.com\\\/noticias\\\/orellana-se-ha-reunido-con-el-sector-de-la-fruta-dulce\\\/#webpage\"},\"articleSection\":\"Econom\\u00eda\"},{\"@type\":\"BreadcrumbList\",\"@id\":\"https:\\\/\\\/www.eldigitaldeasturias.com\\\/noticias\\\/orellana-se-ha-reunido-con-el-sector-de-la-fruta-dulce\\\/#breadcrumblist\",\"itemListElement\":[{\"@type\":\"ListItem\",\"@id\":\"https:\\\/\\\/www.eldigitaldeasturias.com\\\/noticias#listItem\",\"position\":1,\"name\":\"Home\",\"item\":\"https:\\\/\\\/www.eldigitaldeasturias.com\\\/noticias\",\"nextItem\":{\"@type\":\"ListItem\",\"@id\":\"https:\\\/\\\/www.eldigitaldeasturias.com\\\/noticias\\\/category\\\/economia\\\/#listItem\",\"name\":\"Econom\\u00eda\"}},{\"@type\":\"ListItem\",\"@id\":\"https:\\\/\\\/www.eldigitaldeasturias.com\\\/noticias\\\/category\\\/economia\\\/#listItem\",\"position\":2,\"name\":\"Econom\\u00eda\",\"item\":\"https:\\\/\\\/www.eldigitaldeasturias.com\\\/noticias\\\/category\\\/economia\\\/\",\"nextItem\":{\"@type\":\"ListItem\",\"@id\":\"https:\\\/\\\/www.eldigitaldeasturias.com\\\/noticias\\\/orellana-se-ha-reunido-con-el-sector-de-la-fruta-dulce\\\/#listItem\",\"name\":\"Orellana se ha reunido con el sector de la fruta dulce\"},\"previousItem\":{\"@type\":\"ListItem\",\"@id\":\"https:\\\/\\\/www.eldigitaldeasturias.com\\\/noticias#listItem\",\"name\":\"Home\"}},{\"@type\":\"ListItem\",\"@id\":\"https:\\\/\\\/www.eldigitaldeasturias.com\\\/noticias\\\/orellana-se-ha-reunido-con-el-sector-de-la-fruta-dulce\\\/#listItem\",\"position\":3,\"name\":\"Orellana se ha reunido con el sector de la fruta dulce\",\"previousItem\":{\"@type\":\"ListItem\",\"@id\":\"https:\\\/\\\/www.eldigitaldeasturias.com\\\/noticias\\\/category\\\/economia\\\/#listItem\",\"name\":\"Econom\\u00eda\"}}]},{\"@type\":\"Organization\",\"@id\":\"https:\\\/\\\/www.eldigitaldeasturias.com\\\/noticias\\\/#organization\",\"name\":\"El Digital de Asturias\",\"description\":\"Hemeroteca\",\"url\":\"https:\\\/\\\/www.eldigitaldeasturias.com\\\/noticias\\\/\",\"email\":\"info@eldigitaldeasturias.com\",\"telephone\":\"+34652131393\",\"logo\":{\"@type\":\"ImageObject\",\"url\":\"https:\\\/\\\/www.eldigitaldeasturias.com\\\/noticias\\\/wp-content\\\/uploads\\\/2020\\\/12\\\/EDA.jpg\",\"@id\":\"https:\\\/\\\/www.eldigitaldeasturias.com\\\/noticias\\\/orellana-se-ha-reunido-con-el-sector-de-la-fruta-dulce\\\/#organizationLogo\",\"width\":649,\"height\":297},\"image\":{\"@id\":\"https:\\\/\\\/www.eldigitaldeasturias.com\\\/noticias\\\/orellana-se-ha-reunido-con-el-sector-de-la-fruta-dulce\\\/#organizationLogo\"},\"sameAs\":[\"https:\\\/\\\/facebook.com\\\/eldigitaldeasturias\",\"https:\\\/\\\/www.youtube.com\\\/channel\\\/UCZP-2wLEB9Rv6erhFmqVnvg\"],\"address\":{\"@id\":\"https:\\\/\\\/www.eldigitaldeasturias.com\\\/noticias\\\/#postaladdress\",\"@type\":\"PostalAddress\",\"streetAddress\":\"san antonio 4,\",\"postalCode\":\"33430\",\"addressLocality\":\"Cand\\u00e1s\",\"addressRegion\":\"Asturias\",\"addressCountry\":\"ES\"}},{\"@type\":\"Person\",\"@id\":\"https:\\\/\\\/www.eldigitaldeasturias.com\\\/noticias\\\/author\\\/admin\\\/#author\",\"url\":\"https:\\\/\\\/www.eldigitaldeasturias.com\\\/noticias\\\/author\\\/admin\\\/\",\"name\":\"El Digital de Asturias\",\"image\":{\"@type\":\"ImageObject\",\"@id\":\"https:\\\/\\\/www.eldigitaldeasturias.com\\\/noticias\\\/orellana-se-ha-reunido-con-el-sector-de-la-fruta-dulce\\\/#authorImage\",\"url\":\"https:\\\/\\\/www.eldigitaldeasturias.com\\\/noticias\\\/wp-content\\\/litespeed\\\/avatar\\\/18677e78aa0546b92d9dbf31ec7d7668.jpg?ver=1777290358\",\"width\":96,\"height\":96,\"caption\":\"El Digital de Asturias\"}},{\"@type\":\"WebPage\",\"@id\":\"https:\\\/\\\/www.eldigitaldeasturias.com\\\/noticias\\\/orellana-se-ha-reunido-con-el-sector-de-la-fruta-dulce\\\/#webpage\",\"url\":\"https:\\\/\\\/www.eldigitaldeasturias.com\\\/noticias\\\/orellana-se-ha-reunido-con-el-sector-de-la-fruta-dulce\\\/\",\"name\":\"Orellana se ha reunido con el sector de la fruta dulce - El Digital de Asturias\",\"description\":\"La Directora General de Producciones y Mercados Agrarios, Esperanza Orellana, ha presidido un encuentro con el sector de la fruta dulce, que se enmarca en los compromisos derivados de la Mesa de Di\\u00e1logo que reuni\\u00f3 al ministro con los representantes sectoriales de las frutas y hortalizas el pasado 13 de febrero. En la reuni\\u00f3n sectorial\",\"inLanguage\":\"es-ES\",\"isPartOf\":{\"@id\":\"https:\\\/\\\/www.eldigitaldeasturias.com\\\/noticias\\\/#website\"},\"breadcrumb\":{\"@id\":\"https:\\\/\\\/www.eldigitaldeasturias.com\\\/noticias\\\/orellana-se-ha-reunido-con-el-sector-de-la-fruta-dulce\\\/#breadcrumblist\"},\"author\":{\"@id\":\"https:\\\/\\\/www.eldigitaldeasturias.com\\\/noticias\\\/author\\\/admin\\\/#author\"},\"creator\":{\"@id\":\"https:\\\/\\\/www.eldigitaldeasturias.com\\\/noticias\\\/author\\\/admin\\\/#author\"},\"image\":{\"@type\":\"ImageObject\",\"url\":\"https:\\\/\\\/www.eldigitaldeasturias.com\\\/noticias\\\/wp-content\\\/uploads\\\/2020\\\/03\\\/280220-frutas_dulce.jpg\",\"@id\":\"https:\\\/\\\/www.eldigitaldeasturias.com\\\/noticias\\\/orellana-se-ha-reunido-con-el-sector-de-la-fruta-dulce\\\/#mainImage\",\"width\":512,\"height\":340},\"primaryImageOfPage\":{\"@id\":\"https:\\\/\\\/www.eldigitaldeasturias.com\\\/noticias\\\/orellana-se-ha-reunido-con-el-sector-de-la-fruta-dulce\\\/#mainImage\"},\"datePublished\":\"2020-03-01T19:22:03+01:00\",\"dateModified\":\"2020-03-01T19:22:03+01:00\"},{\"@type\":\"WebSite\",\"@id\":\"https:\\\/\\\/www.eldigitaldeasturias.com\\\/noticias\\\/#website\",\"url\":\"https:\\\/\\\/www.eldigitaldeasturias.com\\\/noticias\\\/\",\"name\":\"El Digital de Asturias - Diario de actualidad y noticias\",\"alternateName\":\"El Digital de Asturias - Diario de actualidad y noticias\",\"description\":\"Hemeroteca\",\"inLanguage\":\"es-ES\",\"publisher\":{\"@id\":\"https:\\\/\\\/www.eldigitaldeasturias.com\\\/noticias\\\/#organization\"}}]}\n\t\t<\/script>\n\t\t<!-- All in One SEO Pro -->\r\n\t\t<title>Orellana se ha reunido con el sector de la fruta dulce - El Digital de Asturias<\/title>\n\n","aioseo_head_json":{"title":"Orellana se ha reunido con el sector de la fruta dulce - El Digital de Asturias","description":"La Directora General de Producciones y Mercados Agrarios, Esperanza Orellana, ha presidido un encuentro con el sector de la fruta dulce, que se enmarca en los compromisos derivados de la Mesa de Di\u00e1logo que reuni\u00f3 al ministro con los representantes sectoriales de las frutas y hortalizas el pasado 13 de febrero. En la reuni\u00f3n sectorial","canonical_url":"https:\/\/www.eldigitaldeasturias.com\/noticias\/orellana-se-ha-reunido-con-el-sector-de-la-fruta-dulce\/","robots":"max-image-preview:large","keywords":"econom\u00eda","webmasterTools":{"google-site-verification":"UA-38556648-1","msvalidate.01":"7dfe9f3f1b24437ab69f4f2559babe99","miscellaneous":""},"schema":{"@context":"https:\/\/schema.org","@graph":[{"@type":"BlogPosting","@id":"https:\/\/www.eldigitaldeasturias.com\/noticias\/orellana-se-ha-reunido-con-el-sector-de-la-fruta-dulce\/#blogposting","name":"Orellana se ha reunido con el sector de la fruta dulce - El Digital de Asturias","headline":"Orellana se ha reunido con el sector de la fruta dulce","author":{"@id":"https:\/\/www.eldigitaldeasturias.com\/noticias\/author\/admin\/#author"},"publisher":{"@id":"https:\/\/www.eldigitaldeasturias.com\/noticias\/#organization"},"image":{"@type":"ImageObject","url":"https:\/\/www.eldigitaldeasturias.com\/noticias\/wp-content\/uploads\/2020\/03\/280220-frutas_dulce.jpg","width":512,"height":340},"datePublished":"2020-03-01T19:22:03+01:00","dateModified":"2020-03-01T19:22:03+01:00","inLanguage":"es-ES","mainEntityOfPage":{"@id":"https:\/\/www.eldigitaldeasturias.com\/noticias\/orellana-se-ha-reunido-con-el-sector-de-la-fruta-dulce\/#webpage"},"isPartOf":{"@id":"https:\/\/www.eldigitaldeasturias.com\/noticias\/orellana-se-ha-reunido-con-el-sector-de-la-fruta-dulce\/#webpage"},"articleSection":"Econom\u00eda"},{"@type":"BreadcrumbList","@id":"https:\/\/www.eldigitaldeasturias.com\/noticias\/orellana-se-ha-reunido-con-el-sector-de-la-fruta-dulce\/#breadcrumblist","itemListElement":[{"@type":"ListItem","@id":"https:\/\/www.eldigitaldeasturias.com\/noticias#listItem","position":1,"name":"Home","item":"https:\/\/www.eldigitaldeasturias.com\/noticias","nextItem":{"@type":"ListItem","@id":"https:\/\/www.eldigitaldeasturias.com\/noticias\/category\/economia\/#listItem","name":"Econom\u00eda"}},{"@type":"ListItem","@id":"https:\/\/www.eldigitaldeasturias.com\/noticias\/category\/economia\/#listItem","position":2,"name":"Econom\u00eda","item":"https:\/\/www.eldigitaldeasturias.com\/noticias\/category\/economia\/","nextItem":{"@type":"ListItem","@id":"https:\/\/www.eldigitaldeasturias.com\/noticias\/orellana-se-ha-reunido-con-el-sector-de-la-fruta-dulce\/#listItem","name":"Orellana se ha reunido con el sector de la fruta dulce"},"previousItem":{"@type":"ListItem","@id":"https:\/\/www.eldigitaldeasturias.com\/noticias#listItem","name":"Home"}},{"@type":"ListItem","@id":"https:\/\/www.eldigitaldeasturias.com\/noticias\/orellana-se-ha-reunido-con-el-sector-de-la-fruta-dulce\/#listItem","position":3,"name":"Orellana se ha reunido con el sector de la fruta dulce","previousItem":{"@type":"ListItem","@id":"https:\/\/www.eldigitaldeasturias.com\/noticias\/category\/economia\/#listItem","name":"Econom\u00eda"}}]},{"@type":"Organization","@id":"https:\/\/www.eldigitaldeasturias.com\/noticias\/#organization","name":"El Digital de Asturias","description":"Hemeroteca","url":"https:\/\/www.eldigitaldeasturias.com\/noticias\/","email":"info@eldigitaldeasturias.com","telephone":"+34652131393","logo":{"@type":"ImageObject","url":"https:\/\/www.eldigitaldeasturias.com\/noticias\/wp-content\/uploads\/2020\/12\/EDA.jpg","@id":"https:\/\/www.eldigitaldeasturias.com\/noticias\/orellana-se-ha-reunido-con-el-sector-de-la-fruta-dulce\/#organizationLogo","width":649,"height":297},"image":{"@id":"https:\/\/www.eldigitaldeasturias.com\/noticias\/orellana-se-ha-reunido-con-el-sector-de-la-fruta-dulce\/#organizationLogo"},"sameAs":["https:\/\/facebook.com\/eldigitaldeasturias","https:\/\/www.youtube.com\/channel\/UCZP-2wLEB9Rv6erhFmqVnvg"],"address":{"@id":"https:\/\/www.eldigitaldeasturias.com\/noticias\/#postaladdress","@type":"PostalAddress","streetAddress":"san antonio 4,","postalCode":"33430","addressLocality":"Cand\u00e1s","addressRegion":"Asturias","addressCountry":"ES"}},{"@type":"Person","@id":"https:\/\/www.eldigitaldeasturias.com\/noticias\/author\/admin\/#author","url":"https:\/\/www.eldigitaldeasturias.com\/noticias\/author\/admin\/","name":"El Digital de Asturias","image":{"@type":"ImageObject","@id":"https:\/\/www.eldigitaldeasturias.com\/noticias\/orellana-se-ha-reunido-con-el-sector-de-la-fruta-dulce\/#authorImage","url":"https:\/\/www.eldigitaldeasturias.com\/noticias\/wp-content\/litespeed\/avatar\/18677e78aa0546b92d9dbf31ec7d7668.jpg?ver=1777290358","width":96,"height":96,"caption":"El Digital de Asturias"}},{"@type":"WebPage","@id":"https:\/\/www.eldigitaldeasturias.com\/noticias\/orellana-se-ha-reunido-con-el-sector-de-la-fruta-dulce\/#webpage","url":"https:\/\/www.eldigitaldeasturias.com\/noticias\/orellana-se-ha-reunido-con-el-sector-de-la-fruta-dulce\/","name":"Orellana se ha reunido con el sector de la fruta dulce - El Digital de Asturias","description":"La Directora General de Producciones y Mercados Agrarios, Esperanza Orellana, ha presidido un encuentro con el sector de la fruta dulce, que se enmarca en los compromisos derivados de la Mesa de Di\u00e1logo que reuni\u00f3 al ministro con los representantes sectoriales de las frutas y hortalizas el pasado 13 de febrero. En la reuni\u00f3n sectorial","inLanguage":"es-ES","isPartOf":{"@id":"https:\/\/www.eldigitaldeasturias.com\/noticias\/#website"},"breadcrumb":{"@id":"https:\/\/www.eldigitaldeasturias.com\/noticias\/orellana-se-ha-reunido-con-el-sector-de-la-fruta-dulce\/#breadcrumblist"},"author":{"@id":"https:\/\/www.eldigitaldeasturias.com\/noticias\/author\/admin\/#author"},"creator":{"@id":"https:\/\/www.eldigitaldeasturias.com\/noticias\/author\/admin\/#author"},"image":{"@type":"ImageObject","url":"https:\/\/www.eldigitaldeasturias.com\/noticias\/wp-content\/uploads\/2020\/03\/280220-frutas_dulce.jpg","@id":"https:\/\/www.eldigitaldeasturias.com\/noticias\/orellana-se-ha-reunido-con-el-sector-de-la-fruta-dulce\/#mainImage","width":512,"height":340},"primaryImageOfPage":{"@id":"https:\/\/www.eldigitaldeasturias.com\/noticias\/orellana-se-ha-reunido-con-el-sector-de-la-fruta-dulce\/#mainImage"},"datePublished":"2020-03-01T19:22:03+01:00","dateModified":"2020-03-01T19:22:03+01:00"},{"@type":"WebSite","@id":"https:\/\/www.eldigitaldeasturias.com\/noticias\/#website","url":"https:\/\/www.eldigitaldeasturias.com\/noticias\/","name":"El Digital de Asturias - Diario de actualidad y noticias","alternateName":"El Digital de Asturias - Diario de actualidad y noticias","description":"Hemeroteca","inLanguage":"es-ES","publisher":{"@id":"https:\/\/www.eldigitaldeasturias.com\/noticias\/#organization"}}]},"og:locale":"es_ES","og:site_name":"El Digital de Asturias","og:type":"article","og:title":"Orellana se ha reunido con el sector de la fruta dulce - El Digital de Asturias","og:description":"La Directora General de Producciones y Mercados Agrarios, Esperanza Orellana, ha presidido un encuentro con el sector de la fruta dulce, que se enmarca en los compromisos derivados de la Mesa de Di\u00e1logo que reuni\u00f3 al ministro con los representantes sectoriales de las frutas y hortalizas el pasado 13 de febrero. En la reuni\u00f3n sectorial","og:url":"https:\/\/www.eldigitaldeasturias.com\/noticias\/orellana-se-ha-reunido-con-el-sector-de-la-fruta-dulce\/","og:image":"https:\/\/www.eldigitaldeasturias.com\/noticias\/wp-content\/uploads\/2020\/03\/280220-frutas_dulce.jpg","og:image:secure_url":"https:\/\/www.eldigitaldeasturias.com\/noticias\/wp-content\/uploads\/2020\/03\/280220-frutas_dulce.jpg","og:image:width":512,"og:image:height":340,"article:tag":["econom\u00eda"],"article:published_time":"2020-03-01T19:22:03+00:00","article:modified_time":"2020-03-01T19:22:03+00:00","article:publisher":"https:\/\/facebook.com\/eldigitaldeasturias","twitter:card":"summary_large_image","twitter:title":"Orellana se ha reunido con el sector de la fruta dulce - El Digital de Asturias","twitter:description":"La Directora General de Producciones y Mercados Agrarios, Esperanza Orellana, ha presidido un encuentro con el sector de la fruta dulce, que se enmarca en los compromisos derivados de la Mesa de Di\u00e1logo que reuni\u00f3 al ministro con los representantes sectoriales de las frutas y hortalizas el pasado 13 de febrero. En la reuni\u00f3n sectorial","twitter:image":"https:\/\/www.eldigitaldeasturias.com\/noticias\/wp-content\/uploads\/2020\/03\/280220-frutas_dulce.jpg","twitter:label1":"Escrito por","twitter:data1":"El Digital de Asturias","twitter:label2":"Tiempo de lectura estimado","twitter:data2":"4 minutos"},"aioseo_meta_data":{"post_id":"1059510","title":null,"description":null,"keywords":null,"keyphrases":null,"primary_term":null,"canonical_url":null,"og_title":null,"og_description":null,"og_object_type":"default","og_image_type":"default","og_image_url":null,"og_image_width":null,"og_image_height":null,"og_image_custom_url":null,"og_image_custom_fields":null,"og_video":null,"og_custom_url":null,"og_article_section":null,"og_article_tags":null,"twitter_use_og":false,"twitter_card":"default","twitter_image_type":"default","twitter_image_url":null,"twitter_image_custom_url":null,"twitter_image_custom_fields":null,"twitter_title":null,"twitter_description":null,"schema":{"blockGraphs":[],"customGraphs":[],"default":{"data":{"Article":[],"Course":[],"Dataset":[],"FAQPage":[],"Movie":[],"Person":[],"Product":[],"ProductReview":[],"Car":[],"Recipe":[],"Service":[],"SoftwareApplication":[],"WebPage":[]},"graphName":"","isEnabled":true},"graphs":[],"defaultGraph":"","defaultPostTypeGraph":""},"schema_type":null,"schema_type_options":null,"pillar_content":false,"robots_default":true,"robots_noindex":false,"robots_noarchive":false,"robots_nosnippet":false,"robots_nofollow":false,"robots_noimageindex":false,"robots_noodp":false,"robots_notranslate":false,"robots_max_snippet":null,"robots_max_videopreview":null,"robots_max_imagepreview":"large","priority":null,"frequency":null,"local_seo":null,"seo_analyzer_scan_date":"2025-10-31 09:07:10","breadcrumb_settings":null,"limit_modified_date":false,"open_ai":null,"ai":null,"created":"2020-12-21 10:54:50","updated":"2025-10-31 09:07:10"},"aioseo_breadcrumb":"<div class=\"aioseo-breadcrumbs\"><span class=\"aioseo-breadcrumb\">\n\t<a href=\"https:\/\/www.eldigitaldeasturias.com\/noticias\" title=\"Home\">Home<\/a>\n<\/span><span class=\"aioseo-breadcrumb-separator\">\u2013<\/span><span class=\"aioseo-breadcrumb\">\n\t<a href=\"https:\/\/www.eldigitaldeasturias.com\/noticias\/category\/economia\/\" title=\"Econom\u00eda\">Econom\u00eda<\/a>\n<\/span><span class=\"aioseo-breadcrumb-separator\">\u2013<\/span><span class=\"aioseo-breadcrumb\">\n\t<a href=\"https:\/\/www.eldigitaldeasturias.com\/noticias\/orellana-se-ha-reunido-con-el-sector-de-la-fruta-dulce\/\" title=\"Orellana se ha reunido con el sector de la fruta dulce\">Orellana se ha reunido con el sector de la fruta dulce<\/a>\n<\/span><\/div>","aioseo_breadcrumb_json":[{"label":"Home","link":"https:\/\/www.eldigitaldeasturias.com\/noticias"},{"label":"Econom\u00eda","link":"https:\/\/www.eldigitaldeasturias.com\/noticias\/category\/economia\/"},{"label":"Orellana se ha reunido con el sector de la fruta dulce","link":"https:\/\/www.eldigitaldeasturias.com\/noticias\/orellana-se-ha-reunido-con-el-sector-de-la-fruta-dulce\/"}],"_links":{"self":[{"href":"https:\/\/www.eldigitaldeasturias.com\/noticias\/wp-json\/wp\/v2\/posts\/1059510","targetHints":{"allow":["GET"]}}],"collection":[{"href":"https:\/\/www.eldigitaldeasturias.com\/noticias\/wp-json\/wp\/v2\/posts"}],"about":[{"href":"https:\/\/www.eldigitaldeasturias.com\/noticias\/wp-json\/wp\/v2\/types\/post"}],"author":[{"embeddable":true,"href":"https:\/\/www.eldigitaldeasturias.com\/noticias\/wp-json\/wp\/v2\/users\/1"}],"replies":[{"embeddable":true,"href":"https:\/\/www.eldigitaldeasturias.com\/noticias\/wp-json\/wp\/v2\/comments?post=1059510"}],"version-history":[{"count":0,"href":"https:\/\/www.eldigitaldeasturias.com\/noticias\/wp-json\/wp\/v2\/posts\/1059510\/revisions"}],"wp:featuredmedia":[{"embeddable":true,"href":"https:\/\/www.eldigitaldeasturias.com\/noticias\/wp-json\/wp\/v2\/media\/1059511"}],"wp:attachment":[{"href":"https:\/\/www.eldigitaldeasturias.com\/noticias\/wp-json\/wp\/v2\/media?parent=1059510"}],"wp:term":[{"taxonomy":"category","embeddable":true,"href":"https:\/\/www.eldigitaldeasturias.com\/noticias\/wp-json\/wp\/v2\/categories?post=1059510"},{"taxonomy":"post_tag","embeddable":true,"href":"https:\/\/www.eldigitaldeasturias.com\/noticias\/wp-json\/wp\/v2\/tags?post=1059510"}],"curies":[{"name":"wp","href":"https:\/\/api.w.org\/{rel}","templated":true}]}}