{"id":1059195,"date":"2020-02-26T12:28:52","date_gmt":"2020-02-26T12:28:52","guid":{"rendered":"https:\/\/www.eldigitaldeasturias.com\/noticias\/?p=1059195"},"modified":"2020-02-26T12:29:10","modified_gmt":"2020-02-26T12:29:10","slug":"los-retos-socioeconomicos-de-los-paises-europeos","status":"publish","type":"post","link":"https:\/\/www.eldigitaldeasturias.com\/noticias\/los-retos-socioeconomicos-de-los-paises-europeos\/","title":{"rendered":"Los retos socioecon\u00f3micos de los pa\u00edses europeos"},"content":{"rendered":"<p><img loading=\"lazy\" decoding=\"async\" class=\"alignleft size-medium wp-image-983320\" src=\"https:\/\/www.eldigitaldeasturias.com\/noticias\/wp-content\/uploads\/2018\/06\/blue-1283011_960_720-360x252.jpg\" alt=\"\" width=\"360\" height=\"252\" srcset=\"https:\/\/www.eldigitaldeasturias.com\/noticias\/wp-content\/uploads\/2018\/06\/blue-1283011_960_720-360x252.jpg 360w, https:\/\/www.eldigitaldeasturias.com\/noticias\/wp-content\/uploads\/2018\/06\/blue-1283011_960_720-429x300.jpg 429w, https:\/\/www.eldigitaldeasturias.com\/noticias\/wp-content\/uploads\/2018\/06\/blue-1283011_960_720-768x537.jpg 768w, https:\/\/www.eldigitaldeasturias.com\/noticias\/wp-content\/uploads\/2018\/06\/blue-1283011_960_720-687x480.jpg 687w, https:\/\/www.eldigitaldeasturias.com\/noticias\/wp-content\/uploads\/2018\/06\/blue-1283011_960_720-20x14.jpg 20w, https:\/\/www.eldigitaldeasturias.com\/noticias\/wp-content\/uploads\/2018\/06\/blue-1283011_960_720.jpg 960w\" sizes=\"auto, (max-width: 360px) 100vw, 360px\" \/>La Comisi\u00f3n ha publicado hoy\u00a0<span style=\"color: #ff6600;\"><strong><a style=\"color: #ff6600;\" href=\"https:\/\/ec.europa.eu\/info\/publications\/2020-european-semester-country-reports_en\" target=\"_blank\" rel=\"nofollow noopener noreferrer\" data-auth=\"NotApplicable\">informes por pa\u00eds<\/a><\/strong><\/span>\u00a0en los que se analizan los principales retos socioecon\u00f3micos de cada Estado miembro.<\/p>\n<p>El an\u00e1lisis contenido en los informes por pa\u00eds refleja la\u00a0<span style=\"color: #ff6600;\"><strong><a style=\"color: #ff6600;\" href=\"https:\/\/ec.europa.eu\/info\/publications\/2020-european-semester-annual-sustainable-growth-strategy_en\" target=\"_blank\" rel=\"nofollow noopener noreferrer\" data-auth=\"NotApplicable\">Estrategia anual de crecimiento sostenible<\/a><\/strong><\/span>, presentada en diciembre de 2019, que hace hincapi\u00e9 en la sostenibilidad competitiva con el objetivo de construir una econom\u00eda que est\u00e9 al servicio de las personas y del planeta. Tambi\u00e9n se eval\u00faa, para cada Estado miembro, la aplicaci\u00f3n del pilar europeo de derechos sociales y su rendimiento en el cuadro de indicadores sociales que lo acompa\u00f1a. Los informes por pa\u00eds se centran en cuatro dimensiones: sostenibilidad medioambiental, aumento de la productividad, equidad y estabilidad macroecon\u00f3mica.<\/p>\n<p>Por primera vez, los informes tambi\u00e9n eval\u00faan los avances de los Estados miembros en el cumplimiento de los Objetivos de Desarrollo Sostenible (ODS) de las Naciones Unidas y destacan las pol\u00edticas macroecon\u00f3micas y de empleo que pueden ayudar a alcanzarlos. Tambi\u00e9n analizan los retos y oportunidades para cada pa\u00eds derivados de la transici\u00f3n clim\u00e1tica y energ\u00e9tica. En la misma l\u00ednea, se\u00f1alan las prioridades para el apoyo del\u00a0<span style=\"color: #ff6600;\"><strong><a style=\"color: #ff6600;\" href=\"https:\/\/ec.europa.eu\/commission\/presscorner\/detail\/es\/ip_20_170\" target=\"_blank\" rel=\"nofollow noopener noreferrer\" data-auth=\"NotApplicable\">Fondo de Transici\u00f3n Justa<\/a><\/strong><\/span>.<\/p>\n<p>Valdis\u00a0<strong>Dombrovskis<\/strong>, vicepresidente ejecutivo responsable de Una Econom\u00eda al Servicio de las Personas, ha declarado:\u00a0<em>\u00abLos desequilibrios en la UE se est\u00e1n reduciendo, y eso es una buena noticia. Los Estados miembros deben aprovechar esta tendencia positiva, prosiguiendo las reformas para que nuestra econom\u00eda est\u00e9 preparada para el futuro. Tienen que reducir la deuda, estimular la productividad y llevar a cabo las inversiones adecuadas para lograr una transici\u00f3n justa hacia una econom\u00eda sostenible e inclusiva. Hoy aportamos tambi\u00e9n un an\u00e1lisis espec\u00edfico de los retos de sostenibilidad medioambiental para ayudar a los Estados miembros a transitar hacia una econom\u00eda clim\u00e1ticamente neutra\u00bb.<\/em><\/p>\n<p>Nicolas\u00a0<strong>Schmit<\/strong>, comisario de Empleo y Derechos Sociales, ha afirmado lo siguiente:\u00a0<em>\u00abLa tasa de empleo en Europa ha alcanzado su m\u00e1ximo hist\u00f3rico, pero persisten las desigualdades. Debemos intensificar nuestra lucha por aumentar la igualdad mediante el refuerzo de la dimensi\u00f3n social del Semestre Europeo y la plena aplicaci\u00f3n del pilar europeo de derechos sociales. Esto pasa, entre otras cosas, por la propuesta de un marco de salarios m\u00ednimos justos, el refuerzo de la agenda de capacidades y la renovaci\u00f3n de la garant\u00eda juvenil. Se trata de un requisito previo para que las transiciones verde y digital sean efectivas y que nadie quede atr\u00e1s\u00bb.<\/em><\/p>\n<p>Paolo\u00a0<strong>Gentiloni<\/strong>, comisario de Econom\u00eda, ha declarado lo siguiente:\u00a0<em>\u00abHoy damos el primer paso para situar la sostenibilidad en el centro de la pol\u00edtica y la acci\u00f3n econ\u00f3micas de la UE. Los informes por pa\u00eds de 2020 hacen el seguimiento de los avances para cumplir los Objetivos de Desarrollo Sostenible de las Naciones Unidas e incluyen una secci\u00f3n dedicada a la sostenibilidad medioambiental. Esto va de la mano de la importancia que concede el Semestre Europeo a las cuestiones econ\u00f3micas y sociales y la correcci\u00f3n de los desequilibrios macroecon\u00f3micos. La reducci\u00f3n de los niveles de deuda p\u00fablica y privada avanza a un ritmo desigual y, si bien los d\u00e9ficits de la balanza por cuenta corriente se han corregido en su mayor parte, los grandes super\u00e1vits son a\u00fan motivo de preocupaci\u00f3n\u00bb.<\/em><\/p>\n<h3><strong>Principales conclusiones de los informes por pa\u00eds<\/strong><\/h3>\n<p>El objetivo del Pacto Verde Europeo consiste en que Europa sea el primer continente en alcanzar la neutralidad clim\u00e1tica a m\u00e1s tardar en 2050. Los informes contienen un an\u00e1lisis separado de las cuestiones relacionadas con la sostenibilidad medioambiental. El an\u00e1lisis contenido en los informes por pa\u00eds sobre las reformas y las principales necesidades de inversi\u00f3n, en \u00e1mbitos como la energ\u00eda, el transporte y los edificios, puede servir de referencia para las medidas estrat\u00e9gicas de los Estados miembros en relaci\u00f3n con esta prioridad.<\/p>\n<p>Los informes por pa\u00eds ponen de relieve que los niveles de desempleo siguen mostrando una variaci\u00f3n considerable entre Estados miembros, mientras que la pobreza y la exclusi\u00f3n social siguen disminuyendo gracias a las buenas condiciones del mercado de trabajo. Dicho esto, ser\u00e1 fundamental hacer efectiva la aplicaci\u00f3n del pilar europeo de derechos sociales para garantizar que las transiciones digital y clim\u00e1tica sean equitativas y socialmente justas.<\/p>\n<p>El aumento de la productividad sigue siendo un reto, y a\u00fan m\u00e1s en vista del cambio demogr\u00e1fico. Una inversi\u00f3n insuficiente, el envejecimiento de la poblaci\u00f3n activa y el d\u00e9ficit o la inadecuaci\u00f3n de las capacidades est\u00e1n limitando el potencial de crecimiento.<\/p>\n<p>Los Estados miembros siguen encontr\u00e1ndose en situaciones muy diferentes en lo relativo a los retos de la deuda y la sostenibilidad. Por t\u00e9rmino medio, los d\u00e9ficits p\u00fablicos en la UE han comenzado a aumentar de nuevo, invirtiendo as\u00ed la tendencia decreciente de los \u00faltimos a\u00f1os. Los elevados niveles actuales de deuda p\u00fablica constituyen una fuente de vulnerabilidad para algunos Estados miembros.<\/p>\n<p><strong>Integraci\u00f3n de los Objetivos de Desarrollo Sostenible de las Naciones Unidas<\/strong><\/p>\n<p>Una de las novedades del Semestre Europeo radica en la integraci\u00f3n de los ODS. A partir de ahora, cada informe por pa\u00eds incluir\u00e1 una evaluaci\u00f3n resumida de los avances de los Estados miembros de cara a la consecuci\u00f3n de los ODS, as\u00ed como un anexo espec\u00edfico en el que se expondr\u00e1n los resultados de los ODS de cada Estado miembro y la tendencia de los \u00faltimos cinco a\u00f1os. En conjunto, se han logrado avances en la casi totalidad de los diecisiete ODS.<\/p>\n<p>En los pr\u00f3ximos a\u00f1os, se trabajar\u00e1 para seguir profundizando en el an\u00e1lisis que permite supervisar la aplicaci\u00f3n de los ODS y para reflejar la transici\u00f3n a una econom\u00eda clim\u00e1ticamente neutra y eficiente en el uso de los recursos.<\/p>\n<p><strong>Determinar las prioridades del Fondo de Transici\u00f3n Justa<\/strong><\/p>\n<p>La transici\u00f3n a una econom\u00eda sostenible y clim\u00e1ticamente neutra debe ser equitativa y socialmente justa. Los informes por pa\u00eds se detienen en las regiones y sectores m\u00e1s afectados por la transici\u00f3n a una econom\u00eda clim\u00e1ticamente neutra. Incluyen un an\u00e1lisis de los retos de la transici\u00f3n y presentan prioridades para el apoyo del Fondo de Transici\u00f3n Justa con objeto de\u00a0<em>velar por que nadie quede atr\u00e1s en los esfuerzos de la UE por lograr la neutralidad clim\u00e1tica.<\/em><\/p>\n<p><strong>Avances en las reformas<\/strong><\/p>\n<p>Las inciertas perspectivas econ\u00f3micas acent\u00faan la importancia de las reformas para mejorar el potencial de crecimiento. Los informes por pa\u00eds eval\u00faan los avances de los Estados miembros en la aplicaci\u00f3n de las recomendaciones espec\u00edficas por pa\u00eds, que son las orientaciones adaptadas en materia de pol\u00edticas que la Comisi\u00f3n elabora cada a\u00f1o.<\/p>\n<p>Seg\u00fan los informes por pa\u00eds, la aplicaci\u00f3n de las recomendaciones adoptadas en\u00a02019 ha sido s\u00f3lida en los \u00e1mbitos de los servicios financieros y las pol\u00edticas activas del mercado de trabajo. La ejecuci\u00f3n de las reformas ha seguido siendo baja en \u00e1mbitos como la competencia en los servicios y la sostenibilidad a largo plazo de las finanzas p\u00fablicas.<\/p>\n<p>En general, los Estados miembros han registrado por lo menos algunos avances en la aplicaci\u00f3n de aproximadamente dos terceras partes de las recomendaciones que se han formulado desde la introducci\u00f3n del Semestre Europeo en 2011.<\/p>\n<p>Los Estados miembros reciben asistencia en el dise\u00f1o y la ejecuci\u00f3n de las reformas mediante el programa de apoyo a las reformas estructurales. La Comisi\u00f3n adopta hoy el\u00a0<span style=\"color: #ff6600;\"><strong><a style=\"color: #ff6600;\" href=\"https:\/\/ec.europa.eu\/info\/files\/decision-annual-work-programme-2020_en\" target=\"_blank\" rel=\"nofollow noopener noreferrer\" data-auth=\"NotApplicable\">programa de trabajo anual del programa de apoyo a las reformas estructurales para 2020<\/a><\/strong><\/span>, en el que por primera vez se prestar\u00e1 apoyo en los 27\u00a0Estados miembros, a trav\u00e9s de m\u00e1s de 240\u00a0proyectos de reforma.<\/p>\n<p><strong>Corregir los desequilibrios macroecon\u00f3micos<\/strong><\/p>\n<p>El\u00a0<a href=\"https:\/\/ec.europa.eu\/info\/business-economy-euro\/economic-and-fiscal-policy-coordination\/eu-economic-governance-monitoring-prevention-correction\/macroeconomic-imbalance-procedure_en\" target=\"_blank\" rel=\"nofollow noopener noreferrer\" data-auth=\"NotApplicable\"><span style=\"color: #ff6600;\"><strong>procedimiento de desequilibrio macroecon\u00f3mico<\/strong><\/span><\/a>\u00a0tiene por objeto detectar, prevenir y abordar la aparici\u00f3n de desequilibrios macroecon\u00f3micos potencialmente nocivos que puedan perjudicar a la estabilidad econ\u00f3mica de un Estado miembro concreto, de la zona del euro o de la UE en su conjunto.<\/p>\n<p>En el\u00a0<span style=\"color: #ff6600;\"><a style=\"color: #ff6600;\" href=\"https:\/\/ec.europa.eu\/info\/publications\/2020-european-semester-alert-mechanism-report_en\" target=\"_blank\" rel=\"nofollow noopener noreferrer\" data-auth=\"NotApplicable\">Informe sobre el Mecanismo de Alerta de 2020<\/a><\/span>, publicado el pasado mes de diciembre, se se\u00f1alaban trece Estados miembros que conven\u00eda someter a un examen exhaustivo a fin de evaluar si sufren desequilibrios o pueden estar en riesgo de sufrirlos. El an\u00e1lisis examina la gravedad de los desequilibrios, su evoluci\u00f3n y las medidas estrat\u00e9gicas para hacerles frente.<\/p>\n<p>Los resultados de estos ex\u00e1menes exhaustivos, que figuran en los informes por pa\u00eds correspondientes a los Estados miembros afectados, han llegado a las siguientes conclusiones:<\/p>\n<ul type=\"disc\">\n<li class=\"x_MsoNormal\">Grecia, Italia y Chipre siguen experimentando desequilibrios excesivos;<\/li>\n<li class=\"x_MsoNormal\">Alemania, Irlanda, Espa\u00f1a, Pa\u00edses Bajos, Francia, Croacia, Portugal, Ruman\u00eda y Suecia siguen experimentando desequilibrios;<\/li>\n<li class=\"x_MsoNormal\">Bulgaria ya no est\u00e1 experimentando desequilibrios.<\/li>\n<\/ul>\n<p><strong>Orientaciones actualizadas en materia de empleo<\/strong><\/p>\n<p>La Comisi\u00f3n ha adoptado una\u00a0<span style=\"color: #ff6600;\"><strong><a style=\"color: #ff6600;\" href=\"https:\/\/ec.europa.eu\/info\/publications\/employment-guidelines-2020_en\" target=\"_blank\" rel=\"nofollow noopener noreferrer\" data-auth=\"NotApplicable\">propuesta de actualizaci\u00f3n de las orientaciones en materia de empleo<\/a><\/strong><\/span>, que presentan las prioridades comunes para las pol\u00edticas nacionales de empleo. Con un fuerte \u00e9nfasis en el objetivo de lograr una econom\u00eda social de mercado sostenible, la propuesta adapta las orientaciones en materia de empleo a las cuatro dimensiones de la Estrategia Anual de Crecimiento Sostenible y a la Comunicaci\u00f3n de la Comisi\u00f3n\u00a0<a href=\"https:\/\/ec.europa.eu\/commission\/presscorner\/detail\/en\/qanda_20_20\" target=\"_blank\" rel=\"noopener noreferrer\" data-auth=\"NotApplicable\">\u00abUna Europa social fuerte para unas transiciones justas\u00bb<\/a>. Asimismo, integra los Objetivos de Desarrollo Sostenible de las Naciones Unidas. Las orientaciones actualizadas introducen referencias a unas condiciones de trabajo justas, transparentes y previsibles, a la mejora de las condiciones laborales de los trabajadores de las plataformas digitales, al refuerzo del papel de los interlocutores sociales y a la necesidad de prestar m\u00e1s atenci\u00f3n a los grupos de renta baja o media en cuanto a unos salarios justos que permitan un nivel de vida digno.<\/p>\n<p><strong>Informe de supervisi\u00f3n reforzada sobre Grecia<\/strong><\/p>\n<p>La Comisi\u00f3n ha adoptado el\u00a0<span style=\"color: #ff6600;\"><strong><a style=\"color: #ff6600;\" href=\"https:\/\/ec.europa.eu\/info\/publications\/enhanced-surveillance-report-greece-february-2020_en\" target=\"_blank\" rel=\"nofollow noopener noreferrer\" data-auth=\"NotApplicable\">quinto informe de supervisi\u00f3n reforzada sobre Grecia<\/a><\/strong><\/span>.<\/p>\n<p>Dicho informe llega a la conclusi\u00f3n de que Grecia ha realizado progresos en la aplicaci\u00f3n de sus compromisos de reforma espec\u00edficos para finales de 2019. Las medidas complementarias aplicadas o anunciadas por el Gobierno deber\u00edan estar finalizadas antes del sexto informe de supervisi\u00f3n reforzada, previsto para mayo de 2020. Esto requiere un compromiso continuo de las autoridades griegas, en particular en el sector financiero, donde se necesitan nuevas medidas de calado. El Eurogrupo debatir\u00e1 ahora el informe, pero no se tomar\u00e1n medidas relacionadas con la deuda.<\/p>\n<p><strong>Pr\u00f3ximas etapas<\/strong><\/p>\n<p>Est\u00e1 previsto que el Consejo debata los informes por pa\u00eds y las conclusiones de los ex\u00e1menes exhaustivos. La Comisi\u00f3n debatir\u00e1 el resumen de las conclusiones de los informes por pa\u00eds con el Parlamento Europeo. A lo largo de los pr\u00f3ximos meses, la Comisi\u00f3n trabajar\u00e1 con los Estados miembros para recabar la opini\u00f3n de los parlamentos nacionales, los gobiernos, los interlocutores sociales y otras partes interesadas acerca del an\u00e1lisis y las conclusiones de los informes por pa\u00eds.<\/p>\n<p>Se prev\u00e9 que los Estados miembros presenten sus programas nacionales de reforma en abril, en los que precisar\u00e1n las prioridades de reforma estructural y sus programas de estabilidad (en el caso de los pa\u00edses de la zona del euro) o de convergencia (en el caso de los dem\u00e1s pa\u00edses), y en los que establecer\u00e1n sus estrategias presupuestarias plurianuales.<\/p>\n<p>En la primavera de 2020, la Comisi\u00f3n presentar\u00e1 sus propuestas para una nueva serie de recomendaciones espec\u00edficas por pa\u00eds.<\/p>\n<p>&nbsp;<\/p>\n","protected":false},"excerpt":{"rendered":"<p>La Comisi\u00f3n ha publicado hoy\u00a0informes por pa\u00eds\u00a0en los que se analizan los principales retos socioecon\u00f3micos de cada Estado miembro. El an\u00e1lisis contenido en los informes por pa\u00eds refleja la\u00a0Estrategia anual de crecimiento sostenible, presentada en diciembre de 2019, que hace hincapi\u00e9 en la sostenibilidad competitiva con el objetivo de construir una econom\u00eda que est\u00e9 al [&hellip;]<\/p>\n","protected":false},"author":1,"featured_media":983320,"comment_status":"closed","ping_status":"closed","sticky":false,"template":"","format":"standard","meta":{"footnotes":""},"categories":[141,187],"tags":[],"class_list":["post-1059195","post","type-post","status-publish","format-standard","has-post-thumbnail","hentry","category-destacadas","category-economia"],"aioseo_notices":[],"aioseo_head":"\n\t\t<!-- All in One SEO Pro 4.9.6.2 - aioseo.com -->\n\t<meta name=\"description\" content=\"La Comisi\u00f3n ha publicado hoy informes por pa\u00eds en los que se analizan los principales retos socioecon\u00f3micos de cada Estado miembro. El an\u00e1lisis contenido en los informes por pa\u00eds refleja la Estrategia anual de crecimiento sostenible, presentada en diciembre de 2019, que hace hincapi\u00e9 en la sostenibilidad competitiva con el objetivo de construir una econom\u00eda que est\u00e9 al\" \/>\n\t<meta name=\"robots\" content=\"max-image-preview:large\" \/>\n\t<meta name=\"author\" content=\"El Digital de Asturias\"\/>\n\t<meta name=\"google-site-verification\" content=\"UA-38556648-1\" \/>\n\t<meta name=\"msvalidate.01\" content=\"7dfe9f3f1b24437ab69f4f2559babe99\" \/>\n\t<meta name=\"keywords\" content=\"destacadas,econom\u00eda\" \/>\n\t<link rel=\"canonical\" href=\"https:\/\/www.eldigitaldeasturias.com\/noticias\/los-retos-socioeconomicos-de-los-paises-europeos\/\" \/>\n\t<meta name=\"generator\" content=\"All in One SEO Pro (AIOSEO) 4.9.6.2\" \/>\n\t\t<meta property=\"og:locale\" content=\"es_ES\" \/>\n\t\t<meta property=\"og:site_name\" content=\"El Digital de Asturias\" \/>\n\t\t<meta property=\"og:type\" content=\"article\" \/>\n\t\t<meta property=\"og:title\" content=\"Los retos socioecon\u00f3micos de los pa\u00edses europeos - El Digital de Asturias\" \/>\n\t\t<meta property=\"og:description\" content=\"La Comisi\u00f3n ha publicado hoy informes por pa\u00eds en los que se analizan los principales retos socioecon\u00f3micos de cada Estado miembro. El an\u00e1lisis contenido en los informes por pa\u00eds refleja la Estrategia anual de crecimiento sostenible, presentada en diciembre de 2019, que hace hincapi\u00e9 en la sostenibilidad competitiva con el objetivo de construir una econom\u00eda que est\u00e9 al\" \/>\n\t\t<meta property=\"og:url\" content=\"https:\/\/www.eldigitaldeasturias.com\/noticias\/los-retos-socioeconomicos-de-los-paises-europeos\/\" \/>\n\t\t<meta property=\"og:image\" content=\"https:\/\/www.eldigitaldeasturias.com\/noticias\/wp-content\/uploads\/2018\/06\/blue-1283011_960_720.jpg\" \/>\n\t\t<meta property=\"og:image:secure_url\" content=\"https:\/\/www.eldigitaldeasturias.com\/noticias\/wp-content\/uploads\/2018\/06\/blue-1283011_960_720.jpg\" \/>\n\t\t<meta property=\"og:image:width\" content=\"960\" \/>\n\t\t<meta property=\"og:image:height\" content=\"671\" \/>\n\t\t<meta property=\"article:tag\" content=\"destacadas\" \/>\n\t\t<meta property=\"article:tag\" content=\"econom\u00eda\" \/>\n\t\t<meta property=\"article:published_time\" content=\"2020-02-26T12:28:52+00:00\" \/>\n\t\t<meta property=\"article:modified_time\" content=\"2020-02-26T12:29:10+00:00\" \/>\n\t\t<meta property=\"article:publisher\" content=\"https:\/\/facebook.com\/eldigitaldeasturias\" \/>\n\t\t<meta name=\"twitter:card\" content=\"summary_large_image\" \/>\n\t\t<meta name=\"twitter:title\" content=\"Los retos socioecon\u00f3micos de los pa\u00edses europeos - El Digital de Asturias\" \/>\n\t\t<meta name=\"twitter:description\" content=\"La Comisi\u00f3n ha publicado hoy informes por pa\u00eds en los que se analizan los principales retos socioecon\u00f3micos de cada Estado miembro. El an\u00e1lisis contenido en los informes por pa\u00eds refleja la Estrategia anual de crecimiento sostenible, presentada en diciembre de 2019, que hace hincapi\u00e9 en la sostenibilidad competitiva con el objetivo de construir una econom\u00eda que est\u00e9 al\" \/>\n\t\t<meta name=\"twitter:image\" content=\"https:\/\/www.eldigitaldeasturias.com\/noticias\/wp-content\/uploads\/2018\/06\/blue-1283011_960_720.jpg\" \/>\n\t\t<meta name=\"twitter:label1\" content=\"Escrito por\" \/>\n\t\t<meta name=\"twitter:data1\" content=\"El Digital de Asturias\" \/>\n\t\t<meta name=\"twitter:label2\" content=\"Tiempo de lectura estimado\" \/>\n\t\t<meta name=\"twitter:data2\" content=\"10 minutos\" \/>\n\t\t<script type=\"application\/ld+json\" class=\"aioseo-schema\">\n\t\t\t{\"@context\":\"https:\\\/\\\/schema.org\",\"@graph\":[{\"@type\":\"BlogPosting\",\"@id\":\"https:\\\/\\\/www.eldigitaldeasturias.com\\\/noticias\\\/los-retos-socioeconomicos-de-los-paises-europeos\\\/#blogposting\",\"name\":\"Los retos socioecon\\u00f3micos de los pa\\u00edses europeos - El Digital de Asturias\",\"headline\":\"Los retos socioecon\\u00f3micos de los pa\\u00edses europeos\",\"author\":{\"@id\":\"https:\\\/\\\/www.eldigitaldeasturias.com\\\/noticias\\\/author\\\/admin\\\/#author\"},\"publisher\":{\"@id\":\"https:\\\/\\\/www.eldigitaldeasturias.com\\\/noticias\\\/#organization\"},\"image\":{\"@type\":\"ImageObject\",\"url\":\"https:\\\/\\\/www.eldigitaldeasturias.com\\\/noticias\\\/wp-content\\\/uploads\\\/2018\\\/06\\\/blue-1283011_960_720.jpg\",\"width\":960,\"height\":671},\"datePublished\":\"2020-02-26T12:28:52+01:00\",\"dateModified\":\"2020-02-26T12:29:10+01:00\",\"inLanguage\":\"es-ES\",\"mainEntityOfPage\":{\"@id\":\"https:\\\/\\\/www.eldigitaldeasturias.com\\\/noticias\\\/los-retos-socioeconomicos-de-los-paises-europeos\\\/#webpage\"},\"isPartOf\":{\"@id\":\"https:\\\/\\\/www.eldigitaldeasturias.com\\\/noticias\\\/los-retos-socioeconomicos-de-los-paises-europeos\\\/#webpage\"},\"articleSection\":\"Destacadas, Econom\\u00eda\"},{\"@type\":\"BreadcrumbList\",\"@id\":\"https:\\\/\\\/www.eldigitaldeasturias.com\\\/noticias\\\/los-retos-socioeconomicos-de-los-paises-europeos\\\/#breadcrumblist\",\"itemListElement\":[{\"@type\":\"ListItem\",\"@id\":\"https:\\\/\\\/www.eldigitaldeasturias.com\\\/noticias#listItem\",\"position\":1,\"name\":\"Home\",\"item\":\"https:\\\/\\\/www.eldigitaldeasturias.com\\\/noticias\",\"nextItem\":{\"@type\":\"ListItem\",\"@id\":\"https:\\\/\\\/www.eldigitaldeasturias.com\\\/noticias\\\/category\\\/destacadas\\\/#listItem\",\"name\":\"Destacadas\"}},{\"@type\":\"ListItem\",\"@id\":\"https:\\\/\\\/www.eldigitaldeasturias.com\\\/noticias\\\/category\\\/destacadas\\\/#listItem\",\"position\":2,\"name\":\"Destacadas\",\"item\":\"https:\\\/\\\/www.eldigitaldeasturias.com\\\/noticias\\\/category\\\/destacadas\\\/\",\"nextItem\":{\"@type\":\"ListItem\",\"@id\":\"https:\\\/\\\/www.eldigitaldeasturias.com\\\/noticias\\\/los-retos-socioeconomicos-de-los-paises-europeos\\\/#listItem\",\"name\":\"Los retos socioecon\\u00f3micos de los pa\\u00edses europeos\"},\"previousItem\":{\"@type\":\"ListItem\",\"@id\":\"https:\\\/\\\/www.eldigitaldeasturias.com\\\/noticias#listItem\",\"name\":\"Home\"}},{\"@type\":\"ListItem\",\"@id\":\"https:\\\/\\\/www.eldigitaldeasturias.com\\\/noticias\\\/los-retos-socioeconomicos-de-los-paises-europeos\\\/#listItem\",\"position\":3,\"name\":\"Los retos socioecon\\u00f3micos de los pa\\u00edses europeos\",\"previousItem\":{\"@type\":\"ListItem\",\"@id\":\"https:\\\/\\\/www.eldigitaldeasturias.com\\\/noticias\\\/category\\\/destacadas\\\/#listItem\",\"name\":\"Destacadas\"}}]},{\"@type\":\"Organization\",\"@id\":\"https:\\\/\\\/www.eldigitaldeasturias.com\\\/noticias\\\/#organization\",\"name\":\"El Digital de Asturias\",\"description\":\"Hemeroteca\",\"url\":\"https:\\\/\\\/www.eldigitaldeasturias.com\\\/noticias\\\/\",\"email\":\"info@eldigitaldeasturias.com\",\"telephone\":\"+34652131393\",\"logo\":{\"@type\":\"ImageObject\",\"url\":\"https:\\\/\\\/www.eldigitaldeasturias.com\\\/noticias\\\/wp-content\\\/uploads\\\/2020\\\/12\\\/EDA.jpg\",\"@id\":\"https:\\\/\\\/www.eldigitaldeasturias.com\\\/noticias\\\/los-retos-socioeconomicos-de-los-paises-europeos\\\/#organizationLogo\",\"width\":649,\"height\":297},\"image\":{\"@id\":\"https:\\\/\\\/www.eldigitaldeasturias.com\\\/noticias\\\/los-retos-socioeconomicos-de-los-paises-europeos\\\/#organizationLogo\"},\"sameAs\":[\"https:\\\/\\\/facebook.com\\\/eldigitaldeasturias\",\"https:\\\/\\\/www.youtube.com\\\/channel\\\/UCZP-2wLEB9Rv6erhFmqVnvg\"],\"address\":{\"@id\":\"https:\\\/\\\/www.eldigitaldeasturias.com\\\/noticias\\\/#postaladdress\",\"@type\":\"PostalAddress\",\"streetAddress\":\"san antonio 4,\",\"postalCode\":\"33430\",\"addressLocality\":\"Cand\\u00e1s\",\"addressRegion\":\"Asturias\",\"addressCountry\":\"ES\"}},{\"@type\":\"Person\",\"@id\":\"https:\\\/\\\/www.eldigitaldeasturias.com\\\/noticias\\\/author\\\/admin\\\/#author\",\"url\":\"https:\\\/\\\/www.eldigitaldeasturias.com\\\/noticias\\\/author\\\/admin\\\/\",\"name\":\"El Digital de Asturias\",\"image\":{\"@type\":\"ImageObject\",\"@id\":\"https:\\\/\\\/www.eldigitaldeasturias.com\\\/noticias\\\/los-retos-socioeconomicos-de-los-paises-europeos\\\/#authorImage\",\"url\":\"https:\\\/\\\/www.eldigitaldeasturias.com\\\/noticias\\\/wp-content\\\/litespeed\\\/avatar\\\/18677e78aa0546b92d9dbf31ec7d7668.jpg?ver=1777290358\",\"width\":96,\"height\":96,\"caption\":\"El Digital de Asturias\"}},{\"@type\":\"WebPage\",\"@id\":\"https:\\\/\\\/www.eldigitaldeasturias.com\\\/noticias\\\/los-retos-socioeconomicos-de-los-paises-europeos\\\/#webpage\",\"url\":\"https:\\\/\\\/www.eldigitaldeasturias.com\\\/noticias\\\/los-retos-socioeconomicos-de-los-paises-europeos\\\/\",\"name\":\"Los retos socioecon\\u00f3micos de los pa\\u00edses europeos - El Digital de Asturias\",\"description\":\"La Comisi\\u00f3n ha publicado hoy informes por pa\\u00eds en los que se analizan los principales retos socioecon\\u00f3micos de cada Estado miembro. El an\\u00e1lisis contenido en los informes por pa\\u00eds refleja la Estrategia anual de crecimiento sostenible, presentada en diciembre de 2019, que hace hincapi\\u00e9 en la sostenibilidad competitiva con el objetivo de construir una econom\\u00eda que est\\u00e9 al\",\"inLanguage\":\"es-ES\",\"isPartOf\":{\"@id\":\"https:\\\/\\\/www.eldigitaldeasturias.com\\\/noticias\\\/#website\"},\"breadcrumb\":{\"@id\":\"https:\\\/\\\/www.eldigitaldeasturias.com\\\/noticias\\\/los-retos-socioeconomicos-de-los-paises-europeos\\\/#breadcrumblist\"},\"author\":{\"@id\":\"https:\\\/\\\/www.eldigitaldeasturias.com\\\/noticias\\\/author\\\/admin\\\/#author\"},\"creator\":{\"@id\":\"https:\\\/\\\/www.eldigitaldeasturias.com\\\/noticias\\\/author\\\/admin\\\/#author\"},\"image\":{\"@type\":\"ImageObject\",\"url\":\"https:\\\/\\\/www.eldigitaldeasturias.com\\\/noticias\\\/wp-content\\\/uploads\\\/2018\\\/06\\\/blue-1283011_960_720.jpg\",\"@id\":\"https:\\\/\\\/www.eldigitaldeasturias.com\\\/noticias\\\/los-retos-socioeconomicos-de-los-paises-europeos\\\/#mainImage\",\"width\":960,\"height\":671},\"primaryImageOfPage\":{\"@id\":\"https:\\\/\\\/www.eldigitaldeasturias.com\\\/noticias\\\/los-retos-socioeconomicos-de-los-paises-europeos\\\/#mainImage\"},\"datePublished\":\"2020-02-26T12:28:52+01:00\",\"dateModified\":\"2020-02-26T12:29:10+01:00\"},{\"@type\":\"WebSite\",\"@id\":\"https:\\\/\\\/www.eldigitaldeasturias.com\\\/noticias\\\/#website\",\"url\":\"https:\\\/\\\/www.eldigitaldeasturias.com\\\/noticias\\\/\",\"name\":\"El Digital de Asturias - Diario de actualidad y noticias\",\"alternateName\":\"El Digital de Asturias - Diario de actualidad y noticias\",\"description\":\"Hemeroteca\",\"inLanguage\":\"es-ES\",\"publisher\":{\"@id\":\"https:\\\/\\\/www.eldigitaldeasturias.com\\\/noticias\\\/#organization\"}}]}\n\t\t<\/script>\n\t\t<!-- All in One SEO Pro -->\r\n\t\t<title>Los retos socioecon\u00f3micos de los pa\u00edses europeos - El Digital de Asturias<\/title>\n\n","aioseo_head_json":{"title":"Los retos socioecon\u00f3micos de los pa\u00edses europeos - El Digital de Asturias","description":"La Comisi\u00f3n ha publicado hoy informes por pa\u00eds en los que se analizan los principales retos socioecon\u00f3micos de cada Estado miembro. El an\u00e1lisis contenido en los informes por pa\u00eds refleja la Estrategia anual de crecimiento sostenible, presentada en diciembre de 2019, que hace hincapi\u00e9 en la sostenibilidad competitiva con el objetivo de construir una econom\u00eda que est\u00e9 al","canonical_url":"https:\/\/www.eldigitaldeasturias.com\/noticias\/los-retos-socioeconomicos-de-los-paises-europeos\/","robots":"max-image-preview:large","keywords":"destacadas,econom\u00eda","webmasterTools":{"google-site-verification":"UA-38556648-1","msvalidate.01":"7dfe9f3f1b24437ab69f4f2559babe99","miscellaneous":""},"schema":{"@context":"https:\/\/schema.org","@graph":[{"@type":"BlogPosting","@id":"https:\/\/www.eldigitaldeasturias.com\/noticias\/los-retos-socioeconomicos-de-los-paises-europeos\/#blogposting","name":"Los retos socioecon\u00f3micos de los pa\u00edses europeos - El Digital de Asturias","headline":"Los retos socioecon\u00f3micos de los pa\u00edses europeos","author":{"@id":"https:\/\/www.eldigitaldeasturias.com\/noticias\/author\/admin\/#author"},"publisher":{"@id":"https:\/\/www.eldigitaldeasturias.com\/noticias\/#organization"},"image":{"@type":"ImageObject","url":"https:\/\/www.eldigitaldeasturias.com\/noticias\/wp-content\/uploads\/2018\/06\/blue-1283011_960_720.jpg","width":960,"height":671},"datePublished":"2020-02-26T12:28:52+01:00","dateModified":"2020-02-26T12:29:10+01:00","inLanguage":"es-ES","mainEntityOfPage":{"@id":"https:\/\/www.eldigitaldeasturias.com\/noticias\/los-retos-socioeconomicos-de-los-paises-europeos\/#webpage"},"isPartOf":{"@id":"https:\/\/www.eldigitaldeasturias.com\/noticias\/los-retos-socioeconomicos-de-los-paises-europeos\/#webpage"},"articleSection":"Destacadas, Econom\u00eda"},{"@type":"BreadcrumbList","@id":"https:\/\/www.eldigitaldeasturias.com\/noticias\/los-retos-socioeconomicos-de-los-paises-europeos\/#breadcrumblist","itemListElement":[{"@type":"ListItem","@id":"https:\/\/www.eldigitaldeasturias.com\/noticias#listItem","position":1,"name":"Home","item":"https:\/\/www.eldigitaldeasturias.com\/noticias","nextItem":{"@type":"ListItem","@id":"https:\/\/www.eldigitaldeasturias.com\/noticias\/category\/destacadas\/#listItem","name":"Destacadas"}},{"@type":"ListItem","@id":"https:\/\/www.eldigitaldeasturias.com\/noticias\/category\/destacadas\/#listItem","position":2,"name":"Destacadas","item":"https:\/\/www.eldigitaldeasturias.com\/noticias\/category\/destacadas\/","nextItem":{"@type":"ListItem","@id":"https:\/\/www.eldigitaldeasturias.com\/noticias\/los-retos-socioeconomicos-de-los-paises-europeos\/#listItem","name":"Los retos socioecon\u00f3micos de los pa\u00edses europeos"},"previousItem":{"@type":"ListItem","@id":"https:\/\/www.eldigitaldeasturias.com\/noticias#listItem","name":"Home"}},{"@type":"ListItem","@id":"https:\/\/www.eldigitaldeasturias.com\/noticias\/los-retos-socioeconomicos-de-los-paises-europeos\/#listItem","position":3,"name":"Los retos socioecon\u00f3micos de los pa\u00edses europeos","previousItem":{"@type":"ListItem","@id":"https:\/\/www.eldigitaldeasturias.com\/noticias\/category\/destacadas\/#listItem","name":"Destacadas"}}]},{"@type":"Organization","@id":"https:\/\/www.eldigitaldeasturias.com\/noticias\/#organization","name":"El Digital de Asturias","description":"Hemeroteca","url":"https:\/\/www.eldigitaldeasturias.com\/noticias\/","email":"info@eldigitaldeasturias.com","telephone":"+34652131393","logo":{"@type":"ImageObject","url":"https:\/\/www.eldigitaldeasturias.com\/noticias\/wp-content\/uploads\/2020\/12\/EDA.jpg","@id":"https:\/\/www.eldigitaldeasturias.com\/noticias\/los-retos-socioeconomicos-de-los-paises-europeos\/#organizationLogo","width":649,"height":297},"image":{"@id":"https:\/\/www.eldigitaldeasturias.com\/noticias\/los-retos-socioeconomicos-de-los-paises-europeos\/#organizationLogo"},"sameAs":["https:\/\/facebook.com\/eldigitaldeasturias","https:\/\/www.youtube.com\/channel\/UCZP-2wLEB9Rv6erhFmqVnvg"],"address":{"@id":"https:\/\/www.eldigitaldeasturias.com\/noticias\/#postaladdress","@type":"PostalAddress","streetAddress":"san antonio 4,","postalCode":"33430","addressLocality":"Cand\u00e1s","addressRegion":"Asturias","addressCountry":"ES"}},{"@type":"Person","@id":"https:\/\/www.eldigitaldeasturias.com\/noticias\/author\/admin\/#author","url":"https:\/\/www.eldigitaldeasturias.com\/noticias\/author\/admin\/","name":"El Digital de Asturias","image":{"@type":"ImageObject","@id":"https:\/\/www.eldigitaldeasturias.com\/noticias\/los-retos-socioeconomicos-de-los-paises-europeos\/#authorImage","url":"https:\/\/www.eldigitaldeasturias.com\/noticias\/wp-content\/litespeed\/avatar\/18677e78aa0546b92d9dbf31ec7d7668.jpg?ver=1777290358","width":96,"height":96,"caption":"El Digital de Asturias"}},{"@type":"WebPage","@id":"https:\/\/www.eldigitaldeasturias.com\/noticias\/los-retos-socioeconomicos-de-los-paises-europeos\/#webpage","url":"https:\/\/www.eldigitaldeasturias.com\/noticias\/los-retos-socioeconomicos-de-los-paises-europeos\/","name":"Los retos socioecon\u00f3micos de los pa\u00edses europeos - El Digital de Asturias","description":"La Comisi\u00f3n ha publicado hoy informes por pa\u00eds en los que se analizan los principales retos socioecon\u00f3micos de cada Estado miembro. El an\u00e1lisis contenido en los informes por pa\u00eds refleja la Estrategia anual de crecimiento sostenible, presentada en diciembre de 2019, que hace hincapi\u00e9 en la sostenibilidad competitiva con el objetivo de construir una econom\u00eda que est\u00e9 al","inLanguage":"es-ES","isPartOf":{"@id":"https:\/\/www.eldigitaldeasturias.com\/noticias\/#website"},"breadcrumb":{"@id":"https:\/\/www.eldigitaldeasturias.com\/noticias\/los-retos-socioeconomicos-de-los-paises-europeos\/#breadcrumblist"},"author":{"@id":"https:\/\/www.eldigitaldeasturias.com\/noticias\/author\/admin\/#author"},"creator":{"@id":"https:\/\/www.eldigitaldeasturias.com\/noticias\/author\/admin\/#author"},"image":{"@type":"ImageObject","url":"https:\/\/www.eldigitaldeasturias.com\/noticias\/wp-content\/uploads\/2018\/06\/blue-1283011_960_720.jpg","@id":"https:\/\/www.eldigitaldeasturias.com\/noticias\/los-retos-socioeconomicos-de-los-paises-europeos\/#mainImage","width":960,"height":671},"primaryImageOfPage":{"@id":"https:\/\/www.eldigitaldeasturias.com\/noticias\/los-retos-socioeconomicos-de-los-paises-europeos\/#mainImage"},"datePublished":"2020-02-26T12:28:52+01:00","dateModified":"2020-02-26T12:29:10+01:00"},{"@type":"WebSite","@id":"https:\/\/www.eldigitaldeasturias.com\/noticias\/#website","url":"https:\/\/www.eldigitaldeasturias.com\/noticias\/","name":"El Digital de Asturias - Diario de actualidad y noticias","alternateName":"El Digital de Asturias - Diario de actualidad y noticias","description":"Hemeroteca","inLanguage":"es-ES","publisher":{"@id":"https:\/\/www.eldigitaldeasturias.com\/noticias\/#organization"}}]},"og:locale":"es_ES","og:site_name":"El Digital de Asturias","og:type":"article","og:title":"Los retos socioecon\u00f3micos de los pa\u00edses europeos - El Digital de Asturias","og:description":"La Comisi\u00f3n ha publicado hoy informes por pa\u00eds en los que se analizan los principales retos socioecon\u00f3micos de cada Estado miembro. El an\u00e1lisis contenido en los informes por pa\u00eds refleja la Estrategia anual de crecimiento sostenible, presentada en diciembre de 2019, que hace hincapi\u00e9 en la sostenibilidad competitiva con el objetivo de construir una econom\u00eda que est\u00e9 al","og:url":"https:\/\/www.eldigitaldeasturias.com\/noticias\/los-retos-socioeconomicos-de-los-paises-europeos\/","og:image":"https:\/\/www.eldigitaldeasturias.com\/noticias\/wp-content\/uploads\/2018\/06\/blue-1283011_960_720.jpg","og:image:secure_url":"https:\/\/www.eldigitaldeasturias.com\/noticias\/wp-content\/uploads\/2018\/06\/blue-1283011_960_720.jpg","og:image:width":960,"og:image:height":671,"article:tag":["destacadas","econom\u00eda"],"article:published_time":"2020-02-26T12:28:52+00:00","article:modified_time":"2020-02-26T12:29:10+00:00","article:publisher":"https:\/\/facebook.com\/eldigitaldeasturias","twitter:card":"summary_large_image","twitter:title":"Los retos socioecon\u00f3micos de los pa\u00edses europeos - El Digital de Asturias","twitter:description":"La Comisi\u00f3n ha publicado hoy informes por pa\u00eds en los que se analizan los principales retos socioecon\u00f3micos de cada Estado miembro. El an\u00e1lisis contenido en los informes por pa\u00eds refleja la Estrategia anual de crecimiento sostenible, presentada en diciembre de 2019, que hace hincapi\u00e9 en la sostenibilidad competitiva con el objetivo de construir una econom\u00eda que est\u00e9 al","twitter:image":"https:\/\/www.eldigitaldeasturias.com\/noticias\/wp-content\/uploads\/2018\/06\/blue-1283011_960_720.jpg","twitter:label1":"Escrito por","twitter:data1":"El Digital de Asturias","twitter:label2":"Tiempo de lectura estimado","twitter:data2":"10 minutos"},"aioseo_meta_data":{"post_id":"1059195","title":null,"description":null,"keywords":null,"keyphrases":null,"primary_term":null,"canonical_url":null,"og_title":null,"og_description":null,"og_object_type":"default","og_image_type":"default","og_image_url":null,"og_image_width":null,"og_image_height":null,"og_image_custom_url":null,"og_image_custom_fields":null,"og_video":null,"og_custom_url":null,"og_article_section":null,"og_article_tags":null,"twitter_use_og":false,"twitter_card":"default","twitter_image_type":"default","twitter_image_url":null,"twitter_image_custom_url":null,"twitter_image_custom_fields":null,"twitter_title":null,"twitter_description":null,"schema":{"blockGraphs":[],"customGraphs":[],"default":{"data":{"Article":[],"Course":[],"Dataset":[],"FAQPage":[],"Movie":[],"Person":[],"Product":[],"ProductReview":[],"Car":[],"Recipe":[],"Service":[],"SoftwareApplication":[],"WebPage":[]},"graphName":"","isEnabled":true},"graphs":[],"defaultGraph":"","defaultPostTypeGraph":""},"schema_type":null,"schema_type_options":null,"pillar_content":false,"robots_default":true,"robots_noindex":false,"robots_noarchive":false,"robots_nosnippet":false,"robots_nofollow":false,"robots_noimageindex":false,"robots_noodp":false,"robots_notranslate":false,"robots_max_snippet":null,"robots_max_videopreview":null,"robots_max_imagepreview":"large","priority":null,"frequency":null,"local_seo":null,"seo_analyzer_scan_date":"2025-10-31 08:05:14","breadcrumb_settings":null,"limit_modified_date":false,"open_ai":null,"ai":null,"created":"2020-12-21 10:54:51","updated":"2025-10-31 08:05:14"},"aioseo_breadcrumb":"<div class=\"aioseo-breadcrumbs\"><span class=\"aioseo-breadcrumb\">\n\t<a href=\"https:\/\/www.eldigitaldeasturias.com\/noticias\" title=\"Home\">Home<\/a>\n<\/span><span class=\"aioseo-breadcrumb-separator\">\u2013<\/span><span class=\"aioseo-breadcrumb\">\n\t<a href=\"https:\/\/www.eldigitaldeasturias.com\/noticias\/category\/destacadas\/\" title=\"Destacadas\">Destacadas<\/a>\n<\/span><span class=\"aioseo-breadcrumb-separator\">\u2013<\/span><span class=\"aioseo-breadcrumb\">\n\t<a href=\"https:\/\/www.eldigitaldeasturias.com\/noticias\/los-retos-socioeconomicos-de-los-paises-europeos\/\" title=\"Los retos socioecon\u00f3micos de los pa\u00edses europeos\">Los retos socioecon\u00f3micos de los pa\u00edses europeos<\/a>\n<\/span><\/div>","aioseo_breadcrumb_json":[{"label":"Home","link":"https:\/\/www.eldigitaldeasturias.com\/noticias"},{"label":"Destacadas","link":"https:\/\/www.eldigitaldeasturias.com\/noticias\/category\/destacadas\/"},{"label":"Los retos socioecon\u00f3micos de los pa\u00edses europeos","link":"https:\/\/www.eldigitaldeasturias.com\/noticias\/los-retos-socioeconomicos-de-los-paises-europeos\/"}],"_links":{"self":[{"href":"https:\/\/www.eldigitaldeasturias.com\/noticias\/wp-json\/wp\/v2\/posts\/1059195","targetHints":{"allow":["GET"]}}],"collection":[{"href":"https:\/\/www.eldigitaldeasturias.com\/noticias\/wp-json\/wp\/v2\/posts"}],"about":[{"href":"https:\/\/www.eldigitaldeasturias.com\/noticias\/wp-json\/wp\/v2\/types\/post"}],"author":[{"embeddable":true,"href":"https:\/\/www.eldigitaldeasturias.com\/noticias\/wp-json\/wp\/v2\/users\/1"}],"replies":[{"embeddable":true,"href":"https:\/\/www.eldigitaldeasturias.com\/noticias\/wp-json\/wp\/v2\/comments?post=1059195"}],"version-history":[{"count":0,"href":"https:\/\/www.eldigitaldeasturias.com\/noticias\/wp-json\/wp\/v2\/posts\/1059195\/revisions"}],"wp:featuredmedia":[{"embeddable":true,"href":"https:\/\/www.eldigitaldeasturias.com\/noticias\/wp-json\/wp\/v2\/media\/983320"}],"wp:attachment":[{"href":"https:\/\/www.eldigitaldeasturias.com\/noticias\/wp-json\/wp\/v2\/media?parent=1059195"}],"wp:term":[{"taxonomy":"category","embeddable":true,"href":"https:\/\/www.eldigitaldeasturias.com\/noticias\/wp-json\/wp\/v2\/categories?post=1059195"},{"taxonomy":"post_tag","embeddable":true,"href":"https:\/\/www.eldigitaldeasturias.com\/noticias\/wp-json\/wp\/v2\/tags?post=1059195"}],"curies":[{"name":"wp","href":"https:\/\/api.w.org\/{rel}","templated":true}]}}