{"id":1059192,"date":"2020-02-26T12:20:49","date_gmt":"2020-02-26T12:20:49","guid":{"rendered":"https:\/\/www.eldigitaldeasturias.com\/noticias\/?p=1059192"},"modified":"2020-02-26T12:20:49","modified_gmt":"2020-02-26T12:20:49","slug":"vii-foro-nacional-de-desarrollo-rural-en-fima","status":"publish","type":"post","link":"https:\/\/www.eldigitaldeasturias.com\/noticias\/vii-foro-nacional-de-desarrollo-rural-en-fima\/","title":{"rendered":"VII Foro Nacional de Desarrollo Rural en FIMA"},"content":{"rendered":"<p><img loading=\"lazy\" decoding=\"async\" class=\"alignleft size-medium wp-image-1059193\" src=\"https:\/\/www.eldigitaldeasturias.com\/noticias\/wp-content\/uploads\/2020\/02\/20200226-360x243.jpg\" alt=\"\" width=\"360\" height=\"243\" srcset=\"https:\/\/www.eldigitaldeasturias.com\/noticias\/wp-content\/uploads\/2020\/02\/20200226-360x243.jpg 360w, https:\/\/www.eldigitaldeasturias.com\/noticias\/wp-content\/uploads\/2020\/02\/20200226-445x300.jpg 445w, https:\/\/www.eldigitaldeasturias.com\/noticias\/wp-content\/uploads\/2020\/02\/20200226.jpg 460w\" sizes=\"auto, (max-width: 360px) 100vw, 360px\" \/>Una vez recopiladas las 2.886 solicitudes de agricultores que han mostrado su inter\u00e9s por el Programa de asesoramiento de explotaciones en la \u00faltima convocatoria, ayer se firmaron los contratos derivados con las ocho entidades de asesoramiento que fueron adjudicatarias del contrato marco licitado por el Gobierno de Arag\u00f3n para este fin y a partir de la semana que viene ya pueden empezar los t\u00e9cnicos a asesorar en las explotaciones.<\/p>\n<p>Estas solicitudes se suman a las 4.700 solicitudes ya ha gestionado el Gobierno de Arag\u00f3n en las dos convocatorias anteriores, por lo que el total se han puesto en marcha 7.586 solicitudes desde que arrancara el programa en la pasada legislatura.<\/p>\n<p>\u201cEl objetivo es asegurar una transferencia de conocimiento eficaz hacia el sector que permita asentar los avances tecnol\u00f3gicos actuales y con ello mejorar la renta de los agricultores\u201d, ha explicado el consejero de Agricultura, Ganader\u00eda y Medio Ambiente, Joaqu\u00edn Olona en la inauguraci\u00f3n del VII Foro Nacional de Desarrollo Rural en FIMA.<\/p>\n<p>El Programa de asesoramiento cumple su tercer a\u00f1o con un incremento de la demanda de un 15 % respecto a la anualidad anterior. A este fin se destinar\u00e1n 1,2 millones en el presupuesto 2020 que cubrir\u00e1n el coste del 80 % de los asesoramientos, siendo el 20 % restante lo que asume cada agricultor interesado. El asesoramiento parte de un an\u00e1lisis efectuado por 82 t\u00e9cnicos expertos en cada explotaci\u00f3n particular y la posterior propuesta de mejora en todos los \u00e1mbitos, que van desde el asesoramiento financiero, el cumplimiento con la normativa vigente, hasta la mejora del propio sistema de producci\u00f3n, con las posibilidades de implementaci\u00f3n de nuevas tecnolog\u00edas.<\/p>\n<p>La trasferencia de conocimiento, la formaci\u00f3n, el asesoramiento y los grupos de cooperaci\u00f3n para proyectos de innovaci\u00f3n son una prioridad para el Gobierno de Arag\u00f3n a la que se llevan destinados 30 millones de euros.<\/p>\n<h3>VII Foro Nacional de Desarrollo Rural en FIMA<\/h3>\n<p>Olona ha inaugurado el VII Foro Nacional de Desarrollo Rural: La formaci\u00f3n en el sector agroalimentario, organizado por el Colegio Oficial de Ingenieros Agr\u00f3nomos de Arag\u00f3n, Navarra y Pa\u00eds Vasco, en el marco de FIMA 2020.<\/p>\n<p>La directora general de Desarrollo Rural, Innovaci\u00f3n y Formaci\u00f3n Agroalimentaria del Ministerio de Agricultura, Pesca y Alimentaci\u00f3n, Isabel Bombal, ser\u00e1 la encargada de impartir la conferencia inaugural.<\/p>\n<p>El Foro pretende ser un lugar de encuentro de todos los agentes relacionados con el \u00e1mbito formativo del sector agroalimentario. La innovaci\u00f3n es una constante en cualquier actividad del sector agroalimentario y es el tema elegido para la conferencia inaugural de este foro. Las nuevas tecnolog\u00edas est\u00e1n transformando la agricultura con un mayor uso de la inteligencia para aumentar la productividad y a su vez, conservar el medio natural.<\/p>\n<p>Se plantear\u00e1n planes formativos y tipos de formaci\u00f3n aplicados al sector agroalimentario, quedando dividido en tres \u00e1reas tem\u00e1ticas: ense\u00f1anza reglada desde la universidad, ense\u00f1anza desde la formaci\u00f3n profesional agraria para los profesionales del sector y ense\u00f1anza continua.<\/p>\n<p>&nbsp;<\/p>\n","protected":false},"excerpt":{"rendered":"<p>Una vez recopiladas las 2.886 solicitudes de agricultores que han mostrado su inter\u00e9s por el Programa de asesoramiento de explotaciones en la \u00faltima convocatoria, ayer se firmaron los contratos derivados con las ocho entidades de asesoramiento que fueron adjudicatarias del contrato marco licitado por el Gobierno de Arag\u00f3n para este fin y a partir de [&hellip;]<\/p>\n","protected":false},"author":1,"featured_media":1059193,"comment_status":"closed","ping_status":"closed","sticky":false,"template":"","format":"standard","meta":{"footnotes":""},"categories":[187],"tags":[],"class_list":["post-1059192","post","type-post","status-publish","format-standard","has-post-thumbnail","hentry","category-economia"],"aioseo_notices":[],"aioseo_head":"\n\t\t<!-- All in One SEO Pro 4.9.6.2 - aioseo.com -->\n\t<meta name=\"description\" content=\"Una vez recopiladas las 2.886 solicitudes de agricultores que han mostrado su inter\u00e9s por el Programa de asesoramiento de explotaciones en la \u00faltima convocatoria, ayer se firmaron los contratos derivados con las ocho entidades de asesoramiento que fueron adjudicatarias del contrato marco licitado por el Gobierno de Arag\u00f3n para este fin y a partir de\" \/>\n\t<meta name=\"robots\" content=\"max-image-preview:large\" \/>\n\t<meta name=\"author\" content=\"El Digital de Asturias\"\/>\n\t<meta name=\"google-site-verification\" content=\"UA-38556648-1\" \/>\n\t<meta name=\"msvalidate.01\" content=\"7dfe9f3f1b24437ab69f4f2559babe99\" \/>\n\t<meta name=\"keywords\" content=\"econom\u00eda\" \/>\n\t<link rel=\"canonical\" href=\"https:\/\/www.eldigitaldeasturias.com\/noticias\/vii-foro-nacional-de-desarrollo-rural-en-fima\/\" \/>\n\t<meta name=\"generator\" content=\"All in One SEO Pro (AIOSEO) 4.9.6.2\" \/>\n\t\t<meta property=\"og:locale\" content=\"es_ES\" \/>\n\t\t<meta property=\"og:site_name\" content=\"El Digital de Asturias\" \/>\n\t\t<meta property=\"og:type\" content=\"article\" \/>\n\t\t<meta property=\"og:title\" content=\"VII Foro Nacional de Desarrollo Rural en FIMA - El Digital de Asturias\" \/>\n\t\t<meta property=\"og:description\" content=\"Una vez recopiladas las 2.886 solicitudes de agricultores que han mostrado su inter\u00e9s por el Programa de asesoramiento de explotaciones en la \u00faltima convocatoria, ayer se firmaron los contratos derivados con las ocho entidades de asesoramiento que fueron adjudicatarias del contrato marco licitado por el Gobierno de Arag\u00f3n para este fin y a partir de\" \/>\n\t\t<meta property=\"og:url\" content=\"https:\/\/www.eldigitaldeasturias.com\/noticias\/vii-foro-nacional-de-desarrollo-rural-en-fima\/\" \/>\n\t\t<meta property=\"og:image\" content=\"https:\/\/www.eldigitaldeasturias.com\/noticias\/wp-content\/uploads\/2020\/02\/20200226.jpg\" \/>\n\t\t<meta property=\"og:image:secure_url\" content=\"https:\/\/www.eldigitaldeasturias.com\/noticias\/wp-content\/uploads\/2020\/02\/20200226.jpg\" \/>\n\t\t<meta property=\"og:image:width\" content=\"460\" \/>\n\t\t<meta property=\"og:image:height\" content=\"310\" \/>\n\t\t<meta property=\"article:tag\" content=\"econom\u00eda\" \/>\n\t\t<meta property=\"article:published_time\" content=\"2020-02-26T12:20:49+00:00\" \/>\n\t\t<meta property=\"article:modified_time\" content=\"2020-02-26T12:20:49+00:00\" \/>\n\t\t<meta property=\"article:publisher\" content=\"https:\/\/facebook.com\/eldigitaldeasturias\" \/>\n\t\t<meta name=\"twitter:card\" content=\"summary_large_image\" \/>\n\t\t<meta name=\"twitter:title\" content=\"VII Foro Nacional de Desarrollo Rural en FIMA - El Digital de Asturias\" \/>\n\t\t<meta name=\"twitter:description\" content=\"Una vez recopiladas las 2.886 solicitudes de agricultores que han mostrado su inter\u00e9s por el Programa de asesoramiento de explotaciones en la \u00faltima convocatoria, ayer se firmaron los contratos derivados con las ocho entidades de asesoramiento que fueron adjudicatarias del contrato marco licitado por el Gobierno de Arag\u00f3n para este fin y a partir de\" \/>\n\t\t<meta name=\"twitter:image\" content=\"https:\/\/www.eldigitaldeasturias.com\/noticias\/wp-content\/uploads\/2020\/02\/20200226.jpg\" \/>\n\t\t<meta name=\"twitter:label1\" content=\"Escrito por\" \/>\n\t\t<meta name=\"twitter:data1\" content=\"El Digital de Asturias\" \/>\n\t\t<meta name=\"twitter:label2\" content=\"Tiempo de lectura estimado\" \/>\n\t\t<meta name=\"twitter:data2\" content=\"3 minutos\" \/>\n\t\t<script type=\"application\/ld+json\" class=\"aioseo-schema\">\n\t\t\t{\"@context\":\"https:\\\/\\\/schema.org\",\"@graph\":[{\"@type\":\"BlogPosting\",\"@id\":\"https:\\\/\\\/www.eldigitaldeasturias.com\\\/noticias\\\/vii-foro-nacional-de-desarrollo-rural-en-fima\\\/#blogposting\",\"name\":\"VII Foro Nacional de Desarrollo Rural en FIMA - El Digital de Asturias\",\"headline\":\"VII Foro Nacional de Desarrollo Rural en FIMA\",\"author\":{\"@id\":\"https:\\\/\\\/www.eldigitaldeasturias.com\\\/noticias\\\/author\\\/admin\\\/#author\"},\"publisher\":{\"@id\":\"https:\\\/\\\/www.eldigitaldeasturias.com\\\/noticias\\\/#organization\"},\"image\":{\"@type\":\"ImageObject\",\"url\":\"https:\\\/\\\/www.eldigitaldeasturias.com\\\/noticias\\\/wp-content\\\/uploads\\\/2020\\\/02\\\/20200226.jpg\",\"width\":460,\"height\":310},\"datePublished\":\"2020-02-26T12:20:49+01:00\",\"dateModified\":\"2020-02-26T12:20:49+01:00\",\"inLanguage\":\"es-ES\",\"mainEntityOfPage\":{\"@id\":\"https:\\\/\\\/www.eldigitaldeasturias.com\\\/noticias\\\/vii-foro-nacional-de-desarrollo-rural-en-fima\\\/#webpage\"},\"isPartOf\":{\"@id\":\"https:\\\/\\\/www.eldigitaldeasturias.com\\\/noticias\\\/vii-foro-nacional-de-desarrollo-rural-en-fima\\\/#webpage\"},\"articleSection\":\"Econom\\u00eda\"},{\"@type\":\"BreadcrumbList\",\"@id\":\"https:\\\/\\\/www.eldigitaldeasturias.com\\\/noticias\\\/vii-foro-nacional-de-desarrollo-rural-en-fima\\\/#breadcrumblist\",\"itemListElement\":[{\"@type\":\"ListItem\",\"@id\":\"https:\\\/\\\/www.eldigitaldeasturias.com\\\/noticias#listItem\",\"position\":1,\"name\":\"Home\",\"item\":\"https:\\\/\\\/www.eldigitaldeasturias.com\\\/noticias\",\"nextItem\":{\"@type\":\"ListItem\",\"@id\":\"https:\\\/\\\/www.eldigitaldeasturias.com\\\/noticias\\\/category\\\/economia\\\/#listItem\",\"name\":\"Econom\\u00eda\"}},{\"@type\":\"ListItem\",\"@id\":\"https:\\\/\\\/www.eldigitaldeasturias.com\\\/noticias\\\/category\\\/economia\\\/#listItem\",\"position\":2,\"name\":\"Econom\\u00eda\",\"item\":\"https:\\\/\\\/www.eldigitaldeasturias.com\\\/noticias\\\/category\\\/economia\\\/\",\"nextItem\":{\"@type\":\"ListItem\",\"@id\":\"https:\\\/\\\/www.eldigitaldeasturias.com\\\/noticias\\\/vii-foro-nacional-de-desarrollo-rural-en-fima\\\/#listItem\",\"name\":\"VII Foro Nacional de Desarrollo Rural en FIMA\"},\"previousItem\":{\"@type\":\"ListItem\",\"@id\":\"https:\\\/\\\/www.eldigitaldeasturias.com\\\/noticias#listItem\",\"name\":\"Home\"}},{\"@type\":\"ListItem\",\"@id\":\"https:\\\/\\\/www.eldigitaldeasturias.com\\\/noticias\\\/vii-foro-nacional-de-desarrollo-rural-en-fima\\\/#listItem\",\"position\":3,\"name\":\"VII Foro Nacional de Desarrollo Rural en FIMA\",\"previousItem\":{\"@type\":\"ListItem\",\"@id\":\"https:\\\/\\\/www.eldigitaldeasturias.com\\\/noticias\\\/category\\\/economia\\\/#listItem\",\"name\":\"Econom\\u00eda\"}}]},{\"@type\":\"Organization\",\"@id\":\"https:\\\/\\\/www.eldigitaldeasturias.com\\\/noticias\\\/#organization\",\"name\":\"El Digital de Asturias\",\"description\":\"Hemeroteca\",\"url\":\"https:\\\/\\\/www.eldigitaldeasturias.com\\\/noticias\\\/\",\"email\":\"info@eldigitaldeasturias.com\",\"telephone\":\"+34652131393\",\"logo\":{\"@type\":\"ImageObject\",\"url\":\"https:\\\/\\\/www.eldigitaldeasturias.com\\\/noticias\\\/wp-content\\\/uploads\\\/2020\\\/12\\\/EDA.jpg\",\"@id\":\"https:\\\/\\\/www.eldigitaldeasturias.com\\\/noticias\\\/vii-foro-nacional-de-desarrollo-rural-en-fima\\\/#organizationLogo\",\"width\":649,\"height\":297},\"image\":{\"@id\":\"https:\\\/\\\/www.eldigitaldeasturias.com\\\/noticias\\\/vii-foro-nacional-de-desarrollo-rural-en-fima\\\/#organizationLogo\"},\"sameAs\":[\"https:\\\/\\\/facebook.com\\\/eldigitaldeasturias\",\"https:\\\/\\\/www.youtube.com\\\/channel\\\/UCZP-2wLEB9Rv6erhFmqVnvg\"],\"address\":{\"@id\":\"https:\\\/\\\/www.eldigitaldeasturias.com\\\/noticias\\\/#postaladdress\",\"@type\":\"PostalAddress\",\"streetAddress\":\"san antonio 4,\",\"postalCode\":\"33430\",\"addressLocality\":\"Cand\\u00e1s\",\"addressRegion\":\"Asturias\",\"addressCountry\":\"ES\"}},{\"@type\":\"Person\",\"@id\":\"https:\\\/\\\/www.eldigitaldeasturias.com\\\/noticias\\\/author\\\/admin\\\/#author\",\"url\":\"https:\\\/\\\/www.eldigitaldeasturias.com\\\/noticias\\\/author\\\/admin\\\/\",\"name\":\"El Digital de Asturias\",\"image\":{\"@type\":\"ImageObject\",\"@id\":\"https:\\\/\\\/www.eldigitaldeasturias.com\\\/noticias\\\/vii-foro-nacional-de-desarrollo-rural-en-fima\\\/#authorImage\",\"url\":\"https:\\\/\\\/www.eldigitaldeasturias.com\\\/noticias\\\/wp-content\\\/litespeed\\\/avatar\\\/18677e78aa0546b92d9dbf31ec7d7668.jpg?ver=1777290358\",\"width\":96,\"height\":96,\"caption\":\"El Digital de Asturias\"}},{\"@type\":\"WebPage\",\"@id\":\"https:\\\/\\\/www.eldigitaldeasturias.com\\\/noticias\\\/vii-foro-nacional-de-desarrollo-rural-en-fima\\\/#webpage\",\"url\":\"https:\\\/\\\/www.eldigitaldeasturias.com\\\/noticias\\\/vii-foro-nacional-de-desarrollo-rural-en-fima\\\/\",\"name\":\"VII Foro Nacional de Desarrollo Rural en FIMA - El Digital de Asturias\",\"description\":\"Una vez recopiladas las 2.886 solicitudes de agricultores que han mostrado su inter\\u00e9s por el Programa de asesoramiento de explotaciones en la \\u00faltima convocatoria, ayer se firmaron los contratos derivados con las ocho entidades de asesoramiento que fueron adjudicatarias del contrato marco licitado por el Gobierno de Arag\\u00f3n para este fin y a partir de\",\"inLanguage\":\"es-ES\",\"isPartOf\":{\"@id\":\"https:\\\/\\\/www.eldigitaldeasturias.com\\\/noticias\\\/#website\"},\"breadcrumb\":{\"@id\":\"https:\\\/\\\/www.eldigitaldeasturias.com\\\/noticias\\\/vii-foro-nacional-de-desarrollo-rural-en-fima\\\/#breadcrumblist\"},\"author\":{\"@id\":\"https:\\\/\\\/www.eldigitaldeasturias.com\\\/noticias\\\/author\\\/admin\\\/#author\"},\"creator\":{\"@id\":\"https:\\\/\\\/www.eldigitaldeasturias.com\\\/noticias\\\/author\\\/admin\\\/#author\"},\"image\":{\"@type\":\"ImageObject\",\"url\":\"https:\\\/\\\/www.eldigitaldeasturias.com\\\/noticias\\\/wp-content\\\/uploads\\\/2020\\\/02\\\/20200226.jpg\",\"@id\":\"https:\\\/\\\/www.eldigitaldeasturias.com\\\/noticias\\\/vii-foro-nacional-de-desarrollo-rural-en-fima\\\/#mainImage\",\"width\":460,\"height\":310},\"primaryImageOfPage\":{\"@id\":\"https:\\\/\\\/www.eldigitaldeasturias.com\\\/noticias\\\/vii-foro-nacional-de-desarrollo-rural-en-fima\\\/#mainImage\"},\"datePublished\":\"2020-02-26T12:20:49+01:00\",\"dateModified\":\"2020-02-26T12:20:49+01:00\"},{\"@type\":\"WebSite\",\"@id\":\"https:\\\/\\\/www.eldigitaldeasturias.com\\\/noticias\\\/#website\",\"url\":\"https:\\\/\\\/www.eldigitaldeasturias.com\\\/noticias\\\/\",\"name\":\"El Digital de Asturias - Diario de actualidad y noticias\",\"alternateName\":\"El Digital de Asturias - Diario de actualidad y noticias\",\"description\":\"Hemeroteca\",\"inLanguage\":\"es-ES\",\"publisher\":{\"@id\":\"https:\\\/\\\/www.eldigitaldeasturias.com\\\/noticias\\\/#organization\"}}]}\n\t\t<\/script>\n\t\t<!-- All in One SEO Pro -->\r\n\t\t<title>VII Foro Nacional de Desarrollo Rural en FIMA - El Digital de Asturias<\/title>\n\n","aioseo_head_json":{"title":"VII Foro Nacional de Desarrollo Rural en FIMA - El Digital de Asturias","description":"Una vez recopiladas las 2.886 solicitudes de agricultores que han mostrado su inter\u00e9s por el Programa de asesoramiento de explotaciones en la \u00faltima convocatoria, ayer se firmaron los contratos derivados con las ocho entidades de asesoramiento que fueron adjudicatarias del contrato marco licitado por el Gobierno de Arag\u00f3n para este fin y a partir de","canonical_url":"https:\/\/www.eldigitaldeasturias.com\/noticias\/vii-foro-nacional-de-desarrollo-rural-en-fima\/","robots":"max-image-preview:large","keywords":"econom\u00eda","webmasterTools":{"google-site-verification":"UA-38556648-1","msvalidate.01":"7dfe9f3f1b24437ab69f4f2559babe99","miscellaneous":""},"schema":{"@context":"https:\/\/schema.org","@graph":[{"@type":"BlogPosting","@id":"https:\/\/www.eldigitaldeasturias.com\/noticias\/vii-foro-nacional-de-desarrollo-rural-en-fima\/#blogposting","name":"VII Foro Nacional de Desarrollo Rural en FIMA - El Digital de Asturias","headline":"VII Foro Nacional de Desarrollo Rural en FIMA","author":{"@id":"https:\/\/www.eldigitaldeasturias.com\/noticias\/author\/admin\/#author"},"publisher":{"@id":"https:\/\/www.eldigitaldeasturias.com\/noticias\/#organization"},"image":{"@type":"ImageObject","url":"https:\/\/www.eldigitaldeasturias.com\/noticias\/wp-content\/uploads\/2020\/02\/20200226.jpg","width":460,"height":310},"datePublished":"2020-02-26T12:20:49+01:00","dateModified":"2020-02-26T12:20:49+01:00","inLanguage":"es-ES","mainEntityOfPage":{"@id":"https:\/\/www.eldigitaldeasturias.com\/noticias\/vii-foro-nacional-de-desarrollo-rural-en-fima\/#webpage"},"isPartOf":{"@id":"https:\/\/www.eldigitaldeasturias.com\/noticias\/vii-foro-nacional-de-desarrollo-rural-en-fima\/#webpage"},"articleSection":"Econom\u00eda"},{"@type":"BreadcrumbList","@id":"https:\/\/www.eldigitaldeasturias.com\/noticias\/vii-foro-nacional-de-desarrollo-rural-en-fima\/#breadcrumblist","itemListElement":[{"@type":"ListItem","@id":"https:\/\/www.eldigitaldeasturias.com\/noticias#listItem","position":1,"name":"Home","item":"https:\/\/www.eldigitaldeasturias.com\/noticias","nextItem":{"@type":"ListItem","@id":"https:\/\/www.eldigitaldeasturias.com\/noticias\/category\/economia\/#listItem","name":"Econom\u00eda"}},{"@type":"ListItem","@id":"https:\/\/www.eldigitaldeasturias.com\/noticias\/category\/economia\/#listItem","position":2,"name":"Econom\u00eda","item":"https:\/\/www.eldigitaldeasturias.com\/noticias\/category\/economia\/","nextItem":{"@type":"ListItem","@id":"https:\/\/www.eldigitaldeasturias.com\/noticias\/vii-foro-nacional-de-desarrollo-rural-en-fima\/#listItem","name":"VII Foro Nacional de Desarrollo Rural en FIMA"},"previousItem":{"@type":"ListItem","@id":"https:\/\/www.eldigitaldeasturias.com\/noticias#listItem","name":"Home"}},{"@type":"ListItem","@id":"https:\/\/www.eldigitaldeasturias.com\/noticias\/vii-foro-nacional-de-desarrollo-rural-en-fima\/#listItem","position":3,"name":"VII Foro Nacional de Desarrollo Rural en FIMA","previousItem":{"@type":"ListItem","@id":"https:\/\/www.eldigitaldeasturias.com\/noticias\/category\/economia\/#listItem","name":"Econom\u00eda"}}]},{"@type":"Organization","@id":"https:\/\/www.eldigitaldeasturias.com\/noticias\/#organization","name":"El Digital de Asturias","description":"Hemeroteca","url":"https:\/\/www.eldigitaldeasturias.com\/noticias\/","email":"info@eldigitaldeasturias.com","telephone":"+34652131393","logo":{"@type":"ImageObject","url":"https:\/\/www.eldigitaldeasturias.com\/noticias\/wp-content\/uploads\/2020\/12\/EDA.jpg","@id":"https:\/\/www.eldigitaldeasturias.com\/noticias\/vii-foro-nacional-de-desarrollo-rural-en-fima\/#organizationLogo","width":649,"height":297},"image":{"@id":"https:\/\/www.eldigitaldeasturias.com\/noticias\/vii-foro-nacional-de-desarrollo-rural-en-fima\/#organizationLogo"},"sameAs":["https:\/\/facebook.com\/eldigitaldeasturias","https:\/\/www.youtube.com\/channel\/UCZP-2wLEB9Rv6erhFmqVnvg"],"address":{"@id":"https:\/\/www.eldigitaldeasturias.com\/noticias\/#postaladdress","@type":"PostalAddress","streetAddress":"san antonio 4,","postalCode":"33430","addressLocality":"Cand\u00e1s","addressRegion":"Asturias","addressCountry":"ES"}},{"@type":"Person","@id":"https:\/\/www.eldigitaldeasturias.com\/noticias\/author\/admin\/#author","url":"https:\/\/www.eldigitaldeasturias.com\/noticias\/author\/admin\/","name":"El Digital de Asturias","image":{"@type":"ImageObject","@id":"https:\/\/www.eldigitaldeasturias.com\/noticias\/vii-foro-nacional-de-desarrollo-rural-en-fima\/#authorImage","url":"https:\/\/www.eldigitaldeasturias.com\/noticias\/wp-content\/litespeed\/avatar\/18677e78aa0546b92d9dbf31ec7d7668.jpg?ver=1777290358","width":96,"height":96,"caption":"El Digital de Asturias"}},{"@type":"WebPage","@id":"https:\/\/www.eldigitaldeasturias.com\/noticias\/vii-foro-nacional-de-desarrollo-rural-en-fima\/#webpage","url":"https:\/\/www.eldigitaldeasturias.com\/noticias\/vii-foro-nacional-de-desarrollo-rural-en-fima\/","name":"VII Foro Nacional de Desarrollo Rural en FIMA - El Digital de Asturias","description":"Una vez recopiladas las 2.886 solicitudes de agricultores que han mostrado su inter\u00e9s por el Programa de asesoramiento de explotaciones en la \u00faltima convocatoria, ayer se firmaron los contratos derivados con las ocho entidades de asesoramiento que fueron adjudicatarias del contrato marco licitado por el Gobierno de Arag\u00f3n para este fin y a partir de","inLanguage":"es-ES","isPartOf":{"@id":"https:\/\/www.eldigitaldeasturias.com\/noticias\/#website"},"breadcrumb":{"@id":"https:\/\/www.eldigitaldeasturias.com\/noticias\/vii-foro-nacional-de-desarrollo-rural-en-fima\/#breadcrumblist"},"author":{"@id":"https:\/\/www.eldigitaldeasturias.com\/noticias\/author\/admin\/#author"},"creator":{"@id":"https:\/\/www.eldigitaldeasturias.com\/noticias\/author\/admin\/#author"},"image":{"@type":"ImageObject","url":"https:\/\/www.eldigitaldeasturias.com\/noticias\/wp-content\/uploads\/2020\/02\/20200226.jpg","@id":"https:\/\/www.eldigitaldeasturias.com\/noticias\/vii-foro-nacional-de-desarrollo-rural-en-fima\/#mainImage","width":460,"height":310},"primaryImageOfPage":{"@id":"https:\/\/www.eldigitaldeasturias.com\/noticias\/vii-foro-nacional-de-desarrollo-rural-en-fima\/#mainImage"},"datePublished":"2020-02-26T12:20:49+01:00","dateModified":"2020-02-26T12:20:49+01:00"},{"@type":"WebSite","@id":"https:\/\/www.eldigitaldeasturias.com\/noticias\/#website","url":"https:\/\/www.eldigitaldeasturias.com\/noticias\/","name":"El Digital de Asturias - Diario de actualidad y noticias","alternateName":"El Digital de Asturias - Diario de actualidad y noticias","description":"Hemeroteca","inLanguage":"es-ES","publisher":{"@id":"https:\/\/www.eldigitaldeasturias.com\/noticias\/#organization"}}]},"og:locale":"es_ES","og:site_name":"El Digital de Asturias","og:type":"article","og:title":"VII Foro Nacional de Desarrollo Rural en FIMA - El Digital de Asturias","og:description":"Una vez recopiladas las 2.886 solicitudes de agricultores que han mostrado su inter\u00e9s por el Programa de asesoramiento de explotaciones en la \u00faltima convocatoria, ayer se firmaron los contratos derivados con las ocho entidades de asesoramiento que fueron adjudicatarias del contrato marco licitado por el Gobierno de Arag\u00f3n para este fin y a partir de","og:url":"https:\/\/www.eldigitaldeasturias.com\/noticias\/vii-foro-nacional-de-desarrollo-rural-en-fima\/","og:image":"https:\/\/www.eldigitaldeasturias.com\/noticias\/wp-content\/uploads\/2020\/02\/20200226.jpg","og:image:secure_url":"https:\/\/www.eldigitaldeasturias.com\/noticias\/wp-content\/uploads\/2020\/02\/20200226.jpg","og:image:width":460,"og:image:height":310,"article:tag":["econom\u00eda"],"article:published_time":"2020-02-26T12:20:49+00:00","article:modified_time":"2020-02-26T12:20:49+00:00","article:publisher":"https:\/\/facebook.com\/eldigitaldeasturias","twitter:card":"summary_large_image","twitter:title":"VII Foro Nacional de Desarrollo Rural en FIMA - El Digital de Asturias","twitter:description":"Una vez recopiladas las 2.886 solicitudes de agricultores que han mostrado su inter\u00e9s por el Programa de asesoramiento de explotaciones en la \u00faltima convocatoria, ayer se firmaron los contratos derivados con las ocho entidades de asesoramiento que fueron adjudicatarias del contrato marco licitado por el Gobierno de Arag\u00f3n para este fin y a partir de","twitter:image":"https:\/\/www.eldigitaldeasturias.com\/noticias\/wp-content\/uploads\/2020\/02\/20200226.jpg","twitter:label1":"Escrito por","twitter:data1":"El Digital de Asturias","twitter:label2":"Tiempo de lectura estimado","twitter:data2":"3 minutos"},"aioseo_meta_data":{"post_id":"1059192","title":null,"description":null,"keywords":null,"keyphrases":null,"primary_term":null,"canonical_url":null,"og_title":null,"og_description":null,"og_object_type":"default","og_image_type":"default","og_image_url":null,"og_image_width":null,"og_image_height":null,"og_image_custom_url":null,"og_image_custom_fields":null,"og_video":null,"og_custom_url":null,"og_article_section":null,"og_article_tags":null,"twitter_use_og":false,"twitter_card":"default","twitter_image_type":"default","twitter_image_url":null,"twitter_image_custom_url":null,"twitter_image_custom_fields":null,"twitter_title":null,"twitter_description":null,"schema":{"blockGraphs":[],"customGraphs":[],"default":{"data":{"Article":[],"Course":[],"Dataset":[],"FAQPage":[],"Movie":[],"Person":[],"Product":[],"ProductReview":[],"Car":[],"Recipe":[],"Service":[],"SoftwareApplication":[],"WebPage":[]},"graphName":"","isEnabled":true},"graphs":[],"defaultGraph":"","defaultPostTypeGraph":""},"schema_type":null,"schema_type_options":null,"pillar_content":false,"robots_default":true,"robots_noindex":false,"robots_noarchive":false,"robots_nosnippet":false,"robots_nofollow":false,"robots_noimageindex":false,"robots_noodp":false,"robots_notranslate":false,"robots_max_snippet":null,"robots_max_videopreview":null,"robots_max_imagepreview":"large","priority":null,"frequency":null,"local_seo":null,"seo_analyzer_scan_date":"2025-10-31 08:05:13","breadcrumb_settings":null,"limit_modified_date":false,"open_ai":null,"ai":null,"created":"2020-12-21 10:54:51","updated":"2025-10-31 08:05:13"},"aioseo_breadcrumb":"<div class=\"aioseo-breadcrumbs\"><span class=\"aioseo-breadcrumb\">\n\t<a href=\"https:\/\/www.eldigitaldeasturias.com\/noticias\" title=\"Home\">Home<\/a>\n<\/span><span class=\"aioseo-breadcrumb-separator\">\u2013<\/span><span class=\"aioseo-breadcrumb\">\n\t<a href=\"https:\/\/www.eldigitaldeasturias.com\/noticias\/category\/economia\/\" title=\"Econom\u00eda\">Econom\u00eda<\/a>\n<\/span><span class=\"aioseo-breadcrumb-separator\">\u2013<\/span><span class=\"aioseo-breadcrumb\">\n\t<a href=\"https:\/\/www.eldigitaldeasturias.com\/noticias\/vii-foro-nacional-de-desarrollo-rural-en-fima\/\" title=\"VII Foro Nacional de Desarrollo Rural en FIMA\">VII Foro Nacional de Desarrollo Rural en FIMA<\/a>\n<\/span><\/div>","aioseo_breadcrumb_json":[{"label":"Home","link":"https:\/\/www.eldigitaldeasturias.com\/noticias"},{"label":"Econom\u00eda","link":"https:\/\/www.eldigitaldeasturias.com\/noticias\/category\/economia\/"},{"label":"VII Foro Nacional de Desarrollo Rural en FIMA","link":"https:\/\/www.eldigitaldeasturias.com\/noticias\/vii-foro-nacional-de-desarrollo-rural-en-fima\/"}],"_links":{"self":[{"href":"https:\/\/www.eldigitaldeasturias.com\/noticias\/wp-json\/wp\/v2\/posts\/1059192","targetHints":{"allow":["GET"]}}],"collection":[{"href":"https:\/\/www.eldigitaldeasturias.com\/noticias\/wp-json\/wp\/v2\/posts"}],"about":[{"href":"https:\/\/www.eldigitaldeasturias.com\/noticias\/wp-json\/wp\/v2\/types\/post"}],"author":[{"embeddable":true,"href":"https:\/\/www.eldigitaldeasturias.com\/noticias\/wp-json\/wp\/v2\/users\/1"}],"replies":[{"embeddable":true,"href":"https:\/\/www.eldigitaldeasturias.com\/noticias\/wp-json\/wp\/v2\/comments?post=1059192"}],"version-history":[{"count":0,"href":"https:\/\/www.eldigitaldeasturias.com\/noticias\/wp-json\/wp\/v2\/posts\/1059192\/revisions"}],"wp:featuredmedia":[{"embeddable":true,"href":"https:\/\/www.eldigitaldeasturias.com\/noticias\/wp-json\/wp\/v2\/media\/1059193"}],"wp:attachment":[{"href":"https:\/\/www.eldigitaldeasturias.com\/noticias\/wp-json\/wp\/v2\/media?parent=1059192"}],"wp:term":[{"taxonomy":"category","embeddable":true,"href":"https:\/\/www.eldigitaldeasturias.com\/noticias\/wp-json\/wp\/v2\/categories?post=1059192"},{"taxonomy":"post_tag","embeddable":true,"href":"https:\/\/www.eldigitaldeasturias.com\/noticias\/wp-json\/wp\/v2\/tags?post=1059192"}],"curies":[{"name":"wp","href":"https:\/\/api.w.org\/{rel}","templated":true}]}}