{"id":1059108,"date":"2020-02-25T17:52:54","date_gmt":"2020-02-25T17:52:54","guid":{"rendered":"https:\/\/www.eldigitaldeasturias.com\/noticias\/?p=1059108"},"modified":"2020-02-25T17:52:54","modified_gmt":"2020-02-25T17:52:54","slug":"stand-by-5-electrodomesticos-responsables-de-hasta-el-20-de-la-factura-electrica","status":"publish","type":"post","link":"https:\/\/www.eldigitaldeasturias.com\/noticias\/stand-by-5-electrodomesticos-responsables-de-hasta-el-20-de-la-factura-electrica\/","title":{"rendered":"&#8216;Stand by&#8217;: 5 electrodom\u00e9sticos responsables de hasta el 20% de la factura el\u00e9ctrica"},"content":{"rendered":"<p><img loading=\"lazy\" decoding=\"async\" class=\"alignleft size-medium wp-image-1059109\" src=\"https:\/\/www.eldigitaldeasturias.com\/noticias\/wp-content\/uploads\/2020\/02\/1582628727_logok_Kipin_RGB_01-215x320.png\" alt=\"\" width=\"215\" height=\"320\" srcset=\"https:\/\/www.eldigitaldeasturias.com\/noticias\/wp-content\/uploads\/2020\/02\/1582628727_logok_Kipin_RGB_01-215x320.png 215w, https:\/\/www.eldigitaldeasturias.com\/noticias\/wp-content\/uploads\/2020\/02\/1582628727_logok_Kipin_RGB_01-323x480.png 323w, https:\/\/www.eldigitaldeasturias.com\/noticias\/wp-content\/uploads\/2020\/02\/1582628727_logok_Kipin_RGB_01-202x300.png 202w, https:\/\/www.eldigitaldeasturias.com\/noticias\/wp-content\/uploads\/2020\/02\/1582628727_logok_Kipin_RGB_01-768x1141.png 768w, https:\/\/www.eldigitaldeasturias.com\/noticias\/wp-content\/uploads\/2020\/02\/1582628727_logok_Kipin_RGB_01-1034x1536.png 1034w, https:\/\/www.eldigitaldeasturias.com\/noticias\/wp-content\/uploads\/2020\/02\/1582628727_logok_Kipin_RGB_01-1378x2048.png 1378w, https:\/\/www.eldigitaldeasturias.com\/noticias\/wp-content\/uploads\/2020\/02\/1582628727_logok_Kipin_RGB_01-1024x1522.png 1024w\" sizes=\"auto, (max-width: 215px) 100vw, 215px\" \/>Los espa\u00f1oles llevan a\u00f1os reduciendo el n\u00famero de bombillas en casa, cambi\u00e1ndolas por luces LED, buscando el mayor n\u00famero de \u201cA\u201d a la hora de comprar nuevos electrodom\u00e9sticos.\u00a0Sin embargo, \u00bfalguien se preocupa por ese port\u00e1til que se pasa d\u00edas enchufado sin utilizar con el pilotito parpadeando o de apagar las regletas?<\/p>\n<p>Aunque a simple vista parezca algo insignificante, la Universidad de Berkeley (California) calcula que estos \u201caparatos en espera\u201d pueden llegar a\u00a0<strong>suponer entre un 10 y un 20% de la factura mensual<\/strong>. De hecho, el pasado a\u00f1o se gast\u00f3 una\u00a0<strong>media de 647,13 euros<\/strong>\u00a0de consumo el\u00e9ctrico por hogar, cifra extra\u00edda del simulador de la factura de la luz de la Comisi\u00f3n Nacional de los Mercados y la Competencia (CNMC), pero si se hubiera apagado completamente cada electrodom\u00e9stico en \u2018stand by\u2019, el ahorro llegar\u00eda hasta<strong>\u00a0130 euros<\/strong>\u00a0al a\u00f1o. La cuant\u00eda variar\u00eda en funci\u00f3n de cu\u00e1ntos aparatos se tengan en casa y lo que consuma cada uno de ellos cuando est\u00e1 en \u2018modo reposo\u2019.<\/p>\n<p>Aunque la soluci\u00f3n ante este consumo fantasma es sencilla, desconectar los aparatos una vez se hayan usado, esto no es siempre posible con aparatos como hornos o frigor\u00edficos. Por ello, desde\u00a0<span style=\"color: #ff6600;\"><strong><a style=\"color: #ff6600;\" href=\"https:\/\/www.kipinenergy.com\/\" target=\"_blank\" rel=\"nofollow noopener noreferrer\">Kipin Energy<\/a><\/strong><\/span>\u00a0han detectado\u00a0<strong>5 electrodom\u00e9sticos que consumen una gran cantidad de energ\u00eda en \u2018stand by\u2019<\/strong>\u00a0<strong>o enchufados sin utilizar y que la mayor\u00eda de los espa\u00f1oles nunca desconectan:<\/strong><\/p>\n<p><strong>Televisi\u00f3n:\u00a0<\/strong>es uno de los grandes agujeros econ\u00f3micos en los recibos de la luz y no por lo que consumen por s\u00ed solos. Normalmente, las televisiones suelen estar enchufadas junto a reproductores de Blu-Ray, DVD, decodificadores TDT que todos juntos pueden superar los<strong>\u00a030 euros de gasto anual\u00a0<\/strong>en \u2018stand by\u2019, seg\u00fan la OCU. O lo que es lo mismo, todo este equipo en \u201cmodo reposo\u201d cuesta al a\u00f1o\u00a0<strong>3 veces m\u00e1s<\/strong>\u00a0<strong>que tener un radio despertador conectado las 24 horas del d\u00eda<\/strong>\u00a0los 365 d\u00edas del a\u00f1o.<\/p>\n<p><strong>Altavoces inteligentes.<\/strong>\u00a0Alexa, Google Assistant y otros asistentes virtuales han llegado a los hogares gracias a los altavoces inteligentes que, con una sola orden, pueden\u00a0<strong>realizar peque\u00f1as acciones para reducir el gasto como apagar o encender las luces de casa<\/strong>. Sin embargo, el\u00a0<strong>gasto anual<\/strong>\u00a0de tener uno de estos\u00a0<strong>dispositivos en espera<\/strong>\u00a0var\u00eda entre los\u00a0<strong>3 y los 7 euros<\/strong>, dependiendo del modelo.<\/p>\n<p><strong>Cafetera.<\/strong>\u00a0Estos dispositivos que solo se usan unos pocos minutos al d\u00eda pueden llegar a suponer un gasto energ\u00e9tico de\u00a0<strong>17 mil millones de kWh al a\u00f1o en toda Europa,<\/strong>\u00a0seg\u00fan un estudio de la Comisi\u00f3n Europea, o lo que es lo mismo,\u00a0<strong>2.500 millones de euros.\u00a0<\/strong>Gran parte de esta energ\u00eda no se consume al hacer caf\u00e9, sino cuando la cafetera est\u00e1 en \u2018stand by\u2019 manteniendo el agua caliente, algo que conlleva un gasto comparable al de un ordenador de sobremesa en modo de espera, seg\u00fan afirma la OCU.<\/p>\n<p><strong>Ordenadores port\u00e1tiles.<\/strong>\u00a0\u00bfDe qu\u00e9 sirve contar con un ordenador port\u00e1til con horas y horas de bater\u00eda si est\u00e1 permanentemente conectado al enchufe de casa? Este gesto no solo\u00a0<strong>conlleva casi 6 euros m\u00e1s al a\u00f1o<\/strong>\u00a0en la factura de la luz, ya que a la larga puede restar la vida \u00fatil de la bater\u00eda del dispositivo.<\/p>\n<p><strong>Regletas<\/strong>. Todos los hogares cuentan con una o varias de ellas. Sin embargo, por peque\u00f1as que sean estas regletas consumen energ\u00eda salvo que se trate de\u00a0<strong>regletas con interruptores<\/strong>\u00a0que permiten al usuario desconectar completamente el aparato que quiera o aquellos\u00a0<strong>modelos con eliminador autom\u00e1tico de \u2018stand by\u2019<\/strong>\u00a0que se apagan cuando detectan una bajada de tensi\u00f3n en el dispositivo, impidiendo que entre en reposo. La OCU aconseja enchufar los electrodom\u00e9sticos en regletas con interruptor para facilitar la desconexi\u00f3n. Esta medida puede reducir la factura de la luz en unos 60 euros al a\u00f1o.<\/p>\n<p><strong>Guillermo Garc\u00eda\u2013Baraga\u00f1o<\/strong>, director general de Kipin Energy, destaca que \u201cson muchos los aparatos electr\u00f3nicos que, por descuido o por simple desconocimiento, dejamos enchufados sin utilizarlos todo el d\u00eda. Para evitar sustos a la hora de pagar el recibo de la luz es fundamental identificar estos electrodom\u00e9sticos y desconectarlos. De esta forma, reduciremos el gasto. Desde nuestro servicio de Kipin Touch ofrecemos asesoramiento personalizado y ayudamos a detectar esos aparatos que m\u00e1s gastan para que el cliente pueda pagar solo por lo que consume\u201d.<\/p>\n<p>&nbsp;<\/p>\n","protected":false},"excerpt":{"rendered":"<p>Los espa\u00f1oles llevan a\u00f1os reduciendo el n\u00famero de bombillas en casa, cambi\u00e1ndolas por luces LED, buscando el mayor n\u00famero de \u201cA\u201d a la hora de comprar nuevos electrodom\u00e9sticos.\u00a0Sin embargo, \u00bfalguien se preocupa por ese port\u00e1til que se pasa d\u00edas enchufado sin utilizar con el pilotito parpadeando o de apagar las regletas? Aunque a simple vista [&hellip;]<\/p>\n","protected":false},"author":1,"featured_media":1059109,"comment_status":"closed","ping_status":"closed","sticky":false,"template":"","format":"standard","meta":{"footnotes":""},"categories":[187],"tags":[],"class_list":["post-1059108","post","type-post","status-publish","format-standard","has-post-thumbnail","hentry","category-economia"],"aioseo_notices":[],"aioseo_head":"\n\t\t<!-- All in One SEO Pro 4.9.6.2 - aioseo.com -->\n\t<meta name=\"description\" content=\"Los espa\u00f1oles llevan a\u00f1os reduciendo el n\u00famero de bombillas en casa, cambi\u00e1ndolas por luces LED, buscando el mayor n\u00famero de \u201cA\u201d a la hora de comprar nuevos electrodom\u00e9sticos. Sin embargo, \u00bfalguien se preocupa por ese port\u00e1til que se pasa d\u00edas enchufado sin utilizar con el pilotito parpadeando o de apagar las regletas? Aunque a simple vista\" \/>\n\t<meta name=\"robots\" content=\"max-image-preview:large\" \/>\n\t<meta name=\"author\" content=\"El Digital de Asturias\"\/>\n\t<meta name=\"google-site-verification\" content=\"UA-38556648-1\" \/>\n\t<meta name=\"msvalidate.01\" content=\"7dfe9f3f1b24437ab69f4f2559babe99\" \/>\n\t<meta name=\"keywords\" content=\"econom\u00eda\" \/>\n\t<link rel=\"canonical\" href=\"https:\/\/www.eldigitaldeasturias.com\/noticias\/stand-by-5-electrodomesticos-responsables-de-hasta-el-20-de-la-factura-electrica\/\" \/>\n\t<meta name=\"generator\" content=\"All in One SEO Pro (AIOSEO) 4.9.6.2\" \/>\n\t\t<meta property=\"og:locale\" content=\"es_ES\" \/>\n\t\t<meta property=\"og:site_name\" content=\"El Digital de Asturias\" \/>\n\t\t<meta property=\"og:type\" content=\"article\" \/>\n\t\t<meta property=\"og:title\" content=\"\u2018Stand by\u2019: 5 electrodom\u00e9sticos responsables de hasta el 20% de la factura el\u00e9ctrica - El Digital de Asturias\" \/>\n\t\t<meta property=\"og:description\" content=\"Los espa\u00f1oles llevan a\u00f1os reduciendo el n\u00famero de bombillas en casa, cambi\u00e1ndolas por luces LED, buscando el mayor n\u00famero de \u201cA\u201d a la hora de comprar nuevos electrodom\u00e9sticos. Sin embargo, \u00bfalguien se preocupa por ese port\u00e1til que se pasa d\u00edas enchufado sin utilizar con el pilotito parpadeando o de apagar las regletas? Aunque a simple vista\" \/>\n\t\t<meta property=\"og:url\" content=\"https:\/\/www.eldigitaldeasturias.com\/noticias\/stand-by-5-electrodomesticos-responsables-de-hasta-el-20-de-la-factura-electrica\/\" \/>\n\t\t<meta property=\"og:image\" content=\"https:\/\/www.eldigitaldeasturias.com\/noticias\/wp-content\/uploads\/2020\/02\/1582628727_logok_Kipin_RGB_01.png\" \/>\n\t\t<meta property=\"og:image:secure_url\" content=\"https:\/\/www.eldigitaldeasturias.com\/noticias\/wp-content\/uploads\/2020\/02\/1582628727_logok_Kipin_RGB_01.png\" \/>\n\t\t<meta property=\"og:image:width\" content=\"3180\" \/>\n\t\t<meta property=\"og:image:height\" content=\"4725\" \/>\n\t\t<meta property=\"article:tag\" content=\"econom\u00eda\" \/>\n\t\t<meta property=\"article:published_time\" content=\"2020-02-25T17:52:54+00:00\" \/>\n\t\t<meta property=\"article:modified_time\" content=\"2020-02-25T17:52:54+00:00\" \/>\n\t\t<meta property=\"article:publisher\" content=\"https:\/\/facebook.com\/eldigitaldeasturias\" \/>\n\t\t<meta name=\"twitter:card\" content=\"summary_large_image\" \/>\n\t\t<meta name=\"twitter:title\" content=\"\u2018Stand by\u2019: 5 electrodom\u00e9sticos responsables de hasta el 20% de la factura el\u00e9ctrica - El Digital de Asturias\" \/>\n\t\t<meta name=\"twitter:description\" content=\"Los espa\u00f1oles llevan a\u00f1os reduciendo el n\u00famero de bombillas en casa, cambi\u00e1ndolas por luces LED, buscando el mayor n\u00famero de \u201cA\u201d a la hora de comprar nuevos electrodom\u00e9sticos. Sin embargo, \u00bfalguien se preocupa por ese port\u00e1til que se pasa d\u00edas enchufado sin utilizar con el pilotito parpadeando o de apagar las regletas? Aunque a simple vista\" \/>\n\t\t<meta name=\"twitter:image\" content=\"https:\/\/www.eldigitaldeasturias.com\/noticias\/wp-content\/uploads\/2020\/02\/1582628727_logok_Kipin_RGB_01.png\" \/>\n\t\t<meta name=\"twitter:label1\" content=\"Escrito por\" \/>\n\t\t<meta name=\"twitter:data1\" content=\"El Digital de Asturias\" \/>\n\t\t<meta name=\"twitter:label2\" content=\"Tiempo de lectura estimado\" \/>\n\t\t<meta name=\"twitter:data2\" content=\"4 minutos\" \/>\n\t\t<script type=\"application\/ld+json\" class=\"aioseo-schema\">\n\t\t\t{\"@context\":\"https:\\\/\\\/schema.org\",\"@graph\":[{\"@type\":\"BlogPosting\",\"@id\":\"https:\\\/\\\/www.eldigitaldeasturias.com\\\/noticias\\\/stand-by-5-electrodomesticos-responsables-de-hasta-el-20-de-la-factura-electrica\\\/#blogposting\",\"name\":\"\\u2018Stand by\\u2019: 5 electrodom\\u00e9sticos responsables de hasta el 20% de la factura el\\u00e9ctrica - El Digital de Asturias\",\"headline\":\"&#8216;Stand by&#8217;: 5 electrodom\\u00e9sticos responsables de hasta el 20% de la factura el\\u00e9ctrica\",\"author\":{\"@id\":\"https:\\\/\\\/www.eldigitaldeasturias.com\\\/noticias\\\/author\\\/admin\\\/#author\"},\"publisher\":{\"@id\":\"https:\\\/\\\/www.eldigitaldeasturias.com\\\/noticias\\\/#organization\"},\"image\":{\"@type\":\"ImageObject\",\"url\":\"https:\\\/\\\/www.eldigitaldeasturias.com\\\/noticias\\\/wp-content\\\/uploads\\\/2020\\\/02\\\/1582628727_logok_Kipin_RGB_01.png\",\"width\":3180,\"height\":4725},\"datePublished\":\"2020-02-25T17:52:54+01:00\",\"dateModified\":\"2020-02-25T17:52:54+01:00\",\"inLanguage\":\"es-ES\",\"mainEntityOfPage\":{\"@id\":\"https:\\\/\\\/www.eldigitaldeasturias.com\\\/noticias\\\/stand-by-5-electrodomesticos-responsables-de-hasta-el-20-de-la-factura-electrica\\\/#webpage\"},\"isPartOf\":{\"@id\":\"https:\\\/\\\/www.eldigitaldeasturias.com\\\/noticias\\\/stand-by-5-electrodomesticos-responsables-de-hasta-el-20-de-la-factura-electrica\\\/#webpage\"},\"articleSection\":\"Econom\\u00eda\"},{\"@type\":\"BreadcrumbList\",\"@id\":\"https:\\\/\\\/www.eldigitaldeasturias.com\\\/noticias\\\/stand-by-5-electrodomesticos-responsables-de-hasta-el-20-de-la-factura-electrica\\\/#breadcrumblist\",\"itemListElement\":[{\"@type\":\"ListItem\",\"@id\":\"https:\\\/\\\/www.eldigitaldeasturias.com\\\/noticias#listItem\",\"position\":1,\"name\":\"Home\",\"item\":\"https:\\\/\\\/www.eldigitaldeasturias.com\\\/noticias\",\"nextItem\":{\"@type\":\"ListItem\",\"@id\":\"https:\\\/\\\/www.eldigitaldeasturias.com\\\/noticias\\\/category\\\/economia\\\/#listItem\",\"name\":\"Econom\\u00eda\"}},{\"@type\":\"ListItem\",\"@id\":\"https:\\\/\\\/www.eldigitaldeasturias.com\\\/noticias\\\/category\\\/economia\\\/#listItem\",\"position\":2,\"name\":\"Econom\\u00eda\",\"item\":\"https:\\\/\\\/www.eldigitaldeasturias.com\\\/noticias\\\/category\\\/economia\\\/\",\"nextItem\":{\"@type\":\"ListItem\",\"@id\":\"https:\\\/\\\/www.eldigitaldeasturias.com\\\/noticias\\\/stand-by-5-electrodomesticos-responsables-de-hasta-el-20-de-la-factura-electrica\\\/#listItem\",\"name\":\"&#8216;Stand by&#8217;: 5 electrodom\\u00e9sticos responsables de hasta el 20% de la factura el\\u00e9ctrica\"},\"previousItem\":{\"@type\":\"ListItem\",\"@id\":\"https:\\\/\\\/www.eldigitaldeasturias.com\\\/noticias#listItem\",\"name\":\"Home\"}},{\"@type\":\"ListItem\",\"@id\":\"https:\\\/\\\/www.eldigitaldeasturias.com\\\/noticias\\\/stand-by-5-electrodomesticos-responsables-de-hasta-el-20-de-la-factura-electrica\\\/#listItem\",\"position\":3,\"name\":\"&#8216;Stand by&#8217;: 5 electrodom\\u00e9sticos responsables de hasta el 20% de la factura el\\u00e9ctrica\",\"previousItem\":{\"@type\":\"ListItem\",\"@id\":\"https:\\\/\\\/www.eldigitaldeasturias.com\\\/noticias\\\/category\\\/economia\\\/#listItem\",\"name\":\"Econom\\u00eda\"}}]},{\"@type\":\"Organization\",\"@id\":\"https:\\\/\\\/www.eldigitaldeasturias.com\\\/noticias\\\/#organization\",\"name\":\"El Digital de Asturias\",\"description\":\"Hemeroteca\",\"url\":\"https:\\\/\\\/www.eldigitaldeasturias.com\\\/noticias\\\/\",\"email\":\"info@eldigitaldeasturias.com\",\"telephone\":\"+34652131393\",\"logo\":{\"@type\":\"ImageObject\",\"url\":\"https:\\\/\\\/www.eldigitaldeasturias.com\\\/noticias\\\/wp-content\\\/uploads\\\/2020\\\/12\\\/EDA.jpg\",\"@id\":\"https:\\\/\\\/www.eldigitaldeasturias.com\\\/noticias\\\/stand-by-5-electrodomesticos-responsables-de-hasta-el-20-de-la-factura-electrica\\\/#organizationLogo\",\"width\":649,\"height\":297},\"image\":{\"@id\":\"https:\\\/\\\/www.eldigitaldeasturias.com\\\/noticias\\\/stand-by-5-electrodomesticos-responsables-de-hasta-el-20-de-la-factura-electrica\\\/#organizationLogo\"},\"sameAs\":[\"https:\\\/\\\/facebook.com\\\/eldigitaldeasturias\",\"https:\\\/\\\/www.youtube.com\\\/channel\\\/UCZP-2wLEB9Rv6erhFmqVnvg\"],\"address\":{\"@id\":\"https:\\\/\\\/www.eldigitaldeasturias.com\\\/noticias\\\/#postaladdress\",\"@type\":\"PostalAddress\",\"streetAddress\":\"san antonio 4,\",\"postalCode\":\"33430\",\"addressLocality\":\"Cand\\u00e1s\",\"addressRegion\":\"Asturias\",\"addressCountry\":\"ES\"}},{\"@type\":\"Person\",\"@id\":\"https:\\\/\\\/www.eldigitaldeasturias.com\\\/noticias\\\/author\\\/admin\\\/#author\",\"url\":\"https:\\\/\\\/www.eldigitaldeasturias.com\\\/noticias\\\/author\\\/admin\\\/\",\"name\":\"El Digital de Asturias\",\"image\":{\"@type\":\"ImageObject\",\"@id\":\"https:\\\/\\\/www.eldigitaldeasturias.com\\\/noticias\\\/stand-by-5-electrodomesticos-responsables-de-hasta-el-20-de-la-factura-electrica\\\/#authorImage\",\"url\":\"https:\\\/\\\/www.eldigitaldeasturias.com\\\/noticias\\\/wp-content\\\/litespeed\\\/avatar\\\/18677e78aa0546b92d9dbf31ec7d7668.jpg?ver=1777290358\",\"width\":96,\"height\":96,\"caption\":\"El Digital de Asturias\"}},{\"@type\":\"WebPage\",\"@id\":\"https:\\\/\\\/www.eldigitaldeasturias.com\\\/noticias\\\/stand-by-5-electrodomesticos-responsables-de-hasta-el-20-de-la-factura-electrica\\\/#webpage\",\"url\":\"https:\\\/\\\/www.eldigitaldeasturias.com\\\/noticias\\\/stand-by-5-electrodomesticos-responsables-de-hasta-el-20-de-la-factura-electrica\\\/\",\"name\":\"\\u2018Stand by\\u2019: 5 electrodom\\u00e9sticos responsables de hasta el 20% de la factura el\\u00e9ctrica - El Digital de Asturias\",\"description\":\"Los espa\\u00f1oles llevan a\\u00f1os reduciendo el n\\u00famero de bombillas en casa, cambi\\u00e1ndolas por luces LED, buscando el mayor n\\u00famero de \\u201cA\\u201d a la hora de comprar nuevos electrodom\\u00e9sticos. Sin embargo, \\u00bfalguien se preocupa por ese port\\u00e1til que se pasa d\\u00edas enchufado sin utilizar con el pilotito parpadeando o de apagar las regletas? Aunque a simple vista\",\"inLanguage\":\"es-ES\",\"isPartOf\":{\"@id\":\"https:\\\/\\\/www.eldigitaldeasturias.com\\\/noticias\\\/#website\"},\"breadcrumb\":{\"@id\":\"https:\\\/\\\/www.eldigitaldeasturias.com\\\/noticias\\\/stand-by-5-electrodomesticos-responsables-de-hasta-el-20-de-la-factura-electrica\\\/#breadcrumblist\"},\"author\":{\"@id\":\"https:\\\/\\\/www.eldigitaldeasturias.com\\\/noticias\\\/author\\\/admin\\\/#author\"},\"creator\":{\"@id\":\"https:\\\/\\\/www.eldigitaldeasturias.com\\\/noticias\\\/author\\\/admin\\\/#author\"},\"image\":{\"@type\":\"ImageObject\",\"url\":\"https:\\\/\\\/www.eldigitaldeasturias.com\\\/noticias\\\/wp-content\\\/uploads\\\/2020\\\/02\\\/1582628727_logok_Kipin_RGB_01.png\",\"@id\":\"https:\\\/\\\/www.eldigitaldeasturias.com\\\/noticias\\\/stand-by-5-electrodomesticos-responsables-de-hasta-el-20-de-la-factura-electrica\\\/#mainImage\",\"width\":3180,\"height\":4725},\"primaryImageOfPage\":{\"@id\":\"https:\\\/\\\/www.eldigitaldeasturias.com\\\/noticias\\\/stand-by-5-electrodomesticos-responsables-de-hasta-el-20-de-la-factura-electrica\\\/#mainImage\"},\"datePublished\":\"2020-02-25T17:52:54+01:00\",\"dateModified\":\"2020-02-25T17:52:54+01:00\"},{\"@type\":\"WebSite\",\"@id\":\"https:\\\/\\\/www.eldigitaldeasturias.com\\\/noticias\\\/#website\",\"url\":\"https:\\\/\\\/www.eldigitaldeasturias.com\\\/noticias\\\/\",\"name\":\"El Digital de Asturias - Diario de actualidad y noticias\",\"alternateName\":\"El Digital de Asturias - Diario de actualidad y noticias\",\"description\":\"Hemeroteca\",\"inLanguage\":\"es-ES\",\"publisher\":{\"@id\":\"https:\\\/\\\/www.eldigitaldeasturias.com\\\/noticias\\\/#organization\"}}]}\n\t\t<\/script>\n\t\t<!-- All in One SEO Pro -->\r\n\t\t<title>\u2018Stand by\u2019: 5 electrodom\u00e9sticos responsables de hasta el 20% de la factura el\u00e9ctrica - El Digital de Asturias<\/title>\n\n","aioseo_head_json":{"title":"\u2018Stand by\u2019: 5 electrodom\u00e9sticos responsables de hasta el 20% de la factura el\u00e9ctrica - El Digital de Asturias","description":"Los espa\u00f1oles llevan a\u00f1os reduciendo el n\u00famero de bombillas en casa, cambi\u00e1ndolas por luces LED, buscando el mayor n\u00famero de \u201cA\u201d a la hora de comprar nuevos electrodom\u00e9sticos. Sin embargo, \u00bfalguien se preocupa por ese port\u00e1til que se pasa d\u00edas enchufado sin utilizar con el pilotito parpadeando o de apagar las regletas? Aunque a simple vista","canonical_url":"https:\/\/www.eldigitaldeasturias.com\/noticias\/stand-by-5-electrodomesticos-responsables-de-hasta-el-20-de-la-factura-electrica\/","robots":"max-image-preview:large","keywords":"econom\u00eda","webmasterTools":{"google-site-verification":"UA-38556648-1","msvalidate.01":"7dfe9f3f1b24437ab69f4f2559babe99","miscellaneous":""},"schema":{"@context":"https:\/\/schema.org","@graph":[{"@type":"BlogPosting","@id":"https:\/\/www.eldigitaldeasturias.com\/noticias\/stand-by-5-electrodomesticos-responsables-de-hasta-el-20-de-la-factura-electrica\/#blogposting","name":"\u2018Stand by\u2019: 5 electrodom\u00e9sticos responsables de hasta el 20% de la factura el\u00e9ctrica - El Digital de Asturias","headline":"&#8216;Stand by&#8217;: 5 electrodom\u00e9sticos responsables de hasta el 20% de la factura el\u00e9ctrica","author":{"@id":"https:\/\/www.eldigitaldeasturias.com\/noticias\/author\/admin\/#author"},"publisher":{"@id":"https:\/\/www.eldigitaldeasturias.com\/noticias\/#organization"},"image":{"@type":"ImageObject","url":"https:\/\/www.eldigitaldeasturias.com\/noticias\/wp-content\/uploads\/2020\/02\/1582628727_logok_Kipin_RGB_01.png","width":3180,"height":4725},"datePublished":"2020-02-25T17:52:54+01:00","dateModified":"2020-02-25T17:52:54+01:00","inLanguage":"es-ES","mainEntityOfPage":{"@id":"https:\/\/www.eldigitaldeasturias.com\/noticias\/stand-by-5-electrodomesticos-responsables-de-hasta-el-20-de-la-factura-electrica\/#webpage"},"isPartOf":{"@id":"https:\/\/www.eldigitaldeasturias.com\/noticias\/stand-by-5-electrodomesticos-responsables-de-hasta-el-20-de-la-factura-electrica\/#webpage"},"articleSection":"Econom\u00eda"},{"@type":"BreadcrumbList","@id":"https:\/\/www.eldigitaldeasturias.com\/noticias\/stand-by-5-electrodomesticos-responsables-de-hasta-el-20-de-la-factura-electrica\/#breadcrumblist","itemListElement":[{"@type":"ListItem","@id":"https:\/\/www.eldigitaldeasturias.com\/noticias#listItem","position":1,"name":"Home","item":"https:\/\/www.eldigitaldeasturias.com\/noticias","nextItem":{"@type":"ListItem","@id":"https:\/\/www.eldigitaldeasturias.com\/noticias\/category\/economia\/#listItem","name":"Econom\u00eda"}},{"@type":"ListItem","@id":"https:\/\/www.eldigitaldeasturias.com\/noticias\/category\/economia\/#listItem","position":2,"name":"Econom\u00eda","item":"https:\/\/www.eldigitaldeasturias.com\/noticias\/category\/economia\/","nextItem":{"@type":"ListItem","@id":"https:\/\/www.eldigitaldeasturias.com\/noticias\/stand-by-5-electrodomesticos-responsables-de-hasta-el-20-de-la-factura-electrica\/#listItem","name":"&#8216;Stand by&#8217;: 5 electrodom\u00e9sticos responsables de hasta el 20% de la factura el\u00e9ctrica"},"previousItem":{"@type":"ListItem","@id":"https:\/\/www.eldigitaldeasturias.com\/noticias#listItem","name":"Home"}},{"@type":"ListItem","@id":"https:\/\/www.eldigitaldeasturias.com\/noticias\/stand-by-5-electrodomesticos-responsables-de-hasta-el-20-de-la-factura-electrica\/#listItem","position":3,"name":"&#8216;Stand by&#8217;: 5 electrodom\u00e9sticos responsables de hasta el 20% de la factura el\u00e9ctrica","previousItem":{"@type":"ListItem","@id":"https:\/\/www.eldigitaldeasturias.com\/noticias\/category\/economia\/#listItem","name":"Econom\u00eda"}}]},{"@type":"Organization","@id":"https:\/\/www.eldigitaldeasturias.com\/noticias\/#organization","name":"El Digital de Asturias","description":"Hemeroteca","url":"https:\/\/www.eldigitaldeasturias.com\/noticias\/","email":"info@eldigitaldeasturias.com","telephone":"+34652131393","logo":{"@type":"ImageObject","url":"https:\/\/www.eldigitaldeasturias.com\/noticias\/wp-content\/uploads\/2020\/12\/EDA.jpg","@id":"https:\/\/www.eldigitaldeasturias.com\/noticias\/stand-by-5-electrodomesticos-responsables-de-hasta-el-20-de-la-factura-electrica\/#organizationLogo","width":649,"height":297},"image":{"@id":"https:\/\/www.eldigitaldeasturias.com\/noticias\/stand-by-5-electrodomesticos-responsables-de-hasta-el-20-de-la-factura-electrica\/#organizationLogo"},"sameAs":["https:\/\/facebook.com\/eldigitaldeasturias","https:\/\/www.youtube.com\/channel\/UCZP-2wLEB9Rv6erhFmqVnvg"],"address":{"@id":"https:\/\/www.eldigitaldeasturias.com\/noticias\/#postaladdress","@type":"PostalAddress","streetAddress":"san antonio 4,","postalCode":"33430","addressLocality":"Cand\u00e1s","addressRegion":"Asturias","addressCountry":"ES"}},{"@type":"Person","@id":"https:\/\/www.eldigitaldeasturias.com\/noticias\/author\/admin\/#author","url":"https:\/\/www.eldigitaldeasturias.com\/noticias\/author\/admin\/","name":"El Digital de Asturias","image":{"@type":"ImageObject","@id":"https:\/\/www.eldigitaldeasturias.com\/noticias\/stand-by-5-electrodomesticos-responsables-de-hasta-el-20-de-la-factura-electrica\/#authorImage","url":"https:\/\/www.eldigitaldeasturias.com\/noticias\/wp-content\/litespeed\/avatar\/18677e78aa0546b92d9dbf31ec7d7668.jpg?ver=1777290358","width":96,"height":96,"caption":"El Digital de Asturias"}},{"@type":"WebPage","@id":"https:\/\/www.eldigitaldeasturias.com\/noticias\/stand-by-5-electrodomesticos-responsables-de-hasta-el-20-de-la-factura-electrica\/#webpage","url":"https:\/\/www.eldigitaldeasturias.com\/noticias\/stand-by-5-electrodomesticos-responsables-de-hasta-el-20-de-la-factura-electrica\/","name":"\u2018Stand by\u2019: 5 electrodom\u00e9sticos responsables de hasta el 20% de la factura el\u00e9ctrica - El Digital de Asturias","description":"Los espa\u00f1oles llevan a\u00f1os reduciendo el n\u00famero de bombillas en casa, cambi\u00e1ndolas por luces LED, buscando el mayor n\u00famero de \u201cA\u201d a la hora de comprar nuevos electrodom\u00e9sticos. Sin embargo, \u00bfalguien se preocupa por ese port\u00e1til que se pasa d\u00edas enchufado sin utilizar con el pilotito parpadeando o de apagar las regletas? Aunque a simple vista","inLanguage":"es-ES","isPartOf":{"@id":"https:\/\/www.eldigitaldeasturias.com\/noticias\/#website"},"breadcrumb":{"@id":"https:\/\/www.eldigitaldeasturias.com\/noticias\/stand-by-5-electrodomesticos-responsables-de-hasta-el-20-de-la-factura-electrica\/#breadcrumblist"},"author":{"@id":"https:\/\/www.eldigitaldeasturias.com\/noticias\/author\/admin\/#author"},"creator":{"@id":"https:\/\/www.eldigitaldeasturias.com\/noticias\/author\/admin\/#author"},"image":{"@type":"ImageObject","url":"https:\/\/www.eldigitaldeasturias.com\/noticias\/wp-content\/uploads\/2020\/02\/1582628727_logok_Kipin_RGB_01.png","@id":"https:\/\/www.eldigitaldeasturias.com\/noticias\/stand-by-5-electrodomesticos-responsables-de-hasta-el-20-de-la-factura-electrica\/#mainImage","width":3180,"height":4725},"primaryImageOfPage":{"@id":"https:\/\/www.eldigitaldeasturias.com\/noticias\/stand-by-5-electrodomesticos-responsables-de-hasta-el-20-de-la-factura-electrica\/#mainImage"},"datePublished":"2020-02-25T17:52:54+01:00","dateModified":"2020-02-25T17:52:54+01:00"},{"@type":"WebSite","@id":"https:\/\/www.eldigitaldeasturias.com\/noticias\/#website","url":"https:\/\/www.eldigitaldeasturias.com\/noticias\/","name":"El Digital de Asturias - Diario de actualidad y noticias","alternateName":"El Digital de Asturias - Diario de actualidad y noticias","description":"Hemeroteca","inLanguage":"es-ES","publisher":{"@id":"https:\/\/www.eldigitaldeasturias.com\/noticias\/#organization"}}]},"og:locale":"es_ES","og:site_name":"El Digital de Asturias","og:type":"article","og:title":"\u2018Stand by\u2019: 5 electrodom\u00e9sticos responsables de hasta el 20% de la factura el\u00e9ctrica - El Digital de Asturias","og:description":"Los espa\u00f1oles llevan a\u00f1os reduciendo el n\u00famero de bombillas en casa, cambi\u00e1ndolas por luces LED, buscando el mayor n\u00famero de \u201cA\u201d a la hora de comprar nuevos electrodom\u00e9sticos. Sin embargo, \u00bfalguien se preocupa por ese port\u00e1til que se pasa d\u00edas enchufado sin utilizar con el pilotito parpadeando o de apagar las regletas? Aunque a simple vista","og:url":"https:\/\/www.eldigitaldeasturias.com\/noticias\/stand-by-5-electrodomesticos-responsables-de-hasta-el-20-de-la-factura-electrica\/","og:image":"https:\/\/www.eldigitaldeasturias.com\/noticias\/wp-content\/uploads\/2020\/02\/1582628727_logok_Kipin_RGB_01.png","og:image:secure_url":"https:\/\/www.eldigitaldeasturias.com\/noticias\/wp-content\/uploads\/2020\/02\/1582628727_logok_Kipin_RGB_01.png","og:image:width":3180,"og:image:height":4725,"article:tag":["econom\u00eda"],"article:published_time":"2020-02-25T17:52:54+00:00","article:modified_time":"2020-02-25T17:52:54+00:00","article:publisher":"https:\/\/facebook.com\/eldigitaldeasturias","twitter:card":"summary_large_image","twitter:title":"\u2018Stand by\u2019: 5 electrodom\u00e9sticos responsables de hasta el 20% de la factura el\u00e9ctrica - El Digital de Asturias","twitter:description":"Los espa\u00f1oles llevan a\u00f1os reduciendo el n\u00famero de bombillas en casa, cambi\u00e1ndolas por luces LED, buscando el mayor n\u00famero de \u201cA\u201d a la hora de comprar nuevos electrodom\u00e9sticos. Sin embargo, \u00bfalguien se preocupa por ese port\u00e1til que se pasa d\u00edas enchufado sin utilizar con el pilotito parpadeando o de apagar las regletas? Aunque a simple vista","twitter:image":"https:\/\/www.eldigitaldeasturias.com\/noticias\/wp-content\/uploads\/2020\/02\/1582628727_logok_Kipin_RGB_01.png","twitter:label1":"Escrito por","twitter:data1":"El Digital de Asturias","twitter:label2":"Tiempo de lectura estimado","twitter:data2":"4 minutos"},"aioseo_meta_data":{"post_id":"1059108","title":null,"description":null,"keywords":null,"keyphrases":null,"primary_term":null,"canonical_url":null,"og_title":null,"og_description":null,"og_object_type":"default","og_image_type":"default","og_image_url":null,"og_image_width":null,"og_image_height":null,"og_image_custom_url":null,"og_image_custom_fields":null,"og_video":null,"og_custom_url":null,"og_article_section":null,"og_article_tags":null,"twitter_use_og":false,"twitter_card":"default","twitter_image_type":"default","twitter_image_url":null,"twitter_image_custom_url":null,"twitter_image_custom_fields":null,"twitter_title":null,"twitter_description":null,"schema":{"blockGraphs":[],"customGraphs":[],"default":{"data":{"Article":[],"Course":[],"Dataset":[],"FAQPage":[],"Movie":[],"Person":[],"Product":[],"ProductReview":[],"Car":[],"Recipe":[],"Service":[],"SoftwareApplication":[],"WebPage":[]},"graphName":"","isEnabled":true},"graphs":[],"defaultGraph":"","defaultPostTypeGraph":""},"schema_type":null,"schema_type_options":null,"pillar_content":false,"robots_default":true,"robots_noindex":false,"robots_noarchive":false,"robots_nosnippet":false,"robots_nofollow":false,"robots_noimageindex":false,"robots_noodp":false,"robots_notranslate":false,"robots_max_snippet":null,"robots_max_videopreview":null,"robots_max_imagepreview":"large","priority":null,"frequency":null,"local_seo":null,"seo_analyzer_scan_date":"2025-10-31 07:47:12","breadcrumb_settings":null,"limit_modified_date":false,"open_ai":null,"ai":null,"created":"2020-12-21 10:54:58","updated":"2025-10-31 07:47:12"},"aioseo_breadcrumb":"<div class=\"aioseo-breadcrumbs\"><span class=\"aioseo-breadcrumb\">\n\t<a href=\"https:\/\/www.eldigitaldeasturias.com\/noticias\" title=\"Home\">Home<\/a>\n<\/span><span class=\"aioseo-breadcrumb-separator\">\u2013<\/span><span class=\"aioseo-breadcrumb\">\n\t<a href=\"https:\/\/www.eldigitaldeasturias.com\/noticias\/category\/economia\/\" title=\"Econom\u00eda\">Econom\u00eda<\/a>\n<\/span><span class=\"aioseo-breadcrumb-separator\">\u2013<\/span><span class=\"aioseo-breadcrumb\">\n\t<a href=\"https:\/\/www.eldigitaldeasturias.com\/noticias\/stand-by-5-electrodomesticos-responsables-de-hasta-el-20-de-la-factura-electrica\/\" title=\"\u2018Stand by\u2019: 5 electrodom\u00e9sticos responsables de hasta el 20% de la factura el\u00e9ctrica\">\u2018Stand by\u2019: 5 electrodom\u00e9sticos responsables de hasta el 20% de la factura el\u00e9ctrica<\/a>\n<\/span><\/div>","aioseo_breadcrumb_json":[{"label":"Home","link":"https:\/\/www.eldigitaldeasturias.com\/noticias"},{"label":"Econom\u00eda","link":"https:\/\/www.eldigitaldeasturias.com\/noticias\/category\/economia\/"},{"label":"&#8216;Stand by&#8217;: 5 electrodom\u00e9sticos responsables de hasta el 20% de la factura el\u00e9ctrica","link":"https:\/\/www.eldigitaldeasturias.com\/noticias\/stand-by-5-electrodomesticos-responsables-de-hasta-el-20-de-la-factura-electrica\/"}],"_links":{"self":[{"href":"https:\/\/www.eldigitaldeasturias.com\/noticias\/wp-json\/wp\/v2\/posts\/1059108","targetHints":{"allow":["GET"]}}],"collection":[{"href":"https:\/\/www.eldigitaldeasturias.com\/noticias\/wp-json\/wp\/v2\/posts"}],"about":[{"href":"https:\/\/www.eldigitaldeasturias.com\/noticias\/wp-json\/wp\/v2\/types\/post"}],"author":[{"embeddable":true,"href":"https:\/\/www.eldigitaldeasturias.com\/noticias\/wp-json\/wp\/v2\/users\/1"}],"replies":[{"embeddable":true,"href":"https:\/\/www.eldigitaldeasturias.com\/noticias\/wp-json\/wp\/v2\/comments?post=1059108"}],"version-history":[{"count":0,"href":"https:\/\/www.eldigitaldeasturias.com\/noticias\/wp-json\/wp\/v2\/posts\/1059108\/revisions"}],"wp:featuredmedia":[{"embeddable":true,"href":"https:\/\/www.eldigitaldeasturias.com\/noticias\/wp-json\/wp\/v2\/media\/1059109"}],"wp:attachment":[{"href":"https:\/\/www.eldigitaldeasturias.com\/noticias\/wp-json\/wp\/v2\/media?parent=1059108"}],"wp:term":[{"taxonomy":"category","embeddable":true,"href":"https:\/\/www.eldigitaldeasturias.com\/noticias\/wp-json\/wp\/v2\/categories?post=1059108"},{"taxonomy":"post_tag","embeddable":true,"href":"https:\/\/www.eldigitaldeasturias.com\/noticias\/wp-json\/wp\/v2\/tags?post=1059108"}],"curies":[{"name":"wp","href":"https:\/\/api.w.org\/{rel}","templated":true}]}}