{"id":1058973,"date":"2020-02-24T09:53:59","date_gmt":"2020-02-24T09:53:59","guid":{"rendered":"https:\/\/www.eldigitaldeasturias.com\/noticias\/?p=1058973"},"modified":"2020-02-24T09:53:59","modified_gmt":"2020-02-24T09:53:59","slug":"simeone-koke-es-nuestro-capitan-y-nuestra-referencia","status":"publish","type":"post","link":"https:\/\/www.eldigitaldeasturias.com\/noticias\/simeone-koke-es-nuestro-capitan-y-nuestra-referencia\/","title":{"rendered":"Simeone: \u00abKoke es nuestro capit\u00e1n y nuestra referencia\u201d"},"content":{"rendered":"<figure id=\"attachment_1058974\" aria-describedby=\"caption-attachment-1058974\" style=\"width: 360px\" class=\"wp-caption alignleft\"><img loading=\"lazy\" decoding=\"async\" class=\"size-medium wp-image-1058974\" src=\"https:\/\/www.eldigitaldeasturias.com\/noticias\/wp-content\/uploads\/2020\/02\/Simeone-dpa-360x225.jpg\" alt=\"\" width=\"360\" height=\"225\" srcset=\"https:\/\/www.eldigitaldeasturias.com\/noticias\/wp-content\/uploads\/2020\/02\/Simeone-dpa-360x225.jpg 360w, https:\/\/www.eldigitaldeasturias.com\/noticias\/wp-content\/uploads\/2020\/02\/Simeone-dpa-690x431.jpg 690w, https:\/\/www.eldigitaldeasturias.com\/noticias\/wp-content\/uploads\/2020\/02\/Simeone-dpa-480x300.jpg 480w, https:\/\/www.eldigitaldeasturias.com\/noticias\/wp-content\/uploads\/2020\/02\/Simeone-dpa-768x480.jpg 768w, https:\/\/www.eldigitaldeasturias.com\/noticias\/wp-content\/uploads\/2020\/02\/Simeone-dpa-1024x640.jpg 1024w, https:\/\/www.eldigitaldeasturias.com\/noticias\/wp-content\/uploads\/2020\/02\/Simeone-dpa.jpg 1055w\" sizes=\"auto, (max-width: 360px) 100vw, 360px\" \/><figcaption id=\"caption-attachment-1058974\" class=\"wp-caption-text\">Foto: Nick Potts\/PA Wire\/dpa<\/figcaption><\/figure>\n<p>(Europa Press) &#8211;\u00a0El entrenador del Atl\u00e9tico de Madrid, Diego Pablo Simeone, ha afirmado que su equipo \u00abest\u00e1 teniendo mucho m\u00e1s claro\u00bb a qu\u00e9 tiene \u00abque jugar\u00bb, perfilando un estilo que le ha llevado hasta la victoria este domingo por 3-1 sobre el Villarreal CF, durante la <strong>jornada 25 de LaLiga Santander<\/strong>.<\/p>\n<p>\u00abDesde que empez\u00f3 la temporada hemos tenido altibajos\u00bb, ha comenzado el &#8216;Cholo&#8217; Simeone la rueda de prensa, repasando todos los momentos clave de este curso. \u00abEl equipo est\u00e1 sintiendo mucha m\u00e1s fuerza y est\u00e1 teniendo mucho m\u00e1s claro a qu\u00e9 tenemos que jugar\u00bb, ha asegurado sobre la actual situaci\u00f3n de sus pupilos, tras ganar al Liverpool y al citado Villarreal.<\/p>\n<p>\u00abCuando el equipo est\u00e1 identificando cu\u00e1les son las se\u00f1as de identidad, el camino se hace m\u00e1s corto\u00bb, ha subrayado. <strong>\u00abLos futbolistas ten\u00edan muy claro que, m\u00e1s all\u00e1 de un triunfo importante ante el Liverpool, la Liga es nuestra vida\u00bb<\/strong>, ha proseguido el t\u00e9cnico argentino.<\/p>\n<p>\u00abComo siempre digo, el hincha del Atl\u00e9tico el lunes a la ma\u00f1ana se levanta y mira en el peri\u00f3dico c\u00f3mo va su equipo en la Liga. Lo que buscan es verse en el peri\u00f3dico lo m\u00e1s arriba posible, porque la Liga es lo que se alarga m\u00e1s en el tiempo con este campeonato tan grande\u00bb, ha perseverado.<\/p>\n<p>As\u00ed, despu\u00e9s ha analizado el juego de su plantel frente al &#8216;submrino amarillo&#8217;. \u00abEl segundo tiempo fue posiblemente uno de los mejores segundos tiempos que hemos jugado\u00bb, ha recalcado, en alusi\u00f3n a la remontada protagonizada con goles de Correa, Koke y Jo\u00e3o F\u00e9lix.<\/p>\n<p>Por ello, ha destacado como virtudes \u00abel rebelarse ante el resultado adverso y la fortaleza de seguir buscando a partir del 2-1\u00bb, generando oportunidades de peligro sobre la porter\u00eda rival. \u00abEsos dos puntos fueron las referencias del partido de hoy\u00bb, ha insistido Simeone, para de inmediato elogiar a Koke Resurrecci\u00f3n.<\/p>\n<p>\u00ab<strong>Koke es nuestro capit\u00e1n, es nuestra referencia<\/strong> y posiblemente es uno de los jugadores que m\u00e1s llevan con nosotros. Tiene bien claro lo que queremos y lo que buscamos. Est\u00e1 respondiendo a su nivel, <strong>\u00e9l y Sa\u00fal son los futbolistas que m\u00e1s pueden jugar en cualquier lugar<\/strong>\u00ab, ha indicado.<\/p>\n<p>Por \u00faltimo, el &#8216;Cholo&#8217; ha reflexionado sobre su relaci\u00f3n personal y profesional con su principal ayudante, Germ\u00e1n Burgos.<strong> \u00abNos conocemos demasiado, tenemos muy claro lo que queremos como grupo de trabajo y como equipo\u00bb<\/strong>, ha se\u00f1alado al respecto.<\/p>\n<p>\u00abHemos tenido la fortuna de que, cada vez que ha estado al frente del equipo, ha tocado ganar\u00bb, ha recordado Simeone, despu\u00e9s de que el &#8216;Mono&#8217; Burgos haya dirigido al Atl\u00e9tico en este duelo liguero contra el Villarreal.<\/p>\n<p>\u00abEs un tipo ganador y esa energ\u00eda positiva, cuando est\u00e1 en ese lugar, transmite sensaci\u00f3n de tranquilidad; todo lo contrario a m\u00ed, pero siempre con esa energ\u00eda ganadora que inevitablemente se puede ver\u00bb, ha a\u00f1adido Simeone, para luego alabar sus planes. \u00abLos cambios nos dieron frescura y sobre todo claridad para poder atacar un poco mejor\u00bb, ha concluido.<\/p>\n<p>&nbsp;<\/p>\n","protected":false},"excerpt":{"rendered":"<p>(Europa Press) &#8211;\u00a0El entrenador del Atl\u00e9tico de Madrid, Diego Pablo Simeone, ha afirmado que su equipo \u00abest\u00e1 teniendo mucho m\u00e1s claro\u00bb a qu\u00e9 tiene \u00abque jugar\u00bb, perfilando un estilo que le ha llevado hasta la victoria este domingo por 3-1 sobre el Villarreal CF, durante la jornada 25 de LaLiga Santander. \u00abDesde que empez\u00f3 la [&hellip;]<\/p>\n","protected":false},"author":1,"featured_media":1058974,"comment_status":"closed","ping_status":"closed","sticky":false,"template":"","format":"standard","meta":{"footnotes":""},"categories":[190],"tags":[],"class_list":["post-1058973","post","type-post","status-publish","format-standard","has-post-thumbnail","hentry","category-deportes"],"aioseo_notices":[],"aioseo_head":"\n\t\t<!-- All in One SEO Pro 4.9.6.2 - aioseo.com -->\n\t<meta name=\"description\" content=\"(Europa Press) - El entrenador del Atl\u00e9tico de Madrid, Diego Pablo Simeone, ha afirmado que su equipo &quot;est\u00e1 teniendo mucho m\u00e1s claro&quot; a qu\u00e9 tiene &quot;que jugar&quot;, perfilando un estilo que le ha llevado hasta la victoria este domingo por 3-1 sobre el Villarreal CF, durante la jornada 25 de LaLiga Santander. &quot;Desde que empez\u00f3 la\" \/>\n\t<meta name=\"robots\" content=\"max-image-preview:large\" \/>\n\t<meta name=\"author\" content=\"El Digital de Asturias\"\/>\n\t<meta name=\"google-site-verification\" content=\"UA-38556648-1\" \/>\n\t<meta name=\"msvalidate.01\" content=\"7dfe9f3f1b24437ab69f4f2559babe99\" \/>\n\t<meta name=\"keywords\" content=\"deportes\" \/>\n\t<link rel=\"canonical\" href=\"https:\/\/www.eldigitaldeasturias.com\/noticias\/simeone-koke-es-nuestro-capitan-y-nuestra-referencia\/\" \/>\n\t<meta name=\"generator\" content=\"All in One SEO Pro (AIOSEO) 4.9.6.2\" \/>\n\t\t<meta property=\"og:locale\" content=\"es_ES\" \/>\n\t\t<meta property=\"og:site_name\" content=\"El Digital de Asturias\" \/>\n\t\t<meta property=\"og:type\" content=\"article\" \/>\n\t\t<meta property=\"og:title\" content=\"Simeone: \u00abKoke es nuestro capit\u00e1n y nuestra referencia\u201d - El Digital de Asturias\" \/>\n\t\t<meta property=\"og:description\" content=\"(Europa Press) - El entrenador del Atl\u00e9tico de Madrid, Diego Pablo Simeone, ha afirmado que su equipo &quot;est\u00e1 teniendo mucho m\u00e1s claro&quot; a qu\u00e9 tiene &quot;que jugar&quot;, perfilando un estilo que le ha llevado hasta la victoria este domingo por 3-1 sobre el Villarreal CF, durante la jornada 25 de LaLiga Santander. &quot;Desde que empez\u00f3 la\" \/>\n\t\t<meta property=\"og:url\" content=\"https:\/\/www.eldigitaldeasturias.com\/noticias\/simeone-koke-es-nuestro-capitan-y-nuestra-referencia\/\" \/>\n\t\t<meta property=\"og:image\" content=\"https:\/\/www.eldigitaldeasturias.com\/noticias\/wp-content\/uploads\/2020\/02\/Simeone-dpa.jpg\" \/>\n\t\t<meta property=\"og:image:secure_url\" content=\"https:\/\/www.eldigitaldeasturias.com\/noticias\/wp-content\/uploads\/2020\/02\/Simeone-dpa.jpg\" \/>\n\t\t<meta property=\"og:image:width\" content=\"1055\" \/>\n\t\t<meta property=\"og:image:height\" content=\"659\" \/>\n\t\t<meta property=\"article:tag\" content=\"deportes\" \/>\n\t\t<meta property=\"article:published_time\" content=\"2020-02-24T09:53:59+00:00\" \/>\n\t\t<meta property=\"article:modified_time\" content=\"2020-02-24T09:53:59+00:00\" \/>\n\t\t<meta property=\"article:publisher\" content=\"https:\/\/facebook.com\/eldigitaldeasturias\" \/>\n\t\t<meta name=\"twitter:card\" content=\"summary_large_image\" \/>\n\t\t<meta name=\"twitter:title\" content=\"Simeone: \u00abKoke es nuestro capit\u00e1n y nuestra referencia\u201d - El Digital de Asturias\" \/>\n\t\t<meta name=\"twitter:description\" content=\"(Europa Press) - El entrenador del Atl\u00e9tico de Madrid, Diego Pablo Simeone, ha afirmado que su equipo &quot;est\u00e1 teniendo mucho m\u00e1s claro&quot; a qu\u00e9 tiene &quot;que jugar&quot;, perfilando un estilo que le ha llevado hasta la victoria este domingo por 3-1 sobre el Villarreal CF, durante la jornada 25 de LaLiga Santander. &quot;Desde que empez\u00f3 la\" \/>\n\t\t<meta name=\"twitter:image\" content=\"https:\/\/www.eldigitaldeasturias.com\/noticias\/wp-content\/uploads\/2020\/02\/Simeone-dpa.jpg\" \/>\n\t\t<meta name=\"twitter:label1\" content=\"Escrito por\" \/>\n\t\t<meta name=\"twitter:data1\" content=\"El Digital de Asturias\" \/>\n\t\t<meta name=\"twitter:label2\" content=\"Tiempo de lectura estimado\" \/>\n\t\t<meta name=\"twitter:data2\" content=\"3 minutos\" \/>\n\t\t<script type=\"application\/ld+json\" class=\"aioseo-schema\">\n\t\t\t{\"@context\":\"https:\\\/\\\/schema.org\",\"@graph\":[{\"@type\":\"BlogPosting\",\"@id\":\"https:\\\/\\\/www.eldigitaldeasturias.com\\\/noticias\\\/simeone-koke-es-nuestro-capitan-y-nuestra-referencia\\\/#blogposting\",\"name\":\"Simeone: \\u00abKoke es nuestro capit\\u00e1n y nuestra referencia\\u201d - El Digital de Asturias\",\"headline\":\"Simeone: \\u00abKoke es nuestro capit\\u00e1n y nuestra referencia\\u201d\",\"author\":{\"@id\":\"https:\\\/\\\/www.eldigitaldeasturias.com\\\/noticias\\\/author\\\/admin\\\/#author\"},\"publisher\":{\"@id\":\"https:\\\/\\\/www.eldigitaldeasturias.com\\\/noticias\\\/#organization\"},\"image\":{\"@type\":\"ImageObject\",\"url\":\"https:\\\/\\\/www.eldigitaldeasturias.com\\\/noticias\\\/wp-content\\\/uploads\\\/2020\\\/02\\\/Simeone-dpa.jpg\",\"width\":1055,\"height\":659,\"caption\":\"Foto: Nick Potts\\\/PA Wire\\\/dpa\"},\"datePublished\":\"2020-02-24T09:53:59+01:00\",\"dateModified\":\"2020-02-24T09:53:59+01:00\",\"inLanguage\":\"es-ES\",\"mainEntityOfPage\":{\"@id\":\"https:\\\/\\\/www.eldigitaldeasturias.com\\\/noticias\\\/simeone-koke-es-nuestro-capitan-y-nuestra-referencia\\\/#webpage\"},\"isPartOf\":{\"@id\":\"https:\\\/\\\/www.eldigitaldeasturias.com\\\/noticias\\\/simeone-koke-es-nuestro-capitan-y-nuestra-referencia\\\/#webpage\"},\"articleSection\":\"Deportes\"},{\"@type\":\"BreadcrumbList\",\"@id\":\"https:\\\/\\\/www.eldigitaldeasturias.com\\\/noticias\\\/simeone-koke-es-nuestro-capitan-y-nuestra-referencia\\\/#breadcrumblist\",\"itemListElement\":[{\"@type\":\"ListItem\",\"@id\":\"https:\\\/\\\/www.eldigitaldeasturias.com\\\/noticias#listItem\",\"position\":1,\"name\":\"Home\",\"item\":\"https:\\\/\\\/www.eldigitaldeasturias.com\\\/noticias\",\"nextItem\":{\"@type\":\"ListItem\",\"@id\":\"https:\\\/\\\/www.eldigitaldeasturias.com\\\/noticias\\\/category\\\/deportes\\\/#listItem\",\"name\":\"Deportes\"}},{\"@type\":\"ListItem\",\"@id\":\"https:\\\/\\\/www.eldigitaldeasturias.com\\\/noticias\\\/category\\\/deportes\\\/#listItem\",\"position\":2,\"name\":\"Deportes\",\"item\":\"https:\\\/\\\/www.eldigitaldeasturias.com\\\/noticias\\\/category\\\/deportes\\\/\",\"nextItem\":{\"@type\":\"ListItem\",\"@id\":\"https:\\\/\\\/www.eldigitaldeasturias.com\\\/noticias\\\/simeone-koke-es-nuestro-capitan-y-nuestra-referencia\\\/#listItem\",\"name\":\"Simeone: \\u00abKoke es nuestro capit\\u00e1n y nuestra referencia\\u201d\"},\"previousItem\":{\"@type\":\"ListItem\",\"@id\":\"https:\\\/\\\/www.eldigitaldeasturias.com\\\/noticias#listItem\",\"name\":\"Home\"}},{\"@type\":\"ListItem\",\"@id\":\"https:\\\/\\\/www.eldigitaldeasturias.com\\\/noticias\\\/simeone-koke-es-nuestro-capitan-y-nuestra-referencia\\\/#listItem\",\"position\":3,\"name\":\"Simeone: \\u00abKoke es nuestro capit\\u00e1n y nuestra referencia\\u201d\",\"previousItem\":{\"@type\":\"ListItem\",\"@id\":\"https:\\\/\\\/www.eldigitaldeasturias.com\\\/noticias\\\/category\\\/deportes\\\/#listItem\",\"name\":\"Deportes\"}}]},{\"@type\":\"Organization\",\"@id\":\"https:\\\/\\\/www.eldigitaldeasturias.com\\\/noticias\\\/#organization\",\"name\":\"El Digital de Asturias\",\"description\":\"Hemeroteca\",\"url\":\"https:\\\/\\\/www.eldigitaldeasturias.com\\\/noticias\\\/\",\"email\":\"info@eldigitaldeasturias.com\",\"telephone\":\"+34652131393\",\"logo\":{\"@type\":\"ImageObject\",\"url\":\"https:\\\/\\\/www.eldigitaldeasturias.com\\\/noticias\\\/wp-content\\\/uploads\\\/2020\\\/12\\\/EDA.jpg\",\"@id\":\"https:\\\/\\\/www.eldigitaldeasturias.com\\\/noticias\\\/simeone-koke-es-nuestro-capitan-y-nuestra-referencia\\\/#organizationLogo\",\"width\":649,\"height\":297},\"image\":{\"@id\":\"https:\\\/\\\/www.eldigitaldeasturias.com\\\/noticias\\\/simeone-koke-es-nuestro-capitan-y-nuestra-referencia\\\/#organizationLogo\"},\"sameAs\":[\"https:\\\/\\\/facebook.com\\\/eldigitaldeasturias\",\"https:\\\/\\\/www.youtube.com\\\/channel\\\/UCZP-2wLEB9Rv6erhFmqVnvg\"],\"address\":{\"@id\":\"https:\\\/\\\/www.eldigitaldeasturias.com\\\/noticias\\\/#postaladdress\",\"@type\":\"PostalAddress\",\"streetAddress\":\"san antonio 4,\",\"postalCode\":\"33430\",\"addressLocality\":\"Cand\\u00e1s\",\"addressRegion\":\"Asturias\",\"addressCountry\":\"ES\"}},{\"@type\":\"Person\",\"@id\":\"https:\\\/\\\/www.eldigitaldeasturias.com\\\/noticias\\\/author\\\/admin\\\/#author\",\"url\":\"https:\\\/\\\/www.eldigitaldeasturias.com\\\/noticias\\\/author\\\/admin\\\/\",\"name\":\"El Digital de Asturias\",\"image\":{\"@type\":\"ImageObject\",\"@id\":\"https:\\\/\\\/www.eldigitaldeasturias.com\\\/noticias\\\/simeone-koke-es-nuestro-capitan-y-nuestra-referencia\\\/#authorImage\",\"url\":\"https:\\\/\\\/www.eldigitaldeasturias.com\\\/noticias\\\/wp-content\\\/litespeed\\\/avatar\\\/18677e78aa0546b92d9dbf31ec7d7668.jpg?ver=1777290358\",\"width\":96,\"height\":96,\"caption\":\"El Digital de Asturias\"}},{\"@type\":\"WebPage\",\"@id\":\"https:\\\/\\\/www.eldigitaldeasturias.com\\\/noticias\\\/simeone-koke-es-nuestro-capitan-y-nuestra-referencia\\\/#webpage\",\"url\":\"https:\\\/\\\/www.eldigitaldeasturias.com\\\/noticias\\\/simeone-koke-es-nuestro-capitan-y-nuestra-referencia\\\/\",\"name\":\"Simeone: \\u00abKoke es nuestro capit\\u00e1n y nuestra referencia\\u201d - El Digital de Asturias\",\"description\":\"(Europa Press) - El entrenador del Atl\\u00e9tico de Madrid, Diego Pablo Simeone, ha afirmado que su equipo \\\"est\\u00e1 teniendo mucho m\\u00e1s claro\\\" a qu\\u00e9 tiene \\\"que jugar\\\", perfilando un estilo que le ha llevado hasta la victoria este domingo por 3-1 sobre el Villarreal CF, durante la jornada 25 de LaLiga Santander. \\\"Desde que empez\\u00f3 la\",\"inLanguage\":\"es-ES\",\"isPartOf\":{\"@id\":\"https:\\\/\\\/www.eldigitaldeasturias.com\\\/noticias\\\/#website\"},\"breadcrumb\":{\"@id\":\"https:\\\/\\\/www.eldigitaldeasturias.com\\\/noticias\\\/simeone-koke-es-nuestro-capitan-y-nuestra-referencia\\\/#breadcrumblist\"},\"author\":{\"@id\":\"https:\\\/\\\/www.eldigitaldeasturias.com\\\/noticias\\\/author\\\/admin\\\/#author\"},\"creator\":{\"@id\":\"https:\\\/\\\/www.eldigitaldeasturias.com\\\/noticias\\\/author\\\/admin\\\/#author\"},\"image\":{\"@type\":\"ImageObject\",\"url\":\"https:\\\/\\\/www.eldigitaldeasturias.com\\\/noticias\\\/wp-content\\\/uploads\\\/2020\\\/02\\\/Simeone-dpa.jpg\",\"@id\":\"https:\\\/\\\/www.eldigitaldeasturias.com\\\/noticias\\\/simeone-koke-es-nuestro-capitan-y-nuestra-referencia\\\/#mainImage\",\"width\":1055,\"height\":659,\"caption\":\"Foto: Nick Potts\\\/PA Wire\\\/dpa\"},\"primaryImageOfPage\":{\"@id\":\"https:\\\/\\\/www.eldigitaldeasturias.com\\\/noticias\\\/simeone-koke-es-nuestro-capitan-y-nuestra-referencia\\\/#mainImage\"},\"datePublished\":\"2020-02-24T09:53:59+01:00\",\"dateModified\":\"2020-02-24T09:53:59+01:00\"},{\"@type\":\"WebSite\",\"@id\":\"https:\\\/\\\/www.eldigitaldeasturias.com\\\/noticias\\\/#website\",\"url\":\"https:\\\/\\\/www.eldigitaldeasturias.com\\\/noticias\\\/\",\"name\":\"El Digital de Asturias - Diario de actualidad y noticias\",\"alternateName\":\"El Digital de Asturias - Diario de actualidad y noticias\",\"description\":\"Hemeroteca\",\"inLanguage\":\"es-ES\",\"publisher\":{\"@id\":\"https:\\\/\\\/www.eldigitaldeasturias.com\\\/noticias\\\/#organization\"}}]}\n\t\t<\/script>\n\t\t<!-- All in One SEO Pro -->\r\n\t\t<title>Simeone: \u00abKoke es nuestro capit\u00e1n y nuestra referencia\u201d - El Digital de Asturias<\/title>\n\n","aioseo_head_json":{"title":"Simeone: \u00abKoke es nuestro capit\u00e1n y nuestra referencia\u201d - El Digital de Asturias","description":"(Europa Press) - El entrenador del Atl\u00e9tico de Madrid, Diego Pablo Simeone, ha afirmado que su equipo \"est\u00e1 teniendo mucho m\u00e1s claro\" a qu\u00e9 tiene \"que jugar\", perfilando un estilo que le ha llevado hasta la victoria este domingo por 3-1 sobre el Villarreal CF, durante la jornada 25 de LaLiga Santander. \"Desde que empez\u00f3 la","canonical_url":"https:\/\/www.eldigitaldeasturias.com\/noticias\/simeone-koke-es-nuestro-capitan-y-nuestra-referencia\/","robots":"max-image-preview:large","keywords":"deportes","webmasterTools":{"google-site-verification":"UA-38556648-1","msvalidate.01":"7dfe9f3f1b24437ab69f4f2559babe99","miscellaneous":""},"schema":{"@context":"https:\/\/schema.org","@graph":[{"@type":"BlogPosting","@id":"https:\/\/www.eldigitaldeasturias.com\/noticias\/simeone-koke-es-nuestro-capitan-y-nuestra-referencia\/#blogposting","name":"Simeone: \u00abKoke es nuestro capit\u00e1n y nuestra referencia\u201d - El Digital de Asturias","headline":"Simeone: \u00abKoke es nuestro capit\u00e1n y nuestra referencia\u201d","author":{"@id":"https:\/\/www.eldigitaldeasturias.com\/noticias\/author\/admin\/#author"},"publisher":{"@id":"https:\/\/www.eldigitaldeasturias.com\/noticias\/#organization"},"image":{"@type":"ImageObject","url":"https:\/\/www.eldigitaldeasturias.com\/noticias\/wp-content\/uploads\/2020\/02\/Simeone-dpa.jpg","width":1055,"height":659,"caption":"Foto: Nick Potts\/PA Wire\/dpa"},"datePublished":"2020-02-24T09:53:59+01:00","dateModified":"2020-02-24T09:53:59+01:00","inLanguage":"es-ES","mainEntityOfPage":{"@id":"https:\/\/www.eldigitaldeasturias.com\/noticias\/simeone-koke-es-nuestro-capitan-y-nuestra-referencia\/#webpage"},"isPartOf":{"@id":"https:\/\/www.eldigitaldeasturias.com\/noticias\/simeone-koke-es-nuestro-capitan-y-nuestra-referencia\/#webpage"},"articleSection":"Deportes"},{"@type":"BreadcrumbList","@id":"https:\/\/www.eldigitaldeasturias.com\/noticias\/simeone-koke-es-nuestro-capitan-y-nuestra-referencia\/#breadcrumblist","itemListElement":[{"@type":"ListItem","@id":"https:\/\/www.eldigitaldeasturias.com\/noticias#listItem","position":1,"name":"Home","item":"https:\/\/www.eldigitaldeasturias.com\/noticias","nextItem":{"@type":"ListItem","@id":"https:\/\/www.eldigitaldeasturias.com\/noticias\/category\/deportes\/#listItem","name":"Deportes"}},{"@type":"ListItem","@id":"https:\/\/www.eldigitaldeasturias.com\/noticias\/category\/deportes\/#listItem","position":2,"name":"Deportes","item":"https:\/\/www.eldigitaldeasturias.com\/noticias\/category\/deportes\/","nextItem":{"@type":"ListItem","@id":"https:\/\/www.eldigitaldeasturias.com\/noticias\/simeone-koke-es-nuestro-capitan-y-nuestra-referencia\/#listItem","name":"Simeone: \u00abKoke es nuestro capit\u00e1n y nuestra referencia\u201d"},"previousItem":{"@type":"ListItem","@id":"https:\/\/www.eldigitaldeasturias.com\/noticias#listItem","name":"Home"}},{"@type":"ListItem","@id":"https:\/\/www.eldigitaldeasturias.com\/noticias\/simeone-koke-es-nuestro-capitan-y-nuestra-referencia\/#listItem","position":3,"name":"Simeone: \u00abKoke es nuestro capit\u00e1n y nuestra referencia\u201d","previousItem":{"@type":"ListItem","@id":"https:\/\/www.eldigitaldeasturias.com\/noticias\/category\/deportes\/#listItem","name":"Deportes"}}]},{"@type":"Organization","@id":"https:\/\/www.eldigitaldeasturias.com\/noticias\/#organization","name":"El Digital de Asturias","description":"Hemeroteca","url":"https:\/\/www.eldigitaldeasturias.com\/noticias\/","email":"info@eldigitaldeasturias.com","telephone":"+34652131393","logo":{"@type":"ImageObject","url":"https:\/\/www.eldigitaldeasturias.com\/noticias\/wp-content\/uploads\/2020\/12\/EDA.jpg","@id":"https:\/\/www.eldigitaldeasturias.com\/noticias\/simeone-koke-es-nuestro-capitan-y-nuestra-referencia\/#organizationLogo","width":649,"height":297},"image":{"@id":"https:\/\/www.eldigitaldeasturias.com\/noticias\/simeone-koke-es-nuestro-capitan-y-nuestra-referencia\/#organizationLogo"},"sameAs":["https:\/\/facebook.com\/eldigitaldeasturias","https:\/\/www.youtube.com\/channel\/UCZP-2wLEB9Rv6erhFmqVnvg"],"address":{"@id":"https:\/\/www.eldigitaldeasturias.com\/noticias\/#postaladdress","@type":"PostalAddress","streetAddress":"san antonio 4,","postalCode":"33430","addressLocality":"Cand\u00e1s","addressRegion":"Asturias","addressCountry":"ES"}},{"@type":"Person","@id":"https:\/\/www.eldigitaldeasturias.com\/noticias\/author\/admin\/#author","url":"https:\/\/www.eldigitaldeasturias.com\/noticias\/author\/admin\/","name":"El Digital de Asturias","image":{"@type":"ImageObject","@id":"https:\/\/www.eldigitaldeasturias.com\/noticias\/simeone-koke-es-nuestro-capitan-y-nuestra-referencia\/#authorImage","url":"https:\/\/www.eldigitaldeasturias.com\/noticias\/wp-content\/litespeed\/avatar\/18677e78aa0546b92d9dbf31ec7d7668.jpg?ver=1777290358","width":96,"height":96,"caption":"El Digital de Asturias"}},{"@type":"WebPage","@id":"https:\/\/www.eldigitaldeasturias.com\/noticias\/simeone-koke-es-nuestro-capitan-y-nuestra-referencia\/#webpage","url":"https:\/\/www.eldigitaldeasturias.com\/noticias\/simeone-koke-es-nuestro-capitan-y-nuestra-referencia\/","name":"Simeone: \u00abKoke es nuestro capit\u00e1n y nuestra referencia\u201d - El Digital de Asturias","description":"(Europa Press) - El entrenador del Atl\u00e9tico de Madrid, Diego Pablo Simeone, ha afirmado que su equipo \"est\u00e1 teniendo mucho m\u00e1s claro\" a qu\u00e9 tiene \"que jugar\", perfilando un estilo que le ha llevado hasta la victoria este domingo por 3-1 sobre el Villarreal CF, durante la jornada 25 de LaLiga Santander. \"Desde que empez\u00f3 la","inLanguage":"es-ES","isPartOf":{"@id":"https:\/\/www.eldigitaldeasturias.com\/noticias\/#website"},"breadcrumb":{"@id":"https:\/\/www.eldigitaldeasturias.com\/noticias\/simeone-koke-es-nuestro-capitan-y-nuestra-referencia\/#breadcrumblist"},"author":{"@id":"https:\/\/www.eldigitaldeasturias.com\/noticias\/author\/admin\/#author"},"creator":{"@id":"https:\/\/www.eldigitaldeasturias.com\/noticias\/author\/admin\/#author"},"image":{"@type":"ImageObject","url":"https:\/\/www.eldigitaldeasturias.com\/noticias\/wp-content\/uploads\/2020\/02\/Simeone-dpa.jpg","@id":"https:\/\/www.eldigitaldeasturias.com\/noticias\/simeone-koke-es-nuestro-capitan-y-nuestra-referencia\/#mainImage","width":1055,"height":659,"caption":"Foto: Nick Potts\/PA Wire\/dpa"},"primaryImageOfPage":{"@id":"https:\/\/www.eldigitaldeasturias.com\/noticias\/simeone-koke-es-nuestro-capitan-y-nuestra-referencia\/#mainImage"},"datePublished":"2020-02-24T09:53:59+01:00","dateModified":"2020-02-24T09:53:59+01:00"},{"@type":"WebSite","@id":"https:\/\/www.eldigitaldeasturias.com\/noticias\/#website","url":"https:\/\/www.eldigitaldeasturias.com\/noticias\/","name":"El Digital de Asturias - Diario de actualidad y noticias","alternateName":"El Digital de Asturias - Diario de actualidad y noticias","description":"Hemeroteca","inLanguage":"es-ES","publisher":{"@id":"https:\/\/www.eldigitaldeasturias.com\/noticias\/#organization"}}]},"og:locale":"es_ES","og:site_name":"El Digital de Asturias","og:type":"article","og:title":"Simeone: \u00abKoke es nuestro capit\u00e1n y nuestra referencia\u201d - El Digital de Asturias","og:description":"(Europa Press) - El entrenador del Atl\u00e9tico de Madrid, Diego Pablo Simeone, ha afirmado que su equipo &quot;est\u00e1 teniendo mucho m\u00e1s claro&quot; a qu\u00e9 tiene &quot;que jugar&quot;, perfilando un estilo que le ha llevado hasta la victoria este domingo por 3-1 sobre el Villarreal CF, durante la jornada 25 de LaLiga Santander. &quot;Desde que empez\u00f3 la","og:url":"https:\/\/www.eldigitaldeasturias.com\/noticias\/simeone-koke-es-nuestro-capitan-y-nuestra-referencia\/","og:image":"https:\/\/www.eldigitaldeasturias.com\/noticias\/wp-content\/uploads\/2020\/02\/Simeone-dpa.jpg","og:image:secure_url":"https:\/\/www.eldigitaldeasturias.com\/noticias\/wp-content\/uploads\/2020\/02\/Simeone-dpa.jpg","og:image:width":1055,"og:image:height":659,"article:tag":["deportes"],"article:published_time":"2020-02-24T09:53:59+00:00","article:modified_time":"2020-02-24T09:53:59+00:00","article:publisher":"https:\/\/facebook.com\/eldigitaldeasturias","twitter:card":"summary_large_image","twitter:title":"Simeone: \u00abKoke es nuestro capit\u00e1n y nuestra referencia\u201d - El Digital de Asturias","twitter:description":"(Europa Press) - El entrenador del Atl\u00e9tico de Madrid, Diego Pablo Simeone, ha afirmado que su equipo &quot;est\u00e1 teniendo mucho m\u00e1s claro&quot; a qu\u00e9 tiene &quot;que jugar&quot;, perfilando un estilo que le ha llevado hasta la victoria este domingo por 3-1 sobre el Villarreal CF, durante la jornada 25 de LaLiga Santander. &quot;Desde que empez\u00f3 la","twitter:image":"https:\/\/www.eldigitaldeasturias.com\/noticias\/wp-content\/uploads\/2020\/02\/Simeone-dpa.jpg","twitter:label1":"Escrito por","twitter:data1":"El Digital de Asturias","twitter:label2":"Tiempo de lectura estimado","twitter:data2":"3 minutos"},"aioseo_meta_data":{"post_id":"1058973","title":null,"description":null,"keywords":null,"keyphrases":null,"primary_term":null,"canonical_url":null,"og_title":null,"og_description":null,"og_object_type":"default","og_image_type":"default","og_image_url":null,"og_image_width":null,"og_image_height":null,"og_image_custom_url":null,"og_image_custom_fields":null,"og_video":null,"og_custom_url":null,"og_article_section":null,"og_article_tags":null,"twitter_use_og":false,"twitter_card":"default","twitter_image_type":"default","twitter_image_url":null,"twitter_image_custom_url":null,"twitter_image_custom_fields":null,"twitter_title":null,"twitter_description":null,"schema":{"blockGraphs":[],"customGraphs":[],"default":{"data":{"Article":[],"Course":[],"Dataset":[],"FAQPage":[],"Movie":[],"Person":[],"Product":[],"ProductReview":[],"Car":[],"Recipe":[],"Service":[],"SoftwareApplication":[],"WebPage":[]},"graphName":"","isEnabled":true},"graphs":[],"defaultGraph":"","defaultPostTypeGraph":""},"schema_type":null,"schema_type_options":null,"pillar_content":false,"robots_default":true,"robots_noindex":false,"robots_noarchive":false,"robots_nosnippet":false,"robots_nofollow":false,"robots_noimageindex":false,"robots_noodp":false,"robots_notranslate":false,"robots_max_snippet":null,"robots_max_videopreview":null,"robots_max_imagepreview":"large","priority":null,"frequency":null,"local_seo":null,"seo_analyzer_scan_date":"2025-10-31 07:17:19","breadcrumb_settings":null,"limit_modified_date":false,"open_ai":null,"ai":null,"created":"2020-12-21 10:54:58","updated":"2025-10-31 07:17:19"},"aioseo_breadcrumb":"<div class=\"aioseo-breadcrumbs\"><span class=\"aioseo-breadcrumb\">\n\t<a href=\"https:\/\/www.eldigitaldeasturias.com\/noticias\" title=\"Home\">Home<\/a>\n<\/span><span class=\"aioseo-breadcrumb-separator\">\u2013<\/span><span class=\"aioseo-breadcrumb\">\n\t<a href=\"https:\/\/www.eldigitaldeasturias.com\/noticias\/category\/deportes\/\" title=\"Deportes\">Deportes<\/a>\n<\/span><span class=\"aioseo-breadcrumb-separator\">\u2013<\/span><span class=\"aioseo-breadcrumb\">\n\t<a href=\"https:\/\/www.eldigitaldeasturias.com\/noticias\/simeone-koke-es-nuestro-capitan-y-nuestra-referencia\/\" title=\"Simeone: \u00abKoke es nuestro capit\u00e1n y nuestra referencia\u201d\">Simeone: \u00abKoke es nuestro capit\u00e1n y nuestra referencia\u201d<\/a>\n<\/span><\/div>","aioseo_breadcrumb_json":[{"label":"Home","link":"https:\/\/www.eldigitaldeasturias.com\/noticias"},{"label":"Deportes","link":"https:\/\/www.eldigitaldeasturias.com\/noticias\/category\/deportes\/"},{"label":"Simeone: \u00abKoke es nuestro capit\u00e1n y nuestra referencia\u201d","link":"https:\/\/www.eldigitaldeasturias.com\/noticias\/simeone-koke-es-nuestro-capitan-y-nuestra-referencia\/"}],"_links":{"self":[{"href":"https:\/\/www.eldigitaldeasturias.com\/noticias\/wp-json\/wp\/v2\/posts\/1058973","targetHints":{"allow":["GET"]}}],"collection":[{"href":"https:\/\/www.eldigitaldeasturias.com\/noticias\/wp-json\/wp\/v2\/posts"}],"about":[{"href":"https:\/\/www.eldigitaldeasturias.com\/noticias\/wp-json\/wp\/v2\/types\/post"}],"author":[{"embeddable":true,"href":"https:\/\/www.eldigitaldeasturias.com\/noticias\/wp-json\/wp\/v2\/users\/1"}],"replies":[{"embeddable":true,"href":"https:\/\/www.eldigitaldeasturias.com\/noticias\/wp-json\/wp\/v2\/comments?post=1058973"}],"version-history":[{"count":0,"href":"https:\/\/www.eldigitaldeasturias.com\/noticias\/wp-json\/wp\/v2\/posts\/1058973\/revisions"}],"wp:featuredmedia":[{"embeddable":true,"href":"https:\/\/www.eldigitaldeasturias.com\/noticias\/wp-json\/wp\/v2\/media\/1058974"}],"wp:attachment":[{"href":"https:\/\/www.eldigitaldeasturias.com\/noticias\/wp-json\/wp\/v2\/media?parent=1058973"}],"wp:term":[{"taxonomy":"category","embeddable":true,"href":"https:\/\/www.eldigitaldeasturias.com\/noticias\/wp-json\/wp\/v2\/categories?post=1058973"},{"taxonomy":"post_tag","embeddable":true,"href":"https:\/\/www.eldigitaldeasturias.com\/noticias\/wp-json\/wp\/v2\/tags?post=1058973"}],"curies":[{"name":"wp","href":"https:\/\/api.w.org\/{rel}","templated":true}]}}