{"id":1058943,"date":"2020-02-23T13:41:33","date_gmt":"2020-02-23T13:41:33","guid":{"rendered":"https:\/\/www.eldigitaldeasturias.com\/noticias\/?p=1058943"},"modified":"2020-02-23T13:41:33","modified_gmt":"2020-02-23T13:41:33","slug":"hazard-se-perdera-el-choque-contra-el-city-y-el-clasico","status":"publish","type":"post","link":"https:\/\/www.eldigitaldeasturias.com\/noticias\/hazard-se-perdera-el-choque-contra-el-city-y-el-clasico\/","title":{"rendered":"Hazard se perder\u00e1 el \u201cchoque\u201d contra el City y el Cl\u00e1sico"},"content":{"rendered":"<p><img loading=\"lazy\" decoding=\"async\" class=\"alignleft size-medium wp-image-983103\" src=\"https:\/\/www.eldigitaldeasturias.com\/noticias\/wp-content\/uploads\/2018\/06\/stadium-300610_960_720-360x203.jpg\" alt=\"\" width=\"360\" height=\"203\" srcset=\"https:\/\/www.eldigitaldeasturias.com\/noticias\/wp-content\/uploads\/2018\/06\/stadium-300610_960_720-360x203.jpg 360w, https:\/\/www.eldigitaldeasturias.com\/noticias\/wp-content\/uploads\/2018\/06\/stadium-300610_960_720-696x392.jpg 696w, https:\/\/www.eldigitaldeasturias.com\/noticias\/wp-content\/uploads\/2018\/06\/stadium-300610_960_720-747x420.jpg 747w, https:\/\/www.eldigitaldeasturias.com\/noticias\/wp-content\/uploads\/2018\/06\/stadium-300610_960_720-768x432.jpg 768w, https:\/\/www.eldigitaldeasturias.com\/noticias\/wp-content\/uploads\/2018\/06\/stadium-300610_960_720-650x366.jpg 650w, https:\/\/www.eldigitaldeasturias.com\/noticias\/wp-content\/uploads\/2018\/06\/stadium-300610_960_720-499x280.jpg 499w, https:\/\/www.eldigitaldeasturias.com\/noticias\/wp-content\/uploads\/2018\/06\/stadium-300610_960_720.jpg 960w\" sizes=\"auto, (max-width: 360px) 100vw, 360px\" \/>(Europa Press) &#8211;\u00a0El delantero del Real Madrid <strong>Eden Hazard sufre una fisura en el peron\u00e9 distal derecho<\/strong>, que se produjo el s\u00e1bado en la derrota de su equipo ante el Levante UD (1-0), ha confirmado este domingo el club blanco.<\/p>\n<p><strong>\u00abTras las pruebas realizadas hoy a nuestro jugador Eden Hazard por los Servicios M\u00e9dicos del Real Madrid se le ha diagnosticado una fisura en el peron\u00e9 distal derecho\u00bb<\/strong>, se\u00f1ala el comunicado emitido por la entidad madridista.<\/p>\n<p>Como es habitual, el parte m\u00e9dico no estima un per\u00edodo de baja y se limita a calificarlo como \u00abpendiente de evoluci\u00f3n\u00bb, aunque es previsible que pueda estar hasta un par de meses de baja.<\/p>\n<p>El internacional belga tuvo que ser sustituido en el minuto 66 del encuentro en el Ciutat de Val\u00e8ncia, correspondiente a la vig\u00e9sima quinta jornada de LaLiga Santander, tras sentir molestias, y el brasile\u00f1o Vinicius salt\u00f3 al campo en su lugar.<\/p>\n<p><strong>Se trata de la cuarta lesi\u00f3n como madridista de Hazar<\/strong>d, que hab\u00eda reaparecido, tras superar la anterior, en el partido de LaLiga Santander del pasado domingo ante el RC Celta en el Santiago Bernab\u00e9u (2-2).<\/p>\n<p>Con ello, se perder\u00e1 un tramo vital de la temporada, que se abre este mi\u00e9rcoles con el encuentro de ida de los octavos de final de la Liga de Campeones ante el Manchester City y que contin\u00faa el pr\u00f3ximo domingo con el Cl\u00e1sico ante el FC Barcelona en el Santiago Bernab\u00e9u, donde se pondr\u00e1 en juego el liderato liguero.<\/p>\n<p>&nbsp;<\/p>\n","protected":false},"excerpt":{"rendered":"<p>(Europa Press) &#8211;\u00a0El delantero del Real Madrid Eden Hazard sufre una fisura en el peron\u00e9 distal derecho, que se produjo el s\u00e1bado en la derrota de su equipo ante el Levante UD (1-0), ha confirmado este domingo el club blanco. \u00abTras las pruebas realizadas hoy a nuestro jugador Eden Hazard por los Servicios M\u00e9dicos del [&hellip;]<\/p>\n","protected":false},"author":1,"featured_media":983103,"comment_status":"closed","ping_status":"closed","sticky":false,"template":"","format":"standard","meta":{"footnotes":""},"categories":[190],"tags":[],"class_list":["post-1058943","post","type-post","status-publish","format-standard","has-post-thumbnail","hentry","category-deportes"],"aioseo_notices":[],"aioseo_head":"\n\t\t<!-- All in One SEO Pro 4.9.6.2 - aioseo.com -->\n\t<meta name=\"description\" content=\"(Europa Press) - El delantero del Real Madrid Eden Hazard sufre una fisura en el peron\u00e9 distal derecho, que se produjo el s\u00e1bado en la derrota de su equipo ante el Levante UD (1-0), ha confirmado este domingo el club blanco. &quot;Tras las pruebas realizadas hoy a nuestro jugador Eden Hazard por los Servicios M\u00e9dicos del\" \/>\n\t<meta name=\"robots\" content=\"max-image-preview:large\" \/>\n\t<meta name=\"author\" content=\"El Digital de Asturias\"\/>\n\t<meta name=\"google-site-verification\" content=\"UA-38556648-1\" \/>\n\t<meta name=\"msvalidate.01\" content=\"7dfe9f3f1b24437ab69f4f2559babe99\" \/>\n\t<meta name=\"keywords\" content=\"deportes\" \/>\n\t<link rel=\"canonical\" href=\"https:\/\/www.eldigitaldeasturias.com\/noticias\/hazard-se-perdera-el-choque-contra-el-city-y-el-clasico\/\" \/>\n\t<meta name=\"generator\" content=\"All in One SEO Pro (AIOSEO) 4.9.6.2\" \/>\n\t\t<meta property=\"og:locale\" content=\"es_ES\" \/>\n\t\t<meta property=\"og:site_name\" content=\"El Digital de Asturias\" \/>\n\t\t<meta property=\"og:type\" content=\"article\" \/>\n\t\t<meta property=\"og:title\" content=\"Hazard se perder\u00e1 el \u201cchoque\u201d contra el City y el Cl\u00e1sico - El Digital de Asturias\" \/>\n\t\t<meta property=\"og:description\" content=\"(Europa Press) - El delantero del Real Madrid Eden Hazard sufre una fisura en el peron\u00e9 distal derecho, que se produjo el s\u00e1bado en la derrota de su equipo ante el Levante UD (1-0), ha confirmado este domingo el club blanco. &quot;Tras las pruebas realizadas hoy a nuestro jugador Eden Hazard por los Servicios M\u00e9dicos del\" \/>\n\t\t<meta property=\"og:url\" content=\"https:\/\/www.eldigitaldeasturias.com\/noticias\/hazard-se-perdera-el-choque-contra-el-city-y-el-clasico\/\" \/>\n\t\t<meta property=\"og:image\" content=\"https:\/\/www.eldigitaldeasturias.com\/noticias\/wp-content\/uploads\/2018\/06\/stadium-300610_960_720.jpg\" \/>\n\t\t<meta property=\"og:image:secure_url\" content=\"https:\/\/www.eldigitaldeasturias.com\/noticias\/wp-content\/uploads\/2018\/06\/stadium-300610_960_720.jpg\" \/>\n\t\t<meta property=\"og:image:width\" content=\"960\" \/>\n\t\t<meta property=\"og:image:height\" content=\"540\" \/>\n\t\t<meta property=\"article:tag\" content=\"deportes\" \/>\n\t\t<meta property=\"article:published_time\" content=\"2020-02-23T13:41:33+00:00\" \/>\n\t\t<meta property=\"article:modified_time\" content=\"2020-02-23T13:41:33+00:00\" \/>\n\t\t<meta property=\"article:publisher\" content=\"https:\/\/facebook.com\/eldigitaldeasturias\" \/>\n\t\t<meta name=\"twitter:card\" content=\"summary_large_image\" \/>\n\t\t<meta name=\"twitter:title\" content=\"Hazard se perder\u00e1 el \u201cchoque\u201d contra el City y el Cl\u00e1sico - El Digital de Asturias\" \/>\n\t\t<meta name=\"twitter:description\" content=\"(Europa Press) - El delantero del Real Madrid Eden Hazard sufre una fisura en el peron\u00e9 distal derecho, que se produjo el s\u00e1bado en la derrota de su equipo ante el Levante UD (1-0), ha confirmado este domingo el club blanco. &quot;Tras las pruebas realizadas hoy a nuestro jugador Eden Hazard por los Servicios M\u00e9dicos del\" \/>\n\t\t<meta name=\"twitter:image\" content=\"https:\/\/www.eldigitaldeasturias.com\/noticias\/wp-content\/uploads\/2018\/06\/stadium-300610_960_720.jpg\" \/>\n\t\t<meta name=\"twitter:label1\" content=\"Escrito por\" \/>\n\t\t<meta name=\"twitter:data1\" content=\"El Digital de Asturias\" \/>\n\t\t<meta name=\"twitter:label2\" content=\"Tiempo de lectura estimado\" \/>\n\t\t<meta name=\"twitter:data2\" content=\"1 minuto\" \/>\n\t\t<script type=\"application\/ld+json\" class=\"aioseo-schema\">\n\t\t\t{\"@context\":\"https:\\\/\\\/schema.org\",\"@graph\":[{\"@type\":\"BlogPosting\",\"@id\":\"https:\\\/\\\/www.eldigitaldeasturias.com\\\/noticias\\\/hazard-se-perdera-el-choque-contra-el-city-y-el-clasico\\\/#blogposting\",\"name\":\"Hazard se perder\\u00e1 el \\u201cchoque\\u201d contra el City y el Cl\\u00e1sico - El Digital de Asturias\",\"headline\":\"Hazard se perder\\u00e1 el \\u201cchoque\\u201d contra el City y el Cl\\u00e1sico\",\"author\":{\"@id\":\"https:\\\/\\\/www.eldigitaldeasturias.com\\\/noticias\\\/author\\\/admin\\\/#author\"},\"publisher\":{\"@id\":\"https:\\\/\\\/www.eldigitaldeasturias.com\\\/noticias\\\/#organization\"},\"image\":{\"@type\":\"ImageObject\",\"url\":\"https:\\\/\\\/www.eldigitaldeasturias.com\\\/noticias\\\/wp-content\\\/uploads\\\/2018\\\/06\\\/stadium-300610_960_720.jpg\",\"width\":960,\"height\":540},\"datePublished\":\"2020-02-23T13:41:33+01:00\",\"dateModified\":\"2020-02-23T13:41:33+01:00\",\"inLanguage\":\"es-ES\",\"mainEntityOfPage\":{\"@id\":\"https:\\\/\\\/www.eldigitaldeasturias.com\\\/noticias\\\/hazard-se-perdera-el-choque-contra-el-city-y-el-clasico\\\/#webpage\"},\"isPartOf\":{\"@id\":\"https:\\\/\\\/www.eldigitaldeasturias.com\\\/noticias\\\/hazard-se-perdera-el-choque-contra-el-city-y-el-clasico\\\/#webpage\"},\"articleSection\":\"Deportes\"},{\"@type\":\"BreadcrumbList\",\"@id\":\"https:\\\/\\\/www.eldigitaldeasturias.com\\\/noticias\\\/hazard-se-perdera-el-choque-contra-el-city-y-el-clasico\\\/#breadcrumblist\",\"itemListElement\":[{\"@type\":\"ListItem\",\"@id\":\"https:\\\/\\\/www.eldigitaldeasturias.com\\\/noticias#listItem\",\"position\":1,\"name\":\"Home\",\"item\":\"https:\\\/\\\/www.eldigitaldeasturias.com\\\/noticias\",\"nextItem\":{\"@type\":\"ListItem\",\"@id\":\"https:\\\/\\\/www.eldigitaldeasturias.com\\\/noticias\\\/category\\\/deportes\\\/#listItem\",\"name\":\"Deportes\"}},{\"@type\":\"ListItem\",\"@id\":\"https:\\\/\\\/www.eldigitaldeasturias.com\\\/noticias\\\/category\\\/deportes\\\/#listItem\",\"position\":2,\"name\":\"Deportes\",\"item\":\"https:\\\/\\\/www.eldigitaldeasturias.com\\\/noticias\\\/category\\\/deportes\\\/\",\"nextItem\":{\"@type\":\"ListItem\",\"@id\":\"https:\\\/\\\/www.eldigitaldeasturias.com\\\/noticias\\\/hazard-se-perdera-el-choque-contra-el-city-y-el-clasico\\\/#listItem\",\"name\":\"Hazard se perder\\u00e1 el \\u201cchoque\\u201d contra el City y el Cl\\u00e1sico\"},\"previousItem\":{\"@type\":\"ListItem\",\"@id\":\"https:\\\/\\\/www.eldigitaldeasturias.com\\\/noticias#listItem\",\"name\":\"Home\"}},{\"@type\":\"ListItem\",\"@id\":\"https:\\\/\\\/www.eldigitaldeasturias.com\\\/noticias\\\/hazard-se-perdera-el-choque-contra-el-city-y-el-clasico\\\/#listItem\",\"position\":3,\"name\":\"Hazard se perder\\u00e1 el \\u201cchoque\\u201d contra el City y el Cl\\u00e1sico\",\"previousItem\":{\"@type\":\"ListItem\",\"@id\":\"https:\\\/\\\/www.eldigitaldeasturias.com\\\/noticias\\\/category\\\/deportes\\\/#listItem\",\"name\":\"Deportes\"}}]},{\"@type\":\"Organization\",\"@id\":\"https:\\\/\\\/www.eldigitaldeasturias.com\\\/noticias\\\/#organization\",\"name\":\"El Digital de Asturias\",\"description\":\"Hemeroteca\",\"url\":\"https:\\\/\\\/www.eldigitaldeasturias.com\\\/noticias\\\/\",\"email\":\"info@eldigitaldeasturias.com\",\"telephone\":\"+34652131393\",\"logo\":{\"@type\":\"ImageObject\",\"url\":\"https:\\\/\\\/www.eldigitaldeasturias.com\\\/noticias\\\/wp-content\\\/uploads\\\/2020\\\/12\\\/EDA.jpg\",\"@id\":\"https:\\\/\\\/www.eldigitaldeasturias.com\\\/noticias\\\/hazard-se-perdera-el-choque-contra-el-city-y-el-clasico\\\/#organizationLogo\",\"width\":649,\"height\":297},\"image\":{\"@id\":\"https:\\\/\\\/www.eldigitaldeasturias.com\\\/noticias\\\/hazard-se-perdera-el-choque-contra-el-city-y-el-clasico\\\/#organizationLogo\"},\"sameAs\":[\"https:\\\/\\\/facebook.com\\\/eldigitaldeasturias\",\"https:\\\/\\\/www.youtube.com\\\/channel\\\/UCZP-2wLEB9Rv6erhFmqVnvg\"],\"address\":{\"@id\":\"https:\\\/\\\/www.eldigitaldeasturias.com\\\/noticias\\\/#postaladdress\",\"@type\":\"PostalAddress\",\"streetAddress\":\"san antonio 4,\",\"postalCode\":\"33430\",\"addressLocality\":\"Cand\\u00e1s\",\"addressRegion\":\"Asturias\",\"addressCountry\":\"ES\"}},{\"@type\":\"Person\",\"@id\":\"https:\\\/\\\/www.eldigitaldeasturias.com\\\/noticias\\\/author\\\/admin\\\/#author\",\"url\":\"https:\\\/\\\/www.eldigitaldeasturias.com\\\/noticias\\\/author\\\/admin\\\/\",\"name\":\"El Digital de Asturias\",\"image\":{\"@type\":\"ImageObject\",\"@id\":\"https:\\\/\\\/www.eldigitaldeasturias.com\\\/noticias\\\/hazard-se-perdera-el-choque-contra-el-city-y-el-clasico\\\/#authorImage\",\"url\":\"https:\\\/\\\/www.eldigitaldeasturias.com\\\/noticias\\\/wp-content\\\/litespeed\\\/avatar\\\/18677e78aa0546b92d9dbf31ec7d7668.jpg?ver=1777290358\",\"width\":96,\"height\":96,\"caption\":\"El Digital de Asturias\"}},{\"@type\":\"WebPage\",\"@id\":\"https:\\\/\\\/www.eldigitaldeasturias.com\\\/noticias\\\/hazard-se-perdera-el-choque-contra-el-city-y-el-clasico\\\/#webpage\",\"url\":\"https:\\\/\\\/www.eldigitaldeasturias.com\\\/noticias\\\/hazard-se-perdera-el-choque-contra-el-city-y-el-clasico\\\/\",\"name\":\"Hazard se perder\\u00e1 el \\u201cchoque\\u201d contra el City y el Cl\\u00e1sico - El Digital de Asturias\",\"description\":\"(Europa Press) - El delantero del Real Madrid Eden Hazard sufre una fisura en el peron\\u00e9 distal derecho, que se produjo el s\\u00e1bado en la derrota de su equipo ante el Levante UD (1-0), ha confirmado este domingo el club blanco. \\\"Tras las pruebas realizadas hoy a nuestro jugador Eden Hazard por los Servicios M\\u00e9dicos del\",\"inLanguage\":\"es-ES\",\"isPartOf\":{\"@id\":\"https:\\\/\\\/www.eldigitaldeasturias.com\\\/noticias\\\/#website\"},\"breadcrumb\":{\"@id\":\"https:\\\/\\\/www.eldigitaldeasturias.com\\\/noticias\\\/hazard-se-perdera-el-choque-contra-el-city-y-el-clasico\\\/#breadcrumblist\"},\"author\":{\"@id\":\"https:\\\/\\\/www.eldigitaldeasturias.com\\\/noticias\\\/author\\\/admin\\\/#author\"},\"creator\":{\"@id\":\"https:\\\/\\\/www.eldigitaldeasturias.com\\\/noticias\\\/author\\\/admin\\\/#author\"},\"image\":{\"@type\":\"ImageObject\",\"url\":\"https:\\\/\\\/www.eldigitaldeasturias.com\\\/noticias\\\/wp-content\\\/uploads\\\/2018\\\/06\\\/stadium-300610_960_720.jpg\",\"@id\":\"https:\\\/\\\/www.eldigitaldeasturias.com\\\/noticias\\\/hazard-se-perdera-el-choque-contra-el-city-y-el-clasico\\\/#mainImage\",\"width\":960,\"height\":540},\"primaryImageOfPage\":{\"@id\":\"https:\\\/\\\/www.eldigitaldeasturias.com\\\/noticias\\\/hazard-se-perdera-el-choque-contra-el-city-y-el-clasico\\\/#mainImage\"},\"datePublished\":\"2020-02-23T13:41:33+01:00\",\"dateModified\":\"2020-02-23T13:41:33+01:00\"},{\"@type\":\"WebSite\",\"@id\":\"https:\\\/\\\/www.eldigitaldeasturias.com\\\/noticias\\\/#website\",\"url\":\"https:\\\/\\\/www.eldigitaldeasturias.com\\\/noticias\\\/\",\"name\":\"El Digital de Asturias - Diario de actualidad y noticias\",\"alternateName\":\"El Digital de Asturias - Diario de actualidad y noticias\",\"description\":\"Hemeroteca\",\"inLanguage\":\"es-ES\",\"publisher\":{\"@id\":\"https:\\\/\\\/www.eldigitaldeasturias.com\\\/noticias\\\/#organization\"}}]}\n\t\t<\/script>\n\t\t<!-- All in One SEO Pro -->\r\n\t\t<title>Hazard se perder\u00e1 el \u201cchoque\u201d contra el City y el Cl\u00e1sico - El Digital de Asturias<\/title>\n\n","aioseo_head_json":{"title":"Hazard se perder\u00e1 el \u201cchoque\u201d contra el City y el Cl\u00e1sico - El Digital de Asturias","description":"(Europa Press) - El delantero del Real Madrid Eden Hazard sufre una fisura en el peron\u00e9 distal derecho, que se produjo el s\u00e1bado en la derrota de su equipo ante el Levante UD (1-0), ha confirmado este domingo el club blanco. \"Tras las pruebas realizadas hoy a nuestro jugador Eden Hazard por los Servicios M\u00e9dicos del","canonical_url":"https:\/\/www.eldigitaldeasturias.com\/noticias\/hazard-se-perdera-el-choque-contra-el-city-y-el-clasico\/","robots":"max-image-preview:large","keywords":"deportes","webmasterTools":{"google-site-verification":"UA-38556648-1","msvalidate.01":"7dfe9f3f1b24437ab69f4f2559babe99","miscellaneous":""},"schema":{"@context":"https:\/\/schema.org","@graph":[{"@type":"BlogPosting","@id":"https:\/\/www.eldigitaldeasturias.com\/noticias\/hazard-se-perdera-el-choque-contra-el-city-y-el-clasico\/#blogposting","name":"Hazard se perder\u00e1 el \u201cchoque\u201d contra el City y el Cl\u00e1sico - El Digital de Asturias","headline":"Hazard se perder\u00e1 el \u201cchoque\u201d contra el City y el Cl\u00e1sico","author":{"@id":"https:\/\/www.eldigitaldeasturias.com\/noticias\/author\/admin\/#author"},"publisher":{"@id":"https:\/\/www.eldigitaldeasturias.com\/noticias\/#organization"},"image":{"@type":"ImageObject","url":"https:\/\/www.eldigitaldeasturias.com\/noticias\/wp-content\/uploads\/2018\/06\/stadium-300610_960_720.jpg","width":960,"height":540},"datePublished":"2020-02-23T13:41:33+01:00","dateModified":"2020-02-23T13:41:33+01:00","inLanguage":"es-ES","mainEntityOfPage":{"@id":"https:\/\/www.eldigitaldeasturias.com\/noticias\/hazard-se-perdera-el-choque-contra-el-city-y-el-clasico\/#webpage"},"isPartOf":{"@id":"https:\/\/www.eldigitaldeasturias.com\/noticias\/hazard-se-perdera-el-choque-contra-el-city-y-el-clasico\/#webpage"},"articleSection":"Deportes"},{"@type":"BreadcrumbList","@id":"https:\/\/www.eldigitaldeasturias.com\/noticias\/hazard-se-perdera-el-choque-contra-el-city-y-el-clasico\/#breadcrumblist","itemListElement":[{"@type":"ListItem","@id":"https:\/\/www.eldigitaldeasturias.com\/noticias#listItem","position":1,"name":"Home","item":"https:\/\/www.eldigitaldeasturias.com\/noticias","nextItem":{"@type":"ListItem","@id":"https:\/\/www.eldigitaldeasturias.com\/noticias\/category\/deportes\/#listItem","name":"Deportes"}},{"@type":"ListItem","@id":"https:\/\/www.eldigitaldeasturias.com\/noticias\/category\/deportes\/#listItem","position":2,"name":"Deportes","item":"https:\/\/www.eldigitaldeasturias.com\/noticias\/category\/deportes\/","nextItem":{"@type":"ListItem","@id":"https:\/\/www.eldigitaldeasturias.com\/noticias\/hazard-se-perdera-el-choque-contra-el-city-y-el-clasico\/#listItem","name":"Hazard se perder\u00e1 el \u201cchoque\u201d contra el City y el Cl\u00e1sico"},"previousItem":{"@type":"ListItem","@id":"https:\/\/www.eldigitaldeasturias.com\/noticias#listItem","name":"Home"}},{"@type":"ListItem","@id":"https:\/\/www.eldigitaldeasturias.com\/noticias\/hazard-se-perdera-el-choque-contra-el-city-y-el-clasico\/#listItem","position":3,"name":"Hazard se perder\u00e1 el \u201cchoque\u201d contra el City y el Cl\u00e1sico","previousItem":{"@type":"ListItem","@id":"https:\/\/www.eldigitaldeasturias.com\/noticias\/category\/deportes\/#listItem","name":"Deportes"}}]},{"@type":"Organization","@id":"https:\/\/www.eldigitaldeasturias.com\/noticias\/#organization","name":"El Digital de Asturias","description":"Hemeroteca","url":"https:\/\/www.eldigitaldeasturias.com\/noticias\/","email":"info@eldigitaldeasturias.com","telephone":"+34652131393","logo":{"@type":"ImageObject","url":"https:\/\/www.eldigitaldeasturias.com\/noticias\/wp-content\/uploads\/2020\/12\/EDA.jpg","@id":"https:\/\/www.eldigitaldeasturias.com\/noticias\/hazard-se-perdera-el-choque-contra-el-city-y-el-clasico\/#organizationLogo","width":649,"height":297},"image":{"@id":"https:\/\/www.eldigitaldeasturias.com\/noticias\/hazard-se-perdera-el-choque-contra-el-city-y-el-clasico\/#organizationLogo"},"sameAs":["https:\/\/facebook.com\/eldigitaldeasturias","https:\/\/www.youtube.com\/channel\/UCZP-2wLEB9Rv6erhFmqVnvg"],"address":{"@id":"https:\/\/www.eldigitaldeasturias.com\/noticias\/#postaladdress","@type":"PostalAddress","streetAddress":"san antonio 4,","postalCode":"33430","addressLocality":"Cand\u00e1s","addressRegion":"Asturias","addressCountry":"ES"}},{"@type":"Person","@id":"https:\/\/www.eldigitaldeasturias.com\/noticias\/author\/admin\/#author","url":"https:\/\/www.eldigitaldeasturias.com\/noticias\/author\/admin\/","name":"El Digital de Asturias","image":{"@type":"ImageObject","@id":"https:\/\/www.eldigitaldeasturias.com\/noticias\/hazard-se-perdera-el-choque-contra-el-city-y-el-clasico\/#authorImage","url":"https:\/\/www.eldigitaldeasturias.com\/noticias\/wp-content\/litespeed\/avatar\/18677e78aa0546b92d9dbf31ec7d7668.jpg?ver=1777290358","width":96,"height":96,"caption":"El Digital de Asturias"}},{"@type":"WebPage","@id":"https:\/\/www.eldigitaldeasturias.com\/noticias\/hazard-se-perdera-el-choque-contra-el-city-y-el-clasico\/#webpage","url":"https:\/\/www.eldigitaldeasturias.com\/noticias\/hazard-se-perdera-el-choque-contra-el-city-y-el-clasico\/","name":"Hazard se perder\u00e1 el \u201cchoque\u201d contra el City y el Cl\u00e1sico - El Digital de Asturias","description":"(Europa Press) - El delantero del Real Madrid Eden Hazard sufre una fisura en el peron\u00e9 distal derecho, que se produjo el s\u00e1bado en la derrota de su equipo ante el Levante UD (1-0), ha confirmado este domingo el club blanco. \"Tras las pruebas realizadas hoy a nuestro jugador Eden Hazard por los Servicios M\u00e9dicos del","inLanguage":"es-ES","isPartOf":{"@id":"https:\/\/www.eldigitaldeasturias.com\/noticias\/#website"},"breadcrumb":{"@id":"https:\/\/www.eldigitaldeasturias.com\/noticias\/hazard-se-perdera-el-choque-contra-el-city-y-el-clasico\/#breadcrumblist"},"author":{"@id":"https:\/\/www.eldigitaldeasturias.com\/noticias\/author\/admin\/#author"},"creator":{"@id":"https:\/\/www.eldigitaldeasturias.com\/noticias\/author\/admin\/#author"},"image":{"@type":"ImageObject","url":"https:\/\/www.eldigitaldeasturias.com\/noticias\/wp-content\/uploads\/2018\/06\/stadium-300610_960_720.jpg","@id":"https:\/\/www.eldigitaldeasturias.com\/noticias\/hazard-se-perdera-el-choque-contra-el-city-y-el-clasico\/#mainImage","width":960,"height":540},"primaryImageOfPage":{"@id":"https:\/\/www.eldigitaldeasturias.com\/noticias\/hazard-se-perdera-el-choque-contra-el-city-y-el-clasico\/#mainImage"},"datePublished":"2020-02-23T13:41:33+01:00","dateModified":"2020-02-23T13:41:33+01:00"},{"@type":"WebSite","@id":"https:\/\/www.eldigitaldeasturias.com\/noticias\/#website","url":"https:\/\/www.eldigitaldeasturias.com\/noticias\/","name":"El Digital de Asturias - Diario de actualidad y noticias","alternateName":"El Digital de Asturias - Diario de actualidad y noticias","description":"Hemeroteca","inLanguage":"es-ES","publisher":{"@id":"https:\/\/www.eldigitaldeasturias.com\/noticias\/#organization"}}]},"og:locale":"es_ES","og:site_name":"El Digital de Asturias","og:type":"article","og:title":"Hazard se perder\u00e1 el \u201cchoque\u201d contra el City y el Cl\u00e1sico - El Digital de Asturias","og:description":"(Europa Press) - El delantero del Real Madrid Eden Hazard sufre una fisura en el peron\u00e9 distal derecho, que se produjo el s\u00e1bado en la derrota de su equipo ante el Levante UD (1-0), ha confirmado este domingo el club blanco. &quot;Tras las pruebas realizadas hoy a nuestro jugador Eden Hazard por los Servicios M\u00e9dicos del","og:url":"https:\/\/www.eldigitaldeasturias.com\/noticias\/hazard-se-perdera-el-choque-contra-el-city-y-el-clasico\/","og:image":"https:\/\/www.eldigitaldeasturias.com\/noticias\/wp-content\/uploads\/2018\/06\/stadium-300610_960_720.jpg","og:image:secure_url":"https:\/\/www.eldigitaldeasturias.com\/noticias\/wp-content\/uploads\/2018\/06\/stadium-300610_960_720.jpg","og:image:width":960,"og:image:height":540,"article:tag":["deportes"],"article:published_time":"2020-02-23T13:41:33+00:00","article:modified_time":"2020-02-23T13:41:33+00:00","article:publisher":"https:\/\/facebook.com\/eldigitaldeasturias","twitter:card":"summary_large_image","twitter:title":"Hazard se perder\u00e1 el \u201cchoque\u201d contra el City y el Cl\u00e1sico - El Digital de Asturias","twitter:description":"(Europa Press) - El delantero del Real Madrid Eden Hazard sufre una fisura en el peron\u00e9 distal derecho, que se produjo el s\u00e1bado en la derrota de su equipo ante el Levante UD (1-0), ha confirmado este domingo el club blanco. &quot;Tras las pruebas realizadas hoy a nuestro jugador Eden Hazard por los Servicios M\u00e9dicos del","twitter:image":"https:\/\/www.eldigitaldeasturias.com\/noticias\/wp-content\/uploads\/2018\/06\/stadium-300610_960_720.jpg","twitter:label1":"Escrito por","twitter:data1":"El Digital de Asturias","twitter:label2":"Tiempo de lectura estimado","twitter:data2":"1 minuto"},"aioseo_meta_data":{"post_id":"1058943","title":null,"description":null,"keywords":null,"keyphrases":null,"primary_term":null,"canonical_url":null,"og_title":null,"og_description":null,"og_object_type":"default","og_image_type":"default","og_image_url":null,"og_image_width":null,"og_image_height":null,"og_image_custom_url":null,"og_image_custom_fields":null,"og_video":null,"og_custom_url":null,"og_article_section":null,"og_article_tags":null,"twitter_use_og":false,"twitter_card":"default","twitter_image_type":"default","twitter_image_url":null,"twitter_image_custom_url":null,"twitter_image_custom_fields":null,"twitter_title":null,"twitter_description":null,"schema":{"blockGraphs":[],"customGraphs":[],"default":{"data":{"Article":[],"Course":[],"Dataset":[],"FAQPage":[],"Movie":[],"Person":[],"Product":[],"ProductReview":[],"Car":[],"Recipe":[],"Service":[],"SoftwareApplication":[],"WebPage":[]},"graphName":"","isEnabled":true},"graphs":[],"defaultGraph":"","defaultPostTypeGraph":""},"schema_type":null,"schema_type_options":null,"pillar_content":false,"robots_default":true,"robots_noindex":false,"robots_noarchive":false,"robots_nosnippet":false,"robots_nofollow":false,"robots_noimageindex":false,"robots_noodp":false,"robots_notranslate":false,"robots_max_snippet":null,"robots_max_videopreview":null,"robots_max_imagepreview":"large","priority":null,"frequency":null,"local_seo":null,"seo_analyzer_scan_date":"2025-10-31 07:11:13","breadcrumb_settings":null,"limit_modified_date":false,"open_ai":null,"ai":null,"created":"2020-12-21 10:54:58","updated":"2025-10-31 07:11:13"},"aioseo_breadcrumb":"<div class=\"aioseo-breadcrumbs\"><span class=\"aioseo-breadcrumb\">\n\t<a href=\"https:\/\/www.eldigitaldeasturias.com\/noticias\" title=\"Home\">Home<\/a>\n<\/span><span class=\"aioseo-breadcrumb-separator\">\u2013<\/span><span class=\"aioseo-breadcrumb\">\n\t<a href=\"https:\/\/www.eldigitaldeasturias.com\/noticias\/category\/deportes\/\" title=\"Deportes\">Deportes<\/a>\n<\/span><span class=\"aioseo-breadcrumb-separator\">\u2013<\/span><span class=\"aioseo-breadcrumb\">\n\t<a href=\"https:\/\/www.eldigitaldeasturias.com\/noticias\/hazard-se-perdera-el-choque-contra-el-city-y-el-clasico\/\" title=\"Hazard se perder\u00e1 el \u201cchoque\u201d contra el City y el Cl\u00e1sico\">Hazard se perder\u00e1 el \u201cchoque\u201d contra el City y el Cl\u00e1sico<\/a>\n<\/span><\/div>","aioseo_breadcrumb_json":[{"label":"Home","link":"https:\/\/www.eldigitaldeasturias.com\/noticias"},{"label":"Deportes","link":"https:\/\/www.eldigitaldeasturias.com\/noticias\/category\/deportes\/"},{"label":"Hazard se perder\u00e1 el \u201cchoque\u201d contra el City y el Cl\u00e1sico","link":"https:\/\/www.eldigitaldeasturias.com\/noticias\/hazard-se-perdera-el-choque-contra-el-city-y-el-clasico\/"}],"_links":{"self":[{"href":"https:\/\/www.eldigitaldeasturias.com\/noticias\/wp-json\/wp\/v2\/posts\/1058943","targetHints":{"allow":["GET"]}}],"collection":[{"href":"https:\/\/www.eldigitaldeasturias.com\/noticias\/wp-json\/wp\/v2\/posts"}],"about":[{"href":"https:\/\/www.eldigitaldeasturias.com\/noticias\/wp-json\/wp\/v2\/types\/post"}],"author":[{"embeddable":true,"href":"https:\/\/www.eldigitaldeasturias.com\/noticias\/wp-json\/wp\/v2\/users\/1"}],"replies":[{"embeddable":true,"href":"https:\/\/www.eldigitaldeasturias.com\/noticias\/wp-json\/wp\/v2\/comments?post=1058943"}],"version-history":[{"count":0,"href":"https:\/\/www.eldigitaldeasturias.com\/noticias\/wp-json\/wp\/v2\/posts\/1058943\/revisions"}],"wp:featuredmedia":[{"embeddable":true,"href":"https:\/\/www.eldigitaldeasturias.com\/noticias\/wp-json\/wp\/v2\/media\/983103"}],"wp:attachment":[{"href":"https:\/\/www.eldigitaldeasturias.com\/noticias\/wp-json\/wp\/v2\/media?parent=1058943"}],"wp:term":[{"taxonomy":"category","embeddable":true,"href":"https:\/\/www.eldigitaldeasturias.com\/noticias\/wp-json\/wp\/v2\/categories?post=1058943"},{"taxonomy":"post_tag","embeddable":true,"href":"https:\/\/www.eldigitaldeasturias.com\/noticias\/wp-json\/wp\/v2\/tags?post=1058943"}],"curies":[{"name":"wp","href":"https:\/\/api.w.org\/{rel}","templated":true}]}}