{"id":1058808,"date":"2020-02-22T22:34:46","date_gmt":"2020-02-22T22:34:46","guid":{"rendered":"https:\/\/www.eldigitaldeasturias.com\/noticias\/?p=1058808"},"modified":"2020-02-22T22:34:46","modified_gmt":"2020-02-22T22:34:46","slug":"derrota-del-real-madrid-contra-el-levante-1-a-0","status":"publish","type":"post","link":"https:\/\/www.eldigitaldeasturias.com\/noticias\/derrota-del-real-madrid-contra-el-levante-1-a-0\/","title":{"rendered":"Derrota del Real Madrid contra el Levante, 1 a 0"},"content":{"rendered":"<p><img loading=\"lazy\" decoding=\"async\" class=\"alignleft size-medium wp-image-985209\" src=\"https:\/\/www.eldigitaldeasturias.com\/noticias\/wp-content\/uploads\/2018\/06\/football-1406106_960_720-360x241.jpg\" alt=\"\" width=\"360\" height=\"241\" srcset=\"https:\/\/www.eldigitaldeasturias.com\/noticias\/wp-content\/uploads\/2018\/06\/football-1406106_960_720-360x241.jpg 360w, https:\/\/www.eldigitaldeasturias.com\/noticias\/wp-content\/uploads\/2018\/06\/football-1406106_960_720-448x300.jpg 448w, https:\/\/www.eldigitaldeasturias.com\/noticias\/wp-content\/uploads\/2018\/06\/football-1406106_960_720-768x514.jpg 768w, https:\/\/www.eldigitaldeasturias.com\/noticias\/wp-content\/uploads\/2018\/06\/football-1406106_960_720-690x462.jpg 690w, https:\/\/www.eldigitaldeasturias.com\/noticias\/wp-content\/uploads\/2018\/06\/football-1406106_960_720-20x13.jpg 20w, https:\/\/www.eldigitaldeasturias.com\/noticias\/wp-content\/uploads\/2018\/06\/football-1406106_960_720.jpg 960w\" sizes=\"auto, (max-width: 360px) 100vw, 360px\" \/>(Europa Press) &#8211;\u00a0El Real Madrid entreg\u00f3 al FC Barcelona el liderato de la Liga Santander tras perder ante el Levante (1-0) con un gol de Morales en la jornada 25, la antesala del &#8216;Cl\u00e1sico&#8217; del Bernab\u00e9u del pr\u00f3ximo domingo y de la visita del Manchester City en los octavos de final de la Liga de Campeones este mi\u00e9rcoles.<\/p>\n<p>El equipo de Zin\u00e9dine Zidane ha perdido cinco puntos de ventaja en apenas siete d\u00edas. Los dos primeros ante un Celta en descenso y los tres de este s\u00e1bado, ante un Levante que tiene tomada la medida a los &#8216;grandes&#8217;. Este a\u00f1o ha ganado a Bar\u00e7a y Real Madrid para seguir disfrutando de una c\u00f3moda d\u00e9cima posici\u00f3n en la tabla.<\/p>\n<p>Los merengues, que no ca\u00edan en Orriols desde la campa\u00f1a 2011-2012, fueron dominadores del choque pero volvieron a estar negados de cara a gol, sobre todo Benzema. El franc\u00e9s, err\u00e1tico en la asociaci\u00f3n, no vivi\u00f3 su mejor noche y fall\u00f3 dos claras oportunidades, una en cada parte. Antes, Casemiro pudo haber inaugurado el marcador con un cabezazo parab\u00f3lico.<\/p>\n<p>El brasile\u00f1o aprovech\u00f3 la salida en falso de Aitor Fern\u00e1ndez, pero su remate se march\u00f3 rozando la madera. Modric tambi\u00e9n la tuvo con un lanzamiento violento desde la frontal, pero la falta de determinaci\u00f3n y las buenas paradas del portero granota extendieron el empate hasta el tiempo de descanso.<\/p>\n<p>El Real Madrid dio un paso al frente, aument\u00f3 su presi\u00f3n y goz\u00f3 de buenos minutos con el juego de Isco. El malague\u00f1o fue el mejor y tambi\u00e9n gener\u00f3 otras dos ocasiones, una de ellas una mano de Campa\u00f1a que el \u00e1rbitro no consider\u00f3 como penalti. Dos minutos despu\u00e9s hubo otra acci\u00f3n similar con To\u00f1o como protagonista, pero no cambi\u00f3 el marcador.<\/p>\n<p><strong>OTRA LESI\u00d3N DE HAZARD.<\/strong><\/p>\n<p>Para colmo de los visitantes, Eden Hazard fall\u00f3 un mano a mano clar\u00edsimo antes de pedir el cambio por otra dolencia muscular. El belga sufre su cuarta lesi\u00f3n desde que lleg\u00f3 a Madrid el pasado verano y dej\u00f3 &#8216;tocado&#8217; a su equipo, que no encontr\u00f3 profundidad ni con Lucas V\u00e1zquez, ni con el insistente Vinicius.<\/p>\n<p>Las cosas no terminaban de salir a un Real Madrid que -a los puntos- hubiera sido merecedor de la victoria, pero su falta de gol termin\u00f3 por condenarlo cuando restaban 12 minutos para el 90. Un despeje de los locales termin\u00f3 en botas de Morales. El comandante gan\u00f3 la carrera a Modric y sorprendi\u00f3 a Courtois con un zurdazo muy potente.<\/p>\n<p>El portero blanco pudo haber hecho algo m\u00e1s, sobre todo por su altura, pero el bal\u00f3n acab\u00f3 besando las redes. Los cambios no mejoraron al 13 veces campe\u00f3n de Europa y la pelota neg\u00f3 -al menos- un punto para los pupilos de Zidane. La derrota en el Ciutat llega en el peor momento para los madridista, que afrontan en dos d\u00edas la semana clave de la temporada.<\/p>\n<p>FICHA T\u00c9CNICA.<\/p>\n<p>RESULTADO: LEVANTE, 1 &#8211; REAL MADRID, 0 (0-0, al descanso).<\/p>\n<p>ALINEACIONES.<\/p>\n<p>LEVANTE: Aitor Fern\u00e1ndez; Miram\u00f3n, Postigo, Bruno, To\u00f1o; Vukcevic, Campa\u00f1a, Morales (Pablo Mart\u00ednez, min.79), Bardhi; Mayoral (Sergio Le\u00f3n, min.88) y Roger (Melero, min.67).<\/p>\n<p>REAL MADRID: Courtois; Carvajal, Varane, Sergio Ramos, Marcelo; Casemiro, Modric (Valverde, min.81), Kroos, Isco (Lucas V\u00e1zquez, min.73); Hazard (Vinicius, min.66) y Benzema.<\/p>\n<p>&#8211;GOL:<\/p>\n<p>1 &#8211; 0, min.78, Morales.<\/p>\n<p>\u00c1RBITRO: Hern\u00e1ndez Hern\u00e1ndez (C.Las Palmas). Amonest\u00f3 con tarjeta amarilla a Sergio Ramos (min.10) y Casemiro (min.71) en el Real Madrid; y a Roger (min.35) en el Levante.<\/p>\n<p>ESTADIO: Ciutat de Val\u00e8ncia. 24.500 espectadores.<\/p>\n","protected":false},"excerpt":{"rendered":"<p>(Europa Press) &#8211;\u00a0El Real Madrid entreg\u00f3 al FC Barcelona el liderato de la Liga Santander tras perder ante el Levante (1-0) con un gol de Morales en la jornada 25, la antesala del &#8216;Cl\u00e1sico&#8217; del Bernab\u00e9u del pr\u00f3ximo domingo y de la visita del Manchester City en los octavos de final de la Liga de [&hellip;]<\/p>\n","protected":false},"author":1,"featured_media":985209,"comment_status":"closed","ping_status":"closed","sticky":false,"template":"","format":"standard","meta":{"footnotes":""},"categories":[190],"tags":[],"class_list":["post-1058808","post","type-post","status-publish","format-standard","has-post-thumbnail","hentry","category-deportes"],"aioseo_notices":[],"aioseo_head":"\n\t\t<!-- All in One SEO Pro 4.9.6.2 - aioseo.com -->\n\t<meta name=\"description\" content=\"(Europa Press) - El Real Madrid entreg\u00f3 al FC Barcelona el liderato de la Liga Santander tras perder ante el Levante (1-0) con un gol de Morales en la jornada 25, la antesala del &#039;Cl\u00e1sico&#039; del Bernab\u00e9u del pr\u00f3ximo domingo y de la visita del Manchester City en los octavos de final de la Liga de\" \/>\n\t<meta name=\"robots\" content=\"max-image-preview:large\" \/>\n\t<meta name=\"author\" content=\"El Digital de Asturias\"\/>\n\t<meta name=\"google-site-verification\" content=\"UA-38556648-1\" \/>\n\t<meta name=\"msvalidate.01\" content=\"7dfe9f3f1b24437ab69f4f2559babe99\" \/>\n\t<meta name=\"keywords\" content=\"deportes\" \/>\n\t<link rel=\"canonical\" href=\"https:\/\/www.eldigitaldeasturias.com\/noticias\/derrota-del-real-madrid-contra-el-levante-1-a-0\/\" \/>\n\t<meta name=\"generator\" content=\"All in One SEO Pro (AIOSEO) 4.9.6.2\" \/>\n\t\t<meta property=\"og:locale\" content=\"es_ES\" \/>\n\t\t<meta property=\"og:site_name\" content=\"El Digital de Asturias\" \/>\n\t\t<meta property=\"og:type\" content=\"article\" \/>\n\t\t<meta property=\"og:title\" content=\"Derrota del Real Madrid contra el Levante, 1 a 0 - El Digital de Asturias\" \/>\n\t\t<meta property=\"og:description\" content=\"(Europa Press) - El Real Madrid entreg\u00f3 al FC Barcelona el liderato de la Liga Santander tras perder ante el Levante (1-0) con un gol de Morales en la jornada 25, la antesala del &#039;Cl\u00e1sico&#039; del Bernab\u00e9u del pr\u00f3ximo domingo y de la visita del Manchester City en los octavos de final de la Liga de\" \/>\n\t\t<meta property=\"og:url\" content=\"https:\/\/www.eldigitaldeasturias.com\/noticias\/derrota-del-real-madrid-contra-el-levante-1-a-0\/\" \/>\n\t\t<meta property=\"og:image\" content=\"https:\/\/www.eldigitaldeasturias.com\/noticias\/wp-content\/uploads\/2018\/06\/football-1406106_960_720.jpg\" \/>\n\t\t<meta property=\"og:image:secure_url\" content=\"https:\/\/www.eldigitaldeasturias.com\/noticias\/wp-content\/uploads\/2018\/06\/football-1406106_960_720.jpg\" \/>\n\t\t<meta property=\"og:image:width\" content=\"960\" \/>\n\t\t<meta property=\"og:image:height\" content=\"643\" \/>\n\t\t<meta property=\"article:tag\" content=\"deportes\" \/>\n\t\t<meta property=\"article:published_time\" content=\"2020-02-22T22:34:46+00:00\" \/>\n\t\t<meta property=\"article:modified_time\" content=\"2020-02-22T22:34:46+00:00\" \/>\n\t\t<meta property=\"article:publisher\" content=\"https:\/\/facebook.com\/eldigitaldeasturias\" \/>\n\t\t<meta name=\"twitter:card\" content=\"summary_large_image\" \/>\n\t\t<meta name=\"twitter:title\" content=\"Derrota del Real Madrid contra el Levante, 1 a 0 - El Digital de Asturias\" \/>\n\t\t<meta name=\"twitter:description\" content=\"(Europa Press) - El Real Madrid entreg\u00f3 al FC Barcelona el liderato de la Liga Santander tras perder ante el Levante (1-0) con un gol de Morales en la jornada 25, la antesala del &#039;Cl\u00e1sico&#039; del Bernab\u00e9u del pr\u00f3ximo domingo y de la visita del Manchester City en los octavos de final de la Liga de\" \/>\n\t\t<meta name=\"twitter:image\" content=\"https:\/\/www.eldigitaldeasturias.com\/noticias\/wp-content\/uploads\/2018\/06\/football-1406106_960_720.jpg\" \/>\n\t\t<meta name=\"twitter:label1\" content=\"Escrito por\" \/>\n\t\t<meta name=\"twitter:data1\" content=\"El Digital de Asturias\" \/>\n\t\t<meta name=\"twitter:label2\" content=\"Tiempo de lectura estimado\" \/>\n\t\t<meta name=\"twitter:data2\" content=\"3 minutos\" \/>\n\t\t<script type=\"application\/ld+json\" class=\"aioseo-schema\">\n\t\t\t{\"@context\":\"https:\\\/\\\/schema.org\",\"@graph\":[{\"@type\":\"BlogPosting\",\"@id\":\"https:\\\/\\\/www.eldigitaldeasturias.com\\\/noticias\\\/derrota-del-real-madrid-contra-el-levante-1-a-0\\\/#blogposting\",\"name\":\"Derrota del Real Madrid contra el Levante, 1 a 0 - El Digital de Asturias\",\"headline\":\"Derrota del Real Madrid contra el Levante, 1 a 0\",\"author\":{\"@id\":\"https:\\\/\\\/www.eldigitaldeasturias.com\\\/noticias\\\/author\\\/admin\\\/#author\"},\"publisher\":{\"@id\":\"https:\\\/\\\/www.eldigitaldeasturias.com\\\/noticias\\\/#organization\"},\"image\":{\"@type\":\"ImageObject\",\"url\":\"https:\\\/\\\/www.eldigitaldeasturias.com\\\/noticias\\\/wp-content\\\/uploads\\\/2018\\\/06\\\/football-1406106_960_720.jpg\",\"width\":960,\"height\":643},\"datePublished\":\"2020-02-22T22:34:46+01:00\",\"dateModified\":\"2020-02-22T22:34:46+01:00\",\"inLanguage\":\"es-ES\",\"mainEntityOfPage\":{\"@id\":\"https:\\\/\\\/www.eldigitaldeasturias.com\\\/noticias\\\/derrota-del-real-madrid-contra-el-levante-1-a-0\\\/#webpage\"},\"isPartOf\":{\"@id\":\"https:\\\/\\\/www.eldigitaldeasturias.com\\\/noticias\\\/derrota-del-real-madrid-contra-el-levante-1-a-0\\\/#webpage\"},\"articleSection\":\"Deportes\"},{\"@type\":\"BreadcrumbList\",\"@id\":\"https:\\\/\\\/www.eldigitaldeasturias.com\\\/noticias\\\/derrota-del-real-madrid-contra-el-levante-1-a-0\\\/#breadcrumblist\",\"itemListElement\":[{\"@type\":\"ListItem\",\"@id\":\"https:\\\/\\\/www.eldigitaldeasturias.com\\\/noticias#listItem\",\"position\":1,\"name\":\"Home\",\"item\":\"https:\\\/\\\/www.eldigitaldeasturias.com\\\/noticias\",\"nextItem\":{\"@type\":\"ListItem\",\"@id\":\"https:\\\/\\\/www.eldigitaldeasturias.com\\\/noticias\\\/category\\\/deportes\\\/#listItem\",\"name\":\"Deportes\"}},{\"@type\":\"ListItem\",\"@id\":\"https:\\\/\\\/www.eldigitaldeasturias.com\\\/noticias\\\/category\\\/deportes\\\/#listItem\",\"position\":2,\"name\":\"Deportes\",\"item\":\"https:\\\/\\\/www.eldigitaldeasturias.com\\\/noticias\\\/category\\\/deportes\\\/\",\"nextItem\":{\"@type\":\"ListItem\",\"@id\":\"https:\\\/\\\/www.eldigitaldeasturias.com\\\/noticias\\\/derrota-del-real-madrid-contra-el-levante-1-a-0\\\/#listItem\",\"name\":\"Derrota del Real Madrid contra el Levante, 1 a 0\"},\"previousItem\":{\"@type\":\"ListItem\",\"@id\":\"https:\\\/\\\/www.eldigitaldeasturias.com\\\/noticias#listItem\",\"name\":\"Home\"}},{\"@type\":\"ListItem\",\"@id\":\"https:\\\/\\\/www.eldigitaldeasturias.com\\\/noticias\\\/derrota-del-real-madrid-contra-el-levante-1-a-0\\\/#listItem\",\"position\":3,\"name\":\"Derrota del Real Madrid contra el Levante, 1 a 0\",\"previousItem\":{\"@type\":\"ListItem\",\"@id\":\"https:\\\/\\\/www.eldigitaldeasturias.com\\\/noticias\\\/category\\\/deportes\\\/#listItem\",\"name\":\"Deportes\"}}]},{\"@type\":\"Organization\",\"@id\":\"https:\\\/\\\/www.eldigitaldeasturias.com\\\/noticias\\\/#organization\",\"name\":\"El Digital de Asturias\",\"description\":\"Hemeroteca\",\"url\":\"https:\\\/\\\/www.eldigitaldeasturias.com\\\/noticias\\\/\",\"email\":\"info@eldigitaldeasturias.com\",\"telephone\":\"+34652131393\",\"logo\":{\"@type\":\"ImageObject\",\"url\":\"https:\\\/\\\/www.eldigitaldeasturias.com\\\/noticias\\\/wp-content\\\/uploads\\\/2020\\\/12\\\/EDA.jpg\",\"@id\":\"https:\\\/\\\/www.eldigitaldeasturias.com\\\/noticias\\\/derrota-del-real-madrid-contra-el-levante-1-a-0\\\/#organizationLogo\",\"width\":649,\"height\":297},\"image\":{\"@id\":\"https:\\\/\\\/www.eldigitaldeasturias.com\\\/noticias\\\/derrota-del-real-madrid-contra-el-levante-1-a-0\\\/#organizationLogo\"},\"sameAs\":[\"https:\\\/\\\/facebook.com\\\/eldigitaldeasturias\",\"https:\\\/\\\/www.youtube.com\\\/channel\\\/UCZP-2wLEB9Rv6erhFmqVnvg\"],\"address\":{\"@id\":\"https:\\\/\\\/www.eldigitaldeasturias.com\\\/noticias\\\/#postaladdress\",\"@type\":\"PostalAddress\",\"streetAddress\":\"san antonio 4,\",\"postalCode\":\"33430\",\"addressLocality\":\"Cand\\u00e1s\",\"addressRegion\":\"Asturias\",\"addressCountry\":\"ES\"}},{\"@type\":\"Person\",\"@id\":\"https:\\\/\\\/www.eldigitaldeasturias.com\\\/noticias\\\/author\\\/admin\\\/#author\",\"url\":\"https:\\\/\\\/www.eldigitaldeasturias.com\\\/noticias\\\/author\\\/admin\\\/\",\"name\":\"El Digital de Asturias\",\"image\":{\"@type\":\"ImageObject\",\"@id\":\"https:\\\/\\\/www.eldigitaldeasturias.com\\\/noticias\\\/derrota-del-real-madrid-contra-el-levante-1-a-0\\\/#authorImage\",\"url\":\"https:\\\/\\\/www.eldigitaldeasturias.com\\\/noticias\\\/wp-content\\\/litespeed\\\/avatar\\\/18677e78aa0546b92d9dbf31ec7d7668.jpg?ver=1777290358\",\"width\":96,\"height\":96,\"caption\":\"El Digital de Asturias\"}},{\"@type\":\"WebPage\",\"@id\":\"https:\\\/\\\/www.eldigitaldeasturias.com\\\/noticias\\\/derrota-del-real-madrid-contra-el-levante-1-a-0\\\/#webpage\",\"url\":\"https:\\\/\\\/www.eldigitaldeasturias.com\\\/noticias\\\/derrota-del-real-madrid-contra-el-levante-1-a-0\\\/\",\"name\":\"Derrota del Real Madrid contra el Levante, 1 a 0 - El Digital de Asturias\",\"description\":\"(Europa Press) - El Real Madrid entreg\\u00f3 al FC Barcelona el liderato de la Liga Santander tras perder ante el Levante (1-0) con un gol de Morales en la jornada 25, la antesala del 'Cl\\u00e1sico' del Bernab\\u00e9u del pr\\u00f3ximo domingo y de la visita del Manchester City en los octavos de final de la Liga de\",\"inLanguage\":\"es-ES\",\"isPartOf\":{\"@id\":\"https:\\\/\\\/www.eldigitaldeasturias.com\\\/noticias\\\/#website\"},\"breadcrumb\":{\"@id\":\"https:\\\/\\\/www.eldigitaldeasturias.com\\\/noticias\\\/derrota-del-real-madrid-contra-el-levante-1-a-0\\\/#breadcrumblist\"},\"author\":{\"@id\":\"https:\\\/\\\/www.eldigitaldeasturias.com\\\/noticias\\\/author\\\/admin\\\/#author\"},\"creator\":{\"@id\":\"https:\\\/\\\/www.eldigitaldeasturias.com\\\/noticias\\\/author\\\/admin\\\/#author\"},\"image\":{\"@type\":\"ImageObject\",\"url\":\"https:\\\/\\\/www.eldigitaldeasturias.com\\\/noticias\\\/wp-content\\\/uploads\\\/2018\\\/06\\\/football-1406106_960_720.jpg\",\"@id\":\"https:\\\/\\\/www.eldigitaldeasturias.com\\\/noticias\\\/derrota-del-real-madrid-contra-el-levante-1-a-0\\\/#mainImage\",\"width\":960,\"height\":643},\"primaryImageOfPage\":{\"@id\":\"https:\\\/\\\/www.eldigitaldeasturias.com\\\/noticias\\\/derrota-del-real-madrid-contra-el-levante-1-a-0\\\/#mainImage\"},\"datePublished\":\"2020-02-22T22:34:46+01:00\",\"dateModified\":\"2020-02-22T22:34:46+01:00\"},{\"@type\":\"WebSite\",\"@id\":\"https:\\\/\\\/www.eldigitaldeasturias.com\\\/noticias\\\/#website\",\"url\":\"https:\\\/\\\/www.eldigitaldeasturias.com\\\/noticias\\\/\",\"name\":\"El Digital de Asturias - Diario de actualidad y noticias\",\"alternateName\":\"El Digital de Asturias - Diario de actualidad y noticias\",\"description\":\"Hemeroteca\",\"inLanguage\":\"es-ES\",\"publisher\":{\"@id\":\"https:\\\/\\\/www.eldigitaldeasturias.com\\\/noticias\\\/#organization\"}}]}\n\t\t<\/script>\n\t\t<!-- All in One SEO Pro -->\r\n\t\t<title>Derrota del Real Madrid contra el Levante, 1 a 0 - El Digital de Asturias<\/title>\n\n","aioseo_head_json":{"title":"Derrota del Real Madrid contra el Levante, 1 a 0 - El Digital de Asturias","description":"(Europa Press) - El Real Madrid entreg\u00f3 al FC Barcelona el liderato de la Liga Santander tras perder ante el Levante (1-0) con un gol de Morales en la jornada 25, la antesala del 'Cl\u00e1sico' del Bernab\u00e9u del pr\u00f3ximo domingo y de la visita del Manchester City en los octavos de final de la Liga de","canonical_url":"https:\/\/www.eldigitaldeasturias.com\/noticias\/derrota-del-real-madrid-contra-el-levante-1-a-0\/","robots":"max-image-preview:large","keywords":"deportes","webmasterTools":{"google-site-verification":"UA-38556648-1","msvalidate.01":"7dfe9f3f1b24437ab69f4f2559babe99","miscellaneous":""},"schema":{"@context":"https:\/\/schema.org","@graph":[{"@type":"BlogPosting","@id":"https:\/\/www.eldigitaldeasturias.com\/noticias\/derrota-del-real-madrid-contra-el-levante-1-a-0\/#blogposting","name":"Derrota del Real Madrid contra el Levante, 1 a 0 - El Digital de Asturias","headline":"Derrota del Real Madrid contra el Levante, 1 a 0","author":{"@id":"https:\/\/www.eldigitaldeasturias.com\/noticias\/author\/admin\/#author"},"publisher":{"@id":"https:\/\/www.eldigitaldeasturias.com\/noticias\/#organization"},"image":{"@type":"ImageObject","url":"https:\/\/www.eldigitaldeasturias.com\/noticias\/wp-content\/uploads\/2018\/06\/football-1406106_960_720.jpg","width":960,"height":643},"datePublished":"2020-02-22T22:34:46+01:00","dateModified":"2020-02-22T22:34:46+01:00","inLanguage":"es-ES","mainEntityOfPage":{"@id":"https:\/\/www.eldigitaldeasturias.com\/noticias\/derrota-del-real-madrid-contra-el-levante-1-a-0\/#webpage"},"isPartOf":{"@id":"https:\/\/www.eldigitaldeasturias.com\/noticias\/derrota-del-real-madrid-contra-el-levante-1-a-0\/#webpage"},"articleSection":"Deportes"},{"@type":"BreadcrumbList","@id":"https:\/\/www.eldigitaldeasturias.com\/noticias\/derrota-del-real-madrid-contra-el-levante-1-a-0\/#breadcrumblist","itemListElement":[{"@type":"ListItem","@id":"https:\/\/www.eldigitaldeasturias.com\/noticias#listItem","position":1,"name":"Home","item":"https:\/\/www.eldigitaldeasturias.com\/noticias","nextItem":{"@type":"ListItem","@id":"https:\/\/www.eldigitaldeasturias.com\/noticias\/category\/deportes\/#listItem","name":"Deportes"}},{"@type":"ListItem","@id":"https:\/\/www.eldigitaldeasturias.com\/noticias\/category\/deportes\/#listItem","position":2,"name":"Deportes","item":"https:\/\/www.eldigitaldeasturias.com\/noticias\/category\/deportes\/","nextItem":{"@type":"ListItem","@id":"https:\/\/www.eldigitaldeasturias.com\/noticias\/derrota-del-real-madrid-contra-el-levante-1-a-0\/#listItem","name":"Derrota del Real Madrid contra el Levante, 1 a 0"},"previousItem":{"@type":"ListItem","@id":"https:\/\/www.eldigitaldeasturias.com\/noticias#listItem","name":"Home"}},{"@type":"ListItem","@id":"https:\/\/www.eldigitaldeasturias.com\/noticias\/derrota-del-real-madrid-contra-el-levante-1-a-0\/#listItem","position":3,"name":"Derrota del Real Madrid contra el Levante, 1 a 0","previousItem":{"@type":"ListItem","@id":"https:\/\/www.eldigitaldeasturias.com\/noticias\/category\/deportes\/#listItem","name":"Deportes"}}]},{"@type":"Organization","@id":"https:\/\/www.eldigitaldeasturias.com\/noticias\/#organization","name":"El Digital de Asturias","description":"Hemeroteca","url":"https:\/\/www.eldigitaldeasturias.com\/noticias\/","email":"info@eldigitaldeasturias.com","telephone":"+34652131393","logo":{"@type":"ImageObject","url":"https:\/\/www.eldigitaldeasturias.com\/noticias\/wp-content\/uploads\/2020\/12\/EDA.jpg","@id":"https:\/\/www.eldigitaldeasturias.com\/noticias\/derrota-del-real-madrid-contra-el-levante-1-a-0\/#organizationLogo","width":649,"height":297},"image":{"@id":"https:\/\/www.eldigitaldeasturias.com\/noticias\/derrota-del-real-madrid-contra-el-levante-1-a-0\/#organizationLogo"},"sameAs":["https:\/\/facebook.com\/eldigitaldeasturias","https:\/\/www.youtube.com\/channel\/UCZP-2wLEB9Rv6erhFmqVnvg"],"address":{"@id":"https:\/\/www.eldigitaldeasturias.com\/noticias\/#postaladdress","@type":"PostalAddress","streetAddress":"san antonio 4,","postalCode":"33430","addressLocality":"Cand\u00e1s","addressRegion":"Asturias","addressCountry":"ES"}},{"@type":"Person","@id":"https:\/\/www.eldigitaldeasturias.com\/noticias\/author\/admin\/#author","url":"https:\/\/www.eldigitaldeasturias.com\/noticias\/author\/admin\/","name":"El Digital de Asturias","image":{"@type":"ImageObject","@id":"https:\/\/www.eldigitaldeasturias.com\/noticias\/derrota-del-real-madrid-contra-el-levante-1-a-0\/#authorImage","url":"https:\/\/www.eldigitaldeasturias.com\/noticias\/wp-content\/litespeed\/avatar\/18677e78aa0546b92d9dbf31ec7d7668.jpg?ver=1777290358","width":96,"height":96,"caption":"El Digital de Asturias"}},{"@type":"WebPage","@id":"https:\/\/www.eldigitaldeasturias.com\/noticias\/derrota-del-real-madrid-contra-el-levante-1-a-0\/#webpage","url":"https:\/\/www.eldigitaldeasturias.com\/noticias\/derrota-del-real-madrid-contra-el-levante-1-a-0\/","name":"Derrota del Real Madrid contra el Levante, 1 a 0 - El Digital de Asturias","description":"(Europa Press) - El Real Madrid entreg\u00f3 al FC Barcelona el liderato de la Liga Santander tras perder ante el Levante (1-0) con un gol de Morales en la jornada 25, la antesala del 'Cl\u00e1sico' del Bernab\u00e9u del pr\u00f3ximo domingo y de la visita del Manchester City en los octavos de final de la Liga de","inLanguage":"es-ES","isPartOf":{"@id":"https:\/\/www.eldigitaldeasturias.com\/noticias\/#website"},"breadcrumb":{"@id":"https:\/\/www.eldigitaldeasturias.com\/noticias\/derrota-del-real-madrid-contra-el-levante-1-a-0\/#breadcrumblist"},"author":{"@id":"https:\/\/www.eldigitaldeasturias.com\/noticias\/author\/admin\/#author"},"creator":{"@id":"https:\/\/www.eldigitaldeasturias.com\/noticias\/author\/admin\/#author"},"image":{"@type":"ImageObject","url":"https:\/\/www.eldigitaldeasturias.com\/noticias\/wp-content\/uploads\/2018\/06\/football-1406106_960_720.jpg","@id":"https:\/\/www.eldigitaldeasturias.com\/noticias\/derrota-del-real-madrid-contra-el-levante-1-a-0\/#mainImage","width":960,"height":643},"primaryImageOfPage":{"@id":"https:\/\/www.eldigitaldeasturias.com\/noticias\/derrota-del-real-madrid-contra-el-levante-1-a-0\/#mainImage"},"datePublished":"2020-02-22T22:34:46+01:00","dateModified":"2020-02-22T22:34:46+01:00"},{"@type":"WebSite","@id":"https:\/\/www.eldigitaldeasturias.com\/noticias\/#website","url":"https:\/\/www.eldigitaldeasturias.com\/noticias\/","name":"El Digital de Asturias - Diario de actualidad y noticias","alternateName":"El Digital de Asturias - Diario de actualidad y noticias","description":"Hemeroteca","inLanguage":"es-ES","publisher":{"@id":"https:\/\/www.eldigitaldeasturias.com\/noticias\/#organization"}}]},"og:locale":"es_ES","og:site_name":"El Digital de Asturias","og:type":"article","og:title":"Derrota del Real Madrid contra el Levante, 1 a 0 - El Digital de Asturias","og:description":"(Europa Press) - El Real Madrid entreg\u00f3 al FC Barcelona el liderato de la Liga Santander tras perder ante el Levante (1-0) con un gol de Morales en la jornada 25, la antesala del 'Cl\u00e1sico' del Bernab\u00e9u del pr\u00f3ximo domingo y de la visita del Manchester City en los octavos de final de la Liga de","og:url":"https:\/\/www.eldigitaldeasturias.com\/noticias\/derrota-del-real-madrid-contra-el-levante-1-a-0\/","og:image":"https:\/\/www.eldigitaldeasturias.com\/noticias\/wp-content\/uploads\/2018\/06\/football-1406106_960_720.jpg","og:image:secure_url":"https:\/\/www.eldigitaldeasturias.com\/noticias\/wp-content\/uploads\/2018\/06\/football-1406106_960_720.jpg","og:image:width":960,"og:image:height":643,"article:tag":["deportes"],"article:published_time":"2020-02-22T22:34:46+00:00","article:modified_time":"2020-02-22T22:34:46+00:00","article:publisher":"https:\/\/facebook.com\/eldigitaldeasturias","twitter:card":"summary_large_image","twitter:title":"Derrota del Real Madrid contra el Levante, 1 a 0 - El Digital de Asturias","twitter:description":"(Europa Press) - El Real Madrid entreg\u00f3 al FC Barcelona el liderato de la Liga Santander tras perder ante el Levante (1-0) con un gol de Morales en la jornada 25, la antesala del 'Cl\u00e1sico' del Bernab\u00e9u del pr\u00f3ximo domingo y de la visita del Manchester City en los octavos de final de la Liga de","twitter:image":"https:\/\/www.eldigitaldeasturias.com\/noticias\/wp-content\/uploads\/2018\/06\/football-1406106_960_720.jpg","twitter:label1":"Escrito por","twitter:data1":"El Digital de Asturias","twitter:label2":"Tiempo de lectura estimado","twitter:data2":"3 minutos"},"aioseo_meta_data":{"post_id":"1058808","title":null,"description":null,"keywords":null,"keyphrases":null,"primary_term":null,"canonical_url":null,"og_title":null,"og_description":null,"og_object_type":"default","og_image_type":"default","og_image_url":null,"og_image_width":null,"og_image_height":null,"og_image_custom_url":null,"og_image_custom_fields":null,"og_video":null,"og_custom_url":null,"og_article_section":null,"og_article_tags":null,"twitter_use_og":false,"twitter_card":"default","twitter_image_type":"default","twitter_image_url":null,"twitter_image_custom_url":null,"twitter_image_custom_fields":null,"twitter_title":null,"twitter_description":null,"schema":{"blockGraphs":[],"customGraphs":[],"default":{"data":{"Article":[],"Course":[],"Dataset":[],"FAQPage":[],"Movie":[],"Person":[],"Product":[],"ProductReview":[],"Car":[],"Recipe":[],"Service":[],"SoftwareApplication":[],"WebPage":[]},"graphName":"","isEnabled":true},"graphs":[],"defaultGraph":"","defaultPostTypeGraph":""},"schema_type":null,"schema_type_options":null,"pillar_content":false,"robots_default":true,"robots_noindex":false,"robots_noarchive":false,"robots_nosnippet":false,"robots_nofollow":false,"robots_noimageindex":false,"robots_noodp":false,"robots_notranslate":false,"robots_max_snippet":null,"robots_max_videopreview":null,"robots_max_imagepreview":"large","priority":null,"frequency":null,"local_seo":null,"seo_analyzer_scan_date":"2025-10-31 06:39:29","breadcrumb_settings":null,"limit_modified_date":false,"open_ai":null,"ai":null,"created":"2020-12-21 10:55:05","updated":"2025-10-31 06:39:29"},"aioseo_breadcrumb":"<div class=\"aioseo-breadcrumbs\"><span class=\"aioseo-breadcrumb\">\n\t<a href=\"https:\/\/www.eldigitaldeasturias.com\/noticias\" title=\"Home\">Home<\/a>\n<\/span><span class=\"aioseo-breadcrumb-separator\">\u2013<\/span><span class=\"aioseo-breadcrumb\">\n\t<a href=\"https:\/\/www.eldigitaldeasturias.com\/noticias\/category\/deportes\/\" title=\"Deportes\">Deportes<\/a>\n<\/span><span class=\"aioseo-breadcrumb-separator\">\u2013<\/span><span class=\"aioseo-breadcrumb\">\n\t<a href=\"https:\/\/www.eldigitaldeasturias.com\/noticias\/derrota-del-real-madrid-contra-el-levante-1-a-0\/\" title=\"Derrota del Real Madrid contra el Levante, 1 a 0\">Derrota del Real Madrid contra el Levante, 1 a 0<\/a>\n<\/span><\/div>","aioseo_breadcrumb_json":[{"label":"Home","link":"https:\/\/www.eldigitaldeasturias.com\/noticias"},{"label":"Deportes","link":"https:\/\/www.eldigitaldeasturias.com\/noticias\/category\/deportes\/"},{"label":"Derrota del Real Madrid contra el Levante, 1 a 0","link":"https:\/\/www.eldigitaldeasturias.com\/noticias\/derrota-del-real-madrid-contra-el-levante-1-a-0\/"}],"_links":{"self":[{"href":"https:\/\/www.eldigitaldeasturias.com\/noticias\/wp-json\/wp\/v2\/posts\/1058808","targetHints":{"allow":["GET"]}}],"collection":[{"href":"https:\/\/www.eldigitaldeasturias.com\/noticias\/wp-json\/wp\/v2\/posts"}],"about":[{"href":"https:\/\/www.eldigitaldeasturias.com\/noticias\/wp-json\/wp\/v2\/types\/post"}],"author":[{"embeddable":true,"href":"https:\/\/www.eldigitaldeasturias.com\/noticias\/wp-json\/wp\/v2\/users\/1"}],"replies":[{"embeddable":true,"href":"https:\/\/www.eldigitaldeasturias.com\/noticias\/wp-json\/wp\/v2\/comments?post=1058808"}],"version-history":[{"count":0,"href":"https:\/\/www.eldigitaldeasturias.com\/noticias\/wp-json\/wp\/v2\/posts\/1058808\/revisions"}],"wp:featuredmedia":[{"embeddable":true,"href":"https:\/\/www.eldigitaldeasturias.com\/noticias\/wp-json\/wp\/v2\/media\/985209"}],"wp:attachment":[{"href":"https:\/\/www.eldigitaldeasturias.com\/noticias\/wp-json\/wp\/v2\/media?parent=1058808"}],"wp:term":[{"taxonomy":"category","embeddable":true,"href":"https:\/\/www.eldigitaldeasturias.com\/noticias\/wp-json\/wp\/v2\/categories?post=1058808"},{"taxonomy":"post_tag","embeddable":true,"href":"https:\/\/www.eldigitaldeasturias.com\/noticias\/wp-json\/wp\/v2\/tags?post=1058808"}],"curies":[{"name":"wp","href":"https:\/\/api.w.org\/{rel}","templated":true}]}}