{"id":1058774,"date":"2020-02-22T20:11:21","date_gmt":"2020-02-22T20:11:21","guid":{"rendered":"https:\/\/www.eldigitaldeasturias.com\/noticias\/?p=1058774"},"modified":"2020-02-22T20:11:21","modified_gmt":"2020-02-22T20:11:21","slug":"andalucia-casi-duplica-su-potencia-fotovoltaica-conectada-a-la-red","status":"publish","type":"post","link":"https:\/\/www.eldigitaldeasturias.com\/noticias\/andalucia-casi-duplica-su-potencia-fotovoltaica-conectada-a-la-red\/","title":{"rendered":"Andaluc\u00eda casi duplica su potencia fotovoltaica conectada a la red"},"content":{"rendered":"<p><img loading=\"lazy\" decoding=\"async\" class=\"alignleft size-medium wp-image-1058775\" src=\"https:\/\/www.eldigitaldeasturias.com\/noticias\/wp-content\/uploads\/2020\/02\/1582206769_ODF_Energ_a-360x237.jpg\" alt=\"\" width=\"360\" height=\"237\" srcset=\"https:\/\/www.eldigitaldeasturias.com\/noticias\/wp-content\/uploads\/2020\/02\/1582206769_ODF_Energ_a-360x237.jpg 360w, https:\/\/www.eldigitaldeasturias.com\/noticias\/wp-content\/uploads\/2020\/02\/1582206769_ODF_Energ_a-690x453.jpg 690w, https:\/\/www.eldigitaldeasturias.com\/noticias\/wp-content\/uploads\/2020\/02\/1582206769_ODF_Energ_a-457x300.jpg 457w, https:\/\/www.eldigitaldeasturias.com\/noticias\/wp-content\/uploads\/2020\/02\/1582206769_ODF_Energ_a-768x505.jpg 768w, https:\/\/www.eldigitaldeasturias.com\/noticias\/wp-content\/uploads\/2020\/02\/1582206769_ODF_Energ_a-1024x673.jpg 1024w, https:\/\/www.eldigitaldeasturias.com\/noticias\/wp-content\/uploads\/2020\/02\/1582206769_ODF_Energ_a.jpg 1280w\" sizes=\"auto, (max-width: 360px) 100vw, 360px\" \/>Seg\u00fan los \u00faltimos datos de la Agencia Andaluza de la Energ\u00eda del 1 de enero de 2020, y de los que se hace eco el diario digital\u00a0<span style=\"color: #ff6600;\"><strong><a style=\"color: #ff6600;\" href=\"https:\/\/www.energias-renovables.com\/panorama\/andalucia-instala-casi-100-megavatios-de-nueva-20200207\" target=\"_blank\" rel=\"nofollow noopener noreferrer\">Energ\u00edas Renovables<\/a><\/strong><\/span>, la comunidad aut\u00f3noma de Andaluc\u00eda casi ha duplicado su potencia fotovoltaica conectada a la red. Los datos general que han obtenido han sido de hasta 1.112 megavatios de nueva potencia renovable conectada a la red a lo largo de 2019. Esto supone casi 100 megavatios de potencia renovable cada mes.<\/p>\n<p>La instalaci\u00f3n de tecnolog\u00eda solar fotovoltaica se encuentra por encima de las dem\u00e1s con 881 megavatios (el 80 por ciento del total), unos datos que favorecen a las energ\u00e9ticas renovables como ODF Energ\u00eda, una\u00a0<span style=\"color: #ff6600;\"><a style=\"color: #ff6600;\" href=\"https:\/\/www.odfenergia.es\/\" target=\"_blank\" rel=\"nofollow noopener noreferrer\"><strong>compa\u00f1\u00eda energ\u00e9tica de electricidad<\/strong><\/a><\/span>. La tecnolog\u00eda e\u00f3lica se posiciona a gran distancia con 124 megas distribuidos en seis proyectos (el 11 por ciento del total). Le sigue una nueva planta de biomasa en C\u00e1diz, con 46 megavatios.<\/p>\n<p>Seg\u00fan los \u00faltimos datos disponibles, Andaluc\u00eda ha incrementado un 18 por ciento respecto al a\u00f1o anterior, y cuenta con una potencia el\u00e9ctrica instalada de 7.216 megavatio. Respecto a la nueva potencia renovable instalada durante 2019, la mitad es el resultado de las subastas estatales realizadas a comienzos de 2016 y durante los meses de mayo y julio de 2017. Dichas subastas ten\u00edan como fin la promoci\u00f3n de renovables, concretamente 18 proyectos que suman 576 megavatios. El resto se debe a la iniciativa privada del sector, algo que supone una gran oportunidad para una\u00a0<span style=\"color: #ff6600;\"><strong><a style=\"color: #ff6600;\" href=\"https:\/\/www.odfenergia.es\/\" target=\"_blank\" rel=\"nofollow noopener noreferrer\">compa\u00f1\u00eda energ\u00e9tica<\/a><\/strong><\/span>.<\/p>\n<p>A todos estos datos hay que a\u00f1adirle una nueva instalaci\u00f3n de energ\u00eda hidra\u00falica con una potencia de 34 megavatios. Mediante esta tecnolog\u00eda se alcanzan los 650 megas, con 93 centrales.<\/p>\n<p>&nbsp;<\/p>\n","protected":false},"excerpt":{"rendered":"<p>Seg\u00fan los \u00faltimos datos de la Agencia Andaluza de la Energ\u00eda del 1 de enero de 2020, y de los que se hace eco el diario digital\u00a0Energ\u00edas Renovables, la comunidad aut\u00f3noma de Andaluc\u00eda casi ha duplicado su potencia fotovoltaica conectada a la red. Los datos general que han obtenido han sido de hasta 1.112 megavatios [&hellip;]<\/p>\n","protected":false},"author":1,"featured_media":1058775,"comment_status":"closed","ping_status":"closed","sticky":false,"template":"","format":"standard","meta":{"footnotes":""},"categories":[187],"tags":[],"class_list":["post-1058774","post","type-post","status-publish","format-standard","has-post-thumbnail","hentry","category-economia"],"aioseo_notices":[],"aioseo_head":"\n\t\t<!-- All in One SEO Pro 4.9.6.2 - aioseo.com -->\n\t<meta name=\"description\" content=\"Seg\u00fan los \u00faltimos datos de la Agencia Andaluza de la Energ\u00eda del 1 de enero de 2020, y de los que se hace eco el diario digital Energ\u00edas Renovables, la comunidad aut\u00f3noma de Andaluc\u00eda casi ha duplicado su potencia fotovoltaica conectada a la red. Los datos general que han obtenido han sido de hasta 1.112 megavatios\" \/>\n\t<meta name=\"robots\" content=\"max-image-preview:large\" \/>\n\t<meta name=\"author\" content=\"El Digital de Asturias\"\/>\n\t<meta name=\"google-site-verification\" content=\"UA-38556648-1\" \/>\n\t<meta name=\"msvalidate.01\" content=\"7dfe9f3f1b24437ab69f4f2559babe99\" \/>\n\t<meta name=\"keywords\" content=\"econom\u00eda\" \/>\n\t<link rel=\"canonical\" href=\"https:\/\/www.eldigitaldeasturias.com\/noticias\/andalucia-casi-duplica-su-potencia-fotovoltaica-conectada-a-la-red\/\" \/>\n\t<meta name=\"generator\" content=\"All in One SEO Pro (AIOSEO) 4.9.6.2\" \/>\n\t\t<meta property=\"og:locale\" content=\"es_ES\" \/>\n\t\t<meta property=\"og:site_name\" content=\"El Digital de Asturias\" \/>\n\t\t<meta property=\"og:type\" content=\"article\" \/>\n\t\t<meta property=\"og:title\" content=\"Andaluc\u00eda casi duplica su potencia fotovoltaica conectada a la red - El Digital de Asturias\" \/>\n\t\t<meta property=\"og:description\" content=\"Seg\u00fan los \u00faltimos datos de la Agencia Andaluza de la Energ\u00eda del 1 de enero de 2020, y de los que se hace eco el diario digital Energ\u00edas Renovables, la comunidad aut\u00f3noma de Andaluc\u00eda casi ha duplicado su potencia fotovoltaica conectada a la red. Los datos general que han obtenido han sido de hasta 1.112 megavatios\" \/>\n\t\t<meta property=\"og:url\" content=\"https:\/\/www.eldigitaldeasturias.com\/noticias\/andalucia-casi-duplica-su-potencia-fotovoltaica-conectada-a-la-red\/\" \/>\n\t\t<meta property=\"og:image\" content=\"https:\/\/www.eldigitaldeasturias.com\/noticias\/wp-content\/uploads\/2020\/02\/1582206769_ODF_Energ_a.jpg\" \/>\n\t\t<meta property=\"og:image:secure_url\" content=\"https:\/\/www.eldigitaldeasturias.com\/noticias\/wp-content\/uploads\/2020\/02\/1582206769_ODF_Energ_a.jpg\" \/>\n\t\t<meta property=\"og:image:width\" content=\"1280\" \/>\n\t\t<meta property=\"og:image:height\" content=\"841\" \/>\n\t\t<meta property=\"article:tag\" content=\"econom\u00eda\" \/>\n\t\t<meta property=\"article:published_time\" content=\"2020-02-22T20:11:21+00:00\" \/>\n\t\t<meta property=\"article:modified_time\" content=\"2020-02-22T20:11:21+00:00\" \/>\n\t\t<meta property=\"article:publisher\" content=\"https:\/\/facebook.com\/eldigitaldeasturias\" \/>\n\t\t<meta name=\"twitter:card\" content=\"summary_large_image\" \/>\n\t\t<meta name=\"twitter:title\" content=\"Andaluc\u00eda casi duplica su potencia fotovoltaica conectada a la red - El Digital de Asturias\" \/>\n\t\t<meta name=\"twitter:description\" content=\"Seg\u00fan los \u00faltimos datos de la Agencia Andaluza de la Energ\u00eda del 1 de enero de 2020, y de los que se hace eco el diario digital Energ\u00edas Renovables, la comunidad aut\u00f3noma de Andaluc\u00eda casi ha duplicado su potencia fotovoltaica conectada a la red. Los datos general que han obtenido han sido de hasta 1.112 megavatios\" \/>\n\t\t<meta name=\"twitter:image\" content=\"https:\/\/www.eldigitaldeasturias.com\/noticias\/wp-content\/uploads\/2020\/02\/1582206769_ODF_Energ_a.jpg\" \/>\n\t\t<meta name=\"twitter:label1\" content=\"Escrito por\" \/>\n\t\t<meta name=\"twitter:data1\" content=\"El Digital de Asturias\" \/>\n\t\t<meta name=\"twitter:label2\" content=\"Tiempo de lectura estimado\" \/>\n\t\t<meta name=\"twitter:data2\" content=\"1 minuto\" \/>\n\t\t<script type=\"application\/ld+json\" class=\"aioseo-schema\">\n\t\t\t{\"@context\":\"https:\\\/\\\/schema.org\",\"@graph\":[{\"@type\":\"BlogPosting\",\"@id\":\"https:\\\/\\\/www.eldigitaldeasturias.com\\\/noticias\\\/andalucia-casi-duplica-su-potencia-fotovoltaica-conectada-a-la-red\\\/#blogposting\",\"name\":\"Andaluc\\u00eda casi duplica su potencia fotovoltaica conectada a la red - El Digital de Asturias\",\"headline\":\"Andaluc\\u00eda casi duplica su potencia fotovoltaica conectada a la red\",\"author\":{\"@id\":\"https:\\\/\\\/www.eldigitaldeasturias.com\\\/noticias\\\/author\\\/admin\\\/#author\"},\"publisher\":{\"@id\":\"https:\\\/\\\/www.eldigitaldeasturias.com\\\/noticias\\\/#organization\"},\"image\":{\"@type\":\"ImageObject\",\"url\":\"https:\\\/\\\/www.eldigitaldeasturias.com\\\/noticias\\\/wp-content\\\/uploads\\\/2020\\\/02\\\/1582206769_ODF_Energ_a.jpg\",\"width\":1280,\"height\":841},\"datePublished\":\"2020-02-22T20:11:21+01:00\",\"dateModified\":\"2020-02-22T20:11:21+01:00\",\"inLanguage\":\"es-ES\",\"mainEntityOfPage\":{\"@id\":\"https:\\\/\\\/www.eldigitaldeasturias.com\\\/noticias\\\/andalucia-casi-duplica-su-potencia-fotovoltaica-conectada-a-la-red\\\/#webpage\"},\"isPartOf\":{\"@id\":\"https:\\\/\\\/www.eldigitaldeasturias.com\\\/noticias\\\/andalucia-casi-duplica-su-potencia-fotovoltaica-conectada-a-la-red\\\/#webpage\"},\"articleSection\":\"Econom\\u00eda\"},{\"@type\":\"BreadcrumbList\",\"@id\":\"https:\\\/\\\/www.eldigitaldeasturias.com\\\/noticias\\\/andalucia-casi-duplica-su-potencia-fotovoltaica-conectada-a-la-red\\\/#breadcrumblist\",\"itemListElement\":[{\"@type\":\"ListItem\",\"@id\":\"https:\\\/\\\/www.eldigitaldeasturias.com\\\/noticias#listItem\",\"position\":1,\"name\":\"Home\",\"item\":\"https:\\\/\\\/www.eldigitaldeasturias.com\\\/noticias\",\"nextItem\":{\"@type\":\"ListItem\",\"@id\":\"https:\\\/\\\/www.eldigitaldeasturias.com\\\/noticias\\\/category\\\/economia\\\/#listItem\",\"name\":\"Econom\\u00eda\"}},{\"@type\":\"ListItem\",\"@id\":\"https:\\\/\\\/www.eldigitaldeasturias.com\\\/noticias\\\/category\\\/economia\\\/#listItem\",\"position\":2,\"name\":\"Econom\\u00eda\",\"item\":\"https:\\\/\\\/www.eldigitaldeasturias.com\\\/noticias\\\/category\\\/economia\\\/\",\"nextItem\":{\"@type\":\"ListItem\",\"@id\":\"https:\\\/\\\/www.eldigitaldeasturias.com\\\/noticias\\\/andalucia-casi-duplica-su-potencia-fotovoltaica-conectada-a-la-red\\\/#listItem\",\"name\":\"Andaluc\\u00eda casi duplica su potencia fotovoltaica conectada a la red\"},\"previousItem\":{\"@type\":\"ListItem\",\"@id\":\"https:\\\/\\\/www.eldigitaldeasturias.com\\\/noticias#listItem\",\"name\":\"Home\"}},{\"@type\":\"ListItem\",\"@id\":\"https:\\\/\\\/www.eldigitaldeasturias.com\\\/noticias\\\/andalucia-casi-duplica-su-potencia-fotovoltaica-conectada-a-la-red\\\/#listItem\",\"position\":3,\"name\":\"Andaluc\\u00eda casi duplica su potencia fotovoltaica conectada a la red\",\"previousItem\":{\"@type\":\"ListItem\",\"@id\":\"https:\\\/\\\/www.eldigitaldeasturias.com\\\/noticias\\\/category\\\/economia\\\/#listItem\",\"name\":\"Econom\\u00eda\"}}]},{\"@type\":\"Organization\",\"@id\":\"https:\\\/\\\/www.eldigitaldeasturias.com\\\/noticias\\\/#organization\",\"name\":\"El Digital de Asturias\",\"description\":\"Hemeroteca\",\"url\":\"https:\\\/\\\/www.eldigitaldeasturias.com\\\/noticias\\\/\",\"email\":\"info@eldigitaldeasturias.com\",\"telephone\":\"+34652131393\",\"logo\":{\"@type\":\"ImageObject\",\"url\":\"https:\\\/\\\/www.eldigitaldeasturias.com\\\/noticias\\\/wp-content\\\/uploads\\\/2020\\\/12\\\/EDA.jpg\",\"@id\":\"https:\\\/\\\/www.eldigitaldeasturias.com\\\/noticias\\\/andalucia-casi-duplica-su-potencia-fotovoltaica-conectada-a-la-red\\\/#organizationLogo\",\"width\":649,\"height\":297},\"image\":{\"@id\":\"https:\\\/\\\/www.eldigitaldeasturias.com\\\/noticias\\\/andalucia-casi-duplica-su-potencia-fotovoltaica-conectada-a-la-red\\\/#organizationLogo\"},\"sameAs\":[\"https:\\\/\\\/facebook.com\\\/eldigitaldeasturias\",\"https:\\\/\\\/www.youtube.com\\\/channel\\\/UCZP-2wLEB9Rv6erhFmqVnvg\"],\"address\":{\"@id\":\"https:\\\/\\\/www.eldigitaldeasturias.com\\\/noticias\\\/#postaladdress\",\"@type\":\"PostalAddress\",\"streetAddress\":\"san antonio 4,\",\"postalCode\":\"33430\",\"addressLocality\":\"Cand\\u00e1s\",\"addressRegion\":\"Asturias\",\"addressCountry\":\"ES\"}},{\"@type\":\"Person\",\"@id\":\"https:\\\/\\\/www.eldigitaldeasturias.com\\\/noticias\\\/author\\\/admin\\\/#author\",\"url\":\"https:\\\/\\\/www.eldigitaldeasturias.com\\\/noticias\\\/author\\\/admin\\\/\",\"name\":\"El Digital de Asturias\",\"image\":{\"@type\":\"ImageObject\",\"@id\":\"https:\\\/\\\/www.eldigitaldeasturias.com\\\/noticias\\\/andalucia-casi-duplica-su-potencia-fotovoltaica-conectada-a-la-red\\\/#authorImage\",\"url\":\"https:\\\/\\\/www.eldigitaldeasturias.com\\\/noticias\\\/wp-content\\\/litespeed\\\/avatar\\\/18677e78aa0546b92d9dbf31ec7d7668.jpg?ver=1777290358\",\"width\":96,\"height\":96,\"caption\":\"El Digital de Asturias\"}},{\"@type\":\"WebPage\",\"@id\":\"https:\\\/\\\/www.eldigitaldeasturias.com\\\/noticias\\\/andalucia-casi-duplica-su-potencia-fotovoltaica-conectada-a-la-red\\\/#webpage\",\"url\":\"https:\\\/\\\/www.eldigitaldeasturias.com\\\/noticias\\\/andalucia-casi-duplica-su-potencia-fotovoltaica-conectada-a-la-red\\\/\",\"name\":\"Andaluc\\u00eda casi duplica su potencia fotovoltaica conectada a la red - El Digital de Asturias\",\"description\":\"Seg\\u00fan los \\u00faltimos datos de la Agencia Andaluza de la Energ\\u00eda del 1 de enero de 2020, y de los que se hace eco el diario digital Energ\\u00edas Renovables, la comunidad aut\\u00f3noma de Andaluc\\u00eda casi ha duplicado su potencia fotovoltaica conectada a la red. Los datos general que han obtenido han sido de hasta 1.112 megavatios\",\"inLanguage\":\"es-ES\",\"isPartOf\":{\"@id\":\"https:\\\/\\\/www.eldigitaldeasturias.com\\\/noticias\\\/#website\"},\"breadcrumb\":{\"@id\":\"https:\\\/\\\/www.eldigitaldeasturias.com\\\/noticias\\\/andalucia-casi-duplica-su-potencia-fotovoltaica-conectada-a-la-red\\\/#breadcrumblist\"},\"author\":{\"@id\":\"https:\\\/\\\/www.eldigitaldeasturias.com\\\/noticias\\\/author\\\/admin\\\/#author\"},\"creator\":{\"@id\":\"https:\\\/\\\/www.eldigitaldeasturias.com\\\/noticias\\\/author\\\/admin\\\/#author\"},\"image\":{\"@type\":\"ImageObject\",\"url\":\"https:\\\/\\\/www.eldigitaldeasturias.com\\\/noticias\\\/wp-content\\\/uploads\\\/2020\\\/02\\\/1582206769_ODF_Energ_a.jpg\",\"@id\":\"https:\\\/\\\/www.eldigitaldeasturias.com\\\/noticias\\\/andalucia-casi-duplica-su-potencia-fotovoltaica-conectada-a-la-red\\\/#mainImage\",\"width\":1280,\"height\":841},\"primaryImageOfPage\":{\"@id\":\"https:\\\/\\\/www.eldigitaldeasturias.com\\\/noticias\\\/andalucia-casi-duplica-su-potencia-fotovoltaica-conectada-a-la-red\\\/#mainImage\"},\"datePublished\":\"2020-02-22T20:11:21+01:00\",\"dateModified\":\"2020-02-22T20:11:21+01:00\"},{\"@type\":\"WebSite\",\"@id\":\"https:\\\/\\\/www.eldigitaldeasturias.com\\\/noticias\\\/#website\",\"url\":\"https:\\\/\\\/www.eldigitaldeasturias.com\\\/noticias\\\/\",\"name\":\"El Digital de Asturias - Diario de actualidad y noticias\",\"alternateName\":\"El Digital de Asturias - Diario de actualidad y noticias\",\"description\":\"Hemeroteca\",\"inLanguage\":\"es-ES\",\"publisher\":{\"@id\":\"https:\\\/\\\/www.eldigitaldeasturias.com\\\/noticias\\\/#organization\"}}]}\n\t\t<\/script>\n\t\t<!-- All in One SEO Pro -->\r\n\t\t<title>Andaluc\u00eda casi duplica su potencia fotovoltaica conectada a la red - El Digital de Asturias<\/title>\n\n","aioseo_head_json":{"title":"Andaluc\u00eda casi duplica su potencia fotovoltaica conectada a la red - El Digital de Asturias","description":"Seg\u00fan los \u00faltimos datos de la Agencia Andaluza de la Energ\u00eda del 1 de enero de 2020, y de los que se hace eco el diario digital Energ\u00edas Renovables, la comunidad aut\u00f3noma de Andaluc\u00eda casi ha duplicado su potencia fotovoltaica conectada a la red. Los datos general que han obtenido han sido de hasta 1.112 megavatios","canonical_url":"https:\/\/www.eldigitaldeasturias.com\/noticias\/andalucia-casi-duplica-su-potencia-fotovoltaica-conectada-a-la-red\/","robots":"max-image-preview:large","keywords":"econom\u00eda","webmasterTools":{"google-site-verification":"UA-38556648-1","msvalidate.01":"7dfe9f3f1b24437ab69f4f2559babe99","miscellaneous":""},"schema":{"@context":"https:\/\/schema.org","@graph":[{"@type":"BlogPosting","@id":"https:\/\/www.eldigitaldeasturias.com\/noticias\/andalucia-casi-duplica-su-potencia-fotovoltaica-conectada-a-la-red\/#blogposting","name":"Andaluc\u00eda casi duplica su potencia fotovoltaica conectada a la red - El Digital de Asturias","headline":"Andaluc\u00eda casi duplica su potencia fotovoltaica conectada a la red","author":{"@id":"https:\/\/www.eldigitaldeasturias.com\/noticias\/author\/admin\/#author"},"publisher":{"@id":"https:\/\/www.eldigitaldeasturias.com\/noticias\/#organization"},"image":{"@type":"ImageObject","url":"https:\/\/www.eldigitaldeasturias.com\/noticias\/wp-content\/uploads\/2020\/02\/1582206769_ODF_Energ_a.jpg","width":1280,"height":841},"datePublished":"2020-02-22T20:11:21+01:00","dateModified":"2020-02-22T20:11:21+01:00","inLanguage":"es-ES","mainEntityOfPage":{"@id":"https:\/\/www.eldigitaldeasturias.com\/noticias\/andalucia-casi-duplica-su-potencia-fotovoltaica-conectada-a-la-red\/#webpage"},"isPartOf":{"@id":"https:\/\/www.eldigitaldeasturias.com\/noticias\/andalucia-casi-duplica-su-potencia-fotovoltaica-conectada-a-la-red\/#webpage"},"articleSection":"Econom\u00eda"},{"@type":"BreadcrumbList","@id":"https:\/\/www.eldigitaldeasturias.com\/noticias\/andalucia-casi-duplica-su-potencia-fotovoltaica-conectada-a-la-red\/#breadcrumblist","itemListElement":[{"@type":"ListItem","@id":"https:\/\/www.eldigitaldeasturias.com\/noticias#listItem","position":1,"name":"Home","item":"https:\/\/www.eldigitaldeasturias.com\/noticias","nextItem":{"@type":"ListItem","@id":"https:\/\/www.eldigitaldeasturias.com\/noticias\/category\/economia\/#listItem","name":"Econom\u00eda"}},{"@type":"ListItem","@id":"https:\/\/www.eldigitaldeasturias.com\/noticias\/category\/economia\/#listItem","position":2,"name":"Econom\u00eda","item":"https:\/\/www.eldigitaldeasturias.com\/noticias\/category\/economia\/","nextItem":{"@type":"ListItem","@id":"https:\/\/www.eldigitaldeasturias.com\/noticias\/andalucia-casi-duplica-su-potencia-fotovoltaica-conectada-a-la-red\/#listItem","name":"Andaluc\u00eda casi duplica su potencia fotovoltaica conectada a la red"},"previousItem":{"@type":"ListItem","@id":"https:\/\/www.eldigitaldeasturias.com\/noticias#listItem","name":"Home"}},{"@type":"ListItem","@id":"https:\/\/www.eldigitaldeasturias.com\/noticias\/andalucia-casi-duplica-su-potencia-fotovoltaica-conectada-a-la-red\/#listItem","position":3,"name":"Andaluc\u00eda casi duplica su potencia fotovoltaica conectada a la red","previousItem":{"@type":"ListItem","@id":"https:\/\/www.eldigitaldeasturias.com\/noticias\/category\/economia\/#listItem","name":"Econom\u00eda"}}]},{"@type":"Organization","@id":"https:\/\/www.eldigitaldeasturias.com\/noticias\/#organization","name":"El Digital de Asturias","description":"Hemeroteca","url":"https:\/\/www.eldigitaldeasturias.com\/noticias\/","email":"info@eldigitaldeasturias.com","telephone":"+34652131393","logo":{"@type":"ImageObject","url":"https:\/\/www.eldigitaldeasturias.com\/noticias\/wp-content\/uploads\/2020\/12\/EDA.jpg","@id":"https:\/\/www.eldigitaldeasturias.com\/noticias\/andalucia-casi-duplica-su-potencia-fotovoltaica-conectada-a-la-red\/#organizationLogo","width":649,"height":297},"image":{"@id":"https:\/\/www.eldigitaldeasturias.com\/noticias\/andalucia-casi-duplica-su-potencia-fotovoltaica-conectada-a-la-red\/#organizationLogo"},"sameAs":["https:\/\/facebook.com\/eldigitaldeasturias","https:\/\/www.youtube.com\/channel\/UCZP-2wLEB9Rv6erhFmqVnvg"],"address":{"@id":"https:\/\/www.eldigitaldeasturias.com\/noticias\/#postaladdress","@type":"PostalAddress","streetAddress":"san antonio 4,","postalCode":"33430","addressLocality":"Cand\u00e1s","addressRegion":"Asturias","addressCountry":"ES"}},{"@type":"Person","@id":"https:\/\/www.eldigitaldeasturias.com\/noticias\/author\/admin\/#author","url":"https:\/\/www.eldigitaldeasturias.com\/noticias\/author\/admin\/","name":"El Digital de Asturias","image":{"@type":"ImageObject","@id":"https:\/\/www.eldigitaldeasturias.com\/noticias\/andalucia-casi-duplica-su-potencia-fotovoltaica-conectada-a-la-red\/#authorImage","url":"https:\/\/www.eldigitaldeasturias.com\/noticias\/wp-content\/litespeed\/avatar\/18677e78aa0546b92d9dbf31ec7d7668.jpg?ver=1777290358","width":96,"height":96,"caption":"El Digital de Asturias"}},{"@type":"WebPage","@id":"https:\/\/www.eldigitaldeasturias.com\/noticias\/andalucia-casi-duplica-su-potencia-fotovoltaica-conectada-a-la-red\/#webpage","url":"https:\/\/www.eldigitaldeasturias.com\/noticias\/andalucia-casi-duplica-su-potencia-fotovoltaica-conectada-a-la-red\/","name":"Andaluc\u00eda casi duplica su potencia fotovoltaica conectada a la red - El Digital de Asturias","description":"Seg\u00fan los \u00faltimos datos de la Agencia Andaluza de la Energ\u00eda del 1 de enero de 2020, y de los que se hace eco el diario digital Energ\u00edas Renovables, la comunidad aut\u00f3noma de Andaluc\u00eda casi ha duplicado su potencia fotovoltaica conectada a la red. Los datos general que han obtenido han sido de hasta 1.112 megavatios","inLanguage":"es-ES","isPartOf":{"@id":"https:\/\/www.eldigitaldeasturias.com\/noticias\/#website"},"breadcrumb":{"@id":"https:\/\/www.eldigitaldeasturias.com\/noticias\/andalucia-casi-duplica-su-potencia-fotovoltaica-conectada-a-la-red\/#breadcrumblist"},"author":{"@id":"https:\/\/www.eldigitaldeasturias.com\/noticias\/author\/admin\/#author"},"creator":{"@id":"https:\/\/www.eldigitaldeasturias.com\/noticias\/author\/admin\/#author"},"image":{"@type":"ImageObject","url":"https:\/\/www.eldigitaldeasturias.com\/noticias\/wp-content\/uploads\/2020\/02\/1582206769_ODF_Energ_a.jpg","@id":"https:\/\/www.eldigitaldeasturias.com\/noticias\/andalucia-casi-duplica-su-potencia-fotovoltaica-conectada-a-la-red\/#mainImage","width":1280,"height":841},"primaryImageOfPage":{"@id":"https:\/\/www.eldigitaldeasturias.com\/noticias\/andalucia-casi-duplica-su-potencia-fotovoltaica-conectada-a-la-red\/#mainImage"},"datePublished":"2020-02-22T20:11:21+01:00","dateModified":"2020-02-22T20:11:21+01:00"},{"@type":"WebSite","@id":"https:\/\/www.eldigitaldeasturias.com\/noticias\/#website","url":"https:\/\/www.eldigitaldeasturias.com\/noticias\/","name":"El Digital de Asturias - Diario de actualidad y noticias","alternateName":"El Digital de Asturias - Diario de actualidad y noticias","description":"Hemeroteca","inLanguage":"es-ES","publisher":{"@id":"https:\/\/www.eldigitaldeasturias.com\/noticias\/#organization"}}]},"og:locale":"es_ES","og:site_name":"El Digital de Asturias","og:type":"article","og:title":"Andaluc\u00eda casi duplica su potencia fotovoltaica conectada a la red - El Digital de Asturias","og:description":"Seg\u00fan los \u00faltimos datos de la Agencia Andaluza de la Energ\u00eda del 1 de enero de 2020, y de los que se hace eco el diario digital Energ\u00edas Renovables, la comunidad aut\u00f3noma de Andaluc\u00eda casi ha duplicado su potencia fotovoltaica conectada a la red. Los datos general que han obtenido han sido de hasta 1.112 megavatios","og:url":"https:\/\/www.eldigitaldeasturias.com\/noticias\/andalucia-casi-duplica-su-potencia-fotovoltaica-conectada-a-la-red\/","og:image":"https:\/\/www.eldigitaldeasturias.com\/noticias\/wp-content\/uploads\/2020\/02\/1582206769_ODF_Energ_a.jpg","og:image:secure_url":"https:\/\/www.eldigitaldeasturias.com\/noticias\/wp-content\/uploads\/2020\/02\/1582206769_ODF_Energ_a.jpg","og:image:width":1280,"og:image:height":841,"article:tag":["econom\u00eda"],"article:published_time":"2020-02-22T20:11:21+00:00","article:modified_time":"2020-02-22T20:11:21+00:00","article:publisher":"https:\/\/facebook.com\/eldigitaldeasturias","twitter:card":"summary_large_image","twitter:title":"Andaluc\u00eda casi duplica su potencia fotovoltaica conectada a la red - El Digital de Asturias","twitter:description":"Seg\u00fan los \u00faltimos datos de la Agencia Andaluza de la Energ\u00eda del 1 de enero de 2020, y de los que se hace eco el diario digital Energ\u00edas Renovables, la comunidad aut\u00f3noma de Andaluc\u00eda casi ha duplicado su potencia fotovoltaica conectada a la red. Los datos general que han obtenido han sido de hasta 1.112 megavatios","twitter:image":"https:\/\/www.eldigitaldeasturias.com\/noticias\/wp-content\/uploads\/2020\/02\/1582206769_ODF_Energ_a.jpg","twitter:label1":"Escrito por","twitter:data1":"El Digital de Asturias","twitter:label2":"Tiempo de lectura estimado","twitter:data2":"1 minuto"},"aioseo_meta_data":{"post_id":"1058774","title":null,"description":null,"keywords":null,"keyphrases":null,"primary_term":null,"canonical_url":null,"og_title":null,"og_description":null,"og_object_type":"default","og_image_type":"default","og_image_url":null,"og_image_width":null,"og_image_height":null,"og_image_custom_url":null,"og_image_custom_fields":null,"og_video":null,"og_custom_url":null,"og_article_section":null,"og_article_tags":null,"twitter_use_og":false,"twitter_card":"default","twitter_image_type":"default","twitter_image_url":null,"twitter_image_custom_url":null,"twitter_image_custom_fields":null,"twitter_title":null,"twitter_description":null,"schema":{"blockGraphs":[],"customGraphs":[],"default":{"data":{"Article":[],"Course":[],"Dataset":[],"FAQPage":[],"Movie":[],"Person":[],"Product":[],"ProductReview":[],"Car":[],"Recipe":[],"Service":[],"SoftwareApplication":[],"WebPage":[]},"graphName":"","isEnabled":true},"graphs":[],"defaultGraph":"","defaultPostTypeGraph":""},"schema_type":null,"schema_type_options":null,"pillar_content":false,"robots_default":true,"robots_noindex":false,"robots_noarchive":false,"robots_nosnippet":false,"robots_nofollow":false,"robots_noimageindex":false,"robots_noodp":false,"robots_notranslate":false,"robots_max_snippet":null,"robots_max_videopreview":null,"robots_max_imagepreview":"large","priority":null,"frequency":null,"local_seo":null,"seo_analyzer_scan_date":"2025-10-31 06:33:12","breadcrumb_settings":null,"limit_modified_date":false,"open_ai":null,"ai":null,"created":"2020-12-21 10:55:05","updated":"2025-10-31 06:33:12"},"aioseo_breadcrumb":"<div class=\"aioseo-breadcrumbs\"><span class=\"aioseo-breadcrumb\">\n\t<a href=\"https:\/\/www.eldigitaldeasturias.com\/noticias\" title=\"Home\">Home<\/a>\n<\/span><span class=\"aioseo-breadcrumb-separator\">\u2013<\/span><span class=\"aioseo-breadcrumb\">\n\t<a href=\"https:\/\/www.eldigitaldeasturias.com\/noticias\/category\/economia\/\" title=\"Econom\u00eda\">Econom\u00eda<\/a>\n<\/span><span class=\"aioseo-breadcrumb-separator\">\u2013<\/span><span class=\"aioseo-breadcrumb\">\n\t<a href=\"https:\/\/www.eldigitaldeasturias.com\/noticias\/andalucia-casi-duplica-su-potencia-fotovoltaica-conectada-a-la-red\/\" title=\"Andaluc\u00eda casi duplica su potencia fotovoltaica conectada a la red\">Andaluc\u00eda casi duplica su potencia fotovoltaica conectada a la red<\/a>\n<\/span><\/div>","aioseo_breadcrumb_json":[{"label":"Home","link":"https:\/\/www.eldigitaldeasturias.com\/noticias"},{"label":"Econom\u00eda","link":"https:\/\/www.eldigitaldeasturias.com\/noticias\/category\/economia\/"},{"label":"Andaluc\u00eda casi duplica su potencia fotovoltaica conectada a la red","link":"https:\/\/www.eldigitaldeasturias.com\/noticias\/andalucia-casi-duplica-su-potencia-fotovoltaica-conectada-a-la-red\/"}],"_links":{"self":[{"href":"https:\/\/www.eldigitaldeasturias.com\/noticias\/wp-json\/wp\/v2\/posts\/1058774","targetHints":{"allow":["GET"]}}],"collection":[{"href":"https:\/\/www.eldigitaldeasturias.com\/noticias\/wp-json\/wp\/v2\/posts"}],"about":[{"href":"https:\/\/www.eldigitaldeasturias.com\/noticias\/wp-json\/wp\/v2\/types\/post"}],"author":[{"embeddable":true,"href":"https:\/\/www.eldigitaldeasturias.com\/noticias\/wp-json\/wp\/v2\/users\/1"}],"replies":[{"embeddable":true,"href":"https:\/\/www.eldigitaldeasturias.com\/noticias\/wp-json\/wp\/v2\/comments?post=1058774"}],"version-history":[{"count":0,"href":"https:\/\/www.eldigitaldeasturias.com\/noticias\/wp-json\/wp\/v2\/posts\/1058774\/revisions"}],"wp:featuredmedia":[{"embeddable":true,"href":"https:\/\/www.eldigitaldeasturias.com\/noticias\/wp-json\/wp\/v2\/media\/1058775"}],"wp:attachment":[{"href":"https:\/\/www.eldigitaldeasturias.com\/noticias\/wp-json\/wp\/v2\/media?parent=1058774"}],"wp:term":[{"taxonomy":"category","embeddable":true,"href":"https:\/\/www.eldigitaldeasturias.com\/noticias\/wp-json\/wp\/v2\/categories?post=1058774"},{"taxonomy":"post_tag","embeddable":true,"href":"https:\/\/www.eldigitaldeasturias.com\/noticias\/wp-json\/wp\/v2\/tags?post=1058774"}],"curies":[{"name":"wp","href":"https:\/\/api.w.org\/{rel}","templated":true}]}}