{"id":1058771,"date":"2020-02-22T20:09:23","date_gmt":"2020-02-22T20:09:23","guid":{"rendered":"https:\/\/www.eldigitaldeasturias.com\/noticias\/?p=1058771"},"modified":"2020-02-22T20:09:23","modified_gmt":"2020-02-22T20:09:23","slug":"jhayber-works-presenta-en-sicur-2020-la-nueva-gama-de-calzado-profesional","status":"publish","type":"post","link":"https:\/\/www.eldigitaldeasturias.com\/noticias\/jhayber-works-presenta-en-sicur-2020-la-nueva-gama-de-calzado-profesional\/","title":{"rendered":"J\u2019Hayber Works presenta en Sicur 2020 la nueva gama de calzado profesional"},"content":{"rendered":"<p><img loading=\"lazy\" decoding=\"async\" class=\"alignleft size-medium wp-image-1058772\" src=\"https:\/\/www.eldigitaldeasturias.com\/noticias\/wp-content\/uploads\/2020\/02\/1582190255_J_hayber_works_febrero-360x225.jpg\" alt=\"\" width=\"360\" height=\"225\" srcset=\"https:\/\/www.eldigitaldeasturias.com\/noticias\/wp-content\/uploads\/2020\/02\/1582190255_J_hayber_works_febrero-360x225.jpg 360w, https:\/\/www.eldigitaldeasturias.com\/noticias\/wp-content\/uploads\/2020\/02\/1582190255_J_hayber_works_febrero-690x431.jpg 690w, https:\/\/www.eldigitaldeasturias.com\/noticias\/wp-content\/uploads\/2020\/02\/1582190255_J_hayber_works_febrero-480x300.jpg 480w, https:\/\/www.eldigitaldeasturias.com\/noticias\/wp-content\/uploads\/2020\/02\/1582190255_J_hayber_works_febrero-768x480.jpg 768w, https:\/\/www.eldigitaldeasturias.com\/noticias\/wp-content\/uploads\/2020\/02\/1582190255_J_hayber_works_febrero-1024x640.jpg 1024w, https:\/\/www.eldigitaldeasturias.com\/noticias\/wp-content\/uploads\/2020\/02\/1582190255_J_hayber_works_febrero.jpg 1200w\" sizes=\"auto, (max-width: 360px) 100vw, 360px\" \/>J\u2019Hayber Works ha confirmado su presencia Sicur 2020, el Sal\u00f3n Internacional de la Seguridad, que tiene lugar en Madrid del 25 al 28 de febrero. La marca espa\u00f1ola de origen ilicitano ha querido aprovechar esa ocasi\u00f3n para presentar su nueva colecci\u00f3n de calzado J\u2019hayber PRO. Esta nueva l\u00ednea es diferente al calzado de seguridad y\u00a0<span style=\"color: #ff6600;\"><a style=\"color: #ff6600;\" href=\"http:\/\/www.jhayberworks.com\/categoria-producto\/calzado\/\" target=\"_blank\" rel=\"nofollow noopener noreferrer\"><strong>botas de trabajo<\/strong><\/a><\/span>\u00a0que viene realizando la marca hasta ahora. Est\u00e1n caracterizados por su confort para uso profesional siguiendo las normativas de seguridad.<\/p>\n<p>Seg\u00fan\u00a0<span style=\"color: #ff6600;\"><a style=\"color: #ff6600;\" href=\"https:\/\/www.interempresas.net\/Vestuario-profesional\/Articulos\/263868-J'Hayber-Works-presenta-en-Sicur-2020-su-gama-de-calzado-profesional-J'Hayber-Pro.html\" target=\"_blank\" rel=\"nofollow noopener noreferrer\"><strong>Interempresas<\/strong><\/a><\/span>, la nueva l\u00ednea J\u2019hayber PRO est\u00e1 orientada a personas que permanezcan de pie o tengan que andar durante un gran n\u00famero de horas en la jornada laboral, como sucede en hosteler\u00eda, salud, centros est\u00e9ticos, educaci\u00f3n, etc. Su nueva colecci\u00f3n se divide en dos modelos: Mykonos, con un estilo m\u00e1s deportivo con cordones, y disponible en negro, marino y blanco; y Creta, con ajustes el\u00e1sticos y refuerzo de lateral y puntera en PU, para una protecci\u00f3n extra.<\/p>\n<p>La principal diferencia de esta nueva colecci\u00f3n es la comodidad y el confort, gracias a la plantilla Infinity Confort Insole y su suela especial antideslizante. Esta nueva plantilla est\u00e1 fabricada con PU y memory foam para conseguir los mejores resultados en comodidad y adaptaci\u00f3n. Por otro lado, la suela antideslizante SRC es resistente a la abrasi\u00f3n y est\u00e1 fabricada en caucho y eva ligera. Con esta nueva l\u00ednea de\u00a0<strong><span style=\"color: #ff6600;\"><a style=\"color: #ff6600;\" href=\"http:\/\/www.jhayberworks.com\/categoria-producto\/textil\/\" target=\"_blank\" rel=\"nofollow noopener noreferrer\">ropa de trabajo<\/a><\/span>\u00a0<\/strong>destinada a largas jornadas, J\u2019hayber Works busca la mayor comodidad y flexibilidad para el pie y la salud de sus clientes.<\/p>\n<p>Este nuevo calzado se encuentra dentro de la norma EN ISO 20347:2012, puesto que se ha fabricado con tejido flyknit de alta resistencia y cuenta con un forro transpirable que ejerce una mayor absorci\u00f3n de la humedad. Tambi\u00e9n, lleva a\u00f1adido un estabilizador de pisada en la zona del tal\u00f3n para darle mayor estabilidad y fuerza.<\/p>\n<p>&nbsp;<\/p>\n","protected":false},"excerpt":{"rendered":"<p>J\u2019Hayber Works ha confirmado su presencia Sicur 2020, el Sal\u00f3n Internacional de la Seguridad, que tiene lugar en Madrid del 25 al 28 de febrero. La marca espa\u00f1ola de origen ilicitano ha querido aprovechar esa ocasi\u00f3n para presentar su nueva colecci\u00f3n de calzado J\u2019hayber PRO. Esta nueva l\u00ednea es diferente al calzado de seguridad y\u00a0botas [&hellip;]<\/p>\n","protected":false},"author":1,"featured_media":1058772,"comment_status":"closed","ping_status":"closed","sticky":false,"template":"","format":"standard","meta":{"footnotes":""},"categories":[219],"tags":[],"class_list":["post-1058771","post","type-post","status-publish","format-standard","has-post-thumbnail","hentry","category-negocios-y-empresas"],"aioseo_notices":[],"aioseo_head":"\n\t\t<!-- All in One SEO Pro 4.9.6.2 - aioseo.com -->\n\t<meta name=\"description\" content=\"J\u2019Hayber Works ha confirmado su presencia Sicur 2020, el Sal\u00f3n Internacional de la Seguridad, que tiene lugar en Madrid del 25 al 28 de febrero. La marca espa\u00f1ola de origen ilicitano ha querido aprovechar esa ocasi\u00f3n para presentar su nueva colecci\u00f3n de calzado J\u2019hayber PRO. Esta nueva l\u00ednea es diferente al calzado de seguridad y botas\" \/>\n\t<meta name=\"robots\" content=\"max-image-preview:large\" \/>\n\t<meta name=\"author\" content=\"El Digital de Asturias\"\/>\n\t<meta name=\"google-site-verification\" content=\"UA-38556648-1\" \/>\n\t<meta name=\"msvalidate.01\" content=\"7dfe9f3f1b24437ab69f4f2559babe99\" \/>\n\t<meta name=\"keywords\" content=\"negocios y empresas\" \/>\n\t<link rel=\"canonical\" href=\"https:\/\/www.eldigitaldeasturias.com\/noticias\/jhayber-works-presenta-en-sicur-2020-la-nueva-gama-de-calzado-profesional\/\" \/>\n\t<meta name=\"generator\" content=\"All in One SEO Pro (AIOSEO) 4.9.6.2\" \/>\n\t\t<meta property=\"og:locale\" content=\"es_ES\" \/>\n\t\t<meta property=\"og:site_name\" content=\"El Digital de Asturias\" \/>\n\t\t<meta property=\"og:type\" content=\"article\" \/>\n\t\t<meta property=\"og:title\" content=\"J\u2019Hayber Works presenta en Sicur 2020 la nueva gama de calzado profesional - El Digital de Asturias\" \/>\n\t\t<meta property=\"og:description\" content=\"J\u2019Hayber Works ha confirmado su presencia Sicur 2020, el Sal\u00f3n Internacional de la Seguridad, que tiene lugar en Madrid del 25 al 28 de febrero. La marca espa\u00f1ola de origen ilicitano ha querido aprovechar esa ocasi\u00f3n para presentar su nueva colecci\u00f3n de calzado J\u2019hayber PRO. Esta nueva l\u00ednea es diferente al calzado de seguridad y botas\" \/>\n\t\t<meta property=\"og:url\" content=\"https:\/\/www.eldigitaldeasturias.com\/noticias\/jhayber-works-presenta-en-sicur-2020-la-nueva-gama-de-calzado-profesional\/\" \/>\n\t\t<meta property=\"og:image\" content=\"https:\/\/www.eldigitaldeasturias.com\/noticias\/wp-content\/uploads\/2020\/02\/1582190255_J_hayber_works_febrero.jpg\" \/>\n\t\t<meta property=\"og:image:secure_url\" content=\"https:\/\/www.eldigitaldeasturias.com\/noticias\/wp-content\/uploads\/2020\/02\/1582190255_J_hayber_works_febrero.jpg\" \/>\n\t\t<meta property=\"og:image:width\" content=\"1200\" \/>\n\t\t<meta property=\"og:image:height\" content=\"750\" \/>\n\t\t<meta property=\"article:tag\" content=\"negocios y empresas\" \/>\n\t\t<meta property=\"article:published_time\" content=\"2020-02-22T20:09:23+00:00\" \/>\n\t\t<meta property=\"article:modified_time\" content=\"2020-02-22T20:09:23+00:00\" \/>\n\t\t<meta property=\"article:publisher\" content=\"https:\/\/facebook.com\/eldigitaldeasturias\" \/>\n\t\t<meta name=\"twitter:card\" content=\"summary_large_image\" \/>\n\t\t<meta name=\"twitter:title\" content=\"J\u2019Hayber Works presenta en Sicur 2020 la nueva gama de calzado profesional - El Digital de Asturias\" \/>\n\t\t<meta name=\"twitter:description\" content=\"J\u2019Hayber Works ha confirmado su presencia Sicur 2020, el Sal\u00f3n Internacional de la Seguridad, que tiene lugar en Madrid del 25 al 28 de febrero. La marca espa\u00f1ola de origen ilicitano ha querido aprovechar esa ocasi\u00f3n para presentar su nueva colecci\u00f3n de calzado J\u2019hayber PRO. Esta nueva l\u00ednea es diferente al calzado de seguridad y botas\" \/>\n\t\t<meta name=\"twitter:image\" content=\"https:\/\/www.eldigitaldeasturias.com\/noticias\/wp-content\/uploads\/2020\/02\/1582190255_J_hayber_works_febrero.jpg\" \/>\n\t\t<meta name=\"twitter:label1\" content=\"Escrito por\" \/>\n\t\t<meta name=\"twitter:data1\" content=\"El Digital de Asturias\" \/>\n\t\t<meta name=\"twitter:label2\" content=\"Tiempo de lectura estimado\" \/>\n\t\t<meta name=\"twitter:data2\" content=\"2 minutos\" \/>\n\t\t<script type=\"application\/ld+json\" class=\"aioseo-schema\">\n\t\t\t{\"@context\":\"https:\\\/\\\/schema.org\",\"@graph\":[{\"@type\":\"BlogPosting\",\"@id\":\"https:\\\/\\\/www.eldigitaldeasturias.com\\\/noticias\\\/jhayber-works-presenta-en-sicur-2020-la-nueva-gama-de-calzado-profesional\\\/#blogposting\",\"name\":\"J\\u2019Hayber Works presenta en Sicur 2020 la nueva gama de calzado profesional - El Digital de Asturias\",\"headline\":\"J\\u2019Hayber Works presenta en Sicur 2020 la nueva gama de calzado profesional\",\"author\":{\"@id\":\"https:\\\/\\\/www.eldigitaldeasturias.com\\\/noticias\\\/author\\\/admin\\\/#author\"},\"publisher\":{\"@id\":\"https:\\\/\\\/www.eldigitaldeasturias.com\\\/noticias\\\/#organization\"},\"image\":{\"@type\":\"ImageObject\",\"url\":\"https:\\\/\\\/www.eldigitaldeasturias.com\\\/noticias\\\/wp-content\\\/uploads\\\/2020\\\/02\\\/1582190255_J_hayber_works_febrero.jpg\",\"width\":1200,\"height\":750},\"datePublished\":\"2020-02-22T20:09:23+01:00\",\"dateModified\":\"2020-02-22T20:09:23+01:00\",\"inLanguage\":\"es-ES\",\"mainEntityOfPage\":{\"@id\":\"https:\\\/\\\/www.eldigitaldeasturias.com\\\/noticias\\\/jhayber-works-presenta-en-sicur-2020-la-nueva-gama-de-calzado-profesional\\\/#webpage\"},\"isPartOf\":{\"@id\":\"https:\\\/\\\/www.eldigitaldeasturias.com\\\/noticias\\\/jhayber-works-presenta-en-sicur-2020-la-nueva-gama-de-calzado-profesional\\\/#webpage\"},\"articleSection\":\"Negocios y Empresas\"},{\"@type\":\"BreadcrumbList\",\"@id\":\"https:\\\/\\\/www.eldigitaldeasturias.com\\\/noticias\\\/jhayber-works-presenta-en-sicur-2020-la-nueva-gama-de-calzado-profesional\\\/#breadcrumblist\",\"itemListElement\":[{\"@type\":\"ListItem\",\"@id\":\"https:\\\/\\\/www.eldigitaldeasturias.com\\\/noticias#listItem\",\"position\":1,\"name\":\"Home\",\"item\":\"https:\\\/\\\/www.eldigitaldeasturias.com\\\/noticias\",\"nextItem\":{\"@type\":\"ListItem\",\"@id\":\"https:\\\/\\\/www.eldigitaldeasturias.com\\\/noticias\\\/category\\\/negocios-y-empresas\\\/#listItem\",\"name\":\"Negocios y Empresas\"}},{\"@type\":\"ListItem\",\"@id\":\"https:\\\/\\\/www.eldigitaldeasturias.com\\\/noticias\\\/category\\\/negocios-y-empresas\\\/#listItem\",\"position\":2,\"name\":\"Negocios y Empresas\",\"item\":\"https:\\\/\\\/www.eldigitaldeasturias.com\\\/noticias\\\/category\\\/negocios-y-empresas\\\/\",\"nextItem\":{\"@type\":\"ListItem\",\"@id\":\"https:\\\/\\\/www.eldigitaldeasturias.com\\\/noticias\\\/jhayber-works-presenta-en-sicur-2020-la-nueva-gama-de-calzado-profesional\\\/#listItem\",\"name\":\"J\\u2019Hayber Works presenta en Sicur 2020 la nueva gama de calzado profesional\"},\"previousItem\":{\"@type\":\"ListItem\",\"@id\":\"https:\\\/\\\/www.eldigitaldeasturias.com\\\/noticias#listItem\",\"name\":\"Home\"}},{\"@type\":\"ListItem\",\"@id\":\"https:\\\/\\\/www.eldigitaldeasturias.com\\\/noticias\\\/jhayber-works-presenta-en-sicur-2020-la-nueva-gama-de-calzado-profesional\\\/#listItem\",\"position\":3,\"name\":\"J\\u2019Hayber Works presenta en Sicur 2020 la nueva gama de calzado profesional\",\"previousItem\":{\"@type\":\"ListItem\",\"@id\":\"https:\\\/\\\/www.eldigitaldeasturias.com\\\/noticias\\\/category\\\/negocios-y-empresas\\\/#listItem\",\"name\":\"Negocios y Empresas\"}}]},{\"@type\":\"Organization\",\"@id\":\"https:\\\/\\\/www.eldigitaldeasturias.com\\\/noticias\\\/#organization\",\"name\":\"El Digital de Asturias\",\"description\":\"Hemeroteca\",\"url\":\"https:\\\/\\\/www.eldigitaldeasturias.com\\\/noticias\\\/\",\"email\":\"info@eldigitaldeasturias.com\",\"telephone\":\"+34652131393\",\"logo\":{\"@type\":\"ImageObject\",\"url\":\"https:\\\/\\\/www.eldigitaldeasturias.com\\\/noticias\\\/wp-content\\\/uploads\\\/2020\\\/12\\\/EDA.jpg\",\"@id\":\"https:\\\/\\\/www.eldigitaldeasturias.com\\\/noticias\\\/jhayber-works-presenta-en-sicur-2020-la-nueva-gama-de-calzado-profesional\\\/#organizationLogo\",\"width\":649,\"height\":297},\"image\":{\"@id\":\"https:\\\/\\\/www.eldigitaldeasturias.com\\\/noticias\\\/jhayber-works-presenta-en-sicur-2020-la-nueva-gama-de-calzado-profesional\\\/#organizationLogo\"},\"sameAs\":[\"https:\\\/\\\/facebook.com\\\/eldigitaldeasturias\",\"https:\\\/\\\/www.youtube.com\\\/channel\\\/UCZP-2wLEB9Rv6erhFmqVnvg\"],\"address\":{\"@id\":\"https:\\\/\\\/www.eldigitaldeasturias.com\\\/noticias\\\/#postaladdress\",\"@type\":\"PostalAddress\",\"streetAddress\":\"san antonio 4,\",\"postalCode\":\"33430\",\"addressLocality\":\"Cand\\u00e1s\",\"addressRegion\":\"Asturias\",\"addressCountry\":\"ES\"}},{\"@type\":\"Person\",\"@id\":\"https:\\\/\\\/www.eldigitaldeasturias.com\\\/noticias\\\/author\\\/admin\\\/#author\",\"url\":\"https:\\\/\\\/www.eldigitaldeasturias.com\\\/noticias\\\/author\\\/admin\\\/\",\"name\":\"El Digital de Asturias\",\"image\":{\"@type\":\"ImageObject\",\"@id\":\"https:\\\/\\\/www.eldigitaldeasturias.com\\\/noticias\\\/jhayber-works-presenta-en-sicur-2020-la-nueva-gama-de-calzado-profesional\\\/#authorImage\",\"url\":\"https:\\\/\\\/www.eldigitaldeasturias.com\\\/noticias\\\/wp-content\\\/litespeed\\\/avatar\\\/18677e78aa0546b92d9dbf31ec7d7668.jpg?ver=1777290358\",\"width\":96,\"height\":96,\"caption\":\"El Digital de Asturias\"}},{\"@type\":\"WebPage\",\"@id\":\"https:\\\/\\\/www.eldigitaldeasturias.com\\\/noticias\\\/jhayber-works-presenta-en-sicur-2020-la-nueva-gama-de-calzado-profesional\\\/#webpage\",\"url\":\"https:\\\/\\\/www.eldigitaldeasturias.com\\\/noticias\\\/jhayber-works-presenta-en-sicur-2020-la-nueva-gama-de-calzado-profesional\\\/\",\"name\":\"J\\u2019Hayber Works presenta en Sicur 2020 la nueva gama de calzado profesional - El Digital de Asturias\",\"description\":\"J\\u2019Hayber Works ha confirmado su presencia Sicur 2020, el Sal\\u00f3n Internacional de la Seguridad, que tiene lugar en Madrid del 25 al 28 de febrero. La marca espa\\u00f1ola de origen ilicitano ha querido aprovechar esa ocasi\\u00f3n para presentar su nueva colecci\\u00f3n de calzado J\\u2019hayber PRO. Esta nueva l\\u00ednea es diferente al calzado de seguridad y botas\",\"inLanguage\":\"es-ES\",\"isPartOf\":{\"@id\":\"https:\\\/\\\/www.eldigitaldeasturias.com\\\/noticias\\\/#website\"},\"breadcrumb\":{\"@id\":\"https:\\\/\\\/www.eldigitaldeasturias.com\\\/noticias\\\/jhayber-works-presenta-en-sicur-2020-la-nueva-gama-de-calzado-profesional\\\/#breadcrumblist\"},\"author\":{\"@id\":\"https:\\\/\\\/www.eldigitaldeasturias.com\\\/noticias\\\/author\\\/admin\\\/#author\"},\"creator\":{\"@id\":\"https:\\\/\\\/www.eldigitaldeasturias.com\\\/noticias\\\/author\\\/admin\\\/#author\"},\"image\":{\"@type\":\"ImageObject\",\"url\":\"https:\\\/\\\/www.eldigitaldeasturias.com\\\/noticias\\\/wp-content\\\/uploads\\\/2020\\\/02\\\/1582190255_J_hayber_works_febrero.jpg\",\"@id\":\"https:\\\/\\\/www.eldigitaldeasturias.com\\\/noticias\\\/jhayber-works-presenta-en-sicur-2020-la-nueva-gama-de-calzado-profesional\\\/#mainImage\",\"width\":1200,\"height\":750},\"primaryImageOfPage\":{\"@id\":\"https:\\\/\\\/www.eldigitaldeasturias.com\\\/noticias\\\/jhayber-works-presenta-en-sicur-2020-la-nueva-gama-de-calzado-profesional\\\/#mainImage\"},\"datePublished\":\"2020-02-22T20:09:23+01:00\",\"dateModified\":\"2020-02-22T20:09:23+01:00\"},{\"@type\":\"WebSite\",\"@id\":\"https:\\\/\\\/www.eldigitaldeasturias.com\\\/noticias\\\/#website\",\"url\":\"https:\\\/\\\/www.eldigitaldeasturias.com\\\/noticias\\\/\",\"name\":\"El Digital de Asturias - Diario de actualidad y noticias\",\"alternateName\":\"El Digital de Asturias - Diario de actualidad y noticias\",\"description\":\"Hemeroteca\",\"inLanguage\":\"es-ES\",\"publisher\":{\"@id\":\"https:\\\/\\\/www.eldigitaldeasturias.com\\\/noticias\\\/#organization\"}}]}\n\t\t<\/script>\n\t\t<!-- All in One SEO Pro -->\r\n\t\t<title>J\u2019Hayber Works presenta en Sicur 2020 la nueva gama de calzado profesional - El Digital de Asturias<\/title>\n\n","aioseo_head_json":{"title":"J\u2019Hayber Works presenta en Sicur 2020 la nueva gama de calzado profesional - El Digital de Asturias","description":"J\u2019Hayber Works ha confirmado su presencia Sicur 2020, el Sal\u00f3n Internacional de la Seguridad, que tiene lugar en Madrid del 25 al 28 de febrero. La marca espa\u00f1ola de origen ilicitano ha querido aprovechar esa ocasi\u00f3n para presentar su nueva colecci\u00f3n de calzado J\u2019hayber PRO. Esta nueva l\u00ednea es diferente al calzado de seguridad y botas","canonical_url":"https:\/\/www.eldigitaldeasturias.com\/noticias\/jhayber-works-presenta-en-sicur-2020-la-nueva-gama-de-calzado-profesional\/","robots":"max-image-preview:large","keywords":"negocios y empresas","webmasterTools":{"google-site-verification":"UA-38556648-1","msvalidate.01":"7dfe9f3f1b24437ab69f4f2559babe99","miscellaneous":""},"schema":{"@context":"https:\/\/schema.org","@graph":[{"@type":"BlogPosting","@id":"https:\/\/www.eldigitaldeasturias.com\/noticias\/jhayber-works-presenta-en-sicur-2020-la-nueva-gama-de-calzado-profesional\/#blogposting","name":"J\u2019Hayber Works presenta en Sicur 2020 la nueva gama de calzado profesional - El Digital de Asturias","headline":"J\u2019Hayber Works presenta en Sicur 2020 la nueva gama de calzado profesional","author":{"@id":"https:\/\/www.eldigitaldeasturias.com\/noticias\/author\/admin\/#author"},"publisher":{"@id":"https:\/\/www.eldigitaldeasturias.com\/noticias\/#organization"},"image":{"@type":"ImageObject","url":"https:\/\/www.eldigitaldeasturias.com\/noticias\/wp-content\/uploads\/2020\/02\/1582190255_J_hayber_works_febrero.jpg","width":1200,"height":750},"datePublished":"2020-02-22T20:09:23+01:00","dateModified":"2020-02-22T20:09:23+01:00","inLanguage":"es-ES","mainEntityOfPage":{"@id":"https:\/\/www.eldigitaldeasturias.com\/noticias\/jhayber-works-presenta-en-sicur-2020-la-nueva-gama-de-calzado-profesional\/#webpage"},"isPartOf":{"@id":"https:\/\/www.eldigitaldeasturias.com\/noticias\/jhayber-works-presenta-en-sicur-2020-la-nueva-gama-de-calzado-profesional\/#webpage"},"articleSection":"Negocios y Empresas"},{"@type":"BreadcrumbList","@id":"https:\/\/www.eldigitaldeasturias.com\/noticias\/jhayber-works-presenta-en-sicur-2020-la-nueva-gama-de-calzado-profesional\/#breadcrumblist","itemListElement":[{"@type":"ListItem","@id":"https:\/\/www.eldigitaldeasturias.com\/noticias#listItem","position":1,"name":"Home","item":"https:\/\/www.eldigitaldeasturias.com\/noticias","nextItem":{"@type":"ListItem","@id":"https:\/\/www.eldigitaldeasturias.com\/noticias\/category\/negocios-y-empresas\/#listItem","name":"Negocios y Empresas"}},{"@type":"ListItem","@id":"https:\/\/www.eldigitaldeasturias.com\/noticias\/category\/negocios-y-empresas\/#listItem","position":2,"name":"Negocios y Empresas","item":"https:\/\/www.eldigitaldeasturias.com\/noticias\/category\/negocios-y-empresas\/","nextItem":{"@type":"ListItem","@id":"https:\/\/www.eldigitaldeasturias.com\/noticias\/jhayber-works-presenta-en-sicur-2020-la-nueva-gama-de-calzado-profesional\/#listItem","name":"J\u2019Hayber Works presenta en Sicur 2020 la nueva gama de calzado profesional"},"previousItem":{"@type":"ListItem","@id":"https:\/\/www.eldigitaldeasturias.com\/noticias#listItem","name":"Home"}},{"@type":"ListItem","@id":"https:\/\/www.eldigitaldeasturias.com\/noticias\/jhayber-works-presenta-en-sicur-2020-la-nueva-gama-de-calzado-profesional\/#listItem","position":3,"name":"J\u2019Hayber Works presenta en Sicur 2020 la nueva gama de calzado profesional","previousItem":{"@type":"ListItem","@id":"https:\/\/www.eldigitaldeasturias.com\/noticias\/category\/negocios-y-empresas\/#listItem","name":"Negocios y Empresas"}}]},{"@type":"Organization","@id":"https:\/\/www.eldigitaldeasturias.com\/noticias\/#organization","name":"El Digital de Asturias","description":"Hemeroteca","url":"https:\/\/www.eldigitaldeasturias.com\/noticias\/","email":"info@eldigitaldeasturias.com","telephone":"+34652131393","logo":{"@type":"ImageObject","url":"https:\/\/www.eldigitaldeasturias.com\/noticias\/wp-content\/uploads\/2020\/12\/EDA.jpg","@id":"https:\/\/www.eldigitaldeasturias.com\/noticias\/jhayber-works-presenta-en-sicur-2020-la-nueva-gama-de-calzado-profesional\/#organizationLogo","width":649,"height":297},"image":{"@id":"https:\/\/www.eldigitaldeasturias.com\/noticias\/jhayber-works-presenta-en-sicur-2020-la-nueva-gama-de-calzado-profesional\/#organizationLogo"},"sameAs":["https:\/\/facebook.com\/eldigitaldeasturias","https:\/\/www.youtube.com\/channel\/UCZP-2wLEB9Rv6erhFmqVnvg"],"address":{"@id":"https:\/\/www.eldigitaldeasturias.com\/noticias\/#postaladdress","@type":"PostalAddress","streetAddress":"san antonio 4,","postalCode":"33430","addressLocality":"Cand\u00e1s","addressRegion":"Asturias","addressCountry":"ES"}},{"@type":"Person","@id":"https:\/\/www.eldigitaldeasturias.com\/noticias\/author\/admin\/#author","url":"https:\/\/www.eldigitaldeasturias.com\/noticias\/author\/admin\/","name":"El Digital de Asturias","image":{"@type":"ImageObject","@id":"https:\/\/www.eldigitaldeasturias.com\/noticias\/jhayber-works-presenta-en-sicur-2020-la-nueva-gama-de-calzado-profesional\/#authorImage","url":"https:\/\/www.eldigitaldeasturias.com\/noticias\/wp-content\/litespeed\/avatar\/18677e78aa0546b92d9dbf31ec7d7668.jpg?ver=1777290358","width":96,"height":96,"caption":"El Digital de Asturias"}},{"@type":"WebPage","@id":"https:\/\/www.eldigitaldeasturias.com\/noticias\/jhayber-works-presenta-en-sicur-2020-la-nueva-gama-de-calzado-profesional\/#webpage","url":"https:\/\/www.eldigitaldeasturias.com\/noticias\/jhayber-works-presenta-en-sicur-2020-la-nueva-gama-de-calzado-profesional\/","name":"J\u2019Hayber Works presenta en Sicur 2020 la nueva gama de calzado profesional - El Digital de Asturias","description":"J\u2019Hayber Works ha confirmado su presencia Sicur 2020, el Sal\u00f3n Internacional de la Seguridad, que tiene lugar en Madrid del 25 al 28 de febrero. La marca espa\u00f1ola de origen ilicitano ha querido aprovechar esa ocasi\u00f3n para presentar su nueva colecci\u00f3n de calzado J\u2019hayber PRO. Esta nueva l\u00ednea es diferente al calzado de seguridad y botas","inLanguage":"es-ES","isPartOf":{"@id":"https:\/\/www.eldigitaldeasturias.com\/noticias\/#website"},"breadcrumb":{"@id":"https:\/\/www.eldigitaldeasturias.com\/noticias\/jhayber-works-presenta-en-sicur-2020-la-nueva-gama-de-calzado-profesional\/#breadcrumblist"},"author":{"@id":"https:\/\/www.eldigitaldeasturias.com\/noticias\/author\/admin\/#author"},"creator":{"@id":"https:\/\/www.eldigitaldeasturias.com\/noticias\/author\/admin\/#author"},"image":{"@type":"ImageObject","url":"https:\/\/www.eldigitaldeasturias.com\/noticias\/wp-content\/uploads\/2020\/02\/1582190255_J_hayber_works_febrero.jpg","@id":"https:\/\/www.eldigitaldeasturias.com\/noticias\/jhayber-works-presenta-en-sicur-2020-la-nueva-gama-de-calzado-profesional\/#mainImage","width":1200,"height":750},"primaryImageOfPage":{"@id":"https:\/\/www.eldigitaldeasturias.com\/noticias\/jhayber-works-presenta-en-sicur-2020-la-nueva-gama-de-calzado-profesional\/#mainImage"},"datePublished":"2020-02-22T20:09:23+01:00","dateModified":"2020-02-22T20:09:23+01:00"},{"@type":"WebSite","@id":"https:\/\/www.eldigitaldeasturias.com\/noticias\/#website","url":"https:\/\/www.eldigitaldeasturias.com\/noticias\/","name":"El Digital de Asturias - Diario de actualidad y noticias","alternateName":"El Digital de Asturias - Diario de actualidad y noticias","description":"Hemeroteca","inLanguage":"es-ES","publisher":{"@id":"https:\/\/www.eldigitaldeasturias.com\/noticias\/#organization"}}]},"og:locale":"es_ES","og:site_name":"El Digital de Asturias","og:type":"article","og:title":"J\u2019Hayber Works presenta en Sicur 2020 la nueva gama de calzado profesional - El Digital de Asturias","og:description":"J\u2019Hayber Works ha confirmado su presencia Sicur 2020, el Sal\u00f3n Internacional de la Seguridad, que tiene lugar en Madrid del 25 al 28 de febrero. La marca espa\u00f1ola de origen ilicitano ha querido aprovechar esa ocasi\u00f3n para presentar su nueva colecci\u00f3n de calzado J\u2019hayber PRO. Esta nueva l\u00ednea es diferente al calzado de seguridad y botas","og:url":"https:\/\/www.eldigitaldeasturias.com\/noticias\/jhayber-works-presenta-en-sicur-2020-la-nueva-gama-de-calzado-profesional\/","og:image":"https:\/\/www.eldigitaldeasturias.com\/noticias\/wp-content\/uploads\/2020\/02\/1582190255_J_hayber_works_febrero.jpg","og:image:secure_url":"https:\/\/www.eldigitaldeasturias.com\/noticias\/wp-content\/uploads\/2020\/02\/1582190255_J_hayber_works_febrero.jpg","og:image:width":1200,"og:image:height":750,"article:tag":["negocios y empresas"],"article:published_time":"2020-02-22T20:09:23+00:00","article:modified_time":"2020-02-22T20:09:23+00:00","article:publisher":"https:\/\/facebook.com\/eldigitaldeasturias","twitter:card":"summary_large_image","twitter:title":"J\u2019Hayber Works presenta en Sicur 2020 la nueva gama de calzado profesional - El Digital de Asturias","twitter:description":"J\u2019Hayber Works ha confirmado su presencia Sicur 2020, el Sal\u00f3n Internacional de la Seguridad, que tiene lugar en Madrid del 25 al 28 de febrero. La marca espa\u00f1ola de origen ilicitano ha querido aprovechar esa ocasi\u00f3n para presentar su nueva colecci\u00f3n de calzado J\u2019hayber PRO. Esta nueva l\u00ednea es diferente al calzado de seguridad y botas","twitter:image":"https:\/\/www.eldigitaldeasturias.com\/noticias\/wp-content\/uploads\/2020\/02\/1582190255_J_hayber_works_febrero.jpg","twitter:label1":"Escrito por","twitter:data1":"El Digital de Asturias","twitter:label2":"Tiempo de lectura estimado","twitter:data2":"2 minutos"},"aioseo_meta_data":{"post_id":"1058771","title":null,"description":null,"keywords":null,"keyphrases":null,"primary_term":null,"canonical_url":null,"og_title":null,"og_description":null,"og_object_type":"default","og_image_type":"default","og_image_url":null,"og_image_width":null,"og_image_height":null,"og_image_custom_url":null,"og_image_custom_fields":null,"og_video":null,"og_custom_url":null,"og_article_section":null,"og_article_tags":null,"twitter_use_og":false,"twitter_card":"default","twitter_image_type":"default","twitter_image_url":null,"twitter_image_custom_url":null,"twitter_image_custom_fields":null,"twitter_title":null,"twitter_description":null,"schema":{"blockGraphs":[],"customGraphs":[],"default":{"data":{"Article":[],"Course":[],"Dataset":[],"FAQPage":[],"Movie":[],"Person":[],"Product":[],"ProductReview":[],"Car":[],"Recipe":[],"Service":[],"SoftwareApplication":[],"WebPage":[]},"graphName":"","isEnabled":true},"graphs":[],"defaultGraph":"","defaultPostTypeGraph":""},"schema_type":null,"schema_type_options":null,"pillar_content":false,"robots_default":true,"robots_noindex":false,"robots_noarchive":false,"robots_nosnippet":false,"robots_nofollow":false,"robots_noimageindex":false,"robots_noodp":false,"robots_notranslate":false,"robots_max_snippet":null,"robots_max_videopreview":null,"robots_max_imagepreview":"large","priority":null,"frequency":null,"local_seo":null,"seo_analyzer_scan_date":"2025-10-31 06:33:11","breadcrumb_settings":null,"limit_modified_date":false,"open_ai":null,"ai":null,"created":"2020-12-21 10:55:05","updated":"2025-10-31 06:33:11"},"aioseo_breadcrumb":"<div class=\"aioseo-breadcrumbs\"><span class=\"aioseo-breadcrumb\">\n\t<a href=\"https:\/\/www.eldigitaldeasturias.com\/noticias\" title=\"Home\">Home<\/a>\n<\/span><span class=\"aioseo-breadcrumb-separator\">\u2013<\/span><span class=\"aioseo-breadcrumb\">\n\t<a href=\"https:\/\/www.eldigitaldeasturias.com\/noticias\/category\/negocios-y-empresas\/\" title=\"Negocios y Empresas\">Negocios y Empresas<\/a>\n<\/span><span class=\"aioseo-breadcrumb-separator\">\u2013<\/span><span class=\"aioseo-breadcrumb\">\n\t<a href=\"https:\/\/www.eldigitaldeasturias.com\/noticias\/jhayber-works-presenta-en-sicur-2020-la-nueva-gama-de-calzado-profesional\/\" title=\"J\u2019Hayber Works presenta en Sicur 2020 la nueva gama de calzado profesional\">J\u2019Hayber Works presenta en Sicur 2020 la nueva gama de calzado profesional<\/a>\n<\/span><\/div>","aioseo_breadcrumb_json":[{"label":"Home","link":"https:\/\/www.eldigitaldeasturias.com\/noticias"},{"label":"Negocios y Empresas","link":"https:\/\/www.eldigitaldeasturias.com\/noticias\/category\/negocios-y-empresas\/"},{"label":"J\u2019Hayber Works presenta en Sicur 2020 la nueva gama de calzado profesional","link":"https:\/\/www.eldigitaldeasturias.com\/noticias\/jhayber-works-presenta-en-sicur-2020-la-nueva-gama-de-calzado-profesional\/"}],"_links":{"self":[{"href":"https:\/\/www.eldigitaldeasturias.com\/noticias\/wp-json\/wp\/v2\/posts\/1058771","targetHints":{"allow":["GET"]}}],"collection":[{"href":"https:\/\/www.eldigitaldeasturias.com\/noticias\/wp-json\/wp\/v2\/posts"}],"about":[{"href":"https:\/\/www.eldigitaldeasturias.com\/noticias\/wp-json\/wp\/v2\/types\/post"}],"author":[{"embeddable":true,"href":"https:\/\/www.eldigitaldeasturias.com\/noticias\/wp-json\/wp\/v2\/users\/1"}],"replies":[{"embeddable":true,"href":"https:\/\/www.eldigitaldeasturias.com\/noticias\/wp-json\/wp\/v2\/comments?post=1058771"}],"version-history":[{"count":0,"href":"https:\/\/www.eldigitaldeasturias.com\/noticias\/wp-json\/wp\/v2\/posts\/1058771\/revisions"}],"wp:featuredmedia":[{"embeddable":true,"href":"https:\/\/www.eldigitaldeasturias.com\/noticias\/wp-json\/wp\/v2\/media\/1058772"}],"wp:attachment":[{"href":"https:\/\/www.eldigitaldeasturias.com\/noticias\/wp-json\/wp\/v2\/media?parent=1058771"}],"wp:term":[{"taxonomy":"category","embeddable":true,"href":"https:\/\/www.eldigitaldeasturias.com\/noticias\/wp-json\/wp\/v2\/categories?post=1058771"},{"taxonomy":"post_tag","embeddable":true,"href":"https:\/\/www.eldigitaldeasturias.com\/noticias\/wp-json\/wp\/v2\/tags?post=1058771"}],"curies":[{"name":"wp","href":"https:\/\/api.w.org\/{rel}","templated":true}]}}