{"id":1058728,"date":"2020-02-22T14:59:36","date_gmt":"2020-02-22T14:59:36","guid":{"rendered":"https:\/\/www.eldigitaldeasturias.com\/noticias\/?p=1058728"},"modified":"2020-02-22T15:00:00","modified_gmt":"2020-02-22T15:00:00","slug":"venecia-se-queja-de-la-escasez-de-turistas-tras-gran-inundacion","status":"publish","type":"post","link":"https:\/\/www.eldigitaldeasturias.com\/noticias\/venecia-se-queja-de-la-escasez-de-turistas-tras-gran-inundacion\/","title":{"rendered":"Venecia se queja de la escasez de turistas tras gran inundaci\u00f3n"},"content":{"rendered":"<figure id=\"attachment_1058729\" aria-describedby=\"caption-attachment-1058729\" style=\"width: 360px\" class=\"wp-caption alignleft\"><img loading=\"lazy\" decoding=\"async\" class=\"size-medium wp-image-1058729\" src=\"https:\/\/www.eldigitaldeasturias.com\/noticias\/wp-content\/uploads\/2020\/02\/Venecia-dpa-360x259.jpg\" alt=\"\" width=\"360\" height=\"259\" srcset=\"https:\/\/www.eldigitaldeasturias.com\/noticias\/wp-content\/uploads\/2020\/02\/Venecia-dpa-360x259.jpg 360w, https:\/\/www.eldigitaldeasturias.com\/noticias\/wp-content\/uploads\/2020\/02\/Venecia-dpa-667x480.jpg 667w, https:\/\/www.eldigitaldeasturias.com\/noticias\/wp-content\/uploads\/2020\/02\/Venecia-dpa-417x300.jpg 417w, https:\/\/www.eldigitaldeasturias.com\/noticias\/wp-content\/uploads\/2020\/02\/Venecia-dpa-768x553.jpg 768w, https:\/\/www.eldigitaldeasturias.com\/noticias\/wp-content\/uploads\/2020\/02\/Venecia-dpa.jpg 897w\" sizes=\"auto, (max-width: 360px) 100vw, 360px\" \/><figcaption id=\"caption-attachment-1058729\" class=\"wp-caption-text\">Foto: Annette Reuther\/dpa<\/figcaption><\/figure>\n<p>Venecia (dpa) \u2013 En el oscuro pasaje que conduce hacia el subsuelo de la bas\u00edlica de San Marcos el aire es h\u00famedo y huele a moho. Pierpaolo Campostrini roza las paredes con la mano, tritura unas cuantas piedrecillas con los dedos y se las lleva a la boca: \u00abSaben a sal\u00bb.<\/p>\n<p>Campostrini es el procurador responsable de la preservaci\u00f3n y mantenimiento de la bas\u00edlica de San Marcos en Venecia. En la cripta del principal templo cat\u00f3lico de la ciudad, el ingeniero se\u00f1ala una peque\u00f1a ventana enrejada: \u00abPor aqu\u00ed entr\u00f3 el agua, parec\u00eda un r\u00edo\u00bb.<\/p>\n<p>El 12 de noviembre del a\u00f1o pasado, Venecia se vio afectada por una hist\u00f3rica \u00abacqua alta\u00bb (marea alta), la peor inundaci\u00f3n en m\u00e1s de 50 a\u00f1os. La ciudad, reconocida por la UNESCO como Patrimonio de la Humanidad, qued\u00f3 sepultada bajo el agua.<\/p>\n<p>Su edificio m\u00e1s emblem\u00e1tico, la bas\u00edlica de San Marcos, sufri\u00f3 da\u00f1os irreversibles. El agua salada inund\u00f3 la cripta y penetr\u00f3 en las paredes; la humedad se extendi\u00f3 hasta los mosaicos del techo. \u00abEl muro parec\u00eda llorar\u00bb, recuerda Campostrini.<\/p>\n<p>Tres meses m\u00e1s tarde, los da\u00f1os ya no son visibles, pero el enemigo acecha en los muros. El agua se evapora y desaparece, pero la sal permanece y lentamente descompone las paredes y el m\u00e1rmol. \u00abEn un terremoto se ve el da\u00f1o inmediatamente, pero estos son da\u00f1os ocultos. Es como si de repente San Marcos hubiera envejecido 50 a\u00f1os\u00bb, lamenta Campostrini.<\/p>\n<p>El procurador explica que lo que m\u00e1s perjuicios causa es la frecuencia con la que se han producido las \u00faltimas inundaciones. Por esta raz\u00f3n, la bas\u00edlica ser\u00e1 \u00abcercada\u00bb a principios del verano boreal con una barrera de vidrio a la altura de la cintura.<\/p>\n<p>La luz dorada de la tarde atraviesa los vitrales de la catedral. En la Plaza de San Marcos han comenzado los preparativos para uno de los eventos del Carnaval, que comienza con una procesi\u00f3n de g\u00f3ndolas.<\/p>\n<p>El Carnaval de Venecia es uno de los eventos festivos m\u00e1s famosos del mundo y una de las atracciones tur\u00edsticas m\u00e1s importantes de la ciudad. Pero esta vez es diferente: al contrario de otros a\u00f1os, la ciudad no est\u00e1 abarrotada.<\/p>\n<p>\u00abTuvimos un diciembre catastr\u00f3fico, con una peque\u00f1a recuperaci\u00f3n alrededor de A\u00f1o Nuevo\u00bb, comenta Paola Mar, delegada de Turismo de la ciudad. Mar estima que vendr\u00e1n m\u00e1s visitantes durante las dos semanas de celebraciones del Carnaval, que se prolongan hasta el 25 de febrero, \u00abpero en marzo el flujo de turistas volver\u00e1 a disminuir\u00bb.<\/p>\n<p>Desde que comenz\u00f3 la propagaci\u00f3n del coronavirus, en la ciudad tambi\u00e9n se siente la disminuci\u00f3n de turistas provenientes de China, pero Mar explica que este no es el factor decisivo, ya que la mayor\u00eda de los visitantes de Venecia vienen de Estados Unidos y Europa.<\/p>\n<p>Mar est\u00e1 convencida de que la causa de la escasez de turistas fueron las noticias falsas (fake news) vinculadas con la marea alta: \u00abEn la India, hubo quienes pensaban que las inundaciones hab\u00edan causado 250 muertes\u00bb. Y a\u00f1ade que otros cre\u00edan que la ciudad hab\u00eda estado continuamente bajo agua, siendo que en realidad la marea retrocedi\u00f3 despu\u00e9s de unas horas.<\/p>\n<p>Los hoteleros hablan de una \u00abpsicosis\u00bb de turistas aterrorizados, y cuentan de gente que llamaba y preguntaba si pod\u00edan venir con sus hijos o si era demasiado peligroso.<\/p>\n<p>Mar explica que, el 12 de noviembre, el agua lleg\u00f3 a 1,87 metros por encima del nivel de la marea normal, pero que eso no significa que estuviera a 1,87 metros de altura en las calles y que la gente se estuviera ahogando. La delegada aclara asimismo que, con un nivel de marea de 1,87 metros, a un adulto que se encuentra en la Plaza San Marcos \u2014el punto m\u00e1s bajo de Venecia\u2014 el agua le llega aproximadamente hasta la cadera.<\/p>\n<p>La asociaci\u00f3n hotelera de Venecia se queja de que las im\u00e1genes de la inundaci\u00f3n crearon la impresi\u00f3n equivocada de que toda la ciudad qued\u00f3 destruida, y que por ese motivo las reservas cayeron dram\u00e1ticamente. Los museos venecianos, incluyendo el Palacio Ducal, tambi\u00e9n notaron un declive.<\/p>\n<p>La ciudad estima los da\u00f1os causados por la marea alta en m\u00e1s de mil millones de euros (aproximadamente 1.085 mil millones de d\u00f3lares). Restaurantes, caf\u00e9s, bares, museos y hoteles, sin embargo, volvieron a abrir sus puertas despu\u00e9s de pocos d\u00edas.<\/p>\n<p>La situaci\u00f3n es bastante contradictoria: Venecia, una ciudad que sufre como ninguna otra del \u00abexceso de turismo\u00bb, de repente ha comenzado a a\u00f1orar a los visitantes. Las autoridades locales y los hoteleros piden a los periodistas extranjeros que aclaren la informaci\u00f3n err\u00f3nea sobre una ciudad supuestamente destruida.<\/p>\n<p>El alcalde veneciano, Luigi Brugnaro, habla sin cesar de la belleza de Venecia. \u00abMuchos piensan que todav\u00eda estamos bajo el agua, pero Venecia est\u00e1 ahora m\u00e1s hermosa que nunca\u00bb, enfatiza. Y explica el porqu\u00e9: los visitantes tienen la oportunidad de disfrutar una ciudad que no est\u00e1 abarrotada de turistas y, adem\u00e1s, con habitaciones de hotel disponibles: \u00abSe puede reservar un hotel incluso de manera espont\u00e1nea, lo que normalmente no es posible\u00bb.<\/p>\n<p>El mismo alcalde que ahora corteja a los turistas se ha cansado de advertir contra los perjuicios del turismo de masas. A partir de julio, los turistas que quieran visitar la ciudad sin pernoctar en ella deber\u00e1n pagar una tasa de acceso: \u00abLa tasa s\u00f3lo es v\u00e1lida para aquellos que no pasan la noche aqu\u00ed\u00bb, explica Brugnaro, argumentando que estos llenan sus mochilas con comida, agua y pa\u00f1ales para los beb\u00e9s y no gastan dinero en la ciudad. La entrada costar\u00e1 de tres a diez euros, dependiendo de la temporada.<\/p>\n<p>Claro que no todos los venecianos piden m\u00e1s turistas. El resto de los ciudadanos est\u00e1 simplemente feliz de poder disfrutar de un poco de paz y tranquilidad \u2014y reflexionar sobre lo que hay m\u00e1s all\u00e1 del turismo, sobre la posibilidad de volver a vivir en su centro hist\u00f3rico y, ante todo, sobre c\u00f3mo proteger su patrimonio mundial de una nueva inundaci\u00f3n\u2014.<\/p>\n<p><i class=\"lang-es\"><span class=\" readonly\" title=\"\">Por Annette Reuther (dpa)<\/span><\/i><\/p>\n<p>&nbsp;<\/p>\n","protected":false},"excerpt":{"rendered":"<p>Venecia (dpa) \u2013 En el oscuro pasaje que conduce hacia el subsuelo de la bas\u00edlica de San Marcos el aire es h\u00famedo y huele a moho. Pierpaolo Campostrini roza las paredes con la mano, tritura unas cuantas piedrecillas con los dedos y se las lleva a la boca: \u00abSaben a sal\u00bb. Campostrini es el procurador [&hellip;]<\/p>\n","protected":false},"author":1,"featured_media":1058729,"comment_status":"closed","ping_status":"closed","sticky":false,"template":"","format":"standard","meta":{"footnotes":""},"categories":[148],"tags":[],"class_list":["post-1058728","post","type-post","status-publish","format-standard","has-post-thumbnail","hentry","category-turismo"],"aioseo_notices":[],"aioseo_head":"\n\t\t<!-- All in One SEO Pro 4.9.6.2 - aioseo.com -->\n\t<meta name=\"description\" content=\"Venecia (dpa) \u2013 En el oscuro pasaje que conduce hacia el subsuelo de la bas\u00edlica de San Marcos el aire es h\u00famedo y huele a moho. Pierpaolo Campostrini roza las paredes con la mano, tritura unas cuantas piedrecillas con los dedos y se las lleva a la boca: &quot;Saben a sal&quot;. Campostrini es el procurador\" \/>\n\t<meta name=\"robots\" content=\"max-image-preview:large\" \/>\n\t<meta name=\"author\" content=\"El Digital de Asturias\"\/>\n\t<meta name=\"google-site-verification\" content=\"UA-38556648-1\" \/>\n\t<meta name=\"msvalidate.01\" content=\"7dfe9f3f1b24437ab69f4f2559babe99\" \/>\n\t<meta name=\"keywords\" content=\"turismo\" \/>\n\t<link rel=\"canonical\" href=\"https:\/\/www.eldigitaldeasturias.com\/noticias\/venecia-se-queja-de-la-escasez-de-turistas-tras-gran-inundacion\/\" \/>\n\t<meta name=\"generator\" content=\"All in One SEO Pro (AIOSEO) 4.9.6.2\" \/>\n\t\t<meta property=\"og:locale\" content=\"es_ES\" \/>\n\t\t<meta property=\"og:site_name\" content=\"El Digital de Asturias\" \/>\n\t\t<meta property=\"og:type\" content=\"article\" \/>\n\t\t<meta property=\"og:title\" content=\"Venecia se queja de la escasez de turistas tras gran inundaci\u00f3n - El Digital de Asturias\" \/>\n\t\t<meta property=\"og:description\" content=\"Venecia (dpa) \u2013 En el oscuro pasaje que conduce hacia el subsuelo de la bas\u00edlica de San Marcos el aire es h\u00famedo y huele a moho. Pierpaolo Campostrini roza las paredes con la mano, tritura unas cuantas piedrecillas con los dedos y se las lleva a la boca: &quot;Saben a sal&quot;. Campostrini es el procurador\" \/>\n\t\t<meta property=\"og:url\" content=\"https:\/\/www.eldigitaldeasturias.com\/noticias\/venecia-se-queja-de-la-escasez-de-turistas-tras-gran-inundacion\/\" \/>\n\t\t<meta property=\"og:image\" content=\"https:\/\/www.eldigitaldeasturias.com\/noticias\/wp-content\/uploads\/2020\/02\/Venecia-dpa.jpg\" \/>\n\t\t<meta property=\"og:image:secure_url\" content=\"https:\/\/www.eldigitaldeasturias.com\/noticias\/wp-content\/uploads\/2020\/02\/Venecia-dpa.jpg\" \/>\n\t\t<meta property=\"og:image:width\" content=\"897\" \/>\n\t\t<meta property=\"og:image:height\" content=\"646\" \/>\n\t\t<meta property=\"article:tag\" content=\"turismo\" \/>\n\t\t<meta property=\"article:published_time\" content=\"2020-02-22T14:59:36+00:00\" \/>\n\t\t<meta property=\"article:modified_time\" content=\"2020-02-22T15:00:00+00:00\" \/>\n\t\t<meta property=\"article:publisher\" content=\"https:\/\/facebook.com\/eldigitaldeasturias\" \/>\n\t\t<meta name=\"twitter:card\" content=\"summary_large_image\" \/>\n\t\t<meta name=\"twitter:title\" content=\"Venecia se queja de la escasez de turistas tras gran inundaci\u00f3n - El Digital de Asturias\" \/>\n\t\t<meta name=\"twitter:description\" content=\"Venecia (dpa) \u2013 En el oscuro pasaje que conduce hacia el subsuelo de la bas\u00edlica de San Marcos el aire es h\u00famedo y huele a moho. Pierpaolo Campostrini roza las paredes con la mano, tritura unas cuantas piedrecillas con los dedos y se las lleva a la boca: &quot;Saben a sal&quot;. Campostrini es el procurador\" \/>\n\t\t<meta name=\"twitter:image\" content=\"https:\/\/www.eldigitaldeasturias.com\/noticias\/wp-content\/uploads\/2020\/02\/Venecia-dpa.jpg\" \/>\n\t\t<meta name=\"twitter:label1\" content=\"Escrito por\" \/>\n\t\t<meta name=\"twitter:data1\" content=\"El Digital de Asturias\" \/>\n\t\t<meta name=\"twitter:label2\" content=\"Tiempo de lectura estimado\" \/>\n\t\t<meta name=\"twitter:data2\" content=\"5 minutos\" \/>\n\t\t<script type=\"application\/ld+json\" class=\"aioseo-schema\">\n\t\t\t{\"@context\":\"https:\\\/\\\/schema.org\",\"@graph\":[{\"@type\":\"BlogPosting\",\"@id\":\"https:\\\/\\\/www.eldigitaldeasturias.com\\\/noticias\\\/venecia-se-queja-de-la-escasez-de-turistas-tras-gran-inundacion\\\/#blogposting\",\"name\":\"Venecia se queja de la escasez de turistas tras gran inundaci\\u00f3n - El Digital de Asturias\",\"headline\":\"Venecia se queja de la escasez de turistas tras gran inundaci\\u00f3n\",\"author\":{\"@id\":\"https:\\\/\\\/www.eldigitaldeasturias.com\\\/noticias\\\/author\\\/admin\\\/#author\"},\"publisher\":{\"@id\":\"https:\\\/\\\/www.eldigitaldeasturias.com\\\/noticias\\\/#organization\"},\"image\":{\"@type\":\"ImageObject\",\"url\":\"https:\\\/\\\/www.eldigitaldeasturias.com\\\/noticias\\\/wp-content\\\/uploads\\\/2020\\\/02\\\/Venecia-dpa.jpg\",\"width\":897,\"height\":646,\"caption\":\"Foto: Annette Reuther\\\/dpa\"},\"datePublished\":\"2020-02-22T14:59:36+01:00\",\"dateModified\":\"2020-02-22T15:00:00+01:00\",\"inLanguage\":\"es-ES\",\"mainEntityOfPage\":{\"@id\":\"https:\\\/\\\/www.eldigitaldeasturias.com\\\/noticias\\\/venecia-se-queja-de-la-escasez-de-turistas-tras-gran-inundacion\\\/#webpage\"},\"isPartOf\":{\"@id\":\"https:\\\/\\\/www.eldigitaldeasturias.com\\\/noticias\\\/venecia-se-queja-de-la-escasez-de-turistas-tras-gran-inundacion\\\/#webpage\"},\"articleSection\":\"Turismo\"},{\"@type\":\"BreadcrumbList\",\"@id\":\"https:\\\/\\\/www.eldigitaldeasturias.com\\\/noticias\\\/venecia-se-queja-de-la-escasez-de-turistas-tras-gran-inundacion\\\/#breadcrumblist\",\"itemListElement\":[{\"@type\":\"ListItem\",\"@id\":\"https:\\\/\\\/www.eldigitaldeasturias.com\\\/noticias#listItem\",\"position\":1,\"name\":\"Home\",\"item\":\"https:\\\/\\\/www.eldigitaldeasturias.com\\\/noticias\",\"nextItem\":{\"@type\":\"ListItem\",\"@id\":\"https:\\\/\\\/www.eldigitaldeasturias.com\\\/noticias\\\/category\\\/turismo\\\/#listItem\",\"name\":\"Turismo\"}},{\"@type\":\"ListItem\",\"@id\":\"https:\\\/\\\/www.eldigitaldeasturias.com\\\/noticias\\\/category\\\/turismo\\\/#listItem\",\"position\":2,\"name\":\"Turismo\",\"item\":\"https:\\\/\\\/www.eldigitaldeasturias.com\\\/noticias\\\/category\\\/turismo\\\/\",\"nextItem\":{\"@type\":\"ListItem\",\"@id\":\"https:\\\/\\\/www.eldigitaldeasturias.com\\\/noticias\\\/venecia-se-queja-de-la-escasez-de-turistas-tras-gran-inundacion\\\/#listItem\",\"name\":\"Venecia se queja de la escasez de turistas tras gran inundaci\\u00f3n\"},\"previousItem\":{\"@type\":\"ListItem\",\"@id\":\"https:\\\/\\\/www.eldigitaldeasturias.com\\\/noticias#listItem\",\"name\":\"Home\"}},{\"@type\":\"ListItem\",\"@id\":\"https:\\\/\\\/www.eldigitaldeasturias.com\\\/noticias\\\/venecia-se-queja-de-la-escasez-de-turistas-tras-gran-inundacion\\\/#listItem\",\"position\":3,\"name\":\"Venecia se queja de la escasez de turistas tras gran inundaci\\u00f3n\",\"previousItem\":{\"@type\":\"ListItem\",\"@id\":\"https:\\\/\\\/www.eldigitaldeasturias.com\\\/noticias\\\/category\\\/turismo\\\/#listItem\",\"name\":\"Turismo\"}}]},{\"@type\":\"Organization\",\"@id\":\"https:\\\/\\\/www.eldigitaldeasturias.com\\\/noticias\\\/#organization\",\"name\":\"El Digital de Asturias\",\"description\":\"Hemeroteca\",\"url\":\"https:\\\/\\\/www.eldigitaldeasturias.com\\\/noticias\\\/\",\"email\":\"info@eldigitaldeasturias.com\",\"telephone\":\"+34652131393\",\"logo\":{\"@type\":\"ImageObject\",\"url\":\"https:\\\/\\\/www.eldigitaldeasturias.com\\\/noticias\\\/wp-content\\\/uploads\\\/2020\\\/12\\\/EDA.jpg\",\"@id\":\"https:\\\/\\\/www.eldigitaldeasturias.com\\\/noticias\\\/venecia-se-queja-de-la-escasez-de-turistas-tras-gran-inundacion\\\/#organizationLogo\",\"width\":649,\"height\":297},\"image\":{\"@id\":\"https:\\\/\\\/www.eldigitaldeasturias.com\\\/noticias\\\/venecia-se-queja-de-la-escasez-de-turistas-tras-gran-inundacion\\\/#organizationLogo\"},\"sameAs\":[\"https:\\\/\\\/facebook.com\\\/eldigitaldeasturias\",\"https:\\\/\\\/www.youtube.com\\\/channel\\\/UCZP-2wLEB9Rv6erhFmqVnvg\"],\"address\":{\"@id\":\"https:\\\/\\\/www.eldigitaldeasturias.com\\\/noticias\\\/#postaladdress\",\"@type\":\"PostalAddress\",\"streetAddress\":\"san antonio 4,\",\"postalCode\":\"33430\",\"addressLocality\":\"Cand\\u00e1s\",\"addressRegion\":\"Asturias\",\"addressCountry\":\"ES\"}},{\"@type\":\"Person\",\"@id\":\"https:\\\/\\\/www.eldigitaldeasturias.com\\\/noticias\\\/author\\\/admin\\\/#author\",\"url\":\"https:\\\/\\\/www.eldigitaldeasturias.com\\\/noticias\\\/author\\\/admin\\\/\",\"name\":\"El Digital de Asturias\",\"image\":{\"@type\":\"ImageObject\",\"@id\":\"https:\\\/\\\/www.eldigitaldeasturias.com\\\/noticias\\\/venecia-se-queja-de-la-escasez-de-turistas-tras-gran-inundacion\\\/#authorImage\",\"url\":\"https:\\\/\\\/www.eldigitaldeasturias.com\\\/noticias\\\/wp-content\\\/litespeed\\\/avatar\\\/18677e78aa0546b92d9dbf31ec7d7668.jpg?ver=1777290358\",\"width\":96,\"height\":96,\"caption\":\"El Digital de Asturias\"}},{\"@type\":\"WebPage\",\"@id\":\"https:\\\/\\\/www.eldigitaldeasturias.com\\\/noticias\\\/venecia-se-queja-de-la-escasez-de-turistas-tras-gran-inundacion\\\/#webpage\",\"url\":\"https:\\\/\\\/www.eldigitaldeasturias.com\\\/noticias\\\/venecia-se-queja-de-la-escasez-de-turistas-tras-gran-inundacion\\\/\",\"name\":\"Venecia se queja de la escasez de turistas tras gran inundaci\\u00f3n - El Digital de Asturias\",\"description\":\"Venecia (dpa) \\u2013 En el oscuro pasaje que conduce hacia el subsuelo de la bas\\u00edlica de San Marcos el aire es h\\u00famedo y huele a moho. Pierpaolo Campostrini roza las paredes con la mano, tritura unas cuantas piedrecillas con los dedos y se las lleva a la boca: \\\"Saben a sal\\\". Campostrini es el procurador\",\"inLanguage\":\"es-ES\",\"isPartOf\":{\"@id\":\"https:\\\/\\\/www.eldigitaldeasturias.com\\\/noticias\\\/#website\"},\"breadcrumb\":{\"@id\":\"https:\\\/\\\/www.eldigitaldeasturias.com\\\/noticias\\\/venecia-se-queja-de-la-escasez-de-turistas-tras-gran-inundacion\\\/#breadcrumblist\"},\"author\":{\"@id\":\"https:\\\/\\\/www.eldigitaldeasturias.com\\\/noticias\\\/author\\\/admin\\\/#author\"},\"creator\":{\"@id\":\"https:\\\/\\\/www.eldigitaldeasturias.com\\\/noticias\\\/author\\\/admin\\\/#author\"},\"image\":{\"@type\":\"ImageObject\",\"url\":\"https:\\\/\\\/www.eldigitaldeasturias.com\\\/noticias\\\/wp-content\\\/uploads\\\/2020\\\/02\\\/Venecia-dpa.jpg\",\"@id\":\"https:\\\/\\\/www.eldigitaldeasturias.com\\\/noticias\\\/venecia-se-queja-de-la-escasez-de-turistas-tras-gran-inundacion\\\/#mainImage\",\"width\":897,\"height\":646,\"caption\":\"Foto: Annette Reuther\\\/dpa\"},\"primaryImageOfPage\":{\"@id\":\"https:\\\/\\\/www.eldigitaldeasturias.com\\\/noticias\\\/venecia-se-queja-de-la-escasez-de-turistas-tras-gran-inundacion\\\/#mainImage\"},\"datePublished\":\"2020-02-22T14:59:36+01:00\",\"dateModified\":\"2020-02-22T15:00:00+01:00\"},{\"@type\":\"WebSite\",\"@id\":\"https:\\\/\\\/www.eldigitaldeasturias.com\\\/noticias\\\/#website\",\"url\":\"https:\\\/\\\/www.eldigitaldeasturias.com\\\/noticias\\\/\",\"name\":\"El Digital de Asturias - Diario de actualidad y noticias\",\"alternateName\":\"El Digital de Asturias - Diario de actualidad y noticias\",\"description\":\"Hemeroteca\",\"inLanguage\":\"es-ES\",\"publisher\":{\"@id\":\"https:\\\/\\\/www.eldigitaldeasturias.com\\\/noticias\\\/#organization\"}}]}\n\t\t<\/script>\n\t\t<!-- All in One SEO Pro -->\r\n\t\t<title>Venecia se queja de la escasez de turistas tras gran inundaci\u00f3n - El Digital de Asturias<\/title>\n\n","aioseo_head_json":{"title":"Venecia se queja de la escasez de turistas tras gran inundaci\u00f3n - El Digital de Asturias","description":"Venecia (dpa) \u2013 En el oscuro pasaje que conduce hacia el subsuelo de la bas\u00edlica de San Marcos el aire es h\u00famedo y huele a moho. Pierpaolo Campostrini roza las paredes con la mano, tritura unas cuantas piedrecillas con los dedos y se las lleva a la boca: \"Saben a sal\". Campostrini es el procurador","canonical_url":"https:\/\/www.eldigitaldeasturias.com\/noticias\/venecia-se-queja-de-la-escasez-de-turistas-tras-gran-inundacion\/","robots":"max-image-preview:large","keywords":"turismo","webmasterTools":{"google-site-verification":"UA-38556648-1","msvalidate.01":"7dfe9f3f1b24437ab69f4f2559babe99","miscellaneous":""},"schema":{"@context":"https:\/\/schema.org","@graph":[{"@type":"BlogPosting","@id":"https:\/\/www.eldigitaldeasturias.com\/noticias\/venecia-se-queja-de-la-escasez-de-turistas-tras-gran-inundacion\/#blogposting","name":"Venecia se queja de la escasez de turistas tras gran inundaci\u00f3n - El Digital de Asturias","headline":"Venecia se queja de la escasez de turistas tras gran inundaci\u00f3n","author":{"@id":"https:\/\/www.eldigitaldeasturias.com\/noticias\/author\/admin\/#author"},"publisher":{"@id":"https:\/\/www.eldigitaldeasturias.com\/noticias\/#organization"},"image":{"@type":"ImageObject","url":"https:\/\/www.eldigitaldeasturias.com\/noticias\/wp-content\/uploads\/2020\/02\/Venecia-dpa.jpg","width":897,"height":646,"caption":"Foto: Annette Reuther\/dpa"},"datePublished":"2020-02-22T14:59:36+01:00","dateModified":"2020-02-22T15:00:00+01:00","inLanguage":"es-ES","mainEntityOfPage":{"@id":"https:\/\/www.eldigitaldeasturias.com\/noticias\/venecia-se-queja-de-la-escasez-de-turistas-tras-gran-inundacion\/#webpage"},"isPartOf":{"@id":"https:\/\/www.eldigitaldeasturias.com\/noticias\/venecia-se-queja-de-la-escasez-de-turistas-tras-gran-inundacion\/#webpage"},"articleSection":"Turismo"},{"@type":"BreadcrumbList","@id":"https:\/\/www.eldigitaldeasturias.com\/noticias\/venecia-se-queja-de-la-escasez-de-turistas-tras-gran-inundacion\/#breadcrumblist","itemListElement":[{"@type":"ListItem","@id":"https:\/\/www.eldigitaldeasturias.com\/noticias#listItem","position":1,"name":"Home","item":"https:\/\/www.eldigitaldeasturias.com\/noticias","nextItem":{"@type":"ListItem","@id":"https:\/\/www.eldigitaldeasturias.com\/noticias\/category\/turismo\/#listItem","name":"Turismo"}},{"@type":"ListItem","@id":"https:\/\/www.eldigitaldeasturias.com\/noticias\/category\/turismo\/#listItem","position":2,"name":"Turismo","item":"https:\/\/www.eldigitaldeasturias.com\/noticias\/category\/turismo\/","nextItem":{"@type":"ListItem","@id":"https:\/\/www.eldigitaldeasturias.com\/noticias\/venecia-se-queja-de-la-escasez-de-turistas-tras-gran-inundacion\/#listItem","name":"Venecia se queja de la escasez de turistas tras gran inundaci\u00f3n"},"previousItem":{"@type":"ListItem","@id":"https:\/\/www.eldigitaldeasturias.com\/noticias#listItem","name":"Home"}},{"@type":"ListItem","@id":"https:\/\/www.eldigitaldeasturias.com\/noticias\/venecia-se-queja-de-la-escasez-de-turistas-tras-gran-inundacion\/#listItem","position":3,"name":"Venecia se queja de la escasez de turistas tras gran inundaci\u00f3n","previousItem":{"@type":"ListItem","@id":"https:\/\/www.eldigitaldeasturias.com\/noticias\/category\/turismo\/#listItem","name":"Turismo"}}]},{"@type":"Organization","@id":"https:\/\/www.eldigitaldeasturias.com\/noticias\/#organization","name":"El Digital de Asturias","description":"Hemeroteca","url":"https:\/\/www.eldigitaldeasturias.com\/noticias\/","email":"info@eldigitaldeasturias.com","telephone":"+34652131393","logo":{"@type":"ImageObject","url":"https:\/\/www.eldigitaldeasturias.com\/noticias\/wp-content\/uploads\/2020\/12\/EDA.jpg","@id":"https:\/\/www.eldigitaldeasturias.com\/noticias\/venecia-se-queja-de-la-escasez-de-turistas-tras-gran-inundacion\/#organizationLogo","width":649,"height":297},"image":{"@id":"https:\/\/www.eldigitaldeasturias.com\/noticias\/venecia-se-queja-de-la-escasez-de-turistas-tras-gran-inundacion\/#organizationLogo"},"sameAs":["https:\/\/facebook.com\/eldigitaldeasturias","https:\/\/www.youtube.com\/channel\/UCZP-2wLEB9Rv6erhFmqVnvg"],"address":{"@id":"https:\/\/www.eldigitaldeasturias.com\/noticias\/#postaladdress","@type":"PostalAddress","streetAddress":"san antonio 4,","postalCode":"33430","addressLocality":"Cand\u00e1s","addressRegion":"Asturias","addressCountry":"ES"}},{"@type":"Person","@id":"https:\/\/www.eldigitaldeasturias.com\/noticias\/author\/admin\/#author","url":"https:\/\/www.eldigitaldeasturias.com\/noticias\/author\/admin\/","name":"El Digital de Asturias","image":{"@type":"ImageObject","@id":"https:\/\/www.eldigitaldeasturias.com\/noticias\/venecia-se-queja-de-la-escasez-de-turistas-tras-gran-inundacion\/#authorImage","url":"https:\/\/www.eldigitaldeasturias.com\/noticias\/wp-content\/litespeed\/avatar\/18677e78aa0546b92d9dbf31ec7d7668.jpg?ver=1777290358","width":96,"height":96,"caption":"El Digital de Asturias"}},{"@type":"WebPage","@id":"https:\/\/www.eldigitaldeasturias.com\/noticias\/venecia-se-queja-de-la-escasez-de-turistas-tras-gran-inundacion\/#webpage","url":"https:\/\/www.eldigitaldeasturias.com\/noticias\/venecia-se-queja-de-la-escasez-de-turistas-tras-gran-inundacion\/","name":"Venecia se queja de la escasez de turistas tras gran inundaci\u00f3n - El Digital de Asturias","description":"Venecia (dpa) \u2013 En el oscuro pasaje que conduce hacia el subsuelo de la bas\u00edlica de San Marcos el aire es h\u00famedo y huele a moho. Pierpaolo Campostrini roza las paredes con la mano, tritura unas cuantas piedrecillas con los dedos y se las lleva a la boca: \"Saben a sal\". Campostrini es el procurador","inLanguage":"es-ES","isPartOf":{"@id":"https:\/\/www.eldigitaldeasturias.com\/noticias\/#website"},"breadcrumb":{"@id":"https:\/\/www.eldigitaldeasturias.com\/noticias\/venecia-se-queja-de-la-escasez-de-turistas-tras-gran-inundacion\/#breadcrumblist"},"author":{"@id":"https:\/\/www.eldigitaldeasturias.com\/noticias\/author\/admin\/#author"},"creator":{"@id":"https:\/\/www.eldigitaldeasturias.com\/noticias\/author\/admin\/#author"},"image":{"@type":"ImageObject","url":"https:\/\/www.eldigitaldeasturias.com\/noticias\/wp-content\/uploads\/2020\/02\/Venecia-dpa.jpg","@id":"https:\/\/www.eldigitaldeasturias.com\/noticias\/venecia-se-queja-de-la-escasez-de-turistas-tras-gran-inundacion\/#mainImage","width":897,"height":646,"caption":"Foto: Annette Reuther\/dpa"},"primaryImageOfPage":{"@id":"https:\/\/www.eldigitaldeasturias.com\/noticias\/venecia-se-queja-de-la-escasez-de-turistas-tras-gran-inundacion\/#mainImage"},"datePublished":"2020-02-22T14:59:36+01:00","dateModified":"2020-02-22T15:00:00+01:00"},{"@type":"WebSite","@id":"https:\/\/www.eldigitaldeasturias.com\/noticias\/#website","url":"https:\/\/www.eldigitaldeasturias.com\/noticias\/","name":"El Digital de Asturias - Diario de actualidad y noticias","alternateName":"El Digital de Asturias - Diario de actualidad y noticias","description":"Hemeroteca","inLanguage":"es-ES","publisher":{"@id":"https:\/\/www.eldigitaldeasturias.com\/noticias\/#organization"}}]},"og:locale":"es_ES","og:site_name":"El Digital de Asturias","og:type":"article","og:title":"Venecia se queja de la escasez de turistas tras gran inundaci\u00f3n - El Digital de Asturias","og:description":"Venecia (dpa) \u2013 En el oscuro pasaje que conduce hacia el subsuelo de la bas\u00edlica de San Marcos el aire es h\u00famedo y huele a moho. Pierpaolo Campostrini roza las paredes con la mano, tritura unas cuantas piedrecillas con los dedos y se las lleva a la boca: &quot;Saben a sal&quot;. Campostrini es el procurador","og:url":"https:\/\/www.eldigitaldeasturias.com\/noticias\/venecia-se-queja-de-la-escasez-de-turistas-tras-gran-inundacion\/","og:image":"https:\/\/www.eldigitaldeasturias.com\/noticias\/wp-content\/uploads\/2020\/02\/Venecia-dpa.jpg","og:image:secure_url":"https:\/\/www.eldigitaldeasturias.com\/noticias\/wp-content\/uploads\/2020\/02\/Venecia-dpa.jpg","og:image:width":897,"og:image:height":646,"article:tag":["turismo"],"article:published_time":"2020-02-22T14:59:36+00:00","article:modified_time":"2020-02-22T15:00:00+00:00","article:publisher":"https:\/\/facebook.com\/eldigitaldeasturias","twitter:card":"summary_large_image","twitter:title":"Venecia se queja de la escasez de turistas tras gran inundaci\u00f3n - El Digital de Asturias","twitter:description":"Venecia (dpa) \u2013 En el oscuro pasaje que conduce hacia el subsuelo de la bas\u00edlica de San Marcos el aire es h\u00famedo y huele a moho. Pierpaolo Campostrini roza las paredes con la mano, tritura unas cuantas piedrecillas con los dedos y se las lleva a la boca: &quot;Saben a sal&quot;. Campostrini es el procurador","twitter:image":"https:\/\/www.eldigitaldeasturias.com\/noticias\/wp-content\/uploads\/2020\/02\/Venecia-dpa.jpg","twitter:label1":"Escrito por","twitter:data1":"El Digital de Asturias","twitter:label2":"Tiempo de lectura estimado","twitter:data2":"5 minutos"},"aioseo_meta_data":{"post_id":"1058728","title":null,"description":null,"keywords":null,"keyphrases":null,"primary_term":null,"canonical_url":null,"og_title":null,"og_description":null,"og_object_type":"default","og_image_type":"default","og_image_url":null,"og_image_width":null,"og_image_height":null,"og_image_custom_url":null,"og_image_custom_fields":null,"og_video":null,"og_custom_url":null,"og_article_section":null,"og_article_tags":null,"twitter_use_og":false,"twitter_card":"default","twitter_image_type":"default","twitter_image_url":null,"twitter_image_custom_url":null,"twitter_image_custom_fields":null,"twitter_title":null,"twitter_description":null,"schema":{"blockGraphs":[],"customGraphs":[],"default":{"data":{"Article":[],"Course":[],"Dataset":[],"FAQPage":[],"Movie":[],"Person":[],"Product":[],"ProductReview":[],"Car":[],"Recipe":[],"Service":[],"SoftwareApplication":[],"WebPage":[]},"graphName":"","isEnabled":true},"graphs":[],"defaultGraph":"","defaultPostTypeGraph":""},"schema_type":null,"schema_type_options":null,"pillar_content":false,"robots_default":true,"robots_noindex":false,"robots_noarchive":false,"robots_nosnippet":false,"robots_nofollow":false,"robots_noimageindex":false,"robots_noodp":false,"robots_notranslate":false,"robots_max_snippet":null,"robots_max_videopreview":null,"robots_max_imagepreview":"large","priority":null,"frequency":null,"local_seo":null,"seo_analyzer_scan_date":"2025-10-31 06:27:04","breadcrumb_settings":null,"limit_modified_date":false,"open_ai":null,"ai":null,"created":"2020-12-21 10:55:05","updated":"2025-10-31 06:27:04"},"aioseo_breadcrumb":"<div class=\"aioseo-breadcrumbs\"><span class=\"aioseo-breadcrumb\">\n\t<a href=\"https:\/\/www.eldigitaldeasturias.com\/noticias\" title=\"Home\">Home<\/a>\n<\/span><span class=\"aioseo-breadcrumb-separator\">\u2013<\/span><span class=\"aioseo-breadcrumb\">\n\t<a href=\"https:\/\/www.eldigitaldeasturias.com\/noticias\/category\/turismo\/\" title=\"Turismo\">Turismo<\/a>\n<\/span><span class=\"aioseo-breadcrumb-separator\">\u2013<\/span><span class=\"aioseo-breadcrumb\">\n\t<a href=\"https:\/\/www.eldigitaldeasturias.com\/noticias\/venecia-se-queja-de-la-escasez-de-turistas-tras-gran-inundacion\/\" title=\"Venecia se queja de la escasez de turistas tras gran inundaci\u00f3n\">Venecia se queja de la escasez de turistas tras gran inundaci\u00f3n<\/a>\n<\/span><\/div>","aioseo_breadcrumb_json":[{"label":"Home","link":"https:\/\/www.eldigitaldeasturias.com\/noticias"},{"label":"Turismo","link":"https:\/\/www.eldigitaldeasturias.com\/noticias\/category\/turismo\/"},{"label":"Venecia se queja de la escasez de turistas tras gran inundaci\u00f3n","link":"https:\/\/www.eldigitaldeasturias.com\/noticias\/venecia-se-queja-de-la-escasez-de-turistas-tras-gran-inundacion\/"}],"_links":{"self":[{"href":"https:\/\/www.eldigitaldeasturias.com\/noticias\/wp-json\/wp\/v2\/posts\/1058728","targetHints":{"allow":["GET"]}}],"collection":[{"href":"https:\/\/www.eldigitaldeasturias.com\/noticias\/wp-json\/wp\/v2\/posts"}],"about":[{"href":"https:\/\/www.eldigitaldeasturias.com\/noticias\/wp-json\/wp\/v2\/types\/post"}],"author":[{"embeddable":true,"href":"https:\/\/www.eldigitaldeasturias.com\/noticias\/wp-json\/wp\/v2\/users\/1"}],"replies":[{"embeddable":true,"href":"https:\/\/www.eldigitaldeasturias.com\/noticias\/wp-json\/wp\/v2\/comments?post=1058728"}],"version-history":[{"count":0,"href":"https:\/\/www.eldigitaldeasturias.com\/noticias\/wp-json\/wp\/v2\/posts\/1058728\/revisions"}],"wp:featuredmedia":[{"embeddable":true,"href":"https:\/\/www.eldigitaldeasturias.com\/noticias\/wp-json\/wp\/v2\/media\/1058729"}],"wp:attachment":[{"href":"https:\/\/www.eldigitaldeasturias.com\/noticias\/wp-json\/wp\/v2\/media?parent=1058728"}],"wp:term":[{"taxonomy":"category","embeddable":true,"href":"https:\/\/www.eldigitaldeasturias.com\/noticias\/wp-json\/wp\/v2\/categories?post=1058728"},{"taxonomy":"post_tag","embeddable":true,"href":"https:\/\/www.eldigitaldeasturias.com\/noticias\/wp-json\/wp\/v2\/tags?post=1058728"}],"curies":[{"name":"wp","href":"https:\/\/api.w.org\/{rel}","templated":true}]}}