{"id":1058711,"date":"2020-02-22T13:48:18","date_gmt":"2020-02-22T13:48:18","guid":{"rendered":"https:\/\/www.eldigitaldeasturias.com\/noticias\/?p=1058711"},"modified":"2020-02-22T13:48:18","modified_gmt":"2020-02-22T13:48:18","slug":"zonas-emblematicas-de-burgos","status":"publish","type":"post","link":"https:\/\/www.eldigitaldeasturias.com\/noticias\/zonas-emblematicas-de-burgos\/","title":{"rendered":"Zonas emblem\u00e1ticas de Burgos"},"content":{"rendered":"<p>Burgos, capital de provincia de Castilla y Le\u00f3n, destaca por su gastronom\u00eda, sus paseos y zonas verdes y por los retales que a\u00fan mantiene de la \u00e9poca Medieval<\/p>\n<p><img loading=\"lazy\" decoding=\"async\" class=\"aligncenter wp-image-1058712\" src=\"https:\/\/www.eldigitaldeasturias.com\/noticias\/wp-content\/uploads\/2020\/02\/1582014562_burgos_35513301920-360x227.jpg\" alt=\"\" width=\"670\" height=\"422\" srcset=\"https:\/\/www.eldigitaldeasturias.com\/noticias\/wp-content\/uploads\/2020\/02\/1582014562_burgos_35513301920-360x227.jpg 360w, https:\/\/www.eldigitaldeasturias.com\/noticias\/wp-content\/uploads\/2020\/02\/1582014562_burgos_35513301920-690x434.jpg 690w, https:\/\/www.eldigitaldeasturias.com\/noticias\/wp-content\/uploads\/2020\/02\/1582014562_burgos_35513301920-477x300.jpg 477w, https:\/\/www.eldigitaldeasturias.com\/noticias\/wp-content\/uploads\/2020\/02\/1582014562_burgos_35513301920-768x483.jpg 768w, https:\/\/www.eldigitaldeasturias.com\/noticias\/wp-content\/uploads\/2020\/02\/1582014562_burgos_35513301920-1536x966.jpg 1536w, https:\/\/www.eldigitaldeasturias.com\/noticias\/wp-content\/uploads\/2020\/02\/1582014562_burgos_35513301920-1024x644.jpg 1024w, https:\/\/www.eldigitaldeasturias.com\/noticias\/wp-content\/uploads\/2020\/02\/1582014562_burgos_35513301920.jpg 1920w\" sizes=\"auto, (max-width: 670px) 100vw, 670px\" \/><\/p>\n<p>Un lugar con encanto para una escapada de fin de semana y en el que son de \u201cobligada\u201d visita los siguientes cinco monumentos hist\u00f3ricos, convertidos en emblemas de la ciudad burgalesa:<\/p>\n<p><strong><a href=\"https:\/\/www.guiasturisticosburgos.com\/monasterio-de-las-huelgas.html\" target=\"_blank\" rel=\"nofollow noopener noreferrer\"><span style=\"color: #ff6600;\">Monasterio de las Huelgas<\/span><\/a>\u00a0Reales<\/strong><\/p>\n<p>Formado por la Iglesia, el monasterio y la zona de clausura, de arte rom\u00e1nico pero con fuertes influencias mud\u00e9jares. Fue construido entre los siglos XII \u2013 XIII para la orden cisterciense, convirti\u00e9ndose en lugar de retiro espiritual de las damas de la nobleza de la \u00e9poca. Actualmente se ofrecen visitas guiadas y en su interior se puede disfrutar del Museo de Ricas Telas con una amplia muestra de vestidos y telas medievales perfectamente conservadas, ofreciendo al turista una idea muy realista de la forma de vestir de la \u00e9poca.<\/p>\n<p><strong>La\u00a0<span style=\"color: #ff6600;\"><a style=\"color: #ff6600;\" href=\"https:\/\/www.guiasturisticosburgos.com\/cartuja-de-miraflores.html\" target=\"_blank\" rel=\"nofollow noopener noreferrer\">Cartuja de Miraflores<\/a><\/span><\/strong><\/p>\n<p>De estilo g\u00f3tico isabelino, se encuentra ubicado a unos 3 kil\u00f3metros de Burgos. De esta maravilla impresiona su iglesia con portada occidental con retablo mayor dise\u00f1ado por Gil de Siloe.<\/p>\n<p><strong>La\u00a0<span style=\"color: #ff6600;\"><a style=\"color: #ff6600;\" href=\"https:\/\/www.guiasturisticosburgos.com\/catedral-de-burgos.html\" target=\"_blank\" rel=\"nofollow noopener noreferrer\">Catedral de Burgos<\/a><\/span><\/strong><\/p>\n<p>Majestuosidad de arte g\u00f3tico, es declarada Patrimonio de la Humanidad. En su interior alberga numerosas obras de artistas reconocidos, destacando el cimborrio de Juan de Colonia, el retablo de Gil de Silo\u00e9 y la renacentista escalera dorada de Diego de Silo\u00e9.<\/p>\n<p><strong>La Puerta de Santa Mar\u00eda<\/strong><\/p>\n<p>Su Arco es uno de los elementos arquitect\u00f3nicos m\u00e1s emblem\u00e1ticos de Burgos, siendo en la Edad Media una de las antiguas doce puertas de acceso a la ciudad. Su interior cuenta con unas escaleras de origen medieval que dan a la sala principal que actualmente es empleada como sala de exposiciones.<\/p>\n<p><strong>El Castillo y las murallas de Burgos<\/strong><\/p>\n<p>Localizado a 75 metros sobre el nivel de la ciudad. Desde su construcci\u00f3n en los tiempos de Reconquista ha servido como zona defensiva, posteriormente como prisi\u00f3n y finalmente como f\u00e1brica de p\u00f3lvora hasta su destrucci\u00f3n por las tropas napole\u00f3nicas.<\/p>\n<p>&nbsp;<\/p>\n","protected":false},"excerpt":{"rendered":"<p>Burgos, capital de provincia de Castilla y Le\u00f3n, destaca por su gastronom\u00eda, sus paseos y zonas verdes y por los retales que a\u00fan mantiene de la \u00e9poca Medieval Un lugar con encanto para una escapada de fin de semana y en el que son de \u201cobligada\u201d visita los siguientes cinco monumentos hist\u00f3ricos, convertidos en emblemas [&hellip;]<\/p>\n","protected":false},"author":1,"featured_media":1058712,"comment_status":"closed","ping_status":"closed","sticky":false,"template":"","format":"standard","meta":{"footnotes":""},"categories":[148],"tags":[],"class_list":["post-1058711","post","type-post","status-publish","format-standard","has-post-thumbnail","hentry","category-turismo"],"aioseo_notices":[],"aioseo_head":"\n\t\t<!-- All in One SEO Pro 4.9.6.2 - aioseo.com -->\n\t<meta name=\"description\" content=\"Burgos, capital de provincia de Castilla y Le\u00f3n, destaca por su gastronom\u00eda, sus paseos y zonas verdes y por los retales que a\u00fan mantiene de la \u00e9poca Medieval Un lugar con encanto para una escapada de fin de semana y en el que son de \u201cobligada\u201d visita los siguientes cinco monumentos hist\u00f3ricos, convertidos en emblemas\" \/>\n\t<meta name=\"robots\" content=\"max-image-preview:large\" \/>\n\t<meta name=\"author\" content=\"El Digital de Asturias\"\/>\n\t<meta name=\"google-site-verification\" content=\"UA-38556648-1\" \/>\n\t<meta name=\"msvalidate.01\" content=\"7dfe9f3f1b24437ab69f4f2559babe99\" \/>\n\t<meta name=\"keywords\" content=\"turismo\" \/>\n\t<link rel=\"canonical\" href=\"https:\/\/www.eldigitaldeasturias.com\/noticias\/zonas-emblematicas-de-burgos\/\" \/>\n\t<meta name=\"generator\" content=\"All in One SEO Pro (AIOSEO) 4.9.6.2\" \/>\n\t\t<meta property=\"og:locale\" content=\"es_ES\" \/>\n\t\t<meta property=\"og:site_name\" content=\"El Digital de Asturias\" \/>\n\t\t<meta property=\"og:type\" content=\"article\" \/>\n\t\t<meta property=\"og:title\" content=\"Zonas emblem\u00e1ticas de Burgos - El Digital de Asturias\" \/>\n\t\t<meta property=\"og:description\" content=\"Burgos, capital de provincia de Castilla y Le\u00f3n, destaca por su gastronom\u00eda, sus paseos y zonas verdes y por los retales que a\u00fan mantiene de la \u00e9poca Medieval Un lugar con encanto para una escapada de fin de semana y en el que son de \u201cobligada\u201d visita los siguientes cinco monumentos hist\u00f3ricos, convertidos en emblemas\" \/>\n\t\t<meta property=\"og:url\" content=\"https:\/\/www.eldigitaldeasturias.com\/noticias\/zonas-emblematicas-de-burgos\/\" \/>\n\t\t<meta property=\"og:image\" content=\"https:\/\/www.eldigitaldeasturias.com\/noticias\/wp-content\/uploads\/2020\/02\/1582014562_burgos_35513301920.jpg\" \/>\n\t\t<meta property=\"og:image:secure_url\" content=\"https:\/\/www.eldigitaldeasturias.com\/noticias\/wp-content\/uploads\/2020\/02\/1582014562_burgos_35513301920.jpg\" \/>\n\t\t<meta property=\"og:image:width\" content=\"1920\" \/>\n\t\t<meta property=\"og:image:height\" content=\"1208\" \/>\n\t\t<meta property=\"article:tag\" content=\"turismo\" \/>\n\t\t<meta property=\"article:published_time\" content=\"2020-02-22T13:48:18+00:00\" \/>\n\t\t<meta property=\"article:modified_time\" content=\"2020-02-22T13:48:18+00:00\" \/>\n\t\t<meta property=\"article:publisher\" content=\"https:\/\/facebook.com\/eldigitaldeasturias\" \/>\n\t\t<meta name=\"twitter:card\" content=\"summary_large_image\" \/>\n\t\t<meta name=\"twitter:title\" content=\"Zonas emblem\u00e1ticas de Burgos - El Digital de Asturias\" \/>\n\t\t<meta name=\"twitter:description\" content=\"Burgos, capital de provincia de Castilla y Le\u00f3n, destaca por su gastronom\u00eda, sus paseos y zonas verdes y por los retales que a\u00fan mantiene de la \u00e9poca Medieval Un lugar con encanto para una escapada de fin de semana y en el que son de \u201cobligada\u201d visita los siguientes cinco monumentos hist\u00f3ricos, convertidos en emblemas\" \/>\n\t\t<meta name=\"twitter:image\" content=\"https:\/\/www.eldigitaldeasturias.com\/noticias\/wp-content\/uploads\/2020\/02\/1582014562_burgos_35513301920.jpg\" \/>\n\t\t<meta name=\"twitter:label1\" content=\"Escrito por\" \/>\n\t\t<meta name=\"twitter:data1\" content=\"El Digital de Asturias\" \/>\n\t\t<meta name=\"twitter:label2\" content=\"Tiempo de lectura estimado\" \/>\n\t\t<meta name=\"twitter:data2\" content=\"2 minutos\" \/>\n\t\t<script type=\"application\/ld+json\" class=\"aioseo-schema\">\n\t\t\t{\"@context\":\"https:\\\/\\\/schema.org\",\"@graph\":[{\"@type\":\"BlogPosting\",\"@id\":\"https:\\\/\\\/www.eldigitaldeasturias.com\\\/noticias\\\/zonas-emblematicas-de-burgos\\\/#blogposting\",\"name\":\"Zonas emblem\\u00e1ticas de Burgos - El Digital de Asturias\",\"headline\":\"Zonas emblem\\u00e1ticas de Burgos\",\"author\":{\"@id\":\"https:\\\/\\\/www.eldigitaldeasturias.com\\\/noticias\\\/author\\\/admin\\\/#author\"},\"publisher\":{\"@id\":\"https:\\\/\\\/www.eldigitaldeasturias.com\\\/noticias\\\/#organization\"},\"image\":{\"@type\":\"ImageObject\",\"url\":\"https:\\\/\\\/www.eldigitaldeasturias.com\\\/noticias\\\/wp-content\\\/uploads\\\/2020\\\/02\\\/1582014562_burgos_35513301920.jpg\",\"width\":1920,\"height\":1208},\"datePublished\":\"2020-02-22T13:48:18+01:00\",\"dateModified\":\"2020-02-22T13:48:18+01:00\",\"inLanguage\":\"es-ES\",\"mainEntityOfPage\":{\"@id\":\"https:\\\/\\\/www.eldigitaldeasturias.com\\\/noticias\\\/zonas-emblematicas-de-burgos\\\/#webpage\"},\"isPartOf\":{\"@id\":\"https:\\\/\\\/www.eldigitaldeasturias.com\\\/noticias\\\/zonas-emblematicas-de-burgos\\\/#webpage\"},\"articleSection\":\"Turismo\"},{\"@type\":\"BreadcrumbList\",\"@id\":\"https:\\\/\\\/www.eldigitaldeasturias.com\\\/noticias\\\/zonas-emblematicas-de-burgos\\\/#breadcrumblist\",\"itemListElement\":[{\"@type\":\"ListItem\",\"@id\":\"https:\\\/\\\/www.eldigitaldeasturias.com\\\/noticias#listItem\",\"position\":1,\"name\":\"Home\",\"item\":\"https:\\\/\\\/www.eldigitaldeasturias.com\\\/noticias\",\"nextItem\":{\"@type\":\"ListItem\",\"@id\":\"https:\\\/\\\/www.eldigitaldeasturias.com\\\/noticias\\\/category\\\/turismo\\\/#listItem\",\"name\":\"Turismo\"}},{\"@type\":\"ListItem\",\"@id\":\"https:\\\/\\\/www.eldigitaldeasturias.com\\\/noticias\\\/category\\\/turismo\\\/#listItem\",\"position\":2,\"name\":\"Turismo\",\"item\":\"https:\\\/\\\/www.eldigitaldeasturias.com\\\/noticias\\\/category\\\/turismo\\\/\",\"nextItem\":{\"@type\":\"ListItem\",\"@id\":\"https:\\\/\\\/www.eldigitaldeasturias.com\\\/noticias\\\/zonas-emblematicas-de-burgos\\\/#listItem\",\"name\":\"Zonas emblem\\u00e1ticas de Burgos\"},\"previousItem\":{\"@type\":\"ListItem\",\"@id\":\"https:\\\/\\\/www.eldigitaldeasturias.com\\\/noticias#listItem\",\"name\":\"Home\"}},{\"@type\":\"ListItem\",\"@id\":\"https:\\\/\\\/www.eldigitaldeasturias.com\\\/noticias\\\/zonas-emblematicas-de-burgos\\\/#listItem\",\"position\":3,\"name\":\"Zonas emblem\\u00e1ticas de Burgos\",\"previousItem\":{\"@type\":\"ListItem\",\"@id\":\"https:\\\/\\\/www.eldigitaldeasturias.com\\\/noticias\\\/category\\\/turismo\\\/#listItem\",\"name\":\"Turismo\"}}]},{\"@type\":\"Organization\",\"@id\":\"https:\\\/\\\/www.eldigitaldeasturias.com\\\/noticias\\\/#organization\",\"name\":\"El Digital de Asturias\",\"description\":\"Hemeroteca\",\"url\":\"https:\\\/\\\/www.eldigitaldeasturias.com\\\/noticias\\\/\",\"email\":\"info@eldigitaldeasturias.com\",\"telephone\":\"+34652131393\",\"logo\":{\"@type\":\"ImageObject\",\"url\":\"https:\\\/\\\/www.eldigitaldeasturias.com\\\/noticias\\\/wp-content\\\/uploads\\\/2020\\\/12\\\/EDA.jpg\",\"@id\":\"https:\\\/\\\/www.eldigitaldeasturias.com\\\/noticias\\\/zonas-emblematicas-de-burgos\\\/#organizationLogo\",\"width\":649,\"height\":297},\"image\":{\"@id\":\"https:\\\/\\\/www.eldigitaldeasturias.com\\\/noticias\\\/zonas-emblematicas-de-burgos\\\/#organizationLogo\"},\"sameAs\":[\"https:\\\/\\\/facebook.com\\\/eldigitaldeasturias\",\"https:\\\/\\\/www.youtube.com\\\/channel\\\/UCZP-2wLEB9Rv6erhFmqVnvg\"],\"address\":{\"@id\":\"https:\\\/\\\/www.eldigitaldeasturias.com\\\/noticias\\\/#postaladdress\",\"@type\":\"PostalAddress\",\"streetAddress\":\"san antonio 4,\",\"postalCode\":\"33430\",\"addressLocality\":\"Cand\\u00e1s\",\"addressRegion\":\"Asturias\",\"addressCountry\":\"ES\"}},{\"@type\":\"Person\",\"@id\":\"https:\\\/\\\/www.eldigitaldeasturias.com\\\/noticias\\\/author\\\/admin\\\/#author\",\"url\":\"https:\\\/\\\/www.eldigitaldeasturias.com\\\/noticias\\\/author\\\/admin\\\/\",\"name\":\"El Digital de Asturias\",\"image\":{\"@type\":\"ImageObject\",\"@id\":\"https:\\\/\\\/www.eldigitaldeasturias.com\\\/noticias\\\/zonas-emblematicas-de-burgos\\\/#authorImage\",\"url\":\"https:\\\/\\\/www.eldigitaldeasturias.com\\\/noticias\\\/wp-content\\\/litespeed\\\/avatar\\\/18677e78aa0546b92d9dbf31ec7d7668.jpg?ver=1777290358\",\"width\":96,\"height\":96,\"caption\":\"El Digital de Asturias\"}},{\"@type\":\"WebPage\",\"@id\":\"https:\\\/\\\/www.eldigitaldeasturias.com\\\/noticias\\\/zonas-emblematicas-de-burgos\\\/#webpage\",\"url\":\"https:\\\/\\\/www.eldigitaldeasturias.com\\\/noticias\\\/zonas-emblematicas-de-burgos\\\/\",\"name\":\"Zonas emblem\\u00e1ticas de Burgos - El Digital de Asturias\",\"description\":\"Burgos, capital de provincia de Castilla y Le\\u00f3n, destaca por su gastronom\\u00eda, sus paseos y zonas verdes y por los retales que a\\u00fan mantiene de la \\u00e9poca Medieval Un lugar con encanto para una escapada de fin de semana y en el que son de \\u201cobligada\\u201d visita los siguientes cinco monumentos hist\\u00f3ricos, convertidos en emblemas\",\"inLanguage\":\"es-ES\",\"isPartOf\":{\"@id\":\"https:\\\/\\\/www.eldigitaldeasturias.com\\\/noticias\\\/#website\"},\"breadcrumb\":{\"@id\":\"https:\\\/\\\/www.eldigitaldeasturias.com\\\/noticias\\\/zonas-emblematicas-de-burgos\\\/#breadcrumblist\"},\"author\":{\"@id\":\"https:\\\/\\\/www.eldigitaldeasturias.com\\\/noticias\\\/author\\\/admin\\\/#author\"},\"creator\":{\"@id\":\"https:\\\/\\\/www.eldigitaldeasturias.com\\\/noticias\\\/author\\\/admin\\\/#author\"},\"image\":{\"@type\":\"ImageObject\",\"url\":\"https:\\\/\\\/www.eldigitaldeasturias.com\\\/noticias\\\/wp-content\\\/uploads\\\/2020\\\/02\\\/1582014562_burgos_35513301920.jpg\",\"@id\":\"https:\\\/\\\/www.eldigitaldeasturias.com\\\/noticias\\\/zonas-emblematicas-de-burgos\\\/#mainImage\",\"width\":1920,\"height\":1208},\"primaryImageOfPage\":{\"@id\":\"https:\\\/\\\/www.eldigitaldeasturias.com\\\/noticias\\\/zonas-emblematicas-de-burgos\\\/#mainImage\"},\"datePublished\":\"2020-02-22T13:48:18+01:00\",\"dateModified\":\"2020-02-22T13:48:18+01:00\"},{\"@type\":\"WebSite\",\"@id\":\"https:\\\/\\\/www.eldigitaldeasturias.com\\\/noticias\\\/#website\",\"url\":\"https:\\\/\\\/www.eldigitaldeasturias.com\\\/noticias\\\/\",\"name\":\"El Digital de Asturias - Diario de actualidad y noticias\",\"alternateName\":\"El Digital de Asturias - Diario de actualidad y noticias\",\"description\":\"Hemeroteca\",\"inLanguage\":\"es-ES\",\"publisher\":{\"@id\":\"https:\\\/\\\/www.eldigitaldeasturias.com\\\/noticias\\\/#organization\"}}]}\n\t\t<\/script>\n\t\t<!-- All in One SEO Pro -->\r\n\t\t<title>Zonas emblem\u00e1ticas de Burgos - El Digital de Asturias<\/title>\n\n","aioseo_head_json":{"title":"Zonas emblem\u00e1ticas de Burgos - El Digital de Asturias","description":"Burgos, capital de provincia de Castilla y Le\u00f3n, destaca por su gastronom\u00eda, sus paseos y zonas verdes y por los retales que a\u00fan mantiene de la \u00e9poca Medieval Un lugar con encanto para una escapada de fin de semana y en el que son de \u201cobligada\u201d visita los siguientes cinco monumentos hist\u00f3ricos, convertidos en emblemas","canonical_url":"https:\/\/www.eldigitaldeasturias.com\/noticias\/zonas-emblematicas-de-burgos\/","robots":"max-image-preview:large","keywords":"turismo","webmasterTools":{"google-site-verification":"UA-38556648-1","msvalidate.01":"7dfe9f3f1b24437ab69f4f2559babe99","miscellaneous":""},"schema":{"@context":"https:\/\/schema.org","@graph":[{"@type":"BlogPosting","@id":"https:\/\/www.eldigitaldeasturias.com\/noticias\/zonas-emblematicas-de-burgos\/#blogposting","name":"Zonas emblem\u00e1ticas de Burgos - El Digital de Asturias","headline":"Zonas emblem\u00e1ticas de Burgos","author":{"@id":"https:\/\/www.eldigitaldeasturias.com\/noticias\/author\/admin\/#author"},"publisher":{"@id":"https:\/\/www.eldigitaldeasturias.com\/noticias\/#organization"},"image":{"@type":"ImageObject","url":"https:\/\/www.eldigitaldeasturias.com\/noticias\/wp-content\/uploads\/2020\/02\/1582014562_burgos_35513301920.jpg","width":1920,"height":1208},"datePublished":"2020-02-22T13:48:18+01:00","dateModified":"2020-02-22T13:48:18+01:00","inLanguage":"es-ES","mainEntityOfPage":{"@id":"https:\/\/www.eldigitaldeasturias.com\/noticias\/zonas-emblematicas-de-burgos\/#webpage"},"isPartOf":{"@id":"https:\/\/www.eldigitaldeasturias.com\/noticias\/zonas-emblematicas-de-burgos\/#webpage"},"articleSection":"Turismo"},{"@type":"BreadcrumbList","@id":"https:\/\/www.eldigitaldeasturias.com\/noticias\/zonas-emblematicas-de-burgos\/#breadcrumblist","itemListElement":[{"@type":"ListItem","@id":"https:\/\/www.eldigitaldeasturias.com\/noticias#listItem","position":1,"name":"Home","item":"https:\/\/www.eldigitaldeasturias.com\/noticias","nextItem":{"@type":"ListItem","@id":"https:\/\/www.eldigitaldeasturias.com\/noticias\/category\/turismo\/#listItem","name":"Turismo"}},{"@type":"ListItem","@id":"https:\/\/www.eldigitaldeasturias.com\/noticias\/category\/turismo\/#listItem","position":2,"name":"Turismo","item":"https:\/\/www.eldigitaldeasturias.com\/noticias\/category\/turismo\/","nextItem":{"@type":"ListItem","@id":"https:\/\/www.eldigitaldeasturias.com\/noticias\/zonas-emblematicas-de-burgos\/#listItem","name":"Zonas emblem\u00e1ticas de Burgos"},"previousItem":{"@type":"ListItem","@id":"https:\/\/www.eldigitaldeasturias.com\/noticias#listItem","name":"Home"}},{"@type":"ListItem","@id":"https:\/\/www.eldigitaldeasturias.com\/noticias\/zonas-emblematicas-de-burgos\/#listItem","position":3,"name":"Zonas emblem\u00e1ticas de Burgos","previousItem":{"@type":"ListItem","@id":"https:\/\/www.eldigitaldeasturias.com\/noticias\/category\/turismo\/#listItem","name":"Turismo"}}]},{"@type":"Organization","@id":"https:\/\/www.eldigitaldeasturias.com\/noticias\/#organization","name":"El Digital de Asturias","description":"Hemeroteca","url":"https:\/\/www.eldigitaldeasturias.com\/noticias\/","email":"info@eldigitaldeasturias.com","telephone":"+34652131393","logo":{"@type":"ImageObject","url":"https:\/\/www.eldigitaldeasturias.com\/noticias\/wp-content\/uploads\/2020\/12\/EDA.jpg","@id":"https:\/\/www.eldigitaldeasturias.com\/noticias\/zonas-emblematicas-de-burgos\/#organizationLogo","width":649,"height":297},"image":{"@id":"https:\/\/www.eldigitaldeasturias.com\/noticias\/zonas-emblematicas-de-burgos\/#organizationLogo"},"sameAs":["https:\/\/facebook.com\/eldigitaldeasturias","https:\/\/www.youtube.com\/channel\/UCZP-2wLEB9Rv6erhFmqVnvg"],"address":{"@id":"https:\/\/www.eldigitaldeasturias.com\/noticias\/#postaladdress","@type":"PostalAddress","streetAddress":"san antonio 4,","postalCode":"33430","addressLocality":"Cand\u00e1s","addressRegion":"Asturias","addressCountry":"ES"}},{"@type":"Person","@id":"https:\/\/www.eldigitaldeasturias.com\/noticias\/author\/admin\/#author","url":"https:\/\/www.eldigitaldeasturias.com\/noticias\/author\/admin\/","name":"El Digital de Asturias","image":{"@type":"ImageObject","@id":"https:\/\/www.eldigitaldeasturias.com\/noticias\/zonas-emblematicas-de-burgos\/#authorImage","url":"https:\/\/www.eldigitaldeasturias.com\/noticias\/wp-content\/litespeed\/avatar\/18677e78aa0546b92d9dbf31ec7d7668.jpg?ver=1777290358","width":96,"height":96,"caption":"El Digital de Asturias"}},{"@type":"WebPage","@id":"https:\/\/www.eldigitaldeasturias.com\/noticias\/zonas-emblematicas-de-burgos\/#webpage","url":"https:\/\/www.eldigitaldeasturias.com\/noticias\/zonas-emblematicas-de-burgos\/","name":"Zonas emblem\u00e1ticas de Burgos - El Digital de Asturias","description":"Burgos, capital de provincia de Castilla y Le\u00f3n, destaca por su gastronom\u00eda, sus paseos y zonas verdes y por los retales que a\u00fan mantiene de la \u00e9poca Medieval Un lugar con encanto para una escapada de fin de semana y en el que son de \u201cobligada\u201d visita los siguientes cinco monumentos hist\u00f3ricos, convertidos en emblemas","inLanguage":"es-ES","isPartOf":{"@id":"https:\/\/www.eldigitaldeasturias.com\/noticias\/#website"},"breadcrumb":{"@id":"https:\/\/www.eldigitaldeasturias.com\/noticias\/zonas-emblematicas-de-burgos\/#breadcrumblist"},"author":{"@id":"https:\/\/www.eldigitaldeasturias.com\/noticias\/author\/admin\/#author"},"creator":{"@id":"https:\/\/www.eldigitaldeasturias.com\/noticias\/author\/admin\/#author"},"image":{"@type":"ImageObject","url":"https:\/\/www.eldigitaldeasturias.com\/noticias\/wp-content\/uploads\/2020\/02\/1582014562_burgos_35513301920.jpg","@id":"https:\/\/www.eldigitaldeasturias.com\/noticias\/zonas-emblematicas-de-burgos\/#mainImage","width":1920,"height":1208},"primaryImageOfPage":{"@id":"https:\/\/www.eldigitaldeasturias.com\/noticias\/zonas-emblematicas-de-burgos\/#mainImage"},"datePublished":"2020-02-22T13:48:18+01:00","dateModified":"2020-02-22T13:48:18+01:00"},{"@type":"WebSite","@id":"https:\/\/www.eldigitaldeasturias.com\/noticias\/#website","url":"https:\/\/www.eldigitaldeasturias.com\/noticias\/","name":"El Digital de Asturias - Diario de actualidad y noticias","alternateName":"El Digital de Asturias - Diario de actualidad y noticias","description":"Hemeroteca","inLanguage":"es-ES","publisher":{"@id":"https:\/\/www.eldigitaldeasturias.com\/noticias\/#organization"}}]},"og:locale":"es_ES","og:site_name":"El Digital de Asturias","og:type":"article","og:title":"Zonas emblem\u00e1ticas de Burgos - El Digital de Asturias","og:description":"Burgos, capital de provincia de Castilla y Le\u00f3n, destaca por su gastronom\u00eda, sus paseos y zonas verdes y por los retales que a\u00fan mantiene de la \u00e9poca Medieval Un lugar con encanto para una escapada de fin de semana y en el que son de \u201cobligada\u201d visita los siguientes cinco monumentos hist\u00f3ricos, convertidos en emblemas","og:url":"https:\/\/www.eldigitaldeasturias.com\/noticias\/zonas-emblematicas-de-burgos\/","og:image":"https:\/\/www.eldigitaldeasturias.com\/noticias\/wp-content\/uploads\/2020\/02\/1582014562_burgos_35513301920.jpg","og:image:secure_url":"https:\/\/www.eldigitaldeasturias.com\/noticias\/wp-content\/uploads\/2020\/02\/1582014562_burgos_35513301920.jpg","og:image:width":1920,"og:image:height":1208,"article:tag":["turismo"],"article:published_time":"2020-02-22T13:48:18+00:00","article:modified_time":"2020-02-22T13:48:18+00:00","article:publisher":"https:\/\/facebook.com\/eldigitaldeasturias","twitter:card":"summary_large_image","twitter:title":"Zonas emblem\u00e1ticas de Burgos - El Digital de Asturias","twitter:description":"Burgos, capital de provincia de Castilla y Le\u00f3n, destaca por su gastronom\u00eda, sus paseos y zonas verdes y por los retales que a\u00fan mantiene de la \u00e9poca Medieval Un lugar con encanto para una escapada de fin de semana y en el que son de \u201cobligada\u201d visita los siguientes cinco monumentos hist\u00f3ricos, convertidos en emblemas","twitter:image":"https:\/\/www.eldigitaldeasturias.com\/noticias\/wp-content\/uploads\/2020\/02\/1582014562_burgos_35513301920.jpg","twitter:label1":"Escrito por","twitter:data1":"El Digital de Asturias","twitter:label2":"Tiempo de lectura estimado","twitter:data2":"2 minutos"},"aioseo_meta_data":{"post_id":"1058711","title":null,"description":null,"keywords":null,"keyphrases":null,"primary_term":null,"canonical_url":null,"og_title":null,"og_description":null,"og_object_type":"default","og_image_type":"default","og_image_url":null,"og_image_width":null,"og_image_height":null,"og_image_custom_url":null,"og_image_custom_fields":null,"og_video":null,"og_custom_url":null,"og_article_section":null,"og_article_tags":null,"twitter_use_og":false,"twitter_card":"default","twitter_image_type":"default","twitter_image_url":null,"twitter_image_custom_url":null,"twitter_image_custom_fields":null,"twitter_title":null,"twitter_description":null,"schema":{"blockGraphs":[],"customGraphs":[],"default":{"data":{"Article":[],"Course":[],"Dataset":[],"FAQPage":[],"Movie":[],"Person":[],"Product":[],"ProductReview":[],"Car":[],"Recipe":[],"Service":[],"SoftwareApplication":[],"WebPage":[]},"graphName":"","isEnabled":true},"graphs":[],"defaultGraph":"","defaultPostTypeGraph":""},"schema_type":null,"schema_type_options":null,"pillar_content":false,"robots_default":true,"robots_noindex":false,"robots_noarchive":false,"robots_nosnippet":false,"robots_nofollow":false,"robots_noimageindex":false,"robots_noodp":false,"robots_notranslate":false,"robots_max_snippet":null,"robots_max_videopreview":null,"robots_max_imagepreview":"large","priority":null,"frequency":null,"local_seo":null,"seo_analyzer_scan_date":"2025-10-31 06:23:15","breadcrumb_settings":null,"limit_modified_date":false,"open_ai":null,"ai":null,"created":"2020-12-21 10:55:05","updated":"2025-10-31 06:23:15"},"aioseo_breadcrumb":"<div class=\"aioseo-breadcrumbs\"><span class=\"aioseo-breadcrumb\">\n\t<a href=\"https:\/\/www.eldigitaldeasturias.com\/noticias\" title=\"Home\">Home<\/a>\n<\/span><span class=\"aioseo-breadcrumb-separator\">\u2013<\/span><span class=\"aioseo-breadcrumb\">\n\t<a href=\"https:\/\/www.eldigitaldeasturias.com\/noticias\/category\/turismo\/\" title=\"Turismo\">Turismo<\/a>\n<\/span><span class=\"aioseo-breadcrumb-separator\">\u2013<\/span><span class=\"aioseo-breadcrumb\">\n\t<a href=\"https:\/\/www.eldigitaldeasturias.com\/noticias\/zonas-emblematicas-de-burgos\/\" title=\"Zonas emblem\u00e1ticas de Burgos\">Zonas emblem\u00e1ticas de Burgos<\/a>\n<\/span><\/div>","aioseo_breadcrumb_json":[{"label":"Home","link":"https:\/\/www.eldigitaldeasturias.com\/noticias"},{"label":"Turismo","link":"https:\/\/www.eldigitaldeasturias.com\/noticias\/category\/turismo\/"},{"label":"Zonas emblem\u00e1ticas de Burgos","link":"https:\/\/www.eldigitaldeasturias.com\/noticias\/zonas-emblematicas-de-burgos\/"}],"_links":{"self":[{"href":"https:\/\/www.eldigitaldeasturias.com\/noticias\/wp-json\/wp\/v2\/posts\/1058711","targetHints":{"allow":["GET"]}}],"collection":[{"href":"https:\/\/www.eldigitaldeasturias.com\/noticias\/wp-json\/wp\/v2\/posts"}],"about":[{"href":"https:\/\/www.eldigitaldeasturias.com\/noticias\/wp-json\/wp\/v2\/types\/post"}],"author":[{"embeddable":true,"href":"https:\/\/www.eldigitaldeasturias.com\/noticias\/wp-json\/wp\/v2\/users\/1"}],"replies":[{"embeddable":true,"href":"https:\/\/www.eldigitaldeasturias.com\/noticias\/wp-json\/wp\/v2\/comments?post=1058711"}],"version-history":[{"count":0,"href":"https:\/\/www.eldigitaldeasturias.com\/noticias\/wp-json\/wp\/v2\/posts\/1058711\/revisions"}],"wp:featuredmedia":[{"embeddable":true,"href":"https:\/\/www.eldigitaldeasturias.com\/noticias\/wp-json\/wp\/v2\/media\/1058712"}],"wp:attachment":[{"href":"https:\/\/www.eldigitaldeasturias.com\/noticias\/wp-json\/wp\/v2\/media?parent=1058711"}],"wp:term":[{"taxonomy":"category","embeddable":true,"href":"https:\/\/www.eldigitaldeasturias.com\/noticias\/wp-json\/wp\/v2\/categories?post=1058711"},{"taxonomy":"post_tag","embeddable":true,"href":"https:\/\/www.eldigitaldeasturias.com\/noticias\/wp-json\/wp\/v2\/tags?post=1058711"}],"curies":[{"name":"wp","href":"https:\/\/api.w.org\/{rel}","templated":true}]}}