{"id":1058698,"date":"2020-02-22T12:39:13","date_gmt":"2020-02-22T12:39:13","guid":{"rendered":"https:\/\/www.eldigitaldeasturias.com\/noticias\/?p=1058698"},"modified":"2020-02-22T12:39:13","modified_gmt":"2020-02-22T12:39:13","slug":"el-100-de-la-flota-mundial-de-schneider-electric-sera-electrica","status":"publish","type":"post","link":"https:\/\/www.eldigitaldeasturias.com\/noticias\/el-100-de-la-flota-mundial-de-schneider-electric-sera-electrica\/","title":{"rendered":"El 100% de la flota mundial de Schneider Electric ser\u00e1 el\u00e9ctrica"},"content":{"rendered":"<p><img loading=\"lazy\" decoding=\"async\" class=\"alignleft size-medium wp-image-1008086\" src=\"https:\/\/www.eldigitaldeasturias.com\/noticias\/wp-content\/uploads\/2018\/11\/traffic-332857_960_720-360x240.jpg\" alt=\"\" width=\"360\" height=\"240\" srcset=\"https:\/\/www.eldigitaldeasturias.com\/noticias\/wp-content\/uploads\/2018\/11\/traffic-332857_960_720-360x240.jpg 360w, https:\/\/www.eldigitaldeasturias.com\/noticias\/wp-content\/uploads\/2018\/11\/traffic-332857_960_720-768x512.jpg 768w, https:\/\/www.eldigitaldeasturias.com\/noticias\/wp-content\/uploads\/2018\/11\/traffic-332857_960_720-650x433.jpg 650w, https:\/\/www.eldigitaldeasturias.com\/noticias\/wp-content\/uploads\/2018\/11\/traffic-332857_960_720.jpg 960w\" sizes=\"auto, (max-width: 360px) 100vw, 360px\" \/>Avanzando en su compromiso por construir un mundo descarbonizado,\u00a0<span style=\"color: #ff6600;\"><strong><a style=\"color: #ff6600;\" href=\"https:\/\/www.se.com\/es\/es\/\" target=\"_blank\" rel=\"nofollow noopener noreferrer\">Schneider Electric<\/a><\/strong><\/span>, l\u00edder en la transformaci\u00f3n digital de la gesti\u00f3n de la energ\u00eda y la automatizaci\u00f3n, ha anunciado que se suma a la iniciativa EV100 de The Climate Group, con el objetivo de lanzar una pol\u00edtica de Flota Verde que busca reemplazar el 100% de sus flotas por veh\u00edculos el\u00e9ctricos (VE) en 2030. El anuncio coincide con el lanzamiento del Informe Anual Progress and Insights 2020, que muestra que la demanda de veh\u00edculos el\u00e9ctricos est\u00e1 en alza y que las organizaciones donde estos modelos se encuentran disponibles est\u00e1n avanzando hacia sus objetivos de sostenibilidad.<\/p>\n<p>Seg\u00fan un informe especial de IPCC, si se quiere limitar el cambio clim\u00e1tico a 1,5\u00b0C a nivel global, las emisiones globales de CO2 deben reducirse en un 45% en 2030.\u00a0<strong>La movilidad el\u00e9ctrica, junto con la descarbonizaci\u00f3n, la descentralizaci\u00f3n y la digitalizaci\u00f3n de la energ\u00eda, es clave para alcanzar este futuro.<\/strong><\/p>\n<p>Sin embargo, la adopci\u00f3n de la movilidad el\u00e9ctrica es m\u00e1s lenta de lo que deber\u00eda. Con este compromiso, Schneider Electric quiere demostrar que un cambio r\u00e1pido es posible. Para 2030, Schneider Electric\u00a0<strong>reemplazar\u00e1 14.000 coches de empresa en m\u00e1s de 50 pa\u00edses por veh\u00edculos el\u00e9ctricos<\/strong>. En el mismo per\u00edodo, la compa\u00f1\u00eda tambi\u00e9n\u00a0<strong>instalar\u00e1 infraestructuras de carga en sus principales oficinas y f\u00e1bricas<\/strong>, con instalaciones insignia que mostrar\u00e1n\u00a0<span style=\"color: #ff6600;\"><strong><a style=\"color: #ff6600;\" href=\"https:\/\/www.se.com\/es\/es\/product-subcategory\/80408-estaci%C3%B3n-de-carga-evlink\/?filter=business-4-distribuci%C3%B3n-el%C3%A9ctrica-en-baja-tensi%C3%B3n&amp;parent-category-id=1800\" target=\"_blank\" rel=\"nofollow noopener noreferrer\">la innovadora arquitectura de movilidad el\u00e9ctrica<\/a><\/strong><\/span>\u00a0de la plataforma EcoStruxure de Schneider Electric con tecnolog\u00edas microgrid, gesti\u00f3n de activos y nuevos sistemas de gesti\u00f3n de la energ\u00eda.<\/p>\n<p><strong>La iniciativa EV100 es una fant\u00e1stica palanca para lograr la neutralidad de carbono en las operaciones para 2030<\/strong><\/p>\n<p>En 2019, Schneider Electric aceler\u00f3 su estrategia clim\u00e1tica. En particular, el objetivo de alcanzar la neutralidad de carbono en su propio ecosistema en 2025 y las cero emisiones en 2030, como parte de su objetivo de limitar el calentamiento global a 1,5\u00b0C. Uni\u00e9ndose a la iniciativa EV100, liderada por The Climate Group y que re\u00fane a empresas influyentes, Schneider Electric se ha comprometido a reducir las emisiones directas de CO2 de sus coches de empresa a cero para 2030.<\/p>\n<p>Schneider Electric se ha unido a tres de las iniciativas de The Climate Group, la EP100, la RE100 y la EV100, que implican transformaciones complementarias para reducir las emisiones de las operaciones a cero en 2030, en l\u00ednea con la trayectoria clim\u00e1tica 1,5\u00b0C. En 2017 Schneider Electric se uni\u00f3 a:<\/p>\n<p><strong>La iniciativa EP100:<\/strong>\u00a0doblar la productividad de la energ\u00eda para 2030, tomando como referencia una l\u00ednea base de 2005, fijando el ambicioso objetivo de doblar el resultado econ\u00f3mico de cada unidad de energ\u00eda consumida.<\/p>\n<p><strong>La iniciativa RE100:<\/strong>\u00a0usar el 100% de electricidad renovable en 2030 con un objetivo intermedio del 80% en 2020. El progreso en este sentido se informa en el Impacto de Sostenibilidad de Schneider Electric (SSI).<\/p>\n<p>\u201cLas compa\u00f1\u00edas globales juegan un papel muy importante en la aceleraci\u00f3n de la transici\u00f3n energ\u00e9tica. Uni\u00e9ndose a las iniciativas EP100 y RE100 y colocando el uso de energ\u00eda inteligente en el centro de su estrategia de negocio, Schneider Electric ya est\u00e1 dando ejemplo,\u201d<em>\u00a0<\/em>dijoHelen Clarkson, CEO de The Climate Group. \u201cNos entusiasma que Schneider Electric ahora tambi\u00e9n se una a la iniciativaEV100, convirti\u00e9ndose en una de las, esperamos, multitud de empresas que suscriban los tres compromisos, demostrando que energ\u00eda limpia e inteligente y transporte van de la mano.\u201d<\/p>\n<p><strong>La movilidad el\u00e9ctrica no es un nuevo concepto, sino una realidad para muchos empleados de Schneider Electric<\/strong><\/p>\n<p>Con soluciones de carga desarrolladas desde hace algunos a\u00f1os y disponibles en muchas instalaciones de todo el mundo, los empleados de Schneider Electric han sido de los primeros en adoptar la movilidad el\u00e9ctrica. Por ejemplo, en Alemania, Schneider Electric ha ayudado a transformar el EUREF Campus en un escaparate para la energ\u00eda baja en CO2 y la movilidad, lo que ha permitido alcanzar el objetivo libre de carbono FUTURE 2050 de Alemania 30 a\u00f1os antes de lo previsto. Los empleados de Schneider Electric que trabajan en el campus EUREF forman parte de las 150 empresas e instalaciones dedicadas a la investigaci\u00f3n que se benefician de esta infraestructura preparada para el futuro.<\/p>\n<p>Dentro de Schneider Electric, pa\u00edses como Noruega ya han dado el paso y han empezado a ofrecer a sus trabajadores el poder utilizar veh\u00edculos el\u00e9ctricos para sus necesidades profesionales. Esta transformaci\u00f3n, que se llevar\u00e1 a cabo en m\u00e1s de 50 pa\u00edses en los pr\u00f3ximos 10 a\u00f1os, obviamente cambiar\u00e1 los h\u00e1bitos de muchos nuevos empleados.<\/p>\n<p><strong>Invirtiendo y colaborando con startups de e-Mobility para acelerar la transici\u00f3n global hacia el VE<\/strong><\/p>\n<p>Adem\u00e1s de la transici\u00f3n el\u00e9ctrica de su propia flota de veh\u00edculos, Schneider Electric tambi\u00e9n ayuda a otras compa\u00f1\u00edas a hacer esa transici\u00f3n invirtiendo y colaborando con startups como eIQ Mobility, que ofrece servicios de consultor\u00eda y software centrados en la electrificaci\u00f3n de flotas, y DST, que proporciona log\u00edstica como servicio con flotas el\u00e9ctricas y cuenta con m\u00e1s de 16.000 veh\u00edculos el\u00e9ctricos. Adem\u00e1s, Schneider Electric tambi\u00e9n es inversora y partner de Volta, cuyo innovador modelo de negocio hace posible la carga gratis de VE para propietarios de inmuebles y conductores a cambio de publicidad.<\/p>\n<p><strong>Sobre el EV100<\/strong><\/p>\n<p>EV100 es una iniciativa global de The Climate Group que re\u00fane a empresas con visi\u00f3n de futuro comprometidas con la aceleraci\u00f3n de la transici\u00f3n a los veh\u00edculos el\u00e9ctricos (EV), para que el transporte el\u00e9ctrico sea \u201cla nueva normalidad\u201d para el 2030. El transporte el\u00e9ctrico ofrece una soluci\u00f3n importante al cambio clim\u00e1tico, as\u00ed como la reducci\u00f3n de la contaminaci\u00f3n atmosf\u00e9rica y ac\u00fastica. Las empresas pueden liderar a trav\u00e9s de sus decisiones de inversi\u00f3n e influenciar a millones de empleados y clientes en todo el mundo. Al unirse a EV100 aumentan la demanda, impulsan el despliegue masivo y hacen que los coches el\u00e9ctricos sean m\u00e1s r\u00e1pidamente asequibles para todos. En la adopci\u00f3n de veh\u00edculos el\u00e9ctricos corporativos, El Grupo del Clima trabaja en estrecha colaboraci\u00f3n con los asociados regionales Ceres y la Alianza de L\u00edderes del Clima del Jap\u00f3n.<\/p>\n<p>Visitar: TheClimateGroup.org\/EV100<\/p>\n<p><strong>Acerca de The Climate Group<\/strong><\/p>\n<p>La misi\u00f3n del <span style=\"color: #ff6600;\"><strong><a style=\"color: #ff6600;\" href=\"http:\/\/tracking.theclimategroup.org\/tracking\/click?d=B7vl8yhfa7W-TqnsmVbrDLn7QVYgmjarwDmPaVti30IR2TD_qtte_9MuWoGVJOVbq47uZWCwUsbDmhP_vU1IWOYOSy-C7MEU9Cbbg57f1MoiQLgR_eFRV2U7lZSduoQt4A2\" target=\"_blank\" rel=\"nofollow noopener noreferrer\">Grupo del Clima<\/a><\/strong><\/span>\u00a0es acelerar la acci\u00f3n clim\u00e1tica para lograr un mundo de no m\u00e1s de 1,5\u00b0C de calentamiento global y un mejor futuro para todos. Lo hacen\u00a0reuniendo extensas redes de empresas y gobiernos que modifican los mercados y las pol\u00edticas mundiales. Se\u00a0centran\u00a0en las mayores oportunidades mundiales de cambio, llevan\u00a0la innovaci\u00f3n y las soluciones a gran escala, y crean\u00a0ambici\u00f3n y ritmo. Son una organizaci\u00f3n internacional sin \u00e1nimo de lucro, fundada en 2004, con oficinas en Londres, Nueva Delhi y Nueva York. Est\u00e1n orgullosos de formar parte de la coalici\u00f3n\u00a0<span style=\"color: #ff6600;\"><strong><a style=\"color: #ff6600;\" href=\"http:\/\/tracking.theclimategroup.org\/tracking\/click?d=NaP2zz1jeGXuG0IYnUBxvTkxFc17E_ou74fPEXQ2_AKuiLwqTQnF4DPJNis5-4UD-G6FEc7FR2e2WNsUuCc2SHxQcIEShs_8Rp5sCi7rwYgGZPsUPVHaIN45wsRfVxMTkAuiQLP99FKZbnEbQeheG001\" target=\"_blank\" rel=\"nofollow noopener noreferrer\">We Mean Business<\/a><\/strong><\/span>. Visitar\u00a0<span style=\"color: #ff6600;\"><a style=\"color: #ff6600;\" href=\"http:\/\/tracking.theclimategroup.org\/tracking\/click?d=B7vl8yhfa7W-TqnsmVbrDLn7QVYgmjarwDmPaVti30IR2TD_qtte_9MuWoGVJOVbUYBp4jeMY9_nYrJwgs-94mowO5ObQYVcvAkIaOVddsCU9GvKNCXJ8bDeXVXpIw1gJA2\" target=\"_blank\" rel=\"nofollow noopener noreferrer\">TheClimateGroup.org<\/a><\/span>\u00a0y seguir en Twitter\u00a0<span style=\"color: #ff6600;\"><a style=\"color: #ff6600;\" href=\"http:\/\/tracking.theclimategroup.org\/tracking\/click?d=ORSMsHB-u-hYtzPZGC5fnQZmYQqOnCfIC-Fpp3qDV8VCz889jfjnImFtLO2yS18giHeO3PrUGEu1bzxwbmjlOjxUBsoFxM3qqYCDUwzYVnx4wT6a-Ck-2O8sGGr992sg4g2\" target=\"_blank\" rel=\"nofollow noopener noreferrer\">@ClimateGroup<\/a><\/span>\u00a0y Facebook\u00a0<span style=\"color: #ff6600;\"><a style=\"color: #ff6600;\" href=\"http:\/\/tracking.theclimategroup.org\/tracking\/click?d=VwBn_jBDP-4xsemhbReVzwzDsQrSEDkRm6BiTVAqBFi8yeRUQ7awZ_hwCrd-IfiymuiyR2MupHyFS5HwatMtru3h4_B53SZJrjw8QM2Vo4iyRYaVFrJTfbpA6DLWsa2udxlbGlI3qkZh4bFsxP45nGc1\" target=\"_blank\" rel=\"nofollow noopener noreferrer\">@TheClimateGroup<\/a><\/span>.<\/p>\n<p>&nbsp;<\/p>\n","protected":false},"excerpt":{"rendered":"<p>Avanzando en su compromiso por construir un mundo descarbonizado,\u00a0Schneider Electric, l\u00edder en la transformaci\u00f3n digital de la gesti\u00f3n de la energ\u00eda y la automatizaci\u00f3n, ha anunciado que se suma a la iniciativa EV100 de The Climate Group, con el objetivo de lanzar una pol\u00edtica de Flota Verde que busca reemplazar el 100% de sus flotas [&hellip;]<\/p>\n","protected":false},"author":1,"featured_media":1008086,"comment_status":"closed","ping_status":"closed","sticky":false,"template":"","format":"standard","meta":{"footnotes":""},"categories":[219],"tags":[],"class_list":["post-1058698","post","type-post","status-publish","format-standard","has-post-thumbnail","hentry","category-negocios-y-empresas"],"aioseo_notices":[],"aioseo_head":"\n\t\t<!-- All in One SEO Pro 4.9.6.2 - aioseo.com -->\n\t<meta name=\"description\" content=\"Avanzando en su compromiso por construir un mundo descarbonizado, Schneider Electric, l\u00edder en la transformaci\u00f3n digital de la gesti\u00f3n de la energ\u00eda y la automatizaci\u00f3n, ha anunciado que se suma a la iniciativa EV100 de The Climate Group, con el objetivo de lanzar una pol\u00edtica de Flota Verde que busca reemplazar el 100% de sus flotas\" \/>\n\t<meta name=\"robots\" content=\"max-image-preview:large\" \/>\n\t<meta name=\"author\" content=\"El Digital de Asturias\"\/>\n\t<meta name=\"google-site-verification\" content=\"UA-38556648-1\" \/>\n\t<meta name=\"msvalidate.01\" content=\"7dfe9f3f1b24437ab69f4f2559babe99\" \/>\n\t<meta name=\"keywords\" content=\"negocios y empresas\" \/>\n\t<link rel=\"canonical\" href=\"https:\/\/www.eldigitaldeasturias.com\/noticias\/el-100-de-la-flota-mundial-de-schneider-electric-sera-electrica\/\" \/>\n\t<meta name=\"generator\" content=\"All in One SEO Pro (AIOSEO) 4.9.6.2\" \/>\n\t\t<meta property=\"og:locale\" content=\"es_ES\" \/>\n\t\t<meta property=\"og:site_name\" content=\"El Digital de Asturias\" \/>\n\t\t<meta property=\"og:type\" content=\"article\" \/>\n\t\t<meta property=\"og:title\" content=\"El 100% de la flota mundial de Schneider Electric ser\u00e1 el\u00e9ctrica - El Digital de Asturias\" \/>\n\t\t<meta property=\"og:description\" content=\"Avanzando en su compromiso por construir un mundo descarbonizado, Schneider Electric, l\u00edder en la transformaci\u00f3n digital de la gesti\u00f3n de la energ\u00eda y la automatizaci\u00f3n, ha anunciado que se suma a la iniciativa EV100 de The Climate Group, con el objetivo de lanzar una pol\u00edtica de Flota Verde que busca reemplazar el 100% de sus flotas\" \/>\n\t\t<meta property=\"og:url\" content=\"https:\/\/www.eldigitaldeasturias.com\/noticias\/el-100-de-la-flota-mundial-de-schneider-electric-sera-electrica\/\" \/>\n\t\t<meta property=\"og:image\" content=\"https:\/\/www.eldigitaldeasturias.com\/noticias\/wp-content\/uploads\/2018\/11\/traffic-332857_960_720.jpg\" \/>\n\t\t<meta property=\"og:image:secure_url\" content=\"https:\/\/www.eldigitaldeasturias.com\/noticias\/wp-content\/uploads\/2018\/11\/traffic-332857_960_720.jpg\" \/>\n\t\t<meta property=\"og:image:width\" content=\"960\" \/>\n\t\t<meta property=\"og:image:height\" content=\"640\" \/>\n\t\t<meta property=\"article:tag\" content=\"negocios y empresas\" \/>\n\t\t<meta property=\"article:published_time\" content=\"2020-02-22T12:39:13+00:00\" \/>\n\t\t<meta property=\"article:modified_time\" content=\"2020-02-22T12:39:13+00:00\" \/>\n\t\t<meta property=\"article:publisher\" content=\"https:\/\/facebook.com\/eldigitaldeasturias\" \/>\n\t\t<meta name=\"twitter:card\" content=\"summary_large_image\" \/>\n\t\t<meta name=\"twitter:title\" content=\"El 100% de la flota mundial de Schneider Electric ser\u00e1 el\u00e9ctrica - El Digital de Asturias\" \/>\n\t\t<meta name=\"twitter:description\" content=\"Avanzando en su compromiso por construir un mundo descarbonizado, Schneider Electric, l\u00edder en la transformaci\u00f3n digital de la gesti\u00f3n de la energ\u00eda y la automatizaci\u00f3n, ha anunciado que se suma a la iniciativa EV100 de The Climate Group, con el objetivo de lanzar una pol\u00edtica de Flota Verde que busca reemplazar el 100% de sus flotas\" \/>\n\t\t<meta name=\"twitter:image\" content=\"https:\/\/www.eldigitaldeasturias.com\/noticias\/wp-content\/uploads\/2018\/11\/traffic-332857_960_720.jpg\" \/>\n\t\t<meta name=\"twitter:label1\" content=\"Escrito por\" \/>\n\t\t<meta name=\"twitter:data1\" content=\"El Digital de Asturias\" \/>\n\t\t<meta name=\"twitter:label2\" content=\"Tiempo de lectura estimado\" \/>\n\t\t<meta name=\"twitter:data2\" content=\"6 minutos\" \/>\n\t\t<script type=\"application\/ld+json\" class=\"aioseo-schema\">\n\t\t\t{\"@context\":\"https:\\\/\\\/schema.org\",\"@graph\":[{\"@type\":\"BlogPosting\",\"@id\":\"https:\\\/\\\/www.eldigitaldeasturias.com\\\/noticias\\\/el-100-de-la-flota-mundial-de-schneider-electric-sera-electrica\\\/#blogposting\",\"name\":\"El 100% de la flota mundial de Schneider Electric ser\\u00e1 el\\u00e9ctrica - El Digital de Asturias\",\"headline\":\"El 100% de la flota mundial de Schneider Electric ser\\u00e1 el\\u00e9ctrica\",\"author\":{\"@id\":\"https:\\\/\\\/www.eldigitaldeasturias.com\\\/noticias\\\/author\\\/admin\\\/#author\"},\"publisher\":{\"@id\":\"https:\\\/\\\/www.eldigitaldeasturias.com\\\/noticias\\\/#organization\"},\"image\":{\"@type\":\"ImageObject\",\"url\":\"https:\\\/\\\/www.eldigitaldeasturias.com\\\/noticias\\\/wp-content\\\/uploads\\\/2018\\\/11\\\/traffic-332857_960_720.jpg\",\"width\":960,\"height\":640,\"caption\":\"traffic\"},\"datePublished\":\"2020-02-22T12:39:13+01:00\",\"dateModified\":\"2020-02-22T12:39:13+01:00\",\"inLanguage\":\"es-ES\",\"mainEntityOfPage\":{\"@id\":\"https:\\\/\\\/www.eldigitaldeasturias.com\\\/noticias\\\/el-100-de-la-flota-mundial-de-schneider-electric-sera-electrica\\\/#webpage\"},\"isPartOf\":{\"@id\":\"https:\\\/\\\/www.eldigitaldeasturias.com\\\/noticias\\\/el-100-de-la-flota-mundial-de-schneider-electric-sera-electrica\\\/#webpage\"},\"articleSection\":\"Negocios y Empresas\"},{\"@type\":\"BreadcrumbList\",\"@id\":\"https:\\\/\\\/www.eldigitaldeasturias.com\\\/noticias\\\/el-100-de-la-flota-mundial-de-schneider-electric-sera-electrica\\\/#breadcrumblist\",\"itemListElement\":[{\"@type\":\"ListItem\",\"@id\":\"https:\\\/\\\/www.eldigitaldeasturias.com\\\/noticias#listItem\",\"position\":1,\"name\":\"Home\",\"item\":\"https:\\\/\\\/www.eldigitaldeasturias.com\\\/noticias\",\"nextItem\":{\"@type\":\"ListItem\",\"@id\":\"https:\\\/\\\/www.eldigitaldeasturias.com\\\/noticias\\\/category\\\/negocios-y-empresas\\\/#listItem\",\"name\":\"Negocios y Empresas\"}},{\"@type\":\"ListItem\",\"@id\":\"https:\\\/\\\/www.eldigitaldeasturias.com\\\/noticias\\\/category\\\/negocios-y-empresas\\\/#listItem\",\"position\":2,\"name\":\"Negocios y Empresas\",\"item\":\"https:\\\/\\\/www.eldigitaldeasturias.com\\\/noticias\\\/category\\\/negocios-y-empresas\\\/\",\"nextItem\":{\"@type\":\"ListItem\",\"@id\":\"https:\\\/\\\/www.eldigitaldeasturias.com\\\/noticias\\\/el-100-de-la-flota-mundial-de-schneider-electric-sera-electrica\\\/#listItem\",\"name\":\"El 100% de la flota mundial de Schneider Electric ser\\u00e1 el\\u00e9ctrica\"},\"previousItem\":{\"@type\":\"ListItem\",\"@id\":\"https:\\\/\\\/www.eldigitaldeasturias.com\\\/noticias#listItem\",\"name\":\"Home\"}},{\"@type\":\"ListItem\",\"@id\":\"https:\\\/\\\/www.eldigitaldeasturias.com\\\/noticias\\\/el-100-de-la-flota-mundial-de-schneider-electric-sera-electrica\\\/#listItem\",\"position\":3,\"name\":\"El 100% de la flota mundial de Schneider Electric ser\\u00e1 el\\u00e9ctrica\",\"previousItem\":{\"@type\":\"ListItem\",\"@id\":\"https:\\\/\\\/www.eldigitaldeasturias.com\\\/noticias\\\/category\\\/negocios-y-empresas\\\/#listItem\",\"name\":\"Negocios y Empresas\"}}]},{\"@type\":\"Organization\",\"@id\":\"https:\\\/\\\/www.eldigitaldeasturias.com\\\/noticias\\\/#organization\",\"name\":\"El Digital de Asturias\",\"description\":\"Hemeroteca\",\"url\":\"https:\\\/\\\/www.eldigitaldeasturias.com\\\/noticias\\\/\",\"email\":\"info@eldigitaldeasturias.com\",\"telephone\":\"+34652131393\",\"logo\":{\"@type\":\"ImageObject\",\"url\":\"https:\\\/\\\/www.eldigitaldeasturias.com\\\/noticias\\\/wp-content\\\/uploads\\\/2020\\\/12\\\/EDA.jpg\",\"@id\":\"https:\\\/\\\/www.eldigitaldeasturias.com\\\/noticias\\\/el-100-de-la-flota-mundial-de-schneider-electric-sera-electrica\\\/#organizationLogo\",\"width\":649,\"height\":297},\"image\":{\"@id\":\"https:\\\/\\\/www.eldigitaldeasturias.com\\\/noticias\\\/el-100-de-la-flota-mundial-de-schneider-electric-sera-electrica\\\/#organizationLogo\"},\"sameAs\":[\"https:\\\/\\\/facebook.com\\\/eldigitaldeasturias\",\"https:\\\/\\\/www.youtube.com\\\/channel\\\/UCZP-2wLEB9Rv6erhFmqVnvg\"],\"address\":{\"@id\":\"https:\\\/\\\/www.eldigitaldeasturias.com\\\/noticias\\\/#postaladdress\",\"@type\":\"PostalAddress\",\"streetAddress\":\"san antonio 4,\",\"postalCode\":\"33430\",\"addressLocality\":\"Cand\\u00e1s\",\"addressRegion\":\"Asturias\",\"addressCountry\":\"ES\"}},{\"@type\":\"Person\",\"@id\":\"https:\\\/\\\/www.eldigitaldeasturias.com\\\/noticias\\\/author\\\/admin\\\/#author\",\"url\":\"https:\\\/\\\/www.eldigitaldeasturias.com\\\/noticias\\\/author\\\/admin\\\/\",\"name\":\"El Digital de Asturias\",\"image\":{\"@type\":\"ImageObject\",\"@id\":\"https:\\\/\\\/www.eldigitaldeasturias.com\\\/noticias\\\/el-100-de-la-flota-mundial-de-schneider-electric-sera-electrica\\\/#authorImage\",\"url\":\"https:\\\/\\\/www.eldigitaldeasturias.com\\\/noticias\\\/wp-content\\\/litespeed\\\/avatar\\\/18677e78aa0546b92d9dbf31ec7d7668.jpg?ver=1777290358\",\"width\":96,\"height\":96,\"caption\":\"El Digital de Asturias\"}},{\"@type\":\"WebPage\",\"@id\":\"https:\\\/\\\/www.eldigitaldeasturias.com\\\/noticias\\\/el-100-de-la-flota-mundial-de-schneider-electric-sera-electrica\\\/#webpage\",\"url\":\"https:\\\/\\\/www.eldigitaldeasturias.com\\\/noticias\\\/el-100-de-la-flota-mundial-de-schneider-electric-sera-electrica\\\/\",\"name\":\"El 100% de la flota mundial de Schneider Electric ser\\u00e1 el\\u00e9ctrica - El Digital de Asturias\",\"description\":\"Avanzando en su compromiso por construir un mundo descarbonizado, Schneider Electric, l\\u00edder en la transformaci\\u00f3n digital de la gesti\\u00f3n de la energ\\u00eda y la automatizaci\\u00f3n, ha anunciado que se suma a la iniciativa EV100 de The Climate Group, con el objetivo de lanzar una pol\\u00edtica de Flota Verde que busca reemplazar el 100% de sus flotas\",\"inLanguage\":\"es-ES\",\"isPartOf\":{\"@id\":\"https:\\\/\\\/www.eldigitaldeasturias.com\\\/noticias\\\/#website\"},\"breadcrumb\":{\"@id\":\"https:\\\/\\\/www.eldigitaldeasturias.com\\\/noticias\\\/el-100-de-la-flota-mundial-de-schneider-electric-sera-electrica\\\/#breadcrumblist\"},\"author\":{\"@id\":\"https:\\\/\\\/www.eldigitaldeasturias.com\\\/noticias\\\/author\\\/admin\\\/#author\"},\"creator\":{\"@id\":\"https:\\\/\\\/www.eldigitaldeasturias.com\\\/noticias\\\/author\\\/admin\\\/#author\"},\"image\":{\"@type\":\"ImageObject\",\"url\":\"https:\\\/\\\/www.eldigitaldeasturias.com\\\/noticias\\\/wp-content\\\/uploads\\\/2018\\\/11\\\/traffic-332857_960_720.jpg\",\"@id\":\"https:\\\/\\\/www.eldigitaldeasturias.com\\\/noticias\\\/el-100-de-la-flota-mundial-de-schneider-electric-sera-electrica\\\/#mainImage\",\"width\":960,\"height\":640,\"caption\":\"traffic\"},\"primaryImageOfPage\":{\"@id\":\"https:\\\/\\\/www.eldigitaldeasturias.com\\\/noticias\\\/el-100-de-la-flota-mundial-de-schneider-electric-sera-electrica\\\/#mainImage\"},\"datePublished\":\"2020-02-22T12:39:13+01:00\",\"dateModified\":\"2020-02-22T12:39:13+01:00\"},{\"@type\":\"WebSite\",\"@id\":\"https:\\\/\\\/www.eldigitaldeasturias.com\\\/noticias\\\/#website\",\"url\":\"https:\\\/\\\/www.eldigitaldeasturias.com\\\/noticias\\\/\",\"name\":\"El Digital de Asturias - Diario de actualidad y noticias\",\"alternateName\":\"El Digital de Asturias - Diario de actualidad y noticias\",\"description\":\"Hemeroteca\",\"inLanguage\":\"es-ES\",\"publisher\":{\"@id\":\"https:\\\/\\\/www.eldigitaldeasturias.com\\\/noticias\\\/#organization\"}}]}\n\t\t<\/script>\n\t\t<!-- All in One SEO Pro -->\r\n\t\t<title>El 100% de la flota mundial de Schneider Electric ser\u00e1 el\u00e9ctrica - El Digital de Asturias<\/title>\n\n","aioseo_head_json":{"title":"El 100% de la flota mundial de Schneider Electric ser\u00e1 el\u00e9ctrica - El Digital de Asturias","description":"Avanzando en su compromiso por construir un mundo descarbonizado, Schneider Electric, l\u00edder en la transformaci\u00f3n digital de la gesti\u00f3n de la energ\u00eda y la automatizaci\u00f3n, ha anunciado que se suma a la iniciativa EV100 de The Climate Group, con el objetivo de lanzar una pol\u00edtica de Flota Verde que busca reemplazar el 100% de sus flotas","canonical_url":"https:\/\/www.eldigitaldeasturias.com\/noticias\/el-100-de-la-flota-mundial-de-schneider-electric-sera-electrica\/","robots":"max-image-preview:large","keywords":"negocios y empresas","webmasterTools":{"google-site-verification":"UA-38556648-1","msvalidate.01":"7dfe9f3f1b24437ab69f4f2559babe99","miscellaneous":""},"schema":{"@context":"https:\/\/schema.org","@graph":[{"@type":"BlogPosting","@id":"https:\/\/www.eldigitaldeasturias.com\/noticias\/el-100-de-la-flota-mundial-de-schneider-electric-sera-electrica\/#blogposting","name":"El 100% de la flota mundial de Schneider Electric ser\u00e1 el\u00e9ctrica - El Digital de Asturias","headline":"El 100% de la flota mundial de Schneider Electric ser\u00e1 el\u00e9ctrica","author":{"@id":"https:\/\/www.eldigitaldeasturias.com\/noticias\/author\/admin\/#author"},"publisher":{"@id":"https:\/\/www.eldigitaldeasturias.com\/noticias\/#organization"},"image":{"@type":"ImageObject","url":"https:\/\/www.eldigitaldeasturias.com\/noticias\/wp-content\/uploads\/2018\/11\/traffic-332857_960_720.jpg","width":960,"height":640,"caption":"traffic"},"datePublished":"2020-02-22T12:39:13+01:00","dateModified":"2020-02-22T12:39:13+01:00","inLanguage":"es-ES","mainEntityOfPage":{"@id":"https:\/\/www.eldigitaldeasturias.com\/noticias\/el-100-de-la-flota-mundial-de-schneider-electric-sera-electrica\/#webpage"},"isPartOf":{"@id":"https:\/\/www.eldigitaldeasturias.com\/noticias\/el-100-de-la-flota-mundial-de-schneider-electric-sera-electrica\/#webpage"},"articleSection":"Negocios y Empresas"},{"@type":"BreadcrumbList","@id":"https:\/\/www.eldigitaldeasturias.com\/noticias\/el-100-de-la-flota-mundial-de-schneider-electric-sera-electrica\/#breadcrumblist","itemListElement":[{"@type":"ListItem","@id":"https:\/\/www.eldigitaldeasturias.com\/noticias#listItem","position":1,"name":"Home","item":"https:\/\/www.eldigitaldeasturias.com\/noticias","nextItem":{"@type":"ListItem","@id":"https:\/\/www.eldigitaldeasturias.com\/noticias\/category\/negocios-y-empresas\/#listItem","name":"Negocios y Empresas"}},{"@type":"ListItem","@id":"https:\/\/www.eldigitaldeasturias.com\/noticias\/category\/negocios-y-empresas\/#listItem","position":2,"name":"Negocios y Empresas","item":"https:\/\/www.eldigitaldeasturias.com\/noticias\/category\/negocios-y-empresas\/","nextItem":{"@type":"ListItem","@id":"https:\/\/www.eldigitaldeasturias.com\/noticias\/el-100-de-la-flota-mundial-de-schneider-electric-sera-electrica\/#listItem","name":"El 100% de la flota mundial de Schneider Electric ser\u00e1 el\u00e9ctrica"},"previousItem":{"@type":"ListItem","@id":"https:\/\/www.eldigitaldeasturias.com\/noticias#listItem","name":"Home"}},{"@type":"ListItem","@id":"https:\/\/www.eldigitaldeasturias.com\/noticias\/el-100-de-la-flota-mundial-de-schneider-electric-sera-electrica\/#listItem","position":3,"name":"El 100% de la flota mundial de Schneider Electric ser\u00e1 el\u00e9ctrica","previousItem":{"@type":"ListItem","@id":"https:\/\/www.eldigitaldeasturias.com\/noticias\/category\/negocios-y-empresas\/#listItem","name":"Negocios y Empresas"}}]},{"@type":"Organization","@id":"https:\/\/www.eldigitaldeasturias.com\/noticias\/#organization","name":"El Digital de Asturias","description":"Hemeroteca","url":"https:\/\/www.eldigitaldeasturias.com\/noticias\/","email":"info@eldigitaldeasturias.com","telephone":"+34652131393","logo":{"@type":"ImageObject","url":"https:\/\/www.eldigitaldeasturias.com\/noticias\/wp-content\/uploads\/2020\/12\/EDA.jpg","@id":"https:\/\/www.eldigitaldeasturias.com\/noticias\/el-100-de-la-flota-mundial-de-schneider-electric-sera-electrica\/#organizationLogo","width":649,"height":297},"image":{"@id":"https:\/\/www.eldigitaldeasturias.com\/noticias\/el-100-de-la-flota-mundial-de-schneider-electric-sera-electrica\/#organizationLogo"},"sameAs":["https:\/\/facebook.com\/eldigitaldeasturias","https:\/\/www.youtube.com\/channel\/UCZP-2wLEB9Rv6erhFmqVnvg"],"address":{"@id":"https:\/\/www.eldigitaldeasturias.com\/noticias\/#postaladdress","@type":"PostalAddress","streetAddress":"san antonio 4,","postalCode":"33430","addressLocality":"Cand\u00e1s","addressRegion":"Asturias","addressCountry":"ES"}},{"@type":"Person","@id":"https:\/\/www.eldigitaldeasturias.com\/noticias\/author\/admin\/#author","url":"https:\/\/www.eldigitaldeasturias.com\/noticias\/author\/admin\/","name":"El Digital de Asturias","image":{"@type":"ImageObject","@id":"https:\/\/www.eldigitaldeasturias.com\/noticias\/el-100-de-la-flota-mundial-de-schneider-electric-sera-electrica\/#authorImage","url":"https:\/\/www.eldigitaldeasturias.com\/noticias\/wp-content\/litespeed\/avatar\/18677e78aa0546b92d9dbf31ec7d7668.jpg?ver=1777290358","width":96,"height":96,"caption":"El Digital de Asturias"}},{"@type":"WebPage","@id":"https:\/\/www.eldigitaldeasturias.com\/noticias\/el-100-de-la-flota-mundial-de-schneider-electric-sera-electrica\/#webpage","url":"https:\/\/www.eldigitaldeasturias.com\/noticias\/el-100-de-la-flota-mundial-de-schneider-electric-sera-electrica\/","name":"El 100% de la flota mundial de Schneider Electric ser\u00e1 el\u00e9ctrica - El Digital de Asturias","description":"Avanzando en su compromiso por construir un mundo descarbonizado, Schneider Electric, l\u00edder en la transformaci\u00f3n digital de la gesti\u00f3n de la energ\u00eda y la automatizaci\u00f3n, ha anunciado que se suma a la iniciativa EV100 de The Climate Group, con el objetivo de lanzar una pol\u00edtica de Flota Verde que busca reemplazar el 100% de sus flotas","inLanguage":"es-ES","isPartOf":{"@id":"https:\/\/www.eldigitaldeasturias.com\/noticias\/#website"},"breadcrumb":{"@id":"https:\/\/www.eldigitaldeasturias.com\/noticias\/el-100-de-la-flota-mundial-de-schneider-electric-sera-electrica\/#breadcrumblist"},"author":{"@id":"https:\/\/www.eldigitaldeasturias.com\/noticias\/author\/admin\/#author"},"creator":{"@id":"https:\/\/www.eldigitaldeasturias.com\/noticias\/author\/admin\/#author"},"image":{"@type":"ImageObject","url":"https:\/\/www.eldigitaldeasturias.com\/noticias\/wp-content\/uploads\/2018\/11\/traffic-332857_960_720.jpg","@id":"https:\/\/www.eldigitaldeasturias.com\/noticias\/el-100-de-la-flota-mundial-de-schneider-electric-sera-electrica\/#mainImage","width":960,"height":640,"caption":"traffic"},"primaryImageOfPage":{"@id":"https:\/\/www.eldigitaldeasturias.com\/noticias\/el-100-de-la-flota-mundial-de-schneider-electric-sera-electrica\/#mainImage"},"datePublished":"2020-02-22T12:39:13+01:00","dateModified":"2020-02-22T12:39:13+01:00"},{"@type":"WebSite","@id":"https:\/\/www.eldigitaldeasturias.com\/noticias\/#website","url":"https:\/\/www.eldigitaldeasturias.com\/noticias\/","name":"El Digital de Asturias - Diario de actualidad y noticias","alternateName":"El Digital de Asturias - Diario de actualidad y noticias","description":"Hemeroteca","inLanguage":"es-ES","publisher":{"@id":"https:\/\/www.eldigitaldeasturias.com\/noticias\/#organization"}}]},"og:locale":"es_ES","og:site_name":"El Digital de Asturias","og:type":"article","og:title":"El 100% de la flota mundial de Schneider Electric ser\u00e1 el\u00e9ctrica - El Digital de Asturias","og:description":"Avanzando en su compromiso por construir un mundo descarbonizado, Schneider Electric, l\u00edder en la transformaci\u00f3n digital de la gesti\u00f3n de la energ\u00eda y la automatizaci\u00f3n, ha anunciado que se suma a la iniciativa EV100 de The Climate Group, con el objetivo de lanzar una pol\u00edtica de Flota Verde que busca reemplazar el 100% de sus flotas","og:url":"https:\/\/www.eldigitaldeasturias.com\/noticias\/el-100-de-la-flota-mundial-de-schneider-electric-sera-electrica\/","og:image":"https:\/\/www.eldigitaldeasturias.com\/noticias\/wp-content\/uploads\/2018\/11\/traffic-332857_960_720.jpg","og:image:secure_url":"https:\/\/www.eldigitaldeasturias.com\/noticias\/wp-content\/uploads\/2018\/11\/traffic-332857_960_720.jpg","og:image:width":960,"og:image:height":640,"article:tag":["negocios y empresas"],"article:published_time":"2020-02-22T12:39:13+00:00","article:modified_time":"2020-02-22T12:39:13+00:00","article:publisher":"https:\/\/facebook.com\/eldigitaldeasturias","twitter:card":"summary_large_image","twitter:title":"El 100% de la flota mundial de Schneider Electric ser\u00e1 el\u00e9ctrica - El Digital de Asturias","twitter:description":"Avanzando en su compromiso por construir un mundo descarbonizado, Schneider Electric, l\u00edder en la transformaci\u00f3n digital de la gesti\u00f3n de la energ\u00eda y la automatizaci\u00f3n, ha anunciado que se suma a la iniciativa EV100 de The Climate Group, con el objetivo de lanzar una pol\u00edtica de Flota Verde que busca reemplazar el 100% de sus flotas","twitter:image":"https:\/\/www.eldigitaldeasturias.com\/noticias\/wp-content\/uploads\/2018\/11\/traffic-332857_960_720.jpg","twitter:label1":"Escrito por","twitter:data1":"El Digital de Asturias","twitter:label2":"Tiempo de lectura estimado","twitter:data2":"6 minutos"},"aioseo_meta_data":{"post_id":"1058698","title":null,"description":null,"keywords":null,"keyphrases":null,"primary_term":null,"canonical_url":null,"og_title":null,"og_description":null,"og_object_type":"default","og_image_type":"default","og_image_url":null,"og_image_width":null,"og_image_height":null,"og_image_custom_url":null,"og_image_custom_fields":null,"og_video":null,"og_custom_url":null,"og_article_section":null,"og_article_tags":null,"twitter_use_og":false,"twitter_card":"default","twitter_image_type":"default","twitter_image_url":null,"twitter_image_custom_url":null,"twitter_image_custom_fields":null,"twitter_title":null,"twitter_description":null,"schema":{"blockGraphs":[],"customGraphs":[],"default":{"data":{"Article":[],"Course":[],"Dataset":[],"FAQPage":[],"Movie":[],"Person":[],"Product":[],"ProductReview":[],"Car":[],"Recipe":[],"Service":[],"SoftwareApplication":[],"WebPage":[]},"graphName":"","isEnabled":true},"graphs":[],"defaultGraph":"","defaultPostTypeGraph":""},"schema_type":null,"schema_type_options":null,"pillar_content":false,"robots_default":true,"robots_noindex":false,"robots_noarchive":false,"robots_nosnippet":false,"robots_nofollow":false,"robots_noimageindex":false,"robots_noodp":false,"robots_notranslate":false,"robots_max_snippet":null,"robots_max_videopreview":null,"robots_max_imagepreview":"large","priority":null,"frequency":null,"local_seo":null,"seo_analyzer_scan_date":"2025-10-31 06:21:14","breadcrumb_settings":null,"limit_modified_date":false,"open_ai":null,"ai":null,"created":"2020-12-21 10:55:05","updated":"2025-10-31 06:21:14"},"aioseo_breadcrumb":"<div class=\"aioseo-breadcrumbs\"><span class=\"aioseo-breadcrumb\">\n\t<a href=\"https:\/\/www.eldigitaldeasturias.com\/noticias\" title=\"Home\">Home<\/a>\n<\/span><span class=\"aioseo-breadcrumb-separator\">\u2013<\/span><span class=\"aioseo-breadcrumb\">\n\t<a href=\"https:\/\/www.eldigitaldeasturias.com\/noticias\/category\/negocios-y-empresas\/\" title=\"Negocios y Empresas\">Negocios y Empresas<\/a>\n<\/span><span class=\"aioseo-breadcrumb-separator\">\u2013<\/span><span class=\"aioseo-breadcrumb\">\n\t<a href=\"https:\/\/www.eldigitaldeasturias.com\/noticias\/el-100-de-la-flota-mundial-de-schneider-electric-sera-electrica\/\" title=\"El 100% de la flota mundial de Schneider Electric ser\u00e1 el\u00e9ctrica\">El 100% de la flota mundial de Schneider Electric ser\u00e1 el\u00e9ctrica<\/a>\n<\/span><\/div>","aioseo_breadcrumb_json":[{"label":"Home","link":"https:\/\/www.eldigitaldeasturias.com\/noticias"},{"label":"Negocios y Empresas","link":"https:\/\/www.eldigitaldeasturias.com\/noticias\/category\/negocios-y-empresas\/"},{"label":"El 100% de la flota mundial de Schneider Electric ser\u00e1 el\u00e9ctrica","link":"https:\/\/www.eldigitaldeasturias.com\/noticias\/el-100-de-la-flota-mundial-de-schneider-electric-sera-electrica\/"}],"_links":{"self":[{"href":"https:\/\/www.eldigitaldeasturias.com\/noticias\/wp-json\/wp\/v2\/posts\/1058698","targetHints":{"allow":["GET"]}}],"collection":[{"href":"https:\/\/www.eldigitaldeasturias.com\/noticias\/wp-json\/wp\/v2\/posts"}],"about":[{"href":"https:\/\/www.eldigitaldeasturias.com\/noticias\/wp-json\/wp\/v2\/types\/post"}],"author":[{"embeddable":true,"href":"https:\/\/www.eldigitaldeasturias.com\/noticias\/wp-json\/wp\/v2\/users\/1"}],"replies":[{"embeddable":true,"href":"https:\/\/www.eldigitaldeasturias.com\/noticias\/wp-json\/wp\/v2\/comments?post=1058698"}],"version-history":[{"count":0,"href":"https:\/\/www.eldigitaldeasturias.com\/noticias\/wp-json\/wp\/v2\/posts\/1058698\/revisions"}],"wp:featuredmedia":[{"embeddable":true,"href":"https:\/\/www.eldigitaldeasturias.com\/noticias\/wp-json\/wp\/v2\/media\/1008086"}],"wp:attachment":[{"href":"https:\/\/www.eldigitaldeasturias.com\/noticias\/wp-json\/wp\/v2\/media?parent=1058698"}],"wp:term":[{"taxonomy":"category","embeddable":true,"href":"https:\/\/www.eldigitaldeasturias.com\/noticias\/wp-json\/wp\/v2\/categories?post=1058698"},{"taxonomy":"post_tag","embeddable":true,"href":"https:\/\/www.eldigitaldeasturias.com\/noticias\/wp-json\/wp\/v2\/tags?post=1058698"}],"curies":[{"name":"wp","href":"https:\/\/api.w.org\/{rel}","templated":true}]}}