{"id":1058685,"date":"2020-02-22T12:26:04","date_gmt":"2020-02-22T12:26:04","guid":{"rendered":"https:\/\/www.eldigitaldeasturias.com\/noticias\/?p=1058685"},"modified":"2020-02-22T12:26:04","modified_gmt":"2020-02-22T12:26:04","slug":"los-conductores-de-ve-toleran-cada-vez-menos-las-deficiencias-en-la-infraestructura-de-recarga","status":"publish","type":"post","link":"https:\/\/www.eldigitaldeasturias.com\/noticias\/los-conductores-de-ve-toleran-cada-vez-menos-las-deficiencias-en-la-infraestructura-de-recarga\/","title":{"rendered":"Los conductores de VE toleran cada vez menos las deficiencias en la infraestructura de recarga"},"content":{"rendered":"<p><img loading=\"lazy\" decoding=\"async\" class=\"alignleft size-medium wp-image-1058686\" src=\"https:\/\/www.eldigitaldeasturias.com\/noticias\/wp-content\/uploads\/2020\/02\/1581943619_ConductoresCoche_Ele_ctrico_Provincias-360x198.png\" alt=\"\" width=\"360\" height=\"198\" srcset=\"https:\/\/www.eldigitaldeasturias.com\/noticias\/wp-content\/uploads\/2020\/02\/1581943619_ConductoresCoche_Ele_ctrico_Provincias-360x198.png 360w, https:\/\/www.eldigitaldeasturias.com\/noticias\/wp-content\/uploads\/2020\/02\/1581943619_ConductoresCoche_Ele_ctrico_Provincias-690x380.png 690w, https:\/\/www.eldigitaldeasturias.com\/noticias\/wp-content\/uploads\/2020\/02\/1581943619_ConductoresCoche_Ele_ctrico_Provincias-480x264.png 480w, https:\/\/www.eldigitaldeasturias.com\/noticias\/wp-content\/uploads\/2020\/02\/1581943619_ConductoresCoche_Ele_ctrico_Provincias-768x423.png 768w, https:\/\/www.eldigitaldeasturias.com\/noticias\/wp-content\/uploads\/2020\/02\/1581943619_ConductoresCoche_Ele_ctrico_Provincias-1536x846.png 1536w, https:\/\/www.eldigitaldeasturias.com\/noticias\/wp-content\/uploads\/2020\/02\/1581943619_ConductoresCoche_Ele_ctrico_Provincias-2048x1127.png 2048w, https:\/\/www.eldigitaldeasturias.com\/noticias\/wp-content\/uploads\/2020\/02\/1581943619_ConductoresCoche_Ele_ctrico_Provincias-1024x564.png 1024w\" sizes=\"auto, (max-width: 360px) 100vw, 360px\" \/>Los conductores de coche el\u00e9ctrico (VE) en Espa\u00f1a son cada vez menos tolerantes con las deficiencias de la infraestructura para la movilidad el\u00e9ctrica. Los reci\u00e9n iniciados (1 y 2 a\u00f1os) hacen las peores valoraciones, mientras que los m\u00e1s experimentados (5 a\u00f1os), son m\u00e1s condescendientes. Lo m\u00e1s preocupante es que la valoraci\u00f3n de las redes de recarga, tanto p\u00fablicas como privadas, ha empeorado a pesar de que ya se encontraba en niveles bajos en la primera edici\u00f3n de la encuesta.<\/p>\n<p>\u201cLa evoluci\u00f3n del parque de veh\u00edculos el\u00e9ctricos y el nuevo escenario que vivimos en cuanto a movilidad sostenible, ha motivado que las compa\u00f1\u00edas del sector asegurador estemos trabajando en soluciones para veh\u00edculos el\u00e9ctricos acordes a las demandas de este tipo de conductores, que, en muchos casos, nada tienen que ver con las de propietarios de veh\u00edculos de combusti\u00f3n\u201d, ha dicho Victor Ugarte, Director de Marketing de Reale Seguros, empresa que este a\u00f1o ha apoyado la realizaci\u00f3n de la encuesta.<\/p>\n<p>La pr\u00e1ctica totalidad de proveedores de energ\u00eda el\u00e9ctrica, as\u00ed como los gestores p\u00fablicos de soluciones de recarga, han obtenido solamente hasta un 2.6 de una puntuaci\u00f3n m\u00e1xima de 5. Entre los otros aspectos de la movilidad el\u00e9ctrica, tambi\u00e9n han sido valorado la tarifa de la energ\u00eda, la accesibilidad y los problemas de la infraestructura, los diferentes modelos de VE, los accesorios como el cable de carga y el punto de carga dom\u00e9stico, la autonom\u00eda de la bater\u00eda, la conexi\u00f3n entre el coche y los dispositivos m\u00f3viles, los patrones de conducci\u00f3n, la distancias recorridas, el servicio de los concesionarios, los canales de informaci\u00f3n, la oferta de seguros, la labor de la Administraci\u00f3n, entre otros m\u00faltiples aspectos.<\/p>\n<p>La segunda\u00a0<em>Encuesta Nacional de Conductores de Coche El\u00e9ctrico<\/em>, realizada por\u00a0<span style=\"color: #ff6600;\"><strong><a style=\"color: #ff6600;\" href=\"https:\/\/bit.ly\/2GVKxgf\" target=\"_blank\" rel=\"nofollow noopener noreferrer\">All Media Consulting<\/a><\/strong><\/span>\u00a0y\u00a0<span style=\"color: #ff6600;\"><strong><a style=\"color: #ff6600;\" href=\"https:\/\/www.electromaps.com\/\" target=\"_blank\" rel=\"nofollow noopener noreferrer\">Electromaps<\/a><\/strong><\/span>, ha ampliado la muestra como resultado del elevado inter\u00e9s del conductor de VE en Espa\u00f1a, y en particular, entre los usuarios de Electromaps, para mejorar la movilidad el\u00e9ctrica. La evidencia de esta implicaci\u00f3n entre los encuestados es que un 72% finalizaron la encuesta online, un \u00edndice de participaci\u00f3n elevado, dada la extensi\u00f3n de las 64 preguntas y otras tantas subpreguntas.<\/p>\n<p>\u201cEn el corto plazo las empresas energ\u00e9ticas tendr\u00e1n una mayor presi\u00f3n por parte de la comunidad de conductores el\u00e9ctricos de invertir en mejorar su reputaci\u00f3n, bien por la v\u00eda del marketing, pero tambi\u00e9n mediante la adaptaci\u00f3n de su oferta a la realidad del mercado, sin mencionar la urgencia de un correcto mantenimiento de la red de puntos de carga\u201d, ha explicado Gustavo Franco Cruz, director de All Media Consulting.<\/p>\n<p><strong>Tendencias al alza del VE<\/strong><\/p>\n<p>Con la implantaci\u00f3n progresiva de la movilidad el\u00e9ctrica, algunas tendencias se afianzan, como son los valores de la sostenibilidad, el activismo para atraer nuevos conductores, el incremento en las distancias de los desplazamientos, la demanda de nuevos servicios inexistentes en la movilidad de combusti\u00f3n, la disparidad entre provincias, la inequidad de g\u00e9nero, los modos alternativos de uso de VE de la econom\u00eda colaborativa y pago por uso, la venta por Internet de los veh\u00edculos.<\/p>\n<p>\u201cLos aspectos positivos y negativos no necesariamente tienen que ver con la penetraci\u00f3n del VE en las diferentes provincias, ni con su tama\u00f1o demogr\u00e1fico, sino m\u00e1s bien con la implicaci\u00f3n de las administraciones p\u00fablicas que en poco tiempo pueden dar resultados interesantes para crear nuevas ventajas en funci\u00f3n de los errores del pasado\u201d, ha indicado Xavier Ca\u00f1adell, director de Electromaps.<\/p>\n<p><strong>Presentaci\u00f3n para profesionales<\/strong><\/p>\n<p>Las principales conclusiones de la encuesta ser\u00e1n presentadas en cuatro ciudades, con la participaci\u00f3n de t\u00e9cnicos municipales y auton\u00f3micos del \u00e1rea de movilidad, as\u00ed como profesionales de los sectores implicados, como son los proveedores de soluciones de recarga, fabricantes de coches, fabricantes de dispositivos de recarga, proveedores de seguros y todo tipo de servicios vinculados al VE.<\/p>\n<p>La realizaci\u00f3n del\u00a0<span style=\"color: #ff6600;\"><a style=\"color: #ff6600;\" href=\"http:\/\/vedataday.allmediaconsulting.com\/\" target=\"_blank\" rel=\"nofollow noopener noreferrer\">VE Data Day<\/a><\/span>\u00a0ser\u00e1 en Barcelona el 18 de febrero, en Parc Tecnol\u00f2gic de Barcelona Activa; en Madrid el 18 de marzo, en La Nave; la siguiente ciudad es Bilbao, el 21 de abril, en Bidebarrieta Kulturgunea; y por \u00faltimo, en Valencia el 26 de mayo, en Las Naves. Los eventos ser\u00e1n de 10:00 a 14:00, con asistencia gratuita previa acreditaci\u00f3n para profesionales, con la moderaci\u00f3n de periodistas especializados.<\/p>\n<p><strong>Sobre Reale Seguros<\/strong><\/p>\n<p><span style=\"color: #ff6600;\"><strong><a style=\"color: #ff6600;\" href=\"http:\/\/www.reale.es\/\" target=\"_blank\" rel=\"nofollow noopener noreferrer\">Reale Seguros<\/a><\/strong><\/span>\u00a0es una compa\u00f1\u00eda aseguradora de referencia en el mercado espa\u00f1ol, donde est\u00e1 presente desde 1988. Apuesta por la cercan\u00eda con el cliente a trav\u00e9s de 54 sucursales, m\u00e1s de 400 agencias y 3.300 colaboradores que dan servicio a m\u00e1s de 1.8 millones de clientes. Est\u00e1 trabajando en desarrollar una oferta adaptada a las nuevas necesidades derivadas de la movilidad sostenible. Es una de las diez empresas aseguradoras mencionadas en la encuesta, entre las cuales cuenta con una representaci\u00f3n del 3%, del total de 1.432 conductores que participaron.<\/p>\n<p><strong>Sobre Electromaps<\/strong><\/p>\n<p>Electromaps es el proveedor l\u00edder de servicios de movilidad el\u00e9ctrica en Espa\u00f1a y Portugal. Con su aplicaci\u00f3n m\u00f3vil, ayuda desde 2009 a los conductores de veh\u00edculos el\u00e9ctricos a encontrar todos los puntos de recarga y facilita el acceso y el pago en m\u00e1s de 60.000 puntos de recarga en toda Europa. Con su plataforma de gesti\u00f3n ayuda a ayuntamientos y empresas privadas a gestionar sus puntos de recarga y a cobrar por el servicio de recarga.<\/p>\n<p><strong>Sobre All Media Consulting<\/strong><\/p>\n<p>All Media Consulting es la primera agencia de comunicaci\u00f3n especializada en empresas tecnol\u00f3gicas de la econom\u00eda <em>smart<\/em>\u00a0y\u00a0<em>green<\/em>. Trabaja con fabricantes de veh\u00edculos el\u00e9ctricos, entidades dedicadas a la movilidad, proveedores de energ\u00eda y empresas de tecnolog\u00eda, para impulsar sus actividades desde la comunicaci\u00f3n alineada con los valores de la sostenibilidad y la innovaci\u00f3n. Se encuentra registrada como grupo de presi\u00f3n en la Comisi\u00f3n Nacional de los Mercados y la Competencia.<\/p>\n<p>Descarga del estudio: <a href=\"http:\/\/bit.ly\/2GVKxgf\" target=\"_blank\" rel=\"nofollow noopener noreferrer\"><span style=\"color: #ff6600;\"><strong>http:\/\/bit.ly\/2GVKxgf<\/strong><\/span><\/a><\/p>\n","protected":false},"excerpt":{"rendered":"<p>Los conductores de coche el\u00e9ctrico (VE) en Espa\u00f1a son cada vez menos tolerantes con las deficiencias de la infraestructura para la movilidad el\u00e9ctrica. Los reci\u00e9n iniciados (1 y 2 a\u00f1os) hacen las peores valoraciones, mientras que los m\u00e1s experimentados (5 a\u00f1os), son m\u00e1s condescendientes. Lo m\u00e1s preocupante es que la valoraci\u00f3n de las redes de [&hellip;]<\/p>\n","protected":false},"author":1,"featured_media":1058686,"comment_status":"closed","ping_status":"closed","sticky":false,"template":"","format":"standard","meta":{"footnotes":""},"categories":[187],"tags":[],"class_list":["post-1058685","post","type-post","status-publish","format-standard","has-post-thumbnail","hentry","category-economia"],"aioseo_notices":[],"aioseo_head":"\n\t\t<!-- All in One SEO Pro 4.9.6.2 - aioseo.com -->\n\t<meta name=\"description\" content=\"Los conductores de coche el\u00e9ctrico (VE) en Espa\u00f1a son cada vez menos tolerantes con las deficiencias de la infraestructura para la movilidad el\u00e9ctrica. Los reci\u00e9n iniciados (1 y 2 a\u00f1os) hacen las peores valoraciones, mientras que los m\u00e1s experimentados (5 a\u00f1os), son m\u00e1s condescendientes. Lo m\u00e1s preocupante es que la valoraci\u00f3n de las redes de\" \/>\n\t<meta name=\"robots\" content=\"max-image-preview:large\" \/>\n\t<meta name=\"author\" content=\"El Digital de Asturias\"\/>\n\t<meta name=\"google-site-verification\" content=\"UA-38556648-1\" \/>\n\t<meta name=\"msvalidate.01\" content=\"7dfe9f3f1b24437ab69f4f2559babe99\" \/>\n\t<meta name=\"keywords\" content=\"econom\u00eda\" \/>\n\t<link rel=\"canonical\" href=\"https:\/\/www.eldigitaldeasturias.com\/noticias\/los-conductores-de-ve-toleran-cada-vez-menos-las-deficiencias-en-la-infraestructura-de-recarga\/\" \/>\n\t<meta name=\"generator\" content=\"All in One SEO Pro (AIOSEO) 4.9.6.2\" \/>\n\t\t<meta property=\"og:locale\" content=\"es_ES\" \/>\n\t\t<meta property=\"og:site_name\" content=\"El Digital de Asturias\" \/>\n\t\t<meta property=\"og:type\" content=\"article\" \/>\n\t\t<meta property=\"og:title\" content=\"Los conductores de VE toleran cada vez menos las deficiencias en la infraestructura de recarga - El Digital de Asturias\" \/>\n\t\t<meta property=\"og:description\" content=\"Los conductores de coche el\u00e9ctrico (VE) en Espa\u00f1a son cada vez menos tolerantes con las deficiencias de la infraestructura para la movilidad el\u00e9ctrica. Los reci\u00e9n iniciados (1 y 2 a\u00f1os) hacen las peores valoraciones, mientras que los m\u00e1s experimentados (5 a\u00f1os), son m\u00e1s condescendientes. Lo m\u00e1s preocupante es que la valoraci\u00f3n de las redes de\" \/>\n\t\t<meta property=\"og:url\" content=\"https:\/\/www.eldigitaldeasturias.com\/noticias\/los-conductores-de-ve-toleran-cada-vez-menos-las-deficiencias-en-la-infraestructura-de-recarga\/\" \/>\n\t\t<meta property=\"og:image\" content=\"https:\/\/www.eldigitaldeasturias.com\/noticias\/wp-content\/uploads\/2020\/02\/1581943619_ConductoresCoche_Ele_ctrico_Provincias.png\" \/>\n\t\t<meta property=\"og:image:secure_url\" content=\"https:\/\/www.eldigitaldeasturias.com\/noticias\/wp-content\/uploads\/2020\/02\/1581943619_ConductoresCoche_Ele_ctrico_Provincias.png\" \/>\n\t\t<meta property=\"og:image:width\" content=\"2278\" \/>\n\t\t<meta property=\"og:image:height\" content=\"1254\" \/>\n\t\t<meta property=\"article:tag\" content=\"econom\u00eda\" \/>\n\t\t<meta property=\"article:published_time\" content=\"2020-02-22T12:26:04+00:00\" \/>\n\t\t<meta property=\"article:modified_time\" content=\"2020-02-22T12:26:04+00:00\" \/>\n\t\t<meta property=\"article:publisher\" content=\"https:\/\/facebook.com\/eldigitaldeasturias\" \/>\n\t\t<meta name=\"twitter:card\" content=\"summary_large_image\" \/>\n\t\t<meta name=\"twitter:title\" content=\"Los conductores de VE toleran cada vez menos las deficiencias en la infraestructura de recarga - El Digital de Asturias\" \/>\n\t\t<meta name=\"twitter:description\" content=\"Los conductores de coche el\u00e9ctrico (VE) en Espa\u00f1a son cada vez menos tolerantes con las deficiencias de la infraestructura para la movilidad el\u00e9ctrica. Los reci\u00e9n iniciados (1 y 2 a\u00f1os) hacen las peores valoraciones, mientras que los m\u00e1s experimentados (5 a\u00f1os), son m\u00e1s condescendientes. Lo m\u00e1s preocupante es que la valoraci\u00f3n de las redes de\" \/>\n\t\t<meta name=\"twitter:image\" content=\"https:\/\/www.eldigitaldeasturias.com\/noticias\/wp-content\/uploads\/2020\/02\/1581943619_ConductoresCoche_Ele_ctrico_Provincias.png\" \/>\n\t\t<meta name=\"twitter:label1\" content=\"Escrito por\" \/>\n\t\t<meta name=\"twitter:data1\" content=\"El Digital de Asturias\" \/>\n\t\t<meta name=\"twitter:label2\" content=\"Tiempo de lectura estimado\" \/>\n\t\t<meta name=\"twitter:data2\" content=\"5 minutos\" \/>\n\t\t<script type=\"application\/ld+json\" class=\"aioseo-schema\">\n\t\t\t{\"@context\":\"https:\\\/\\\/schema.org\",\"@graph\":[{\"@type\":\"BlogPosting\",\"@id\":\"https:\\\/\\\/www.eldigitaldeasturias.com\\\/noticias\\\/los-conductores-de-ve-toleran-cada-vez-menos-las-deficiencias-en-la-infraestructura-de-recarga\\\/#blogposting\",\"name\":\"Los conductores de VE toleran cada vez menos las deficiencias en la infraestructura de recarga - El Digital de Asturias\",\"headline\":\"Los conductores de VE toleran cada vez menos las deficiencias en la infraestructura de recarga\",\"author\":{\"@id\":\"https:\\\/\\\/www.eldigitaldeasturias.com\\\/noticias\\\/author\\\/admin\\\/#author\"},\"publisher\":{\"@id\":\"https:\\\/\\\/www.eldigitaldeasturias.com\\\/noticias\\\/#organization\"},\"image\":{\"@type\":\"ImageObject\",\"url\":\"https:\\\/\\\/www.eldigitaldeasturias.com\\\/noticias\\\/wp-content\\\/uploads\\\/2020\\\/02\\\/1581943619_ConductoresCoche_Ele_ctrico_Provincias.png\",\"width\":2278,\"height\":1254},\"datePublished\":\"2020-02-22T12:26:04+01:00\",\"dateModified\":\"2020-02-22T12:26:04+01:00\",\"inLanguage\":\"es-ES\",\"mainEntityOfPage\":{\"@id\":\"https:\\\/\\\/www.eldigitaldeasturias.com\\\/noticias\\\/los-conductores-de-ve-toleran-cada-vez-menos-las-deficiencias-en-la-infraestructura-de-recarga\\\/#webpage\"},\"isPartOf\":{\"@id\":\"https:\\\/\\\/www.eldigitaldeasturias.com\\\/noticias\\\/los-conductores-de-ve-toleran-cada-vez-menos-las-deficiencias-en-la-infraestructura-de-recarga\\\/#webpage\"},\"articleSection\":\"Econom\\u00eda\"},{\"@type\":\"BreadcrumbList\",\"@id\":\"https:\\\/\\\/www.eldigitaldeasturias.com\\\/noticias\\\/los-conductores-de-ve-toleran-cada-vez-menos-las-deficiencias-en-la-infraestructura-de-recarga\\\/#breadcrumblist\",\"itemListElement\":[{\"@type\":\"ListItem\",\"@id\":\"https:\\\/\\\/www.eldigitaldeasturias.com\\\/noticias#listItem\",\"position\":1,\"name\":\"Home\",\"item\":\"https:\\\/\\\/www.eldigitaldeasturias.com\\\/noticias\",\"nextItem\":{\"@type\":\"ListItem\",\"@id\":\"https:\\\/\\\/www.eldigitaldeasturias.com\\\/noticias\\\/category\\\/economia\\\/#listItem\",\"name\":\"Econom\\u00eda\"}},{\"@type\":\"ListItem\",\"@id\":\"https:\\\/\\\/www.eldigitaldeasturias.com\\\/noticias\\\/category\\\/economia\\\/#listItem\",\"position\":2,\"name\":\"Econom\\u00eda\",\"item\":\"https:\\\/\\\/www.eldigitaldeasturias.com\\\/noticias\\\/category\\\/economia\\\/\",\"nextItem\":{\"@type\":\"ListItem\",\"@id\":\"https:\\\/\\\/www.eldigitaldeasturias.com\\\/noticias\\\/los-conductores-de-ve-toleran-cada-vez-menos-las-deficiencias-en-la-infraestructura-de-recarga\\\/#listItem\",\"name\":\"Los conductores de VE toleran cada vez menos las deficiencias en la infraestructura de recarga\"},\"previousItem\":{\"@type\":\"ListItem\",\"@id\":\"https:\\\/\\\/www.eldigitaldeasturias.com\\\/noticias#listItem\",\"name\":\"Home\"}},{\"@type\":\"ListItem\",\"@id\":\"https:\\\/\\\/www.eldigitaldeasturias.com\\\/noticias\\\/los-conductores-de-ve-toleran-cada-vez-menos-las-deficiencias-en-la-infraestructura-de-recarga\\\/#listItem\",\"position\":3,\"name\":\"Los conductores de VE toleran cada vez menos las deficiencias en la infraestructura de recarga\",\"previousItem\":{\"@type\":\"ListItem\",\"@id\":\"https:\\\/\\\/www.eldigitaldeasturias.com\\\/noticias\\\/category\\\/economia\\\/#listItem\",\"name\":\"Econom\\u00eda\"}}]},{\"@type\":\"Organization\",\"@id\":\"https:\\\/\\\/www.eldigitaldeasturias.com\\\/noticias\\\/#organization\",\"name\":\"El Digital de Asturias\",\"description\":\"Hemeroteca\",\"url\":\"https:\\\/\\\/www.eldigitaldeasturias.com\\\/noticias\\\/\",\"email\":\"info@eldigitaldeasturias.com\",\"telephone\":\"+34652131393\",\"logo\":{\"@type\":\"ImageObject\",\"url\":\"https:\\\/\\\/www.eldigitaldeasturias.com\\\/noticias\\\/wp-content\\\/uploads\\\/2020\\\/12\\\/EDA.jpg\",\"@id\":\"https:\\\/\\\/www.eldigitaldeasturias.com\\\/noticias\\\/los-conductores-de-ve-toleran-cada-vez-menos-las-deficiencias-en-la-infraestructura-de-recarga\\\/#organizationLogo\",\"width\":649,\"height\":297},\"image\":{\"@id\":\"https:\\\/\\\/www.eldigitaldeasturias.com\\\/noticias\\\/los-conductores-de-ve-toleran-cada-vez-menos-las-deficiencias-en-la-infraestructura-de-recarga\\\/#organizationLogo\"},\"sameAs\":[\"https:\\\/\\\/facebook.com\\\/eldigitaldeasturias\",\"https:\\\/\\\/www.youtube.com\\\/channel\\\/UCZP-2wLEB9Rv6erhFmqVnvg\"],\"address\":{\"@id\":\"https:\\\/\\\/www.eldigitaldeasturias.com\\\/noticias\\\/#postaladdress\",\"@type\":\"PostalAddress\",\"streetAddress\":\"san antonio 4,\",\"postalCode\":\"33430\",\"addressLocality\":\"Cand\\u00e1s\",\"addressRegion\":\"Asturias\",\"addressCountry\":\"ES\"}},{\"@type\":\"Person\",\"@id\":\"https:\\\/\\\/www.eldigitaldeasturias.com\\\/noticias\\\/author\\\/admin\\\/#author\",\"url\":\"https:\\\/\\\/www.eldigitaldeasturias.com\\\/noticias\\\/author\\\/admin\\\/\",\"name\":\"El Digital de Asturias\",\"image\":{\"@type\":\"ImageObject\",\"@id\":\"https:\\\/\\\/www.eldigitaldeasturias.com\\\/noticias\\\/los-conductores-de-ve-toleran-cada-vez-menos-las-deficiencias-en-la-infraestructura-de-recarga\\\/#authorImage\",\"url\":\"https:\\\/\\\/www.eldigitaldeasturias.com\\\/noticias\\\/wp-content\\\/litespeed\\\/avatar\\\/18677e78aa0546b92d9dbf31ec7d7668.jpg?ver=1777290358\",\"width\":96,\"height\":96,\"caption\":\"El Digital de Asturias\"}},{\"@type\":\"WebPage\",\"@id\":\"https:\\\/\\\/www.eldigitaldeasturias.com\\\/noticias\\\/los-conductores-de-ve-toleran-cada-vez-menos-las-deficiencias-en-la-infraestructura-de-recarga\\\/#webpage\",\"url\":\"https:\\\/\\\/www.eldigitaldeasturias.com\\\/noticias\\\/los-conductores-de-ve-toleran-cada-vez-menos-las-deficiencias-en-la-infraestructura-de-recarga\\\/\",\"name\":\"Los conductores de VE toleran cada vez menos las deficiencias en la infraestructura de recarga - El Digital de Asturias\",\"description\":\"Los conductores de coche el\\u00e9ctrico (VE) en Espa\\u00f1a son cada vez menos tolerantes con las deficiencias de la infraestructura para la movilidad el\\u00e9ctrica. Los reci\\u00e9n iniciados (1 y 2 a\\u00f1os) hacen las peores valoraciones, mientras que los m\\u00e1s experimentados (5 a\\u00f1os), son m\\u00e1s condescendientes. Lo m\\u00e1s preocupante es que la valoraci\\u00f3n de las redes de\",\"inLanguage\":\"es-ES\",\"isPartOf\":{\"@id\":\"https:\\\/\\\/www.eldigitaldeasturias.com\\\/noticias\\\/#website\"},\"breadcrumb\":{\"@id\":\"https:\\\/\\\/www.eldigitaldeasturias.com\\\/noticias\\\/los-conductores-de-ve-toleran-cada-vez-menos-las-deficiencias-en-la-infraestructura-de-recarga\\\/#breadcrumblist\"},\"author\":{\"@id\":\"https:\\\/\\\/www.eldigitaldeasturias.com\\\/noticias\\\/author\\\/admin\\\/#author\"},\"creator\":{\"@id\":\"https:\\\/\\\/www.eldigitaldeasturias.com\\\/noticias\\\/author\\\/admin\\\/#author\"},\"image\":{\"@type\":\"ImageObject\",\"url\":\"https:\\\/\\\/www.eldigitaldeasturias.com\\\/noticias\\\/wp-content\\\/uploads\\\/2020\\\/02\\\/1581943619_ConductoresCoche_Ele_ctrico_Provincias.png\",\"@id\":\"https:\\\/\\\/www.eldigitaldeasturias.com\\\/noticias\\\/los-conductores-de-ve-toleran-cada-vez-menos-las-deficiencias-en-la-infraestructura-de-recarga\\\/#mainImage\",\"width\":2278,\"height\":1254},\"primaryImageOfPage\":{\"@id\":\"https:\\\/\\\/www.eldigitaldeasturias.com\\\/noticias\\\/los-conductores-de-ve-toleran-cada-vez-menos-las-deficiencias-en-la-infraestructura-de-recarga\\\/#mainImage\"},\"datePublished\":\"2020-02-22T12:26:04+01:00\",\"dateModified\":\"2020-02-22T12:26:04+01:00\"},{\"@type\":\"WebSite\",\"@id\":\"https:\\\/\\\/www.eldigitaldeasturias.com\\\/noticias\\\/#website\",\"url\":\"https:\\\/\\\/www.eldigitaldeasturias.com\\\/noticias\\\/\",\"name\":\"El Digital de Asturias - Diario de actualidad y noticias\",\"alternateName\":\"El Digital de Asturias - Diario de actualidad y noticias\",\"description\":\"Hemeroteca\",\"inLanguage\":\"es-ES\",\"publisher\":{\"@id\":\"https:\\\/\\\/www.eldigitaldeasturias.com\\\/noticias\\\/#organization\"}}]}\n\t\t<\/script>\n\t\t<!-- All in One SEO Pro -->\r\n\t\t<title>Los conductores de VE toleran cada vez menos las deficiencias en la infraestructura de recarga - El Digital de Asturias<\/title>\n\n","aioseo_head_json":{"title":"Los conductores de VE toleran cada vez menos las deficiencias en la infraestructura de recarga - El Digital de Asturias","description":"Los conductores de coche el\u00e9ctrico (VE) en Espa\u00f1a son cada vez menos tolerantes con las deficiencias de la infraestructura para la movilidad el\u00e9ctrica. Los reci\u00e9n iniciados (1 y 2 a\u00f1os) hacen las peores valoraciones, mientras que los m\u00e1s experimentados (5 a\u00f1os), son m\u00e1s condescendientes. Lo m\u00e1s preocupante es que la valoraci\u00f3n de las redes de","canonical_url":"https:\/\/www.eldigitaldeasturias.com\/noticias\/los-conductores-de-ve-toleran-cada-vez-menos-las-deficiencias-en-la-infraestructura-de-recarga\/","robots":"max-image-preview:large","keywords":"econom\u00eda","webmasterTools":{"google-site-verification":"UA-38556648-1","msvalidate.01":"7dfe9f3f1b24437ab69f4f2559babe99","miscellaneous":""},"schema":{"@context":"https:\/\/schema.org","@graph":[{"@type":"BlogPosting","@id":"https:\/\/www.eldigitaldeasturias.com\/noticias\/los-conductores-de-ve-toleran-cada-vez-menos-las-deficiencias-en-la-infraestructura-de-recarga\/#blogposting","name":"Los conductores de VE toleran cada vez menos las deficiencias en la infraestructura de recarga - El Digital de Asturias","headline":"Los conductores de VE toleran cada vez menos las deficiencias en la infraestructura de recarga","author":{"@id":"https:\/\/www.eldigitaldeasturias.com\/noticias\/author\/admin\/#author"},"publisher":{"@id":"https:\/\/www.eldigitaldeasturias.com\/noticias\/#organization"},"image":{"@type":"ImageObject","url":"https:\/\/www.eldigitaldeasturias.com\/noticias\/wp-content\/uploads\/2020\/02\/1581943619_ConductoresCoche_Ele_ctrico_Provincias.png","width":2278,"height":1254},"datePublished":"2020-02-22T12:26:04+01:00","dateModified":"2020-02-22T12:26:04+01:00","inLanguage":"es-ES","mainEntityOfPage":{"@id":"https:\/\/www.eldigitaldeasturias.com\/noticias\/los-conductores-de-ve-toleran-cada-vez-menos-las-deficiencias-en-la-infraestructura-de-recarga\/#webpage"},"isPartOf":{"@id":"https:\/\/www.eldigitaldeasturias.com\/noticias\/los-conductores-de-ve-toleran-cada-vez-menos-las-deficiencias-en-la-infraestructura-de-recarga\/#webpage"},"articleSection":"Econom\u00eda"},{"@type":"BreadcrumbList","@id":"https:\/\/www.eldigitaldeasturias.com\/noticias\/los-conductores-de-ve-toleran-cada-vez-menos-las-deficiencias-en-la-infraestructura-de-recarga\/#breadcrumblist","itemListElement":[{"@type":"ListItem","@id":"https:\/\/www.eldigitaldeasturias.com\/noticias#listItem","position":1,"name":"Home","item":"https:\/\/www.eldigitaldeasturias.com\/noticias","nextItem":{"@type":"ListItem","@id":"https:\/\/www.eldigitaldeasturias.com\/noticias\/category\/economia\/#listItem","name":"Econom\u00eda"}},{"@type":"ListItem","@id":"https:\/\/www.eldigitaldeasturias.com\/noticias\/category\/economia\/#listItem","position":2,"name":"Econom\u00eda","item":"https:\/\/www.eldigitaldeasturias.com\/noticias\/category\/economia\/","nextItem":{"@type":"ListItem","@id":"https:\/\/www.eldigitaldeasturias.com\/noticias\/los-conductores-de-ve-toleran-cada-vez-menos-las-deficiencias-en-la-infraestructura-de-recarga\/#listItem","name":"Los conductores de VE toleran cada vez menos las deficiencias en la infraestructura de recarga"},"previousItem":{"@type":"ListItem","@id":"https:\/\/www.eldigitaldeasturias.com\/noticias#listItem","name":"Home"}},{"@type":"ListItem","@id":"https:\/\/www.eldigitaldeasturias.com\/noticias\/los-conductores-de-ve-toleran-cada-vez-menos-las-deficiencias-en-la-infraestructura-de-recarga\/#listItem","position":3,"name":"Los conductores de VE toleran cada vez menos las deficiencias en la infraestructura de recarga","previousItem":{"@type":"ListItem","@id":"https:\/\/www.eldigitaldeasturias.com\/noticias\/category\/economia\/#listItem","name":"Econom\u00eda"}}]},{"@type":"Organization","@id":"https:\/\/www.eldigitaldeasturias.com\/noticias\/#organization","name":"El Digital de Asturias","description":"Hemeroteca","url":"https:\/\/www.eldigitaldeasturias.com\/noticias\/","email":"info@eldigitaldeasturias.com","telephone":"+34652131393","logo":{"@type":"ImageObject","url":"https:\/\/www.eldigitaldeasturias.com\/noticias\/wp-content\/uploads\/2020\/12\/EDA.jpg","@id":"https:\/\/www.eldigitaldeasturias.com\/noticias\/los-conductores-de-ve-toleran-cada-vez-menos-las-deficiencias-en-la-infraestructura-de-recarga\/#organizationLogo","width":649,"height":297},"image":{"@id":"https:\/\/www.eldigitaldeasturias.com\/noticias\/los-conductores-de-ve-toleran-cada-vez-menos-las-deficiencias-en-la-infraestructura-de-recarga\/#organizationLogo"},"sameAs":["https:\/\/facebook.com\/eldigitaldeasturias","https:\/\/www.youtube.com\/channel\/UCZP-2wLEB9Rv6erhFmqVnvg"],"address":{"@id":"https:\/\/www.eldigitaldeasturias.com\/noticias\/#postaladdress","@type":"PostalAddress","streetAddress":"san antonio 4,","postalCode":"33430","addressLocality":"Cand\u00e1s","addressRegion":"Asturias","addressCountry":"ES"}},{"@type":"Person","@id":"https:\/\/www.eldigitaldeasturias.com\/noticias\/author\/admin\/#author","url":"https:\/\/www.eldigitaldeasturias.com\/noticias\/author\/admin\/","name":"El Digital de Asturias","image":{"@type":"ImageObject","@id":"https:\/\/www.eldigitaldeasturias.com\/noticias\/los-conductores-de-ve-toleran-cada-vez-menos-las-deficiencias-en-la-infraestructura-de-recarga\/#authorImage","url":"https:\/\/www.eldigitaldeasturias.com\/noticias\/wp-content\/litespeed\/avatar\/18677e78aa0546b92d9dbf31ec7d7668.jpg?ver=1777290358","width":96,"height":96,"caption":"El Digital de Asturias"}},{"@type":"WebPage","@id":"https:\/\/www.eldigitaldeasturias.com\/noticias\/los-conductores-de-ve-toleran-cada-vez-menos-las-deficiencias-en-la-infraestructura-de-recarga\/#webpage","url":"https:\/\/www.eldigitaldeasturias.com\/noticias\/los-conductores-de-ve-toleran-cada-vez-menos-las-deficiencias-en-la-infraestructura-de-recarga\/","name":"Los conductores de VE toleran cada vez menos las deficiencias en la infraestructura de recarga - El Digital de Asturias","description":"Los conductores de coche el\u00e9ctrico (VE) en Espa\u00f1a son cada vez menos tolerantes con las deficiencias de la infraestructura para la movilidad el\u00e9ctrica. Los reci\u00e9n iniciados (1 y 2 a\u00f1os) hacen las peores valoraciones, mientras que los m\u00e1s experimentados (5 a\u00f1os), son m\u00e1s condescendientes. Lo m\u00e1s preocupante es que la valoraci\u00f3n de las redes de","inLanguage":"es-ES","isPartOf":{"@id":"https:\/\/www.eldigitaldeasturias.com\/noticias\/#website"},"breadcrumb":{"@id":"https:\/\/www.eldigitaldeasturias.com\/noticias\/los-conductores-de-ve-toleran-cada-vez-menos-las-deficiencias-en-la-infraestructura-de-recarga\/#breadcrumblist"},"author":{"@id":"https:\/\/www.eldigitaldeasturias.com\/noticias\/author\/admin\/#author"},"creator":{"@id":"https:\/\/www.eldigitaldeasturias.com\/noticias\/author\/admin\/#author"},"image":{"@type":"ImageObject","url":"https:\/\/www.eldigitaldeasturias.com\/noticias\/wp-content\/uploads\/2020\/02\/1581943619_ConductoresCoche_Ele_ctrico_Provincias.png","@id":"https:\/\/www.eldigitaldeasturias.com\/noticias\/los-conductores-de-ve-toleran-cada-vez-menos-las-deficiencias-en-la-infraestructura-de-recarga\/#mainImage","width":2278,"height":1254},"primaryImageOfPage":{"@id":"https:\/\/www.eldigitaldeasturias.com\/noticias\/los-conductores-de-ve-toleran-cada-vez-menos-las-deficiencias-en-la-infraestructura-de-recarga\/#mainImage"},"datePublished":"2020-02-22T12:26:04+01:00","dateModified":"2020-02-22T12:26:04+01:00"},{"@type":"WebSite","@id":"https:\/\/www.eldigitaldeasturias.com\/noticias\/#website","url":"https:\/\/www.eldigitaldeasturias.com\/noticias\/","name":"El Digital de Asturias - Diario de actualidad y noticias","alternateName":"El Digital de Asturias - Diario de actualidad y noticias","description":"Hemeroteca","inLanguage":"es-ES","publisher":{"@id":"https:\/\/www.eldigitaldeasturias.com\/noticias\/#organization"}}]},"og:locale":"es_ES","og:site_name":"El Digital de Asturias","og:type":"article","og:title":"Los conductores de VE toleran cada vez menos las deficiencias en la infraestructura de recarga - El Digital de Asturias","og:description":"Los conductores de coche el\u00e9ctrico (VE) en Espa\u00f1a son cada vez menos tolerantes con las deficiencias de la infraestructura para la movilidad el\u00e9ctrica. Los reci\u00e9n iniciados (1 y 2 a\u00f1os) hacen las peores valoraciones, mientras que los m\u00e1s experimentados (5 a\u00f1os), son m\u00e1s condescendientes. Lo m\u00e1s preocupante es que la valoraci\u00f3n de las redes de","og:url":"https:\/\/www.eldigitaldeasturias.com\/noticias\/los-conductores-de-ve-toleran-cada-vez-menos-las-deficiencias-en-la-infraestructura-de-recarga\/","og:image":"https:\/\/www.eldigitaldeasturias.com\/noticias\/wp-content\/uploads\/2020\/02\/1581943619_ConductoresCoche_Ele_ctrico_Provincias.png","og:image:secure_url":"https:\/\/www.eldigitaldeasturias.com\/noticias\/wp-content\/uploads\/2020\/02\/1581943619_ConductoresCoche_Ele_ctrico_Provincias.png","og:image:width":2278,"og:image:height":1254,"article:tag":["econom\u00eda"],"article:published_time":"2020-02-22T12:26:04+00:00","article:modified_time":"2020-02-22T12:26:04+00:00","article:publisher":"https:\/\/facebook.com\/eldigitaldeasturias","twitter:card":"summary_large_image","twitter:title":"Los conductores de VE toleran cada vez menos las deficiencias en la infraestructura de recarga - El Digital de Asturias","twitter:description":"Los conductores de coche el\u00e9ctrico (VE) en Espa\u00f1a son cada vez menos tolerantes con las deficiencias de la infraestructura para la movilidad el\u00e9ctrica. Los reci\u00e9n iniciados (1 y 2 a\u00f1os) hacen las peores valoraciones, mientras que los m\u00e1s experimentados (5 a\u00f1os), son m\u00e1s condescendientes. Lo m\u00e1s preocupante es que la valoraci\u00f3n de las redes de","twitter:image":"https:\/\/www.eldigitaldeasturias.com\/noticias\/wp-content\/uploads\/2020\/02\/1581943619_ConductoresCoche_Ele_ctrico_Provincias.png","twitter:label1":"Escrito por","twitter:data1":"El Digital de Asturias","twitter:label2":"Tiempo de lectura estimado","twitter:data2":"5 minutos"},"aioseo_meta_data":{"post_id":"1058685","title":null,"description":null,"keywords":null,"keyphrases":null,"primary_term":null,"canonical_url":null,"og_title":null,"og_description":null,"og_object_type":"default","og_image_type":"default","og_image_url":null,"og_image_width":null,"og_image_height":null,"og_image_custom_url":null,"og_image_custom_fields":null,"og_video":null,"og_custom_url":null,"og_article_section":null,"og_article_tags":null,"twitter_use_og":false,"twitter_card":"default","twitter_image_type":"default","twitter_image_url":null,"twitter_image_custom_url":null,"twitter_image_custom_fields":null,"twitter_title":null,"twitter_description":null,"schema":{"blockGraphs":[],"customGraphs":[],"default":{"data":{"Article":[],"Course":[],"Dataset":[],"FAQPage":[],"Movie":[],"Person":[],"Product":[],"ProductReview":[],"Car":[],"Recipe":[],"Service":[],"SoftwareApplication":[],"WebPage":[]},"graphName":"","isEnabled":true},"graphs":[],"defaultGraph":"","defaultPostTypeGraph":""},"schema_type":null,"schema_type_options":null,"pillar_content":false,"robots_default":true,"robots_noindex":false,"robots_noarchive":false,"robots_nosnippet":false,"robots_nofollow":false,"robots_noimageindex":false,"robots_noodp":false,"robots_notranslate":false,"robots_max_snippet":null,"robots_max_videopreview":null,"robots_max_imagepreview":"large","priority":null,"frequency":null,"local_seo":null,"seo_analyzer_scan_date":"2025-10-31 06:17:23","breadcrumb_settings":null,"limit_modified_date":false,"open_ai":null,"ai":null,"created":"2020-12-21 10:55:05","updated":"2025-10-31 06:17:23"},"aioseo_breadcrumb":"<div class=\"aioseo-breadcrumbs\"><span class=\"aioseo-breadcrumb\">\n\t<a href=\"https:\/\/www.eldigitaldeasturias.com\/noticias\" title=\"Home\">Home<\/a>\n<\/span><span class=\"aioseo-breadcrumb-separator\">\u2013<\/span><span class=\"aioseo-breadcrumb\">\n\t<a href=\"https:\/\/www.eldigitaldeasturias.com\/noticias\/category\/economia\/\" title=\"Econom\u00eda\">Econom\u00eda<\/a>\n<\/span><span class=\"aioseo-breadcrumb-separator\">\u2013<\/span><span class=\"aioseo-breadcrumb\">\n\t<a href=\"https:\/\/www.eldigitaldeasturias.com\/noticias\/los-conductores-de-ve-toleran-cada-vez-menos-las-deficiencias-en-la-infraestructura-de-recarga\/\" title=\"Los conductores de VE toleran cada vez menos las deficiencias en la infraestructura de recarga\">Los conductores de VE toleran cada vez menos las deficiencias en la infraestructura de recarga<\/a>\n<\/span><\/div>","aioseo_breadcrumb_json":[{"label":"Home","link":"https:\/\/www.eldigitaldeasturias.com\/noticias"},{"label":"Econom\u00eda","link":"https:\/\/www.eldigitaldeasturias.com\/noticias\/category\/economia\/"},{"label":"Los conductores de VE toleran cada vez menos las deficiencias en la infraestructura de recarga","link":"https:\/\/www.eldigitaldeasturias.com\/noticias\/los-conductores-de-ve-toleran-cada-vez-menos-las-deficiencias-en-la-infraestructura-de-recarga\/"}],"_links":{"self":[{"href":"https:\/\/www.eldigitaldeasturias.com\/noticias\/wp-json\/wp\/v2\/posts\/1058685","targetHints":{"allow":["GET"]}}],"collection":[{"href":"https:\/\/www.eldigitaldeasturias.com\/noticias\/wp-json\/wp\/v2\/posts"}],"about":[{"href":"https:\/\/www.eldigitaldeasturias.com\/noticias\/wp-json\/wp\/v2\/types\/post"}],"author":[{"embeddable":true,"href":"https:\/\/www.eldigitaldeasturias.com\/noticias\/wp-json\/wp\/v2\/users\/1"}],"replies":[{"embeddable":true,"href":"https:\/\/www.eldigitaldeasturias.com\/noticias\/wp-json\/wp\/v2\/comments?post=1058685"}],"version-history":[{"count":0,"href":"https:\/\/www.eldigitaldeasturias.com\/noticias\/wp-json\/wp\/v2\/posts\/1058685\/revisions"}],"wp:featuredmedia":[{"embeddable":true,"href":"https:\/\/www.eldigitaldeasturias.com\/noticias\/wp-json\/wp\/v2\/media\/1058686"}],"wp:attachment":[{"href":"https:\/\/www.eldigitaldeasturias.com\/noticias\/wp-json\/wp\/v2\/media?parent=1058685"}],"wp:term":[{"taxonomy":"category","embeddable":true,"href":"https:\/\/www.eldigitaldeasturias.com\/noticias\/wp-json\/wp\/v2\/categories?post=1058685"},{"taxonomy":"post_tag","embeddable":true,"href":"https:\/\/www.eldigitaldeasturias.com\/noticias\/wp-json\/wp\/v2\/tags?post=1058685"}],"curies":[{"name":"wp","href":"https:\/\/api.w.org\/{rel}","templated":true}]}}