{"id":1058609,"date":"2020-02-21T22:35:53","date_gmt":"2020-02-21T22:35:53","guid":{"rendered":"https:\/\/www.eldigitaldeasturias.com\/noticias\/?p=1058609"},"modified":"2020-02-21T22:37:02","modified_gmt":"2020-02-21T22:37:02","slug":"los-lideres-de-la-ue-fracasan-no-hay-acuerdo-presupuestario","status":"publish","type":"post","link":"https:\/\/www.eldigitaldeasturias.com\/noticias\/los-lideres-de-la-ue-fracasan-no-hay-acuerdo-presupuestario\/","title":{"rendered":"Los l\u00edderes de la UE fracasan: No hay acuerdo presupuestario"},"content":{"rendered":"<p><img loading=\"lazy\" decoding=\"async\" class=\"alignleft size-medium wp-image-983320\" src=\"https:\/\/www.eldigitaldeasturias.com\/noticias\/wp-content\/uploads\/2018\/06\/blue-1283011_960_720-360x252.jpg\" alt=\"\" width=\"360\" height=\"252\" srcset=\"https:\/\/www.eldigitaldeasturias.com\/noticias\/wp-content\/uploads\/2018\/06\/blue-1283011_960_720-360x252.jpg 360w, https:\/\/www.eldigitaldeasturias.com\/noticias\/wp-content\/uploads\/2018\/06\/blue-1283011_960_720-429x300.jpg 429w, https:\/\/www.eldigitaldeasturias.com\/noticias\/wp-content\/uploads\/2018\/06\/blue-1283011_960_720-768x537.jpg 768w, https:\/\/www.eldigitaldeasturias.com\/noticias\/wp-content\/uploads\/2018\/06\/blue-1283011_960_720-687x480.jpg 687w, https:\/\/www.eldigitaldeasturias.com\/noticias\/wp-content\/uploads\/2018\/06\/blue-1283011_960_720-20x14.jpg 20w, https:\/\/www.eldigitaldeasturias.com\/noticias\/wp-content\/uploads\/2018\/06\/blue-1283011_960_720.jpg 960w\" sizes=\"auto, (max-width: 360px) 100vw, 360px\" \/>(Europa Press) &#8211;\u00a0<strong>Los l\u00edderes han fracasado en su intento de cerrar este viernes un presupuesto de la Uni\u00f3n Europea para los pr\u00f3ximos siete a\u00f1os<\/strong> debido a las profundas diferencias que persisten entre los pa\u00edses ricos del bloque, partidarios de recortar los fondos agr\u00edcolas y regionales, y los pa\u00edses que apuestan por mantenerlos, entre los que se encuentra Espa\u00f1a.<\/p>\n<p>En concreto, los jefes de Estado y de Gobierno de los Veintisiete han rechazado en apenas media hora de reuni\u00f3n la \u00faltima propuesta que ha llegado a su mesa, que s\u00f3lo introduc\u00eda peque\u00f1os cambios a los recortes planteados previamente para la Pol\u00edtica Agr\u00edcola Com\u00fan (PAC) y la Pol\u00edtica de Cohesi\u00f3n.<\/p>\n<p>Este desenlace implica que los l\u00edderes se ver\u00e1n otra vez en una nueva cumbre extraordinaria que todav\u00eda no tiene fecha, pero que diversas fuentes situaban en la primera semana de marzo, seg\u00fan han informado a Europa Press.<\/p>\n<p>\u00abDesafortunadamente, hoy hemos observado que no era posible lograr un acuerdo, hemos visto que necesitamos m\u00e1s tiempo. Sabemos que es un tema muy dif\u00edcil, una negociaci\u00f3n muy complicada, especialmente tras el Brexit\u00bb, ha anunciado en una rueda de prensa el presidente del Consejo europeo, Charles Michel.<\/p>\n<p>El exprimer ministro belga, por su parte, ha preferido no aventurar una posible fecha para una nueva cumbre y ha argumentado que antes debe mantener \u00abconsultas informales\u00bb por separado con los l\u00edderes para \u00abver cu\u00e1l puede ser la mejor manera de trabajar\u00bb.<\/p>\n<p><strong>\u00abNo estamos todav\u00eda ah\u00ed, pero estamos en el camino correcto\u00bb<\/strong>, ha expresado en la misma rueda de prensa la presidenta de la Comisi\u00f3n Europea, Ursula von der Leyen, que, sin embargo, ha advertido que es necesario lograr una acuerdo como \u00abcuesti\u00f3n de urgencia\u00bb porque si no se ponen en riesgo la continuidad de programas europeos como Erasmus+, la inversi\u00f3n en investigaci\u00f3n e innovaci\u00f3n o las medidas para combatir el cambio clim\u00e1tico.<\/p>\n<p><strong>DIFERENCIAS DEMASIADO IMPORTANTES<\/strong><\/p>\n<p>Una vez finalizada la cumbre extraordinaria, la canciller alemana, Angela Merkel, ha explicado que \u00ablas diferencias\u00bb entre los Estados miembros \u00abson demasiado importantes\u00bb, por lo que \u00abhay que seguir trabajando\u00bb durante los pr\u00f3ximos d\u00edas para acercar el acuerdo.<\/p>\n<p>Posteriormente ha recordado que es necesaria la unanimidad de los Veintisiete para sacar adelante las cuentas y ha confirmado que los l\u00edderes tan siquiera han examinado la \u00faltima propuesta \u00aben detalle\u00bb, porque ya sab\u00edan que los cambios \u00abno iban a ser suficientes para superar las diferencias\u00bb.<\/p>\n<p>Preguntado por el da\u00f1o que esta divisi\u00f3n tras el Brexit puede hacer a la imagen de la Uni\u00f3n Europea, el presidente franc\u00e9s, Emmanuel Macron, ha concedido que \u00abno hace falta Reino Unido\u00bb para evidenciar que existen \u00abnuevas divisiones\u00bb entre los Estados miembro.<\/p>\n<p>Con todo,<strong> el mandatario galo ha apostado por una Europa \u00abambiciosa\u00bb<\/strong> a la que hay que dotar con medios suficiente para responder a esos retos y ha pedido \u00abno estigmatizar\u00bb a unos pa\u00edses u otros por la falta de consenso.<\/p>\n<p><strong>LA BATALLA ENTRE RICOS Y AMIGOS DE LA COHESI\u00d3N<\/strong><\/p>\n<p>Los dos d\u00edas de cumbre han estado marcados por la firmeza mantenida por Pa\u00edses Bajos, Suecia, Dinamarca y Austria &#8211;los \u00abcuatro frugales\u00bb, en la jerga comunitaria&#8211; a favor de incrementar los recortes de los fondos agr\u00edcolas y regionales y en contra de cualquier incremento en el presupuesto comunitario.<\/p>\n<p>Frente a ellos, una quincena de Estados del sur y del este del bloque, entre ellos Espa\u00f1a pero tambi\u00e9n Portugal, Italia, Polonia, Hungr\u00eda, Rep\u00fablica Checa, han reclamado una Pol\u00edtica de Cohesi\u00f3n fuerte y s\u00f3lida. Adem\u00e1s, Espa\u00f1a ha encontrado en Francia su mejor aliado en defensa de una mayor dotaci\u00f3n de la Pol\u00edtica Agr\u00edcola Com\u00fan (PAC).<\/p>\n<p>De esta forma, las negociaciones han quedado bloqueadas entre las posiciones de unos y otros, pero adem\u00e1s la firmeza de los socios m\u00e1s ricos ha generado cierto malestar en el resto. Fuentes de Moncloa aseguran, en esta l\u00ednea, que los \u00abcuatro frugales\u00bb han ganado un \u00abprotagonismo excesivo\u00bb en las negociaciones.<\/p>\n<p>Esa situaci\u00f3n ha provocado, seg\u00fan las mismas fuentes, la \u00abreacci\u00f3n\u00bb de pa\u00edses con \u00abmucho m\u00e1s porcentaje de poblaci\u00f3n\u00bb y ahora quieren que \u00absu voz se oiga con la misma fuerza y firmeza\u00bb. \u00abEl grupo de amigos de la cohesi\u00f3n est\u00e1 haciendo valer su voz de una forma muy clara\u00bb, remarcan fuentes del Gobierno espa\u00f1ol, describiendo un cambio en la \u00abdin\u00e1mica\u00bb de la negociaci\u00f3n.<\/p>\n<p>&nbsp;<\/p>\n","protected":false},"excerpt":{"rendered":"<p>(Europa Press) &#8211;\u00a0Los l\u00edderes han fracasado en su intento de cerrar este viernes un presupuesto de la Uni\u00f3n Europea para los pr\u00f3ximos siete a\u00f1os debido a las profundas diferencias que persisten entre los pa\u00edses ricos del bloque, partidarios de recortar los fondos agr\u00edcolas y regionales, y los pa\u00edses que apuestan por mantenerlos, entre los que [&hellip;]<\/p>\n","protected":false},"author":1,"featured_media":1058610,"comment_status":"closed","ping_status":"closed","sticky":false,"template":"","format":"standard","meta":{"footnotes":""},"categories":[187],"tags":[],"class_list":["post-1058609","post","type-post","status-publish","format-standard","has-post-thumbnail","hentry","category-economia"],"aioseo_notices":[],"aioseo_head":"\n\t\t<!-- All in One SEO Pro 4.9.6.2 - aioseo.com -->\n\t<meta name=\"description\" content=\"(Europa Press) - Los l\u00edderes han fracasado en su intento de cerrar este viernes un presupuesto de la Uni\u00f3n Europea para los pr\u00f3ximos siete a\u00f1os debido a las profundas diferencias que persisten entre los pa\u00edses ricos del bloque, partidarios de recortar los fondos agr\u00edcolas y regionales, y los pa\u00edses que apuestan por mantenerlos, entre los que\" \/>\n\t<meta name=\"robots\" content=\"max-image-preview:large\" \/>\n\t<meta name=\"author\" content=\"El Digital de Asturias\"\/>\n\t<meta name=\"google-site-verification\" content=\"UA-38556648-1\" \/>\n\t<meta name=\"msvalidate.01\" content=\"7dfe9f3f1b24437ab69f4f2559babe99\" \/>\n\t<meta name=\"keywords\" content=\"econom\u00eda\" \/>\n\t<link rel=\"canonical\" href=\"https:\/\/www.eldigitaldeasturias.com\/noticias\/los-lideres-de-la-ue-fracasan-no-hay-acuerdo-presupuestario\/\" \/>\n\t<meta name=\"generator\" content=\"All in One SEO Pro (AIOSEO) 4.9.6.2\" \/>\n\t\t<meta property=\"og:locale\" content=\"es_ES\" \/>\n\t\t<meta property=\"og:site_name\" content=\"El Digital de Asturias\" \/>\n\t\t<meta property=\"og:type\" content=\"article\" \/>\n\t\t<meta property=\"og:title\" content=\"Los l\u00edderes de la UE fracasan: No hay acuerdo presupuestario - El Digital de Asturias\" \/>\n\t\t<meta property=\"og:description\" content=\"(Europa Press) - Los l\u00edderes han fracasado en su intento de cerrar este viernes un presupuesto de la Uni\u00f3n Europea para los pr\u00f3ximos siete a\u00f1os debido a las profundas diferencias que persisten entre los pa\u00edses ricos del bloque, partidarios de recortar los fondos agr\u00edcolas y regionales, y los pa\u00edses que apuestan por mantenerlos, entre los que\" \/>\n\t\t<meta property=\"og:url\" content=\"https:\/\/www.eldigitaldeasturias.com\/noticias\/los-lideres-de-la-ue-fracasan-no-hay-acuerdo-presupuestario\/\" \/>\n\t\t<meta property=\"og:image\" content=\"https:\/\/www.eldigitaldeasturias.com\/noticias\/wp-content\/uploads\/2020\/02\/flag-1198978_640.jpg\" \/>\n\t\t<meta property=\"og:image:secure_url\" content=\"https:\/\/www.eldigitaldeasturias.com\/noticias\/wp-content\/uploads\/2020\/02\/flag-1198978_640.jpg\" \/>\n\t\t<meta property=\"og:image:width\" content=\"640\" \/>\n\t\t<meta property=\"og:image:height\" content=\"426\" \/>\n\t\t<meta property=\"article:tag\" content=\"econom\u00eda\" \/>\n\t\t<meta property=\"article:published_time\" content=\"2020-02-21T22:35:53+00:00\" \/>\n\t\t<meta property=\"article:modified_time\" content=\"2020-02-21T22:37:02+00:00\" \/>\n\t\t<meta property=\"article:publisher\" content=\"https:\/\/facebook.com\/eldigitaldeasturias\" \/>\n\t\t<meta name=\"twitter:card\" content=\"summary_large_image\" \/>\n\t\t<meta name=\"twitter:title\" content=\"Los l\u00edderes de la UE fracasan: No hay acuerdo presupuestario - El Digital de Asturias\" \/>\n\t\t<meta name=\"twitter:description\" content=\"(Europa Press) - Los l\u00edderes han fracasado en su intento de cerrar este viernes un presupuesto de la Uni\u00f3n Europea para los pr\u00f3ximos siete a\u00f1os debido a las profundas diferencias que persisten entre los pa\u00edses ricos del bloque, partidarios de recortar los fondos agr\u00edcolas y regionales, y los pa\u00edses que apuestan por mantenerlos, entre los que\" \/>\n\t\t<meta name=\"twitter:image\" content=\"https:\/\/www.eldigitaldeasturias.com\/noticias\/wp-content\/uploads\/2020\/02\/flag-1198978_640.jpg\" \/>\n\t\t<meta name=\"twitter:label1\" content=\"Escrito por\" \/>\n\t\t<meta name=\"twitter:data1\" content=\"El Digital de Asturias\" \/>\n\t\t<meta name=\"twitter:label2\" content=\"Tiempo de lectura estimado\" \/>\n\t\t<meta name=\"twitter:data2\" content=\"4 minutos\" \/>\n\t\t<script type=\"application\/ld+json\" class=\"aioseo-schema\">\n\t\t\t{\"@context\":\"https:\\\/\\\/schema.org\",\"@graph\":[{\"@type\":\"BlogPosting\",\"@id\":\"https:\\\/\\\/www.eldigitaldeasturias.com\\\/noticias\\\/los-lideres-de-la-ue-fracasan-no-hay-acuerdo-presupuestario\\\/#blogposting\",\"name\":\"Los l\\u00edderes de la UE fracasan: No hay acuerdo presupuestario - El Digital de Asturias\",\"headline\":\"Los l\\u00edderes de la UE fracasan: No hay acuerdo presupuestario\",\"author\":{\"@id\":\"https:\\\/\\\/www.eldigitaldeasturias.com\\\/noticias\\\/author\\\/admin\\\/#author\"},\"publisher\":{\"@id\":\"https:\\\/\\\/www.eldigitaldeasturias.com\\\/noticias\\\/#organization\"},\"image\":{\"@type\":\"ImageObject\",\"url\":\"https:\\\/\\\/www.eldigitaldeasturias.com\\\/noticias\\\/wp-content\\\/uploads\\\/2020\\\/02\\\/flag-1198978_640.jpg\",\"width\":640,\"height\":426},\"datePublished\":\"2020-02-21T22:35:53+01:00\",\"dateModified\":\"2020-02-21T22:37:02+01:00\",\"inLanguage\":\"es-ES\",\"mainEntityOfPage\":{\"@id\":\"https:\\\/\\\/www.eldigitaldeasturias.com\\\/noticias\\\/los-lideres-de-la-ue-fracasan-no-hay-acuerdo-presupuestario\\\/#webpage\"},\"isPartOf\":{\"@id\":\"https:\\\/\\\/www.eldigitaldeasturias.com\\\/noticias\\\/los-lideres-de-la-ue-fracasan-no-hay-acuerdo-presupuestario\\\/#webpage\"},\"articleSection\":\"Econom\\u00eda\"},{\"@type\":\"BreadcrumbList\",\"@id\":\"https:\\\/\\\/www.eldigitaldeasturias.com\\\/noticias\\\/los-lideres-de-la-ue-fracasan-no-hay-acuerdo-presupuestario\\\/#breadcrumblist\",\"itemListElement\":[{\"@type\":\"ListItem\",\"@id\":\"https:\\\/\\\/www.eldigitaldeasturias.com\\\/noticias#listItem\",\"position\":1,\"name\":\"Home\",\"item\":\"https:\\\/\\\/www.eldigitaldeasturias.com\\\/noticias\",\"nextItem\":{\"@type\":\"ListItem\",\"@id\":\"https:\\\/\\\/www.eldigitaldeasturias.com\\\/noticias\\\/category\\\/economia\\\/#listItem\",\"name\":\"Econom\\u00eda\"}},{\"@type\":\"ListItem\",\"@id\":\"https:\\\/\\\/www.eldigitaldeasturias.com\\\/noticias\\\/category\\\/economia\\\/#listItem\",\"position\":2,\"name\":\"Econom\\u00eda\",\"item\":\"https:\\\/\\\/www.eldigitaldeasturias.com\\\/noticias\\\/category\\\/economia\\\/\",\"nextItem\":{\"@type\":\"ListItem\",\"@id\":\"https:\\\/\\\/www.eldigitaldeasturias.com\\\/noticias\\\/los-lideres-de-la-ue-fracasan-no-hay-acuerdo-presupuestario\\\/#listItem\",\"name\":\"Los l\\u00edderes de la UE fracasan: No hay acuerdo presupuestario\"},\"previousItem\":{\"@type\":\"ListItem\",\"@id\":\"https:\\\/\\\/www.eldigitaldeasturias.com\\\/noticias#listItem\",\"name\":\"Home\"}},{\"@type\":\"ListItem\",\"@id\":\"https:\\\/\\\/www.eldigitaldeasturias.com\\\/noticias\\\/los-lideres-de-la-ue-fracasan-no-hay-acuerdo-presupuestario\\\/#listItem\",\"position\":3,\"name\":\"Los l\\u00edderes de la UE fracasan: No hay acuerdo presupuestario\",\"previousItem\":{\"@type\":\"ListItem\",\"@id\":\"https:\\\/\\\/www.eldigitaldeasturias.com\\\/noticias\\\/category\\\/economia\\\/#listItem\",\"name\":\"Econom\\u00eda\"}}]},{\"@type\":\"Organization\",\"@id\":\"https:\\\/\\\/www.eldigitaldeasturias.com\\\/noticias\\\/#organization\",\"name\":\"El Digital de Asturias\",\"description\":\"Hemeroteca\",\"url\":\"https:\\\/\\\/www.eldigitaldeasturias.com\\\/noticias\\\/\",\"email\":\"info@eldigitaldeasturias.com\",\"telephone\":\"+34652131393\",\"logo\":{\"@type\":\"ImageObject\",\"url\":\"https:\\\/\\\/www.eldigitaldeasturias.com\\\/noticias\\\/wp-content\\\/uploads\\\/2020\\\/12\\\/EDA.jpg\",\"@id\":\"https:\\\/\\\/www.eldigitaldeasturias.com\\\/noticias\\\/los-lideres-de-la-ue-fracasan-no-hay-acuerdo-presupuestario\\\/#organizationLogo\",\"width\":649,\"height\":297},\"image\":{\"@id\":\"https:\\\/\\\/www.eldigitaldeasturias.com\\\/noticias\\\/los-lideres-de-la-ue-fracasan-no-hay-acuerdo-presupuestario\\\/#organizationLogo\"},\"sameAs\":[\"https:\\\/\\\/facebook.com\\\/eldigitaldeasturias\",\"https:\\\/\\\/www.youtube.com\\\/channel\\\/UCZP-2wLEB9Rv6erhFmqVnvg\"],\"address\":{\"@id\":\"https:\\\/\\\/www.eldigitaldeasturias.com\\\/noticias\\\/#postaladdress\",\"@type\":\"PostalAddress\",\"streetAddress\":\"san antonio 4,\",\"postalCode\":\"33430\",\"addressLocality\":\"Cand\\u00e1s\",\"addressRegion\":\"Asturias\",\"addressCountry\":\"ES\"}},{\"@type\":\"Person\",\"@id\":\"https:\\\/\\\/www.eldigitaldeasturias.com\\\/noticias\\\/author\\\/admin\\\/#author\",\"url\":\"https:\\\/\\\/www.eldigitaldeasturias.com\\\/noticias\\\/author\\\/admin\\\/\",\"name\":\"El Digital de Asturias\",\"image\":{\"@type\":\"ImageObject\",\"@id\":\"https:\\\/\\\/www.eldigitaldeasturias.com\\\/noticias\\\/los-lideres-de-la-ue-fracasan-no-hay-acuerdo-presupuestario\\\/#authorImage\",\"url\":\"https:\\\/\\\/www.eldigitaldeasturias.com\\\/noticias\\\/wp-content\\\/litespeed\\\/avatar\\\/18677e78aa0546b92d9dbf31ec7d7668.jpg?ver=1777290358\",\"width\":96,\"height\":96,\"caption\":\"El Digital de Asturias\"}},{\"@type\":\"WebPage\",\"@id\":\"https:\\\/\\\/www.eldigitaldeasturias.com\\\/noticias\\\/los-lideres-de-la-ue-fracasan-no-hay-acuerdo-presupuestario\\\/#webpage\",\"url\":\"https:\\\/\\\/www.eldigitaldeasturias.com\\\/noticias\\\/los-lideres-de-la-ue-fracasan-no-hay-acuerdo-presupuestario\\\/\",\"name\":\"Los l\\u00edderes de la UE fracasan: No hay acuerdo presupuestario - El Digital de Asturias\",\"description\":\"(Europa Press) - Los l\\u00edderes han fracasado en su intento de cerrar este viernes un presupuesto de la Uni\\u00f3n Europea para los pr\\u00f3ximos siete a\\u00f1os debido a las profundas diferencias que persisten entre los pa\\u00edses ricos del bloque, partidarios de recortar los fondos agr\\u00edcolas y regionales, y los pa\\u00edses que apuestan por mantenerlos, entre los que\",\"inLanguage\":\"es-ES\",\"isPartOf\":{\"@id\":\"https:\\\/\\\/www.eldigitaldeasturias.com\\\/noticias\\\/#website\"},\"breadcrumb\":{\"@id\":\"https:\\\/\\\/www.eldigitaldeasturias.com\\\/noticias\\\/los-lideres-de-la-ue-fracasan-no-hay-acuerdo-presupuestario\\\/#breadcrumblist\"},\"author\":{\"@id\":\"https:\\\/\\\/www.eldigitaldeasturias.com\\\/noticias\\\/author\\\/admin\\\/#author\"},\"creator\":{\"@id\":\"https:\\\/\\\/www.eldigitaldeasturias.com\\\/noticias\\\/author\\\/admin\\\/#author\"},\"image\":{\"@type\":\"ImageObject\",\"url\":\"https:\\\/\\\/www.eldigitaldeasturias.com\\\/noticias\\\/wp-content\\\/uploads\\\/2020\\\/02\\\/flag-1198978_640.jpg\",\"@id\":\"https:\\\/\\\/www.eldigitaldeasturias.com\\\/noticias\\\/los-lideres-de-la-ue-fracasan-no-hay-acuerdo-presupuestario\\\/#mainImage\",\"width\":640,\"height\":426},\"primaryImageOfPage\":{\"@id\":\"https:\\\/\\\/www.eldigitaldeasturias.com\\\/noticias\\\/los-lideres-de-la-ue-fracasan-no-hay-acuerdo-presupuestario\\\/#mainImage\"},\"datePublished\":\"2020-02-21T22:35:53+01:00\",\"dateModified\":\"2020-02-21T22:37:02+01:00\"},{\"@type\":\"WebSite\",\"@id\":\"https:\\\/\\\/www.eldigitaldeasturias.com\\\/noticias\\\/#website\",\"url\":\"https:\\\/\\\/www.eldigitaldeasturias.com\\\/noticias\\\/\",\"name\":\"El Digital de Asturias - Diario de actualidad y noticias\",\"alternateName\":\"El Digital de Asturias - Diario de actualidad y noticias\",\"description\":\"Hemeroteca\",\"inLanguage\":\"es-ES\",\"publisher\":{\"@id\":\"https:\\\/\\\/www.eldigitaldeasturias.com\\\/noticias\\\/#organization\"}}]}\n\t\t<\/script>\n\t\t<!-- All in One SEO Pro -->\r\n\t\t<title>Los l\u00edderes de la UE fracasan: No hay acuerdo presupuestario - El Digital de Asturias<\/title>\n\n","aioseo_head_json":{"title":"Los l\u00edderes de la UE fracasan: No hay acuerdo presupuestario - El Digital de Asturias","description":"(Europa Press) - Los l\u00edderes han fracasado en su intento de cerrar este viernes un presupuesto de la Uni\u00f3n Europea para los pr\u00f3ximos siete a\u00f1os debido a las profundas diferencias que persisten entre los pa\u00edses ricos del bloque, partidarios de recortar los fondos agr\u00edcolas y regionales, y los pa\u00edses que apuestan por mantenerlos, entre los que","canonical_url":"https:\/\/www.eldigitaldeasturias.com\/noticias\/los-lideres-de-la-ue-fracasan-no-hay-acuerdo-presupuestario\/","robots":"max-image-preview:large","keywords":"econom\u00eda","webmasterTools":{"google-site-verification":"UA-38556648-1","msvalidate.01":"7dfe9f3f1b24437ab69f4f2559babe99","miscellaneous":""},"schema":{"@context":"https:\/\/schema.org","@graph":[{"@type":"BlogPosting","@id":"https:\/\/www.eldigitaldeasturias.com\/noticias\/los-lideres-de-la-ue-fracasan-no-hay-acuerdo-presupuestario\/#blogposting","name":"Los l\u00edderes de la UE fracasan: No hay acuerdo presupuestario - El Digital de Asturias","headline":"Los l\u00edderes de la UE fracasan: No hay acuerdo presupuestario","author":{"@id":"https:\/\/www.eldigitaldeasturias.com\/noticias\/author\/admin\/#author"},"publisher":{"@id":"https:\/\/www.eldigitaldeasturias.com\/noticias\/#organization"},"image":{"@type":"ImageObject","url":"https:\/\/www.eldigitaldeasturias.com\/noticias\/wp-content\/uploads\/2020\/02\/flag-1198978_640.jpg","width":640,"height":426},"datePublished":"2020-02-21T22:35:53+01:00","dateModified":"2020-02-21T22:37:02+01:00","inLanguage":"es-ES","mainEntityOfPage":{"@id":"https:\/\/www.eldigitaldeasturias.com\/noticias\/los-lideres-de-la-ue-fracasan-no-hay-acuerdo-presupuestario\/#webpage"},"isPartOf":{"@id":"https:\/\/www.eldigitaldeasturias.com\/noticias\/los-lideres-de-la-ue-fracasan-no-hay-acuerdo-presupuestario\/#webpage"},"articleSection":"Econom\u00eda"},{"@type":"BreadcrumbList","@id":"https:\/\/www.eldigitaldeasturias.com\/noticias\/los-lideres-de-la-ue-fracasan-no-hay-acuerdo-presupuestario\/#breadcrumblist","itemListElement":[{"@type":"ListItem","@id":"https:\/\/www.eldigitaldeasturias.com\/noticias#listItem","position":1,"name":"Home","item":"https:\/\/www.eldigitaldeasturias.com\/noticias","nextItem":{"@type":"ListItem","@id":"https:\/\/www.eldigitaldeasturias.com\/noticias\/category\/economia\/#listItem","name":"Econom\u00eda"}},{"@type":"ListItem","@id":"https:\/\/www.eldigitaldeasturias.com\/noticias\/category\/economia\/#listItem","position":2,"name":"Econom\u00eda","item":"https:\/\/www.eldigitaldeasturias.com\/noticias\/category\/economia\/","nextItem":{"@type":"ListItem","@id":"https:\/\/www.eldigitaldeasturias.com\/noticias\/los-lideres-de-la-ue-fracasan-no-hay-acuerdo-presupuestario\/#listItem","name":"Los l\u00edderes de la UE fracasan: No hay acuerdo presupuestario"},"previousItem":{"@type":"ListItem","@id":"https:\/\/www.eldigitaldeasturias.com\/noticias#listItem","name":"Home"}},{"@type":"ListItem","@id":"https:\/\/www.eldigitaldeasturias.com\/noticias\/los-lideres-de-la-ue-fracasan-no-hay-acuerdo-presupuestario\/#listItem","position":3,"name":"Los l\u00edderes de la UE fracasan: No hay acuerdo presupuestario","previousItem":{"@type":"ListItem","@id":"https:\/\/www.eldigitaldeasturias.com\/noticias\/category\/economia\/#listItem","name":"Econom\u00eda"}}]},{"@type":"Organization","@id":"https:\/\/www.eldigitaldeasturias.com\/noticias\/#organization","name":"El Digital de Asturias","description":"Hemeroteca","url":"https:\/\/www.eldigitaldeasturias.com\/noticias\/","email":"info@eldigitaldeasturias.com","telephone":"+34652131393","logo":{"@type":"ImageObject","url":"https:\/\/www.eldigitaldeasturias.com\/noticias\/wp-content\/uploads\/2020\/12\/EDA.jpg","@id":"https:\/\/www.eldigitaldeasturias.com\/noticias\/los-lideres-de-la-ue-fracasan-no-hay-acuerdo-presupuestario\/#organizationLogo","width":649,"height":297},"image":{"@id":"https:\/\/www.eldigitaldeasturias.com\/noticias\/los-lideres-de-la-ue-fracasan-no-hay-acuerdo-presupuestario\/#organizationLogo"},"sameAs":["https:\/\/facebook.com\/eldigitaldeasturias","https:\/\/www.youtube.com\/channel\/UCZP-2wLEB9Rv6erhFmqVnvg"],"address":{"@id":"https:\/\/www.eldigitaldeasturias.com\/noticias\/#postaladdress","@type":"PostalAddress","streetAddress":"san antonio 4,","postalCode":"33430","addressLocality":"Cand\u00e1s","addressRegion":"Asturias","addressCountry":"ES"}},{"@type":"Person","@id":"https:\/\/www.eldigitaldeasturias.com\/noticias\/author\/admin\/#author","url":"https:\/\/www.eldigitaldeasturias.com\/noticias\/author\/admin\/","name":"El Digital de Asturias","image":{"@type":"ImageObject","@id":"https:\/\/www.eldigitaldeasturias.com\/noticias\/los-lideres-de-la-ue-fracasan-no-hay-acuerdo-presupuestario\/#authorImage","url":"https:\/\/www.eldigitaldeasturias.com\/noticias\/wp-content\/litespeed\/avatar\/18677e78aa0546b92d9dbf31ec7d7668.jpg?ver=1777290358","width":96,"height":96,"caption":"El Digital de Asturias"}},{"@type":"WebPage","@id":"https:\/\/www.eldigitaldeasturias.com\/noticias\/los-lideres-de-la-ue-fracasan-no-hay-acuerdo-presupuestario\/#webpage","url":"https:\/\/www.eldigitaldeasturias.com\/noticias\/los-lideres-de-la-ue-fracasan-no-hay-acuerdo-presupuestario\/","name":"Los l\u00edderes de la UE fracasan: No hay acuerdo presupuestario - El Digital de Asturias","description":"(Europa Press) - Los l\u00edderes han fracasado en su intento de cerrar este viernes un presupuesto de la Uni\u00f3n Europea para los pr\u00f3ximos siete a\u00f1os debido a las profundas diferencias que persisten entre los pa\u00edses ricos del bloque, partidarios de recortar los fondos agr\u00edcolas y regionales, y los pa\u00edses que apuestan por mantenerlos, entre los que","inLanguage":"es-ES","isPartOf":{"@id":"https:\/\/www.eldigitaldeasturias.com\/noticias\/#website"},"breadcrumb":{"@id":"https:\/\/www.eldigitaldeasturias.com\/noticias\/los-lideres-de-la-ue-fracasan-no-hay-acuerdo-presupuestario\/#breadcrumblist"},"author":{"@id":"https:\/\/www.eldigitaldeasturias.com\/noticias\/author\/admin\/#author"},"creator":{"@id":"https:\/\/www.eldigitaldeasturias.com\/noticias\/author\/admin\/#author"},"image":{"@type":"ImageObject","url":"https:\/\/www.eldigitaldeasturias.com\/noticias\/wp-content\/uploads\/2020\/02\/flag-1198978_640.jpg","@id":"https:\/\/www.eldigitaldeasturias.com\/noticias\/los-lideres-de-la-ue-fracasan-no-hay-acuerdo-presupuestario\/#mainImage","width":640,"height":426},"primaryImageOfPage":{"@id":"https:\/\/www.eldigitaldeasturias.com\/noticias\/los-lideres-de-la-ue-fracasan-no-hay-acuerdo-presupuestario\/#mainImage"},"datePublished":"2020-02-21T22:35:53+01:00","dateModified":"2020-02-21T22:37:02+01:00"},{"@type":"WebSite","@id":"https:\/\/www.eldigitaldeasturias.com\/noticias\/#website","url":"https:\/\/www.eldigitaldeasturias.com\/noticias\/","name":"El Digital de Asturias - Diario de actualidad y noticias","alternateName":"El Digital de Asturias - Diario de actualidad y noticias","description":"Hemeroteca","inLanguage":"es-ES","publisher":{"@id":"https:\/\/www.eldigitaldeasturias.com\/noticias\/#organization"}}]},"og:locale":"es_ES","og:site_name":"El Digital de Asturias","og:type":"article","og:title":"Los l\u00edderes de la UE fracasan: No hay acuerdo presupuestario - El Digital de Asturias","og:description":"(Europa Press) - Los l\u00edderes han fracasado en su intento de cerrar este viernes un presupuesto de la Uni\u00f3n Europea para los pr\u00f3ximos siete a\u00f1os debido a las profundas diferencias que persisten entre los pa\u00edses ricos del bloque, partidarios de recortar los fondos agr\u00edcolas y regionales, y los pa\u00edses que apuestan por mantenerlos, entre los que","og:url":"https:\/\/www.eldigitaldeasturias.com\/noticias\/los-lideres-de-la-ue-fracasan-no-hay-acuerdo-presupuestario\/","og:image":"https:\/\/www.eldigitaldeasturias.com\/noticias\/wp-content\/uploads\/2020\/02\/flag-1198978_640.jpg","og:image:secure_url":"https:\/\/www.eldigitaldeasturias.com\/noticias\/wp-content\/uploads\/2020\/02\/flag-1198978_640.jpg","og:image:width":640,"og:image:height":426,"article:tag":["econom\u00eda"],"article:published_time":"2020-02-21T22:35:53+00:00","article:modified_time":"2020-02-21T22:37:02+00:00","article:publisher":"https:\/\/facebook.com\/eldigitaldeasturias","twitter:card":"summary_large_image","twitter:title":"Los l\u00edderes de la UE fracasan: No hay acuerdo presupuestario - El Digital de Asturias","twitter:description":"(Europa Press) - Los l\u00edderes han fracasado en su intento de cerrar este viernes un presupuesto de la Uni\u00f3n Europea para los pr\u00f3ximos siete a\u00f1os debido a las profundas diferencias que persisten entre los pa\u00edses ricos del bloque, partidarios de recortar los fondos agr\u00edcolas y regionales, y los pa\u00edses que apuestan por mantenerlos, entre los que","twitter:image":"https:\/\/www.eldigitaldeasturias.com\/noticias\/wp-content\/uploads\/2020\/02\/flag-1198978_640.jpg","twitter:label1":"Escrito por","twitter:data1":"El Digital de Asturias","twitter:label2":"Tiempo de lectura estimado","twitter:data2":"4 minutos"},"aioseo_meta_data":{"post_id":"1058609","title":null,"description":null,"keywords":null,"keyphrases":null,"primary_term":null,"canonical_url":null,"og_title":null,"og_description":null,"og_object_type":"default","og_image_type":"default","og_image_url":null,"og_image_width":null,"og_image_height":null,"og_image_custom_url":null,"og_image_custom_fields":null,"og_video":null,"og_custom_url":null,"og_article_section":null,"og_article_tags":null,"twitter_use_og":false,"twitter_card":"default","twitter_image_type":"default","twitter_image_url":null,"twitter_image_custom_url":null,"twitter_image_custom_fields":null,"twitter_title":null,"twitter_description":null,"schema":{"blockGraphs":[],"customGraphs":[],"default":{"data":{"Article":[],"Course":[],"Dataset":[],"FAQPage":[],"Movie":[],"Person":[],"Product":[],"ProductReview":[],"Car":[],"Recipe":[],"Service":[],"SoftwareApplication":[],"WebPage":[]},"graphName":"","isEnabled":true},"graphs":[],"defaultGraph":"","defaultPostTypeGraph":""},"schema_type":null,"schema_type_options":null,"pillar_content":false,"robots_default":true,"robots_noindex":false,"robots_noarchive":false,"robots_nosnippet":false,"robots_nofollow":false,"robots_noimageindex":false,"robots_noodp":false,"robots_notranslate":false,"robots_max_snippet":null,"robots_max_videopreview":null,"robots_max_imagepreview":"large","priority":null,"frequency":null,"local_seo":null,"seo_analyzer_scan_date":"2025-10-31 05:59:48","breadcrumb_settings":null,"limit_modified_date":false,"open_ai":null,"ai":null,"created":"2020-12-21 10:55:05","updated":"2025-10-31 05:59:48"},"aioseo_breadcrumb":"<div class=\"aioseo-breadcrumbs\"><span class=\"aioseo-breadcrumb\">\n\t<a href=\"https:\/\/www.eldigitaldeasturias.com\/noticias\" title=\"Home\">Home<\/a>\n<\/span><span class=\"aioseo-breadcrumb-separator\">\u2013<\/span><span class=\"aioseo-breadcrumb\">\n\t<a href=\"https:\/\/www.eldigitaldeasturias.com\/noticias\/category\/economia\/\" title=\"Econom\u00eda\">Econom\u00eda<\/a>\n<\/span><span class=\"aioseo-breadcrumb-separator\">\u2013<\/span><span class=\"aioseo-breadcrumb\">\n\t<a href=\"https:\/\/www.eldigitaldeasturias.com\/noticias\/los-lideres-de-la-ue-fracasan-no-hay-acuerdo-presupuestario\/\" title=\"Los l\u00edderes de la UE fracasan: No hay acuerdo presupuestario\">Los l\u00edderes de la UE fracasan: No hay acuerdo presupuestario<\/a>\n<\/span><\/div>","aioseo_breadcrumb_json":[{"label":"Home","link":"https:\/\/www.eldigitaldeasturias.com\/noticias"},{"label":"Econom\u00eda","link":"https:\/\/www.eldigitaldeasturias.com\/noticias\/category\/economia\/"},{"label":"Los l\u00edderes de la UE fracasan: No hay acuerdo presupuestario","link":"https:\/\/www.eldigitaldeasturias.com\/noticias\/los-lideres-de-la-ue-fracasan-no-hay-acuerdo-presupuestario\/"}],"_links":{"self":[{"href":"https:\/\/www.eldigitaldeasturias.com\/noticias\/wp-json\/wp\/v2\/posts\/1058609","targetHints":{"allow":["GET"]}}],"collection":[{"href":"https:\/\/www.eldigitaldeasturias.com\/noticias\/wp-json\/wp\/v2\/posts"}],"about":[{"href":"https:\/\/www.eldigitaldeasturias.com\/noticias\/wp-json\/wp\/v2\/types\/post"}],"author":[{"embeddable":true,"href":"https:\/\/www.eldigitaldeasturias.com\/noticias\/wp-json\/wp\/v2\/users\/1"}],"replies":[{"embeddable":true,"href":"https:\/\/www.eldigitaldeasturias.com\/noticias\/wp-json\/wp\/v2\/comments?post=1058609"}],"version-history":[{"count":0,"href":"https:\/\/www.eldigitaldeasturias.com\/noticias\/wp-json\/wp\/v2\/posts\/1058609\/revisions"}],"wp:featuredmedia":[{"embeddable":true,"href":"https:\/\/www.eldigitaldeasturias.com\/noticias\/wp-json\/wp\/v2\/media\/1058610"}],"wp:attachment":[{"href":"https:\/\/www.eldigitaldeasturias.com\/noticias\/wp-json\/wp\/v2\/media?parent=1058609"}],"wp:term":[{"taxonomy":"category","embeddable":true,"href":"https:\/\/www.eldigitaldeasturias.com\/noticias\/wp-json\/wp\/v2\/categories?post=1058609"},{"taxonomy":"post_tag","embeddable":true,"href":"https:\/\/www.eldigitaldeasturias.com\/noticias\/wp-json\/wp\/v2\/tags?post=1058609"}],"curies":[{"name":"wp","href":"https:\/\/api.w.org\/{rel}","templated":true}]}}