{"id":1058603,"date":"2020-02-21T22:23:28","date_gmt":"2020-02-21T22:23:28","guid":{"rendered":"https:\/\/www.eldigitaldeasturias.com\/noticias\/?p=1058603"},"modified":"2020-02-21T22:23:28","modified_gmt":"2020-02-21T22:23:28","slug":"defensa-y-el-incibe-colaboraran-para-impulsar-el-empleo","status":"publish","type":"post","link":"https:\/\/www.eldigitaldeasturias.com\/noticias\/defensa-y-el-incibe-colaboraran-para-impulsar-el-empleo\/","title":{"rendered":"Defensa y el INCIBE colaborar\u00e1n para impulsar el empleo"},"content":{"rendered":"<p><img loading=\"lazy\" decoding=\"async\" class=\"alignleft size-medium wp-image-1058604\" src=\"https:\/\/www.eldigitaldeasturias.com\/noticias\/wp-content\/uploads\/2020\/02\/210220-incibe-360x239.jpg\" alt=\"\" width=\"360\" height=\"239\" srcset=\"https:\/\/www.eldigitaldeasturias.com\/noticias\/wp-content\/uploads\/2020\/02\/210220-incibe-360x239.jpg 360w, https:\/\/www.eldigitaldeasturias.com\/noticias\/wp-content\/uploads\/2020\/02\/210220-incibe-452x300.jpg 452w, https:\/\/www.eldigitaldeasturias.com\/noticias\/wp-content\/uploads\/2020\/02\/210220-incibe.jpg 512w\" sizes=\"auto, (max-width: 360px) 100vw, 360px\" \/>El subsecretario de Defensa, Alejo de la Torre, y la directora general del Instituto Nacional de Ciberseguridad (INCIBE), Rosa D\u00edaz Moles, han firmado un convenio de colaboraci\u00f3n para promover acciones que impulsen el empleo y generaci\u00f3n de talento en el \u00e1mbito de la ciberseguridad.<\/p>\n<p>El fin de este acuerdo es facilitar la incorporaci\u00f3n del personal militar y reservistas de especial disponibilidad al mercado laboral.<\/p>\n<p>Este convenio, que se enmarca dentro de las actuaciones de formaci\u00f3n complementaria de la estrategia de orientaci\u00f3n laboral del Ministerio de Defensa, prev\u00e9 un total de 86.800 horas formativas dirigidas a 200 alumnos cada a\u00f1o.<\/p>\n<p>Estas acciones combinan la ense\u00f1anza online (70%), en colaboraci\u00f3n con la Universidad de Le\u00f3n, y la presencial (30%), y est\u00e1n dirigidos al personal que presten servicios profesionales de car\u00e1cter temporal y a los reservistas de especial disponibilidad que se encuentren en situaci\u00f3n legal de desempleo.<\/p>\n<p>La directora general de Reclutamiento y Ense\u00f1anza Militar, Amparo Valcarce, encargada de introducir el acto, ha resaltado la importancia de contar en este \u00e1mbito, con personas que, adem\u00e1s de su formaci\u00f3n tecnol\u00f3gica, \u00abaporten una s\u00f3lida formaci\u00f3n en valores\u00bb.<\/p>\n<p>\u00abLa interconectividad es un desaf\u00edo, pero tambi\u00e9n una oportunidad para el desarrollo del personal de Tropa y Mariner\u00eda y reservistas de especial disponibilidad. La necesidad de talento en las Administraciones P\u00fablicas y en las empresas privadas es acuciante\u00bb, ha afirmado la directora general.<\/p>\n<p>Por su parte, la directora general del INCIBE ha subrayado la importancia de avanzar en la formaci\u00f3n militar vinculada y la generaci\u00f3n de talento en el campo de la ciberseguridad. Y ha indicado que habr\u00e1 tres millones de puestos de trabajo sin cubrir en seguridad digital a nivel global en los pr\u00f3ximos a\u00f1os.<\/p>\n<p>Por \u00faltimo, el subsecretario de Defensa, Alejo de la Torre, ha destacado que el convenio \u00absupone un avance en el desarrollo profesional de todo nuestro personal y un esfuerzo para facilitar su inclusi\u00f3n en el mercado laboral civil con mayores expectativas de servicio a Espa\u00f1a\u00bb.<\/p>\n<p>De la Torre ha indicado que la pol\u00edtica y la implicaci\u00f3n de su Departamento en la formaci\u00f3n en ciberseguridad y captaci\u00f3n de talento entre el personal de Tropa y Mariner\u00eda comienzan a dar sus frutos, \u00aby ya hay m\u00e1s de 200 militares altamente cualificados y preparados para trabajar en el sector de la ciberseguridad\u00bb.<\/p>\n<p>Tambi\u00e9n ha tenido unas palabras de agradecimiento a las empresas del sector por su disposici\u00f3n para incorporar en sus estructuras al personal militar.<\/p>\n<p>Han estado presentes en el acto el director general del SEPE, Gerardo Gutierrez Ardoy; la directora general de la EOI, Nieves Olivera P\u00e9rez-Frade, y el rector de la Universidad de Le\u00f3n, Juan Francisco Garc\u00eda Mar\u00edn, entre otras autoridades civiles y militares.<\/p>\n","protected":false},"excerpt":{"rendered":"<p>El subsecretario de Defensa, Alejo de la Torre, y la directora general del Instituto Nacional de Ciberseguridad (INCIBE), Rosa D\u00edaz Moles, han firmado un convenio de colaboraci\u00f3n para promover acciones que impulsen el empleo y generaci\u00f3n de talento en el \u00e1mbito de la ciberseguridad. El fin de este acuerdo es facilitar la incorporaci\u00f3n del personal [&hellip;]<\/p>\n","protected":false},"author":1,"featured_media":1058604,"comment_status":"closed","ping_status":"closed","sticky":false,"template":"","format":"standard","meta":{"footnotes":""},"categories":[187],"tags":[],"class_list":["post-1058603","post","type-post","status-publish","format-standard","has-post-thumbnail","hentry","category-economia"],"aioseo_notices":[],"aioseo_head":"\n\t\t<!-- All in One SEO Pro 4.9.6.2 - aioseo.com -->\n\t<meta name=\"description\" content=\"El subsecretario de Defensa, Alejo de la Torre, y la directora general del Instituto Nacional de Ciberseguridad (INCIBE), Rosa D\u00edaz Moles, han firmado un convenio de colaboraci\u00f3n para promover acciones que impulsen el empleo y generaci\u00f3n de talento en el \u00e1mbito de la ciberseguridad. El fin de este acuerdo es facilitar la incorporaci\u00f3n del personal\" \/>\n\t<meta name=\"robots\" content=\"max-image-preview:large\" \/>\n\t<meta name=\"author\" content=\"El Digital de Asturias\"\/>\n\t<meta name=\"google-site-verification\" content=\"UA-38556648-1\" \/>\n\t<meta name=\"msvalidate.01\" content=\"7dfe9f3f1b24437ab69f4f2559babe99\" \/>\n\t<meta name=\"keywords\" content=\"econom\u00eda\" \/>\n\t<link rel=\"canonical\" href=\"https:\/\/www.eldigitaldeasturias.com\/noticias\/defensa-y-el-incibe-colaboraran-para-impulsar-el-empleo\/\" \/>\n\t<meta name=\"generator\" content=\"All in One SEO Pro (AIOSEO) 4.9.6.2\" \/>\n\t\t<meta property=\"og:locale\" content=\"es_ES\" \/>\n\t\t<meta property=\"og:site_name\" content=\"El Digital de Asturias\" \/>\n\t\t<meta property=\"og:type\" content=\"article\" \/>\n\t\t<meta property=\"og:title\" content=\"Defensa y el INCIBE colaborar\u00e1n para impulsar el empleo - El Digital de Asturias\" \/>\n\t\t<meta property=\"og:description\" content=\"El subsecretario de Defensa, Alejo de la Torre, y la directora general del Instituto Nacional de Ciberseguridad (INCIBE), Rosa D\u00edaz Moles, han firmado un convenio de colaboraci\u00f3n para promover acciones que impulsen el empleo y generaci\u00f3n de talento en el \u00e1mbito de la ciberseguridad. El fin de este acuerdo es facilitar la incorporaci\u00f3n del personal\" \/>\n\t\t<meta property=\"og:url\" content=\"https:\/\/www.eldigitaldeasturias.com\/noticias\/defensa-y-el-incibe-colaboraran-para-impulsar-el-empleo\/\" \/>\n\t\t<meta property=\"og:image\" content=\"https:\/\/www.eldigitaldeasturias.com\/noticias\/wp-content\/uploads\/2020\/02\/210220-incibe.jpg\" \/>\n\t\t<meta property=\"og:image:secure_url\" content=\"https:\/\/www.eldigitaldeasturias.com\/noticias\/wp-content\/uploads\/2020\/02\/210220-incibe.jpg\" \/>\n\t\t<meta property=\"og:image:width\" content=\"512\" \/>\n\t\t<meta property=\"og:image:height\" content=\"340\" \/>\n\t\t<meta property=\"article:tag\" content=\"econom\u00eda\" \/>\n\t\t<meta property=\"article:published_time\" content=\"2020-02-21T22:23:28+00:00\" \/>\n\t\t<meta property=\"article:modified_time\" content=\"2020-02-21T22:23:28+00:00\" \/>\n\t\t<meta property=\"article:publisher\" content=\"https:\/\/facebook.com\/eldigitaldeasturias\" \/>\n\t\t<meta name=\"twitter:card\" content=\"summary_large_image\" \/>\n\t\t<meta name=\"twitter:title\" content=\"Defensa y el INCIBE colaborar\u00e1n para impulsar el empleo - El Digital de Asturias\" \/>\n\t\t<meta name=\"twitter:description\" content=\"El subsecretario de Defensa, Alejo de la Torre, y la directora general del Instituto Nacional de Ciberseguridad (INCIBE), Rosa D\u00edaz Moles, han firmado un convenio de colaboraci\u00f3n para promover acciones que impulsen el empleo y generaci\u00f3n de talento en el \u00e1mbito de la ciberseguridad. El fin de este acuerdo es facilitar la incorporaci\u00f3n del personal\" \/>\n\t\t<meta name=\"twitter:image\" content=\"https:\/\/www.eldigitaldeasturias.com\/noticias\/wp-content\/uploads\/2020\/02\/210220-incibe.jpg\" \/>\n\t\t<meta name=\"twitter:label1\" content=\"Escrito por\" \/>\n\t\t<meta name=\"twitter:data1\" content=\"El Digital de Asturias\" \/>\n\t\t<meta name=\"twitter:label2\" content=\"Tiempo de lectura estimado\" \/>\n\t\t<meta name=\"twitter:data2\" content=\"2 minutos\" \/>\n\t\t<script type=\"application\/ld+json\" class=\"aioseo-schema\">\n\t\t\t{\"@context\":\"https:\\\/\\\/schema.org\",\"@graph\":[{\"@type\":\"BlogPosting\",\"@id\":\"https:\\\/\\\/www.eldigitaldeasturias.com\\\/noticias\\\/defensa-y-el-incibe-colaboraran-para-impulsar-el-empleo\\\/#blogposting\",\"name\":\"Defensa y el INCIBE colaborar\\u00e1n para impulsar el empleo - El Digital de Asturias\",\"headline\":\"Defensa y el INCIBE colaborar\\u00e1n para impulsar el empleo\",\"author\":{\"@id\":\"https:\\\/\\\/www.eldigitaldeasturias.com\\\/noticias\\\/author\\\/admin\\\/#author\"},\"publisher\":{\"@id\":\"https:\\\/\\\/www.eldigitaldeasturias.com\\\/noticias\\\/#organization\"},\"image\":{\"@type\":\"ImageObject\",\"url\":\"https:\\\/\\\/www.eldigitaldeasturias.com\\\/noticias\\\/wp-content\\\/uploads\\\/2020\\\/02\\\/210220-incibe.jpg\",\"width\":512,\"height\":340},\"datePublished\":\"2020-02-21T22:23:28+01:00\",\"dateModified\":\"2020-02-21T22:23:28+01:00\",\"inLanguage\":\"es-ES\",\"mainEntityOfPage\":{\"@id\":\"https:\\\/\\\/www.eldigitaldeasturias.com\\\/noticias\\\/defensa-y-el-incibe-colaboraran-para-impulsar-el-empleo\\\/#webpage\"},\"isPartOf\":{\"@id\":\"https:\\\/\\\/www.eldigitaldeasturias.com\\\/noticias\\\/defensa-y-el-incibe-colaboraran-para-impulsar-el-empleo\\\/#webpage\"},\"articleSection\":\"Econom\\u00eda\"},{\"@type\":\"BreadcrumbList\",\"@id\":\"https:\\\/\\\/www.eldigitaldeasturias.com\\\/noticias\\\/defensa-y-el-incibe-colaboraran-para-impulsar-el-empleo\\\/#breadcrumblist\",\"itemListElement\":[{\"@type\":\"ListItem\",\"@id\":\"https:\\\/\\\/www.eldigitaldeasturias.com\\\/noticias#listItem\",\"position\":1,\"name\":\"Home\",\"item\":\"https:\\\/\\\/www.eldigitaldeasturias.com\\\/noticias\",\"nextItem\":{\"@type\":\"ListItem\",\"@id\":\"https:\\\/\\\/www.eldigitaldeasturias.com\\\/noticias\\\/category\\\/economia\\\/#listItem\",\"name\":\"Econom\\u00eda\"}},{\"@type\":\"ListItem\",\"@id\":\"https:\\\/\\\/www.eldigitaldeasturias.com\\\/noticias\\\/category\\\/economia\\\/#listItem\",\"position\":2,\"name\":\"Econom\\u00eda\",\"item\":\"https:\\\/\\\/www.eldigitaldeasturias.com\\\/noticias\\\/category\\\/economia\\\/\",\"nextItem\":{\"@type\":\"ListItem\",\"@id\":\"https:\\\/\\\/www.eldigitaldeasturias.com\\\/noticias\\\/defensa-y-el-incibe-colaboraran-para-impulsar-el-empleo\\\/#listItem\",\"name\":\"Defensa y el INCIBE colaborar\\u00e1n para impulsar el empleo\"},\"previousItem\":{\"@type\":\"ListItem\",\"@id\":\"https:\\\/\\\/www.eldigitaldeasturias.com\\\/noticias#listItem\",\"name\":\"Home\"}},{\"@type\":\"ListItem\",\"@id\":\"https:\\\/\\\/www.eldigitaldeasturias.com\\\/noticias\\\/defensa-y-el-incibe-colaboraran-para-impulsar-el-empleo\\\/#listItem\",\"position\":3,\"name\":\"Defensa y el INCIBE colaborar\\u00e1n para impulsar el empleo\",\"previousItem\":{\"@type\":\"ListItem\",\"@id\":\"https:\\\/\\\/www.eldigitaldeasturias.com\\\/noticias\\\/category\\\/economia\\\/#listItem\",\"name\":\"Econom\\u00eda\"}}]},{\"@type\":\"Organization\",\"@id\":\"https:\\\/\\\/www.eldigitaldeasturias.com\\\/noticias\\\/#organization\",\"name\":\"El Digital de Asturias\",\"description\":\"Hemeroteca\",\"url\":\"https:\\\/\\\/www.eldigitaldeasturias.com\\\/noticias\\\/\",\"email\":\"info@eldigitaldeasturias.com\",\"telephone\":\"+34652131393\",\"logo\":{\"@type\":\"ImageObject\",\"url\":\"https:\\\/\\\/www.eldigitaldeasturias.com\\\/noticias\\\/wp-content\\\/uploads\\\/2020\\\/12\\\/EDA.jpg\",\"@id\":\"https:\\\/\\\/www.eldigitaldeasturias.com\\\/noticias\\\/defensa-y-el-incibe-colaboraran-para-impulsar-el-empleo\\\/#organizationLogo\",\"width\":649,\"height\":297},\"image\":{\"@id\":\"https:\\\/\\\/www.eldigitaldeasturias.com\\\/noticias\\\/defensa-y-el-incibe-colaboraran-para-impulsar-el-empleo\\\/#organizationLogo\"},\"sameAs\":[\"https:\\\/\\\/facebook.com\\\/eldigitaldeasturias\",\"https:\\\/\\\/www.youtube.com\\\/channel\\\/UCZP-2wLEB9Rv6erhFmqVnvg\"],\"address\":{\"@id\":\"https:\\\/\\\/www.eldigitaldeasturias.com\\\/noticias\\\/#postaladdress\",\"@type\":\"PostalAddress\",\"streetAddress\":\"san antonio 4,\",\"postalCode\":\"33430\",\"addressLocality\":\"Cand\\u00e1s\",\"addressRegion\":\"Asturias\",\"addressCountry\":\"ES\"}},{\"@type\":\"Person\",\"@id\":\"https:\\\/\\\/www.eldigitaldeasturias.com\\\/noticias\\\/author\\\/admin\\\/#author\",\"url\":\"https:\\\/\\\/www.eldigitaldeasturias.com\\\/noticias\\\/author\\\/admin\\\/\",\"name\":\"El Digital de Asturias\",\"image\":{\"@type\":\"ImageObject\",\"@id\":\"https:\\\/\\\/www.eldigitaldeasturias.com\\\/noticias\\\/defensa-y-el-incibe-colaboraran-para-impulsar-el-empleo\\\/#authorImage\",\"url\":\"https:\\\/\\\/www.eldigitaldeasturias.com\\\/noticias\\\/wp-content\\\/litespeed\\\/avatar\\\/18677e78aa0546b92d9dbf31ec7d7668.jpg?ver=1777290358\",\"width\":96,\"height\":96,\"caption\":\"El Digital de Asturias\"}},{\"@type\":\"WebPage\",\"@id\":\"https:\\\/\\\/www.eldigitaldeasturias.com\\\/noticias\\\/defensa-y-el-incibe-colaboraran-para-impulsar-el-empleo\\\/#webpage\",\"url\":\"https:\\\/\\\/www.eldigitaldeasturias.com\\\/noticias\\\/defensa-y-el-incibe-colaboraran-para-impulsar-el-empleo\\\/\",\"name\":\"Defensa y el INCIBE colaborar\\u00e1n para impulsar el empleo - El Digital de Asturias\",\"description\":\"El subsecretario de Defensa, Alejo de la Torre, y la directora general del Instituto Nacional de Ciberseguridad (INCIBE), Rosa D\\u00edaz Moles, han firmado un convenio de colaboraci\\u00f3n para promover acciones que impulsen el empleo y generaci\\u00f3n de talento en el \\u00e1mbito de la ciberseguridad. El fin de este acuerdo es facilitar la incorporaci\\u00f3n del personal\",\"inLanguage\":\"es-ES\",\"isPartOf\":{\"@id\":\"https:\\\/\\\/www.eldigitaldeasturias.com\\\/noticias\\\/#website\"},\"breadcrumb\":{\"@id\":\"https:\\\/\\\/www.eldigitaldeasturias.com\\\/noticias\\\/defensa-y-el-incibe-colaboraran-para-impulsar-el-empleo\\\/#breadcrumblist\"},\"author\":{\"@id\":\"https:\\\/\\\/www.eldigitaldeasturias.com\\\/noticias\\\/author\\\/admin\\\/#author\"},\"creator\":{\"@id\":\"https:\\\/\\\/www.eldigitaldeasturias.com\\\/noticias\\\/author\\\/admin\\\/#author\"},\"image\":{\"@type\":\"ImageObject\",\"url\":\"https:\\\/\\\/www.eldigitaldeasturias.com\\\/noticias\\\/wp-content\\\/uploads\\\/2020\\\/02\\\/210220-incibe.jpg\",\"@id\":\"https:\\\/\\\/www.eldigitaldeasturias.com\\\/noticias\\\/defensa-y-el-incibe-colaboraran-para-impulsar-el-empleo\\\/#mainImage\",\"width\":512,\"height\":340},\"primaryImageOfPage\":{\"@id\":\"https:\\\/\\\/www.eldigitaldeasturias.com\\\/noticias\\\/defensa-y-el-incibe-colaboraran-para-impulsar-el-empleo\\\/#mainImage\"},\"datePublished\":\"2020-02-21T22:23:28+01:00\",\"dateModified\":\"2020-02-21T22:23:28+01:00\"},{\"@type\":\"WebSite\",\"@id\":\"https:\\\/\\\/www.eldigitaldeasturias.com\\\/noticias\\\/#website\",\"url\":\"https:\\\/\\\/www.eldigitaldeasturias.com\\\/noticias\\\/\",\"name\":\"El Digital de Asturias - Diario de actualidad y noticias\",\"alternateName\":\"El Digital de Asturias - Diario de actualidad y noticias\",\"description\":\"Hemeroteca\",\"inLanguage\":\"es-ES\",\"publisher\":{\"@id\":\"https:\\\/\\\/www.eldigitaldeasturias.com\\\/noticias\\\/#organization\"}}]}\n\t\t<\/script>\n\t\t<!-- All in One SEO Pro -->\r\n\t\t<title>Defensa y el INCIBE colaborar\u00e1n para impulsar el empleo - El Digital de Asturias<\/title>\n\n","aioseo_head_json":{"title":"Defensa y el INCIBE colaborar\u00e1n para impulsar el empleo - El Digital de Asturias","description":"El subsecretario de Defensa, Alejo de la Torre, y la directora general del Instituto Nacional de Ciberseguridad (INCIBE), Rosa D\u00edaz Moles, han firmado un convenio de colaboraci\u00f3n para promover acciones que impulsen el empleo y generaci\u00f3n de talento en el \u00e1mbito de la ciberseguridad. El fin de este acuerdo es facilitar la incorporaci\u00f3n del personal","canonical_url":"https:\/\/www.eldigitaldeasturias.com\/noticias\/defensa-y-el-incibe-colaboraran-para-impulsar-el-empleo\/","robots":"max-image-preview:large","keywords":"econom\u00eda","webmasterTools":{"google-site-verification":"UA-38556648-1","msvalidate.01":"7dfe9f3f1b24437ab69f4f2559babe99","miscellaneous":""},"schema":{"@context":"https:\/\/schema.org","@graph":[{"@type":"BlogPosting","@id":"https:\/\/www.eldigitaldeasturias.com\/noticias\/defensa-y-el-incibe-colaboraran-para-impulsar-el-empleo\/#blogposting","name":"Defensa y el INCIBE colaborar\u00e1n para impulsar el empleo - El Digital de Asturias","headline":"Defensa y el INCIBE colaborar\u00e1n para impulsar el empleo","author":{"@id":"https:\/\/www.eldigitaldeasturias.com\/noticias\/author\/admin\/#author"},"publisher":{"@id":"https:\/\/www.eldigitaldeasturias.com\/noticias\/#organization"},"image":{"@type":"ImageObject","url":"https:\/\/www.eldigitaldeasturias.com\/noticias\/wp-content\/uploads\/2020\/02\/210220-incibe.jpg","width":512,"height":340},"datePublished":"2020-02-21T22:23:28+01:00","dateModified":"2020-02-21T22:23:28+01:00","inLanguage":"es-ES","mainEntityOfPage":{"@id":"https:\/\/www.eldigitaldeasturias.com\/noticias\/defensa-y-el-incibe-colaboraran-para-impulsar-el-empleo\/#webpage"},"isPartOf":{"@id":"https:\/\/www.eldigitaldeasturias.com\/noticias\/defensa-y-el-incibe-colaboraran-para-impulsar-el-empleo\/#webpage"},"articleSection":"Econom\u00eda"},{"@type":"BreadcrumbList","@id":"https:\/\/www.eldigitaldeasturias.com\/noticias\/defensa-y-el-incibe-colaboraran-para-impulsar-el-empleo\/#breadcrumblist","itemListElement":[{"@type":"ListItem","@id":"https:\/\/www.eldigitaldeasturias.com\/noticias#listItem","position":1,"name":"Home","item":"https:\/\/www.eldigitaldeasturias.com\/noticias","nextItem":{"@type":"ListItem","@id":"https:\/\/www.eldigitaldeasturias.com\/noticias\/category\/economia\/#listItem","name":"Econom\u00eda"}},{"@type":"ListItem","@id":"https:\/\/www.eldigitaldeasturias.com\/noticias\/category\/economia\/#listItem","position":2,"name":"Econom\u00eda","item":"https:\/\/www.eldigitaldeasturias.com\/noticias\/category\/economia\/","nextItem":{"@type":"ListItem","@id":"https:\/\/www.eldigitaldeasturias.com\/noticias\/defensa-y-el-incibe-colaboraran-para-impulsar-el-empleo\/#listItem","name":"Defensa y el INCIBE colaborar\u00e1n para impulsar el empleo"},"previousItem":{"@type":"ListItem","@id":"https:\/\/www.eldigitaldeasturias.com\/noticias#listItem","name":"Home"}},{"@type":"ListItem","@id":"https:\/\/www.eldigitaldeasturias.com\/noticias\/defensa-y-el-incibe-colaboraran-para-impulsar-el-empleo\/#listItem","position":3,"name":"Defensa y el INCIBE colaborar\u00e1n para impulsar el empleo","previousItem":{"@type":"ListItem","@id":"https:\/\/www.eldigitaldeasturias.com\/noticias\/category\/economia\/#listItem","name":"Econom\u00eda"}}]},{"@type":"Organization","@id":"https:\/\/www.eldigitaldeasturias.com\/noticias\/#organization","name":"El Digital de Asturias","description":"Hemeroteca","url":"https:\/\/www.eldigitaldeasturias.com\/noticias\/","email":"info@eldigitaldeasturias.com","telephone":"+34652131393","logo":{"@type":"ImageObject","url":"https:\/\/www.eldigitaldeasturias.com\/noticias\/wp-content\/uploads\/2020\/12\/EDA.jpg","@id":"https:\/\/www.eldigitaldeasturias.com\/noticias\/defensa-y-el-incibe-colaboraran-para-impulsar-el-empleo\/#organizationLogo","width":649,"height":297},"image":{"@id":"https:\/\/www.eldigitaldeasturias.com\/noticias\/defensa-y-el-incibe-colaboraran-para-impulsar-el-empleo\/#organizationLogo"},"sameAs":["https:\/\/facebook.com\/eldigitaldeasturias","https:\/\/www.youtube.com\/channel\/UCZP-2wLEB9Rv6erhFmqVnvg"],"address":{"@id":"https:\/\/www.eldigitaldeasturias.com\/noticias\/#postaladdress","@type":"PostalAddress","streetAddress":"san antonio 4,","postalCode":"33430","addressLocality":"Cand\u00e1s","addressRegion":"Asturias","addressCountry":"ES"}},{"@type":"Person","@id":"https:\/\/www.eldigitaldeasturias.com\/noticias\/author\/admin\/#author","url":"https:\/\/www.eldigitaldeasturias.com\/noticias\/author\/admin\/","name":"El Digital de Asturias","image":{"@type":"ImageObject","@id":"https:\/\/www.eldigitaldeasturias.com\/noticias\/defensa-y-el-incibe-colaboraran-para-impulsar-el-empleo\/#authorImage","url":"https:\/\/www.eldigitaldeasturias.com\/noticias\/wp-content\/litespeed\/avatar\/18677e78aa0546b92d9dbf31ec7d7668.jpg?ver=1777290358","width":96,"height":96,"caption":"El Digital de Asturias"}},{"@type":"WebPage","@id":"https:\/\/www.eldigitaldeasturias.com\/noticias\/defensa-y-el-incibe-colaboraran-para-impulsar-el-empleo\/#webpage","url":"https:\/\/www.eldigitaldeasturias.com\/noticias\/defensa-y-el-incibe-colaboraran-para-impulsar-el-empleo\/","name":"Defensa y el INCIBE colaborar\u00e1n para impulsar el empleo - El Digital de Asturias","description":"El subsecretario de Defensa, Alejo de la Torre, y la directora general del Instituto Nacional de Ciberseguridad (INCIBE), Rosa D\u00edaz Moles, han firmado un convenio de colaboraci\u00f3n para promover acciones que impulsen el empleo y generaci\u00f3n de talento en el \u00e1mbito de la ciberseguridad. El fin de este acuerdo es facilitar la incorporaci\u00f3n del personal","inLanguage":"es-ES","isPartOf":{"@id":"https:\/\/www.eldigitaldeasturias.com\/noticias\/#website"},"breadcrumb":{"@id":"https:\/\/www.eldigitaldeasturias.com\/noticias\/defensa-y-el-incibe-colaboraran-para-impulsar-el-empleo\/#breadcrumblist"},"author":{"@id":"https:\/\/www.eldigitaldeasturias.com\/noticias\/author\/admin\/#author"},"creator":{"@id":"https:\/\/www.eldigitaldeasturias.com\/noticias\/author\/admin\/#author"},"image":{"@type":"ImageObject","url":"https:\/\/www.eldigitaldeasturias.com\/noticias\/wp-content\/uploads\/2020\/02\/210220-incibe.jpg","@id":"https:\/\/www.eldigitaldeasturias.com\/noticias\/defensa-y-el-incibe-colaboraran-para-impulsar-el-empleo\/#mainImage","width":512,"height":340},"primaryImageOfPage":{"@id":"https:\/\/www.eldigitaldeasturias.com\/noticias\/defensa-y-el-incibe-colaboraran-para-impulsar-el-empleo\/#mainImage"},"datePublished":"2020-02-21T22:23:28+01:00","dateModified":"2020-02-21T22:23:28+01:00"},{"@type":"WebSite","@id":"https:\/\/www.eldigitaldeasturias.com\/noticias\/#website","url":"https:\/\/www.eldigitaldeasturias.com\/noticias\/","name":"El Digital de Asturias - Diario de actualidad y noticias","alternateName":"El Digital de Asturias - Diario de actualidad y noticias","description":"Hemeroteca","inLanguage":"es-ES","publisher":{"@id":"https:\/\/www.eldigitaldeasturias.com\/noticias\/#organization"}}]},"og:locale":"es_ES","og:site_name":"El Digital de Asturias","og:type":"article","og:title":"Defensa y el INCIBE colaborar\u00e1n para impulsar el empleo - El Digital de Asturias","og:description":"El subsecretario de Defensa, Alejo de la Torre, y la directora general del Instituto Nacional de Ciberseguridad (INCIBE), Rosa D\u00edaz Moles, han firmado un convenio de colaboraci\u00f3n para promover acciones que impulsen el empleo y generaci\u00f3n de talento en el \u00e1mbito de la ciberseguridad. El fin de este acuerdo es facilitar la incorporaci\u00f3n del personal","og:url":"https:\/\/www.eldigitaldeasturias.com\/noticias\/defensa-y-el-incibe-colaboraran-para-impulsar-el-empleo\/","og:image":"https:\/\/www.eldigitaldeasturias.com\/noticias\/wp-content\/uploads\/2020\/02\/210220-incibe.jpg","og:image:secure_url":"https:\/\/www.eldigitaldeasturias.com\/noticias\/wp-content\/uploads\/2020\/02\/210220-incibe.jpg","og:image:width":512,"og:image:height":340,"article:tag":["econom\u00eda"],"article:published_time":"2020-02-21T22:23:28+00:00","article:modified_time":"2020-02-21T22:23:28+00:00","article:publisher":"https:\/\/facebook.com\/eldigitaldeasturias","twitter:card":"summary_large_image","twitter:title":"Defensa y el INCIBE colaborar\u00e1n para impulsar el empleo - El Digital de Asturias","twitter:description":"El subsecretario de Defensa, Alejo de la Torre, y la directora general del Instituto Nacional de Ciberseguridad (INCIBE), Rosa D\u00edaz Moles, han firmado un convenio de colaboraci\u00f3n para promover acciones que impulsen el empleo y generaci\u00f3n de talento en el \u00e1mbito de la ciberseguridad. El fin de este acuerdo es facilitar la incorporaci\u00f3n del personal","twitter:image":"https:\/\/www.eldigitaldeasturias.com\/noticias\/wp-content\/uploads\/2020\/02\/210220-incibe.jpg","twitter:label1":"Escrito por","twitter:data1":"El Digital de Asturias","twitter:label2":"Tiempo de lectura estimado","twitter:data2":"2 minutos"},"aioseo_meta_data":{"post_id":"1058603","title":null,"description":null,"keywords":null,"keyphrases":null,"primary_term":null,"canonical_url":null,"og_title":null,"og_description":null,"og_object_type":"default","og_image_type":"default","og_image_url":null,"og_image_width":null,"og_image_height":null,"og_image_custom_url":null,"og_image_custom_fields":null,"og_video":null,"og_custom_url":null,"og_article_section":null,"og_article_tags":null,"twitter_use_og":false,"twitter_card":"default","twitter_image_type":"default","twitter_image_url":null,"twitter_image_custom_url":null,"twitter_image_custom_fields":null,"twitter_title":null,"twitter_description":null,"schema":{"blockGraphs":[],"customGraphs":[],"default":{"data":{"Article":[],"Course":[],"Dataset":[],"FAQPage":[],"Movie":[],"Person":[],"Product":[],"ProductReview":[],"Car":[],"Recipe":[],"Service":[],"SoftwareApplication":[],"WebPage":[]},"graphName":"","isEnabled":true},"graphs":[],"defaultGraph":"","defaultPostTypeGraph":""},"schema_type":null,"schema_type_options":null,"pillar_content":false,"robots_default":true,"robots_noindex":false,"robots_noarchive":false,"robots_nosnippet":false,"robots_nofollow":false,"robots_noimageindex":false,"robots_noodp":false,"robots_notranslate":false,"robots_max_snippet":null,"robots_max_videopreview":null,"robots_max_imagepreview":"large","priority":null,"frequency":null,"local_seo":null,"seo_analyzer_scan_date":"2025-10-31 05:59:47","breadcrumb_settings":null,"limit_modified_date":false,"open_ai":null,"ai":null,"created":"2020-12-21 10:55:05","updated":"2025-10-31 05:59:47"},"aioseo_breadcrumb":"<div class=\"aioseo-breadcrumbs\"><span class=\"aioseo-breadcrumb\">\n\t<a href=\"https:\/\/www.eldigitaldeasturias.com\/noticias\" title=\"Home\">Home<\/a>\n<\/span><span class=\"aioseo-breadcrumb-separator\">\u2013<\/span><span class=\"aioseo-breadcrumb\">\n\t<a href=\"https:\/\/www.eldigitaldeasturias.com\/noticias\/category\/economia\/\" title=\"Econom\u00eda\">Econom\u00eda<\/a>\n<\/span><span class=\"aioseo-breadcrumb-separator\">\u2013<\/span><span class=\"aioseo-breadcrumb\">\n\t<a href=\"https:\/\/www.eldigitaldeasturias.com\/noticias\/defensa-y-el-incibe-colaboraran-para-impulsar-el-empleo\/\" title=\"Defensa y el INCIBE colaborar\u00e1n para impulsar el empleo\">Defensa y el INCIBE colaborar\u00e1n para impulsar el empleo<\/a>\n<\/span><\/div>","aioseo_breadcrumb_json":[{"label":"Home","link":"https:\/\/www.eldigitaldeasturias.com\/noticias"},{"label":"Econom\u00eda","link":"https:\/\/www.eldigitaldeasturias.com\/noticias\/category\/economia\/"},{"label":"Defensa y el INCIBE colaborar\u00e1n para impulsar el empleo","link":"https:\/\/www.eldigitaldeasturias.com\/noticias\/defensa-y-el-incibe-colaboraran-para-impulsar-el-empleo\/"}],"_links":{"self":[{"href":"https:\/\/www.eldigitaldeasturias.com\/noticias\/wp-json\/wp\/v2\/posts\/1058603","targetHints":{"allow":["GET"]}}],"collection":[{"href":"https:\/\/www.eldigitaldeasturias.com\/noticias\/wp-json\/wp\/v2\/posts"}],"about":[{"href":"https:\/\/www.eldigitaldeasturias.com\/noticias\/wp-json\/wp\/v2\/types\/post"}],"author":[{"embeddable":true,"href":"https:\/\/www.eldigitaldeasturias.com\/noticias\/wp-json\/wp\/v2\/users\/1"}],"replies":[{"embeddable":true,"href":"https:\/\/www.eldigitaldeasturias.com\/noticias\/wp-json\/wp\/v2\/comments?post=1058603"}],"version-history":[{"count":0,"href":"https:\/\/www.eldigitaldeasturias.com\/noticias\/wp-json\/wp\/v2\/posts\/1058603\/revisions"}],"wp:featuredmedia":[{"embeddable":true,"href":"https:\/\/www.eldigitaldeasturias.com\/noticias\/wp-json\/wp\/v2\/media\/1058604"}],"wp:attachment":[{"href":"https:\/\/www.eldigitaldeasturias.com\/noticias\/wp-json\/wp\/v2\/media?parent=1058603"}],"wp:term":[{"taxonomy":"category","embeddable":true,"href":"https:\/\/www.eldigitaldeasturias.com\/noticias\/wp-json\/wp\/v2\/categories?post=1058603"},{"taxonomy":"post_tag","embeddable":true,"href":"https:\/\/www.eldigitaldeasturias.com\/noticias\/wp-json\/wp\/v2\/tags?post=1058603"}],"curies":[{"name":"wp","href":"https:\/\/api.w.org\/{rel}","templated":true}]}}