{"id":1058597,"date":"2020-02-21T22:19:58","date_gmt":"2020-02-21T22:19:58","guid":{"rendered":"https:\/\/www.eldigitaldeasturias.com\/noticias\/?p=1058597"},"modified":"2020-02-21T22:19:58","modified_gmt":"2020-02-21T22:19:58","slug":"shopify-se-une-a-la-asociacion-libra","status":"publish","type":"post","link":"https:\/\/www.eldigitaldeasturias.com\/noticias\/shopify-se-une-a-la-asociacion-libra\/","title":{"rendered":"Shopify se une a la Asociaci\u00f3n Libra"},"content":{"rendered":"<figure id=\"attachment_1058598\" aria-describedby=\"caption-attachment-1058598\" style=\"width: 360px\" class=\"wp-caption alignleft\"><img loading=\"lazy\" decoding=\"async\" class=\"size-medium wp-image-1058598\" src=\"https:\/\/www.eldigitaldeasturias.com\/noticias\/wp-content\/uploads\/2020\/02\/Libra-dpa-360x233.jpg\" alt=\"\" width=\"360\" height=\"233\" srcset=\"https:\/\/www.eldigitaldeasturias.com\/noticias\/wp-content\/uploads\/2020\/02\/Libra-dpa-360x233.jpg 360w, https:\/\/www.eldigitaldeasturias.com\/noticias\/wp-content\/uploads\/2020\/02\/Libra-dpa-690x447.jpg 690w, https:\/\/www.eldigitaldeasturias.com\/noticias\/wp-content\/uploads\/2020\/02\/Libra-dpa-463x300.jpg 463w, https:\/\/www.eldigitaldeasturias.com\/noticias\/wp-content\/uploads\/2020\/02\/Libra-dpa-768x498.jpg 768w, https:\/\/www.eldigitaldeasturias.com\/noticias\/wp-content\/uploads\/2020\/02\/Libra-dpa.jpg 1014w\" sizes=\"auto, (max-width: 360px) 100vw, 360px\" \/><figcaption id=\"caption-attachment-1058598\" class=\"wp-caption-text\">Foto: Kay Nietfeld\/dpa<\/figcaption><\/figure>\n<p>(Europa Press) &#8211;\u00a0La firma canadiense Shopify, due\u00f1a de la plataforma de comercio electr\u00f3nico del mismo nombre, ha decidido unirse a la Asociaci\u00f3n Libra, la entidad impulsada por Facebook y radicada en Suiza, cuya labor es gestionar la criptodivisa de la red social.<\/p>\n<p>\u00abA medida que el comercio &#8216;online&#8217; traspasa fronteras, es f\u00e1cil olvidar que los pagos y el intercambio de valor de bienes no son un problema que est\u00e9 solucionado en todas partes\u00bb, ha indicado la empresa en un comunicado.<\/p>\n<p>\u00abNuestra misi\u00f3n es hacer que el comercio sea mejor para todo el mundo y, para hacerlo, empleamos mucho de nuestro tiempo pensando en c\u00f3mo hacer el comercio mejor en aquellas partes del mundo donde el dinero y la banca podr\u00edan ser mucho mejor. Por eso es por lo que hemos decidido ser miembros de la Asociaci\u00f3n Libra\u00bb, ha agregado Shopify.<\/p>\n<p>La compa\u00f1\u00eda ha explicado que, como miembros del organismo, trabajar\u00e1n \u00abcolectivamente\u00bb para construir una red de pagos que haga que el dinero sea m\u00e1s \u00abaccesible\u00bb y que apoye a los vendedores y consumidores.<\/p>\n<p>La decisi\u00f3n de Shopify se produce a pesar de que la mayor\u00eda de empresas proveedoras de soluciones de pago se hayan retirado del proyecto de la criptodivisa de Facebook. Tras recibir la atenci\u00f3n de reguladores y bancos centrales de varios pa\u00edses, Visa, Mastercard, Stripe, PayPal, MercadoPago y Ebay decidieron retirarse del proyecto. Tambi\u00e9n abandonaron la Asociaci\u00f3n otras entidades como Vodafone o Booking.<\/p>\n<p>La \u00fanica firma que permanec\u00eda ligada al proyecto del sector de los pagos era PayU, una &#8216;fintech&#8217; radicada en Polonia y que es propiedad de Naspers, principal accionista de Tencent.<\/p>\n<p>&nbsp;<\/p>\n","protected":false},"excerpt":{"rendered":"<p>(Europa Press) &#8211;\u00a0La firma canadiense Shopify, due\u00f1a de la plataforma de comercio electr\u00f3nico del mismo nombre, ha decidido unirse a la Asociaci\u00f3n Libra, la entidad impulsada por Facebook y radicada en Suiza, cuya labor es gestionar la criptodivisa de la red social. \u00abA medida que el comercio &#8216;online&#8217; traspasa fronteras, es f\u00e1cil olvidar que los [&hellip;]<\/p>\n","protected":false},"author":1,"featured_media":1058598,"comment_status":"closed","ping_status":"closed","sticky":false,"template":"","format":"standard","meta":{"footnotes":""},"categories":[219],"tags":[],"class_list":["post-1058597","post","type-post","status-publish","format-standard","has-post-thumbnail","hentry","category-negocios-y-empresas"],"aioseo_notices":[],"aioseo_head":"\n\t\t<!-- All in One SEO Pro 4.9.6.2 - aioseo.com -->\n\t<meta name=\"description\" content=\"(Europa Press) - La firma canadiense Shopify, due\u00f1a de la plataforma de comercio electr\u00f3nico del mismo nombre, ha decidido unirse a la Asociaci\u00f3n Libra, la entidad impulsada por Facebook y radicada en Suiza, cuya labor es gestionar la criptodivisa de la red social. &quot;A medida que el comercio &#039;online&#039; traspasa fronteras, es f\u00e1cil olvidar que los\" \/>\n\t<meta name=\"robots\" content=\"max-image-preview:large\" \/>\n\t<meta name=\"author\" content=\"El Digital de Asturias\"\/>\n\t<meta name=\"google-site-verification\" content=\"UA-38556648-1\" \/>\n\t<meta name=\"msvalidate.01\" content=\"7dfe9f3f1b24437ab69f4f2559babe99\" \/>\n\t<meta name=\"keywords\" content=\"negocios y empresas\" \/>\n\t<link rel=\"canonical\" href=\"https:\/\/www.eldigitaldeasturias.com\/noticias\/shopify-se-une-a-la-asociacion-libra\/\" \/>\n\t<meta name=\"generator\" content=\"All in One SEO Pro (AIOSEO) 4.9.6.2\" \/>\n\t\t<meta property=\"og:locale\" content=\"es_ES\" \/>\n\t\t<meta property=\"og:site_name\" content=\"El Digital de Asturias\" \/>\n\t\t<meta property=\"og:type\" content=\"article\" \/>\n\t\t<meta property=\"og:title\" content=\"Shopify se une a la Asociaci\u00f3n Libra - El Digital de Asturias\" \/>\n\t\t<meta property=\"og:description\" content=\"(Europa Press) - La firma canadiense Shopify, due\u00f1a de la plataforma de comercio electr\u00f3nico del mismo nombre, ha decidido unirse a la Asociaci\u00f3n Libra, la entidad impulsada por Facebook y radicada en Suiza, cuya labor es gestionar la criptodivisa de la red social. &quot;A medida que el comercio &#039;online&#039; traspasa fronteras, es f\u00e1cil olvidar que los\" \/>\n\t\t<meta property=\"og:url\" content=\"https:\/\/www.eldigitaldeasturias.com\/noticias\/shopify-se-une-a-la-asociacion-libra\/\" \/>\n\t\t<meta property=\"og:image\" content=\"https:\/\/www.eldigitaldeasturias.com\/noticias\/wp-content\/uploads\/2020\/02\/Libra-dpa.jpg\" \/>\n\t\t<meta property=\"og:image:secure_url\" content=\"https:\/\/www.eldigitaldeasturias.com\/noticias\/wp-content\/uploads\/2020\/02\/Libra-dpa.jpg\" \/>\n\t\t<meta property=\"og:image:width\" content=\"1014\" \/>\n\t\t<meta property=\"og:image:height\" content=\"657\" \/>\n\t\t<meta property=\"article:tag\" content=\"negocios y empresas\" \/>\n\t\t<meta property=\"article:published_time\" content=\"2020-02-21T22:19:58+00:00\" \/>\n\t\t<meta property=\"article:modified_time\" content=\"2020-02-21T22:19:58+00:00\" \/>\n\t\t<meta property=\"article:publisher\" content=\"https:\/\/facebook.com\/eldigitaldeasturias\" \/>\n\t\t<meta name=\"twitter:card\" content=\"summary_large_image\" \/>\n\t\t<meta name=\"twitter:title\" content=\"Shopify se une a la Asociaci\u00f3n Libra - El Digital de Asturias\" \/>\n\t\t<meta name=\"twitter:description\" content=\"(Europa Press) - La firma canadiense Shopify, due\u00f1a de la plataforma de comercio electr\u00f3nico del mismo nombre, ha decidido unirse a la Asociaci\u00f3n Libra, la entidad impulsada por Facebook y radicada en Suiza, cuya labor es gestionar la criptodivisa de la red social. &quot;A medida que el comercio &#039;online&#039; traspasa fronteras, es f\u00e1cil olvidar que los\" \/>\n\t\t<meta name=\"twitter:image\" content=\"https:\/\/www.eldigitaldeasturias.com\/noticias\/wp-content\/uploads\/2020\/02\/Libra-dpa.jpg\" \/>\n\t\t<meta name=\"twitter:label1\" content=\"Escrito por\" \/>\n\t\t<meta name=\"twitter:data1\" content=\"El Digital de Asturias\" \/>\n\t\t<meta name=\"twitter:label2\" content=\"Tiempo de lectura estimado\" \/>\n\t\t<meta name=\"twitter:data2\" content=\"1 minuto\" \/>\n\t\t<script type=\"application\/ld+json\" class=\"aioseo-schema\">\n\t\t\t{\"@context\":\"https:\\\/\\\/schema.org\",\"@graph\":[{\"@type\":\"BlogPosting\",\"@id\":\"https:\\\/\\\/www.eldigitaldeasturias.com\\\/noticias\\\/shopify-se-une-a-la-asociacion-libra\\\/#blogposting\",\"name\":\"Shopify se une a la Asociaci\\u00f3n Libra - El Digital de Asturias\",\"headline\":\"Shopify se une a la Asociaci\\u00f3n Libra\",\"author\":{\"@id\":\"https:\\\/\\\/www.eldigitaldeasturias.com\\\/noticias\\\/author\\\/admin\\\/#author\"},\"publisher\":{\"@id\":\"https:\\\/\\\/www.eldigitaldeasturias.com\\\/noticias\\\/#organization\"},\"image\":{\"@type\":\"ImageObject\",\"url\":\"https:\\\/\\\/www.eldigitaldeasturias.com\\\/noticias\\\/wp-content\\\/uploads\\\/2020\\\/02\\\/Libra-dpa.jpg\",\"width\":1014,\"height\":657,\"caption\":\"Foto: Kay Nietfeld\\\/dpa\"},\"datePublished\":\"2020-02-21T22:19:58+01:00\",\"dateModified\":\"2020-02-21T22:19:58+01:00\",\"inLanguage\":\"es-ES\",\"mainEntityOfPage\":{\"@id\":\"https:\\\/\\\/www.eldigitaldeasturias.com\\\/noticias\\\/shopify-se-une-a-la-asociacion-libra\\\/#webpage\"},\"isPartOf\":{\"@id\":\"https:\\\/\\\/www.eldigitaldeasturias.com\\\/noticias\\\/shopify-se-une-a-la-asociacion-libra\\\/#webpage\"},\"articleSection\":\"Negocios y Empresas\"},{\"@type\":\"BreadcrumbList\",\"@id\":\"https:\\\/\\\/www.eldigitaldeasturias.com\\\/noticias\\\/shopify-se-une-a-la-asociacion-libra\\\/#breadcrumblist\",\"itemListElement\":[{\"@type\":\"ListItem\",\"@id\":\"https:\\\/\\\/www.eldigitaldeasturias.com\\\/noticias#listItem\",\"position\":1,\"name\":\"Home\",\"item\":\"https:\\\/\\\/www.eldigitaldeasturias.com\\\/noticias\",\"nextItem\":{\"@type\":\"ListItem\",\"@id\":\"https:\\\/\\\/www.eldigitaldeasturias.com\\\/noticias\\\/category\\\/negocios-y-empresas\\\/#listItem\",\"name\":\"Negocios y Empresas\"}},{\"@type\":\"ListItem\",\"@id\":\"https:\\\/\\\/www.eldigitaldeasturias.com\\\/noticias\\\/category\\\/negocios-y-empresas\\\/#listItem\",\"position\":2,\"name\":\"Negocios y Empresas\",\"item\":\"https:\\\/\\\/www.eldigitaldeasturias.com\\\/noticias\\\/category\\\/negocios-y-empresas\\\/\",\"nextItem\":{\"@type\":\"ListItem\",\"@id\":\"https:\\\/\\\/www.eldigitaldeasturias.com\\\/noticias\\\/shopify-se-une-a-la-asociacion-libra\\\/#listItem\",\"name\":\"Shopify se une a la Asociaci\\u00f3n Libra\"},\"previousItem\":{\"@type\":\"ListItem\",\"@id\":\"https:\\\/\\\/www.eldigitaldeasturias.com\\\/noticias#listItem\",\"name\":\"Home\"}},{\"@type\":\"ListItem\",\"@id\":\"https:\\\/\\\/www.eldigitaldeasturias.com\\\/noticias\\\/shopify-se-une-a-la-asociacion-libra\\\/#listItem\",\"position\":3,\"name\":\"Shopify se une a la Asociaci\\u00f3n Libra\",\"previousItem\":{\"@type\":\"ListItem\",\"@id\":\"https:\\\/\\\/www.eldigitaldeasturias.com\\\/noticias\\\/category\\\/negocios-y-empresas\\\/#listItem\",\"name\":\"Negocios y Empresas\"}}]},{\"@type\":\"Organization\",\"@id\":\"https:\\\/\\\/www.eldigitaldeasturias.com\\\/noticias\\\/#organization\",\"name\":\"El Digital de Asturias\",\"description\":\"Hemeroteca\",\"url\":\"https:\\\/\\\/www.eldigitaldeasturias.com\\\/noticias\\\/\",\"email\":\"info@eldigitaldeasturias.com\",\"telephone\":\"+34652131393\",\"logo\":{\"@type\":\"ImageObject\",\"url\":\"https:\\\/\\\/www.eldigitaldeasturias.com\\\/noticias\\\/wp-content\\\/uploads\\\/2020\\\/12\\\/EDA.jpg\",\"@id\":\"https:\\\/\\\/www.eldigitaldeasturias.com\\\/noticias\\\/shopify-se-une-a-la-asociacion-libra\\\/#organizationLogo\",\"width\":649,\"height\":297},\"image\":{\"@id\":\"https:\\\/\\\/www.eldigitaldeasturias.com\\\/noticias\\\/shopify-se-une-a-la-asociacion-libra\\\/#organizationLogo\"},\"sameAs\":[\"https:\\\/\\\/facebook.com\\\/eldigitaldeasturias\",\"https:\\\/\\\/www.youtube.com\\\/channel\\\/UCZP-2wLEB9Rv6erhFmqVnvg\"],\"address\":{\"@id\":\"https:\\\/\\\/www.eldigitaldeasturias.com\\\/noticias\\\/#postaladdress\",\"@type\":\"PostalAddress\",\"streetAddress\":\"san antonio 4,\",\"postalCode\":\"33430\",\"addressLocality\":\"Cand\\u00e1s\",\"addressRegion\":\"Asturias\",\"addressCountry\":\"ES\"}},{\"@type\":\"Person\",\"@id\":\"https:\\\/\\\/www.eldigitaldeasturias.com\\\/noticias\\\/author\\\/admin\\\/#author\",\"url\":\"https:\\\/\\\/www.eldigitaldeasturias.com\\\/noticias\\\/author\\\/admin\\\/\",\"name\":\"El Digital de Asturias\",\"image\":{\"@type\":\"ImageObject\",\"@id\":\"https:\\\/\\\/www.eldigitaldeasturias.com\\\/noticias\\\/shopify-se-une-a-la-asociacion-libra\\\/#authorImage\",\"url\":\"https:\\\/\\\/www.eldigitaldeasturias.com\\\/noticias\\\/wp-content\\\/litespeed\\\/avatar\\\/18677e78aa0546b92d9dbf31ec7d7668.jpg?ver=1777290358\",\"width\":96,\"height\":96,\"caption\":\"El Digital de Asturias\"}},{\"@type\":\"WebPage\",\"@id\":\"https:\\\/\\\/www.eldigitaldeasturias.com\\\/noticias\\\/shopify-se-une-a-la-asociacion-libra\\\/#webpage\",\"url\":\"https:\\\/\\\/www.eldigitaldeasturias.com\\\/noticias\\\/shopify-se-une-a-la-asociacion-libra\\\/\",\"name\":\"Shopify se une a la Asociaci\\u00f3n Libra - El Digital de Asturias\",\"description\":\"(Europa Press) - La firma canadiense Shopify, due\\u00f1a de la plataforma de comercio electr\\u00f3nico del mismo nombre, ha decidido unirse a la Asociaci\\u00f3n Libra, la entidad impulsada por Facebook y radicada en Suiza, cuya labor es gestionar la criptodivisa de la red social. \\\"A medida que el comercio 'online' traspasa fronteras, es f\\u00e1cil olvidar que los\",\"inLanguage\":\"es-ES\",\"isPartOf\":{\"@id\":\"https:\\\/\\\/www.eldigitaldeasturias.com\\\/noticias\\\/#website\"},\"breadcrumb\":{\"@id\":\"https:\\\/\\\/www.eldigitaldeasturias.com\\\/noticias\\\/shopify-se-une-a-la-asociacion-libra\\\/#breadcrumblist\"},\"author\":{\"@id\":\"https:\\\/\\\/www.eldigitaldeasturias.com\\\/noticias\\\/author\\\/admin\\\/#author\"},\"creator\":{\"@id\":\"https:\\\/\\\/www.eldigitaldeasturias.com\\\/noticias\\\/author\\\/admin\\\/#author\"},\"image\":{\"@type\":\"ImageObject\",\"url\":\"https:\\\/\\\/www.eldigitaldeasturias.com\\\/noticias\\\/wp-content\\\/uploads\\\/2020\\\/02\\\/Libra-dpa.jpg\",\"@id\":\"https:\\\/\\\/www.eldigitaldeasturias.com\\\/noticias\\\/shopify-se-une-a-la-asociacion-libra\\\/#mainImage\",\"width\":1014,\"height\":657,\"caption\":\"Foto: Kay Nietfeld\\\/dpa\"},\"primaryImageOfPage\":{\"@id\":\"https:\\\/\\\/www.eldigitaldeasturias.com\\\/noticias\\\/shopify-se-une-a-la-asociacion-libra\\\/#mainImage\"},\"datePublished\":\"2020-02-21T22:19:58+01:00\",\"dateModified\":\"2020-02-21T22:19:58+01:00\"},{\"@type\":\"WebSite\",\"@id\":\"https:\\\/\\\/www.eldigitaldeasturias.com\\\/noticias\\\/#website\",\"url\":\"https:\\\/\\\/www.eldigitaldeasturias.com\\\/noticias\\\/\",\"name\":\"El Digital de Asturias - Diario de actualidad y noticias\",\"alternateName\":\"El Digital de Asturias - Diario de actualidad y noticias\",\"description\":\"Hemeroteca\",\"inLanguage\":\"es-ES\",\"publisher\":{\"@id\":\"https:\\\/\\\/www.eldigitaldeasturias.com\\\/noticias\\\/#organization\"}}]}\n\t\t<\/script>\n\t\t<!-- All in One SEO Pro -->\r\n\t\t<title>Shopify se une a la Asociaci\u00f3n Libra - El Digital de Asturias<\/title>\n\n","aioseo_head_json":{"title":"Shopify se une a la Asociaci\u00f3n Libra - El Digital de Asturias","description":"(Europa Press) - La firma canadiense Shopify, due\u00f1a de la plataforma de comercio electr\u00f3nico del mismo nombre, ha decidido unirse a la Asociaci\u00f3n Libra, la entidad impulsada por Facebook y radicada en Suiza, cuya labor es gestionar la criptodivisa de la red social. \"A medida que el comercio 'online' traspasa fronteras, es f\u00e1cil olvidar que los","canonical_url":"https:\/\/www.eldigitaldeasturias.com\/noticias\/shopify-se-une-a-la-asociacion-libra\/","robots":"max-image-preview:large","keywords":"negocios y empresas","webmasterTools":{"google-site-verification":"UA-38556648-1","msvalidate.01":"7dfe9f3f1b24437ab69f4f2559babe99","miscellaneous":""},"schema":{"@context":"https:\/\/schema.org","@graph":[{"@type":"BlogPosting","@id":"https:\/\/www.eldigitaldeasturias.com\/noticias\/shopify-se-une-a-la-asociacion-libra\/#blogposting","name":"Shopify se une a la Asociaci\u00f3n Libra - El Digital de Asturias","headline":"Shopify se une a la Asociaci\u00f3n Libra","author":{"@id":"https:\/\/www.eldigitaldeasturias.com\/noticias\/author\/admin\/#author"},"publisher":{"@id":"https:\/\/www.eldigitaldeasturias.com\/noticias\/#organization"},"image":{"@type":"ImageObject","url":"https:\/\/www.eldigitaldeasturias.com\/noticias\/wp-content\/uploads\/2020\/02\/Libra-dpa.jpg","width":1014,"height":657,"caption":"Foto: Kay Nietfeld\/dpa"},"datePublished":"2020-02-21T22:19:58+01:00","dateModified":"2020-02-21T22:19:58+01:00","inLanguage":"es-ES","mainEntityOfPage":{"@id":"https:\/\/www.eldigitaldeasturias.com\/noticias\/shopify-se-une-a-la-asociacion-libra\/#webpage"},"isPartOf":{"@id":"https:\/\/www.eldigitaldeasturias.com\/noticias\/shopify-se-une-a-la-asociacion-libra\/#webpage"},"articleSection":"Negocios y Empresas"},{"@type":"BreadcrumbList","@id":"https:\/\/www.eldigitaldeasturias.com\/noticias\/shopify-se-une-a-la-asociacion-libra\/#breadcrumblist","itemListElement":[{"@type":"ListItem","@id":"https:\/\/www.eldigitaldeasturias.com\/noticias#listItem","position":1,"name":"Home","item":"https:\/\/www.eldigitaldeasturias.com\/noticias","nextItem":{"@type":"ListItem","@id":"https:\/\/www.eldigitaldeasturias.com\/noticias\/category\/negocios-y-empresas\/#listItem","name":"Negocios y Empresas"}},{"@type":"ListItem","@id":"https:\/\/www.eldigitaldeasturias.com\/noticias\/category\/negocios-y-empresas\/#listItem","position":2,"name":"Negocios y Empresas","item":"https:\/\/www.eldigitaldeasturias.com\/noticias\/category\/negocios-y-empresas\/","nextItem":{"@type":"ListItem","@id":"https:\/\/www.eldigitaldeasturias.com\/noticias\/shopify-se-une-a-la-asociacion-libra\/#listItem","name":"Shopify se une a la Asociaci\u00f3n Libra"},"previousItem":{"@type":"ListItem","@id":"https:\/\/www.eldigitaldeasturias.com\/noticias#listItem","name":"Home"}},{"@type":"ListItem","@id":"https:\/\/www.eldigitaldeasturias.com\/noticias\/shopify-se-une-a-la-asociacion-libra\/#listItem","position":3,"name":"Shopify se une a la Asociaci\u00f3n Libra","previousItem":{"@type":"ListItem","@id":"https:\/\/www.eldigitaldeasturias.com\/noticias\/category\/negocios-y-empresas\/#listItem","name":"Negocios y Empresas"}}]},{"@type":"Organization","@id":"https:\/\/www.eldigitaldeasturias.com\/noticias\/#organization","name":"El Digital de Asturias","description":"Hemeroteca","url":"https:\/\/www.eldigitaldeasturias.com\/noticias\/","email":"info@eldigitaldeasturias.com","telephone":"+34652131393","logo":{"@type":"ImageObject","url":"https:\/\/www.eldigitaldeasturias.com\/noticias\/wp-content\/uploads\/2020\/12\/EDA.jpg","@id":"https:\/\/www.eldigitaldeasturias.com\/noticias\/shopify-se-une-a-la-asociacion-libra\/#organizationLogo","width":649,"height":297},"image":{"@id":"https:\/\/www.eldigitaldeasturias.com\/noticias\/shopify-se-une-a-la-asociacion-libra\/#organizationLogo"},"sameAs":["https:\/\/facebook.com\/eldigitaldeasturias","https:\/\/www.youtube.com\/channel\/UCZP-2wLEB9Rv6erhFmqVnvg"],"address":{"@id":"https:\/\/www.eldigitaldeasturias.com\/noticias\/#postaladdress","@type":"PostalAddress","streetAddress":"san antonio 4,","postalCode":"33430","addressLocality":"Cand\u00e1s","addressRegion":"Asturias","addressCountry":"ES"}},{"@type":"Person","@id":"https:\/\/www.eldigitaldeasturias.com\/noticias\/author\/admin\/#author","url":"https:\/\/www.eldigitaldeasturias.com\/noticias\/author\/admin\/","name":"El Digital de Asturias","image":{"@type":"ImageObject","@id":"https:\/\/www.eldigitaldeasturias.com\/noticias\/shopify-se-une-a-la-asociacion-libra\/#authorImage","url":"https:\/\/www.eldigitaldeasturias.com\/noticias\/wp-content\/litespeed\/avatar\/18677e78aa0546b92d9dbf31ec7d7668.jpg?ver=1777290358","width":96,"height":96,"caption":"El Digital de Asturias"}},{"@type":"WebPage","@id":"https:\/\/www.eldigitaldeasturias.com\/noticias\/shopify-se-une-a-la-asociacion-libra\/#webpage","url":"https:\/\/www.eldigitaldeasturias.com\/noticias\/shopify-se-une-a-la-asociacion-libra\/","name":"Shopify se une a la Asociaci\u00f3n Libra - El Digital de Asturias","description":"(Europa Press) - La firma canadiense Shopify, due\u00f1a de la plataforma de comercio electr\u00f3nico del mismo nombre, ha decidido unirse a la Asociaci\u00f3n Libra, la entidad impulsada por Facebook y radicada en Suiza, cuya labor es gestionar la criptodivisa de la red social. \"A medida que el comercio 'online' traspasa fronteras, es f\u00e1cil olvidar que los","inLanguage":"es-ES","isPartOf":{"@id":"https:\/\/www.eldigitaldeasturias.com\/noticias\/#website"},"breadcrumb":{"@id":"https:\/\/www.eldigitaldeasturias.com\/noticias\/shopify-se-une-a-la-asociacion-libra\/#breadcrumblist"},"author":{"@id":"https:\/\/www.eldigitaldeasturias.com\/noticias\/author\/admin\/#author"},"creator":{"@id":"https:\/\/www.eldigitaldeasturias.com\/noticias\/author\/admin\/#author"},"image":{"@type":"ImageObject","url":"https:\/\/www.eldigitaldeasturias.com\/noticias\/wp-content\/uploads\/2020\/02\/Libra-dpa.jpg","@id":"https:\/\/www.eldigitaldeasturias.com\/noticias\/shopify-se-une-a-la-asociacion-libra\/#mainImage","width":1014,"height":657,"caption":"Foto: Kay Nietfeld\/dpa"},"primaryImageOfPage":{"@id":"https:\/\/www.eldigitaldeasturias.com\/noticias\/shopify-se-une-a-la-asociacion-libra\/#mainImage"},"datePublished":"2020-02-21T22:19:58+01:00","dateModified":"2020-02-21T22:19:58+01:00"},{"@type":"WebSite","@id":"https:\/\/www.eldigitaldeasturias.com\/noticias\/#website","url":"https:\/\/www.eldigitaldeasturias.com\/noticias\/","name":"El Digital de Asturias - Diario de actualidad y noticias","alternateName":"El Digital de Asturias - Diario de actualidad y noticias","description":"Hemeroteca","inLanguage":"es-ES","publisher":{"@id":"https:\/\/www.eldigitaldeasturias.com\/noticias\/#organization"}}]},"og:locale":"es_ES","og:site_name":"El Digital de Asturias","og:type":"article","og:title":"Shopify se une a la Asociaci\u00f3n Libra - El Digital de Asturias","og:description":"(Europa Press) - La firma canadiense Shopify, due\u00f1a de la plataforma de comercio electr\u00f3nico del mismo nombre, ha decidido unirse a la Asociaci\u00f3n Libra, la entidad impulsada por Facebook y radicada en Suiza, cuya labor es gestionar la criptodivisa de la red social. &quot;A medida que el comercio 'online' traspasa fronteras, es f\u00e1cil olvidar que los","og:url":"https:\/\/www.eldigitaldeasturias.com\/noticias\/shopify-se-une-a-la-asociacion-libra\/","og:image":"https:\/\/www.eldigitaldeasturias.com\/noticias\/wp-content\/uploads\/2020\/02\/Libra-dpa.jpg","og:image:secure_url":"https:\/\/www.eldigitaldeasturias.com\/noticias\/wp-content\/uploads\/2020\/02\/Libra-dpa.jpg","og:image:width":1014,"og:image:height":657,"article:tag":["negocios y empresas"],"article:published_time":"2020-02-21T22:19:58+00:00","article:modified_time":"2020-02-21T22:19:58+00:00","article:publisher":"https:\/\/facebook.com\/eldigitaldeasturias","twitter:card":"summary_large_image","twitter:title":"Shopify se une a la Asociaci\u00f3n Libra - El Digital de Asturias","twitter:description":"(Europa Press) - La firma canadiense Shopify, due\u00f1a de la plataforma de comercio electr\u00f3nico del mismo nombre, ha decidido unirse a la Asociaci\u00f3n Libra, la entidad impulsada por Facebook y radicada en Suiza, cuya labor es gestionar la criptodivisa de la red social. &quot;A medida que el comercio 'online' traspasa fronteras, es f\u00e1cil olvidar que los","twitter:image":"https:\/\/www.eldigitaldeasturias.com\/noticias\/wp-content\/uploads\/2020\/02\/Libra-dpa.jpg","twitter:label1":"Escrito por","twitter:data1":"El Digital de Asturias","twitter:label2":"Tiempo de lectura estimado","twitter:data2":"1 minuto"},"aioseo_meta_data":{"post_id":"1058597","title":null,"description":null,"keywords":null,"keyphrases":null,"primary_term":null,"canonical_url":null,"og_title":null,"og_description":null,"og_object_type":"default","og_image_type":"default","og_image_url":null,"og_image_width":null,"og_image_height":null,"og_image_custom_url":null,"og_image_custom_fields":null,"og_video":null,"og_custom_url":null,"og_article_section":null,"og_article_tags":null,"twitter_use_og":false,"twitter_card":"default","twitter_image_type":"default","twitter_image_url":null,"twitter_image_custom_url":null,"twitter_image_custom_fields":null,"twitter_title":null,"twitter_description":null,"schema":{"blockGraphs":[],"customGraphs":[],"default":{"data":{"Article":[],"Course":[],"Dataset":[],"FAQPage":[],"Movie":[],"Person":[],"Product":[],"ProductReview":[],"Car":[],"Recipe":[],"Service":[],"SoftwareApplication":[],"WebPage":[]},"graphName":"","isEnabled":true},"graphs":[],"defaultGraph":"","defaultPostTypeGraph":""},"schema_type":null,"schema_type_options":null,"pillar_content":false,"robots_default":true,"robots_noindex":false,"robots_noarchive":false,"robots_nosnippet":false,"robots_nofollow":false,"robots_noimageindex":false,"robots_noodp":false,"robots_notranslate":false,"robots_max_snippet":null,"robots_max_videopreview":null,"robots_max_imagepreview":"large","priority":null,"frequency":null,"local_seo":null,"seo_analyzer_scan_date":"2025-10-31 05:58:16","breadcrumb_settings":null,"limit_modified_date":false,"open_ai":null,"ai":null,"created":"2020-12-21 10:55:05","updated":"2025-10-31 05:58:16"},"aioseo_breadcrumb":"<div class=\"aioseo-breadcrumbs\"><span class=\"aioseo-breadcrumb\">\n\t<a href=\"https:\/\/www.eldigitaldeasturias.com\/noticias\" title=\"Home\">Home<\/a>\n<\/span><span class=\"aioseo-breadcrumb-separator\">\u2013<\/span><span class=\"aioseo-breadcrumb\">\n\t<a href=\"https:\/\/www.eldigitaldeasturias.com\/noticias\/category\/negocios-y-empresas\/\" title=\"Negocios y Empresas\">Negocios y Empresas<\/a>\n<\/span><span class=\"aioseo-breadcrumb-separator\">\u2013<\/span><span class=\"aioseo-breadcrumb\">\n\t<a href=\"https:\/\/www.eldigitaldeasturias.com\/noticias\/shopify-se-une-a-la-asociacion-libra\/\" title=\"Shopify se une a la Asociaci\u00f3n Libra\">Shopify se une a la Asociaci\u00f3n Libra<\/a>\n<\/span><\/div>","aioseo_breadcrumb_json":[{"label":"Home","link":"https:\/\/www.eldigitaldeasturias.com\/noticias"},{"label":"Negocios y Empresas","link":"https:\/\/www.eldigitaldeasturias.com\/noticias\/category\/negocios-y-empresas\/"},{"label":"Shopify se une a la Asociaci\u00f3n Libra","link":"https:\/\/www.eldigitaldeasturias.com\/noticias\/shopify-se-une-a-la-asociacion-libra\/"}],"_links":{"self":[{"href":"https:\/\/www.eldigitaldeasturias.com\/noticias\/wp-json\/wp\/v2\/posts\/1058597","targetHints":{"allow":["GET"]}}],"collection":[{"href":"https:\/\/www.eldigitaldeasturias.com\/noticias\/wp-json\/wp\/v2\/posts"}],"about":[{"href":"https:\/\/www.eldigitaldeasturias.com\/noticias\/wp-json\/wp\/v2\/types\/post"}],"author":[{"embeddable":true,"href":"https:\/\/www.eldigitaldeasturias.com\/noticias\/wp-json\/wp\/v2\/users\/1"}],"replies":[{"embeddable":true,"href":"https:\/\/www.eldigitaldeasturias.com\/noticias\/wp-json\/wp\/v2\/comments?post=1058597"}],"version-history":[{"count":0,"href":"https:\/\/www.eldigitaldeasturias.com\/noticias\/wp-json\/wp\/v2\/posts\/1058597\/revisions"}],"wp:featuredmedia":[{"embeddable":true,"href":"https:\/\/www.eldigitaldeasturias.com\/noticias\/wp-json\/wp\/v2\/media\/1058598"}],"wp:attachment":[{"href":"https:\/\/www.eldigitaldeasturias.com\/noticias\/wp-json\/wp\/v2\/media?parent=1058597"}],"wp:term":[{"taxonomy":"category","embeddable":true,"href":"https:\/\/www.eldigitaldeasturias.com\/noticias\/wp-json\/wp\/v2\/categories?post=1058597"},{"taxonomy":"post_tag","embeddable":true,"href":"https:\/\/www.eldigitaldeasturias.com\/noticias\/wp-json\/wp\/v2\/tags?post=1058597"}],"curies":[{"name":"wp","href":"https:\/\/api.w.org\/{rel}","templated":true}]}}