{"id":1058508,"date":"2020-02-21T16:49:21","date_gmt":"2020-02-21T16:49:21","guid":{"rendered":"https:\/\/www.eldigitaldeasturias.com\/noticias\/?p=1058508"},"modified":"2020-02-21T16:49:21","modified_gmt":"2020-02-21T16:49:21","slug":"aumenta-la-demanda-de-productos-espia-segun-elsetec","status":"publish","type":"post","link":"https:\/\/www.eldigitaldeasturias.com\/noticias\/aumenta-la-demanda-de-productos-espia-segun-elsetec\/","title":{"rendered":"Aumenta la demanda de productos esp\u00eda, seg\u00fan ELSETEC"},"content":{"rendered":"<p><a href=\"https:\/\/elsetec.com\/\" target=\"_blank\" rel=\"nofollow noopener noreferrer\"><span style=\"color: #ff6600;\"><strong>ELSETEC<\/strong><\/span><\/a>, tienda de productos de espionaje, en estos dos primeros meses del 2020 viene observando un incremento considerable en la demanda de productos esp\u00eda. Las razones son diversas, recogi\u00e9ndose aqu\u00ed las m\u00e1s importantes.<\/p>\n<p><img loading=\"lazy\" decoding=\"async\" class=\"aligncenter wp-image-1058509\" src=\"https:\/\/www.eldigitaldeasturias.com\/noticias\/wp-content\/uploads\/2020\/02\/1582201501_elsetec-360x240.jpg\" alt=\"\" width=\"670\" height=\"447\" srcset=\"https:\/\/www.eldigitaldeasturias.com\/noticias\/wp-content\/uploads\/2020\/02\/1582201501_elsetec-360x240.jpg 360w, https:\/\/www.eldigitaldeasturias.com\/noticias\/wp-content\/uploads\/2020\/02\/1582201501_elsetec-690x460.jpg 690w, https:\/\/www.eldigitaldeasturias.com\/noticias\/wp-content\/uploads\/2020\/02\/1582201501_elsetec-450x300.jpg 450w, https:\/\/www.eldigitaldeasturias.com\/noticias\/wp-content\/uploads\/2020\/02\/1582201501_elsetec-768x512.jpg 768w, https:\/\/www.eldigitaldeasturias.com\/noticias\/wp-content\/uploads\/2020\/02\/1582201501_elsetec-1024x683.jpg 1024w, https:\/\/www.eldigitaldeasturias.com\/noticias\/wp-content\/uploads\/2020\/02\/1582201501_elsetec.jpg 1200w\" sizes=\"auto, (max-width: 670px) 100vw, 670px\" \/><\/p>\n<h3><strong>Autoprotecci\u00f3n personal y del hogar<\/strong><\/h3>\n<p>Hoy en d\u00eda, en un mundo donde se necesita probar los hechos, la vigilancia y el contraespionaje cobran una gran importancia para sus usuarios, quienes experimentan la necesidad de salvaguardar sus bienes y protegerse ante cualquier ataque a su intimidad y a la de sus seres queridos.<\/p>\n<p>Es por ello que la demanda de este tipo de productos ha propiciado que ELSETEC y otras conocidas tiendas esp\u00eda de referencia en Espa\u00f1a, est\u00e9n de enhorabuena por este crecimiento sostenido de sus ventas. Estas empresas ofrecen su asesoramiento experto de gran valor al estar constituidas por profesionales con muchos a\u00f1os de experiencia en el sector de seguridad, ayudando a todas aquellas personas que quieran protegerse ante intrusiones de todo tipo.<\/p>\n<p>Elsetec asesora a sus clientes desde su\u00a0<strong>tienda de art\u00edculos esp\u00eda en Alicante<\/strong>, contando con todos los dispositivos que cualquier particular o empresa pueda necesitar en materia de espionaje y contraespionaje.<\/p>\n<h2><strong>Productos esp\u00eda m\u00e1s demandados<\/strong><\/h2>\n<p>Dentro del extenso y variado cat\u00e1logo de productos esp\u00eda, hay una serie de dispositivos que est\u00e1n siendo especialmente demandado \u00faltimamente, como son las c\u00e1maras esp\u00eda.<\/p>\n<p>Desde estas tiendas esp\u00eda se ofrece una gran selecci\u00f3n de distintos tipos de\u00a0<span style=\"color: #ff6600;\"><strong><a style=\"color: #ff6600;\" href=\"https:\/\/elsetec.com\/camaras-ocultas\" target=\"_blank\" rel=\"nofollow noopener noreferrer\">c\u00e1maras esp\u00eda<\/a><\/strong><\/span>, que pueden instalarse o dejarse en cualquier lugar o incluso portarse aut\u00f3nomamente. Puede encontrarse gafas esp\u00eda con c\u00e1mara oculta incorporada, relojes de pulsera con una lente en miniatura que pasa totalmente desapercibida y otros objetos cotidianos como llaveros de coche, mandos de control, mochilas y un largo etc\u00e9tera.<\/p>\n<p>Son muchos los profesionales del mundo de la seguridad, como los detectives privados y la misma polic\u00eda, quienes suelen solicitar personalizaciones de este tipo de c\u00e1maras para su uso en su actividad. Que junto a el servicio de\u00a0<span style=\"color: #ff6600;\"><strong><a style=\"color: #ff6600;\" href=\"https:\/\/elsetec.com\/plataforma-gps\" target=\"_blank\" rel=\"nofollow noopener noreferrer\">plataforma GPS<\/a><\/strong><\/span>\u00a0con localizaci\u00f3n permanente a tiempo real, son los servicios que mas demandan los profesionales de seguridad.<\/p>\n<p>De hecho, la plataforma GPS, tambi\u00e9n permite a las empresas poder seguir su flota de veh\u00edculos para controlar los servicios, tiempos de entregas y distribuci\u00f3n, de forma que puedan conocer la situaci\u00f3n en tiempo real, especialmente hoy en d\u00eda, donde la rapidez y la calidad del servicio es esencial para todo negocio.<\/p>\n<p>Por otro lado, no solo ofrecen la posibilidad de controlar los servicios, sino que permiten la protecci\u00f3n y localizaci\u00f3n de personas, que, por su situaci\u00f3n, necesiten especial atenci\u00f3n.<\/p>\n<p>Es por ello que, personas con enfermedades como el Alzheimer, o discapacidades cognitivas, pueden requerir de este tipo de dispositivos, que d\u00eda a d\u00eda van expandi\u00e9ndose tanto en residencias de ancianos como en hospitales y centros de salud, as\u00ed como en domicilios particulares. Por otro lado, la inseguridad ciudadana y nuevas amenazas han hecho que los padres se planteen el uso de este tipo de dispositivos para proteger a sus hijos, con el fin de poderles localizar en caso de producirse imprevistos.<\/p>\n<p>Otro de los productos estrella dentro de las tiendas del ramo del espionaje son las\u00a0<span style=\"color: #ff6600;\"><strong><a style=\"color: #ff6600;\" href=\"https:\/\/elsetec.com\/grabadoras-de-audio\" target=\"_blank\" rel=\"nofollow noopener noreferrer\">grabadoras de audio<\/a><\/strong><\/span>\u00a0esp\u00eda, que permiten realizar grabaciones propias, as\u00ed como guardar notas y recordatorios de una forma discreta. Por esa raz\u00f3n ofrecen grabadoras totalmente ocultas o miniaturizadas que permiten su ocultaci\u00f3n o su acci\u00f3n de una forma totalmente discreta, con el fin de obtener la informaci\u00f3n o las pruebas que se necesitan.<\/p>\n<p>Por \u00faltimo, pero no menos importante, estas tiendas tambi\u00e9n ofrecen productos de contraespionaje orientados a profesionales de la seguridad, con estos productos se vuelve sencillo descubrir si se est\u00e1 siendo espiado, y localizar todo aquel dispositivo con el que se est\u00e1 realizando espionaje.<\/p>\n<p>Cada d\u00eda, m\u00e1s empresas invierten en este tipo de dispositivos para proteger sus bienes, productos y secretos empresariales; desde la instalaci\u00f3n de una c\u00e1mara oculta en una oficina o local, como instalar un\u00a0<span style=\"color: #ff6600;\"><strong><a style=\"color: #ff6600;\" href=\"https:\/\/elsetec.com\/localizadores-gps\" target=\"_blank\" rel=\"nofollow noopener noreferrer\">localizador GPS<\/a><\/strong><\/span>\u00a0en un complemento de ropa o camuflar un micr\u00f3fono oculto en cualquier objeto, contando con las mejores marcas y productos, el usuario tendr\u00e1 las mejores garant\u00edas en materia de seguridad y protecci\u00f3n.<\/p>\n<p>ELSETEC ofrece sus servicios en l\u00ednea, disponiendo de una larga experiencia en asesoramiento e implantaci\u00f3n de productos de seguridad, vigilancia y contraespionaje.<\/p>\n<p>&nbsp;<\/p>\n","protected":false},"excerpt":{"rendered":"<p>ELSETEC, tienda de productos de espionaje, en estos dos primeros meses del 2020 viene observando un incremento considerable en la demanda de productos esp\u00eda. Las razones son diversas, recogi\u00e9ndose aqu\u00ed las m\u00e1s importantes. Autoprotecci\u00f3n personal y del hogar Hoy en d\u00eda, en un mundo donde se necesita probar los hechos, la vigilancia y el contraespionaje [&hellip;]<\/p>\n","protected":false},"author":1,"featured_media":1058509,"comment_status":"closed","ping_status":"closed","sticky":false,"template":"","format":"standard","meta":{"footnotes":""},"categories":[219],"tags":[],"class_list":["post-1058508","post","type-post","status-publish","format-standard","has-post-thumbnail","hentry","category-negocios-y-empresas"],"aioseo_notices":[],"aioseo_head":"\n\t\t<!-- All in One SEO Pro 4.9.6.2 - aioseo.com -->\n\t<meta name=\"description\" content=\"ELSETEC, tienda de productos de espionaje, en estos dos primeros meses del 2020 viene observando un incremento considerable en la demanda de productos esp\u00eda. Las razones son diversas, recogi\u00e9ndose aqu\u00ed las m\u00e1s importantes. Autoprotecci\u00f3n personal y del hogar Hoy en d\u00eda, en un mundo donde se necesita probar los hechos, la vigilancia y el contraespionaje\" \/>\n\t<meta name=\"robots\" content=\"max-image-preview:large\" \/>\n\t<meta name=\"author\" content=\"El Digital de Asturias\"\/>\n\t<meta name=\"google-site-verification\" content=\"UA-38556648-1\" \/>\n\t<meta name=\"msvalidate.01\" content=\"7dfe9f3f1b24437ab69f4f2559babe99\" \/>\n\t<meta name=\"keywords\" content=\"negocios y empresas\" \/>\n\t<link rel=\"canonical\" href=\"https:\/\/www.eldigitaldeasturias.com\/noticias\/aumenta-la-demanda-de-productos-espia-segun-elsetec\/\" \/>\n\t<meta name=\"generator\" content=\"All in One SEO Pro (AIOSEO) 4.9.6.2\" \/>\n\t\t<meta property=\"og:locale\" content=\"es_ES\" \/>\n\t\t<meta property=\"og:site_name\" content=\"El Digital de Asturias\" \/>\n\t\t<meta property=\"og:type\" content=\"article\" \/>\n\t\t<meta property=\"og:title\" content=\"Aumenta la demanda de productos esp\u00eda, seg\u00fan ELSETEC - El Digital de Asturias\" \/>\n\t\t<meta property=\"og:description\" content=\"ELSETEC, tienda de productos de espionaje, en estos dos primeros meses del 2020 viene observando un incremento considerable en la demanda de productos esp\u00eda. Las razones son diversas, recogi\u00e9ndose aqu\u00ed las m\u00e1s importantes. Autoprotecci\u00f3n personal y del hogar Hoy en d\u00eda, en un mundo donde se necesita probar los hechos, la vigilancia y el contraespionaje\" \/>\n\t\t<meta property=\"og:url\" content=\"https:\/\/www.eldigitaldeasturias.com\/noticias\/aumenta-la-demanda-de-productos-espia-segun-elsetec\/\" \/>\n\t\t<meta property=\"og:image\" content=\"https:\/\/www.eldigitaldeasturias.com\/noticias\/wp-content\/uploads\/2020\/02\/1582201501_elsetec.jpg\" \/>\n\t\t<meta property=\"og:image:secure_url\" content=\"https:\/\/www.eldigitaldeasturias.com\/noticias\/wp-content\/uploads\/2020\/02\/1582201501_elsetec.jpg\" \/>\n\t\t<meta property=\"og:image:width\" content=\"1200\" \/>\n\t\t<meta property=\"og:image:height\" content=\"800\" \/>\n\t\t<meta property=\"article:tag\" content=\"negocios y empresas\" \/>\n\t\t<meta property=\"article:published_time\" content=\"2020-02-21T16:49:21+00:00\" \/>\n\t\t<meta property=\"article:modified_time\" content=\"2020-02-21T16:49:21+00:00\" \/>\n\t\t<meta property=\"article:publisher\" content=\"https:\/\/facebook.com\/eldigitaldeasturias\" \/>\n\t\t<meta name=\"twitter:card\" content=\"summary_large_image\" \/>\n\t\t<meta name=\"twitter:title\" content=\"Aumenta la demanda de productos esp\u00eda, seg\u00fan ELSETEC - El Digital de Asturias\" \/>\n\t\t<meta name=\"twitter:description\" content=\"ELSETEC, tienda de productos de espionaje, en estos dos primeros meses del 2020 viene observando un incremento considerable en la demanda de productos esp\u00eda. Las razones son diversas, recogi\u00e9ndose aqu\u00ed las m\u00e1s importantes. Autoprotecci\u00f3n personal y del hogar Hoy en d\u00eda, en un mundo donde se necesita probar los hechos, la vigilancia y el contraespionaje\" \/>\n\t\t<meta name=\"twitter:image\" content=\"https:\/\/www.eldigitaldeasturias.com\/noticias\/wp-content\/uploads\/2020\/02\/1582201501_elsetec.jpg\" \/>\n\t\t<meta name=\"twitter:label1\" content=\"Escrito por\" \/>\n\t\t<meta name=\"twitter:data1\" content=\"El Digital de Asturias\" \/>\n\t\t<meta name=\"twitter:label2\" content=\"Tiempo de lectura estimado\" \/>\n\t\t<meta name=\"twitter:data2\" content=\"4 minutos\" \/>\n\t\t<script type=\"application\/ld+json\" class=\"aioseo-schema\">\n\t\t\t{\"@context\":\"https:\\\/\\\/schema.org\",\"@graph\":[{\"@type\":\"BlogPosting\",\"@id\":\"https:\\\/\\\/www.eldigitaldeasturias.com\\\/noticias\\\/aumenta-la-demanda-de-productos-espia-segun-elsetec\\\/#blogposting\",\"name\":\"Aumenta la demanda de productos esp\\u00eda, seg\\u00fan ELSETEC - El Digital de Asturias\",\"headline\":\"Aumenta la demanda de productos esp\\u00eda, seg\\u00fan ELSETEC\",\"author\":{\"@id\":\"https:\\\/\\\/www.eldigitaldeasturias.com\\\/noticias\\\/author\\\/admin\\\/#author\"},\"publisher\":{\"@id\":\"https:\\\/\\\/www.eldigitaldeasturias.com\\\/noticias\\\/#organization\"},\"image\":{\"@type\":\"ImageObject\",\"url\":\"https:\\\/\\\/www.eldigitaldeasturias.com\\\/noticias\\\/wp-content\\\/uploads\\\/2020\\\/02\\\/1582201501_elsetec.jpg\",\"width\":1200,\"height\":800},\"datePublished\":\"2020-02-21T16:49:21+01:00\",\"dateModified\":\"2020-02-21T16:49:21+01:00\",\"inLanguage\":\"es-ES\",\"mainEntityOfPage\":{\"@id\":\"https:\\\/\\\/www.eldigitaldeasturias.com\\\/noticias\\\/aumenta-la-demanda-de-productos-espia-segun-elsetec\\\/#webpage\"},\"isPartOf\":{\"@id\":\"https:\\\/\\\/www.eldigitaldeasturias.com\\\/noticias\\\/aumenta-la-demanda-de-productos-espia-segun-elsetec\\\/#webpage\"},\"articleSection\":\"Negocios y Empresas\"},{\"@type\":\"BreadcrumbList\",\"@id\":\"https:\\\/\\\/www.eldigitaldeasturias.com\\\/noticias\\\/aumenta-la-demanda-de-productos-espia-segun-elsetec\\\/#breadcrumblist\",\"itemListElement\":[{\"@type\":\"ListItem\",\"@id\":\"https:\\\/\\\/www.eldigitaldeasturias.com\\\/noticias#listItem\",\"position\":1,\"name\":\"Home\",\"item\":\"https:\\\/\\\/www.eldigitaldeasturias.com\\\/noticias\",\"nextItem\":{\"@type\":\"ListItem\",\"@id\":\"https:\\\/\\\/www.eldigitaldeasturias.com\\\/noticias\\\/category\\\/negocios-y-empresas\\\/#listItem\",\"name\":\"Negocios y Empresas\"}},{\"@type\":\"ListItem\",\"@id\":\"https:\\\/\\\/www.eldigitaldeasturias.com\\\/noticias\\\/category\\\/negocios-y-empresas\\\/#listItem\",\"position\":2,\"name\":\"Negocios y Empresas\",\"item\":\"https:\\\/\\\/www.eldigitaldeasturias.com\\\/noticias\\\/category\\\/negocios-y-empresas\\\/\",\"nextItem\":{\"@type\":\"ListItem\",\"@id\":\"https:\\\/\\\/www.eldigitaldeasturias.com\\\/noticias\\\/aumenta-la-demanda-de-productos-espia-segun-elsetec\\\/#listItem\",\"name\":\"Aumenta la demanda de productos esp\\u00eda, seg\\u00fan ELSETEC\"},\"previousItem\":{\"@type\":\"ListItem\",\"@id\":\"https:\\\/\\\/www.eldigitaldeasturias.com\\\/noticias#listItem\",\"name\":\"Home\"}},{\"@type\":\"ListItem\",\"@id\":\"https:\\\/\\\/www.eldigitaldeasturias.com\\\/noticias\\\/aumenta-la-demanda-de-productos-espia-segun-elsetec\\\/#listItem\",\"position\":3,\"name\":\"Aumenta la demanda de productos esp\\u00eda, seg\\u00fan ELSETEC\",\"previousItem\":{\"@type\":\"ListItem\",\"@id\":\"https:\\\/\\\/www.eldigitaldeasturias.com\\\/noticias\\\/category\\\/negocios-y-empresas\\\/#listItem\",\"name\":\"Negocios y Empresas\"}}]},{\"@type\":\"Organization\",\"@id\":\"https:\\\/\\\/www.eldigitaldeasturias.com\\\/noticias\\\/#organization\",\"name\":\"El Digital de Asturias\",\"description\":\"Hemeroteca\",\"url\":\"https:\\\/\\\/www.eldigitaldeasturias.com\\\/noticias\\\/\",\"email\":\"info@eldigitaldeasturias.com\",\"telephone\":\"+34652131393\",\"logo\":{\"@type\":\"ImageObject\",\"url\":\"https:\\\/\\\/www.eldigitaldeasturias.com\\\/noticias\\\/wp-content\\\/uploads\\\/2020\\\/12\\\/EDA.jpg\",\"@id\":\"https:\\\/\\\/www.eldigitaldeasturias.com\\\/noticias\\\/aumenta-la-demanda-de-productos-espia-segun-elsetec\\\/#organizationLogo\",\"width\":649,\"height\":297},\"image\":{\"@id\":\"https:\\\/\\\/www.eldigitaldeasturias.com\\\/noticias\\\/aumenta-la-demanda-de-productos-espia-segun-elsetec\\\/#organizationLogo\"},\"sameAs\":[\"https:\\\/\\\/facebook.com\\\/eldigitaldeasturias\",\"https:\\\/\\\/www.youtube.com\\\/channel\\\/UCZP-2wLEB9Rv6erhFmqVnvg\"],\"address\":{\"@id\":\"https:\\\/\\\/www.eldigitaldeasturias.com\\\/noticias\\\/#postaladdress\",\"@type\":\"PostalAddress\",\"streetAddress\":\"san antonio 4,\",\"postalCode\":\"33430\",\"addressLocality\":\"Cand\\u00e1s\",\"addressRegion\":\"Asturias\",\"addressCountry\":\"ES\"}},{\"@type\":\"Person\",\"@id\":\"https:\\\/\\\/www.eldigitaldeasturias.com\\\/noticias\\\/author\\\/admin\\\/#author\",\"url\":\"https:\\\/\\\/www.eldigitaldeasturias.com\\\/noticias\\\/author\\\/admin\\\/\",\"name\":\"El Digital de Asturias\",\"image\":{\"@type\":\"ImageObject\",\"@id\":\"https:\\\/\\\/www.eldigitaldeasturias.com\\\/noticias\\\/aumenta-la-demanda-de-productos-espia-segun-elsetec\\\/#authorImage\",\"url\":\"https:\\\/\\\/www.eldigitaldeasturias.com\\\/noticias\\\/wp-content\\\/litespeed\\\/avatar\\\/18677e78aa0546b92d9dbf31ec7d7668.jpg?ver=1777290358\",\"width\":96,\"height\":96,\"caption\":\"El Digital de Asturias\"}},{\"@type\":\"WebPage\",\"@id\":\"https:\\\/\\\/www.eldigitaldeasturias.com\\\/noticias\\\/aumenta-la-demanda-de-productos-espia-segun-elsetec\\\/#webpage\",\"url\":\"https:\\\/\\\/www.eldigitaldeasturias.com\\\/noticias\\\/aumenta-la-demanda-de-productos-espia-segun-elsetec\\\/\",\"name\":\"Aumenta la demanda de productos esp\\u00eda, seg\\u00fan ELSETEC - El Digital de Asturias\",\"description\":\"ELSETEC, tienda de productos de espionaje, en estos dos primeros meses del 2020 viene observando un incremento considerable en la demanda de productos esp\\u00eda. Las razones son diversas, recogi\\u00e9ndose aqu\\u00ed las m\\u00e1s importantes. Autoprotecci\\u00f3n personal y del hogar Hoy en d\\u00eda, en un mundo donde se necesita probar los hechos, la vigilancia y el contraespionaje\",\"inLanguage\":\"es-ES\",\"isPartOf\":{\"@id\":\"https:\\\/\\\/www.eldigitaldeasturias.com\\\/noticias\\\/#website\"},\"breadcrumb\":{\"@id\":\"https:\\\/\\\/www.eldigitaldeasturias.com\\\/noticias\\\/aumenta-la-demanda-de-productos-espia-segun-elsetec\\\/#breadcrumblist\"},\"author\":{\"@id\":\"https:\\\/\\\/www.eldigitaldeasturias.com\\\/noticias\\\/author\\\/admin\\\/#author\"},\"creator\":{\"@id\":\"https:\\\/\\\/www.eldigitaldeasturias.com\\\/noticias\\\/author\\\/admin\\\/#author\"},\"image\":{\"@type\":\"ImageObject\",\"url\":\"https:\\\/\\\/www.eldigitaldeasturias.com\\\/noticias\\\/wp-content\\\/uploads\\\/2020\\\/02\\\/1582201501_elsetec.jpg\",\"@id\":\"https:\\\/\\\/www.eldigitaldeasturias.com\\\/noticias\\\/aumenta-la-demanda-de-productos-espia-segun-elsetec\\\/#mainImage\",\"width\":1200,\"height\":800},\"primaryImageOfPage\":{\"@id\":\"https:\\\/\\\/www.eldigitaldeasturias.com\\\/noticias\\\/aumenta-la-demanda-de-productos-espia-segun-elsetec\\\/#mainImage\"},\"datePublished\":\"2020-02-21T16:49:21+01:00\",\"dateModified\":\"2020-02-21T16:49:21+01:00\"},{\"@type\":\"WebSite\",\"@id\":\"https:\\\/\\\/www.eldigitaldeasturias.com\\\/noticias\\\/#website\",\"url\":\"https:\\\/\\\/www.eldigitaldeasturias.com\\\/noticias\\\/\",\"name\":\"El Digital de Asturias - Diario de actualidad y noticias\",\"alternateName\":\"El Digital de Asturias - Diario de actualidad y noticias\",\"description\":\"Hemeroteca\",\"inLanguage\":\"es-ES\",\"publisher\":{\"@id\":\"https:\\\/\\\/www.eldigitaldeasturias.com\\\/noticias\\\/#organization\"}}]}\n\t\t<\/script>\n\t\t<!-- All in One SEO Pro -->\r\n\t\t<title>Aumenta la demanda de productos esp\u00eda, seg\u00fan ELSETEC - El Digital de Asturias<\/title>\n\n","aioseo_head_json":{"title":"Aumenta la demanda de productos esp\u00eda, seg\u00fan ELSETEC - El Digital de Asturias","description":"ELSETEC, tienda de productos de espionaje, en estos dos primeros meses del 2020 viene observando un incremento considerable en la demanda de productos esp\u00eda. Las razones son diversas, recogi\u00e9ndose aqu\u00ed las m\u00e1s importantes. Autoprotecci\u00f3n personal y del hogar Hoy en d\u00eda, en un mundo donde se necesita probar los hechos, la vigilancia y el contraespionaje","canonical_url":"https:\/\/www.eldigitaldeasturias.com\/noticias\/aumenta-la-demanda-de-productos-espia-segun-elsetec\/","robots":"max-image-preview:large","keywords":"negocios y empresas","webmasterTools":{"google-site-verification":"UA-38556648-1","msvalidate.01":"7dfe9f3f1b24437ab69f4f2559babe99","miscellaneous":""},"schema":{"@context":"https:\/\/schema.org","@graph":[{"@type":"BlogPosting","@id":"https:\/\/www.eldigitaldeasturias.com\/noticias\/aumenta-la-demanda-de-productos-espia-segun-elsetec\/#blogposting","name":"Aumenta la demanda de productos esp\u00eda, seg\u00fan ELSETEC - El Digital de Asturias","headline":"Aumenta la demanda de productos esp\u00eda, seg\u00fan ELSETEC","author":{"@id":"https:\/\/www.eldigitaldeasturias.com\/noticias\/author\/admin\/#author"},"publisher":{"@id":"https:\/\/www.eldigitaldeasturias.com\/noticias\/#organization"},"image":{"@type":"ImageObject","url":"https:\/\/www.eldigitaldeasturias.com\/noticias\/wp-content\/uploads\/2020\/02\/1582201501_elsetec.jpg","width":1200,"height":800},"datePublished":"2020-02-21T16:49:21+01:00","dateModified":"2020-02-21T16:49:21+01:00","inLanguage":"es-ES","mainEntityOfPage":{"@id":"https:\/\/www.eldigitaldeasturias.com\/noticias\/aumenta-la-demanda-de-productos-espia-segun-elsetec\/#webpage"},"isPartOf":{"@id":"https:\/\/www.eldigitaldeasturias.com\/noticias\/aumenta-la-demanda-de-productos-espia-segun-elsetec\/#webpage"},"articleSection":"Negocios y Empresas"},{"@type":"BreadcrumbList","@id":"https:\/\/www.eldigitaldeasturias.com\/noticias\/aumenta-la-demanda-de-productos-espia-segun-elsetec\/#breadcrumblist","itemListElement":[{"@type":"ListItem","@id":"https:\/\/www.eldigitaldeasturias.com\/noticias#listItem","position":1,"name":"Home","item":"https:\/\/www.eldigitaldeasturias.com\/noticias","nextItem":{"@type":"ListItem","@id":"https:\/\/www.eldigitaldeasturias.com\/noticias\/category\/negocios-y-empresas\/#listItem","name":"Negocios y Empresas"}},{"@type":"ListItem","@id":"https:\/\/www.eldigitaldeasturias.com\/noticias\/category\/negocios-y-empresas\/#listItem","position":2,"name":"Negocios y Empresas","item":"https:\/\/www.eldigitaldeasturias.com\/noticias\/category\/negocios-y-empresas\/","nextItem":{"@type":"ListItem","@id":"https:\/\/www.eldigitaldeasturias.com\/noticias\/aumenta-la-demanda-de-productos-espia-segun-elsetec\/#listItem","name":"Aumenta la demanda de productos esp\u00eda, seg\u00fan ELSETEC"},"previousItem":{"@type":"ListItem","@id":"https:\/\/www.eldigitaldeasturias.com\/noticias#listItem","name":"Home"}},{"@type":"ListItem","@id":"https:\/\/www.eldigitaldeasturias.com\/noticias\/aumenta-la-demanda-de-productos-espia-segun-elsetec\/#listItem","position":3,"name":"Aumenta la demanda de productos esp\u00eda, seg\u00fan ELSETEC","previousItem":{"@type":"ListItem","@id":"https:\/\/www.eldigitaldeasturias.com\/noticias\/category\/negocios-y-empresas\/#listItem","name":"Negocios y Empresas"}}]},{"@type":"Organization","@id":"https:\/\/www.eldigitaldeasturias.com\/noticias\/#organization","name":"El Digital de Asturias","description":"Hemeroteca","url":"https:\/\/www.eldigitaldeasturias.com\/noticias\/","email":"info@eldigitaldeasturias.com","telephone":"+34652131393","logo":{"@type":"ImageObject","url":"https:\/\/www.eldigitaldeasturias.com\/noticias\/wp-content\/uploads\/2020\/12\/EDA.jpg","@id":"https:\/\/www.eldigitaldeasturias.com\/noticias\/aumenta-la-demanda-de-productos-espia-segun-elsetec\/#organizationLogo","width":649,"height":297},"image":{"@id":"https:\/\/www.eldigitaldeasturias.com\/noticias\/aumenta-la-demanda-de-productos-espia-segun-elsetec\/#organizationLogo"},"sameAs":["https:\/\/facebook.com\/eldigitaldeasturias","https:\/\/www.youtube.com\/channel\/UCZP-2wLEB9Rv6erhFmqVnvg"],"address":{"@id":"https:\/\/www.eldigitaldeasturias.com\/noticias\/#postaladdress","@type":"PostalAddress","streetAddress":"san antonio 4,","postalCode":"33430","addressLocality":"Cand\u00e1s","addressRegion":"Asturias","addressCountry":"ES"}},{"@type":"Person","@id":"https:\/\/www.eldigitaldeasturias.com\/noticias\/author\/admin\/#author","url":"https:\/\/www.eldigitaldeasturias.com\/noticias\/author\/admin\/","name":"El Digital de Asturias","image":{"@type":"ImageObject","@id":"https:\/\/www.eldigitaldeasturias.com\/noticias\/aumenta-la-demanda-de-productos-espia-segun-elsetec\/#authorImage","url":"https:\/\/www.eldigitaldeasturias.com\/noticias\/wp-content\/litespeed\/avatar\/18677e78aa0546b92d9dbf31ec7d7668.jpg?ver=1777290358","width":96,"height":96,"caption":"El Digital de Asturias"}},{"@type":"WebPage","@id":"https:\/\/www.eldigitaldeasturias.com\/noticias\/aumenta-la-demanda-de-productos-espia-segun-elsetec\/#webpage","url":"https:\/\/www.eldigitaldeasturias.com\/noticias\/aumenta-la-demanda-de-productos-espia-segun-elsetec\/","name":"Aumenta la demanda de productos esp\u00eda, seg\u00fan ELSETEC - El Digital de Asturias","description":"ELSETEC, tienda de productos de espionaje, en estos dos primeros meses del 2020 viene observando un incremento considerable en la demanda de productos esp\u00eda. Las razones son diversas, recogi\u00e9ndose aqu\u00ed las m\u00e1s importantes. Autoprotecci\u00f3n personal y del hogar Hoy en d\u00eda, en un mundo donde se necesita probar los hechos, la vigilancia y el contraespionaje","inLanguage":"es-ES","isPartOf":{"@id":"https:\/\/www.eldigitaldeasturias.com\/noticias\/#website"},"breadcrumb":{"@id":"https:\/\/www.eldigitaldeasturias.com\/noticias\/aumenta-la-demanda-de-productos-espia-segun-elsetec\/#breadcrumblist"},"author":{"@id":"https:\/\/www.eldigitaldeasturias.com\/noticias\/author\/admin\/#author"},"creator":{"@id":"https:\/\/www.eldigitaldeasturias.com\/noticias\/author\/admin\/#author"},"image":{"@type":"ImageObject","url":"https:\/\/www.eldigitaldeasturias.com\/noticias\/wp-content\/uploads\/2020\/02\/1582201501_elsetec.jpg","@id":"https:\/\/www.eldigitaldeasturias.com\/noticias\/aumenta-la-demanda-de-productos-espia-segun-elsetec\/#mainImage","width":1200,"height":800},"primaryImageOfPage":{"@id":"https:\/\/www.eldigitaldeasturias.com\/noticias\/aumenta-la-demanda-de-productos-espia-segun-elsetec\/#mainImage"},"datePublished":"2020-02-21T16:49:21+01:00","dateModified":"2020-02-21T16:49:21+01:00"},{"@type":"WebSite","@id":"https:\/\/www.eldigitaldeasturias.com\/noticias\/#website","url":"https:\/\/www.eldigitaldeasturias.com\/noticias\/","name":"El Digital de Asturias - Diario de actualidad y noticias","alternateName":"El Digital de Asturias - Diario de actualidad y noticias","description":"Hemeroteca","inLanguage":"es-ES","publisher":{"@id":"https:\/\/www.eldigitaldeasturias.com\/noticias\/#organization"}}]},"og:locale":"es_ES","og:site_name":"El Digital de Asturias","og:type":"article","og:title":"Aumenta la demanda de productos esp\u00eda, seg\u00fan ELSETEC - El Digital de Asturias","og:description":"ELSETEC, tienda de productos de espionaje, en estos dos primeros meses del 2020 viene observando un incremento considerable en la demanda de productos esp\u00eda. Las razones son diversas, recogi\u00e9ndose aqu\u00ed las m\u00e1s importantes. Autoprotecci\u00f3n personal y del hogar Hoy en d\u00eda, en un mundo donde se necesita probar los hechos, la vigilancia y el contraespionaje","og:url":"https:\/\/www.eldigitaldeasturias.com\/noticias\/aumenta-la-demanda-de-productos-espia-segun-elsetec\/","og:image":"https:\/\/www.eldigitaldeasturias.com\/noticias\/wp-content\/uploads\/2020\/02\/1582201501_elsetec.jpg","og:image:secure_url":"https:\/\/www.eldigitaldeasturias.com\/noticias\/wp-content\/uploads\/2020\/02\/1582201501_elsetec.jpg","og:image:width":1200,"og:image:height":800,"article:tag":["negocios y empresas"],"article:published_time":"2020-02-21T16:49:21+00:00","article:modified_time":"2020-02-21T16:49:21+00:00","article:publisher":"https:\/\/facebook.com\/eldigitaldeasturias","twitter:card":"summary_large_image","twitter:title":"Aumenta la demanda de productos esp\u00eda, seg\u00fan ELSETEC - El Digital de Asturias","twitter:description":"ELSETEC, tienda de productos de espionaje, en estos dos primeros meses del 2020 viene observando un incremento considerable en la demanda de productos esp\u00eda. Las razones son diversas, recogi\u00e9ndose aqu\u00ed las m\u00e1s importantes. Autoprotecci\u00f3n personal y del hogar Hoy en d\u00eda, en un mundo donde se necesita probar los hechos, la vigilancia y el contraespionaje","twitter:image":"https:\/\/www.eldigitaldeasturias.com\/noticias\/wp-content\/uploads\/2020\/02\/1582201501_elsetec.jpg","twitter:label1":"Escrito por","twitter:data1":"El Digital de Asturias","twitter:label2":"Tiempo de lectura estimado","twitter:data2":"4 minutos"},"aioseo_meta_data":{"post_id":"1058508","title":null,"description":null,"keywords":null,"keyphrases":null,"primary_term":null,"canonical_url":null,"og_title":null,"og_description":null,"og_object_type":"default","og_image_type":"default","og_image_url":null,"og_image_width":null,"og_image_height":null,"og_image_custom_url":null,"og_image_custom_fields":null,"og_video":null,"og_custom_url":null,"og_article_section":null,"og_article_tags":null,"twitter_use_og":false,"twitter_card":"default","twitter_image_type":"default","twitter_image_url":null,"twitter_image_custom_url":null,"twitter_image_custom_fields":null,"twitter_title":null,"twitter_description":null,"schema":{"blockGraphs":[],"customGraphs":[],"default":{"data":{"Article":[],"Course":[],"Dataset":[],"FAQPage":[],"Movie":[],"Person":[],"Product":[],"ProductReview":[],"Car":[],"Recipe":[],"Service":[],"SoftwareApplication":[],"WebPage":[]},"graphName":"","isEnabled":true},"graphs":[],"defaultGraph":"","defaultPostTypeGraph":""},"schema_type":null,"schema_type_options":null,"pillar_content":false,"robots_default":true,"robots_noindex":false,"robots_noarchive":false,"robots_nosnippet":false,"robots_nofollow":false,"robots_noimageindex":false,"robots_noodp":false,"robots_notranslate":false,"robots_max_snippet":null,"robots_max_videopreview":null,"robots_max_imagepreview":"large","priority":null,"frequency":null,"local_seo":null,"seo_analyzer_scan_date":"2025-10-31 05:40:17","breadcrumb_settings":null,"limit_modified_date":false,"open_ai":null,"ai":null,"created":"2020-12-21 10:55:06","updated":"2025-10-31 05:40:17"},"aioseo_breadcrumb":"<div class=\"aioseo-breadcrumbs\"><span class=\"aioseo-breadcrumb\">\n\t<a href=\"https:\/\/www.eldigitaldeasturias.com\/noticias\" title=\"Home\">Home<\/a>\n<\/span><span class=\"aioseo-breadcrumb-separator\">\u2013<\/span><span class=\"aioseo-breadcrumb\">\n\t<a href=\"https:\/\/www.eldigitaldeasturias.com\/noticias\/category\/negocios-y-empresas\/\" title=\"Negocios y Empresas\">Negocios y Empresas<\/a>\n<\/span><span class=\"aioseo-breadcrumb-separator\">\u2013<\/span><span class=\"aioseo-breadcrumb\">\n\t<a href=\"https:\/\/www.eldigitaldeasturias.com\/noticias\/aumenta-la-demanda-de-productos-espia-segun-elsetec\/\" title=\"Aumenta la demanda de productos esp\u00eda, seg\u00fan ELSETEC\">Aumenta la demanda de productos esp\u00eda, seg\u00fan ELSETEC<\/a>\n<\/span><\/div>","aioseo_breadcrumb_json":[{"label":"Home","link":"https:\/\/www.eldigitaldeasturias.com\/noticias"},{"label":"Negocios y Empresas","link":"https:\/\/www.eldigitaldeasturias.com\/noticias\/category\/negocios-y-empresas\/"},{"label":"Aumenta la demanda de productos esp\u00eda, seg\u00fan ELSETEC","link":"https:\/\/www.eldigitaldeasturias.com\/noticias\/aumenta-la-demanda-de-productos-espia-segun-elsetec\/"}],"_links":{"self":[{"href":"https:\/\/www.eldigitaldeasturias.com\/noticias\/wp-json\/wp\/v2\/posts\/1058508","targetHints":{"allow":["GET"]}}],"collection":[{"href":"https:\/\/www.eldigitaldeasturias.com\/noticias\/wp-json\/wp\/v2\/posts"}],"about":[{"href":"https:\/\/www.eldigitaldeasturias.com\/noticias\/wp-json\/wp\/v2\/types\/post"}],"author":[{"embeddable":true,"href":"https:\/\/www.eldigitaldeasturias.com\/noticias\/wp-json\/wp\/v2\/users\/1"}],"replies":[{"embeddable":true,"href":"https:\/\/www.eldigitaldeasturias.com\/noticias\/wp-json\/wp\/v2\/comments?post=1058508"}],"version-history":[{"count":0,"href":"https:\/\/www.eldigitaldeasturias.com\/noticias\/wp-json\/wp\/v2\/posts\/1058508\/revisions"}],"wp:featuredmedia":[{"embeddable":true,"href":"https:\/\/www.eldigitaldeasturias.com\/noticias\/wp-json\/wp\/v2\/media\/1058509"}],"wp:attachment":[{"href":"https:\/\/www.eldigitaldeasturias.com\/noticias\/wp-json\/wp\/v2\/media?parent=1058508"}],"wp:term":[{"taxonomy":"category","embeddable":true,"href":"https:\/\/www.eldigitaldeasturias.com\/noticias\/wp-json\/wp\/v2\/categories?post=1058508"},{"taxonomy":"post_tag","embeddable":true,"href":"https:\/\/www.eldigitaldeasturias.com\/noticias\/wp-json\/wp\/v2\/tags?post=1058508"}],"curies":[{"name":"wp","href":"https:\/\/api.w.org\/{rel}","templated":true}]}}