{"id":1058432,"date":"2020-02-21T10:44:14","date_gmt":"2020-02-21T10:44:14","guid":{"rendered":"https:\/\/www.eldigitaldeasturias.com\/noticias\/?p=1058432"},"modified":"2020-02-21T10:44:14","modified_gmt":"2020-02-21T10:44:14","slug":"colombia-se-prepara-para-la-huelga-del-sector-del-taxi","status":"publish","type":"post","link":"https:\/\/www.eldigitaldeasturias.com\/noticias\/colombia-se-prepara-para-la-huelga-del-sector-del-taxi\/","title":{"rendered":"Colombia se prepara para la huelga del sector del taxi"},"content":{"rendered":"<figure id=\"attachment_1058433\" aria-describedby=\"caption-attachment-1058433\" style=\"width: 360px\" class=\"wp-caption alignleft\"><img loading=\"lazy\" decoding=\"async\" class=\"size-medium wp-image-1058433\" src=\"https:\/\/www.eldigitaldeasturias.com\/noticias\/wp-content\/uploads\/2020\/02\/Taxi-Colombia-ep-360x192.jpg\" alt=\"\" width=\"360\" height=\"192\" srcset=\"https:\/\/www.eldigitaldeasturias.com\/noticias\/wp-content\/uploads\/2020\/02\/Taxi-Colombia-ep-360x192.jpg 360w, https:\/\/www.eldigitaldeasturias.com\/noticias\/wp-content\/uploads\/2020\/02\/Taxi-Colombia-ep-690x368.jpg 690w, https:\/\/www.eldigitaldeasturias.com\/noticias\/wp-content\/uploads\/2020\/02\/Taxi-Colombia-ep-480x256.jpg 480w, https:\/\/www.eldigitaldeasturias.com\/noticias\/wp-content\/uploads\/2020\/02\/Taxi-Colombia-ep-768x409.jpg 768w, https:\/\/www.eldigitaldeasturias.com\/noticias\/wp-content\/uploads\/2020\/02\/Taxi-Colombia-ep.jpg 888w\" sizes=\"auto, (max-width: 360px) 100vw, 360px\" \/><figcaption id=\"caption-attachment-1058433\" class=\"wp-caption-text\">Foto: TWITTER \/ Europa Press<\/figcaption><\/figure>\n<p>(Europa Press) &#8211;\u00a0<strong>El colectivo del taxi en Colombia ha anunciado este jueves una huelga para el pr\u00f3ximo 16 de marzo<\/strong>, despu\u00e9s de que las autoridades volvieran a permitir que el gigante Uber retomara su actividad en el pa\u00eds tras suspender sus servicios en diciembre del a\u00f1o pasado por \u00abcompetencia desleal\u00bb.<\/p>\n<p>El presidente de la Asociaci\u00f3n de Propietarios y Conductores de Taxis (APTC), Hugo Ospina, ha confirmado este paro organizado para el 16 de marzo y no ha descartado que el colectivo se pueda sumar a la huelga convocada para este viernes 21 de febrero por la Federaci\u00f3n Colombiana de Educadores (FECODE).<\/p>\n<p><strong>\u00abEl primer afectado con la llegada de Uber no va a ser ni siquiera el taxista. El afectado es quien arrienda el veh\u00edculo\u00bb<\/strong>, ha explicado Ospina, al detallar que es quien alquila los servicios de la aplicaci\u00f3n quien tendr\u00eda que sufragar los gastos ante una posible infracci\u00f3n, como un atropello, o cualquier otra transgresi\u00f3n.<\/p>\n<p><strong>Ospina ha acusado a Uber de haber reducido en hasta un 50 por ciento la productividad del colectivo<\/strong>, asegurando que cerca de 300.000 taxis han dejado de prestar sus servicios.<\/p>\n<p>El l\u00edder del colectivo del taxi en Barranquilla, Orlinson Villa, ha lamentado el regreso de la plataforma ya que supone, ha dicho, una sobre oferta en el servicio del transporte.<\/p>\n<p>Para Villa, el Gobierno \u00abdeber\u00eda\u00bb encargarse de la tarea de estipular cu\u00e1ntos de estos veh\u00edculos pueden operar y no dejarlo, ha asegurado, a la libre elecci\u00f3n de Uber.<\/p>\n<p>El pasado 20 de diciembre, la Superintendencia de Industria y Comercio de Colombia (SIC), dependiente del Ministerio de Comercio, Industria y Turismo, orden\u00f3 a Uber el cese en la prestaci\u00f3n de su servicio al considerar que hab\u00eda cometido actos de <strong>\u00abcompetencia desleal\u00bb y \u00abdesviaci\u00f3n de clientela\u00bb<\/strong>.<\/p>\n<p>En concreto, la SIC determin\u00f3 que Uber presta un servicio de transporte p\u00fablico individual de pasajeros, lo que viola las normas que regulan el mercado y \u00abgenera una ventaja significativa\u00bb sobre las empresas de taxis colombianas.<\/p>\n<p>No obstante, pocos d\u00edas despu\u00e9s el Gobierno de Colombia anunci\u00f3 que presentar\u00eda un proyecto de ley por el cual Uber y otras plataformas similares podr\u00edan volver a operar en el pa\u00eds siempre y cuando se equiparara con el servicio del taxi.<\/p>\n<p>El objetivo del Ejecutivo era crear un servicio privado de transporte a trav\u00e9s de plataformas digitales, pero con la obligatoriedad de pagar impuestos en el pa\u00eds y contratar seguros similares a los del taxi.<\/p>\n<p>&nbsp;<\/p>\n","protected":false},"excerpt":{"rendered":"<p>(Europa Press) &#8211;\u00a0El colectivo del taxi en Colombia ha anunciado este jueves una huelga para el pr\u00f3ximo 16 de marzo, despu\u00e9s de que las autoridades volvieran a permitir que el gigante Uber retomara su actividad en el pa\u00eds tras suspender sus servicios en diciembre del a\u00f1o pasado por \u00abcompetencia desleal\u00bb. El presidente de la Asociaci\u00f3n [&hellip;]<\/p>\n","protected":false},"author":1,"featured_media":1058433,"comment_status":"closed","ping_status":"closed","sticky":false,"template":"","format":"standard","meta":{"footnotes":""},"categories":[187],"tags":[],"class_list":["post-1058432","post","type-post","status-publish","format-standard","has-post-thumbnail","hentry","category-economia"],"aioseo_notices":[],"aioseo_head":"\n\t\t<!-- All in One SEO Pro 4.9.6.2 - aioseo.com -->\n\t<meta name=\"description\" content=\"(Europa Press) - El colectivo del taxi en Colombia ha anunciado este jueves una huelga para el pr\u00f3ximo 16 de marzo, despu\u00e9s de que las autoridades volvieran a permitir que el gigante Uber retomara su actividad en el pa\u00eds tras suspender sus servicios en diciembre del a\u00f1o pasado por &quot;competencia desleal&quot;. El presidente de la Asociaci\u00f3n\" \/>\n\t<meta name=\"robots\" content=\"max-image-preview:large\" \/>\n\t<meta name=\"author\" content=\"El Digital de Asturias\"\/>\n\t<meta name=\"google-site-verification\" content=\"UA-38556648-1\" \/>\n\t<meta name=\"msvalidate.01\" content=\"7dfe9f3f1b24437ab69f4f2559babe99\" \/>\n\t<meta name=\"keywords\" content=\"econom\u00eda\" \/>\n\t<link rel=\"canonical\" href=\"https:\/\/www.eldigitaldeasturias.com\/noticias\/colombia-se-prepara-para-la-huelga-del-sector-del-taxi\/\" \/>\n\t<meta name=\"generator\" content=\"All in One SEO Pro (AIOSEO) 4.9.6.2\" \/>\n\t\t<meta property=\"og:locale\" content=\"es_ES\" \/>\n\t\t<meta property=\"og:site_name\" content=\"El Digital de Asturias\" \/>\n\t\t<meta property=\"og:type\" content=\"article\" \/>\n\t\t<meta property=\"og:title\" content=\"Colombia se prepara para la huelga del sector del taxi - El Digital de Asturias\" \/>\n\t\t<meta property=\"og:description\" content=\"(Europa Press) - El colectivo del taxi en Colombia ha anunciado este jueves una huelga para el pr\u00f3ximo 16 de marzo, despu\u00e9s de que las autoridades volvieran a permitir que el gigante Uber retomara su actividad en el pa\u00eds tras suspender sus servicios en diciembre del a\u00f1o pasado por &quot;competencia desleal&quot;. El presidente de la Asociaci\u00f3n\" \/>\n\t\t<meta property=\"og:url\" content=\"https:\/\/www.eldigitaldeasturias.com\/noticias\/colombia-se-prepara-para-la-huelga-del-sector-del-taxi\/\" \/>\n\t\t<meta property=\"og:image\" content=\"https:\/\/www.eldigitaldeasturias.com\/noticias\/wp-content\/uploads\/2020\/02\/Taxi-Colombia-ep.jpg\" \/>\n\t\t<meta property=\"og:image:secure_url\" content=\"https:\/\/www.eldigitaldeasturias.com\/noticias\/wp-content\/uploads\/2020\/02\/Taxi-Colombia-ep.jpg\" \/>\n\t\t<meta property=\"og:image:width\" content=\"888\" \/>\n\t\t<meta property=\"og:image:height\" content=\"473\" \/>\n\t\t<meta property=\"article:tag\" content=\"econom\u00eda\" \/>\n\t\t<meta property=\"article:published_time\" content=\"2020-02-21T10:44:14+00:00\" \/>\n\t\t<meta property=\"article:modified_time\" content=\"2020-02-21T10:44:14+00:00\" \/>\n\t\t<meta property=\"article:publisher\" content=\"https:\/\/facebook.com\/eldigitaldeasturias\" \/>\n\t\t<meta name=\"twitter:card\" content=\"summary_large_image\" \/>\n\t\t<meta name=\"twitter:title\" content=\"Colombia se prepara para la huelga del sector del taxi - El Digital de Asturias\" \/>\n\t\t<meta name=\"twitter:description\" content=\"(Europa Press) - El colectivo del taxi en Colombia ha anunciado este jueves una huelga para el pr\u00f3ximo 16 de marzo, despu\u00e9s de que las autoridades volvieran a permitir que el gigante Uber retomara su actividad en el pa\u00eds tras suspender sus servicios en diciembre del a\u00f1o pasado por &quot;competencia desleal&quot;. El presidente de la Asociaci\u00f3n\" \/>\n\t\t<meta name=\"twitter:image\" content=\"https:\/\/www.eldigitaldeasturias.com\/noticias\/wp-content\/uploads\/2020\/02\/Taxi-Colombia-ep.jpg\" \/>\n\t\t<meta name=\"twitter:label1\" content=\"Escrito por\" \/>\n\t\t<meta name=\"twitter:data1\" content=\"El Digital de Asturias\" \/>\n\t\t<meta name=\"twitter:label2\" content=\"Tiempo de lectura estimado\" \/>\n\t\t<meta name=\"twitter:data2\" content=\"2 minutos\" \/>\n\t\t<script type=\"application\/ld+json\" class=\"aioseo-schema\">\n\t\t\t{\"@context\":\"https:\\\/\\\/schema.org\",\"@graph\":[{\"@type\":\"BlogPosting\",\"@id\":\"https:\\\/\\\/www.eldigitaldeasturias.com\\\/noticias\\\/colombia-se-prepara-para-la-huelga-del-sector-del-taxi\\\/#blogposting\",\"name\":\"Colombia se prepara para la huelga del sector del taxi - El Digital de Asturias\",\"headline\":\"Colombia se prepara para la huelga del sector del taxi\",\"author\":{\"@id\":\"https:\\\/\\\/www.eldigitaldeasturias.com\\\/noticias\\\/author\\\/admin\\\/#author\"},\"publisher\":{\"@id\":\"https:\\\/\\\/www.eldigitaldeasturias.com\\\/noticias\\\/#organization\"},\"image\":{\"@type\":\"ImageObject\",\"url\":\"https:\\\/\\\/www.eldigitaldeasturias.com\\\/noticias\\\/wp-content\\\/uploads\\\/2020\\\/02\\\/Taxi-Colombia-ep.jpg\",\"width\":888,\"height\":473,\"caption\":\"Foto: TWITTER \\\/ Europa Press\"},\"datePublished\":\"2020-02-21T10:44:14+01:00\",\"dateModified\":\"2020-02-21T10:44:14+01:00\",\"inLanguage\":\"es-ES\",\"mainEntityOfPage\":{\"@id\":\"https:\\\/\\\/www.eldigitaldeasturias.com\\\/noticias\\\/colombia-se-prepara-para-la-huelga-del-sector-del-taxi\\\/#webpage\"},\"isPartOf\":{\"@id\":\"https:\\\/\\\/www.eldigitaldeasturias.com\\\/noticias\\\/colombia-se-prepara-para-la-huelga-del-sector-del-taxi\\\/#webpage\"},\"articleSection\":\"Econom\\u00eda\"},{\"@type\":\"BreadcrumbList\",\"@id\":\"https:\\\/\\\/www.eldigitaldeasturias.com\\\/noticias\\\/colombia-se-prepara-para-la-huelga-del-sector-del-taxi\\\/#breadcrumblist\",\"itemListElement\":[{\"@type\":\"ListItem\",\"@id\":\"https:\\\/\\\/www.eldigitaldeasturias.com\\\/noticias#listItem\",\"position\":1,\"name\":\"Home\",\"item\":\"https:\\\/\\\/www.eldigitaldeasturias.com\\\/noticias\",\"nextItem\":{\"@type\":\"ListItem\",\"@id\":\"https:\\\/\\\/www.eldigitaldeasturias.com\\\/noticias\\\/category\\\/economia\\\/#listItem\",\"name\":\"Econom\\u00eda\"}},{\"@type\":\"ListItem\",\"@id\":\"https:\\\/\\\/www.eldigitaldeasturias.com\\\/noticias\\\/category\\\/economia\\\/#listItem\",\"position\":2,\"name\":\"Econom\\u00eda\",\"item\":\"https:\\\/\\\/www.eldigitaldeasturias.com\\\/noticias\\\/category\\\/economia\\\/\",\"nextItem\":{\"@type\":\"ListItem\",\"@id\":\"https:\\\/\\\/www.eldigitaldeasturias.com\\\/noticias\\\/colombia-se-prepara-para-la-huelga-del-sector-del-taxi\\\/#listItem\",\"name\":\"Colombia se prepara para la huelga del sector del taxi\"},\"previousItem\":{\"@type\":\"ListItem\",\"@id\":\"https:\\\/\\\/www.eldigitaldeasturias.com\\\/noticias#listItem\",\"name\":\"Home\"}},{\"@type\":\"ListItem\",\"@id\":\"https:\\\/\\\/www.eldigitaldeasturias.com\\\/noticias\\\/colombia-se-prepara-para-la-huelga-del-sector-del-taxi\\\/#listItem\",\"position\":3,\"name\":\"Colombia se prepara para la huelga del sector del taxi\",\"previousItem\":{\"@type\":\"ListItem\",\"@id\":\"https:\\\/\\\/www.eldigitaldeasturias.com\\\/noticias\\\/category\\\/economia\\\/#listItem\",\"name\":\"Econom\\u00eda\"}}]},{\"@type\":\"Organization\",\"@id\":\"https:\\\/\\\/www.eldigitaldeasturias.com\\\/noticias\\\/#organization\",\"name\":\"El Digital de Asturias\",\"description\":\"Hemeroteca\",\"url\":\"https:\\\/\\\/www.eldigitaldeasturias.com\\\/noticias\\\/\",\"email\":\"info@eldigitaldeasturias.com\",\"telephone\":\"+34652131393\",\"logo\":{\"@type\":\"ImageObject\",\"url\":\"https:\\\/\\\/www.eldigitaldeasturias.com\\\/noticias\\\/wp-content\\\/uploads\\\/2020\\\/12\\\/EDA.jpg\",\"@id\":\"https:\\\/\\\/www.eldigitaldeasturias.com\\\/noticias\\\/colombia-se-prepara-para-la-huelga-del-sector-del-taxi\\\/#organizationLogo\",\"width\":649,\"height\":297},\"image\":{\"@id\":\"https:\\\/\\\/www.eldigitaldeasturias.com\\\/noticias\\\/colombia-se-prepara-para-la-huelga-del-sector-del-taxi\\\/#organizationLogo\"},\"sameAs\":[\"https:\\\/\\\/facebook.com\\\/eldigitaldeasturias\",\"https:\\\/\\\/www.youtube.com\\\/channel\\\/UCZP-2wLEB9Rv6erhFmqVnvg\"],\"address\":{\"@id\":\"https:\\\/\\\/www.eldigitaldeasturias.com\\\/noticias\\\/#postaladdress\",\"@type\":\"PostalAddress\",\"streetAddress\":\"san antonio 4,\",\"postalCode\":\"33430\",\"addressLocality\":\"Cand\\u00e1s\",\"addressRegion\":\"Asturias\",\"addressCountry\":\"ES\"}},{\"@type\":\"Person\",\"@id\":\"https:\\\/\\\/www.eldigitaldeasturias.com\\\/noticias\\\/author\\\/admin\\\/#author\",\"url\":\"https:\\\/\\\/www.eldigitaldeasturias.com\\\/noticias\\\/author\\\/admin\\\/\",\"name\":\"El Digital de Asturias\",\"image\":{\"@type\":\"ImageObject\",\"@id\":\"https:\\\/\\\/www.eldigitaldeasturias.com\\\/noticias\\\/colombia-se-prepara-para-la-huelga-del-sector-del-taxi\\\/#authorImage\",\"url\":\"https:\\\/\\\/www.eldigitaldeasturias.com\\\/noticias\\\/wp-content\\\/litespeed\\\/avatar\\\/18677e78aa0546b92d9dbf31ec7d7668.jpg?ver=1777290358\",\"width\":96,\"height\":96,\"caption\":\"El Digital de Asturias\"}},{\"@type\":\"WebPage\",\"@id\":\"https:\\\/\\\/www.eldigitaldeasturias.com\\\/noticias\\\/colombia-se-prepara-para-la-huelga-del-sector-del-taxi\\\/#webpage\",\"url\":\"https:\\\/\\\/www.eldigitaldeasturias.com\\\/noticias\\\/colombia-se-prepara-para-la-huelga-del-sector-del-taxi\\\/\",\"name\":\"Colombia se prepara para la huelga del sector del taxi - El Digital de Asturias\",\"description\":\"(Europa Press) - El colectivo del taxi en Colombia ha anunciado este jueves una huelga para el pr\\u00f3ximo 16 de marzo, despu\\u00e9s de que las autoridades volvieran a permitir que el gigante Uber retomara su actividad en el pa\\u00eds tras suspender sus servicios en diciembre del a\\u00f1o pasado por \\\"competencia desleal\\\". El presidente de la Asociaci\\u00f3n\",\"inLanguage\":\"es-ES\",\"isPartOf\":{\"@id\":\"https:\\\/\\\/www.eldigitaldeasturias.com\\\/noticias\\\/#website\"},\"breadcrumb\":{\"@id\":\"https:\\\/\\\/www.eldigitaldeasturias.com\\\/noticias\\\/colombia-se-prepara-para-la-huelga-del-sector-del-taxi\\\/#breadcrumblist\"},\"author\":{\"@id\":\"https:\\\/\\\/www.eldigitaldeasturias.com\\\/noticias\\\/author\\\/admin\\\/#author\"},\"creator\":{\"@id\":\"https:\\\/\\\/www.eldigitaldeasturias.com\\\/noticias\\\/author\\\/admin\\\/#author\"},\"image\":{\"@type\":\"ImageObject\",\"url\":\"https:\\\/\\\/www.eldigitaldeasturias.com\\\/noticias\\\/wp-content\\\/uploads\\\/2020\\\/02\\\/Taxi-Colombia-ep.jpg\",\"@id\":\"https:\\\/\\\/www.eldigitaldeasturias.com\\\/noticias\\\/colombia-se-prepara-para-la-huelga-del-sector-del-taxi\\\/#mainImage\",\"width\":888,\"height\":473,\"caption\":\"Foto: TWITTER \\\/ Europa Press\"},\"primaryImageOfPage\":{\"@id\":\"https:\\\/\\\/www.eldigitaldeasturias.com\\\/noticias\\\/colombia-se-prepara-para-la-huelga-del-sector-del-taxi\\\/#mainImage\"},\"datePublished\":\"2020-02-21T10:44:14+01:00\",\"dateModified\":\"2020-02-21T10:44:14+01:00\"},{\"@type\":\"WebSite\",\"@id\":\"https:\\\/\\\/www.eldigitaldeasturias.com\\\/noticias\\\/#website\",\"url\":\"https:\\\/\\\/www.eldigitaldeasturias.com\\\/noticias\\\/\",\"name\":\"El Digital de Asturias - Diario de actualidad y noticias\",\"alternateName\":\"El Digital de Asturias - Diario de actualidad y noticias\",\"description\":\"Hemeroteca\",\"inLanguage\":\"es-ES\",\"publisher\":{\"@id\":\"https:\\\/\\\/www.eldigitaldeasturias.com\\\/noticias\\\/#organization\"}}]}\n\t\t<\/script>\n\t\t<!-- All in One SEO Pro -->\r\n\t\t<title>Colombia se prepara para la huelga del sector del taxi - El Digital de Asturias<\/title>\n\n","aioseo_head_json":{"title":"Colombia se prepara para la huelga del sector del taxi - El Digital de Asturias","description":"(Europa Press) - El colectivo del taxi en Colombia ha anunciado este jueves una huelga para el pr\u00f3ximo 16 de marzo, despu\u00e9s de que las autoridades volvieran a permitir que el gigante Uber retomara su actividad en el pa\u00eds tras suspender sus servicios en diciembre del a\u00f1o pasado por \"competencia desleal\". El presidente de la Asociaci\u00f3n","canonical_url":"https:\/\/www.eldigitaldeasturias.com\/noticias\/colombia-se-prepara-para-la-huelga-del-sector-del-taxi\/","robots":"max-image-preview:large","keywords":"econom\u00eda","webmasterTools":{"google-site-verification":"UA-38556648-1","msvalidate.01":"7dfe9f3f1b24437ab69f4f2559babe99","miscellaneous":""},"schema":{"@context":"https:\/\/schema.org","@graph":[{"@type":"BlogPosting","@id":"https:\/\/www.eldigitaldeasturias.com\/noticias\/colombia-se-prepara-para-la-huelga-del-sector-del-taxi\/#blogposting","name":"Colombia se prepara para la huelga del sector del taxi - El Digital de Asturias","headline":"Colombia se prepara para la huelga del sector del taxi","author":{"@id":"https:\/\/www.eldigitaldeasturias.com\/noticias\/author\/admin\/#author"},"publisher":{"@id":"https:\/\/www.eldigitaldeasturias.com\/noticias\/#organization"},"image":{"@type":"ImageObject","url":"https:\/\/www.eldigitaldeasturias.com\/noticias\/wp-content\/uploads\/2020\/02\/Taxi-Colombia-ep.jpg","width":888,"height":473,"caption":"Foto: TWITTER \/ Europa Press"},"datePublished":"2020-02-21T10:44:14+01:00","dateModified":"2020-02-21T10:44:14+01:00","inLanguage":"es-ES","mainEntityOfPage":{"@id":"https:\/\/www.eldigitaldeasturias.com\/noticias\/colombia-se-prepara-para-la-huelga-del-sector-del-taxi\/#webpage"},"isPartOf":{"@id":"https:\/\/www.eldigitaldeasturias.com\/noticias\/colombia-se-prepara-para-la-huelga-del-sector-del-taxi\/#webpage"},"articleSection":"Econom\u00eda"},{"@type":"BreadcrumbList","@id":"https:\/\/www.eldigitaldeasturias.com\/noticias\/colombia-se-prepara-para-la-huelga-del-sector-del-taxi\/#breadcrumblist","itemListElement":[{"@type":"ListItem","@id":"https:\/\/www.eldigitaldeasturias.com\/noticias#listItem","position":1,"name":"Home","item":"https:\/\/www.eldigitaldeasturias.com\/noticias","nextItem":{"@type":"ListItem","@id":"https:\/\/www.eldigitaldeasturias.com\/noticias\/category\/economia\/#listItem","name":"Econom\u00eda"}},{"@type":"ListItem","@id":"https:\/\/www.eldigitaldeasturias.com\/noticias\/category\/economia\/#listItem","position":2,"name":"Econom\u00eda","item":"https:\/\/www.eldigitaldeasturias.com\/noticias\/category\/economia\/","nextItem":{"@type":"ListItem","@id":"https:\/\/www.eldigitaldeasturias.com\/noticias\/colombia-se-prepara-para-la-huelga-del-sector-del-taxi\/#listItem","name":"Colombia se prepara para la huelga del sector del taxi"},"previousItem":{"@type":"ListItem","@id":"https:\/\/www.eldigitaldeasturias.com\/noticias#listItem","name":"Home"}},{"@type":"ListItem","@id":"https:\/\/www.eldigitaldeasturias.com\/noticias\/colombia-se-prepara-para-la-huelga-del-sector-del-taxi\/#listItem","position":3,"name":"Colombia se prepara para la huelga del sector del taxi","previousItem":{"@type":"ListItem","@id":"https:\/\/www.eldigitaldeasturias.com\/noticias\/category\/economia\/#listItem","name":"Econom\u00eda"}}]},{"@type":"Organization","@id":"https:\/\/www.eldigitaldeasturias.com\/noticias\/#organization","name":"El Digital de Asturias","description":"Hemeroteca","url":"https:\/\/www.eldigitaldeasturias.com\/noticias\/","email":"info@eldigitaldeasturias.com","telephone":"+34652131393","logo":{"@type":"ImageObject","url":"https:\/\/www.eldigitaldeasturias.com\/noticias\/wp-content\/uploads\/2020\/12\/EDA.jpg","@id":"https:\/\/www.eldigitaldeasturias.com\/noticias\/colombia-se-prepara-para-la-huelga-del-sector-del-taxi\/#organizationLogo","width":649,"height":297},"image":{"@id":"https:\/\/www.eldigitaldeasturias.com\/noticias\/colombia-se-prepara-para-la-huelga-del-sector-del-taxi\/#organizationLogo"},"sameAs":["https:\/\/facebook.com\/eldigitaldeasturias","https:\/\/www.youtube.com\/channel\/UCZP-2wLEB9Rv6erhFmqVnvg"],"address":{"@id":"https:\/\/www.eldigitaldeasturias.com\/noticias\/#postaladdress","@type":"PostalAddress","streetAddress":"san antonio 4,","postalCode":"33430","addressLocality":"Cand\u00e1s","addressRegion":"Asturias","addressCountry":"ES"}},{"@type":"Person","@id":"https:\/\/www.eldigitaldeasturias.com\/noticias\/author\/admin\/#author","url":"https:\/\/www.eldigitaldeasturias.com\/noticias\/author\/admin\/","name":"El Digital de Asturias","image":{"@type":"ImageObject","@id":"https:\/\/www.eldigitaldeasturias.com\/noticias\/colombia-se-prepara-para-la-huelga-del-sector-del-taxi\/#authorImage","url":"https:\/\/www.eldigitaldeasturias.com\/noticias\/wp-content\/litespeed\/avatar\/18677e78aa0546b92d9dbf31ec7d7668.jpg?ver=1777290358","width":96,"height":96,"caption":"El Digital de Asturias"}},{"@type":"WebPage","@id":"https:\/\/www.eldigitaldeasturias.com\/noticias\/colombia-se-prepara-para-la-huelga-del-sector-del-taxi\/#webpage","url":"https:\/\/www.eldigitaldeasturias.com\/noticias\/colombia-se-prepara-para-la-huelga-del-sector-del-taxi\/","name":"Colombia se prepara para la huelga del sector del taxi - El Digital de Asturias","description":"(Europa Press) - El colectivo del taxi en Colombia ha anunciado este jueves una huelga para el pr\u00f3ximo 16 de marzo, despu\u00e9s de que las autoridades volvieran a permitir que el gigante Uber retomara su actividad en el pa\u00eds tras suspender sus servicios en diciembre del a\u00f1o pasado por \"competencia desleal\". El presidente de la Asociaci\u00f3n","inLanguage":"es-ES","isPartOf":{"@id":"https:\/\/www.eldigitaldeasturias.com\/noticias\/#website"},"breadcrumb":{"@id":"https:\/\/www.eldigitaldeasturias.com\/noticias\/colombia-se-prepara-para-la-huelga-del-sector-del-taxi\/#breadcrumblist"},"author":{"@id":"https:\/\/www.eldigitaldeasturias.com\/noticias\/author\/admin\/#author"},"creator":{"@id":"https:\/\/www.eldigitaldeasturias.com\/noticias\/author\/admin\/#author"},"image":{"@type":"ImageObject","url":"https:\/\/www.eldigitaldeasturias.com\/noticias\/wp-content\/uploads\/2020\/02\/Taxi-Colombia-ep.jpg","@id":"https:\/\/www.eldigitaldeasturias.com\/noticias\/colombia-se-prepara-para-la-huelga-del-sector-del-taxi\/#mainImage","width":888,"height":473,"caption":"Foto: TWITTER \/ Europa Press"},"primaryImageOfPage":{"@id":"https:\/\/www.eldigitaldeasturias.com\/noticias\/colombia-se-prepara-para-la-huelga-del-sector-del-taxi\/#mainImage"},"datePublished":"2020-02-21T10:44:14+01:00","dateModified":"2020-02-21T10:44:14+01:00"},{"@type":"WebSite","@id":"https:\/\/www.eldigitaldeasturias.com\/noticias\/#website","url":"https:\/\/www.eldigitaldeasturias.com\/noticias\/","name":"El Digital de Asturias - Diario de actualidad y noticias","alternateName":"El Digital de Asturias - Diario de actualidad y noticias","description":"Hemeroteca","inLanguage":"es-ES","publisher":{"@id":"https:\/\/www.eldigitaldeasturias.com\/noticias\/#organization"}}]},"og:locale":"es_ES","og:site_name":"El Digital de Asturias","og:type":"article","og:title":"Colombia se prepara para la huelga del sector del taxi - El Digital de Asturias","og:description":"(Europa Press) - El colectivo del taxi en Colombia ha anunciado este jueves una huelga para el pr\u00f3ximo 16 de marzo, despu\u00e9s de que las autoridades volvieran a permitir que el gigante Uber retomara su actividad en el pa\u00eds tras suspender sus servicios en diciembre del a\u00f1o pasado por &quot;competencia desleal&quot;. El presidente de la Asociaci\u00f3n","og:url":"https:\/\/www.eldigitaldeasturias.com\/noticias\/colombia-se-prepara-para-la-huelga-del-sector-del-taxi\/","og:image":"https:\/\/www.eldigitaldeasturias.com\/noticias\/wp-content\/uploads\/2020\/02\/Taxi-Colombia-ep.jpg","og:image:secure_url":"https:\/\/www.eldigitaldeasturias.com\/noticias\/wp-content\/uploads\/2020\/02\/Taxi-Colombia-ep.jpg","og:image:width":888,"og:image:height":473,"article:tag":["econom\u00eda"],"article:published_time":"2020-02-21T10:44:14+00:00","article:modified_time":"2020-02-21T10:44:14+00:00","article:publisher":"https:\/\/facebook.com\/eldigitaldeasturias","twitter:card":"summary_large_image","twitter:title":"Colombia se prepara para la huelga del sector del taxi - El Digital de Asturias","twitter:description":"(Europa Press) - El colectivo del taxi en Colombia ha anunciado este jueves una huelga para el pr\u00f3ximo 16 de marzo, despu\u00e9s de que las autoridades volvieran a permitir que el gigante Uber retomara su actividad en el pa\u00eds tras suspender sus servicios en diciembre del a\u00f1o pasado por &quot;competencia desleal&quot;. El presidente de la Asociaci\u00f3n","twitter:image":"https:\/\/www.eldigitaldeasturias.com\/noticias\/wp-content\/uploads\/2020\/02\/Taxi-Colombia-ep.jpg","twitter:label1":"Escrito por","twitter:data1":"El Digital de Asturias","twitter:label2":"Tiempo de lectura estimado","twitter:data2":"2 minutos"},"aioseo_meta_data":{"post_id":"1058432","title":null,"description":null,"keywords":null,"keyphrases":null,"primary_term":null,"canonical_url":null,"og_title":null,"og_description":null,"og_object_type":"default","og_image_type":"default","og_image_url":null,"og_image_width":null,"og_image_height":null,"og_image_custom_url":null,"og_image_custom_fields":null,"og_video":null,"og_custom_url":null,"og_article_section":null,"og_article_tags":null,"twitter_use_og":false,"twitter_card":"default","twitter_image_type":"default","twitter_image_url":null,"twitter_image_custom_url":null,"twitter_image_custom_fields":null,"twitter_title":null,"twitter_description":null,"schema":{"blockGraphs":[],"customGraphs":[],"default":{"data":{"Article":[],"Course":[],"Dataset":[],"FAQPage":[],"Movie":[],"Person":[],"Product":[],"ProductReview":[],"Car":[],"Recipe":[],"Service":[],"SoftwareApplication":[],"WebPage":[]},"graphName":"","isEnabled":true},"graphs":[],"defaultGraph":"","defaultPostTypeGraph":""},"schema_type":null,"schema_type_options":null,"pillar_content":false,"robots_default":true,"robots_noindex":false,"robots_noarchive":false,"robots_nosnippet":false,"robots_nofollow":false,"robots_noimageindex":false,"robots_noodp":false,"robots_notranslate":false,"robots_max_snippet":null,"robots_max_videopreview":null,"robots_max_imagepreview":"large","priority":null,"frequency":null,"local_seo":null,"seo_analyzer_scan_date":"2025-10-31 05:25:12","breadcrumb_settings":null,"limit_modified_date":false,"open_ai":null,"ai":null,"created":"2020-12-21 10:55:12","updated":"2025-10-31 05:25:12"},"aioseo_breadcrumb":"<div class=\"aioseo-breadcrumbs\"><span class=\"aioseo-breadcrumb\">\n\t<a href=\"https:\/\/www.eldigitaldeasturias.com\/noticias\" title=\"Home\">Home<\/a>\n<\/span><span class=\"aioseo-breadcrumb-separator\">\u2013<\/span><span class=\"aioseo-breadcrumb\">\n\t<a href=\"https:\/\/www.eldigitaldeasturias.com\/noticias\/category\/economia\/\" title=\"Econom\u00eda\">Econom\u00eda<\/a>\n<\/span><span class=\"aioseo-breadcrumb-separator\">\u2013<\/span><span class=\"aioseo-breadcrumb\">\n\t<a href=\"https:\/\/www.eldigitaldeasturias.com\/noticias\/colombia-se-prepara-para-la-huelga-del-sector-del-taxi\/\" title=\"Colombia se prepara para la huelga del sector del taxi\">Colombia se prepara para la huelga del sector del taxi<\/a>\n<\/span><\/div>","aioseo_breadcrumb_json":[{"label":"Home","link":"https:\/\/www.eldigitaldeasturias.com\/noticias"},{"label":"Econom\u00eda","link":"https:\/\/www.eldigitaldeasturias.com\/noticias\/category\/economia\/"},{"label":"Colombia se prepara para la huelga del sector del taxi","link":"https:\/\/www.eldigitaldeasturias.com\/noticias\/colombia-se-prepara-para-la-huelga-del-sector-del-taxi\/"}],"_links":{"self":[{"href":"https:\/\/www.eldigitaldeasturias.com\/noticias\/wp-json\/wp\/v2\/posts\/1058432","targetHints":{"allow":["GET"]}}],"collection":[{"href":"https:\/\/www.eldigitaldeasturias.com\/noticias\/wp-json\/wp\/v2\/posts"}],"about":[{"href":"https:\/\/www.eldigitaldeasturias.com\/noticias\/wp-json\/wp\/v2\/types\/post"}],"author":[{"embeddable":true,"href":"https:\/\/www.eldigitaldeasturias.com\/noticias\/wp-json\/wp\/v2\/users\/1"}],"replies":[{"embeddable":true,"href":"https:\/\/www.eldigitaldeasturias.com\/noticias\/wp-json\/wp\/v2\/comments?post=1058432"}],"version-history":[{"count":0,"href":"https:\/\/www.eldigitaldeasturias.com\/noticias\/wp-json\/wp\/v2\/posts\/1058432\/revisions"}],"wp:featuredmedia":[{"embeddable":true,"href":"https:\/\/www.eldigitaldeasturias.com\/noticias\/wp-json\/wp\/v2\/media\/1058433"}],"wp:attachment":[{"href":"https:\/\/www.eldigitaldeasturias.com\/noticias\/wp-json\/wp\/v2\/media?parent=1058432"}],"wp:term":[{"taxonomy":"category","embeddable":true,"href":"https:\/\/www.eldigitaldeasturias.com\/noticias\/wp-json\/wp\/v2\/categories?post=1058432"},{"taxonomy":"post_tag","embeddable":true,"href":"https:\/\/www.eldigitaldeasturias.com\/noticias\/wp-json\/wp\/v2\/tags?post=1058432"}],"curies":[{"name":"wp","href":"https:\/\/api.w.org\/{rel}","templated":true}]}}