{"id":1058395,"date":"2020-02-21T06:57:32","date_gmt":"2020-02-21T06:57:32","guid":{"rendered":"https:\/\/www.eldigitaldeasturias.com\/noticias\/?p=1058395"},"modified":"2020-02-21T06:57:32","modified_gmt":"2020-02-21T06:57:32","slug":"viaje-en-ferri-de-vancouver-a-las-islas-del-golfo","status":"publish","type":"post","link":"https:\/\/www.eldigitaldeasturias.com\/noticias\/viaje-en-ferri-de-vancouver-a-las-islas-del-golfo\/","title":{"rendered":"Viaje en ferri de Vancouver a las Islas del Golfo"},"content":{"rendered":"<figure id=\"attachment_1058396\" aria-describedby=\"caption-attachment-1058396\" style=\"width: 360px\" class=\"wp-caption alignleft\"><img loading=\"lazy\" decoding=\"async\" class=\"size-medium wp-image-1058396\" src=\"https:\/\/www.eldigitaldeasturias.com\/noticias\/wp-content\/uploads\/2020\/02\/isla-de-Bowen-dpa-360x238.jpg\" alt=\"\" width=\"360\" height=\"238\" srcset=\"https:\/\/www.eldigitaldeasturias.com\/noticias\/wp-content\/uploads\/2020\/02\/isla-de-Bowen-dpa-360x238.jpg 360w, https:\/\/www.eldigitaldeasturias.com\/noticias\/wp-content\/uploads\/2020\/02\/isla-de-Bowen-dpa-690x457.jpg 690w, https:\/\/www.eldigitaldeasturias.com\/noticias\/wp-content\/uploads\/2020\/02\/isla-de-Bowen-dpa-453x300.jpg 453w, https:\/\/www.eldigitaldeasturias.com\/noticias\/wp-content\/uploads\/2020\/02\/isla-de-Bowen-dpa-768x509.jpg 768w, https:\/\/www.eldigitaldeasturias.com\/noticias\/wp-content\/uploads\/2020\/02\/isla-de-Bowen-dpa.jpg 998w\" sizes=\"auto, (max-width: 360px) 100vw, 360px\" \/><figcaption id=\"caption-attachment-1058396\" class=\"wp-caption-text\">Foto: Verena Wolff\/dpa-tmn<\/figcaption><\/figure>\n<p>(dpa) &#8211; Frente a Vancouver se despliegan cientos de islas, entre las que est\u00e1 la m\u00e1s conocida (y la m\u00e1s grande), que lleva el mismo nombre que la ciudad: <strong>la Vancouver Island<\/strong>.<\/p>\n<p>Pero aunque sea la que m\u00e1s se ve, la excursi\u00f3n no vale tanto la pena. El viaje es demasiado largo y la isla tiene much\u00edsima actividad. <strong>En cambio las Islas del Golfo, en el sudoeste de Vancouver, y las Islas Bowen, en el noroeste de la ciudad, son encantadoras<\/strong>.<\/p>\n<p>Vale la pena tomarse el d\u00eda para visitarlas. O tomarse un ferri para ir parando en cada una, como si fuese un crucero.<\/p>\n<p>El camino m\u00e1s sencillo lleva a la isla Bowen. <strong>Hay embarcaciones que zarpan pr\u00e1cticamente cada hora desde la bah\u00eda de Horseshoe y llegan a destino en apenas 20 minutos<\/strong>. Cualquier visitante lo nota de inmediato. Es un para\u00edso natural. Llevar el coche es absolutamente innecesario, aunque en ferri exista esa posibilidad.<\/p>\n<h3>Paz en el sudoeste de la ciudad<\/h3>\n<p>Si uno busca m\u00e1s silencio que en Bowen, la opci\u00f3n ideal es la isla Galiano, que forma parte de las Islas del Golfo del sur. <strong><em>El viaje desde la terminal de Tsawwassen, en el sudoeste de Vancouver<\/em><\/strong>, hacia la bah\u00eda de Sturdies lleva aproximadamente una hora.<\/p>\n<p>Una vez all\u00ed, el visitante ver\u00e1 esmerados senderos de caminatas que recorren la costa o el interior de la isla. Rachelle Hayden trabaja como gu\u00eda y lleva a los visitantes hacia una colina, el Mount Galiano, hasta llegar a la costa sur de la isla.<\/p>\n<p>El punto panor\u00e1mico sobre esa colina se ubica a 314 metros, y si el tiempo acompa\u00f1a se ve hasta Estados Unidos. <strong>\u00abA muchos les gusta venir desde Vancouver para pasar el fin de semana en paz con la naturaleza\u00bb, observa Rachelle<\/strong>.<\/p>\n<h3>Orcas en busca de comida<\/h3>\n<p>El recorrido contin\u00faa hacia el \u00abOrca Point\u00bb. La mejor vista hacia el estrecho \u00abActive Pass\u00bb y hacia el estrecho de Georgia, es decir, hacia el punto en el que corre el mar entre la isla y la costa, est\u00e1 en el parque Bellhouse, cerca de donde amarra el ferri.<\/p>\n<p>Es un sitio sumamente interesante, porque hay orcas que suelen pasar por all\u00ed en busca de alimento. \u00abComen sobre todo salm\u00f3n. Aqu\u00ed hay cualquier cantidad\u00bb, cuenta Rachelle. Pero no todos logran verlas. Se requiere much\u00edsima paciencia y un poco de suerte.<\/p>\n<h3>Artistas y queseros<\/h3>\n<p>El ferri tambi\u00e9n llega a la isla Saltspring, <strong>donde viven decenas de artistas que venden pinturas, esculturas, objetos de vidrio, joyas, productos de alfarer\u00eda y telas<\/strong>. Tambi\u00e9n se los puede observar trabajando en los talleres.<\/p>\n<p>Adem\u00e1s hay vi\u00f1edos, cervecer\u00edas artesanales y fabricantes de productos org\u00e1nicos diseminados por toda la isla. La compa\u00f1\u00eda \u00abSalt Spring Island Cheese\u00bb fabrica queso de cabra y de oveja en medio de inmensas praderas.<\/p>\n<h3>Caminando por el sol<\/h3>\n<p>Los habitantes de las islas en los alrededores de Vancouver viven en armon\u00eda con el universo y quienes visitan las islas entran muy r\u00e1pidamente en ese ritmo. <strong>\u00abAqu\u00ed se vive en la naturaleza y con la naturaleza\u00bb, asegura Rachelle<\/strong>.<\/p>\n<p>En esas latitudes suele llover bastante, pero eso no interrumpe las excursiones. Los habitantes de las islas toman la lluvia como un fen\u00f3meno m\u00e1s. La llaman el \u00abliquid sunshine\u00bb, brillo de sol l\u00edquido.<\/p>\n<h3>Informaci\u00f3n: Vancouver y sus islas<\/h3>\n<p>Ubicaci\u00f3n: Las Islas del Golfo del Sur (Southern Gulf Islands) se encuentran entre Vancouver y Vancouver Island. Pertenecen a Canad\u00e1, a pesar de estar al sur del grado de latitud 49, que en zona continental marca el l\u00edmite con Estados Unidos. La isla Bowen se encuentra en el noroeste de la ciudad.<\/p>\n<p>Transporte: BC Ferries es una de las compa\u00f1\u00edas de ferri m\u00e1s grandes del mundo. Los ferries que circulan entre las islas trasladan fundamentalmente coches, pero tambi\u00e9n sirven a peatones y ciclistas. Se cobra por veh\u00edculo y conductor.<\/p>\n<p>Los dem\u00e1s pasajeros pagan una tarifa de peat\u00f3n. Los ferries circulan todo el a\u00f1o, pero en verano es recomendable sacar billetes con anticipaci\u00f3n para asegurarse un lugar.<\/p>\n<p><i class=\"lang-es\"><span class=\" readonly\" title=\"\">Por Verena Wolff (dpa)<\/span><\/i><\/p>\n<p>&nbsp;<\/p>\n","protected":false},"excerpt":{"rendered":"<p>(dpa) &#8211; Frente a Vancouver se despliegan cientos de islas, entre las que est\u00e1 la m\u00e1s conocida (y la m\u00e1s grande), que lleva el mismo nombre que la ciudad: la Vancouver Island. Pero aunque sea la que m\u00e1s se ve, la excursi\u00f3n no vale tanto la pena. El viaje es demasiado largo y la isla [&hellip;]<\/p>\n","protected":false},"author":1,"featured_media":1058396,"comment_status":"closed","ping_status":"closed","sticky":false,"template":"","format":"standard","meta":{"footnotes":""},"categories":[148],"tags":[],"class_list":["post-1058395","post","type-post","status-publish","format-standard","has-post-thumbnail","hentry","category-turismo"],"aioseo_notices":[],"aioseo_head":"\n\t\t<!-- All in One SEO Pro 4.9.6.2 - aioseo.com -->\n\t<meta name=\"description\" content=\"(dpa) - Frente a Vancouver se despliegan cientos de islas, entre las que est\u00e1 la m\u00e1s conocida (y la m\u00e1s grande), que lleva el mismo nombre que la ciudad: la Vancouver Island. Pero aunque sea la que m\u00e1s se ve, la excursi\u00f3n no vale tanto la pena. El viaje es demasiado largo y la isla\" \/>\n\t<meta name=\"robots\" content=\"max-image-preview:large\" \/>\n\t<meta name=\"author\" content=\"El Digital de Asturias\"\/>\n\t<meta name=\"google-site-verification\" content=\"UA-38556648-1\" \/>\n\t<meta name=\"msvalidate.01\" content=\"7dfe9f3f1b24437ab69f4f2559babe99\" \/>\n\t<meta name=\"keywords\" content=\"turismo\" \/>\n\t<link rel=\"canonical\" href=\"https:\/\/www.eldigitaldeasturias.com\/noticias\/viaje-en-ferri-de-vancouver-a-las-islas-del-golfo\/\" \/>\n\t<meta name=\"generator\" content=\"All in One SEO Pro (AIOSEO) 4.9.6.2\" \/>\n\t\t<meta property=\"og:locale\" content=\"es_ES\" \/>\n\t\t<meta property=\"og:site_name\" content=\"El Digital de Asturias\" \/>\n\t\t<meta property=\"og:type\" content=\"article\" \/>\n\t\t<meta property=\"og:title\" content=\"Viaje en ferri de Vancouver a las Islas del Golfo - El Digital de Asturias\" \/>\n\t\t<meta property=\"og:description\" content=\"(dpa) - Frente a Vancouver se despliegan cientos de islas, entre las que est\u00e1 la m\u00e1s conocida (y la m\u00e1s grande), que lleva el mismo nombre que la ciudad: la Vancouver Island. Pero aunque sea la que m\u00e1s se ve, la excursi\u00f3n no vale tanto la pena. El viaje es demasiado largo y la isla\" \/>\n\t\t<meta property=\"og:url\" content=\"https:\/\/www.eldigitaldeasturias.com\/noticias\/viaje-en-ferri-de-vancouver-a-las-islas-del-golfo\/\" \/>\n\t\t<meta property=\"og:image\" content=\"https:\/\/www.eldigitaldeasturias.com\/noticias\/wp-content\/uploads\/2020\/02\/isla-de-Bowen-dpa.jpg\" \/>\n\t\t<meta property=\"og:image:secure_url\" content=\"https:\/\/www.eldigitaldeasturias.com\/noticias\/wp-content\/uploads\/2020\/02\/isla-de-Bowen-dpa.jpg\" \/>\n\t\t<meta property=\"og:image:width\" content=\"998\" \/>\n\t\t<meta property=\"og:image:height\" content=\"661\" \/>\n\t\t<meta property=\"article:tag\" content=\"turismo\" \/>\n\t\t<meta property=\"article:published_time\" content=\"2020-02-21T06:57:32+00:00\" \/>\n\t\t<meta property=\"article:modified_time\" content=\"2020-02-21T06:57:32+00:00\" \/>\n\t\t<meta property=\"article:publisher\" content=\"https:\/\/facebook.com\/eldigitaldeasturias\" \/>\n\t\t<meta name=\"twitter:card\" content=\"summary_large_image\" \/>\n\t\t<meta name=\"twitter:title\" content=\"Viaje en ferri de Vancouver a las Islas del Golfo - El Digital de Asturias\" \/>\n\t\t<meta name=\"twitter:description\" content=\"(dpa) - Frente a Vancouver se despliegan cientos de islas, entre las que est\u00e1 la m\u00e1s conocida (y la m\u00e1s grande), que lleva el mismo nombre que la ciudad: la Vancouver Island. Pero aunque sea la que m\u00e1s se ve, la excursi\u00f3n no vale tanto la pena. El viaje es demasiado largo y la isla\" \/>\n\t\t<meta name=\"twitter:image\" content=\"https:\/\/www.eldigitaldeasturias.com\/noticias\/wp-content\/uploads\/2020\/02\/isla-de-Bowen-dpa.jpg\" \/>\n\t\t<meta name=\"twitter:label1\" content=\"Escrito por\" \/>\n\t\t<meta name=\"twitter:data1\" content=\"El Digital de Asturias\" \/>\n\t\t<meta name=\"twitter:label2\" content=\"Tiempo de lectura estimado\" \/>\n\t\t<meta name=\"twitter:data2\" content=\"4 minutos\" \/>\n\t\t<script type=\"application\/ld+json\" class=\"aioseo-schema\">\n\t\t\t{\"@context\":\"https:\\\/\\\/schema.org\",\"@graph\":[{\"@type\":\"BlogPosting\",\"@id\":\"https:\\\/\\\/www.eldigitaldeasturias.com\\\/noticias\\\/viaje-en-ferri-de-vancouver-a-las-islas-del-golfo\\\/#blogposting\",\"name\":\"Viaje en ferri de Vancouver a las Islas del Golfo - El Digital de Asturias\",\"headline\":\"Viaje en ferri de Vancouver a las Islas del Golfo\",\"author\":{\"@id\":\"https:\\\/\\\/www.eldigitaldeasturias.com\\\/noticias\\\/author\\\/admin\\\/#author\"},\"publisher\":{\"@id\":\"https:\\\/\\\/www.eldigitaldeasturias.com\\\/noticias\\\/#organization\"},\"image\":{\"@type\":\"ImageObject\",\"url\":\"https:\\\/\\\/www.eldigitaldeasturias.com\\\/noticias\\\/wp-content\\\/uploads\\\/2020\\\/02\\\/isla-de-Bowen-dpa.jpg\",\"width\":998,\"height\":661,\"caption\":\"Foto: Verena Wolff\\\/dpa-tmn\"},\"datePublished\":\"2020-02-21T06:57:32+01:00\",\"dateModified\":\"2020-02-21T06:57:32+01:00\",\"inLanguage\":\"es-ES\",\"mainEntityOfPage\":{\"@id\":\"https:\\\/\\\/www.eldigitaldeasturias.com\\\/noticias\\\/viaje-en-ferri-de-vancouver-a-las-islas-del-golfo\\\/#webpage\"},\"isPartOf\":{\"@id\":\"https:\\\/\\\/www.eldigitaldeasturias.com\\\/noticias\\\/viaje-en-ferri-de-vancouver-a-las-islas-del-golfo\\\/#webpage\"},\"articleSection\":\"Turismo\"},{\"@type\":\"BreadcrumbList\",\"@id\":\"https:\\\/\\\/www.eldigitaldeasturias.com\\\/noticias\\\/viaje-en-ferri-de-vancouver-a-las-islas-del-golfo\\\/#breadcrumblist\",\"itemListElement\":[{\"@type\":\"ListItem\",\"@id\":\"https:\\\/\\\/www.eldigitaldeasturias.com\\\/noticias#listItem\",\"position\":1,\"name\":\"Home\",\"item\":\"https:\\\/\\\/www.eldigitaldeasturias.com\\\/noticias\",\"nextItem\":{\"@type\":\"ListItem\",\"@id\":\"https:\\\/\\\/www.eldigitaldeasturias.com\\\/noticias\\\/category\\\/turismo\\\/#listItem\",\"name\":\"Turismo\"}},{\"@type\":\"ListItem\",\"@id\":\"https:\\\/\\\/www.eldigitaldeasturias.com\\\/noticias\\\/category\\\/turismo\\\/#listItem\",\"position\":2,\"name\":\"Turismo\",\"item\":\"https:\\\/\\\/www.eldigitaldeasturias.com\\\/noticias\\\/category\\\/turismo\\\/\",\"nextItem\":{\"@type\":\"ListItem\",\"@id\":\"https:\\\/\\\/www.eldigitaldeasturias.com\\\/noticias\\\/viaje-en-ferri-de-vancouver-a-las-islas-del-golfo\\\/#listItem\",\"name\":\"Viaje en ferri de Vancouver a las Islas del Golfo\"},\"previousItem\":{\"@type\":\"ListItem\",\"@id\":\"https:\\\/\\\/www.eldigitaldeasturias.com\\\/noticias#listItem\",\"name\":\"Home\"}},{\"@type\":\"ListItem\",\"@id\":\"https:\\\/\\\/www.eldigitaldeasturias.com\\\/noticias\\\/viaje-en-ferri-de-vancouver-a-las-islas-del-golfo\\\/#listItem\",\"position\":3,\"name\":\"Viaje en ferri de Vancouver a las Islas del Golfo\",\"previousItem\":{\"@type\":\"ListItem\",\"@id\":\"https:\\\/\\\/www.eldigitaldeasturias.com\\\/noticias\\\/category\\\/turismo\\\/#listItem\",\"name\":\"Turismo\"}}]},{\"@type\":\"Organization\",\"@id\":\"https:\\\/\\\/www.eldigitaldeasturias.com\\\/noticias\\\/#organization\",\"name\":\"El Digital de Asturias\",\"description\":\"Hemeroteca\",\"url\":\"https:\\\/\\\/www.eldigitaldeasturias.com\\\/noticias\\\/\",\"email\":\"info@eldigitaldeasturias.com\",\"telephone\":\"+34652131393\",\"logo\":{\"@type\":\"ImageObject\",\"url\":\"https:\\\/\\\/www.eldigitaldeasturias.com\\\/noticias\\\/wp-content\\\/uploads\\\/2020\\\/12\\\/EDA.jpg\",\"@id\":\"https:\\\/\\\/www.eldigitaldeasturias.com\\\/noticias\\\/viaje-en-ferri-de-vancouver-a-las-islas-del-golfo\\\/#organizationLogo\",\"width\":649,\"height\":297},\"image\":{\"@id\":\"https:\\\/\\\/www.eldigitaldeasturias.com\\\/noticias\\\/viaje-en-ferri-de-vancouver-a-las-islas-del-golfo\\\/#organizationLogo\"},\"sameAs\":[\"https:\\\/\\\/facebook.com\\\/eldigitaldeasturias\",\"https:\\\/\\\/www.youtube.com\\\/channel\\\/UCZP-2wLEB9Rv6erhFmqVnvg\"],\"address\":{\"@id\":\"https:\\\/\\\/www.eldigitaldeasturias.com\\\/noticias\\\/#postaladdress\",\"@type\":\"PostalAddress\",\"streetAddress\":\"san antonio 4,\",\"postalCode\":\"33430\",\"addressLocality\":\"Cand\\u00e1s\",\"addressRegion\":\"Asturias\",\"addressCountry\":\"ES\"}},{\"@type\":\"Person\",\"@id\":\"https:\\\/\\\/www.eldigitaldeasturias.com\\\/noticias\\\/author\\\/admin\\\/#author\",\"url\":\"https:\\\/\\\/www.eldigitaldeasturias.com\\\/noticias\\\/author\\\/admin\\\/\",\"name\":\"El Digital de Asturias\",\"image\":{\"@type\":\"ImageObject\",\"@id\":\"https:\\\/\\\/www.eldigitaldeasturias.com\\\/noticias\\\/viaje-en-ferri-de-vancouver-a-las-islas-del-golfo\\\/#authorImage\",\"url\":\"https:\\\/\\\/www.eldigitaldeasturias.com\\\/noticias\\\/wp-content\\\/litespeed\\\/avatar\\\/18677e78aa0546b92d9dbf31ec7d7668.jpg?ver=1777290358\",\"width\":96,\"height\":96,\"caption\":\"El Digital de Asturias\"}},{\"@type\":\"WebPage\",\"@id\":\"https:\\\/\\\/www.eldigitaldeasturias.com\\\/noticias\\\/viaje-en-ferri-de-vancouver-a-las-islas-del-golfo\\\/#webpage\",\"url\":\"https:\\\/\\\/www.eldigitaldeasturias.com\\\/noticias\\\/viaje-en-ferri-de-vancouver-a-las-islas-del-golfo\\\/\",\"name\":\"Viaje en ferri de Vancouver a las Islas del Golfo - El Digital de Asturias\",\"description\":\"(dpa) - Frente a Vancouver se despliegan cientos de islas, entre las que est\\u00e1 la m\\u00e1s conocida (y la m\\u00e1s grande), que lleva el mismo nombre que la ciudad: la Vancouver Island. Pero aunque sea la que m\\u00e1s se ve, la excursi\\u00f3n no vale tanto la pena. El viaje es demasiado largo y la isla\",\"inLanguage\":\"es-ES\",\"isPartOf\":{\"@id\":\"https:\\\/\\\/www.eldigitaldeasturias.com\\\/noticias\\\/#website\"},\"breadcrumb\":{\"@id\":\"https:\\\/\\\/www.eldigitaldeasturias.com\\\/noticias\\\/viaje-en-ferri-de-vancouver-a-las-islas-del-golfo\\\/#breadcrumblist\"},\"author\":{\"@id\":\"https:\\\/\\\/www.eldigitaldeasturias.com\\\/noticias\\\/author\\\/admin\\\/#author\"},\"creator\":{\"@id\":\"https:\\\/\\\/www.eldigitaldeasturias.com\\\/noticias\\\/author\\\/admin\\\/#author\"},\"image\":{\"@type\":\"ImageObject\",\"url\":\"https:\\\/\\\/www.eldigitaldeasturias.com\\\/noticias\\\/wp-content\\\/uploads\\\/2020\\\/02\\\/isla-de-Bowen-dpa.jpg\",\"@id\":\"https:\\\/\\\/www.eldigitaldeasturias.com\\\/noticias\\\/viaje-en-ferri-de-vancouver-a-las-islas-del-golfo\\\/#mainImage\",\"width\":998,\"height\":661,\"caption\":\"Foto: Verena Wolff\\\/dpa-tmn\"},\"primaryImageOfPage\":{\"@id\":\"https:\\\/\\\/www.eldigitaldeasturias.com\\\/noticias\\\/viaje-en-ferri-de-vancouver-a-las-islas-del-golfo\\\/#mainImage\"},\"datePublished\":\"2020-02-21T06:57:32+01:00\",\"dateModified\":\"2020-02-21T06:57:32+01:00\"},{\"@type\":\"WebSite\",\"@id\":\"https:\\\/\\\/www.eldigitaldeasturias.com\\\/noticias\\\/#website\",\"url\":\"https:\\\/\\\/www.eldigitaldeasturias.com\\\/noticias\\\/\",\"name\":\"El Digital de Asturias - Diario de actualidad y noticias\",\"alternateName\":\"El Digital de Asturias - Diario de actualidad y noticias\",\"description\":\"Hemeroteca\",\"inLanguage\":\"es-ES\",\"publisher\":{\"@id\":\"https:\\\/\\\/www.eldigitaldeasturias.com\\\/noticias\\\/#organization\"}}]}\n\t\t<\/script>\n\t\t<!-- All in One SEO Pro -->\r\n\t\t<title>Viaje en ferri de Vancouver a las Islas del Golfo - El Digital de Asturias<\/title>\n\n","aioseo_head_json":{"title":"Viaje en ferri de Vancouver a las Islas del Golfo - El Digital de Asturias","description":"(dpa) - Frente a Vancouver se despliegan cientos de islas, entre las que est\u00e1 la m\u00e1s conocida (y la m\u00e1s grande), que lleva el mismo nombre que la ciudad: la Vancouver Island. Pero aunque sea la que m\u00e1s se ve, la excursi\u00f3n no vale tanto la pena. El viaje es demasiado largo y la isla","canonical_url":"https:\/\/www.eldigitaldeasturias.com\/noticias\/viaje-en-ferri-de-vancouver-a-las-islas-del-golfo\/","robots":"max-image-preview:large","keywords":"turismo","webmasterTools":{"google-site-verification":"UA-38556648-1","msvalidate.01":"7dfe9f3f1b24437ab69f4f2559babe99","miscellaneous":""},"schema":{"@context":"https:\/\/schema.org","@graph":[{"@type":"BlogPosting","@id":"https:\/\/www.eldigitaldeasturias.com\/noticias\/viaje-en-ferri-de-vancouver-a-las-islas-del-golfo\/#blogposting","name":"Viaje en ferri de Vancouver a las Islas del Golfo - El Digital de Asturias","headline":"Viaje en ferri de Vancouver a las Islas del Golfo","author":{"@id":"https:\/\/www.eldigitaldeasturias.com\/noticias\/author\/admin\/#author"},"publisher":{"@id":"https:\/\/www.eldigitaldeasturias.com\/noticias\/#organization"},"image":{"@type":"ImageObject","url":"https:\/\/www.eldigitaldeasturias.com\/noticias\/wp-content\/uploads\/2020\/02\/isla-de-Bowen-dpa.jpg","width":998,"height":661,"caption":"Foto: Verena Wolff\/dpa-tmn"},"datePublished":"2020-02-21T06:57:32+01:00","dateModified":"2020-02-21T06:57:32+01:00","inLanguage":"es-ES","mainEntityOfPage":{"@id":"https:\/\/www.eldigitaldeasturias.com\/noticias\/viaje-en-ferri-de-vancouver-a-las-islas-del-golfo\/#webpage"},"isPartOf":{"@id":"https:\/\/www.eldigitaldeasturias.com\/noticias\/viaje-en-ferri-de-vancouver-a-las-islas-del-golfo\/#webpage"},"articleSection":"Turismo"},{"@type":"BreadcrumbList","@id":"https:\/\/www.eldigitaldeasturias.com\/noticias\/viaje-en-ferri-de-vancouver-a-las-islas-del-golfo\/#breadcrumblist","itemListElement":[{"@type":"ListItem","@id":"https:\/\/www.eldigitaldeasturias.com\/noticias#listItem","position":1,"name":"Home","item":"https:\/\/www.eldigitaldeasturias.com\/noticias","nextItem":{"@type":"ListItem","@id":"https:\/\/www.eldigitaldeasturias.com\/noticias\/category\/turismo\/#listItem","name":"Turismo"}},{"@type":"ListItem","@id":"https:\/\/www.eldigitaldeasturias.com\/noticias\/category\/turismo\/#listItem","position":2,"name":"Turismo","item":"https:\/\/www.eldigitaldeasturias.com\/noticias\/category\/turismo\/","nextItem":{"@type":"ListItem","@id":"https:\/\/www.eldigitaldeasturias.com\/noticias\/viaje-en-ferri-de-vancouver-a-las-islas-del-golfo\/#listItem","name":"Viaje en ferri de Vancouver a las Islas del Golfo"},"previousItem":{"@type":"ListItem","@id":"https:\/\/www.eldigitaldeasturias.com\/noticias#listItem","name":"Home"}},{"@type":"ListItem","@id":"https:\/\/www.eldigitaldeasturias.com\/noticias\/viaje-en-ferri-de-vancouver-a-las-islas-del-golfo\/#listItem","position":3,"name":"Viaje en ferri de Vancouver a las Islas del Golfo","previousItem":{"@type":"ListItem","@id":"https:\/\/www.eldigitaldeasturias.com\/noticias\/category\/turismo\/#listItem","name":"Turismo"}}]},{"@type":"Organization","@id":"https:\/\/www.eldigitaldeasturias.com\/noticias\/#organization","name":"El Digital de Asturias","description":"Hemeroteca","url":"https:\/\/www.eldigitaldeasturias.com\/noticias\/","email":"info@eldigitaldeasturias.com","telephone":"+34652131393","logo":{"@type":"ImageObject","url":"https:\/\/www.eldigitaldeasturias.com\/noticias\/wp-content\/uploads\/2020\/12\/EDA.jpg","@id":"https:\/\/www.eldigitaldeasturias.com\/noticias\/viaje-en-ferri-de-vancouver-a-las-islas-del-golfo\/#organizationLogo","width":649,"height":297},"image":{"@id":"https:\/\/www.eldigitaldeasturias.com\/noticias\/viaje-en-ferri-de-vancouver-a-las-islas-del-golfo\/#organizationLogo"},"sameAs":["https:\/\/facebook.com\/eldigitaldeasturias","https:\/\/www.youtube.com\/channel\/UCZP-2wLEB9Rv6erhFmqVnvg"],"address":{"@id":"https:\/\/www.eldigitaldeasturias.com\/noticias\/#postaladdress","@type":"PostalAddress","streetAddress":"san antonio 4,","postalCode":"33430","addressLocality":"Cand\u00e1s","addressRegion":"Asturias","addressCountry":"ES"}},{"@type":"Person","@id":"https:\/\/www.eldigitaldeasturias.com\/noticias\/author\/admin\/#author","url":"https:\/\/www.eldigitaldeasturias.com\/noticias\/author\/admin\/","name":"El Digital de Asturias","image":{"@type":"ImageObject","@id":"https:\/\/www.eldigitaldeasturias.com\/noticias\/viaje-en-ferri-de-vancouver-a-las-islas-del-golfo\/#authorImage","url":"https:\/\/www.eldigitaldeasturias.com\/noticias\/wp-content\/litespeed\/avatar\/18677e78aa0546b92d9dbf31ec7d7668.jpg?ver=1777290358","width":96,"height":96,"caption":"El Digital de Asturias"}},{"@type":"WebPage","@id":"https:\/\/www.eldigitaldeasturias.com\/noticias\/viaje-en-ferri-de-vancouver-a-las-islas-del-golfo\/#webpage","url":"https:\/\/www.eldigitaldeasturias.com\/noticias\/viaje-en-ferri-de-vancouver-a-las-islas-del-golfo\/","name":"Viaje en ferri de Vancouver a las Islas del Golfo - El Digital de Asturias","description":"(dpa) - Frente a Vancouver se despliegan cientos de islas, entre las que est\u00e1 la m\u00e1s conocida (y la m\u00e1s grande), que lleva el mismo nombre que la ciudad: la Vancouver Island. Pero aunque sea la que m\u00e1s se ve, la excursi\u00f3n no vale tanto la pena. El viaje es demasiado largo y la isla","inLanguage":"es-ES","isPartOf":{"@id":"https:\/\/www.eldigitaldeasturias.com\/noticias\/#website"},"breadcrumb":{"@id":"https:\/\/www.eldigitaldeasturias.com\/noticias\/viaje-en-ferri-de-vancouver-a-las-islas-del-golfo\/#breadcrumblist"},"author":{"@id":"https:\/\/www.eldigitaldeasturias.com\/noticias\/author\/admin\/#author"},"creator":{"@id":"https:\/\/www.eldigitaldeasturias.com\/noticias\/author\/admin\/#author"},"image":{"@type":"ImageObject","url":"https:\/\/www.eldigitaldeasturias.com\/noticias\/wp-content\/uploads\/2020\/02\/isla-de-Bowen-dpa.jpg","@id":"https:\/\/www.eldigitaldeasturias.com\/noticias\/viaje-en-ferri-de-vancouver-a-las-islas-del-golfo\/#mainImage","width":998,"height":661,"caption":"Foto: Verena Wolff\/dpa-tmn"},"primaryImageOfPage":{"@id":"https:\/\/www.eldigitaldeasturias.com\/noticias\/viaje-en-ferri-de-vancouver-a-las-islas-del-golfo\/#mainImage"},"datePublished":"2020-02-21T06:57:32+01:00","dateModified":"2020-02-21T06:57:32+01:00"},{"@type":"WebSite","@id":"https:\/\/www.eldigitaldeasturias.com\/noticias\/#website","url":"https:\/\/www.eldigitaldeasturias.com\/noticias\/","name":"El Digital de Asturias - Diario de actualidad y noticias","alternateName":"El Digital de Asturias - Diario de actualidad y noticias","description":"Hemeroteca","inLanguage":"es-ES","publisher":{"@id":"https:\/\/www.eldigitaldeasturias.com\/noticias\/#organization"}}]},"og:locale":"es_ES","og:site_name":"El Digital de Asturias","og:type":"article","og:title":"Viaje en ferri de Vancouver a las Islas del Golfo - El Digital de Asturias","og:description":"(dpa) - Frente a Vancouver se despliegan cientos de islas, entre las que est\u00e1 la m\u00e1s conocida (y la m\u00e1s grande), que lleva el mismo nombre que la ciudad: la Vancouver Island. Pero aunque sea la que m\u00e1s se ve, la excursi\u00f3n no vale tanto la pena. El viaje es demasiado largo y la isla","og:url":"https:\/\/www.eldigitaldeasturias.com\/noticias\/viaje-en-ferri-de-vancouver-a-las-islas-del-golfo\/","og:image":"https:\/\/www.eldigitaldeasturias.com\/noticias\/wp-content\/uploads\/2020\/02\/isla-de-Bowen-dpa.jpg","og:image:secure_url":"https:\/\/www.eldigitaldeasturias.com\/noticias\/wp-content\/uploads\/2020\/02\/isla-de-Bowen-dpa.jpg","og:image:width":998,"og:image:height":661,"article:tag":["turismo"],"article:published_time":"2020-02-21T06:57:32+00:00","article:modified_time":"2020-02-21T06:57:32+00:00","article:publisher":"https:\/\/facebook.com\/eldigitaldeasturias","twitter:card":"summary_large_image","twitter:title":"Viaje en ferri de Vancouver a las Islas del Golfo - El Digital de Asturias","twitter:description":"(dpa) - Frente a Vancouver se despliegan cientos de islas, entre las que est\u00e1 la m\u00e1s conocida (y la m\u00e1s grande), que lleva el mismo nombre que la ciudad: la Vancouver Island. Pero aunque sea la que m\u00e1s se ve, la excursi\u00f3n no vale tanto la pena. El viaje es demasiado largo y la isla","twitter:image":"https:\/\/www.eldigitaldeasturias.com\/noticias\/wp-content\/uploads\/2020\/02\/isla-de-Bowen-dpa.jpg","twitter:label1":"Escrito por","twitter:data1":"El Digital de Asturias","twitter:label2":"Tiempo de lectura estimado","twitter:data2":"4 minutos"},"aioseo_meta_data":{"post_id":"1058395","title":null,"description":null,"keywords":null,"keyphrases":null,"primary_term":null,"canonical_url":null,"og_title":null,"og_description":null,"og_object_type":"default","og_image_type":"default","og_image_url":null,"og_image_width":null,"og_image_height":null,"og_image_custom_url":null,"og_image_custom_fields":null,"og_video":null,"og_custom_url":null,"og_article_section":null,"og_article_tags":null,"twitter_use_og":false,"twitter_card":"default","twitter_image_type":"default","twitter_image_url":null,"twitter_image_custom_url":null,"twitter_image_custom_fields":null,"twitter_title":null,"twitter_description":null,"schema":{"blockGraphs":[],"customGraphs":[],"default":{"data":{"Article":[],"Course":[],"Dataset":[],"FAQPage":[],"Movie":[],"Person":[],"Product":[],"ProductReview":[],"Car":[],"Recipe":[],"Service":[],"SoftwareApplication":[],"WebPage":[]},"graphName":"","isEnabled":true},"graphs":[],"defaultGraph":"","defaultPostTypeGraph":""},"schema_type":null,"schema_type_options":null,"pillar_content":false,"robots_default":true,"robots_noindex":false,"robots_noarchive":false,"robots_nosnippet":false,"robots_nofollow":false,"robots_noimageindex":false,"robots_noodp":false,"robots_notranslate":false,"robots_max_snippet":null,"robots_max_videopreview":null,"robots_max_imagepreview":"large","priority":null,"frequency":null,"local_seo":null,"seo_analyzer_scan_date":"2025-10-31 05:19:22","breadcrumb_settings":null,"limit_modified_date":false,"open_ai":null,"ai":null,"created":"2020-12-21 10:55:12","updated":"2025-10-31 05:19:22"},"aioseo_breadcrumb":"<div class=\"aioseo-breadcrumbs\"><span class=\"aioseo-breadcrumb\">\n\t<a href=\"https:\/\/www.eldigitaldeasturias.com\/noticias\" title=\"Home\">Home<\/a>\n<\/span><span class=\"aioseo-breadcrumb-separator\">\u2013<\/span><span class=\"aioseo-breadcrumb\">\n\t<a href=\"https:\/\/www.eldigitaldeasturias.com\/noticias\/category\/turismo\/\" title=\"Turismo\">Turismo<\/a>\n<\/span><span class=\"aioseo-breadcrumb-separator\">\u2013<\/span><span class=\"aioseo-breadcrumb\">\n\t<a href=\"https:\/\/www.eldigitaldeasturias.com\/noticias\/viaje-en-ferri-de-vancouver-a-las-islas-del-golfo\/\" title=\"Viaje en ferri de Vancouver a las Islas del Golfo\">Viaje en ferri de Vancouver a las Islas del Golfo<\/a>\n<\/span><\/div>","aioseo_breadcrumb_json":[{"label":"Home","link":"https:\/\/www.eldigitaldeasturias.com\/noticias"},{"label":"Turismo","link":"https:\/\/www.eldigitaldeasturias.com\/noticias\/category\/turismo\/"},{"label":"Viaje en ferri de Vancouver a las Islas del Golfo","link":"https:\/\/www.eldigitaldeasturias.com\/noticias\/viaje-en-ferri-de-vancouver-a-las-islas-del-golfo\/"}],"_links":{"self":[{"href":"https:\/\/www.eldigitaldeasturias.com\/noticias\/wp-json\/wp\/v2\/posts\/1058395","targetHints":{"allow":["GET"]}}],"collection":[{"href":"https:\/\/www.eldigitaldeasturias.com\/noticias\/wp-json\/wp\/v2\/posts"}],"about":[{"href":"https:\/\/www.eldigitaldeasturias.com\/noticias\/wp-json\/wp\/v2\/types\/post"}],"author":[{"embeddable":true,"href":"https:\/\/www.eldigitaldeasturias.com\/noticias\/wp-json\/wp\/v2\/users\/1"}],"replies":[{"embeddable":true,"href":"https:\/\/www.eldigitaldeasturias.com\/noticias\/wp-json\/wp\/v2\/comments?post=1058395"}],"version-history":[{"count":0,"href":"https:\/\/www.eldigitaldeasturias.com\/noticias\/wp-json\/wp\/v2\/posts\/1058395\/revisions"}],"wp:featuredmedia":[{"embeddable":true,"href":"https:\/\/www.eldigitaldeasturias.com\/noticias\/wp-json\/wp\/v2\/media\/1058396"}],"wp:attachment":[{"href":"https:\/\/www.eldigitaldeasturias.com\/noticias\/wp-json\/wp\/v2\/media?parent=1058395"}],"wp:term":[{"taxonomy":"category","embeddable":true,"href":"https:\/\/www.eldigitaldeasturias.com\/noticias\/wp-json\/wp\/v2\/categories?post=1058395"},{"taxonomy":"post_tag","embeddable":true,"href":"https:\/\/www.eldigitaldeasturias.com\/noticias\/wp-json\/wp\/v2\/tags?post=1058395"}],"curies":[{"name":"wp","href":"https:\/\/api.w.org\/{rel}","templated":true}]}}