{"id":1058335,"date":"2020-02-20T18:36:28","date_gmt":"2020-02-20T18:36:28","guid":{"rendered":"https:\/\/www.eldigitaldeasturias.com\/noticias\/?p=1058335"},"modified":"2020-02-20T18:36:28","modified_gmt":"2020-02-20T18:36:28","slug":"nuevo-record-historico-de-exportaciones-espanolas-durante-el-2019","status":"publish","type":"post","link":"https:\/\/www.eldigitaldeasturias.com\/noticias\/nuevo-record-historico-de-exportaciones-espanolas-durante-el-2019\/","title":{"rendered":"Nuevo r\u00e9cord hist\u00f3rico de exportaciones espa\u00f1olas durante el 2019"},"content":{"rendered":"<p><strong><img loading=\"lazy\" decoding=\"async\" class=\"alignleft size-medium wp-image-1058336\" src=\"https:\/\/www.eldigitaldeasturias.com\/noticias\/wp-content\/uploads\/2020\/02\/200220-comercioext1-360x239.jpg\" alt=\"\" width=\"360\" height=\"239\" srcset=\"https:\/\/www.eldigitaldeasturias.com\/noticias\/wp-content\/uploads\/2020\/02\/200220-comercioext1-360x239.jpg 360w, https:\/\/www.eldigitaldeasturias.com\/noticias\/wp-content\/uploads\/2020\/02\/200220-comercioext1-452x300.jpg 452w, https:\/\/www.eldigitaldeasturias.com\/noticias\/wp-content\/uploads\/2020\/02\/200220-comercioext1.jpg 512w\" sizes=\"auto, (max-width: 360px) 100vw, 360px\" \/>Las exportaciones espa\u00f1olas de mercanc\u00edas aumentaron en 2019 un 1,8% en respecto al a\u00f1o anterior<\/strong>, alcanzando los 290.089 millones de euros, seg\u00fan los datos de comercio declarado de Aduanas presentados por la secretaria de Estado de Comercio, Xiana M\u00e9ndez.<\/p>\n<p>\u00abEn un entorno complejo y de tensiones comerciales, estos datos vienen a confirmar la resiliencia y potencia de nuestro sector exportador\u00bb, ha se\u00f1alado M\u00e9ndez; \u00abla econom\u00eda espa\u00f1ola ha afrontado la dif\u00edcil coyuntura internacional desde una posici\u00f3n s\u00f3lida, con un crecimiento que contin\u00faa siendo superior al de nuestros principales socios europeos y que permite seguir creando empleo\u00bb.<\/p>\n<p>Las importaciones aumentaron un 1% hasta los 322.069 millones de euros. Como resultado, el d\u00e9ficit comercial del acumulado anual se redujo un 5,5%, quedando en 31.980 millones de euros. La tasa de cobertura (cociente entre exportaciones e importaciones) se situ\u00f3 en el 90,1% (89,4% en 2018).<\/p>\n<p>Las principales contribuciones positivas a la tasa de variaci\u00f3n anual de las exportaciones provinieron del sector de alimentaci\u00f3n, bebidas y tabaco (1 punto), bienes de equipo (0,7 puntos), productos qu\u00edmicos (0,5 puntos) y manufacturas de consumo (0,3 puntos). Las principales contribuciones negativas provinieron de los sectores de productos energ\u00e9ticos (-0,5 puntos), materias primas (-0,2 puntos), sector autom\u00f3vil (-0,1 puntos) y semimanufacturas no qu\u00edmicas (-0,1 puntos).<\/p>\n<p>Las exportaciones a la UE (65,7% del total) aumentaron un 2%. Las dirigidas a la zona euro (51,5% del total) aumentaron un 1,7%. Las dirigidas al resto de la UE (14,3% del total) aumentaron un 3,2%.<\/p>\n<p>Las exportaciones a terceros destinos (34,3% del total) aumentaron un 1,3%, con incrementos a Am\u00e9rica del Norte (9,2%), Asia excluido Oriente Medio (7,4%) y \u00c1frica (0,5%). Se redujeron las destinadas a Oriente Medio (-8,5%), Ocean\u00eda (-2,7%) y Am\u00e9rica Latina (-1,1%).<\/p>\n<p>Las Comunidades Aut\u00f3nomas con mayores crecimientos en sus exportaciones fueron Arag\u00f3n (13,1%), <strong>Principado de Asturias<\/strong> (12%) y Comunidad Foral de Navarra (11,6%). Los mayores descensos se dieron en Illes Balears (-8,6%), Castilla y Le\u00f3n (-4,6%) y Canarias (-4,1%).<\/p>\n<p>&nbsp;<\/p>\n","protected":false},"excerpt":{"rendered":"<p>Las exportaciones espa\u00f1olas de mercanc\u00edas aumentaron en 2019 un 1,8% en respecto al a\u00f1o anterior, alcanzando los 290.089 millones de euros, seg\u00fan los datos de comercio declarado de Aduanas presentados por la secretaria de Estado de Comercio, Xiana M\u00e9ndez. \u00abEn un entorno complejo y de tensiones comerciales, estos datos vienen a confirmar la resiliencia y [&hellip;]<\/p>\n","protected":false},"author":1,"featured_media":1058336,"comment_status":"closed","ping_status":"closed","sticky":false,"template":"","format":"standard","meta":{"footnotes":""},"categories":[187],"tags":[],"class_list":["post-1058335","post","type-post","status-publish","format-standard","has-post-thumbnail","hentry","category-economia"],"aioseo_notices":[],"aioseo_head":"\n\t\t<!-- All in One SEO Pro 4.9.6.2 - aioseo.com -->\n\t<meta name=\"description\" content=\"Las exportaciones espa\u00f1olas de mercanc\u00edas aumentaron en 2019 un 1,8% en respecto al a\u00f1o anterior, alcanzando los 290.089 millones de euros, seg\u00fan los datos de comercio declarado de Aduanas presentados por la secretaria de Estado de Comercio, Xiana M\u00e9ndez. &quot;En un entorno complejo y de tensiones comerciales, estos datos vienen a confirmar la resiliencia y\" \/>\n\t<meta name=\"robots\" content=\"max-image-preview:large\" \/>\n\t<meta name=\"author\" content=\"El Digital de Asturias\"\/>\n\t<meta name=\"google-site-verification\" content=\"UA-38556648-1\" \/>\n\t<meta name=\"msvalidate.01\" content=\"7dfe9f3f1b24437ab69f4f2559babe99\" \/>\n\t<meta name=\"keywords\" content=\"econom\u00eda\" \/>\n\t<link rel=\"canonical\" href=\"https:\/\/www.eldigitaldeasturias.com\/noticias\/nuevo-record-historico-de-exportaciones-espanolas-durante-el-2019\/\" \/>\n\t<meta name=\"generator\" content=\"All in One SEO Pro (AIOSEO) 4.9.6.2\" \/>\n\t\t<meta property=\"og:locale\" content=\"es_ES\" \/>\n\t\t<meta property=\"og:site_name\" content=\"El Digital de Asturias\" \/>\n\t\t<meta property=\"og:type\" content=\"article\" \/>\n\t\t<meta property=\"og:title\" content=\"Nuevo r\u00e9cord hist\u00f3rico de exportaciones espa\u00f1olas durante el 2019 - El Digital de Asturias\" \/>\n\t\t<meta property=\"og:description\" content=\"Las exportaciones espa\u00f1olas de mercanc\u00edas aumentaron en 2019 un 1,8% en respecto al a\u00f1o anterior, alcanzando los 290.089 millones de euros, seg\u00fan los datos de comercio declarado de Aduanas presentados por la secretaria de Estado de Comercio, Xiana M\u00e9ndez. &quot;En un entorno complejo y de tensiones comerciales, estos datos vienen a confirmar la resiliencia y\" \/>\n\t\t<meta property=\"og:url\" content=\"https:\/\/www.eldigitaldeasturias.com\/noticias\/nuevo-record-historico-de-exportaciones-espanolas-durante-el-2019\/\" \/>\n\t\t<meta property=\"og:image\" content=\"https:\/\/www.eldigitaldeasturias.com\/noticias\/wp-content\/uploads\/2020\/02\/200220-comercioext1.jpg\" \/>\n\t\t<meta property=\"og:image:secure_url\" content=\"https:\/\/www.eldigitaldeasturias.com\/noticias\/wp-content\/uploads\/2020\/02\/200220-comercioext1.jpg\" \/>\n\t\t<meta property=\"og:image:width\" content=\"512\" \/>\n\t\t<meta property=\"og:image:height\" content=\"340\" \/>\n\t\t<meta property=\"article:tag\" content=\"econom\u00eda\" \/>\n\t\t<meta property=\"article:published_time\" content=\"2020-02-20T18:36:28+00:00\" \/>\n\t\t<meta property=\"article:modified_time\" content=\"2020-02-20T18:36:28+00:00\" \/>\n\t\t<meta property=\"article:publisher\" content=\"https:\/\/facebook.com\/eldigitaldeasturias\" \/>\n\t\t<meta name=\"twitter:card\" content=\"summary_large_image\" \/>\n\t\t<meta name=\"twitter:title\" content=\"Nuevo r\u00e9cord hist\u00f3rico de exportaciones espa\u00f1olas durante el 2019 - El Digital de Asturias\" \/>\n\t\t<meta name=\"twitter:description\" content=\"Las exportaciones espa\u00f1olas de mercanc\u00edas aumentaron en 2019 un 1,8% en respecto al a\u00f1o anterior, alcanzando los 290.089 millones de euros, seg\u00fan los datos de comercio declarado de Aduanas presentados por la secretaria de Estado de Comercio, Xiana M\u00e9ndez. &quot;En un entorno complejo y de tensiones comerciales, estos datos vienen a confirmar la resiliencia y\" \/>\n\t\t<meta name=\"twitter:image\" content=\"https:\/\/www.eldigitaldeasturias.com\/noticias\/wp-content\/uploads\/2020\/02\/200220-comercioext1.jpg\" \/>\n\t\t<meta name=\"twitter:label1\" content=\"Escrito por\" \/>\n\t\t<meta name=\"twitter:data1\" content=\"El Digital de Asturias\" \/>\n\t\t<meta name=\"twitter:label2\" content=\"Tiempo de lectura estimado\" \/>\n\t\t<meta name=\"twitter:data2\" content=\"2 minutos\" \/>\n\t\t<script type=\"application\/ld+json\" class=\"aioseo-schema\">\n\t\t\t{\"@context\":\"https:\\\/\\\/schema.org\",\"@graph\":[{\"@type\":\"BlogPosting\",\"@id\":\"https:\\\/\\\/www.eldigitaldeasturias.com\\\/noticias\\\/nuevo-record-historico-de-exportaciones-espanolas-durante-el-2019\\\/#blogposting\",\"name\":\"Nuevo r\\u00e9cord hist\\u00f3rico de exportaciones espa\\u00f1olas durante el 2019 - El Digital de Asturias\",\"headline\":\"Nuevo r\\u00e9cord hist\\u00f3rico de exportaciones espa\\u00f1olas durante el 2019\",\"author\":{\"@id\":\"https:\\\/\\\/www.eldigitaldeasturias.com\\\/noticias\\\/author\\\/admin\\\/#author\"},\"publisher\":{\"@id\":\"https:\\\/\\\/www.eldigitaldeasturias.com\\\/noticias\\\/#organization\"},\"image\":{\"@type\":\"ImageObject\",\"url\":\"https:\\\/\\\/www.eldigitaldeasturias.com\\\/noticias\\\/wp-content\\\/uploads\\\/2020\\\/02\\\/200220-comercioext1.jpg\",\"width\":512,\"height\":340},\"datePublished\":\"2020-02-20T18:36:28+01:00\",\"dateModified\":\"2020-02-20T18:36:28+01:00\",\"inLanguage\":\"es-ES\",\"mainEntityOfPage\":{\"@id\":\"https:\\\/\\\/www.eldigitaldeasturias.com\\\/noticias\\\/nuevo-record-historico-de-exportaciones-espanolas-durante-el-2019\\\/#webpage\"},\"isPartOf\":{\"@id\":\"https:\\\/\\\/www.eldigitaldeasturias.com\\\/noticias\\\/nuevo-record-historico-de-exportaciones-espanolas-durante-el-2019\\\/#webpage\"},\"articleSection\":\"Econom\\u00eda\"},{\"@type\":\"BreadcrumbList\",\"@id\":\"https:\\\/\\\/www.eldigitaldeasturias.com\\\/noticias\\\/nuevo-record-historico-de-exportaciones-espanolas-durante-el-2019\\\/#breadcrumblist\",\"itemListElement\":[{\"@type\":\"ListItem\",\"@id\":\"https:\\\/\\\/www.eldigitaldeasturias.com\\\/noticias#listItem\",\"position\":1,\"name\":\"Home\",\"item\":\"https:\\\/\\\/www.eldigitaldeasturias.com\\\/noticias\",\"nextItem\":{\"@type\":\"ListItem\",\"@id\":\"https:\\\/\\\/www.eldigitaldeasturias.com\\\/noticias\\\/category\\\/economia\\\/#listItem\",\"name\":\"Econom\\u00eda\"}},{\"@type\":\"ListItem\",\"@id\":\"https:\\\/\\\/www.eldigitaldeasturias.com\\\/noticias\\\/category\\\/economia\\\/#listItem\",\"position\":2,\"name\":\"Econom\\u00eda\",\"item\":\"https:\\\/\\\/www.eldigitaldeasturias.com\\\/noticias\\\/category\\\/economia\\\/\",\"nextItem\":{\"@type\":\"ListItem\",\"@id\":\"https:\\\/\\\/www.eldigitaldeasturias.com\\\/noticias\\\/nuevo-record-historico-de-exportaciones-espanolas-durante-el-2019\\\/#listItem\",\"name\":\"Nuevo r\\u00e9cord hist\\u00f3rico de exportaciones espa\\u00f1olas durante el 2019\"},\"previousItem\":{\"@type\":\"ListItem\",\"@id\":\"https:\\\/\\\/www.eldigitaldeasturias.com\\\/noticias#listItem\",\"name\":\"Home\"}},{\"@type\":\"ListItem\",\"@id\":\"https:\\\/\\\/www.eldigitaldeasturias.com\\\/noticias\\\/nuevo-record-historico-de-exportaciones-espanolas-durante-el-2019\\\/#listItem\",\"position\":3,\"name\":\"Nuevo r\\u00e9cord hist\\u00f3rico de exportaciones espa\\u00f1olas durante el 2019\",\"previousItem\":{\"@type\":\"ListItem\",\"@id\":\"https:\\\/\\\/www.eldigitaldeasturias.com\\\/noticias\\\/category\\\/economia\\\/#listItem\",\"name\":\"Econom\\u00eda\"}}]},{\"@type\":\"Organization\",\"@id\":\"https:\\\/\\\/www.eldigitaldeasturias.com\\\/noticias\\\/#organization\",\"name\":\"El Digital de Asturias\",\"description\":\"Hemeroteca\",\"url\":\"https:\\\/\\\/www.eldigitaldeasturias.com\\\/noticias\\\/\",\"email\":\"info@eldigitaldeasturias.com\",\"telephone\":\"+34652131393\",\"logo\":{\"@type\":\"ImageObject\",\"url\":\"https:\\\/\\\/www.eldigitaldeasturias.com\\\/noticias\\\/wp-content\\\/uploads\\\/2020\\\/12\\\/EDA.jpg\",\"@id\":\"https:\\\/\\\/www.eldigitaldeasturias.com\\\/noticias\\\/nuevo-record-historico-de-exportaciones-espanolas-durante-el-2019\\\/#organizationLogo\",\"width\":649,\"height\":297},\"image\":{\"@id\":\"https:\\\/\\\/www.eldigitaldeasturias.com\\\/noticias\\\/nuevo-record-historico-de-exportaciones-espanolas-durante-el-2019\\\/#organizationLogo\"},\"sameAs\":[\"https:\\\/\\\/facebook.com\\\/eldigitaldeasturias\",\"https:\\\/\\\/www.youtube.com\\\/channel\\\/UCZP-2wLEB9Rv6erhFmqVnvg\"],\"address\":{\"@id\":\"https:\\\/\\\/www.eldigitaldeasturias.com\\\/noticias\\\/#postaladdress\",\"@type\":\"PostalAddress\",\"streetAddress\":\"san antonio 4,\",\"postalCode\":\"33430\",\"addressLocality\":\"Cand\\u00e1s\",\"addressRegion\":\"Asturias\",\"addressCountry\":\"ES\"}},{\"@type\":\"Person\",\"@id\":\"https:\\\/\\\/www.eldigitaldeasturias.com\\\/noticias\\\/author\\\/admin\\\/#author\",\"url\":\"https:\\\/\\\/www.eldigitaldeasturias.com\\\/noticias\\\/author\\\/admin\\\/\",\"name\":\"El Digital de Asturias\",\"image\":{\"@type\":\"ImageObject\",\"@id\":\"https:\\\/\\\/www.eldigitaldeasturias.com\\\/noticias\\\/nuevo-record-historico-de-exportaciones-espanolas-durante-el-2019\\\/#authorImage\",\"url\":\"https:\\\/\\\/www.eldigitaldeasturias.com\\\/noticias\\\/wp-content\\\/litespeed\\\/avatar\\\/18677e78aa0546b92d9dbf31ec7d7668.jpg?ver=1777290358\",\"width\":96,\"height\":96,\"caption\":\"El Digital de Asturias\"}},{\"@type\":\"WebPage\",\"@id\":\"https:\\\/\\\/www.eldigitaldeasturias.com\\\/noticias\\\/nuevo-record-historico-de-exportaciones-espanolas-durante-el-2019\\\/#webpage\",\"url\":\"https:\\\/\\\/www.eldigitaldeasturias.com\\\/noticias\\\/nuevo-record-historico-de-exportaciones-espanolas-durante-el-2019\\\/\",\"name\":\"Nuevo r\\u00e9cord hist\\u00f3rico de exportaciones espa\\u00f1olas durante el 2019 - El Digital de Asturias\",\"description\":\"Las exportaciones espa\\u00f1olas de mercanc\\u00edas aumentaron en 2019 un 1,8% en respecto al a\\u00f1o anterior, alcanzando los 290.089 millones de euros, seg\\u00fan los datos de comercio declarado de Aduanas presentados por la secretaria de Estado de Comercio, Xiana M\\u00e9ndez. \\\"En un entorno complejo y de tensiones comerciales, estos datos vienen a confirmar la resiliencia y\",\"inLanguage\":\"es-ES\",\"isPartOf\":{\"@id\":\"https:\\\/\\\/www.eldigitaldeasturias.com\\\/noticias\\\/#website\"},\"breadcrumb\":{\"@id\":\"https:\\\/\\\/www.eldigitaldeasturias.com\\\/noticias\\\/nuevo-record-historico-de-exportaciones-espanolas-durante-el-2019\\\/#breadcrumblist\"},\"author\":{\"@id\":\"https:\\\/\\\/www.eldigitaldeasturias.com\\\/noticias\\\/author\\\/admin\\\/#author\"},\"creator\":{\"@id\":\"https:\\\/\\\/www.eldigitaldeasturias.com\\\/noticias\\\/author\\\/admin\\\/#author\"},\"image\":{\"@type\":\"ImageObject\",\"url\":\"https:\\\/\\\/www.eldigitaldeasturias.com\\\/noticias\\\/wp-content\\\/uploads\\\/2020\\\/02\\\/200220-comercioext1.jpg\",\"@id\":\"https:\\\/\\\/www.eldigitaldeasturias.com\\\/noticias\\\/nuevo-record-historico-de-exportaciones-espanolas-durante-el-2019\\\/#mainImage\",\"width\":512,\"height\":340},\"primaryImageOfPage\":{\"@id\":\"https:\\\/\\\/www.eldigitaldeasturias.com\\\/noticias\\\/nuevo-record-historico-de-exportaciones-espanolas-durante-el-2019\\\/#mainImage\"},\"datePublished\":\"2020-02-20T18:36:28+01:00\",\"dateModified\":\"2020-02-20T18:36:28+01:00\"},{\"@type\":\"WebSite\",\"@id\":\"https:\\\/\\\/www.eldigitaldeasturias.com\\\/noticias\\\/#website\",\"url\":\"https:\\\/\\\/www.eldigitaldeasturias.com\\\/noticias\\\/\",\"name\":\"El Digital de Asturias - Diario de actualidad y noticias\",\"alternateName\":\"El Digital de Asturias - Diario de actualidad y noticias\",\"description\":\"Hemeroteca\",\"inLanguage\":\"es-ES\",\"publisher\":{\"@id\":\"https:\\\/\\\/www.eldigitaldeasturias.com\\\/noticias\\\/#organization\"}}]}\n\t\t<\/script>\n\t\t<!-- All in One SEO Pro -->\r\n\t\t<title>Nuevo r\u00e9cord hist\u00f3rico de exportaciones espa\u00f1olas durante el 2019 - El Digital de Asturias<\/title>\n\n","aioseo_head_json":{"title":"Nuevo r\u00e9cord hist\u00f3rico de exportaciones espa\u00f1olas durante el 2019 - El Digital de Asturias","description":"Las exportaciones espa\u00f1olas de mercanc\u00edas aumentaron en 2019 un 1,8% en respecto al a\u00f1o anterior, alcanzando los 290.089 millones de euros, seg\u00fan los datos de comercio declarado de Aduanas presentados por la secretaria de Estado de Comercio, Xiana M\u00e9ndez. \"En un entorno complejo y de tensiones comerciales, estos datos vienen a confirmar la resiliencia y","canonical_url":"https:\/\/www.eldigitaldeasturias.com\/noticias\/nuevo-record-historico-de-exportaciones-espanolas-durante-el-2019\/","robots":"max-image-preview:large","keywords":"econom\u00eda","webmasterTools":{"google-site-verification":"UA-38556648-1","msvalidate.01":"7dfe9f3f1b24437ab69f4f2559babe99","miscellaneous":""},"schema":{"@context":"https:\/\/schema.org","@graph":[{"@type":"BlogPosting","@id":"https:\/\/www.eldigitaldeasturias.com\/noticias\/nuevo-record-historico-de-exportaciones-espanolas-durante-el-2019\/#blogposting","name":"Nuevo r\u00e9cord hist\u00f3rico de exportaciones espa\u00f1olas durante el 2019 - El Digital de Asturias","headline":"Nuevo r\u00e9cord hist\u00f3rico de exportaciones espa\u00f1olas durante el 2019","author":{"@id":"https:\/\/www.eldigitaldeasturias.com\/noticias\/author\/admin\/#author"},"publisher":{"@id":"https:\/\/www.eldigitaldeasturias.com\/noticias\/#organization"},"image":{"@type":"ImageObject","url":"https:\/\/www.eldigitaldeasturias.com\/noticias\/wp-content\/uploads\/2020\/02\/200220-comercioext1.jpg","width":512,"height":340},"datePublished":"2020-02-20T18:36:28+01:00","dateModified":"2020-02-20T18:36:28+01:00","inLanguage":"es-ES","mainEntityOfPage":{"@id":"https:\/\/www.eldigitaldeasturias.com\/noticias\/nuevo-record-historico-de-exportaciones-espanolas-durante-el-2019\/#webpage"},"isPartOf":{"@id":"https:\/\/www.eldigitaldeasturias.com\/noticias\/nuevo-record-historico-de-exportaciones-espanolas-durante-el-2019\/#webpage"},"articleSection":"Econom\u00eda"},{"@type":"BreadcrumbList","@id":"https:\/\/www.eldigitaldeasturias.com\/noticias\/nuevo-record-historico-de-exportaciones-espanolas-durante-el-2019\/#breadcrumblist","itemListElement":[{"@type":"ListItem","@id":"https:\/\/www.eldigitaldeasturias.com\/noticias#listItem","position":1,"name":"Home","item":"https:\/\/www.eldigitaldeasturias.com\/noticias","nextItem":{"@type":"ListItem","@id":"https:\/\/www.eldigitaldeasturias.com\/noticias\/category\/economia\/#listItem","name":"Econom\u00eda"}},{"@type":"ListItem","@id":"https:\/\/www.eldigitaldeasturias.com\/noticias\/category\/economia\/#listItem","position":2,"name":"Econom\u00eda","item":"https:\/\/www.eldigitaldeasturias.com\/noticias\/category\/economia\/","nextItem":{"@type":"ListItem","@id":"https:\/\/www.eldigitaldeasturias.com\/noticias\/nuevo-record-historico-de-exportaciones-espanolas-durante-el-2019\/#listItem","name":"Nuevo r\u00e9cord hist\u00f3rico de exportaciones espa\u00f1olas durante el 2019"},"previousItem":{"@type":"ListItem","@id":"https:\/\/www.eldigitaldeasturias.com\/noticias#listItem","name":"Home"}},{"@type":"ListItem","@id":"https:\/\/www.eldigitaldeasturias.com\/noticias\/nuevo-record-historico-de-exportaciones-espanolas-durante-el-2019\/#listItem","position":3,"name":"Nuevo r\u00e9cord hist\u00f3rico de exportaciones espa\u00f1olas durante el 2019","previousItem":{"@type":"ListItem","@id":"https:\/\/www.eldigitaldeasturias.com\/noticias\/category\/economia\/#listItem","name":"Econom\u00eda"}}]},{"@type":"Organization","@id":"https:\/\/www.eldigitaldeasturias.com\/noticias\/#organization","name":"El Digital de Asturias","description":"Hemeroteca","url":"https:\/\/www.eldigitaldeasturias.com\/noticias\/","email":"info@eldigitaldeasturias.com","telephone":"+34652131393","logo":{"@type":"ImageObject","url":"https:\/\/www.eldigitaldeasturias.com\/noticias\/wp-content\/uploads\/2020\/12\/EDA.jpg","@id":"https:\/\/www.eldigitaldeasturias.com\/noticias\/nuevo-record-historico-de-exportaciones-espanolas-durante-el-2019\/#organizationLogo","width":649,"height":297},"image":{"@id":"https:\/\/www.eldigitaldeasturias.com\/noticias\/nuevo-record-historico-de-exportaciones-espanolas-durante-el-2019\/#organizationLogo"},"sameAs":["https:\/\/facebook.com\/eldigitaldeasturias","https:\/\/www.youtube.com\/channel\/UCZP-2wLEB9Rv6erhFmqVnvg"],"address":{"@id":"https:\/\/www.eldigitaldeasturias.com\/noticias\/#postaladdress","@type":"PostalAddress","streetAddress":"san antonio 4,","postalCode":"33430","addressLocality":"Cand\u00e1s","addressRegion":"Asturias","addressCountry":"ES"}},{"@type":"Person","@id":"https:\/\/www.eldigitaldeasturias.com\/noticias\/author\/admin\/#author","url":"https:\/\/www.eldigitaldeasturias.com\/noticias\/author\/admin\/","name":"El Digital de Asturias","image":{"@type":"ImageObject","@id":"https:\/\/www.eldigitaldeasturias.com\/noticias\/nuevo-record-historico-de-exportaciones-espanolas-durante-el-2019\/#authorImage","url":"https:\/\/www.eldigitaldeasturias.com\/noticias\/wp-content\/litespeed\/avatar\/18677e78aa0546b92d9dbf31ec7d7668.jpg?ver=1777290358","width":96,"height":96,"caption":"El Digital de Asturias"}},{"@type":"WebPage","@id":"https:\/\/www.eldigitaldeasturias.com\/noticias\/nuevo-record-historico-de-exportaciones-espanolas-durante-el-2019\/#webpage","url":"https:\/\/www.eldigitaldeasturias.com\/noticias\/nuevo-record-historico-de-exportaciones-espanolas-durante-el-2019\/","name":"Nuevo r\u00e9cord hist\u00f3rico de exportaciones espa\u00f1olas durante el 2019 - El Digital de Asturias","description":"Las exportaciones espa\u00f1olas de mercanc\u00edas aumentaron en 2019 un 1,8% en respecto al a\u00f1o anterior, alcanzando los 290.089 millones de euros, seg\u00fan los datos de comercio declarado de Aduanas presentados por la secretaria de Estado de Comercio, Xiana M\u00e9ndez. \"En un entorno complejo y de tensiones comerciales, estos datos vienen a confirmar la resiliencia y","inLanguage":"es-ES","isPartOf":{"@id":"https:\/\/www.eldigitaldeasturias.com\/noticias\/#website"},"breadcrumb":{"@id":"https:\/\/www.eldigitaldeasturias.com\/noticias\/nuevo-record-historico-de-exportaciones-espanolas-durante-el-2019\/#breadcrumblist"},"author":{"@id":"https:\/\/www.eldigitaldeasturias.com\/noticias\/author\/admin\/#author"},"creator":{"@id":"https:\/\/www.eldigitaldeasturias.com\/noticias\/author\/admin\/#author"},"image":{"@type":"ImageObject","url":"https:\/\/www.eldigitaldeasturias.com\/noticias\/wp-content\/uploads\/2020\/02\/200220-comercioext1.jpg","@id":"https:\/\/www.eldigitaldeasturias.com\/noticias\/nuevo-record-historico-de-exportaciones-espanolas-durante-el-2019\/#mainImage","width":512,"height":340},"primaryImageOfPage":{"@id":"https:\/\/www.eldigitaldeasturias.com\/noticias\/nuevo-record-historico-de-exportaciones-espanolas-durante-el-2019\/#mainImage"},"datePublished":"2020-02-20T18:36:28+01:00","dateModified":"2020-02-20T18:36:28+01:00"},{"@type":"WebSite","@id":"https:\/\/www.eldigitaldeasturias.com\/noticias\/#website","url":"https:\/\/www.eldigitaldeasturias.com\/noticias\/","name":"El Digital de Asturias - Diario de actualidad y noticias","alternateName":"El Digital de Asturias - Diario de actualidad y noticias","description":"Hemeroteca","inLanguage":"es-ES","publisher":{"@id":"https:\/\/www.eldigitaldeasturias.com\/noticias\/#organization"}}]},"og:locale":"es_ES","og:site_name":"El Digital de Asturias","og:type":"article","og:title":"Nuevo r\u00e9cord hist\u00f3rico de exportaciones espa\u00f1olas durante el 2019 - El Digital de Asturias","og:description":"Las exportaciones espa\u00f1olas de mercanc\u00edas aumentaron en 2019 un 1,8% en respecto al a\u00f1o anterior, alcanzando los 290.089 millones de euros, seg\u00fan los datos de comercio declarado de Aduanas presentados por la secretaria de Estado de Comercio, Xiana M\u00e9ndez. &quot;En un entorno complejo y de tensiones comerciales, estos datos vienen a confirmar la resiliencia y","og:url":"https:\/\/www.eldigitaldeasturias.com\/noticias\/nuevo-record-historico-de-exportaciones-espanolas-durante-el-2019\/","og:image":"https:\/\/www.eldigitaldeasturias.com\/noticias\/wp-content\/uploads\/2020\/02\/200220-comercioext1.jpg","og:image:secure_url":"https:\/\/www.eldigitaldeasturias.com\/noticias\/wp-content\/uploads\/2020\/02\/200220-comercioext1.jpg","og:image:width":512,"og:image:height":340,"article:tag":["econom\u00eda"],"article:published_time":"2020-02-20T18:36:28+00:00","article:modified_time":"2020-02-20T18:36:28+00:00","article:publisher":"https:\/\/facebook.com\/eldigitaldeasturias","twitter:card":"summary_large_image","twitter:title":"Nuevo r\u00e9cord hist\u00f3rico de exportaciones espa\u00f1olas durante el 2019 - El Digital de Asturias","twitter:description":"Las exportaciones espa\u00f1olas de mercanc\u00edas aumentaron en 2019 un 1,8% en respecto al a\u00f1o anterior, alcanzando los 290.089 millones de euros, seg\u00fan los datos de comercio declarado de Aduanas presentados por la secretaria de Estado de Comercio, Xiana M\u00e9ndez. &quot;En un entorno complejo y de tensiones comerciales, estos datos vienen a confirmar la resiliencia y","twitter:image":"https:\/\/www.eldigitaldeasturias.com\/noticias\/wp-content\/uploads\/2020\/02\/200220-comercioext1.jpg","twitter:label1":"Escrito por","twitter:data1":"El Digital de Asturias","twitter:label2":"Tiempo de lectura estimado","twitter:data2":"2 minutos"},"aioseo_meta_data":{"post_id":"1058335","title":null,"description":null,"keywords":null,"keyphrases":null,"primary_term":null,"canonical_url":null,"og_title":null,"og_description":null,"og_object_type":"default","og_image_type":"default","og_image_url":null,"og_image_width":null,"og_image_height":null,"og_image_custom_url":null,"og_image_custom_fields":null,"og_video":null,"og_custom_url":null,"og_article_section":null,"og_article_tags":null,"twitter_use_og":false,"twitter_card":"default","twitter_image_type":"default","twitter_image_url":null,"twitter_image_custom_url":null,"twitter_image_custom_fields":null,"twitter_title":null,"twitter_description":null,"schema":{"blockGraphs":[],"customGraphs":[],"default":{"data":{"Article":[],"Course":[],"Dataset":[],"FAQPage":[],"Movie":[],"Person":[],"Product":[],"ProductReview":[],"Car":[],"Recipe":[],"Service":[],"SoftwareApplication":[],"WebPage":[]},"graphName":"","isEnabled":true},"graphs":[],"defaultGraph":"","defaultPostTypeGraph":""},"schema_type":null,"schema_type_options":null,"pillar_content":false,"robots_default":true,"robots_noindex":false,"robots_noarchive":false,"robots_nosnippet":false,"robots_nofollow":false,"robots_noimageindex":false,"robots_noodp":false,"robots_notranslate":false,"robots_max_snippet":null,"robots_max_videopreview":null,"robots_max_imagepreview":"large","priority":null,"frequency":null,"local_seo":null,"seo_analyzer_scan_date":"2025-10-31 05:07:21","breadcrumb_settings":null,"limit_modified_date":false,"open_ai":null,"ai":null,"created":"2020-12-21 10:55:13","updated":"2025-10-31 05:07:21"},"aioseo_breadcrumb":"<div class=\"aioseo-breadcrumbs\"><span class=\"aioseo-breadcrumb\">\n\t<a href=\"https:\/\/www.eldigitaldeasturias.com\/noticias\" title=\"Home\">Home<\/a>\n<\/span><span class=\"aioseo-breadcrumb-separator\">\u2013<\/span><span class=\"aioseo-breadcrumb\">\n\t<a href=\"https:\/\/www.eldigitaldeasturias.com\/noticias\/category\/economia\/\" title=\"Econom\u00eda\">Econom\u00eda<\/a>\n<\/span><span class=\"aioseo-breadcrumb-separator\">\u2013<\/span><span class=\"aioseo-breadcrumb\">\n\t<a href=\"https:\/\/www.eldigitaldeasturias.com\/noticias\/nuevo-record-historico-de-exportaciones-espanolas-durante-el-2019\/\" title=\"Nuevo r\u00e9cord hist\u00f3rico de exportaciones espa\u00f1olas durante el 2019\">Nuevo r\u00e9cord hist\u00f3rico de exportaciones espa\u00f1olas durante el 2019<\/a>\n<\/span><\/div>","aioseo_breadcrumb_json":[{"label":"Home","link":"https:\/\/www.eldigitaldeasturias.com\/noticias"},{"label":"Econom\u00eda","link":"https:\/\/www.eldigitaldeasturias.com\/noticias\/category\/economia\/"},{"label":"Nuevo r\u00e9cord hist\u00f3rico de exportaciones espa\u00f1olas durante el 2019","link":"https:\/\/www.eldigitaldeasturias.com\/noticias\/nuevo-record-historico-de-exportaciones-espanolas-durante-el-2019\/"}],"_links":{"self":[{"href":"https:\/\/www.eldigitaldeasturias.com\/noticias\/wp-json\/wp\/v2\/posts\/1058335","targetHints":{"allow":["GET"]}}],"collection":[{"href":"https:\/\/www.eldigitaldeasturias.com\/noticias\/wp-json\/wp\/v2\/posts"}],"about":[{"href":"https:\/\/www.eldigitaldeasturias.com\/noticias\/wp-json\/wp\/v2\/types\/post"}],"author":[{"embeddable":true,"href":"https:\/\/www.eldigitaldeasturias.com\/noticias\/wp-json\/wp\/v2\/users\/1"}],"replies":[{"embeddable":true,"href":"https:\/\/www.eldigitaldeasturias.com\/noticias\/wp-json\/wp\/v2\/comments?post=1058335"}],"version-history":[{"count":0,"href":"https:\/\/www.eldigitaldeasturias.com\/noticias\/wp-json\/wp\/v2\/posts\/1058335\/revisions"}],"wp:featuredmedia":[{"embeddable":true,"href":"https:\/\/www.eldigitaldeasturias.com\/noticias\/wp-json\/wp\/v2\/media\/1058336"}],"wp:attachment":[{"href":"https:\/\/www.eldigitaldeasturias.com\/noticias\/wp-json\/wp\/v2\/media?parent=1058335"}],"wp:term":[{"taxonomy":"category","embeddable":true,"href":"https:\/\/www.eldigitaldeasturias.com\/noticias\/wp-json\/wp\/v2\/categories?post=1058335"},{"taxonomy":"post_tag","embeddable":true,"href":"https:\/\/www.eldigitaldeasturias.com\/noticias\/wp-json\/wp\/v2\/tags?post=1058335"}],"curies":[{"name":"wp","href":"https:\/\/api.w.org\/{rel}","templated":true}]}}